{"id":32408,"date":"2021-09-09T14:39:02","date_gmt":"2021-09-09T12:39:02","guid":{"rendered":"https:\/\/exaudi.wpengine.com\/?p=32408"},"modified":"2021-09-09T14:39:02","modified_gmt":"2021-09-09T12:39:02","slug":"un-pellegrinaggio-nel-segno-delleucarestia","status":"publish","type":"post","link":"https:\/\/exaudi.org\/it\/un-pellegrinaggio-nel-segno-delleucarestia\/","title":{"rendered":"Un pellegrinaggio nel segno dell\u2019Eucarestia"},"content":{"rendered":"<p>Presentato nella Sala stampa vaticana dal direttore Matteo Bruni il 34\u00b0 viaggio internazionale di Papa Francesco che domenica si recher\u00e0 a Budapest per la conclusione del 52\u00b0 <a href=\"https:\/\/www.iec2020.hu\/it\">Congresso eucaristico internazionale<\/a> e successivamente in Slovacchia, toccando cos\u00ec 54 Paesi del mondo. Tre le tematiche fondamentali indicate da Bruni: \u201cSar\u00e0 un viaggio di carattere spirituale, un pellegrinaggio caratterizzato dall\u2019adorazione eucaristica e dalla devozione alla Madonna, che ha vegliato sul dolore di questi popoli\u201d, segnati dalla persecuzione religiosa del regime comunista. Il 15 settembre, infatti, il Papa si recher\u00e0 al santuario della Madonna dei Dolori.<\/p>\n<h4>I precedenti<\/h4>\n<p>San Giovanni Paolo II si rec\u00f2 due volte in Ungheria e tre in Slovacchia, la prima quando era ancora federata con la Repubblica Ceca. \u201cAll\u2019epoca si voleva dare un segnale chiaro nella ricostruzione in chiave cristiana della societ\u00e0 dopo la dittatura \u2013 ha detto Bruni \u2013 Fare memoria della sofferenza ma proiettati verso il futuro. Il contesto ora \u00e8 chiaramente diverso ma i popoli e le terre sono quelli\u201d<\/p>\n<h4>L\u2019incontro con Orban<\/h4>\n<p>Bruni ha pi\u00f9 volte sottolineato \u201cil desiderio del Papa di presente al Congresso eucaristico\u201d, circostanza non frequentissima per i Pontefici. E in questo quadro ha invitato a non dare troppo peso a \u201celementi che possono travisare la natura\u201d prettamente spirituale del viaggio. Non sono state poche, infatti, le polemiche dopo che era stato messo in dubbio l\u2019incontro con il primo ministro ungherese <a href=\"https:\/\/exaudi.wpengine.com\/it\/il-papa-incontrera-orban-al-congresso-eucaristico\/\">Orban<\/a>, da sempre contrario all\u2019accoglienza dei migranti, che invece fonti ungheresi hanno gi\u00e0 confermato. Altro motivo di polemica \u00e8 il poco tempo che il S. Padre trascorrer\u00e0 in Ungheria ma anche Bruni ha ribadito che il motivo del viaggio a Budapest \u00e8 esclusivamente il Congresso eucaristico.<\/p>\n<h4>Ecumenismo<\/h4>\n<p>In Slovacchia, oltre agli incontri in programma, non \u00e8 escluso che il Papa veda il cardinale Tomko, ormai ultracentenario. Altri temi del viaggio saranno l\u2019evangelizzazione, al centro dell\u2019incontro con i giovani, l\u2019ecumenismo e il dialogo interreligioso. Bruni ha fatto riferimento al discorso che l\u201911 maggio 2018 il S. Padre fece in occasione dell\u2019udienza al metropolita Rastislav dopo un viaggio del cardinale Koch: \u201cTre i temi di quel discorso: martirio e santit\u00e0, evangelizzazione e cultura, Cirillo e Metodio precursori dell\u2019ecumenismo\u201d. \u00c8 facile immaginare che saranno argomenti presenti negli incontri in Slovacchia.<\/p>\n<h4>Gli incontri con le comunit\u00e0 ebraiche<\/h4>\n<p>Altri temi importanti del viaggio sono l\u2019Europa e le comunit\u00e0 ebraiche. \u201c\u00c8 un viaggio nel cuore dell\u2019Europa e sicuramente saranno toccati argomenti che riguardano tutto il continente\u201d ha ipotizzato Bruni. Facile pensare anche alle migrazioni. Previsti poi incontri con le comunit\u00e0 ebraiche, che in quelle terre sono una presenza storica e hanno sofferto la crudelt\u00e0 disumana della Shoah. Il viaggio, tra l\u2019altro, si colloca tra il Capodanno ebraico e la festa di Yom Kippur, una coincidenza molto significativa.<\/p>\n<p>Il Papa pronuncer\u00e0 complessivamente 12 discorsi, tre a Budapest e 9 in Slovacchia. Per il viaggio sono previste le solite misure sanitarie, abitualmente abbastanza stringenti, con medico e infermieri a bordo, ma non sono state adottate precauzioni particolari dopo l\u2019intervento chirurgico dello scorso luglio.<\/p>\n","protected":false},"excerpt":{"rendered":"<p>Presentato il viaggio del Papa a Budapest e in Slovacchia<\/p>\n","protected":false},"author":18,"featured_media":32409,"comment_status":"closed","ping_status":"closed","sticky":false,"template":"","format":"standard","meta":{"_acf_changed":false,"_crdt_document":"","inline_featured_image":false,"footnotes":""},"categories":[67,2157,297],"tags":[1049,1048,2487,3960,251,3200,4056],"class_list":["post-32408","post","type-post","status-publish","format-standard","has-post-thumbnail","hentry","category-leone-xiv","category-top-ultime-notizie","category-ultime-notizie","tag-budapest","tag-congresso-eucaristico","tag-featured-3","tag-orban","tag-papa-francesco","tag-slovacchia","tag-ungheria"],"acf":[],"yoast_head":"<!-- This site is optimized with the Yoast SEO plugin v27.5 - https:\/\/yoast.com\/product\/yoast-seo-wordpress\/ -->\n<title>Un pellegrinaggio nel segno dell\u2019Eucarestia &#8211; Exaudi<\/title>\n<meta name=\"description\" content=\"Un pellegrinaggio nel segno dell&#039;Eucarestia: presentato il viaggio che da domenica il Papa compir\u00e0 a Budapest e in Slovacchia\" \/>\n<meta name=\"robots\" content=\"index, follow, max-snippet:-1, max-image-preview:large, max-video-preview:-1\" \/>\n<link rel=\"canonical\" href=\"https:\/\/exaudi.org\/it\/un-pellegrinaggio-nel-segno-delleucarestia\/\" \/>\n<meta property=\"og:locale\" content=\"it_IT\" \/>\n<meta property=\"og:type\" content=\"article\" \/>\n<meta property=\"og:title\" content=\"Un pellegrinaggio nel segno dell\u2019Eucarestia &#8211; Exaudi\" \/>\n<meta property=\"og:description\" content=\"Un pellegrinaggio nel segno dell&#039;Eucarestia: presentato il viaggio che da domenica il Papa compir\u00e0 a Budapest e in Slovacchia\" \/>\n<meta property=\"og:url\" content=\"https:\/\/exaudi.org\/it\/un-pellegrinaggio-nel-segno-delleucarestia\/\" \/>\n<meta property=\"og:site_name\" content=\"Exaudi\" \/>\n<meta property=\"article:publisher\" content=\"https:\/\/www.facebook.com\/ExaudiNews\" \/>\n<meta property=\"article:published_time\" content=\"2021-09-09T12:39:02+00:00\" \/>\n<meta property=\"og:image\" content=\"https:\/\/exaudi.org\/wp-content\/uploads\/2021\/09\/Papa.jpeg\" \/>\n\t<meta property=\"og:image:width\" content=\"1101\" \/>\n\t<meta property=\"og:image:height\" content=\"769\" \/>\n\t<meta property=\"og:image:type\" content=\"image\/jpeg\" \/>\n<meta name=\"author\" content=\"Andrea Acali\" \/>\n<meta name=\"twitter:card\" content=\"summary_large_image\" \/>\n<meta name=\"twitter:creator\" content=\"@Exaudi_News\" \/>\n<meta name=\"twitter:site\" content=\"@Exaudi_News\" \/>\n<meta name=\"twitter:label1\" content=\"Scritto da\" \/>\n\t<meta name=\"twitter:data1\" content=\"Andrea Acali\" \/>\n\t<meta name=\"twitter:label2\" content=\"Tempo di lettura stimato\" \/>\n\t<meta name=\"twitter:data2\" content=\"3 minuti\" \/>\n<script type=\"application\/ld+json\" class=\"yoast-schema-graph\">{\"@context\":\"https:\\\/\\\/schema.org\",\"@graph\":[{\"@type\":\"Article\",\"@id\":\"https:\\\/\\\/exaudi.org\\\/it\\\/un-pellegrinaggio-nel-segno-delleucarestia\\\/#article\",\"isPartOf\":{\"@id\":\"https:\\\/\\\/exaudi.org\\\/it\\\/un-pellegrinaggio-nel-segno-delleucarestia\\\/\"},\"author\":{\"name\":\"Andrea Acali\",\"@id\":\"https:\\\/\\\/exaudi.org\\\/#\\\/schema\\\/person\\\/127735be832481a6d3c410c5837bb61a\"},\"headline\":\"Un pellegrinaggio nel segno dell\u2019Eucarestia\",\"datePublished\":\"2021-09-09T12:39:02+00:00\",\"mainEntityOfPage\":{\"@id\":\"https:\\\/\\\/exaudi.org\\\/it\\\/un-pellegrinaggio-nel-segno-delleucarestia\\\/\"},\"wordCount\":498,\"image\":{\"@id\":\"https:\\\/\\\/exaudi.org\\\/it\\\/un-pellegrinaggio-nel-segno-delleucarestia\\\/#primaryimage\"},\"thumbnailUrl\":\"https:\\\/\\\/exaudi.org\\\/wp-content\\\/uploads\\\/2021\\\/09\\\/Papa.jpeg\",\"keywords\":[\"Budapest\",\"congresso eucaristico\",\"Featured\",\"Orban\",\"Papa Francesco\",\"Slovacchia\",\"Ungheria\"],\"articleSection\":[\"Leone XIV\",\"Top Ultime Notizie\",\"Ultime Notizie\"],\"inLanguage\":\"it-IT\"},{\"@type\":\"WebPage\",\"@id\":\"https:\\\/\\\/exaudi.org\\\/it\\\/un-pellegrinaggio-nel-segno-delleucarestia\\\/\",\"url\":\"https:\\\/\\\/exaudi.org\\\/it\\\/un-pellegrinaggio-nel-segno-delleucarestia\\\/\",\"name\":\"Un pellegrinaggio nel segno dell\u2019Eucarestia &#8211; Exaudi\",\"isPartOf\":{\"@id\":\"https:\\\/\\\/exaudi.org\\\/#website\"},\"primaryImageOfPage\":{\"@id\":\"https:\\\/\\\/exaudi.org\\\/it\\\/un-pellegrinaggio-nel-segno-delleucarestia\\\/#primaryimage\"},\"image\":{\"@id\":\"https:\\\/\\\/exaudi.org\\\/it\\\/un-pellegrinaggio-nel-segno-delleucarestia\\\/#primaryimage\"},\"thumbnailUrl\":\"https:\\\/\\\/exaudi.org\\\/wp-content\\\/uploads\\\/2021\\\/09\\\/Papa.jpeg\",\"datePublished\":\"2021-09-09T12:39:02+00:00\",\"author\":{\"@id\":\"https:\\\/\\\/exaudi.org\\\/#\\\/schema\\\/person\\\/127735be832481a6d3c410c5837bb61a\"},\"description\":\"Un pellegrinaggio nel segno dell'Eucarestia: presentato il viaggio che da domenica il Papa compir\u00e0 a Budapest e in Slovacchia\",\"breadcrumb\":{\"@id\":\"https:\\\/\\\/exaudi.org\\\/it\\\/un-pellegrinaggio-nel-segno-delleucarestia\\\/#breadcrumb\"},\"inLanguage\":\"it-IT\",\"potentialAction\":[{\"@type\":\"ReadAction\",\"target\":[\"https:\\\/\\\/exaudi.org\\\/it\\\/un-pellegrinaggio-nel-segno-delleucarestia\\\/\"]}]},{\"@type\":\"ImageObject\",\"inLanguage\":\"it-IT\",\"@id\":\"https:\\\/\\\/exaudi.org\\\/it\\\/un-pellegrinaggio-nel-segno-delleucarestia\\\/#primaryimage\",\"url\":\"https:\\\/\\\/exaudi.org\\\/wp-content\\\/uploads\\\/2021\\\/09\\\/Papa.jpeg\",\"contentUrl\":\"https:\\\/\\\/exaudi.org\\\/wp-content\\\/uploads\\\/2021\\\/09\\\/Papa.jpeg\",\"width\":1101,\"height\":769,\"caption\":\"(C) Vatican media\"},{\"@type\":\"BreadcrumbList\",\"@id\":\"https:\\\/\\\/exaudi.org\\\/it\\\/un-pellegrinaggio-nel-segno-delleucarestia\\\/#breadcrumb\",\"itemListElement\":[{\"@type\":\"ListItem\",\"position\":1,\"name\":\"Portada\",\"item\":\"https:\\\/\\\/exaudi.org\\\/it\\\/\"},{\"@type\":\"ListItem\",\"position\":2,\"name\":\"Un pellegrinaggio nel segno dell\u2019Eucarestia\"}]},{\"@type\":\"WebSite\",\"@id\":\"https:\\\/\\\/exaudi.org\\\/#website\",\"url\":\"https:\\\/\\\/exaudi.org\\\/\",\"name\":\"Exaudi\",\"description\":\"News\",\"potentialAction\":[{\"@type\":\"SearchAction\",\"target\":{\"@type\":\"EntryPoint\",\"urlTemplate\":\"https:\\\/\\\/exaudi.org\\\/?s={search_term_string}\"},\"query-input\":{\"@type\":\"PropertyValueSpecification\",\"valueRequired\":true,\"valueName\":\"search_term_string\"}}],\"inLanguage\":\"it-IT\"},{\"@type\":\"Person\",\"@id\":\"https:\\\/\\\/exaudi.org\\\/#\\\/schema\\\/person\\\/127735be832481a6d3c410c5837bb61a\",\"name\":\"Andrea Acali\",\"image\":{\"@type\":\"ImageObject\",\"inLanguage\":\"it-IT\",\"@id\":\"https:\\\/\\\/secure.gravatar.com\\\/avatar\\\/2abf8e528c4f8c571ab456e5ef9ac66b04b987863e3ab3fd9546150699bb9259?s=96&d=mm&r=g\",\"url\":\"https:\\\/\\\/secure.gravatar.com\\\/avatar\\\/2abf8e528c4f8c571ab456e5ef9ac66b04b987863e3ab3fd9546150699bb9259?s=96&d=mm&r=g\",\"contentUrl\":\"https:\\\/\\\/secure.gravatar.com\\\/avatar\\\/2abf8e528c4f8c571ab456e5ef9ac66b04b987863e3ab3fd9546150699bb9259?s=96&d=mm&r=g\",\"caption\":\"Andrea Acali\"},\"description\":\"Andrea Acali es un periodista y comunicador italiano con una larga trayectoria en el \u00e1mbito de la informaci\u00f3n religiosa, social y deportiva. Durante casi treinta a\u00f1os trabaj\u00f3 en el diario Il Tempo como vaticanista y jefe de secci\u00f3n, especializ\u00e1ndose en la cobertura de la actualidad del Vaticano y de la Iglesia cat\u00f3lica. Desde 2016 colabora como periodista web en RomaSette y tambi\u00e9n escribe para el peri\u00f3dico Avvenire. Desde 2019 ejerce como comunicador en la Delegazione della Generalitat de Catalunya in Italia, con sede en Roma, donde combina su experiencia period\u00edstica con la comunicaci\u00f3n institucional\",\"sameAs\":[\"https:\\\/\\\/www.linkedin.com\\\/in\\\/andrea-acali-505567125\\\/?originalSubdomain=it\"],\"url\":\"https:\\\/\\\/exaudi.org\\\/it\\\/author\\\/aacaliexaudi-org\\\/\"}]}<\/script>\n<!-- \/ Yoast SEO plugin. -->","yoast_head_json":{"title":"Un pellegrinaggio nel segno dell\u2019Eucarestia &#8211; Exaudi","description":"Un pellegrinaggio nel segno dell'Eucarestia: presentato il viaggio che da domenica il Papa compir\u00e0 a Budapest e in Slovacchia","robots":{"index":"index","follow":"follow","max-snippet":"max-snippet:-1","max-image-preview":"max-image-preview:large","max-video-preview":"max-video-preview:-1"},"canonical":"https:\/\/exaudi.org\/it\/un-pellegrinaggio-nel-segno-delleucarestia\/","og_locale":"it_IT","og_type":"article","og_title":"Un pellegrinaggio nel segno dell\u2019Eucarestia &#8211; Exaudi","og_description":"Un pellegrinaggio nel segno dell'Eucarestia: presentato il viaggio che da domenica il Papa compir\u00e0 a Budapest e in Slovacchia","og_url":"https:\/\/exaudi.org\/it\/un-pellegrinaggio-nel-segno-delleucarestia\/","og_site_name":"Exaudi","article_publisher":"https:\/\/www.facebook.com\/ExaudiNews","article_published_time":"2021-09-09T12:39:02+00:00","og_image":[{"width":1101,"height":769,"url":"https:\/\/exaudi.org\/wp-content\/uploads\/2021\/09\/Papa.jpeg","type":"image\/jpeg"}],"author":"Andrea Acali","twitter_card":"summary_large_image","twitter_creator":"@Exaudi_News","twitter_site":"@Exaudi_News","twitter_misc":{"Scritto da":"Andrea Acali","Tempo di lettura stimato":"3 minuti"},"schema":{"@context":"https:\/\/schema.org","@graph":[{"@type":"Article","@id":"https:\/\/exaudi.org\/it\/un-pellegrinaggio-nel-segno-delleucarestia\/#article","isPartOf":{"@id":"https:\/\/exaudi.org\/it\/un-pellegrinaggio-nel-segno-delleucarestia\/"},"author":{"name":"Andrea Acali","@id":"https:\/\/exaudi.org\/#\/schema\/person\/127735be832481a6d3c410c5837bb61a"},"headline":"Un pellegrinaggio nel segno dell\u2019Eucarestia","datePublished":"2021-09-09T12:39:02+00:00","mainEntityOfPage":{"@id":"https:\/\/exaudi.org\/it\/un-pellegrinaggio-nel-segno-delleucarestia\/"},"wordCount":498,"image":{"@id":"https:\/\/exaudi.org\/it\/un-pellegrinaggio-nel-segno-delleucarestia\/#primaryimage"},"thumbnailUrl":"https:\/\/exaudi.org\/wp-content\/uploads\/2021\/09\/Papa.jpeg","keywords":["Budapest","congresso eucaristico","Featured","Orban","Papa Francesco","Slovacchia","Ungheria"],"articleSection":["Leone XIV","Top Ultime Notizie","Ultime Notizie"],"inLanguage":"it-IT"},{"@type":"WebPage","@id":"https:\/\/exaudi.org\/it\/un-pellegrinaggio-nel-segno-delleucarestia\/","url":"https:\/\/exaudi.org\/it\/un-pellegrinaggio-nel-segno-delleucarestia\/","name":"Un pellegrinaggio nel segno dell\u2019Eucarestia &#8211; Exaudi","isPartOf":{"@id":"https:\/\/exaudi.org\/#website"},"primaryImageOfPage":{"@id":"https:\/\/exaudi.org\/it\/un-pellegrinaggio-nel-segno-delleucarestia\/#primaryimage"},"image":{"@id":"https:\/\/exaudi.org\/it\/un-pellegrinaggio-nel-segno-delleucarestia\/#primaryimage"},"thumbnailUrl":"https:\/\/exaudi.org\/wp-content\/uploads\/2021\/09\/Papa.jpeg","datePublished":"2021-09-09T12:39:02+00:00","author":{"@id":"https:\/\/exaudi.org\/#\/schema\/person\/127735be832481a6d3c410c5837bb61a"},"description":"Un pellegrinaggio nel segno dell'Eucarestia: presentato il viaggio che da domenica il Papa compir\u00e0 a Budapest e in Slovacchia","breadcrumb":{"@id":"https:\/\/exaudi.org\/it\/un-pellegrinaggio-nel-segno-delleucarestia\/#breadcrumb"},"inLanguage":"it-IT","potentialAction":[{"@type":"ReadAction","target":["https:\/\/exaudi.org\/it\/un-pellegrinaggio-nel-segno-delleucarestia\/"]}]},{"@type":"ImageObject","inLanguage":"it-IT","@id":"https:\/\/exaudi.org\/it\/un-pellegrinaggio-nel-segno-delleucarestia\/#primaryimage","url":"https:\/\/exaudi.org\/wp-content\/uploads\/2021\/09\/Papa.jpeg","contentUrl":"https:\/\/exaudi.org\/wp-content\/uploads\/2021\/09\/Papa.jpeg","width":1101,"height":769,"caption":"(C) Vatican media"},{"@type":"BreadcrumbList","@id":"https:\/\/exaudi.org\/it\/un-pellegrinaggio-nel-segno-delleucarestia\/#breadcrumb","itemListElement":[{"@type":"ListItem","position":1,"name":"Portada","item":"https:\/\/exaudi.org\/it\/"},{"@type":"ListItem","position":2,"name":"Un pellegrinaggio nel segno dell\u2019Eucarestia"}]},{"@type":"WebSite","@id":"https:\/\/exaudi.org\/#website","url":"https:\/\/exaudi.org\/","name":"Exaudi","description":"News","potentialAction":[{"@type":"SearchAction","target":{"@type":"EntryPoint","urlTemplate":"https:\/\/exaudi.org\/?s={search_term_string}"},"query-input":{"@type":"PropertyValueSpecification","valueRequired":true,"valueName":"search_term_string"}}],"inLanguage":"it-IT"},{"@type":"Person","@id":"https:\/\/exaudi.org\/#\/schema\/person\/127735be832481a6d3c410c5837bb61a","name":"Andrea Acali","image":{"@type":"ImageObject","inLanguage":"it-IT","@id":"https:\/\/secure.gravatar.com\/avatar\/2abf8e528c4f8c571ab456e5ef9ac66b04b987863e3ab3fd9546150699bb9259?s=96&d=mm&r=g","url":"https:\/\/secure.gravatar.com\/avatar\/2abf8e528c4f8c571ab456e5ef9ac66b04b987863e3ab3fd9546150699bb9259?s=96&d=mm&r=g","contentUrl":"https:\/\/secure.gravatar.com\/avatar\/2abf8e528c4f8c571ab456e5ef9ac66b04b987863e3ab3fd9546150699bb9259?s=96&d=mm&r=g","caption":"Andrea Acali"},"description":"Andrea Acali es un periodista y comunicador italiano con una larga trayectoria en el \u00e1mbito de la informaci\u00f3n religiosa, social y deportiva. Durante casi treinta a\u00f1os trabaj\u00f3 en el diario Il Tempo como vaticanista y jefe de secci\u00f3n, especializ\u00e1ndose en la cobertura de la actualidad del Vaticano y de la Iglesia cat\u00f3lica. Desde 2016 colabora como periodista web en RomaSette y tambi\u00e9n escribe para el peri\u00f3dico Avvenire. Desde 2019 ejerce como comunicador en la Delegazione della Generalitat de Catalunya in Italia, con sede en Roma, donde combina su experiencia period\u00edstica con la comunicaci\u00f3n institucional","sameAs":["https:\/\/www.linkedin.com\/in\/andrea-acali-505567125\/?originalSubdomain=it"],"url":"https:\/\/exaudi.org\/it\/author\/aacaliexaudi-org\/"}]}},"jetpack_featured_media_url":"https:\/\/exaudi.org\/wp-content\/uploads\/2021\/09\/Papa.jpeg","jetpack_shortlink":"https:\/\/wp.me\/pgKjF2-8qI","_links":{"self":[{"href":"https:\/\/exaudi.org\/it\/wp-json\/wp\/v2\/posts\/32408","targetHints":{"allow":["GET"]}}],"collection":[{"href":"https:\/\/exaudi.org\/it\/wp-json\/wp\/v2\/posts"}],"about":[{"href":"https:\/\/exaudi.org\/it\/wp-json\/wp\/v2\/types\/post"}],"author":[{"embeddable":true,"href":"https:\/\/exaudi.org\/it\/wp-json\/wp\/v2\/users\/18"}],"replies":[{"embeddable":true,"href":"https:\/\/exaudi.org\/it\/wp-json\/wp\/v2\/comments?post=32408"}],"version-history":[{"count":0,"href":"https:\/\/exaudi.org\/it\/wp-json\/wp\/v2\/posts\/32408\/revisions"}],"wp:featuredmedia":[{"embeddable":true,"href":"https:\/\/exaudi.org\/it\/wp-json\/wp\/v2\/media\/32409"}],"wp:attachment":[{"href":"https:\/\/exaudi.org\/it\/wp-json\/wp\/v2\/media?parent=32408"}],"wp:term":[{"taxonomy":"category","embeddable":true,"href":"https:\/\/exaudi.org\/it\/wp-json\/wp\/v2\/categories?post=32408"},{"taxonomy":"post_tag","embeddable":true,"href":"https:\/\/exaudi.org\/it\/wp-json\/wp\/v2\/tags?post=32408"}],"curies":[{"name":"wp","href":"https:\/\/api.w.org\/{rel}","templated":true}]}}