{"id":31892,"date":"2021-09-05T13:28:36","date_gmt":"2021-09-05T11:28:36","guid":{"rendered":"https:\/\/exaudi.wpengine.com\/?p=31892"},"modified":"2021-09-05T13:28:36","modified_gmt":"2021-09-05T11:28:36","slug":"francesco-invita-ad-accogliere-i-profughi-afghani","status":"publish","type":"post","link":"https:\/\/exaudi.org\/it\/francesco-invita-ad-accogliere-i-profughi-afghani\/","title":{"rendered":"Francesco invita ad accogliere i profughi afghani"},"content":{"rendered":"<p>Dopo <a href=\"https:\/\/exaudi.wpengine.com\/it\/il-papa-allangelus-ascoltare-risana-il-cuore\/\">l\u2019Angelus<\/a> domenicale il S. Padre ha rinnovato il suo appello per i profughi afghani e ha ricordato il suo viaggio apostolico, a partire da domenica prossima, a Budapest per la conclusione del Congresso eucaristico internazionale e poi in Slovacchia. Un pensiero anche per i fratelli ebrei che si accingono a celebrare alcune importanti festivit\u00e0. Ecco le sue parole:<\/p>\n<h4>Un nuovo beato argentino<\/h4>\n<p>Ieri, a Catamarca (Argentina), \u00e8 stato beatificato Mamerto Esqui\u00fa, Frate Minore e Vescovo di Cordoba. Alla fine, un Beato argentino! Fu zelante annunciatore della Parola di Dio, per l\u2019edificazione della comunit\u00e0 ecclesiale e anche di quella civile. Il suo esempio ci aiuti ad unire sempre la preghiera e l\u2019apostolato, e a servire la pace e la fraternit\u00e0. Un applauso al nuovo Beato!<\/p>\n<h4>La preghiera per i profughi afghani<\/h4>\n<p>Poi il Papa ha rivolto il suo pensiero ai profughi afghani: &#8220;In questi momenti concitati che vedono gli afghani cercare rifugio, prego per i pi\u00f9 vulnerabili tra loro. Prego che molti Paesi accolgano e proteggano quanti cercano una nuova vita. Prego anche per gli sfollati interni, affinch\u00e9 abbiano l\u2019assistenza e la protezione necessarie. Possano i giovani afghani ricevere l\u2019istruzione, bene essenziale per lo sviluppo umano. E possano tutti gli afghani, sia in patria, sia in transito, sia nei Paesi di accoglienza, vivere con dignit\u00e0, in pace e fraternit\u00e0 coi loro vicini&#8221;.<\/p>\n<h4>Gli auguri per il capodanno ebraico<\/h4>\n<p>Assicuro la mia preghiera per le popolazioni degli Stati Uniti d\u2019America colpite nei giorni scorsi da un forte uragano. Il Signore accolga le anime dei defunti e sostenga quanti soffrono per questa calamit\u00e0. Nei prossimi giorni ricorre il capodanno ebraico, Rosh Hashanah. E poi le due feste di Yom Kippur e Sukkot. Rivolgo di cuore il mio augurio a tutti i fratelli e le sorelle di religione ebraica: il nuovo anno sia ricco di frutti di pace e di bene per quanti camminano fedelmente nella Legge del Signore.<\/p>\n<h4>Il viaggio apostolico<\/h4>\n<p>Domenica prossima mi recher\u00f2 a Budapest per la conclusione del <a href=\"https:\/\/exaudi.wpengine.com\/it\/il-papa-incontrera-orban-al-congresso-eucaristico\/\">Congresso Eucaristico Internazionale<\/a>. Il mio pellegrinaggio proseguir\u00e0, dopo la Messa, per alcuni giorni in Slovacchia, e si concluder\u00e0 il mercoled\u00ec successivo con la grande celebrazione popolare della Vergine Addolorata, Patrona di quel Paese. Saranno cos\u00ec giorni segnati dall\u2019adorazione e dalla preghiera nel cuore dell\u2019Europa. Mentre saluto affettuosamente coloro che hanno preparato questo Viaggio \u2013 e vi ringrazio \u2013, e quanti mi attendono e che io stesso desidero di cuore incontrare, chiedo a tutti di accompagnarmi con la preghiera, e affido le visite che compir\u00f2 all\u2019intercessione di tanti eroici confessori della fede, i quali testimoniarono in quei luoghi il Vangelo tra ostilit\u00e0 e persecuzioni. Essi aiutino l\u2019Europa a testimoniare anche oggi, non tanto a parole, ma soprattutto con i fatti, con opere di misericordia e di accoglienza, il buon annuncio del Signore che ci ama e ci salva. Grazie!<\/p>\n<h4>I saluti finali<\/h4>\n<p>E ora rivolgo il mio saluto a voi, cari romani e pellegrini! In particolare, porgo i miei auguri alla Legione di Maria, che festeggia i suoi cento anni: Dio vi benedica e la Vergine vi custodisca! Saluto i giovani dell\u2019Opera della Chiesa, i ragazzi di Faenza e quelli di Castenedolo che hanno ricevuto la Cresima e la Prima Comunione, il gruppo di Arta Terme e i fedeli polacchi e lituani accompagnati dagli amici abruzzesi. Oggi ricorre la memoria di Santa Teresa di Calcutta, per tutti Madre Teresa. Un bell\u2019applauso! Rivolgo il mio saluto a tutte le Missionarie della Carit\u00e0, impegnate in tutto il mondo in un servizio spesso eroico, penso in modo particolare alle suore del \u201cDono di Maria\u201d, qui in Vaticano. A tutti auguro una buona domenica. Per favore, non dimenticatevi di pregare per me. Buon pranzo e arrivederci!<\/p>\n","protected":false},"excerpt":{"rendered":"<p>Dopo l&#8217;Angelus il Papa ha ricordato anche il prossimo viaggio in Ungheria e Slovacchia. Gli auguri per il capodanno ebraico<\/p>\n","protected":false},"author":17,"featured_media":31893,"comment_status":"closed","ping_status":"closed","sticky":false,"template":"","format":"standard","meta":{"_acf_changed":false,"_crdt_document":"","inline_featured_image":false,"footnotes":""},"categories":[67,2157,297],"tags":[3974,1048,2487,251,3973],"class_list":["post-31892","post","type-post","status-publish","format-standard","has-post-thumbnail","hentry","category-leone-xiv","category-top-ultime-notizie","category-ultime-notizie","tag-capodanno-ebraico","tag-congresso-eucaristico","tag-featured-3","tag-papa-francesco","tag-profughi-afghani"],"acf":[],"yoast_head":"<!-- This site is optimized with the Yoast SEO plugin v27.5 - https:\/\/yoast.com\/product\/yoast-seo-wordpress\/ -->\n<title>Francesco invita ad accogliere i profughi afghani &#8211; Exaudi<\/title>\n<meta name=\"description\" content=\"Dopo la preghiera dell&#039;Angelus Papa Francesco ha pregato per i profughi afghani e ha invitato ad accogliere specialmente i pi\u00f9 vulnerabili\" \/>\n<meta name=\"robots\" content=\"index, follow, max-snippet:-1, max-image-preview:large, max-video-preview:-1\" \/>\n<link rel=\"canonical\" href=\"https:\/\/exaudi.org\/it\/francesco-invita-ad-accogliere-i-profughi-afghani\/\" \/>\n<meta property=\"og:locale\" content=\"it_IT\" \/>\n<meta property=\"og:type\" content=\"article\" \/>\n<meta property=\"og:title\" content=\"Francesco invita ad accogliere i profughi afghani &#8211; Exaudi\" \/>\n<meta property=\"og:description\" content=\"Dopo la preghiera dell&#039;Angelus Papa Francesco ha pregato per i profughi afghani e ha invitato ad accogliere specialmente i pi\u00f9 vulnerabili\" \/>\n<meta property=\"og:url\" content=\"https:\/\/exaudi.org\/it\/francesco-invita-ad-accogliere-i-profughi-afghani\/\" \/>\n<meta property=\"og:site_name\" content=\"Exaudi\" \/>\n<meta property=\"article:publisher\" content=\"https:\/\/www.facebook.com\/ExaudiNews\" \/>\n<meta property=\"article:author\" content=\"https:\/\/www.facebook.com\/ExaudiNotizie\/\" \/>\n<meta property=\"article:published_time\" content=\"2021-09-05T11:28:36+00:00\" \/>\n<meta property=\"og:image\" content=\"https:\/\/exaudi.org\/wp-content\/uploads\/2021\/09\/piazza-san-pietro-scaled.jpg\" \/>\n\t<meta property=\"og:image:width\" content=\"2560\" \/>\n\t<meta property=\"og:image:height\" content=\"1707\" \/>\n\t<meta property=\"og:image:type\" content=\"image\/jpeg\" \/>\n<meta name=\"author\" content=\"Exaudi Redazione\" \/>\n<meta name=\"twitter:card\" content=\"summary_large_image\" \/>\n<meta name=\"twitter:creator\" content=\"@Exaudi_Notizie\" \/>\n<meta name=\"twitter:site\" content=\"@Exaudi_News\" \/>\n<meta name=\"twitter:label1\" content=\"Scritto da\" \/>\n\t<meta name=\"twitter:data1\" content=\"Exaudi Redazione\" \/>\n\t<meta name=\"twitter:label2\" content=\"Tempo di lettura stimato\" \/>\n\t<meta name=\"twitter:data2\" content=\"3 minuti\" \/>\n<script type=\"application\/ld+json\" class=\"yoast-schema-graph\">{\"@context\":\"https:\\\/\\\/schema.org\",\"@graph\":[{\"@type\":\"Article\",\"@id\":\"https:\\\/\\\/exaudi.org\\\/it\\\/francesco-invita-ad-accogliere-i-profughi-afghani\\\/#article\",\"isPartOf\":{\"@id\":\"https:\\\/\\\/exaudi.org\\\/it\\\/francesco-invita-ad-accogliere-i-profughi-afghani\\\/\"},\"author\":{\"name\":\"Exaudi Redazione\",\"@id\":\"https:\\\/\\\/exaudi.org\\\/#\\\/schema\\\/person\\\/e1ab6ed07c01774724dd96f925f3a5f0\"},\"headline\":\"Francesco invita ad accogliere i profughi afghani\",\"datePublished\":\"2021-09-05T11:28:36+00:00\",\"mainEntityOfPage\":{\"@id\":\"https:\\\/\\\/exaudi.org\\\/it\\\/francesco-invita-ad-accogliere-i-profughi-afghani\\\/\"},\"wordCount\":626,\"image\":{\"@id\":\"https:\\\/\\\/exaudi.org\\\/it\\\/francesco-invita-ad-accogliere-i-profughi-afghani\\\/#primaryimage\"},\"thumbnailUrl\":\"https:\\\/\\\/exaudi.org\\\/wp-content\\\/uploads\\\/2021\\\/09\\\/piazza-san-pietro-scaled.jpg\",\"keywords\":[\"capodanno ebraico\",\"congresso eucaristico\",\"Featured\",\"Papa Francesco\",\"profughi afghani\"],\"articleSection\":[\"Leone XIV\",\"Top Ultime Notizie\",\"Ultime Notizie\"],\"inLanguage\":\"it-IT\"},{\"@type\":\"WebPage\",\"@id\":\"https:\\\/\\\/exaudi.org\\\/it\\\/francesco-invita-ad-accogliere-i-profughi-afghani\\\/\",\"url\":\"https:\\\/\\\/exaudi.org\\\/it\\\/francesco-invita-ad-accogliere-i-profughi-afghani\\\/\",\"name\":\"Francesco invita ad accogliere i profughi afghani &#8211; Exaudi\",\"isPartOf\":{\"@id\":\"https:\\\/\\\/exaudi.org\\\/#website\"},\"primaryImageOfPage\":{\"@id\":\"https:\\\/\\\/exaudi.org\\\/it\\\/francesco-invita-ad-accogliere-i-profughi-afghani\\\/#primaryimage\"},\"image\":{\"@id\":\"https:\\\/\\\/exaudi.org\\\/it\\\/francesco-invita-ad-accogliere-i-profughi-afghani\\\/#primaryimage\"},\"thumbnailUrl\":\"https:\\\/\\\/exaudi.org\\\/wp-content\\\/uploads\\\/2021\\\/09\\\/piazza-san-pietro-scaled.jpg\",\"datePublished\":\"2021-09-05T11:28:36+00:00\",\"author\":{\"@id\":\"https:\\\/\\\/exaudi.org\\\/#\\\/schema\\\/person\\\/e1ab6ed07c01774724dd96f925f3a5f0\"},\"description\":\"Dopo la preghiera dell'Angelus Papa Francesco ha pregato per i profughi afghani e ha invitato ad accogliere specialmente i pi\u00f9 vulnerabili\",\"breadcrumb\":{\"@id\":\"https:\\\/\\\/exaudi.org\\\/it\\\/francesco-invita-ad-accogliere-i-profughi-afghani\\\/#breadcrumb\"},\"inLanguage\":\"it-IT\",\"potentialAction\":[{\"@type\":\"ReadAction\",\"target\":[\"https:\\\/\\\/exaudi.org\\\/it\\\/francesco-invita-ad-accogliere-i-profughi-afghani\\\/\"]}]},{\"@type\":\"ImageObject\",\"inLanguage\":\"it-IT\",\"@id\":\"https:\\\/\\\/exaudi.org\\\/it\\\/francesco-invita-ad-accogliere-i-profughi-afghani\\\/#primaryimage\",\"url\":\"https:\\\/\\\/exaudi.org\\\/wp-content\\\/uploads\\\/2021\\\/09\\\/piazza-san-pietro-scaled.jpg\",\"contentUrl\":\"https:\\\/\\\/exaudi.org\\\/wp-content\\\/uploads\\\/2021\\\/09\\\/piazza-san-pietro-scaled.jpg\",\"width\":2560,\"height\":1707,\"caption\":\"\u00a9 Vatican Media\"},{\"@type\":\"BreadcrumbList\",\"@id\":\"https:\\\/\\\/exaudi.org\\\/it\\\/francesco-invita-ad-accogliere-i-profughi-afghani\\\/#breadcrumb\",\"itemListElement\":[{\"@type\":\"ListItem\",\"position\":1,\"name\":\"Portada\",\"item\":\"https:\\\/\\\/exaudi.org\\\/it\\\/\"},{\"@type\":\"ListItem\",\"position\":2,\"name\":\"Francesco invita ad accogliere i profughi afghani\"}]},{\"@type\":\"WebSite\",\"@id\":\"https:\\\/\\\/exaudi.org\\\/#website\",\"url\":\"https:\\\/\\\/exaudi.org\\\/\",\"name\":\"Exaudi\",\"description\":\"News\",\"potentialAction\":[{\"@type\":\"SearchAction\",\"target\":{\"@type\":\"EntryPoint\",\"urlTemplate\":\"https:\\\/\\\/exaudi.org\\\/?s={search_term_string}\"},\"query-input\":{\"@type\":\"PropertyValueSpecification\",\"valueRequired\":true,\"valueName\":\"search_term_string\"}}],\"inLanguage\":\"it-IT\"},{\"@type\":\"Person\",\"@id\":\"https:\\\/\\\/exaudi.org\\\/#\\\/schema\\\/person\\\/e1ab6ed07c01774724dd96f925f3a5f0\",\"name\":\"Exaudi Redazione\",\"image\":{\"@type\":\"ImageObject\",\"inLanguage\":\"it-IT\",\"@id\":\"https:\\\/\\\/secure.gravatar.com\\\/avatar\\\/ad6774b3ada023bf5b939d64f45c94b3adf91502dd883507d469b4308a943bb3?s=96&d=mm&r=g\",\"url\":\"https:\\\/\\\/secure.gravatar.com\\\/avatar\\\/ad6774b3ada023bf5b939d64f45c94b3adf91502dd883507d469b4308a943bb3?s=96&d=mm&r=g\",\"contentUrl\":\"https:\\\/\\\/secure.gravatar.com\\\/avatar\\\/ad6774b3ada023bf5b939d64f45c94b3adf91502dd883507d469b4308a943bb3?s=96&d=mm&r=g\",\"caption\":\"Exaudi Redazione\"},\"description\":\"Che cosa \u00e8 Exaudi News? Exaudi News \u00e8 un agenzia cattolica internazionale che informa, istruisce e trasforma quotidianamente in spagnolo, inglese e italiano. Attraverso notizie, articoli di analisi e trasmissioni in diretta degli eventi del Papa, Exaudi cerca di rafforzare l'unit\u00e0 dei cristiani e di contribuire all'evangelizzazione del mondo, sempre guidato dalla dottrina sociale della Chiesa. Lavoriamo per portare la verit\u00e0 e i valori cristiani in ogni angolo del pianeta. Aiutaci a trasformare il mondo con Exaudi! Noi di Exaudi crediamo che l'evangelizzazione e l'informazione di qualit\u00e0 possano cambiare la vita. Per continuare la nostra missione ed espandere la nostra portata, abbiamo bisogno del tuo aiuto. Stiamo anche cercando persone motivate che vogliano unirsi al nostro team. Grazie al vostro sostegno raggiungeremo pi\u00f9 persone, diffonderemo il messaggio di Cristo e rafforzeremo l'unit\u00e0 dei cristiani. Vuoi unirti alla nostra missione? Per maggiori informazioni su come contribuire, visita Exaudi.org\\\/it o contattaci direttamente: info@exaudi.org Exaudi: informa, forma e trasforma.\",\"sameAs\":[\"https:\\\/\\\/www.facebook.com\\\/ExaudiNotizie\\\/\",\"https:\\\/\\\/www.instagram.com\\\/Exaudi_notizie\\\/\",\"https:\\\/\\\/x.com\\\/Exaudi_Notizie\",\"https:\\\/\\\/www.youtube.com\\\/@exaudicatholicnews\"],\"url\":\"https:\\\/\\\/exaudi.org\\\/it\\\/author\\\/dlvedi-org\\\/\"}]}<\/script>\n<!-- \/ Yoast SEO plugin. -->","yoast_head_json":{"title":"Francesco invita ad accogliere i profughi afghani &#8211; Exaudi","description":"Dopo la preghiera dell'Angelus Papa Francesco ha pregato per i profughi afghani e ha invitato ad accogliere specialmente i pi\u00f9 vulnerabili","robots":{"index":"index","follow":"follow","max-snippet":"max-snippet:-1","max-image-preview":"max-image-preview:large","max-video-preview":"max-video-preview:-1"},"canonical":"https:\/\/exaudi.org\/it\/francesco-invita-ad-accogliere-i-profughi-afghani\/","og_locale":"it_IT","og_type":"article","og_title":"Francesco invita ad accogliere i profughi afghani &#8211; Exaudi","og_description":"Dopo la preghiera dell'Angelus Papa Francesco ha pregato per i profughi afghani e ha invitato ad accogliere specialmente i pi\u00f9 vulnerabili","og_url":"https:\/\/exaudi.org\/it\/francesco-invita-ad-accogliere-i-profughi-afghani\/","og_site_name":"Exaudi","article_publisher":"https:\/\/www.facebook.com\/ExaudiNews","article_author":"https:\/\/www.facebook.com\/ExaudiNotizie\/","article_published_time":"2021-09-05T11:28:36+00:00","og_image":[{"width":2560,"height":1707,"url":"https:\/\/exaudi.org\/wp-content\/uploads\/2021\/09\/piazza-san-pietro-scaled.jpg","type":"image\/jpeg"}],"author":"Exaudi Redazione","twitter_card":"summary_large_image","twitter_creator":"@Exaudi_Notizie","twitter_site":"@Exaudi_News","twitter_misc":{"Scritto da":"Exaudi Redazione","Tempo di lettura stimato":"3 minuti"},"schema":{"@context":"https:\/\/schema.org","@graph":[{"@type":"Article","@id":"https:\/\/exaudi.org\/it\/francesco-invita-ad-accogliere-i-profughi-afghani\/#article","isPartOf":{"@id":"https:\/\/exaudi.org\/it\/francesco-invita-ad-accogliere-i-profughi-afghani\/"},"author":{"name":"Exaudi Redazione","@id":"https:\/\/exaudi.org\/#\/schema\/person\/e1ab6ed07c01774724dd96f925f3a5f0"},"headline":"Francesco invita ad accogliere i profughi afghani","datePublished":"2021-09-05T11:28:36+00:00","mainEntityOfPage":{"@id":"https:\/\/exaudi.org\/it\/francesco-invita-ad-accogliere-i-profughi-afghani\/"},"wordCount":626,"image":{"@id":"https:\/\/exaudi.org\/it\/francesco-invita-ad-accogliere-i-profughi-afghani\/#primaryimage"},"thumbnailUrl":"https:\/\/exaudi.org\/wp-content\/uploads\/2021\/09\/piazza-san-pietro-scaled.jpg","keywords":["capodanno ebraico","congresso eucaristico","Featured","Papa Francesco","profughi afghani"],"articleSection":["Leone XIV","Top Ultime Notizie","Ultime Notizie"],"inLanguage":"it-IT"},{"@type":"WebPage","@id":"https:\/\/exaudi.org\/it\/francesco-invita-ad-accogliere-i-profughi-afghani\/","url":"https:\/\/exaudi.org\/it\/francesco-invita-ad-accogliere-i-profughi-afghani\/","name":"Francesco invita ad accogliere i profughi afghani &#8211; Exaudi","isPartOf":{"@id":"https:\/\/exaudi.org\/#website"},"primaryImageOfPage":{"@id":"https:\/\/exaudi.org\/it\/francesco-invita-ad-accogliere-i-profughi-afghani\/#primaryimage"},"image":{"@id":"https:\/\/exaudi.org\/it\/francesco-invita-ad-accogliere-i-profughi-afghani\/#primaryimage"},"thumbnailUrl":"https:\/\/exaudi.org\/wp-content\/uploads\/2021\/09\/piazza-san-pietro-scaled.jpg","datePublished":"2021-09-05T11:28:36+00:00","author":{"@id":"https:\/\/exaudi.org\/#\/schema\/person\/e1ab6ed07c01774724dd96f925f3a5f0"},"description":"Dopo la preghiera dell'Angelus Papa Francesco ha pregato per i profughi afghani e ha invitato ad accogliere specialmente i pi\u00f9 vulnerabili","breadcrumb":{"@id":"https:\/\/exaudi.org\/it\/francesco-invita-ad-accogliere-i-profughi-afghani\/#breadcrumb"},"inLanguage":"it-IT","potentialAction":[{"@type":"ReadAction","target":["https:\/\/exaudi.org\/it\/francesco-invita-ad-accogliere-i-profughi-afghani\/"]}]},{"@type":"ImageObject","inLanguage":"it-IT","@id":"https:\/\/exaudi.org\/it\/francesco-invita-ad-accogliere-i-profughi-afghani\/#primaryimage","url":"https:\/\/exaudi.org\/wp-content\/uploads\/2021\/09\/piazza-san-pietro-scaled.jpg","contentUrl":"https:\/\/exaudi.org\/wp-content\/uploads\/2021\/09\/piazza-san-pietro-scaled.jpg","width":2560,"height":1707,"caption":"\u00a9 Vatican Media"},{"@type":"BreadcrumbList","@id":"https:\/\/exaudi.org\/it\/francesco-invita-ad-accogliere-i-profughi-afghani\/#breadcrumb","itemListElement":[{"@type":"ListItem","position":1,"name":"Portada","item":"https:\/\/exaudi.org\/it\/"},{"@type":"ListItem","position":2,"name":"Francesco invita ad accogliere i profughi afghani"}]},{"@type":"WebSite","@id":"https:\/\/exaudi.org\/#website","url":"https:\/\/exaudi.org\/","name":"Exaudi","description":"News","potentialAction":[{"@type":"SearchAction","target":{"@type":"EntryPoint","urlTemplate":"https:\/\/exaudi.org\/?s={search_term_string}"},"query-input":{"@type":"PropertyValueSpecification","valueRequired":true,"valueName":"search_term_string"}}],"inLanguage":"it-IT"},{"@type":"Person","@id":"https:\/\/exaudi.org\/#\/schema\/person\/e1ab6ed07c01774724dd96f925f3a5f0","name":"Exaudi Redazione","image":{"@type":"ImageObject","inLanguage":"it-IT","@id":"https:\/\/secure.gravatar.com\/avatar\/ad6774b3ada023bf5b939d64f45c94b3adf91502dd883507d469b4308a943bb3?s=96&d=mm&r=g","url":"https:\/\/secure.gravatar.com\/avatar\/ad6774b3ada023bf5b939d64f45c94b3adf91502dd883507d469b4308a943bb3?s=96&d=mm&r=g","contentUrl":"https:\/\/secure.gravatar.com\/avatar\/ad6774b3ada023bf5b939d64f45c94b3adf91502dd883507d469b4308a943bb3?s=96&d=mm&r=g","caption":"Exaudi Redazione"},"description":"Che cosa \u00e8 Exaudi News? Exaudi News \u00e8 un agenzia cattolica internazionale che informa, istruisce e trasforma quotidianamente in spagnolo, inglese e italiano. Attraverso notizie, articoli di analisi e trasmissioni in diretta degli eventi del Papa, Exaudi cerca di rafforzare l'unit\u00e0 dei cristiani e di contribuire all'evangelizzazione del mondo, sempre guidato dalla dottrina sociale della Chiesa. Lavoriamo per portare la verit\u00e0 e i valori cristiani in ogni angolo del pianeta. Aiutaci a trasformare il mondo con Exaudi! Noi di Exaudi crediamo che l'evangelizzazione e l'informazione di qualit\u00e0 possano cambiare la vita. Per continuare la nostra missione ed espandere la nostra portata, abbiamo bisogno del tuo aiuto. Stiamo anche cercando persone motivate che vogliano unirsi al nostro team. Grazie al vostro sostegno raggiungeremo pi\u00f9 persone, diffonderemo il messaggio di Cristo e rafforzeremo l'unit\u00e0 dei cristiani. Vuoi unirti alla nostra missione? Per maggiori informazioni su come contribuire, visita Exaudi.org\/it o contattaci direttamente: info@exaudi.org Exaudi: informa, forma e trasforma.","sameAs":["https:\/\/www.facebook.com\/ExaudiNotizie\/","https:\/\/www.instagram.com\/Exaudi_notizie\/","https:\/\/x.com\/Exaudi_Notizie","https:\/\/www.youtube.com\/@exaudicatholicnews"],"url":"https:\/\/exaudi.org\/it\/author\/dlvedi-org\/"}]}},"jetpack_featured_media_url":"https:\/\/exaudi.org\/wp-content\/uploads\/2021\/09\/piazza-san-pietro-scaled.jpg","jetpack_shortlink":"https:\/\/wp.me\/pgKjF2-8io","_links":{"self":[{"href":"https:\/\/exaudi.org\/it\/wp-json\/wp\/v2\/posts\/31892","targetHints":{"allow":["GET"]}}],"collection":[{"href":"https:\/\/exaudi.org\/it\/wp-json\/wp\/v2\/posts"}],"about":[{"href":"https:\/\/exaudi.org\/it\/wp-json\/wp\/v2\/types\/post"}],"author":[{"embeddable":true,"href":"https:\/\/exaudi.org\/it\/wp-json\/wp\/v2\/users\/17"}],"replies":[{"embeddable":true,"href":"https:\/\/exaudi.org\/it\/wp-json\/wp\/v2\/comments?post=31892"}],"version-history":[{"count":0,"href":"https:\/\/exaudi.org\/it\/wp-json\/wp\/v2\/posts\/31892\/revisions"}],"wp:featuredmedia":[{"embeddable":true,"href":"https:\/\/exaudi.org\/it\/wp-json\/wp\/v2\/media\/31893"}],"wp:attachment":[{"href":"https:\/\/exaudi.org\/it\/wp-json\/wp\/v2\/media?parent=31892"}],"wp:term":[{"taxonomy":"category","embeddable":true,"href":"https:\/\/exaudi.org\/it\/wp-json\/wp\/v2\/categories?post=31892"},{"taxonomy":"post_tag","embeddable":true,"href":"https:\/\/exaudi.org\/it\/wp-json\/wp\/v2\/tags?post=31892"}],"curies":[{"name":"wp","href":"https:\/\/api.w.org\/{rel}","templated":true}]}}