{"id":31570,"date":"2021-09-01T17:11:23","date_gmt":"2021-09-01T15:11:23","guid":{"rendered":"https:\/\/exaudi.wpengine.com\/?p=31570"},"modified":"2021-09-01T17:11:23","modified_gmt":"2021-09-01T15:11:23","slug":"ecco-il-nuovo-cappellano-delle-guardie-svizzere","status":"publish","type":"post","link":"https:\/\/exaudi.org\/it\/ecco-il-nuovo-cappellano-delle-guardie-svizzere\/","title":{"rendered":"Ecco il nuovo cappellano delle Guardie svizzere"},"content":{"rendered":"<p>Il Santo Padre, Papa Francesco, ha nominato oggi, 1\u00b0 settembre 2021, padre Kolumban Reichlin, OSB come nuovo Cappellano delle <a href=\"https:\/\/www.guardiasvizzera.ch\/paepstliche-schweizergarde\/it\/chi-siamo\/\">Guardie Svizzere.<\/a><\/p>\n<p>Padre Kolumban Reichlin \u00e8 nato il 2 marzo 1971. Dopo aver conseguito la maturit\u00e0 a Svitto, \u00e8 entrato in monastero a Einsiedeln nel 1991. Terminati gli studi di teologia a Einsiedeln e a St. Meinrad (USA), nel 1997 \u00e8 stato ordinato sacerdote a Einsiedeln. Successivamente ha studiato storia e scienza liturgica a Berna, Friburgo e Roma. Nel monastero benedettino ha rivestito molteplici funzioni, in particolare quella di responsabile per i pellegrinaggi. Si \u00e8 inoltre distinto per il suo impegno in diverse commissioni per la liturgia. Infine, dal 2009 al 2020 ha operato come prevosto presso la prepositura di St. Gerold nel Vorarlberg (Austria), che appartiene al monastero di Einsiedeln.<\/p>\n<h4>Il congedo del precedente cappellano<\/h4>\n<p>Padre Kolumban Reichlin assumer\u00e0 il suo nuovo incarico dal 1\u00b0 ottobre 2021. Subentra a don Thomas Widmer, che ha lasciato il suo incarico dopo quasi sei anni. La cerimonia di congedo del sacerdote, come ha riportato l\u2019Osservatore Romano nell\u2019edizione di ieri, si \u00e8 svolta gioved\u00ec 12 agosto, nel Cortile d\u2019onore del Quartiere svizzero in Vaticano, ed \u00e8 stata preceduta dalla messa celebrata nella chiesa di Santa Maria della Piet\u00e0 in Campo Santo Teutonico. Una partecipazione limitata a causa delle norme sulla pandemia. Il cappellano rientra in patria per assumere l\u2019incarico di amministratore della parrocchia Herz Jesu a Zurigo-\u00d6rlikon.<\/p>\n<p>Nel suo discorso di congedo, don Widmer ha ringraziato Dio per la forza che d\u00e0 alle guardie svizzere, sottolineando che esse \u00abcon tanto impegno, con coraggio e fedelt\u00e0 ogni giorno si impegnano nel loro servizio per la protezione del Santo Padre\u00bb e offrono una significativa testimonianza \u00abattraverso la carit\u00e0 fraterna vissuta\u00bb all\u2019interno del Corpo. Alla cerimonia di congedo ha partecipato, tra gli altri, monsignor Guillermo Javier Karcher, della Segreteria di Stato.<\/p>\n","protected":false},"excerpt":{"rendered":"<p>Dal 1\u00b0 ottobre il benedettino padre Kolumban Reichlin subentra a don Thomas Widmer<\/p>\n","protected":false},"author":17,"featured_media":31571,"comment_status":"closed","ping_status":"closed","sticky":false,"template":"","format":"standard","meta":{"_acf_changed":false,"_crdt_document":"","inline_featured_image":false,"footnotes":""},"categories":[297,131],"tags":[1629],"class_list":["post-31570","post","type-post","status-publish","format-standard","has-post-thumbnail","hentry","category-ultime-notizie","category-vaticano","tag-guardie-svizzere"],"acf":[],"yoast_head":"<!-- This site is optimized with the Yoast SEO plugin v27.5 - https:\/\/yoast.com\/product\/yoast-seo-wordpress\/ -->\n<title>Ecco il nuovo cappellano delle Guardie svizzere &#8211; Exaudi<\/title>\n<meta name=\"description\" content=\"Dal 1\u00b0 ottobre il benedettino padre Kolumban Reichlin subentra a don Thomas Widmer come cappellano delle guardie svizzere\" \/>\n<meta name=\"robots\" content=\"index, follow, max-snippet:-1, max-image-preview:large, max-video-preview:-1\" \/>\n<link rel=\"canonical\" href=\"https:\/\/exaudi.org\/it\/ecco-il-nuovo-cappellano-delle-guardie-svizzere\/\" \/>\n<meta property=\"og:locale\" content=\"it_IT\" \/>\n<meta property=\"og:type\" content=\"article\" \/>\n<meta property=\"og:title\" content=\"Ecco il nuovo cappellano delle Guardie svizzere &#8211; Exaudi\" \/>\n<meta property=\"og:description\" content=\"Dal 1\u00b0 ottobre il benedettino padre Kolumban Reichlin subentra a don Thomas Widmer come cappellano delle guardie svizzere\" \/>\n<meta property=\"og:url\" content=\"https:\/\/exaudi.org\/it\/ecco-il-nuovo-cappellano-delle-guardie-svizzere\/\" \/>\n<meta property=\"og:site_name\" content=\"Exaudi\" \/>\n<meta property=\"article:publisher\" content=\"https:\/\/www.facebook.com\/ExaudiNews\" \/>\n<meta property=\"article:author\" content=\"https:\/\/www.facebook.com\/ExaudiNotizie\/\" \/>\n<meta property=\"article:published_time\" content=\"2021-09-01T15:11:23+00:00\" \/>\n<meta property=\"og:image\" content=\"https:\/\/exaudi.org\/wp-content\/uploads\/2021\/09\/Reichlin-Kolumban-scaled.jpg\" \/>\n\t<meta property=\"og:image:width\" content=\"2560\" \/>\n\t<meta property=\"og:image:height\" content=\"1646\" \/>\n\t<meta property=\"og:image:type\" content=\"image\/jpeg\" \/>\n<meta name=\"author\" content=\"Exaudi Redazione\" \/>\n<meta name=\"twitter:card\" content=\"summary_large_image\" \/>\n<meta name=\"twitter:creator\" content=\"@Exaudi_Notizie\" \/>\n<meta name=\"twitter:site\" content=\"@Exaudi_News\" \/>\n<meta name=\"twitter:label1\" content=\"Scritto da\" \/>\n\t<meta name=\"twitter:data1\" content=\"Exaudi Redazione\" \/>\n\t<meta name=\"twitter:label2\" content=\"Tempo di lettura stimato\" \/>\n\t<meta name=\"twitter:data2\" content=\"2 minuti\" \/>\n<script type=\"application\/ld+json\" class=\"yoast-schema-graph\">{\"@context\":\"https:\\\/\\\/schema.org\",\"@graph\":[{\"@type\":\"Article\",\"@id\":\"https:\\\/\\\/exaudi.org\\\/it\\\/ecco-il-nuovo-cappellano-delle-guardie-svizzere\\\/#article\",\"isPartOf\":{\"@id\":\"https:\\\/\\\/exaudi.org\\\/it\\\/ecco-il-nuovo-cappellano-delle-guardie-svizzere\\\/\"},\"author\":{\"name\":\"Exaudi Redazione\",\"@id\":\"https:\\\/\\\/exaudi.org\\\/#\\\/schema\\\/person\\\/e1ab6ed07c01774724dd96f925f3a5f0\"},\"headline\":\"Ecco il nuovo cappellano delle Guardie svizzere\",\"datePublished\":\"2021-09-01T15:11:23+00:00\",\"mainEntityOfPage\":{\"@id\":\"https:\\\/\\\/exaudi.org\\\/it\\\/ecco-il-nuovo-cappellano-delle-guardie-svizzere\\\/\"},\"wordCount\":300,\"image\":{\"@id\":\"https:\\\/\\\/exaudi.org\\\/it\\\/ecco-il-nuovo-cappellano-delle-guardie-svizzere\\\/#primaryimage\"},\"thumbnailUrl\":\"https:\\\/\\\/exaudi.org\\\/wp-content\\\/uploads\\\/2021\\\/09\\\/Reichlin-Kolumban-scaled.jpg\",\"keywords\":[\"guardie svizzere\"],\"articleSection\":[\"Ultime Notizie\",\"Vaticano\"],\"inLanguage\":\"it-IT\"},{\"@type\":\"WebPage\",\"@id\":\"https:\\\/\\\/exaudi.org\\\/it\\\/ecco-il-nuovo-cappellano-delle-guardie-svizzere\\\/\",\"url\":\"https:\\\/\\\/exaudi.org\\\/it\\\/ecco-il-nuovo-cappellano-delle-guardie-svizzere\\\/\",\"name\":\"Ecco il nuovo cappellano delle Guardie svizzere &#8211; Exaudi\",\"isPartOf\":{\"@id\":\"https:\\\/\\\/exaudi.org\\\/#website\"},\"primaryImageOfPage\":{\"@id\":\"https:\\\/\\\/exaudi.org\\\/it\\\/ecco-il-nuovo-cappellano-delle-guardie-svizzere\\\/#primaryimage\"},\"image\":{\"@id\":\"https:\\\/\\\/exaudi.org\\\/it\\\/ecco-il-nuovo-cappellano-delle-guardie-svizzere\\\/#primaryimage\"},\"thumbnailUrl\":\"https:\\\/\\\/exaudi.org\\\/wp-content\\\/uploads\\\/2021\\\/09\\\/Reichlin-Kolumban-scaled.jpg\",\"datePublished\":\"2021-09-01T15:11:23+00:00\",\"author\":{\"@id\":\"https:\\\/\\\/exaudi.org\\\/#\\\/schema\\\/person\\\/e1ab6ed07c01774724dd96f925f3a5f0\"},\"description\":\"Dal 1\u00b0 ottobre il benedettino padre Kolumban Reichlin subentra a don Thomas Widmer come cappellano delle guardie svizzere\",\"breadcrumb\":{\"@id\":\"https:\\\/\\\/exaudi.org\\\/it\\\/ecco-il-nuovo-cappellano-delle-guardie-svizzere\\\/#breadcrumb\"},\"inLanguage\":\"it-IT\",\"potentialAction\":[{\"@type\":\"ReadAction\",\"target\":[\"https:\\\/\\\/exaudi.org\\\/it\\\/ecco-il-nuovo-cappellano-delle-guardie-svizzere\\\/\"]}]},{\"@type\":\"ImageObject\",\"inLanguage\":\"it-IT\",\"@id\":\"https:\\\/\\\/exaudi.org\\\/it\\\/ecco-il-nuovo-cappellano-delle-guardie-svizzere\\\/#primaryimage\",\"url\":\"https:\\\/\\\/exaudi.org\\\/wp-content\\\/uploads\\\/2021\\\/09\\\/Reichlin-Kolumban-scaled.jpg\",\"contentUrl\":\"https:\\\/\\\/exaudi.org\\\/wp-content\\\/uploads\\\/2021\\\/09\\\/Reichlin-Kolumban-scaled.jpg\",\"width\":2560,\"height\":1646,\"caption\":\"Padre Reichlin Kolumban\"},{\"@type\":\"BreadcrumbList\",\"@id\":\"https:\\\/\\\/exaudi.org\\\/it\\\/ecco-il-nuovo-cappellano-delle-guardie-svizzere\\\/#breadcrumb\",\"itemListElement\":[{\"@type\":\"ListItem\",\"position\":1,\"name\":\"Portada\",\"item\":\"https:\\\/\\\/exaudi.org\\\/it\\\/\"},{\"@type\":\"ListItem\",\"position\":2,\"name\":\"Ecco il nuovo cappellano delle Guardie svizzere\"}]},{\"@type\":\"WebSite\",\"@id\":\"https:\\\/\\\/exaudi.org\\\/#website\",\"url\":\"https:\\\/\\\/exaudi.org\\\/\",\"name\":\"Exaudi\",\"description\":\"News\",\"potentialAction\":[{\"@type\":\"SearchAction\",\"target\":{\"@type\":\"EntryPoint\",\"urlTemplate\":\"https:\\\/\\\/exaudi.org\\\/?s={search_term_string}\"},\"query-input\":{\"@type\":\"PropertyValueSpecification\",\"valueRequired\":true,\"valueName\":\"search_term_string\"}}],\"inLanguage\":\"it-IT\"},{\"@type\":\"Person\",\"@id\":\"https:\\\/\\\/exaudi.org\\\/#\\\/schema\\\/person\\\/e1ab6ed07c01774724dd96f925f3a5f0\",\"name\":\"Exaudi Redazione\",\"image\":{\"@type\":\"ImageObject\",\"inLanguage\":\"it-IT\",\"@id\":\"https:\\\/\\\/secure.gravatar.com\\\/avatar\\\/ad6774b3ada023bf5b939d64f45c94b3adf91502dd883507d469b4308a943bb3?s=96&d=mm&r=g\",\"url\":\"https:\\\/\\\/secure.gravatar.com\\\/avatar\\\/ad6774b3ada023bf5b939d64f45c94b3adf91502dd883507d469b4308a943bb3?s=96&d=mm&r=g\",\"contentUrl\":\"https:\\\/\\\/secure.gravatar.com\\\/avatar\\\/ad6774b3ada023bf5b939d64f45c94b3adf91502dd883507d469b4308a943bb3?s=96&d=mm&r=g\",\"caption\":\"Exaudi Redazione\"},\"description\":\"Che cosa \u00e8 Exaudi News? Exaudi News \u00e8 un agenzia cattolica internazionale che informa, istruisce e trasforma quotidianamente in spagnolo, inglese e italiano. Attraverso notizie, articoli di analisi e trasmissioni in diretta degli eventi del Papa, Exaudi cerca di rafforzare l'unit\u00e0 dei cristiani e di contribuire all'evangelizzazione del mondo, sempre guidato dalla dottrina sociale della Chiesa. Lavoriamo per portare la verit\u00e0 e i valori cristiani in ogni angolo del pianeta. Aiutaci a trasformare il mondo con Exaudi! Noi di Exaudi crediamo che l'evangelizzazione e l'informazione di qualit\u00e0 possano cambiare la vita. Per continuare la nostra missione ed espandere la nostra portata, abbiamo bisogno del tuo aiuto. Stiamo anche cercando persone motivate che vogliano unirsi al nostro team. Grazie al vostro sostegno raggiungeremo pi\u00f9 persone, diffonderemo il messaggio di Cristo e rafforzeremo l'unit\u00e0 dei cristiani. Vuoi unirti alla nostra missione? Per maggiori informazioni su come contribuire, visita Exaudi.org\\\/it o contattaci direttamente: info@exaudi.org Exaudi: informa, forma e trasforma.\",\"sameAs\":[\"https:\\\/\\\/www.facebook.com\\\/ExaudiNotizie\\\/\",\"https:\\\/\\\/www.instagram.com\\\/Exaudi_notizie\\\/\",\"https:\\\/\\\/x.com\\\/Exaudi_Notizie\",\"https:\\\/\\\/www.youtube.com\\\/@exaudicatholicnews\"],\"url\":\"https:\\\/\\\/exaudi.org\\\/it\\\/author\\\/dlvedi-org\\\/\"}]}<\/script>\n<!-- \/ Yoast SEO plugin. -->","yoast_head_json":{"title":"Ecco il nuovo cappellano delle Guardie svizzere &#8211; Exaudi","description":"Dal 1\u00b0 ottobre il benedettino padre Kolumban Reichlin subentra a don Thomas Widmer come cappellano delle guardie svizzere","robots":{"index":"index","follow":"follow","max-snippet":"max-snippet:-1","max-image-preview":"max-image-preview:large","max-video-preview":"max-video-preview:-1"},"canonical":"https:\/\/exaudi.org\/it\/ecco-il-nuovo-cappellano-delle-guardie-svizzere\/","og_locale":"it_IT","og_type":"article","og_title":"Ecco il nuovo cappellano delle Guardie svizzere &#8211; Exaudi","og_description":"Dal 1\u00b0 ottobre il benedettino padre Kolumban Reichlin subentra a don Thomas Widmer come cappellano delle guardie svizzere","og_url":"https:\/\/exaudi.org\/it\/ecco-il-nuovo-cappellano-delle-guardie-svizzere\/","og_site_name":"Exaudi","article_publisher":"https:\/\/www.facebook.com\/ExaudiNews","article_author":"https:\/\/www.facebook.com\/ExaudiNotizie\/","article_published_time":"2021-09-01T15:11:23+00:00","og_image":[{"width":2560,"height":1646,"url":"https:\/\/exaudi.org\/wp-content\/uploads\/2021\/09\/Reichlin-Kolumban-scaled.jpg","type":"image\/jpeg"}],"author":"Exaudi Redazione","twitter_card":"summary_large_image","twitter_creator":"@Exaudi_Notizie","twitter_site":"@Exaudi_News","twitter_misc":{"Scritto da":"Exaudi Redazione","Tempo di lettura stimato":"2 minuti"},"schema":{"@context":"https:\/\/schema.org","@graph":[{"@type":"Article","@id":"https:\/\/exaudi.org\/it\/ecco-il-nuovo-cappellano-delle-guardie-svizzere\/#article","isPartOf":{"@id":"https:\/\/exaudi.org\/it\/ecco-il-nuovo-cappellano-delle-guardie-svizzere\/"},"author":{"name":"Exaudi Redazione","@id":"https:\/\/exaudi.org\/#\/schema\/person\/e1ab6ed07c01774724dd96f925f3a5f0"},"headline":"Ecco il nuovo cappellano delle Guardie svizzere","datePublished":"2021-09-01T15:11:23+00:00","mainEntityOfPage":{"@id":"https:\/\/exaudi.org\/it\/ecco-il-nuovo-cappellano-delle-guardie-svizzere\/"},"wordCount":300,"image":{"@id":"https:\/\/exaudi.org\/it\/ecco-il-nuovo-cappellano-delle-guardie-svizzere\/#primaryimage"},"thumbnailUrl":"https:\/\/exaudi.org\/wp-content\/uploads\/2021\/09\/Reichlin-Kolumban-scaled.jpg","keywords":["guardie svizzere"],"articleSection":["Ultime Notizie","Vaticano"],"inLanguage":"it-IT"},{"@type":"WebPage","@id":"https:\/\/exaudi.org\/it\/ecco-il-nuovo-cappellano-delle-guardie-svizzere\/","url":"https:\/\/exaudi.org\/it\/ecco-il-nuovo-cappellano-delle-guardie-svizzere\/","name":"Ecco il nuovo cappellano delle Guardie svizzere &#8211; Exaudi","isPartOf":{"@id":"https:\/\/exaudi.org\/#website"},"primaryImageOfPage":{"@id":"https:\/\/exaudi.org\/it\/ecco-il-nuovo-cappellano-delle-guardie-svizzere\/#primaryimage"},"image":{"@id":"https:\/\/exaudi.org\/it\/ecco-il-nuovo-cappellano-delle-guardie-svizzere\/#primaryimage"},"thumbnailUrl":"https:\/\/exaudi.org\/wp-content\/uploads\/2021\/09\/Reichlin-Kolumban-scaled.jpg","datePublished":"2021-09-01T15:11:23+00:00","author":{"@id":"https:\/\/exaudi.org\/#\/schema\/person\/e1ab6ed07c01774724dd96f925f3a5f0"},"description":"Dal 1\u00b0 ottobre il benedettino padre Kolumban Reichlin subentra a don Thomas Widmer come cappellano delle guardie svizzere","breadcrumb":{"@id":"https:\/\/exaudi.org\/it\/ecco-il-nuovo-cappellano-delle-guardie-svizzere\/#breadcrumb"},"inLanguage":"it-IT","potentialAction":[{"@type":"ReadAction","target":["https:\/\/exaudi.org\/it\/ecco-il-nuovo-cappellano-delle-guardie-svizzere\/"]}]},{"@type":"ImageObject","inLanguage":"it-IT","@id":"https:\/\/exaudi.org\/it\/ecco-il-nuovo-cappellano-delle-guardie-svizzere\/#primaryimage","url":"https:\/\/exaudi.org\/wp-content\/uploads\/2021\/09\/Reichlin-Kolumban-scaled.jpg","contentUrl":"https:\/\/exaudi.org\/wp-content\/uploads\/2021\/09\/Reichlin-Kolumban-scaled.jpg","width":2560,"height":1646,"caption":"Padre Reichlin Kolumban"},{"@type":"BreadcrumbList","@id":"https:\/\/exaudi.org\/it\/ecco-il-nuovo-cappellano-delle-guardie-svizzere\/#breadcrumb","itemListElement":[{"@type":"ListItem","position":1,"name":"Portada","item":"https:\/\/exaudi.org\/it\/"},{"@type":"ListItem","position":2,"name":"Ecco il nuovo cappellano delle Guardie svizzere"}]},{"@type":"WebSite","@id":"https:\/\/exaudi.org\/#website","url":"https:\/\/exaudi.org\/","name":"Exaudi","description":"News","potentialAction":[{"@type":"SearchAction","target":{"@type":"EntryPoint","urlTemplate":"https:\/\/exaudi.org\/?s={search_term_string}"},"query-input":{"@type":"PropertyValueSpecification","valueRequired":true,"valueName":"search_term_string"}}],"inLanguage":"it-IT"},{"@type":"Person","@id":"https:\/\/exaudi.org\/#\/schema\/person\/e1ab6ed07c01774724dd96f925f3a5f0","name":"Exaudi Redazione","image":{"@type":"ImageObject","inLanguage":"it-IT","@id":"https:\/\/secure.gravatar.com\/avatar\/ad6774b3ada023bf5b939d64f45c94b3adf91502dd883507d469b4308a943bb3?s=96&d=mm&r=g","url":"https:\/\/secure.gravatar.com\/avatar\/ad6774b3ada023bf5b939d64f45c94b3adf91502dd883507d469b4308a943bb3?s=96&d=mm&r=g","contentUrl":"https:\/\/secure.gravatar.com\/avatar\/ad6774b3ada023bf5b939d64f45c94b3adf91502dd883507d469b4308a943bb3?s=96&d=mm&r=g","caption":"Exaudi Redazione"},"description":"Che cosa \u00e8 Exaudi News? Exaudi News \u00e8 un agenzia cattolica internazionale che informa, istruisce e trasforma quotidianamente in spagnolo, inglese e italiano. Attraverso notizie, articoli di analisi e trasmissioni in diretta degli eventi del Papa, Exaudi cerca di rafforzare l'unit\u00e0 dei cristiani e di contribuire all'evangelizzazione del mondo, sempre guidato dalla dottrina sociale della Chiesa. Lavoriamo per portare la verit\u00e0 e i valori cristiani in ogni angolo del pianeta. Aiutaci a trasformare il mondo con Exaudi! Noi di Exaudi crediamo che l'evangelizzazione e l'informazione di qualit\u00e0 possano cambiare la vita. Per continuare la nostra missione ed espandere la nostra portata, abbiamo bisogno del tuo aiuto. Stiamo anche cercando persone motivate che vogliano unirsi al nostro team. Grazie al vostro sostegno raggiungeremo pi\u00f9 persone, diffonderemo il messaggio di Cristo e rafforzeremo l'unit\u00e0 dei cristiani. Vuoi unirti alla nostra missione? Per maggiori informazioni su come contribuire, visita Exaudi.org\/it o contattaci direttamente: info@exaudi.org Exaudi: informa, forma e trasforma.","sameAs":["https:\/\/www.facebook.com\/ExaudiNotizie\/","https:\/\/www.instagram.com\/Exaudi_notizie\/","https:\/\/x.com\/Exaudi_Notizie","https:\/\/www.youtube.com\/@exaudicatholicnews"],"url":"https:\/\/exaudi.org\/it\/author\/dlvedi-org\/"}]}},"jetpack_featured_media_url":"https:\/\/exaudi.org\/wp-content\/uploads\/2021\/09\/Reichlin-Kolumban-scaled.jpg","jetpack_shortlink":"https:\/\/wp.me\/pgKjF2-8dc","_links":{"self":[{"href":"https:\/\/exaudi.org\/it\/wp-json\/wp\/v2\/posts\/31570","targetHints":{"allow":["GET"]}}],"collection":[{"href":"https:\/\/exaudi.org\/it\/wp-json\/wp\/v2\/posts"}],"about":[{"href":"https:\/\/exaudi.org\/it\/wp-json\/wp\/v2\/types\/post"}],"author":[{"embeddable":true,"href":"https:\/\/exaudi.org\/it\/wp-json\/wp\/v2\/users\/17"}],"replies":[{"embeddable":true,"href":"https:\/\/exaudi.org\/it\/wp-json\/wp\/v2\/comments?post=31570"}],"version-history":[{"count":0,"href":"https:\/\/exaudi.org\/it\/wp-json\/wp\/v2\/posts\/31570\/revisions"}],"wp:featuredmedia":[{"embeddable":true,"href":"https:\/\/exaudi.org\/it\/wp-json\/wp\/v2\/media\/31571"}],"wp:attachment":[{"href":"https:\/\/exaudi.org\/it\/wp-json\/wp\/v2\/media?parent=31570"}],"wp:term":[{"taxonomy":"category","embeddable":true,"href":"https:\/\/exaudi.org\/it\/wp-json\/wp\/v2\/categories?post=31570"},{"taxonomy":"post_tag","embeddable":true,"href":"https:\/\/exaudi.org\/it\/wp-json\/wp\/v2\/tags?post=31570"}],"curies":[{"name":"wp","href":"https:\/\/api.w.org\/{rel}","templated":true}]}}