{"id":31388,"date":"2021-08-31T16:10:08","date_gmt":"2021-08-31T14:10:08","guid":{"rendered":"https:\/\/exaudi.wpengine.com\/?p=31388"},"modified":"2021-08-31T16:10:08","modified_gmt":"2021-08-31T14:10:08","slug":"g20-sullafghanistan-si-parli-di-liberta-religiosa","status":"publish","type":"post","link":"https:\/\/exaudi.org\/it\/g20-sullafghanistan-si-parli-di-liberta-religiosa\/","title":{"rendered":"G20 sull\u2019Afghanistan: si parli di libert\u00e0 religiosa"},"content":{"rendered":"<p>\u201cL\u2019ordine del giorno del G20 straordinario sull\u2019Afghanistan dovrebbe comprendere un punto dedicato al rispetto del fondamentale diritto alla libert\u00e0 religiosa, perch\u00e9 essa \u00e8 il sensore del rispetto di tutti gli altri diritti umani\u201d. Lo afferma in una nota la Fondazione pontificia Aiuto alla Chiesa che Soffre, che torna anche a chiedere la nomina da parte dell\u2019Italia di un inviato speciale per la libert\u00e0 religiosa, dopo aver recentemente lanciato un <a href=\"https:\/\/exaudi.wpengine.com\/it\/afghanistan-futuro-nero-per-la-liberta-religiosa\/\">forte allarme<\/a> sul clima generale del Paese mediorientale<\/p>\n<h4>Violazioni anche in passato<\/h4>\n<p>\u201cLe violazioni alla libert\u00e0 religiosa si sono acuite dopo il ritiro delle truppe NATO ma erano gi\u00e0 presenti prima \u2013 afferma ACS &#8211; anche quando il territorio era presidiato dai militari stranieri il cristianesimo era visto come una religione occidentale ed estranea, non solo dai terroristi dell\u2019ISKP o dai Talebani ma da gran parte dell\u2019opinione pubblica. I cristiani afghani erano pertanto costretti a praticare il culto da soli o in piccoli gruppi, all\u2019interno di abitazioni private. Chi si dichiarava pubblicamente cristiano, o si convertiva dall\u2019islam al cristianesimo, era vulnerabile, vigendo la pena di morte per l&#8217;apostasia. Stessa sorte toccava, e a maggior ragione tocca ora, agli appartenenti ad altre minoranze religiose\u201d. Per questo appare importante che il prossimo G20 tocchi anche questo argomento fondamentale.<\/p>\n<h4>Necessario un inviato speciale<\/h4>\n<p>La Commissione Europea lo scorso maggio ha nominato Christos Stylianides Inviato speciale per la promozione della libert\u00e0 di religione e credo. Aiuto alla Chiesa che Soffre, il giorno precedente tale nomina, aveva chiesto al Governo italiano di istituire anche in Italia la carica di Inviato Speciale per la libert\u00e0 religiosa, sia per assumere un ruolo identificabile e incisivo a livello internazionale, sia per confermare che il diritto di professare liberamente la fede religiosa, riconosciuto dall\u2019art. 19 della Costituzione italiana, non \u00e8 circoscritto nell\u2019ambito dei confini nazionali ma, al contrario, deve essere promosso in ogni sede internazionale, nazionale e locale, quale diritto inviolabile di ciascuno.<\/p>\n<p>Oggi, considerando l\u2019attuale dinamica della jihad globale e in vista del G20 straordinario sull\u2019Afghanistan, appare sempre pi\u00f9 urgente che l\u2019Italia dia un ulteriore segnale istituendo la carica di Inviato Speciale per la libert\u00e0 religiosa. \u00c8 inoltre necessario introdurre, in ogni atto bilaterale o multilaterale che impegna il Governo italiano, la richiesta formale di un impegno duraturo al rispetto della libert\u00e0 religiosa da parte di ogni Stato beneficiario della nostra politica estera di sostegno allo sviluppo\u201d.<\/p>\n","protected":false},"excerpt":{"rendered":"<p>La richiesta di Aiuto alla Chiesa che Soffre che torna a sollecitare un inviato speciale dell\u2019Italia<\/p>\n","protected":false},"author":17,"featured_media":31389,"comment_status":"closed","ping_status":"closed","sticky":false,"template":"","format":"standard","meta":{"_acf_changed":false,"_crdt_document":"","inline_featured_image":false,"footnotes":""},"categories":[73,2157,297],"tags":[403,3709,3895,1809],"class_list":["post-31388","post","type-post","status-publish","format-standard","has-post-thumbnail","hentry","category-chiesa-e-mondo","category-top-ultime-notizie","category-ultime-notizie","tag-acs","tag-afghanistan-it","tag-g20","tag-liberta-religiosa"],"acf":[],"yoast_head":"<!-- This site is optimized with the Yoast SEO plugin v27.5 - https:\/\/yoast.com\/product\/yoast-seo-wordpress\/ -->\n<title>G20 sull\u2019Afghanistan: si parli di libert\u00e0 religiosa &#8211; Exaudi<\/title>\n<meta name=\"description\" content=\"ACS chiede che il G20 straordinario sull&#039;Afghanistan inserisca all&#039;ordine del giorno un punto sul rispetto del diritto alla libert\u00e0 religiosa\" \/>\n<meta name=\"robots\" content=\"index, follow, max-snippet:-1, max-image-preview:large, max-video-preview:-1\" \/>\n<link rel=\"canonical\" href=\"https:\/\/exaudi.org\/it\/g20-sullafghanistan-si-parli-di-liberta-religiosa\/\" \/>\n<meta property=\"og:locale\" content=\"it_IT\" \/>\n<meta property=\"og:type\" content=\"article\" \/>\n<meta property=\"og:title\" content=\"G20 sull\u2019Afghanistan: si parli di libert\u00e0 religiosa &#8211; Exaudi\" \/>\n<meta property=\"og:description\" content=\"ACS chiede che il G20 straordinario sull&#039;Afghanistan inserisca all&#039;ordine del giorno un punto sul rispetto del diritto alla libert\u00e0 religiosa\" \/>\n<meta property=\"og:url\" content=\"https:\/\/exaudi.org\/it\/g20-sullafghanistan-si-parli-di-liberta-religiosa\/\" \/>\n<meta property=\"og:site_name\" content=\"Exaudi\" \/>\n<meta property=\"article:publisher\" content=\"https:\/\/www.facebook.com\/ExaudiNews\" \/>\n<meta property=\"article:author\" content=\"https:\/\/www.facebook.com\/ExaudiNotizie\/\" \/>\n<meta property=\"article:published_time\" content=\"2021-08-31T14:10:08+00:00\" \/>\n<meta property=\"og:image\" content=\"https:\/\/exaudi.org\/wp-content\/uploads\/2021\/08\/Donne-afghane-1.jpeg\" \/>\n\t<meta property=\"og:image:width\" content=\"1280\" \/>\n\t<meta property=\"og:image:height\" content=\"720\" \/>\n\t<meta property=\"og:image:type\" content=\"image\/jpeg\" \/>\n<meta name=\"author\" content=\"Exaudi Redazione\" \/>\n<meta name=\"twitter:card\" content=\"summary_large_image\" \/>\n<meta name=\"twitter:creator\" content=\"@Exaudi_Notizie\" \/>\n<meta name=\"twitter:site\" content=\"@Exaudi_News\" \/>\n<meta name=\"twitter:label1\" content=\"Scritto da\" \/>\n\t<meta name=\"twitter:data1\" content=\"Exaudi Redazione\" \/>\n\t<meta name=\"twitter:label2\" content=\"Tempo di lettura stimato\" \/>\n\t<meta name=\"twitter:data2\" content=\"2 minuti\" \/>\n<script type=\"application\/ld+json\" class=\"yoast-schema-graph\">{\"@context\":\"https:\\\/\\\/schema.org\",\"@graph\":[{\"@type\":\"Article\",\"@id\":\"https:\\\/\\\/exaudi.org\\\/it\\\/g20-sullafghanistan-si-parli-di-liberta-religiosa\\\/#article\",\"isPartOf\":{\"@id\":\"https:\\\/\\\/exaudi.org\\\/it\\\/g20-sullafghanistan-si-parli-di-liberta-religiosa\\\/\"},\"author\":{\"name\":\"Exaudi Redazione\",\"@id\":\"https:\\\/\\\/exaudi.org\\\/#\\\/schema\\\/person\\\/e1ab6ed07c01774724dd96f925f3a5f0\"},\"headline\":\"G20 sull\u2019Afghanistan: si parli di libert\u00e0 religiosa\",\"datePublished\":\"2021-08-31T14:10:08+00:00\",\"mainEntityOfPage\":{\"@id\":\"https:\\\/\\\/exaudi.org\\\/it\\\/g20-sullafghanistan-si-parli-di-liberta-religiosa\\\/\"},\"wordCount\":404,\"image\":{\"@id\":\"https:\\\/\\\/exaudi.org\\\/it\\\/g20-sullafghanistan-si-parli-di-liberta-religiosa\\\/#primaryimage\"},\"thumbnailUrl\":\"https:\\\/\\\/exaudi.org\\\/wp-content\\\/uploads\\\/2021\\\/08\\\/Donne-afghane-1.jpeg\",\"keywords\":[\"Acs\",\"afghanistan\",\"G20\",\"libert\u00e0 religiosa\"],\"articleSection\":[\"Chiesa e Mondo\",\"Top Ultime Notizie\",\"Ultime Notizie\"],\"inLanguage\":\"it-IT\"},{\"@type\":\"WebPage\",\"@id\":\"https:\\\/\\\/exaudi.org\\\/it\\\/g20-sullafghanistan-si-parli-di-liberta-religiosa\\\/\",\"url\":\"https:\\\/\\\/exaudi.org\\\/it\\\/g20-sullafghanistan-si-parli-di-liberta-religiosa\\\/\",\"name\":\"G20 sull\u2019Afghanistan: si parli di libert\u00e0 religiosa &#8211; Exaudi\",\"isPartOf\":{\"@id\":\"https:\\\/\\\/exaudi.org\\\/#website\"},\"primaryImageOfPage\":{\"@id\":\"https:\\\/\\\/exaudi.org\\\/it\\\/g20-sullafghanistan-si-parli-di-liberta-religiosa\\\/#primaryimage\"},\"image\":{\"@id\":\"https:\\\/\\\/exaudi.org\\\/it\\\/g20-sullafghanistan-si-parli-di-liberta-religiosa\\\/#primaryimage\"},\"thumbnailUrl\":\"https:\\\/\\\/exaudi.org\\\/wp-content\\\/uploads\\\/2021\\\/08\\\/Donne-afghane-1.jpeg\",\"datePublished\":\"2021-08-31T14:10:08+00:00\",\"author\":{\"@id\":\"https:\\\/\\\/exaudi.org\\\/#\\\/schema\\\/person\\\/e1ab6ed07c01774724dd96f925f3a5f0\"},\"description\":\"ACS chiede che il G20 straordinario sull'Afghanistan inserisca all'ordine del giorno un punto sul rispetto del diritto alla libert\u00e0 religiosa\",\"breadcrumb\":{\"@id\":\"https:\\\/\\\/exaudi.org\\\/it\\\/g20-sullafghanistan-si-parli-di-liberta-religiosa\\\/#breadcrumb\"},\"inLanguage\":\"it-IT\",\"potentialAction\":[{\"@type\":\"ReadAction\",\"target\":[\"https:\\\/\\\/exaudi.org\\\/it\\\/g20-sullafghanistan-si-parli-di-liberta-religiosa\\\/\"]}]},{\"@type\":\"ImageObject\",\"inLanguage\":\"it-IT\",\"@id\":\"https:\\\/\\\/exaudi.org\\\/it\\\/g20-sullafghanistan-si-parli-di-liberta-religiosa\\\/#primaryimage\",\"url\":\"https:\\\/\\\/exaudi.org\\\/wp-content\\\/uploads\\\/2021\\\/08\\\/Donne-afghane-1.jpeg\",\"contentUrl\":\"https:\\\/\\\/exaudi.org\\\/wp-content\\\/uploads\\\/2021\\\/08\\\/Donne-afghane-1.jpeg\",\"width\":1280,\"height\":720,\"caption\":\"Donne afghane \u00a9 Vatican Media\"},{\"@type\":\"BreadcrumbList\",\"@id\":\"https:\\\/\\\/exaudi.org\\\/it\\\/g20-sullafghanistan-si-parli-di-liberta-religiosa\\\/#breadcrumb\",\"itemListElement\":[{\"@type\":\"ListItem\",\"position\":1,\"name\":\"Portada\",\"item\":\"https:\\\/\\\/exaudi.org\\\/it\\\/\"},{\"@type\":\"ListItem\",\"position\":2,\"name\":\"G20 sull\u2019Afghanistan: si parli di libert\u00e0 religiosa\"}]},{\"@type\":\"WebSite\",\"@id\":\"https:\\\/\\\/exaudi.org\\\/#website\",\"url\":\"https:\\\/\\\/exaudi.org\\\/\",\"name\":\"Exaudi\",\"description\":\"News\",\"potentialAction\":[{\"@type\":\"SearchAction\",\"target\":{\"@type\":\"EntryPoint\",\"urlTemplate\":\"https:\\\/\\\/exaudi.org\\\/?s={search_term_string}\"},\"query-input\":{\"@type\":\"PropertyValueSpecification\",\"valueRequired\":true,\"valueName\":\"search_term_string\"}}],\"inLanguage\":\"it-IT\"},{\"@type\":\"Person\",\"@id\":\"https:\\\/\\\/exaudi.org\\\/#\\\/schema\\\/person\\\/e1ab6ed07c01774724dd96f925f3a5f0\",\"name\":\"Exaudi Redazione\",\"image\":{\"@type\":\"ImageObject\",\"inLanguage\":\"it-IT\",\"@id\":\"https:\\\/\\\/secure.gravatar.com\\\/avatar\\\/ad6774b3ada023bf5b939d64f45c94b3adf91502dd883507d469b4308a943bb3?s=96&d=mm&r=g\",\"url\":\"https:\\\/\\\/secure.gravatar.com\\\/avatar\\\/ad6774b3ada023bf5b939d64f45c94b3adf91502dd883507d469b4308a943bb3?s=96&d=mm&r=g\",\"contentUrl\":\"https:\\\/\\\/secure.gravatar.com\\\/avatar\\\/ad6774b3ada023bf5b939d64f45c94b3adf91502dd883507d469b4308a943bb3?s=96&d=mm&r=g\",\"caption\":\"Exaudi Redazione\"},\"description\":\"Che cosa \u00e8 Exaudi News? Exaudi News \u00e8 un agenzia cattolica internazionale che informa, istruisce e trasforma quotidianamente in spagnolo, inglese e italiano. Attraverso notizie, articoli di analisi e trasmissioni in diretta degli eventi del Papa, Exaudi cerca di rafforzare l'unit\u00e0 dei cristiani e di contribuire all'evangelizzazione del mondo, sempre guidato dalla dottrina sociale della Chiesa. Lavoriamo per portare la verit\u00e0 e i valori cristiani in ogni angolo del pianeta. Aiutaci a trasformare il mondo con Exaudi! Noi di Exaudi crediamo che l'evangelizzazione e l'informazione di qualit\u00e0 possano cambiare la vita. Per continuare la nostra missione ed espandere la nostra portata, abbiamo bisogno del tuo aiuto. Stiamo anche cercando persone motivate che vogliano unirsi al nostro team. Grazie al vostro sostegno raggiungeremo pi\u00f9 persone, diffonderemo il messaggio di Cristo e rafforzeremo l'unit\u00e0 dei cristiani. Vuoi unirti alla nostra missione? Per maggiori informazioni su come contribuire, visita Exaudi.org\\\/it o contattaci direttamente: info@exaudi.org Exaudi: informa, forma e trasforma.\",\"sameAs\":[\"https:\\\/\\\/www.facebook.com\\\/ExaudiNotizie\\\/\",\"https:\\\/\\\/www.instagram.com\\\/Exaudi_notizie\\\/\",\"https:\\\/\\\/x.com\\\/Exaudi_Notizie\",\"https:\\\/\\\/www.youtube.com\\\/@exaudicatholicnews\"],\"url\":\"https:\\\/\\\/exaudi.org\\\/it\\\/author\\\/dlvedi-org\\\/\"}]}<\/script>\n<!-- \/ Yoast SEO plugin. -->","yoast_head_json":{"title":"G20 sull\u2019Afghanistan: si parli di libert\u00e0 religiosa &#8211; Exaudi","description":"ACS chiede che il G20 straordinario sull'Afghanistan inserisca all'ordine del giorno un punto sul rispetto del diritto alla libert\u00e0 religiosa","robots":{"index":"index","follow":"follow","max-snippet":"max-snippet:-1","max-image-preview":"max-image-preview:large","max-video-preview":"max-video-preview:-1"},"canonical":"https:\/\/exaudi.org\/it\/g20-sullafghanistan-si-parli-di-liberta-religiosa\/","og_locale":"it_IT","og_type":"article","og_title":"G20 sull\u2019Afghanistan: si parli di libert\u00e0 religiosa &#8211; Exaudi","og_description":"ACS chiede che il G20 straordinario sull'Afghanistan inserisca all'ordine del giorno un punto sul rispetto del diritto alla libert\u00e0 religiosa","og_url":"https:\/\/exaudi.org\/it\/g20-sullafghanistan-si-parli-di-liberta-religiosa\/","og_site_name":"Exaudi","article_publisher":"https:\/\/www.facebook.com\/ExaudiNews","article_author":"https:\/\/www.facebook.com\/ExaudiNotizie\/","article_published_time":"2021-08-31T14:10:08+00:00","og_image":[{"width":1280,"height":720,"url":"https:\/\/exaudi.org\/wp-content\/uploads\/2021\/08\/Donne-afghane-1.jpeg","type":"image\/jpeg"}],"author":"Exaudi Redazione","twitter_card":"summary_large_image","twitter_creator":"@Exaudi_Notizie","twitter_site":"@Exaudi_News","twitter_misc":{"Scritto da":"Exaudi Redazione","Tempo di lettura stimato":"2 minuti"},"schema":{"@context":"https:\/\/schema.org","@graph":[{"@type":"Article","@id":"https:\/\/exaudi.org\/it\/g20-sullafghanistan-si-parli-di-liberta-religiosa\/#article","isPartOf":{"@id":"https:\/\/exaudi.org\/it\/g20-sullafghanistan-si-parli-di-liberta-religiosa\/"},"author":{"name":"Exaudi Redazione","@id":"https:\/\/exaudi.org\/#\/schema\/person\/e1ab6ed07c01774724dd96f925f3a5f0"},"headline":"G20 sull\u2019Afghanistan: si parli di libert\u00e0 religiosa","datePublished":"2021-08-31T14:10:08+00:00","mainEntityOfPage":{"@id":"https:\/\/exaudi.org\/it\/g20-sullafghanistan-si-parli-di-liberta-religiosa\/"},"wordCount":404,"image":{"@id":"https:\/\/exaudi.org\/it\/g20-sullafghanistan-si-parli-di-liberta-religiosa\/#primaryimage"},"thumbnailUrl":"https:\/\/exaudi.org\/wp-content\/uploads\/2021\/08\/Donne-afghane-1.jpeg","keywords":["Acs","afghanistan","G20","libert\u00e0 religiosa"],"articleSection":["Chiesa e Mondo","Top Ultime Notizie","Ultime Notizie"],"inLanguage":"it-IT"},{"@type":"WebPage","@id":"https:\/\/exaudi.org\/it\/g20-sullafghanistan-si-parli-di-liberta-religiosa\/","url":"https:\/\/exaudi.org\/it\/g20-sullafghanistan-si-parli-di-liberta-religiosa\/","name":"G20 sull\u2019Afghanistan: si parli di libert\u00e0 religiosa &#8211; Exaudi","isPartOf":{"@id":"https:\/\/exaudi.org\/#website"},"primaryImageOfPage":{"@id":"https:\/\/exaudi.org\/it\/g20-sullafghanistan-si-parli-di-liberta-religiosa\/#primaryimage"},"image":{"@id":"https:\/\/exaudi.org\/it\/g20-sullafghanistan-si-parli-di-liberta-religiosa\/#primaryimage"},"thumbnailUrl":"https:\/\/exaudi.org\/wp-content\/uploads\/2021\/08\/Donne-afghane-1.jpeg","datePublished":"2021-08-31T14:10:08+00:00","author":{"@id":"https:\/\/exaudi.org\/#\/schema\/person\/e1ab6ed07c01774724dd96f925f3a5f0"},"description":"ACS chiede che il G20 straordinario sull'Afghanistan inserisca all'ordine del giorno un punto sul rispetto del diritto alla libert\u00e0 religiosa","breadcrumb":{"@id":"https:\/\/exaudi.org\/it\/g20-sullafghanistan-si-parli-di-liberta-religiosa\/#breadcrumb"},"inLanguage":"it-IT","potentialAction":[{"@type":"ReadAction","target":["https:\/\/exaudi.org\/it\/g20-sullafghanistan-si-parli-di-liberta-religiosa\/"]}]},{"@type":"ImageObject","inLanguage":"it-IT","@id":"https:\/\/exaudi.org\/it\/g20-sullafghanistan-si-parli-di-liberta-religiosa\/#primaryimage","url":"https:\/\/exaudi.org\/wp-content\/uploads\/2021\/08\/Donne-afghane-1.jpeg","contentUrl":"https:\/\/exaudi.org\/wp-content\/uploads\/2021\/08\/Donne-afghane-1.jpeg","width":1280,"height":720,"caption":"Donne afghane \u00a9 Vatican Media"},{"@type":"BreadcrumbList","@id":"https:\/\/exaudi.org\/it\/g20-sullafghanistan-si-parli-di-liberta-religiosa\/#breadcrumb","itemListElement":[{"@type":"ListItem","position":1,"name":"Portada","item":"https:\/\/exaudi.org\/it\/"},{"@type":"ListItem","position":2,"name":"G20 sull\u2019Afghanistan: si parli di libert\u00e0 religiosa"}]},{"@type":"WebSite","@id":"https:\/\/exaudi.org\/#website","url":"https:\/\/exaudi.org\/","name":"Exaudi","description":"News","potentialAction":[{"@type":"SearchAction","target":{"@type":"EntryPoint","urlTemplate":"https:\/\/exaudi.org\/?s={search_term_string}"},"query-input":{"@type":"PropertyValueSpecification","valueRequired":true,"valueName":"search_term_string"}}],"inLanguage":"it-IT"},{"@type":"Person","@id":"https:\/\/exaudi.org\/#\/schema\/person\/e1ab6ed07c01774724dd96f925f3a5f0","name":"Exaudi Redazione","image":{"@type":"ImageObject","inLanguage":"it-IT","@id":"https:\/\/secure.gravatar.com\/avatar\/ad6774b3ada023bf5b939d64f45c94b3adf91502dd883507d469b4308a943bb3?s=96&d=mm&r=g","url":"https:\/\/secure.gravatar.com\/avatar\/ad6774b3ada023bf5b939d64f45c94b3adf91502dd883507d469b4308a943bb3?s=96&d=mm&r=g","contentUrl":"https:\/\/secure.gravatar.com\/avatar\/ad6774b3ada023bf5b939d64f45c94b3adf91502dd883507d469b4308a943bb3?s=96&d=mm&r=g","caption":"Exaudi Redazione"},"description":"Che cosa \u00e8 Exaudi News? Exaudi News \u00e8 un agenzia cattolica internazionale che informa, istruisce e trasforma quotidianamente in spagnolo, inglese e italiano. Attraverso notizie, articoli di analisi e trasmissioni in diretta degli eventi del Papa, Exaudi cerca di rafforzare l'unit\u00e0 dei cristiani e di contribuire all'evangelizzazione del mondo, sempre guidato dalla dottrina sociale della Chiesa. Lavoriamo per portare la verit\u00e0 e i valori cristiani in ogni angolo del pianeta. Aiutaci a trasformare il mondo con Exaudi! Noi di Exaudi crediamo che l'evangelizzazione e l'informazione di qualit\u00e0 possano cambiare la vita. Per continuare la nostra missione ed espandere la nostra portata, abbiamo bisogno del tuo aiuto. Stiamo anche cercando persone motivate che vogliano unirsi al nostro team. Grazie al vostro sostegno raggiungeremo pi\u00f9 persone, diffonderemo il messaggio di Cristo e rafforzeremo l'unit\u00e0 dei cristiani. Vuoi unirti alla nostra missione? Per maggiori informazioni su come contribuire, visita Exaudi.org\/it o contattaci direttamente: info@exaudi.org Exaudi: informa, forma e trasforma.","sameAs":["https:\/\/www.facebook.com\/ExaudiNotizie\/","https:\/\/www.instagram.com\/Exaudi_notizie\/","https:\/\/x.com\/Exaudi_Notizie","https:\/\/www.youtube.com\/@exaudicatholicnews"],"url":"https:\/\/exaudi.org\/it\/author\/dlvedi-org\/"}]}},"jetpack_featured_media_url":"https:\/\/exaudi.org\/wp-content\/uploads\/2021\/08\/Donne-afghane-1.jpeg","jetpack_shortlink":"https:\/\/wp.me\/pgKjF2-8ag","_links":{"self":[{"href":"https:\/\/exaudi.org\/it\/wp-json\/wp\/v2\/posts\/31388","targetHints":{"allow":["GET"]}}],"collection":[{"href":"https:\/\/exaudi.org\/it\/wp-json\/wp\/v2\/posts"}],"about":[{"href":"https:\/\/exaudi.org\/it\/wp-json\/wp\/v2\/types\/post"}],"author":[{"embeddable":true,"href":"https:\/\/exaudi.org\/it\/wp-json\/wp\/v2\/users\/17"}],"replies":[{"embeddable":true,"href":"https:\/\/exaudi.org\/it\/wp-json\/wp\/v2\/comments?post=31388"}],"version-history":[{"count":0,"href":"https:\/\/exaudi.org\/it\/wp-json\/wp\/v2\/posts\/31388\/revisions"}],"wp:featuredmedia":[{"embeddable":true,"href":"https:\/\/exaudi.org\/it\/wp-json\/wp\/v2\/media\/31389"}],"wp:attachment":[{"href":"https:\/\/exaudi.org\/it\/wp-json\/wp\/v2\/media?parent=31388"}],"wp:term":[{"taxonomy":"category","embeddable":true,"href":"https:\/\/exaudi.org\/it\/wp-json\/wp\/v2\/categories?post=31388"},{"taxonomy":"post_tag","embeddable":true,"href":"https:\/\/exaudi.org\/it\/wp-json\/wp\/v2\/tags?post=31388"}],"curies":[{"name":"wp","href":"https:\/\/api.w.org\/{rel}","templated":true}]}}