{"id":30429,"date":"2021-08-18T12:13:36","date_gmt":"2021-08-18T10:13:36","guid":{"rendered":"https:\/\/exaudi.wpengine.com\/?p=30429"},"modified":"2021-08-18T12:53:40","modified_gmt":"2021-08-18T10:53:40","slug":"la-legge-e-il-pedagogo-che-porta-a-gesu","status":"publish","type":"post","link":"https:\/\/exaudi.org\/it\/la-legge-e-il-pedagogo-che-porta-a-gesu\/","title":{"rendered":"&#8220;La Legge \u00e8 il pedagogo che porta a Ges\u00f9&#8221;"},"content":{"rendered":"<p>I Comandamenti ci sono e vanno osservati ma chi giustifica \u00e8 Cristo, non la Legge. Continuando la sua catechesi sulla Lettera di San Paolo ai Galati, Papa Francesco nel corso dell\u2019udienza generale del mercoled\u00ec ha spiegato come dopo la venuta di Ges\u00f9 sia cambiato il \u201cmodo di essere\u201d della Legge. Ecco il testo del discorso del S. Padre sul tema &#8220;Il valore propedeutico della Legge&#8221;:<\/p>\n<p>Fratelli e sorelle, buongiorno! San Paolo, innamorato di Ges\u00f9 Cristo e che aveva capito bene cosa fosse la salvezza, ci ha insegnato che i \u00abfigli della promessa\u00bb &#8211; cio\u00e8 tutti noi, giustificati da Ges\u00f9 Cristo -, non stanno sotto il vincolo della Legge, ma sono chiamati allo stile di vita impegnativo nella libert\u00e0 del Vangelo. La Legge, per\u00f2, esiste. Ma esiste con un altro modo: la stessa Legge, i Dieci Comandamenti, ma con un altro modo, perch\u00e9 da se stessa non pu\u00f2 giustificare una volta che \u00e8 venuto il Signore Ges\u00f9. E perci\u00f2, nella catechesi di oggi io vorrei spiegare questo.<\/p>\n<figure id=\"attachment_30469\" aria-describedby=\"caption-attachment-30469\" style=\"width: 300px\" class=\"wp-caption alignleft\"><img loading=\"lazy\" decoding=\"async\" class=\"size-medium wp-image-30469\" src=\"https:\/\/exaudi.wpengine.com\/wp-content\/uploads\/2021\/08\/udienza-1-1-300x200.jpg\" alt=\"\" width=\"300\" height=\"200\" srcset=\"https:\/\/exaudi.org\/wp-content\/uploads\/2021\/08\/udienza-1-1-300x200.jpg 300w, https:\/\/exaudi.org\/wp-content\/uploads\/2021\/08\/udienza-1-1-1024x682.jpg 1024w, https:\/\/exaudi.org\/wp-content\/uploads\/2021\/08\/udienza-1-1-768x512.jpg 768w, https:\/\/exaudi.org\/wp-content\/uploads\/2021\/08\/udienza-1-1-1536x1024.jpg 1536w, https:\/\/exaudi.org\/wp-content\/uploads\/2021\/08\/udienza-1-1-2048x1365.jpg 2048w, https:\/\/exaudi.org\/wp-content\/uploads\/2021\/08\/udienza-1-1-150x100.jpg 150w, https:\/\/exaudi.org\/wp-content\/uploads\/2021\/08\/udienza-1-1-696x464.jpg 696w, https:\/\/exaudi.org\/wp-content\/uploads\/2021\/08\/udienza-1-1-1068x712.jpg 1068w, https:\/\/exaudi.org\/wp-content\/uploads\/2021\/08\/udienza-1-1-1920x1280.jpg 1920w, https:\/\/exaudi.org\/wp-content\/uploads\/2021\/08\/udienza-1-1-630x420.jpg 630w\" sizes=\"auto, (max-width: 300px) 100vw, 300px\" \/><figcaption id=\"caption-attachment-30469\" class=\"wp-caption-text\">\u00a9 Servizio Fotografico Vaticano<\/figcaption><\/figure>\n<p>E ci chiediamo: qual \u00e8, secondo la Lettera ai Galati, il ruolo della Legge? Nel brano che abbiamo ascoltato, Paolo sostiene che la Legge \u00e8 stata come un pedagogo. \u00c8 una bella immagine, quella del pedagogo di cui abbiamo parlato nell\u2019udienza scorsa, un\u2019immagine che merita di essere compresa nel suo giusto significato. L\u2019Apostolo sembra suggerire ai cristiani di dividere la storia della salvezza in due, e anche la sua storia personale. Sono due i momenti: prima di essere diventati credenti in Cristo Ges\u00f9 e dopo avere ricevuto la fede.<\/p>\n<h4>La Resurrezione al centro<\/h4>\n<p>Al centro si pone l\u2019evento della morte e risurrezione di Ges\u00f9, che Paolo ha predicato per suscitare la fede nel Figlio di Dio, fonte di salvezza e in Cristo Ges\u00f9 noi siamo giustificati. Siamo giustificati per la gratuit\u00e0 della fede in Cristo Ges\u00f9. Dunque, a partire dalla fede in Cristo c\u2019\u00e8 un \u201cprima\u201d e un \u201cdopo\u201d nei confronti della stessa Legge, perch\u00e9 la legge c\u2019\u00e8, i Comandamenti ci sono, ma c\u2019\u00e8 un atteggiamento prima della venuta di Ges\u00f9 e poi dopo.<\/p>\n<h4>Essere sotto la Legge<\/h4>\n<p>La storia precedente \u00e8 determinata dall\u2019essere \u201csotto la Legge\u201d. E chi andava sulla strada della Legge si salvava, era giustificato; quella successiva \u2013 dopo la venuta di Ges\u00f9 &#8211; va vissuta seguendo lo Spirito Santo. \u00c8 la prima volta che Paolo utilizza questa espressione: essere \u201csotto la Legge\u201d. Il significato sotteso comporta l\u2019idea di un asservimento negativo, tipico degli schiavi: \u201cessere sotto\u201d. L\u2019Apostolo lo esplicita dicendo che quando si \u00e8 \u201csotto la Legge\u201d si \u00e8 come dei \u201csorvegliati\u201d e dei \u201crinchiusi\u201d, una specie di custodia preventiva.<\/p>\n<figure id=\"attachment_30472\" aria-describedby=\"caption-attachment-30472\" style=\"width: 300px\" class=\"wp-caption alignright\"><img loading=\"lazy\" decoding=\"async\" class=\"size-medium wp-image-30472\" src=\"https:\/\/exaudi.wpengine.com\/wp-content\/uploads\/2021\/08\/udienza-2-1-300x200.jpg\" alt=\"\" width=\"300\" height=\"200\" srcset=\"https:\/\/exaudi.org\/wp-content\/uploads\/2021\/08\/udienza-2-1-300x200.jpg 300w, https:\/\/exaudi.org\/wp-content\/uploads\/2021\/08\/udienza-2-1-1024x682.jpg 1024w, https:\/\/exaudi.org\/wp-content\/uploads\/2021\/08\/udienza-2-1-768x512.jpg 768w, https:\/\/exaudi.org\/wp-content\/uploads\/2021\/08\/udienza-2-1-1536x1024.jpg 1536w, https:\/\/exaudi.org\/wp-content\/uploads\/2021\/08\/udienza-2-1-2048x1365.jpg 2048w, https:\/\/exaudi.org\/wp-content\/uploads\/2021\/08\/udienza-2-1-150x100.jpg 150w, https:\/\/exaudi.org\/wp-content\/uploads\/2021\/08\/udienza-2-1-696x464.jpg 696w, https:\/\/exaudi.org\/wp-content\/uploads\/2021\/08\/udienza-2-1-1068x712.jpg 1068w, https:\/\/exaudi.org\/wp-content\/uploads\/2021\/08\/udienza-2-1-1920x1280.jpg 1920w, https:\/\/exaudi.org\/wp-content\/uploads\/2021\/08\/udienza-2-1-630x420.jpg 630w\" sizes=\"auto, (max-width: 300px) 100vw, 300px\" \/><figcaption id=\"caption-attachment-30472\" class=\"wp-caption-text\">\u00a9 Servizio Fotografico Vaticano<\/figcaption><\/figure>\n<p>Questo tempo, dice San Paolo, \u00e8 durato a lungo \u2013 da Mos\u00e8, alla venuta di Ges\u00f9 -, e si perpetua finch\u00e9 si vive nel peccato. La relazione tra la Legge e il peccato verr\u00e0 esposta in maniera pi\u00f9 sistematica dall\u2019Apostolo nella sua Lettera ai Romani, scritta pochi anni dopo quella ai Galati. In sintesi, la Legge porta a definire la trasgressione e a rendere le persone consapevoli del proprio peccato: \u201cHai fatto questo, pertanto la Legge \u2013 i Dieci Comandamenti \u2013 dice questo: tu sei in peccato\u201d. Anzi, come insegna l\u2019esperienza comune, il precetto finisce per stimolare la trasgressione.<\/p>\n<h4>Il ruolo del pedagogo<\/h4>\n<p>Scrive cos\u00ec nella Lettera ai Romani: \u00abQuando eravamo nella debolezza della carne, le passioni peccaminose, stimolate dalla Legge, si scatenavano nelle nostre membra al fine di portare frutti per la morte. Ora invece, morti a ci\u00f2 che ci teneva prigionieri, siamo stati liberati dalla Legge\u00bb. Perch\u00e9? Perch\u00e9 \u00e8 venuta la giustificazione di Ges\u00f9 Cristo. Paolo fissa la sua visione della Legge: \u00abIl pungiglione della morte \u00e8 il peccato e la forza del peccato \u00e8 la Legge\u00bb. Un dialogo: tu sei sotto la Legge, e sei l\u00ec con la porta aperta al peccato. In questo contesto acquista il suo senso pieno il riferimento al ruolo pedagogico svolto dalla Legge. Ma la Legge \u00e8 il pedagogo, che ti porta, dove? A Ges\u00f9.<\/p>\n<p>Nel sistema scolastico dell\u2019antichit\u00e0 il pedagogo non aveva la funzione che oggi noi gli attribuiamo, vale a dire quella di sostenere l\u2019educazione di un ragazzo o di una ragazza. All\u2019epoca, si trattava invece di uno schiavo che aveva l\u2019incarico di accompagnare dal maestro il figlio del padrone e poi riportarlo a casa. Doveva cos\u00ec proteggerlo dai pericoli, sorvegliarlo perch\u00e9 non assumesse comportamenti scorretti. La sua funzione era piuttosto disciplinare. Quando il ragazzo diventava adulto, il pedagogo cessava dalle sue funzioni. Il pedagogo al quale si riferisce Paolo, non era l\u2019insegnante, ma era quello che accompagnava a scuola, sorvegliava il ragazzo e lo portava a casa.<\/p>\n<h4>La protezione della Legge<\/h4>\n<p>Riferirsi alla Legge in questi termini permette a San Paolo di chiarificare la funzione da essa svolta nella storia di Israele. La Torah, cio\u00e8 la Legge, era stata un atto di magnanimit\u00e0 da parte di Dio nei confronti del suo popolo. Dopo l\u2019elezione di Abramo, l\u2019altro atto grande \u00e8 stata la Legge: fissare la strada per andare avanti. Certamente aveva avuto delle funzioni restrittive, ma nello stesso tempo aveva protetto il popolo, lo aveva educato, disciplinato e sostenuto nella sua debolezza, soprattutto la protezione davanti al paganesimo; c\u2019erano tanti atteggiamenti pagani in quei tempi. La Torah dice: \u201cC\u2019\u00e8 un unico Dio e ci ha messo in cammino\u201d. Un atto di bont\u00e0 del Signore.<\/p>\n<p>E certamente, come avevo detto, aveva avuto delle funzioni restrittive, ma nello stesso tempo aveva protetto il popolo, lo aveva educato, lo aveva disciplinato, lo aveva sostenuto nella sua debolezza. \u00c8 per questo che l\u2019Apostolo si sofferma successivamente nel descrivere la fase dell\u2019et\u00e0 minorenne. E dice cos\u00ec: \u00abPer tutto il tempo che l\u2019erede \u00e8 fanciullo, non \u00e8 per nulla differente da uno schiavo, bench\u00e9 sia padrone di tutto, ma dipende da tutori e amministratori fino al termine prestabilito dal padre. Cos\u00ec anche noi, quando eravamo fanciulli, eravamo schiavi degli elementi del mondo\u00bb.<\/p>\n<h4>Chi giustifica \u00e8 Cristo<\/h4>\n<p>Insomma, la convinzione dell\u2019Apostolo \u00e8 che la Legge possiede certamente una sua funzione positiva &#8211; quindi come pedagogo nel portare avanti -, ma \u00e8 una funzione limitata nel tempo. Non si pu\u00f2 estendere la sua durata oltre misura, perch\u00e9 \u00e8 legata alla maturazione delle persone e alla loro scelta di libert\u00e0. Una volta che si giunge alla fede, la Legge esaurisce la sua valenza propedeutica e deve cedere il posto a un\u2019altra autorit\u00e0.<\/p>\n<p>Questo cosa vuol dire? Che finita la Legge noi possiamo dire: \u201cCrediamo in Ges\u00f9 Cristo e facciamo quello che vogliamo? \u201cNo! I Comandamenti ci sono, ma non ci giustificano. Quello che ci giustifica \u00e8 Ges\u00f9 Cristo. I Comandamenti si devono osservare, ma non ci danno la giustizia; c\u2019\u00e8 la gratuit\u00e0 di Ges\u00f9 Cristo, l\u2019incontro con Ges\u00f9 Cristo che ci giustifica gratuitamente. Il merito della fede \u00e8 ricevere Ges\u00f9. L\u2019unico merito: aprire il cuore. E che cosa facciamo con i Comandamenti? Dobbiamo osservarli, ma come aiuto all\u2019incontro con Ges\u00f9 Cristo.<\/p>\n<h4>La grazia dei figli di Dio<\/h4>\n<p>Questo insegnamento sul valore della legge \u00e8 molto importante e merita di essere considerato con attenzione per non cadere in equivoci e compiere passi falsi. Ci far\u00e0 bene chiederci se viviamo ancora nel periodo in cui abbiamo bisogno della Legge, o se invece siamo ben consapevoli di aver ricevuto la grazia di essere diventati figli di Dio per vivere nell\u2019amore. Come vivo io? Nella paura che se non faccio questo andr\u00f2 all\u2019inferno? O vivo anche con quella speranza, con quella gioia della gratuit\u00e0 della salvezza in Ges\u00f9 Cristo? \u00c8 una bella domanda. E anche la seconda: disprezzo i Comandamenti? No. Li osservo, ma non come assoluti, perch\u00e9 so che quello che mi giustifica \u00e8 Ges\u00f9 Cristo.<\/p>\n<h4>I saluti<\/h4>\n<figure id=\"attachment_30476\" aria-describedby=\"caption-attachment-30476\" style=\"width: 300px\" class=\"wp-caption alignleft\"><img loading=\"lazy\" decoding=\"async\" class=\"size-medium wp-image-30476\" src=\"https:\/\/exaudi.wpengine.com\/wp-content\/uploads\/2021\/08\/udienza-3-1-300x200.jpg\" alt=\"\" width=\"300\" height=\"200\" srcset=\"https:\/\/exaudi.org\/wp-content\/uploads\/2021\/08\/udienza-3-1-300x200.jpg 300w, https:\/\/exaudi.org\/wp-content\/uploads\/2021\/08\/udienza-3-1-1024x682.jpg 1024w, https:\/\/exaudi.org\/wp-content\/uploads\/2021\/08\/udienza-3-1-768x512.jpg 768w, https:\/\/exaudi.org\/wp-content\/uploads\/2021\/08\/udienza-3-1-1536x1024.jpg 1536w, https:\/\/exaudi.org\/wp-content\/uploads\/2021\/08\/udienza-3-1-2048x1365.jpg 2048w, https:\/\/exaudi.org\/wp-content\/uploads\/2021\/08\/udienza-3-1-150x100.jpg 150w, https:\/\/exaudi.org\/wp-content\/uploads\/2021\/08\/udienza-3-1-696x464.jpg 696w, https:\/\/exaudi.org\/wp-content\/uploads\/2021\/08\/udienza-3-1-1068x712.jpg 1068w, https:\/\/exaudi.org\/wp-content\/uploads\/2021\/08\/udienza-3-1-1920x1280.jpg 1920w, https:\/\/exaudi.org\/wp-content\/uploads\/2021\/08\/udienza-3-1-630x420.jpg 630w\" sizes=\"auto, (max-width: 300px) 100vw, 300px\" \/><figcaption id=\"caption-attachment-30476\" class=\"wp-caption-text\">\u00a9 Servizio Fotografico Vaticano<\/figcaption><\/figure>\n<p>Al termine il S. Padre come di consueto ha rivolto i suoi saluti ai pellegrini. Ecco quello ai fedeli di lingua italiana: Rivolgo un cordiale benvenuto ai pellegrini di lingua italiana. In particolare, saluto i Fratelli della Carit\u00e0, i sacerdoti novelli di Mantova e di Parma, i giovani dell\u2019Oratorio di Nembro, i fedeli di Castello di Godego. Il mio pensiero va infine, come di consueto, agli anziani, agli ammalati, ai giovani e agli sposi novelli. Cari anziani e cari ammalati, abbiate nella vecchiaia e nella sofferenza il conforto della presenza materna di Maria, segno di sicura speranza. E voi, cari giovani, nel costruire il vostro futuro mettete sempre al primo posto la chiamata di Cristo. A voi, cari sposi novelli, auguro che il vostro amore sia specchio di quello infinito ed eterno di Dio. A tutti la mia Benedizione.<\/p>\n","protected":false},"excerpt":{"rendered":"<p>Prosegue la catechesi del Papa sulla Lettera ai Galati: i Comandamenti vanno osservati ma chi giustifica \u00e8 Cristo<\/p>\n","protected":false},"author":17,"featured_media":30430,"comment_status":"closed","ping_status":"closed","sticky":false,"template":"","format":"standard","meta":{"_acf_changed":false,"_crdt_document":"","inline_featured_image":false,"footnotes":""},"categories":[111],"tags":[2487,3734,251,579],"class_list":["post-30429","post","type-post","status-publish","format-standard","has-post-thumbnail","hentry","category-udienza-generale","tag-featured-3","tag-legge","tag-papa-francesco","tag-udienza-generale"],"acf":[],"yoast_head":"<!-- This site is optimized with the Yoast SEO plugin v27.5 - https:\/\/yoast.com\/product\/yoast-seo-wordpress\/ -->\n<title>&quot;La Legge \u00e8 il pedagogo che porta a Ges\u00f9&quot; &#8211; Exaudi<\/title>\n<meta name=\"description\" content=\"Prosegue la catechesi del Papa sulla Lettera ai Galati: la Legge, cio\u00e8 i Comandamenti, vanno osservati ma chi giustifica \u00e8 Cristo\" \/>\n<meta name=\"robots\" content=\"index, follow, max-snippet:-1, max-image-preview:large, max-video-preview:-1\" \/>\n<link rel=\"canonical\" href=\"https:\/\/exaudi.org\/it\/la-legge-e-il-pedagogo-che-porta-a-gesu\/\" \/>\n<meta property=\"og:locale\" content=\"it_IT\" \/>\n<meta property=\"og:type\" content=\"article\" \/>\n<meta property=\"og:title\" content=\"&quot;La Legge \u00e8 il pedagogo che porta a Ges\u00f9&quot; &#8211; Exaudi\" \/>\n<meta property=\"og:description\" content=\"Prosegue la catechesi del Papa sulla Lettera ai Galati: la Legge, cio\u00e8 i Comandamenti, vanno osservati ma chi giustifica \u00e8 Cristo\" \/>\n<meta property=\"og:url\" content=\"https:\/\/exaudi.org\/it\/la-legge-e-il-pedagogo-che-porta-a-gesu\/\" \/>\n<meta property=\"og:site_name\" content=\"Exaudi\" \/>\n<meta property=\"article:publisher\" content=\"https:\/\/www.facebook.com\/ExaudiNews\" \/>\n<meta property=\"article:author\" content=\"https:\/\/www.facebook.com\/ExaudiNotizie\/\" \/>\n<meta property=\"article:published_time\" content=\"2021-08-18T10:13:36+00:00\" \/>\n<meta property=\"article:modified_time\" content=\"2021-08-18T10:53:40+00:00\" \/>\n<meta property=\"og:image\" content=\"https:\/\/exaudi.org\/wp-content\/uploads\/2021\/08\/udienza-generale-scaled.jpg\" \/>\n\t<meta property=\"og:image:width\" content=\"2560\" \/>\n\t<meta property=\"og:image:height\" content=\"1583\" \/>\n\t<meta property=\"og:image:type\" content=\"image\/jpeg\" \/>\n<meta name=\"author\" content=\"Exaudi Redazione\" \/>\n<meta name=\"twitter:card\" content=\"summary_large_image\" \/>\n<meta name=\"twitter:creator\" content=\"@Exaudi_Notizie\" \/>\n<meta name=\"twitter:site\" content=\"@Exaudi_News\" \/>\n<meta name=\"twitter:label1\" content=\"Scritto da\" \/>\n\t<meta name=\"twitter:data1\" content=\"Exaudi Redazione\" \/>\n\t<meta name=\"twitter:label2\" content=\"Tempo di lettura stimato\" \/>\n\t<meta name=\"twitter:data2\" content=\"7 minuti\" \/>\n<script type=\"application\/ld+json\" class=\"yoast-schema-graph\">{\"@context\":\"https:\\\/\\\/schema.org\",\"@graph\":[{\"@type\":\"Article\",\"@id\":\"https:\\\/\\\/exaudi.org\\\/it\\\/la-legge-e-il-pedagogo-che-porta-a-gesu\\\/#article\",\"isPartOf\":{\"@id\":\"https:\\\/\\\/exaudi.org\\\/it\\\/la-legge-e-il-pedagogo-che-porta-a-gesu\\\/\"},\"author\":{\"name\":\"Exaudi Redazione\",\"@id\":\"https:\\\/\\\/exaudi.org\\\/#\\\/schema\\\/person\\\/e1ab6ed07c01774724dd96f925f3a5f0\"},\"headline\":\"&#8220;La Legge \u00e8 il pedagogo che porta a Ges\u00f9&#8221;\",\"datePublished\":\"2021-08-18T10:13:36+00:00\",\"dateModified\":\"2021-08-18T10:53:40+00:00\",\"mainEntityOfPage\":{\"@id\":\"https:\\\/\\\/exaudi.org\\\/it\\\/la-legge-e-il-pedagogo-che-porta-a-gesu\\\/\"},\"wordCount\":1432,\"image\":{\"@id\":\"https:\\\/\\\/exaudi.org\\\/it\\\/la-legge-e-il-pedagogo-che-porta-a-gesu\\\/#primaryimage\"},\"thumbnailUrl\":\"https:\\\/\\\/exaudi.org\\\/wp-content\\\/uploads\\\/2021\\\/08\\\/udienza-generale-scaled.jpg\",\"keywords\":[\"Featured\",\"Legge\",\"Papa Francesco\",\"udienza generale\"],\"articleSection\":[\"Udienza generale\"],\"inLanguage\":\"it-IT\"},{\"@type\":\"WebPage\",\"@id\":\"https:\\\/\\\/exaudi.org\\\/it\\\/la-legge-e-il-pedagogo-che-porta-a-gesu\\\/\",\"url\":\"https:\\\/\\\/exaudi.org\\\/it\\\/la-legge-e-il-pedagogo-che-porta-a-gesu\\\/\",\"name\":\"\\\"La Legge \u00e8 il pedagogo che porta a Ges\u00f9\\\" &#8211; Exaudi\",\"isPartOf\":{\"@id\":\"https:\\\/\\\/exaudi.org\\\/#website\"},\"primaryImageOfPage\":{\"@id\":\"https:\\\/\\\/exaudi.org\\\/it\\\/la-legge-e-il-pedagogo-che-porta-a-gesu\\\/#primaryimage\"},\"image\":{\"@id\":\"https:\\\/\\\/exaudi.org\\\/it\\\/la-legge-e-il-pedagogo-che-porta-a-gesu\\\/#primaryimage\"},\"thumbnailUrl\":\"https:\\\/\\\/exaudi.org\\\/wp-content\\\/uploads\\\/2021\\\/08\\\/udienza-generale-scaled.jpg\",\"datePublished\":\"2021-08-18T10:13:36+00:00\",\"dateModified\":\"2021-08-18T10:53:40+00:00\",\"author\":{\"@id\":\"https:\\\/\\\/exaudi.org\\\/#\\\/schema\\\/person\\\/e1ab6ed07c01774724dd96f925f3a5f0\"},\"description\":\"Prosegue la catechesi del Papa sulla Lettera ai Galati: la Legge, cio\u00e8 i Comandamenti, vanno osservati ma chi giustifica \u00e8 Cristo\",\"breadcrumb\":{\"@id\":\"https:\\\/\\\/exaudi.org\\\/it\\\/la-legge-e-il-pedagogo-che-porta-a-gesu\\\/#breadcrumb\"},\"inLanguage\":\"it-IT\",\"potentialAction\":[{\"@type\":\"ReadAction\",\"target\":[\"https:\\\/\\\/exaudi.org\\\/it\\\/la-legge-e-il-pedagogo-che-porta-a-gesu\\\/\"]}]},{\"@type\":\"ImageObject\",\"inLanguage\":\"it-IT\",\"@id\":\"https:\\\/\\\/exaudi.org\\\/it\\\/la-legge-e-il-pedagogo-che-porta-a-gesu\\\/#primaryimage\",\"url\":\"https:\\\/\\\/exaudi.org\\\/wp-content\\\/uploads\\\/2021\\\/08\\\/udienza-generale-scaled.jpg\",\"contentUrl\":\"https:\\\/\\\/exaudi.org\\\/wp-content\\\/uploads\\\/2021\\\/08\\\/udienza-generale-scaled.jpg\",\"width\":2560,\"height\":1583,\"caption\":\"L'udienza generale \u00a9 Vatican Media\"},{\"@type\":\"BreadcrumbList\",\"@id\":\"https:\\\/\\\/exaudi.org\\\/it\\\/la-legge-e-il-pedagogo-che-porta-a-gesu\\\/#breadcrumb\",\"itemListElement\":[{\"@type\":\"ListItem\",\"position\":1,\"name\":\"Portada\",\"item\":\"https:\\\/\\\/exaudi.org\\\/it\\\/\"},{\"@type\":\"ListItem\",\"position\":2,\"name\":\"&#8220;La Legge \u00e8 il pedagogo che porta a Ges\u00f9&#8221;\"}]},{\"@type\":\"WebSite\",\"@id\":\"https:\\\/\\\/exaudi.org\\\/#website\",\"url\":\"https:\\\/\\\/exaudi.org\\\/\",\"name\":\"Exaudi\",\"description\":\"News\",\"potentialAction\":[{\"@type\":\"SearchAction\",\"target\":{\"@type\":\"EntryPoint\",\"urlTemplate\":\"https:\\\/\\\/exaudi.org\\\/?s={search_term_string}\"},\"query-input\":{\"@type\":\"PropertyValueSpecification\",\"valueRequired\":true,\"valueName\":\"search_term_string\"}}],\"inLanguage\":\"it-IT\"},{\"@type\":\"Person\",\"@id\":\"https:\\\/\\\/exaudi.org\\\/#\\\/schema\\\/person\\\/e1ab6ed07c01774724dd96f925f3a5f0\",\"name\":\"Exaudi Redazione\",\"image\":{\"@type\":\"ImageObject\",\"inLanguage\":\"it-IT\",\"@id\":\"https:\\\/\\\/secure.gravatar.com\\\/avatar\\\/ad6774b3ada023bf5b939d64f45c94b3adf91502dd883507d469b4308a943bb3?s=96&d=mm&r=g\",\"url\":\"https:\\\/\\\/secure.gravatar.com\\\/avatar\\\/ad6774b3ada023bf5b939d64f45c94b3adf91502dd883507d469b4308a943bb3?s=96&d=mm&r=g\",\"contentUrl\":\"https:\\\/\\\/secure.gravatar.com\\\/avatar\\\/ad6774b3ada023bf5b939d64f45c94b3adf91502dd883507d469b4308a943bb3?s=96&d=mm&r=g\",\"caption\":\"Exaudi Redazione\"},\"description\":\"Che cosa \u00e8 Exaudi News? Exaudi News \u00e8 un agenzia cattolica internazionale che informa, istruisce e trasforma quotidianamente in spagnolo, inglese e italiano. Attraverso notizie, articoli di analisi e trasmissioni in diretta degli eventi del Papa, Exaudi cerca di rafforzare l'unit\u00e0 dei cristiani e di contribuire all'evangelizzazione del mondo, sempre guidato dalla dottrina sociale della Chiesa. Lavoriamo per portare la verit\u00e0 e i valori cristiani in ogni angolo del pianeta. Aiutaci a trasformare il mondo con Exaudi! Noi di Exaudi crediamo che l'evangelizzazione e l'informazione di qualit\u00e0 possano cambiare la vita. Per continuare la nostra missione ed espandere la nostra portata, abbiamo bisogno del tuo aiuto. Stiamo anche cercando persone motivate che vogliano unirsi al nostro team. Grazie al vostro sostegno raggiungeremo pi\u00f9 persone, diffonderemo il messaggio di Cristo e rafforzeremo l'unit\u00e0 dei cristiani. Vuoi unirti alla nostra missione? Per maggiori informazioni su come contribuire, visita Exaudi.org\\\/it o contattaci direttamente: info@exaudi.org Exaudi: informa, forma e trasforma.\",\"sameAs\":[\"https:\\\/\\\/www.facebook.com\\\/ExaudiNotizie\\\/\",\"https:\\\/\\\/www.instagram.com\\\/Exaudi_notizie\\\/\",\"https:\\\/\\\/x.com\\\/Exaudi_Notizie\",\"https:\\\/\\\/www.youtube.com\\\/@exaudicatholicnews\"],\"url\":\"https:\\\/\\\/exaudi.org\\\/it\\\/author\\\/dlvedi-org\\\/\"}]}<\/script>\n<!-- \/ Yoast SEO plugin. -->","yoast_head_json":{"title":"\"La Legge \u00e8 il pedagogo che porta a Ges\u00f9\" &#8211; Exaudi","description":"Prosegue la catechesi del Papa sulla Lettera ai Galati: la Legge, cio\u00e8 i Comandamenti, vanno osservati ma chi giustifica \u00e8 Cristo","robots":{"index":"index","follow":"follow","max-snippet":"max-snippet:-1","max-image-preview":"max-image-preview:large","max-video-preview":"max-video-preview:-1"},"canonical":"https:\/\/exaudi.org\/it\/la-legge-e-il-pedagogo-che-porta-a-gesu\/","og_locale":"it_IT","og_type":"article","og_title":"\"La Legge \u00e8 il pedagogo che porta a Ges\u00f9\" &#8211; Exaudi","og_description":"Prosegue la catechesi del Papa sulla Lettera ai Galati: la Legge, cio\u00e8 i Comandamenti, vanno osservati ma chi giustifica \u00e8 Cristo","og_url":"https:\/\/exaudi.org\/it\/la-legge-e-il-pedagogo-che-porta-a-gesu\/","og_site_name":"Exaudi","article_publisher":"https:\/\/www.facebook.com\/ExaudiNews","article_author":"https:\/\/www.facebook.com\/ExaudiNotizie\/","article_published_time":"2021-08-18T10:13:36+00:00","article_modified_time":"2021-08-18T10:53:40+00:00","og_image":[{"width":2560,"height":1583,"url":"https:\/\/exaudi.org\/wp-content\/uploads\/2021\/08\/udienza-generale-scaled.jpg","type":"image\/jpeg"}],"author":"Exaudi Redazione","twitter_card":"summary_large_image","twitter_creator":"@Exaudi_Notizie","twitter_site":"@Exaudi_News","twitter_misc":{"Scritto da":"Exaudi Redazione","Tempo di lettura stimato":"7 minuti"},"schema":{"@context":"https:\/\/schema.org","@graph":[{"@type":"Article","@id":"https:\/\/exaudi.org\/it\/la-legge-e-il-pedagogo-che-porta-a-gesu\/#article","isPartOf":{"@id":"https:\/\/exaudi.org\/it\/la-legge-e-il-pedagogo-che-porta-a-gesu\/"},"author":{"name":"Exaudi Redazione","@id":"https:\/\/exaudi.org\/#\/schema\/person\/e1ab6ed07c01774724dd96f925f3a5f0"},"headline":"&#8220;La Legge \u00e8 il pedagogo che porta a Ges\u00f9&#8221;","datePublished":"2021-08-18T10:13:36+00:00","dateModified":"2021-08-18T10:53:40+00:00","mainEntityOfPage":{"@id":"https:\/\/exaudi.org\/it\/la-legge-e-il-pedagogo-che-porta-a-gesu\/"},"wordCount":1432,"image":{"@id":"https:\/\/exaudi.org\/it\/la-legge-e-il-pedagogo-che-porta-a-gesu\/#primaryimage"},"thumbnailUrl":"https:\/\/exaudi.org\/wp-content\/uploads\/2021\/08\/udienza-generale-scaled.jpg","keywords":["Featured","Legge","Papa Francesco","udienza generale"],"articleSection":["Udienza generale"],"inLanguage":"it-IT"},{"@type":"WebPage","@id":"https:\/\/exaudi.org\/it\/la-legge-e-il-pedagogo-che-porta-a-gesu\/","url":"https:\/\/exaudi.org\/it\/la-legge-e-il-pedagogo-che-porta-a-gesu\/","name":"\"La Legge \u00e8 il pedagogo che porta a Ges\u00f9\" &#8211; Exaudi","isPartOf":{"@id":"https:\/\/exaudi.org\/#website"},"primaryImageOfPage":{"@id":"https:\/\/exaudi.org\/it\/la-legge-e-il-pedagogo-che-porta-a-gesu\/#primaryimage"},"image":{"@id":"https:\/\/exaudi.org\/it\/la-legge-e-il-pedagogo-che-porta-a-gesu\/#primaryimage"},"thumbnailUrl":"https:\/\/exaudi.org\/wp-content\/uploads\/2021\/08\/udienza-generale-scaled.jpg","datePublished":"2021-08-18T10:13:36+00:00","dateModified":"2021-08-18T10:53:40+00:00","author":{"@id":"https:\/\/exaudi.org\/#\/schema\/person\/e1ab6ed07c01774724dd96f925f3a5f0"},"description":"Prosegue la catechesi del Papa sulla Lettera ai Galati: la Legge, cio\u00e8 i Comandamenti, vanno osservati ma chi giustifica \u00e8 Cristo","breadcrumb":{"@id":"https:\/\/exaudi.org\/it\/la-legge-e-il-pedagogo-che-porta-a-gesu\/#breadcrumb"},"inLanguage":"it-IT","potentialAction":[{"@type":"ReadAction","target":["https:\/\/exaudi.org\/it\/la-legge-e-il-pedagogo-che-porta-a-gesu\/"]}]},{"@type":"ImageObject","inLanguage":"it-IT","@id":"https:\/\/exaudi.org\/it\/la-legge-e-il-pedagogo-che-porta-a-gesu\/#primaryimage","url":"https:\/\/exaudi.org\/wp-content\/uploads\/2021\/08\/udienza-generale-scaled.jpg","contentUrl":"https:\/\/exaudi.org\/wp-content\/uploads\/2021\/08\/udienza-generale-scaled.jpg","width":2560,"height":1583,"caption":"L'udienza generale \u00a9 Vatican Media"},{"@type":"BreadcrumbList","@id":"https:\/\/exaudi.org\/it\/la-legge-e-il-pedagogo-che-porta-a-gesu\/#breadcrumb","itemListElement":[{"@type":"ListItem","position":1,"name":"Portada","item":"https:\/\/exaudi.org\/it\/"},{"@type":"ListItem","position":2,"name":"&#8220;La Legge \u00e8 il pedagogo che porta a Ges\u00f9&#8221;"}]},{"@type":"WebSite","@id":"https:\/\/exaudi.org\/#website","url":"https:\/\/exaudi.org\/","name":"Exaudi","description":"News","potentialAction":[{"@type":"SearchAction","target":{"@type":"EntryPoint","urlTemplate":"https:\/\/exaudi.org\/?s={search_term_string}"},"query-input":{"@type":"PropertyValueSpecification","valueRequired":true,"valueName":"search_term_string"}}],"inLanguage":"it-IT"},{"@type":"Person","@id":"https:\/\/exaudi.org\/#\/schema\/person\/e1ab6ed07c01774724dd96f925f3a5f0","name":"Exaudi Redazione","image":{"@type":"ImageObject","inLanguage":"it-IT","@id":"https:\/\/secure.gravatar.com\/avatar\/ad6774b3ada023bf5b939d64f45c94b3adf91502dd883507d469b4308a943bb3?s=96&d=mm&r=g","url":"https:\/\/secure.gravatar.com\/avatar\/ad6774b3ada023bf5b939d64f45c94b3adf91502dd883507d469b4308a943bb3?s=96&d=mm&r=g","contentUrl":"https:\/\/secure.gravatar.com\/avatar\/ad6774b3ada023bf5b939d64f45c94b3adf91502dd883507d469b4308a943bb3?s=96&d=mm&r=g","caption":"Exaudi Redazione"},"description":"Che cosa \u00e8 Exaudi News? Exaudi News \u00e8 un agenzia cattolica internazionale che informa, istruisce e trasforma quotidianamente in spagnolo, inglese e italiano. Attraverso notizie, articoli di analisi e trasmissioni in diretta degli eventi del Papa, Exaudi cerca di rafforzare l'unit\u00e0 dei cristiani e di contribuire all'evangelizzazione del mondo, sempre guidato dalla dottrina sociale della Chiesa. Lavoriamo per portare la verit\u00e0 e i valori cristiani in ogni angolo del pianeta. Aiutaci a trasformare il mondo con Exaudi! Noi di Exaudi crediamo che l'evangelizzazione e l'informazione di qualit\u00e0 possano cambiare la vita. Per continuare la nostra missione ed espandere la nostra portata, abbiamo bisogno del tuo aiuto. Stiamo anche cercando persone motivate che vogliano unirsi al nostro team. Grazie al vostro sostegno raggiungeremo pi\u00f9 persone, diffonderemo il messaggio di Cristo e rafforzeremo l'unit\u00e0 dei cristiani. Vuoi unirti alla nostra missione? Per maggiori informazioni su come contribuire, visita Exaudi.org\/it o contattaci direttamente: info@exaudi.org Exaudi: informa, forma e trasforma.","sameAs":["https:\/\/www.facebook.com\/ExaudiNotizie\/","https:\/\/www.instagram.com\/Exaudi_notizie\/","https:\/\/x.com\/Exaudi_Notizie","https:\/\/www.youtube.com\/@exaudicatholicnews"],"url":"https:\/\/exaudi.org\/it\/author\/dlvedi-org\/"}]}},"jetpack_featured_media_url":"https:\/\/exaudi.org\/wp-content\/uploads\/2021\/08\/udienza-generale-scaled.jpg","jetpack_shortlink":"https:\/\/wp.me\/pgKjF2-7UN","_links":{"self":[{"href":"https:\/\/exaudi.org\/it\/wp-json\/wp\/v2\/posts\/30429","targetHints":{"allow":["GET"]}}],"collection":[{"href":"https:\/\/exaudi.org\/it\/wp-json\/wp\/v2\/posts"}],"about":[{"href":"https:\/\/exaudi.org\/it\/wp-json\/wp\/v2\/types\/post"}],"author":[{"embeddable":true,"href":"https:\/\/exaudi.org\/it\/wp-json\/wp\/v2\/users\/17"}],"replies":[{"embeddable":true,"href":"https:\/\/exaudi.org\/it\/wp-json\/wp\/v2\/comments?post=30429"}],"version-history":[{"count":0,"href":"https:\/\/exaudi.org\/it\/wp-json\/wp\/v2\/posts\/30429\/revisions"}],"wp:featuredmedia":[{"embeddable":true,"href":"https:\/\/exaudi.org\/it\/wp-json\/wp\/v2\/media\/30430"}],"wp:attachment":[{"href":"https:\/\/exaudi.org\/it\/wp-json\/wp\/v2\/media?parent=30429"}],"wp:term":[{"taxonomy":"category","embeddable":true,"href":"https:\/\/exaudi.org\/it\/wp-json\/wp\/v2\/categories?post=30429"},{"taxonomy":"post_tag","embeddable":true,"href":"https:\/\/exaudi.org\/it\/wp-json\/wp\/v2\/tags?post=30429"}],"curies":[{"name":"wp","href":"https:\/\/api.w.org\/{rel}","templated":true}]}}