{"id":29654,"date":"2021-08-05T16:46:50","date_gmt":"2021-08-05T14:46:50","guid":{"rendered":"https:\/\/exaudi.wpengine.com\/?p=29654"},"modified":"2021-08-05T16:46:50","modified_gmt":"2021-08-05T14:46:50","slug":"preghiera-e-aiuti-per-lindia-devastata-dal-covid","status":"publish","type":"post","link":"https:\/\/exaudi.org\/it\/preghiera-e-aiuti-per-lindia-devastata-dal-covid\/","title":{"rendered":"Preghiera e aiuti per l&#8217;India devastata dal Covid"},"content":{"rendered":"<p>La pandemia di Covi-19 ha colpito duro ovunque ma alcuni Paesi, come l\u2019India, stanno soffrendo pi\u00f9 di altri. In questo periodo di grandissima difficolt\u00e0, soprattutto per la minoranza cattolica, la Chiesa di rito latino in India ha organizzato per sabato prossimo, 7 agosto, dalle 20.30 alle 21.30, un&#8217;iniziativa di preghiera per implorare la fine della pandemia.<\/p>\n<h4>Iniziativa della fondazione ACS<\/h4>\n<p>Intanto non si ferma la macchina della solidariet\u00e0. In particolare, la fondazione pontificia Aiuto alla Chiesa che Soffre ha approvato un ampio programma di soccorso composto da quasi 200 progetti per proteggere dalla pandemia sacerdoti, religiosi, catechisti, le loro famiglie e comunit\u00e0 intere in pi\u00f9 di 140 diocesi del subcontinente indiano. Per dare corpo a questo ambizioso pacchetto di aiuti saranno necessari oltre 5 milioni di euro, che verranno raccolti dalle 23 Sezioni nazionali della fondazione, compresa quella italiana.<\/p>\n<h4>Scarseggia anche il cibo<\/h4>\n<p>Quando l&#8217;India \u00e8 arrivata la prima ondata della pandemia, tra giugno e settembre 2020, le istituzioni cattoliche locali hanno fatto fronte alla crisi attingendo alle loro gi\u00e0 magre riserve finanziarie. Purtroppo, dopo oltre un anno di impegno per sostenere e proteggere le proprie comunit\u00e0, i fondi sono terminati. Le congregazioni religiose stanno sperimentando gravi difficolt\u00e0 anche nel reperimento del cibo. Questa situazione disastrosa sta colpendo la Chiesa in tutta l&#8217;India e in ogni Stato federale, dall&#8217;Arunachal Pradesh nel nord-est al Kerala nel sud-est del Paese.<\/p>\n<h4>I progetti di aiuto<\/h4>\n<p>I progetti di ACS serviranno a fornire ossigeno, apparecchiature per la filtrazione dell&#8217;aria, cure mediche per quanti sono affetti dal COVID, sostegni di emergenza per le famiglie pi\u00f9 bisognose, dispositivi di protezione personale come mascherine, gel disinfettante, guanti e schermi facciali. Alcuni dei finanziamenti saranno destinati a quanti lavorano nelle istituzioni gestite da congregazioni religiose e diocesi, in particolare scuole e centri pastorali, costretti a chiudere a causa della pandemia lasciando cos\u00ec lavoratori e famiglie senza reddito.<\/p>\n<p>Altre iniziative sono destinate a sostenere i catechisti, il cui ruolo \u00e8 diventato ancor pi\u00f9 importante per raggiungere le comunit\u00e0 situate in aree remote, difficilmente raggiungibili dai sacerdoti specie in questa fase pandemica.<\/p>\n<h4>Dall\u2019India la testimonianza di un vescovo<\/h4>\n<p>Mons. Bhagyaiah Chinnabathini \u00e8 vescovo della diocesi di Guntur, una delle zone pi\u00f9 colpite dello Stato indiano di Andhra Pradesh, nel sud-est del Paese. In un colloquio con ACS racconta che \u00able chiese, le scuole e tutti i nostri centri di formazione e animazione sono chiusi. Abbiamo 171 sacerdoti che lavorano nella diocesi e 590 catechisti che ci aiutano nel ministero attivo\u00bb. Tutti sono stati profondamente colpiti dalla pandemia, cinque sacerdoti e molti catechisti sono morti per il COVID-19.<\/p>\n<p>\u00abMolti altri sono malati e non siamo in grado di far fronte alle spese mediche per i nostri sacerdoti\u00bb, aggiunge il prelato. \u00abAbbiamo 195 comunit\u00e0 religiose situate nella diocesi di Guntur. 816 suore sono impegnate in diversi ministeri, come l&#8217;istruzione, la pastorale e la sanit\u00e0. Anche queste religiose stanno soffrendo molto. Il coronavirus ne ha contagiate molte. In questa terribile situazione, che ci preoccupa molto, \u00e8 una benedizione che ACS si sia fatta avanti per aiutarci con questo programma di aiuti di emergenza\u00bb, conclude mons. Chinnabathini.<\/p>\n","protected":false},"excerpt":{"rendered":"<p>Sabato iniziativa della Chiesa locale. Da ACS una raccolta fondi per 200 progetti: manca anche il cibo, servono 5 milioni<\/p>\n","protected":false},"author":18,"featured_media":29655,"comment_status":"closed","ping_status":"closed","sticky":false,"template":"","format":"standard","meta":{"_acf_changed":false,"_crdt_document":"","inline_featured_image":false,"footnotes":""},"categories":[73,2157,297],"tags":[403,288,3606,287],"class_list":["post-29654","post","type-post","status-publish","format-standard","has-post-thumbnail","hentry","category-chiesa-e-mondo","category-top-ultime-notizie","category-ultime-notizie","tag-acs","tag-covid","tag-india-it","tag-pandemia"],"acf":[],"yoast_head":"<!-- This site is optimized with the Yoast SEO plugin v27.5 - https:\/\/yoast.com\/product\/yoast-seo-wordpress\/ -->\n<title>Preghiera e aiuti per l&#039;India devastata dal Covid &#8211; Exaudi<\/title>\n<meta name=\"description\" content=\"Nell&#039;India devastata dal Covid \u00e8 ancora pi\u00f9 grave la sofferenza della minoranza cattolica. Iniziativa di preghiera della Chiesa locale, aiuti da ACS\" \/>\n<meta name=\"robots\" content=\"index, follow, max-snippet:-1, max-image-preview:large, max-video-preview:-1\" \/>\n<link rel=\"canonical\" href=\"https:\/\/exaudi.org\/it\/preghiera-e-aiuti-per-lindia-devastata-dal-covid\/\" \/>\n<meta property=\"og:locale\" content=\"it_IT\" \/>\n<meta property=\"og:type\" content=\"article\" \/>\n<meta property=\"og:title\" content=\"Preghiera e aiuti per l&#039;India devastata dal Covid &#8211; Exaudi\" \/>\n<meta property=\"og:description\" content=\"Nell&#039;India devastata dal Covid \u00e8 ancora pi\u00f9 grave la sofferenza della minoranza cattolica. Iniziativa di preghiera della Chiesa locale, aiuti da ACS\" \/>\n<meta property=\"og:url\" content=\"https:\/\/exaudi.org\/it\/preghiera-e-aiuti-per-lindia-devastata-dal-covid\/\" \/>\n<meta property=\"og:site_name\" content=\"Exaudi\" \/>\n<meta property=\"article:publisher\" content=\"https:\/\/www.facebook.com\/ExaudiNews\" \/>\n<meta property=\"article:published_time\" content=\"2021-08-05T14:46:50+00:00\" \/>\n<meta property=\"og:image\" content=\"https:\/\/exaudi.org\/wp-content\/uploads\/2021\/08\/India.jpg\" \/>\n\t<meta property=\"og:image:width\" content=\"1207\" \/>\n\t<meta property=\"og:image:height\" content=\"583\" \/>\n\t<meta property=\"og:image:type\" content=\"image\/jpeg\" \/>\n<meta name=\"author\" content=\"Andrea Acali\" \/>\n<meta name=\"twitter:card\" content=\"summary_large_image\" \/>\n<meta name=\"twitter:creator\" content=\"@Exaudi_News\" \/>\n<meta name=\"twitter:site\" content=\"@Exaudi_News\" \/>\n<meta name=\"twitter:label1\" content=\"Scritto da\" \/>\n\t<meta name=\"twitter:data1\" content=\"Andrea Acali\" \/>\n\t<meta name=\"twitter:label2\" content=\"Tempo di lettura stimato\" \/>\n\t<meta name=\"twitter:data2\" content=\"3 minuti\" \/>\n<script type=\"application\/ld+json\" class=\"yoast-schema-graph\">{\"@context\":\"https:\\\/\\\/schema.org\",\"@graph\":[{\"@type\":\"Article\",\"@id\":\"https:\\\/\\\/exaudi.org\\\/it\\\/preghiera-e-aiuti-per-lindia-devastata-dal-covid\\\/#article\",\"isPartOf\":{\"@id\":\"https:\\\/\\\/exaudi.org\\\/it\\\/preghiera-e-aiuti-per-lindia-devastata-dal-covid\\\/\"},\"author\":{\"name\":\"Andrea Acali\",\"@id\":\"https:\\\/\\\/exaudi.org\\\/#\\\/schema\\\/person\\\/127735be832481a6d3c410c5837bb61a\"},\"headline\":\"Preghiera e aiuti per l&#8217;India devastata dal Covid\",\"datePublished\":\"2021-08-05T14:46:50+00:00\",\"mainEntityOfPage\":{\"@id\":\"https:\\\/\\\/exaudi.org\\\/it\\\/preghiera-e-aiuti-per-lindia-devastata-dal-covid\\\/\"},\"wordCount\":514,\"image\":{\"@id\":\"https:\\\/\\\/exaudi.org\\\/it\\\/preghiera-e-aiuti-per-lindia-devastata-dal-covid\\\/#primaryimage\"},\"thumbnailUrl\":\"https:\\\/\\\/exaudi.org\\\/wp-content\\\/uploads\\\/2021\\\/08\\\/India.jpg\",\"keywords\":[\"Acs\",\"Covid\",\"india\",\"pandemia\"],\"articleSection\":[\"Chiesa e Mondo\",\"Top Ultime Notizie\",\"Ultime Notizie\"],\"inLanguage\":\"it-IT\"},{\"@type\":\"WebPage\",\"@id\":\"https:\\\/\\\/exaudi.org\\\/it\\\/preghiera-e-aiuti-per-lindia-devastata-dal-covid\\\/\",\"url\":\"https:\\\/\\\/exaudi.org\\\/it\\\/preghiera-e-aiuti-per-lindia-devastata-dal-covid\\\/\",\"name\":\"Preghiera e aiuti per l'India devastata dal Covid &#8211; Exaudi\",\"isPartOf\":{\"@id\":\"https:\\\/\\\/exaudi.org\\\/#website\"},\"primaryImageOfPage\":{\"@id\":\"https:\\\/\\\/exaudi.org\\\/it\\\/preghiera-e-aiuti-per-lindia-devastata-dal-covid\\\/#primaryimage\"},\"image\":{\"@id\":\"https:\\\/\\\/exaudi.org\\\/it\\\/preghiera-e-aiuti-per-lindia-devastata-dal-covid\\\/#primaryimage\"},\"thumbnailUrl\":\"https:\\\/\\\/exaudi.org\\\/wp-content\\\/uploads\\\/2021\\\/08\\\/India.jpg\",\"datePublished\":\"2021-08-05T14:46:50+00:00\",\"author\":{\"@id\":\"https:\\\/\\\/exaudi.org\\\/#\\\/schema\\\/person\\\/127735be832481a6d3c410c5837bb61a\"},\"description\":\"Nell'India devastata dal Covid \u00e8 ancora pi\u00f9 grave la sofferenza della minoranza cattolica. Iniziativa di preghiera della Chiesa locale, aiuti da ACS\",\"breadcrumb\":{\"@id\":\"https:\\\/\\\/exaudi.org\\\/it\\\/preghiera-e-aiuti-per-lindia-devastata-dal-covid\\\/#breadcrumb\"},\"inLanguage\":\"it-IT\",\"potentialAction\":[{\"@type\":\"ReadAction\",\"target\":[\"https:\\\/\\\/exaudi.org\\\/it\\\/preghiera-e-aiuti-per-lindia-devastata-dal-covid\\\/\"]}]},{\"@type\":\"ImageObject\",\"inLanguage\":\"it-IT\",\"@id\":\"https:\\\/\\\/exaudi.org\\\/it\\\/preghiera-e-aiuti-per-lindia-devastata-dal-covid\\\/#primaryimage\",\"url\":\"https:\\\/\\\/exaudi.org\\\/wp-content\\\/uploads\\\/2021\\\/08\\\/India.jpg\",\"contentUrl\":\"https:\\\/\\\/exaudi.org\\\/wp-content\\\/uploads\\\/2021\\\/08\\\/India.jpg\",\"width\":1207,\"height\":583,\"caption\":\"Distribuzione di aiuti in India ph. ACS\"},{\"@type\":\"BreadcrumbList\",\"@id\":\"https:\\\/\\\/exaudi.org\\\/it\\\/preghiera-e-aiuti-per-lindia-devastata-dal-covid\\\/#breadcrumb\",\"itemListElement\":[{\"@type\":\"ListItem\",\"position\":1,\"name\":\"Portada\",\"item\":\"https:\\\/\\\/exaudi.org\\\/it\\\/\"},{\"@type\":\"ListItem\",\"position\":2,\"name\":\"Preghiera e aiuti per l&#8217;India devastata dal Covid\"}]},{\"@type\":\"WebSite\",\"@id\":\"https:\\\/\\\/exaudi.org\\\/#website\",\"url\":\"https:\\\/\\\/exaudi.org\\\/\",\"name\":\"Exaudi\",\"description\":\"News\",\"potentialAction\":[{\"@type\":\"SearchAction\",\"target\":{\"@type\":\"EntryPoint\",\"urlTemplate\":\"https:\\\/\\\/exaudi.org\\\/?s={search_term_string}\"},\"query-input\":{\"@type\":\"PropertyValueSpecification\",\"valueRequired\":true,\"valueName\":\"search_term_string\"}}],\"inLanguage\":\"it-IT\"},{\"@type\":\"Person\",\"@id\":\"https:\\\/\\\/exaudi.org\\\/#\\\/schema\\\/person\\\/127735be832481a6d3c410c5837bb61a\",\"name\":\"Andrea Acali\",\"image\":{\"@type\":\"ImageObject\",\"inLanguage\":\"it-IT\",\"@id\":\"https:\\\/\\\/secure.gravatar.com\\\/avatar\\\/2abf8e528c4f8c571ab456e5ef9ac66b04b987863e3ab3fd9546150699bb9259?s=96&d=mm&r=g\",\"url\":\"https:\\\/\\\/secure.gravatar.com\\\/avatar\\\/2abf8e528c4f8c571ab456e5ef9ac66b04b987863e3ab3fd9546150699bb9259?s=96&d=mm&r=g\",\"contentUrl\":\"https:\\\/\\\/secure.gravatar.com\\\/avatar\\\/2abf8e528c4f8c571ab456e5ef9ac66b04b987863e3ab3fd9546150699bb9259?s=96&d=mm&r=g\",\"caption\":\"Andrea Acali\"},\"description\":\"Andrea Acali es un periodista y comunicador italiano con una larga trayectoria en el \u00e1mbito de la informaci\u00f3n religiosa, social y deportiva. Durante casi treinta a\u00f1os trabaj\u00f3 en el diario Il Tempo como vaticanista y jefe de secci\u00f3n, especializ\u00e1ndose en la cobertura de la actualidad del Vaticano y de la Iglesia cat\u00f3lica. Desde 2016 colabora como periodista web en RomaSette y tambi\u00e9n escribe para el peri\u00f3dico Avvenire. Desde 2019 ejerce como comunicador en la Delegazione della Generalitat de Catalunya in Italia, con sede en Roma, donde combina su experiencia period\u00edstica con la comunicaci\u00f3n institucional\",\"sameAs\":[\"https:\\\/\\\/www.linkedin.com\\\/in\\\/andrea-acali-505567125\\\/?originalSubdomain=it\"],\"url\":\"https:\\\/\\\/exaudi.org\\\/it\\\/author\\\/aacaliexaudi-org\\\/\"}]}<\/script>\n<!-- \/ Yoast SEO plugin. -->","yoast_head_json":{"title":"Preghiera e aiuti per l'India devastata dal Covid &#8211; Exaudi","description":"Nell'India devastata dal Covid \u00e8 ancora pi\u00f9 grave la sofferenza della minoranza cattolica. Iniziativa di preghiera della Chiesa locale, aiuti da ACS","robots":{"index":"index","follow":"follow","max-snippet":"max-snippet:-1","max-image-preview":"max-image-preview:large","max-video-preview":"max-video-preview:-1"},"canonical":"https:\/\/exaudi.org\/it\/preghiera-e-aiuti-per-lindia-devastata-dal-covid\/","og_locale":"it_IT","og_type":"article","og_title":"Preghiera e aiuti per l'India devastata dal Covid &#8211; Exaudi","og_description":"Nell'India devastata dal Covid \u00e8 ancora pi\u00f9 grave la sofferenza della minoranza cattolica. Iniziativa di preghiera della Chiesa locale, aiuti da ACS","og_url":"https:\/\/exaudi.org\/it\/preghiera-e-aiuti-per-lindia-devastata-dal-covid\/","og_site_name":"Exaudi","article_publisher":"https:\/\/www.facebook.com\/ExaudiNews","article_published_time":"2021-08-05T14:46:50+00:00","og_image":[{"width":1207,"height":583,"url":"https:\/\/exaudi.org\/wp-content\/uploads\/2021\/08\/India.jpg","type":"image\/jpeg"}],"author":"Andrea Acali","twitter_card":"summary_large_image","twitter_creator":"@Exaudi_News","twitter_site":"@Exaudi_News","twitter_misc":{"Scritto da":"Andrea Acali","Tempo di lettura stimato":"3 minuti"},"schema":{"@context":"https:\/\/schema.org","@graph":[{"@type":"Article","@id":"https:\/\/exaudi.org\/it\/preghiera-e-aiuti-per-lindia-devastata-dal-covid\/#article","isPartOf":{"@id":"https:\/\/exaudi.org\/it\/preghiera-e-aiuti-per-lindia-devastata-dal-covid\/"},"author":{"name":"Andrea Acali","@id":"https:\/\/exaudi.org\/#\/schema\/person\/127735be832481a6d3c410c5837bb61a"},"headline":"Preghiera e aiuti per l&#8217;India devastata dal Covid","datePublished":"2021-08-05T14:46:50+00:00","mainEntityOfPage":{"@id":"https:\/\/exaudi.org\/it\/preghiera-e-aiuti-per-lindia-devastata-dal-covid\/"},"wordCount":514,"image":{"@id":"https:\/\/exaudi.org\/it\/preghiera-e-aiuti-per-lindia-devastata-dal-covid\/#primaryimage"},"thumbnailUrl":"https:\/\/exaudi.org\/wp-content\/uploads\/2021\/08\/India.jpg","keywords":["Acs","Covid","india","pandemia"],"articleSection":["Chiesa e Mondo","Top Ultime Notizie","Ultime Notizie"],"inLanguage":"it-IT"},{"@type":"WebPage","@id":"https:\/\/exaudi.org\/it\/preghiera-e-aiuti-per-lindia-devastata-dal-covid\/","url":"https:\/\/exaudi.org\/it\/preghiera-e-aiuti-per-lindia-devastata-dal-covid\/","name":"Preghiera e aiuti per l'India devastata dal Covid &#8211; Exaudi","isPartOf":{"@id":"https:\/\/exaudi.org\/#website"},"primaryImageOfPage":{"@id":"https:\/\/exaudi.org\/it\/preghiera-e-aiuti-per-lindia-devastata-dal-covid\/#primaryimage"},"image":{"@id":"https:\/\/exaudi.org\/it\/preghiera-e-aiuti-per-lindia-devastata-dal-covid\/#primaryimage"},"thumbnailUrl":"https:\/\/exaudi.org\/wp-content\/uploads\/2021\/08\/India.jpg","datePublished":"2021-08-05T14:46:50+00:00","author":{"@id":"https:\/\/exaudi.org\/#\/schema\/person\/127735be832481a6d3c410c5837bb61a"},"description":"Nell'India devastata dal Covid \u00e8 ancora pi\u00f9 grave la sofferenza della minoranza cattolica. Iniziativa di preghiera della Chiesa locale, aiuti da ACS","breadcrumb":{"@id":"https:\/\/exaudi.org\/it\/preghiera-e-aiuti-per-lindia-devastata-dal-covid\/#breadcrumb"},"inLanguage":"it-IT","potentialAction":[{"@type":"ReadAction","target":["https:\/\/exaudi.org\/it\/preghiera-e-aiuti-per-lindia-devastata-dal-covid\/"]}]},{"@type":"ImageObject","inLanguage":"it-IT","@id":"https:\/\/exaudi.org\/it\/preghiera-e-aiuti-per-lindia-devastata-dal-covid\/#primaryimage","url":"https:\/\/exaudi.org\/wp-content\/uploads\/2021\/08\/India.jpg","contentUrl":"https:\/\/exaudi.org\/wp-content\/uploads\/2021\/08\/India.jpg","width":1207,"height":583,"caption":"Distribuzione di aiuti in India ph. ACS"},{"@type":"BreadcrumbList","@id":"https:\/\/exaudi.org\/it\/preghiera-e-aiuti-per-lindia-devastata-dal-covid\/#breadcrumb","itemListElement":[{"@type":"ListItem","position":1,"name":"Portada","item":"https:\/\/exaudi.org\/it\/"},{"@type":"ListItem","position":2,"name":"Preghiera e aiuti per l&#8217;India devastata dal Covid"}]},{"@type":"WebSite","@id":"https:\/\/exaudi.org\/#website","url":"https:\/\/exaudi.org\/","name":"Exaudi","description":"News","potentialAction":[{"@type":"SearchAction","target":{"@type":"EntryPoint","urlTemplate":"https:\/\/exaudi.org\/?s={search_term_string}"},"query-input":{"@type":"PropertyValueSpecification","valueRequired":true,"valueName":"search_term_string"}}],"inLanguage":"it-IT"},{"@type":"Person","@id":"https:\/\/exaudi.org\/#\/schema\/person\/127735be832481a6d3c410c5837bb61a","name":"Andrea Acali","image":{"@type":"ImageObject","inLanguage":"it-IT","@id":"https:\/\/secure.gravatar.com\/avatar\/2abf8e528c4f8c571ab456e5ef9ac66b04b987863e3ab3fd9546150699bb9259?s=96&d=mm&r=g","url":"https:\/\/secure.gravatar.com\/avatar\/2abf8e528c4f8c571ab456e5ef9ac66b04b987863e3ab3fd9546150699bb9259?s=96&d=mm&r=g","contentUrl":"https:\/\/secure.gravatar.com\/avatar\/2abf8e528c4f8c571ab456e5ef9ac66b04b987863e3ab3fd9546150699bb9259?s=96&d=mm&r=g","caption":"Andrea Acali"},"description":"Andrea Acali es un periodista y comunicador italiano con una larga trayectoria en el \u00e1mbito de la informaci\u00f3n religiosa, social y deportiva. Durante casi treinta a\u00f1os trabaj\u00f3 en el diario Il Tempo como vaticanista y jefe de secci\u00f3n, especializ\u00e1ndose en la cobertura de la actualidad del Vaticano y de la Iglesia cat\u00f3lica. Desde 2016 colabora como periodista web en RomaSette y tambi\u00e9n escribe para el peri\u00f3dico Avvenire. Desde 2019 ejerce como comunicador en la Delegazione della Generalitat de Catalunya in Italia, con sede en Roma, donde combina su experiencia period\u00edstica con la comunicaci\u00f3n institucional","sameAs":["https:\/\/www.linkedin.com\/in\/andrea-acali-505567125\/?originalSubdomain=it"],"url":"https:\/\/exaudi.org\/it\/author\/aacaliexaudi-org\/"}]}},"jetpack_featured_media_url":"https:\/\/exaudi.org\/wp-content\/uploads\/2021\/08\/India.jpg","jetpack_shortlink":"https:\/\/wp.me\/pgKjF2-7Ii","_links":{"self":[{"href":"https:\/\/exaudi.org\/it\/wp-json\/wp\/v2\/posts\/29654","targetHints":{"allow":["GET"]}}],"collection":[{"href":"https:\/\/exaudi.org\/it\/wp-json\/wp\/v2\/posts"}],"about":[{"href":"https:\/\/exaudi.org\/it\/wp-json\/wp\/v2\/types\/post"}],"author":[{"embeddable":true,"href":"https:\/\/exaudi.org\/it\/wp-json\/wp\/v2\/users\/18"}],"replies":[{"embeddable":true,"href":"https:\/\/exaudi.org\/it\/wp-json\/wp\/v2\/comments?post=29654"}],"version-history":[{"count":0,"href":"https:\/\/exaudi.org\/it\/wp-json\/wp\/v2\/posts\/29654\/revisions"}],"wp:featuredmedia":[{"embeddable":true,"href":"https:\/\/exaudi.org\/it\/wp-json\/wp\/v2\/media\/29655"}],"wp:attachment":[{"href":"https:\/\/exaudi.org\/it\/wp-json\/wp\/v2\/media?parent=29654"}],"wp:term":[{"taxonomy":"category","embeddable":true,"href":"https:\/\/exaudi.org\/it\/wp-json\/wp\/v2\/categories?post=29654"},{"taxonomy":"post_tag","embeddable":true,"href":"https:\/\/exaudi.org\/it\/wp-json\/wp\/v2\/tags?post=29654"}],"curies":[{"name":"wp","href":"https:\/\/api.w.org\/{rel}","templated":true}]}}