{"id":28472,"date":"2021-07-25T14:59:55","date_gmt":"2021-07-25T12:59:55","guid":{"rendered":"https:\/\/exaudi.org\/?p=28472"},"modified":"2021-07-25T15:13:20","modified_gmt":"2021-07-25T13:13:20","slug":"papa-francesco-un-applauso-a-tutti-i-nonni","status":"publish","type":"post","link":"https:\/\/exaudi.org\/it\/papa-francesco-un-applauso-a-tutti-i-nonni\/","title":{"rendered":"Papa Francesco: &#8216;Un Applauso a Tutti i Nonni!&#8217;"},"content":{"rendered":"<header class=\"td-post-title\"><\/header>\n<div class=\"td-post-content tagdiv-type\">\n<p><u>Dopo l\u2019Angelus<\/u><\/p>\n<p>Cari fratelli e sorelle,<\/p>\n<p>abbiamo appena celebrato la Liturgia in occasione della Prima Giornata Mondiale dei Nonni e degli Anziani. Un applauso a tutti i nonni, a tutti! Nonni e nipoti, giovani e anziani insieme hanno manifestato uno dei volti belli della Chiesa e hanno mostrato l\u2019alleanza tra le generazioni. Invito a celebrare questa Giornata in ogni comunit\u00e0 e ad andare a trovare i nonni e gli anziani, quelli che sono pi\u00f9 soli, per consegnare loro il mio messaggio, ispirato alla promessa di Ges\u00f9: \u201cIo sono con te tutti i giorni\u201d. Chiedo al Signore che questa festa aiuti noi che siamo pi\u00f9 avanti negli anni a rispondere alla sua chiamata in questa stagione della vita, e mostri alla societ\u00e0 il valore della presenza dei nonni e degli anziani, soprattutto in questa cultura dello scarto. I nonni hanno bisogno dei giovani e i giovani hanno bisogno dei nonni: devono colloquiare, devono incontrarsi! I nonni hanno la linfa della storia che sale e d\u00e0 forza all\u2019albero che cresce. Mi viene in mente \u2013 credo che l\u2019ho citato una volta \u2013 quel passo di un poeta: \u201cTutto quello che l\u2019albero ha di fiorito viene da quello che \u00e8 sotterrato\u201d. Senza il dialogo tra i giovani e i nonni, la storia non va avanti, la vita non va avanti: c\u2019\u00e8 bisogno di riprendere questo, \u00e8 una sfida per la nostra cultura. I nonni hanno diritto a sognare guardando i giovani, e i giovani hanno diritto al coraggio della profezia prendendo la linfa dai nonni. Per favore, fate questo: incontrare nonni e giovani e parlare, colloquiare. E far\u00e0 felici tutti.<\/p>\n<p>Nei giorni scorsi, piogge torrenziali hanno colpito la citt\u00e0 di Zhengzhou e la provincia dell\u2019Henan in Cina, causando devastanti inondazioni. Prego per le vittime e le loro famiglie, ed esprimo la mia vicinanza e solidariet\u00e0 a tutti coloro che soffrono per questa calamit\u00e0.<\/p>\n<p>Venerd\u00ec scorso si sono aperte a Tokyo le trentaduesime Olimpiadi. In questo tempo di pandemia, questi Giochi siano un segno di speranza, un segno di fratellanza universale all\u2019insegna del sano agonismo. Dio benedica gli organizzatori, gli atleti e tutti coloro che collaborano per questa grande festa dello sport!<\/p>\n<p>Rivolgo di cuore il mio saluto a voi, romani e pellegrini. In particolare, saluto il gruppo di nonni di Rovigo \u2013 grazie di essere venuti! \u2013; i giovani di Albinea che hanno camminato sulla Via Francigena dall\u2019Emilia a Roma; e i partecipanti al \u201cRally di Roma Capitale\u201d. Saluto anche la comunit\u00e0 del Cenacolo. Auguro a tutti una buona domenica. Per favore, non dimenticatevi di pregare per me. Buon pranzo e arrivederci! Complimenti per l\u2019approvazione definitiva, a voi, ragazzi dell\u2019Immacolata!<\/p>\n<p>[Testo originale: Italiano]<\/p>\n<p>Copyright \u00a9 Dicastero per la Comunicazione \u2013 Libreria Editrice Vaticana<\/p>\n<blockquote class=\"wp-embedded-content\" data-secret=\"cJjn0vX5lC\"><p><a href=\"https:\/\/exaudi.org\/it\/le-parole-del-papa-alla-recita-dellangelus-in-vaticano\/\">Le Parole del Papa alla Recita dell\u2019Angelus in Vaticano<\/a><\/p><\/blockquote>\n<p><iframe loading=\"lazy\" class=\"wp-embedded-content\" sandbox=\"allow-scripts\" security=\"restricted\" style=\"position: absolute; visibility: hidden;\" title=\"&#8220;Le Parole del Papa alla Recita dell\u2019Angelus in Vaticano&#8221; &#8212; Exaudi\" src=\"https:\/\/exaudi.org\/it\/le-parole-del-papa-alla-recita-dellangelus-in-vaticano\/embed\/#?secret=qMct9hoDK9#?secret=cJjn0vX5lC\" data-secret=\"cJjn0vX5lC\" width=\"500\" height=\"282\" frameborder=\"0\" marginwidth=\"0\" marginheight=\"0\" scrolling=\"no\"><\/iframe><\/p>\n<\/div>\n","protected":false},"excerpt":{"rendered":"<p>Gli Appelli del Papa alla Recita dell\u2019Angelus in Vaticano<\/p>\n","protected":false},"author":3,"featured_media":24570,"comment_status":"closed","ping_status":"closed","sticky":false,"template":"","format":"standard","meta":{"_acf_changed":false,"_crdt_document":"","inline_featured_image":false,"footnotes":""},"categories":[67],"tags":[250,2487,247,266],"class_list":["post-28472","post","type-post","status-publish","format-standard","has-post-thumbnail","hentry","category-leone-xiv","tag-angelus-it","tag-featured-3","tag-papa","tag-vaticano"],"acf":[],"yoast_head":"<!-- This site is optimized with the Yoast SEO plugin v27.5 - https:\/\/yoast.com\/product\/yoast-seo-wordpress\/ -->\n<title>Papa Francesco: &#039;Un Applauso a Tutti i Nonni!&#039; &#8211;<\/title>\n<meta name=\"description\" content=\"Gli Appelli del Papa alla Recita dell\u2019Angelus in Vaticano - Testo Integrale 25 - 7- 2021 in Vaticano - Applauso ai nonni\" \/>\n<meta name=\"robots\" content=\"index, follow, max-snippet:-1, max-image-preview:large, max-video-preview:-1\" \/>\n<link rel=\"canonical\" href=\"https:\/\/exaudi.org\/it\/papa-francesco-un-applauso-a-tutti-i-nonni\/\" \/>\n<meta property=\"og:locale\" content=\"it_IT\" \/>\n<meta property=\"og:type\" content=\"article\" \/>\n<meta property=\"og:title\" content=\"Papa Francesco: &#039;Un Applauso a Tutti i Nonni!&#039; &#8211;\" \/>\n<meta property=\"og:description\" content=\"Gli Appelli del Papa alla Recita dell\u2019Angelus in Vaticano - Testo Integrale 25 - 7- 2021 in Vaticano - Applauso ai nonni\" \/>\n<meta property=\"og:url\" content=\"https:\/\/exaudi.org\/it\/papa-francesco-un-applauso-a-tutti-i-nonni\/\" \/>\n<meta property=\"og:site_name\" content=\"Exaudi\" \/>\n<meta property=\"article:publisher\" content=\"https:\/\/www.facebook.com\/ExaudiNews\" \/>\n<meta property=\"article:published_time\" content=\"2021-07-25T12:59:55+00:00\" \/>\n<meta property=\"article:modified_time\" content=\"2021-07-25T13:13:20+00:00\" \/>\n<meta property=\"og:image\" content=\"https:\/\/exaudi.org\/wp-content\/uploads\/2021\/06\/cq5dam.web_.800.800-16.jpeg\" \/>\n\t<meta property=\"og:image:width\" content=\"800\" \/>\n\t<meta property=\"og:image:height\" content=\"533\" \/>\n\t<meta property=\"og:image:type\" content=\"image\/jpeg\" \/>\n<meta name=\"author\" content=\"Deborah Castellano Lubov\" \/>\n<meta name=\"twitter:card\" content=\"summary_large_image\" \/>\n<meta name=\"twitter:creator\" content=\"@Exaudi_News\" \/>\n<meta name=\"twitter:site\" content=\"@Exaudi_News\" \/>\n<meta name=\"twitter:label1\" content=\"Scritto da\" \/>\n\t<meta name=\"twitter:data1\" content=\"Deborah Castellano Lubov\" \/>\n\t<meta name=\"twitter:label2\" content=\"Tempo di lettura stimato\" \/>\n\t<meta name=\"twitter:data2\" content=\"2 minuti\" \/>\n<script type=\"application\/ld+json\" class=\"yoast-schema-graph\">{\"@context\":\"https:\\\/\\\/schema.org\",\"@graph\":[{\"@type\":\"Article\",\"@id\":\"https:\\\/\\\/exaudi.org\\\/it\\\/papa-francesco-un-applauso-a-tutti-i-nonni\\\/#article\",\"isPartOf\":{\"@id\":\"https:\\\/\\\/exaudi.org\\\/it\\\/papa-francesco-un-applauso-a-tutti-i-nonni\\\/\"},\"author\":{\"name\":\"Deborah Castellano Lubov\",\"@id\":\"https:\\\/\\\/exaudi.org\\\/#\\\/schema\\\/person\\\/ca36230f63b85cb8badafaa15f06d602\"},\"headline\":\"Papa Francesco: &#8216;Un Applauso a Tutti i Nonni!&#8217;\",\"datePublished\":\"2021-07-25T12:59:55+00:00\",\"dateModified\":\"2021-07-25T13:13:20+00:00\",\"mainEntityOfPage\":{\"@id\":\"https:\\\/\\\/exaudi.org\\\/it\\\/papa-francesco-un-applauso-a-tutti-i-nonni\\\/\"},\"wordCount\":465,\"image\":{\"@id\":\"https:\\\/\\\/exaudi.org\\\/it\\\/papa-francesco-un-applauso-a-tutti-i-nonni\\\/#primaryimage\"},\"thumbnailUrl\":\"https:\\\/\\\/exaudi.org\\\/wp-content\\\/uploads\\\/2021\\\/06\\\/cq5dam.web_.800.800-16.jpeg\",\"keywords\":[\"\u00e1ngelus\",\"Featured\",\"Papa\",\"Vaticano\"],\"articleSection\":[\"Leone XIV\"],\"inLanguage\":\"it-IT\"},{\"@type\":\"WebPage\",\"@id\":\"https:\\\/\\\/exaudi.org\\\/it\\\/papa-francesco-un-applauso-a-tutti-i-nonni\\\/\",\"url\":\"https:\\\/\\\/exaudi.org\\\/it\\\/papa-francesco-un-applauso-a-tutti-i-nonni\\\/\",\"name\":\"Papa Francesco: 'Un Applauso a Tutti i Nonni!' &#8211;\",\"isPartOf\":{\"@id\":\"https:\\\/\\\/exaudi.org\\\/#website\"},\"primaryImageOfPage\":{\"@id\":\"https:\\\/\\\/exaudi.org\\\/it\\\/papa-francesco-un-applauso-a-tutti-i-nonni\\\/#primaryimage\"},\"image\":{\"@id\":\"https:\\\/\\\/exaudi.org\\\/it\\\/papa-francesco-un-applauso-a-tutti-i-nonni\\\/#primaryimage\"},\"thumbnailUrl\":\"https:\\\/\\\/exaudi.org\\\/wp-content\\\/uploads\\\/2021\\\/06\\\/cq5dam.web_.800.800-16.jpeg\",\"datePublished\":\"2021-07-25T12:59:55+00:00\",\"dateModified\":\"2021-07-25T13:13:20+00:00\",\"author\":{\"@id\":\"https:\\\/\\\/exaudi.org\\\/#\\\/schema\\\/person\\\/ca36230f63b85cb8badafaa15f06d602\"},\"description\":\"Gli Appelli del Papa alla Recita dell\u2019Angelus in Vaticano - Testo Integrale 25 - 7- 2021 in Vaticano - Applauso ai nonni\",\"breadcrumb\":{\"@id\":\"https:\\\/\\\/exaudi.org\\\/it\\\/papa-francesco-un-applauso-a-tutti-i-nonni\\\/#breadcrumb\"},\"inLanguage\":\"it-IT\",\"potentialAction\":[{\"@type\":\"ReadAction\",\"target\":[\"https:\\\/\\\/exaudi.org\\\/it\\\/papa-francesco-un-applauso-a-tutti-i-nonni\\\/\"]}]},{\"@type\":\"ImageObject\",\"inLanguage\":\"it-IT\",\"@id\":\"https:\\\/\\\/exaudi.org\\\/it\\\/papa-francesco-un-applauso-a-tutti-i-nonni\\\/#primaryimage\",\"url\":\"https:\\\/\\\/exaudi.org\\\/wp-content\\\/uploads\\\/2021\\\/06\\\/cq5dam.web_.800.800-16.jpeg\",\"contentUrl\":\"https:\\\/\\\/exaudi.org\\\/wp-content\\\/uploads\\\/2021\\\/06\\\/cq5dam.web_.800.800-16.jpeg\",\"width\":800,\"height\":533,\"caption\":\"Angelus \u00a9 Vatican Media\"},{\"@type\":\"BreadcrumbList\",\"@id\":\"https:\\\/\\\/exaudi.org\\\/it\\\/papa-francesco-un-applauso-a-tutti-i-nonni\\\/#breadcrumb\",\"itemListElement\":[{\"@type\":\"ListItem\",\"position\":1,\"name\":\"Portada\",\"item\":\"https:\\\/\\\/exaudi.org\\\/it\\\/\"},{\"@type\":\"ListItem\",\"position\":2,\"name\":\"Papa Francesco: &#8216;Un Applauso a Tutti i Nonni!&#8217;\"}]},{\"@type\":\"WebSite\",\"@id\":\"https:\\\/\\\/exaudi.org\\\/#website\",\"url\":\"https:\\\/\\\/exaudi.org\\\/\",\"name\":\"Exaudi\",\"description\":\"News\",\"potentialAction\":[{\"@type\":\"SearchAction\",\"target\":{\"@type\":\"EntryPoint\",\"urlTemplate\":\"https:\\\/\\\/exaudi.org\\\/?s={search_term_string}\"},\"query-input\":{\"@type\":\"PropertyValueSpecification\",\"valueRequired\":true,\"valueName\":\"search_term_string\"}}],\"inLanguage\":\"it-IT\"},{\"@type\":\"Person\",\"@id\":\"https:\\\/\\\/exaudi.org\\\/#\\\/schema\\\/person\\\/ca36230f63b85cb8badafaa15f06d602\",\"name\":\"Deborah Castellano Lubov\",\"image\":{\"@type\":\"ImageObject\",\"inLanguage\":\"it-IT\",\"@id\":\"https:\\\/\\\/secure.gravatar.com\\\/avatar\\\/1634e49afca8a60560a6701011a51b43f0e7362f22afa1fa6c37dfb70bd8d6a8?s=96&d=mm&r=g\",\"url\":\"https:\\\/\\\/secure.gravatar.com\\\/avatar\\\/1634e49afca8a60560a6701011a51b43f0e7362f22afa1fa6c37dfb70bd8d6a8?s=96&d=mm&r=g\",\"contentUrl\":\"https:\\\/\\\/secure.gravatar.com\\\/avatar\\\/1634e49afca8a60560a6701011a51b43f0e7362f22afa1fa6c37dfb70bd8d6a8?s=96&d=mm&r=g\",\"caption\":\"Deborah Castellano Lubov\"},\"description\":\"Deborah Castellano Lubov is Editorial Director &amp; Senior Vatican &amp; Rome Correspondent for EXAUDI (&amp; Prior, for ZENIT); Author of 'The Other Francis' ('L'Altro Francesco') featuring interviews with those closest to the Pope and preface by Vatican Secretary of State Cardinal Parolin (currently published in 5 languages); Deborah is also NBC &amp; MSNBC Vatican Analyst. She often covers the Pope's travels abroad, often from the Papal Flight (including for historic trips such as to Abu Dhabi and Japan &amp; Thailand), and has also asked him questions on the return-flight press conference on behalf of the English-speaking press present. Lubov has done much TV &amp; radio commentary, including for NBC, Sky, EWTN, BBC, Vatican Radio, AP, Reuters and more. She also has contributed to various books on the Pope and has written for various Catholic publications. For 'The Other Francis': http:\\\/\\\/www.gracewing.co.uk\\\/page219.html or https:\\\/\\\/www.amazon.com\\\/Other-Francis-Everything-They-about\\\/dp\\\/0852449348\\\/\",\"url\":\"https:\\\/\\\/exaudi.org\\\/it\\\/author\\\/dlubovexaudi-org\\\/\"}]}<\/script>\n<!-- \/ Yoast SEO plugin. -->","yoast_head_json":{"title":"Papa Francesco: 'Un Applauso a Tutti i Nonni!' &#8211;","description":"Gli Appelli del Papa alla Recita dell\u2019Angelus in Vaticano - Testo Integrale 25 - 7- 2021 in Vaticano - Applauso ai nonni","robots":{"index":"index","follow":"follow","max-snippet":"max-snippet:-1","max-image-preview":"max-image-preview:large","max-video-preview":"max-video-preview:-1"},"canonical":"https:\/\/exaudi.org\/it\/papa-francesco-un-applauso-a-tutti-i-nonni\/","og_locale":"it_IT","og_type":"article","og_title":"Papa Francesco: 'Un Applauso a Tutti i Nonni!' &#8211;","og_description":"Gli Appelli del Papa alla Recita dell\u2019Angelus in Vaticano - Testo Integrale 25 - 7- 2021 in Vaticano - Applauso ai nonni","og_url":"https:\/\/exaudi.org\/it\/papa-francesco-un-applauso-a-tutti-i-nonni\/","og_site_name":"Exaudi","article_publisher":"https:\/\/www.facebook.com\/ExaudiNews","article_published_time":"2021-07-25T12:59:55+00:00","article_modified_time":"2021-07-25T13:13:20+00:00","og_image":[{"width":800,"height":533,"url":"https:\/\/exaudi.org\/wp-content\/uploads\/2021\/06\/cq5dam.web_.800.800-16.jpeg","type":"image\/jpeg"}],"author":"Deborah Castellano Lubov","twitter_card":"summary_large_image","twitter_creator":"@Exaudi_News","twitter_site":"@Exaudi_News","twitter_misc":{"Scritto da":"Deborah Castellano Lubov","Tempo di lettura stimato":"2 minuti"},"schema":{"@context":"https:\/\/schema.org","@graph":[{"@type":"Article","@id":"https:\/\/exaudi.org\/it\/papa-francesco-un-applauso-a-tutti-i-nonni\/#article","isPartOf":{"@id":"https:\/\/exaudi.org\/it\/papa-francesco-un-applauso-a-tutti-i-nonni\/"},"author":{"name":"Deborah Castellano Lubov","@id":"https:\/\/exaudi.org\/#\/schema\/person\/ca36230f63b85cb8badafaa15f06d602"},"headline":"Papa Francesco: &#8216;Un Applauso a Tutti i Nonni!&#8217;","datePublished":"2021-07-25T12:59:55+00:00","dateModified":"2021-07-25T13:13:20+00:00","mainEntityOfPage":{"@id":"https:\/\/exaudi.org\/it\/papa-francesco-un-applauso-a-tutti-i-nonni\/"},"wordCount":465,"image":{"@id":"https:\/\/exaudi.org\/it\/papa-francesco-un-applauso-a-tutti-i-nonni\/#primaryimage"},"thumbnailUrl":"https:\/\/exaudi.org\/wp-content\/uploads\/2021\/06\/cq5dam.web_.800.800-16.jpeg","keywords":["\u00e1ngelus","Featured","Papa","Vaticano"],"articleSection":["Leone XIV"],"inLanguage":"it-IT"},{"@type":"WebPage","@id":"https:\/\/exaudi.org\/it\/papa-francesco-un-applauso-a-tutti-i-nonni\/","url":"https:\/\/exaudi.org\/it\/papa-francesco-un-applauso-a-tutti-i-nonni\/","name":"Papa Francesco: 'Un Applauso a Tutti i Nonni!' &#8211;","isPartOf":{"@id":"https:\/\/exaudi.org\/#website"},"primaryImageOfPage":{"@id":"https:\/\/exaudi.org\/it\/papa-francesco-un-applauso-a-tutti-i-nonni\/#primaryimage"},"image":{"@id":"https:\/\/exaudi.org\/it\/papa-francesco-un-applauso-a-tutti-i-nonni\/#primaryimage"},"thumbnailUrl":"https:\/\/exaudi.org\/wp-content\/uploads\/2021\/06\/cq5dam.web_.800.800-16.jpeg","datePublished":"2021-07-25T12:59:55+00:00","dateModified":"2021-07-25T13:13:20+00:00","author":{"@id":"https:\/\/exaudi.org\/#\/schema\/person\/ca36230f63b85cb8badafaa15f06d602"},"description":"Gli Appelli del Papa alla Recita dell\u2019Angelus in Vaticano - Testo Integrale 25 - 7- 2021 in Vaticano - Applauso ai nonni","breadcrumb":{"@id":"https:\/\/exaudi.org\/it\/papa-francesco-un-applauso-a-tutti-i-nonni\/#breadcrumb"},"inLanguage":"it-IT","potentialAction":[{"@type":"ReadAction","target":["https:\/\/exaudi.org\/it\/papa-francesco-un-applauso-a-tutti-i-nonni\/"]}]},{"@type":"ImageObject","inLanguage":"it-IT","@id":"https:\/\/exaudi.org\/it\/papa-francesco-un-applauso-a-tutti-i-nonni\/#primaryimage","url":"https:\/\/exaudi.org\/wp-content\/uploads\/2021\/06\/cq5dam.web_.800.800-16.jpeg","contentUrl":"https:\/\/exaudi.org\/wp-content\/uploads\/2021\/06\/cq5dam.web_.800.800-16.jpeg","width":800,"height":533,"caption":"Angelus \u00a9 Vatican Media"},{"@type":"BreadcrumbList","@id":"https:\/\/exaudi.org\/it\/papa-francesco-un-applauso-a-tutti-i-nonni\/#breadcrumb","itemListElement":[{"@type":"ListItem","position":1,"name":"Portada","item":"https:\/\/exaudi.org\/it\/"},{"@type":"ListItem","position":2,"name":"Papa Francesco: &#8216;Un Applauso a Tutti i Nonni!&#8217;"}]},{"@type":"WebSite","@id":"https:\/\/exaudi.org\/#website","url":"https:\/\/exaudi.org\/","name":"Exaudi","description":"News","potentialAction":[{"@type":"SearchAction","target":{"@type":"EntryPoint","urlTemplate":"https:\/\/exaudi.org\/?s={search_term_string}"},"query-input":{"@type":"PropertyValueSpecification","valueRequired":true,"valueName":"search_term_string"}}],"inLanguage":"it-IT"},{"@type":"Person","@id":"https:\/\/exaudi.org\/#\/schema\/person\/ca36230f63b85cb8badafaa15f06d602","name":"Deborah Castellano Lubov","image":{"@type":"ImageObject","inLanguage":"it-IT","@id":"https:\/\/secure.gravatar.com\/avatar\/1634e49afca8a60560a6701011a51b43f0e7362f22afa1fa6c37dfb70bd8d6a8?s=96&d=mm&r=g","url":"https:\/\/secure.gravatar.com\/avatar\/1634e49afca8a60560a6701011a51b43f0e7362f22afa1fa6c37dfb70bd8d6a8?s=96&d=mm&r=g","contentUrl":"https:\/\/secure.gravatar.com\/avatar\/1634e49afca8a60560a6701011a51b43f0e7362f22afa1fa6c37dfb70bd8d6a8?s=96&d=mm&r=g","caption":"Deborah Castellano Lubov"},"description":"Deborah Castellano Lubov is Editorial Director &amp; Senior Vatican &amp; Rome Correspondent for EXAUDI (&amp; Prior, for ZENIT); Author of 'The Other Francis' ('L'Altro Francesco') featuring interviews with those closest to the Pope and preface by Vatican Secretary of State Cardinal Parolin (currently published in 5 languages); Deborah is also NBC &amp; MSNBC Vatican Analyst. She often covers the Pope's travels abroad, often from the Papal Flight (including for historic trips such as to Abu Dhabi and Japan &amp; Thailand), and has also asked him questions on the return-flight press conference on behalf of the English-speaking press present. Lubov has done much TV &amp; radio commentary, including for NBC, Sky, EWTN, BBC, Vatican Radio, AP, Reuters and more. She also has contributed to various books on the Pope and has written for various Catholic publications. For 'The Other Francis': http:\/\/www.gracewing.co.uk\/page219.html or https:\/\/www.amazon.com\/Other-Francis-Everything-They-about\/dp\/0852449348\/","url":"https:\/\/exaudi.org\/it\/author\/dlubovexaudi-org\/"}]}},"jetpack_featured_media_url":"https:\/\/exaudi.org\/wp-content\/uploads\/2021\/06\/cq5dam.web_.800.800-16.jpeg","jetpack_shortlink":"https:\/\/wp.me\/pgKjF2-7pe","_links":{"self":[{"href":"https:\/\/exaudi.org\/it\/wp-json\/wp\/v2\/posts\/28472","targetHints":{"allow":["GET"]}}],"collection":[{"href":"https:\/\/exaudi.org\/it\/wp-json\/wp\/v2\/posts"}],"about":[{"href":"https:\/\/exaudi.org\/it\/wp-json\/wp\/v2\/types\/post"}],"author":[{"embeddable":true,"href":"https:\/\/exaudi.org\/it\/wp-json\/wp\/v2\/users\/3"}],"replies":[{"embeddable":true,"href":"https:\/\/exaudi.org\/it\/wp-json\/wp\/v2\/comments?post=28472"}],"version-history":[{"count":0,"href":"https:\/\/exaudi.org\/it\/wp-json\/wp\/v2\/posts\/28472\/revisions"}],"wp:featuredmedia":[{"embeddable":true,"href":"https:\/\/exaudi.org\/it\/wp-json\/wp\/v2\/media\/24570"}],"wp:attachment":[{"href":"https:\/\/exaudi.org\/it\/wp-json\/wp\/v2\/media?parent=28472"}],"wp:term":[{"taxonomy":"category","embeddable":true,"href":"https:\/\/exaudi.org\/it\/wp-json\/wp\/v2\/categories?post=28472"},{"taxonomy":"post_tag","embeddable":true,"href":"https:\/\/exaudi.org\/it\/wp-json\/wp\/v2\/tags?post=28472"}],"curies":[{"name":"wp","href":"https:\/\/api.w.org\/{rel}","templated":true}]}}