{"id":28470,"date":"2021-07-25T15:12:32","date_gmt":"2021-07-25T13:12:32","guid":{"rendered":"https:\/\/exaudi.org\/?p=28470"},"modified":"2021-07-25T15:12:32","modified_gmt":"2021-07-25T13:12:32","slug":"le-parole-del-papa-alla-recita-dellangelus-in-vaticano","status":"publish","type":"post","link":"https:\/\/exaudi.org\/it\/le-parole-del-papa-alla-recita-dellangelus-in-vaticano\/","title":{"rendered":"Le Parole del Papa alla Recita dell\u2019Angelus in Vaticano"},"content":{"rendered":"<header class=\"td-post-title\"><\/header>\n<div class=\"td-post-content tagdiv-type\">\n<p>Alle ore 12 di oggi, il Santo Padre Francesco si \u00e8 affacciato alla finestra dello studio nel Palazzo Apostolico Vaticano per recitare l\u2019Angelus con i fedeli e i pellegrini riuniti in Piazza San Pietro.<\/p>\n<p>Queste le parole del Papa nell\u2019introdurre la preghiera mariana:<\/p>\n<p>***<\/p>\n<p><u>Prima dell\u2019Angelus<\/u><\/p>\n<p>Cari fratelli e sorelle, buongiorno!<\/p>\n<p>Il Vangelo della Liturgia di questa domenica narra il celebre episodio della moltiplicazione dei pani e dei pesci, con cui Ges\u00f9 sfama circa cinquemila persone venute ad ascoltarlo (cfr\u00a0<i>Gv<\/i>\u00a06,1-15). \u00c8 interessante vedere come avviene questo prodigio: Ges\u00f9 non crea i pani e i pesci dal nulla, no, ma opera a partire da quello che gli portano i discepoli. Uno di loro dice: \u00abC\u2019\u00e8 qui un ragazzo che ha cinque pani d\u2019orzo e due pesci; ma che cos\u2019\u00e8 questo per tanta gente?\u00bb (v. 9). \u00c8 poco, \u00e8 niente, ma a Ges\u00f9 basta.<\/p>\n<p>Proviamo ora a metterci al posto di quel ragazzo. I discepoli gli chiedono di condividere tutto quello che ha da mangiare. Sembra una proposta insensata, anzi, ingiusta. Perch\u00e9 privare una persona, per lo pi\u00f9 un ragazzo, di quello che si \u00e8 portato da casa e ha il diritto di tenere per s\u00e9? Perch\u00e9 togliere a uno ci\u00f2 che comunque non basta a sfamare tutti? Umanamente \u00e8 illogico. Ma per Dio no. Anzi, proprio grazie a quel piccolo dono gratuito, e perci\u00f2 eroico, Ges\u00f9 pu\u00f2 sfamare tutti. \u00c8 un grande insegnamento per noi. Ci dice che il Signore pu\u00f2 fare molto con il poco che gli mettiamo a disposizione. Sarebbe bello chiederci ogni giorno: \u201cOggi che cosa porto a Ges\u00f9?\u201d. Lui pu\u00f2 fare molto con una nostra preghiera, con un nostro gesto di carit\u00e0 per gli altri, persino con una nostra miseria consegnata alla sua misericordia. Le nostre piccolezze a Ges\u00f9, e Lui fa dei miracoli. Dio ama agire cos\u00ec: fa cose grandi a partire da quelle piccole, da quelle gratuite.<\/p>\n<p>Tutti i grandi protagonisti della Bibbia \u2013 da Abramo a Maria fino al ragazzo di oggi \u2013 mostrano questa\u00a0<i>logica della piccolezza e del dono<\/i>. La logica del dono \u00e8 tanto diversa dalla nostra. Noi cerchiamo di accumulare e di aumentare quel che abbiamo; Ges\u00f9 invece chiede di donare, di diminuire. Noi amiamo aggiungere, ci piacciono le addizioni; a Ges\u00f9 piacciono le sottrazioni, il togliere qualcosa per darlo agli altri. Noi vogliamo moltiplicare per noi; Ges\u00f9 apprezza quando dividiamo con gli altri, quando condividiamo. \u00c8 curioso che nei racconti della moltiplicazione dei pani presenti nei Vangeli non compare mai il verbo \u201cmoltiplicare\u201d. Anzi, i verbi utilizzati sono di segno opposto: \u201cspezzare\u201d, \u201cdare\u201d, \u201cdistribuire\u201d (cfr v. 11;\u00a0<i>Mt<\/i>\u00a014,19;\u00a0<i>Mc<\/i>\u00a06,41;\u00a0<i>Lc<\/i>\u00a09,16). Ma non si usa il verbo \u201cmoltiplicare\u201d. Il vero miracolo, dice Ges\u00f9, non \u00e8 la moltiplicazione che produce vanto e potere, ma la divisione, la condivisione, che accresce l\u2019amore e permette a Dio di compiere prodigi. Proviamo a condividere di pi\u00f9, proviamo questa strada che Ges\u00f9 ci insegna.<\/p>\n<p>Anche oggi il moltiplicarsi dei beni non risolve i problemi senza una giusta condivisione. Viene alla mente la tragedia della fame, che riguarda in particolare i pi\u00f9 piccoli. \u00c8 stato calcolato \u2013 ufficialmente \u2013 che ogni giorno nel mondo circa settemila bambini sotto i cinque anni muoionoper motivi legati alla malnutrizione, perch\u00e9 non hanno il necessario per vivere. Di fronte a scandali come questi Ges\u00f9 rivolge anche a noi un invito, un invito simile a quello che probabilmente ricevette il ragazzo del Vangelo, che non ha nome e nel quale possiamo vederci tutti noi: \u201cCoraggio, dona il poco che hai, i tuoi talenti, i tuoi beni, mettili a disposizione di Ges\u00f9 e dei fratelli. Non temere, nulla andr\u00e0 perso, perch\u00e9, se condividi, Dio moltiplica. Scaccia la falsa modestia di sentirti inadeguato, fidati. Credi nell\u2019amore, credi nel potere del servizio, credi nella forza della gratuit\u00e0\u201d.<\/p>\n<p>La Vergine Maria, che ha risposto \u201cs\u00ec\u201d all\u2019inaudita proposta di Dio, ci aiuti ad aprire il cuore agli inviti del Signore e ai bisogni degli altri.<\/p>\n<p>[Testo originale: Italiano]<\/p>\n<p>Copyright \u00a9 Dicastero per la Comunicazione \u2013 Libreria Editrice Vaticana<\/p>\n<\/div>\n<blockquote class=\"wp-embedded-content\" data-secret=\"yLyGjSPnm0\"><p><a href=\"https:\/\/exaudi.org\/it\/papa-francesco-un-applauso-a-tutti-i-nonni\/\">Papa Francesco: &#8216;Un Applauso a Tutti i Nonni!&#8217;<\/a><\/p><\/blockquote>\n<p><iframe loading=\"lazy\" class=\"wp-embedded-content\" sandbox=\"allow-scripts\" security=\"restricted\" style=\"position: absolute; visibility: hidden;\" title=\"&#8220;Papa Francesco: &#8216;Un Applauso a Tutti i Nonni!&#8217;&#8221; &#8212; Exaudi\" src=\"https:\/\/exaudi.org\/it\/papa-francesco-un-applauso-a-tutti-i-nonni\/embed\/#?secret=kyRlXsWO4k#?secret=yLyGjSPnm0\" data-secret=\"yLyGjSPnm0\" width=\"500\" height=\"282\" frameborder=\"0\" marginwidth=\"0\" marginheight=\"0\" scrolling=\"no\"><\/iframe><\/p>\n","protected":false},"excerpt":{"rendered":"<p>Testo Integrale<\/p>\n","protected":false},"author":17,"featured_media":24913,"comment_status":"closed","ping_status":"closed","sticky":false,"template":"","format":"standard","meta":{"_acf_changed":false,"_crdt_document":"","inline_featured_image":false,"footnotes":""},"categories":[67],"tags":[250,2487,247,266],"class_list":["post-28470","post","type-post","status-publish","format-standard","has-post-thumbnail","hentry","category-leone-xiv","tag-angelus-it","tag-featured-3","tag-papa","tag-vaticano"],"acf":[],"yoast_head":"<!-- This site is optimized with the Yoast SEO plugin v27.4 - https:\/\/yoast.com\/product\/yoast-seo-wordpress\/ -->\n<title>Le Parole del Papa alla Recita dell\u2019Angelus in Vaticano &#8211;<\/title>\n<meta name=\"description\" content=\"Le Parole del Papa alla Recita dell\u2019Angelus in Vaticano - Testo Integrale 25 - 7- 2021 in Vaticano - Giorno dei Nonni\" \/>\n<meta name=\"robots\" content=\"index, follow, max-snippet:-1, max-image-preview:large, max-video-preview:-1\" \/>\n<link rel=\"canonical\" href=\"https:\/\/exaudi.org\/it\/le-parole-del-papa-alla-recita-dellangelus-in-vaticano\/\" \/>\n<meta property=\"og:locale\" content=\"it_IT\" \/>\n<meta property=\"og:type\" content=\"article\" \/>\n<meta property=\"og:title\" content=\"Le Parole del Papa alla Recita dell\u2019Angelus in Vaticano &#8211;\" \/>\n<meta property=\"og:description\" content=\"Le Parole del Papa alla Recita dell\u2019Angelus in Vaticano - Testo Integrale 25 - 7- 2021 in Vaticano - Giorno dei Nonni\" \/>\n<meta property=\"og:url\" content=\"https:\/\/exaudi.org\/it\/le-parole-del-papa-alla-recita-dellangelus-in-vaticano\/\" \/>\n<meta property=\"og:site_name\" content=\"Exaudi\" \/>\n<meta property=\"article:publisher\" content=\"https:\/\/www.facebook.com\/ExaudiNews\" \/>\n<meta property=\"article:author\" content=\"https:\/\/www.facebook.com\/ExaudiNotizie\/\" \/>\n<meta property=\"article:published_time\" content=\"2021-07-25T13:12:32+00:00\" \/>\n<meta property=\"og:image\" content=\"https:\/\/exaudi.org\/wp-content\/uploads\/2021\/06\/Angelus-29-nov.-2020-C-Vatican-Media-1.jpeg\" \/>\n\t<meta property=\"og:image:width\" content=\"1000\" \/>\n\t<meta property=\"og:image:height\" content=\"666\" \/>\n\t<meta property=\"og:image:type\" content=\"image\/jpeg\" \/>\n<meta name=\"author\" content=\"Exaudi Redazione\" \/>\n<meta name=\"twitter:card\" content=\"summary_large_image\" \/>\n<meta name=\"twitter:creator\" content=\"@Exaudi_Notizie\" \/>\n<meta name=\"twitter:site\" content=\"@Exaudi_News\" \/>\n<meta name=\"twitter:label1\" content=\"Scritto da\" \/>\n\t<meta name=\"twitter:data1\" content=\"Exaudi Redazione\" \/>\n\t<meta name=\"twitter:label2\" content=\"Tempo di lettura stimato\" \/>\n\t<meta name=\"twitter:data2\" content=\"3 minuti\" \/>\n<script type=\"application\/ld+json\" class=\"yoast-schema-graph\">{\"@context\":\"https:\\\/\\\/schema.org\",\"@graph\":[{\"@type\":\"Article\",\"@id\":\"https:\\\/\\\/exaudi.org\\\/it\\\/le-parole-del-papa-alla-recita-dellangelus-in-vaticano\\\/#article\",\"isPartOf\":{\"@id\":\"https:\\\/\\\/exaudi.org\\\/it\\\/le-parole-del-papa-alla-recita-dellangelus-in-vaticano\\\/\"},\"author\":{\"name\":\"Exaudi Redazione\",\"@id\":\"https:\\\/\\\/exaudi.org\\\/#\\\/schema\\\/person\\\/e1ab6ed07c01774724dd96f925f3a5f0\"},\"headline\":\"Le Parole del Papa alla Recita dell\u2019Angelus in Vaticano\",\"datePublished\":\"2021-07-25T13:12:32+00:00\",\"mainEntityOfPage\":{\"@id\":\"https:\\\/\\\/exaudi.org\\\/it\\\/le-parole-del-papa-alla-recita-dellangelus-in-vaticano\\\/\"},\"wordCount\":665,\"image\":{\"@id\":\"https:\\\/\\\/exaudi.org\\\/it\\\/le-parole-del-papa-alla-recita-dellangelus-in-vaticano\\\/#primaryimage\"},\"thumbnailUrl\":\"https:\\\/\\\/exaudi.org\\\/wp-content\\\/uploads\\\/2021\\\/06\\\/Angelus-29-nov.-2020-C-Vatican-Media-1.jpeg\",\"keywords\":[\"\u00e1ngelus\",\"Featured\",\"Papa\",\"Vaticano\"],\"articleSection\":[\"Leone XIV\"],\"inLanguage\":\"it-IT\"},{\"@type\":\"WebPage\",\"@id\":\"https:\\\/\\\/exaudi.org\\\/it\\\/le-parole-del-papa-alla-recita-dellangelus-in-vaticano\\\/\",\"url\":\"https:\\\/\\\/exaudi.org\\\/it\\\/le-parole-del-papa-alla-recita-dellangelus-in-vaticano\\\/\",\"name\":\"Le Parole del Papa alla Recita dell\u2019Angelus in Vaticano &#8211;\",\"isPartOf\":{\"@id\":\"https:\\\/\\\/exaudi.org\\\/#website\"},\"primaryImageOfPage\":{\"@id\":\"https:\\\/\\\/exaudi.org\\\/it\\\/le-parole-del-papa-alla-recita-dellangelus-in-vaticano\\\/#primaryimage\"},\"image\":{\"@id\":\"https:\\\/\\\/exaudi.org\\\/it\\\/le-parole-del-papa-alla-recita-dellangelus-in-vaticano\\\/#primaryimage\"},\"thumbnailUrl\":\"https:\\\/\\\/exaudi.org\\\/wp-content\\\/uploads\\\/2021\\\/06\\\/Angelus-29-nov.-2020-C-Vatican-Media-1.jpeg\",\"datePublished\":\"2021-07-25T13:12:32+00:00\",\"author\":{\"@id\":\"https:\\\/\\\/exaudi.org\\\/#\\\/schema\\\/person\\\/e1ab6ed07c01774724dd96f925f3a5f0\"},\"description\":\"Le Parole del Papa alla Recita dell\u2019Angelus in Vaticano - Testo Integrale 25 - 7- 2021 in Vaticano - Giorno dei Nonni\",\"breadcrumb\":{\"@id\":\"https:\\\/\\\/exaudi.org\\\/it\\\/le-parole-del-papa-alla-recita-dellangelus-in-vaticano\\\/#breadcrumb\"},\"inLanguage\":\"it-IT\",\"potentialAction\":[{\"@type\":\"ReadAction\",\"target\":[\"https:\\\/\\\/exaudi.org\\\/it\\\/le-parole-del-papa-alla-recita-dellangelus-in-vaticano\\\/\"]}]},{\"@type\":\"ImageObject\",\"inLanguage\":\"it-IT\",\"@id\":\"https:\\\/\\\/exaudi.org\\\/it\\\/le-parole-del-papa-alla-recita-dellangelus-in-vaticano\\\/#primaryimage\",\"url\":\"https:\\\/\\\/exaudi.org\\\/wp-content\\\/uploads\\\/2021\\\/06\\\/Angelus-29-nov.-2020-C-Vatican-Media-1.jpeg\",\"contentUrl\":\"https:\\\/\\\/exaudi.org\\\/wp-content\\\/uploads\\\/2021\\\/06\\\/Angelus-29-nov.-2020-C-Vatican-Media-1.jpeg\",\"width\":1000,\"height\":666,\"caption\":\"Copyright: Vatican Media\"},{\"@type\":\"BreadcrumbList\",\"@id\":\"https:\\\/\\\/exaudi.org\\\/it\\\/le-parole-del-papa-alla-recita-dellangelus-in-vaticano\\\/#breadcrumb\",\"itemListElement\":[{\"@type\":\"ListItem\",\"position\":1,\"name\":\"Portada\",\"item\":\"https:\\\/\\\/exaudi.org\\\/it\\\/\"},{\"@type\":\"ListItem\",\"position\":2,\"name\":\"Le Parole del Papa alla Recita dell\u2019Angelus in Vaticano\"}]},{\"@type\":\"WebSite\",\"@id\":\"https:\\\/\\\/exaudi.org\\\/#website\",\"url\":\"https:\\\/\\\/exaudi.org\\\/\",\"name\":\"Exaudi\",\"description\":\"News\",\"potentialAction\":[{\"@type\":\"SearchAction\",\"target\":{\"@type\":\"EntryPoint\",\"urlTemplate\":\"https:\\\/\\\/exaudi.org\\\/?s={search_term_string}\"},\"query-input\":{\"@type\":\"PropertyValueSpecification\",\"valueRequired\":true,\"valueName\":\"search_term_string\"}}],\"inLanguage\":\"it-IT\"},{\"@type\":\"Person\",\"@id\":\"https:\\\/\\\/exaudi.org\\\/#\\\/schema\\\/person\\\/e1ab6ed07c01774724dd96f925f3a5f0\",\"name\":\"Exaudi Redazione\",\"image\":{\"@type\":\"ImageObject\",\"inLanguage\":\"it-IT\",\"@id\":\"https:\\\/\\\/secure.gravatar.com\\\/avatar\\\/ad6774b3ada023bf5b939d64f45c94b3adf91502dd883507d469b4308a943bb3?s=96&d=mm&r=g\",\"url\":\"https:\\\/\\\/secure.gravatar.com\\\/avatar\\\/ad6774b3ada023bf5b939d64f45c94b3adf91502dd883507d469b4308a943bb3?s=96&d=mm&r=g\",\"contentUrl\":\"https:\\\/\\\/secure.gravatar.com\\\/avatar\\\/ad6774b3ada023bf5b939d64f45c94b3adf91502dd883507d469b4308a943bb3?s=96&d=mm&r=g\",\"caption\":\"Exaudi Redazione\"},\"description\":\"Che cosa \u00e8 Exaudi News? Exaudi News \u00e8 un agenzia cattolica internazionale che informa, istruisce e trasforma quotidianamente in spagnolo, inglese e italiano. Attraverso notizie, articoli di analisi e trasmissioni in diretta degli eventi del Papa, Exaudi cerca di rafforzare l'unit\u00e0 dei cristiani e di contribuire all'evangelizzazione del mondo, sempre guidato dalla dottrina sociale della Chiesa. Lavoriamo per portare la verit\u00e0 e i valori cristiani in ogni angolo del pianeta. Aiutaci a trasformare il mondo con Exaudi! Noi di Exaudi crediamo che l'evangelizzazione e l'informazione di qualit\u00e0 possano cambiare la vita. Per continuare la nostra missione ed espandere la nostra portata, abbiamo bisogno del tuo aiuto. Stiamo anche cercando persone motivate che vogliano unirsi al nostro team. Grazie al vostro sostegno raggiungeremo pi\u00f9 persone, diffonderemo il messaggio di Cristo e rafforzeremo l'unit\u00e0 dei cristiani. Vuoi unirti alla nostra missione? Per maggiori informazioni su come contribuire, visita Exaudi.org\\\/it o contattaci direttamente: info@exaudi.org Exaudi: informa, forma e trasforma.\",\"sameAs\":[\"https:\\\/\\\/www.facebook.com\\\/ExaudiNotizie\\\/\",\"https:\\\/\\\/www.instagram.com\\\/Exaudi_notizie\\\/\",\"https:\\\/\\\/x.com\\\/Exaudi_Notizie\",\"https:\\\/\\\/www.youtube.com\\\/@exaudicatholicnews\"],\"url\":\"https:\\\/\\\/exaudi.org\\\/it\\\/author\\\/dlvedi-org\\\/\"}]}<\/script>\n<!-- \/ Yoast SEO plugin. -->","yoast_head_json":{"title":"Le Parole del Papa alla Recita dell\u2019Angelus in Vaticano &#8211;","description":"Le Parole del Papa alla Recita dell\u2019Angelus in Vaticano - Testo Integrale 25 - 7- 2021 in Vaticano - Giorno dei Nonni","robots":{"index":"index","follow":"follow","max-snippet":"max-snippet:-1","max-image-preview":"max-image-preview:large","max-video-preview":"max-video-preview:-1"},"canonical":"https:\/\/exaudi.org\/it\/le-parole-del-papa-alla-recita-dellangelus-in-vaticano\/","og_locale":"it_IT","og_type":"article","og_title":"Le Parole del Papa alla Recita dell\u2019Angelus in Vaticano &#8211;","og_description":"Le Parole del Papa alla Recita dell\u2019Angelus in Vaticano - Testo Integrale 25 - 7- 2021 in Vaticano - Giorno dei Nonni","og_url":"https:\/\/exaudi.org\/it\/le-parole-del-papa-alla-recita-dellangelus-in-vaticano\/","og_site_name":"Exaudi","article_publisher":"https:\/\/www.facebook.com\/ExaudiNews","article_author":"https:\/\/www.facebook.com\/ExaudiNotizie\/","article_published_time":"2021-07-25T13:12:32+00:00","og_image":[{"width":1000,"height":666,"url":"https:\/\/exaudi.org\/wp-content\/uploads\/2021\/06\/Angelus-29-nov.-2020-C-Vatican-Media-1.jpeg","type":"image\/jpeg"}],"author":"Exaudi Redazione","twitter_card":"summary_large_image","twitter_creator":"@Exaudi_Notizie","twitter_site":"@Exaudi_News","twitter_misc":{"Scritto da":"Exaudi Redazione","Tempo di lettura stimato":"3 minuti"},"schema":{"@context":"https:\/\/schema.org","@graph":[{"@type":"Article","@id":"https:\/\/exaudi.org\/it\/le-parole-del-papa-alla-recita-dellangelus-in-vaticano\/#article","isPartOf":{"@id":"https:\/\/exaudi.org\/it\/le-parole-del-papa-alla-recita-dellangelus-in-vaticano\/"},"author":{"name":"Exaudi Redazione","@id":"https:\/\/exaudi.org\/#\/schema\/person\/e1ab6ed07c01774724dd96f925f3a5f0"},"headline":"Le Parole del Papa alla Recita dell\u2019Angelus in Vaticano","datePublished":"2021-07-25T13:12:32+00:00","mainEntityOfPage":{"@id":"https:\/\/exaudi.org\/it\/le-parole-del-papa-alla-recita-dellangelus-in-vaticano\/"},"wordCount":665,"image":{"@id":"https:\/\/exaudi.org\/it\/le-parole-del-papa-alla-recita-dellangelus-in-vaticano\/#primaryimage"},"thumbnailUrl":"https:\/\/exaudi.org\/wp-content\/uploads\/2021\/06\/Angelus-29-nov.-2020-C-Vatican-Media-1.jpeg","keywords":["\u00e1ngelus","Featured","Papa","Vaticano"],"articleSection":["Leone XIV"],"inLanguage":"it-IT"},{"@type":"WebPage","@id":"https:\/\/exaudi.org\/it\/le-parole-del-papa-alla-recita-dellangelus-in-vaticano\/","url":"https:\/\/exaudi.org\/it\/le-parole-del-papa-alla-recita-dellangelus-in-vaticano\/","name":"Le Parole del Papa alla Recita dell\u2019Angelus in Vaticano &#8211;","isPartOf":{"@id":"https:\/\/exaudi.org\/#website"},"primaryImageOfPage":{"@id":"https:\/\/exaudi.org\/it\/le-parole-del-papa-alla-recita-dellangelus-in-vaticano\/#primaryimage"},"image":{"@id":"https:\/\/exaudi.org\/it\/le-parole-del-papa-alla-recita-dellangelus-in-vaticano\/#primaryimage"},"thumbnailUrl":"https:\/\/exaudi.org\/wp-content\/uploads\/2021\/06\/Angelus-29-nov.-2020-C-Vatican-Media-1.jpeg","datePublished":"2021-07-25T13:12:32+00:00","author":{"@id":"https:\/\/exaudi.org\/#\/schema\/person\/e1ab6ed07c01774724dd96f925f3a5f0"},"description":"Le Parole del Papa alla Recita dell\u2019Angelus in Vaticano - Testo Integrale 25 - 7- 2021 in Vaticano - Giorno dei Nonni","breadcrumb":{"@id":"https:\/\/exaudi.org\/it\/le-parole-del-papa-alla-recita-dellangelus-in-vaticano\/#breadcrumb"},"inLanguage":"it-IT","potentialAction":[{"@type":"ReadAction","target":["https:\/\/exaudi.org\/it\/le-parole-del-papa-alla-recita-dellangelus-in-vaticano\/"]}]},{"@type":"ImageObject","inLanguage":"it-IT","@id":"https:\/\/exaudi.org\/it\/le-parole-del-papa-alla-recita-dellangelus-in-vaticano\/#primaryimage","url":"https:\/\/exaudi.org\/wp-content\/uploads\/2021\/06\/Angelus-29-nov.-2020-C-Vatican-Media-1.jpeg","contentUrl":"https:\/\/exaudi.org\/wp-content\/uploads\/2021\/06\/Angelus-29-nov.-2020-C-Vatican-Media-1.jpeg","width":1000,"height":666,"caption":"Copyright: Vatican Media"},{"@type":"BreadcrumbList","@id":"https:\/\/exaudi.org\/it\/le-parole-del-papa-alla-recita-dellangelus-in-vaticano\/#breadcrumb","itemListElement":[{"@type":"ListItem","position":1,"name":"Portada","item":"https:\/\/exaudi.org\/it\/"},{"@type":"ListItem","position":2,"name":"Le Parole del Papa alla Recita dell\u2019Angelus in Vaticano"}]},{"@type":"WebSite","@id":"https:\/\/exaudi.org\/#website","url":"https:\/\/exaudi.org\/","name":"Exaudi","description":"News","potentialAction":[{"@type":"SearchAction","target":{"@type":"EntryPoint","urlTemplate":"https:\/\/exaudi.org\/?s={search_term_string}"},"query-input":{"@type":"PropertyValueSpecification","valueRequired":true,"valueName":"search_term_string"}}],"inLanguage":"it-IT"},{"@type":"Person","@id":"https:\/\/exaudi.org\/#\/schema\/person\/e1ab6ed07c01774724dd96f925f3a5f0","name":"Exaudi Redazione","image":{"@type":"ImageObject","inLanguage":"it-IT","@id":"https:\/\/secure.gravatar.com\/avatar\/ad6774b3ada023bf5b939d64f45c94b3adf91502dd883507d469b4308a943bb3?s=96&d=mm&r=g","url":"https:\/\/secure.gravatar.com\/avatar\/ad6774b3ada023bf5b939d64f45c94b3adf91502dd883507d469b4308a943bb3?s=96&d=mm&r=g","contentUrl":"https:\/\/secure.gravatar.com\/avatar\/ad6774b3ada023bf5b939d64f45c94b3adf91502dd883507d469b4308a943bb3?s=96&d=mm&r=g","caption":"Exaudi Redazione"},"description":"Che cosa \u00e8 Exaudi News? Exaudi News \u00e8 un agenzia cattolica internazionale che informa, istruisce e trasforma quotidianamente in spagnolo, inglese e italiano. Attraverso notizie, articoli di analisi e trasmissioni in diretta degli eventi del Papa, Exaudi cerca di rafforzare l'unit\u00e0 dei cristiani e di contribuire all'evangelizzazione del mondo, sempre guidato dalla dottrina sociale della Chiesa. Lavoriamo per portare la verit\u00e0 e i valori cristiani in ogni angolo del pianeta. Aiutaci a trasformare il mondo con Exaudi! Noi di Exaudi crediamo che l'evangelizzazione e l'informazione di qualit\u00e0 possano cambiare la vita. Per continuare la nostra missione ed espandere la nostra portata, abbiamo bisogno del tuo aiuto. Stiamo anche cercando persone motivate che vogliano unirsi al nostro team. Grazie al vostro sostegno raggiungeremo pi\u00f9 persone, diffonderemo il messaggio di Cristo e rafforzeremo l'unit\u00e0 dei cristiani. Vuoi unirti alla nostra missione? Per maggiori informazioni su come contribuire, visita Exaudi.org\/it o contattaci direttamente: info@exaudi.org Exaudi: informa, forma e trasforma.","sameAs":["https:\/\/www.facebook.com\/ExaudiNotizie\/","https:\/\/www.instagram.com\/Exaudi_notizie\/","https:\/\/x.com\/Exaudi_Notizie","https:\/\/www.youtube.com\/@exaudicatholicnews"],"url":"https:\/\/exaudi.org\/it\/author\/dlvedi-org\/"}]}},"jetpack_featured_media_url":"https:\/\/exaudi.org\/wp-content\/uploads\/2021\/06\/Angelus-29-nov.-2020-C-Vatican-Media-1.jpeg","jetpack_shortlink":"https:\/\/wp.me\/pgKjF2-7pc","_links":{"self":[{"href":"https:\/\/exaudi.org\/it\/wp-json\/wp\/v2\/posts\/28470","targetHints":{"allow":["GET"]}}],"collection":[{"href":"https:\/\/exaudi.org\/it\/wp-json\/wp\/v2\/posts"}],"about":[{"href":"https:\/\/exaudi.org\/it\/wp-json\/wp\/v2\/types\/post"}],"author":[{"embeddable":true,"href":"https:\/\/exaudi.org\/it\/wp-json\/wp\/v2\/users\/17"}],"replies":[{"embeddable":true,"href":"https:\/\/exaudi.org\/it\/wp-json\/wp\/v2\/comments?post=28470"}],"version-history":[{"count":0,"href":"https:\/\/exaudi.org\/it\/wp-json\/wp\/v2\/posts\/28470\/revisions"}],"wp:featuredmedia":[{"embeddable":true,"href":"https:\/\/exaudi.org\/it\/wp-json\/wp\/v2\/media\/24913"}],"wp:attachment":[{"href":"https:\/\/exaudi.org\/it\/wp-json\/wp\/v2\/media?parent=28470"}],"wp:term":[{"taxonomy":"category","embeddable":true,"href":"https:\/\/exaudi.org\/it\/wp-json\/wp\/v2\/categories?post=28470"},{"taxonomy":"post_tag","embeddable":true,"href":"https:\/\/exaudi.org\/it\/wp-json\/wp\/v2\/tags?post=28470"}],"curies":[{"name":"wp","href":"https:\/\/api.w.org\/{rel}","templated":true}]}}