{"id":28023,"date":"2021-07-23T07:00:26","date_gmt":"2021-07-23T05:00:26","guid":{"rendered":"https:\/\/exaudi.org\/?p=28023"},"modified":"2021-07-23T14:50:54","modified_gmt":"2021-07-23T12:50:54","slug":"miguel-e-angelica-nonni-giovani-e-anziani-abbiamo-bisogno-gli-uni-degli-altri","status":"publish","type":"post","link":"https:\/\/exaudi.org\/it\/miguel-e-angelica-nonni-giovani-e-anziani-abbiamo-bisogno-gli-uni-degli-altri\/","title":{"rendered":"Miguel e Ang\u00e9lica, nonni: Giovani e anziani \u201cabbiamo bisogno gli uni degli altri\u201d"},"content":{"rendered":"<p>Ang\u00e9lica e Miguel, una coppia spagnola rispettivamente di 82 e 90 anni, sottolineano che nonostante \u201coggi vogliano separare gli anziani dalle case\u201d, questo \u201c\u00e8 un errore\u201d, poich\u00e9 \u201ci giovani imparano dagli anziani e noi abbiamo bisogno di loro, abbiamo bisogno gli uni degli altri\u201d.<\/p>\n<p><img loading=\"lazy\" decoding=\"async\" class=\"size-medium wp-image-28037 alignleft\" src=\"https:\/\/exaudi.org\/wp-content\/uploads\/2021\/07\/WhatsApp-Image-2021-07-13-at-11.54.02-1-300x225.jpeg\" alt=\"Giovani e vechi\" width=\"300\" height=\"225\" srcset=\"https:\/\/exaudi.org\/wp-content\/uploads\/2021\/07\/WhatsApp-Image-2021-07-13-at-11.54.02-1-300x225.jpeg 300w, https:\/\/exaudi.org\/wp-content\/uploads\/2021\/07\/WhatsApp-Image-2021-07-13-at-11.54.02-1-768x576.jpeg 768w, https:\/\/exaudi.org\/wp-content\/uploads\/2021\/07\/WhatsApp-Image-2021-07-13-at-11.54.02-1-150x113.jpeg 150w, https:\/\/exaudi.org\/wp-content\/uploads\/2021\/07\/WhatsApp-Image-2021-07-13-at-11.54.02-1-696x522.jpeg 696w, https:\/\/exaudi.org\/wp-content\/uploads\/2021\/07\/WhatsApp-Image-2021-07-13-at-11.54.02-1-560x420.jpeg 560w, https:\/\/exaudi.org\/wp-content\/uploads\/2021\/07\/WhatsApp-Image-2021-07-13-at-11.54.02-1-80x60.jpeg 80w, https:\/\/exaudi.org\/wp-content\/uploads\/2021\/07\/WhatsApp-Image-2021-07-13-at-11.54.02-1-265x198.jpeg 265w, https:\/\/exaudi.org\/wp-content\/uploads\/2021\/07\/WhatsApp-Image-2021-07-13-at-11.54.02-1.jpeg 1024w\" sizes=\"auto, (max-width: 300px) 100vw, 300px\" \/>In occasione della <a href=\"https:\/\/exaudi.org\/it\/mettere-al-centro-i-nonni-e-gli-anziani\/\" target=\"_blank\" rel=\"noopener noreferrer\">I Giornata Mondiale dei Nonni e degli Anziani<\/a>, che si terr\u00e0 domenica prossima, 25 luglio 2021, con il titolo \u201cIo sono ogni giorno con voi\u201d (cfr Mt 28,20), Exaudi ha dialogato con Miguel e Ang\u00e9lica, marito e moglie, genitori, nonni e bisnonni di una famiglia numerosa.<\/p>\n<p>Gli sposi sono felici che ci sia questo giorno speciale dedicato agli anziani: \u201cCi sta dando un posto, un motivo per i nonni per ricordare ci\u00f2 che Dio ha fatto nella nostra vita. Siamo molto contenti che questo sia venuto dal Papa, dobbiamo difendere gli anziani\u201d.<\/p>\n<p>La coppia di bisnonni si rivolge ai giovani e chiede loro di \u201cprestare attenzione ai genitori\u201d, indicando che \u201cGes\u00f9 Cristo \u00e8 colui che pu\u00f2 condurre la loro vita meglio di chiunque altro, che la cosa migliore che possono sperimentare in questo la vita \u00e8 che Dio li ama, cos\u00ec come sono, senza dover fare nulla in cambio, senza dover dare una taglia a nessuno\u201d. Allo stesso modo, incoraggiano i giovani a smettere di \u201ccercare la felicit\u00e0 in tante cose che vengono proposte oggi: divertimento senza misura, essere, tecnologia, sesso, alcool e droghe, denaro\u201d e imparare \u201ca vivere oggi, perch\u00e9 il domani non esiste \u201c, approfittando di \u201cquello che diciamo perch\u00e9 la vita se ne va in un soffio\u201d.<\/p>\n<h4><strong>61 anni sposati: 4 figli, 19 nipoti e 13 pronipoti<\/strong><\/h4>\n<p>A proposito della loro vita insieme, Miguel racconta che \u201cci siamo incontrati nel 1958 ad Alcal\u00e1 del R\u00edo (Siviglia, Spagna), la citt\u00e0 di Ang\u00e9lica, dove ero di stanza a causa del mio lavoro di funzionario presso il Ministero dell&#8217;Agricoltura, al servizio di Estensione Agraria. Ci siamo conosciuti nel mese di settembre alle feste del paese in onore a San Gregorio, e da allora abbiamo iniziato un anno e mezzo di fidanzamento, sposandoci finalmente nel 1960. Nei nostri 61 anni di matrimonio, ad oggi abbiamo avuto 4 figli, 19 nipoti e 13 pronipoti\u201d.<\/p>\n<p><img loading=\"lazy\" decoding=\"async\" class=\"size-medium wp-image-28031 alignright\" src=\"https:\/\/exaudi.org\/wp-content\/uploads\/2021\/07\/WhatsApp-Image-2021-07-15-at-22.39.44-1-1-300x200.jpeg\" alt=\"\" width=\"300\" height=\"200\" srcset=\"https:\/\/exaudi.org\/wp-content\/uploads\/2021\/07\/WhatsApp-Image-2021-07-15-at-22.39.44-1-1-300x200.jpeg 300w, https:\/\/exaudi.org\/wp-content\/uploads\/2021\/07\/WhatsApp-Image-2021-07-15-at-22.39.44-1-1-768x512.jpeg 768w, https:\/\/exaudi.org\/wp-content\/uploads\/2021\/07\/WhatsApp-Image-2021-07-15-at-22.39.44-1-1-150x100.jpeg 150w, https:\/\/exaudi.org\/wp-content\/uploads\/2021\/07\/WhatsApp-Image-2021-07-15-at-22.39.44-1-1-696x464.jpeg 696w, https:\/\/exaudi.org\/wp-content\/uploads\/2021\/07\/WhatsApp-Image-2021-07-15-at-22.39.44-1-1-630x420.jpeg 630w, https:\/\/exaudi.org\/wp-content\/uploads\/2021\/07\/WhatsApp-Image-2021-07-15-at-22.39.44-1-1.jpeg 1024w\" sizes=\"auto, (max-width: 300px) 100vw, 300px\" \/>Come coppia di credenti, a proposito del loro incontro con il Signore, Ang\u00e9lica racconta che \u201centrambi abbiamo avuto un&#8217;educazione cristiana dai nostri genitori, ma come coniugi abbiamo trovato il <a href=\"https:\/\/neocatechumenaleiter.org\/it\/\" target=\"_blank\" rel=\"noopener noreferrer\">Cammino Neocatecumenale<\/a> (CN) nel 1969 nella parrocchia della Sagrada Familia a Siviglia, quando avevamo gi\u00e0 avuto 3 figli\u201d. Per lei, \u201cil NC \u00e8 stato una liberazione, mi ha tolto un grande peso perch\u00e9 ero molto ardente e molto religiosa, tutto quello che ho fatto nello sforzo di incontrare Ges\u00f9 Cristo \u00e8 stato incontrare l&#8217;amore di Cristo, gratuitamente. Ha scoperto com&#8217;ero, i miei peccati, e ho scoperto cosa Lui aveva fatto per me. Grazie al NC \u00e8 nata la nostra quarta figlia e abbiamo potuto trasmettere a tutti i nostri figli quello che Lui ci aveva donato gratuitamente, la fede\u201d.<\/p>\n<h4><strong>Responsabile dell&#8217;evangelizzazione<\/strong><\/h4>\n<p>Fin dall&#8217;inizio, continua Angelica, \u201csiamo entrati a far parte dell&#8217;<em>\u00e9quipe<\/em> di catechisti responsabili dell&#8217;evangelizzazione degli adulti nella parrocchia e anche del catechismo in altre parrocchie di Siviglia. Ci siamo stati, perch\u00e9 cos\u00ec voleva Dio, fino a tre anni fa quando non potevamo pi\u00f9 continuare per problemi di salute.<\/p>\n<p>In questo senso Miguel rimarca che Dio \u201cha formato con noi una famiglia di 50 membri, e questo non era il mio progetto. Il mio progetto era di andare a una conferenza sabato-domenica in parrocchia e, guarda un po\u2019, invece non ci siamo separati dal CN fino ad oggi. Qui ho scoperto che la misericordia del Signore \u00e8 sempre pi\u00f9 grande di tutte le prove che incontriamo lungo il cammino. Non abbiamo imposto il NC a nessuno in famiglia, ma oggi sono tutti dentro, e questo non \u00e8 merito nostro. Il Signore \u00e8 sempre stato l\u00ec per aiutarci\u201d.<\/p>\n<p>Segue l&#8217;intervista integrale in cui parlano di questa festa dei nonni, di come hanno vissuto in confinamento covid, della loro testimonianza di fede all&#8217;interno della Chiesa, del loro rapporto con i giovani e della stessa vecchiaia.<\/p>\n<p>***<\/p>\n<p><strong><img loading=\"lazy\" decoding=\"async\" class=\"alignleft wp-image-28034 size-medium\" src=\"https:\/\/exaudi.org\/wp-content\/uploads\/2021\/07\/WhatsApp-Image-2021-07-15-at-22.39.44-4-300x200.jpeg\" alt=\"Giovani e vechi\" width=\"300\" height=\"200\" srcset=\"https:\/\/exaudi.org\/wp-content\/uploads\/2021\/07\/WhatsApp-Image-2021-07-15-at-22.39.44-4-300x200.jpeg 300w, https:\/\/exaudi.org\/wp-content\/uploads\/2021\/07\/WhatsApp-Image-2021-07-15-at-22.39.44-4-768x512.jpeg 768w, https:\/\/exaudi.org\/wp-content\/uploads\/2021\/07\/WhatsApp-Image-2021-07-15-at-22.39.44-4-150x100.jpeg 150w, https:\/\/exaudi.org\/wp-content\/uploads\/2021\/07\/WhatsApp-Image-2021-07-15-at-22.39.44-4-696x464.jpeg 696w, https:\/\/exaudi.org\/wp-content\/uploads\/2021\/07\/WhatsApp-Image-2021-07-15-at-22.39.44-4-630x420.jpeg 630w, https:\/\/exaudi.org\/wp-content\/uploads\/2021\/07\/WhatsApp-Image-2021-07-15-at-22.39.44-4.jpeg 1024w\" sizes=\"auto, (max-width: 300px) 100vw, 300px\" \/>Exaudi: Come sei venuto a conoscenza dell&#8217;istituzione di questa Conferenza da parte di Papa Francesco? Cosa ne pensi di questo gesto con questo gruppo di persone a volte dimenticate?<\/strong><\/p>\n<p><strong>Miguel e Ang\u00e9lica:<\/strong> L&#8217;abbiamo saputo dal nostro parroco, quando ci ha chiamati per fare questa intervista, dopo abbiamo visto qualcosa sui media. Ci sembra molto bello, ci sta dando un posto, un motivo per noi nonni per ricordare ci\u00f2 che Dio ha fatto nella nostra vita. Siamo molto contenti che questo sia venuto dal Papa, dobbiamo difendere gli anziani.<\/p>\n<p><strong>Exaudi: Nel suo <a href=\"https:\/\/exaudi.org\/it\/giornata-degli-anziani-il-messaggio-del-s-padre\/\" target=\"_blank\" rel=\"noopener noreferrer\">videomessaggio<\/a>, Papa Francesco spiega che la celebrazione di questa giornata assume un significato speciale in quest&#8217;anno di pandemia \u201cdopo un lungo isolamento e una ancora lenta ripresa della vita sociale. Possa ogni nonno, ogni vecchio, ogni nonna, ogni anziano, specialmente quelli pi\u00f9 soli, ricevere la visita di un angelo!\u201d Qual \u00e8 stato il vostro contatto con la famiglia? Come avete vissuto la vostra fede in questi momenti eccezionali?<\/strong><\/p>\n<p><strong>Miguel:<\/strong> Abbiamo passato il confinamento con calma, con pazienza, pregando. Con qualche problema fisico perch\u00e9 mi sono rotto l&#8217;anca, ma tutto \u00e8 andato bene. Assistiti dai nostri figli\/nipoti, abitiamo da tempo anche nelle case dei nostri figli. Fede, preghiera quotidiana come sempre Lodi, Vespri, Compieta, Rosario&#8230; Con pochi contatti con la comunit\u00e0 nei momenti di totale reclusione, ma uniti nella preghiera. Abbiamo seguito la Messa in TV e la comunione ci \u00e8 stata portata a casa, quando possibile.<\/p>\n<p><strong>Ang\u00e9lica:<\/strong> Senza paura, anche quando Miguel era in ospedale senza poter andare a trovarlo e lui doveva passare dei momenti da solo. La nostra comunit\u00e0 a volte era collegata alle nuove tecnologie, il che per noi era praticamente impossibile. Ma abbiamo notato le preghiere di tutti i fratelli, dei nostri figli e nipoti, e sono passati tutti per casa appena hanno avuto un momento possibile.<\/p>\n<p><strong>Exaudi: Il Santo Padre si rivolge agli anziani e dice: \u201cAscoltate bene: qual \u00e8 la nostra vocazione oggi, alla nostra et\u00e0? Custodisci le radici, trasmetti la fede ai giovani e prenditi cura dei pi\u00f9 piccoli. Non dimenticarlo.\u201d Come cerchi di vivere questa chiamata nella tua famiglia e nella tua comunit\u00e0?<\/strong><\/p>\n<p><strong>Miguel:<\/strong> Chiedere ogni giorno a Dio di compiere sempre la sua volont\u00e0 in famiglia. Semplicemente essere come siamo sempre stati. Pregare con loro, andare con loro all&#8217;Eucaristia, stare con loro.<\/p>\n<p><strong>Angelica:<\/strong> Accettare con gioia la nostra vecchiaia precaria, ringraziando per aver raggiunto questa et\u00e0 (io 82 e Miguel 90) circondati dalla famiglia e dalla nostra comunit\u00e0. I nostri nipoti vogliono stare con la \u201c<em>bisa<\/em>\u201d e sono molto contenti di vederci. E anche \u00a0noi di vederli!<\/p>\n<p><strong>Exaudi: Allo stesso modo, Francesco ricorda che \u201cil futuro del mondo risiede in questa alleanza tra i giovani e gli anziani\u201d. Qual \u00e8 il vostro rapporto con queste nuove generazioni e quale messaggio specifico vorreste trasmettere loro?<\/strong><\/p>\n<p><strong>Miguel e Ang\u00e9lica:<\/strong> Oggi vogliono separare gli anziani dalle case, \u00e8 un errore, i giovani imparano dagli anziani e noi da loro, abbiamo bisogno gli uni degli altri<\/p>\n<p>Il nostro rapporto con i giovani \u00e8 attraverso i nostri nipoti, pronipoti e anche attraverso i nostri tanti catecumeni, che catechizziamo da tanti anni, compresi i loro figli.<\/p>\n<p>Diciamo ai giovani di ascoltare i loro genitori e che Ges\u00f9 Cristo \u00e8 colui che pu\u00f2 condurre la loro vita meglio di chiunque altro, che il meglio che possono sperimentare in questa vita \u00e8 che Dio li ama cos\u00ec come sono, senza dover fare nulla in cambio, non devono dare una taglia a nessuno Diremo loro di smetterla di cercare la felicit\u00e0 in tante cose che oggi ti mettono avanti: divertimento senza misura, essere, tecnologia, sesso, alcool e droga, soldi&#8230; Diremo loro di imparare a vivere oggi, perch\u00e9 il domani non esiste e di approfittare di ci\u00f2 che diciamo perch\u00e9 la vita se ne va in un battibaleno.<\/p>\n<p><strong>Exaudi: Per il Papa \u201cnon c&#8217;\u00e8 et\u00e0 in cui ci si possa sottrarre al compito di annunciare il Vangelo, a quello di trasmettere le tradizioni\u201d ed \u00e8 necessario \u201candare avanti e, soprattutto, uscire da s\u00e9 stessi per intraprendere qualcosa di nuovo\u201d, come pensate di poter incoraggiare altri nonni come voi ad assumere questo compito?<\/strong><\/p>\n<p><strong><img loading=\"lazy\" decoding=\"async\" class=\"alignright wp-image-28028 size-medium\" src=\"https:\/\/exaudi.org\/wp-content\/uploads\/2021\/07\/WhatsApp-Image-2021-07-15-at-22.39.44-2-1-300x200.jpeg\" alt=\"Giovani e vechi\" width=\"300\" height=\"200\" srcset=\"https:\/\/exaudi.org\/wp-content\/uploads\/2021\/07\/WhatsApp-Image-2021-07-15-at-22.39.44-2-1-300x200.jpeg 300w, https:\/\/exaudi.org\/wp-content\/uploads\/2021\/07\/WhatsApp-Image-2021-07-15-at-22.39.44-2-1-768x512.jpeg 768w, https:\/\/exaudi.org\/wp-content\/uploads\/2021\/07\/WhatsApp-Image-2021-07-15-at-22.39.44-2-1-150x100.jpeg 150w, https:\/\/exaudi.org\/wp-content\/uploads\/2021\/07\/WhatsApp-Image-2021-07-15-at-22.39.44-2-1-696x464.jpeg 696w, https:\/\/exaudi.org\/wp-content\/uploads\/2021\/07\/WhatsApp-Image-2021-07-15-at-22.39.44-2-1-630x420.jpeg 630w, https:\/\/exaudi.org\/wp-content\/uploads\/2021\/07\/WhatsApp-Image-2021-07-15-at-22.39.44-2-1.jpeg 1024w\" sizes=\"auto, (max-width: 300px) 100vw, 300px\" \/>Miguel e Ang\u00e9lica:<\/strong> Rispondendo con la verit\u00e0, che vengano a trovarci e vedano come viviamo. Non abbiano paura della vita, della vecchiaia, della malattia e della morte perch\u00e9 c&#8217;\u00e8 un mondo migliore che ci aspetta, e la garanzia di questo \u00e8 che qui possiamo amarci e perdonarci.<\/p>\n<p><strong>Exaudi: Qual \u00e8 il vostro messaggio per le persone anziane sole?<\/strong><\/p>\n<p><strong>Miguel e Ang\u00e9lica:<\/strong> Dire a una persona sola che non lo \u00e8, \u00e8 difficile. Il messaggio \u00e8 di incoraggiamento, che si avvicinino alla Chiesa perch\u00e9 Dio copre la solitudine di tutte le persone, abbiamo fratelli nella comunit\u00e0 che sono in questa situazione e non saranno soli&#8230; Hanno Cristo e hanno la loro comunit\u00e0<\/p>\n<p><strong>Exaudi: \u201cLa preghiera degli anziani pu\u00f2 proteggere il mondo, aiutandolo forse in modo pi\u00f9 incisivo della richiesta di tanti\u201d, dice il Papa. Per cosa pregate?<\/strong><\/p>\n<p><strong>Miguel e Ang\u00e9lica:<\/strong> Preghiamo perch\u00e9 la Chiesa ce l&#8217;ha dato come un tesoro e cos\u00ec lo viviamo. Preghiamo per la famiglia che dia ai giovani la fede, per i nostri fratelli di comunit\u00e0, per la Chiesa mondiale, per tutti coloro che non conoscono il Signore, per tutti coloro che non hanno nulla, per i bisognosi, per i nostri nemici&#8230;<\/p>\n<p><strong>Exaudi: Festeggerete in modo speciale questa prima Giornata Mondiale dei Nonni e degli Anziani?<\/strong><\/p>\n<p><strong>Miguel e Ang\u00e9lica:<\/strong> Beh, quasi tutti i nostri figli sono anche nonni&#8230; Anche per loro \u00e8 un giorno speciale, bisogner\u00e0 fare qualcosa. Un&#8217;Eucaristia, un&#8217;agape. \u00c8 un giorno di ringraziamento per tutto ci\u00f2 che il Signore e la Chiesa ci hanno donato. E ci divertiamo molto quando celebriamo qualcosa con loro, \u00e8 qualcosa che il Signore ci ha concesso, di poter godere della famiglia.<\/p>\n","protected":false},"excerpt":{"rendered":"<p>Intervista per la Prima Giornata Mondiale dei Nonni e degli Anziani<\/p>\n","protected":false},"author":5,"featured_media":28025,"comment_status":"open","ping_status":"open","sticky":false,"template":"","format":"standard","meta":{"_acf_changed":false,"_crdt_document":"","inline_featured_image":false,"footnotes":""},"categories":[107],"tags":[1820,758,2487,1141,3427],"class_list":["post-28023","post","type-post","status-publish","format-standard","has-post-thumbnail","hentry","category-interviste","tag-anziani","tag-famiglia","tag-featured-3","tag-giovani","tag-i-giornata-mondiale-dei-nonni-e-degli-anziani"],"acf":[],"yoast_head":"<!-- This site is optimized with the Yoast SEO plugin v27.4 - https:\/\/yoast.com\/product\/yoast-seo-wordpress\/ -->\n<title>Miguel e Ang\u00e9lica, nonni: Giovani e anziani \u201cabbiamo bisogno gli uni degli altri\u201d &#8211; Exaudi<\/title>\n<meta name=\"description\" content=\"Ang\u00e9lica e Miguel, nonni, sottolineano in questa intervista che &quot;i giovani imparano dagli anziani e noi abbiamo bisogno di loro&quot;\" \/>\n<meta name=\"robots\" content=\"index, follow, max-snippet:-1, max-image-preview:large, max-video-preview:-1\" \/>\n<link rel=\"canonical\" href=\"https:\/\/exaudi.org\/it\/miguel-e-angelica-nonni-giovani-e-anziani-abbiamo-bisogno-gli-uni-degli-altri\/\" \/>\n<meta property=\"og:locale\" content=\"it_IT\" \/>\n<meta property=\"og:type\" content=\"article\" \/>\n<meta property=\"og:title\" content=\"Miguel e Ang\u00e9lica, nonni: Giovani e anziani \u201cabbiamo bisogno gli uni degli altri\u201d &#8211; Exaudi\" \/>\n<meta property=\"og:description\" content=\"Ang\u00e9lica e Miguel, nonni, sottolineano in questa intervista che &quot;i giovani imparano dagli anziani e noi abbiamo bisogno di loro&quot;\" \/>\n<meta property=\"og:url\" content=\"https:\/\/exaudi.org\/it\/miguel-e-angelica-nonni-giovani-e-anziani-abbiamo-bisogno-gli-uni-degli-altri\/\" \/>\n<meta property=\"og:site_name\" content=\"Exaudi\" \/>\n<meta property=\"article:publisher\" content=\"https:\/\/www.facebook.com\/ExaudiNews\" \/>\n<meta property=\"article:published_time\" content=\"2021-07-23T05:00:26+00:00\" \/>\n<meta property=\"article:modified_time\" content=\"2021-07-23T12:50:54+00:00\" \/>\n<meta property=\"og:image\" content=\"https:\/\/exaudi.org\/wp-content\/uploads\/2021\/07\/WhatsApp-Image-2021-07-15-at-22.39.44-3.jpeg\" \/>\n\t<meta property=\"og:image:width\" content=\"1024\" \/>\n\t<meta property=\"og:image:height\" content=\"683\" \/>\n\t<meta property=\"og:image:type\" content=\"image\/jpeg\" \/>\n<meta name=\"author\" content=\"Larissa I. L\u00f3pez\" \/>\n<meta name=\"twitter:card\" content=\"summary_large_image\" \/>\n<meta name=\"twitter:creator\" content=\"@Exaudi_News\" \/>\n<meta name=\"twitter:site\" content=\"@Exaudi_News\" \/>\n<meta name=\"twitter:label1\" content=\"Scritto da\" \/>\n\t<meta name=\"twitter:data1\" content=\"Larissa I. L\u00f3pez\" \/>\n\t<meta name=\"twitter:label2\" content=\"Tempo di lettura stimato\" \/>\n\t<meta name=\"twitter:data2\" content=\"8 minuti\" \/>\n<script type=\"application\/ld+json\" class=\"yoast-schema-graph\">{\"@context\":\"https:\\\/\\\/schema.org\",\"@graph\":[{\"@type\":\"Article\",\"@id\":\"https:\\\/\\\/exaudi.org\\\/it\\\/miguel-e-angelica-nonni-giovani-e-anziani-abbiamo-bisogno-gli-uni-degli-altri\\\/#article\",\"isPartOf\":{\"@id\":\"https:\\\/\\\/exaudi.org\\\/it\\\/miguel-e-angelica-nonni-giovani-e-anziani-abbiamo-bisogno-gli-uni-degli-altri\\\/\"},\"author\":{\"name\":\"Larissa I. L\u00f3pez\",\"@id\":\"https:\\\/\\\/exaudi.org\\\/#\\\/schema\\\/person\\\/7d2f77db033c2c0929edfab6dbe8c588\"},\"headline\":\"Miguel e Ang\u00e9lica, nonni: Giovani e anziani \u201cabbiamo bisogno gli uni degli altri\u201d\",\"datePublished\":\"2021-07-23T05:00:26+00:00\",\"dateModified\":\"2021-07-23T12:50:54+00:00\",\"mainEntityOfPage\":{\"@id\":\"https:\\\/\\\/exaudi.org\\\/it\\\/miguel-e-angelica-nonni-giovani-e-anziani-abbiamo-bisogno-gli-uni-degli-altri\\\/\"},\"wordCount\":1622,\"commentCount\":0,\"image\":{\"@id\":\"https:\\\/\\\/exaudi.org\\\/it\\\/miguel-e-angelica-nonni-giovani-e-anziani-abbiamo-bisogno-gli-uni-degli-altri\\\/#primaryimage\"},\"thumbnailUrl\":\"https:\\\/\\\/exaudi.org\\\/wp-content\\\/uploads\\\/2021\\\/07\\\/WhatsApp-Image-2021-07-15-at-22.39.44-3.jpeg\",\"keywords\":[\"Anziani\",\"famiglia\",\"Featured\",\"giovani\",\"I Giornata Mondiale dei Nonni e degli Anziani\"],\"articleSection\":[\"Interviste\"],\"inLanguage\":\"it-IT\",\"potentialAction\":[{\"@type\":\"CommentAction\",\"name\":\"Comment\",\"target\":[\"https:\\\/\\\/exaudi.org\\\/it\\\/miguel-e-angelica-nonni-giovani-e-anziani-abbiamo-bisogno-gli-uni-degli-altri\\\/#respond\"]}]},{\"@type\":\"WebPage\",\"@id\":\"https:\\\/\\\/exaudi.org\\\/it\\\/miguel-e-angelica-nonni-giovani-e-anziani-abbiamo-bisogno-gli-uni-degli-altri\\\/\",\"url\":\"https:\\\/\\\/exaudi.org\\\/it\\\/miguel-e-angelica-nonni-giovani-e-anziani-abbiamo-bisogno-gli-uni-degli-altri\\\/\",\"name\":\"Miguel e Ang\u00e9lica, nonni: Giovani e anziani \u201cabbiamo bisogno gli uni degli altri\u201d &#8211; Exaudi\",\"isPartOf\":{\"@id\":\"https:\\\/\\\/exaudi.org\\\/#website\"},\"primaryImageOfPage\":{\"@id\":\"https:\\\/\\\/exaudi.org\\\/it\\\/miguel-e-angelica-nonni-giovani-e-anziani-abbiamo-bisogno-gli-uni-degli-altri\\\/#primaryimage\"},\"image\":{\"@id\":\"https:\\\/\\\/exaudi.org\\\/it\\\/miguel-e-angelica-nonni-giovani-e-anziani-abbiamo-bisogno-gli-uni-degli-altri\\\/#primaryimage\"},\"thumbnailUrl\":\"https:\\\/\\\/exaudi.org\\\/wp-content\\\/uploads\\\/2021\\\/07\\\/WhatsApp-Image-2021-07-15-at-22.39.44-3.jpeg\",\"datePublished\":\"2021-07-23T05:00:26+00:00\",\"dateModified\":\"2021-07-23T12:50:54+00:00\",\"author\":{\"@id\":\"https:\\\/\\\/exaudi.org\\\/#\\\/schema\\\/person\\\/7d2f77db033c2c0929edfab6dbe8c588\"},\"description\":\"Ang\u00e9lica e Miguel, nonni, sottolineano in questa intervista che \\\"i giovani imparano dagli anziani e noi abbiamo bisogno di loro\\\"\",\"breadcrumb\":{\"@id\":\"https:\\\/\\\/exaudi.org\\\/it\\\/miguel-e-angelica-nonni-giovani-e-anziani-abbiamo-bisogno-gli-uni-degli-altri\\\/#breadcrumb\"},\"inLanguage\":\"it-IT\",\"potentialAction\":[{\"@type\":\"ReadAction\",\"target\":[\"https:\\\/\\\/exaudi.org\\\/it\\\/miguel-e-angelica-nonni-giovani-e-anziani-abbiamo-bisogno-gli-uni-degli-altri\\\/\"]}]},{\"@type\":\"ImageObject\",\"inLanguage\":\"it-IT\",\"@id\":\"https:\\\/\\\/exaudi.org\\\/it\\\/miguel-e-angelica-nonni-giovani-e-anziani-abbiamo-bisogno-gli-uni-degli-altri\\\/#primaryimage\",\"url\":\"https:\\\/\\\/exaudi.org\\\/wp-content\\\/uploads\\\/2021\\\/07\\\/WhatsApp-Image-2021-07-15-at-22.39.44-3.jpeg\",\"contentUrl\":\"https:\\\/\\\/exaudi.org\\\/wp-content\\\/uploads\\\/2021\\\/07\\\/WhatsApp-Image-2021-07-15-at-22.39.44-3.jpeg\",\"width\":1024,\"height\":683,\"caption\":\"Miguel e Ang\u00e9lica con i loro figli \u00a9 Miguel e Ang\u00e9lica\"},{\"@type\":\"BreadcrumbList\",\"@id\":\"https:\\\/\\\/exaudi.org\\\/it\\\/miguel-e-angelica-nonni-giovani-e-anziani-abbiamo-bisogno-gli-uni-degli-altri\\\/#breadcrumb\",\"itemListElement\":[{\"@type\":\"ListItem\",\"position\":1,\"name\":\"Portada\",\"item\":\"https:\\\/\\\/exaudi.org\\\/it\\\/\"},{\"@type\":\"ListItem\",\"position\":2,\"name\":\"Miguel e Ang\u00e9lica, nonni: Giovani e anziani \u201cabbiamo bisogno gli uni degli altri\u201d\"}]},{\"@type\":\"WebSite\",\"@id\":\"https:\\\/\\\/exaudi.org\\\/#website\",\"url\":\"https:\\\/\\\/exaudi.org\\\/\",\"name\":\"Exaudi\",\"description\":\"News\",\"potentialAction\":[{\"@type\":\"SearchAction\",\"target\":{\"@type\":\"EntryPoint\",\"urlTemplate\":\"https:\\\/\\\/exaudi.org\\\/?s={search_term_string}\"},\"query-input\":{\"@type\":\"PropertyValueSpecification\",\"valueRequired\":true,\"valueName\":\"search_term_string\"}}],\"inLanguage\":\"it-IT\"},{\"@type\":\"Person\",\"@id\":\"https:\\\/\\\/exaudi.org\\\/#\\\/schema\\\/person\\\/7d2f77db033c2c0929edfab6dbe8c588\",\"name\":\"Larissa I. L\u00f3pez\",\"image\":{\"@type\":\"ImageObject\",\"inLanguage\":\"it-IT\",\"@id\":\"https:\\\/\\\/secure.gravatar.com\\\/avatar\\\/db3ef399ff343d0bb9d25dc5198bc8ece5ac6d621eca79876697a354dabc1e3f?s=96&d=mm&r=g\",\"url\":\"https:\\\/\\\/secure.gravatar.com\\\/avatar\\\/db3ef399ff343d0bb9d25dc5198bc8ece5ac6d621eca79876697a354dabc1e3f?s=96&d=mm&r=g\",\"contentUrl\":\"https:\\\/\\\/secure.gravatar.com\\\/avatar\\\/db3ef399ff343d0bb9d25dc5198bc8ece5ac6d621eca79876697a354dabc1e3f?s=96&d=mm&r=g\",\"caption\":\"Larissa I. L\u00f3pez\"},\"description\":\"Doctora en Comunicaci\u00f3n. Mi trayectoria profesional ha transcurrido entre el \u00e1mbito de la comunicaci\u00f3n y el de la docencia. En los \u00faltimos a\u00f1os, he trabajado como coordinadora y redactora de la edici\u00f3n de ZENIT en espa\u00f1ol. Como profesora, he impartido clases en la universidad y en centros de FP y bachillerato. Cordobesa de nacimiento, tambi\u00e9n he vivido en Sevilla, Madrid y Roma\",\"url\":\"https:\\\/\\\/exaudi.org\\\/it\\\/author\\\/llopezexaudi-org\\\/\"}]}<\/script>\n<!-- \/ Yoast SEO plugin. -->","yoast_head_json":{"title":"Miguel e Ang\u00e9lica, nonni: Giovani e anziani \u201cabbiamo bisogno gli uni degli altri\u201d &#8211; Exaudi","description":"Ang\u00e9lica e Miguel, nonni, sottolineano in questa intervista che \"i giovani imparano dagli anziani e noi abbiamo bisogno di loro\"","robots":{"index":"index","follow":"follow","max-snippet":"max-snippet:-1","max-image-preview":"max-image-preview:large","max-video-preview":"max-video-preview:-1"},"canonical":"https:\/\/exaudi.org\/it\/miguel-e-angelica-nonni-giovani-e-anziani-abbiamo-bisogno-gli-uni-degli-altri\/","og_locale":"it_IT","og_type":"article","og_title":"Miguel e Ang\u00e9lica, nonni: Giovani e anziani \u201cabbiamo bisogno gli uni degli altri\u201d &#8211; Exaudi","og_description":"Ang\u00e9lica e Miguel, nonni, sottolineano in questa intervista che \"i giovani imparano dagli anziani e noi abbiamo bisogno di loro\"","og_url":"https:\/\/exaudi.org\/it\/miguel-e-angelica-nonni-giovani-e-anziani-abbiamo-bisogno-gli-uni-degli-altri\/","og_site_name":"Exaudi","article_publisher":"https:\/\/www.facebook.com\/ExaudiNews","article_published_time":"2021-07-23T05:00:26+00:00","article_modified_time":"2021-07-23T12:50:54+00:00","og_image":[{"width":1024,"height":683,"url":"https:\/\/exaudi.org\/wp-content\/uploads\/2021\/07\/WhatsApp-Image-2021-07-15-at-22.39.44-3.jpeg","type":"image\/jpeg"}],"author":"Larissa I. L\u00f3pez","twitter_card":"summary_large_image","twitter_creator":"@Exaudi_News","twitter_site":"@Exaudi_News","twitter_misc":{"Scritto da":"Larissa I. L\u00f3pez","Tempo di lettura stimato":"8 minuti"},"schema":{"@context":"https:\/\/schema.org","@graph":[{"@type":"Article","@id":"https:\/\/exaudi.org\/it\/miguel-e-angelica-nonni-giovani-e-anziani-abbiamo-bisogno-gli-uni-degli-altri\/#article","isPartOf":{"@id":"https:\/\/exaudi.org\/it\/miguel-e-angelica-nonni-giovani-e-anziani-abbiamo-bisogno-gli-uni-degli-altri\/"},"author":{"name":"Larissa I. L\u00f3pez","@id":"https:\/\/exaudi.org\/#\/schema\/person\/7d2f77db033c2c0929edfab6dbe8c588"},"headline":"Miguel e Ang\u00e9lica, nonni: Giovani e anziani \u201cabbiamo bisogno gli uni degli altri\u201d","datePublished":"2021-07-23T05:00:26+00:00","dateModified":"2021-07-23T12:50:54+00:00","mainEntityOfPage":{"@id":"https:\/\/exaudi.org\/it\/miguel-e-angelica-nonni-giovani-e-anziani-abbiamo-bisogno-gli-uni-degli-altri\/"},"wordCount":1622,"commentCount":0,"image":{"@id":"https:\/\/exaudi.org\/it\/miguel-e-angelica-nonni-giovani-e-anziani-abbiamo-bisogno-gli-uni-degli-altri\/#primaryimage"},"thumbnailUrl":"https:\/\/exaudi.org\/wp-content\/uploads\/2021\/07\/WhatsApp-Image-2021-07-15-at-22.39.44-3.jpeg","keywords":["Anziani","famiglia","Featured","giovani","I Giornata Mondiale dei Nonni e degli Anziani"],"articleSection":["Interviste"],"inLanguage":"it-IT","potentialAction":[{"@type":"CommentAction","name":"Comment","target":["https:\/\/exaudi.org\/it\/miguel-e-angelica-nonni-giovani-e-anziani-abbiamo-bisogno-gli-uni-degli-altri\/#respond"]}]},{"@type":"WebPage","@id":"https:\/\/exaudi.org\/it\/miguel-e-angelica-nonni-giovani-e-anziani-abbiamo-bisogno-gli-uni-degli-altri\/","url":"https:\/\/exaudi.org\/it\/miguel-e-angelica-nonni-giovani-e-anziani-abbiamo-bisogno-gli-uni-degli-altri\/","name":"Miguel e Ang\u00e9lica, nonni: Giovani e anziani \u201cabbiamo bisogno gli uni degli altri\u201d &#8211; Exaudi","isPartOf":{"@id":"https:\/\/exaudi.org\/#website"},"primaryImageOfPage":{"@id":"https:\/\/exaudi.org\/it\/miguel-e-angelica-nonni-giovani-e-anziani-abbiamo-bisogno-gli-uni-degli-altri\/#primaryimage"},"image":{"@id":"https:\/\/exaudi.org\/it\/miguel-e-angelica-nonni-giovani-e-anziani-abbiamo-bisogno-gli-uni-degli-altri\/#primaryimage"},"thumbnailUrl":"https:\/\/exaudi.org\/wp-content\/uploads\/2021\/07\/WhatsApp-Image-2021-07-15-at-22.39.44-3.jpeg","datePublished":"2021-07-23T05:00:26+00:00","dateModified":"2021-07-23T12:50:54+00:00","author":{"@id":"https:\/\/exaudi.org\/#\/schema\/person\/7d2f77db033c2c0929edfab6dbe8c588"},"description":"Ang\u00e9lica e Miguel, nonni, sottolineano in questa intervista che \"i giovani imparano dagli anziani e noi abbiamo bisogno di loro\"","breadcrumb":{"@id":"https:\/\/exaudi.org\/it\/miguel-e-angelica-nonni-giovani-e-anziani-abbiamo-bisogno-gli-uni-degli-altri\/#breadcrumb"},"inLanguage":"it-IT","potentialAction":[{"@type":"ReadAction","target":["https:\/\/exaudi.org\/it\/miguel-e-angelica-nonni-giovani-e-anziani-abbiamo-bisogno-gli-uni-degli-altri\/"]}]},{"@type":"ImageObject","inLanguage":"it-IT","@id":"https:\/\/exaudi.org\/it\/miguel-e-angelica-nonni-giovani-e-anziani-abbiamo-bisogno-gli-uni-degli-altri\/#primaryimage","url":"https:\/\/exaudi.org\/wp-content\/uploads\/2021\/07\/WhatsApp-Image-2021-07-15-at-22.39.44-3.jpeg","contentUrl":"https:\/\/exaudi.org\/wp-content\/uploads\/2021\/07\/WhatsApp-Image-2021-07-15-at-22.39.44-3.jpeg","width":1024,"height":683,"caption":"Miguel e Ang\u00e9lica con i loro figli \u00a9 Miguel e Ang\u00e9lica"},{"@type":"BreadcrumbList","@id":"https:\/\/exaudi.org\/it\/miguel-e-angelica-nonni-giovani-e-anziani-abbiamo-bisogno-gli-uni-degli-altri\/#breadcrumb","itemListElement":[{"@type":"ListItem","position":1,"name":"Portada","item":"https:\/\/exaudi.org\/it\/"},{"@type":"ListItem","position":2,"name":"Miguel e Ang\u00e9lica, nonni: Giovani e anziani \u201cabbiamo bisogno gli uni degli altri\u201d"}]},{"@type":"WebSite","@id":"https:\/\/exaudi.org\/#website","url":"https:\/\/exaudi.org\/","name":"Exaudi","description":"News","potentialAction":[{"@type":"SearchAction","target":{"@type":"EntryPoint","urlTemplate":"https:\/\/exaudi.org\/?s={search_term_string}"},"query-input":{"@type":"PropertyValueSpecification","valueRequired":true,"valueName":"search_term_string"}}],"inLanguage":"it-IT"},{"@type":"Person","@id":"https:\/\/exaudi.org\/#\/schema\/person\/7d2f77db033c2c0929edfab6dbe8c588","name":"Larissa I. L\u00f3pez","image":{"@type":"ImageObject","inLanguage":"it-IT","@id":"https:\/\/secure.gravatar.com\/avatar\/db3ef399ff343d0bb9d25dc5198bc8ece5ac6d621eca79876697a354dabc1e3f?s=96&d=mm&r=g","url":"https:\/\/secure.gravatar.com\/avatar\/db3ef399ff343d0bb9d25dc5198bc8ece5ac6d621eca79876697a354dabc1e3f?s=96&d=mm&r=g","contentUrl":"https:\/\/secure.gravatar.com\/avatar\/db3ef399ff343d0bb9d25dc5198bc8ece5ac6d621eca79876697a354dabc1e3f?s=96&d=mm&r=g","caption":"Larissa I. L\u00f3pez"},"description":"Doctora en Comunicaci\u00f3n. Mi trayectoria profesional ha transcurrido entre el \u00e1mbito de la comunicaci\u00f3n y el de la docencia. En los \u00faltimos a\u00f1os, he trabajado como coordinadora y redactora de la edici\u00f3n de ZENIT en espa\u00f1ol. Como profesora, he impartido clases en la universidad y en centros de FP y bachillerato. Cordobesa de nacimiento, tambi\u00e9n he vivido en Sevilla, Madrid y Roma","url":"https:\/\/exaudi.org\/it\/author\/llopezexaudi-org\/"}]}},"jetpack_featured_media_url":"https:\/\/exaudi.org\/wp-content\/uploads\/2021\/07\/WhatsApp-Image-2021-07-15-at-22.39.44-3.jpeg","jetpack_shortlink":"https:\/\/wp.me\/pgKjF2-7hZ","_links":{"self":[{"href":"https:\/\/exaudi.org\/it\/wp-json\/wp\/v2\/posts\/28023","targetHints":{"allow":["GET"]}}],"collection":[{"href":"https:\/\/exaudi.org\/it\/wp-json\/wp\/v2\/posts"}],"about":[{"href":"https:\/\/exaudi.org\/it\/wp-json\/wp\/v2\/types\/post"}],"author":[{"embeddable":true,"href":"https:\/\/exaudi.org\/it\/wp-json\/wp\/v2\/users\/5"}],"replies":[{"embeddable":true,"href":"https:\/\/exaudi.org\/it\/wp-json\/wp\/v2\/comments?post=28023"}],"version-history":[{"count":0,"href":"https:\/\/exaudi.org\/it\/wp-json\/wp\/v2\/posts\/28023\/revisions"}],"wp:featuredmedia":[{"embeddable":true,"href":"https:\/\/exaudi.org\/it\/wp-json\/wp\/v2\/media\/28025"}],"wp:attachment":[{"href":"https:\/\/exaudi.org\/it\/wp-json\/wp\/v2\/media?parent=28023"}],"wp:term":[{"taxonomy":"category","embeddable":true,"href":"https:\/\/exaudi.org\/it\/wp-json\/wp\/v2\/categories?post=28023"},{"taxonomy":"post_tag","embeddable":true,"href":"https:\/\/exaudi.org\/it\/wp-json\/wp\/v2\/tags?post=28023"}],"curies":[{"name":"wp","href":"https:\/\/api.w.org\/{rel}","templated":true}]}}