{"id":26178,"date":"2021-07-07T07:30:17","date_gmt":"2021-07-07T05:30:17","guid":{"rendered":"https:\/\/exaudi.org\/?p=26178"},"modified":"2021-07-07T11:22:58","modified_gmt":"2021-07-07T09:22:58","slug":"lincontro-col-mio-amico-francesco-nel-segno-di-ramon-pane","status":"publish","type":"post","link":"https:\/\/exaudi.org\/it\/lincontro-col-mio-amico-francesco-nel-segno-di-ramon-pane\/","title":{"rendered":"&#8220;L&#8217;incontro col mio amico Francesco&#8221;. Nel segno di Ram\u00f3n Pan\u00e9"},"content":{"rendered":"<p>Ricardo Grzona, Ceo della <a href=\"https:\/\/fundacionpane.org\/\">Fondazione Ramon Pan\u00e9<\/a> condivide con i lettori di Exaudi la storia della sua amicizia con Papa Francesco. Lo scorso 30 giugno 2021 durante l&#8217;udienza generale, ha donato al Santo Padre il documentario su Ram\u00f3n\u00a0 Pan\u00e9, primo evangelizzatore del continente americano.<\/p>\n<p>***<\/p>\n<p>Verso la fine del 1977, ebbi l&#8217;opportunit\u00e0 di conoscere padre Jorge Bergoglio che divenne il mio direttore spirituale per vari decenni. Con lui iniziai gli esercizi spirituali di Sant&#8217;Ignazio di Loyola.<\/p>\n<figure id=\"attachment_26184\" aria-describedby=\"caption-attachment-26184\" style=\"width: 300px\" class=\"wp-caption alignleft\"><img loading=\"lazy\" decoding=\"async\" class=\"size-medium wp-image-26184\" src=\"https:\/\/exaudi.org\/wp-content\/uploads\/2021\/07\/Ricardo-Grzona-y-el-Papa-Francisco-2-300x196.jpg\" alt=\"\" width=\"300\" height=\"196\" srcset=\"https:\/\/exaudi.org\/wp-content\/uploads\/2021\/07\/Ricardo-Grzona-y-el-Papa-Francisco-2-300x196.jpg 300w, https:\/\/exaudi.org\/wp-content\/uploads\/2021\/07\/Ricardo-Grzona-y-el-Papa-Francisco-2-1024x669.jpg 1024w, https:\/\/exaudi.org\/wp-content\/uploads\/2021\/07\/Ricardo-Grzona-y-el-Papa-Francisco-2-768x502.jpg 768w, https:\/\/exaudi.org\/wp-content\/uploads\/2021\/07\/Ricardo-Grzona-y-el-Papa-Francisco-2-1536x1004.jpg 1536w, https:\/\/exaudi.org\/wp-content\/uploads\/2021\/07\/Ricardo-Grzona-y-el-Papa-Francisco-2-150x98.jpg 150w, https:\/\/exaudi.org\/wp-content\/uploads\/2021\/07\/Ricardo-Grzona-y-el-Papa-Francisco-2-696x455.jpg 696w, https:\/\/exaudi.org\/wp-content\/uploads\/2021\/07\/Ricardo-Grzona-y-el-Papa-Francisco-2-1068x698.jpg 1068w, https:\/\/exaudi.org\/wp-content\/uploads\/2021\/07\/Ricardo-Grzona-y-el-Papa-Francisco-2-642x420.jpg 642w, https:\/\/exaudi.org\/wp-content\/uploads\/2021\/07\/Ricardo-Grzona-y-el-Papa-Francisco-2-741x486.jpg 741w, https:\/\/exaudi.org\/wp-content\/uploads\/2021\/07\/Ricardo-Grzona-y-el-Papa-Francisco-2.jpg 1831w\" sizes=\"auto, (max-width: 300px) 100vw, 300px\" \/><figcaption id=\"caption-attachment-26184\" class=\"wp-caption-text\">Grzona con padre Bergoglio<\/figcaption><\/figure>\n<p>Durante il mio discernimento vocazionale, padre Jorge insisteva sempre sul fatto che la Chiesa doveva rendere credibile il messaggio del Vangelo attraverso laici che si dedicassero all&#8217;evangelizzazione.<\/p>\n<p>In verit\u00e0 feci molta fatica a crederlo e adeguarmi, perch\u00e9 da giovane ero abituato a sentire che le persone che si dedicano a tutto questo sono i religiosi. Tuttavia, seguendo i suoi consigli continuai questo processo vocazionale nella mia vita, essere un laico che si dedica al 100% all&#8217;evangelizzazione.<\/p>\n<h4>Ram\u00f3n Pan\u00e9, primo evangelizzatore del continente americano<\/h4>\n<p>Ovviamente ho dovuto studiare in molte universit\u00e0 e istituti per poter comprendere meglio il messaggio della Chiesa. Sono sempre rimasto vicino a padre Jorge, che poi divenne vescovo ausiliare di Buenos Aires e arcivescovo della stessa citt\u00e0. In tutti i miei incontri gli raccontavo quante persone laiche, uomini e donne, avevano dedicato la loro vita ad evangelizzare, soprattutto nel continente americano.<\/p>\n<p>E la figura che pi\u00f9 di tutte ha richiamato la mia attenzione, probabilmente perch\u00e9 \u00e8 ben nascosta nella storia, \u00e8 quella di fra Ram\u00f3n\u00a0 Pan\u00e9. Grazie a uno sforzo di lunghi anni di ricerca di moltissime persone che collaborano con la nostra Fondazione, siamo riusciti a presentare nel dicembre dello scorso anno in forma virtuale un documentario sulla vita del primo evangelizzatore del continente americano: Ram\u00f3n\u00a0 Pan\u00e9.<\/p>\n<h4>L&#8217;incontro con il Papa<\/h4>\n<p><img loading=\"lazy\" decoding=\"async\" class=\"size-medium wp-image-26194 alignright\" src=\"https:\/\/exaudi.org\/wp-content\/uploads\/2021\/07\/Ricardo-Grzona-y-el-Papa-Francisco-4-300x300.jpg\" alt=\"\" width=\"300\" height=\"300\" srcset=\"https:\/\/exaudi.org\/wp-content\/uploads\/2021\/07\/Ricardo-Grzona-y-el-Papa-Francisco-4-300x300.jpg 300w, https:\/\/exaudi.org\/wp-content\/uploads\/2021\/07\/Ricardo-Grzona-y-el-Papa-Francisco-4-1024x1024.jpg 1024w, https:\/\/exaudi.org\/wp-content\/uploads\/2021\/07\/Ricardo-Grzona-y-el-Papa-Francisco-4-150x150.jpg 150w, https:\/\/exaudi.org\/wp-content\/uploads\/2021\/07\/Ricardo-Grzona-y-el-Papa-Francisco-4-768x768.jpg 768w, https:\/\/exaudi.org\/wp-content\/uploads\/2021\/07\/Ricardo-Grzona-y-el-Papa-Francisco-4-696x696.jpg 696w, https:\/\/exaudi.org\/wp-content\/uploads\/2021\/07\/Ricardo-Grzona-y-el-Papa-Francisco-4-1068x1068.jpg 1068w, https:\/\/exaudi.org\/wp-content\/uploads\/2021\/07\/Ricardo-Grzona-y-el-Papa-Francisco-4-420x420.jpg 420w, https:\/\/exaudi.org\/wp-content\/uploads\/2021\/07\/Ricardo-Grzona-y-el-Papa-Francisco-4.jpg 1087w\" sizes=\"auto, (max-width: 300px) 100vw, 300px\" \/>A causa della pandemia, non siamo riusciti a viaggiare prima per presentare il documentario a Papa Francesco. Finalmente, quando si sono riaperte le frontiere, abbiamo potuto viaggiare e consegnargli il documentario lo scorso mercoled\u00ec 30 giugno. E dirgli anche ufficialmente che stiamo aprendo la causa di beatificazione di Ram\u00f3n\u00a0 Pan\u00e9, come modello di giovane evangelizzatore. \u00c8 stata aperta anche la causa dei primi battezzati, che vennero martirizzati in odio alla fede cattolica per mano di un altro capo della trib\u00f9 Taino, nell&#8217;attuale Repubblica Dominicana.<\/p>\n<p>Papa Francesco ha ricevuto il dono con molta attenzione ed ha manifestato la sua gioia per questo processo. Si \u00e8 congratulato e ci ha chiesto di andare avanti. Poi, come nel suo stile, ha scherzato dicendo che gli siamo mancati perch\u00e9 da molto tempo non andavamo a trovarlo (ovviamente il motivo \u00e8 la pandemia). Per\u00f2 ci ha fatto ridere molto con il suo buon umore e la sua cordialit\u00e0.<\/p>\n<p><img loading=\"lazy\" decoding=\"async\" class=\"size-medium wp-image-26188 alignleft\" src=\"https:\/\/exaudi.org\/wp-content\/uploads\/2021\/07\/Ricardo-Grzona-y-el-Papa-Francisco-3-300x300.jpg\" alt=\"\" width=\"300\" height=\"300\" srcset=\"https:\/\/exaudi.org\/wp-content\/uploads\/2021\/07\/Ricardo-Grzona-y-el-Papa-Francisco-3-300x300.jpg 300w, https:\/\/exaudi.org\/wp-content\/uploads\/2021\/07\/Ricardo-Grzona-y-el-Papa-Francisco-3-150x150.jpg 150w, https:\/\/exaudi.org\/wp-content\/uploads\/2021\/07\/Ricardo-Grzona-y-el-Papa-Francisco-3-696x696.jpg 696w, https:\/\/exaudi.org\/wp-content\/uploads\/2021\/07\/Ricardo-Grzona-y-el-Papa-Francisco-3-420x420.jpg 420w, https:\/\/exaudi.org\/wp-content\/uploads\/2021\/07\/Ricardo-Grzona-y-el-Papa-Francisco-3.jpg 720w\" sizes=\"auto, (max-width: 300px) 100vw, 300px\" \/>Evidentemente la gioia di evangelizzare si manifesta in molte maniere. Ci ha ricordato che ci saranno sempre ostacoli ma di non perdere la speranza! E ci ha chiesto di estendere la sua benedizione a tutti gli evangelizzatori, soprattutto ai laici.<\/p>\n<p>Il documentario su Ram\u00f3n\u00a0 Pan\u00e9 e disponibile gratuitamente a questo link di Youtube:<\/p>\n<p><iframe loading=\"lazy\" title=\"DOCUMENTAL del PRIMER EVANGELIZADOR DE AM\u00c9RICA, RAM\u00d3N PAN\u00c9\" width=\"500\" height=\"281\" src=\"https:\/\/www.youtube.com\/embed\/k1cImFbBt0k?feature=oembed\" frameborder=\"0\" allow=\"accelerometer; autoplay; clipboard-write; encrypted-media; gyroscope; picture-in-picture; web-share\" referrerpolicy=\"strict-origin-when-cross-origin\" allowfullscreen><\/iframe><\/p>\n","protected":false},"excerpt":{"rendered":"<p>Ricardo Grzona ha donato al Papa il documentario su Ram\u00f3n Pan\u00e9, primo evangelizzatore dell&#8217;America<\/p>\n","protected":false},"author":37,"featured_media":26180,"comment_status":"closed","ping_status":"closed","sticky":false,"template":"","format":"standard","meta":{"_acf_changed":false,"_crdt_document":"","inline_featured_image":false,"footnotes":""},"categories":[97,2157,297],"tags":[2487,3242,251,3243],"class_list":["post-26178","post","type-post","status-publish","format-standard","has-post-thumbnail","hentry","category-testimoni","category-top-ultime-notizie","category-ultime-notizie","tag-featured-3","tag-missionari","tag-papa-francesco","tag-ramon-pane-it"],"acf":[],"yoast_head":"<!-- This site is optimized with the Yoast SEO plugin v27.4 - https:\/\/yoast.com\/product\/yoast-seo-wordpress\/ -->\n<title>&quot;L&#039;incontro col mio amico Francesco&quot;. Nel segno di Ram\u00f3n Pan\u00e9 &#8211; Exaudi<\/title>\n<meta name=\"description\" content=\"Ricardo Grzona racconta l&#039;amicizia con il Papa a cui ha donato il documentario su Ram\u00f3n\u00a0 Pan\u00e9, primo evangelizzatore dell&#039;America\" \/>\n<meta name=\"robots\" content=\"index, follow, max-snippet:-1, max-image-preview:large, max-video-preview:-1\" \/>\n<link rel=\"canonical\" href=\"https:\/\/exaudi.org\/it\/lincontro-col-mio-amico-francesco-nel-segno-di-ramon-pane\/\" \/>\n<meta property=\"og:locale\" content=\"it_IT\" \/>\n<meta property=\"og:type\" content=\"article\" \/>\n<meta property=\"og:title\" content=\"&quot;L&#039;incontro col mio amico Francesco&quot;. Nel segno di Ram\u00f3n Pan\u00e9 &#8211; Exaudi\" \/>\n<meta property=\"og:description\" content=\"Ricardo Grzona racconta l&#039;amicizia con il Papa a cui ha donato il documentario su Ram\u00f3n\u00a0 Pan\u00e9, primo evangelizzatore dell&#039;America\" \/>\n<meta property=\"og:url\" content=\"https:\/\/exaudi.org\/it\/lincontro-col-mio-amico-francesco-nel-segno-di-ramon-pane\/\" \/>\n<meta property=\"og:site_name\" content=\"Exaudi\" \/>\n<meta property=\"article:publisher\" content=\"https:\/\/www.facebook.com\/ExaudiNews\" \/>\n<meta property=\"article:published_time\" content=\"2021-07-07T05:30:17+00:00\" \/>\n<meta property=\"article:modified_time\" content=\"2021-07-07T09:22:58+00:00\" \/>\n<meta property=\"og:image\" content=\"https:\/\/exaudi.org\/wp-content\/uploads\/2021\/07\/Ricardo-Grzona-y-el-Papa-Francisco-1.jpg\" \/>\n\t<meta property=\"og:image:width\" content=\"1087\" \/>\n\t<meta property=\"og:image:height\" content=\"1087\" \/>\n\t<meta property=\"og:image:type\" content=\"image\/jpeg\" \/>\n<meta name=\"author\" content=\"Ricardo Grzona\" \/>\n<meta name=\"twitter:card\" content=\"summary_large_image\" \/>\n<meta name=\"twitter:creator\" content=\"@Exaudi_News\" \/>\n<meta name=\"twitter:site\" content=\"@Exaudi_News\" \/>\n<meta name=\"twitter:label1\" content=\"Scritto da\" \/>\n\t<meta name=\"twitter:data1\" content=\"Ricardo Grzona\" \/>\n\t<meta name=\"twitter:label2\" content=\"Tempo di lettura stimato\" \/>\n\t<meta name=\"twitter:data2\" content=\"3 minuti\" \/>\n<script type=\"application\/ld+json\" class=\"yoast-schema-graph\">{\"@context\":\"https:\\\/\\\/schema.org\",\"@graph\":[{\"@type\":\"Article\",\"@id\":\"https:\\\/\\\/exaudi.org\\\/it\\\/lincontro-col-mio-amico-francesco-nel-segno-di-ramon-pane\\\/#article\",\"isPartOf\":{\"@id\":\"https:\\\/\\\/exaudi.org\\\/it\\\/lincontro-col-mio-amico-francesco-nel-segno-di-ramon-pane\\\/\"},\"author\":{\"name\":\"Ricardo Grzona\",\"@id\":\"https:\\\/\\\/exaudi.org\\\/#\\\/schema\\\/person\\\/cb07ea25d04efb7adcdf3b176c030963\"},\"headline\":\"&#8220;L&#8217;incontro col mio amico Francesco&#8221;. Nel segno di Ram\u00f3n Pan\u00e9\",\"datePublished\":\"2021-07-07T05:30:17+00:00\",\"dateModified\":\"2021-07-07T09:22:58+00:00\",\"mainEntityOfPage\":{\"@id\":\"https:\\\/\\\/exaudi.org\\\/it\\\/lincontro-col-mio-amico-francesco-nel-segno-di-ramon-pane\\\/\"},\"wordCount\":531,\"image\":{\"@id\":\"https:\\\/\\\/exaudi.org\\\/it\\\/lincontro-col-mio-amico-francesco-nel-segno-di-ramon-pane\\\/#primaryimage\"},\"thumbnailUrl\":\"https:\\\/\\\/exaudi.org\\\/wp-content\\\/uploads\\\/2021\\\/07\\\/Ricardo-Grzona-y-el-Papa-Francisco-1.jpg\",\"keywords\":[\"Featured\",\"missionari\",\"Papa Francesco\",\"ramon pane\"],\"articleSection\":[\"Testimoni\",\"Top Ultime Notizie\",\"Ultime Notizie\"],\"inLanguage\":\"it-IT\"},{\"@type\":\"WebPage\",\"@id\":\"https:\\\/\\\/exaudi.org\\\/it\\\/lincontro-col-mio-amico-francesco-nel-segno-di-ramon-pane\\\/\",\"url\":\"https:\\\/\\\/exaudi.org\\\/it\\\/lincontro-col-mio-amico-francesco-nel-segno-di-ramon-pane\\\/\",\"name\":\"\\\"L'incontro col mio amico Francesco\\\". Nel segno di Ram\u00f3n Pan\u00e9 &#8211; Exaudi\",\"isPartOf\":{\"@id\":\"https:\\\/\\\/exaudi.org\\\/#website\"},\"primaryImageOfPage\":{\"@id\":\"https:\\\/\\\/exaudi.org\\\/it\\\/lincontro-col-mio-amico-francesco-nel-segno-di-ramon-pane\\\/#primaryimage\"},\"image\":{\"@id\":\"https:\\\/\\\/exaudi.org\\\/it\\\/lincontro-col-mio-amico-francesco-nel-segno-di-ramon-pane\\\/#primaryimage\"},\"thumbnailUrl\":\"https:\\\/\\\/exaudi.org\\\/wp-content\\\/uploads\\\/2021\\\/07\\\/Ricardo-Grzona-y-el-Papa-Francisco-1.jpg\",\"datePublished\":\"2021-07-07T05:30:17+00:00\",\"dateModified\":\"2021-07-07T09:22:58+00:00\",\"author\":{\"@id\":\"https:\\\/\\\/exaudi.org\\\/#\\\/schema\\\/person\\\/cb07ea25d04efb7adcdf3b176c030963\"},\"description\":\"Ricardo Grzona racconta l'amicizia con il Papa a cui ha donato il documentario su Ram\u00f3n\u00a0 Pan\u00e9, primo evangelizzatore dell'America\",\"breadcrumb\":{\"@id\":\"https:\\\/\\\/exaudi.org\\\/it\\\/lincontro-col-mio-amico-francesco-nel-segno-di-ramon-pane\\\/#breadcrumb\"},\"inLanguage\":\"it-IT\",\"potentialAction\":[{\"@type\":\"ReadAction\",\"target\":[\"https:\\\/\\\/exaudi.org\\\/it\\\/lincontro-col-mio-amico-francesco-nel-segno-di-ramon-pane\\\/\"]}]},{\"@type\":\"ImageObject\",\"inLanguage\":\"it-IT\",\"@id\":\"https:\\\/\\\/exaudi.org\\\/it\\\/lincontro-col-mio-amico-francesco-nel-segno-di-ramon-pane\\\/#primaryimage\",\"url\":\"https:\\\/\\\/exaudi.org\\\/wp-content\\\/uploads\\\/2021\\\/07\\\/Ricardo-Grzona-y-el-Papa-Francisco-1.jpg\",\"contentUrl\":\"https:\\\/\\\/exaudi.org\\\/wp-content\\\/uploads\\\/2021\\\/07\\\/Ricardo-Grzona-y-el-Papa-Francisco-1.jpg\",\"width\":1087,\"height\":1087,\"caption\":\"Ricardo Grzona consegna il documentario su Ramon Pan\u00e9 al Papa\"},{\"@type\":\"BreadcrumbList\",\"@id\":\"https:\\\/\\\/exaudi.org\\\/it\\\/lincontro-col-mio-amico-francesco-nel-segno-di-ramon-pane\\\/#breadcrumb\",\"itemListElement\":[{\"@type\":\"ListItem\",\"position\":1,\"name\":\"Portada\",\"item\":\"https:\\\/\\\/exaudi.org\\\/it\\\/\"},{\"@type\":\"ListItem\",\"position\":2,\"name\":\"&#8220;L&#8217;incontro col mio amico Francesco&#8221;. Nel segno di Ram\u00f3n Pan\u00e9\"}]},{\"@type\":\"WebSite\",\"@id\":\"https:\\\/\\\/exaudi.org\\\/#website\",\"url\":\"https:\\\/\\\/exaudi.org\\\/\",\"name\":\"Exaudi\",\"description\":\"News\",\"potentialAction\":[{\"@type\":\"SearchAction\",\"target\":{\"@type\":\"EntryPoint\",\"urlTemplate\":\"https:\\\/\\\/exaudi.org\\\/?s={search_term_string}\"},\"query-input\":{\"@type\":\"PropertyValueSpecification\",\"valueRequired\":true,\"valueName\":\"search_term_string\"}}],\"inLanguage\":\"it-IT\"},{\"@type\":\"Person\",\"@id\":\"https:\\\/\\\/exaudi.org\\\/#\\\/schema\\\/person\\\/cb07ea25d04efb7adcdf3b176c030963\",\"name\":\"Ricardo Grzona\",\"image\":{\"@type\":\"ImageObject\",\"inLanguage\":\"it-IT\",\"@id\":\"https:\\\/\\\/secure.gravatar.com\\\/avatar\\\/91cec62a96ecac344b732b50a23b0be38c098e458df2e3dacfef9a338bf8f3d4?s=96&d=mm&r=g\",\"url\":\"https:\\\/\\\/secure.gravatar.com\\\/avatar\\\/91cec62a96ecac344b732b50a23b0be38c098e458df2e3dacfef9a338bf8f3d4?s=96&d=mm&r=g\",\"contentUrl\":\"https:\\\/\\\/secure.gravatar.com\\\/avatar\\\/91cec62a96ecac344b732b50a23b0be38c098e458df2e3dacfef9a338bf8f3d4?s=96&d=mm&r=g\",\"caption\":\"Ricardo Grzona\"},\"description\":\"Hno. Ricardo Grzona, frp (Fraternidad Ram\u00f3n Pan\u00e9). Presidente ejecutivo de la Fundaci\u00f3n Ram\u00f3n Pan\u00e9, con sede en Miami, Florida, USA. Sus estudios son en Catequ\u00e9tica en varias Universidades de las Am\u00e9ricas y Roma, especialmente en espiritualidad b\u00edblica y Lectio Divina\",\"url\":\"https:\\\/\\\/exaudi.org\\\/it\\\/author\\\/ricardogrzona\\\/\"}]}<\/script>\n<!-- \/ Yoast SEO plugin. -->","yoast_head_json":{"title":"\"L'incontro col mio amico Francesco\". Nel segno di Ram\u00f3n Pan\u00e9 &#8211; Exaudi","description":"Ricardo Grzona racconta l'amicizia con il Papa a cui ha donato il documentario su Ram\u00f3n\u00a0 Pan\u00e9, primo evangelizzatore dell'America","robots":{"index":"index","follow":"follow","max-snippet":"max-snippet:-1","max-image-preview":"max-image-preview:large","max-video-preview":"max-video-preview:-1"},"canonical":"https:\/\/exaudi.org\/it\/lincontro-col-mio-amico-francesco-nel-segno-di-ramon-pane\/","og_locale":"it_IT","og_type":"article","og_title":"\"L'incontro col mio amico Francesco\". Nel segno di Ram\u00f3n Pan\u00e9 &#8211; Exaudi","og_description":"Ricardo Grzona racconta l'amicizia con il Papa a cui ha donato il documentario su Ram\u00f3n\u00a0 Pan\u00e9, primo evangelizzatore dell'America","og_url":"https:\/\/exaudi.org\/it\/lincontro-col-mio-amico-francesco-nel-segno-di-ramon-pane\/","og_site_name":"Exaudi","article_publisher":"https:\/\/www.facebook.com\/ExaudiNews","article_published_time":"2021-07-07T05:30:17+00:00","article_modified_time":"2021-07-07T09:22:58+00:00","og_image":[{"width":1087,"height":1087,"url":"https:\/\/exaudi.org\/wp-content\/uploads\/2021\/07\/Ricardo-Grzona-y-el-Papa-Francisco-1.jpg","type":"image\/jpeg"}],"author":"Ricardo Grzona","twitter_card":"summary_large_image","twitter_creator":"@Exaudi_News","twitter_site":"@Exaudi_News","twitter_misc":{"Scritto da":"Ricardo Grzona","Tempo di lettura stimato":"3 minuti"},"schema":{"@context":"https:\/\/schema.org","@graph":[{"@type":"Article","@id":"https:\/\/exaudi.org\/it\/lincontro-col-mio-amico-francesco-nel-segno-di-ramon-pane\/#article","isPartOf":{"@id":"https:\/\/exaudi.org\/it\/lincontro-col-mio-amico-francesco-nel-segno-di-ramon-pane\/"},"author":{"name":"Ricardo Grzona","@id":"https:\/\/exaudi.org\/#\/schema\/person\/cb07ea25d04efb7adcdf3b176c030963"},"headline":"&#8220;L&#8217;incontro col mio amico Francesco&#8221;. Nel segno di Ram\u00f3n Pan\u00e9","datePublished":"2021-07-07T05:30:17+00:00","dateModified":"2021-07-07T09:22:58+00:00","mainEntityOfPage":{"@id":"https:\/\/exaudi.org\/it\/lincontro-col-mio-amico-francesco-nel-segno-di-ramon-pane\/"},"wordCount":531,"image":{"@id":"https:\/\/exaudi.org\/it\/lincontro-col-mio-amico-francesco-nel-segno-di-ramon-pane\/#primaryimage"},"thumbnailUrl":"https:\/\/exaudi.org\/wp-content\/uploads\/2021\/07\/Ricardo-Grzona-y-el-Papa-Francisco-1.jpg","keywords":["Featured","missionari","Papa Francesco","ramon pane"],"articleSection":["Testimoni","Top Ultime Notizie","Ultime Notizie"],"inLanguage":"it-IT"},{"@type":"WebPage","@id":"https:\/\/exaudi.org\/it\/lincontro-col-mio-amico-francesco-nel-segno-di-ramon-pane\/","url":"https:\/\/exaudi.org\/it\/lincontro-col-mio-amico-francesco-nel-segno-di-ramon-pane\/","name":"\"L'incontro col mio amico Francesco\". Nel segno di Ram\u00f3n Pan\u00e9 &#8211; Exaudi","isPartOf":{"@id":"https:\/\/exaudi.org\/#website"},"primaryImageOfPage":{"@id":"https:\/\/exaudi.org\/it\/lincontro-col-mio-amico-francesco-nel-segno-di-ramon-pane\/#primaryimage"},"image":{"@id":"https:\/\/exaudi.org\/it\/lincontro-col-mio-amico-francesco-nel-segno-di-ramon-pane\/#primaryimage"},"thumbnailUrl":"https:\/\/exaudi.org\/wp-content\/uploads\/2021\/07\/Ricardo-Grzona-y-el-Papa-Francisco-1.jpg","datePublished":"2021-07-07T05:30:17+00:00","dateModified":"2021-07-07T09:22:58+00:00","author":{"@id":"https:\/\/exaudi.org\/#\/schema\/person\/cb07ea25d04efb7adcdf3b176c030963"},"description":"Ricardo Grzona racconta l'amicizia con il Papa a cui ha donato il documentario su Ram\u00f3n\u00a0 Pan\u00e9, primo evangelizzatore dell'America","breadcrumb":{"@id":"https:\/\/exaudi.org\/it\/lincontro-col-mio-amico-francesco-nel-segno-di-ramon-pane\/#breadcrumb"},"inLanguage":"it-IT","potentialAction":[{"@type":"ReadAction","target":["https:\/\/exaudi.org\/it\/lincontro-col-mio-amico-francesco-nel-segno-di-ramon-pane\/"]}]},{"@type":"ImageObject","inLanguage":"it-IT","@id":"https:\/\/exaudi.org\/it\/lincontro-col-mio-amico-francesco-nel-segno-di-ramon-pane\/#primaryimage","url":"https:\/\/exaudi.org\/wp-content\/uploads\/2021\/07\/Ricardo-Grzona-y-el-Papa-Francisco-1.jpg","contentUrl":"https:\/\/exaudi.org\/wp-content\/uploads\/2021\/07\/Ricardo-Grzona-y-el-Papa-Francisco-1.jpg","width":1087,"height":1087,"caption":"Ricardo Grzona consegna il documentario su Ramon Pan\u00e9 al Papa"},{"@type":"BreadcrumbList","@id":"https:\/\/exaudi.org\/it\/lincontro-col-mio-amico-francesco-nel-segno-di-ramon-pane\/#breadcrumb","itemListElement":[{"@type":"ListItem","position":1,"name":"Portada","item":"https:\/\/exaudi.org\/it\/"},{"@type":"ListItem","position":2,"name":"&#8220;L&#8217;incontro col mio amico Francesco&#8221;. Nel segno di Ram\u00f3n Pan\u00e9"}]},{"@type":"WebSite","@id":"https:\/\/exaudi.org\/#website","url":"https:\/\/exaudi.org\/","name":"Exaudi","description":"News","potentialAction":[{"@type":"SearchAction","target":{"@type":"EntryPoint","urlTemplate":"https:\/\/exaudi.org\/?s={search_term_string}"},"query-input":{"@type":"PropertyValueSpecification","valueRequired":true,"valueName":"search_term_string"}}],"inLanguage":"it-IT"},{"@type":"Person","@id":"https:\/\/exaudi.org\/#\/schema\/person\/cb07ea25d04efb7adcdf3b176c030963","name":"Ricardo Grzona","image":{"@type":"ImageObject","inLanguage":"it-IT","@id":"https:\/\/secure.gravatar.com\/avatar\/91cec62a96ecac344b732b50a23b0be38c098e458df2e3dacfef9a338bf8f3d4?s=96&d=mm&r=g","url":"https:\/\/secure.gravatar.com\/avatar\/91cec62a96ecac344b732b50a23b0be38c098e458df2e3dacfef9a338bf8f3d4?s=96&d=mm&r=g","contentUrl":"https:\/\/secure.gravatar.com\/avatar\/91cec62a96ecac344b732b50a23b0be38c098e458df2e3dacfef9a338bf8f3d4?s=96&d=mm&r=g","caption":"Ricardo Grzona"},"description":"Hno. Ricardo Grzona, frp (Fraternidad Ram\u00f3n Pan\u00e9). Presidente ejecutivo de la Fundaci\u00f3n Ram\u00f3n Pan\u00e9, con sede en Miami, Florida, USA. Sus estudios son en Catequ\u00e9tica en varias Universidades de las Am\u00e9ricas y Roma, especialmente en espiritualidad b\u00edblica y Lectio Divina","url":"https:\/\/exaudi.org\/it\/author\/ricardogrzona\/"}]}},"jetpack_featured_media_url":"https:\/\/exaudi.org\/wp-content\/uploads\/2021\/07\/Ricardo-Grzona-y-el-Papa-Francisco-1.jpg","jetpack_shortlink":"https:\/\/wp.me\/pgKjF2-6Oe","_links":{"self":[{"href":"https:\/\/exaudi.org\/it\/wp-json\/wp\/v2\/posts\/26178","targetHints":{"allow":["GET"]}}],"collection":[{"href":"https:\/\/exaudi.org\/it\/wp-json\/wp\/v2\/posts"}],"about":[{"href":"https:\/\/exaudi.org\/it\/wp-json\/wp\/v2\/types\/post"}],"author":[{"embeddable":true,"href":"https:\/\/exaudi.org\/it\/wp-json\/wp\/v2\/users\/37"}],"replies":[{"embeddable":true,"href":"https:\/\/exaudi.org\/it\/wp-json\/wp\/v2\/comments?post=26178"}],"version-history":[{"count":0,"href":"https:\/\/exaudi.org\/it\/wp-json\/wp\/v2\/posts\/26178\/revisions"}],"wp:featuredmedia":[{"embeddable":true,"href":"https:\/\/exaudi.org\/it\/wp-json\/wp\/v2\/media\/26180"}],"wp:attachment":[{"href":"https:\/\/exaudi.org\/it\/wp-json\/wp\/v2\/media?parent=26178"}],"wp:term":[{"taxonomy":"category","embeddable":true,"href":"https:\/\/exaudi.org\/it\/wp-json\/wp\/v2\/categories?post=26178"},{"taxonomy":"post_tag","embeddable":true,"href":"https:\/\/exaudi.org\/it\/wp-json\/wp\/v2\/tags?post=26178"}],"curies":[{"name":"wp","href":"https:\/\/api.w.org\/{rel}","templated":true}]}}