{"id":26008,"date":"2021-07-05T12:41:08","date_gmt":"2021-07-05T10:41:08","guid":{"rendered":"https:\/\/exaudi.org\/?p=26008"},"modified":"2021-07-05T12:41:08","modified_gmt":"2021-07-05T10:41:08","slug":"il-santo-padre-sta-bene-dopo-intervento-chirurgico","status":"publish","type":"post","link":"https:\/\/exaudi.org\/it\/il-santo-padre-sta-bene-dopo-intervento-chirurgico\/","title":{"rendered":"Il Santo Padre sta bene dopo l&#8217;intervento chirurgico"},"content":{"rendered":"<p>Papa Francesco dovr\u00e0 rimanere in ospedale per una settimana dopo l\u2019intervento chirurgico a cui \u00e8 stato sottoposto domenica sera. Lo ha reso noto con un nuovo bollettino il direttore della Sala Stampa vaticana Matteo Bruni. La buona notizia \u00e8 che complessivamente il S. Padre sta bene.<\/p>\n<h4>Il bollettino<\/h4>\n<p>\u201cSua Santit\u00e0 Papa Francesco \u00e8 in buone condizioni generali, vigile e in respiro spontaneo \u2013 ha dichiarato Bruni &#8211; L\u2019intervento chirurgico per la stenosi diverticolare effettuato nella serata del 4 luglio ha comportato una emicolectomia sinistra ed ha avuto una durata di circa 3 ore. Si prevede una degenza di circa 7 giorni salvo complicazioni\u201d.<\/p>\n<p>Confermate, dunque, sia la durata dell\u2019intervento chirurgico, come era trapelato da fonti non ufficiali, sia la degenza postoperatoria, che si era ipotizzata in cinque giorni. Del resto, stiamo comunque parlando di un paziente di quasi 85 anni che conduce abitualmente una vita molto intensa quando la maggior parte delle persone, a quell\u2019et\u00e0, si trova da tempo in pensione.<\/p>\n<p>Le notizie fornite dal direttore della Sala Stampa, in ogni caso, confermano che l\u2019intervento non ha presentato particolari difficolt\u00e0 e che, evidentemente, era gi\u00e0 stato programmato da tempo. In questo periodo, infatti, il S. Padre pur non lasciando il Vaticano, come facevano i suoi predecessori, riduce in maniera consistente i suoi impegni consueti.<\/p>\n<p>Le udienze generali, ad esempio, sono sospese per tutto il mese di luglio e riprenderanno mercoled\u00ec 4 agosto.<\/p>\n<h4>Il mondo in apprensione<\/h4>\n<p>Davanti al Policlinico Gemelli, intanto, sono appostate televisioni e giornalisti di tutto il mondo per seguire la degenza del S. Padre, ricoverato al decimo piano della struttura ospedaliera. C\u2019\u00e8 ora una piccola curiosit\u00e0. Considerando che la degenza durer\u00e0 sette giorni, bisogner\u00e0 capire se il Papa domenica prossima sar\u00e0 ancora ricoverato e se si affaccer\u00e0 dalle finestre del \u201cVaticano 3\u201d per la recita dell\u2019Angelus, come fece in passato San Giovanni Paolo II.<\/p>\n","protected":false},"excerpt":{"rendered":"<p>Il direttore della Sala Stampa vaticana conferma che la degenza post-operatoria durer\u00e0 una settimana<\/p>\n","protected":false},"author":18,"featured_media":26009,"comment_status":"closed","ping_status":"closed","sticky":false,"template":"","format":"standard","meta":{"_acf_changed":false,"_crdt_document":"","inline_featured_image":false,"footnotes":""},"categories":[67,2157,297],"tags":[2487,920,3211,251],"class_list":["post-26008","post","type-post","status-publish","format-standard","has-post-thumbnail","hentry","category-leone-xiv","category-top-ultime-notizie","category-ultime-notizie","tag-featured-3","tag-gemelli","tag-intervento-chirurgico","tag-papa-francesco"],"acf":[],"yoast_head":"<!-- This site is optimized with the Yoast SEO plugin v27.5 - https:\/\/yoast.com\/product\/yoast-seo-wordpress\/ -->\n<title>Il Santo Padre sta bene dopo l&#039;intervento chirurgico &#8211; Exaudi<\/title>\n<meta name=\"description\" content=\"Le condizioni del Papa dopo l&#039;intervento chirurgico di domenica sera sono complessivamente buone. La degenza post-operatoria durer\u00e0 una settimana\" \/>\n<meta name=\"robots\" content=\"index, follow, max-snippet:-1, max-image-preview:large, max-video-preview:-1\" \/>\n<link rel=\"canonical\" href=\"https:\/\/exaudi.org\/it\/il-santo-padre-sta-bene-dopo-intervento-chirurgico\/\" \/>\n<meta property=\"og:locale\" content=\"it_IT\" \/>\n<meta property=\"og:type\" content=\"article\" \/>\n<meta property=\"og:title\" content=\"Il Santo Padre sta bene dopo l&#039;intervento chirurgico &#8211; Exaudi\" \/>\n<meta property=\"og:description\" content=\"Le condizioni del Papa dopo l&#039;intervento chirurgico di domenica sera sono complessivamente buone. La degenza post-operatoria durer\u00e0 una settimana\" \/>\n<meta property=\"og:url\" content=\"https:\/\/exaudi.org\/it\/il-santo-padre-sta-bene-dopo-intervento-chirurgico\/\" \/>\n<meta property=\"og:site_name\" content=\"Exaudi\" \/>\n<meta property=\"article:publisher\" content=\"https:\/\/www.facebook.com\/ExaudiNews\" \/>\n<meta property=\"article:published_time\" content=\"2021-07-05T10:41:08+00:00\" \/>\n<meta property=\"og:image\" content=\"https:\/\/exaudi.org\/wp-content\/uploads\/2021\/07\/Policlinico-Gemelli.jpeg\" \/>\n\t<meta property=\"og:image:width\" content=\"2016\" \/>\n\t<meta property=\"og:image:height\" content=\"1512\" \/>\n\t<meta property=\"og:image:type\" content=\"image\/jpeg\" \/>\n<meta name=\"author\" content=\"Andrea Acali\" \/>\n<meta name=\"twitter:card\" content=\"summary_large_image\" \/>\n<meta name=\"twitter:creator\" content=\"@Exaudi_News\" \/>\n<meta name=\"twitter:site\" content=\"@Exaudi_News\" \/>\n<meta name=\"twitter:label1\" content=\"Scritto da\" \/>\n\t<meta name=\"twitter:data1\" content=\"Andrea Acali\" \/>\n\t<meta name=\"twitter:label2\" content=\"Tempo di lettura stimato\" \/>\n\t<meta name=\"twitter:data2\" content=\"2 minuti\" \/>\n<script type=\"application\/ld+json\" class=\"yoast-schema-graph\">{\"@context\":\"https:\\\/\\\/schema.org\",\"@graph\":[{\"@type\":\"Article\",\"@id\":\"https:\\\/\\\/exaudi.org\\\/it\\\/il-santo-padre-sta-bene-dopo-intervento-chirurgico\\\/#article\",\"isPartOf\":{\"@id\":\"https:\\\/\\\/exaudi.org\\\/it\\\/il-santo-padre-sta-bene-dopo-intervento-chirurgico\\\/\"},\"author\":{\"name\":\"Andrea Acali\",\"@id\":\"https:\\\/\\\/exaudi.org\\\/#\\\/schema\\\/person\\\/127735be832481a6d3c410c5837bb61a\"},\"headline\":\"Il Santo Padre sta bene dopo l&#8217;intervento chirurgico\",\"datePublished\":\"2021-07-05T10:41:08+00:00\",\"mainEntityOfPage\":{\"@id\":\"https:\\\/\\\/exaudi.org\\\/it\\\/il-santo-padre-sta-bene-dopo-intervento-chirurgico\\\/\"},\"wordCount\":312,\"image\":{\"@id\":\"https:\\\/\\\/exaudi.org\\\/it\\\/il-santo-padre-sta-bene-dopo-intervento-chirurgico\\\/#primaryimage\"},\"thumbnailUrl\":\"https:\\\/\\\/exaudi.org\\\/wp-content\\\/uploads\\\/2021\\\/07\\\/Policlinico-Gemelli.jpeg\",\"keywords\":[\"Featured\",\"Gemelli\",\"intervento chirurgico\",\"Papa Francesco\"],\"articleSection\":[\"Leone XIV\",\"Top Ultime Notizie\",\"Ultime Notizie\"],\"inLanguage\":\"it-IT\"},{\"@type\":\"WebPage\",\"@id\":\"https:\\\/\\\/exaudi.org\\\/it\\\/il-santo-padre-sta-bene-dopo-intervento-chirurgico\\\/\",\"url\":\"https:\\\/\\\/exaudi.org\\\/it\\\/il-santo-padre-sta-bene-dopo-intervento-chirurgico\\\/\",\"name\":\"Il Santo Padre sta bene dopo l'intervento chirurgico &#8211; Exaudi\",\"isPartOf\":{\"@id\":\"https:\\\/\\\/exaudi.org\\\/#website\"},\"primaryImageOfPage\":{\"@id\":\"https:\\\/\\\/exaudi.org\\\/it\\\/il-santo-padre-sta-bene-dopo-intervento-chirurgico\\\/#primaryimage\"},\"image\":{\"@id\":\"https:\\\/\\\/exaudi.org\\\/it\\\/il-santo-padre-sta-bene-dopo-intervento-chirurgico\\\/#primaryimage\"},\"thumbnailUrl\":\"https:\\\/\\\/exaudi.org\\\/wp-content\\\/uploads\\\/2021\\\/07\\\/Policlinico-Gemelli.jpeg\",\"datePublished\":\"2021-07-05T10:41:08+00:00\",\"author\":{\"@id\":\"https:\\\/\\\/exaudi.org\\\/#\\\/schema\\\/person\\\/127735be832481a6d3c410c5837bb61a\"},\"description\":\"Le condizioni del Papa dopo l'intervento chirurgico di domenica sera sono complessivamente buone. La degenza post-operatoria durer\u00e0 una settimana\",\"breadcrumb\":{\"@id\":\"https:\\\/\\\/exaudi.org\\\/it\\\/il-santo-padre-sta-bene-dopo-intervento-chirurgico\\\/#breadcrumb\"},\"inLanguage\":\"it-IT\",\"potentialAction\":[{\"@type\":\"ReadAction\",\"target\":[\"https:\\\/\\\/exaudi.org\\\/it\\\/il-santo-padre-sta-bene-dopo-intervento-chirurgico\\\/\"]}]},{\"@type\":\"ImageObject\",\"inLanguage\":\"it-IT\",\"@id\":\"https:\\\/\\\/exaudi.org\\\/it\\\/il-santo-padre-sta-bene-dopo-intervento-chirurgico\\\/#primaryimage\",\"url\":\"https:\\\/\\\/exaudi.org\\\/wp-content\\\/uploads\\\/2021\\\/07\\\/Policlinico-Gemelli.jpeg\",\"contentUrl\":\"https:\\\/\\\/exaudi.org\\\/wp-content\\\/uploads\\\/2021\\\/07\\\/Policlinico-Gemelli.jpeg\",\"width\":2016,\"height\":1512,\"caption\":\"Telecamere all'esterno del Policlinico Gemelli Courtesy of Exaudi Catholic News\"},{\"@type\":\"BreadcrumbList\",\"@id\":\"https:\\\/\\\/exaudi.org\\\/it\\\/il-santo-padre-sta-bene-dopo-intervento-chirurgico\\\/#breadcrumb\",\"itemListElement\":[{\"@type\":\"ListItem\",\"position\":1,\"name\":\"Portada\",\"item\":\"https:\\\/\\\/exaudi.org\\\/it\\\/\"},{\"@type\":\"ListItem\",\"position\":2,\"name\":\"Il Santo Padre sta bene dopo l&#8217;intervento chirurgico\"}]},{\"@type\":\"WebSite\",\"@id\":\"https:\\\/\\\/exaudi.org\\\/#website\",\"url\":\"https:\\\/\\\/exaudi.org\\\/\",\"name\":\"Exaudi\",\"description\":\"News\",\"potentialAction\":[{\"@type\":\"SearchAction\",\"target\":{\"@type\":\"EntryPoint\",\"urlTemplate\":\"https:\\\/\\\/exaudi.org\\\/?s={search_term_string}\"},\"query-input\":{\"@type\":\"PropertyValueSpecification\",\"valueRequired\":true,\"valueName\":\"search_term_string\"}}],\"inLanguage\":\"it-IT\"},{\"@type\":\"Person\",\"@id\":\"https:\\\/\\\/exaudi.org\\\/#\\\/schema\\\/person\\\/127735be832481a6d3c410c5837bb61a\",\"name\":\"Andrea Acali\",\"image\":{\"@type\":\"ImageObject\",\"inLanguage\":\"it-IT\",\"@id\":\"https:\\\/\\\/secure.gravatar.com\\\/avatar\\\/2abf8e528c4f8c571ab456e5ef9ac66b04b987863e3ab3fd9546150699bb9259?s=96&d=mm&r=g\",\"url\":\"https:\\\/\\\/secure.gravatar.com\\\/avatar\\\/2abf8e528c4f8c571ab456e5ef9ac66b04b987863e3ab3fd9546150699bb9259?s=96&d=mm&r=g\",\"contentUrl\":\"https:\\\/\\\/secure.gravatar.com\\\/avatar\\\/2abf8e528c4f8c571ab456e5ef9ac66b04b987863e3ab3fd9546150699bb9259?s=96&d=mm&r=g\",\"caption\":\"Andrea Acali\"},\"description\":\"Andrea Acali es un periodista y comunicador italiano con una larga trayectoria en el \u00e1mbito de la informaci\u00f3n religiosa, social y deportiva. Durante casi treinta a\u00f1os trabaj\u00f3 en el diario Il Tempo como vaticanista y jefe de secci\u00f3n, especializ\u00e1ndose en la cobertura de la actualidad del Vaticano y de la Iglesia cat\u00f3lica. Desde 2016 colabora como periodista web en RomaSette y tambi\u00e9n escribe para el peri\u00f3dico Avvenire. Desde 2019 ejerce como comunicador en la Delegazione della Generalitat de Catalunya in Italia, con sede en Roma, donde combina su experiencia period\u00edstica con la comunicaci\u00f3n institucional\",\"sameAs\":[\"https:\\\/\\\/www.linkedin.com\\\/in\\\/andrea-acali-505567125\\\/?originalSubdomain=it\"],\"url\":\"https:\\\/\\\/exaudi.org\\\/it\\\/author\\\/aacaliexaudi-org\\\/\"}]}<\/script>\n<!-- \/ Yoast SEO plugin. -->","yoast_head_json":{"title":"Il Santo Padre sta bene dopo l'intervento chirurgico &#8211; Exaudi","description":"Le condizioni del Papa dopo l'intervento chirurgico di domenica sera sono complessivamente buone. La degenza post-operatoria durer\u00e0 una settimana","robots":{"index":"index","follow":"follow","max-snippet":"max-snippet:-1","max-image-preview":"max-image-preview:large","max-video-preview":"max-video-preview:-1"},"canonical":"https:\/\/exaudi.org\/it\/il-santo-padre-sta-bene-dopo-intervento-chirurgico\/","og_locale":"it_IT","og_type":"article","og_title":"Il Santo Padre sta bene dopo l'intervento chirurgico &#8211; Exaudi","og_description":"Le condizioni del Papa dopo l'intervento chirurgico di domenica sera sono complessivamente buone. La degenza post-operatoria durer\u00e0 una settimana","og_url":"https:\/\/exaudi.org\/it\/il-santo-padre-sta-bene-dopo-intervento-chirurgico\/","og_site_name":"Exaudi","article_publisher":"https:\/\/www.facebook.com\/ExaudiNews","article_published_time":"2021-07-05T10:41:08+00:00","og_image":[{"width":2016,"height":1512,"url":"https:\/\/exaudi.org\/wp-content\/uploads\/2021\/07\/Policlinico-Gemelli.jpeg","type":"image\/jpeg"}],"author":"Andrea Acali","twitter_card":"summary_large_image","twitter_creator":"@Exaudi_News","twitter_site":"@Exaudi_News","twitter_misc":{"Scritto da":"Andrea Acali","Tempo di lettura stimato":"2 minuti"},"schema":{"@context":"https:\/\/schema.org","@graph":[{"@type":"Article","@id":"https:\/\/exaudi.org\/it\/il-santo-padre-sta-bene-dopo-intervento-chirurgico\/#article","isPartOf":{"@id":"https:\/\/exaudi.org\/it\/il-santo-padre-sta-bene-dopo-intervento-chirurgico\/"},"author":{"name":"Andrea Acali","@id":"https:\/\/exaudi.org\/#\/schema\/person\/127735be832481a6d3c410c5837bb61a"},"headline":"Il Santo Padre sta bene dopo l&#8217;intervento chirurgico","datePublished":"2021-07-05T10:41:08+00:00","mainEntityOfPage":{"@id":"https:\/\/exaudi.org\/it\/il-santo-padre-sta-bene-dopo-intervento-chirurgico\/"},"wordCount":312,"image":{"@id":"https:\/\/exaudi.org\/it\/il-santo-padre-sta-bene-dopo-intervento-chirurgico\/#primaryimage"},"thumbnailUrl":"https:\/\/exaudi.org\/wp-content\/uploads\/2021\/07\/Policlinico-Gemelli.jpeg","keywords":["Featured","Gemelli","intervento chirurgico","Papa Francesco"],"articleSection":["Leone XIV","Top Ultime Notizie","Ultime Notizie"],"inLanguage":"it-IT"},{"@type":"WebPage","@id":"https:\/\/exaudi.org\/it\/il-santo-padre-sta-bene-dopo-intervento-chirurgico\/","url":"https:\/\/exaudi.org\/it\/il-santo-padre-sta-bene-dopo-intervento-chirurgico\/","name":"Il Santo Padre sta bene dopo l'intervento chirurgico &#8211; Exaudi","isPartOf":{"@id":"https:\/\/exaudi.org\/#website"},"primaryImageOfPage":{"@id":"https:\/\/exaudi.org\/it\/il-santo-padre-sta-bene-dopo-intervento-chirurgico\/#primaryimage"},"image":{"@id":"https:\/\/exaudi.org\/it\/il-santo-padre-sta-bene-dopo-intervento-chirurgico\/#primaryimage"},"thumbnailUrl":"https:\/\/exaudi.org\/wp-content\/uploads\/2021\/07\/Policlinico-Gemelli.jpeg","datePublished":"2021-07-05T10:41:08+00:00","author":{"@id":"https:\/\/exaudi.org\/#\/schema\/person\/127735be832481a6d3c410c5837bb61a"},"description":"Le condizioni del Papa dopo l'intervento chirurgico di domenica sera sono complessivamente buone. La degenza post-operatoria durer\u00e0 una settimana","breadcrumb":{"@id":"https:\/\/exaudi.org\/it\/il-santo-padre-sta-bene-dopo-intervento-chirurgico\/#breadcrumb"},"inLanguage":"it-IT","potentialAction":[{"@type":"ReadAction","target":["https:\/\/exaudi.org\/it\/il-santo-padre-sta-bene-dopo-intervento-chirurgico\/"]}]},{"@type":"ImageObject","inLanguage":"it-IT","@id":"https:\/\/exaudi.org\/it\/il-santo-padre-sta-bene-dopo-intervento-chirurgico\/#primaryimage","url":"https:\/\/exaudi.org\/wp-content\/uploads\/2021\/07\/Policlinico-Gemelli.jpeg","contentUrl":"https:\/\/exaudi.org\/wp-content\/uploads\/2021\/07\/Policlinico-Gemelli.jpeg","width":2016,"height":1512,"caption":"Telecamere all'esterno del Policlinico Gemelli Courtesy of Exaudi Catholic News"},{"@type":"BreadcrumbList","@id":"https:\/\/exaudi.org\/it\/il-santo-padre-sta-bene-dopo-intervento-chirurgico\/#breadcrumb","itemListElement":[{"@type":"ListItem","position":1,"name":"Portada","item":"https:\/\/exaudi.org\/it\/"},{"@type":"ListItem","position":2,"name":"Il Santo Padre sta bene dopo l&#8217;intervento chirurgico"}]},{"@type":"WebSite","@id":"https:\/\/exaudi.org\/#website","url":"https:\/\/exaudi.org\/","name":"Exaudi","description":"News","potentialAction":[{"@type":"SearchAction","target":{"@type":"EntryPoint","urlTemplate":"https:\/\/exaudi.org\/?s={search_term_string}"},"query-input":{"@type":"PropertyValueSpecification","valueRequired":true,"valueName":"search_term_string"}}],"inLanguage":"it-IT"},{"@type":"Person","@id":"https:\/\/exaudi.org\/#\/schema\/person\/127735be832481a6d3c410c5837bb61a","name":"Andrea Acali","image":{"@type":"ImageObject","inLanguage":"it-IT","@id":"https:\/\/secure.gravatar.com\/avatar\/2abf8e528c4f8c571ab456e5ef9ac66b04b987863e3ab3fd9546150699bb9259?s=96&d=mm&r=g","url":"https:\/\/secure.gravatar.com\/avatar\/2abf8e528c4f8c571ab456e5ef9ac66b04b987863e3ab3fd9546150699bb9259?s=96&d=mm&r=g","contentUrl":"https:\/\/secure.gravatar.com\/avatar\/2abf8e528c4f8c571ab456e5ef9ac66b04b987863e3ab3fd9546150699bb9259?s=96&d=mm&r=g","caption":"Andrea Acali"},"description":"Andrea Acali es un periodista y comunicador italiano con una larga trayectoria en el \u00e1mbito de la informaci\u00f3n religiosa, social y deportiva. Durante casi treinta a\u00f1os trabaj\u00f3 en el diario Il Tempo como vaticanista y jefe de secci\u00f3n, especializ\u00e1ndose en la cobertura de la actualidad del Vaticano y de la Iglesia cat\u00f3lica. Desde 2016 colabora como periodista web en RomaSette y tambi\u00e9n escribe para el peri\u00f3dico Avvenire. Desde 2019 ejerce como comunicador en la Delegazione della Generalitat de Catalunya in Italia, con sede en Roma, donde combina su experiencia period\u00edstica con la comunicaci\u00f3n institucional","sameAs":["https:\/\/www.linkedin.com\/in\/andrea-acali-505567125\/?originalSubdomain=it"],"url":"https:\/\/exaudi.org\/it\/author\/aacaliexaudi-org\/"}]}},"jetpack_featured_media_url":"https:\/\/exaudi.org\/wp-content\/uploads\/2021\/07\/Policlinico-Gemelli.jpeg","jetpack_shortlink":"https:\/\/wp.me\/pgKjF2-6Lu","_links":{"self":[{"href":"https:\/\/exaudi.org\/it\/wp-json\/wp\/v2\/posts\/26008","targetHints":{"allow":["GET"]}}],"collection":[{"href":"https:\/\/exaudi.org\/it\/wp-json\/wp\/v2\/posts"}],"about":[{"href":"https:\/\/exaudi.org\/it\/wp-json\/wp\/v2\/types\/post"}],"author":[{"embeddable":true,"href":"https:\/\/exaudi.org\/it\/wp-json\/wp\/v2\/users\/18"}],"replies":[{"embeddable":true,"href":"https:\/\/exaudi.org\/it\/wp-json\/wp\/v2\/comments?post=26008"}],"version-history":[{"count":0,"href":"https:\/\/exaudi.org\/it\/wp-json\/wp\/v2\/posts\/26008\/revisions"}],"wp:featuredmedia":[{"embeddable":true,"href":"https:\/\/exaudi.org\/it\/wp-json\/wp\/v2\/media\/26009"}],"wp:attachment":[{"href":"https:\/\/exaudi.org\/it\/wp-json\/wp\/v2\/media?parent=26008"}],"wp:term":[{"taxonomy":"category","embeddable":true,"href":"https:\/\/exaudi.org\/it\/wp-json\/wp\/v2\/categories?post=26008"},{"taxonomy":"post_tag","embeddable":true,"href":"https:\/\/exaudi.org\/it\/wp-json\/wp\/v2\/tags?post=26008"}],"curies":[{"name":"wp","href":"https:\/\/api.w.org\/{rel}","templated":true}]}}