{"id":25662,"date":"2021-07-02T10:25:06","date_gmt":"2021-07-02T08:25:06","guid":{"rendered":"https:\/\/exaudi.org\/?p=25662"},"modified":"2021-07-02T10:05:30","modified_gmt":"2021-07-02T08:05:30","slug":"scienza-per-la-pace-il-saluto-di-francesco","status":"publish","type":"post","link":"https:\/\/exaudi.org\/it\/scienza-per-la-pace-il-saluto-di-francesco\/","title":{"rendered":"&#8220;Scienza per la pace&#8221;, il saluto di Francesco"},"content":{"rendered":"<p>Si tiene oggi e domani tra l\u2019Universit\u00e0 di Teramo e il Santuario di San Gabriele dell\u2019Addolorata, nell\u2019ambito del Giubileo di San Gabriele, il Meeting Internazionale \u201cLa scienza per la pace\u201d. L&#8217;iniziativa \u00e8 stata promossa dalla Diocesi di Teramo-Atri e dall\u2019Ateneo abruzzese. Un incontro che vedr\u00e0 anche la premiazione di Antonino Zichichi. Tra gli altri, \u00e8 prevista la partecipazione del ministro dell\u2019Universit\u00e0 e della Ricerca Maria Cristina Messa, del vicecancelliere della Pontificia Accademia delle Scienze Dario Edoardo Vigan\u00f2, di scienziati e docenti. In programma anche un intervento della Commissaria europea per la ricerca, Mariya Gabriel. I lavori saranno aperti e conclusi dal vescovo di Teramo monsignor Lorenzo Leuzzi.<\/p>\n<h4>Il messaggio del Pontefice<\/h4>\n<p>Il Papa ha inviato un videomessaggio ai partecipanti, invitandoli a condividere la conoscenza scientifica. \u201cLa scienza \u00e8 una grande risorsa per costruire la pace\u201d afferma Francesco. Ecco il testo del suo discorso:<\/p>\n<p>Desidero esprimere la mia gratitudine agli organizzatori del meeting &#8220;La scienza per la pace&#8221;, in occasione del Giubileo di San Gabriele [dell\u2019Addolorata], il cui santuario si colloca alle pendici del Gran Sasso, sede dei Laboratori Nazionali di Fisica Nucleare. Saluto le autorit\u00e0 accademiche e scientifiche, gli ospiti delle istituzioni nazionali ed europee e tutti gli uomini e le donne impegnati nella ricerca scientifica. Tra questi vorrei ricordare il prof. Antonino Zichichi, Presidente della Federazione Mondiale degli Scienziati \u2013 insignito in questa occasione della pi\u00f9 alta onorificenza dell&#8217;Universit\u00e0 di Teramo \u2013 che continua a dedicare la sua vita per lo sviluppo della scienza e la formazione delle nuove generazioni.<\/p>\n<p>Cari e illustri scienziati, il vostro incontravi \u00e8 un grande dono di speranza per l\u2019umanit\u00e0. Mai come in questo tempo si avverte il bisogno di un rilancio della ricerca scientifica per affrontare le sfide della societ\u00e0 contemporanea. E sono felice che a promuovere tale incontro sia proprio la Comunit\u00e0 diocesana di Teramo, che testimonia cos\u00ec che non pu\u00f2 e non deve esistere contrapposizione tra la fede e la scienza. Come ho ricordato nell\u2019Enciclica Fratelli tutti, \u00e8 urgente &#8220;conoscere la realt\u00e0 per costruire insieme&#8221;.<\/p>\n<h4>Ricerca al servizio di tutti<\/h4>\n<p>Per far crescere e sviluppare il desiderio di conoscenza che si nasconde nel cuore di ogni uomo e di ogni donna, \u00e8 necessario che la ricerca scientifica metta a servizio di tutti le proprie indicazioni, ricercando sempre nuove forme di collaborazione, di condivisione dei risultati e di costruzione di reti. Inoltre &#8220;non va trascurato \u2013 ricordavo ancora nell&#8217;Enciclica &#8211; il rischio che il progresso scientifico venga considerato l&#8217;unico approccio possibile per comprendere un aspetto della vita, della societ\u00e0 e del mondo&#8221;. L&#8217;esperienza dell&#8217;emergenza sanitaria ancora di pi\u00f9 e, per certi versi, in modo ancora pi\u00f9 urgente, ha sollecitato il mondo della scienza a ripensare le prospettive della prevenzione, della terapia e della organizzazione sanitaria tenendo conto dei risvolti antropologici legati alla socialit\u00e0 e alla qualit\u00e0 delle relazioni tra familiari e, soprattutto, tra generazioni.<\/p>\n<h4>Risorsa per costruire la pace<\/h4>\n<p>Nessun sapere scientifico deve camminare da solo e sentirsi autosufficiente. La realt\u00e0 storica diventa sempre pi\u00f9 una, unica e ha bisogno di essere servita nella pluralit\u00e0 dei saperi, che nella loro specificit\u00e0 contribuiscano a far crescere una nuova cultura capace di costruire la societ\u00e0 promuovendo la dignit\u00e0 e lo sviluppo di ogni uomo e di ogni donna. Di fronte alle nuove sfide, a voi, cari amici e amiche della scienza, \u00e8 affidato il compito di testimoniare come sia possibile costruire un nuovo legame sociale, impegnandovi a rendere la ricerca scientifica prossima a tutta la comunit\u00e0, da quella locale a quella internazionale, e che insieme \u00e8 possibile superare ogni conflitto. La scienza \u00e8 una grande risorsa per costruire la pace!<\/p>\n<p>Vi chiedo di accompagnare la formazione delle nuove generazioni insegnando loro a non aver paura della fatica della ricerca. Anche il Maestro si fa cercare: Lui infonde in tutti la certezza che quando si cerca con onest\u00e0 si incontra la verit\u00e0. Il cambiamento d&#8217;epoca ha bisogno di nuovi discepoli della conoscenza e voi, cari scienziati, siete i maestri di una nuova generazione di costruttori di pace. Vi assicuro, vi sono vicino e tutta la Chiesa vi \u00e8 vicina, con la preghiera e l&#8217;incoraggiamento.<\/p>\n","protected":false},"excerpt":{"rendered":"<p>Messaggio ai partecipanti al Meeting internazionale promosso dalla Diocesi di Teramo per il Giubileo di San Gabriele<\/p>\n","protected":false},"author":17,"featured_media":25669,"comment_status":"closed","ping_status":"closed","sticky":false,"template":"","format":"standard","meta":{"_acf_changed":false,"_crdt_document":"","inline_featured_image":false,"footnotes":""},"categories":[67,117,297],"tags":[2487,688,251,474,3171,3173,3172],"class_list":["post-25662","post","type-post","status-publish","format-standard","has-post-thumbnail","hentry","category-leone-xiv","category-messaggi","category-ultime-notizie","tag-featured-3","tag-pace","tag-papa-francesco","tag-san-gabriele","tag-scienza","tag-teramo","tag-zichichi"],"acf":[],"yoast_head":"<!-- This site is optimized with the Yoast SEO plugin v27.5 - https:\/\/yoast.com\/product\/yoast-seo-wordpress\/ -->\n<title>&quot;Scienza per la pace&quot;, il saluto di Francesco &#8211; Exaudi<\/title>\n<meta name=\"description\" content=\"Si tiene oggi e domani il meeting internazionale &quot;La scienza per la pace&quot; promosso da diocesi e Universit\u00e0 di Teramo. Il messaggio del Papa\" \/>\n<meta name=\"robots\" content=\"index, follow, max-snippet:-1, max-image-preview:large, max-video-preview:-1\" \/>\n<link rel=\"canonical\" href=\"https:\/\/exaudi.org\/it\/scienza-per-la-pace-il-saluto-di-francesco\/\" \/>\n<meta property=\"og:locale\" content=\"it_IT\" \/>\n<meta property=\"og:type\" content=\"article\" \/>\n<meta property=\"og:title\" content=\"&quot;Scienza per la pace&quot;, il saluto di Francesco &#8211; Exaudi\" \/>\n<meta property=\"og:description\" content=\"Si tiene oggi e domani il meeting internazionale &quot;La scienza per la pace&quot; promosso da diocesi e Universit\u00e0 di Teramo. Il messaggio del Papa\" \/>\n<meta property=\"og:url\" content=\"https:\/\/exaudi.org\/it\/scienza-per-la-pace-il-saluto-di-francesco\/\" \/>\n<meta property=\"og:site_name\" content=\"Exaudi\" \/>\n<meta property=\"article:publisher\" content=\"https:\/\/www.facebook.com\/ExaudiNews\" \/>\n<meta property=\"article:author\" content=\"https:\/\/www.facebook.com\/ExaudiNotizie\/\" \/>\n<meta property=\"article:published_time\" content=\"2021-07-02T08:25:06+00:00\" \/>\n<meta property=\"og:image\" content=\"https:\/\/exaudi.org\/wp-content\/uploads\/2021\/07\/San-Gabriele.jpeg\" \/>\n\t<meta property=\"og:image:width\" content=\"898\" \/>\n\t<meta property=\"og:image:height\" content=\"522\" \/>\n\t<meta property=\"og:image:type\" content=\"image\/jpeg\" \/>\n<meta name=\"author\" content=\"Exaudi Redazione\" \/>\n<meta name=\"twitter:card\" content=\"summary_large_image\" \/>\n<meta name=\"twitter:creator\" content=\"@Exaudi_Notizie\" \/>\n<meta name=\"twitter:site\" content=\"@Exaudi_News\" \/>\n<meta name=\"twitter:label1\" content=\"Scritto da\" \/>\n\t<meta name=\"twitter:data1\" content=\"Exaudi Redazione\" \/>\n\t<meta name=\"twitter:label2\" content=\"Tempo di lettura stimato\" \/>\n\t<meta name=\"twitter:data2\" content=\"3 minuti\" \/>\n<script type=\"application\/ld+json\" class=\"yoast-schema-graph\">{\"@context\":\"https:\\\/\\\/schema.org\",\"@graph\":[{\"@type\":\"Article\",\"@id\":\"https:\\\/\\\/exaudi.org\\\/it\\\/scienza-per-la-pace-il-saluto-di-francesco\\\/#article\",\"isPartOf\":{\"@id\":\"https:\\\/\\\/exaudi.org\\\/it\\\/scienza-per-la-pace-il-saluto-di-francesco\\\/\"},\"author\":{\"name\":\"Exaudi Redazione\",\"@id\":\"https:\\\/\\\/exaudi.org\\\/#\\\/schema\\\/person\\\/e1ab6ed07c01774724dd96f925f3a5f0\"},\"headline\":\"&#8220;Scienza per la pace&#8221;, il saluto di Francesco\",\"datePublished\":\"2021-07-02T08:25:06+00:00\",\"mainEntityOfPage\":{\"@id\":\"https:\\\/\\\/exaudi.org\\\/it\\\/scienza-per-la-pace-il-saluto-di-francesco\\\/\"},\"wordCount\":690,\"image\":{\"@id\":\"https:\\\/\\\/exaudi.org\\\/it\\\/scienza-per-la-pace-il-saluto-di-francesco\\\/#primaryimage\"},\"thumbnailUrl\":\"https:\\\/\\\/exaudi.org\\\/wp-content\\\/uploads\\\/2021\\\/07\\\/San-Gabriele.jpeg\",\"keywords\":[\"Featured\",\"pace\",\"Papa Francesco\",\"San Gabriele\",\"scienza\",\"Teramo\",\"Zichichi\"],\"articleSection\":[\"Leone XIV\",\"Messaggi\",\"Ultime Notizie\"],\"inLanguage\":\"it-IT\"},{\"@type\":\"WebPage\",\"@id\":\"https:\\\/\\\/exaudi.org\\\/it\\\/scienza-per-la-pace-il-saluto-di-francesco\\\/\",\"url\":\"https:\\\/\\\/exaudi.org\\\/it\\\/scienza-per-la-pace-il-saluto-di-francesco\\\/\",\"name\":\"\\\"Scienza per la pace\\\", il saluto di Francesco &#8211; Exaudi\",\"isPartOf\":{\"@id\":\"https:\\\/\\\/exaudi.org\\\/#website\"},\"primaryImageOfPage\":{\"@id\":\"https:\\\/\\\/exaudi.org\\\/it\\\/scienza-per-la-pace-il-saluto-di-francesco\\\/#primaryimage\"},\"image\":{\"@id\":\"https:\\\/\\\/exaudi.org\\\/it\\\/scienza-per-la-pace-il-saluto-di-francesco\\\/#primaryimage\"},\"thumbnailUrl\":\"https:\\\/\\\/exaudi.org\\\/wp-content\\\/uploads\\\/2021\\\/07\\\/San-Gabriele.jpeg\",\"datePublished\":\"2021-07-02T08:25:06+00:00\",\"author\":{\"@id\":\"https:\\\/\\\/exaudi.org\\\/#\\\/schema\\\/person\\\/e1ab6ed07c01774724dd96f925f3a5f0\"},\"description\":\"Si tiene oggi e domani il meeting internazionale \\\"La scienza per la pace\\\" promosso da diocesi e Universit\u00e0 di Teramo. Il messaggio del Papa\",\"breadcrumb\":{\"@id\":\"https:\\\/\\\/exaudi.org\\\/it\\\/scienza-per-la-pace-il-saluto-di-francesco\\\/#breadcrumb\"},\"inLanguage\":\"it-IT\",\"potentialAction\":[{\"@type\":\"ReadAction\",\"target\":[\"https:\\\/\\\/exaudi.org\\\/it\\\/scienza-per-la-pace-il-saluto-di-francesco\\\/\"]}]},{\"@type\":\"ImageObject\",\"inLanguage\":\"it-IT\",\"@id\":\"https:\\\/\\\/exaudi.org\\\/it\\\/scienza-per-la-pace-il-saluto-di-francesco\\\/#primaryimage\",\"url\":\"https:\\\/\\\/exaudi.org\\\/wp-content\\\/uploads\\\/2021\\\/07\\\/San-Gabriele.jpeg\",\"contentUrl\":\"https:\\\/\\\/exaudi.org\\\/wp-content\\\/uploads\\\/2021\\\/07\\\/San-Gabriele.jpeg\",\"width\":898,\"height\":522,\"caption\":\"Il santuario di San Gabriele con la cima del Gran Sasso sullo sfondo\"},{\"@type\":\"BreadcrumbList\",\"@id\":\"https:\\\/\\\/exaudi.org\\\/it\\\/scienza-per-la-pace-il-saluto-di-francesco\\\/#breadcrumb\",\"itemListElement\":[{\"@type\":\"ListItem\",\"position\":1,\"name\":\"Portada\",\"item\":\"https:\\\/\\\/exaudi.org\\\/it\\\/\"},{\"@type\":\"ListItem\",\"position\":2,\"name\":\"&#8220;Scienza per la pace&#8221;, il saluto di Francesco\"}]},{\"@type\":\"WebSite\",\"@id\":\"https:\\\/\\\/exaudi.org\\\/#website\",\"url\":\"https:\\\/\\\/exaudi.org\\\/\",\"name\":\"Exaudi\",\"description\":\"News\",\"potentialAction\":[{\"@type\":\"SearchAction\",\"target\":{\"@type\":\"EntryPoint\",\"urlTemplate\":\"https:\\\/\\\/exaudi.org\\\/?s={search_term_string}\"},\"query-input\":{\"@type\":\"PropertyValueSpecification\",\"valueRequired\":true,\"valueName\":\"search_term_string\"}}],\"inLanguage\":\"it-IT\"},{\"@type\":\"Person\",\"@id\":\"https:\\\/\\\/exaudi.org\\\/#\\\/schema\\\/person\\\/e1ab6ed07c01774724dd96f925f3a5f0\",\"name\":\"Exaudi Redazione\",\"image\":{\"@type\":\"ImageObject\",\"inLanguage\":\"it-IT\",\"@id\":\"https:\\\/\\\/secure.gravatar.com\\\/avatar\\\/ad6774b3ada023bf5b939d64f45c94b3adf91502dd883507d469b4308a943bb3?s=96&d=mm&r=g\",\"url\":\"https:\\\/\\\/secure.gravatar.com\\\/avatar\\\/ad6774b3ada023bf5b939d64f45c94b3adf91502dd883507d469b4308a943bb3?s=96&d=mm&r=g\",\"contentUrl\":\"https:\\\/\\\/secure.gravatar.com\\\/avatar\\\/ad6774b3ada023bf5b939d64f45c94b3adf91502dd883507d469b4308a943bb3?s=96&d=mm&r=g\",\"caption\":\"Exaudi Redazione\"},\"description\":\"Che cosa \u00e8 Exaudi News? Exaudi News \u00e8 un agenzia cattolica internazionale che informa, istruisce e trasforma quotidianamente in spagnolo, inglese e italiano. Attraverso notizie, articoli di analisi e trasmissioni in diretta degli eventi del Papa, Exaudi cerca di rafforzare l'unit\u00e0 dei cristiani e di contribuire all'evangelizzazione del mondo, sempre guidato dalla dottrina sociale della Chiesa. Lavoriamo per portare la verit\u00e0 e i valori cristiani in ogni angolo del pianeta. Aiutaci a trasformare il mondo con Exaudi! Noi di Exaudi crediamo che l'evangelizzazione e l'informazione di qualit\u00e0 possano cambiare la vita. Per continuare la nostra missione ed espandere la nostra portata, abbiamo bisogno del tuo aiuto. Stiamo anche cercando persone motivate che vogliano unirsi al nostro team. Grazie al vostro sostegno raggiungeremo pi\u00f9 persone, diffonderemo il messaggio di Cristo e rafforzeremo l'unit\u00e0 dei cristiani. Vuoi unirti alla nostra missione? Per maggiori informazioni su come contribuire, visita Exaudi.org\\\/it o contattaci direttamente: info@exaudi.org Exaudi: informa, forma e trasforma.\",\"sameAs\":[\"https:\\\/\\\/www.facebook.com\\\/ExaudiNotizie\\\/\",\"https:\\\/\\\/www.instagram.com\\\/Exaudi_notizie\\\/\",\"https:\\\/\\\/x.com\\\/Exaudi_Notizie\",\"https:\\\/\\\/www.youtube.com\\\/@exaudicatholicnews\"],\"url\":\"https:\\\/\\\/exaudi.org\\\/it\\\/author\\\/dlvedi-org\\\/\"}]}<\/script>\n<!-- \/ Yoast SEO plugin. -->","yoast_head_json":{"title":"\"Scienza per la pace\", il saluto di Francesco &#8211; Exaudi","description":"Si tiene oggi e domani il meeting internazionale \"La scienza per la pace\" promosso da diocesi e Universit\u00e0 di Teramo. Il messaggio del Papa","robots":{"index":"index","follow":"follow","max-snippet":"max-snippet:-1","max-image-preview":"max-image-preview:large","max-video-preview":"max-video-preview:-1"},"canonical":"https:\/\/exaudi.org\/it\/scienza-per-la-pace-il-saluto-di-francesco\/","og_locale":"it_IT","og_type":"article","og_title":"\"Scienza per la pace\", il saluto di Francesco &#8211; Exaudi","og_description":"Si tiene oggi e domani il meeting internazionale \"La scienza per la pace\" promosso da diocesi e Universit\u00e0 di Teramo. Il messaggio del Papa","og_url":"https:\/\/exaudi.org\/it\/scienza-per-la-pace-il-saluto-di-francesco\/","og_site_name":"Exaudi","article_publisher":"https:\/\/www.facebook.com\/ExaudiNews","article_author":"https:\/\/www.facebook.com\/ExaudiNotizie\/","article_published_time":"2021-07-02T08:25:06+00:00","og_image":[{"width":898,"height":522,"url":"https:\/\/exaudi.org\/wp-content\/uploads\/2021\/07\/San-Gabriele.jpeg","type":"image\/jpeg"}],"author":"Exaudi Redazione","twitter_card":"summary_large_image","twitter_creator":"@Exaudi_Notizie","twitter_site":"@Exaudi_News","twitter_misc":{"Scritto da":"Exaudi Redazione","Tempo di lettura stimato":"3 minuti"},"schema":{"@context":"https:\/\/schema.org","@graph":[{"@type":"Article","@id":"https:\/\/exaudi.org\/it\/scienza-per-la-pace-il-saluto-di-francesco\/#article","isPartOf":{"@id":"https:\/\/exaudi.org\/it\/scienza-per-la-pace-il-saluto-di-francesco\/"},"author":{"name":"Exaudi Redazione","@id":"https:\/\/exaudi.org\/#\/schema\/person\/e1ab6ed07c01774724dd96f925f3a5f0"},"headline":"&#8220;Scienza per la pace&#8221;, il saluto di Francesco","datePublished":"2021-07-02T08:25:06+00:00","mainEntityOfPage":{"@id":"https:\/\/exaudi.org\/it\/scienza-per-la-pace-il-saluto-di-francesco\/"},"wordCount":690,"image":{"@id":"https:\/\/exaudi.org\/it\/scienza-per-la-pace-il-saluto-di-francesco\/#primaryimage"},"thumbnailUrl":"https:\/\/exaudi.org\/wp-content\/uploads\/2021\/07\/San-Gabriele.jpeg","keywords":["Featured","pace","Papa Francesco","San Gabriele","scienza","Teramo","Zichichi"],"articleSection":["Leone XIV","Messaggi","Ultime Notizie"],"inLanguage":"it-IT"},{"@type":"WebPage","@id":"https:\/\/exaudi.org\/it\/scienza-per-la-pace-il-saluto-di-francesco\/","url":"https:\/\/exaudi.org\/it\/scienza-per-la-pace-il-saluto-di-francesco\/","name":"\"Scienza per la pace\", il saluto di Francesco &#8211; Exaudi","isPartOf":{"@id":"https:\/\/exaudi.org\/#website"},"primaryImageOfPage":{"@id":"https:\/\/exaudi.org\/it\/scienza-per-la-pace-il-saluto-di-francesco\/#primaryimage"},"image":{"@id":"https:\/\/exaudi.org\/it\/scienza-per-la-pace-il-saluto-di-francesco\/#primaryimage"},"thumbnailUrl":"https:\/\/exaudi.org\/wp-content\/uploads\/2021\/07\/San-Gabriele.jpeg","datePublished":"2021-07-02T08:25:06+00:00","author":{"@id":"https:\/\/exaudi.org\/#\/schema\/person\/e1ab6ed07c01774724dd96f925f3a5f0"},"description":"Si tiene oggi e domani il meeting internazionale \"La scienza per la pace\" promosso da diocesi e Universit\u00e0 di Teramo. Il messaggio del Papa","breadcrumb":{"@id":"https:\/\/exaudi.org\/it\/scienza-per-la-pace-il-saluto-di-francesco\/#breadcrumb"},"inLanguage":"it-IT","potentialAction":[{"@type":"ReadAction","target":["https:\/\/exaudi.org\/it\/scienza-per-la-pace-il-saluto-di-francesco\/"]}]},{"@type":"ImageObject","inLanguage":"it-IT","@id":"https:\/\/exaudi.org\/it\/scienza-per-la-pace-il-saluto-di-francesco\/#primaryimage","url":"https:\/\/exaudi.org\/wp-content\/uploads\/2021\/07\/San-Gabriele.jpeg","contentUrl":"https:\/\/exaudi.org\/wp-content\/uploads\/2021\/07\/San-Gabriele.jpeg","width":898,"height":522,"caption":"Il santuario di San Gabriele con la cima del Gran Sasso sullo sfondo"},{"@type":"BreadcrumbList","@id":"https:\/\/exaudi.org\/it\/scienza-per-la-pace-il-saluto-di-francesco\/#breadcrumb","itemListElement":[{"@type":"ListItem","position":1,"name":"Portada","item":"https:\/\/exaudi.org\/it\/"},{"@type":"ListItem","position":2,"name":"&#8220;Scienza per la pace&#8221;, il saluto di Francesco"}]},{"@type":"WebSite","@id":"https:\/\/exaudi.org\/#website","url":"https:\/\/exaudi.org\/","name":"Exaudi","description":"News","potentialAction":[{"@type":"SearchAction","target":{"@type":"EntryPoint","urlTemplate":"https:\/\/exaudi.org\/?s={search_term_string}"},"query-input":{"@type":"PropertyValueSpecification","valueRequired":true,"valueName":"search_term_string"}}],"inLanguage":"it-IT"},{"@type":"Person","@id":"https:\/\/exaudi.org\/#\/schema\/person\/e1ab6ed07c01774724dd96f925f3a5f0","name":"Exaudi Redazione","image":{"@type":"ImageObject","inLanguage":"it-IT","@id":"https:\/\/secure.gravatar.com\/avatar\/ad6774b3ada023bf5b939d64f45c94b3adf91502dd883507d469b4308a943bb3?s=96&d=mm&r=g","url":"https:\/\/secure.gravatar.com\/avatar\/ad6774b3ada023bf5b939d64f45c94b3adf91502dd883507d469b4308a943bb3?s=96&d=mm&r=g","contentUrl":"https:\/\/secure.gravatar.com\/avatar\/ad6774b3ada023bf5b939d64f45c94b3adf91502dd883507d469b4308a943bb3?s=96&d=mm&r=g","caption":"Exaudi Redazione"},"description":"Che cosa \u00e8 Exaudi News? Exaudi News \u00e8 un agenzia cattolica internazionale che informa, istruisce e trasforma quotidianamente in spagnolo, inglese e italiano. Attraverso notizie, articoli di analisi e trasmissioni in diretta degli eventi del Papa, Exaudi cerca di rafforzare l'unit\u00e0 dei cristiani e di contribuire all'evangelizzazione del mondo, sempre guidato dalla dottrina sociale della Chiesa. Lavoriamo per portare la verit\u00e0 e i valori cristiani in ogni angolo del pianeta. Aiutaci a trasformare il mondo con Exaudi! Noi di Exaudi crediamo che l'evangelizzazione e l'informazione di qualit\u00e0 possano cambiare la vita. Per continuare la nostra missione ed espandere la nostra portata, abbiamo bisogno del tuo aiuto. Stiamo anche cercando persone motivate che vogliano unirsi al nostro team. Grazie al vostro sostegno raggiungeremo pi\u00f9 persone, diffonderemo il messaggio di Cristo e rafforzeremo l'unit\u00e0 dei cristiani. Vuoi unirti alla nostra missione? Per maggiori informazioni su come contribuire, visita Exaudi.org\/it o contattaci direttamente: info@exaudi.org Exaudi: informa, forma e trasforma.","sameAs":["https:\/\/www.facebook.com\/ExaudiNotizie\/","https:\/\/www.instagram.com\/Exaudi_notizie\/","https:\/\/x.com\/Exaudi_Notizie","https:\/\/www.youtube.com\/@exaudicatholicnews"],"url":"https:\/\/exaudi.org\/it\/author\/dlvedi-org\/"}]}},"jetpack_featured_media_url":"https:\/\/exaudi.org\/wp-content\/uploads\/2021\/07\/San-Gabriele.jpeg","jetpack_shortlink":"https:\/\/wp.me\/pgKjF2-6FU","_links":{"self":[{"href":"https:\/\/exaudi.org\/it\/wp-json\/wp\/v2\/posts\/25662","targetHints":{"allow":["GET"]}}],"collection":[{"href":"https:\/\/exaudi.org\/it\/wp-json\/wp\/v2\/posts"}],"about":[{"href":"https:\/\/exaudi.org\/it\/wp-json\/wp\/v2\/types\/post"}],"author":[{"embeddable":true,"href":"https:\/\/exaudi.org\/it\/wp-json\/wp\/v2\/users\/17"}],"replies":[{"embeddable":true,"href":"https:\/\/exaudi.org\/it\/wp-json\/wp\/v2\/comments?post=25662"}],"version-history":[{"count":0,"href":"https:\/\/exaudi.org\/it\/wp-json\/wp\/v2\/posts\/25662\/revisions"}],"wp:featuredmedia":[{"embeddable":true,"href":"https:\/\/exaudi.org\/it\/wp-json\/wp\/v2\/media\/25669"}],"wp:attachment":[{"href":"https:\/\/exaudi.org\/it\/wp-json\/wp\/v2\/media?parent=25662"}],"wp:term":[{"taxonomy":"category","embeddable":true,"href":"https:\/\/exaudi.org\/it\/wp-json\/wp\/v2\/categories?post=25662"},{"taxonomy":"post_tag","embeddable":true,"href":"https:\/\/exaudi.org\/it\/wp-json\/wp\/v2\/tags?post=25662"}],"curies":[{"name":"wp","href":"https:\/\/api.w.org\/{rel}","templated":true}]}}