{"id":25317,"date":"2021-06-30T17:38:27","date_gmt":"2021-06-30T15:38:27","guid":{"rendered":"https:\/\/exaudi.org\/?p=25317"},"modified":"2021-06-30T17:38:27","modified_gmt":"2021-06-30T15:38:27","slug":"l-amicizia-sociale-antidoto-a-conflitti-e-populismi","status":"publish","type":"post","link":"https:\/\/exaudi.org\/it\/l-amicizia-sociale-antidoto-a-conflitti-e-populismi\/","title":{"rendered":"L&#8217;amicizia sociale antidoto a conflitti e populismi"},"content":{"rendered":"<p>Nel Video del Papa del mese di luglio l\u2019intenzione di preghiera diffusa attraverso la Rete Mondiale di Preghiera del Papa riguarda \u201cL\u2019amicizia sociale, via proposta per un mondo malato nell\u2019enciclica Fratelli Tutti\u201d. \u201cPreghiamo affinch\u00e9, nelle situazioni sociali, economiche e politiche conflittuali, siamo coraggiosi e appassionati artefici del dialogo e dell&#8217;amicizia\u201d.<\/p>\n<p>Nel suo breve messaggio, il S. Padre afferma: \u201cLa Bibbia dice che chi trova un amico trova un tesoro. Vorrei proporre a tutti di andare oltre i gruppi di amici e di costruire l&#8217;amicizia sociale tanto necessaria per la buona convivenza. Ritrovarci soprattutto con i pi\u00f9 poveri e vulnerabili. Quelli che vivono nelle periferie. Allontanarci dai populismi che sfruttano l&#8217;angoscia del popolo senza dare soluzioni, proponendo una mistica che non risolve nulla.<\/p>\n<h4>Fuggire dalla polarizzazione<\/h4>\n<p>Fuggire dall&#8217;inimicizia sociale, che distrugge soltanto, e uscire dalla \u201cpolarizzazione\u201d. E questo non \u00e8 sempre facile, soprattutto oggi, quando una parte della politica, della societ\u00e0 e dei media si impegna a creare nemici per poi sconfiggerli in un gioco di potere. Il dialogo \u00e8 il cammino per guardare la realt\u00e0 in modo nuovo, per vivere con passione le sfide nella costruzione del bene comune. Preghiamo affinch\u00e9, nelle situazioni sociali, economiche e politiche conflittuali, siamo coraggiosi e appassionati artefici del dialogo e dell&#8217;amicizia, uomini e donne che tendono sempre la mano, e perch\u00e9 non ci sia pi\u00f9 spazio per l\u2019inimicizia e la guerra\u201d.<\/p>\n<p>Papa Francesco chiede dunque di pregare per costruire il bene comune con uomini e donne che si tendono la mano a vicenda, restando sempre al fianco dei pi\u00f9 poveri e vulnerabili. Anche se in generale si pu\u00f2 dire che a livello mondiale il numero di morti nelle guerre sia diminuito dal 1946, i conflitti e la violenza all\u2019interno delle societ\u00e0 sono pi\u00f9 presenti che mai. E per quanto tutto ci\u00f2 non degeneri sempre in scontri fisici, si pu\u00f2 comunque constatare una polarizzazione crescente che finisce per contaminare molti rapporti.<\/p>\n<p>Il Papa lo diceva gi\u00e0 nel 2016: \u201cVediamo, ad esempio, come rapidamente chi sta accanto a noi non solo possiede lo status di sconosciuto o di immigrante o di rifugiato, ma diventa una minaccia, acquista lo status di nemico\u201d. Fin da allora vedeva con preoccupazione come la polarizzazione e l\u2019inimicizia fossero un \u201cvirus\u201d che invadeva il nostro modo di pensare, di sentire e di agire.<\/p>\n<p>E contro questo pericoloso modo di fare politica, occorre un\u2019amicizia che pu\u00f2 servirci come ponte per continuare a creare una cultura dell\u2019incontro e che ci avvicina, soprattutto, a chi \u00e8 nelle periferie, ai pi\u00f9 poveri e vulnerabili.<\/p>\n<h4>Dialogare per costruire il bene comune<\/h4>\n<p>Nell&#8217;enciclica, Fratelli tutti, il Papa ha dedicato il sesto capitolo al tema \u201cDialogo e amicizia sociale\u201d: \u201cL\u2019autentico dialogo sociale presuppone la capacit\u00e0 di rispettare il punto di vista dell\u2019altro, accettando la possibilit\u00e0 che contenga delle convinzioni o degli interessi legittimi\u201d. Nella sua intenzione di preghiera di luglio, il Pontefice rafforza questa idea rivendicando il dialogo come grande opportunit\u00e0 \u201cper guardare la realt\u00e0 in modo nuovo, per vivere con passione le sfide nella costruzione del bene comune\u201d.<\/p>\n<p>Tendere al dialogo significa rompere con la logica della polarizzazione per fare spazio al rispetto, senza voler distruggere l\u2019altro. Nelle differenze pu\u00f2 esserci ricchezza, ma se non c\u2019\u00e8 dialogo si corre il rischio che queste stesse differenze si trasformino in ostilit\u00e0, minaccia e violenza. \u201cProveniamo da terre lontane, abbiamo usanze, colore della pelle, lingue e condizioni sociali diversi; pensiamo in modo diverso e celebriamo anche la fede con riti diversi. E niente di tutto questo ci rende nemici, al contrario, \u00e8 una delle nostre pi\u00f9 grandi ricchezze\u201d, ha detto il Papa qualche anno fa.<\/p>\n<h4>Uomini e donne artefici di dialogo e di amicizia<\/h4>\n<p>Il gesuita Fr\u00e9d\u00e9ric Fornos, direttore internazionale della <a href=\"https:\/\/www.popesprayer.va\/it\/\">Rete Mondiale di Preghiera del Papa<\/a>, ha osservato che questa intenzione \u201cevidenzia il desiderio del Santo Padre di riuscire a \u2018far rinascere tra tutti un\u2019aspirazione mondiale alla fraternit\u00e0\u2019. Il dialogo \u2013 quello autentico, non i monologhi paralleli \u2013 deve essere il nostro primo strumento di risoluzione dei conflitti sociali, economici e politici. Tutti gli studi accademici internazionali mostrano che la polarizzazione \u00e8 aumentata molto negli ultimi anni, anche nelle democrazie pi\u00f9 solide.<\/p>\n<p>Per questo la richiesta di Francesco di essere artefici di amicizia e di riconciliazione \u00e8 ancora pi\u00f9 urgente nel mondo di oggi, in cui \u2013 come ha ricordato Benedetto XVI nella sua enciclica Caritas in veritate \u2013 la societ\u00e0 sempre pi\u00f9 globalizzata ci rende pi\u00f9 vicini, ma non pi\u00f9 fratelli. Dipende tutto da noi, e per questo bisogna pregare per questa intenzione. Chiediamo a Ges\u00f9 di aiutarci in questo cammino: \u00e8 Lui la via per la vera amicizia sociale\u201d.<\/p>\n<p>&nbsp;<\/p>\n","protected":false},"excerpt":{"rendered":"<p>L&#8217;intenzione di preghiera del Video del Papa per il mese di luglio<\/p>\n","protected":false},"author":17,"featured_media":25318,"comment_status":"closed","ping_status":"closed","sticky":false,"template":"","format":"standard","meta":{"_acf_changed":false,"_crdt_document":"","inline_featured_image":false,"footnotes":""},"categories":[67,297],"tags":[3147,2487,473,251,3148],"class_list":["post-25317","post","type-post","status-publish","format-standard","has-post-thumbnail","hentry","category-leone-xiv","category-ultime-notizie","tag-amicizia","tag-featured-3","tag-fratelli-tutti","tag-papa-francesco","tag-populismo"],"acf":[],"yoast_head":"<!-- This site is optimized with the Yoast SEO plugin v27.5 - https:\/\/yoast.com\/product\/yoast-seo-wordpress\/ -->\n<title>L&#039;amicizia sociale antidoto a conflitti e populismi &#8211; Exaudi<\/title>\n<meta name=\"description\" content=\"Nel Video del Papa del mese di luglio l&#039;intenzione di preghiera riguarda l&#039;amicizia sociale come antidoto a conflitti e populismi\" \/>\n<meta name=\"robots\" content=\"index, follow, max-snippet:-1, max-image-preview:large, max-video-preview:-1\" \/>\n<link rel=\"canonical\" href=\"https:\/\/exaudi.org\/it\/l-amicizia-sociale-antidoto-a-conflitti-e-populismi\/\" \/>\n<meta property=\"og:locale\" content=\"it_IT\" \/>\n<meta property=\"og:type\" content=\"article\" \/>\n<meta property=\"og:title\" content=\"L&#039;amicizia sociale antidoto a conflitti e populismi &#8211; Exaudi\" \/>\n<meta property=\"og:description\" content=\"Nel Video del Papa del mese di luglio l&#039;intenzione di preghiera riguarda l&#039;amicizia sociale come antidoto a conflitti e populismi\" \/>\n<meta property=\"og:url\" content=\"https:\/\/exaudi.org\/it\/l-amicizia-sociale-antidoto-a-conflitti-e-populismi\/\" \/>\n<meta property=\"og:site_name\" content=\"Exaudi\" \/>\n<meta property=\"article:publisher\" content=\"https:\/\/www.facebook.com\/ExaudiNews\" \/>\n<meta property=\"article:author\" content=\"https:\/\/www.facebook.com\/ExaudiNotizie\/\" \/>\n<meta property=\"article:published_time\" content=\"2021-06-30T15:38:27+00:00\" \/>\n<meta property=\"og:image\" content=\"https:\/\/exaudi.org\/wp-content\/uploads\/2021\/06\/amicizia-sociale.jpg\" \/>\n\t<meta property=\"og:image:width\" content=\"889\" \/>\n\t<meta property=\"og:image:height\" content=\"501\" \/>\n\t<meta property=\"og:image:type\" content=\"image\/jpeg\" \/>\n<meta name=\"author\" content=\"Exaudi Redazione\" \/>\n<meta name=\"twitter:card\" content=\"summary_large_image\" \/>\n<meta name=\"twitter:creator\" content=\"@Exaudi_Notizie\" \/>\n<meta name=\"twitter:site\" content=\"@Exaudi_News\" \/>\n<meta name=\"twitter:label1\" content=\"Scritto da\" \/>\n\t<meta name=\"twitter:data1\" content=\"Exaudi Redazione\" \/>\n\t<meta name=\"twitter:label2\" content=\"Tempo di lettura stimato\" \/>\n\t<meta name=\"twitter:data2\" content=\"4 minuti\" \/>\n<script type=\"application\/ld+json\" class=\"yoast-schema-graph\">{\"@context\":\"https:\\\/\\\/schema.org\",\"@graph\":[{\"@type\":\"Article\",\"@id\":\"https:\\\/\\\/exaudi.org\\\/it\\\/l-amicizia-sociale-antidoto-a-conflitti-e-populismi\\\/#article\",\"isPartOf\":{\"@id\":\"https:\\\/\\\/exaudi.org\\\/it\\\/l-amicizia-sociale-antidoto-a-conflitti-e-populismi\\\/\"},\"author\":{\"name\":\"Exaudi Redazione\",\"@id\":\"https:\\\/\\\/exaudi.org\\\/#\\\/schema\\\/person\\\/e1ab6ed07c01774724dd96f925f3a5f0\"},\"headline\":\"L&#8217;amicizia sociale antidoto a conflitti e populismi\",\"datePublished\":\"2021-06-30T15:38:27+00:00\",\"mainEntityOfPage\":{\"@id\":\"https:\\\/\\\/exaudi.org\\\/it\\\/l-amicizia-sociale-antidoto-a-conflitti-e-populismi\\\/\"},\"wordCount\":777,\"image\":{\"@id\":\"https:\\\/\\\/exaudi.org\\\/it\\\/l-amicizia-sociale-antidoto-a-conflitti-e-populismi\\\/#primaryimage\"},\"thumbnailUrl\":\"https:\\\/\\\/exaudi.org\\\/wp-content\\\/uploads\\\/2021\\\/06\\\/amicizia-sociale.jpg\",\"keywords\":[\"amicizia\",\"Featured\",\"Fratelli Tutti\",\"Papa Francesco\",\"populismo\"],\"articleSection\":[\"Leone XIV\",\"Ultime Notizie\"],\"inLanguage\":\"it-IT\"},{\"@type\":\"WebPage\",\"@id\":\"https:\\\/\\\/exaudi.org\\\/it\\\/l-amicizia-sociale-antidoto-a-conflitti-e-populismi\\\/\",\"url\":\"https:\\\/\\\/exaudi.org\\\/it\\\/l-amicizia-sociale-antidoto-a-conflitti-e-populismi\\\/\",\"name\":\"L'amicizia sociale antidoto a conflitti e populismi &#8211; Exaudi\",\"isPartOf\":{\"@id\":\"https:\\\/\\\/exaudi.org\\\/#website\"},\"primaryImageOfPage\":{\"@id\":\"https:\\\/\\\/exaudi.org\\\/it\\\/l-amicizia-sociale-antidoto-a-conflitti-e-populismi\\\/#primaryimage\"},\"image\":{\"@id\":\"https:\\\/\\\/exaudi.org\\\/it\\\/l-amicizia-sociale-antidoto-a-conflitti-e-populismi\\\/#primaryimage\"},\"thumbnailUrl\":\"https:\\\/\\\/exaudi.org\\\/wp-content\\\/uploads\\\/2021\\\/06\\\/amicizia-sociale.jpg\",\"datePublished\":\"2021-06-30T15:38:27+00:00\",\"author\":{\"@id\":\"https:\\\/\\\/exaudi.org\\\/#\\\/schema\\\/person\\\/e1ab6ed07c01774724dd96f925f3a5f0\"},\"description\":\"Nel Video del Papa del mese di luglio l'intenzione di preghiera riguarda l'amicizia sociale come antidoto a conflitti e populismi\",\"breadcrumb\":{\"@id\":\"https:\\\/\\\/exaudi.org\\\/it\\\/l-amicizia-sociale-antidoto-a-conflitti-e-populismi\\\/#breadcrumb\"},\"inLanguage\":\"it-IT\",\"potentialAction\":[{\"@type\":\"ReadAction\",\"target\":[\"https:\\\/\\\/exaudi.org\\\/it\\\/l-amicizia-sociale-antidoto-a-conflitti-e-populismi\\\/\"]}]},{\"@type\":\"ImageObject\",\"inLanguage\":\"it-IT\",\"@id\":\"https:\\\/\\\/exaudi.org\\\/it\\\/l-amicizia-sociale-antidoto-a-conflitti-e-populismi\\\/#primaryimage\",\"url\":\"https:\\\/\\\/exaudi.org\\\/wp-content\\\/uploads\\\/2021\\\/06\\\/amicizia-sociale.jpg\",\"contentUrl\":\"https:\\\/\\\/exaudi.org\\\/wp-content\\\/uploads\\\/2021\\\/06\\\/amicizia-sociale.jpg\",\"width\":889,\"height\":501,\"caption\":\"amicizia\"},{\"@type\":\"BreadcrumbList\",\"@id\":\"https:\\\/\\\/exaudi.org\\\/it\\\/l-amicizia-sociale-antidoto-a-conflitti-e-populismi\\\/#breadcrumb\",\"itemListElement\":[{\"@type\":\"ListItem\",\"position\":1,\"name\":\"Portada\",\"item\":\"https:\\\/\\\/exaudi.org\\\/it\\\/\"},{\"@type\":\"ListItem\",\"position\":2,\"name\":\"L&#8217;amicizia sociale antidoto a conflitti e populismi\"}]},{\"@type\":\"WebSite\",\"@id\":\"https:\\\/\\\/exaudi.org\\\/#website\",\"url\":\"https:\\\/\\\/exaudi.org\\\/\",\"name\":\"Exaudi\",\"description\":\"News\",\"potentialAction\":[{\"@type\":\"SearchAction\",\"target\":{\"@type\":\"EntryPoint\",\"urlTemplate\":\"https:\\\/\\\/exaudi.org\\\/?s={search_term_string}\"},\"query-input\":{\"@type\":\"PropertyValueSpecification\",\"valueRequired\":true,\"valueName\":\"search_term_string\"}}],\"inLanguage\":\"it-IT\"},{\"@type\":\"Person\",\"@id\":\"https:\\\/\\\/exaudi.org\\\/#\\\/schema\\\/person\\\/e1ab6ed07c01774724dd96f925f3a5f0\",\"name\":\"Exaudi Redazione\",\"image\":{\"@type\":\"ImageObject\",\"inLanguage\":\"it-IT\",\"@id\":\"https:\\\/\\\/secure.gravatar.com\\\/avatar\\\/ad6774b3ada023bf5b939d64f45c94b3adf91502dd883507d469b4308a943bb3?s=96&d=mm&r=g\",\"url\":\"https:\\\/\\\/secure.gravatar.com\\\/avatar\\\/ad6774b3ada023bf5b939d64f45c94b3adf91502dd883507d469b4308a943bb3?s=96&d=mm&r=g\",\"contentUrl\":\"https:\\\/\\\/secure.gravatar.com\\\/avatar\\\/ad6774b3ada023bf5b939d64f45c94b3adf91502dd883507d469b4308a943bb3?s=96&d=mm&r=g\",\"caption\":\"Exaudi Redazione\"},\"description\":\"Che cosa \u00e8 Exaudi News? Exaudi News \u00e8 un agenzia cattolica internazionale che informa, istruisce e trasforma quotidianamente in spagnolo, inglese e italiano. Attraverso notizie, articoli di analisi e trasmissioni in diretta degli eventi del Papa, Exaudi cerca di rafforzare l'unit\u00e0 dei cristiani e di contribuire all'evangelizzazione del mondo, sempre guidato dalla dottrina sociale della Chiesa. Lavoriamo per portare la verit\u00e0 e i valori cristiani in ogni angolo del pianeta. Aiutaci a trasformare il mondo con Exaudi! Noi di Exaudi crediamo che l'evangelizzazione e l'informazione di qualit\u00e0 possano cambiare la vita. Per continuare la nostra missione ed espandere la nostra portata, abbiamo bisogno del tuo aiuto. Stiamo anche cercando persone motivate che vogliano unirsi al nostro team. Grazie al vostro sostegno raggiungeremo pi\u00f9 persone, diffonderemo il messaggio di Cristo e rafforzeremo l'unit\u00e0 dei cristiani. Vuoi unirti alla nostra missione? Per maggiori informazioni su come contribuire, visita Exaudi.org\\\/it o contattaci direttamente: info@exaudi.org Exaudi: informa, forma e trasforma.\",\"sameAs\":[\"https:\\\/\\\/www.facebook.com\\\/ExaudiNotizie\\\/\",\"https:\\\/\\\/www.instagram.com\\\/Exaudi_notizie\\\/\",\"https:\\\/\\\/x.com\\\/Exaudi_Notizie\",\"https:\\\/\\\/www.youtube.com\\\/@exaudicatholicnews\"],\"url\":\"https:\\\/\\\/exaudi.org\\\/it\\\/author\\\/dlvedi-org\\\/\"}]}<\/script>\n<!-- \/ Yoast SEO plugin. -->","yoast_head_json":{"title":"L'amicizia sociale antidoto a conflitti e populismi &#8211; Exaudi","description":"Nel Video del Papa del mese di luglio l'intenzione di preghiera riguarda l'amicizia sociale come antidoto a conflitti e populismi","robots":{"index":"index","follow":"follow","max-snippet":"max-snippet:-1","max-image-preview":"max-image-preview:large","max-video-preview":"max-video-preview:-1"},"canonical":"https:\/\/exaudi.org\/it\/l-amicizia-sociale-antidoto-a-conflitti-e-populismi\/","og_locale":"it_IT","og_type":"article","og_title":"L'amicizia sociale antidoto a conflitti e populismi &#8211; Exaudi","og_description":"Nel Video del Papa del mese di luglio l'intenzione di preghiera riguarda l'amicizia sociale come antidoto a conflitti e populismi","og_url":"https:\/\/exaudi.org\/it\/l-amicizia-sociale-antidoto-a-conflitti-e-populismi\/","og_site_name":"Exaudi","article_publisher":"https:\/\/www.facebook.com\/ExaudiNews","article_author":"https:\/\/www.facebook.com\/ExaudiNotizie\/","article_published_time":"2021-06-30T15:38:27+00:00","og_image":[{"width":889,"height":501,"url":"https:\/\/exaudi.org\/wp-content\/uploads\/2021\/06\/amicizia-sociale.jpg","type":"image\/jpeg"}],"author":"Exaudi Redazione","twitter_card":"summary_large_image","twitter_creator":"@Exaudi_Notizie","twitter_site":"@Exaudi_News","twitter_misc":{"Scritto da":"Exaudi Redazione","Tempo di lettura stimato":"4 minuti"},"schema":{"@context":"https:\/\/schema.org","@graph":[{"@type":"Article","@id":"https:\/\/exaudi.org\/it\/l-amicizia-sociale-antidoto-a-conflitti-e-populismi\/#article","isPartOf":{"@id":"https:\/\/exaudi.org\/it\/l-amicizia-sociale-antidoto-a-conflitti-e-populismi\/"},"author":{"name":"Exaudi Redazione","@id":"https:\/\/exaudi.org\/#\/schema\/person\/e1ab6ed07c01774724dd96f925f3a5f0"},"headline":"L&#8217;amicizia sociale antidoto a conflitti e populismi","datePublished":"2021-06-30T15:38:27+00:00","mainEntityOfPage":{"@id":"https:\/\/exaudi.org\/it\/l-amicizia-sociale-antidoto-a-conflitti-e-populismi\/"},"wordCount":777,"image":{"@id":"https:\/\/exaudi.org\/it\/l-amicizia-sociale-antidoto-a-conflitti-e-populismi\/#primaryimage"},"thumbnailUrl":"https:\/\/exaudi.org\/wp-content\/uploads\/2021\/06\/amicizia-sociale.jpg","keywords":["amicizia","Featured","Fratelli Tutti","Papa Francesco","populismo"],"articleSection":["Leone XIV","Ultime Notizie"],"inLanguage":"it-IT"},{"@type":"WebPage","@id":"https:\/\/exaudi.org\/it\/l-amicizia-sociale-antidoto-a-conflitti-e-populismi\/","url":"https:\/\/exaudi.org\/it\/l-amicizia-sociale-antidoto-a-conflitti-e-populismi\/","name":"L'amicizia sociale antidoto a conflitti e populismi &#8211; Exaudi","isPartOf":{"@id":"https:\/\/exaudi.org\/#website"},"primaryImageOfPage":{"@id":"https:\/\/exaudi.org\/it\/l-amicizia-sociale-antidoto-a-conflitti-e-populismi\/#primaryimage"},"image":{"@id":"https:\/\/exaudi.org\/it\/l-amicizia-sociale-antidoto-a-conflitti-e-populismi\/#primaryimage"},"thumbnailUrl":"https:\/\/exaudi.org\/wp-content\/uploads\/2021\/06\/amicizia-sociale.jpg","datePublished":"2021-06-30T15:38:27+00:00","author":{"@id":"https:\/\/exaudi.org\/#\/schema\/person\/e1ab6ed07c01774724dd96f925f3a5f0"},"description":"Nel Video del Papa del mese di luglio l'intenzione di preghiera riguarda l'amicizia sociale come antidoto a conflitti e populismi","breadcrumb":{"@id":"https:\/\/exaudi.org\/it\/l-amicizia-sociale-antidoto-a-conflitti-e-populismi\/#breadcrumb"},"inLanguage":"it-IT","potentialAction":[{"@type":"ReadAction","target":["https:\/\/exaudi.org\/it\/l-amicizia-sociale-antidoto-a-conflitti-e-populismi\/"]}]},{"@type":"ImageObject","inLanguage":"it-IT","@id":"https:\/\/exaudi.org\/it\/l-amicizia-sociale-antidoto-a-conflitti-e-populismi\/#primaryimage","url":"https:\/\/exaudi.org\/wp-content\/uploads\/2021\/06\/amicizia-sociale.jpg","contentUrl":"https:\/\/exaudi.org\/wp-content\/uploads\/2021\/06\/amicizia-sociale.jpg","width":889,"height":501,"caption":"amicizia"},{"@type":"BreadcrumbList","@id":"https:\/\/exaudi.org\/it\/l-amicizia-sociale-antidoto-a-conflitti-e-populismi\/#breadcrumb","itemListElement":[{"@type":"ListItem","position":1,"name":"Portada","item":"https:\/\/exaudi.org\/it\/"},{"@type":"ListItem","position":2,"name":"L&#8217;amicizia sociale antidoto a conflitti e populismi"}]},{"@type":"WebSite","@id":"https:\/\/exaudi.org\/#website","url":"https:\/\/exaudi.org\/","name":"Exaudi","description":"News","potentialAction":[{"@type":"SearchAction","target":{"@type":"EntryPoint","urlTemplate":"https:\/\/exaudi.org\/?s={search_term_string}"},"query-input":{"@type":"PropertyValueSpecification","valueRequired":true,"valueName":"search_term_string"}}],"inLanguage":"it-IT"},{"@type":"Person","@id":"https:\/\/exaudi.org\/#\/schema\/person\/e1ab6ed07c01774724dd96f925f3a5f0","name":"Exaudi Redazione","image":{"@type":"ImageObject","inLanguage":"it-IT","@id":"https:\/\/secure.gravatar.com\/avatar\/ad6774b3ada023bf5b939d64f45c94b3adf91502dd883507d469b4308a943bb3?s=96&d=mm&r=g","url":"https:\/\/secure.gravatar.com\/avatar\/ad6774b3ada023bf5b939d64f45c94b3adf91502dd883507d469b4308a943bb3?s=96&d=mm&r=g","contentUrl":"https:\/\/secure.gravatar.com\/avatar\/ad6774b3ada023bf5b939d64f45c94b3adf91502dd883507d469b4308a943bb3?s=96&d=mm&r=g","caption":"Exaudi Redazione"},"description":"Che cosa \u00e8 Exaudi News? Exaudi News \u00e8 un agenzia cattolica internazionale che informa, istruisce e trasforma quotidianamente in spagnolo, inglese e italiano. Attraverso notizie, articoli di analisi e trasmissioni in diretta degli eventi del Papa, Exaudi cerca di rafforzare l'unit\u00e0 dei cristiani e di contribuire all'evangelizzazione del mondo, sempre guidato dalla dottrina sociale della Chiesa. Lavoriamo per portare la verit\u00e0 e i valori cristiani in ogni angolo del pianeta. Aiutaci a trasformare il mondo con Exaudi! Noi di Exaudi crediamo che l'evangelizzazione e l'informazione di qualit\u00e0 possano cambiare la vita. Per continuare la nostra missione ed espandere la nostra portata, abbiamo bisogno del tuo aiuto. Stiamo anche cercando persone motivate che vogliano unirsi al nostro team. Grazie al vostro sostegno raggiungeremo pi\u00f9 persone, diffonderemo il messaggio di Cristo e rafforzeremo l'unit\u00e0 dei cristiani. Vuoi unirti alla nostra missione? Per maggiori informazioni su come contribuire, visita Exaudi.org\/it o contattaci direttamente: info@exaudi.org Exaudi: informa, forma e trasforma.","sameAs":["https:\/\/www.facebook.com\/ExaudiNotizie\/","https:\/\/www.instagram.com\/Exaudi_notizie\/","https:\/\/x.com\/Exaudi_Notizie","https:\/\/www.youtube.com\/@exaudicatholicnews"],"url":"https:\/\/exaudi.org\/it\/author\/dlvedi-org\/"}]}},"jetpack_featured_media_url":"https:\/\/exaudi.org\/wp-content\/uploads\/2021\/06\/amicizia-sociale.jpg","jetpack_shortlink":"https:\/\/wp.me\/pgKjF2-6Al","_links":{"self":[{"href":"https:\/\/exaudi.org\/it\/wp-json\/wp\/v2\/posts\/25317","targetHints":{"allow":["GET"]}}],"collection":[{"href":"https:\/\/exaudi.org\/it\/wp-json\/wp\/v2\/posts"}],"about":[{"href":"https:\/\/exaudi.org\/it\/wp-json\/wp\/v2\/types\/post"}],"author":[{"embeddable":true,"href":"https:\/\/exaudi.org\/it\/wp-json\/wp\/v2\/users\/17"}],"replies":[{"embeddable":true,"href":"https:\/\/exaudi.org\/it\/wp-json\/wp\/v2\/comments?post=25317"}],"version-history":[{"count":0,"href":"https:\/\/exaudi.org\/it\/wp-json\/wp\/v2\/posts\/25317\/revisions"}],"wp:featuredmedia":[{"embeddable":true,"href":"https:\/\/exaudi.org\/it\/wp-json\/wp\/v2\/media\/25318"}],"wp:attachment":[{"href":"https:\/\/exaudi.org\/it\/wp-json\/wp\/v2\/media?parent=25317"}],"wp:term":[{"taxonomy":"category","embeddable":true,"href":"https:\/\/exaudi.org\/it\/wp-json\/wp\/v2\/categories?post=25317"},{"taxonomy":"post_tag","embeddable":true,"href":"https:\/\/exaudi.org\/it\/wp-json\/wp\/v2\/tags?post=25317"}],"curies":[{"name":"wp","href":"https:\/\/api.w.org\/{rel}","templated":true}]}}