{"id":24549,"date":"2021-06-27T17:53:11","date_gmt":"2021-06-27T15:53:11","guid":{"rendered":"https:\/\/exaudi.org\/?p=24549"},"modified":"2021-06-27T17:53:11","modified_gmt":"2021-06-27T15:53:11","slug":"la-malattia-piu-grave-e-la-mancanza-di-amore","status":"publish","type":"post","link":"https:\/\/exaudi.org\/it\/la-malattia-piu-grave-e-la-mancanza-di-amore\/","title":{"rendered":"&#8220;La malattia pi\u00f9 grave \u00e8 la mancanza di amore&#8221;"},"content":{"rendered":"<p>La malattia pi\u00f9 grande della vita \u00e8 la mancanza di amore. Con queste parole Papa Francesco ha commentato all\u2019Angelus il brano evangelico della guarigione dell\u2019emorroissa, mettendola anche in relazione con l\u2019attuale contesto di crisi sanitaria. Dopo la preghiera mariana, alla vigilia della solennit\u00e0 dei santi Pietro e Paolo, il Pontefice ha chiesto di pregare in particolare per lui. Ecco il testo del discorso del S. Padre:<\/p>\n<p>Cari fratelli e sorelle, buongiorno! Oggi nel Vangelo Ges\u00f9 si imbatte nelle nostre due situazioni pi\u00f9 drammatiche, la morte e la malattia. Da esse libera due persone: una bambina, che muore proprio mentre il padre \u00e8 andato a chiedere aiuto a Ges\u00f9; e una donna, che da molti anni ha perdite di sangue. Ges\u00f9 si lascia toccare dal nostro dolore e dalla nostra morte, e opera due segni di guarigione per dirci che n\u00e9 il dolore n\u00e9 la morte hanno l\u2019ultima parola. Ci dice che la morte non \u00e8 la fine. Egli vince questo nemico, dal quale non possiamo liberarci da soli.<\/p>\n<h4>La malattia pi\u00f9 grave<\/h4>\n<p>Concentriamoci, per\u00f2, in questo periodo in cui la malattia \u00e8 ancora al centro delle cronache, sull\u2019altro segno, la guarigione della donna. Pi\u00f9 che la sua salute, a essere compromessi erano i suoi affetti. Perch\u00e9? Aveva perdite di sangue e perci\u00f2, secondo la mentalit\u00e0 di allora, era ritenuta impura. Era una donna emarginata, non poteva avere relazioni stabili, non poteva avere uno sposo, non poteva avere una famiglia e non poteva avere rapporti sociali normali perch\u00e9 era \u201cimpura\u201d, una malattia che la rendeva \u201cimpura\u201d. Viveva sola, con il cuore ferito. La malattia pi\u00f9 grande della vita, qual \u00e8? Il cancro? La tubercolosi? La pandemia? No. La malattia pi\u00f9 grande della vita \u00e8 la mancanza di amore, \u00e8 non riuscire ad amare.<\/p>\n<p>Questa povera donna era malata s\u00ec delle perdite di sangue, ma, per conseguenza, di mancanza di amore, perch\u00e9 non poteva essere socialmente con gli altri. E la guarigione che pi\u00f9 conta \u00e8 quella degli affetti. Ma come trovarla? Noi possiamo pensare ai nostri affetti: sono ammalati o sono in buona salute? Sono malati? Ges\u00f9 \u00e8 capace di guarirli. La storia di questa donna senza nome \u2013 la chiamiamo cos\u00ec \u201cla donna senza nome\u201d \u2013, nella quale possiamo vederci tutti, \u00e8 esemplare. Il testo dice che aveva fatto molte cure, \u00abspendendo tutti i suoi averi senza alcun vantaggio, anzi piuttosto peggiorando\u00bb.<\/p>\n<h4>L\u2019amore non si compra<\/h4>\n<p>Anche noi, quante volte ci buttiamo in rimedi sbagliati per saziare la nostra mancanza di amore? Pensiamo che a renderci felici siano il successo e i soldi, ma l\u2019amore non si compra, \u00e8 gratuito. Ci rifugiamo nel virtuale, ma l\u2019amore \u00e8 concreto. Non ci accettiamo cos\u00ec come siamo e ci nascondiamo dietro i trucchi dell\u2019esteriorit\u00e0, ma l\u2019amore non \u00e8 apparenza. Cerchiamo soluzioni da maghi, da santoni, per poi trovarci senza soldi e senza pace, come quella donna. Lei, finalmente, sceglie Ges\u00f9 e si butta tra la folla per toccare il mantello, il mantello di Ges\u00f9. Quella donna, cio\u00e8, cerca il contatto diretto, il contatto fisico con Ges\u00f9.<\/p>\n<p>Soprattutto in questo tempo, abbiamo capito quanto siano importanti il contatto, le relazioni. Lo stesso vale con Ges\u00f9: a volte ci accontentiamo di osservare qualche precetto e di ripetere preghiere \u2013 tante volte come i pappagalli \u2013, ma il Signore attende che lo incontriamo, che gli apriamo il cuore, che, come la donna, tocchiamo il suo mantello per guarire. Perch\u00e9, entrando in intimit\u00e0 con Ges\u00f9, veniamo guariti nei nostri affetti. Questo vuole Ges\u00f9.<\/p>\n<h4>Lo sguardo di Ges\u00f9<\/h4>\n<p>Leggiamo infatti che, pur stretto dalla folla, si guarda attorno per cercare chi lo ha toccato. I discepoli dicevano: \u201cMa guarda che la folla ti stringe\u2026\u201d. No: \u201cChi mi ha toccato?\u201d. \u00c8 lo sguardo di Ges\u00f9: c\u2019\u00e8 tanta gente, ma Lui va in cerca di un volto e di un cuore pieno di fede. Ges\u00f9 non guarda all\u2019insieme, come noi, ma guarda alla persona. Non si arresta di fronte alle ferite e agli errori del passato, ma va oltre i peccati e i pregiudizi. Tutti noi abbiamo una storia, e ognuno di noi, nel suo segreto, conosce bene le cose brutte della propria storia.<\/p>\n<p>Ma Ges\u00f9 le guarda per guarirle. Invece a noi piace guardare le cose brutte degli altri. Quante volte, quando noi parliamo, cadiamo nel chiacchiericcio, che \u00e8 sparlare degli altri, \u201cspellare\u201d gli altri. Ma guarda: che orizzonte di vita \u00e8 questo? Non come Ges\u00f9, che sempre guarda il modo di salvarci, guarda l\u2019oggi, la buona volont\u00e0 e non la storia brutta che noi abbiamo. Ges\u00f9 va oltre i peccati. Ges\u00f9 va oltre i pregiudizi, Non si ferma alle apparenze, arriva al cuore Ges\u00f9. E guarisce proprio lei, che era scartata da tutti, un\u2019impura.<\/p>\n<p>Con tenerezza la chiama \u00abfiglia\u00bb \u2013 lo stile di Ges\u00f9 era la vicinanza, la compassione e la tenerezza: \u201cFiglia\u2026\u201d \u2013 e loda la sua fede, restituendole fiducia in s\u00e9 stessa. Sorella, fratello, sei qui, lascia che Ges\u00f9 guardi e guarisca il tuo cuore. Anch\u2019io devo fare questo: lasciare che Ges\u00f9 guardi il mio cuore e lo guarisca. E se hai gi\u00e0 provato il suo sguardo tenero su di te, imitalo, e fai come Lui. Guardati attorno: vedrai che tante persone che ti vivono accanto si sentono ferite e sole, hanno bisogno di sentirsi amate: fai il passo.<\/p>\n<p>Ges\u00f9 ti chiede uno sguardo che non si fermi all\u2019esteriorit\u00e0, ma vada al cuore; uno sguardo non giudicante \u2013 finiamo di giudicare gli altri \u2013 Ges\u00f9 ci chiede uno sguardo non giudicante, ma accogliente. Apriamo il nostro cuore per accogliere gli altri. Perch\u00e9 solo l\u2019amore risana la vita, solo l\u2019amore risana la vita. La Madonna, Consolatrice degli afflitti, ci aiuti a portare una carezza ai feriti nel cuore che incontriamo sul nostro cammino. E non giudicare, non giudicare la realt\u00e0 personale, sociale, degli altri. Dio ama tutti! Non giudicare, lasciate vivere gli altri e cercate di avvicinarvi con amore.<\/p>\n<h4>Pregare per il Papa<\/h4>\n<p>Oggi, in prossimit\u00e0 della festa dei Santi Pietro e Paolo, vi chiedo di pregare per il Papa. Pregate in modo speciale: il Papa ha bisogno delle vostre preghiere! Grazie. So che lo farete. In occasione dell\u2019odierna Giornata per la pace in Oriente, invito tutti a implorare la misericordia di Dio e la pace su quella regione. Il Signore sostenga gli sforzi di quanti si adoperano per il dialogo e la convivenza fraterna nel Medio Oriente, dove la fede cristiana \u00e8 nata ed \u00e8 viva, nonostante le sofferenze. A quelle care popolazioni Dio conceda sempre fortezza, perseveranza e coraggio. Assicuro la mia vicinanza alle popolazioni del sud-est della Repubblica Ceca colpite da un forte uragano. Prego per i defunti e i feriti e per quanti hanno dovuto lasciare le loro case, gravemente danneggiate.<\/p>\n","protected":false},"excerpt":{"rendered":"<p>Alla vigilia della solennit\u00e0 dei santi Pietro e Paolo il Papa ha chiesto di pregare in modo speciale per lui<\/p>\n","protected":false},"author":17,"featured_media":24550,"comment_status":"closed","ping_status":"closed","sticky":false,"template":"","format":"standard","meta":{"_acf_changed":false,"_crdt_document":"","inline_featured_image":false,"footnotes":""},"categories":[69,67,2157,297],"tags":[250,2487,3082,251],"class_list":["post-24549","post","type-post","status-publish","format-standard","has-post-thumbnail","hentry","category-angelus-it","category-leone-xiv","category-top-ultime-notizie","category-ultime-notizie","tag-angelus-it","tag-featured-3","tag-malattia","tag-papa-francesco"],"acf":[],"yoast_head":"<!-- This site is optimized with the Yoast SEO plugin v27.5 - https:\/\/yoast.com\/product\/yoast-seo-wordpress\/ -->\n<title>&quot;La malattia pi\u00f9 grave \u00e8 la mancanza di amore&quot; &#8211; Exaudi<\/title>\n<meta name=\"description\" content=\"La malattia pi\u00f9 grande della vita \u00e8 la mancanza di amore. Lo ha detto il Papa all&#039;Angelus. E ha chiesto di pregare in modo speciale per lui\" \/>\n<meta name=\"robots\" content=\"index, follow, max-snippet:-1, max-image-preview:large, max-video-preview:-1\" \/>\n<link rel=\"canonical\" href=\"https:\/\/exaudi.org\/it\/la-malattia-piu-grave-e-la-mancanza-di-amore\/\" \/>\n<meta property=\"og:locale\" content=\"it_IT\" \/>\n<meta property=\"og:type\" content=\"article\" \/>\n<meta property=\"og:title\" content=\"&quot;La malattia pi\u00f9 grave \u00e8 la mancanza di amore&quot; &#8211; Exaudi\" \/>\n<meta property=\"og:description\" content=\"La malattia pi\u00f9 grande della vita \u00e8 la mancanza di amore. Lo ha detto il Papa all&#039;Angelus. E ha chiesto di pregare in modo speciale per lui\" \/>\n<meta property=\"og:url\" content=\"https:\/\/exaudi.org\/it\/la-malattia-piu-grave-e-la-mancanza-di-amore\/\" \/>\n<meta property=\"og:site_name\" content=\"Exaudi\" \/>\n<meta property=\"article:publisher\" content=\"https:\/\/www.facebook.com\/ExaudiNews\" \/>\n<meta property=\"article:author\" content=\"https:\/\/www.facebook.com\/ExaudiNotizie\/\" \/>\n<meta property=\"article:published_time\" content=\"2021-06-27T15:53:11+00:00\" \/>\n<meta property=\"og:image\" content=\"https:\/\/exaudi.org\/wp-content\/uploads\/2021\/06\/angelus-1-scaled.jpg\" \/>\n\t<meta property=\"og:image:width\" content=\"2560\" \/>\n\t<meta property=\"og:image:height\" content=\"1707\" \/>\n\t<meta property=\"og:image:type\" content=\"image\/jpeg\" \/>\n<meta name=\"author\" content=\"Exaudi Redazione\" \/>\n<meta name=\"twitter:card\" content=\"summary_large_image\" \/>\n<meta name=\"twitter:creator\" content=\"@Exaudi_Notizie\" \/>\n<meta name=\"twitter:site\" content=\"@Exaudi_News\" \/>\n<meta name=\"twitter:label1\" content=\"Scritto da\" \/>\n\t<meta name=\"twitter:data1\" content=\"Exaudi Redazione\" \/>\n\t<meta name=\"twitter:label2\" content=\"Tempo di lettura stimato\" \/>\n\t<meta name=\"twitter:data2\" content=\"5 minuti\" \/>\n<script type=\"application\/ld+json\" class=\"yoast-schema-graph\">{\"@context\":\"https:\\\/\\\/schema.org\",\"@graph\":[{\"@type\":\"Article\",\"@id\":\"https:\\\/\\\/exaudi.org\\\/it\\\/la-malattia-piu-grave-e-la-mancanza-di-amore\\\/#article\",\"isPartOf\":{\"@id\":\"https:\\\/\\\/exaudi.org\\\/it\\\/la-malattia-piu-grave-e-la-mancanza-di-amore\\\/\"},\"author\":{\"name\":\"Exaudi Redazione\",\"@id\":\"https:\\\/\\\/exaudi.org\\\/#\\\/schema\\\/person\\\/e1ab6ed07c01774724dd96f925f3a5f0\"},\"headline\":\"&#8220;La malattia pi\u00f9 grave \u00e8 la mancanza di amore&#8221;\",\"datePublished\":\"2021-06-27T15:53:11+00:00\",\"mainEntityOfPage\":{\"@id\":\"https:\\\/\\\/exaudi.org\\\/it\\\/la-malattia-piu-grave-e-la-mancanza-di-amore\\\/\"},\"wordCount\":1108,\"image\":{\"@id\":\"https:\\\/\\\/exaudi.org\\\/it\\\/la-malattia-piu-grave-e-la-mancanza-di-amore\\\/#primaryimage\"},\"thumbnailUrl\":\"https:\\\/\\\/exaudi.org\\\/wp-content\\\/uploads\\\/2021\\\/06\\\/angelus-1-scaled.jpg\",\"keywords\":[\"\u00e1ngelus\",\"Featured\",\"malattia\",\"Papa Francesco\"],\"articleSection\":[\"Angelus\",\"Leone XIV\",\"Top Ultime Notizie\",\"Ultime Notizie\"],\"inLanguage\":\"it-IT\"},{\"@type\":\"WebPage\",\"@id\":\"https:\\\/\\\/exaudi.org\\\/it\\\/la-malattia-piu-grave-e-la-mancanza-di-amore\\\/\",\"url\":\"https:\\\/\\\/exaudi.org\\\/it\\\/la-malattia-piu-grave-e-la-mancanza-di-amore\\\/\",\"name\":\"\\\"La malattia pi\u00f9 grave \u00e8 la mancanza di amore\\\" &#8211; Exaudi\",\"isPartOf\":{\"@id\":\"https:\\\/\\\/exaudi.org\\\/#website\"},\"primaryImageOfPage\":{\"@id\":\"https:\\\/\\\/exaudi.org\\\/it\\\/la-malattia-piu-grave-e-la-mancanza-di-amore\\\/#primaryimage\"},\"image\":{\"@id\":\"https:\\\/\\\/exaudi.org\\\/it\\\/la-malattia-piu-grave-e-la-mancanza-di-amore\\\/#primaryimage\"},\"thumbnailUrl\":\"https:\\\/\\\/exaudi.org\\\/wp-content\\\/uploads\\\/2021\\\/06\\\/angelus-1-scaled.jpg\",\"datePublished\":\"2021-06-27T15:53:11+00:00\",\"author\":{\"@id\":\"https:\\\/\\\/exaudi.org\\\/#\\\/schema\\\/person\\\/e1ab6ed07c01774724dd96f925f3a5f0\"},\"description\":\"La malattia pi\u00f9 grande della vita \u00e8 la mancanza di amore. Lo ha detto il Papa all'Angelus. E ha chiesto di pregare in modo speciale per lui\",\"breadcrumb\":{\"@id\":\"https:\\\/\\\/exaudi.org\\\/it\\\/la-malattia-piu-grave-e-la-mancanza-di-amore\\\/#breadcrumb\"},\"inLanguage\":\"it-IT\",\"potentialAction\":[{\"@type\":\"ReadAction\",\"target\":[\"https:\\\/\\\/exaudi.org\\\/it\\\/la-malattia-piu-grave-e-la-mancanza-di-amore\\\/\"]}]},{\"@type\":\"ImageObject\",\"inLanguage\":\"it-IT\",\"@id\":\"https:\\\/\\\/exaudi.org\\\/it\\\/la-malattia-piu-grave-e-la-mancanza-di-amore\\\/#primaryimage\",\"url\":\"https:\\\/\\\/exaudi.org\\\/wp-content\\\/uploads\\\/2021\\\/06\\\/angelus-1-scaled.jpg\",\"contentUrl\":\"https:\\\/\\\/exaudi.org\\\/wp-content\\\/uploads\\\/2021\\\/06\\\/angelus-1-scaled.jpg\",\"width\":2560,\"height\":1707,\"caption\":\"\u00a9 Servizio Fotografico Vaticano\"},{\"@type\":\"BreadcrumbList\",\"@id\":\"https:\\\/\\\/exaudi.org\\\/it\\\/la-malattia-piu-grave-e-la-mancanza-di-amore\\\/#breadcrumb\",\"itemListElement\":[{\"@type\":\"ListItem\",\"position\":1,\"name\":\"Portada\",\"item\":\"https:\\\/\\\/exaudi.org\\\/it\\\/\"},{\"@type\":\"ListItem\",\"position\":2,\"name\":\"&#8220;La malattia pi\u00f9 grave \u00e8 la mancanza di amore&#8221;\"}]},{\"@type\":\"WebSite\",\"@id\":\"https:\\\/\\\/exaudi.org\\\/#website\",\"url\":\"https:\\\/\\\/exaudi.org\\\/\",\"name\":\"Exaudi\",\"description\":\"News\",\"potentialAction\":[{\"@type\":\"SearchAction\",\"target\":{\"@type\":\"EntryPoint\",\"urlTemplate\":\"https:\\\/\\\/exaudi.org\\\/?s={search_term_string}\"},\"query-input\":{\"@type\":\"PropertyValueSpecification\",\"valueRequired\":true,\"valueName\":\"search_term_string\"}}],\"inLanguage\":\"it-IT\"},{\"@type\":\"Person\",\"@id\":\"https:\\\/\\\/exaudi.org\\\/#\\\/schema\\\/person\\\/e1ab6ed07c01774724dd96f925f3a5f0\",\"name\":\"Exaudi Redazione\",\"image\":{\"@type\":\"ImageObject\",\"inLanguage\":\"it-IT\",\"@id\":\"https:\\\/\\\/secure.gravatar.com\\\/avatar\\\/ad6774b3ada023bf5b939d64f45c94b3adf91502dd883507d469b4308a943bb3?s=96&d=mm&r=g\",\"url\":\"https:\\\/\\\/secure.gravatar.com\\\/avatar\\\/ad6774b3ada023bf5b939d64f45c94b3adf91502dd883507d469b4308a943bb3?s=96&d=mm&r=g\",\"contentUrl\":\"https:\\\/\\\/secure.gravatar.com\\\/avatar\\\/ad6774b3ada023bf5b939d64f45c94b3adf91502dd883507d469b4308a943bb3?s=96&d=mm&r=g\",\"caption\":\"Exaudi Redazione\"},\"description\":\"Che cosa \u00e8 Exaudi News? Exaudi News \u00e8 un agenzia cattolica internazionale che informa, istruisce e trasforma quotidianamente in spagnolo, inglese e italiano. Attraverso notizie, articoli di analisi e trasmissioni in diretta degli eventi del Papa, Exaudi cerca di rafforzare l'unit\u00e0 dei cristiani e di contribuire all'evangelizzazione del mondo, sempre guidato dalla dottrina sociale della Chiesa. Lavoriamo per portare la verit\u00e0 e i valori cristiani in ogni angolo del pianeta. Aiutaci a trasformare il mondo con Exaudi! Noi di Exaudi crediamo che l'evangelizzazione e l'informazione di qualit\u00e0 possano cambiare la vita. Per continuare la nostra missione ed espandere la nostra portata, abbiamo bisogno del tuo aiuto. Stiamo anche cercando persone motivate che vogliano unirsi al nostro team. Grazie al vostro sostegno raggiungeremo pi\u00f9 persone, diffonderemo il messaggio di Cristo e rafforzeremo l'unit\u00e0 dei cristiani. Vuoi unirti alla nostra missione? Per maggiori informazioni su come contribuire, visita Exaudi.org\\\/it o contattaci direttamente: info@exaudi.org Exaudi: informa, forma e trasforma.\",\"sameAs\":[\"https:\\\/\\\/www.facebook.com\\\/ExaudiNotizie\\\/\",\"https:\\\/\\\/www.instagram.com\\\/Exaudi_notizie\\\/\",\"https:\\\/\\\/x.com\\\/Exaudi_Notizie\",\"https:\\\/\\\/www.youtube.com\\\/@exaudicatholicnews\"],\"url\":\"https:\\\/\\\/exaudi.org\\\/it\\\/author\\\/dlvedi-org\\\/\"}]}<\/script>\n<!-- \/ Yoast SEO plugin. -->","yoast_head_json":{"title":"\"La malattia pi\u00f9 grave \u00e8 la mancanza di amore\" &#8211; Exaudi","description":"La malattia pi\u00f9 grande della vita \u00e8 la mancanza di amore. Lo ha detto il Papa all'Angelus. E ha chiesto di pregare in modo speciale per lui","robots":{"index":"index","follow":"follow","max-snippet":"max-snippet:-1","max-image-preview":"max-image-preview:large","max-video-preview":"max-video-preview:-1"},"canonical":"https:\/\/exaudi.org\/it\/la-malattia-piu-grave-e-la-mancanza-di-amore\/","og_locale":"it_IT","og_type":"article","og_title":"\"La malattia pi\u00f9 grave \u00e8 la mancanza di amore\" &#8211; Exaudi","og_description":"La malattia pi\u00f9 grande della vita \u00e8 la mancanza di amore. Lo ha detto il Papa all'Angelus. E ha chiesto di pregare in modo speciale per lui","og_url":"https:\/\/exaudi.org\/it\/la-malattia-piu-grave-e-la-mancanza-di-amore\/","og_site_name":"Exaudi","article_publisher":"https:\/\/www.facebook.com\/ExaudiNews","article_author":"https:\/\/www.facebook.com\/ExaudiNotizie\/","article_published_time":"2021-06-27T15:53:11+00:00","og_image":[{"width":2560,"height":1707,"url":"https:\/\/exaudi.org\/wp-content\/uploads\/2021\/06\/angelus-1-scaled.jpg","type":"image\/jpeg"}],"author":"Exaudi Redazione","twitter_card":"summary_large_image","twitter_creator":"@Exaudi_Notizie","twitter_site":"@Exaudi_News","twitter_misc":{"Scritto da":"Exaudi Redazione","Tempo di lettura stimato":"5 minuti"},"schema":{"@context":"https:\/\/schema.org","@graph":[{"@type":"Article","@id":"https:\/\/exaudi.org\/it\/la-malattia-piu-grave-e-la-mancanza-di-amore\/#article","isPartOf":{"@id":"https:\/\/exaudi.org\/it\/la-malattia-piu-grave-e-la-mancanza-di-amore\/"},"author":{"name":"Exaudi Redazione","@id":"https:\/\/exaudi.org\/#\/schema\/person\/e1ab6ed07c01774724dd96f925f3a5f0"},"headline":"&#8220;La malattia pi\u00f9 grave \u00e8 la mancanza di amore&#8221;","datePublished":"2021-06-27T15:53:11+00:00","mainEntityOfPage":{"@id":"https:\/\/exaudi.org\/it\/la-malattia-piu-grave-e-la-mancanza-di-amore\/"},"wordCount":1108,"image":{"@id":"https:\/\/exaudi.org\/it\/la-malattia-piu-grave-e-la-mancanza-di-amore\/#primaryimage"},"thumbnailUrl":"https:\/\/exaudi.org\/wp-content\/uploads\/2021\/06\/angelus-1-scaled.jpg","keywords":["\u00e1ngelus","Featured","malattia","Papa Francesco"],"articleSection":["Angelus","Leone XIV","Top Ultime Notizie","Ultime Notizie"],"inLanguage":"it-IT"},{"@type":"WebPage","@id":"https:\/\/exaudi.org\/it\/la-malattia-piu-grave-e-la-mancanza-di-amore\/","url":"https:\/\/exaudi.org\/it\/la-malattia-piu-grave-e-la-mancanza-di-amore\/","name":"\"La malattia pi\u00f9 grave \u00e8 la mancanza di amore\" &#8211; Exaudi","isPartOf":{"@id":"https:\/\/exaudi.org\/#website"},"primaryImageOfPage":{"@id":"https:\/\/exaudi.org\/it\/la-malattia-piu-grave-e-la-mancanza-di-amore\/#primaryimage"},"image":{"@id":"https:\/\/exaudi.org\/it\/la-malattia-piu-grave-e-la-mancanza-di-amore\/#primaryimage"},"thumbnailUrl":"https:\/\/exaudi.org\/wp-content\/uploads\/2021\/06\/angelus-1-scaled.jpg","datePublished":"2021-06-27T15:53:11+00:00","author":{"@id":"https:\/\/exaudi.org\/#\/schema\/person\/e1ab6ed07c01774724dd96f925f3a5f0"},"description":"La malattia pi\u00f9 grande della vita \u00e8 la mancanza di amore. Lo ha detto il Papa all'Angelus. E ha chiesto di pregare in modo speciale per lui","breadcrumb":{"@id":"https:\/\/exaudi.org\/it\/la-malattia-piu-grave-e-la-mancanza-di-amore\/#breadcrumb"},"inLanguage":"it-IT","potentialAction":[{"@type":"ReadAction","target":["https:\/\/exaudi.org\/it\/la-malattia-piu-grave-e-la-mancanza-di-amore\/"]}]},{"@type":"ImageObject","inLanguage":"it-IT","@id":"https:\/\/exaudi.org\/it\/la-malattia-piu-grave-e-la-mancanza-di-amore\/#primaryimage","url":"https:\/\/exaudi.org\/wp-content\/uploads\/2021\/06\/angelus-1-scaled.jpg","contentUrl":"https:\/\/exaudi.org\/wp-content\/uploads\/2021\/06\/angelus-1-scaled.jpg","width":2560,"height":1707,"caption":"\u00a9 Servizio Fotografico Vaticano"},{"@type":"BreadcrumbList","@id":"https:\/\/exaudi.org\/it\/la-malattia-piu-grave-e-la-mancanza-di-amore\/#breadcrumb","itemListElement":[{"@type":"ListItem","position":1,"name":"Portada","item":"https:\/\/exaudi.org\/it\/"},{"@type":"ListItem","position":2,"name":"&#8220;La malattia pi\u00f9 grave \u00e8 la mancanza di amore&#8221;"}]},{"@type":"WebSite","@id":"https:\/\/exaudi.org\/#website","url":"https:\/\/exaudi.org\/","name":"Exaudi","description":"News","potentialAction":[{"@type":"SearchAction","target":{"@type":"EntryPoint","urlTemplate":"https:\/\/exaudi.org\/?s={search_term_string}"},"query-input":{"@type":"PropertyValueSpecification","valueRequired":true,"valueName":"search_term_string"}}],"inLanguage":"it-IT"},{"@type":"Person","@id":"https:\/\/exaudi.org\/#\/schema\/person\/e1ab6ed07c01774724dd96f925f3a5f0","name":"Exaudi Redazione","image":{"@type":"ImageObject","inLanguage":"it-IT","@id":"https:\/\/secure.gravatar.com\/avatar\/ad6774b3ada023bf5b939d64f45c94b3adf91502dd883507d469b4308a943bb3?s=96&d=mm&r=g","url":"https:\/\/secure.gravatar.com\/avatar\/ad6774b3ada023bf5b939d64f45c94b3adf91502dd883507d469b4308a943bb3?s=96&d=mm&r=g","contentUrl":"https:\/\/secure.gravatar.com\/avatar\/ad6774b3ada023bf5b939d64f45c94b3adf91502dd883507d469b4308a943bb3?s=96&d=mm&r=g","caption":"Exaudi Redazione"},"description":"Che cosa \u00e8 Exaudi News? Exaudi News \u00e8 un agenzia cattolica internazionale che informa, istruisce e trasforma quotidianamente in spagnolo, inglese e italiano. Attraverso notizie, articoli di analisi e trasmissioni in diretta degli eventi del Papa, Exaudi cerca di rafforzare l'unit\u00e0 dei cristiani e di contribuire all'evangelizzazione del mondo, sempre guidato dalla dottrina sociale della Chiesa. Lavoriamo per portare la verit\u00e0 e i valori cristiani in ogni angolo del pianeta. Aiutaci a trasformare il mondo con Exaudi! Noi di Exaudi crediamo che l'evangelizzazione e l'informazione di qualit\u00e0 possano cambiare la vita. Per continuare la nostra missione ed espandere la nostra portata, abbiamo bisogno del tuo aiuto. Stiamo anche cercando persone motivate che vogliano unirsi al nostro team. Grazie al vostro sostegno raggiungeremo pi\u00f9 persone, diffonderemo il messaggio di Cristo e rafforzeremo l'unit\u00e0 dei cristiani. Vuoi unirti alla nostra missione? Per maggiori informazioni su come contribuire, visita Exaudi.org\/it o contattaci direttamente: info@exaudi.org Exaudi: informa, forma e trasforma.","sameAs":["https:\/\/www.facebook.com\/ExaudiNotizie\/","https:\/\/www.instagram.com\/Exaudi_notizie\/","https:\/\/x.com\/Exaudi_Notizie","https:\/\/www.youtube.com\/@exaudicatholicnews"],"url":"https:\/\/exaudi.org\/it\/author\/dlvedi-org\/"}]}},"jetpack_featured_media_url":"https:\/\/exaudi.org\/wp-content\/uploads\/2021\/06\/angelus-1-scaled.jpg","jetpack_shortlink":"https:\/\/wp.me\/pgKjF2-6nX","_links":{"self":[{"href":"https:\/\/exaudi.org\/it\/wp-json\/wp\/v2\/posts\/24549","targetHints":{"allow":["GET"]}}],"collection":[{"href":"https:\/\/exaudi.org\/it\/wp-json\/wp\/v2\/posts"}],"about":[{"href":"https:\/\/exaudi.org\/it\/wp-json\/wp\/v2\/types\/post"}],"author":[{"embeddable":true,"href":"https:\/\/exaudi.org\/it\/wp-json\/wp\/v2\/users\/17"}],"replies":[{"embeddable":true,"href":"https:\/\/exaudi.org\/it\/wp-json\/wp\/v2\/comments?post=24549"}],"version-history":[{"count":0,"href":"https:\/\/exaudi.org\/it\/wp-json\/wp\/v2\/posts\/24549\/revisions"}],"wp:featuredmedia":[{"embeddable":true,"href":"https:\/\/exaudi.org\/it\/wp-json\/wp\/v2\/media\/24550"}],"wp:attachment":[{"href":"https:\/\/exaudi.org\/it\/wp-json\/wp\/v2\/media?parent=24549"}],"wp:term":[{"taxonomy":"category","embeddable":true,"href":"https:\/\/exaudi.org\/it\/wp-json\/wp\/v2\/categories?post=24549"},{"taxonomy":"post_tag","embeddable":true,"href":"https:\/\/exaudi.org\/it\/wp-json\/wp\/v2\/tags?post=24549"}],"curies":[{"name":"wp","href":"https:\/\/api.w.org\/{rel}","templated":true}]}}