{"id":23096,"date":"2021-06-18T10:48:31","date_gmt":"2021-06-18T08:48:31","guid":{"rendered":"https:\/\/exaudi.org\/?p=23096"},"modified":"2021-06-18T10:48:31","modified_gmt":"2021-06-18T08:48:31","slug":"donne-nella-chiesa-la-sfida-della-sinodalita","status":"publish","type":"post","link":"https:\/\/exaudi.org\/it\/donne-nella-chiesa-la-sfida-della-sinodalita\/","title":{"rendered":"Donne nella Chiesa: la sfida della sinodalit\u00e0"},"content":{"rendered":"<p>Jos\u00e9 Antonio Rosas, direttore e fondatore dell&#8217;Accademia latinoamericana dei leader cattolici, e Mar\u00eda L\u00eda Zervino, presidente dell&#8217;Unione mondiale delle organizzazioni femminili cattoliche (UMOFC), hanno dialogato in esclusiva con Exaudi in occasione della celebrazione, oggi 18 giugno, del Convegno mondiale \u201cDonne nella Chiesa: la sfida della sinodalit\u00e0\u201d, in cui interverr\u00e0 anche suor Nathalie Becquart, sottosegretario al Sinodo dei Vescovi e prima donna con diritto di voto nell\u2019assemblea.<\/p>\n<p>L&#8217;evento, organizzato dall&#8217;Accademia e dalla UMOFC, vedr\u00e0 anche la partecipazione di monsignor Jorge Eduardo Lozano, segretario generale del Consiglio episcopale latinoamericano (CELAM), della dott.ssa Gadima, ministro di Stato per l&#8217;Africa e unica cattolica con questa carica in un governo musulmano, e da Cristiane Murray, vicedirettore della Sala Stampa della Santa Sede.<\/p>\n<p>Exaudi, media partner dell&#8217;evento internazionale, trasmetter\u00e0 la conferenza attraverso i suoi account Facebook in spagnolo (www.facebook.com\/ExaudiNoticias) e in inglese (<a href=\"http:\/\/www.facebook.com\/ExaudiNews\">www.facebook.com\/ExaudiNews<\/a>).<\/p>\n<p><strong>Exaudi: Come \u00e8 venuta l&#8217;idea di organizzare un evento di tale portata e con la donna come protagonista?<\/strong><\/p>\n<p>Jos\u00e9 Antonio Rosas: L\u2019idea nasce dall&#8217;esigenza di diffondere e far conoscere i passi e le azioni che Papa Francesco ha compiuto per far vivere e concretizzare nella realt\u00e0 ci\u00f2 che il Vangelo ha sempre sostenuto: la pari dignit\u00e0 dell&#8217;uomo e della donna e il contributo prezioso di molte donne nella vita della Chiesa.<\/p>\n<p><strong>Exaudi: Come organizzazione, cosa ti aspetti da questa conferenza?<\/strong><\/p>\n<p>Jos\u00e9 Antonio Rosas: Ci auguriamo anzitutto di instaurare un dialogo tra questi referenti della leadership cattolica internazionale, che aiuti tutti noi a comprendere il significato della sinodalit\u00e0 nella vita della Chiesa, che ha implicazioni concrete nella partecipazione e nel contributo delle donne. Ma ci auguriamo anche che sia un&#8217;occasione per vivere e sperimentare la nostra ecclesialit\u00e0, il nostro senso di appartenenza a una Chiesa che trascende i confini, le culture o le lingue, unendo i cristiani dei cinque continenti.<\/p>\n<p><strong>Exaudi: In che modo la pandemia ha influenzato lo sviluppo dell&#8217;evento?<\/strong><\/p>\n<p>Jos\u00e9 Antonio Rosas: La situazione di confinamento derivata dalla pandemia ci ha reso consapevoli delle opportunit\u00e0 che la tecnologia ci offre, per generare autentiche conversazioni mondiali. In questo senso, speriamo non solo di ascoltare i nostri quattro ospiti ma anche di provocare il dialogo tra le migliaia di partecipanti, che, pur essendo fisicamente separati, attraverso le tecnologie ci permettono di connetterci, camminare insieme e sentire cosa \u00e8 la Chiesa universale. In altre parole, lo Spirito di Dio si insinua sempre in mille modi e mezzi per farci sentire la sua presenza e ricordarci che non camminiamo da soli.<\/p>\n<p><strong>Exaudi: \u00c8 un evento rivolto a uomini e donne?<\/strong><\/p>\n<p>Jos\u00e9 Antonio Rosas: \u00c8 un evento indetto da organizzazioni cattoliche (Unione Mondiale delle Organizzazioni Femminili Cattoliche e Accademia dei Responsabili Cattolici) dove sono presenti sia uomini che donne; per cui, anche se ci incontreremo per parlare di Donne nella Chiesa, non \u00e8 un argomento esclusivo per le donne.<\/p>\n<figure id=\"attachment_23114\" aria-describedby=\"caption-attachment-23114\" style=\"width: 300px\" class=\"wp-caption alignright\"><img loading=\"lazy\" decoding=\"async\" class=\"size-medium wp-image-23114\" src=\"https:\/\/34.121.236.21\/wp-content\/uploads\/2021\/06\/1-2-1-300x200.jpg\" alt=\"\" width=\"300\" height=\"200\" \/><figcaption id=\"caption-attachment-23114\" class=\"wp-caption-text\">Jos\u00e9 Antonio Rosas \u00a9 Academia Latinoamericana de L\u00edderes Cat\u00f3licos<\/figcaption><\/figure>\n<p>Il ruolo delle donne e degli uomini nella Chiesa \u00e8 un processo che dobbiamo percorrere tutti insieme: uomini e donne. Sarebbe un errore e uno sguardo profondamente maschilista, considerare che questi temi siano da &#8220;donne&#8221;. Per questo, non solo nell&#8217;organizzazione, ma tra gli stessi partecipanti, abbiamo inserito il Segretario Generale del CELAM.<\/p>\n<p><strong>Exaudi: Quanto \u00e8 rilevante il fatto che il Papa abbia nominato suor Nathalie Becquart sotto-segretario del Sinodo dei Vescovi?<\/strong><\/p>\n<p>Jos\u00e9 Antonio Rosas: Oltre al fatto storico che per la prima volta una donna sia il sottosegretario dell&#8217;istituzione creata da papa san Paolo VI per cui avr\u00e0 diritto di voto nei sinodi (dove i laici partecipano gi\u00e0 da diversi anni), la cosa pi\u00f9 importante \u00e8 che \u00e8 un segno e un gesto di questo Papa che ci ricorda, ma soprattutto ci educa, che nella Chiesa c&#8217;\u00e8 bisogno di tutti, uomini e donne. Nessuno pu\u00f2 sentirsi escluso dalle sfide e dai compiti della Chiesa.<\/p>\n<p><strong>Exaudi: La promozione dei laici e delle donne nella Chiesa \u00e8 collegata?<\/strong><\/p>\n<p>Mar\u00eda L\u00eda Zervino: S\u00ec. Dal Concilio Vaticano II lo Spirito Santo guida la Chiesa verso una consapevolezza sempre pi\u00f9 chiara del triplice ministero che tutti noi battezzati abbiamo ricevuto. Essendo \u201cinnestati\u201d in Ges\u00f9, partecipiamo a Lui come profeti, sacerdoti e pastori. In questo senso, i laici, uomini e donne, sono chiamati ad esercitare maggiori responsabilit\u00e0 nella comunit\u00e0 ecclesiale, ciascuno secondo i propri talenti.<\/p>\n<p>Proprio una donna, Pilar Bellosillo, presidente dell&#8217;Unione Mondiale delle Organizzazioni Femminili Cattoliche (UMOFC), insieme ad altre uditrici chiamate le \u201cmadri del Concilio\u201d, ha contribuito alla stesura della <em>Gaudium et spes<\/em> sui laici. Ora tocca a noi prendere quella \u201cfiaccola\u201d e impegnarci al servizio della Chiesa per i prossimi decenni.<\/p>\n<p><strong>Exaudi: Che ruolo ha il Santo Padre nella promozione della donna?<\/strong><\/p>\n<p>Mar\u00eda L\u00eda Zervino: Non si tratta di \u201cpromuovere\u201d l&#8217;importanza delle donne, anzi, direi che le donne non devono sentirsi importanti, dobbiamo solo vivere secondo la nostra dignit\u00e0, che \u00e8 identica a quella degli uomini e offrirci secondo la nostra identit\u00e0.<\/p>\n<p>Credo che ci\u00f2 che sta facendo il Papa sia proprio valorizzare la specificit\u00e0 femminile collocando donne idonee in posizioni chiave perch\u00e9 tutta la Chiesa si arricchisca del loro servizio. Se comprendiamo che nella Chiesa il potere \u00e8 servizio, allora potremmo affermare che il Santo Padre conferisce maggiore potere alle donne quando le sceglie per integrare gruppi in cui condividono la responsabilit\u00e0 del processo decisionale.<\/p>\n<p>\u00c8 un esempio degno di imitazione da parte di altre strutture ecclesiali, affinch\u00e9 il lavoro collaborativo tra uomini e donne sia il motore di una Chiesa missionaria in uscita, che di per s\u00e9 sperimenta la fraternit\u00e0 che propone al mondo di oggi.<\/p>\n<p><strong>Exaudi: prima donna con diritto di voto in un Sinodo. Cosa ci si aspetta dopo questo evento storico?<\/strong><\/p>\n<p>Mar\u00eda L\u00eda Zervino: Siamo in tanti a sperare che, insieme ai sinodi dei vescovi, ci sia un sinodo diverso: il sinodo del Popolo di Dio, con rappresentanza proporzionale del clero, dei consacrati e delle consacrate, e dei laici uomini e donne.<\/p>\n<p>Non saremo pi\u00f9 felici solo perch\u00e9 una donna vota per la prima volta ma perch\u00e9 tante laiche preparate, in comunione con tutti gli altri membri di detto sinodo, avranno dato il loro contributo e voto per le conclusioni che saranno poste nelle mani del Santo Padre.<\/p>\n<p><strong>Exaudi: la dottoressa Gadima \u00e8 l&#8217;unica cattolica con una posizione di stato in un governo musulmano. La sinodalit\u00e0 rivendicata nel convegno serve anche come dialogo con le donne che professano altre fedi?<\/strong><\/p>\n<p>Mar\u00eda L\u00eda Zervino: Quando il Papa dice che \u00abil cammino della sinodalit\u00e0 \u00e8 il cammino che Dio attende dalla Chiesa del terzo millennio\u00bb, si riferisce specificamente al modo di vivere e di operare della Chiesa del Popolo di Dio, proprio camminando insieme, incontrandosi in assemblea e con la partecipazione attiva di tutti i suoi membri alla sua missione evangelizzatrice.<\/p>\n<figure id=\"attachment_23118\" aria-describedby=\"caption-attachment-23118\" style=\"width: 300px\" class=\"wp-caption alignleft\"><img loading=\"lazy\" decoding=\"async\" class=\"size-full wp-image-23118\" src=\"https:\/\/exaudi.org\/wp-content\/uploads\/2021\/06\/2.jpeg\" alt=\"\" width=\"300\" height=\"300\" srcset=\"https:\/\/exaudi.org\/wp-content\/uploads\/2021\/06\/2.jpeg 300w, https:\/\/exaudi.org\/wp-content\/uploads\/2021\/06\/2-150x150.jpeg 150w\" sizes=\"auto, (max-width: 300px) 100vw, 300px\" \/><figcaption id=\"caption-attachment-23118\" class=\"wp-caption-text\">L\u00eda Zervino \u00a9 CELAM<\/figcaption><\/figure>\n<p>La dott.ssa Sophie Gladima \u00e8 un ministro del governo del Senegal, un paese che ha sviluppato positivamente il dialogo interreligioso sin dal suo inizio, e come donna membro di un&#8217;organizzazione UMOFC, condivider\u00e0 sicuramente la sua ricca esperienza commentando la questione della sinodalit\u00e0.<\/p>\n<p>Certamente l&#8217;ascolto, la <em>parresia<\/em>, il rispetto reciproco, il discernimento delle comunanze, la valorizzazione non solo del proprio ma anche del diverso, e l&#8217;unione di azioni per il bene comune, sono atteggiamenti che caratterizzano il dialogo tra donne di fedi diverse e che, allo stesso tempo, contraddistinguono la sinodalit\u00e0.<\/p>\n","protected":false},"excerpt":{"rendered":"<p>Parlano Jos\u00e9 Antonio Rosas, fondatore di Academia Lat. dei leader cattolici, e L\u00eda Zervino, presidente della UMOFC<\/p>\n","protected":false},"author":6,"featured_media":23111,"comment_status":"closed","ping_status":"closed","sticky":false,"template":"","format":"standard","meta":{"_acf_changed":false,"_crdt_document":"","inline_featured_image":false,"footnotes":""},"categories":[107,2157,297],"tags":[1502,668,1584,2487,251,2928],"class_list":["post-23096","post","type-post","status-publish","format-standard","has-post-thumbnail","hentry","category-interviste","category-top-ultime-notizie","category-ultime-notizie","tag-celam-it","tag-chiesa","tag-donne","tag-featured-3","tag-papa-francesco","tag-sinodo-dei-vescovi"],"acf":[],"yoast_head":"<!-- This site is optimized with the Yoast SEO plugin v27.4 - https:\/\/yoast.com\/product\/yoast-seo-wordpress\/ -->\n<title>Donne nella Chiesa: la sfida della sinodalit\u00e0 &#8211; Exaudi<\/title>\n<meta name=\"description\" content=\"Donne nella Chiesa: la sfida della sinodalit\u00e0 \u00e8 il tema dell&#039;odierno convegno internazionale. Partecipa la prima donna con diritto di voto al Sinodo\" \/>\n<meta name=\"robots\" content=\"index, follow, max-snippet:-1, max-image-preview:large, max-video-preview:-1\" \/>\n<link rel=\"canonical\" href=\"https:\/\/exaudi.org\/it\/donne-nella-chiesa-la-sfida-della-sinodalita\/\" \/>\n<meta property=\"og:locale\" content=\"it_IT\" \/>\n<meta property=\"og:type\" content=\"article\" \/>\n<meta property=\"og:title\" content=\"Donne nella Chiesa: la sfida della sinodalit\u00e0 &#8211; Exaudi\" \/>\n<meta property=\"og:description\" content=\"Donne nella Chiesa: la sfida della sinodalit\u00e0 \u00e8 il tema dell&#039;odierno convegno internazionale. Partecipa la prima donna con diritto di voto al Sinodo\" \/>\n<meta property=\"og:url\" content=\"https:\/\/exaudi.org\/it\/donne-nella-chiesa-la-sfida-della-sinodalita\/\" \/>\n<meta property=\"og:site_name\" content=\"Exaudi\" \/>\n<meta property=\"article:publisher\" content=\"https:\/\/www.facebook.com\/ExaudiNews\" \/>\n<meta property=\"article:published_time\" content=\"2021-06-18T08:48:31+00:00\" \/>\n<meta property=\"og:image\" content=\"https:\/\/exaudi.org\/wp-content\/uploads\/2021\/06\/principal.jpg\" \/>\n\t<meta property=\"og:image:width\" content=\"2048\" \/>\n\t<meta property=\"og:image:height\" content=\"1095\" \/>\n\t<meta property=\"og:image:type\" content=\"image\/jpeg\" \/>\n<meta name=\"author\" content=\"Gabriel Sales\" \/>\n<meta name=\"twitter:card\" content=\"summary_large_image\" \/>\n<meta name=\"twitter:creator\" content=\"@habemusman\" \/>\n<meta name=\"twitter:site\" content=\"@Exaudi_News\" \/>\n<meta name=\"twitter:label1\" content=\"Scritto da\" \/>\n\t<meta name=\"twitter:data1\" content=\"Gabriel Sales\" \/>\n\t<meta name=\"twitter:label2\" content=\"Tempo di lettura stimato\" \/>\n\t<meta name=\"twitter:data2\" content=\"6 minuti\" \/>\n<script type=\"application\/ld+json\" class=\"yoast-schema-graph\">{\"@context\":\"https:\\\/\\\/schema.org\",\"@graph\":[{\"@type\":\"Article\",\"@id\":\"https:\\\/\\\/exaudi.org\\\/it\\\/donne-nella-chiesa-la-sfida-della-sinodalita\\\/#article\",\"isPartOf\":{\"@id\":\"https:\\\/\\\/exaudi.org\\\/it\\\/donne-nella-chiesa-la-sfida-della-sinodalita\\\/\"},\"author\":{\"name\":\"Gabriel Sales\",\"@id\":\"https:\\\/\\\/exaudi.org\\\/#\\\/schema\\\/person\\\/d134b96438278131ce90c90c03fda6cd\"},\"headline\":\"Donne nella Chiesa: la sfida della sinodalit\u00e0\",\"datePublished\":\"2021-06-18T08:48:31+00:00\",\"mainEntityOfPage\":{\"@id\":\"https:\\\/\\\/exaudi.org\\\/it\\\/donne-nella-chiesa-la-sfida-della-sinodalita\\\/\"},\"wordCount\":1240,\"image\":{\"@id\":\"https:\\\/\\\/exaudi.org\\\/it\\\/donne-nella-chiesa-la-sfida-della-sinodalita\\\/#primaryimage\"},\"thumbnailUrl\":\"https:\\\/\\\/exaudi.org\\\/wp-content\\\/uploads\\\/2021\\\/06\\\/principal.jpg\",\"keywords\":[\"CELAM\",\"Chiesa\",\"donne\",\"Featured\",\"Papa Francesco\",\"sinodo dei vescovi\"],\"articleSection\":[\"Interviste\",\"Top Ultime Notizie\",\"Ultime Notizie\"],\"inLanguage\":\"it-IT\"},{\"@type\":\"WebPage\",\"@id\":\"https:\\\/\\\/exaudi.org\\\/it\\\/donne-nella-chiesa-la-sfida-della-sinodalita\\\/\",\"url\":\"https:\\\/\\\/exaudi.org\\\/it\\\/donne-nella-chiesa-la-sfida-della-sinodalita\\\/\",\"name\":\"Donne nella Chiesa: la sfida della sinodalit\u00e0 &#8211; Exaudi\",\"isPartOf\":{\"@id\":\"https:\\\/\\\/exaudi.org\\\/#website\"},\"primaryImageOfPage\":{\"@id\":\"https:\\\/\\\/exaudi.org\\\/it\\\/donne-nella-chiesa-la-sfida-della-sinodalita\\\/#primaryimage\"},\"image\":{\"@id\":\"https:\\\/\\\/exaudi.org\\\/it\\\/donne-nella-chiesa-la-sfida-della-sinodalita\\\/#primaryimage\"},\"thumbnailUrl\":\"https:\\\/\\\/exaudi.org\\\/wp-content\\\/uploads\\\/2021\\\/06\\\/principal.jpg\",\"datePublished\":\"2021-06-18T08:48:31+00:00\",\"author\":{\"@id\":\"https:\\\/\\\/exaudi.org\\\/#\\\/schema\\\/person\\\/d134b96438278131ce90c90c03fda6cd\"},\"description\":\"Donne nella Chiesa: la sfida della sinodalit\u00e0 \u00e8 il tema dell'odierno convegno internazionale. Partecipa la prima donna con diritto di voto al Sinodo\",\"breadcrumb\":{\"@id\":\"https:\\\/\\\/exaudi.org\\\/it\\\/donne-nella-chiesa-la-sfida-della-sinodalita\\\/#breadcrumb\"},\"inLanguage\":\"it-IT\",\"potentialAction\":[{\"@type\":\"ReadAction\",\"target\":[\"https:\\\/\\\/exaudi.org\\\/it\\\/donne-nella-chiesa-la-sfida-della-sinodalita\\\/\"]}]},{\"@type\":\"ImageObject\",\"inLanguage\":\"it-IT\",\"@id\":\"https:\\\/\\\/exaudi.org\\\/it\\\/donne-nella-chiesa-la-sfida-della-sinodalita\\\/#primaryimage\",\"url\":\"https:\\\/\\\/exaudi.org\\\/wp-content\\\/uploads\\\/2021\\\/06\\\/principal.jpg\",\"contentUrl\":\"https:\\\/\\\/exaudi.org\\\/wp-content\\\/uploads\\\/2021\\\/06\\\/principal.jpg\",\"width\":2048,\"height\":1095,\"caption\":\"Il saluto del Papa ad alcune donne dell'UMOFC \u00a9 Facebook UMOFC\"},{\"@type\":\"BreadcrumbList\",\"@id\":\"https:\\\/\\\/exaudi.org\\\/it\\\/donne-nella-chiesa-la-sfida-della-sinodalita\\\/#breadcrumb\",\"itemListElement\":[{\"@type\":\"ListItem\",\"position\":1,\"name\":\"Portada\",\"item\":\"https:\\\/\\\/exaudi.org\\\/it\\\/\"},{\"@type\":\"ListItem\",\"position\":2,\"name\":\"Donne nella Chiesa: la sfida della sinodalit\u00e0\"}]},{\"@type\":\"WebSite\",\"@id\":\"https:\\\/\\\/exaudi.org\\\/#website\",\"url\":\"https:\\\/\\\/exaudi.org\\\/\",\"name\":\"Exaudi\",\"description\":\"News\",\"potentialAction\":[{\"@type\":\"SearchAction\",\"target\":{\"@type\":\"EntryPoint\",\"urlTemplate\":\"https:\\\/\\\/exaudi.org\\\/?s={search_term_string}\"},\"query-input\":{\"@type\":\"PropertyValueSpecification\",\"valueRequired\":true,\"valueName\":\"search_term_string\"}}],\"inLanguage\":\"it-IT\"},{\"@type\":\"Person\",\"@id\":\"https:\\\/\\\/exaudi.org\\\/#\\\/schema\\\/person\\\/d134b96438278131ce90c90c03fda6cd\",\"name\":\"Gabriel Sales\",\"image\":{\"@type\":\"ImageObject\",\"inLanguage\":\"it-IT\",\"@id\":\"https:\\\/\\\/secure.gravatar.com\\\/avatar\\\/9b1269566f6a063ed26ffb3532b66a373cdde231ce5d0effb266167437fdaffd?s=96&d=mm&r=g\",\"url\":\"https:\\\/\\\/secure.gravatar.com\\\/avatar\\\/9b1269566f6a063ed26ffb3532b66a373cdde231ce5d0effb266167437fdaffd?s=96&d=mm&r=g\",\"contentUrl\":\"https:\\\/\\\/secure.gravatar.com\\\/avatar\\\/9b1269566f6a063ed26ffb3532b66a373cdde231ce5d0effb266167437fdaffd?s=96&d=mm&r=g\",\"caption\":\"Gabriel Sales\"},\"description\":\"Periodista y especialista en Comunicaci\u00f3n y Branding digital. Cin\u00e9filo y cr\u00edtico de cine y series de televisi\u00f3n.\",\"sameAs\":[\"https:\\\/\\\/www.instagram.com\\\/cine90segundos\\\/\",\"www.linkedin.com\\\/in\\\/habemusman\",\"https:\\\/\\\/x.com\\\/habemusman\",\"https:\\\/\\\/www.youtube.com\\\/channel\\\/UCVfCiOMkJ_C7T7OpyjuaLDg\"],\"url\":\"https:\\\/\\\/exaudi.org\\\/it\\\/author\\\/gsalesexaudi-org\\\/\"}]}<\/script>\n<!-- \/ Yoast SEO plugin. -->","yoast_head_json":{"title":"Donne nella Chiesa: la sfida della sinodalit\u00e0 &#8211; Exaudi","description":"Donne nella Chiesa: la sfida della sinodalit\u00e0 \u00e8 il tema dell'odierno convegno internazionale. Partecipa la prima donna con diritto di voto al Sinodo","robots":{"index":"index","follow":"follow","max-snippet":"max-snippet:-1","max-image-preview":"max-image-preview:large","max-video-preview":"max-video-preview:-1"},"canonical":"https:\/\/exaudi.org\/it\/donne-nella-chiesa-la-sfida-della-sinodalita\/","og_locale":"it_IT","og_type":"article","og_title":"Donne nella Chiesa: la sfida della sinodalit\u00e0 &#8211; Exaudi","og_description":"Donne nella Chiesa: la sfida della sinodalit\u00e0 \u00e8 il tema dell'odierno convegno internazionale. Partecipa la prima donna con diritto di voto al Sinodo","og_url":"https:\/\/exaudi.org\/it\/donne-nella-chiesa-la-sfida-della-sinodalita\/","og_site_name":"Exaudi","article_publisher":"https:\/\/www.facebook.com\/ExaudiNews","article_published_time":"2021-06-18T08:48:31+00:00","og_image":[{"width":2048,"height":1095,"url":"https:\/\/exaudi.org\/wp-content\/uploads\/2021\/06\/principal.jpg","type":"image\/jpeg"}],"author":"Gabriel Sales","twitter_card":"summary_large_image","twitter_creator":"@habemusman","twitter_site":"@Exaudi_News","twitter_misc":{"Scritto da":"Gabriel Sales","Tempo di lettura stimato":"6 minuti"},"schema":{"@context":"https:\/\/schema.org","@graph":[{"@type":"Article","@id":"https:\/\/exaudi.org\/it\/donne-nella-chiesa-la-sfida-della-sinodalita\/#article","isPartOf":{"@id":"https:\/\/exaudi.org\/it\/donne-nella-chiesa-la-sfida-della-sinodalita\/"},"author":{"name":"Gabriel Sales","@id":"https:\/\/exaudi.org\/#\/schema\/person\/d134b96438278131ce90c90c03fda6cd"},"headline":"Donne nella Chiesa: la sfida della sinodalit\u00e0","datePublished":"2021-06-18T08:48:31+00:00","mainEntityOfPage":{"@id":"https:\/\/exaudi.org\/it\/donne-nella-chiesa-la-sfida-della-sinodalita\/"},"wordCount":1240,"image":{"@id":"https:\/\/exaudi.org\/it\/donne-nella-chiesa-la-sfida-della-sinodalita\/#primaryimage"},"thumbnailUrl":"https:\/\/exaudi.org\/wp-content\/uploads\/2021\/06\/principal.jpg","keywords":["CELAM","Chiesa","donne","Featured","Papa Francesco","sinodo dei vescovi"],"articleSection":["Interviste","Top Ultime Notizie","Ultime Notizie"],"inLanguage":"it-IT"},{"@type":"WebPage","@id":"https:\/\/exaudi.org\/it\/donne-nella-chiesa-la-sfida-della-sinodalita\/","url":"https:\/\/exaudi.org\/it\/donne-nella-chiesa-la-sfida-della-sinodalita\/","name":"Donne nella Chiesa: la sfida della sinodalit\u00e0 &#8211; Exaudi","isPartOf":{"@id":"https:\/\/exaudi.org\/#website"},"primaryImageOfPage":{"@id":"https:\/\/exaudi.org\/it\/donne-nella-chiesa-la-sfida-della-sinodalita\/#primaryimage"},"image":{"@id":"https:\/\/exaudi.org\/it\/donne-nella-chiesa-la-sfida-della-sinodalita\/#primaryimage"},"thumbnailUrl":"https:\/\/exaudi.org\/wp-content\/uploads\/2021\/06\/principal.jpg","datePublished":"2021-06-18T08:48:31+00:00","author":{"@id":"https:\/\/exaudi.org\/#\/schema\/person\/d134b96438278131ce90c90c03fda6cd"},"description":"Donne nella Chiesa: la sfida della sinodalit\u00e0 \u00e8 il tema dell'odierno convegno internazionale. Partecipa la prima donna con diritto di voto al Sinodo","breadcrumb":{"@id":"https:\/\/exaudi.org\/it\/donne-nella-chiesa-la-sfida-della-sinodalita\/#breadcrumb"},"inLanguage":"it-IT","potentialAction":[{"@type":"ReadAction","target":["https:\/\/exaudi.org\/it\/donne-nella-chiesa-la-sfida-della-sinodalita\/"]}]},{"@type":"ImageObject","inLanguage":"it-IT","@id":"https:\/\/exaudi.org\/it\/donne-nella-chiesa-la-sfida-della-sinodalita\/#primaryimage","url":"https:\/\/exaudi.org\/wp-content\/uploads\/2021\/06\/principal.jpg","contentUrl":"https:\/\/exaudi.org\/wp-content\/uploads\/2021\/06\/principal.jpg","width":2048,"height":1095,"caption":"Il saluto del Papa ad alcune donne dell'UMOFC \u00a9 Facebook UMOFC"},{"@type":"BreadcrumbList","@id":"https:\/\/exaudi.org\/it\/donne-nella-chiesa-la-sfida-della-sinodalita\/#breadcrumb","itemListElement":[{"@type":"ListItem","position":1,"name":"Portada","item":"https:\/\/exaudi.org\/it\/"},{"@type":"ListItem","position":2,"name":"Donne nella Chiesa: la sfida della sinodalit\u00e0"}]},{"@type":"WebSite","@id":"https:\/\/exaudi.org\/#website","url":"https:\/\/exaudi.org\/","name":"Exaudi","description":"News","potentialAction":[{"@type":"SearchAction","target":{"@type":"EntryPoint","urlTemplate":"https:\/\/exaudi.org\/?s={search_term_string}"},"query-input":{"@type":"PropertyValueSpecification","valueRequired":true,"valueName":"search_term_string"}}],"inLanguage":"it-IT"},{"@type":"Person","@id":"https:\/\/exaudi.org\/#\/schema\/person\/d134b96438278131ce90c90c03fda6cd","name":"Gabriel Sales","image":{"@type":"ImageObject","inLanguage":"it-IT","@id":"https:\/\/secure.gravatar.com\/avatar\/9b1269566f6a063ed26ffb3532b66a373cdde231ce5d0effb266167437fdaffd?s=96&d=mm&r=g","url":"https:\/\/secure.gravatar.com\/avatar\/9b1269566f6a063ed26ffb3532b66a373cdde231ce5d0effb266167437fdaffd?s=96&d=mm&r=g","contentUrl":"https:\/\/secure.gravatar.com\/avatar\/9b1269566f6a063ed26ffb3532b66a373cdde231ce5d0effb266167437fdaffd?s=96&d=mm&r=g","caption":"Gabriel Sales"},"description":"Periodista y especialista en Comunicaci\u00f3n y Branding digital. Cin\u00e9filo y cr\u00edtico de cine y series de televisi\u00f3n.","sameAs":["https:\/\/www.instagram.com\/cine90segundos\/","www.linkedin.com\/in\/habemusman","https:\/\/x.com\/habemusman","https:\/\/www.youtube.com\/channel\/UCVfCiOMkJ_C7T7OpyjuaLDg"],"url":"https:\/\/exaudi.org\/it\/author\/gsalesexaudi-org\/"}]}},"jetpack_featured_media_url":"https:\/\/exaudi.org\/wp-content\/uploads\/2021\/06\/principal.jpg","jetpack_shortlink":"https:\/\/wp.me\/pgKjF2-60w","_links":{"self":[{"href":"https:\/\/exaudi.org\/it\/wp-json\/wp\/v2\/posts\/23096","targetHints":{"allow":["GET"]}}],"collection":[{"href":"https:\/\/exaudi.org\/it\/wp-json\/wp\/v2\/posts"}],"about":[{"href":"https:\/\/exaudi.org\/it\/wp-json\/wp\/v2\/types\/post"}],"author":[{"embeddable":true,"href":"https:\/\/exaudi.org\/it\/wp-json\/wp\/v2\/users\/6"}],"replies":[{"embeddable":true,"href":"https:\/\/exaudi.org\/it\/wp-json\/wp\/v2\/comments?post=23096"}],"version-history":[{"count":0,"href":"https:\/\/exaudi.org\/it\/wp-json\/wp\/v2\/posts\/23096\/revisions"}],"wp:featuredmedia":[{"embeddable":true,"href":"https:\/\/exaudi.org\/it\/wp-json\/wp\/v2\/media\/23111"}],"wp:attachment":[{"href":"https:\/\/exaudi.org\/it\/wp-json\/wp\/v2\/media?parent=23096"}],"wp:term":[{"taxonomy":"category","embeddable":true,"href":"https:\/\/exaudi.org\/it\/wp-json\/wp\/v2\/categories?post=23096"},{"taxonomy":"post_tag","embeddable":true,"href":"https:\/\/exaudi.org\/it\/wp-json\/wp\/v2\/tags?post=23096"}],"curies":[{"name":"wp","href":"https:\/\/api.w.org\/{rel}","templated":true}]}}