{"id":20975,"date":"2021-06-07T10:45:48","date_gmt":"2021-06-07T08:45:48","guid":{"rendered":"https:\/\/exaudi.org\/?p=20975"},"modified":"2021-06-07T18:23:47","modified_gmt":"2021-06-07T16:23:47","slug":"cambiamento-climatico-parco-auto-vaticano-sempre-piu-verde","status":"publish","type":"post","link":"https:\/\/exaudi.org\/it\/cambiamento-climatico-parco-auto-vaticano-sempre-piu-verde\/","title":{"rendered":"Cambiamento climatico: parco auto Vaticano sempre pi\u00f9 verde"},"content":{"rendered":"<p>Con una cerimonia in Vaticano, sabato 5 giugno, la casa automobilistica Nissan ha fatto dono al pi\u00f9 piccolo stato sovrano del pianeta di una Nissan Leaf, consegnandola al presidente del Governatorato dello Stato della Citt\u00e0 del Vaticano cardinal Giuseppe Bertello. Erano presenti l&#8217;amministratore delegato di Nissan Italia, Marco Toro, l&#8217;ambasciatore del Regno Unito presso la Santa Sede, Sally Axworthy, e quello del Giappone, Seji Okada, con lo stabilimento Nissan di Sunderland in video-collegamento live. Un gesto concreto nella lotta al cambiamento climatico.<\/p>\n<p>L&#8217;impegno di Nissan \u00e8 la produzione sostenibile di autoveicoli. La produzione della Nissan Leaf, a Sunderland, nel nord-est dell&#8217;Inghilterra, dovrebbe raggiungere la soglia netta di zero emissioni CO2entro due anni.<\/p>\n<p>In occasione dell&#8217;\u201dHigh Level Virtual Climate Ambition Summit\u201d del 12 dicembre scorso, Papa Francesco aveva annunciato l&#8217;impegno della Citt\u00e0 del Vaticano di raggiungere le zero emissioni nette di CO2 entro il 2050. Come parte di questo sforzo, il Vaticano sta gradualmente sostituendo tutte le sue auto a motore a combustione con veicoli elettrici o ibridi.<\/p>\n<h4>Possibile viaggio del Papa a Glasgow per la COP26 di novembre 2021<\/h4>\n<p>Il Papa potrebbe fare un breve viaggio in Scozia per la COP26 \u2013 la ventiseiesima\u00a0Conferenza delle Parti della Convenzione delle Nazioni Unite sul Cambiamento Climatico (UNFCCC)\u00a0&#8211; del prossimo novembre. L\u2019aveva detto il <a href=\"https:\/\/exaudi.org\/it\/turkson-il-papa-forse-a-glasgow-per-la-cop-26\/\">cardinale Peter Kodwo Appiah Turkson<\/a> a Exaudi il 25 maggio. La conferenza \u00e8 in programma dal 1\u00b0 al 12 novembre a Glasgow, nel Regno Unito, con l&#8217;obiettivo di un&#8217;accelerazione verso gli obiettivi dell&#8217;Accordo di Parigi e della Convenzione quadro delle Nazioni Unite sui cambiamenti climatici.<\/p>\n<p>Come riferito a Deborah Castellano Lubov di Exaudi dal cardinale Turkson, Prefetto del Dicastero Vaticano per il Servizio allo Sviluppo umano integrale, l&#8217;idea \u00e8 che il Papa e il Patriarca ecumenico ortodosso di Costantinopoli possano intervenire alla conferenza nello stesso giorno, anche se nulla al momento \u00e8 confermato. &#8220;Speriamo e teniamo le dita incrociate&#8221;, aveva auspicato il cardinale, riferendo anche che \u201cper quanto ne so, anche il Patriarca ecumenico di Costantinopoli, Bartolomeo ha preso contatto, attraverso il suo segretario personale, per cercare di sincronizzare le date&#8221;.<\/p>\n<h4>L&#8217;ambasciatore britannico: \u201clieta che il Vaticano si doti di un parco veicoli pi\u00f9 verde\u201d<\/h4>\n<p>&#8220;Il passaggio ai veicoli elettrici&#8221;, ha detto alla cerimonia di sabato Sally Axworthy, ambasciatore britannico presso la Santa Sede, &#8220;sar\u00e0 una parte essenziale dei nostri sforzi collettivi per contenere l&#8217;aumento della temperatura globale entro 1,5 gradi centigradi. Nell&#8217;anno in cui il Regno Unito ospiter\u00e0 il vertice sul clima, COP26, sono davvero felice che il Vaticano si stia dotando di un parco veicoli pi\u00f9 verde, con l&#8217;aiuto di Nissan\u201d.<\/p>\n<p>\u201cSi tratta\u201d, ha osservato ancora l&#8217;ambasciatore Axworthy, \u201cdi un ottimo esempio per tutti noi. Il Regno Unito si \u00e8 impegnato a raggiungere lo zero netto di emissioni CO2 entro il 2050, terminando la commercializzazione di auto nuove a benzina e diesel nel paese entro il 2030. E la produzione degli autoveicoli Nissan a Sunderland dimostra come con la tecnologia si possano realizzare una crescita economica sostenibile e un&#8217;occupazione lavorativa dignitosa&#8221;.<\/p>\n<h4>L&#8217;ambasciatore giapponese: \u201cla decarbonizzazione globale esige una comunit\u00e0 internazionale unita\u201d<\/h4>\n<p>L&#8217;ambasciatore del Giappone presso la Santa Sede, Seji Okada, ha rammentato quindi che \u201canche il Giappone\u201d, come dichiarato dal primo ministro Suga da Tokyo, \u201cmira a realizzare una societ\u00e0 de-carbonizzata riducendo a zero le emissioni totali di gas serra entro il 2050, e lavorando all&#8217;utilizzo di fonti di energia decarbonizzate, come le energie rinnovabili.&#8221;<\/p>\n<p>Ma per il diplomatico nipponico &#8220;la de-carbonizzazione globale non \u00e8 un obiettivo raggiungibile con gli sforzi di un solo paese: \u00e8 una sfida che richiede che l&#8217;intera comunit\u00e0 internazionale agisca unita\u201d.<\/p>\n<p>Quanto allo Stato della Citt\u00e0 del Vaticano, Okada ha osservato ancora che \u201csiccome Papa Francesco chiede un&#8217;azione urgente sul cambiamento climatico, \u00e8 particolarmente significativo che il Vaticano sostituisca gradualmente i suoi veicoli di servizio con un parco auto ad alimentazione elettrica, dando l&#8217;esempio a tutti gli altri paesi del mondo. E il contributo di aziende come Nissan sar\u00e0 fondamentale per raggiungere questo obiettivo&#8221;.<\/p>\n<h4>Investire in energie rinnovabili per fermare il riscaldamento del globo<\/h4>\n<p>Lo stabilimento di Sunderland \u00e8 l&#8217;hub centrale della produzione di autovetture Nissan in Europa. Il nord-est dell&#8217;Inghilterra, dove lo stabilimento si trova, \u00e8 stato un centro di estrazione del carbone, cantieristica navale e produzione dell&#8217;acciaio fino al graduale esaurirsi della gran parte di queste attivit\u00e0 negli anni &#8217;80.<\/p>\n<p>Aperto nel 1986, lo stabilimento Nissan \u00e8 il pi\u00f9 grande del Regno Unito per la produzione di automobili, 500.000 veicoli all&#8217;anno, pi\u00f9 di 1.500 al giorno, impiegando forza lavoro principalmente locale. La fabbrica d\u00e0 lavoro a 6.000 persone e pi\u00f9 di 30.000 lavoratori sono impiegati nell&#8217;indotto. Dal 2013 a Sunderland sono state prodotte 200.000 Nissan Leafs ed \u00e8 stato realizzato anche il primo impianto per la produzione di batterie in loco.<\/p>\n<p>In vista della COP26, il Regno Unito sta lavorando con tutte le nazioni per implementare l&#8217;accordo di Parigi sulla lotta al cambiamento climatico. Gli obiettivi chiave sono garantire lo zero globale di emissioni di gas serra entro il 2050 e mantenere l&#8217;aumento della temperatura al di sotto di 1,5 gradi; per raggiungerli, ogni paese dovr\u00e0 accelerare l&#8217;eliminazione del carbone, ridurre la deforestazione, accelerare il passaggio ai veicoli elettrici e incentivare gli investimenti in energie rinnovabili.<\/p>\n","protected":false},"excerpt":{"rendered":"<p>In vista della COP 26. Cerimonia in Vaticano con gli ambasciatori di Giappone e Regno Unito presso la Santa Sede<\/p>\n","protected":false},"author":3,"featured_media":20930,"comment_status":"closed","ping_status":"closed","sticky":false,"template":"","format":"standard","meta":{"_acf_changed":false,"_crdt_document":"","inline_featured_image":false,"footnotes":""},"categories":[2157,297,131],"tags":[2707,2121,2487,2706,2705,266],"class_list":["post-20975","post","type-post","status-publish","format-standard","has-post-thumbnail","hentry","category-top-ultime-notizie","category-ultime-notizie","category-vaticano","tag-cambiamento-climatico","tag-ecologia","tag-featured-3","tag-mobilita","tag-sostenibilita","tag-vaticano"],"acf":[],"yoast_head":"<!-- This site is optimized with the Yoast SEO plugin v27.4 - https:\/\/yoast.com\/product\/yoast-seo-wordpress\/ -->\n<title>Cambiamento climatico: parco auto Vaticano sempre pi\u00f9 verde &#8211; Exaudi<\/title>\n<meta name=\"description\" content=\"Nella lotta al cambiamento climatico altro passo avanti del Vaticano: il parco auto \u00e8 sempre pi\u00f9 verde con la consegna di un&#039;altra auto elettrica\" \/>\n<meta name=\"robots\" content=\"index, follow, max-snippet:-1, max-image-preview:large, max-video-preview:-1\" \/>\n<link rel=\"canonical\" href=\"https:\/\/exaudi.org\/it\/cambiamento-climatico-parco-auto-vaticano-sempre-piu-verde\/\" \/>\n<meta property=\"og:locale\" content=\"it_IT\" \/>\n<meta property=\"og:type\" content=\"article\" \/>\n<meta property=\"og:title\" content=\"Cambiamento climatico: parco auto Vaticano sempre pi\u00f9 verde &#8211; Exaudi\" \/>\n<meta property=\"og:description\" content=\"Nella lotta al cambiamento climatico altro passo avanti del Vaticano: il parco auto \u00e8 sempre pi\u00f9 verde con la consegna di un&#039;altra auto elettrica\" \/>\n<meta property=\"og:url\" content=\"https:\/\/exaudi.org\/it\/cambiamento-climatico-parco-auto-vaticano-sempre-piu-verde\/\" \/>\n<meta property=\"og:site_name\" content=\"Exaudi\" \/>\n<meta property=\"article:publisher\" content=\"https:\/\/www.facebook.com\/ExaudiNews\" \/>\n<meta property=\"article:published_time\" content=\"2021-06-07T08:45:48+00:00\" \/>\n<meta property=\"article:modified_time\" content=\"2021-06-07T16:23:47+00:00\" \/>\n<meta property=\"og:image\" content=\"https:\/\/exaudi.org\/wp-content\/uploads\/2021\/06\/Nissan-Leaf-Handover-ceremony-1-768x576-1.jpeg\" \/>\n\t<meta property=\"og:image:width\" content=\"768\" \/>\n\t<meta property=\"og:image:height\" content=\"576\" \/>\n\t<meta property=\"og:image:type\" content=\"image\/jpeg\" \/>\n<meta name=\"author\" content=\"Deborah Castellano Lubov\" \/>\n<meta name=\"twitter:card\" content=\"summary_large_image\" \/>\n<meta name=\"twitter:creator\" content=\"@Exaudi_News\" \/>\n<meta name=\"twitter:site\" content=\"@Exaudi_News\" \/>\n<meta name=\"twitter:label1\" content=\"Scritto da\" \/>\n\t<meta name=\"twitter:data1\" content=\"Deborah Castellano Lubov\" \/>\n\t<meta name=\"twitter:label2\" content=\"Tempo di lettura stimato\" \/>\n\t<meta name=\"twitter:data2\" content=\"4 minuti\" \/>\n<script type=\"application\/ld+json\" class=\"yoast-schema-graph\">{\"@context\":\"https:\\\/\\\/schema.org\",\"@graph\":[{\"@type\":\"Article\",\"@id\":\"https:\\\/\\\/exaudi.org\\\/it\\\/cambiamento-climatico-parco-auto-vaticano-sempre-piu-verde\\\/#article\",\"isPartOf\":{\"@id\":\"https:\\\/\\\/exaudi.org\\\/it\\\/cambiamento-climatico-parco-auto-vaticano-sempre-piu-verde\\\/\"},\"author\":{\"name\":\"Deborah Castellano Lubov\",\"@id\":\"https:\\\/\\\/exaudi.org\\\/#\\\/schema\\\/person\\\/ca36230f63b85cb8badafaa15f06d602\"},\"headline\":\"Cambiamento climatico: parco auto Vaticano sempre pi\u00f9 verde\",\"datePublished\":\"2021-06-07T08:45:48+00:00\",\"dateModified\":\"2021-06-07T16:23:47+00:00\",\"mainEntityOfPage\":{\"@id\":\"https:\\\/\\\/exaudi.org\\\/it\\\/cambiamento-climatico-parco-auto-vaticano-sempre-piu-verde\\\/\"},\"wordCount\":864,\"image\":{\"@id\":\"https:\\\/\\\/exaudi.org\\\/it\\\/cambiamento-climatico-parco-auto-vaticano-sempre-piu-verde\\\/#primaryimage\"},\"thumbnailUrl\":\"https:\\\/\\\/exaudi.org\\\/wp-content\\\/uploads\\\/2021\\\/06\\\/Nissan-Leaf-Handover-ceremony-1-768x576-1.jpeg\",\"keywords\":[\"cambiamento climatico\",\"ecologia\",\"Featured\",\"mobilit\u00e0\",\"sostenibilit\u00e0\",\"Vaticano\"],\"articleSection\":[\"Top Ultime Notizie\",\"Ultime Notizie\",\"Vaticano\"],\"inLanguage\":\"it-IT\"},{\"@type\":\"WebPage\",\"@id\":\"https:\\\/\\\/exaudi.org\\\/it\\\/cambiamento-climatico-parco-auto-vaticano-sempre-piu-verde\\\/\",\"url\":\"https:\\\/\\\/exaudi.org\\\/it\\\/cambiamento-climatico-parco-auto-vaticano-sempre-piu-verde\\\/\",\"name\":\"Cambiamento climatico: parco auto Vaticano sempre pi\u00f9 verde &#8211; Exaudi\",\"isPartOf\":{\"@id\":\"https:\\\/\\\/exaudi.org\\\/#website\"},\"primaryImageOfPage\":{\"@id\":\"https:\\\/\\\/exaudi.org\\\/it\\\/cambiamento-climatico-parco-auto-vaticano-sempre-piu-verde\\\/#primaryimage\"},\"image\":{\"@id\":\"https:\\\/\\\/exaudi.org\\\/it\\\/cambiamento-climatico-parco-auto-vaticano-sempre-piu-verde\\\/#primaryimage\"},\"thumbnailUrl\":\"https:\\\/\\\/exaudi.org\\\/wp-content\\\/uploads\\\/2021\\\/06\\\/Nissan-Leaf-Handover-ceremony-1-768x576-1.jpeg\",\"datePublished\":\"2021-06-07T08:45:48+00:00\",\"dateModified\":\"2021-06-07T16:23:47+00:00\",\"author\":{\"@id\":\"https:\\\/\\\/exaudi.org\\\/#\\\/schema\\\/person\\\/ca36230f63b85cb8badafaa15f06d602\"},\"description\":\"Nella lotta al cambiamento climatico altro passo avanti del Vaticano: il parco auto \u00e8 sempre pi\u00f9 verde con la consegna di un'altra auto elettrica\",\"breadcrumb\":{\"@id\":\"https:\\\/\\\/exaudi.org\\\/it\\\/cambiamento-climatico-parco-auto-vaticano-sempre-piu-verde\\\/#breadcrumb\"},\"inLanguage\":\"it-IT\",\"potentialAction\":[{\"@type\":\"ReadAction\",\"target\":[\"https:\\\/\\\/exaudi.org\\\/it\\\/cambiamento-climatico-parco-auto-vaticano-sempre-piu-verde\\\/\"]}]},{\"@type\":\"ImageObject\",\"inLanguage\":\"it-IT\",\"@id\":\"https:\\\/\\\/exaudi.org\\\/it\\\/cambiamento-climatico-parco-auto-vaticano-sempre-piu-verde\\\/#primaryimage\",\"url\":\"https:\\\/\\\/exaudi.org\\\/wp-content\\\/uploads\\\/2021\\\/06\\\/Nissan-Leaf-Handover-ceremony-1-768x576-1.jpeg\",\"contentUrl\":\"https:\\\/\\\/exaudi.org\\\/wp-content\\\/uploads\\\/2021\\\/06\\\/Nissan-Leaf-Handover-ceremony-1-768x576-1.jpeg\",\"width\":768,\"height\":576,\"caption\":\"La consegna della Nissan Leaf in Vaticano \u00a9 Ambasciata del Regno Unito presso la S. Sede\"},{\"@type\":\"BreadcrumbList\",\"@id\":\"https:\\\/\\\/exaudi.org\\\/it\\\/cambiamento-climatico-parco-auto-vaticano-sempre-piu-verde\\\/#breadcrumb\",\"itemListElement\":[{\"@type\":\"ListItem\",\"position\":1,\"name\":\"Portada\",\"item\":\"https:\\\/\\\/exaudi.org\\\/it\\\/\"},{\"@type\":\"ListItem\",\"position\":2,\"name\":\"Cambiamento climatico: parco auto Vaticano sempre pi\u00f9 verde\"}]},{\"@type\":\"WebSite\",\"@id\":\"https:\\\/\\\/exaudi.org\\\/#website\",\"url\":\"https:\\\/\\\/exaudi.org\\\/\",\"name\":\"Exaudi\",\"description\":\"News\",\"potentialAction\":[{\"@type\":\"SearchAction\",\"target\":{\"@type\":\"EntryPoint\",\"urlTemplate\":\"https:\\\/\\\/exaudi.org\\\/?s={search_term_string}\"},\"query-input\":{\"@type\":\"PropertyValueSpecification\",\"valueRequired\":true,\"valueName\":\"search_term_string\"}}],\"inLanguage\":\"it-IT\"},{\"@type\":\"Person\",\"@id\":\"https:\\\/\\\/exaudi.org\\\/#\\\/schema\\\/person\\\/ca36230f63b85cb8badafaa15f06d602\",\"name\":\"Deborah Castellano Lubov\",\"image\":{\"@type\":\"ImageObject\",\"inLanguage\":\"it-IT\",\"@id\":\"https:\\\/\\\/secure.gravatar.com\\\/avatar\\\/1634e49afca8a60560a6701011a51b43f0e7362f22afa1fa6c37dfb70bd8d6a8?s=96&d=mm&r=g\",\"url\":\"https:\\\/\\\/secure.gravatar.com\\\/avatar\\\/1634e49afca8a60560a6701011a51b43f0e7362f22afa1fa6c37dfb70bd8d6a8?s=96&d=mm&r=g\",\"contentUrl\":\"https:\\\/\\\/secure.gravatar.com\\\/avatar\\\/1634e49afca8a60560a6701011a51b43f0e7362f22afa1fa6c37dfb70bd8d6a8?s=96&d=mm&r=g\",\"caption\":\"Deborah Castellano Lubov\"},\"description\":\"Deborah Castellano Lubov is Editorial Director &amp; Senior Vatican &amp; Rome Correspondent for EXAUDI (&amp; Prior, for ZENIT); Author of 'The Other Francis' ('L'Altro Francesco') featuring interviews with those closest to the Pope and preface by Vatican Secretary of State Cardinal Parolin (currently published in 5 languages); Deborah is also NBC &amp; MSNBC Vatican Analyst. She often covers the Pope's travels abroad, often from the Papal Flight (including for historic trips such as to Abu Dhabi and Japan &amp; Thailand), and has also asked him questions on the return-flight press conference on behalf of the English-speaking press present. Lubov has done much TV &amp; radio commentary, including for NBC, Sky, EWTN, BBC, Vatican Radio, AP, Reuters and more. She also has contributed to various books on the Pope and has written for various Catholic publications. For 'The Other Francis': http:\\\/\\\/www.gracewing.co.uk\\\/page219.html or https:\\\/\\\/www.amazon.com\\\/Other-Francis-Everything-They-about\\\/dp\\\/0852449348\\\/\",\"url\":\"https:\\\/\\\/exaudi.org\\\/it\\\/author\\\/dlubovexaudi-org\\\/\"}]}<\/script>\n<!-- \/ Yoast SEO plugin. -->","yoast_head_json":{"title":"Cambiamento climatico: parco auto Vaticano sempre pi\u00f9 verde &#8211; Exaudi","description":"Nella lotta al cambiamento climatico altro passo avanti del Vaticano: il parco auto \u00e8 sempre pi\u00f9 verde con la consegna di un'altra auto elettrica","robots":{"index":"index","follow":"follow","max-snippet":"max-snippet:-1","max-image-preview":"max-image-preview:large","max-video-preview":"max-video-preview:-1"},"canonical":"https:\/\/exaudi.org\/it\/cambiamento-climatico-parco-auto-vaticano-sempre-piu-verde\/","og_locale":"it_IT","og_type":"article","og_title":"Cambiamento climatico: parco auto Vaticano sempre pi\u00f9 verde &#8211; Exaudi","og_description":"Nella lotta al cambiamento climatico altro passo avanti del Vaticano: il parco auto \u00e8 sempre pi\u00f9 verde con la consegna di un'altra auto elettrica","og_url":"https:\/\/exaudi.org\/it\/cambiamento-climatico-parco-auto-vaticano-sempre-piu-verde\/","og_site_name":"Exaudi","article_publisher":"https:\/\/www.facebook.com\/ExaudiNews","article_published_time":"2021-06-07T08:45:48+00:00","article_modified_time":"2021-06-07T16:23:47+00:00","og_image":[{"width":768,"height":576,"url":"https:\/\/exaudi.org\/wp-content\/uploads\/2021\/06\/Nissan-Leaf-Handover-ceremony-1-768x576-1.jpeg","type":"image\/jpeg"}],"author":"Deborah Castellano Lubov","twitter_card":"summary_large_image","twitter_creator":"@Exaudi_News","twitter_site":"@Exaudi_News","twitter_misc":{"Scritto da":"Deborah Castellano Lubov","Tempo di lettura stimato":"4 minuti"},"schema":{"@context":"https:\/\/schema.org","@graph":[{"@type":"Article","@id":"https:\/\/exaudi.org\/it\/cambiamento-climatico-parco-auto-vaticano-sempre-piu-verde\/#article","isPartOf":{"@id":"https:\/\/exaudi.org\/it\/cambiamento-climatico-parco-auto-vaticano-sempre-piu-verde\/"},"author":{"name":"Deborah Castellano Lubov","@id":"https:\/\/exaudi.org\/#\/schema\/person\/ca36230f63b85cb8badafaa15f06d602"},"headline":"Cambiamento climatico: parco auto Vaticano sempre pi\u00f9 verde","datePublished":"2021-06-07T08:45:48+00:00","dateModified":"2021-06-07T16:23:47+00:00","mainEntityOfPage":{"@id":"https:\/\/exaudi.org\/it\/cambiamento-climatico-parco-auto-vaticano-sempre-piu-verde\/"},"wordCount":864,"image":{"@id":"https:\/\/exaudi.org\/it\/cambiamento-climatico-parco-auto-vaticano-sempre-piu-verde\/#primaryimage"},"thumbnailUrl":"https:\/\/exaudi.org\/wp-content\/uploads\/2021\/06\/Nissan-Leaf-Handover-ceremony-1-768x576-1.jpeg","keywords":["cambiamento climatico","ecologia","Featured","mobilit\u00e0","sostenibilit\u00e0","Vaticano"],"articleSection":["Top Ultime Notizie","Ultime Notizie","Vaticano"],"inLanguage":"it-IT"},{"@type":"WebPage","@id":"https:\/\/exaudi.org\/it\/cambiamento-climatico-parco-auto-vaticano-sempre-piu-verde\/","url":"https:\/\/exaudi.org\/it\/cambiamento-climatico-parco-auto-vaticano-sempre-piu-verde\/","name":"Cambiamento climatico: parco auto Vaticano sempre pi\u00f9 verde &#8211; Exaudi","isPartOf":{"@id":"https:\/\/exaudi.org\/#website"},"primaryImageOfPage":{"@id":"https:\/\/exaudi.org\/it\/cambiamento-climatico-parco-auto-vaticano-sempre-piu-verde\/#primaryimage"},"image":{"@id":"https:\/\/exaudi.org\/it\/cambiamento-climatico-parco-auto-vaticano-sempre-piu-verde\/#primaryimage"},"thumbnailUrl":"https:\/\/exaudi.org\/wp-content\/uploads\/2021\/06\/Nissan-Leaf-Handover-ceremony-1-768x576-1.jpeg","datePublished":"2021-06-07T08:45:48+00:00","dateModified":"2021-06-07T16:23:47+00:00","author":{"@id":"https:\/\/exaudi.org\/#\/schema\/person\/ca36230f63b85cb8badafaa15f06d602"},"description":"Nella lotta al cambiamento climatico altro passo avanti del Vaticano: il parco auto \u00e8 sempre pi\u00f9 verde con la consegna di un'altra auto elettrica","breadcrumb":{"@id":"https:\/\/exaudi.org\/it\/cambiamento-climatico-parco-auto-vaticano-sempre-piu-verde\/#breadcrumb"},"inLanguage":"it-IT","potentialAction":[{"@type":"ReadAction","target":["https:\/\/exaudi.org\/it\/cambiamento-climatico-parco-auto-vaticano-sempre-piu-verde\/"]}]},{"@type":"ImageObject","inLanguage":"it-IT","@id":"https:\/\/exaudi.org\/it\/cambiamento-climatico-parco-auto-vaticano-sempre-piu-verde\/#primaryimage","url":"https:\/\/exaudi.org\/wp-content\/uploads\/2021\/06\/Nissan-Leaf-Handover-ceremony-1-768x576-1.jpeg","contentUrl":"https:\/\/exaudi.org\/wp-content\/uploads\/2021\/06\/Nissan-Leaf-Handover-ceremony-1-768x576-1.jpeg","width":768,"height":576,"caption":"La consegna della Nissan Leaf in Vaticano \u00a9 Ambasciata del Regno Unito presso la S. Sede"},{"@type":"BreadcrumbList","@id":"https:\/\/exaudi.org\/it\/cambiamento-climatico-parco-auto-vaticano-sempre-piu-verde\/#breadcrumb","itemListElement":[{"@type":"ListItem","position":1,"name":"Portada","item":"https:\/\/exaudi.org\/it\/"},{"@type":"ListItem","position":2,"name":"Cambiamento climatico: parco auto Vaticano sempre pi\u00f9 verde"}]},{"@type":"WebSite","@id":"https:\/\/exaudi.org\/#website","url":"https:\/\/exaudi.org\/","name":"Exaudi","description":"News","potentialAction":[{"@type":"SearchAction","target":{"@type":"EntryPoint","urlTemplate":"https:\/\/exaudi.org\/?s={search_term_string}"},"query-input":{"@type":"PropertyValueSpecification","valueRequired":true,"valueName":"search_term_string"}}],"inLanguage":"it-IT"},{"@type":"Person","@id":"https:\/\/exaudi.org\/#\/schema\/person\/ca36230f63b85cb8badafaa15f06d602","name":"Deborah Castellano Lubov","image":{"@type":"ImageObject","inLanguage":"it-IT","@id":"https:\/\/secure.gravatar.com\/avatar\/1634e49afca8a60560a6701011a51b43f0e7362f22afa1fa6c37dfb70bd8d6a8?s=96&d=mm&r=g","url":"https:\/\/secure.gravatar.com\/avatar\/1634e49afca8a60560a6701011a51b43f0e7362f22afa1fa6c37dfb70bd8d6a8?s=96&d=mm&r=g","contentUrl":"https:\/\/secure.gravatar.com\/avatar\/1634e49afca8a60560a6701011a51b43f0e7362f22afa1fa6c37dfb70bd8d6a8?s=96&d=mm&r=g","caption":"Deborah Castellano Lubov"},"description":"Deborah Castellano Lubov is Editorial Director &amp; Senior Vatican &amp; Rome Correspondent for EXAUDI (&amp; Prior, for ZENIT); Author of 'The Other Francis' ('L'Altro Francesco') featuring interviews with those closest to the Pope and preface by Vatican Secretary of State Cardinal Parolin (currently published in 5 languages); Deborah is also NBC &amp; MSNBC Vatican Analyst. She often covers the Pope's travels abroad, often from the Papal Flight (including for historic trips such as to Abu Dhabi and Japan &amp; Thailand), and has also asked him questions on the return-flight press conference on behalf of the English-speaking press present. Lubov has done much TV &amp; radio commentary, including for NBC, Sky, EWTN, BBC, Vatican Radio, AP, Reuters and more. She also has contributed to various books on the Pope and has written for various Catholic publications. For 'The Other Francis': http:\/\/www.gracewing.co.uk\/page219.html or https:\/\/www.amazon.com\/Other-Francis-Everything-They-about\/dp\/0852449348\/","url":"https:\/\/exaudi.org\/it\/author\/dlubovexaudi-org\/"}]}},"jetpack_featured_media_url":"https:\/\/exaudi.org\/wp-content\/uploads\/2021\/06\/Nissan-Leaf-Handover-ceremony-1-768x576-1.jpeg","jetpack_shortlink":"https:\/\/wp.me\/pgKjF2-5sj","_links":{"self":[{"href":"https:\/\/exaudi.org\/it\/wp-json\/wp\/v2\/posts\/20975","targetHints":{"allow":["GET"]}}],"collection":[{"href":"https:\/\/exaudi.org\/it\/wp-json\/wp\/v2\/posts"}],"about":[{"href":"https:\/\/exaudi.org\/it\/wp-json\/wp\/v2\/types\/post"}],"author":[{"embeddable":true,"href":"https:\/\/exaudi.org\/it\/wp-json\/wp\/v2\/users\/3"}],"replies":[{"embeddable":true,"href":"https:\/\/exaudi.org\/it\/wp-json\/wp\/v2\/comments?post=20975"}],"version-history":[{"count":0,"href":"https:\/\/exaudi.org\/it\/wp-json\/wp\/v2\/posts\/20975\/revisions"}],"wp:featuredmedia":[{"embeddable":true,"href":"https:\/\/exaudi.org\/it\/wp-json\/wp\/v2\/media\/20930"}],"wp:attachment":[{"href":"https:\/\/exaudi.org\/it\/wp-json\/wp\/v2\/media?parent=20975"}],"wp:term":[{"taxonomy":"category","embeddable":true,"href":"https:\/\/exaudi.org\/it\/wp-json\/wp\/v2\/categories?post=20975"},{"taxonomy":"post_tag","embeddable":true,"href":"https:\/\/exaudi.org\/it\/wp-json\/wp\/v2\/tags?post=20975"}],"curies":[{"name":"wp","href":"https:\/\/api.w.org\/{rel}","templated":true}]}}