{"id":20186,"date":"2021-06-01T16:46:31","date_gmt":"2021-06-01T14:46:31","guid":{"rendered":"https:\/\/exaudi.org\/?p=20186"},"modified":"2021-06-01T16:46:31","modified_gmt":"2021-06-01T14:46:31","slug":"la-bellezza-del-matrimonio-nel-video-di-giugno","status":"publish","type":"post","link":"https:\/\/exaudi.org\/it\/la-bellezza-del-matrimonio-nel-video-di-giugno\/","title":{"rendered":"La bellezza del matrimonio nel Video di giugno"},"content":{"rendered":"<p>\u00c8 dedicato alla bellezza del matrimonio <a href=\"https:\/\/lamachi.us2.list-manage.com\/track\/click?u=f4ad1af194e3c394ddd3c2b53&amp;id=b1a1d00b4b&amp;e=9ace5cb9c2\">Il Video del Papa<\/a>\u00a0con l&#8217;intenzione di\u00a0preghiera\u00a0che\u00a0Papa Francesco\u00a0affida per i mese di giugno a tutta la\u00a0Chiesa cattolica\u00a0attraverso la\u00a0<a href=\"https:\/\/lamachi.us2.list-manage.com\/track\/click?u=f4ad1af194e3c394ddd3c2b53&amp;id=7f1a90dcb7&amp;e=9ace5cb9c2\">Rete Mondiale di Preghiera del Papa<\/a>. Inserito nell&#8217;\u201cAnno speciale dedicato alla famiglia\u201d, iniziato il 19 marzo 2021, il video \u00e8 pubblicato in collaborazione con il\u00a0<a href=\"https:\/\/lamachi.us2.list-manage.com\/track\/click?u=f4ad1af194e3c394ddd3c2b53&amp;id=f9573b146b&amp;e=9ace5cb9c2\">Dicastero per i Laici, la Famiglia e la Vita<\/a>. Il Santo Padre esorta i giovani a intraprendere questo viaggio impegnativo, visto che \u201csposarsi e condividere la vita \u00e8 una cosa bella\u201d. Per questo, \u00e8 una vocazione che vale la pena seguire, visto che \u201cDio ha un sogno per noi, l&#8217;amore, e ci chiede di farlo nostro\u201d. L&#8217;intenzione di preghiera ribadisce la natura di questa vocazione, che \u201cnon \u00e8 solo un atto \u2018sociale\u2019: \u00e8 una vocazione che nasce dal cuore\u201d.<\/p>\n<h4>Il testo del messaggio<\/h4>\n<p>Queste le parole del Papa: \u201c\u00c8 vero quello che dicono alcuni, che i giovani non vogliono sposarsi, specialmente in questi tempi cos\u00ec duri? Sposarsi e condividere la vita \u00e8 una cosa bella. \u00c8 un viaggio impegnativo, a volte difficile, a volte anche conflittuale, ma vale la pena rischiare. E in questo viaggio di tutta la vita, la sposa e lo sposo non sono soli: li accompagna Ges\u00f9.<\/p>\n<h4>La vocazione al matrimonio<\/h4>\n<p>Il matrimonio non \u00e8 solo un atto \u201csociale\u201d: \u00e8 una vocazione che nasce dal cuore, \u00e8 una decisione consapevole per tutta la vita, che richiede una preparazione specifica. Per favore, non dimenticatelo mai! Dio ha un sogno per noi, l\u2019amore, e ci chiede di farlo nostro. Facciamo nostro l&#8217;amore, che \u00e8 il sogno di Dio. E preghiamo per i giovani che si preparano al matrimonio con il sostegno di una comunit\u00e0 cristiana: perch\u00e9 crescano nell&#8217;amore, con generosit\u00e0, fedelt\u00e0 e pazienza. Perch\u00e9 per amare serve molta pazienza. Per\u00f2 vale la pena, eh?\u201d.<\/p>\n<h4>Tendenze mondiali del matrimonio<\/h4>\n<p>Nelle parole del Papa risuonano ancora le difficolt\u00e0 e le complicazioni che molte famiglie e tante coppie hanno affrontato a causa della pandemia. Il tasso dei matrimoni, secondo alcuni dati, sta calando notevolmente dal 1972, al punto che in Paesi come gli Stati Uniti \u00e8 arrivato ai livelli pi\u00f9 bassi da quando si tengono registri al riguardo. In molti luoghi, inoltre, il calo del tasso di matrimonio \u00e8 stato accompagnato da un aumento dell&#8217;et\u00e0 a cui ci si sposa (in Svezia, ad esempio, la media si avvicina a 34 anni). Quanto alle famiglie, si osserva non solo che la proporzione dei figli nati al di fuori del matrimonio \u00e8 aumentata considerevolmente in quasi tutti i Paesi dell&#8217;OCSE, ma anche che si \u00e8 moltiplicato il numero dei divorzi, che in alcuni Paesi interessano pi\u00f9 della met\u00e0 delle coppie.<\/p>\n<p>In molti casi, il lockdown ha portato alla luce tensioni e conflitti familiari, e ha reso la convivenza un compito pi\u00f9 arduo. Il messaggio del Papa esorta per\u00f2 ad andare avanti: \u201cvale la pena rischiare. E in questo viaggio di tutta la vita, la sposa e lo sposo non sono soli: li accompagna Ges\u00f9\u201d.<\/p>\n<h4>Anno speciale dedicato alla Famiglia<\/h4>\n<p><a href=\"https:\/\/lamachi.us2.list-manage.com\/track\/click?u=f4ad1af194e3c394ddd3c2b53&amp;id=a6e6fbd9c5&amp;e=9ace5cb9c2\">Il Video del Papa<\/a> di giugno sul matrimonio giunge in un momento particolarmente opportuno. Nella festa della Sacra Famiglia del 2020, Papa Francesco aveva convocato un Anno speciale dedicato alla famiglia, iniziato il 19 marzo 2021 sul tema \u201cL&#8217;amore familiare: vocazione e cammino di santit\u00e0\u201d. Questa convocazione coincide con il quinto anniversario dell&#8217;esortazione apostolica Amoris Laetitia e con il terzo dell&#8217;esortazione apostolica Gaudete et Exsultate: l&#8217;intenzione di questo mese si inserisce quindi nella vocazione all&#8217;amore che ogni persona ha a partire dal posto che occupa nella sua famiglia. Si accompagna, inoltre, a un altro importante evento: l&#8217;Anno di San Giuseppe, che durer\u00e0 fino all&#8217;8 dicembre.<\/p>\n<h4>Preparazione specifica al matrimonio<\/h4>\n<p>Un aspetto importante del\u00a0<a href=\"https:\/\/lamachi.us2.list-manage.com\/track\/click?u=f4ad1af194e3c394ddd3c2b53&amp;id=1a3e20147b&amp;e=9ace5cb9c2\">Video del Papa<\/a>\u00a0\u00e8 mostrare la bellezza del matrimonio e della famiglia come qualcosa di pi\u00f9 di un atto \u201csociale\u201d: \u201c\u00e8 una vocazione che nasce dal cuore, \u00e8 una decisione consapevole per tutta la vita che richiede una preparazione specifica\u201d.<\/p>\n<p>\u201cPreparare i giovani e i fidanzati ad una vera e propria vocazione, e non solo alla celebrazione delle nozze, \u00e8 una priorit\u00e0\u201d. Cos\u00ec, ha commentato il Sottosegretario del Dicastero per i Laici, la Famiglia e la Vita, prof.ssa Gabriella Gambino. \u201cRipartire dal significato del Battesimo per giungere a comprendere la presenza di Cristo nella vita quotidiana dei fidanzati, prima, e degli sposi poi, \u00e8 indispensabile per consegnare ai giovani la certezza che il proprio progetto familiare \u00e8 la risposta ad una chiamata e che questo progetto \u00e8 possibile. In una societ\u00e0 secolarizzata che non crede pi\u00f9 nel matrimonio, \u00e8 fondamentale annunciare la forza e la potenza del sacramento come vocazione, mostrare che le relazioni familiari possono avere un valore salvifico per le persone ed essere via di santit\u00e0. Si tratta di portare concretamente Cristo nella vita delle famiglie\u201d.<\/p>\n<h4>Il sostegno della comunit\u00e0<\/h4>\n<p>Fr\u00e9d\u00e9ric Fornos S.J., Direttore Internazionale della\u00a0<a href=\"https:\/\/lamachi.us2.list-manage.com\/track\/click?u=f4ad1af194e3c394ddd3c2b53&amp;id=828fc60014&amp;e=9ace5cb9c2\">Rete Mondiale di Preghiera del Papa<\/a>, ha osservato che \u201cin questa intenzione di preghiera il Papa sottolinea la bellezza del matrimonio ed esprime il desiderio che i giovani che si preparano a questo sacramento contino sul &#8216;sostegno di una comunit\u00e0 cristiana&#8217;, perch\u00e9 il matrimonio \u00e8 una vocazione, una risposta alla chiamata del Signore.<\/p>\n<p>La decisione di sposarsi e di creare una famiglia \u00e8, infatti, frutto del discernimento. Lasciarsi guidare dal sogno che Dio ha per noi, l&#8217;amore, richiede sostegno e accompagnamento da parte della comunit\u00e0. Come dice Francesco ai giovani che si preparano al matrimonio, &#8216;per\u00a0amare serve molta pazienza&#8217;, ma in questo viaggio di tutta la vita Ges\u00f9, il Volto d&#8217;Amore del Padre li accompagna. Facciamo nostro il sogno di Dio per crescere nell&#8217;amore e scommettere sul viaggio impegnativo del matrimonio e della famiglia in questo anno speciale dedicato a San Giuseppe\u201d.<\/p>\n","protected":false},"excerpt":{"rendered":"<p>Pubblicato il messaggio del S. Padre con l&#8217;intenzione per la Rete mondiale di preghiera<\/p>\n","protected":false},"author":17,"featured_media":20192,"comment_status":"closed","ping_status":"closed","sticky":false,"template":"","format":"standard","meta":{"_acf_changed":false,"_crdt_document":"","inline_featured_image":false,"footnotes":""},"categories":[67,2157,297],"tags":[2619,758,2487,834,251],"class_list":["post-20186","post","type-post","status-publish","format-standard","has-post-thumbnail","hentry","category-leone-xiv","category-top-ultime-notizie","category-ultime-notizie","tag-anno-amoris-laetitia","tag-famiglia","tag-featured-3","tag-matrimonio","tag-papa-francesco"],"acf":[],"yoast_head":"<!-- This site is optimized with the Yoast SEO plugin v27.5 - https:\/\/yoast.com\/product\/yoast-seo-wordpress\/ -->\n<title>La bellezza del matrimonio nel Video di giugno &#8211; Exaudi<\/title>\n<meta name=\"description\" content=\"E&#039; dedicato alla bellezza del matrimonio il Video del Papa per l&#039;intenzione di giugno della Rete mondiale di preghiera nell&#039;Anno Amoris Laetitia\" \/>\n<meta name=\"robots\" content=\"index, follow, max-snippet:-1, max-image-preview:large, max-video-preview:-1\" \/>\n<link rel=\"canonical\" href=\"https:\/\/exaudi.org\/it\/la-bellezza-del-matrimonio-nel-video-di-giugno\/\" \/>\n<meta property=\"og:locale\" content=\"it_IT\" \/>\n<meta property=\"og:type\" content=\"article\" \/>\n<meta property=\"og:title\" content=\"La bellezza del matrimonio nel Video di giugno &#8211; Exaudi\" \/>\n<meta property=\"og:description\" content=\"E&#039; dedicato alla bellezza del matrimonio il Video del Papa per l&#039;intenzione di giugno della Rete mondiale di preghiera nell&#039;Anno Amoris Laetitia\" \/>\n<meta property=\"og:url\" content=\"https:\/\/exaudi.org\/it\/la-bellezza-del-matrimonio-nel-video-di-giugno\/\" \/>\n<meta property=\"og:site_name\" content=\"Exaudi\" \/>\n<meta property=\"article:publisher\" content=\"https:\/\/www.facebook.com\/ExaudiNews\" \/>\n<meta property=\"article:author\" content=\"https:\/\/www.facebook.com\/ExaudiNotizie\/\" \/>\n<meta property=\"article:published_time\" content=\"2021-06-01T14:46:31+00:00\" \/>\n<meta property=\"og:image\" content=\"https:\/\/exaudi.org\/wp-content\/uploads\/2021\/06\/video-del-papa.jpg\" \/>\n\t<meta property=\"og:image:width\" content=\"889\" \/>\n\t<meta property=\"og:image:height\" content=\"501\" \/>\n\t<meta property=\"og:image:type\" content=\"image\/jpeg\" \/>\n<meta name=\"author\" content=\"Exaudi Redazione\" \/>\n<meta name=\"twitter:card\" content=\"summary_large_image\" \/>\n<meta name=\"twitter:creator\" content=\"@Exaudi_Notizie\" \/>\n<meta name=\"twitter:site\" content=\"@Exaudi_News\" \/>\n<meta name=\"twitter:label1\" content=\"Scritto da\" \/>\n\t<meta name=\"twitter:data1\" content=\"Exaudi Redazione\" \/>\n\t<meta name=\"twitter:label2\" content=\"Tempo di lettura stimato\" \/>\n\t<meta name=\"twitter:data2\" content=\"5 minuti\" \/>\n<script type=\"application\/ld+json\" class=\"yoast-schema-graph\">{\"@context\":\"https:\\\/\\\/schema.org\",\"@graph\":[{\"@type\":\"Article\",\"@id\":\"https:\\\/\\\/exaudi.org\\\/it\\\/la-bellezza-del-matrimonio-nel-video-di-giugno\\\/#article\",\"isPartOf\":{\"@id\":\"https:\\\/\\\/exaudi.org\\\/it\\\/la-bellezza-del-matrimonio-nel-video-di-giugno\\\/\"},\"author\":{\"name\":\"Exaudi Redazione\",\"@id\":\"https:\\\/\\\/exaudi.org\\\/#\\\/schema\\\/person\\\/e1ab6ed07c01774724dd96f925f3a5f0\"},\"headline\":\"La bellezza del matrimonio nel Video di giugno\",\"datePublished\":\"2021-06-01T14:46:31+00:00\",\"mainEntityOfPage\":{\"@id\":\"https:\\\/\\\/exaudi.org\\\/it\\\/la-bellezza-del-matrimonio-nel-video-di-giugno\\\/\"},\"wordCount\":940,\"image\":{\"@id\":\"https:\\\/\\\/exaudi.org\\\/it\\\/la-bellezza-del-matrimonio-nel-video-di-giugno\\\/#primaryimage\"},\"thumbnailUrl\":\"https:\\\/\\\/exaudi.org\\\/wp-content\\\/uploads\\\/2021\\\/06\\\/video-del-papa.jpg\",\"keywords\":[\"anno amoris laetitia\",\"famiglia\",\"Featured\",\"matrimonio\",\"Papa Francesco\"],\"articleSection\":[\"Leone XIV\",\"Top Ultime Notizie\",\"Ultime Notizie\"],\"inLanguage\":\"it-IT\"},{\"@type\":\"WebPage\",\"@id\":\"https:\\\/\\\/exaudi.org\\\/it\\\/la-bellezza-del-matrimonio-nel-video-di-giugno\\\/\",\"url\":\"https:\\\/\\\/exaudi.org\\\/it\\\/la-bellezza-del-matrimonio-nel-video-di-giugno\\\/\",\"name\":\"La bellezza del matrimonio nel Video di giugno &#8211; Exaudi\",\"isPartOf\":{\"@id\":\"https:\\\/\\\/exaudi.org\\\/#website\"},\"primaryImageOfPage\":{\"@id\":\"https:\\\/\\\/exaudi.org\\\/it\\\/la-bellezza-del-matrimonio-nel-video-di-giugno\\\/#primaryimage\"},\"image\":{\"@id\":\"https:\\\/\\\/exaudi.org\\\/it\\\/la-bellezza-del-matrimonio-nel-video-di-giugno\\\/#primaryimage\"},\"thumbnailUrl\":\"https:\\\/\\\/exaudi.org\\\/wp-content\\\/uploads\\\/2021\\\/06\\\/video-del-papa.jpg\",\"datePublished\":\"2021-06-01T14:46:31+00:00\",\"author\":{\"@id\":\"https:\\\/\\\/exaudi.org\\\/#\\\/schema\\\/person\\\/e1ab6ed07c01774724dd96f925f3a5f0\"},\"description\":\"E' dedicato alla bellezza del matrimonio il Video del Papa per l'intenzione di giugno della Rete mondiale di preghiera nell'Anno Amoris Laetitia\",\"breadcrumb\":{\"@id\":\"https:\\\/\\\/exaudi.org\\\/it\\\/la-bellezza-del-matrimonio-nel-video-di-giugno\\\/#breadcrumb\"},\"inLanguage\":\"it-IT\",\"potentialAction\":[{\"@type\":\"ReadAction\",\"target\":[\"https:\\\/\\\/exaudi.org\\\/it\\\/la-bellezza-del-matrimonio-nel-video-di-giugno\\\/\"]}]},{\"@type\":\"ImageObject\",\"inLanguage\":\"it-IT\",\"@id\":\"https:\\\/\\\/exaudi.org\\\/it\\\/la-bellezza-del-matrimonio-nel-video-di-giugno\\\/#primaryimage\",\"url\":\"https:\\\/\\\/exaudi.org\\\/wp-content\\\/uploads\\\/2021\\\/06\\\/video-del-papa.jpg\",\"contentUrl\":\"https:\\\/\\\/exaudi.org\\\/wp-content\\\/uploads\\\/2021\\\/06\\\/video-del-papa.jpg\",\"width\":889,\"height\":501,\"caption\":\"matrimonio\"},{\"@type\":\"BreadcrumbList\",\"@id\":\"https:\\\/\\\/exaudi.org\\\/it\\\/la-bellezza-del-matrimonio-nel-video-di-giugno\\\/#breadcrumb\",\"itemListElement\":[{\"@type\":\"ListItem\",\"position\":1,\"name\":\"Portada\",\"item\":\"https:\\\/\\\/exaudi.org\\\/it\\\/\"},{\"@type\":\"ListItem\",\"position\":2,\"name\":\"La bellezza del matrimonio nel Video di giugno\"}]},{\"@type\":\"WebSite\",\"@id\":\"https:\\\/\\\/exaudi.org\\\/#website\",\"url\":\"https:\\\/\\\/exaudi.org\\\/\",\"name\":\"Exaudi\",\"description\":\"News\",\"potentialAction\":[{\"@type\":\"SearchAction\",\"target\":{\"@type\":\"EntryPoint\",\"urlTemplate\":\"https:\\\/\\\/exaudi.org\\\/?s={search_term_string}\"},\"query-input\":{\"@type\":\"PropertyValueSpecification\",\"valueRequired\":true,\"valueName\":\"search_term_string\"}}],\"inLanguage\":\"it-IT\"},{\"@type\":\"Person\",\"@id\":\"https:\\\/\\\/exaudi.org\\\/#\\\/schema\\\/person\\\/e1ab6ed07c01774724dd96f925f3a5f0\",\"name\":\"Exaudi Redazione\",\"image\":{\"@type\":\"ImageObject\",\"inLanguage\":\"it-IT\",\"@id\":\"https:\\\/\\\/secure.gravatar.com\\\/avatar\\\/ad6774b3ada023bf5b939d64f45c94b3adf91502dd883507d469b4308a943bb3?s=96&d=mm&r=g\",\"url\":\"https:\\\/\\\/secure.gravatar.com\\\/avatar\\\/ad6774b3ada023bf5b939d64f45c94b3adf91502dd883507d469b4308a943bb3?s=96&d=mm&r=g\",\"contentUrl\":\"https:\\\/\\\/secure.gravatar.com\\\/avatar\\\/ad6774b3ada023bf5b939d64f45c94b3adf91502dd883507d469b4308a943bb3?s=96&d=mm&r=g\",\"caption\":\"Exaudi Redazione\"},\"description\":\"Che cosa \u00e8 Exaudi News? Exaudi News \u00e8 un agenzia cattolica internazionale che informa, istruisce e trasforma quotidianamente in spagnolo, inglese e italiano. Attraverso notizie, articoli di analisi e trasmissioni in diretta degli eventi del Papa, Exaudi cerca di rafforzare l'unit\u00e0 dei cristiani e di contribuire all'evangelizzazione del mondo, sempre guidato dalla dottrina sociale della Chiesa. Lavoriamo per portare la verit\u00e0 e i valori cristiani in ogni angolo del pianeta. Aiutaci a trasformare il mondo con Exaudi! Noi di Exaudi crediamo che l'evangelizzazione e l'informazione di qualit\u00e0 possano cambiare la vita. Per continuare la nostra missione ed espandere la nostra portata, abbiamo bisogno del tuo aiuto. Stiamo anche cercando persone motivate che vogliano unirsi al nostro team. Grazie al vostro sostegno raggiungeremo pi\u00f9 persone, diffonderemo il messaggio di Cristo e rafforzeremo l'unit\u00e0 dei cristiani. Vuoi unirti alla nostra missione? Per maggiori informazioni su come contribuire, visita Exaudi.org\\\/it o contattaci direttamente: info@exaudi.org Exaudi: informa, forma e trasforma.\",\"sameAs\":[\"https:\\\/\\\/www.facebook.com\\\/ExaudiNotizie\\\/\",\"https:\\\/\\\/www.instagram.com\\\/Exaudi_notizie\\\/\",\"https:\\\/\\\/x.com\\\/Exaudi_Notizie\",\"https:\\\/\\\/www.youtube.com\\\/@exaudicatholicnews\"],\"url\":\"https:\\\/\\\/exaudi.org\\\/it\\\/author\\\/dlvedi-org\\\/\"}]}<\/script>\n<!-- \/ Yoast SEO plugin. -->","yoast_head_json":{"title":"La bellezza del matrimonio nel Video di giugno &#8211; Exaudi","description":"E' dedicato alla bellezza del matrimonio il Video del Papa per l'intenzione di giugno della Rete mondiale di preghiera nell'Anno Amoris Laetitia","robots":{"index":"index","follow":"follow","max-snippet":"max-snippet:-1","max-image-preview":"max-image-preview:large","max-video-preview":"max-video-preview:-1"},"canonical":"https:\/\/exaudi.org\/it\/la-bellezza-del-matrimonio-nel-video-di-giugno\/","og_locale":"it_IT","og_type":"article","og_title":"La bellezza del matrimonio nel Video di giugno &#8211; Exaudi","og_description":"E' dedicato alla bellezza del matrimonio il Video del Papa per l'intenzione di giugno della Rete mondiale di preghiera nell'Anno Amoris Laetitia","og_url":"https:\/\/exaudi.org\/it\/la-bellezza-del-matrimonio-nel-video-di-giugno\/","og_site_name":"Exaudi","article_publisher":"https:\/\/www.facebook.com\/ExaudiNews","article_author":"https:\/\/www.facebook.com\/ExaudiNotizie\/","article_published_time":"2021-06-01T14:46:31+00:00","og_image":[{"width":889,"height":501,"url":"https:\/\/exaudi.org\/wp-content\/uploads\/2021\/06\/video-del-papa.jpg","type":"image\/jpeg"}],"author":"Exaudi Redazione","twitter_card":"summary_large_image","twitter_creator":"@Exaudi_Notizie","twitter_site":"@Exaudi_News","twitter_misc":{"Scritto da":"Exaudi Redazione","Tempo di lettura stimato":"5 minuti"},"schema":{"@context":"https:\/\/schema.org","@graph":[{"@type":"Article","@id":"https:\/\/exaudi.org\/it\/la-bellezza-del-matrimonio-nel-video-di-giugno\/#article","isPartOf":{"@id":"https:\/\/exaudi.org\/it\/la-bellezza-del-matrimonio-nel-video-di-giugno\/"},"author":{"name":"Exaudi Redazione","@id":"https:\/\/exaudi.org\/#\/schema\/person\/e1ab6ed07c01774724dd96f925f3a5f0"},"headline":"La bellezza del matrimonio nel Video di giugno","datePublished":"2021-06-01T14:46:31+00:00","mainEntityOfPage":{"@id":"https:\/\/exaudi.org\/it\/la-bellezza-del-matrimonio-nel-video-di-giugno\/"},"wordCount":940,"image":{"@id":"https:\/\/exaudi.org\/it\/la-bellezza-del-matrimonio-nel-video-di-giugno\/#primaryimage"},"thumbnailUrl":"https:\/\/exaudi.org\/wp-content\/uploads\/2021\/06\/video-del-papa.jpg","keywords":["anno amoris laetitia","famiglia","Featured","matrimonio","Papa Francesco"],"articleSection":["Leone XIV","Top Ultime Notizie","Ultime Notizie"],"inLanguage":"it-IT"},{"@type":"WebPage","@id":"https:\/\/exaudi.org\/it\/la-bellezza-del-matrimonio-nel-video-di-giugno\/","url":"https:\/\/exaudi.org\/it\/la-bellezza-del-matrimonio-nel-video-di-giugno\/","name":"La bellezza del matrimonio nel Video di giugno &#8211; Exaudi","isPartOf":{"@id":"https:\/\/exaudi.org\/#website"},"primaryImageOfPage":{"@id":"https:\/\/exaudi.org\/it\/la-bellezza-del-matrimonio-nel-video-di-giugno\/#primaryimage"},"image":{"@id":"https:\/\/exaudi.org\/it\/la-bellezza-del-matrimonio-nel-video-di-giugno\/#primaryimage"},"thumbnailUrl":"https:\/\/exaudi.org\/wp-content\/uploads\/2021\/06\/video-del-papa.jpg","datePublished":"2021-06-01T14:46:31+00:00","author":{"@id":"https:\/\/exaudi.org\/#\/schema\/person\/e1ab6ed07c01774724dd96f925f3a5f0"},"description":"E' dedicato alla bellezza del matrimonio il Video del Papa per l'intenzione di giugno della Rete mondiale di preghiera nell'Anno Amoris Laetitia","breadcrumb":{"@id":"https:\/\/exaudi.org\/it\/la-bellezza-del-matrimonio-nel-video-di-giugno\/#breadcrumb"},"inLanguage":"it-IT","potentialAction":[{"@type":"ReadAction","target":["https:\/\/exaudi.org\/it\/la-bellezza-del-matrimonio-nel-video-di-giugno\/"]}]},{"@type":"ImageObject","inLanguage":"it-IT","@id":"https:\/\/exaudi.org\/it\/la-bellezza-del-matrimonio-nel-video-di-giugno\/#primaryimage","url":"https:\/\/exaudi.org\/wp-content\/uploads\/2021\/06\/video-del-papa.jpg","contentUrl":"https:\/\/exaudi.org\/wp-content\/uploads\/2021\/06\/video-del-papa.jpg","width":889,"height":501,"caption":"matrimonio"},{"@type":"BreadcrumbList","@id":"https:\/\/exaudi.org\/it\/la-bellezza-del-matrimonio-nel-video-di-giugno\/#breadcrumb","itemListElement":[{"@type":"ListItem","position":1,"name":"Portada","item":"https:\/\/exaudi.org\/it\/"},{"@type":"ListItem","position":2,"name":"La bellezza del matrimonio nel Video di giugno"}]},{"@type":"WebSite","@id":"https:\/\/exaudi.org\/#website","url":"https:\/\/exaudi.org\/","name":"Exaudi","description":"News","potentialAction":[{"@type":"SearchAction","target":{"@type":"EntryPoint","urlTemplate":"https:\/\/exaudi.org\/?s={search_term_string}"},"query-input":{"@type":"PropertyValueSpecification","valueRequired":true,"valueName":"search_term_string"}}],"inLanguage":"it-IT"},{"@type":"Person","@id":"https:\/\/exaudi.org\/#\/schema\/person\/e1ab6ed07c01774724dd96f925f3a5f0","name":"Exaudi Redazione","image":{"@type":"ImageObject","inLanguage":"it-IT","@id":"https:\/\/secure.gravatar.com\/avatar\/ad6774b3ada023bf5b939d64f45c94b3adf91502dd883507d469b4308a943bb3?s=96&d=mm&r=g","url":"https:\/\/secure.gravatar.com\/avatar\/ad6774b3ada023bf5b939d64f45c94b3adf91502dd883507d469b4308a943bb3?s=96&d=mm&r=g","contentUrl":"https:\/\/secure.gravatar.com\/avatar\/ad6774b3ada023bf5b939d64f45c94b3adf91502dd883507d469b4308a943bb3?s=96&d=mm&r=g","caption":"Exaudi Redazione"},"description":"Che cosa \u00e8 Exaudi News? Exaudi News \u00e8 un agenzia cattolica internazionale che informa, istruisce e trasforma quotidianamente in spagnolo, inglese e italiano. Attraverso notizie, articoli di analisi e trasmissioni in diretta degli eventi del Papa, Exaudi cerca di rafforzare l'unit\u00e0 dei cristiani e di contribuire all'evangelizzazione del mondo, sempre guidato dalla dottrina sociale della Chiesa. Lavoriamo per portare la verit\u00e0 e i valori cristiani in ogni angolo del pianeta. Aiutaci a trasformare il mondo con Exaudi! Noi di Exaudi crediamo che l'evangelizzazione e l'informazione di qualit\u00e0 possano cambiare la vita. Per continuare la nostra missione ed espandere la nostra portata, abbiamo bisogno del tuo aiuto. Stiamo anche cercando persone motivate che vogliano unirsi al nostro team. Grazie al vostro sostegno raggiungeremo pi\u00f9 persone, diffonderemo il messaggio di Cristo e rafforzeremo l'unit\u00e0 dei cristiani. Vuoi unirti alla nostra missione? Per maggiori informazioni su come contribuire, visita Exaudi.org\/it o contattaci direttamente: info@exaudi.org Exaudi: informa, forma e trasforma.","sameAs":["https:\/\/www.facebook.com\/ExaudiNotizie\/","https:\/\/www.instagram.com\/Exaudi_notizie\/","https:\/\/x.com\/Exaudi_Notizie","https:\/\/www.youtube.com\/@exaudicatholicnews"],"url":"https:\/\/exaudi.org\/it\/author\/dlvedi-org\/"}]}},"jetpack_featured_media_url":"https:\/\/exaudi.org\/wp-content\/uploads\/2021\/06\/video-del-papa.jpg","jetpack_shortlink":"https:\/\/wp.me\/pgKjF2-5fA","_links":{"self":[{"href":"https:\/\/exaudi.org\/it\/wp-json\/wp\/v2\/posts\/20186","targetHints":{"allow":["GET"]}}],"collection":[{"href":"https:\/\/exaudi.org\/it\/wp-json\/wp\/v2\/posts"}],"about":[{"href":"https:\/\/exaudi.org\/it\/wp-json\/wp\/v2\/types\/post"}],"author":[{"embeddable":true,"href":"https:\/\/exaudi.org\/it\/wp-json\/wp\/v2\/users\/17"}],"replies":[{"embeddable":true,"href":"https:\/\/exaudi.org\/it\/wp-json\/wp\/v2\/comments?post=20186"}],"version-history":[{"count":0,"href":"https:\/\/exaudi.org\/it\/wp-json\/wp\/v2\/posts\/20186\/revisions"}],"wp:featuredmedia":[{"embeddable":true,"href":"https:\/\/exaudi.org\/it\/wp-json\/wp\/v2\/media\/20192"}],"wp:attachment":[{"href":"https:\/\/exaudi.org\/it\/wp-json\/wp\/v2\/media?parent=20186"}],"wp:term":[{"taxonomy":"category","embeddable":true,"href":"https:\/\/exaudi.org\/it\/wp-json\/wp\/v2\/categories?post=20186"},{"taxonomy":"post_tag","embeddable":true,"href":"https:\/\/exaudi.org\/it\/wp-json\/wp\/v2\/tags?post=20186"}],"curies":[{"name":"wp","href":"https:\/\/api.w.org\/{rel}","templated":true}]}}