{"id":19797,"date":"2021-05-30T17:31:16","date_gmt":"2021-05-30T15:31:16","guid":{"rendered":"https:\/\/exaudi.org\/?p=19797"},"modified":"2021-05-30T17:31:16","modified_gmt":"2021-05-30T15:31:16","slug":"il-mistero-della-trinita-e-una-giornata-per-il-libano","status":"publish","type":"post","link":"https:\/\/exaudi.org\/it\/il-mistero-della-trinita-e-una-giornata-per-il-libano\/","title":{"rendered":"Il mistero della Trinit\u00e0 e una giornata per il Libano"},"content":{"rendered":"<p>In occasione dell\u2019Angelus domenicale, Papa Francesco ha parlato della festa e del mistero della Santissima Trinit\u00e0. Dopo la preghiera mariana, il S. Padre ha annunciato che il prossimo 1\u00b0 luglio si incontrer\u00e0 in Vaticano con i principali responsabili delle Comunit\u00e0 cristiane presenti in Libano, per una giornata di preghiera e di riflessione sulla preoccupante situazione del Paese. Ecco le parole del Pontefice:<\/p>\n<p>Cari fratelli e sorelle, buongiorno! In questa festa nella quale celebriamo Dio: il mistero di un unico Dio. E questo Dio \u00e8 il Padre e il Figlio e lo Spirito Santo. Tre persone, ma Dio \u00e8 uno! Il Padre \u00e8 Dio, il Figlio \u00e8 Dio, lo Spirito \u00e8 Dio. Ma non sono tre dei: \u00e8 un solo Dio in tre Persone. \u00c8 un mistero che ci ha rivelato Ges\u00f9 Cristo: la Santa Trinit\u00e0. Oggi ci fermiamo a celebrare questo mistero, perch\u00e9 le Persone non sono aggettivazione di Dio, no. Sono Persone reali, diverse, differenti; non sono \u2013 come diceva quel filosofo \u2013 \u201cemanazioni di Dio\u201d, no, no! Sono Persone.<\/p>\n<h4>Dio \u00e8 amore<\/h4>\n<p>C\u2019\u00e8 il Padre, che io prego con il Padre Nostro; c\u2019\u00e8 il Figlio, che mi ha dato la redenzione, la giustificazione; c\u2019\u00e8 lo Spirito Santo, che abita in noi e abita la Chiesa. E questo parla al nostro cuore, perch\u00e9 lo troviamo racchiuso in quella espressione di San Giovanni che riassume tutta la Rivelazione: \u00abDio \u00e8 amore\u00bb. Il Padre \u00e8 amore, il Figlio \u00e8 amore, lo Spirito Santo \u00e8 amore. E in quanto \u00e8 amore, Dio, pur essendo uno e unico, non \u00e8 solitudine ma comunione, fra il Padre, il Figlio e lo Spirito Santo. Perch\u00e9 l\u2019amore \u00e8 essenzialmente dono di s\u00e9, e nella sua realt\u00e0 originaria e infinita \u00e8 Padre che si dona generando il Figlio, il quale si dona a sua volta al Padre e il loro reciproco amore \u00e8 lo Spirito Santo, vincolo della loro unit\u00e0.<\/p>\n<p>Non \u00e8 facile da capire, ma si pu\u00f2 vivere questo mistero, tutti noi, si pu\u00f2 vivere tanto. Questo mistero della Trinit\u00e0 ci \u00e8 stato svelato da Ges\u00f9 stesso. Egli ci ha fatto conoscere il volto di Dio come Padre misericordioso; ha presentato S\u00e9 stesso, vero uomo, come Figlio di Dio e Verbo del Padre, Salvatore che d\u00e0 la sua vita per noi; e ha parlato dello Spirito Santo che procede dal Padre e dal Figlio, Spirito di Verit\u00e0, Spirito Paraclito \u2013 <a href=\"https:\/\/exaudi.org\/it\/lo-spirito-santo-ci-chiama-ad-essere-testimoni\/\">ne abbiamo parlato, domenica scorsa<\/a>, di questa parola \u201cParaclito\u201d \u2013 cio\u00e8 Consolatore e Avvocato. E quando Ges\u00f9 \u00e8 apparso agli Apostoli dopo la risurrezione, Ges\u00f9 li ha inviati ad evangelizzare \u00abtutti i popoli, battezzandoli nel nome del Padre e del Figlio e dello Spirito Santo\u00bb.<\/p>\n<h4>Un mistero che richiama l\u2019unit\u00e0<\/h4>\n<p>La festa odierna, dunque, ci fa contemplare questo meraviglioso mistero di amore e di luce da cui proveniamo e a cui \u00e8 orientato il nostro cammino terreno. Nell\u2019annuncio del Vangelo e in ogni forma della missione cristiana, non si pu\u00f2 prescindere da questa unit\u00e0 alla quale chiama Ges\u00f9, fra noi, seguendo l\u2019unit\u00e0 del Padre, del Figlio e dello Spirito Santo: non si pu\u00f2 prescindere da questa unit\u00e0.<\/p>\n<p>La bellezza del Vangelo richiede di essere vissuta \u2013 l\u2019unit\u00e0 \u2013 e testimoniata nella concordia tra noi, che siamo cos\u00ec diversi! E questa unit\u00e0 oso dire che \u00e8 essenziale al cristiano: non \u00e8 un atteggiamento, un modo di dire, no, \u00e8 essenziale, perch\u00e9 \u00e8 l\u2019unit\u00e0 che nasce dall\u2019amore, dalla misericordia di Dio, dalla giustificazione di Ges\u00f9 Cristo e dalla presenza dello Spirito Santo nei nostri cuori. Maria Santissima, nella sua semplicit\u00e0 e umilt\u00e0, riflette la Bellezza di Dio Uno e Trino, perch\u00e9 ha accolto pienamente Ges\u00f9 nella sua vita. Ella sostenga la nostra fede; ci renda adoratori di Dio e servitori dei fratelli.<\/p>\n<h4>Dopo l\u2019Angelus<\/h4>\n<p>Cari fratelli e sorelle! Ieri ad Astorga, in Spagna, sono state beatificate Mar\u00eda Pilar Gull\u00f3n Yturriaga, Octavia Iglesias Blanco e Olga P\u00e9rez-Monteser\u00edn N\u00fa\u00f1ez. Queste tre donne laiche coraggiose, a imitazione del buon Samaritano, si sono dedicate a curare i feriti di guerra senza abbandonarli nel momento del pericolo, hanno rischiato, e sono state uccise in odio alla loro fede. Lodiamo il Signore per la loro testimonianza evangelica. Un applauso alle nuove Beate!<\/p>\n<h4>La giornata per il Libano<\/h4>\n<p>Il prossimo 1\u00b0 luglio mi incontrer\u00f2 in Vaticano con i principali Responsabili delle Comunit\u00e0 cristiane presenti in Libano, per una giornata di riflessione sulla preoccupante situazione del Paese e per pregare insieme per il dono della pace e della stabilit\u00e0. Affido questa intenzione all\u2019intercessione della Madre Dio, tanto venerata al Santuario di Harissa, e fin da questo momento vi chiedo di accompagnare la preparazione di questo evento con la preghiera solidale, invocando per quell\u2019amato Paese un futuro pi\u00f9 sereno.<\/p>\n<p>Oggi si celebra la Giornata mondiale della sclerosi multipla e, in Italia, la Giornata nazionale del sollievo. Esprimo riconoscenza per queste iniziative; ricordiamoci che la vicinanza \u00ab\u00e8 un balsamo prezioso che d\u00e0 sostegno e consolazione a chi soffre nella malattia\u00bb.<\/p>\n<h4>Un dono speciale<\/h4>\n<p>Questa mattina ho ricevuto un piccolo gruppo di fedeli che mi ha portato la traduzione della Bibbia tutta intera nel loro dialetto. L\u2019ha fatto un uomo: otto anni di lavoro! Scritta, sono otto volumi, tutta in dialetto. E lui, che era presente, mi diceva che leggeva, pregava e traduceva. Io vorrei ringraziare per questo gesto, e anche un\u2019altra volta dirvi di leggere la Bibbia, di leggere la Parola di Dio, per trovare l\u00ec la forza della nostra vita. E anche \u2013 in questo mi ripeto \u2013 di portare sempre con voi il Nuovo Testamento, un Vangelo tascabile: nella borsa, nella tasca, per poter leggerlo in qualsiasi momento della giornata. Cos\u00ec troveremo Ges\u00f9 nella Sacra Scrittura. Impariamo dall\u2019esempio di quest\u2019uomo che durante otto anni ha lavorato per capire questo. E mi diceva: \u201cLo facevo pregando\u201d.<\/p>\n<p>Saluto di cuore tutti voi, provenienti da Roma, dall\u2019Italia e da altri Paesi. Vedo che c\u2019\u00e8 il Canada, la Colombia\u2026 Dobbiamo pregare per la Colombia! E l\u00ec c\u2019\u00e8 anche la Polonia, e qui altri Paesi\u2026 Saluto tutti voi! In particolare, i cresimandi della parrocchia dei Santi Protomartiri Romani. Saluto i pellegrini polacchi e benedico i partecipanti al grande pellegrinaggio al Santuario mariano di Piekary \u015al\u0105skie. E come di consueto saluto i ragazzi dell\u2019Immacolata. A tutti auguro una buona domenica. E per favore, non dimenticatevi di pregare per me. Buon pranzo e arrivederci!<\/p>\n","protected":false},"excerpt":{"rendered":"<p>La riflessione del Pontefice sulla festa odierna. Annunciato un incontro in Vaticano sul Paese mediorientale<\/p>\n","protected":false},"author":17,"featured_media":19799,"comment_status":"closed","ping_status":"closed","sticky":false,"template":"","format":"standard","meta":{"_acf_changed":false,"_crdt_document":"","inline_featured_image":false,"footnotes":""},"categories":[67,2157,297],"tags":[250,2487,411,251,2581],"class_list":["post-19797","post","type-post","status-publish","format-standard","has-post-thumbnail","hentry","category-leone-xiv","category-top-ultime-notizie","category-ultime-notizie","tag-angelus-it","tag-featured-3","tag-libano-it","tag-papa-francesco","tag-trinita"],"acf":[],"yoast_head":"<!-- This site is optimized with the Yoast SEO plugin v27.4 - https:\/\/yoast.com\/product\/yoast-seo-wordpress\/ -->\n<title>Il mistero della Trinit\u00e0 e una giornata per il Libano &#8211; Exaudi<\/title>\n<meta name=\"description\" content=\"Il Papa all&#039;Angelus ha parlato del mistero della Trinit\u00e0 poi ha annunciato un incontro in Vaticano per riflettere e pregare per il Libano\" \/>\n<meta name=\"robots\" content=\"index, follow, max-snippet:-1, max-image-preview:large, max-video-preview:-1\" \/>\n<link rel=\"canonical\" href=\"https:\/\/exaudi.org\/it\/il-mistero-della-trinita-e-una-giornata-per-il-libano\/\" \/>\n<meta property=\"og:locale\" content=\"it_IT\" \/>\n<meta property=\"og:type\" content=\"article\" \/>\n<meta property=\"og:title\" content=\"Il mistero della Trinit\u00e0 e una giornata per il Libano &#8211; Exaudi\" \/>\n<meta property=\"og:description\" content=\"Il Papa all&#039;Angelus ha parlato del mistero della Trinit\u00e0 poi ha annunciato un incontro in Vaticano per riflettere e pregare per il Libano\" \/>\n<meta property=\"og:url\" content=\"https:\/\/exaudi.org\/it\/il-mistero-della-trinita-e-una-giornata-per-il-libano\/\" \/>\n<meta property=\"og:site_name\" content=\"Exaudi\" \/>\n<meta property=\"article:publisher\" content=\"https:\/\/www.facebook.com\/ExaudiNews\" \/>\n<meta property=\"article:author\" content=\"https:\/\/www.facebook.com\/ExaudiNotizie\/\" \/>\n<meta property=\"article:published_time\" content=\"2021-05-30T15:31:16+00:00\" \/>\n<meta property=\"og:image\" content=\"https:\/\/exaudi.org\/wp-content\/uploads\/2021\/05\/Angelus.jpg\" \/>\n\t<meta property=\"og:image:width\" content=\"1776\" \/>\n\t<meta property=\"og:image:height\" content=\"1185\" \/>\n\t<meta property=\"og:image:type\" content=\"image\/jpeg\" \/>\n<meta name=\"author\" content=\"Exaudi Redazione\" \/>\n<meta name=\"twitter:card\" content=\"summary_large_image\" \/>\n<meta name=\"twitter:creator\" content=\"@Exaudi_Notizie\" \/>\n<meta name=\"twitter:site\" content=\"@Exaudi_News\" \/>\n<meta name=\"twitter:label1\" content=\"Scritto da\" \/>\n\t<meta name=\"twitter:data1\" content=\"Exaudi Redazione\" \/>\n\t<meta name=\"twitter:label2\" content=\"Tempo di lettura stimato\" \/>\n\t<meta name=\"twitter:data2\" content=\"5 minuti\" \/>\n<script type=\"application\/ld+json\" class=\"yoast-schema-graph\">{\"@context\":\"https:\\\/\\\/schema.org\",\"@graph\":[{\"@type\":\"Article\",\"@id\":\"https:\\\/\\\/exaudi.org\\\/it\\\/il-mistero-della-trinita-e-una-giornata-per-il-libano\\\/#article\",\"isPartOf\":{\"@id\":\"https:\\\/\\\/exaudi.org\\\/it\\\/il-mistero-della-trinita-e-una-giornata-per-il-libano\\\/\"},\"author\":{\"name\":\"Exaudi Redazione\",\"@id\":\"https:\\\/\\\/exaudi.org\\\/#\\\/schema\\\/person\\\/e1ab6ed07c01774724dd96f925f3a5f0\"},\"headline\":\"Il mistero della Trinit\u00e0 e una giornata per il Libano\",\"datePublished\":\"2021-05-30T15:31:16+00:00\",\"mainEntityOfPage\":{\"@id\":\"https:\\\/\\\/exaudi.org\\\/it\\\/il-mistero-della-trinita-e-una-giornata-per-il-libano\\\/\"},\"wordCount\":1038,\"image\":{\"@id\":\"https:\\\/\\\/exaudi.org\\\/it\\\/il-mistero-della-trinita-e-una-giornata-per-il-libano\\\/#primaryimage\"},\"thumbnailUrl\":\"https:\\\/\\\/exaudi.org\\\/wp-content\\\/uploads\\\/2021\\\/05\\\/Angelus.jpg\",\"keywords\":[\"\u00e1ngelus\",\"Featured\",\"L\u00edbano\",\"Papa Francesco\",\"Trinit\u00e0\"],\"articleSection\":[\"Leone XIV\",\"Top Ultime Notizie\",\"Ultime Notizie\"],\"inLanguage\":\"it-IT\"},{\"@type\":\"WebPage\",\"@id\":\"https:\\\/\\\/exaudi.org\\\/it\\\/il-mistero-della-trinita-e-una-giornata-per-il-libano\\\/\",\"url\":\"https:\\\/\\\/exaudi.org\\\/it\\\/il-mistero-della-trinita-e-una-giornata-per-il-libano\\\/\",\"name\":\"Il mistero della Trinit\u00e0 e una giornata per il Libano &#8211; Exaudi\",\"isPartOf\":{\"@id\":\"https:\\\/\\\/exaudi.org\\\/#website\"},\"primaryImageOfPage\":{\"@id\":\"https:\\\/\\\/exaudi.org\\\/it\\\/il-mistero-della-trinita-e-una-giornata-per-il-libano\\\/#primaryimage\"},\"image\":{\"@id\":\"https:\\\/\\\/exaudi.org\\\/it\\\/il-mistero-della-trinita-e-una-giornata-per-il-libano\\\/#primaryimage\"},\"thumbnailUrl\":\"https:\\\/\\\/exaudi.org\\\/wp-content\\\/uploads\\\/2021\\\/05\\\/Angelus.jpg\",\"datePublished\":\"2021-05-30T15:31:16+00:00\",\"author\":{\"@id\":\"https:\\\/\\\/exaudi.org\\\/#\\\/schema\\\/person\\\/e1ab6ed07c01774724dd96f925f3a5f0\"},\"description\":\"Il Papa all'Angelus ha parlato del mistero della Trinit\u00e0 poi ha annunciato un incontro in Vaticano per riflettere e pregare per il Libano\",\"breadcrumb\":{\"@id\":\"https:\\\/\\\/exaudi.org\\\/it\\\/il-mistero-della-trinita-e-una-giornata-per-il-libano\\\/#breadcrumb\"},\"inLanguage\":\"it-IT\",\"potentialAction\":[{\"@type\":\"ReadAction\",\"target\":[\"https:\\\/\\\/exaudi.org\\\/it\\\/il-mistero-della-trinita-e-una-giornata-per-il-libano\\\/\"]}]},{\"@type\":\"ImageObject\",\"inLanguage\":\"it-IT\",\"@id\":\"https:\\\/\\\/exaudi.org\\\/it\\\/il-mistero-della-trinita-e-una-giornata-per-il-libano\\\/#primaryimage\",\"url\":\"https:\\\/\\\/exaudi.org\\\/wp-content\\\/uploads\\\/2021\\\/05\\\/Angelus.jpg\",\"contentUrl\":\"https:\\\/\\\/exaudi.org\\\/wp-content\\\/uploads\\\/2021\\\/05\\\/Angelus.jpg\",\"width\":1776,\"height\":1185,\"caption\":\"\u00a9 Vatican Media\"},{\"@type\":\"BreadcrumbList\",\"@id\":\"https:\\\/\\\/exaudi.org\\\/it\\\/il-mistero-della-trinita-e-una-giornata-per-il-libano\\\/#breadcrumb\",\"itemListElement\":[{\"@type\":\"ListItem\",\"position\":1,\"name\":\"Portada\",\"item\":\"https:\\\/\\\/exaudi.org\\\/it\\\/\"},{\"@type\":\"ListItem\",\"position\":2,\"name\":\"Il mistero della Trinit\u00e0 e una giornata per il Libano\"}]},{\"@type\":\"WebSite\",\"@id\":\"https:\\\/\\\/exaudi.org\\\/#website\",\"url\":\"https:\\\/\\\/exaudi.org\\\/\",\"name\":\"Exaudi\",\"description\":\"News\",\"potentialAction\":[{\"@type\":\"SearchAction\",\"target\":{\"@type\":\"EntryPoint\",\"urlTemplate\":\"https:\\\/\\\/exaudi.org\\\/?s={search_term_string}\"},\"query-input\":{\"@type\":\"PropertyValueSpecification\",\"valueRequired\":true,\"valueName\":\"search_term_string\"}}],\"inLanguage\":\"it-IT\"},{\"@type\":\"Person\",\"@id\":\"https:\\\/\\\/exaudi.org\\\/#\\\/schema\\\/person\\\/e1ab6ed07c01774724dd96f925f3a5f0\",\"name\":\"Exaudi Redazione\",\"image\":{\"@type\":\"ImageObject\",\"inLanguage\":\"it-IT\",\"@id\":\"https:\\\/\\\/secure.gravatar.com\\\/avatar\\\/ad6774b3ada023bf5b939d64f45c94b3adf91502dd883507d469b4308a943bb3?s=96&d=mm&r=g\",\"url\":\"https:\\\/\\\/secure.gravatar.com\\\/avatar\\\/ad6774b3ada023bf5b939d64f45c94b3adf91502dd883507d469b4308a943bb3?s=96&d=mm&r=g\",\"contentUrl\":\"https:\\\/\\\/secure.gravatar.com\\\/avatar\\\/ad6774b3ada023bf5b939d64f45c94b3adf91502dd883507d469b4308a943bb3?s=96&d=mm&r=g\",\"caption\":\"Exaudi Redazione\"},\"description\":\"Che cosa \u00e8 Exaudi News? Exaudi News \u00e8 un agenzia cattolica internazionale che informa, istruisce e trasforma quotidianamente in spagnolo, inglese e italiano. Attraverso notizie, articoli di analisi e trasmissioni in diretta degli eventi del Papa, Exaudi cerca di rafforzare l'unit\u00e0 dei cristiani e di contribuire all'evangelizzazione del mondo, sempre guidato dalla dottrina sociale della Chiesa. Lavoriamo per portare la verit\u00e0 e i valori cristiani in ogni angolo del pianeta. Aiutaci a trasformare il mondo con Exaudi! Noi di Exaudi crediamo che l'evangelizzazione e l'informazione di qualit\u00e0 possano cambiare la vita. Per continuare la nostra missione ed espandere la nostra portata, abbiamo bisogno del tuo aiuto. Stiamo anche cercando persone motivate che vogliano unirsi al nostro team. Grazie al vostro sostegno raggiungeremo pi\u00f9 persone, diffonderemo il messaggio di Cristo e rafforzeremo l'unit\u00e0 dei cristiani. Vuoi unirti alla nostra missione? Per maggiori informazioni su come contribuire, visita Exaudi.org\\\/it o contattaci direttamente: info@exaudi.org Exaudi: informa, forma e trasforma.\",\"sameAs\":[\"https:\\\/\\\/www.facebook.com\\\/ExaudiNotizie\\\/\",\"https:\\\/\\\/www.instagram.com\\\/Exaudi_notizie\\\/\",\"https:\\\/\\\/x.com\\\/Exaudi_Notizie\",\"https:\\\/\\\/www.youtube.com\\\/@exaudicatholicnews\"],\"url\":\"https:\\\/\\\/exaudi.org\\\/it\\\/author\\\/dlvedi-org\\\/\"}]}<\/script>\n<!-- \/ Yoast SEO plugin. -->","yoast_head_json":{"title":"Il mistero della Trinit\u00e0 e una giornata per il Libano &#8211; Exaudi","description":"Il Papa all'Angelus ha parlato del mistero della Trinit\u00e0 poi ha annunciato un incontro in Vaticano per riflettere e pregare per il Libano","robots":{"index":"index","follow":"follow","max-snippet":"max-snippet:-1","max-image-preview":"max-image-preview:large","max-video-preview":"max-video-preview:-1"},"canonical":"https:\/\/exaudi.org\/it\/il-mistero-della-trinita-e-una-giornata-per-il-libano\/","og_locale":"it_IT","og_type":"article","og_title":"Il mistero della Trinit\u00e0 e una giornata per il Libano &#8211; Exaudi","og_description":"Il Papa all'Angelus ha parlato del mistero della Trinit\u00e0 poi ha annunciato un incontro in Vaticano per riflettere e pregare per il Libano","og_url":"https:\/\/exaudi.org\/it\/il-mistero-della-trinita-e-una-giornata-per-il-libano\/","og_site_name":"Exaudi","article_publisher":"https:\/\/www.facebook.com\/ExaudiNews","article_author":"https:\/\/www.facebook.com\/ExaudiNotizie\/","article_published_time":"2021-05-30T15:31:16+00:00","og_image":[{"width":1776,"height":1185,"url":"https:\/\/exaudi.org\/wp-content\/uploads\/2021\/05\/Angelus.jpg","type":"image\/jpeg"}],"author":"Exaudi Redazione","twitter_card":"summary_large_image","twitter_creator":"@Exaudi_Notizie","twitter_site":"@Exaudi_News","twitter_misc":{"Scritto da":"Exaudi Redazione","Tempo di lettura stimato":"5 minuti"},"schema":{"@context":"https:\/\/schema.org","@graph":[{"@type":"Article","@id":"https:\/\/exaudi.org\/it\/il-mistero-della-trinita-e-una-giornata-per-il-libano\/#article","isPartOf":{"@id":"https:\/\/exaudi.org\/it\/il-mistero-della-trinita-e-una-giornata-per-il-libano\/"},"author":{"name":"Exaudi Redazione","@id":"https:\/\/exaudi.org\/#\/schema\/person\/e1ab6ed07c01774724dd96f925f3a5f0"},"headline":"Il mistero della Trinit\u00e0 e una giornata per il Libano","datePublished":"2021-05-30T15:31:16+00:00","mainEntityOfPage":{"@id":"https:\/\/exaudi.org\/it\/il-mistero-della-trinita-e-una-giornata-per-il-libano\/"},"wordCount":1038,"image":{"@id":"https:\/\/exaudi.org\/it\/il-mistero-della-trinita-e-una-giornata-per-il-libano\/#primaryimage"},"thumbnailUrl":"https:\/\/exaudi.org\/wp-content\/uploads\/2021\/05\/Angelus.jpg","keywords":["\u00e1ngelus","Featured","L\u00edbano","Papa Francesco","Trinit\u00e0"],"articleSection":["Leone XIV","Top Ultime Notizie","Ultime Notizie"],"inLanguage":"it-IT"},{"@type":"WebPage","@id":"https:\/\/exaudi.org\/it\/il-mistero-della-trinita-e-una-giornata-per-il-libano\/","url":"https:\/\/exaudi.org\/it\/il-mistero-della-trinita-e-una-giornata-per-il-libano\/","name":"Il mistero della Trinit\u00e0 e una giornata per il Libano &#8211; Exaudi","isPartOf":{"@id":"https:\/\/exaudi.org\/#website"},"primaryImageOfPage":{"@id":"https:\/\/exaudi.org\/it\/il-mistero-della-trinita-e-una-giornata-per-il-libano\/#primaryimage"},"image":{"@id":"https:\/\/exaudi.org\/it\/il-mistero-della-trinita-e-una-giornata-per-il-libano\/#primaryimage"},"thumbnailUrl":"https:\/\/exaudi.org\/wp-content\/uploads\/2021\/05\/Angelus.jpg","datePublished":"2021-05-30T15:31:16+00:00","author":{"@id":"https:\/\/exaudi.org\/#\/schema\/person\/e1ab6ed07c01774724dd96f925f3a5f0"},"description":"Il Papa all'Angelus ha parlato del mistero della Trinit\u00e0 poi ha annunciato un incontro in Vaticano per riflettere e pregare per il Libano","breadcrumb":{"@id":"https:\/\/exaudi.org\/it\/il-mistero-della-trinita-e-una-giornata-per-il-libano\/#breadcrumb"},"inLanguage":"it-IT","potentialAction":[{"@type":"ReadAction","target":["https:\/\/exaudi.org\/it\/il-mistero-della-trinita-e-una-giornata-per-il-libano\/"]}]},{"@type":"ImageObject","inLanguage":"it-IT","@id":"https:\/\/exaudi.org\/it\/il-mistero-della-trinita-e-una-giornata-per-il-libano\/#primaryimage","url":"https:\/\/exaudi.org\/wp-content\/uploads\/2021\/05\/Angelus.jpg","contentUrl":"https:\/\/exaudi.org\/wp-content\/uploads\/2021\/05\/Angelus.jpg","width":1776,"height":1185,"caption":"\u00a9 Vatican Media"},{"@type":"BreadcrumbList","@id":"https:\/\/exaudi.org\/it\/il-mistero-della-trinita-e-una-giornata-per-il-libano\/#breadcrumb","itemListElement":[{"@type":"ListItem","position":1,"name":"Portada","item":"https:\/\/exaudi.org\/it\/"},{"@type":"ListItem","position":2,"name":"Il mistero della Trinit\u00e0 e una giornata per il Libano"}]},{"@type":"WebSite","@id":"https:\/\/exaudi.org\/#website","url":"https:\/\/exaudi.org\/","name":"Exaudi","description":"News","potentialAction":[{"@type":"SearchAction","target":{"@type":"EntryPoint","urlTemplate":"https:\/\/exaudi.org\/?s={search_term_string}"},"query-input":{"@type":"PropertyValueSpecification","valueRequired":true,"valueName":"search_term_string"}}],"inLanguage":"it-IT"},{"@type":"Person","@id":"https:\/\/exaudi.org\/#\/schema\/person\/e1ab6ed07c01774724dd96f925f3a5f0","name":"Exaudi Redazione","image":{"@type":"ImageObject","inLanguage":"it-IT","@id":"https:\/\/secure.gravatar.com\/avatar\/ad6774b3ada023bf5b939d64f45c94b3adf91502dd883507d469b4308a943bb3?s=96&d=mm&r=g","url":"https:\/\/secure.gravatar.com\/avatar\/ad6774b3ada023bf5b939d64f45c94b3adf91502dd883507d469b4308a943bb3?s=96&d=mm&r=g","contentUrl":"https:\/\/secure.gravatar.com\/avatar\/ad6774b3ada023bf5b939d64f45c94b3adf91502dd883507d469b4308a943bb3?s=96&d=mm&r=g","caption":"Exaudi Redazione"},"description":"Che cosa \u00e8 Exaudi News? Exaudi News \u00e8 un agenzia cattolica internazionale che informa, istruisce e trasforma quotidianamente in spagnolo, inglese e italiano. Attraverso notizie, articoli di analisi e trasmissioni in diretta degli eventi del Papa, Exaudi cerca di rafforzare l'unit\u00e0 dei cristiani e di contribuire all'evangelizzazione del mondo, sempre guidato dalla dottrina sociale della Chiesa. Lavoriamo per portare la verit\u00e0 e i valori cristiani in ogni angolo del pianeta. Aiutaci a trasformare il mondo con Exaudi! Noi di Exaudi crediamo che l'evangelizzazione e l'informazione di qualit\u00e0 possano cambiare la vita. Per continuare la nostra missione ed espandere la nostra portata, abbiamo bisogno del tuo aiuto. Stiamo anche cercando persone motivate che vogliano unirsi al nostro team. Grazie al vostro sostegno raggiungeremo pi\u00f9 persone, diffonderemo il messaggio di Cristo e rafforzeremo l'unit\u00e0 dei cristiani. Vuoi unirti alla nostra missione? Per maggiori informazioni su come contribuire, visita Exaudi.org\/it o contattaci direttamente: info@exaudi.org Exaudi: informa, forma e trasforma.","sameAs":["https:\/\/www.facebook.com\/ExaudiNotizie\/","https:\/\/www.instagram.com\/Exaudi_notizie\/","https:\/\/x.com\/Exaudi_Notizie","https:\/\/www.youtube.com\/@exaudicatholicnews"],"url":"https:\/\/exaudi.org\/it\/author\/dlvedi-org\/"}]}},"jetpack_featured_media_url":"https:\/\/exaudi.org\/wp-content\/uploads\/2021\/05\/Angelus.jpg","jetpack_shortlink":"https:\/\/wp.me\/pgKjF2-59j","_links":{"self":[{"href":"https:\/\/exaudi.org\/it\/wp-json\/wp\/v2\/posts\/19797","targetHints":{"allow":["GET"]}}],"collection":[{"href":"https:\/\/exaudi.org\/it\/wp-json\/wp\/v2\/posts"}],"about":[{"href":"https:\/\/exaudi.org\/it\/wp-json\/wp\/v2\/types\/post"}],"author":[{"embeddable":true,"href":"https:\/\/exaudi.org\/it\/wp-json\/wp\/v2\/users\/17"}],"replies":[{"embeddable":true,"href":"https:\/\/exaudi.org\/it\/wp-json\/wp\/v2\/comments?post=19797"}],"version-history":[{"count":0,"href":"https:\/\/exaudi.org\/it\/wp-json\/wp\/v2\/posts\/19797\/revisions"}],"wp:featuredmedia":[{"embeddable":true,"href":"https:\/\/exaudi.org\/it\/wp-json\/wp\/v2\/media\/19799"}],"wp:attachment":[{"href":"https:\/\/exaudi.org\/it\/wp-json\/wp\/v2\/media?parent=19797"}],"wp:term":[{"taxonomy":"category","embeddable":true,"href":"https:\/\/exaudi.org\/it\/wp-json\/wp\/v2\/categories?post=19797"},{"taxonomy":"post_tag","embeddable":true,"href":"https:\/\/exaudi.org\/it\/wp-json\/wp\/v2\/tags?post=19797"}],"curies":[{"name":"wp","href":"https:\/\/api.w.org\/{rel}","templated":true}]}}