{"id":19421,"date":"2021-05-27T18:15:43","date_gmt":"2021-05-27T16:15:43","guid":{"rendered":"https:\/\/exaudi.org\/?p=19421"},"modified":"2021-05-27T18:15:43","modified_gmt":"2021-05-27T16:15:43","slug":"mons-roche-e-il-nuovo-prefetto-del-culto-divino","status":"publish","type":"post","link":"https:\/\/exaudi.org\/it\/mons-roche-e-il-nuovo-prefetto-del-culto-divino\/","title":{"rendered":"Mons. Roche \u00e8 il nuovo prefetto del Culto divino"},"content":{"rendered":"<p>Il Santo Padre ha nominato prefetto della Congregazione per il Culto Divino e la Disciplina dei Sacramenti monsignor Arthur Roche, Arcivescovo-Vescovo emerito di Leeds, finora Segretario della medesima Congregazione. Mons. Roche subentra al cardinale Robert Sarah, le cui dimissioni per raggiunti limiti di et\u00e0 erano state accolte dal S. Padre lo scorso 20 febbraio. L&#8217;arcivescovo inglese fu nominato ausiliare di Westminster da San Giovanni Paolo II a 51 anni, il 12 aprile 2001. Nel 2002 mons. Roche divenne coadiutore di Leeds e il 26 giugno 2012 Benedetto XVI lo ha nominato segretario della Congregazione di cui ora \u00e8 diventato prefetto.<\/p>\n<h4>Mons. Viola segretario<\/h4>\n<p>Il Romano Pontefice ha anche nominato Segretario della stessa Congregazione monsignor Vittorio Francesco Viola, O.F.M., finora Vescovo di Tortona, conferendogli in pari tempo il titolo di Arcivescovo-Vescovo emerito di Tortona. Mons. Viola \u00e8 originario di Biella e ha 55 anni. Ha emesso la Professione Solenne nell\u2019Ordine dei Frati Minori dell\u2019Umbria il 14 settembre 1991, a Santa Maria degli Angeli; \u00e8 stato ordinato Diacono il 4 luglio 1992 e Presbitero il 3 luglio 1993 da Mons. Luca Brandolini. Papa Francesco lo ha nominato vescovo il 15 ottobre 2014.<\/p>\n<h4>Un nuovo sottosegretario<\/h4>\n<p>Il Papa ha, infine, nominato Sotto-Segretario della Congregazione per il Culto Divino e la Disciplina dei Sacramenti, con carattere episcopale e assegnandogli la Sede titolare di Rotdon, il reverendo Aurelio Garc\u00eda Marc\u00edas che finora era Capo Ufficio della Congregazione. Mons. Mac\u00edas \u00e8 nato il 28 marzo 1965 a Pollos (Spagna) ed \u00e8 stato ordinato sacerdote per l\u2019Arcidiocesi di Valladolid nel 1992. Ha poi conseguito la Licenza in Filosofia presso l\u2019Universit\u00e0 di Salamanca e il Dottorato di ricerca in Liturgia presso il Pontificio Istituto Liturgico Sant\u2019Anselmo (Roma). \u00c8 stato quindi delegato arcidiocesano per la Liturgia e Rettore del Seminario della stessa Circoscrizione ecclesiastica. Dal 1\u00b0 settembre 2015 \u00e8 in servizio presso la Congregazione per il Culto Divino e la Disciplina dei Sacramenti, nella quale, nel 2016, \u00e8 divenuto Capo Ufficio.<\/p>\n","protected":false},"excerpt":{"rendered":"<p>Subentra al cardinale Sarah. Il nuovo segretario \u00e8 il vescovo di Tortona mons. Viola<\/p>\n","protected":false},"author":17,"featured_media":19337,"comment_status":"closed","ping_status":"closed","sticky":false,"template":"","format":"standard","meta":{"_acf_changed":false,"_crdt_document":"","inline_featured_image":false,"footnotes":""},"categories":[137,2157,297],"tags":[2546,2548,2547,2550,2549],"class_list":["post-19421","post","type-post","status-publish","format-standard","has-post-thumbnail","hentry","category-dicasteri","category-top-ultime-notizie","category-ultime-notizie","tag-culto-divino","tag-prefetto-roche","tag-sacramenti","tag-tortona","tag-viola"],"acf":[],"yoast_head":"<!-- This site is optimized with the Yoast SEO plugin v27.5 - https:\/\/yoast.com\/product\/yoast-seo-wordpress\/ -->\n<title>Mons. Roche \u00e8 il nuovo prefetto del Culto divino &#8211; Exaudi<\/title>\n<meta name=\"description\" content=\"Il Papa ha nominato mons. Roche nuovo prefetto della Congregazione per il Culto Divino e la Disciplina dei Sacramenti. Nuovo segretario \u00e8 mons. Viola\" \/>\n<meta name=\"robots\" content=\"index, follow, max-snippet:-1, max-image-preview:large, max-video-preview:-1\" \/>\n<link rel=\"canonical\" href=\"https:\/\/exaudi.org\/it\/mons-roche-e-il-nuovo-prefetto-del-culto-divino\/\" \/>\n<meta property=\"og:locale\" content=\"it_IT\" \/>\n<meta property=\"og:type\" content=\"article\" \/>\n<meta property=\"og:title\" content=\"Mons. Roche \u00e8 il nuovo prefetto del Culto divino &#8211; Exaudi\" \/>\n<meta property=\"og:description\" content=\"Il Papa ha nominato mons. Roche nuovo prefetto della Congregazione per il Culto Divino e la Disciplina dei Sacramenti. Nuovo segretario \u00e8 mons. Viola\" \/>\n<meta property=\"og:url\" content=\"https:\/\/exaudi.org\/it\/mons-roche-e-il-nuovo-prefetto-del-culto-divino\/\" \/>\n<meta property=\"og:site_name\" content=\"Exaudi\" \/>\n<meta property=\"article:publisher\" content=\"https:\/\/www.facebook.com\/ExaudiNews\" \/>\n<meta property=\"article:author\" content=\"https:\/\/www.facebook.com\/ExaudiNotizie\/\" \/>\n<meta property=\"article:published_time\" content=\"2021-05-27T16:15:43+00:00\" \/>\n<meta property=\"og:image\" content=\"https:\/\/exaudi.org\/wp-content\/uploads\/2021\/05\/Mons.-Arthur-Roche.jpeg\" \/>\n\t<meta property=\"og:image:width\" content=\"1280\" \/>\n\t<meta property=\"og:image:height\" content=\"720\" \/>\n\t<meta property=\"og:image:type\" content=\"image\/jpeg\" \/>\n<meta name=\"author\" content=\"Exaudi Redazione\" \/>\n<meta name=\"twitter:card\" content=\"summary_large_image\" \/>\n<meta name=\"twitter:creator\" content=\"@Exaudi_Notizie\" \/>\n<meta name=\"twitter:site\" content=\"@Exaudi_News\" \/>\n<meta name=\"twitter:label1\" content=\"Scritto da\" \/>\n\t<meta name=\"twitter:data1\" content=\"Exaudi Redazione\" \/>\n\t<meta name=\"twitter:label2\" content=\"Tempo di lettura stimato\" \/>\n\t<meta name=\"twitter:data2\" content=\"2 minuti\" \/>\n<script type=\"application\/ld+json\" class=\"yoast-schema-graph\">{\"@context\":\"https:\\\/\\\/schema.org\",\"@graph\":[{\"@type\":\"Article\",\"@id\":\"https:\\\/\\\/exaudi.org\\\/it\\\/mons-roche-e-il-nuovo-prefetto-del-culto-divino\\\/#article\",\"isPartOf\":{\"@id\":\"https:\\\/\\\/exaudi.org\\\/it\\\/mons-roche-e-il-nuovo-prefetto-del-culto-divino\\\/\"},\"author\":{\"name\":\"Exaudi Redazione\",\"@id\":\"https:\\\/\\\/exaudi.org\\\/#\\\/schema\\\/person\\\/e1ab6ed07c01774724dd96f925f3a5f0\"},\"headline\":\"Mons. Roche \u00e8 il nuovo prefetto del Culto divino\",\"datePublished\":\"2021-05-27T16:15:43+00:00\",\"mainEntityOfPage\":{\"@id\":\"https:\\\/\\\/exaudi.org\\\/it\\\/mons-roche-e-il-nuovo-prefetto-del-culto-divino\\\/\"},\"wordCount\":311,\"image\":{\"@id\":\"https:\\\/\\\/exaudi.org\\\/it\\\/mons-roche-e-il-nuovo-prefetto-del-culto-divino\\\/#primaryimage\"},\"thumbnailUrl\":\"https:\\\/\\\/exaudi.org\\\/wp-content\\\/uploads\\\/2021\\\/05\\\/Mons.-Arthur-Roche.jpeg\",\"keywords\":[\"Culto divino\",\"prefetto Roche\",\"sacramenti\",\"Tortona\",\"Viola\"],\"articleSection\":[\"Dicasteri\",\"Top Ultime Notizie\",\"Ultime Notizie\"],\"inLanguage\":\"it-IT\"},{\"@type\":\"WebPage\",\"@id\":\"https:\\\/\\\/exaudi.org\\\/it\\\/mons-roche-e-il-nuovo-prefetto-del-culto-divino\\\/\",\"url\":\"https:\\\/\\\/exaudi.org\\\/it\\\/mons-roche-e-il-nuovo-prefetto-del-culto-divino\\\/\",\"name\":\"Mons. Roche \u00e8 il nuovo prefetto del Culto divino &#8211; Exaudi\",\"isPartOf\":{\"@id\":\"https:\\\/\\\/exaudi.org\\\/#website\"},\"primaryImageOfPage\":{\"@id\":\"https:\\\/\\\/exaudi.org\\\/it\\\/mons-roche-e-il-nuovo-prefetto-del-culto-divino\\\/#primaryimage\"},\"image\":{\"@id\":\"https:\\\/\\\/exaudi.org\\\/it\\\/mons-roche-e-il-nuovo-prefetto-del-culto-divino\\\/#primaryimage\"},\"thumbnailUrl\":\"https:\\\/\\\/exaudi.org\\\/wp-content\\\/uploads\\\/2021\\\/05\\\/Mons.-Arthur-Roche.jpeg\",\"datePublished\":\"2021-05-27T16:15:43+00:00\",\"author\":{\"@id\":\"https:\\\/\\\/exaudi.org\\\/#\\\/schema\\\/person\\\/e1ab6ed07c01774724dd96f925f3a5f0\"},\"description\":\"Il Papa ha nominato mons. Roche nuovo prefetto della Congregazione per il Culto Divino e la Disciplina dei Sacramenti. Nuovo segretario \u00e8 mons. Viola\",\"breadcrumb\":{\"@id\":\"https:\\\/\\\/exaudi.org\\\/it\\\/mons-roche-e-il-nuovo-prefetto-del-culto-divino\\\/#breadcrumb\"},\"inLanguage\":\"it-IT\",\"potentialAction\":[{\"@type\":\"ReadAction\",\"target\":[\"https:\\\/\\\/exaudi.org\\\/it\\\/mons-roche-e-il-nuovo-prefetto-del-culto-divino\\\/\"]}]},{\"@type\":\"ImageObject\",\"inLanguage\":\"it-IT\",\"@id\":\"https:\\\/\\\/exaudi.org\\\/it\\\/mons-roche-e-il-nuovo-prefetto-del-culto-divino\\\/#primaryimage\",\"url\":\"https:\\\/\\\/exaudi.org\\\/wp-content\\\/uploads\\\/2021\\\/05\\\/Mons.-Arthur-Roche.jpeg\",\"contentUrl\":\"https:\\\/\\\/exaudi.org\\\/wp-content\\\/uploads\\\/2021\\\/05\\\/Mons.-Arthur-Roche.jpeg\",\"width\":1280,\"height\":720,\"caption\":\"Mons. Arthur Roche \u00a9 Vatican Media\"},{\"@type\":\"BreadcrumbList\",\"@id\":\"https:\\\/\\\/exaudi.org\\\/it\\\/mons-roche-e-il-nuovo-prefetto-del-culto-divino\\\/#breadcrumb\",\"itemListElement\":[{\"@type\":\"ListItem\",\"position\":1,\"name\":\"Portada\",\"item\":\"https:\\\/\\\/exaudi.org\\\/it\\\/\"},{\"@type\":\"ListItem\",\"position\":2,\"name\":\"Mons. Roche \u00e8 il nuovo prefetto del Culto divino\"}]},{\"@type\":\"WebSite\",\"@id\":\"https:\\\/\\\/exaudi.org\\\/#website\",\"url\":\"https:\\\/\\\/exaudi.org\\\/\",\"name\":\"Exaudi\",\"description\":\"News\",\"potentialAction\":[{\"@type\":\"SearchAction\",\"target\":{\"@type\":\"EntryPoint\",\"urlTemplate\":\"https:\\\/\\\/exaudi.org\\\/?s={search_term_string}\"},\"query-input\":{\"@type\":\"PropertyValueSpecification\",\"valueRequired\":true,\"valueName\":\"search_term_string\"}}],\"inLanguage\":\"it-IT\"},{\"@type\":\"Person\",\"@id\":\"https:\\\/\\\/exaudi.org\\\/#\\\/schema\\\/person\\\/e1ab6ed07c01774724dd96f925f3a5f0\",\"name\":\"Exaudi Redazione\",\"image\":{\"@type\":\"ImageObject\",\"inLanguage\":\"it-IT\",\"@id\":\"https:\\\/\\\/secure.gravatar.com\\\/avatar\\\/ad6774b3ada023bf5b939d64f45c94b3adf91502dd883507d469b4308a943bb3?s=96&d=mm&r=g\",\"url\":\"https:\\\/\\\/secure.gravatar.com\\\/avatar\\\/ad6774b3ada023bf5b939d64f45c94b3adf91502dd883507d469b4308a943bb3?s=96&d=mm&r=g\",\"contentUrl\":\"https:\\\/\\\/secure.gravatar.com\\\/avatar\\\/ad6774b3ada023bf5b939d64f45c94b3adf91502dd883507d469b4308a943bb3?s=96&d=mm&r=g\",\"caption\":\"Exaudi Redazione\"},\"description\":\"Che cosa \u00e8 Exaudi News? Exaudi News \u00e8 un agenzia cattolica internazionale che informa, istruisce e trasforma quotidianamente in spagnolo, inglese e italiano. Attraverso notizie, articoli di analisi e trasmissioni in diretta degli eventi del Papa, Exaudi cerca di rafforzare l'unit\u00e0 dei cristiani e di contribuire all'evangelizzazione del mondo, sempre guidato dalla dottrina sociale della Chiesa. Lavoriamo per portare la verit\u00e0 e i valori cristiani in ogni angolo del pianeta. Aiutaci a trasformare il mondo con Exaudi! Noi di Exaudi crediamo che l'evangelizzazione e l'informazione di qualit\u00e0 possano cambiare la vita. Per continuare la nostra missione ed espandere la nostra portata, abbiamo bisogno del tuo aiuto. Stiamo anche cercando persone motivate che vogliano unirsi al nostro team. Grazie al vostro sostegno raggiungeremo pi\u00f9 persone, diffonderemo il messaggio di Cristo e rafforzeremo l'unit\u00e0 dei cristiani. Vuoi unirti alla nostra missione? Per maggiori informazioni su come contribuire, visita Exaudi.org\\\/it o contattaci direttamente: info@exaudi.org Exaudi: informa, forma e trasforma.\",\"sameAs\":[\"https:\\\/\\\/www.facebook.com\\\/ExaudiNotizie\\\/\",\"https:\\\/\\\/www.instagram.com\\\/Exaudi_notizie\\\/\",\"https:\\\/\\\/x.com\\\/Exaudi_Notizie\",\"https:\\\/\\\/www.youtube.com\\\/@exaudicatholicnews\"],\"url\":\"https:\\\/\\\/exaudi.org\\\/it\\\/author\\\/dlvedi-org\\\/\"}]}<\/script>\n<!-- \/ Yoast SEO plugin. -->","yoast_head_json":{"title":"Mons. Roche \u00e8 il nuovo prefetto del Culto divino &#8211; Exaudi","description":"Il Papa ha nominato mons. Roche nuovo prefetto della Congregazione per il Culto Divino e la Disciplina dei Sacramenti. Nuovo segretario \u00e8 mons. Viola","robots":{"index":"index","follow":"follow","max-snippet":"max-snippet:-1","max-image-preview":"max-image-preview:large","max-video-preview":"max-video-preview:-1"},"canonical":"https:\/\/exaudi.org\/it\/mons-roche-e-il-nuovo-prefetto-del-culto-divino\/","og_locale":"it_IT","og_type":"article","og_title":"Mons. Roche \u00e8 il nuovo prefetto del Culto divino &#8211; Exaudi","og_description":"Il Papa ha nominato mons. Roche nuovo prefetto della Congregazione per il Culto Divino e la Disciplina dei Sacramenti. Nuovo segretario \u00e8 mons. Viola","og_url":"https:\/\/exaudi.org\/it\/mons-roche-e-il-nuovo-prefetto-del-culto-divino\/","og_site_name":"Exaudi","article_publisher":"https:\/\/www.facebook.com\/ExaudiNews","article_author":"https:\/\/www.facebook.com\/ExaudiNotizie\/","article_published_time":"2021-05-27T16:15:43+00:00","og_image":[{"width":1280,"height":720,"url":"https:\/\/exaudi.org\/wp-content\/uploads\/2021\/05\/Mons.-Arthur-Roche.jpeg","type":"image\/jpeg"}],"author":"Exaudi Redazione","twitter_card":"summary_large_image","twitter_creator":"@Exaudi_Notizie","twitter_site":"@Exaudi_News","twitter_misc":{"Scritto da":"Exaudi Redazione","Tempo di lettura stimato":"2 minuti"},"schema":{"@context":"https:\/\/schema.org","@graph":[{"@type":"Article","@id":"https:\/\/exaudi.org\/it\/mons-roche-e-il-nuovo-prefetto-del-culto-divino\/#article","isPartOf":{"@id":"https:\/\/exaudi.org\/it\/mons-roche-e-il-nuovo-prefetto-del-culto-divino\/"},"author":{"name":"Exaudi Redazione","@id":"https:\/\/exaudi.org\/#\/schema\/person\/e1ab6ed07c01774724dd96f925f3a5f0"},"headline":"Mons. Roche \u00e8 il nuovo prefetto del Culto divino","datePublished":"2021-05-27T16:15:43+00:00","mainEntityOfPage":{"@id":"https:\/\/exaudi.org\/it\/mons-roche-e-il-nuovo-prefetto-del-culto-divino\/"},"wordCount":311,"image":{"@id":"https:\/\/exaudi.org\/it\/mons-roche-e-il-nuovo-prefetto-del-culto-divino\/#primaryimage"},"thumbnailUrl":"https:\/\/exaudi.org\/wp-content\/uploads\/2021\/05\/Mons.-Arthur-Roche.jpeg","keywords":["Culto divino","prefetto Roche","sacramenti","Tortona","Viola"],"articleSection":["Dicasteri","Top Ultime Notizie","Ultime Notizie"],"inLanguage":"it-IT"},{"@type":"WebPage","@id":"https:\/\/exaudi.org\/it\/mons-roche-e-il-nuovo-prefetto-del-culto-divino\/","url":"https:\/\/exaudi.org\/it\/mons-roche-e-il-nuovo-prefetto-del-culto-divino\/","name":"Mons. Roche \u00e8 il nuovo prefetto del Culto divino &#8211; Exaudi","isPartOf":{"@id":"https:\/\/exaudi.org\/#website"},"primaryImageOfPage":{"@id":"https:\/\/exaudi.org\/it\/mons-roche-e-il-nuovo-prefetto-del-culto-divino\/#primaryimage"},"image":{"@id":"https:\/\/exaudi.org\/it\/mons-roche-e-il-nuovo-prefetto-del-culto-divino\/#primaryimage"},"thumbnailUrl":"https:\/\/exaudi.org\/wp-content\/uploads\/2021\/05\/Mons.-Arthur-Roche.jpeg","datePublished":"2021-05-27T16:15:43+00:00","author":{"@id":"https:\/\/exaudi.org\/#\/schema\/person\/e1ab6ed07c01774724dd96f925f3a5f0"},"description":"Il Papa ha nominato mons. Roche nuovo prefetto della Congregazione per il Culto Divino e la Disciplina dei Sacramenti. Nuovo segretario \u00e8 mons. Viola","breadcrumb":{"@id":"https:\/\/exaudi.org\/it\/mons-roche-e-il-nuovo-prefetto-del-culto-divino\/#breadcrumb"},"inLanguage":"it-IT","potentialAction":[{"@type":"ReadAction","target":["https:\/\/exaudi.org\/it\/mons-roche-e-il-nuovo-prefetto-del-culto-divino\/"]}]},{"@type":"ImageObject","inLanguage":"it-IT","@id":"https:\/\/exaudi.org\/it\/mons-roche-e-il-nuovo-prefetto-del-culto-divino\/#primaryimage","url":"https:\/\/exaudi.org\/wp-content\/uploads\/2021\/05\/Mons.-Arthur-Roche.jpeg","contentUrl":"https:\/\/exaudi.org\/wp-content\/uploads\/2021\/05\/Mons.-Arthur-Roche.jpeg","width":1280,"height":720,"caption":"Mons. Arthur Roche \u00a9 Vatican Media"},{"@type":"BreadcrumbList","@id":"https:\/\/exaudi.org\/it\/mons-roche-e-il-nuovo-prefetto-del-culto-divino\/#breadcrumb","itemListElement":[{"@type":"ListItem","position":1,"name":"Portada","item":"https:\/\/exaudi.org\/it\/"},{"@type":"ListItem","position":2,"name":"Mons. Roche \u00e8 il nuovo prefetto del Culto divino"}]},{"@type":"WebSite","@id":"https:\/\/exaudi.org\/#website","url":"https:\/\/exaudi.org\/","name":"Exaudi","description":"News","potentialAction":[{"@type":"SearchAction","target":{"@type":"EntryPoint","urlTemplate":"https:\/\/exaudi.org\/?s={search_term_string}"},"query-input":{"@type":"PropertyValueSpecification","valueRequired":true,"valueName":"search_term_string"}}],"inLanguage":"it-IT"},{"@type":"Person","@id":"https:\/\/exaudi.org\/#\/schema\/person\/e1ab6ed07c01774724dd96f925f3a5f0","name":"Exaudi Redazione","image":{"@type":"ImageObject","inLanguage":"it-IT","@id":"https:\/\/secure.gravatar.com\/avatar\/ad6774b3ada023bf5b939d64f45c94b3adf91502dd883507d469b4308a943bb3?s=96&d=mm&r=g","url":"https:\/\/secure.gravatar.com\/avatar\/ad6774b3ada023bf5b939d64f45c94b3adf91502dd883507d469b4308a943bb3?s=96&d=mm&r=g","contentUrl":"https:\/\/secure.gravatar.com\/avatar\/ad6774b3ada023bf5b939d64f45c94b3adf91502dd883507d469b4308a943bb3?s=96&d=mm&r=g","caption":"Exaudi Redazione"},"description":"Che cosa \u00e8 Exaudi News? Exaudi News \u00e8 un agenzia cattolica internazionale che informa, istruisce e trasforma quotidianamente in spagnolo, inglese e italiano. Attraverso notizie, articoli di analisi e trasmissioni in diretta degli eventi del Papa, Exaudi cerca di rafforzare l'unit\u00e0 dei cristiani e di contribuire all'evangelizzazione del mondo, sempre guidato dalla dottrina sociale della Chiesa. Lavoriamo per portare la verit\u00e0 e i valori cristiani in ogni angolo del pianeta. Aiutaci a trasformare il mondo con Exaudi! Noi di Exaudi crediamo che l'evangelizzazione e l'informazione di qualit\u00e0 possano cambiare la vita. Per continuare la nostra missione ed espandere la nostra portata, abbiamo bisogno del tuo aiuto. Stiamo anche cercando persone motivate che vogliano unirsi al nostro team. Grazie al vostro sostegno raggiungeremo pi\u00f9 persone, diffonderemo il messaggio di Cristo e rafforzeremo l'unit\u00e0 dei cristiani. Vuoi unirti alla nostra missione? Per maggiori informazioni su come contribuire, visita Exaudi.org\/it o contattaci direttamente: info@exaudi.org Exaudi: informa, forma e trasforma.","sameAs":["https:\/\/www.facebook.com\/ExaudiNotizie\/","https:\/\/www.instagram.com\/Exaudi_notizie\/","https:\/\/x.com\/Exaudi_Notizie","https:\/\/www.youtube.com\/@exaudicatholicnews"],"url":"https:\/\/exaudi.org\/it\/author\/dlvedi-org\/"}]}},"jetpack_featured_media_url":"https:\/\/exaudi.org\/wp-content\/uploads\/2021\/05\/Mons.-Arthur-Roche.jpeg","jetpack_shortlink":"https:\/\/wp.me\/pgKjF2-53f","_links":{"self":[{"href":"https:\/\/exaudi.org\/it\/wp-json\/wp\/v2\/posts\/19421","targetHints":{"allow":["GET"]}}],"collection":[{"href":"https:\/\/exaudi.org\/it\/wp-json\/wp\/v2\/posts"}],"about":[{"href":"https:\/\/exaudi.org\/it\/wp-json\/wp\/v2\/types\/post"}],"author":[{"embeddable":true,"href":"https:\/\/exaudi.org\/it\/wp-json\/wp\/v2\/users\/17"}],"replies":[{"embeddable":true,"href":"https:\/\/exaudi.org\/it\/wp-json\/wp\/v2\/comments?post=19421"}],"version-history":[{"count":0,"href":"https:\/\/exaudi.org\/it\/wp-json\/wp\/v2\/posts\/19421\/revisions"}],"wp:featuredmedia":[{"embeddable":true,"href":"https:\/\/exaudi.org\/it\/wp-json\/wp\/v2\/media\/19337"}],"wp:attachment":[{"href":"https:\/\/exaudi.org\/it\/wp-json\/wp\/v2\/media?parent=19421"}],"wp:term":[{"taxonomy":"category","embeddable":true,"href":"https:\/\/exaudi.org\/it\/wp-json\/wp\/v2\/categories?post=19421"},{"taxonomy":"post_tag","embeddable":true,"href":"https:\/\/exaudi.org\/it\/wp-json\/wp\/v2\/tags?post=19421"}],"curies":[{"name":"wp","href":"https:\/\/api.w.org\/{rel}","templated":true}]}}