{"id":19199,"date":"2021-05-26T15:30:37","date_gmt":"2021-05-26T13:30:37","guid":{"rendered":"https:\/\/exaudi.org\/?p=19199"},"modified":"2021-05-26T15:07:53","modified_gmt":"2021-05-26T13:07:53","slug":"finita-la-settimana-laudato-si-limpegno-continua","status":"publish","type":"post","link":"https:\/\/exaudi.org\/it\/finita-la-settimana-laudato-si-limpegno-continua\/","title":{"rendered":"Finita la Settimana Laudato Si&#8217;, l&#8217;impegno continua"},"content":{"rendered":"<p>Mostrando la forza del movimento cattolico nel prendersi cura del creato, centinaia di migliaia di cattolici hanno partecipato alla Settimana Laudato Si\u2019 2021, una celebrazione di 10 giorni che si \u00e8 tenuta dal 16 al 25 maggio. I cattolici, ispirati dal tema della settimana, &#8220;Poich\u00e9 sappiamo che le cose possono cambiare&#8221; (LS 13), hanno partecipato a Dialoghi Laudato Si&#8217; online e hanno tenuto nelle loro comunit\u00e0 eventi che hanno aiutato le loro sorelle ed i loro fratelli ad approfondire la conoscenza del messaggio, carico di speranza e di urgenza, di Papa Francesco nella Laudato Si&#8217;.<\/p>\n<p>Il Cardinale Peter K. A. Turkson, Prefetto del Dicastero vaticano per il Servizio dello Sviluppo Umano Integrale, ha dichiarato: &#8220;La potente Settimana Laudato Si\u2019 2021 mostra ancora una volta come i cattolici si impegnino a prendersi cura della nostra casa comune e a seguire la guida profetica di Papa Francesco. Pi\u00f9 che mai, le persone di fede comprendono che dobbiamo nutrire la nostra casa comune e che, cos\u00ec facendo, ci stiamo prendendo cura dei pi\u00f9 vulnerabili tra noi e innalzando il grido della Terra e il grido dei poveri&#8221;.<\/p>\n<p>Il Rev. Joshtrom Isaac Kureethadam, Responsabile dell&#8217;Ufficio Ecologia e Creato del Vaticano, ha affermato: &#8220;\u00c8 stimolante vedere come lo Spirito Santo sta spingendo la Chiesa globale a prendersi cura della nostra casa comune e di tutti i membri del creato&#8221;.<\/p>\n<h4>Il Tempo del Creato<\/h4>\n<p>Dopo aver concluso l&#8217;Anno dell&#8217;Anniversario Speciale della Laudato Si&#8217;, i cattolici ora rivolgeranno la loro attenzione al <a href=\"https:\/\/seasonofcreation.org\/it\/home-it\/\">Tempo del Creato<\/a>, la celebrazione ecumenica annuale di preghiera e azione per la nostra casa comune, che si terr\u00e0 dal 1 settembre al 4 ottobre.<\/p>\n<p>Le comunit\u00e0 di tutto il mondo inizieranno a pianificare come pregare, agire e mobilitarsi per la nostra casa comune con l\u2019ausilio della Guida gratuita per la Celebrazione del Tempo del Creato, disponibile su <a href=\"https:\/\/seasonofcreation.org\/it\/home-it\/\">SeasonOfCreation.org\/it<\/a>. Un volantino di invito a partecipare al Tempo \u00e8 disponibile <a href=\"https:\/\/drive.google.com\/file\/d\/1rDcXh1xCp9Te8Ap3T7iye7oWM9qzs9F0\/view?usp=sharing\">qui<\/a>.<\/p>\n<p>Mons. Bruno-Marie Duff\u00e9, Segretario del Dicastero vaticano per il Servizio dello Sviluppo Umano Integrale, ha ricordato ai cattolici l&#8217;invito di Papa Francesco ad unirsi alla famiglia cristiana mondiale per celebrare questo tempo.<\/p>\n<p>\u201cIncoraggiamo anche vescovi e istituzioni ecclesiali a rilasciare dichiarazioni per diffondere il Tempo del Creato\u201d, <a href=\"https:\/\/drive.google.com\/file\/d\/1GellzKc_evT7Mi_fmmP4atma5UcPUVvV\/view?usp=sharing\">ha scritto<\/a> Mons. Duff\u00e9. \u201cIl Tempo del Creato di quest\u2019anno sar\u00e0 anche un momento fondamentale per i cattolici per alzare la voce dei pi\u00f9 vulnerabili e mobilitarsi in loro favore in vista di due importanti vertici: quello delle Nazioni Unite sulla Biodiversit\u00e0 (COP 15) a ottobre e quello delle Nazioni Unite sul Clima a novembre (COP 26).&#8221;<\/p>\n<h4>Una petizione<\/h4>\n<p>A tal fine, durante la Settimana Laudato Si\u2019 \u00e8 stata lanciata la petizione <a href=\"https:\/\/thecatholicpetition.org\/it\/home-it\/\">\u201cPianeta Sano, Persone Sane\u201d<\/a>. I cattolici e le loro istituzioni sono invitati a firmare la petizione che chieder\u00e0 ai leader mondiali di stabilire accordi significativi per riparare la nostra casa comune.<\/p>\n<p>L&#8217;impegno dei cattolici sar\u00e0 sostenuto dalla nuova Piattaforma di Iniziative Laudato Si\u2019, che \u00e8 stata lanciata ufficialmente oggi. E\u2019 uno strumento promosso dal Vaticano che consentir\u00e0 alle istituzioni, alle comunit\u00e0 e alle famiglie cattoliche di attuare la Laudato Si\u2019. A supporto dell&#8217;iniziativa \u00e8 stato pubblicato il nuovo sito web <a href=\"http:\/\/www.laudatosi.va\/\">LaudatoSi.va<\/a>.<\/p>\n<p>&#8220;La Piattaforma di Iniziative Laudato Si\u2019 \u00e8 un viaggio verso la sostenibilit\u00e0 totale nello spirito dell\u2019ecologia integrale &#8220;, ha affermato il Rev. Kureethadam.<\/p>\n<h4>Una partecipazione massiccia<\/h4>\n<p>Durante la Settimana Laudato Si\u2019, decine di migliaia di persone hanno partecipato a Dialoghi mondiali Laudato Si&#8217; che sono stati caratterizzati da vivaci conversazioni sulla creazione del cambiamento in vista dei vertici delle Nazioni Unite di fine anno, sull'&#8221;imperativo morale&#8221; dei cattolici di disinvestire dai combustibili fossili ed i modi in cui i cattolici e le loro istituzioni possono maturare una conversione ecologica, tra gli altri argomenti.<\/p>\n<p>Decine di migliaia di persone hanno partecipato anche al festival musicale Laudato Si&#8217; e al mandato missionario ai fedeli di diffondere il Vangelo della Creazione nel mondo. Il Cardinale Luis Antonio Tagle, Prefetto della Congregazione vaticana per l&#8217;Evangelizzazione dei Popoli, ha guidato l&#8217;incontro di preghiera di Pentecoste\/mandato missionario.<\/p>\n<p>Gli eventi globali sono stati caratterizzati da dichiarazioni e sfide di cardinali, leader vaticani, vescovi e religiose. Hanno evidenziato la diversit\u00e0 della Chiesa, grazie anche alla\u00a0partecipazione di leader provenienti da Kenya, Filippine, Sud Africa, Argentina, Regno Unito, Paraguay, Stati Uniti e India, e hanno dato risalto a coloro che sono in prima linea nella lotta alla crisi climatica, tra cui Jos\u00e9 Gregorio Diaz Mirabal, coordinatore generale del Congresso delle Organizzazioni Indigene del bacino dell\u2019Amazzonia.<\/p>\n<h4>Eventi in tutto il mondo<\/h4>\n<p>A livello locale, quasi 200 eventi sono stati registrati su <a href=\"https:\/\/laudatosiweek.org\/it\/home-it\/\">LaudatoSiWeek.org<\/a> da tutto il mondo, una crescita di oltre il 200 percento rispetto alla Settimana Laudato Si\u2019 2020. Questi eventi hanno davvero dato un significato profondo alla celebrazione che, quest&#8217;anno, \u00e8 stata supportata da 157 partner cattolici in tutto il mondo, rispetto ai 137 dello scorso anno.<\/p>\n<p>Tom\u00e1s Insua, Direttore Esecutivo del Movimento Cattolico Mondiale per il Clima, ha dichiarato: &#8220;I cattolici sanno che agire contro la crisi ecologica e l&#8217;emergenza climatica \u00e8 il modo in cui viviamo la nostra fede&#8221;.<\/p>\n<p>Online e attraverso i canali social, i cattolici hanno amplificato il messaggio di Papa Francesco. Le visualizzazioni della pagina <a href=\"https:\/\/laudatosiweek.org\/it\/home-it\/\">LaudatoSiWeek.org<\/a> sono aumentate di quasi il 1.500% e le interazioni sulle reti social sono aumentate del 170% rispetto al 2020. Papa Francesco ha aperto la strada, twittando su #SettimanaLaudatoSi durante la celebrazione.<\/p>\n<p>Suor Sheila Kinsey, Co-segretaria Esecutiva della Commissione Giustizia, Pace e Integrit\u00e0 del Creato, un progetto dell&#8217;Unione Internazionale delle Superiore Generali ha affermato: \u201cLa Settimana Laudato Si\u2019 \u00e8 stata un periodo di profondo arricchimento spirituale. L&#8217;enorme ispirazione del messaggio di speranza dell\u2019Enciclica continua a stimolare le persone all&#8217;azione in tutto il mondo&#8221;.<\/p>\n<p>La Settimana Laudato Si\u2019\u00a0 2021 \u00e8 stata promossa dal Dicastero Vaticano per il Servizio dello Sviluppo Umano Integrale e facilitata dal Movimento Cattolico Mondiale per il Clima in collaborazione con RENOVA+, Caritas Internationalis, CIDSE, Unione Internazionale delle Superiori Generali, Unione dei Superiori Generali, Compagnia di Ges\u00f9, l\u2019Ufficio Generalizio per la Giustizia, la Pace e l&#8217;Integrit\u00e0 del Creato dall&#8217;Ordine dei Frati Francescani e in collaborazione con decine di partner cattolici. Ulteriori informazioni sono disponibili su <a href=\"https:\/\/laudatosiweek.org\/it\/home-it\/\">LaudatoSiWeek.org<\/a>.<\/p>\n","protected":false},"excerpt":{"rendered":"<p>Cattolici di tutto il mondo rispondono alla chiamata di Papa Francesco<\/p>\n","protected":false},"author":17,"featured_media":19201,"comment_status":"closed","ping_status":"closed","sticky":false,"template":"","format":"standard","meta":{"_acf_changed":false,"_crdt_document":"","inline_featured_image":false,"footnotes":""},"categories":[79,2157,297],"tags":[1327,1885,2121,2487,2120],"class_list":["post-19199","post","type-post","status-publish","format-standard","has-post-thumbnail","hentry","category-ecologia","category-top-ultime-notizie","category-ultime-notizie","tag-ambiente","tag-cura-del-creato","tag-ecologia","tag-featured-3","tag-laudato-si"],"acf":[],"yoast_head":"<!-- This site is optimized with the Yoast SEO plugin v27.5 - https:\/\/yoast.com\/product\/yoast-seo-wordpress\/ -->\n<title>Finita la Settimana Laudato Si&#039;, l&#039;impegno continua &#8211; Exaudi<\/title>\n<meta name=\"description\" content=\"La Settimana Laudato Si&#039; si \u00e8 conclusa con una grande partecipazione agli eventi in tutto il mondo. Tanti hanno risposto agli appelli del Papa\" \/>\n<meta name=\"robots\" content=\"index, follow, max-snippet:-1, max-image-preview:large, max-video-preview:-1\" \/>\n<link rel=\"canonical\" href=\"https:\/\/exaudi.org\/it\/finita-la-settimana-laudato-si-limpegno-continua\/\" \/>\n<meta property=\"og:locale\" content=\"it_IT\" \/>\n<meta property=\"og:type\" content=\"article\" \/>\n<meta property=\"og:title\" content=\"Finita la Settimana Laudato Si&#039;, l&#039;impegno continua &#8211; Exaudi\" \/>\n<meta property=\"og:description\" content=\"La Settimana Laudato Si&#039; si \u00e8 conclusa con una grande partecipazione agli eventi in tutto il mondo. Tanti hanno risposto agli appelli del Papa\" \/>\n<meta property=\"og:url\" content=\"https:\/\/exaudi.org\/it\/finita-la-settimana-laudato-si-limpegno-continua\/\" \/>\n<meta property=\"og:site_name\" content=\"Exaudi\" \/>\n<meta property=\"article:publisher\" content=\"https:\/\/www.facebook.com\/ExaudiNews\" \/>\n<meta property=\"article:author\" content=\"https:\/\/www.facebook.com\/ExaudiNotizie\/\" \/>\n<meta property=\"article:published_time\" content=\"2021-05-26T13:30:37+00:00\" \/>\n<meta property=\"og:image\" content=\"https:\/\/exaudi.org\/wp-content\/uploads\/2021\/05\/settimana-laudato-si.jpeg\" \/>\n\t<meta property=\"og:image:width\" content=\"876\" \/>\n\t<meta property=\"og:image:height\" content=\"547\" \/>\n\t<meta property=\"og:image:type\" content=\"image\/jpeg\" \/>\n<meta name=\"author\" content=\"Exaudi Redazione\" \/>\n<meta name=\"twitter:card\" content=\"summary_large_image\" \/>\n<meta name=\"twitter:creator\" content=\"@Exaudi_Notizie\" \/>\n<meta name=\"twitter:site\" content=\"@Exaudi_News\" \/>\n<meta name=\"twitter:label1\" content=\"Scritto da\" \/>\n\t<meta name=\"twitter:data1\" content=\"Exaudi Redazione\" \/>\n\t<meta name=\"twitter:label2\" content=\"Tempo di lettura stimato\" \/>\n\t<meta name=\"twitter:data2\" content=\"5 minuti\" \/>\n<script type=\"application\/ld+json\" class=\"yoast-schema-graph\">{\"@context\":\"https:\\\/\\\/schema.org\",\"@graph\":[{\"@type\":\"Article\",\"@id\":\"https:\\\/\\\/exaudi.org\\\/it\\\/finita-la-settimana-laudato-si-limpegno-continua\\\/#article\",\"isPartOf\":{\"@id\":\"https:\\\/\\\/exaudi.org\\\/it\\\/finita-la-settimana-laudato-si-limpegno-continua\\\/\"},\"author\":{\"name\":\"Exaudi Redazione\",\"@id\":\"https:\\\/\\\/exaudi.org\\\/#\\\/schema\\\/person\\\/e1ab6ed07c01774724dd96f925f3a5f0\"},\"headline\":\"Finita la Settimana Laudato Si&#8217;, l&#8217;impegno continua\",\"datePublished\":\"2021-05-26T13:30:37+00:00\",\"mainEntityOfPage\":{\"@id\":\"https:\\\/\\\/exaudi.org\\\/it\\\/finita-la-settimana-laudato-si-limpegno-continua\\\/\"},\"wordCount\":1011,\"image\":{\"@id\":\"https:\\\/\\\/exaudi.org\\\/it\\\/finita-la-settimana-laudato-si-limpegno-continua\\\/#primaryimage\"},\"thumbnailUrl\":\"https:\\\/\\\/exaudi.org\\\/wp-content\\\/uploads\\\/2021\\\/05\\\/settimana-laudato-si.jpeg\",\"keywords\":[\"ambiente\",\"cura del creato\",\"ecologia\",\"Featured\",\"Laudato si'\"],\"articleSection\":[\"Ecologia\",\"Top Ultime Notizie\",\"Ultime Notizie\"],\"inLanguage\":\"it-IT\"},{\"@type\":\"WebPage\",\"@id\":\"https:\\\/\\\/exaudi.org\\\/it\\\/finita-la-settimana-laudato-si-limpegno-continua\\\/\",\"url\":\"https:\\\/\\\/exaudi.org\\\/it\\\/finita-la-settimana-laudato-si-limpegno-continua\\\/\",\"name\":\"Finita la Settimana Laudato Si', l'impegno continua &#8211; Exaudi\",\"isPartOf\":{\"@id\":\"https:\\\/\\\/exaudi.org\\\/#website\"},\"primaryImageOfPage\":{\"@id\":\"https:\\\/\\\/exaudi.org\\\/it\\\/finita-la-settimana-laudato-si-limpegno-continua\\\/#primaryimage\"},\"image\":{\"@id\":\"https:\\\/\\\/exaudi.org\\\/it\\\/finita-la-settimana-laudato-si-limpegno-continua\\\/#primaryimage\"},\"thumbnailUrl\":\"https:\\\/\\\/exaudi.org\\\/wp-content\\\/uploads\\\/2021\\\/05\\\/settimana-laudato-si.jpeg\",\"datePublished\":\"2021-05-26T13:30:37+00:00\",\"author\":{\"@id\":\"https:\\\/\\\/exaudi.org\\\/#\\\/schema\\\/person\\\/e1ab6ed07c01774724dd96f925f3a5f0\"},\"description\":\"La Settimana Laudato Si' si \u00e8 conclusa con una grande partecipazione agli eventi in tutto il mondo. Tanti hanno risposto agli appelli del Papa\",\"breadcrumb\":{\"@id\":\"https:\\\/\\\/exaudi.org\\\/it\\\/finita-la-settimana-laudato-si-limpegno-continua\\\/#breadcrumb\"},\"inLanguage\":\"it-IT\",\"potentialAction\":[{\"@type\":\"ReadAction\",\"target\":[\"https:\\\/\\\/exaudi.org\\\/it\\\/finita-la-settimana-laudato-si-limpegno-continua\\\/\"]}]},{\"@type\":\"ImageObject\",\"inLanguage\":\"it-IT\",\"@id\":\"https:\\\/\\\/exaudi.org\\\/it\\\/finita-la-settimana-laudato-si-limpegno-continua\\\/#primaryimage\",\"url\":\"https:\\\/\\\/exaudi.org\\\/wp-content\\\/uploads\\\/2021\\\/05\\\/settimana-laudato-si.jpeg\",\"contentUrl\":\"https:\\\/\\\/exaudi.org\\\/wp-content\\\/uploads\\\/2021\\\/05\\\/settimana-laudato-si.jpeg\",\"width\":876,\"height\":547,\"caption\":\"Copyright Vatican News\"},{\"@type\":\"BreadcrumbList\",\"@id\":\"https:\\\/\\\/exaudi.org\\\/it\\\/finita-la-settimana-laudato-si-limpegno-continua\\\/#breadcrumb\",\"itemListElement\":[{\"@type\":\"ListItem\",\"position\":1,\"name\":\"Portada\",\"item\":\"https:\\\/\\\/exaudi.org\\\/it\\\/\"},{\"@type\":\"ListItem\",\"position\":2,\"name\":\"Finita la Settimana Laudato Si&#8217;, l&#8217;impegno continua\"}]},{\"@type\":\"WebSite\",\"@id\":\"https:\\\/\\\/exaudi.org\\\/#website\",\"url\":\"https:\\\/\\\/exaudi.org\\\/\",\"name\":\"Exaudi\",\"description\":\"News\",\"potentialAction\":[{\"@type\":\"SearchAction\",\"target\":{\"@type\":\"EntryPoint\",\"urlTemplate\":\"https:\\\/\\\/exaudi.org\\\/?s={search_term_string}\"},\"query-input\":{\"@type\":\"PropertyValueSpecification\",\"valueRequired\":true,\"valueName\":\"search_term_string\"}}],\"inLanguage\":\"it-IT\"},{\"@type\":\"Person\",\"@id\":\"https:\\\/\\\/exaudi.org\\\/#\\\/schema\\\/person\\\/e1ab6ed07c01774724dd96f925f3a5f0\",\"name\":\"Exaudi Redazione\",\"image\":{\"@type\":\"ImageObject\",\"inLanguage\":\"it-IT\",\"@id\":\"https:\\\/\\\/secure.gravatar.com\\\/avatar\\\/ad6774b3ada023bf5b939d64f45c94b3adf91502dd883507d469b4308a943bb3?s=96&d=mm&r=g\",\"url\":\"https:\\\/\\\/secure.gravatar.com\\\/avatar\\\/ad6774b3ada023bf5b939d64f45c94b3adf91502dd883507d469b4308a943bb3?s=96&d=mm&r=g\",\"contentUrl\":\"https:\\\/\\\/secure.gravatar.com\\\/avatar\\\/ad6774b3ada023bf5b939d64f45c94b3adf91502dd883507d469b4308a943bb3?s=96&d=mm&r=g\",\"caption\":\"Exaudi Redazione\"},\"description\":\"Che cosa \u00e8 Exaudi News? Exaudi News \u00e8 un agenzia cattolica internazionale che informa, istruisce e trasforma quotidianamente in spagnolo, inglese e italiano. Attraverso notizie, articoli di analisi e trasmissioni in diretta degli eventi del Papa, Exaudi cerca di rafforzare l'unit\u00e0 dei cristiani e di contribuire all'evangelizzazione del mondo, sempre guidato dalla dottrina sociale della Chiesa. Lavoriamo per portare la verit\u00e0 e i valori cristiani in ogni angolo del pianeta. Aiutaci a trasformare il mondo con Exaudi! Noi di Exaudi crediamo che l'evangelizzazione e l'informazione di qualit\u00e0 possano cambiare la vita. Per continuare la nostra missione ed espandere la nostra portata, abbiamo bisogno del tuo aiuto. Stiamo anche cercando persone motivate che vogliano unirsi al nostro team. Grazie al vostro sostegno raggiungeremo pi\u00f9 persone, diffonderemo il messaggio di Cristo e rafforzeremo l'unit\u00e0 dei cristiani. Vuoi unirti alla nostra missione? Per maggiori informazioni su come contribuire, visita Exaudi.org\\\/it o contattaci direttamente: info@exaudi.org Exaudi: informa, forma e trasforma.\",\"sameAs\":[\"https:\\\/\\\/www.facebook.com\\\/ExaudiNotizie\\\/\",\"https:\\\/\\\/www.instagram.com\\\/Exaudi_notizie\\\/\",\"https:\\\/\\\/x.com\\\/Exaudi_Notizie\",\"https:\\\/\\\/www.youtube.com\\\/@exaudicatholicnews\"],\"url\":\"https:\\\/\\\/exaudi.org\\\/it\\\/author\\\/dlvedi-org\\\/\"}]}<\/script>\n<!-- \/ Yoast SEO plugin. -->","yoast_head_json":{"title":"Finita la Settimana Laudato Si', l'impegno continua &#8211; Exaudi","description":"La Settimana Laudato Si' si \u00e8 conclusa con una grande partecipazione agli eventi in tutto il mondo. Tanti hanno risposto agli appelli del Papa","robots":{"index":"index","follow":"follow","max-snippet":"max-snippet:-1","max-image-preview":"max-image-preview:large","max-video-preview":"max-video-preview:-1"},"canonical":"https:\/\/exaudi.org\/it\/finita-la-settimana-laudato-si-limpegno-continua\/","og_locale":"it_IT","og_type":"article","og_title":"Finita la Settimana Laudato Si', l'impegno continua &#8211; Exaudi","og_description":"La Settimana Laudato Si' si \u00e8 conclusa con una grande partecipazione agli eventi in tutto il mondo. Tanti hanno risposto agli appelli del Papa","og_url":"https:\/\/exaudi.org\/it\/finita-la-settimana-laudato-si-limpegno-continua\/","og_site_name":"Exaudi","article_publisher":"https:\/\/www.facebook.com\/ExaudiNews","article_author":"https:\/\/www.facebook.com\/ExaudiNotizie\/","article_published_time":"2021-05-26T13:30:37+00:00","og_image":[{"width":876,"height":547,"url":"https:\/\/exaudi.org\/wp-content\/uploads\/2021\/05\/settimana-laudato-si.jpeg","type":"image\/jpeg"}],"author":"Exaudi Redazione","twitter_card":"summary_large_image","twitter_creator":"@Exaudi_Notizie","twitter_site":"@Exaudi_News","twitter_misc":{"Scritto da":"Exaudi Redazione","Tempo di lettura stimato":"5 minuti"},"schema":{"@context":"https:\/\/schema.org","@graph":[{"@type":"Article","@id":"https:\/\/exaudi.org\/it\/finita-la-settimana-laudato-si-limpegno-continua\/#article","isPartOf":{"@id":"https:\/\/exaudi.org\/it\/finita-la-settimana-laudato-si-limpegno-continua\/"},"author":{"name":"Exaudi Redazione","@id":"https:\/\/exaudi.org\/#\/schema\/person\/e1ab6ed07c01774724dd96f925f3a5f0"},"headline":"Finita la Settimana Laudato Si&#8217;, l&#8217;impegno continua","datePublished":"2021-05-26T13:30:37+00:00","mainEntityOfPage":{"@id":"https:\/\/exaudi.org\/it\/finita-la-settimana-laudato-si-limpegno-continua\/"},"wordCount":1011,"image":{"@id":"https:\/\/exaudi.org\/it\/finita-la-settimana-laudato-si-limpegno-continua\/#primaryimage"},"thumbnailUrl":"https:\/\/exaudi.org\/wp-content\/uploads\/2021\/05\/settimana-laudato-si.jpeg","keywords":["ambiente","cura del creato","ecologia","Featured","Laudato si'"],"articleSection":["Ecologia","Top Ultime Notizie","Ultime Notizie"],"inLanguage":"it-IT"},{"@type":"WebPage","@id":"https:\/\/exaudi.org\/it\/finita-la-settimana-laudato-si-limpegno-continua\/","url":"https:\/\/exaudi.org\/it\/finita-la-settimana-laudato-si-limpegno-continua\/","name":"Finita la Settimana Laudato Si', l'impegno continua &#8211; Exaudi","isPartOf":{"@id":"https:\/\/exaudi.org\/#website"},"primaryImageOfPage":{"@id":"https:\/\/exaudi.org\/it\/finita-la-settimana-laudato-si-limpegno-continua\/#primaryimage"},"image":{"@id":"https:\/\/exaudi.org\/it\/finita-la-settimana-laudato-si-limpegno-continua\/#primaryimage"},"thumbnailUrl":"https:\/\/exaudi.org\/wp-content\/uploads\/2021\/05\/settimana-laudato-si.jpeg","datePublished":"2021-05-26T13:30:37+00:00","author":{"@id":"https:\/\/exaudi.org\/#\/schema\/person\/e1ab6ed07c01774724dd96f925f3a5f0"},"description":"La Settimana Laudato Si' si \u00e8 conclusa con una grande partecipazione agli eventi in tutto il mondo. Tanti hanno risposto agli appelli del Papa","breadcrumb":{"@id":"https:\/\/exaudi.org\/it\/finita-la-settimana-laudato-si-limpegno-continua\/#breadcrumb"},"inLanguage":"it-IT","potentialAction":[{"@type":"ReadAction","target":["https:\/\/exaudi.org\/it\/finita-la-settimana-laudato-si-limpegno-continua\/"]}]},{"@type":"ImageObject","inLanguage":"it-IT","@id":"https:\/\/exaudi.org\/it\/finita-la-settimana-laudato-si-limpegno-continua\/#primaryimage","url":"https:\/\/exaudi.org\/wp-content\/uploads\/2021\/05\/settimana-laudato-si.jpeg","contentUrl":"https:\/\/exaudi.org\/wp-content\/uploads\/2021\/05\/settimana-laudato-si.jpeg","width":876,"height":547,"caption":"Copyright Vatican News"},{"@type":"BreadcrumbList","@id":"https:\/\/exaudi.org\/it\/finita-la-settimana-laudato-si-limpegno-continua\/#breadcrumb","itemListElement":[{"@type":"ListItem","position":1,"name":"Portada","item":"https:\/\/exaudi.org\/it\/"},{"@type":"ListItem","position":2,"name":"Finita la Settimana Laudato Si&#8217;, l&#8217;impegno continua"}]},{"@type":"WebSite","@id":"https:\/\/exaudi.org\/#website","url":"https:\/\/exaudi.org\/","name":"Exaudi","description":"News","potentialAction":[{"@type":"SearchAction","target":{"@type":"EntryPoint","urlTemplate":"https:\/\/exaudi.org\/?s={search_term_string}"},"query-input":{"@type":"PropertyValueSpecification","valueRequired":true,"valueName":"search_term_string"}}],"inLanguage":"it-IT"},{"@type":"Person","@id":"https:\/\/exaudi.org\/#\/schema\/person\/e1ab6ed07c01774724dd96f925f3a5f0","name":"Exaudi Redazione","image":{"@type":"ImageObject","inLanguage":"it-IT","@id":"https:\/\/secure.gravatar.com\/avatar\/ad6774b3ada023bf5b939d64f45c94b3adf91502dd883507d469b4308a943bb3?s=96&d=mm&r=g","url":"https:\/\/secure.gravatar.com\/avatar\/ad6774b3ada023bf5b939d64f45c94b3adf91502dd883507d469b4308a943bb3?s=96&d=mm&r=g","contentUrl":"https:\/\/secure.gravatar.com\/avatar\/ad6774b3ada023bf5b939d64f45c94b3adf91502dd883507d469b4308a943bb3?s=96&d=mm&r=g","caption":"Exaudi Redazione"},"description":"Che cosa \u00e8 Exaudi News? Exaudi News \u00e8 un agenzia cattolica internazionale che informa, istruisce e trasforma quotidianamente in spagnolo, inglese e italiano. Attraverso notizie, articoli di analisi e trasmissioni in diretta degli eventi del Papa, Exaudi cerca di rafforzare l'unit\u00e0 dei cristiani e di contribuire all'evangelizzazione del mondo, sempre guidato dalla dottrina sociale della Chiesa. Lavoriamo per portare la verit\u00e0 e i valori cristiani in ogni angolo del pianeta. Aiutaci a trasformare il mondo con Exaudi! Noi di Exaudi crediamo che l'evangelizzazione e l'informazione di qualit\u00e0 possano cambiare la vita. Per continuare la nostra missione ed espandere la nostra portata, abbiamo bisogno del tuo aiuto. Stiamo anche cercando persone motivate che vogliano unirsi al nostro team. Grazie al vostro sostegno raggiungeremo pi\u00f9 persone, diffonderemo il messaggio di Cristo e rafforzeremo l'unit\u00e0 dei cristiani. Vuoi unirti alla nostra missione? Per maggiori informazioni su come contribuire, visita Exaudi.org\/it o contattaci direttamente: info@exaudi.org Exaudi: informa, forma e trasforma.","sameAs":["https:\/\/www.facebook.com\/ExaudiNotizie\/","https:\/\/www.instagram.com\/Exaudi_notizie\/","https:\/\/x.com\/Exaudi_Notizie","https:\/\/www.youtube.com\/@exaudicatholicnews"],"url":"https:\/\/exaudi.org\/it\/author\/dlvedi-org\/"}]}},"jetpack_featured_media_url":"https:\/\/exaudi.org\/wp-content\/uploads\/2021\/05\/settimana-laudato-si.jpeg","jetpack_shortlink":"https:\/\/wp.me\/pgKjF2-4ZF","_links":{"self":[{"href":"https:\/\/exaudi.org\/it\/wp-json\/wp\/v2\/posts\/19199","targetHints":{"allow":["GET"]}}],"collection":[{"href":"https:\/\/exaudi.org\/it\/wp-json\/wp\/v2\/posts"}],"about":[{"href":"https:\/\/exaudi.org\/it\/wp-json\/wp\/v2\/types\/post"}],"author":[{"embeddable":true,"href":"https:\/\/exaudi.org\/it\/wp-json\/wp\/v2\/users\/17"}],"replies":[{"embeddable":true,"href":"https:\/\/exaudi.org\/it\/wp-json\/wp\/v2\/comments?post=19199"}],"version-history":[{"count":0,"href":"https:\/\/exaudi.org\/it\/wp-json\/wp\/v2\/posts\/19199\/revisions"}],"wp:featuredmedia":[{"embeddable":true,"href":"https:\/\/exaudi.org\/it\/wp-json\/wp\/v2\/media\/19201"}],"wp:attachment":[{"href":"https:\/\/exaudi.org\/it\/wp-json\/wp\/v2\/media?parent=19199"}],"wp:term":[{"taxonomy":"category","embeddable":true,"href":"https:\/\/exaudi.org\/it\/wp-json\/wp\/v2\/categories?post=19199"},{"taxonomy":"post_tag","embeddable":true,"href":"https:\/\/exaudi.org\/it\/wp-json\/wp\/v2\/tags?post=19199"}],"curies":[{"name":"wp","href":"https:\/\/api.w.org\/{rel}","templated":true}]}}