{"id":18972,"date":"2021-05-25T15:47:34","date_gmt":"2021-05-25T13:47:34","guid":{"rendered":"https:\/\/exaudi.org\/?p=18972"},"modified":"2021-05-25T15:47:34","modified_gmt":"2021-05-25T13:47:34","slug":"apertura-straordinaria-della-ville-di-castel-gandolfo","status":"publish","type":"post","link":"https:\/\/exaudi.org\/it\/apertura-straordinaria-della-ville-di-castel-gandolfo\/","title":{"rendered":"Apertura straordinaria della Ville di Castel Gandolfo"},"content":{"rendered":"<p>In occasione del \u201cponte\u201d del 2 giugno, le Ville Pontificie di Castel Gandolfo estenderanno eccezionalmente l\u2019apertura del fine settimana anche a luned\u00ec 31 maggio e marted\u00ec 1 giugno (dalle ore 8.30 alle 14.00 &#8211; ultimo ingresso 13.00), e mercoled\u00ec 2 giugno (dalle ore 10.00 alle 18.30 &#8211; ultimo ingresso 17.30).<\/p>\n<p>\u201cLa bella stagione si avvicina \u2013 si legge in un comunicato dei Musei Vaticani &#8211; e i Giardini di Villa Barberini, un tempo riservati alle passeggiate dei Pontefici durante la loro permanenza nella residenza estiva dei Castelli Romani, si presentano nella loro versione migliore. Il Viale delle Rose \u00e8 un tripudio di colori, i vialetti di roccaglia rossa sono invasi dalle azalee in fiore, i ninfei e i Giardini all\u2019italiana risplendono di un verde scintillante.<\/p>\n<h4>Nei giardini a piedi o in minibus<\/h4>\n<p>A bordo di un minibus ecologico oppure a piedi, \u00e8 possibile scoprire questo luogo ameno dove natura e storia hanno imparato a convivere in mirabile equilibrio: disseminati ovunque sono visibili i resti della Villa dell\u2019imperatore Domiziano, il Criptoportico e un piccolo Teatro. Ruderi antichi che narrano come la storia di questi luoghi parta da molto lontano e affondi le sue radici nel tempo dell\u2019antica Roma, quando alcuni imperatori non disdegnavano di scegliere come luoghi di villeggiatura il lago e i boschi dei colli albani.<\/p>\n<h4>Il palazzo apostolico<\/h4>\n<p>Insieme ai Giardini sar\u00e0 possibile visitare anche il Palazzo Apostolico, arroccato su una delle sponde pi\u00f9 alte del lago di Castel Gandolfo. Panorami suggestivi ma anche dipinti, cimeli, abiti liturgici, divise e curiosit\u00e0 attendono coloro i quali decideranno di addentrarsi sino alle stanze pi\u00f9 private dell\u2019appartamento pontificio: la camera da letto, la biblioteca e la cappella privata del Papa. Si consiglia la prenotazione della visita sul portale ufficiale <a href=\"https:\/\/tickets.museivaticani.va\/home\">tickets.museivaticani.va<\/a>. \u00c8 possibile altres\u00ec \u2013 previa disponibilit\u00e0 \u2013 acquistare il ticket di ingresso direttamente presso la biglietteria situata nel Palazzo. Gli accessi saranno comunque contingentati e organizzati su fasce di ingresso, nel pieno rispetto delle normative anti-Covid.<\/p>\n","protected":false},"excerpt":{"rendered":"<p>Visite consentite in occasione del ponte del 2 giugno<\/p>\n","protected":false},"author":17,"featured_media":18973,"comment_status":"closed","ping_status":"closed","sticky":false,"template":"","format":"standard","meta":{"_acf_changed":false,"_crdt_document":"","inline_featured_image":false,"footnotes":""},"categories":[75,297],"tags":[2506,1215,2505],"class_list":["post-18972","post","type-post","status-publish","format-standard","has-post-thumbnail","hentry","category-arte-e-cultura","category-ultime-notizie","tag-castel-gandolfo","tag-musei-vaticani","tag-ville-pontificie"],"acf":[],"yoast_head":"<!-- This site is optimized with the Yoast SEO plugin v27.5 - https:\/\/yoast.com\/product\/yoast-seo-wordpress\/ -->\n<title>Apertura straordinaria della Ville di Castel Gandolfo &#8211; Exaudi<\/title>\n<meta name=\"description\" content=\"In occasione del ponte del 2 giugno, i Musei Vaticani hanno annunciato un&#039;apertura straordinaria delle Ville Pontificie di Castel Gandolfo\" \/>\n<meta name=\"robots\" content=\"index, follow, max-snippet:-1, max-image-preview:large, max-video-preview:-1\" \/>\n<link rel=\"canonical\" href=\"https:\/\/exaudi.org\/it\/apertura-straordinaria-della-ville-di-castel-gandolfo\/\" \/>\n<meta property=\"og:locale\" content=\"it_IT\" \/>\n<meta property=\"og:type\" content=\"article\" \/>\n<meta property=\"og:title\" content=\"Apertura straordinaria della Ville di Castel Gandolfo &#8211; Exaudi\" \/>\n<meta property=\"og:description\" content=\"In occasione del ponte del 2 giugno, i Musei Vaticani hanno annunciato un&#039;apertura straordinaria delle Ville Pontificie di Castel Gandolfo\" \/>\n<meta property=\"og:url\" content=\"https:\/\/exaudi.org\/it\/apertura-straordinaria-della-ville-di-castel-gandolfo\/\" \/>\n<meta property=\"og:site_name\" content=\"Exaudi\" \/>\n<meta property=\"article:publisher\" content=\"https:\/\/www.facebook.com\/ExaudiNews\" \/>\n<meta property=\"article:author\" content=\"https:\/\/www.facebook.com\/ExaudiNotizie\/\" \/>\n<meta property=\"article:published_time\" content=\"2021-05-25T13:47:34+00:00\" \/>\n<meta property=\"og:image\" content=\"https:\/\/exaudi.org\/wp-content\/uploads\/2021\/05\/villa-castel-gandolfo.jpeg\" \/>\n\t<meta property=\"og:image:width\" content=\"1000\" \/>\n\t<meta property=\"og:image:height\" content=\"563\" \/>\n\t<meta property=\"og:image:type\" content=\"image\/jpeg\" \/>\n<meta name=\"author\" content=\"Exaudi Redazione\" \/>\n<meta name=\"twitter:card\" content=\"summary_large_image\" \/>\n<meta name=\"twitter:creator\" content=\"@Exaudi_Notizie\" \/>\n<meta name=\"twitter:site\" content=\"@Exaudi_News\" \/>\n<meta name=\"twitter:label1\" content=\"Scritto da\" \/>\n\t<meta name=\"twitter:data1\" content=\"Exaudi Redazione\" \/>\n\t<meta name=\"twitter:label2\" content=\"Tempo di lettura stimato\" \/>\n\t<meta name=\"twitter:data2\" content=\"2 minuti\" \/>\n<script type=\"application\/ld+json\" class=\"yoast-schema-graph\">{\"@context\":\"https:\\\/\\\/schema.org\",\"@graph\":[{\"@type\":\"Article\",\"@id\":\"https:\\\/\\\/exaudi.org\\\/it\\\/apertura-straordinaria-della-ville-di-castel-gandolfo\\\/#article\",\"isPartOf\":{\"@id\":\"https:\\\/\\\/exaudi.org\\\/it\\\/apertura-straordinaria-della-ville-di-castel-gandolfo\\\/\"},\"author\":{\"name\":\"Exaudi Redazione\",\"@id\":\"https:\\\/\\\/exaudi.org\\\/#\\\/schema\\\/person\\\/e1ab6ed07c01774724dd96f925f3a5f0\"},\"headline\":\"Apertura straordinaria della Ville di Castel Gandolfo\",\"datePublished\":\"2021-05-25T13:47:34+00:00\",\"mainEntityOfPage\":{\"@id\":\"https:\\\/\\\/exaudi.org\\\/it\\\/apertura-straordinaria-della-ville-di-castel-gandolfo\\\/\"},\"wordCount\":322,\"image\":{\"@id\":\"https:\\\/\\\/exaudi.org\\\/it\\\/apertura-straordinaria-della-ville-di-castel-gandolfo\\\/#primaryimage\"},\"thumbnailUrl\":\"https:\\\/\\\/exaudi.org\\\/wp-content\\\/uploads\\\/2021\\\/05\\\/villa-castel-gandolfo.jpeg\",\"keywords\":[\"Castel Gandolfo\",\"Musei Vaticani\",\"Ville pontificie\"],\"articleSection\":[\"Arte e cultura\",\"Ultime Notizie\"],\"inLanguage\":\"it-IT\"},{\"@type\":\"WebPage\",\"@id\":\"https:\\\/\\\/exaudi.org\\\/it\\\/apertura-straordinaria-della-ville-di-castel-gandolfo\\\/\",\"url\":\"https:\\\/\\\/exaudi.org\\\/it\\\/apertura-straordinaria-della-ville-di-castel-gandolfo\\\/\",\"name\":\"Apertura straordinaria della Ville di Castel Gandolfo &#8211; Exaudi\",\"isPartOf\":{\"@id\":\"https:\\\/\\\/exaudi.org\\\/#website\"},\"primaryImageOfPage\":{\"@id\":\"https:\\\/\\\/exaudi.org\\\/it\\\/apertura-straordinaria-della-ville-di-castel-gandolfo\\\/#primaryimage\"},\"image\":{\"@id\":\"https:\\\/\\\/exaudi.org\\\/it\\\/apertura-straordinaria-della-ville-di-castel-gandolfo\\\/#primaryimage\"},\"thumbnailUrl\":\"https:\\\/\\\/exaudi.org\\\/wp-content\\\/uploads\\\/2021\\\/05\\\/villa-castel-gandolfo.jpeg\",\"datePublished\":\"2021-05-25T13:47:34+00:00\",\"author\":{\"@id\":\"https:\\\/\\\/exaudi.org\\\/#\\\/schema\\\/person\\\/e1ab6ed07c01774724dd96f925f3a5f0\"},\"description\":\"In occasione del ponte del 2 giugno, i Musei Vaticani hanno annunciato un'apertura straordinaria delle Ville Pontificie di Castel Gandolfo\",\"breadcrumb\":{\"@id\":\"https:\\\/\\\/exaudi.org\\\/it\\\/apertura-straordinaria-della-ville-di-castel-gandolfo\\\/#breadcrumb\"},\"inLanguage\":\"it-IT\",\"potentialAction\":[{\"@type\":\"ReadAction\",\"target\":[\"https:\\\/\\\/exaudi.org\\\/it\\\/apertura-straordinaria-della-ville-di-castel-gandolfo\\\/\"]}]},{\"@type\":\"ImageObject\",\"inLanguage\":\"it-IT\",\"@id\":\"https:\\\/\\\/exaudi.org\\\/it\\\/apertura-straordinaria-della-ville-di-castel-gandolfo\\\/#primaryimage\",\"url\":\"https:\\\/\\\/exaudi.org\\\/wp-content\\\/uploads\\\/2021\\\/05\\\/villa-castel-gandolfo.jpeg\",\"contentUrl\":\"https:\\\/\\\/exaudi.org\\\/wp-content\\\/uploads\\\/2021\\\/05\\\/villa-castel-gandolfo.jpeg\",\"width\":1000,\"height\":563,\"caption\":\"Copyright: Vatican News\"},{\"@type\":\"BreadcrumbList\",\"@id\":\"https:\\\/\\\/exaudi.org\\\/it\\\/apertura-straordinaria-della-ville-di-castel-gandolfo\\\/#breadcrumb\",\"itemListElement\":[{\"@type\":\"ListItem\",\"position\":1,\"name\":\"Portada\",\"item\":\"https:\\\/\\\/exaudi.org\\\/it\\\/\"},{\"@type\":\"ListItem\",\"position\":2,\"name\":\"Apertura straordinaria della Ville di Castel Gandolfo\"}]},{\"@type\":\"WebSite\",\"@id\":\"https:\\\/\\\/exaudi.org\\\/#website\",\"url\":\"https:\\\/\\\/exaudi.org\\\/\",\"name\":\"Exaudi\",\"description\":\"News\",\"potentialAction\":[{\"@type\":\"SearchAction\",\"target\":{\"@type\":\"EntryPoint\",\"urlTemplate\":\"https:\\\/\\\/exaudi.org\\\/?s={search_term_string}\"},\"query-input\":{\"@type\":\"PropertyValueSpecification\",\"valueRequired\":true,\"valueName\":\"search_term_string\"}}],\"inLanguage\":\"it-IT\"},{\"@type\":\"Person\",\"@id\":\"https:\\\/\\\/exaudi.org\\\/#\\\/schema\\\/person\\\/e1ab6ed07c01774724dd96f925f3a5f0\",\"name\":\"Exaudi Redazione\",\"image\":{\"@type\":\"ImageObject\",\"inLanguage\":\"it-IT\",\"@id\":\"https:\\\/\\\/secure.gravatar.com\\\/avatar\\\/ad6774b3ada023bf5b939d64f45c94b3adf91502dd883507d469b4308a943bb3?s=96&d=mm&r=g\",\"url\":\"https:\\\/\\\/secure.gravatar.com\\\/avatar\\\/ad6774b3ada023bf5b939d64f45c94b3adf91502dd883507d469b4308a943bb3?s=96&d=mm&r=g\",\"contentUrl\":\"https:\\\/\\\/secure.gravatar.com\\\/avatar\\\/ad6774b3ada023bf5b939d64f45c94b3adf91502dd883507d469b4308a943bb3?s=96&d=mm&r=g\",\"caption\":\"Exaudi Redazione\"},\"description\":\"Che cosa \u00e8 Exaudi News? Exaudi News \u00e8 un agenzia cattolica internazionale che informa, istruisce e trasforma quotidianamente in spagnolo, inglese e italiano. Attraverso notizie, articoli di analisi e trasmissioni in diretta degli eventi del Papa, Exaudi cerca di rafforzare l'unit\u00e0 dei cristiani e di contribuire all'evangelizzazione del mondo, sempre guidato dalla dottrina sociale della Chiesa. Lavoriamo per portare la verit\u00e0 e i valori cristiani in ogni angolo del pianeta. Aiutaci a trasformare il mondo con Exaudi! Noi di Exaudi crediamo che l'evangelizzazione e l'informazione di qualit\u00e0 possano cambiare la vita. Per continuare la nostra missione ed espandere la nostra portata, abbiamo bisogno del tuo aiuto. Stiamo anche cercando persone motivate che vogliano unirsi al nostro team. Grazie al vostro sostegno raggiungeremo pi\u00f9 persone, diffonderemo il messaggio di Cristo e rafforzeremo l'unit\u00e0 dei cristiani. Vuoi unirti alla nostra missione? Per maggiori informazioni su come contribuire, visita Exaudi.org\\\/it o contattaci direttamente: info@exaudi.org Exaudi: informa, forma e trasforma.\",\"sameAs\":[\"https:\\\/\\\/www.facebook.com\\\/ExaudiNotizie\\\/\",\"https:\\\/\\\/www.instagram.com\\\/Exaudi_notizie\\\/\",\"https:\\\/\\\/x.com\\\/Exaudi_Notizie\",\"https:\\\/\\\/www.youtube.com\\\/@exaudicatholicnews\"],\"url\":\"https:\\\/\\\/exaudi.org\\\/it\\\/author\\\/dlvedi-org\\\/\"}]}<\/script>\n<!-- \/ Yoast SEO plugin. -->","yoast_head_json":{"title":"Apertura straordinaria della Ville di Castel Gandolfo &#8211; Exaudi","description":"In occasione del ponte del 2 giugno, i Musei Vaticani hanno annunciato un'apertura straordinaria delle Ville Pontificie di Castel Gandolfo","robots":{"index":"index","follow":"follow","max-snippet":"max-snippet:-1","max-image-preview":"max-image-preview:large","max-video-preview":"max-video-preview:-1"},"canonical":"https:\/\/exaudi.org\/it\/apertura-straordinaria-della-ville-di-castel-gandolfo\/","og_locale":"it_IT","og_type":"article","og_title":"Apertura straordinaria della Ville di Castel Gandolfo &#8211; Exaudi","og_description":"In occasione del ponte del 2 giugno, i Musei Vaticani hanno annunciato un'apertura straordinaria delle Ville Pontificie di Castel Gandolfo","og_url":"https:\/\/exaudi.org\/it\/apertura-straordinaria-della-ville-di-castel-gandolfo\/","og_site_name":"Exaudi","article_publisher":"https:\/\/www.facebook.com\/ExaudiNews","article_author":"https:\/\/www.facebook.com\/ExaudiNotizie\/","article_published_time":"2021-05-25T13:47:34+00:00","og_image":[{"width":1000,"height":563,"url":"https:\/\/exaudi.org\/wp-content\/uploads\/2021\/05\/villa-castel-gandolfo.jpeg","type":"image\/jpeg"}],"author":"Exaudi Redazione","twitter_card":"summary_large_image","twitter_creator":"@Exaudi_Notizie","twitter_site":"@Exaudi_News","twitter_misc":{"Scritto da":"Exaudi Redazione","Tempo di lettura stimato":"2 minuti"},"schema":{"@context":"https:\/\/schema.org","@graph":[{"@type":"Article","@id":"https:\/\/exaudi.org\/it\/apertura-straordinaria-della-ville-di-castel-gandolfo\/#article","isPartOf":{"@id":"https:\/\/exaudi.org\/it\/apertura-straordinaria-della-ville-di-castel-gandolfo\/"},"author":{"name":"Exaudi Redazione","@id":"https:\/\/exaudi.org\/#\/schema\/person\/e1ab6ed07c01774724dd96f925f3a5f0"},"headline":"Apertura straordinaria della Ville di Castel Gandolfo","datePublished":"2021-05-25T13:47:34+00:00","mainEntityOfPage":{"@id":"https:\/\/exaudi.org\/it\/apertura-straordinaria-della-ville-di-castel-gandolfo\/"},"wordCount":322,"image":{"@id":"https:\/\/exaudi.org\/it\/apertura-straordinaria-della-ville-di-castel-gandolfo\/#primaryimage"},"thumbnailUrl":"https:\/\/exaudi.org\/wp-content\/uploads\/2021\/05\/villa-castel-gandolfo.jpeg","keywords":["Castel Gandolfo","Musei Vaticani","Ville pontificie"],"articleSection":["Arte e cultura","Ultime Notizie"],"inLanguage":"it-IT"},{"@type":"WebPage","@id":"https:\/\/exaudi.org\/it\/apertura-straordinaria-della-ville-di-castel-gandolfo\/","url":"https:\/\/exaudi.org\/it\/apertura-straordinaria-della-ville-di-castel-gandolfo\/","name":"Apertura straordinaria della Ville di Castel Gandolfo &#8211; Exaudi","isPartOf":{"@id":"https:\/\/exaudi.org\/#website"},"primaryImageOfPage":{"@id":"https:\/\/exaudi.org\/it\/apertura-straordinaria-della-ville-di-castel-gandolfo\/#primaryimage"},"image":{"@id":"https:\/\/exaudi.org\/it\/apertura-straordinaria-della-ville-di-castel-gandolfo\/#primaryimage"},"thumbnailUrl":"https:\/\/exaudi.org\/wp-content\/uploads\/2021\/05\/villa-castel-gandolfo.jpeg","datePublished":"2021-05-25T13:47:34+00:00","author":{"@id":"https:\/\/exaudi.org\/#\/schema\/person\/e1ab6ed07c01774724dd96f925f3a5f0"},"description":"In occasione del ponte del 2 giugno, i Musei Vaticani hanno annunciato un'apertura straordinaria delle Ville Pontificie di Castel Gandolfo","breadcrumb":{"@id":"https:\/\/exaudi.org\/it\/apertura-straordinaria-della-ville-di-castel-gandolfo\/#breadcrumb"},"inLanguage":"it-IT","potentialAction":[{"@type":"ReadAction","target":["https:\/\/exaudi.org\/it\/apertura-straordinaria-della-ville-di-castel-gandolfo\/"]}]},{"@type":"ImageObject","inLanguage":"it-IT","@id":"https:\/\/exaudi.org\/it\/apertura-straordinaria-della-ville-di-castel-gandolfo\/#primaryimage","url":"https:\/\/exaudi.org\/wp-content\/uploads\/2021\/05\/villa-castel-gandolfo.jpeg","contentUrl":"https:\/\/exaudi.org\/wp-content\/uploads\/2021\/05\/villa-castel-gandolfo.jpeg","width":1000,"height":563,"caption":"Copyright: Vatican News"},{"@type":"BreadcrumbList","@id":"https:\/\/exaudi.org\/it\/apertura-straordinaria-della-ville-di-castel-gandolfo\/#breadcrumb","itemListElement":[{"@type":"ListItem","position":1,"name":"Portada","item":"https:\/\/exaudi.org\/it\/"},{"@type":"ListItem","position":2,"name":"Apertura straordinaria della Ville di Castel Gandolfo"}]},{"@type":"WebSite","@id":"https:\/\/exaudi.org\/#website","url":"https:\/\/exaudi.org\/","name":"Exaudi","description":"News","potentialAction":[{"@type":"SearchAction","target":{"@type":"EntryPoint","urlTemplate":"https:\/\/exaudi.org\/?s={search_term_string}"},"query-input":{"@type":"PropertyValueSpecification","valueRequired":true,"valueName":"search_term_string"}}],"inLanguage":"it-IT"},{"@type":"Person","@id":"https:\/\/exaudi.org\/#\/schema\/person\/e1ab6ed07c01774724dd96f925f3a5f0","name":"Exaudi Redazione","image":{"@type":"ImageObject","inLanguage":"it-IT","@id":"https:\/\/secure.gravatar.com\/avatar\/ad6774b3ada023bf5b939d64f45c94b3adf91502dd883507d469b4308a943bb3?s=96&d=mm&r=g","url":"https:\/\/secure.gravatar.com\/avatar\/ad6774b3ada023bf5b939d64f45c94b3adf91502dd883507d469b4308a943bb3?s=96&d=mm&r=g","contentUrl":"https:\/\/secure.gravatar.com\/avatar\/ad6774b3ada023bf5b939d64f45c94b3adf91502dd883507d469b4308a943bb3?s=96&d=mm&r=g","caption":"Exaudi Redazione"},"description":"Che cosa \u00e8 Exaudi News? Exaudi News \u00e8 un agenzia cattolica internazionale che informa, istruisce e trasforma quotidianamente in spagnolo, inglese e italiano. Attraverso notizie, articoli di analisi e trasmissioni in diretta degli eventi del Papa, Exaudi cerca di rafforzare l'unit\u00e0 dei cristiani e di contribuire all'evangelizzazione del mondo, sempre guidato dalla dottrina sociale della Chiesa. Lavoriamo per portare la verit\u00e0 e i valori cristiani in ogni angolo del pianeta. Aiutaci a trasformare il mondo con Exaudi! Noi di Exaudi crediamo che l'evangelizzazione e l'informazione di qualit\u00e0 possano cambiare la vita. Per continuare la nostra missione ed espandere la nostra portata, abbiamo bisogno del tuo aiuto. Stiamo anche cercando persone motivate che vogliano unirsi al nostro team. Grazie al vostro sostegno raggiungeremo pi\u00f9 persone, diffonderemo il messaggio di Cristo e rafforzeremo l'unit\u00e0 dei cristiani. Vuoi unirti alla nostra missione? Per maggiori informazioni su come contribuire, visita Exaudi.org\/it o contattaci direttamente: info@exaudi.org Exaudi: informa, forma e trasforma.","sameAs":["https:\/\/www.facebook.com\/ExaudiNotizie\/","https:\/\/www.instagram.com\/Exaudi_notizie\/","https:\/\/x.com\/Exaudi_Notizie","https:\/\/www.youtube.com\/@exaudicatholicnews"],"url":"https:\/\/exaudi.org\/it\/author\/dlvedi-org\/"}]}},"jetpack_featured_media_url":"https:\/\/exaudi.org\/wp-content\/uploads\/2021\/05\/villa-castel-gandolfo.jpeg","jetpack_shortlink":"https:\/\/wp.me\/pgKjF2-4W0","_links":{"self":[{"href":"https:\/\/exaudi.org\/it\/wp-json\/wp\/v2\/posts\/18972","targetHints":{"allow":["GET"]}}],"collection":[{"href":"https:\/\/exaudi.org\/it\/wp-json\/wp\/v2\/posts"}],"about":[{"href":"https:\/\/exaudi.org\/it\/wp-json\/wp\/v2\/types\/post"}],"author":[{"embeddable":true,"href":"https:\/\/exaudi.org\/it\/wp-json\/wp\/v2\/users\/17"}],"replies":[{"embeddable":true,"href":"https:\/\/exaudi.org\/it\/wp-json\/wp\/v2\/comments?post=18972"}],"version-history":[{"count":0,"href":"https:\/\/exaudi.org\/it\/wp-json\/wp\/v2\/posts\/18972\/revisions"}],"wp:featuredmedia":[{"embeddable":true,"href":"https:\/\/exaudi.org\/it\/wp-json\/wp\/v2\/media\/18973"}],"wp:attachment":[{"href":"https:\/\/exaudi.org\/it\/wp-json\/wp\/v2\/media?parent=18972"}],"wp:term":[{"taxonomy":"category","embeddable":true,"href":"https:\/\/exaudi.org\/it\/wp-json\/wp\/v2\/categories?post=18972"},{"taxonomy":"post_tag","embeddable":true,"href":"https:\/\/exaudi.org\/it\/wp-json\/wp\/v2\/tags?post=18972"}],"curies":[{"name":"wp","href":"https:\/\/api.w.org\/{rel}","templated":true}]}}