{"id":18901,"date":"2021-05-25T13:00:03","date_gmt":"2021-05-25T11:00:03","guid":{"rendered":"https:\/\/exaudi.org\/?p=18901"},"modified":"2021-05-25T18:13:28","modified_gmt":"2021-05-25T16:13:28","slug":"turkson-il-papa-forse-a-glasgow-per-la-cop-26","status":"publish","type":"post","link":"https:\/\/exaudi.org\/it\/turkson-il-papa-forse-a-glasgow-per-la-cop-26\/","title":{"rendered":"Turkson a Exaudi: &#8220;Il Papa forse a Glasgow per la Cop 26&#8221;"},"content":{"rendered":"<p>Papa Francesco potrebbe recarsi a Glasgow, in occasione della COP 26, la conferenza sull\u2019ambiente che sar\u00e0 ospitata dalla citt\u00e0 scozzese dal 1 al 12 novembre. La conferma di un invito al S. Padre \u00e8 arrivata durante la conferenza stampa di presentazione della <a href=\"https:\/\/exaudi.org\/it\/il-papa-lancia-la-piattaforma-dazione-laudato-si\/\">Piattaforma d\u2019Azione Laudato si\u2019<\/a> direttamente dal cardinale Peter Turkson, prefetto del Dicastero per la promozione dello sviluppo umano integrale, che ha risposto a una domanda della corrispondente di Exaudi.<\/p>\n<p>\u201cIl Papa \u2013 ha detto il cardinale \u2013 \u00e8 una delle grandi voci della ragione ed una grande autorit\u00e0 morale nel campo della crisi climatica. \u00c8 stato in anticipo sull\u2019evolversi della crisi. \u00c8 stato un leader\u201d. Sottolineando che la sua enciclica Laudato si\u2019 \u201c\u00e8 un documento molto, molto potente, eloquente e moralmente molto persuasivo\u201d Turkson ha aggiunto: \u201cPenso che la sua voce sar\u00e0 molto importante per precedere e accompagnare la conferenza di Glasgow, alla quale credo che intenda partecipare. Speriamo e incrociamo le dita, la richiesta \u00e8 stata presentata\u201d.<\/p>\n<h4>Possibile incontro con il patriarca Bartolomeo<\/h4>\n<p>Ma non \u00e8 l\u2019unica notizia. A Glasgow, il Papa potrebbe recarsi insieme al patriarca ecumenico di Costantinopoli, Bartolomeo, con il quale Francesco si trova in grande sintonia sui temi climatici: \u201cDa quanto mi risulta \u2013 ha detto il cardinale Turkson \u2013 attraverso il segretario personale del Patriarca stanno cercando di sincronizzare le date per andare insieme\u201d. In ogni caso, \u201cper correttezza \u2013 ha spiegato il prefetto \u2013 non posso confermare alcuna partecipazione, dico solo che la richiesta \u00e8 stata fatta\u201d.<\/p>\n<p>Questo il testo dell\u2019intervento del cardinale Turkson durante la conferenza stampa:<\/p>\n<p>La pandemia del covid-19 dell\u2019anno scorso aveva impedito la celebrazione festosa, con conferenze, eventi, documentario, spettacolo immersivo (ECHO) su Laudato si\u2019 etc., del quinto anniversario della lettera Enciclica; ma questo disagio ha scatenato la creativit\u00e0 del Dicastero, facendo proporre al Santo Padre l&#8217;indizione d&#8217;un anno speciale di Laudato, con altrettante ricche iniziative e attivit\u00e0: La settimana Laudato si\u2019 (18-24 maggio), preghiera comune per la terra e l&#8217;umanit\u00e0 (data dell&#8217; anniversario, 24 maggio), la Pubblicazione d&#8217;un Testo Interdicasteriale con linee guida operative per la Laudato si\u2019, un Webinar per la valutazione e futuro della Laudato si\u2019 (giugno), il tempo del creato (1\/09 a 4\/10), reinventare il Patto Educativo Globale (ottobre), l&#8217;Economia Papa Francesco (febbraio), Giornata mondiale dell&#8217; acqua (22 marzo 2021).<\/p>\n<h4>Accoglienza entusiasta<\/h4>\n<p>La ricezione mondiale della proposta e celebrazione d&#8217;un anno speciale di Laudato si\u2019 \u00e8 stata favolosa e generosa. Con moltissimo entusiasmo, le Chiese locali, le associazioni e i movimenti, e molti altri hanno risposto all\u2019appello di Papa Francesco, per prenderci cura della nostra casa comune. Sono nati giardini e cappelle viventi Laudato si\u2019, luoghi non solo fatti di alberi, ma nati da una felice interconnessione tra il territorio, l&#8217;uomo e le sue attivit\u00e0 educative, sociali, economiche, nel rispetto degli ecosistemi e delle biodiversit\u00e0. Per esempio, la Chiesa in Bangladesh, con 400 mila cattolici, ha piantato pi\u00f9 di 700 mila alberi durante l\u2019anno, quasi due a battezzato. La giovane Vivianne Harr riceve dal co-fondatore di Twitter un milione di dollari per piantare alberi per fermare l&#8217;avanzamento del Sahara. Questi sono i primi, visibili frutti dell\u2019anno dell\u2019anniversario speciale, che si \u00e8 concluso in questi giorni con la Settimana Laudato si\u2019.<\/p>\n<h4>Le testimonianze<\/h4>\n<p>A testimoniare l&#8217;entusiastica ricezione dell&#8217; Enciclica Laudato si\u2019 stessa, il Dicastero pubblica il Laudato Si\u2019 Reader, che racchiude testimonianze dell&#8217;impatto e le esperienze di diverse persone in tutto il mondo sulla Laudato si\u2019. Il libro evidenzia che la Laudato si\u2019 non \u00e8 una storia che si vive da lontano, bens\u00ec un\u2019enciclica che sta al cuore del nostro ambiente naturale e del nostro ambiente sociale. Con questa conferenza stampa, si chiude l\u2019anno speciale di Laudato si\u2019, ma solo per segnalare l\u2019inaugurazione di sette anni d\u2019attivit\u00e0 per continuare e concretizzare il messaggio dell\u2019Enciclica nelle Chiese locali. Sei anni dopo la lettera enciclica Laudato si\u2019, \u00e8 bene guardare il mondo che stiamo lasciando ai nostri bambini, alle generazioni future.<\/p>\n<p>La pandemia ci ha fatto riflettere e ci ha insegnato molto, ma il grido della Terra e dei poveri si sta facendo sempre pi\u00f9 straziante, e il messaggio dei nostri scienziati e dei nostri giovani \u00e8 sempre pi\u00f9 allarmante: stiamo distruggendo il nostro futuro. La nostra famiglia umana e non, nella sua interezza, \u00e8 in grande pericolo, e non abbiamo pi\u00f9 tempo per aspettare o rimandare. \u00c8 di fondamentale importanza limitare l\u2019aumento della temperatura media globale entro il limite cruciale di 1,5\u00b0C sopra i livelli preindustriali, poich\u00e9 superarlo sarebbe catastrofico.<\/p>\n<h4>\u00c8 il momento di agire<\/h4>\n<p>Dobbiamo ascoltare e rispondere alla scienza, a questo grido della Terra, dei poveri e dei nostri bambini. Ascoltare la frustrazione e la rabbia dei giovani verso la nostra generazione; dobbiamo ascoltare il loro messaggio di speranza e creativit\u00e0 e agire ora per garantire un futuro migliore a loro e alle generazioni a venire. Dobbiamo prendere dolorosa coscienza, osare trasformare in sofferenza personale quello che accade al mondo, e cos\u00ec riconoscere qual \u00e8 il contributo che ciascuno pu\u00f2 portare. Ora pi\u00f9 che mai, \u00e8 il momento di agire, di fare qualcosa di concreto. Tutti noi possiamo cambiare per un futuro giusto e sostenibile, dobbiamo pensare nuovi modelli, rifiutare comportamenti di vita discutibili ed impegnarci in nuovi. Dobbiamo riconoscere il nostro ruolo di cittadini ecologici e rendere il mondo pi\u00f9 verde e un posto migliore, pi\u00f9 sano per noi e sostenibile per le nostre vite.<\/p>\n<p>Papa Francesco ha invitato tutti noi a unire le forze, a sognare e \u201cpreparare il futuro\u201d. Ci\u00f2 significa riconoscere che anche se le cose sembrano cupe, poich\u00e9 non sono scolpite nella pietra, vale la pena cercare modelli economici che aiuteranno l&#8217;umanit\u00e0 a creare un mondo pi\u00f9 giusto, non tornando a un mondo di disuguaglianze. Nel cercare di preparare il futuro, possiamo anche riconoscere che \u00e8 tempo di abbracciare nuove opportunit\u00e0. Non c&#8217;\u00e8 sostenibilit\u00e0 senza equit\u00e0, senza giustizia e senza coinvolgere tutti, in particolare le persone pi\u00f9 povere ed emarginate; dobbiamo coinvolgere tutte le voci e la saggezza disponibili.<\/p>\n<h4>La Piattaforma<\/h4>\n<p>Con questo ben a mente, il Dicastero ha il piacere di annunciare che l\u2019anno Laudato si\u2019 confluir\u00e0 in un progetto di azione concreto, la Piattaforma di iniziative Laudato si\u2019, un cammino di sette anni verso l\u2019ecologia integrale che verr\u00e0 spiegata nel dettaglio durante questa conferenza. Come ci ricorda Papa Francesco, l\u2019attenuazione degli effetti dell\u2019attuale squilibrio dipende da ci\u00f2 che facciamo ora, e mi unisco a sua Santit\u00e0 nell\u2019invitarvi tutti urgentemente a rinnovare il dialogo sul modo in cui stiamo costruendo il futuro del pianeta. Tutti possiamo collaborare per la cura della creazione e vorrei concludere proprio con una frase dell\u2019enciclica: la speranza ci invita a riconoscere che c\u2019\u00e8 sempre una via di uscita, che possiamo sempre cambiare rotta, che possiamo sempre fare qualcosa per risolvere i problemi. Tocca a noi.<\/p>\n","protected":false},"excerpt":{"rendered":"<p>Il prefetto del Dicastero per lo sviluppo integrale: &#8220;Richiesta avanzata, possibile incontro con Bartolomeo&#8221;<\/p>\n","protected":false},"author":3,"featured_media":18904,"comment_status":"closed","ping_status":"closed","sticky":false,"template":"","format":"standard","meta":{"_acf_changed":false,"_crdt_document":"","inline_featured_image":false,"footnotes":""},"categories":[58,67,2157,297],"tags":[1327,1319,2500,2487,251,1485],"class_list":["post-18901","post","type-post","status-publish","format-standard","has-post-thumbnail","hentry","category-featured-news","category-leone-xiv","category-top-ultime-notizie","category-ultime-notizie","tag-ambiente","tag-clima","tag-cop26-it","tag-featured-3","tag-papa-francesco","tag-turkson"],"acf":[],"yoast_head":"<!-- This site is optimized with the Yoast SEO plugin v27.5 - https:\/\/yoast.com\/product\/yoast-seo-wordpress\/ -->\n<title>Turkson a Exaudi: &quot;Il Papa forse a Glasgow per la Cop 26&quot; &#8211; Exaudi<\/title>\n<meta name=\"description\" content=\"Il Papa potrebbe recarsi a Glasgow per la COP 26 in programma a novembre. In Scozia potrebbe incontrare anche il patriarca Bartolomeo\" \/>\n<meta name=\"robots\" content=\"index, follow, max-snippet:-1, max-image-preview:large, max-video-preview:-1\" \/>\n<link rel=\"canonical\" href=\"https:\/\/exaudi.org\/it\/turkson-il-papa-forse-a-glasgow-per-la-cop-26\/\" \/>\n<meta property=\"og:locale\" content=\"it_IT\" \/>\n<meta property=\"og:type\" content=\"article\" \/>\n<meta property=\"og:title\" content=\"Turkson a Exaudi: &quot;Il Papa forse a Glasgow per la Cop 26&quot; &#8211; Exaudi\" \/>\n<meta property=\"og:description\" content=\"Il Papa potrebbe recarsi a Glasgow per la COP 26 in programma a novembre. In Scozia potrebbe incontrare anche il patriarca Bartolomeo\" \/>\n<meta property=\"og:url\" content=\"https:\/\/exaudi.org\/it\/turkson-il-papa-forse-a-glasgow-per-la-cop-26\/\" \/>\n<meta property=\"og:site_name\" content=\"Exaudi\" \/>\n<meta property=\"article:publisher\" content=\"https:\/\/www.facebook.com\/ExaudiNews\" \/>\n<meta property=\"article:published_time\" content=\"2021-05-25T11:00:03+00:00\" \/>\n<meta property=\"article:modified_time\" content=\"2021-05-25T16:13:28+00:00\" \/>\n<meta property=\"og:image\" content=\"https:\/\/exaudi.org\/wp-content\/uploads\/2021\/05\/Turkson.jpeg\" \/>\n\t<meta property=\"og:image:width\" content=\"2016\" \/>\n\t<meta property=\"og:image:height\" content=\"1512\" \/>\n\t<meta property=\"og:image:type\" content=\"image\/jpeg\" \/>\n<meta name=\"author\" content=\"Deborah Castellano Lubov\" \/>\n<meta name=\"twitter:card\" content=\"summary_large_image\" \/>\n<meta name=\"twitter:creator\" content=\"@Exaudi_News\" \/>\n<meta name=\"twitter:site\" content=\"@Exaudi_News\" \/>\n<meta name=\"twitter:label1\" content=\"Scritto da\" \/>\n\t<meta name=\"twitter:data1\" content=\"Deborah Castellano Lubov\" \/>\n\t<meta name=\"twitter:label2\" content=\"Tempo di lettura stimato\" \/>\n\t<meta name=\"twitter:data2\" content=\"5 minuti\" \/>\n<script type=\"application\/ld+json\" class=\"yoast-schema-graph\">{\"@context\":\"https:\\\/\\\/schema.org\",\"@graph\":[{\"@type\":\"Article\",\"@id\":\"https:\\\/\\\/exaudi.org\\\/it\\\/turkson-il-papa-forse-a-glasgow-per-la-cop-26\\\/#article\",\"isPartOf\":{\"@id\":\"https:\\\/\\\/exaudi.org\\\/it\\\/turkson-il-papa-forse-a-glasgow-per-la-cop-26\\\/\"},\"author\":{\"name\":\"Deborah Castellano Lubov\",\"@id\":\"https:\\\/\\\/exaudi.org\\\/#\\\/schema\\\/person\\\/ca36230f63b85cb8badafaa15f06d602\"},\"headline\":\"Turkson a Exaudi: &#8220;Il Papa forse a Glasgow per la Cop 26&#8221;\",\"datePublished\":\"2021-05-25T11:00:03+00:00\",\"dateModified\":\"2021-05-25T16:13:28+00:00\",\"mainEntityOfPage\":{\"@id\":\"https:\\\/\\\/exaudi.org\\\/it\\\/turkson-il-papa-forse-a-glasgow-per-la-cop-26\\\/\"},\"wordCount\":1122,\"image\":{\"@id\":\"https:\\\/\\\/exaudi.org\\\/it\\\/turkson-il-papa-forse-a-glasgow-per-la-cop-26\\\/#primaryimage\"},\"thumbnailUrl\":\"https:\\\/\\\/exaudi.org\\\/wp-content\\\/uploads\\\/2021\\\/05\\\/Turkson.jpeg\",\"keywords\":[\"ambiente\",\"Clima\",\"cop26\",\"Featured\",\"Papa Francesco\",\"Turkson\"],\"articleSection\":[\"Featured News\",\"Leone XIV\",\"Top Ultime Notizie\",\"Ultime Notizie\"],\"inLanguage\":\"it-IT\"},{\"@type\":\"WebPage\",\"@id\":\"https:\\\/\\\/exaudi.org\\\/it\\\/turkson-il-papa-forse-a-glasgow-per-la-cop-26\\\/\",\"url\":\"https:\\\/\\\/exaudi.org\\\/it\\\/turkson-il-papa-forse-a-glasgow-per-la-cop-26\\\/\",\"name\":\"Turkson a Exaudi: \\\"Il Papa forse a Glasgow per la Cop 26\\\" &#8211; Exaudi\",\"isPartOf\":{\"@id\":\"https:\\\/\\\/exaudi.org\\\/#website\"},\"primaryImageOfPage\":{\"@id\":\"https:\\\/\\\/exaudi.org\\\/it\\\/turkson-il-papa-forse-a-glasgow-per-la-cop-26\\\/#primaryimage\"},\"image\":{\"@id\":\"https:\\\/\\\/exaudi.org\\\/it\\\/turkson-il-papa-forse-a-glasgow-per-la-cop-26\\\/#primaryimage\"},\"thumbnailUrl\":\"https:\\\/\\\/exaudi.org\\\/wp-content\\\/uploads\\\/2021\\\/05\\\/Turkson.jpeg\",\"datePublished\":\"2021-05-25T11:00:03+00:00\",\"dateModified\":\"2021-05-25T16:13:28+00:00\",\"author\":{\"@id\":\"https:\\\/\\\/exaudi.org\\\/#\\\/schema\\\/person\\\/ca36230f63b85cb8badafaa15f06d602\"},\"description\":\"Il Papa potrebbe recarsi a Glasgow per la COP 26 in programma a novembre. In Scozia potrebbe incontrare anche il patriarca Bartolomeo\",\"breadcrumb\":{\"@id\":\"https:\\\/\\\/exaudi.org\\\/it\\\/turkson-il-papa-forse-a-glasgow-per-la-cop-26\\\/#breadcrumb\"},\"inLanguage\":\"it-IT\",\"potentialAction\":[{\"@type\":\"ReadAction\",\"target\":[\"https:\\\/\\\/exaudi.org\\\/it\\\/turkson-il-papa-forse-a-glasgow-per-la-cop-26\\\/\"]}]},{\"@type\":\"ImageObject\",\"inLanguage\":\"it-IT\",\"@id\":\"https:\\\/\\\/exaudi.org\\\/it\\\/turkson-il-papa-forse-a-glasgow-per-la-cop-26\\\/#primaryimage\",\"url\":\"https:\\\/\\\/exaudi.org\\\/wp-content\\\/uploads\\\/2021\\\/05\\\/Turkson.jpeg\",\"contentUrl\":\"https:\\\/\\\/exaudi.org\\\/wp-content\\\/uploads\\\/2021\\\/05\\\/Turkson.jpeg\",\"width\":2016,\"height\":1512,\"caption\":\"Il cardinale Turkson Copyright: Deborah Castellano Lubov \\\/ Exaudi\"},{\"@type\":\"BreadcrumbList\",\"@id\":\"https:\\\/\\\/exaudi.org\\\/it\\\/turkson-il-papa-forse-a-glasgow-per-la-cop-26\\\/#breadcrumb\",\"itemListElement\":[{\"@type\":\"ListItem\",\"position\":1,\"name\":\"Portada\",\"item\":\"https:\\\/\\\/exaudi.org\\\/it\\\/\"},{\"@type\":\"ListItem\",\"position\":2,\"name\":\"Turkson a Exaudi: &#8220;Il Papa forse a Glasgow per la Cop 26&#8221;\"}]},{\"@type\":\"WebSite\",\"@id\":\"https:\\\/\\\/exaudi.org\\\/#website\",\"url\":\"https:\\\/\\\/exaudi.org\\\/\",\"name\":\"Exaudi\",\"description\":\"News\",\"potentialAction\":[{\"@type\":\"SearchAction\",\"target\":{\"@type\":\"EntryPoint\",\"urlTemplate\":\"https:\\\/\\\/exaudi.org\\\/?s={search_term_string}\"},\"query-input\":{\"@type\":\"PropertyValueSpecification\",\"valueRequired\":true,\"valueName\":\"search_term_string\"}}],\"inLanguage\":\"it-IT\"},{\"@type\":\"Person\",\"@id\":\"https:\\\/\\\/exaudi.org\\\/#\\\/schema\\\/person\\\/ca36230f63b85cb8badafaa15f06d602\",\"name\":\"Deborah Castellano Lubov\",\"image\":{\"@type\":\"ImageObject\",\"inLanguage\":\"it-IT\",\"@id\":\"https:\\\/\\\/secure.gravatar.com\\\/avatar\\\/1634e49afca8a60560a6701011a51b43f0e7362f22afa1fa6c37dfb70bd8d6a8?s=96&d=mm&r=g\",\"url\":\"https:\\\/\\\/secure.gravatar.com\\\/avatar\\\/1634e49afca8a60560a6701011a51b43f0e7362f22afa1fa6c37dfb70bd8d6a8?s=96&d=mm&r=g\",\"contentUrl\":\"https:\\\/\\\/secure.gravatar.com\\\/avatar\\\/1634e49afca8a60560a6701011a51b43f0e7362f22afa1fa6c37dfb70bd8d6a8?s=96&d=mm&r=g\",\"caption\":\"Deborah Castellano Lubov\"},\"description\":\"Deborah Castellano Lubov is Editorial Director &amp; Senior Vatican &amp; Rome Correspondent for EXAUDI (&amp; Prior, for ZENIT); Author of 'The Other Francis' ('L'Altro Francesco') featuring interviews with those closest to the Pope and preface by Vatican Secretary of State Cardinal Parolin (currently published in 5 languages); Deborah is also NBC &amp; MSNBC Vatican Analyst. She often covers the Pope's travels abroad, often from the Papal Flight (including for historic trips such as to Abu Dhabi and Japan &amp; Thailand), and has also asked him questions on the return-flight press conference on behalf of the English-speaking press present. Lubov has done much TV &amp; radio commentary, including for NBC, Sky, EWTN, BBC, Vatican Radio, AP, Reuters and more. She also has contributed to various books on the Pope and has written for various Catholic publications. For 'The Other Francis': http:\\\/\\\/www.gracewing.co.uk\\\/page219.html or https:\\\/\\\/www.amazon.com\\\/Other-Francis-Everything-They-about\\\/dp\\\/0852449348\\\/\",\"url\":\"https:\\\/\\\/exaudi.org\\\/it\\\/author\\\/dlubovexaudi-org\\\/\"}]}<\/script>\n<!-- \/ Yoast SEO plugin. -->","yoast_head_json":{"title":"Turkson a Exaudi: \"Il Papa forse a Glasgow per la Cop 26\" &#8211; Exaudi","description":"Il Papa potrebbe recarsi a Glasgow per la COP 26 in programma a novembre. In Scozia potrebbe incontrare anche il patriarca Bartolomeo","robots":{"index":"index","follow":"follow","max-snippet":"max-snippet:-1","max-image-preview":"max-image-preview:large","max-video-preview":"max-video-preview:-1"},"canonical":"https:\/\/exaudi.org\/it\/turkson-il-papa-forse-a-glasgow-per-la-cop-26\/","og_locale":"it_IT","og_type":"article","og_title":"Turkson a Exaudi: \"Il Papa forse a Glasgow per la Cop 26\" &#8211; Exaudi","og_description":"Il Papa potrebbe recarsi a Glasgow per la COP 26 in programma a novembre. In Scozia potrebbe incontrare anche il patriarca Bartolomeo","og_url":"https:\/\/exaudi.org\/it\/turkson-il-papa-forse-a-glasgow-per-la-cop-26\/","og_site_name":"Exaudi","article_publisher":"https:\/\/www.facebook.com\/ExaudiNews","article_published_time":"2021-05-25T11:00:03+00:00","article_modified_time":"2021-05-25T16:13:28+00:00","og_image":[{"width":2016,"height":1512,"url":"https:\/\/exaudi.org\/wp-content\/uploads\/2021\/05\/Turkson.jpeg","type":"image\/jpeg"}],"author":"Deborah Castellano Lubov","twitter_card":"summary_large_image","twitter_creator":"@Exaudi_News","twitter_site":"@Exaudi_News","twitter_misc":{"Scritto da":"Deborah Castellano Lubov","Tempo di lettura stimato":"5 minuti"},"schema":{"@context":"https:\/\/schema.org","@graph":[{"@type":"Article","@id":"https:\/\/exaudi.org\/it\/turkson-il-papa-forse-a-glasgow-per-la-cop-26\/#article","isPartOf":{"@id":"https:\/\/exaudi.org\/it\/turkson-il-papa-forse-a-glasgow-per-la-cop-26\/"},"author":{"name":"Deborah Castellano Lubov","@id":"https:\/\/exaudi.org\/#\/schema\/person\/ca36230f63b85cb8badafaa15f06d602"},"headline":"Turkson a Exaudi: &#8220;Il Papa forse a Glasgow per la Cop 26&#8221;","datePublished":"2021-05-25T11:00:03+00:00","dateModified":"2021-05-25T16:13:28+00:00","mainEntityOfPage":{"@id":"https:\/\/exaudi.org\/it\/turkson-il-papa-forse-a-glasgow-per-la-cop-26\/"},"wordCount":1122,"image":{"@id":"https:\/\/exaudi.org\/it\/turkson-il-papa-forse-a-glasgow-per-la-cop-26\/#primaryimage"},"thumbnailUrl":"https:\/\/exaudi.org\/wp-content\/uploads\/2021\/05\/Turkson.jpeg","keywords":["ambiente","Clima","cop26","Featured","Papa Francesco","Turkson"],"articleSection":["Featured News","Leone XIV","Top Ultime Notizie","Ultime Notizie"],"inLanguage":"it-IT"},{"@type":"WebPage","@id":"https:\/\/exaudi.org\/it\/turkson-il-papa-forse-a-glasgow-per-la-cop-26\/","url":"https:\/\/exaudi.org\/it\/turkson-il-papa-forse-a-glasgow-per-la-cop-26\/","name":"Turkson a Exaudi: \"Il Papa forse a Glasgow per la Cop 26\" &#8211; Exaudi","isPartOf":{"@id":"https:\/\/exaudi.org\/#website"},"primaryImageOfPage":{"@id":"https:\/\/exaudi.org\/it\/turkson-il-papa-forse-a-glasgow-per-la-cop-26\/#primaryimage"},"image":{"@id":"https:\/\/exaudi.org\/it\/turkson-il-papa-forse-a-glasgow-per-la-cop-26\/#primaryimage"},"thumbnailUrl":"https:\/\/exaudi.org\/wp-content\/uploads\/2021\/05\/Turkson.jpeg","datePublished":"2021-05-25T11:00:03+00:00","dateModified":"2021-05-25T16:13:28+00:00","author":{"@id":"https:\/\/exaudi.org\/#\/schema\/person\/ca36230f63b85cb8badafaa15f06d602"},"description":"Il Papa potrebbe recarsi a Glasgow per la COP 26 in programma a novembre. In Scozia potrebbe incontrare anche il patriarca Bartolomeo","breadcrumb":{"@id":"https:\/\/exaudi.org\/it\/turkson-il-papa-forse-a-glasgow-per-la-cop-26\/#breadcrumb"},"inLanguage":"it-IT","potentialAction":[{"@type":"ReadAction","target":["https:\/\/exaudi.org\/it\/turkson-il-papa-forse-a-glasgow-per-la-cop-26\/"]}]},{"@type":"ImageObject","inLanguage":"it-IT","@id":"https:\/\/exaudi.org\/it\/turkson-il-papa-forse-a-glasgow-per-la-cop-26\/#primaryimage","url":"https:\/\/exaudi.org\/wp-content\/uploads\/2021\/05\/Turkson.jpeg","contentUrl":"https:\/\/exaudi.org\/wp-content\/uploads\/2021\/05\/Turkson.jpeg","width":2016,"height":1512,"caption":"Il cardinale Turkson Copyright: Deborah Castellano Lubov \/ Exaudi"},{"@type":"BreadcrumbList","@id":"https:\/\/exaudi.org\/it\/turkson-il-papa-forse-a-glasgow-per-la-cop-26\/#breadcrumb","itemListElement":[{"@type":"ListItem","position":1,"name":"Portada","item":"https:\/\/exaudi.org\/it\/"},{"@type":"ListItem","position":2,"name":"Turkson a Exaudi: &#8220;Il Papa forse a Glasgow per la Cop 26&#8221;"}]},{"@type":"WebSite","@id":"https:\/\/exaudi.org\/#website","url":"https:\/\/exaudi.org\/","name":"Exaudi","description":"News","potentialAction":[{"@type":"SearchAction","target":{"@type":"EntryPoint","urlTemplate":"https:\/\/exaudi.org\/?s={search_term_string}"},"query-input":{"@type":"PropertyValueSpecification","valueRequired":true,"valueName":"search_term_string"}}],"inLanguage":"it-IT"},{"@type":"Person","@id":"https:\/\/exaudi.org\/#\/schema\/person\/ca36230f63b85cb8badafaa15f06d602","name":"Deborah Castellano Lubov","image":{"@type":"ImageObject","inLanguage":"it-IT","@id":"https:\/\/secure.gravatar.com\/avatar\/1634e49afca8a60560a6701011a51b43f0e7362f22afa1fa6c37dfb70bd8d6a8?s=96&d=mm&r=g","url":"https:\/\/secure.gravatar.com\/avatar\/1634e49afca8a60560a6701011a51b43f0e7362f22afa1fa6c37dfb70bd8d6a8?s=96&d=mm&r=g","contentUrl":"https:\/\/secure.gravatar.com\/avatar\/1634e49afca8a60560a6701011a51b43f0e7362f22afa1fa6c37dfb70bd8d6a8?s=96&d=mm&r=g","caption":"Deborah Castellano Lubov"},"description":"Deborah Castellano Lubov is Editorial Director &amp; Senior Vatican &amp; Rome Correspondent for EXAUDI (&amp; Prior, for ZENIT); Author of 'The Other Francis' ('L'Altro Francesco') featuring interviews with those closest to the Pope and preface by Vatican Secretary of State Cardinal Parolin (currently published in 5 languages); Deborah is also NBC &amp; MSNBC Vatican Analyst. She often covers the Pope's travels abroad, often from the Papal Flight (including for historic trips such as to Abu Dhabi and Japan &amp; Thailand), and has also asked him questions on the return-flight press conference on behalf of the English-speaking press present. Lubov has done much TV &amp; radio commentary, including for NBC, Sky, EWTN, BBC, Vatican Radio, AP, Reuters and more. She also has contributed to various books on the Pope and has written for various Catholic publications. For 'The Other Francis': http:\/\/www.gracewing.co.uk\/page219.html or https:\/\/www.amazon.com\/Other-Francis-Everything-They-about\/dp\/0852449348\/","url":"https:\/\/exaudi.org\/it\/author\/dlubovexaudi-org\/"}]}},"jetpack_featured_media_url":"https:\/\/exaudi.org\/wp-content\/uploads\/2021\/05\/Turkson.jpeg","jetpack_shortlink":"https:\/\/wp.me\/pgKjF2-4UR","_links":{"self":[{"href":"https:\/\/exaudi.org\/it\/wp-json\/wp\/v2\/posts\/18901","targetHints":{"allow":["GET"]}}],"collection":[{"href":"https:\/\/exaudi.org\/it\/wp-json\/wp\/v2\/posts"}],"about":[{"href":"https:\/\/exaudi.org\/it\/wp-json\/wp\/v2\/types\/post"}],"author":[{"embeddable":true,"href":"https:\/\/exaudi.org\/it\/wp-json\/wp\/v2\/users\/3"}],"replies":[{"embeddable":true,"href":"https:\/\/exaudi.org\/it\/wp-json\/wp\/v2\/comments?post=18901"}],"version-history":[{"count":0,"href":"https:\/\/exaudi.org\/it\/wp-json\/wp\/v2\/posts\/18901\/revisions"}],"wp:featuredmedia":[{"embeddable":true,"href":"https:\/\/exaudi.org\/it\/wp-json\/wp\/v2\/media\/18904"}],"wp:attachment":[{"href":"https:\/\/exaudi.org\/it\/wp-json\/wp\/v2\/media?parent=18901"}],"wp:term":[{"taxonomy":"category","embeddable":true,"href":"https:\/\/exaudi.org\/it\/wp-json\/wp\/v2\/categories?post=18901"},{"taxonomy":"post_tag","embeddable":true,"href":"https:\/\/exaudi.org\/it\/wp-json\/wp\/v2\/tags?post=18901"}],"curies":[{"name":"wp","href":"https:\/\/api.w.org\/{rel}","templated":true}]}}