{"id":1873,"date":"2021-02-24T17:18:08","date_gmt":"2021-02-24T17:18:08","guid":{"rendered":"https:\/\/exaudi.org\/?p=1873"},"modified":"2021-02-24T17:18:08","modified_gmt":"2021-02-24T17:18:08","slug":"bassetti-proseguire-il-percorso-iniziato-a-bari","status":"publish","type":"post","link":"https:\/\/exaudi.org\/it\/bassetti-proseguire-il-percorso-iniziato-a-bari\/","title":{"rendered":"Bassetti: &#8220;Proseguire il percorso iniziato a Bari&#8221;"},"content":{"rendered":"<p>&#8220;Dobbiamo proseguire in questo percorso di comunione&#8221; iniziato a Bari, &#8220;nell\u2019orizzonte indicatoci da Papa Francesco&#8221;. Il presidente della Conferenza episcopale italiana, cardinale Gualtiero Bassetti, ricorda cos\u00ec l&#8217;incontro tra i vescovi dei 20 Paesi che si affacciano sul Mediterraneo, celebrato nel capoluogo pugliese dal 19 al 23 febbraio di un anno fa.<\/p>\n<p>In una nota diffusa dalla Cei, si ricorda che l\u2019&#8221;opera di riconciliazione e di pace&#8221; affidata da Papa Francesco ai vescovi del &#8220;Mare Nostrum&#8221; al termine dell\u2019incontro di riflessione e spiritualit\u00e0 \u201cMediterraneo frontiera di pace\u201d era stato chiaro: &#8220;Ricostruire i legami che sono stati interrotti, rialzare le citt\u00e0 distrutte dalla violenza, far fiorire un giardino laddove oggi ci sono terreni riarsi, infondere speranza a chi l\u2019ha perduta ed esortare chi \u00e8 chiuso in s\u00e9 stesso a non temere il fratello. E guardare questo, che \u00e8 gi\u00e0 diventato cimitero, come un luogo di futura risurrezione di tutta l\u2019area&#8221;.<\/p>\n<p>A distanza di un anno, prosegue la nota, &#8220;l\u2019impegno a dialogare e a costruire la pace in un\u2019area cruciale per il mondo intero non \u00e8 venuto meno. Sebbene la dimensione pubblica dell\u2019esperienza abbia subito un\u2019interruzione a causa della pandemia, il confronto tra Chiese sorelle e il supporto vicendevole hanno continuato a caratterizzare i mesi della crisi sanitaria. E proprio la pandemia, che continua ad attraversare frontiere e continenti, dimostra ancora una volta che l\u2019umanit\u00e0 \u00e8 una sola e che i destini dei popoli sono strettamente correlati in questa era globale&#8221;.<\/p>\n<p>Il comunicato della Cei mette sottolinea le azioni concrete messe in atto dalla Chiesa italiana: &#8220;In risposta al COVID-19, la nostra rete nel Mediterraneo ha visto confermare, dopo Bari, forme di collaborazione e solidariet\u00e0, tese a dare risposte comuni a problemi comuni. Ne sono esempio la solidariet\u00e0 portata dalla Chiesa che \u00e8 in Italia al Libano, colpito ad agosto da una tremenda esplosione nella zona portuale di Beirut, e alla popolazione della Croazia, devastata da una serie di scosse sismiche nel mese di dicembre&#8221;.<\/p>\n<p>L\u2019incontro di Bari, sottolinea il presidente della Cei, \u00e8 stato \u201cla prima tappa, l\u2019inizio di un cammino che era necessario intraprendere, per dare la nostra risposta col Vangelo ai problemi della Chiesa, alle nostre Chiese e alla societ\u00e0 di oggi\u201d.<\/p>\n<p>Nel solco di \u201cMediterraneo frontiera di pace\u201d si \u00e8 alimentato &#8220;lo spirito di fraternit\u00e0 e condivisione maturati durante l\u2019incontro. In questo anno infatti, segnato in tutto il bacino dal diffondersi del COVID-19 e dalle sue tragiche conseguenze, i Vescovi dei Paesi che si affacciano sul Mare Nostrum hanno convenuto sulla necessit\u00e0 di individuare piste per far s\u00ec che l\u2019evento di un anno fa non resti un <em>unicum,\u00a0<\/em>ma apra cammini di riflessione e di azione a livello locale e internazionale. Ne \u00e8 segno la recente visita di una delegazione della Cei in Niger e, ancora di pi\u00f9, la volont\u00e0 del cardinale Bassetti di riprendere l\u2019intuizione di Bari per rendere il Mare Nostrum quel &#8216;grande lago di Tiberiade&#8217; che fu in passato, come lo definiva Giorgio La Pira, le cui sponde tornino ad essere simbolo di unit\u00e0 e non di confine&#8221;.<\/p>\n<p>\u201c\u00c8 essenziale proseguire in questo percorso di comunione \u2013 conclude il cardinale &#8211; nell\u2019orizzonte indicatoci da Papa Francesco che, nella &#8216;Fratelli tutti&#8217;<em>,<\/em>\u00a0ci ricorda che il dialogo perseverante e coraggioso, anche se non fa notizia, aiuta il mondo a vivere meglio, molto pi\u00f9 di quanto possiamo rendercene conto\u201d.<\/p>\n","protected":false},"excerpt":{"rendered":"<p>&#8220;Dobbiamo proseguire in questo percorso di comunione&#8221; iniziato a Bari, &#8220;nell\u2019orizzonte indicatoci da Papa Francesco&#8221;. Il presidente della Conferenza episcopale italiana, cardinale Gualtiero Bassetti, ricorda cos\u00ec l&#8217;incontro tra i vescovi dei 20 Paesi che si affacciano sul Mediterraneo, celebrato nel capoluogo pugliese dal 19 al 23 febbraio di un anno fa. In una nota diffusa [&hellip;]<\/p>\n","protected":false},"author":17,"featured_media":1902,"comment_status":"closed","ping_status":"closed","sticky":false,"template":"","format":"standard","meta":{"_acf_changed":false,"_crdt_document":"","inline_featured_image":false,"footnotes":""},"categories":[73,85,83],"tags":[348,349,251],"class_list":["post-1873","post","type-post","status-publish","format-standard","has-post-thumbnail","hentry","category-chiesa-e-mondo","category-chiese-locali","category-eventi-internazionali","tag-cardinale-bassetti","tag-cei","tag-papa-francesco"],"acf":[],"yoast_head":"<!-- This site is optimized with the Yoast SEO plugin v27.5 - https:\/\/yoast.com\/product\/yoast-seo-wordpress\/ -->\n<title>Bassetti: &quot;Proseguire il percorso iniziato a Bari&quot; &#8211; Exaudi<\/title>\n<meta name=\"description\" content=\"A un anno dall&#039;incontro di Bari tra i vescovi dei venti Paesi del Mediterraneo Bassetti invita a proseguire il percorso iniziato a Bari\" \/>\n<meta name=\"robots\" content=\"index, follow, max-snippet:-1, max-image-preview:large, max-video-preview:-1\" \/>\n<link rel=\"canonical\" href=\"https:\/\/exaudi.org\/it\/bassetti-proseguire-il-percorso-iniziato-a-bari\/\" \/>\n<meta property=\"og:locale\" content=\"it_IT\" \/>\n<meta property=\"og:type\" content=\"article\" \/>\n<meta property=\"og:title\" content=\"Bassetti: &quot;Proseguire il percorso iniziato a Bari&quot; &#8211; Exaudi\" \/>\n<meta property=\"og:description\" content=\"A un anno dall&#039;incontro di Bari tra i vescovi dei venti Paesi del Mediterraneo Bassetti invita a proseguire il percorso iniziato a Bari\" \/>\n<meta property=\"og:url\" content=\"https:\/\/exaudi.org\/it\/bassetti-proseguire-il-percorso-iniziato-a-bari\/\" \/>\n<meta property=\"og:site_name\" content=\"Exaudi\" \/>\n<meta property=\"article:publisher\" content=\"https:\/\/www.facebook.com\/ExaudiNews\" \/>\n<meta property=\"article:author\" content=\"https:\/\/www.facebook.com\/ExaudiNotizie\/\" \/>\n<meta property=\"article:published_time\" content=\"2021-02-24T17:18:08+00:00\" \/>\n<meta property=\"og:image\" content=\"https:\/\/exaudi.org\/wp-content\/uploads\/2021\/02\/Cardinale-Bassetti.jpeg\" \/>\n\t<meta property=\"og:image:width\" content=\"1000\" \/>\n\t<meta property=\"og:image:height\" content=\"563\" \/>\n\t<meta property=\"og:image:type\" content=\"image\/jpeg\" \/>\n<meta name=\"author\" content=\"Exaudi Redazione\" \/>\n<meta name=\"twitter:card\" content=\"summary_large_image\" \/>\n<meta name=\"twitter:creator\" content=\"@Exaudi_Notizie\" \/>\n<meta name=\"twitter:site\" content=\"@Exaudi_News\" \/>\n<meta name=\"twitter:label1\" content=\"Scritto da\" \/>\n\t<meta name=\"twitter:data1\" content=\"Exaudi Redazione\" \/>\n\t<meta name=\"twitter:label2\" content=\"Tempo di lettura stimato\" \/>\n\t<meta name=\"twitter:data2\" content=\"3 minuti\" \/>\n<script type=\"application\/ld+json\" class=\"yoast-schema-graph\">{\"@context\":\"https:\\\/\\\/schema.org\",\"@graph\":[{\"@type\":\"Article\",\"@id\":\"https:\\\/\\\/exaudi.org\\\/it\\\/bassetti-proseguire-il-percorso-iniziato-a-bari\\\/#article\",\"isPartOf\":{\"@id\":\"https:\\\/\\\/exaudi.org\\\/it\\\/bassetti-proseguire-il-percorso-iniziato-a-bari\\\/\"},\"author\":{\"name\":\"Exaudi Redazione\",\"@id\":\"https:\\\/\\\/exaudi.org\\\/#\\\/schema\\\/person\\\/e1ab6ed07c01774724dd96f925f3a5f0\"},\"headline\":\"Bassetti: &#8220;Proseguire il percorso iniziato a Bari&#8221;\",\"datePublished\":\"2021-02-24T17:18:08+00:00\",\"mainEntityOfPage\":{\"@id\":\"https:\\\/\\\/exaudi.org\\\/it\\\/bassetti-proseguire-il-percorso-iniziato-a-bari\\\/\"},\"wordCount\":561,\"image\":{\"@id\":\"https:\\\/\\\/exaudi.org\\\/it\\\/bassetti-proseguire-il-percorso-iniziato-a-bari\\\/#primaryimage\"},\"thumbnailUrl\":\"https:\\\/\\\/exaudi.org\\\/wp-content\\\/uploads\\\/2021\\\/02\\\/Cardinale-Bassetti.jpeg\",\"keywords\":[\"cardinale Bassetti\",\"Cei\",\"Papa Francesco\"],\"articleSection\":[\"Chiesa e Mondo\",\"Chiese locali\",\"Eventi internazionali\"],\"inLanguage\":\"it-IT\"},{\"@type\":\"WebPage\",\"@id\":\"https:\\\/\\\/exaudi.org\\\/it\\\/bassetti-proseguire-il-percorso-iniziato-a-bari\\\/\",\"url\":\"https:\\\/\\\/exaudi.org\\\/it\\\/bassetti-proseguire-il-percorso-iniziato-a-bari\\\/\",\"name\":\"Bassetti: \\\"Proseguire il percorso iniziato a Bari\\\" &#8211; Exaudi\",\"isPartOf\":{\"@id\":\"https:\\\/\\\/exaudi.org\\\/#website\"},\"primaryImageOfPage\":{\"@id\":\"https:\\\/\\\/exaudi.org\\\/it\\\/bassetti-proseguire-il-percorso-iniziato-a-bari\\\/#primaryimage\"},\"image\":{\"@id\":\"https:\\\/\\\/exaudi.org\\\/it\\\/bassetti-proseguire-il-percorso-iniziato-a-bari\\\/#primaryimage\"},\"thumbnailUrl\":\"https:\\\/\\\/exaudi.org\\\/wp-content\\\/uploads\\\/2021\\\/02\\\/Cardinale-Bassetti.jpeg\",\"datePublished\":\"2021-02-24T17:18:08+00:00\",\"author\":{\"@id\":\"https:\\\/\\\/exaudi.org\\\/#\\\/schema\\\/person\\\/e1ab6ed07c01774724dd96f925f3a5f0\"},\"description\":\"A un anno dall'incontro di Bari tra i vescovi dei venti Paesi del Mediterraneo Bassetti invita a proseguire il percorso iniziato a Bari\",\"breadcrumb\":{\"@id\":\"https:\\\/\\\/exaudi.org\\\/it\\\/bassetti-proseguire-il-percorso-iniziato-a-bari\\\/#breadcrumb\"},\"inLanguage\":\"it-IT\",\"potentialAction\":[{\"@type\":\"ReadAction\",\"target\":[\"https:\\\/\\\/exaudi.org\\\/it\\\/bassetti-proseguire-il-percorso-iniziato-a-bari\\\/\"]}]},{\"@type\":\"ImageObject\",\"inLanguage\":\"it-IT\",\"@id\":\"https:\\\/\\\/exaudi.org\\\/it\\\/bassetti-proseguire-il-percorso-iniziato-a-bari\\\/#primaryimage\",\"url\":\"https:\\\/\\\/exaudi.org\\\/wp-content\\\/uploads\\\/2021\\\/02\\\/Cardinale-Bassetti.jpeg\",\"contentUrl\":\"https:\\\/\\\/exaudi.org\\\/wp-content\\\/uploads\\\/2021\\\/02\\\/Cardinale-Bassetti.jpeg\",\"width\":1000,\"height\":563,\"caption\":\"Il cardinale Gualtiero Bassetti presidente della Cei \u00a9\ufe0fVatican Media\"},{\"@type\":\"BreadcrumbList\",\"@id\":\"https:\\\/\\\/exaudi.org\\\/it\\\/bassetti-proseguire-il-percorso-iniziato-a-bari\\\/#breadcrumb\",\"itemListElement\":[{\"@type\":\"ListItem\",\"position\":1,\"name\":\"Portada\",\"item\":\"https:\\\/\\\/exaudi.org\\\/it\\\/\"},{\"@type\":\"ListItem\",\"position\":2,\"name\":\"Bassetti: &#8220;Proseguire il percorso iniziato a Bari&#8221;\"}]},{\"@type\":\"WebSite\",\"@id\":\"https:\\\/\\\/exaudi.org\\\/#website\",\"url\":\"https:\\\/\\\/exaudi.org\\\/\",\"name\":\"Exaudi\",\"description\":\"News\",\"potentialAction\":[{\"@type\":\"SearchAction\",\"target\":{\"@type\":\"EntryPoint\",\"urlTemplate\":\"https:\\\/\\\/exaudi.org\\\/?s={search_term_string}\"},\"query-input\":{\"@type\":\"PropertyValueSpecification\",\"valueRequired\":true,\"valueName\":\"search_term_string\"}}],\"inLanguage\":\"it-IT\"},{\"@type\":\"Person\",\"@id\":\"https:\\\/\\\/exaudi.org\\\/#\\\/schema\\\/person\\\/e1ab6ed07c01774724dd96f925f3a5f0\",\"name\":\"Exaudi Redazione\",\"image\":{\"@type\":\"ImageObject\",\"inLanguage\":\"it-IT\",\"@id\":\"https:\\\/\\\/secure.gravatar.com\\\/avatar\\\/ad6774b3ada023bf5b939d64f45c94b3adf91502dd883507d469b4308a943bb3?s=96&d=mm&r=g\",\"url\":\"https:\\\/\\\/secure.gravatar.com\\\/avatar\\\/ad6774b3ada023bf5b939d64f45c94b3adf91502dd883507d469b4308a943bb3?s=96&d=mm&r=g\",\"contentUrl\":\"https:\\\/\\\/secure.gravatar.com\\\/avatar\\\/ad6774b3ada023bf5b939d64f45c94b3adf91502dd883507d469b4308a943bb3?s=96&d=mm&r=g\",\"caption\":\"Exaudi Redazione\"},\"description\":\"Che cosa \u00e8 Exaudi News? Exaudi News \u00e8 un agenzia cattolica internazionale che informa, istruisce e trasforma quotidianamente in spagnolo, inglese e italiano. Attraverso notizie, articoli di analisi e trasmissioni in diretta degli eventi del Papa, Exaudi cerca di rafforzare l'unit\u00e0 dei cristiani e di contribuire all'evangelizzazione del mondo, sempre guidato dalla dottrina sociale della Chiesa. Lavoriamo per portare la verit\u00e0 e i valori cristiani in ogni angolo del pianeta. Aiutaci a trasformare il mondo con Exaudi! Noi di Exaudi crediamo che l'evangelizzazione e l'informazione di qualit\u00e0 possano cambiare la vita. Per continuare la nostra missione ed espandere la nostra portata, abbiamo bisogno del tuo aiuto. Stiamo anche cercando persone motivate che vogliano unirsi al nostro team. Grazie al vostro sostegno raggiungeremo pi\u00f9 persone, diffonderemo il messaggio di Cristo e rafforzeremo l'unit\u00e0 dei cristiani. Vuoi unirti alla nostra missione? Per maggiori informazioni su come contribuire, visita Exaudi.org\\\/it o contattaci direttamente: info@exaudi.org Exaudi: informa, forma e trasforma.\",\"sameAs\":[\"https:\\\/\\\/www.facebook.com\\\/ExaudiNotizie\\\/\",\"https:\\\/\\\/www.instagram.com\\\/Exaudi_notizie\\\/\",\"https:\\\/\\\/x.com\\\/Exaudi_Notizie\",\"https:\\\/\\\/www.youtube.com\\\/@exaudicatholicnews\"],\"url\":\"https:\\\/\\\/exaudi.org\\\/it\\\/author\\\/dlvedi-org\\\/\"}]}<\/script>\n<!-- \/ Yoast SEO plugin. -->","yoast_head_json":{"title":"Bassetti: \"Proseguire il percorso iniziato a Bari\" &#8211; Exaudi","description":"A un anno dall'incontro di Bari tra i vescovi dei venti Paesi del Mediterraneo Bassetti invita a proseguire il percorso iniziato a Bari","robots":{"index":"index","follow":"follow","max-snippet":"max-snippet:-1","max-image-preview":"max-image-preview:large","max-video-preview":"max-video-preview:-1"},"canonical":"https:\/\/exaudi.org\/it\/bassetti-proseguire-il-percorso-iniziato-a-bari\/","og_locale":"it_IT","og_type":"article","og_title":"Bassetti: \"Proseguire il percorso iniziato a Bari\" &#8211; Exaudi","og_description":"A un anno dall'incontro di Bari tra i vescovi dei venti Paesi del Mediterraneo Bassetti invita a proseguire il percorso iniziato a Bari","og_url":"https:\/\/exaudi.org\/it\/bassetti-proseguire-il-percorso-iniziato-a-bari\/","og_site_name":"Exaudi","article_publisher":"https:\/\/www.facebook.com\/ExaudiNews","article_author":"https:\/\/www.facebook.com\/ExaudiNotizie\/","article_published_time":"2021-02-24T17:18:08+00:00","og_image":[{"width":1000,"height":563,"url":"https:\/\/exaudi.org\/wp-content\/uploads\/2021\/02\/Cardinale-Bassetti.jpeg","type":"image\/jpeg"}],"author":"Exaudi Redazione","twitter_card":"summary_large_image","twitter_creator":"@Exaudi_Notizie","twitter_site":"@Exaudi_News","twitter_misc":{"Scritto da":"Exaudi Redazione","Tempo di lettura stimato":"3 minuti"},"schema":{"@context":"https:\/\/schema.org","@graph":[{"@type":"Article","@id":"https:\/\/exaudi.org\/it\/bassetti-proseguire-il-percorso-iniziato-a-bari\/#article","isPartOf":{"@id":"https:\/\/exaudi.org\/it\/bassetti-proseguire-il-percorso-iniziato-a-bari\/"},"author":{"name":"Exaudi Redazione","@id":"https:\/\/exaudi.org\/#\/schema\/person\/e1ab6ed07c01774724dd96f925f3a5f0"},"headline":"Bassetti: &#8220;Proseguire il percorso iniziato a Bari&#8221;","datePublished":"2021-02-24T17:18:08+00:00","mainEntityOfPage":{"@id":"https:\/\/exaudi.org\/it\/bassetti-proseguire-il-percorso-iniziato-a-bari\/"},"wordCount":561,"image":{"@id":"https:\/\/exaudi.org\/it\/bassetti-proseguire-il-percorso-iniziato-a-bari\/#primaryimage"},"thumbnailUrl":"https:\/\/exaudi.org\/wp-content\/uploads\/2021\/02\/Cardinale-Bassetti.jpeg","keywords":["cardinale Bassetti","Cei","Papa Francesco"],"articleSection":["Chiesa e Mondo","Chiese locali","Eventi internazionali"],"inLanguage":"it-IT"},{"@type":"WebPage","@id":"https:\/\/exaudi.org\/it\/bassetti-proseguire-il-percorso-iniziato-a-bari\/","url":"https:\/\/exaudi.org\/it\/bassetti-proseguire-il-percorso-iniziato-a-bari\/","name":"Bassetti: \"Proseguire il percorso iniziato a Bari\" &#8211; Exaudi","isPartOf":{"@id":"https:\/\/exaudi.org\/#website"},"primaryImageOfPage":{"@id":"https:\/\/exaudi.org\/it\/bassetti-proseguire-il-percorso-iniziato-a-bari\/#primaryimage"},"image":{"@id":"https:\/\/exaudi.org\/it\/bassetti-proseguire-il-percorso-iniziato-a-bari\/#primaryimage"},"thumbnailUrl":"https:\/\/exaudi.org\/wp-content\/uploads\/2021\/02\/Cardinale-Bassetti.jpeg","datePublished":"2021-02-24T17:18:08+00:00","author":{"@id":"https:\/\/exaudi.org\/#\/schema\/person\/e1ab6ed07c01774724dd96f925f3a5f0"},"description":"A un anno dall'incontro di Bari tra i vescovi dei venti Paesi del Mediterraneo Bassetti invita a proseguire il percorso iniziato a Bari","breadcrumb":{"@id":"https:\/\/exaudi.org\/it\/bassetti-proseguire-il-percorso-iniziato-a-bari\/#breadcrumb"},"inLanguage":"it-IT","potentialAction":[{"@type":"ReadAction","target":["https:\/\/exaudi.org\/it\/bassetti-proseguire-il-percorso-iniziato-a-bari\/"]}]},{"@type":"ImageObject","inLanguage":"it-IT","@id":"https:\/\/exaudi.org\/it\/bassetti-proseguire-il-percorso-iniziato-a-bari\/#primaryimage","url":"https:\/\/exaudi.org\/wp-content\/uploads\/2021\/02\/Cardinale-Bassetti.jpeg","contentUrl":"https:\/\/exaudi.org\/wp-content\/uploads\/2021\/02\/Cardinale-Bassetti.jpeg","width":1000,"height":563,"caption":"Il cardinale Gualtiero Bassetti presidente della Cei \u00a9\ufe0fVatican Media"},{"@type":"BreadcrumbList","@id":"https:\/\/exaudi.org\/it\/bassetti-proseguire-il-percorso-iniziato-a-bari\/#breadcrumb","itemListElement":[{"@type":"ListItem","position":1,"name":"Portada","item":"https:\/\/exaudi.org\/it\/"},{"@type":"ListItem","position":2,"name":"Bassetti: &#8220;Proseguire il percorso iniziato a Bari&#8221;"}]},{"@type":"WebSite","@id":"https:\/\/exaudi.org\/#website","url":"https:\/\/exaudi.org\/","name":"Exaudi","description":"News","potentialAction":[{"@type":"SearchAction","target":{"@type":"EntryPoint","urlTemplate":"https:\/\/exaudi.org\/?s={search_term_string}"},"query-input":{"@type":"PropertyValueSpecification","valueRequired":true,"valueName":"search_term_string"}}],"inLanguage":"it-IT"},{"@type":"Person","@id":"https:\/\/exaudi.org\/#\/schema\/person\/e1ab6ed07c01774724dd96f925f3a5f0","name":"Exaudi Redazione","image":{"@type":"ImageObject","inLanguage":"it-IT","@id":"https:\/\/secure.gravatar.com\/avatar\/ad6774b3ada023bf5b939d64f45c94b3adf91502dd883507d469b4308a943bb3?s=96&d=mm&r=g","url":"https:\/\/secure.gravatar.com\/avatar\/ad6774b3ada023bf5b939d64f45c94b3adf91502dd883507d469b4308a943bb3?s=96&d=mm&r=g","contentUrl":"https:\/\/secure.gravatar.com\/avatar\/ad6774b3ada023bf5b939d64f45c94b3adf91502dd883507d469b4308a943bb3?s=96&d=mm&r=g","caption":"Exaudi Redazione"},"description":"Che cosa \u00e8 Exaudi News? Exaudi News \u00e8 un agenzia cattolica internazionale che informa, istruisce e trasforma quotidianamente in spagnolo, inglese e italiano. Attraverso notizie, articoli di analisi e trasmissioni in diretta degli eventi del Papa, Exaudi cerca di rafforzare l'unit\u00e0 dei cristiani e di contribuire all'evangelizzazione del mondo, sempre guidato dalla dottrina sociale della Chiesa. Lavoriamo per portare la verit\u00e0 e i valori cristiani in ogni angolo del pianeta. Aiutaci a trasformare il mondo con Exaudi! Noi di Exaudi crediamo che l'evangelizzazione e l'informazione di qualit\u00e0 possano cambiare la vita. Per continuare la nostra missione ed espandere la nostra portata, abbiamo bisogno del tuo aiuto. Stiamo anche cercando persone motivate che vogliano unirsi al nostro team. Grazie al vostro sostegno raggiungeremo pi\u00f9 persone, diffonderemo il messaggio di Cristo e rafforzeremo l'unit\u00e0 dei cristiani. Vuoi unirti alla nostra missione? Per maggiori informazioni su come contribuire, visita Exaudi.org\/it o contattaci direttamente: info@exaudi.org Exaudi: informa, forma e trasforma.","sameAs":["https:\/\/www.facebook.com\/ExaudiNotizie\/","https:\/\/www.instagram.com\/Exaudi_notizie\/","https:\/\/x.com\/Exaudi_Notizie","https:\/\/www.youtube.com\/@exaudicatholicnews"],"url":"https:\/\/exaudi.org\/it\/author\/dlvedi-org\/"}]}},"jetpack_featured_media_url":"https:\/\/exaudi.org\/wp-content\/uploads\/2021\/02\/Cardinale-Bassetti.jpeg","jetpack_shortlink":"https:\/\/wp.me\/pgKjF2-ud","_links":{"self":[{"href":"https:\/\/exaudi.org\/it\/wp-json\/wp\/v2\/posts\/1873","targetHints":{"allow":["GET"]}}],"collection":[{"href":"https:\/\/exaudi.org\/it\/wp-json\/wp\/v2\/posts"}],"about":[{"href":"https:\/\/exaudi.org\/it\/wp-json\/wp\/v2\/types\/post"}],"author":[{"embeddable":true,"href":"https:\/\/exaudi.org\/it\/wp-json\/wp\/v2\/users\/17"}],"replies":[{"embeddable":true,"href":"https:\/\/exaudi.org\/it\/wp-json\/wp\/v2\/comments?post=1873"}],"version-history":[{"count":0,"href":"https:\/\/exaudi.org\/it\/wp-json\/wp\/v2\/posts\/1873\/revisions"}],"wp:featuredmedia":[{"embeddable":true,"href":"https:\/\/exaudi.org\/it\/wp-json\/wp\/v2\/media\/1902"}],"wp:attachment":[{"href":"https:\/\/exaudi.org\/it\/wp-json\/wp\/v2\/media?parent=1873"}],"wp:term":[{"taxonomy":"category","embeddable":true,"href":"https:\/\/exaudi.org\/it\/wp-json\/wp\/v2\/categories?post=1873"},{"taxonomy":"post_tag","embeddable":true,"href":"https:\/\/exaudi.org\/it\/wp-json\/wp\/v2\/tags?post=1873"}],"curies":[{"name":"wp","href":"https:\/\/api.w.org\/{rel}","templated":true}]}}