{"id":18462,"date":"2021-05-23T16:13:53","date_gmt":"2021-05-23T14:13:53","guid":{"rendered":"https:\/\/exaudi.org\/?p=18462"},"modified":"2021-05-25T05:39:05","modified_gmt":"2021-05-25T03:39:05","slug":"francesco-prega-per-lunita-dei-fedeli-in-cina","status":"publish","type":"post","link":"https:\/\/exaudi.org\/it\/francesco-prega-per-lunita-dei-fedeli-in-cina\/","title":{"rendered":"Francesco prega per l&#8217;unit\u00e0 dei fedeli in Cina"},"content":{"rendered":"<p>Lo Spirito Santo \u201c\u00e8 come un vento forte e libero\u201d, che sa renderci \u201cnuove creature\u201d, come fece con gli apostoli. Nel giorno di Pentecoste, Papa Francesco ricorda l\u2019importanza dello Spirito Santo nel cambiare le nostre vite, senza abolire le differenze ma superando \u201ci confini culturali e religiosi\u201d. Il S. Padre ha citato ancora una volta il cardinale Canestri per ricordare che le divisioni \u201cnon sono Spirito di Dio\u201d. E dopo l\u2019Angelus, ha invitato a pregare per la difficile situazione in Colombia, per i salesiani, in occasione della festa di Maria Ausiliatrice, e soprattutto per la Cina, che venerano la Madonna quale protettrice del Paese con il titolo di Aiuto dei Cristiani.<\/p>\n<p>Cari fratelli e sorelle, buongiorno! Il libro degli Atti degli Apostoli (cfr 2,1-11) narra quanto accadde a Gerusalemme cinquanta giorni dopo la Pasqua di Ges\u00f9. I discepoli erano riuniti nel cenacolo e con loro c\u2019era la Vergine Maria. Il Signore risorto aveva detto loro di rimanere in citt\u00e0 finch\u00e9 non avessero ricevuto dall\u2019alto il dono dello Spirito. E questo si manifest\u00f2 con un \u00abfragore\u00bb che all\u2019improvviso si sent\u00ec venire dal cielo, come un \u00abvento impetuoso\u00bb che riemp\u00ec la casa dove si trovavano (cfr v. 2). Si tratta dunque di un\u2019esperienza reale ma anche simbolica. Una cosa che \u00e8 accaduta ma anche ci d\u00e0 un messaggio simbolico per tutta la vita.<\/p>\n<h4>Vento forte e libero<\/h4>\n<p>Questa esperienza rivela che lo Spirito Santo \u00e8 come un vento forte e libero, cio\u00e8 ci porta forza e ci porta libert\u00e0: vento forte e libero. Non si pu\u00f2 controllare, fermare, n\u00e9 misurare; e nemmeno prevederne la direzione. Non si lascia inquadrare nelle nostre esigenze umane \u2013 noi cerchiamo sempre di inquadrare le cose \u2013, non si lascia inquadrare nei nostri schemi e nei nostri pregiudizi. Lo Spirito procede da Dio Padre e dal suo Figlio Ges\u00f9 Cristo e irrompe sulla Chiesa, irrompe su ciascuno di noi, dando vita alle nostre menti e ai nostri cuori. Come dice il Credo: \u00ab\u00c8 Signore e d\u00e0 la vita\u00bb. Ha la signoria perch\u00e9 \u00e8 Dio, e d\u00e0 vita.<\/p>\n<p>Il giorno di Pentecoste, i discepoli di Ges\u00f9 erano ancora disorientati e impauriti. Non avevano ancora il coraggio di uscire allo scoperto. E anche noi, succede a volte, preferiamo rimanere tra le mura protettive dei nostri ambienti. Ma il Signore sa come raggiungerci e aprire le porte del nostro cuore. Egli manda su di noi lo Spirito Santo che ci avvolge e vince tutte le nostre titubanze, abbatte le nostre difese, smonta le nostre false sicurezze. Lo Spirito ci rende nuove creature, cos\u00ec come fece quel giorno con gli Apostoli: ci rinnova, nuove creature.<\/p>\n<h4>Lo Spirito Santo cambia il cuore<\/h4>\n<p>Essi, dopo aver ricevuto lo Spirito Santo non furono pi\u00f9 come prima \u2013 li ha cambiati \u2013, ma uscirono, uscirono senza timore e cominciarono a predicare Ges\u00f9, a predicare che Ges\u00f9 \u00e8 risorto, che il Signore \u00e8 con noi, in maniera tale che ognuno li capiva nella propria lingua. Perch\u00e9 lo Spirito \u00e8 universale, non ci toglie le differenze culturali, le differenze di pensiero, no, \u00e8 per tutti, ma ognuno lo capisce nella propria cultura, nella propria lingua. Lo Spirito cambia il cuore, allarga lo sguardo dei discepoli. Li rende capaci di comunicare a tutti le grandi opere di Dio, senza limiti, oltrepassando i confini culturali e i confini religiosi entro cui erano abituati a pensare e a vivere.<\/p>\n<p>Gli Apostoli, li mette in grado di raggiungere gli altri rispettando le loro possibilit\u00e0 di ascolto e di comprensione, nella cultura e linguaggio di ciascuno (vv. 5-11). In altre parole, lo Spirito Santo mette in comunicazione persone diverse realizzando l\u2019unit\u00e0 e l\u2019universalit\u00e0 della Chiesa. E oggi ci dice tanto questa verit\u00e0, questa realt\u00e0 dello Spirito Santo, dove nella Chiesa ci sono dei gruppetti che cercano sempre la divisione, di staccarsi dagli altri. Questo non \u00e8 lo Spirito di Dio. Lo Spirito di Dio \u00e8 armonia, \u00e8 unit\u00e0, unisce le differenze.<\/p>\n<h4>La Chiesa come un fiume<\/h4>\n<p>Un bravo Cardinale, che \u00e8 stato Arcivescovo di Genova, diceva che la Chiesa \u00e8 come un fiume: l\u2019importante \u00e8 stare dentro; se tu stai un po\u2019 da quella parte e un po\u2019 da quell\u2019altra parte non interessa, lo Spirito Santo fa l\u2019unit\u00e0. Usava la figura del fiume. L\u2019importante \u00e8 stare dentro nell\u2019unit\u00e0 dello Spirito e non guardare le piccolezze che tu stai un po\u2019 da questa parte e un po\u2019 da quella parte, che tu preghi in questo modo o in quell\u2019altro\u2026 Questo non \u00e8 di Dio. La Chiesa \u00e8 per tutti, per tutti, come ha fatto vedere lo Spirito Santo il giorno di Pentecoste. Chiediamo oggi alla Vergine Maria, Madre della Chiesa, di intercedere perch\u00e9 lo Spirito Santo scenda in abbondanza e riempia i cuori dei fedeli e accenda in tutti il fuoco del suo amore. Dopo il Regina C\u00e6li<\/p>\n<p>Cari fratelli e sorelle! Affido alle preghiere di tutti voi la situazione in <a href=\"https:\/\/www.vaticannews.va\/it\/vns\/2021\/05\/23\/csr-3810-2021.html\">Colombia<\/a>, che continua ad essere preoccupante. In questa solennit\u00e0 di Pentecoste prego perch\u00e9 l\u2019amato popolo colombiano sappia accogliere i doni dello Spirito Santo affinch\u00e9, attraverso un dialogo serio, si possano trovare soluzioni giuste ai molteplici problemi di cui soffrono specialmente i pi\u00f9 poveri, a causa della pandemia. Esorto tutti a evitare, per ragioni umanitarie, comportamenti dannosi per la popolazione nell\u2019esercizio del diritto alla protesta pacifica. Preghiamo anche per le popolazioni della citt\u00e0 di Goma, nella Repubblica Democratica del Congo, costrette a fuggire a causa dell\u2019eruzione del grande vulcano Nyiragongo.<\/p>\n<h4>Preghiera per la Cina<\/h4>\n<p>I fedeli cattolici in Cina domani celebrano la festa della Beata Vergine Maria, Aiuto dei cristiani e celeste Patrona del loro grande Paese. La Madre del Signore e della Chiesa \u00e8 venerata con particolare devozione nel Santuario di Sheshan a Shanghai ed \u00e8 invocata assiduamente dalle famiglie cristiane, nelle prove e nelle speranze della vita quotidiana. Quanto \u00e8 buono e quanto \u00e8 necessario che i membri di una famiglia e di una comunit\u00e0 cristiana siano sempre pi\u00f9 uniti nell\u2019amore e nella fede! In questo modo i genitori e i figli, i nonni e i bambini, i pastori e i fedeli possono seguire l\u2019esempio dei primi discepoli che, nella solennit\u00e0 di Pentecoste, erano unanimi in preghiera con Maria in attesa dello Spirito Santo.<\/p>\n<p>Vi invito, perci\u00f2, ad accompagnare con fervida preghiera i fedeli cristiani in Cina, nostri carissimi fratelli e sorelle, che tengo nel profondo del mio cuore. Lo Spirito Santo, protagonista della missione della Chiesa nel mondo, li guidi e li aiuti ad essere portatori del lieto annuncio, testimoni di bont\u00e0 e di carit\u00e0, e costruttori nella loro patria di giustizia e di pace.<\/p>\n<p>E parlando della festivit\u00e0 di domani, Maria Aiuto dei cristiani, un pensiero ai salesiani e alle salesiane, che lavorano tanto, tanto nella Chiesa per i pi\u00f9 lontani, per i pi\u00f9 emarginati, per la giovent\u00f9. Che il Signore li benedica e li porti avanti con tante vocazioni sante!<\/p>\n<h4>La conclusione dell\u2019Anno Laudato Si\u2019<\/h4>\n<p>Domani si conclude l\u2019Anno Laudato si\u2019. Ringrazio quanti hanno partecipato con numerose iniziative in tutto il mondo. \u00c8 un cammino che dobbiamo continuare insieme, ascoltando il grido della Terra e dei poveri. Per questo partir\u00e0 subito la \u201cPiattaforma Laudato si\u2019\u201d, un percorso operativo di sette anni che guider\u00e0 le famiglie, le comunit\u00e0 parrocchiali e diocesane, le scuole e le universit\u00e0, gli ospedali, le imprese, i gruppi, i movimenti, le organizzazioni, gli istituti religiosi ad assumere uno stile di vita sostenibile. E auguri ai tanti animatori che oggi ricevono il mandato di diffondere il Vangelo della Creazione e di prendersi cura della nostra casa comune.<\/p>\n<p>Saluto cordialmente tutti voi, provenienti da Roma, dall\u2019Italia e da altri Paesi. Vedo qui la Polonia, il Messico, il Cile, Panama e tanti altri\u2026 Vedo bandiere l\u00ec: la Colombia. Grazie di esser presenti! In particolare, saluto i giovani del Movimento dei Focolari\u2026 Sono rumorosi questi Focolari! E i partecipanti alla \u201cCamminata dell\u2019amicizia con le forze dell\u2019Ordine\u201d. A tutti auguro una buona domenica. E per favore, non dimenticatevi di pregare per me. Buon pranzo e arrivederci. Tanti saluti a voi!<\/p>\n","protected":false},"excerpt":{"rendered":"<p>Nella festa di Pentecoste il Papa ricorda che lo Spirito Santo ci rende nuove creature<\/p>\n","protected":false},"author":17,"featured_media":18452,"comment_status":"closed","ping_status":"closed","sticky":false,"template":"","format":"standard","meta":{"_acf_changed":false,"_crdt_document":"","inline_featured_image":false,"footnotes":""},"categories":[58,67,1386,297],"tags":[1812,2458,2487,251,2457,960],"class_list":["post-18462","post","type-post","status-publish","format-standard","has-post-thumbnail","hentry","category-featured-news","category-leone-xiv","category-regina-coeli-it","category-ultime-notizie","tag-cina","tag-colombia-it","tag-featured-3","tag-papa-francesco","tag-salesiani","tag-spirito-santo"],"acf":[],"yoast_head":"<!-- This site is optimized with the Yoast SEO plugin v27.5 - https:\/\/yoast.com\/product\/yoast-seo-wordpress\/ -->\n<title>Francesco prega per l&#039;unit\u00e0 dei fedeli in Cina &#8211; Exaudi<\/title>\n<meta name=\"description\" content=\"Dopo il Regina Coeli di Pentecoste, in cui ha ricordato l&#039;azione dello Spirito Santo nei cuori, il Papa ha pregato per la Cina e la Colombia\" \/>\n<meta name=\"robots\" content=\"index, follow, max-snippet:-1, max-image-preview:large, max-video-preview:-1\" \/>\n<link rel=\"canonical\" href=\"https:\/\/exaudi.org\/it\/francesco-prega-per-lunita-dei-fedeli-in-cina\/\" \/>\n<meta property=\"og:locale\" content=\"it_IT\" \/>\n<meta property=\"og:type\" content=\"article\" \/>\n<meta property=\"og:title\" content=\"Francesco prega per l&#039;unit\u00e0 dei fedeli in Cina &#8211; Exaudi\" \/>\n<meta property=\"og:description\" content=\"Dopo il Regina Coeli di Pentecoste, in cui ha ricordato l&#039;azione dello Spirito Santo nei cuori, il Papa ha pregato per la Cina e la Colombia\" \/>\n<meta property=\"og:url\" content=\"https:\/\/exaudi.org\/it\/francesco-prega-per-lunita-dei-fedeli-in-cina\/\" \/>\n<meta property=\"og:site_name\" content=\"Exaudi\" \/>\n<meta property=\"article:publisher\" content=\"https:\/\/www.facebook.com\/ExaudiNews\" \/>\n<meta property=\"article:author\" content=\"https:\/\/www.facebook.com\/ExaudiNotizie\/\" \/>\n<meta property=\"article:published_time\" content=\"2021-05-23T14:13:53+00:00\" \/>\n<meta property=\"article:modified_time\" content=\"2021-05-25T03:39:05+00:00\" \/>\n<meta property=\"og:image\" content=\"https:\/\/exaudi.org\/wp-content\/uploads\/2021\/05\/Regina-Coeli-23-mayo-2021.jpeg\" \/>\n\t<meta property=\"og:image:width\" content=\"1100\" \/>\n\t<meta property=\"og:image:height\" content=\"733\" \/>\n\t<meta property=\"og:image:type\" content=\"image\/jpeg\" \/>\n<meta name=\"author\" content=\"Exaudi Redazione\" \/>\n<meta name=\"twitter:card\" content=\"summary_large_image\" \/>\n<meta name=\"twitter:creator\" content=\"@Exaudi_Notizie\" \/>\n<meta name=\"twitter:site\" content=\"@Exaudi_News\" \/>\n<meta name=\"twitter:label1\" content=\"Scritto da\" \/>\n\t<meta name=\"twitter:data1\" content=\"Exaudi Redazione\" \/>\n\t<meta name=\"twitter:label2\" content=\"Tempo di lettura stimato\" \/>\n\t<meta name=\"twitter:data2\" content=\"6 minuti\" \/>\n<script type=\"application\/ld+json\" class=\"yoast-schema-graph\">{\"@context\":\"https:\\\/\\\/schema.org\",\"@graph\":[{\"@type\":\"Article\",\"@id\":\"https:\\\/\\\/exaudi.org\\\/it\\\/francesco-prega-per-lunita-dei-fedeli-in-cina\\\/#article\",\"isPartOf\":{\"@id\":\"https:\\\/\\\/exaudi.org\\\/it\\\/francesco-prega-per-lunita-dei-fedeli-in-cina\\\/\"},\"author\":{\"name\":\"Exaudi Redazione\",\"@id\":\"https:\\\/\\\/exaudi.org\\\/#\\\/schema\\\/person\\\/e1ab6ed07c01774724dd96f925f3a5f0\"},\"headline\":\"Francesco prega per l&#8217;unit\u00e0 dei fedeli in Cina\",\"datePublished\":\"2021-05-23T14:13:53+00:00\",\"dateModified\":\"2021-05-25T03:39:05+00:00\",\"mainEntityOfPage\":{\"@id\":\"https:\\\/\\\/exaudi.org\\\/it\\\/francesco-prega-per-lunita-dei-fedeli-in-cina\\\/\"},\"wordCount\":1326,\"image\":{\"@id\":\"https:\\\/\\\/exaudi.org\\\/it\\\/francesco-prega-per-lunita-dei-fedeli-in-cina\\\/#primaryimage\"},\"thumbnailUrl\":\"https:\\\/\\\/exaudi.org\\\/wp-content\\\/uploads\\\/2021\\\/05\\\/Regina-Coeli-23-mayo-2021.jpeg\",\"keywords\":[\"Cina\",\"Colombia\",\"Featured\",\"Papa Francesco\",\"salesiani\",\"Spirito Santo\"],\"articleSection\":[\"Featured News\",\"Leone XIV\",\"Regina Coeli\",\"Ultime Notizie\"],\"inLanguage\":\"it-IT\"},{\"@type\":\"WebPage\",\"@id\":\"https:\\\/\\\/exaudi.org\\\/it\\\/francesco-prega-per-lunita-dei-fedeli-in-cina\\\/\",\"url\":\"https:\\\/\\\/exaudi.org\\\/it\\\/francesco-prega-per-lunita-dei-fedeli-in-cina\\\/\",\"name\":\"Francesco prega per l'unit\u00e0 dei fedeli in Cina &#8211; Exaudi\",\"isPartOf\":{\"@id\":\"https:\\\/\\\/exaudi.org\\\/#website\"},\"primaryImageOfPage\":{\"@id\":\"https:\\\/\\\/exaudi.org\\\/it\\\/francesco-prega-per-lunita-dei-fedeli-in-cina\\\/#primaryimage\"},\"image\":{\"@id\":\"https:\\\/\\\/exaudi.org\\\/it\\\/francesco-prega-per-lunita-dei-fedeli-in-cina\\\/#primaryimage\"},\"thumbnailUrl\":\"https:\\\/\\\/exaudi.org\\\/wp-content\\\/uploads\\\/2021\\\/05\\\/Regina-Coeli-23-mayo-2021.jpeg\",\"datePublished\":\"2021-05-23T14:13:53+00:00\",\"dateModified\":\"2021-05-25T03:39:05+00:00\",\"author\":{\"@id\":\"https:\\\/\\\/exaudi.org\\\/#\\\/schema\\\/person\\\/e1ab6ed07c01774724dd96f925f3a5f0\"},\"description\":\"Dopo il Regina Coeli di Pentecoste, in cui ha ricordato l'azione dello Spirito Santo nei cuori, il Papa ha pregato per la Cina e la Colombia\",\"breadcrumb\":{\"@id\":\"https:\\\/\\\/exaudi.org\\\/it\\\/francesco-prega-per-lunita-dei-fedeli-in-cina\\\/#breadcrumb\"},\"inLanguage\":\"it-IT\",\"potentialAction\":[{\"@type\":\"ReadAction\",\"target\":[\"https:\\\/\\\/exaudi.org\\\/it\\\/francesco-prega-per-lunita-dei-fedeli-in-cina\\\/\"]}]},{\"@type\":\"ImageObject\",\"inLanguage\":\"it-IT\",\"@id\":\"https:\\\/\\\/exaudi.org\\\/it\\\/francesco-prega-per-lunita-dei-fedeli-in-cina\\\/#primaryimage\",\"url\":\"https:\\\/\\\/exaudi.org\\\/wp-content\\\/uploads\\\/2021\\\/05\\\/Regina-Coeli-23-mayo-2021.jpeg\",\"contentUrl\":\"https:\\\/\\\/exaudi.org\\\/wp-content\\\/uploads\\\/2021\\\/05\\\/Regina-Coeli-23-mayo-2021.jpeg\",\"width\":1100,\"height\":733,\"caption\":\"Il Papa durante il Regina Coeli \u00a9 Vatican Media\"},{\"@type\":\"BreadcrumbList\",\"@id\":\"https:\\\/\\\/exaudi.org\\\/it\\\/francesco-prega-per-lunita-dei-fedeli-in-cina\\\/#breadcrumb\",\"itemListElement\":[{\"@type\":\"ListItem\",\"position\":1,\"name\":\"Portada\",\"item\":\"https:\\\/\\\/exaudi.org\\\/it\\\/\"},{\"@type\":\"ListItem\",\"position\":2,\"name\":\"Francesco prega per l&#8217;unit\u00e0 dei fedeli in Cina\"}]},{\"@type\":\"WebSite\",\"@id\":\"https:\\\/\\\/exaudi.org\\\/#website\",\"url\":\"https:\\\/\\\/exaudi.org\\\/\",\"name\":\"Exaudi\",\"description\":\"News\",\"potentialAction\":[{\"@type\":\"SearchAction\",\"target\":{\"@type\":\"EntryPoint\",\"urlTemplate\":\"https:\\\/\\\/exaudi.org\\\/?s={search_term_string}\"},\"query-input\":{\"@type\":\"PropertyValueSpecification\",\"valueRequired\":true,\"valueName\":\"search_term_string\"}}],\"inLanguage\":\"it-IT\"},{\"@type\":\"Person\",\"@id\":\"https:\\\/\\\/exaudi.org\\\/#\\\/schema\\\/person\\\/e1ab6ed07c01774724dd96f925f3a5f0\",\"name\":\"Exaudi Redazione\",\"image\":{\"@type\":\"ImageObject\",\"inLanguage\":\"it-IT\",\"@id\":\"https:\\\/\\\/secure.gravatar.com\\\/avatar\\\/ad6774b3ada023bf5b939d64f45c94b3adf91502dd883507d469b4308a943bb3?s=96&d=mm&r=g\",\"url\":\"https:\\\/\\\/secure.gravatar.com\\\/avatar\\\/ad6774b3ada023bf5b939d64f45c94b3adf91502dd883507d469b4308a943bb3?s=96&d=mm&r=g\",\"contentUrl\":\"https:\\\/\\\/secure.gravatar.com\\\/avatar\\\/ad6774b3ada023bf5b939d64f45c94b3adf91502dd883507d469b4308a943bb3?s=96&d=mm&r=g\",\"caption\":\"Exaudi Redazione\"},\"description\":\"Che cosa \u00e8 Exaudi News? Exaudi News \u00e8 un agenzia cattolica internazionale che informa, istruisce e trasforma quotidianamente in spagnolo, inglese e italiano. Attraverso notizie, articoli di analisi e trasmissioni in diretta degli eventi del Papa, Exaudi cerca di rafforzare l'unit\u00e0 dei cristiani e di contribuire all'evangelizzazione del mondo, sempre guidato dalla dottrina sociale della Chiesa. Lavoriamo per portare la verit\u00e0 e i valori cristiani in ogni angolo del pianeta. Aiutaci a trasformare il mondo con Exaudi! Noi di Exaudi crediamo che l'evangelizzazione e l'informazione di qualit\u00e0 possano cambiare la vita. Per continuare la nostra missione ed espandere la nostra portata, abbiamo bisogno del tuo aiuto. Stiamo anche cercando persone motivate che vogliano unirsi al nostro team. Grazie al vostro sostegno raggiungeremo pi\u00f9 persone, diffonderemo il messaggio di Cristo e rafforzeremo l'unit\u00e0 dei cristiani. Vuoi unirti alla nostra missione? Per maggiori informazioni su come contribuire, visita Exaudi.org\\\/it o contattaci direttamente: info@exaudi.org Exaudi: informa, forma e trasforma.\",\"sameAs\":[\"https:\\\/\\\/www.facebook.com\\\/ExaudiNotizie\\\/\",\"https:\\\/\\\/www.instagram.com\\\/Exaudi_notizie\\\/\",\"https:\\\/\\\/x.com\\\/Exaudi_Notizie\",\"https:\\\/\\\/www.youtube.com\\\/@exaudicatholicnews\"],\"url\":\"https:\\\/\\\/exaudi.org\\\/it\\\/author\\\/dlvedi-org\\\/\"}]}<\/script>\n<!-- \/ Yoast SEO plugin. -->","yoast_head_json":{"title":"Francesco prega per l'unit\u00e0 dei fedeli in Cina &#8211; Exaudi","description":"Dopo il Regina Coeli di Pentecoste, in cui ha ricordato l'azione dello Spirito Santo nei cuori, il Papa ha pregato per la Cina e la Colombia","robots":{"index":"index","follow":"follow","max-snippet":"max-snippet:-1","max-image-preview":"max-image-preview:large","max-video-preview":"max-video-preview:-1"},"canonical":"https:\/\/exaudi.org\/it\/francesco-prega-per-lunita-dei-fedeli-in-cina\/","og_locale":"it_IT","og_type":"article","og_title":"Francesco prega per l'unit\u00e0 dei fedeli in Cina &#8211; Exaudi","og_description":"Dopo il Regina Coeli di Pentecoste, in cui ha ricordato l'azione dello Spirito Santo nei cuori, il Papa ha pregato per la Cina e la Colombia","og_url":"https:\/\/exaudi.org\/it\/francesco-prega-per-lunita-dei-fedeli-in-cina\/","og_site_name":"Exaudi","article_publisher":"https:\/\/www.facebook.com\/ExaudiNews","article_author":"https:\/\/www.facebook.com\/ExaudiNotizie\/","article_published_time":"2021-05-23T14:13:53+00:00","article_modified_time":"2021-05-25T03:39:05+00:00","og_image":[{"width":1100,"height":733,"url":"https:\/\/exaudi.org\/wp-content\/uploads\/2021\/05\/Regina-Coeli-23-mayo-2021.jpeg","type":"image\/jpeg"}],"author":"Exaudi Redazione","twitter_card":"summary_large_image","twitter_creator":"@Exaudi_Notizie","twitter_site":"@Exaudi_News","twitter_misc":{"Scritto da":"Exaudi Redazione","Tempo di lettura stimato":"6 minuti"},"schema":{"@context":"https:\/\/schema.org","@graph":[{"@type":"Article","@id":"https:\/\/exaudi.org\/it\/francesco-prega-per-lunita-dei-fedeli-in-cina\/#article","isPartOf":{"@id":"https:\/\/exaudi.org\/it\/francesco-prega-per-lunita-dei-fedeli-in-cina\/"},"author":{"name":"Exaudi Redazione","@id":"https:\/\/exaudi.org\/#\/schema\/person\/e1ab6ed07c01774724dd96f925f3a5f0"},"headline":"Francesco prega per l&#8217;unit\u00e0 dei fedeli in Cina","datePublished":"2021-05-23T14:13:53+00:00","dateModified":"2021-05-25T03:39:05+00:00","mainEntityOfPage":{"@id":"https:\/\/exaudi.org\/it\/francesco-prega-per-lunita-dei-fedeli-in-cina\/"},"wordCount":1326,"image":{"@id":"https:\/\/exaudi.org\/it\/francesco-prega-per-lunita-dei-fedeli-in-cina\/#primaryimage"},"thumbnailUrl":"https:\/\/exaudi.org\/wp-content\/uploads\/2021\/05\/Regina-Coeli-23-mayo-2021.jpeg","keywords":["Cina","Colombia","Featured","Papa Francesco","salesiani","Spirito Santo"],"articleSection":["Featured News","Leone XIV","Regina Coeli","Ultime Notizie"],"inLanguage":"it-IT"},{"@type":"WebPage","@id":"https:\/\/exaudi.org\/it\/francesco-prega-per-lunita-dei-fedeli-in-cina\/","url":"https:\/\/exaudi.org\/it\/francesco-prega-per-lunita-dei-fedeli-in-cina\/","name":"Francesco prega per l'unit\u00e0 dei fedeli in Cina &#8211; Exaudi","isPartOf":{"@id":"https:\/\/exaudi.org\/#website"},"primaryImageOfPage":{"@id":"https:\/\/exaudi.org\/it\/francesco-prega-per-lunita-dei-fedeli-in-cina\/#primaryimage"},"image":{"@id":"https:\/\/exaudi.org\/it\/francesco-prega-per-lunita-dei-fedeli-in-cina\/#primaryimage"},"thumbnailUrl":"https:\/\/exaudi.org\/wp-content\/uploads\/2021\/05\/Regina-Coeli-23-mayo-2021.jpeg","datePublished":"2021-05-23T14:13:53+00:00","dateModified":"2021-05-25T03:39:05+00:00","author":{"@id":"https:\/\/exaudi.org\/#\/schema\/person\/e1ab6ed07c01774724dd96f925f3a5f0"},"description":"Dopo il Regina Coeli di Pentecoste, in cui ha ricordato l'azione dello Spirito Santo nei cuori, il Papa ha pregato per la Cina e la Colombia","breadcrumb":{"@id":"https:\/\/exaudi.org\/it\/francesco-prega-per-lunita-dei-fedeli-in-cina\/#breadcrumb"},"inLanguage":"it-IT","potentialAction":[{"@type":"ReadAction","target":["https:\/\/exaudi.org\/it\/francesco-prega-per-lunita-dei-fedeli-in-cina\/"]}]},{"@type":"ImageObject","inLanguage":"it-IT","@id":"https:\/\/exaudi.org\/it\/francesco-prega-per-lunita-dei-fedeli-in-cina\/#primaryimage","url":"https:\/\/exaudi.org\/wp-content\/uploads\/2021\/05\/Regina-Coeli-23-mayo-2021.jpeg","contentUrl":"https:\/\/exaudi.org\/wp-content\/uploads\/2021\/05\/Regina-Coeli-23-mayo-2021.jpeg","width":1100,"height":733,"caption":"Il Papa durante il Regina Coeli \u00a9 Vatican Media"},{"@type":"BreadcrumbList","@id":"https:\/\/exaudi.org\/it\/francesco-prega-per-lunita-dei-fedeli-in-cina\/#breadcrumb","itemListElement":[{"@type":"ListItem","position":1,"name":"Portada","item":"https:\/\/exaudi.org\/it\/"},{"@type":"ListItem","position":2,"name":"Francesco prega per l&#8217;unit\u00e0 dei fedeli in Cina"}]},{"@type":"WebSite","@id":"https:\/\/exaudi.org\/#website","url":"https:\/\/exaudi.org\/","name":"Exaudi","description":"News","potentialAction":[{"@type":"SearchAction","target":{"@type":"EntryPoint","urlTemplate":"https:\/\/exaudi.org\/?s={search_term_string}"},"query-input":{"@type":"PropertyValueSpecification","valueRequired":true,"valueName":"search_term_string"}}],"inLanguage":"it-IT"},{"@type":"Person","@id":"https:\/\/exaudi.org\/#\/schema\/person\/e1ab6ed07c01774724dd96f925f3a5f0","name":"Exaudi Redazione","image":{"@type":"ImageObject","inLanguage":"it-IT","@id":"https:\/\/secure.gravatar.com\/avatar\/ad6774b3ada023bf5b939d64f45c94b3adf91502dd883507d469b4308a943bb3?s=96&d=mm&r=g","url":"https:\/\/secure.gravatar.com\/avatar\/ad6774b3ada023bf5b939d64f45c94b3adf91502dd883507d469b4308a943bb3?s=96&d=mm&r=g","contentUrl":"https:\/\/secure.gravatar.com\/avatar\/ad6774b3ada023bf5b939d64f45c94b3adf91502dd883507d469b4308a943bb3?s=96&d=mm&r=g","caption":"Exaudi Redazione"},"description":"Che cosa \u00e8 Exaudi News? Exaudi News \u00e8 un agenzia cattolica internazionale che informa, istruisce e trasforma quotidianamente in spagnolo, inglese e italiano. Attraverso notizie, articoli di analisi e trasmissioni in diretta degli eventi del Papa, Exaudi cerca di rafforzare l'unit\u00e0 dei cristiani e di contribuire all'evangelizzazione del mondo, sempre guidato dalla dottrina sociale della Chiesa. Lavoriamo per portare la verit\u00e0 e i valori cristiani in ogni angolo del pianeta. Aiutaci a trasformare il mondo con Exaudi! Noi di Exaudi crediamo che l'evangelizzazione e l'informazione di qualit\u00e0 possano cambiare la vita. Per continuare la nostra missione ed espandere la nostra portata, abbiamo bisogno del tuo aiuto. Stiamo anche cercando persone motivate che vogliano unirsi al nostro team. Grazie al vostro sostegno raggiungeremo pi\u00f9 persone, diffonderemo il messaggio di Cristo e rafforzeremo l'unit\u00e0 dei cristiani. Vuoi unirti alla nostra missione? Per maggiori informazioni su come contribuire, visita Exaudi.org\/it o contattaci direttamente: info@exaudi.org Exaudi: informa, forma e trasforma.","sameAs":["https:\/\/www.facebook.com\/ExaudiNotizie\/","https:\/\/www.instagram.com\/Exaudi_notizie\/","https:\/\/x.com\/Exaudi_Notizie","https:\/\/www.youtube.com\/@exaudicatholicnews"],"url":"https:\/\/exaudi.org\/it\/author\/dlvedi-org\/"}]}},"jetpack_featured_media_url":"https:\/\/exaudi.org\/wp-content\/uploads\/2021\/05\/Regina-Coeli-23-mayo-2021.jpeg","jetpack_shortlink":"https:\/\/wp.me\/pgKjF2-4NM","_links":{"self":[{"href":"https:\/\/exaudi.org\/it\/wp-json\/wp\/v2\/posts\/18462","targetHints":{"allow":["GET"]}}],"collection":[{"href":"https:\/\/exaudi.org\/it\/wp-json\/wp\/v2\/posts"}],"about":[{"href":"https:\/\/exaudi.org\/it\/wp-json\/wp\/v2\/types\/post"}],"author":[{"embeddable":true,"href":"https:\/\/exaudi.org\/it\/wp-json\/wp\/v2\/users\/17"}],"replies":[{"embeddable":true,"href":"https:\/\/exaudi.org\/it\/wp-json\/wp\/v2\/comments?post=18462"}],"version-history":[{"count":0,"href":"https:\/\/exaudi.org\/it\/wp-json\/wp\/v2\/posts\/18462\/revisions"}],"wp:featuredmedia":[{"embeddable":true,"href":"https:\/\/exaudi.org\/it\/wp-json\/wp\/v2\/media\/18452"}],"wp:attachment":[{"href":"https:\/\/exaudi.org\/it\/wp-json\/wp\/v2\/media?parent=18462"}],"wp:term":[{"taxonomy":"category","embeddable":true,"href":"https:\/\/exaudi.org\/it\/wp-json\/wp\/v2\/categories?post=18462"},{"taxonomy":"post_tag","embeddable":true,"href":"https:\/\/exaudi.org\/it\/wp-json\/wp\/v2\/tags?post=18462"}],"curies":[{"name":"wp","href":"https:\/\/api.w.org\/{rel}","templated":true}]}}