{"id":184037,"date":"2026-09-05T16:14:57","date_gmt":"2026-09-05T14:14:57","guid":{"rendered":"https:\/\/exaudi.org\/?p=184037"},"modified":"2026-09-05T16:14:57","modified_gmt":"2026-09-05T14:14:57","slug":"vivere-nellamore","status":"publish","type":"post","link":"https:\/\/exaudi.org\/it\/vivere-nellamore\/","title":{"rendered":"Vivere nell&#8217;amore"},"content":{"rendered":"<p><span dir=\"auto\" style=\"vertical-align: inherit\"><span dir=\"auto\" style=\"vertical-align: inherit\">Hai mai pensato se ti piacerebbe vivere\u00a0 <\/span><\/span><strong><u><span dir=\"auto\" style=\"vertical-align: inherit\"><span dir=\"auto\" style=\"vertical-align: inherit\">per sempre<\/span><\/span><\/u><\/strong><span dir=\"auto\" style=\"vertical-align: inherit\"><span dir=\"auto\" style=\"vertical-align: inherit\"> \u00a0innamorato? Come sarebbe essere innamorato per il resto dei tuoi giorni? Se l&#8217;idea ti attrae, ho una proposta per te.<\/span><\/span><\/p>\n<p><span dir=\"auto\" style=\"vertical-align: inherit\"><span dir=\"auto\" style=\"vertical-align: inherit\">Innanzitutto, definiamo i termini. Quanto sei disposto a pagare? Ti offro la possibilit\u00e0 di trascorrere ogni singolo giorno del resto della tua vita innamorato. Quanto pensi che valga?<\/span><\/span><\/p>\n<p><span dir=\"auto\" style=\"vertical-align: inherit\"><span dir=\"auto\" style=\"vertical-align: inherit\">Non ti sto chiedendo quanto puoi pagare; molto probabilmente, se ci pensi bene, non hai abbastanza per concludere l&#8217;affare. Ma lascia perdere se puoi o non puoi; dimmi solo, quanto pensi che valga la possibilit\u00e0 di vivere innamorati per il resto dei tuoi giorni?<\/span><\/span><\/p>\n<p><span dir=\"auto\" style=\"vertical-align: inherit\"><span dir=\"auto\" style=\"vertical-align: inherit\">Probabilmente avete calcolato una cifra complessiva, un totale per l&#8217;affare, che molto probabilmente sar\u00e0 &#8220;zero&#8221; o una somma astronomica, il che ci porta su un piano molto astratto. Scendiamo su un terreno pi\u00f9 concreto e pensiamo a una cifra giornaliera.<\/span><\/span><\/p>\n<p><span dir=\"auto\" style=\"vertical-align: inherit\"><span dir=\"auto\" style=\"vertical-align: inherit\">Quanto saresti disposto a pagare ogni giorno per vivere completamente innamorato? Ma attenzione,\u00a0 <\/span><\/span><u><span dir=\"auto\" style=\"vertical-align: inherit\"><span dir=\"auto\" style=\"vertical-align: inherit\">non si torna indietro<\/span><\/span><\/u><span dir=\"auto\" style=\"vertical-align: inherit\"><span dir=\"auto\" style=\"vertical-align: inherit\"> . Se accetti, dovrai pagare ogni singolo giorno. Dire &#8220;Mi sono stancato&#8221; o &#8220;Mi arrendo&#8221; in seguito non \u00e8 un&#8217;opzione. L&#8217;accordo \u00e8 per la vita. E ricorda, non mi interessa sapere quanto puoi pagare, ma quanto pensi che dovrebbe costare.<\/span><\/span><\/p>\n<p><span dir=\"auto\" style=\"vertical-align: inherit\"><span dir=\"auto\" style=\"vertical-align: inherit\">Quanto al giorno? Lo sai gi\u00e0? Hai gi\u00e0 la cifra? Bene. Ora lascia che ti metta le cose in mano.<\/span><\/span><\/p>\n<p><span dir=\"auto\" style=\"vertical-align: inherit\"><span dir=\"auto\" style=\"vertical-align: inherit\">Non ti chieder\u00f2 di pagarmi quella somma, non preoccuparti, la pagher\u00f2 io stesso.<\/span><\/span><\/p>\n<p><span dir=\"auto\" style=\"vertical-align: inherit\"><span dir=\"auto\" style=\"vertical-align: inherit\">Non male, vero? Ogni giorno ti pagher\u00f2 quella cifra a cui hai pensato, e te ne innamorerai. L&#8217;affare non potrebbe essere migliore. Probabilmente stai pensando che c&#8217;\u00e8 una fregatura. NO, non c&#8217;\u00e8 nessuna fregatura. Ma dobbiamo ancora capire qual \u00e8 il tuo ruolo in questo accordo.<\/span><\/span><\/p>\n<p><span dir=\"auto\" style=\"vertical-align: inherit\"><span dir=\"auto\" style=\"vertical-align: inherit\">Se devo pagarti la somma che hai stabilito, quella che ritieni valga l&#8217;amore per ogni giorno della tua vita, dovrai fare qualcosa in cambio.<\/span><\/span><\/p>\n<p><span dir=\"auto\" style=\"vertical-align: inherit\"><span dir=\"auto\" style=\"vertical-align: inherit\">Cosa faresti per quei soldi? Cosa saresti disposto a fare per una somma del genere?<\/span><\/span><\/p>\n<p><span dir=\"auto\" style=\"vertical-align: inherit\"><span dir=\"auto\" style=\"vertical-align: inherit\">Se ti dessi quei soldi, accetteresti di saltare la palestra o il campo da padel quando lui o lei ti chiede di restare a casa? Accetteresti di passare l&#8217;intera giornata senza lamentarti, cercando di rendere la vita il pi\u00f9 piacevole possibile per tutti quelli che ti circondano? Per quella somma, faresti tutto ci\u00f2 che la persona di cui vuoi innamorarti ti chiede senza protestare? Se ti dessi quello che dici che costa essere innamorati, saresti disposto\/a a smettere di tenere il conto di tutto ci\u00f2 che la persona di cui vuoi innamorarti smette di fare per te?<\/span><\/span><\/p>\n<p><span dir=\"auto\" style=\"vertical-align: inherit\"><span dir=\"auto\" style=\"vertical-align: inherit\">Se la tua risposta \u00e8 s\u00ec, se per quei soldi saresti disposto a fare qualsiasi cosa, FALLO!<\/span><\/span><\/p>\n<p><span dir=\"auto\" style=\"vertical-align: inherit\"><span dir=\"auto\" style=\"vertical-align: inherit\">Di certo non ti dar\u00f2 un centesimo. Ma sei tu che hai dato un prezzo al &#8220;vivere innamorato ogni giorno per il resto della mia vita&#8221;, e hai deciso che per quei soldi sei disposto a fare qualsiasi cosa. Bene, fallo.<\/span><\/span><\/p>\n<p><span dir=\"auto\" style=\"vertical-align: inherit\"><span dir=\"auto\" style=\"vertical-align: inherit\">Se non sei disposto a farlo perch\u00e9 non ci sono soldi di mezzo, allora non vuoi vivere innamorato ogni giorno, vuoi i soldi.<\/span><\/span><\/p>\n<p><span dir=\"auto\" style=\"vertical-align: inherit\"><span dir=\"auto\" style=\"vertical-align: inherit\">Oppure desideri vivere innamorato ogni giorno della tua vita, ma non fai nulla per far s\u00ec che accada? Semplicemente perch\u00e9 s\u00ec.<\/span><\/span><\/p>\n<p><span dir=\"auto\" style=\"vertical-align: inherit\"><span dir=\"auto\" style=\"vertical-align: inherit\">Oppure forse sei disposto a vivere innamorato ogni giorno, a patto che l&#8217;altra persona faccia ci\u00f2 che desideri: ti dia le coccole che tanto ti piacciono, &#8220;apprezzi tutto ci\u00f2 che fai&#8221;, ti ascolti quando hai bisogno di parlare, sappia darti &#8220;il tuo spazio&#8221;, abbia gesti premurosi, ecc.<\/span><\/span><\/p>\n<p><span dir=\"auto\" style=\"vertical-align: inherit\"><span dir=\"auto\" style=\"vertical-align: inherit\">In tal caso, sei disposto a vivere nell&#8217;amore solo se ricevi qualcosa in cambio.<\/span><\/span><\/p>\n<p><span dir=\"auto\" style=\"vertical-align: inherit\"><span dir=\"auto\" style=\"vertical-align: inherit\">Il mio punto \u00e8 che TU viva nell&#8217;amore ogni giorno della tua vita, non che i tuoi sentimenti siano ricambiati o che l&#8217;altra persona si comporti in modo reciproco. Per questo non c&#8217;\u00e8 accordo n\u00e9 denaro da guadagnare.<\/span><\/span><\/p>\n<p><span dir=\"auto\" style=\"vertical-align: inherit\"><span dir=\"auto\" style=\"vertical-align: inherit\">Non ho mai detto che saresti stato felice. Se riuscirai a vivere nell&#8217;amore ogni giorno, molto probabilmente avrai molti momenti felici, ma avrai anche momenti di sofferenza.<\/span><\/span><\/p>\n<p><span dir=\"auto\" style=\"vertical-align: inherit\"><span dir=\"auto\" style=\"vertical-align: inherit\">E senza ombra di dubbio, questo ve lo posso garantire, dovrete fare molti sacrifici.<\/span><\/span><\/p>\n<p><span dir=\"auto\" style=\"vertical-align: inherit\"><span dir=\"auto\" style=\"vertical-align: inherit\">Santa Teresa di Calcutta ci ha gi\u00e0 insegnato: &#8220;L&#8217;amore cresce con i sacrifici&#8221;.<\/span><\/span><\/p>\n<p><span dir=\"auto\" style=\"vertical-align: inherit\"><span dir=\"auto\" style=\"vertical-align: inherit\">Se non sei disposto a fare sacrifici, non sei\u00a0 <\/span><\/span><u><span dir=\"auto\" style=\"vertical-align: inherit\"><span dir=\"auto\" style=\"vertical-align: inherit\">affatto<\/span><\/span><\/u><span dir=\"auto\" style=\"vertical-align: inherit\"><span dir=\"auto\" style=\"vertical-align: inherit\"> \u00a0disposto a vivere nell&#8217;amore.<\/span><\/span><\/p>\n<p><span dir=\"auto\" style=\"vertical-align: inherit\"><span dir=\"auto\" style=\"vertical-align: inherit\">Guarda, non c&#8217;\u00e8 somma di denaro al mondo che possa ripagare l&#8217;amore per la vita ogni singolo giorno. NESSUN DENARO PU\u00d2. \u00c8 la cosa pi\u00f9 meravigliosa che possa capitarti, ma non succede per caso.<\/span><\/span><\/p>\n<p><span dir=\"auto\" style=\"vertical-align: inherit\"><span dir=\"auto\" style=\"vertical-align: inherit\">Se intendi vivere innamorato ogni giorno senza fare nulla, prima o poi dirai &#8220;Non provo pi\u00f9 le stesse emozioni&#8221; o addirittura &#8220;Non provo pi\u00f9 niente&#8221;.<\/span><\/span><\/p>\n<p><span dir=\"auto\" style=\"vertical-align: inherit\"><span dir=\"auto\" style=\"vertical-align: inherit\">Certo! L&#8217;amore non \u00e8 solo un sentimento (per fortuna!). \u00c8 una decisione che va messa in pratica. Non solo un giorno, ma ogni giorno. Ogni singolo giorno.<\/span><\/span><\/p>\n<p><span dir=\"auto\" style=\"vertical-align: inherit\"><span dir=\"auto\" style=\"vertical-align: inherit\">Se pensi che essere innamorati richieda che l&#8217;altra persona ricambi i tuoi sentimenti, si comporti come vuoi tu o soddisfi i TUOI standard, o se credi che accadr\u00e0 semplicemente perch\u00e9 un giorno hai detto &#8220;s\u00ec&#8221;, perdonami se te lo dico,\u00a0 ma <\/span><\/span><strong><span dir=\"auto\" style=\"vertical-align: inherit\"><span dir=\"auto\" style=\"vertical-align: inherit\">sei molto immaturo<\/span><\/span><\/strong><span dir=\"auto\" style=\"vertical-align: inherit\"><span dir=\"auto\" style=\"vertical-align: inherit\"> . Estremamente.<\/span><\/span><\/p>\n<p><span dir=\"auto\" style=\"vertical-align: inherit\"><span dir=\"auto\" style=\"vertical-align: inherit\">Vivere l&#8217;amore ogni giorno dipende da te. Solo da te. Da ci\u00f2 che fai, da quanto ti doni. Pi\u00f9 ti doni, pi\u00f9 ti sentirai innamorato. Se poi sai anche accettare ci\u00f2 che l&#8217;altro ti dona, senza aspettartelo, senza giudicare se dona troppo o troppo poco, senza trovare difetti in nulla, allora preparati a innumerevoli momenti di felicit\u00e0.<\/span><\/span><\/p>\n<p><span dir=\"auto\" style=\"vertical-align: inherit\"><span dir=\"auto\" style=\"vertical-align: inherit\">Vuoi sentirti innamorato ogni giorno? Concentrati su ci\u00f2 che non dai e smetti di concentrarti su ci\u00f2 che l&#8217;altra persona non ti d\u00e0.<\/span><\/span><\/p>\n<p><span dir=\"auto\" style=\"vertical-align: inherit\"><span dir=\"auto\" style=\"vertical-align: inherit\">Mi dispiace, non posso raggiungere un accordo con te. N\u00e9 tu n\u00e9 io abbiamo i fondi necessari. Nemmeno tutti i soldi di quelli che sono nella lista di Forbes basterebbero. Ma puoi fare un patto con te stesso: puoi decidere di vivere nell&#8217;amore ogni giorno della tua vita e donarti completamente, apprezzando ogni gesto, ogni sguardo, tutto ci\u00f2 che la persona che ami tanto fa (che sia tanto o poco) per quello che \u00e8: un dono.\u00a0 <\/span><\/span><strong><span dir=\"auto\" style=\"vertical-align: inherit\"><span dir=\"auto\" style=\"vertical-align: inherit\">Funziona<\/span><\/span><\/strong><span dir=\"auto\" style=\"vertical-align: inherit\"><span dir=\"auto\" style=\"vertical-align: inherit\"> .<\/span><\/span><\/p>\n","protected":false},"excerpt":{"rendered":"<p>Santa Teresa di Calcutta: &#8220;L&#8217;amore cresce con i sacrifici&#8221;<\/p>\n","protected":false},"author":113,"featured_media":184038,"comment_status":"closed","ping_status":"closed","sticky":false,"template":"","format":"standard","meta":{"_acf_changed":false,"inline_featured_image":false,"_wpcom_ai_launchpad_first_post":false,"footnotes":"","jetpack_post_was_ever_published":false},"categories":[129],"tags":[1752,121595,121594,13413,11143,64787,4952],"class_list":["post-184037","post","type-post","status-publish","format-standard","has-post-thumbnail","hentry","category-voci","tag-amore","tag-devoto","tag-innamorato","tag-nacho-calderon-castro-2","tag-santa-teresa-di-calcutta","tag-trending-it-236","tag-trending-it"],"acf":[],"yoast_head":"<!-- This site is optimized with the Yoast SEO plugin v28.4 - https:\/\/yoast.com\/product\/yoast-seo-wordpress\/ -->\n<title>Vivere nell&#039;amore &#8211; Exaudi<\/title>\n<meta name=\"robots\" content=\"index, follow, max-snippet:-1, max-image-preview:large, max-video-preview:-1\" \/>\n<link rel=\"canonical\" href=\"https:\/\/exaudi.org\/it\/vivere-nellamore\/\" \/>\n<meta property=\"og:locale\" content=\"it_IT\" \/>\n<meta property=\"og:type\" content=\"article\" \/>\n<meta property=\"og:title\" content=\"Vivere nell&#039;amore &#8211; Exaudi\" \/>\n<meta property=\"og:description\" content=\"Santa Teresa di Calcutta: &quot;L&#039;amore cresce con i sacrifici&quot;\" \/>\n<meta property=\"og:url\" content=\"https:\/\/exaudi.org\/it\/vivere-nellamore\/\" \/>\n<meta property=\"og:site_name\" content=\"Exaudi\" \/>\n<meta property=\"article:publisher\" content=\"https:\/\/www.facebook.com\/ExaudiNews\" \/>\n<meta property=\"article:published_time\" content=\"2026-09-05T14:14:57+00:00\" \/>\n<meta property=\"og:image\" content=\"https:\/\/exaudi.org\/wp-content\/uploads\/2026\/09\/1-1.webp\" \/>\n\t<meta property=\"og:image:width\" content=\"1024\" \/>\n\t<meta property=\"og:image:height\" content=\"656\" \/>\n\t<meta property=\"og:image:type\" content=\"image\/webp\" \/>\n<meta name=\"author\" content=\"Nacho Calder\u00f3n Castro\" \/>\n<meta name=\"twitter:card\" content=\"summary_large_image\" \/>\n<meta name=\"twitter:creator\" content=\"@Exaudi_News\" \/>\n<meta name=\"twitter:site\" content=\"@Exaudi_News\" \/>\n<meta name=\"twitter:label1\" content=\"Scritto da\" \/>\n\t<meta name=\"twitter:data1\" content=\"Nacho Calder\u00f3n Castro\" \/>\n\t<meta name=\"twitter:label2\" content=\"Tempo di lettura stimato\" \/>\n\t<meta name=\"twitter:data2\" content=\"5 minuti\" \/>\n<script type=\"application\/ld+json\" class=\"yoast-schema-graph\">{\"@context\":\"https:\\\/\\\/schema.org\",\"@graph\":[{\"@type\":\"Article\",\"@id\":\"https:\\\/\\\/exaudi.org\\\/it\\\/vivere-nellamore\\\/#article\",\"isPartOf\":{\"@id\":\"https:\\\/\\\/exaudi.org\\\/it\\\/vivere-nellamore\\\/\"},\"author\":{\"name\":\"Nacho Calder\u00f3n Castro\",\"@id\":\"https:\\\/\\\/exaudi.org\\\/#\\\/schema\\\/person\\\/81a36269482bc7d6a5a3ab8317a57a2f\"},\"headline\":\"Vivere nell&#8217;amore\",\"datePublished\":\"2026-09-05T14:14:57+00:00\",\"mainEntityOfPage\":{\"@id\":\"https:\\\/\\\/exaudi.org\\\/it\\\/vivere-nellamore\\\/\"},\"wordCount\":986,\"image\":{\"@id\":\"https:\\\/\\\/exaudi.org\\\/it\\\/vivere-nellamore\\\/#primaryimage\"},\"thumbnailUrl\":\"https:\\\/\\\/i0.wp.com\\\/exaudi.org\\\/wp-content\\\/uploads\\\/2026\\\/09\\\/1-1.webp?fit=1024%2C656&ssl=1\",\"keywords\":[\"amore\",\"Devoto\",\"Innamorato\",\"NACHO CALDER\u00d3N CASTRO\",\"SANTA TERESA DI CALCUTTA\",\"Trending\",\"Trending\"],\"articleSection\":[\"Voci\"],\"inLanguage\":\"it-IT\"},{\"@type\":\"WebPage\",\"@id\":\"https:\\\/\\\/exaudi.org\\\/it\\\/vivere-nellamore\\\/\",\"url\":\"https:\\\/\\\/exaudi.org\\\/it\\\/vivere-nellamore\\\/\",\"name\":\"Vivere nell'amore &#8211; Exaudi\",\"isPartOf\":{\"@id\":\"https:\\\/\\\/exaudi.org\\\/#website\"},\"primaryImageOfPage\":{\"@id\":\"https:\\\/\\\/exaudi.org\\\/it\\\/vivere-nellamore\\\/#primaryimage\"},\"image\":{\"@id\":\"https:\\\/\\\/exaudi.org\\\/it\\\/vivere-nellamore\\\/#primaryimage\"},\"thumbnailUrl\":\"https:\\\/\\\/i0.wp.com\\\/exaudi.org\\\/wp-content\\\/uploads\\\/2026\\\/09\\\/1-1.webp?fit=1024%2C656&ssl=1\",\"datePublished\":\"2026-09-05T14:14:57+00:00\",\"author\":{\"@id\":\"https:\\\/\\\/exaudi.org\\\/#\\\/schema\\\/person\\\/81a36269482bc7d6a5a3ab8317a57a2f\"},\"breadcrumb\":{\"@id\":\"https:\\\/\\\/exaudi.org\\\/it\\\/vivere-nellamore\\\/#breadcrumb\"},\"inLanguage\":\"it-IT\",\"potentialAction\":[{\"@type\":\"ReadAction\",\"target\":[\"https:\\\/\\\/exaudi.org\\\/it\\\/vivere-nellamore\\\/\"]}]},{\"@type\":\"ImageObject\",\"inLanguage\":\"it-IT\",\"@id\":\"https:\\\/\\\/exaudi.org\\\/it\\\/vivere-nellamore\\\/#primaryimage\",\"url\":\"https:\\\/\\\/i0.wp.com\\\/exaudi.org\\\/wp-content\\\/uploads\\\/2026\\\/09\\\/1-1.webp?fit=1024%2C656&ssl=1\",\"contentUrl\":\"https:\\\/\\\/i0.wp.com\\\/exaudi.org\\\/wp-content\\\/uploads\\\/2026\\\/09\\\/1-1.webp?fit=1024%2C656&ssl=1\",\"width\":1024,\"height\":656,\"caption\":\"(C) Pexels\"},{\"@type\":\"BreadcrumbList\",\"@id\":\"https:\\\/\\\/exaudi.org\\\/it\\\/vivere-nellamore\\\/#breadcrumb\",\"itemListElement\":[{\"@type\":\"ListItem\",\"position\":1,\"name\":\"Portada\",\"item\":\"https:\\\/\\\/exaudi.org\\\/it\\\/\"},{\"@type\":\"ListItem\",\"position\":2,\"name\":\"Vivere nell&#8217;amore\"}]},{\"@type\":\"WebSite\",\"@id\":\"https:\\\/\\\/exaudi.org\\\/#website\",\"url\":\"https:\\\/\\\/exaudi.org\\\/\",\"name\":\"Exaudi\",\"description\":\"News\",\"potentialAction\":[{\"@type\":\"SearchAction\",\"target\":{\"@type\":\"EntryPoint\",\"urlTemplate\":\"https:\\\/\\\/exaudi.org\\\/?s={search_term_string}\"},\"query-input\":{\"@type\":\"PropertyValueSpecification\",\"valueRequired\":true,\"valueName\":\"search_term_string\"}}],\"inLanguage\":\"it-IT\"},{\"@type\":\"Person\",\"@id\":\"https:\\\/\\\/exaudi.org\\\/#\\\/schema\\\/person\\\/81a36269482bc7d6a5a3ab8317a57a2f\",\"name\":\"Nacho Calder\u00f3n Castro\",\"image\":{\"@type\":\"ImageObject\",\"inLanguage\":\"it-IT\",\"@id\":\"https:\\\/\\\/secure.gravatar.com\\\/avatar\\\/9a83221fb83e62554f576fc80e7b576f2b3f5ebbb98b6adcdf828c6895c6c906?s=96&d=mm&r=g\",\"url\":\"https:\\\/\\\/secure.gravatar.com\\\/avatar\\\/9a83221fb83e62554f576fc80e7b576f2b3f5ebbb98b6adcdf828c6895c6c906?s=96&d=mm&r=g\",\"contentUrl\":\"https:\\\/\\\/secure.gravatar.com\\\/avatar\\\/9a83221fb83e62554f576fc80e7b576f2b3f5ebbb98b6adcdf828c6895c6c906?s=96&d=mm&r=g\",\"caption\":\"Nacho Calder\u00f3n Castro\"},\"description\":\"Nacho es el fundador y director del Instituto de Neuropsicolog\u00eda y Psicopedagog\u00eda Aplicadas (INPA) en Madrid, Espa\u00f1a y forma parte del equipo de Neurological Rehabilitation International Consultants, dirigiendo su centro en Laredo, Texas, tareas que compatibiliza impartiendo conferencias en centros de ense\u00f1anza, desde jardines de infancia hasta universidades. Ha sido colaborador con con el programa de radio La Ma\u00f1ana de COPE, dirigido por Javi Nieves durante los cursos 2012 \u2013 2014 y es profesor del Instituto de Estudios Familiares \u2013 IDEFA. En el a\u00f1o 2013 fue llamado por el Dr. Unruh para continuar su labor en Estados Unidos. Para realizar tal tarea y en reconocimiento a su trayectoria profesional, el gobierno de aquel pa\u00eds le ha concedido el visado 01, otorgado a personas con \u201chabilidades extraordinarias\u201d. Desde mayo de 2017 Nacho ha trasladado esta consulta a Pachuca, en el estado de Hidalgo, en M\u00e9xico, y de ese modo trabaja junto con Iliana Guevara Rivera, con quien comparte una trayectoria profesional desde noviembre de 1992. Nacho Calder\u00f3n atiende por tanto a pacientes en M\u00e9xico a lo largo de tres meses al a\u00f1o \u2013 febrero, junio y octubre -, dedicando ocho meses a la atenci\u00f3n de pacientes en Espa\u00f1a. Licenciado en Psicolog\u00eda, comenz\u00f3 su labor profesional en los Institutos para el Logro del Potencial Humano en Filadelfia, junto con Glenn, Janet y Douglas Doman, donde estuvo durante dos a\u00f1os completos. Durante este periodo atendi\u00f3 a familias en Filadelfia, Fauglia (Italia) y Tokio (Jap\u00f3n). A su regreso a Espa\u00f1a en 1995, fue co-fundador de la asociaci\u00f3n Institutos Fay para la Estimulaci\u00f3n Multisensorial. Nacho trajo el primer Audiokinetron (para el tratamiento B\u00e8rard) que hubo en nuestro pa\u00eds. En 1997 comenz\u00f3 su formaci\u00f3n como evaluador con el m\u00e9todo IRLEN, tras su paso por el IRLEN Center de Helen Irlen en California, se convirti\u00f3 en 1999 en el responsable de dicho m\u00e9todo en la pen\u00ednsula. En el curso de 1997-98, complet\u00f3 su formaci\u00f3n en reflejos primitivos de la mano de Peter Blythe y Sally Goddar. M\u00e1s tarde continuar\u00eda su formaci\u00f3n junto con Kjelt Johansen, Harald Blomberg y Beatriz y Sonia Padovan. Ha sido instructor KUMON durante m\u00e1s de 10 a\u00f1os y ha dado conferencias en B\u00e9lgica, Italia, Alemania y Reino Unido. Nacho ha sido profesor en el Master de dise\u00f1o infantil en espacio y producto del Instituto Europeo de dise\u00f1o y en la actualidad compagina toda su labor cl\u00ednica con la formaci\u00f3n en el Master para la formaci\u00f3n del profesorado de la Universidad Rey Juan Carlos.\",\"sameAs\":[\"https:\\\/\\\/inpa.info\\\/\"],\"url\":\"https:\\\/\\\/exaudi.org\\\/it\\\/author\\\/nacho-calderon-castro\\\/\"}]}<\/script>\n<!-- \/ Yoast SEO plugin. -->","yoast_head_json":{"title":"Vivere nell'amore &#8211; Exaudi","robots":{"index":"index","follow":"follow","max-snippet":"max-snippet:-1","max-image-preview":"max-image-preview:large","max-video-preview":"max-video-preview:-1"},"canonical":"https:\/\/exaudi.org\/it\/vivere-nellamore\/","og_locale":"it_IT","og_type":"article","og_title":"Vivere nell'amore &#8211; Exaudi","og_description":"Santa Teresa di Calcutta: \"L'amore cresce con i sacrifici\"","og_url":"https:\/\/exaudi.org\/it\/vivere-nellamore\/","og_site_name":"Exaudi","article_publisher":"https:\/\/www.facebook.com\/ExaudiNews","article_published_time":"2026-09-05T14:14:57+00:00","og_image":[{"width":1024,"height":656,"url":"https:\/\/exaudi.org\/wp-content\/uploads\/2026\/09\/1-1.webp","type":"image\/webp"}],"author":"Nacho Calder\u00f3n Castro","twitter_card":"summary_large_image","twitter_creator":"@Exaudi_News","twitter_site":"@Exaudi_News","twitter_misc":{"Scritto da":"Nacho Calder\u00f3n Castro","Tempo di lettura stimato":"5 minuti"},"schema":{"@context":"https:\/\/schema.org","@graph":[{"@type":"Article","@id":"https:\/\/exaudi.org\/it\/vivere-nellamore\/#article","isPartOf":{"@id":"https:\/\/exaudi.org\/it\/vivere-nellamore\/"},"author":{"name":"Nacho Calder\u00f3n Castro","@id":"https:\/\/exaudi.org\/#\/schema\/person\/81a36269482bc7d6a5a3ab8317a57a2f"},"headline":"Vivere nell&#8217;amore","datePublished":"2026-09-05T14:14:57+00:00","mainEntityOfPage":{"@id":"https:\/\/exaudi.org\/it\/vivere-nellamore\/"},"wordCount":986,"image":{"@id":"https:\/\/exaudi.org\/it\/vivere-nellamore\/#primaryimage"},"thumbnailUrl":"https:\/\/i0.wp.com\/exaudi.org\/wp-content\/uploads\/2026\/09\/1-1.webp?fit=1024%2C656&ssl=1","keywords":["amore","Devoto","Innamorato","NACHO CALDER\u00d3N CASTRO","SANTA TERESA DI CALCUTTA","Trending","Trending"],"articleSection":["Voci"],"inLanguage":"it-IT"},{"@type":"WebPage","@id":"https:\/\/exaudi.org\/it\/vivere-nellamore\/","url":"https:\/\/exaudi.org\/it\/vivere-nellamore\/","name":"Vivere nell'amore &#8211; Exaudi","isPartOf":{"@id":"https:\/\/exaudi.org\/#website"},"primaryImageOfPage":{"@id":"https:\/\/exaudi.org\/it\/vivere-nellamore\/#primaryimage"},"image":{"@id":"https:\/\/exaudi.org\/it\/vivere-nellamore\/#primaryimage"},"thumbnailUrl":"https:\/\/i0.wp.com\/exaudi.org\/wp-content\/uploads\/2026\/09\/1-1.webp?fit=1024%2C656&ssl=1","datePublished":"2026-09-05T14:14:57+00:00","author":{"@id":"https:\/\/exaudi.org\/#\/schema\/person\/81a36269482bc7d6a5a3ab8317a57a2f"},"breadcrumb":{"@id":"https:\/\/exaudi.org\/it\/vivere-nellamore\/#breadcrumb"},"inLanguage":"it-IT","potentialAction":[{"@type":"ReadAction","target":["https:\/\/exaudi.org\/it\/vivere-nellamore\/"]}]},{"@type":"ImageObject","inLanguage":"it-IT","@id":"https:\/\/exaudi.org\/it\/vivere-nellamore\/#primaryimage","url":"https:\/\/i0.wp.com\/exaudi.org\/wp-content\/uploads\/2026\/09\/1-1.webp?fit=1024%2C656&ssl=1","contentUrl":"https:\/\/i0.wp.com\/exaudi.org\/wp-content\/uploads\/2026\/09\/1-1.webp?fit=1024%2C656&ssl=1","width":1024,"height":656,"caption":"(C) Pexels"},{"@type":"BreadcrumbList","@id":"https:\/\/exaudi.org\/it\/vivere-nellamore\/#breadcrumb","itemListElement":[{"@type":"ListItem","position":1,"name":"Portada","item":"https:\/\/exaudi.org\/it\/"},{"@type":"ListItem","position":2,"name":"Vivere nell&#8217;amore"}]},{"@type":"WebSite","@id":"https:\/\/exaudi.org\/#website","url":"https:\/\/exaudi.org\/","name":"Exaudi","description":"News","potentialAction":[{"@type":"SearchAction","target":{"@type":"EntryPoint","urlTemplate":"https:\/\/exaudi.org\/?s={search_term_string}"},"query-input":{"@type":"PropertyValueSpecification","valueRequired":true,"valueName":"search_term_string"}}],"inLanguage":"it-IT"},{"@type":"Person","@id":"https:\/\/exaudi.org\/#\/schema\/person\/81a36269482bc7d6a5a3ab8317a57a2f","name":"Nacho Calder\u00f3n Castro","image":{"@type":"ImageObject","inLanguage":"it-IT","@id":"https:\/\/secure.gravatar.com\/avatar\/9a83221fb83e62554f576fc80e7b576f2b3f5ebbb98b6adcdf828c6895c6c906?s=96&d=mm&r=g","url":"https:\/\/secure.gravatar.com\/avatar\/9a83221fb83e62554f576fc80e7b576f2b3f5ebbb98b6adcdf828c6895c6c906?s=96&d=mm&r=g","contentUrl":"https:\/\/secure.gravatar.com\/avatar\/9a83221fb83e62554f576fc80e7b576f2b3f5ebbb98b6adcdf828c6895c6c906?s=96&d=mm&r=g","caption":"Nacho Calder\u00f3n Castro"},"description":"Nacho es el fundador y director del Instituto de Neuropsicolog\u00eda y Psicopedagog\u00eda Aplicadas (INPA) en Madrid, Espa\u00f1a y forma parte del equipo de Neurological Rehabilitation International Consultants, dirigiendo su centro en Laredo, Texas, tareas que compatibiliza impartiendo conferencias en centros de ense\u00f1anza, desde jardines de infancia hasta universidades. Ha sido colaborador con con el programa de radio La Ma\u00f1ana de COPE, dirigido por Javi Nieves durante los cursos 2012 \u2013 2014 y es profesor del Instituto de Estudios Familiares \u2013 IDEFA. En el a\u00f1o 2013 fue llamado por el Dr. Unruh para continuar su labor en Estados Unidos. Para realizar tal tarea y en reconocimiento a su trayectoria profesional, el gobierno de aquel pa\u00eds le ha concedido el visado 01, otorgado a personas con \u201chabilidades extraordinarias\u201d. Desde mayo de 2017 Nacho ha trasladado esta consulta a Pachuca, en el estado de Hidalgo, en M\u00e9xico, y de ese modo trabaja junto con Iliana Guevara Rivera, con quien comparte una trayectoria profesional desde noviembre de 1992. Nacho Calder\u00f3n atiende por tanto a pacientes en M\u00e9xico a lo largo de tres meses al a\u00f1o \u2013 febrero, junio y octubre -, dedicando ocho meses a la atenci\u00f3n de pacientes en Espa\u00f1a. Licenciado en Psicolog\u00eda, comenz\u00f3 su labor profesional en los Institutos para el Logro del Potencial Humano en Filadelfia, junto con Glenn, Janet y Douglas Doman, donde estuvo durante dos a\u00f1os completos. Durante este periodo atendi\u00f3 a familias en Filadelfia, Fauglia (Italia) y Tokio (Jap\u00f3n). A su regreso a Espa\u00f1a en 1995, fue co-fundador de la asociaci\u00f3n Institutos Fay para la Estimulaci\u00f3n Multisensorial. Nacho trajo el primer Audiokinetron (para el tratamiento B\u00e8rard) que hubo en nuestro pa\u00eds. En 1997 comenz\u00f3 su formaci\u00f3n como evaluador con el m\u00e9todo IRLEN, tras su paso por el IRLEN Center de Helen Irlen en California, se convirti\u00f3 en 1999 en el responsable de dicho m\u00e9todo en la pen\u00ednsula. En el curso de 1997-98, complet\u00f3 su formaci\u00f3n en reflejos primitivos de la mano de Peter Blythe y Sally Goddar. M\u00e1s tarde continuar\u00eda su formaci\u00f3n junto con Kjelt Johansen, Harald Blomberg y Beatriz y Sonia Padovan. Ha sido instructor KUMON durante m\u00e1s de 10 a\u00f1os y ha dado conferencias en B\u00e9lgica, Italia, Alemania y Reino Unido. Nacho ha sido profesor en el Master de dise\u00f1o infantil en espacio y producto del Instituto Europeo de dise\u00f1o y en la actualidad compagina toda su labor cl\u00ednica con la formaci\u00f3n en el Master para la formaci\u00f3n del profesorado de la Universidad Rey Juan Carlos.","sameAs":["https:\/\/inpa.info\/"],"url":"https:\/\/exaudi.org\/it\/author\/nacho-calderon-castro\/"}]}},"jetpack_shortlink":"https:\/\/wp.me\/pgKjF2-LSl","jetpack_featured_media_url":"https:\/\/i0.wp.com\/exaudi.org\/wp-content\/uploads\/2026\/09\/1-1.webp?fit=1024%2C656&ssl=1","_links":{"self":[{"href":"https:\/\/exaudi.org\/it\/wp-json\/wp\/v2\/posts\/184037","targetHints":{"allow":["GET"]}}],"collection":[{"href":"https:\/\/exaudi.org\/it\/wp-json\/wp\/v2\/posts"}],"about":[{"href":"https:\/\/exaudi.org\/it\/wp-json\/wp\/v2\/types\/post"}],"author":[{"embeddable":true,"href":"https:\/\/exaudi.org\/it\/wp-json\/wp\/v2\/users\/113"}],"replies":[{"embeddable":true,"href":"https:\/\/exaudi.org\/it\/wp-json\/wp\/v2\/comments?post=184037"}],"version-history":[{"count":4,"href":"https:\/\/exaudi.org\/it\/wp-json\/wp\/v2\/posts\/184037\/revisions"}],"predecessor-version":[{"id":184044,"href":"https:\/\/exaudi.org\/it\/wp-json\/wp\/v2\/posts\/184037\/revisions\/184044"}],"wp:featuredmedia":[{"embeddable":true,"href":"https:\/\/exaudi.org\/it\/wp-json\/wp\/v2\/media\/184038"}],"wp:attachment":[{"href":"https:\/\/exaudi.org\/it\/wp-json\/wp\/v2\/media?parent=184037"}],"wp:term":[{"taxonomy":"category","embeddable":true,"href":"https:\/\/exaudi.org\/it\/wp-json\/wp\/v2\/categories?post=184037"},{"taxonomy":"post_tag","embeddable":true,"href":"https:\/\/exaudi.org\/it\/wp-json\/wp\/v2\/tags?post=184037"}],"curies":[{"name":"wp","href":"https:\/\/api.w.org\/{rel}","templated":true}]}}