{"id":183877,"date":"2026-09-03T19:02:40","date_gmt":"2026-09-03T17:02:40","guid":{"rendered":"https:\/\/exaudi.org\/?p=183877"},"modified":"2026-09-03T19:02:40","modified_gmt":"2026-09-03T17:02:40","slug":"il-lusso-di-non-aver-bisogno-di-nulla-la-sobrieta-come-vera-liberta-in-tempi-di-iperconsumismo","status":"publish","type":"post","link":"https:\/\/exaudi.org\/it\/il-lusso-di-non-aver-bisogno-di-nulla-la-sobrieta-come-vera-liberta-in-tempi-di-iperconsumismo\/","title":{"rendered":"Il lusso di non aver bisogno di nulla: la sobriet\u00e0 come vera libert\u00e0 in tempi di iperconsumismo"},"content":{"rendered":"<p data-path-to-node=\"2\"><span dir=\"auto\" style=\"vertical-align: inherit\"><span dir=\"auto\" style=\"vertical-align: inherit\">In una cultura satura di notifiche, micro-tendenze effimere che si esauriscono in poche settimane e algoritmi progettati per generare una costante insoddisfazione, il concetto contemporaneo di &#8221;\u00a0 <\/span><\/span><i data-path-to-node=\"2\" data-index-in-node=\"188\"><span dir=\"auto\" style=\"vertical-align: inherit\"><span dir=\"auto\" style=\"vertical-align: inherit\">lusso discreto&#8221;<\/span><\/span><\/i><span dir=\"auto\" style=\"vertical-align: inherit\"><span dir=\"auto\" style=\"vertical-align: inherit\"> \u00a0\u00e8 emerso come reazione al consumismo sfrenato. Tuttavia, ci\u00f2 che per l&#8217;alta moda appare come una mera estetica di sobria raffinatezza, la tradizione e la dottrina sociale della Chiesa insegnano da secoli sotto un nome ben pi\u00f9 profondo e trasformativo:\u00a0 <\/span><\/span><b data-path-to-node=\"2\" data-index-in-node=\"494\"><span dir=\"auto\" style=\"vertical-align: inherit\"><span dir=\"auto\" style=\"vertical-align: inherit\">la sobriet\u00e0 condivisa<\/span><\/span><\/b><span dir=\"auto\" style=\"vertical-align: inherit\"><span dir=\"auto\" style=\"vertical-align: inherit\"> .<\/span><\/span><\/p>\n<h3 data-path-to-node=\"3\"><strong><span dir=\"auto\" style=\"vertical-align: inherit\"><span dir=\"auto\" style=\"vertical-align: inherit\">Stanchezza dei consumatori e cultura dell&#8217;usa e getta<\/span><\/span><\/strong><\/h3>\n<p data-path-to-node=\"4\"><span dir=\"auto\" style=\"vertical-align: inherit\"><span dir=\"auto\" style=\"vertical-align: inherit\">L&#8217;attuale fenomeno della saturazione, alimentato dagli acquisti con un solo clic sui social media e dall&#8217;obsolescenza programmata, ha generato un&#8217;evidente stanchezza nel consumatore moderno. Questa incessante corsa all&#8217;accumulo di beni materiali non solo soffoca l&#8217;economia familiare, ma logora anche lo spirito.<\/span><\/span><\/p>\n<p data-path-to-node=\"5\"><span dir=\"auto\" style=\"vertical-align: inherit\"><span dir=\"auto\" style=\"vertical-align: inherit\">Come giustamente denunciato da Papa Francesco nell&#8217;enciclica\u00a0 <\/span><\/span><i data-path-to-node=\"5\" data-index-in-node=\"53\"><span dir=\"auto\" style=\"vertical-align: inherit\"><span dir=\"auto\" style=\"vertical-align: inherit\">Laudato si&#8217;<\/span><\/span><\/i><span dir=\"auto\" style=\"vertical-align: inherit\"><span dir=\"auto\" style=\"vertical-align: inherit\"> , la tirannia del mercato impone uno stile di vita che riduce ogni cosa a un valore di utilizzo immediato, alimentando una\u00a0 <\/span><\/span><b data-path-to-node=\"5\" data-index-in-node=\"174\"><span dir=\"auto\" style=\"vertical-align: inherit\"><span dir=\"auto\" style=\"vertical-align: inherit\">&#8220;cultura dell&#8217;usa e getta&#8221;<\/span><\/span><\/b><span dir=\"auto\" style=\"vertical-align: inherit\"><span dir=\"auto\" style=\"vertical-align: inherit\"> \u00a0in cui le cose \u2013 e spesso anche le persone \u2013 vengono usate e poi scartate. Il consumismo compulsivo non riempie il cuore; al contrario, crea un circolo vizioso di ansia e insoddisfazione in cui l&#8217;identit\u00e0 personale viene erroneamente legata a ci\u00f2 che si possiede.<\/span><\/span><\/p>\n<h3 data-path-to-node=\"6\"><strong><span dir=\"auto\" style=\"vertical-align: inherit\"><span dir=\"auto\" style=\"vertical-align: inherit\">Dall&#8217;austerit\u00e0 imposta alla sobriet\u00e0 scelta<\/span><\/span><\/strong><\/h3>\n<p data-path-to-node=\"7\"><span dir=\"auto\" style=\"vertical-align: inherit\"><span dir=\"auto\" style=\"vertical-align: inherit\">In contrasto con la logica del\u00a0 <\/span><\/span><i data-path-to-node=\"7\" data-index-in-node=\"23\"><span dir=\"auto\" style=\"vertical-align: inherit\"><span dir=\"auto\" style=\"vertical-align: inherit\">comprare e buttare via<\/span><\/span><\/i><span dir=\"auto\" style=\"vertical-align: inherit\"><span dir=\"auto\" style=\"vertical-align: inherit\"> , la sobriet\u00e0 cristiana offre una prospettiva arricchente. Lungi dall&#8217;essere una privazione amara o una risposta rassegnata alle difficolt\u00e0 economiche, l&#8217;austerit\u00e0, quando scelta volontariamente, diventa una\u00a0 <\/span><\/span><b data-path-to-node=\"7\" data-index-in-node=\"262\"><span dir=\"auto\" style=\"vertical-align: inherit\"><span dir=\"auto\" style=\"vertical-align: inherit\">forma pi\u00f9 elevata di libert\u00e0<\/span><\/span><\/b><span dir=\"auto\" style=\"vertical-align: inherit\"><span dir=\"auto\" style=\"vertical-align: inherit\"> .<\/span><\/span><\/p>\n<ul data-path-to-node=\"8\">\n<li>\n<p data-path-to-node=\"8,0,0\"><b data-path-to-node=\"8,0,0\" data-index-in-node=\"0\"><span dir=\"auto\" style=\"vertical-align: inherit\"><span dir=\"auto\" style=\"vertical-align: inherit\">Libert\u00e0 interiore:<\/span><\/span><\/b><span dir=\"auto\" style=\"vertical-align: inherit\"><span dir=\"auto\" style=\"vertical-align: inherit\"> \u00a0coloro che imparano a vivere con l&#8217;essenziale semplificano la propria vita quotidiana, liberano la mente da un attaccamento eccessivo e scoprono che la felicit\u00e0 non dipende dall&#8217;abbondanza di beni materiali, ma dalla qualit\u00e0 delle relazioni e dalla coltivazione della vita spirituale.<\/span><\/span><\/p>\n<\/li>\n<li>\n<p data-path-to-node=\"8,1,0\"><b data-path-to-node=\"8,1,0\" data-index-in-node=\"0\"><span dir=\"auto\" style=\"vertical-align: inherit\"><span dir=\"auto\" style=\"vertical-align: inherit\">Giustizia e solidariet\u00e0:<\/span><\/span><\/b><span dir=\"auto\" style=\"vertical-align: inherit\"><span dir=\"auto\" style=\"vertical-align: inherit\"> \u00a0la dottrina sociale della Chiesa ci ricorda che la propriet\u00e0 privata ha una\u00a0 <\/span><\/span><i data-path-to-node=\"8,1,0\" data-index-in-node=\"101\"><span dir=\"auto\" style=\"vertical-align: inherit\"><span dir=\"auto\" style=\"vertical-align: inherit\">funzione sociale<\/span><\/span><\/i><span dir=\"auto\" style=\"vertical-align: inherit\"><span dir=\"auto\" style=\"vertical-align: inherit\"> . Consumare con moderazione non \u00e8 solo un esercizio di disciplina individuale, ma anche un atto diretto di giustizia verso chi \u00e8 privo dei beni di prima necessit\u00e0 e un impegno etico per la cura dell&#8217;ambiente.<\/span><\/span><\/p>\n<\/li>\n<\/ul>\n<h3 data-path-to-node=\"9\"><strong><span dir=\"auto\" style=\"vertical-align: inherit\"><span dir=\"auto\" style=\"vertical-align: inherit\">Una proposta costruttiva per la vita di tutti i giorni<\/span><\/span><\/strong><\/h3>\n<p data-path-to-node=\"10\"><span dir=\"auto\" style=\"vertical-align: inherit\"><span dir=\"auto\" style=\"vertical-align: inherit\">Riscoprire la semplicit\u00e0 come valore non significa rifiutare la bellezza, la qualit\u00e0 o il progresso materiale, ma piuttosto restituire loro il giusto posto. Scegliere oggetti durevoli, evitare il consumo impulsivo, prendersi cura di ci\u00f2 che si possiede e condividere le eccedenze sono pratiche che valorizzano il lavoro umano e la cura della nostra casa comune.<\/span><\/span><\/p>\n<p data-path-to-node=\"11\"><span dir=\"auto\" style=\"vertical-align: inherit\"><span dir=\"auto\" style=\"vertical-align: inherit\">La vera ribellione nell&#8217;era dell&#8217;iperinflazione e del rumore mediatico non sta nell&#8217;accumulare di pi\u00f9, ma nella capacit\u00e0 di dire &#8220;basta&#8221;. Nella tradizione cattolica, la semplicit\u00e0 di vita non \u00e8 povert\u00e0 o scarsit\u00e0; \u00e8 l&#8217;arte di saper godere delle cose senza lasciarsi sopraffare da esse.<\/span><\/span><\/p>\n","protected":false},"excerpt":{"rendered":"<p>Di fronte alla tirannia degli acquisti impulsivi e dell&#8217;obsolescenza programmata, l&#8217;austerit\u00e0 scelta rivela la sua dimensione pi\u00f9 rivoluzionaria: un percorso verso la pace interiore e la giustizia sociale<\/p>\n","protected":false},"author":151,"featured_media":183421,"comment_status":"closed","ping_status":"closed","sticky":false,"template":"","format":"standard","meta":{"_acf_changed":false,"inline_featured_image":false,"_wpcom_ai_launchpad_first_post":false,"footnotes":"","jetpack_post_was_ever_published":false},"categories":[129],"tags":[121472,4318,73595,64794,64796,16241,64540,64807,48512,121474,121473,35936,121475,64787,101309],"class_list":["post-183877","post","type-post","status-publish","format-standard","has-post-thumbnail","hentry","category-voci","tag-austerita-scelta","tag-consumismo","tag-consumo-responsabile","tag-cultura-dello-scarto-it","tag-dottrina-sociale-della-chiesa-it","tag-ecologia-integrale","tag-giustizia-sociale-it","tag-laudato-si-it","tag-liberta-interiore","tag-lusso-discreto","tag-minimalismo-finanziario","tag-patricia-jimenez-ramirez-2","tag-sobrieta-cristiana","tag-trending-it-236","tag-vita-semplice"],"acf":[],"yoast_head":"<!-- This site is optimized with the Yoast SEO plugin v28.4 - https:\/\/yoast.com\/product\/yoast-seo-wordpress\/ -->\n<title>Il lusso di non aver bisogno di nulla: la sobriet\u00e0 come vera libert\u00e0 in tempi di iperconsumismo &#8211; Exaudi<\/title>\n<meta name=\"robots\" content=\"index, follow, max-snippet:-1, max-image-preview:large, max-video-preview:-1\" \/>\n<link rel=\"canonical\" href=\"https:\/\/exaudi.org\/it\/il-lusso-di-non-aver-bisogno-di-nulla-la-sobrieta-come-vera-liberta-in-tempi-di-iperconsumismo\/\" \/>\n<meta property=\"og:locale\" content=\"it_IT\" \/>\n<meta property=\"og:type\" content=\"article\" \/>\n<meta property=\"og:title\" content=\"Il lusso di non aver bisogno di nulla: la sobriet\u00e0 come vera libert\u00e0 in tempi di iperconsumismo &#8211; Exaudi\" \/>\n<meta property=\"og:description\" content=\"Di fronte alla tirannia degli acquisti impulsivi e dell&#039;obsolescenza programmata, l&#039;austerit\u00e0 scelta rivela la sua dimensione pi\u00f9 rivoluzionaria: un percorso verso la pace interiore e la giustizia sociale\" \/>\n<meta property=\"og:url\" content=\"https:\/\/exaudi.org\/it\/il-lusso-di-non-aver-bisogno-di-nulla-la-sobrieta-come-vera-liberta-in-tempi-di-iperconsumismo\/\" \/>\n<meta property=\"og:site_name\" content=\"Exaudi\" \/>\n<meta property=\"article:publisher\" content=\"https:\/\/www.facebook.com\/ExaudiNews\" \/>\n<meta property=\"article:published_time\" content=\"2026-09-03T17:02:40+00:00\" \/>\n<meta property=\"og:image\" content=\"https:\/\/exaudi.org\/wp-content\/uploads\/2026\/09\/Gemini_Generated_Image_astaryastaryasta.jpg\" \/>\n\t<meta property=\"og:image:width\" content=\"1408\" \/>\n\t<meta property=\"og:image:height\" content=\"768\" \/>\n\t<meta property=\"og:image:type\" content=\"image\/jpeg\" \/>\n<meta name=\"author\" content=\"Patricia Jim\u00e9nez Ram\u00edrez\" \/>\n<meta name=\"twitter:card\" content=\"summary_large_image\" \/>\n<meta name=\"twitter:creator\" content=\"@Exaudi_News\" \/>\n<meta name=\"twitter:site\" content=\"@Exaudi_News\" \/>\n<meta name=\"twitter:label1\" content=\"Scritto da\" \/>\n\t<meta name=\"twitter:data1\" content=\"Patricia Jim\u00e9nez Ram\u00edrez\" \/>\n\t<meta name=\"twitter:label2\" content=\"Tempo di lettura stimato\" \/>\n\t<meta name=\"twitter:data2\" content=\"2 minuti\" \/>\n<script type=\"application\/ld+json\" class=\"yoast-schema-graph\">{\"@context\":\"https:\\\/\\\/schema.org\",\"@graph\":[{\"@type\":\"Article\",\"@id\":\"https:\\\/\\\/exaudi.org\\\/it\\\/il-lusso-di-non-aver-bisogno-di-nulla-la-sobrieta-come-vera-liberta-in-tempi-di-iperconsumismo\\\/#article\",\"isPartOf\":{\"@id\":\"https:\\\/\\\/exaudi.org\\\/it\\\/il-lusso-di-non-aver-bisogno-di-nulla-la-sobrieta-come-vera-liberta-in-tempi-di-iperconsumismo\\\/\"},\"author\":{\"name\":\"Patricia Jim\u00e9nez Ram\u00edrez\",\"@id\":\"https:\\\/\\\/exaudi.org\\\/#\\\/schema\\\/person\\\/e7ff749045cafab5d7b926bb4edeaa51\"},\"headline\":\"Il lusso di non aver bisogno di nulla: la sobriet\u00e0 come vera libert\u00e0 in tempi di iperconsumismo\",\"datePublished\":\"2026-09-03T17:02:40+00:00\",\"mainEntityOfPage\":{\"@id\":\"https:\\\/\\\/exaudi.org\\\/it\\\/il-lusso-di-non-aver-bisogno-di-nulla-la-sobrieta-come-vera-liberta-in-tempi-di-iperconsumismo\\\/\"},\"wordCount\":479,\"image\":{\"@id\":\"https:\\\/\\\/exaudi.org\\\/it\\\/il-lusso-di-non-aver-bisogno-di-nulla-la-sobrieta-come-vera-liberta-in-tempi-di-iperconsumismo\\\/#primaryimage\"},\"thumbnailUrl\":\"https:\\\/\\\/i0.wp.com\\\/exaudi.org\\\/wp-content\\\/uploads\\\/2026\\\/09\\\/Gemini_Generated_Image_astaryastaryasta.jpg?fit=1408%2C768&ssl=1\",\"keywords\":[\"austerit\u00e0 scelta\",\"consumismo\",\"consumo responsabile\",\"Cultura dello scarto\",\"Dottrina sociale della Chiesa\",\"ECOLOGIA INTEGRALE\",\"giustizia sociale\",\"Laudato si'\",\"libert\u00e0 interiore\",\"lusso discreto\",\"minimalismo finanziario\",\"Patricia Jim\u00e9nez Ram\u00edrez\",\"sobriet\u00e0 cristiana\",\"Trending\",\"vita semplice\"],\"articleSection\":[\"Voci\"],\"inLanguage\":\"it-IT\"},{\"@type\":\"WebPage\",\"@id\":\"https:\\\/\\\/exaudi.org\\\/it\\\/il-lusso-di-non-aver-bisogno-di-nulla-la-sobrieta-come-vera-liberta-in-tempi-di-iperconsumismo\\\/\",\"url\":\"https:\\\/\\\/exaudi.org\\\/it\\\/il-lusso-di-non-aver-bisogno-di-nulla-la-sobrieta-come-vera-liberta-in-tempi-di-iperconsumismo\\\/\",\"name\":\"Il lusso di non aver bisogno di nulla: la sobriet\u00e0 come vera libert\u00e0 in tempi di iperconsumismo &#8211; Exaudi\",\"isPartOf\":{\"@id\":\"https:\\\/\\\/exaudi.org\\\/#website\"},\"primaryImageOfPage\":{\"@id\":\"https:\\\/\\\/exaudi.org\\\/it\\\/il-lusso-di-non-aver-bisogno-di-nulla-la-sobrieta-come-vera-liberta-in-tempi-di-iperconsumismo\\\/#primaryimage\"},\"image\":{\"@id\":\"https:\\\/\\\/exaudi.org\\\/it\\\/il-lusso-di-non-aver-bisogno-di-nulla-la-sobrieta-come-vera-liberta-in-tempi-di-iperconsumismo\\\/#primaryimage\"},\"thumbnailUrl\":\"https:\\\/\\\/i0.wp.com\\\/exaudi.org\\\/wp-content\\\/uploads\\\/2026\\\/09\\\/Gemini_Generated_Image_astaryastaryasta.jpg?fit=1408%2C768&ssl=1\",\"datePublished\":\"2026-09-03T17:02:40+00:00\",\"author\":{\"@id\":\"https:\\\/\\\/exaudi.org\\\/#\\\/schema\\\/person\\\/e7ff749045cafab5d7b926bb4edeaa51\"},\"breadcrumb\":{\"@id\":\"https:\\\/\\\/exaudi.org\\\/it\\\/il-lusso-di-non-aver-bisogno-di-nulla-la-sobrieta-come-vera-liberta-in-tempi-di-iperconsumismo\\\/#breadcrumb\"},\"inLanguage\":\"it-IT\",\"potentialAction\":[{\"@type\":\"ReadAction\",\"target\":[\"https:\\\/\\\/exaudi.org\\\/it\\\/il-lusso-di-non-aver-bisogno-di-nulla-la-sobrieta-come-vera-liberta-in-tempi-di-iperconsumismo\\\/\"]}]},{\"@type\":\"ImageObject\",\"inLanguage\":\"it-IT\",\"@id\":\"https:\\\/\\\/exaudi.org\\\/it\\\/il-lusso-di-non-aver-bisogno-di-nulla-la-sobrieta-come-vera-liberta-in-tempi-di-iperconsumismo\\\/#primaryimage\",\"url\":\"https:\\\/\\\/i0.wp.com\\\/exaudi.org\\\/wp-content\\\/uploads\\\/2026\\\/09\\\/Gemini_Generated_Image_astaryastaryasta.jpg?fit=1408%2C768&ssl=1\",\"contentUrl\":\"https:\\\/\\\/i0.wp.com\\\/exaudi.org\\\/wp-content\\\/uploads\\\/2026\\\/09\\\/Gemini_Generated_Image_astaryastaryasta.jpg?fit=1408%2C768&ssl=1\",\"width\":1408,\"height\":768},{\"@type\":\"BreadcrumbList\",\"@id\":\"https:\\\/\\\/exaudi.org\\\/it\\\/il-lusso-di-non-aver-bisogno-di-nulla-la-sobrieta-come-vera-liberta-in-tempi-di-iperconsumismo\\\/#breadcrumb\",\"itemListElement\":[{\"@type\":\"ListItem\",\"position\":1,\"name\":\"Portada\",\"item\":\"https:\\\/\\\/exaudi.org\\\/it\\\/\"},{\"@type\":\"ListItem\",\"position\":2,\"name\":\"Il lusso di non aver bisogno di nulla: la sobriet\u00e0 come vera libert\u00e0 in tempi di iperconsumismo\"}]},{\"@type\":\"WebSite\",\"@id\":\"https:\\\/\\\/exaudi.org\\\/#website\",\"url\":\"https:\\\/\\\/exaudi.org\\\/\",\"name\":\"Exaudi\",\"description\":\"News\",\"potentialAction\":[{\"@type\":\"SearchAction\",\"target\":{\"@type\":\"EntryPoint\",\"urlTemplate\":\"https:\\\/\\\/exaudi.org\\\/?s={search_term_string}\"},\"query-input\":{\"@type\":\"PropertyValueSpecification\",\"valueRequired\":true,\"valueName\":\"search_term_string\"}}],\"inLanguage\":\"it-IT\"},{\"@type\":\"Person\",\"@id\":\"https:\\\/\\\/exaudi.org\\\/#\\\/schema\\\/person\\\/e7ff749045cafab5d7b926bb4edeaa51\",\"name\":\"Patricia Jim\u00e9nez Ram\u00edrez\",\"image\":{\"@type\":\"ImageObject\",\"inLanguage\":\"it-IT\",\"@id\":\"https:\\\/\\\/secure.gravatar.com\\\/avatar\\\/c1f016f3010698237250f552cc424d09fd3f545baa3b0e2f5008eae3181ed438?s=96&d=mm&r=g\",\"url\":\"https:\\\/\\\/secure.gravatar.com\\\/avatar\\\/c1f016f3010698237250f552cc424d09fd3f545baa3b0e2f5008eae3181ed438?s=96&d=mm&r=g\",\"contentUrl\":\"https:\\\/\\\/secure.gravatar.com\\\/avatar\\\/c1f016f3010698237250f552cc424d09fd3f545baa3b0e2f5008eae3181ed438?s=96&d=mm&r=g\",\"caption\":\"Patricia Jim\u00e9nez Ram\u00edrez\"},\"description\":\"Soy una mujer comprometida con mi familia, con una s\u00f3lida experiencia empresarial y una profunda dedicaci\u00f3n al hogar. Durante a\u00f1os trabaj\u00e9 en diversos entornos empresariales, liderando equipos y gestionando proyectos de impacto. Sin embargo, en los \u00faltimos a\u00f1os he tomado la decisi\u00f3n de centrarme en mi hogar y dedicar m\u00e1s tiempo a mi marido e hijos, quienes son mi mayor prioridad. Mi experiencia en el \u00e1mbito empresarial me ha brindado valiosas habilidades en gesti\u00f3n del tiempo, organizaci\u00f3n, liderazgo y resoluci\u00f3n de problemas, que ahora aplico en mi vida familiar para fomentar un ambiente armonioso y saludable para todos\",\"url\":\"https:\\\/\\\/exaudi.org\\\/it\\\/author\\\/patricia-jimenez-ramirez\\\/\"}]}<\/script>\n<!-- \/ Yoast SEO plugin. -->","yoast_head_json":{"title":"Il lusso di non aver bisogno di nulla: la sobriet\u00e0 come vera libert\u00e0 in tempi di iperconsumismo &#8211; Exaudi","robots":{"index":"index","follow":"follow","max-snippet":"max-snippet:-1","max-image-preview":"max-image-preview:large","max-video-preview":"max-video-preview:-1"},"canonical":"https:\/\/exaudi.org\/it\/il-lusso-di-non-aver-bisogno-di-nulla-la-sobrieta-come-vera-liberta-in-tempi-di-iperconsumismo\/","og_locale":"it_IT","og_type":"article","og_title":"Il lusso di non aver bisogno di nulla: la sobriet\u00e0 come vera libert\u00e0 in tempi di iperconsumismo &#8211; Exaudi","og_description":"Di fronte alla tirannia degli acquisti impulsivi e dell'obsolescenza programmata, l'austerit\u00e0 scelta rivela la sua dimensione pi\u00f9 rivoluzionaria: un percorso verso la pace interiore e la giustizia sociale","og_url":"https:\/\/exaudi.org\/it\/il-lusso-di-non-aver-bisogno-di-nulla-la-sobrieta-come-vera-liberta-in-tempi-di-iperconsumismo\/","og_site_name":"Exaudi","article_publisher":"https:\/\/www.facebook.com\/ExaudiNews","article_published_time":"2026-09-03T17:02:40+00:00","og_image":[{"width":1408,"height":768,"url":"https:\/\/exaudi.org\/wp-content\/uploads\/2026\/09\/Gemini_Generated_Image_astaryastaryasta.jpg","type":"image\/jpeg"}],"author":"Patricia Jim\u00e9nez Ram\u00edrez","twitter_card":"summary_large_image","twitter_creator":"@Exaudi_News","twitter_site":"@Exaudi_News","twitter_misc":{"Scritto da":"Patricia Jim\u00e9nez Ram\u00edrez","Tempo di lettura stimato":"2 minuti"},"schema":{"@context":"https:\/\/schema.org","@graph":[{"@type":"Article","@id":"https:\/\/exaudi.org\/it\/il-lusso-di-non-aver-bisogno-di-nulla-la-sobrieta-come-vera-liberta-in-tempi-di-iperconsumismo\/#article","isPartOf":{"@id":"https:\/\/exaudi.org\/it\/il-lusso-di-non-aver-bisogno-di-nulla-la-sobrieta-come-vera-liberta-in-tempi-di-iperconsumismo\/"},"author":{"name":"Patricia Jim\u00e9nez Ram\u00edrez","@id":"https:\/\/exaudi.org\/#\/schema\/person\/e7ff749045cafab5d7b926bb4edeaa51"},"headline":"Il lusso di non aver bisogno di nulla: la sobriet\u00e0 come vera libert\u00e0 in tempi di iperconsumismo","datePublished":"2026-09-03T17:02:40+00:00","mainEntityOfPage":{"@id":"https:\/\/exaudi.org\/it\/il-lusso-di-non-aver-bisogno-di-nulla-la-sobrieta-come-vera-liberta-in-tempi-di-iperconsumismo\/"},"wordCount":479,"image":{"@id":"https:\/\/exaudi.org\/it\/il-lusso-di-non-aver-bisogno-di-nulla-la-sobrieta-come-vera-liberta-in-tempi-di-iperconsumismo\/#primaryimage"},"thumbnailUrl":"https:\/\/i0.wp.com\/exaudi.org\/wp-content\/uploads\/2026\/09\/Gemini_Generated_Image_astaryastaryasta.jpg?fit=1408%2C768&ssl=1","keywords":["austerit\u00e0 scelta","consumismo","consumo responsabile","Cultura dello scarto","Dottrina sociale della Chiesa","ECOLOGIA INTEGRALE","giustizia sociale","Laudato si'","libert\u00e0 interiore","lusso discreto","minimalismo finanziario","Patricia Jim\u00e9nez Ram\u00edrez","sobriet\u00e0 cristiana","Trending","vita semplice"],"articleSection":["Voci"],"inLanguage":"it-IT"},{"@type":"WebPage","@id":"https:\/\/exaudi.org\/it\/il-lusso-di-non-aver-bisogno-di-nulla-la-sobrieta-come-vera-liberta-in-tempi-di-iperconsumismo\/","url":"https:\/\/exaudi.org\/it\/il-lusso-di-non-aver-bisogno-di-nulla-la-sobrieta-come-vera-liberta-in-tempi-di-iperconsumismo\/","name":"Il lusso di non aver bisogno di nulla: la sobriet\u00e0 come vera libert\u00e0 in tempi di iperconsumismo &#8211; Exaudi","isPartOf":{"@id":"https:\/\/exaudi.org\/#website"},"primaryImageOfPage":{"@id":"https:\/\/exaudi.org\/it\/il-lusso-di-non-aver-bisogno-di-nulla-la-sobrieta-come-vera-liberta-in-tempi-di-iperconsumismo\/#primaryimage"},"image":{"@id":"https:\/\/exaudi.org\/it\/il-lusso-di-non-aver-bisogno-di-nulla-la-sobrieta-come-vera-liberta-in-tempi-di-iperconsumismo\/#primaryimage"},"thumbnailUrl":"https:\/\/i0.wp.com\/exaudi.org\/wp-content\/uploads\/2026\/09\/Gemini_Generated_Image_astaryastaryasta.jpg?fit=1408%2C768&ssl=1","datePublished":"2026-09-03T17:02:40+00:00","author":{"@id":"https:\/\/exaudi.org\/#\/schema\/person\/e7ff749045cafab5d7b926bb4edeaa51"},"breadcrumb":{"@id":"https:\/\/exaudi.org\/it\/il-lusso-di-non-aver-bisogno-di-nulla-la-sobrieta-come-vera-liberta-in-tempi-di-iperconsumismo\/#breadcrumb"},"inLanguage":"it-IT","potentialAction":[{"@type":"ReadAction","target":["https:\/\/exaudi.org\/it\/il-lusso-di-non-aver-bisogno-di-nulla-la-sobrieta-come-vera-liberta-in-tempi-di-iperconsumismo\/"]}]},{"@type":"ImageObject","inLanguage":"it-IT","@id":"https:\/\/exaudi.org\/it\/il-lusso-di-non-aver-bisogno-di-nulla-la-sobrieta-come-vera-liberta-in-tempi-di-iperconsumismo\/#primaryimage","url":"https:\/\/i0.wp.com\/exaudi.org\/wp-content\/uploads\/2026\/09\/Gemini_Generated_Image_astaryastaryasta.jpg?fit=1408%2C768&ssl=1","contentUrl":"https:\/\/i0.wp.com\/exaudi.org\/wp-content\/uploads\/2026\/09\/Gemini_Generated_Image_astaryastaryasta.jpg?fit=1408%2C768&ssl=1","width":1408,"height":768},{"@type":"BreadcrumbList","@id":"https:\/\/exaudi.org\/it\/il-lusso-di-non-aver-bisogno-di-nulla-la-sobrieta-come-vera-liberta-in-tempi-di-iperconsumismo\/#breadcrumb","itemListElement":[{"@type":"ListItem","position":1,"name":"Portada","item":"https:\/\/exaudi.org\/it\/"},{"@type":"ListItem","position":2,"name":"Il lusso di non aver bisogno di nulla: la sobriet\u00e0 come vera libert\u00e0 in tempi di iperconsumismo"}]},{"@type":"WebSite","@id":"https:\/\/exaudi.org\/#website","url":"https:\/\/exaudi.org\/","name":"Exaudi","description":"News","potentialAction":[{"@type":"SearchAction","target":{"@type":"EntryPoint","urlTemplate":"https:\/\/exaudi.org\/?s={search_term_string}"},"query-input":{"@type":"PropertyValueSpecification","valueRequired":true,"valueName":"search_term_string"}}],"inLanguage":"it-IT"},{"@type":"Person","@id":"https:\/\/exaudi.org\/#\/schema\/person\/e7ff749045cafab5d7b926bb4edeaa51","name":"Patricia Jim\u00e9nez Ram\u00edrez","image":{"@type":"ImageObject","inLanguage":"it-IT","@id":"https:\/\/secure.gravatar.com\/avatar\/c1f016f3010698237250f552cc424d09fd3f545baa3b0e2f5008eae3181ed438?s=96&d=mm&r=g","url":"https:\/\/secure.gravatar.com\/avatar\/c1f016f3010698237250f552cc424d09fd3f545baa3b0e2f5008eae3181ed438?s=96&d=mm&r=g","contentUrl":"https:\/\/secure.gravatar.com\/avatar\/c1f016f3010698237250f552cc424d09fd3f545baa3b0e2f5008eae3181ed438?s=96&d=mm&r=g","caption":"Patricia Jim\u00e9nez Ram\u00edrez"},"description":"Soy una mujer comprometida con mi familia, con una s\u00f3lida experiencia empresarial y una profunda dedicaci\u00f3n al hogar. Durante a\u00f1os trabaj\u00e9 en diversos entornos empresariales, liderando equipos y gestionando proyectos de impacto. Sin embargo, en los \u00faltimos a\u00f1os he tomado la decisi\u00f3n de centrarme en mi hogar y dedicar m\u00e1s tiempo a mi marido e hijos, quienes son mi mayor prioridad. Mi experiencia en el \u00e1mbito empresarial me ha brindado valiosas habilidades en gesti\u00f3n del tiempo, organizaci\u00f3n, liderazgo y resoluci\u00f3n de problemas, que ahora aplico en mi vida familiar para fomentar un ambiente armonioso y saludable para todos","url":"https:\/\/exaudi.org\/it\/author\/patricia-jimenez-ramirez\/"}]}},"jetpack_shortlink":"https:\/\/wp.me\/pgKjF2-LPL","jetpack_featured_media_url":"https:\/\/i0.wp.com\/exaudi.org\/wp-content\/uploads\/2026\/09\/Gemini_Generated_Image_astaryastaryasta.jpg?fit=1408%2C768&ssl=1","_links":{"self":[{"href":"https:\/\/exaudi.org\/it\/wp-json\/wp\/v2\/posts\/183877","targetHints":{"allow":["GET"]}}],"collection":[{"href":"https:\/\/exaudi.org\/it\/wp-json\/wp\/v2\/posts"}],"about":[{"href":"https:\/\/exaudi.org\/it\/wp-json\/wp\/v2\/types\/post"}],"author":[{"embeddable":true,"href":"https:\/\/exaudi.org\/it\/wp-json\/wp\/v2\/users\/151"}],"replies":[{"embeddable":true,"href":"https:\/\/exaudi.org\/it\/wp-json\/wp\/v2\/comments?post=183877"}],"version-history":[{"count":3,"href":"https:\/\/exaudi.org\/it\/wp-json\/wp\/v2\/posts\/183877\/revisions"}],"predecessor-version":[{"id":183880,"href":"https:\/\/exaudi.org\/it\/wp-json\/wp\/v2\/posts\/183877\/revisions\/183880"}],"wp:featuredmedia":[{"embeddable":true,"href":"https:\/\/exaudi.org\/it\/wp-json\/wp\/v2\/media\/183421"}],"wp:attachment":[{"href":"https:\/\/exaudi.org\/it\/wp-json\/wp\/v2\/media?parent=183877"}],"wp:term":[{"taxonomy":"category","embeddable":true,"href":"https:\/\/exaudi.org\/it\/wp-json\/wp\/v2\/categories?post=183877"},{"taxonomy":"post_tag","embeddable":true,"href":"https:\/\/exaudi.org\/it\/wp-json\/wp\/v2\/tags?post=183877"}],"curies":[{"name":"wp","href":"https:\/\/api.w.org\/{rel}","templated":true}]}}