{"id":183855,"date":"2026-09-03T18:34:13","date_gmt":"2026-09-03T16:34:13","guid":{"rendered":"https:\/\/exaudi.org\/?p=183855"},"modified":"2026-09-03T18:34:13","modified_gmt":"2026-09-03T16:34:13","slug":"laccecante-esplosione-di-grazia-quando-labisso-si-fa-luce","status":"publish","type":"post","link":"https:\/\/exaudi.org\/it\/laccecante-esplosione-di-grazia-quando-labisso-si-fa-luce\/","title":{"rendered":"L&#8217;Accecante Esplosione di Grazia: Quando l&#8217;Abisso si Fa Luce"},"content":{"rendered":"<p data-path-to-node=\"2\"><span dir=\"auto\" style=\"vertical-align: inherit\"><span dir=\"auto\" style=\"vertical-align: inherit\">C&#8217;\u00e8 un momento preciso nella storia dell&#8217;arte in cui la pittura ha smesso di suggerire la divinit\u00e0 attraverso aureole dorate e cori angelici per iniziare a raffigurarla come una forza tellurica, domestica e viscerale. Quel momento porta il nome di Michelangelo Merisi,\u00a0 <\/span><\/span><i data-path-to-node=\"2\" data-index-in-node=\"272\"><span dir=\"auto\" style=\"vertical-align: inherit\"><span dir=\"auto\" style=\"vertical-align: inherit\">Caravaggio<\/span><\/span><\/i><span dir=\"auto\" style=\"vertical-align: inherit\"><span dir=\"auto\" style=\"vertical-align: inherit\"> , e trova uno dei suoi apici concettuali pi\u00f9 abbaglianti nella Cappella Cerasi della Basilica di Santa Maria del Popolo a Roma:\u00a0 <\/span><\/span><i data-path-to-node=\"2\" data-index-in-node=\"419\"><span dir=\"auto\" style=\"vertical-align: inherit\"><span dir=\"auto\" style=\"vertical-align: inherit\">la Conversione di San Paolo sulla via di Damasco<\/span><\/span><\/i><span dir=\"auto\" style=\"vertical-align: inherit\"><span dir=\"auto\" style=\"vertical-align: inherit\"> .<\/span><\/span><\/p>\n<p data-path-to-node=\"3\"><span dir=\"auto\" style=\"vertical-align: inherit\"><span dir=\"auto\" style=\"vertical-align: inherit\">Lontano dall&#8217;iconografia rinascimentale \u2013 dove l&#8217;evento si svolgeva in paesaggi intrisi di gloria teofanica \u2013 Caravaggio opta per la densit\u00e0 del pi\u00f9 assoluto chiaroscuro. La scena \u00e8 claustrofobica, intima e sfacciatamente fisica. Saulo di Tarso non \u00e8 circondato da una folla attonita, n\u00e9 volge lo sguardo al cielo aperto; \u00e8 stato disarcionato. Giace supino a terra, in un audace scorcio che proietta le sue mani aperte verso lo spettatore. Il grande persecutore dei cristiani, l&#8217;uomo di legge, l&#8217;implacabile carnefice, \u00e8 abbattuto, indifeso, cieco.<\/span><\/span><\/p>\n<div class=\"code-block code-block-1\">\n<p>&nbsp;<\/p>\n<div id=\"aswift_2_host\"><\/div>\n<p>&nbsp;<\/p>\n<\/div>\n<h3 data-path-to-node=\"4\"><strong><span dir=\"auto\" style=\"vertical-align: inherit\"><span dir=\"auto\" style=\"vertical-align: inherit\">Lo spazio della vulnerabilit\u00e0: la teologia dello scorcio<\/span><\/span><\/strong><\/h3>\n<p data-path-to-node=\"5\"><span dir=\"auto\" style=\"vertical-align: inherit\"><span dir=\"auto\" style=\"vertical-align: inherit\">Da un punto di vista strettamente compositivo, lo spazio prominente occupato dal cavallo \u00e8 sorprendente: una massa imponente, serena e quotidiana che riempie pi\u00f9 della met\u00e0 superiore della tela. Un anziano servitore tiene il morso con un&#8217;espressione assorta, ignaro del tumulto invisibile che scuote l&#8217;anima di Saul. Caravaggio non dipinge Dio. Non c&#8217;\u00e8 nessun Cristo che fluttua nell&#8217;ombra. Dio \u00e8 la luce stessa, che irrompe da un angolo superiore e invisibile, una luce tangenziale che trafigge l&#8217;oscurit\u00e0 e modella le forme con brutale precisione.<\/span><\/span><\/p>\n<p data-path-to-node=\"6\"><span dir=\"auto\" style=\"vertical-align: inherit\"><span dir=\"auto\" style=\"vertical-align: inherit\">Per il credente cattolico, questo espediente estetico racchiude una profonda verit\u00e0 teologica: la grazia non si manifesta sempre come una visione esterna e cosmica, ma come un evento interiore cos\u00ec radicale da riordinare completamente la realt\u00e0 visibile. La presenza divina si manifesta nei suoi effetti. E l&#8217;effetto immediato su Saul \u00e8 lo svuotamento di ogni orgoglio umano. I suoi occhi sono chiusi; la luce esterna lo ha accecato affinch\u00e9 possa cominciare a vedere dall&#8217;interno. Le sue braccia tese non sono un gesto di difesa o di angoscia, ma di resa. \u00c8 un abbandono totale di fronte al MISTERO che lo supera e lo abbraccia.<\/span><\/span><\/p>\n<h3 data-path-to-node=\"7\"><strong><span dir=\"auto\" style=\"vertical-align: inherit\"><span dir=\"auto\" style=\"vertical-align: inherit\">Il dramma della conversione: dalla persecuzione all&#8217;apostolato<\/span><\/span><\/strong><\/h3>\n<p data-path-to-node=\"8\"><span dir=\"auto\" style=\"vertical-align: inherit\"><span dir=\"auto\" style=\"vertical-align: inherit\">Il dipinto coglie il paradosso centrale dell&#8217;esistenza cristiana: la vera libert\u00e0 inizia quando l&#8217;ego cade da cavallo. Saul, con la sua armatura e la sua spada \u2013 elementi di potere terreno ora inutili nella polvere \u2013 sperimenta\u00a0 <\/span><\/span><i data-path-to-node=\"8\" data-index-in-node=\"257\"><span dir=\"auto\" style=\"vertical-align: inherit\"><span dir=\"auto\" style=\"vertical-align: inherit\">il kairos<\/span><\/span><\/i><span dir=\"auto\" style=\"vertical-align: inherit\"><span dir=\"auto\" style=\"vertical-align: inherit\"> , il tempo di Dio che irrompe nel chronos umano. Caravaggio non drammatizza la caduta per umiliare l&#8217;umanit\u00e0, ma per mostrare il metodo divino: Dio abbatte le nostre strutture di sicurezza non per distruggerci, ma per riconfigurarci.<\/span><\/span><\/p>\n<p data-path-to-node=\"9\"><span dir=\"auto\" style=\"vertical-align: inherit\"><span dir=\"auto\" style=\"vertical-align: inherit\">In questo turbinio di ombre e luci, le briglie del cavallo e le rughe del servo convivono con il pi\u00f9 grande miracolo della storia della Chiesa: la nascita dell&#8217;Apostolo dei Gentili. \u00c8 una vivida dimostrazione che nessun abisso umano, nessun passato di persecuzione o di smarrimento, rimane fuori dalla portata della misericordia redentrice. La grazia irrompe nella banale e polverosa strada, nella pi\u00f9 prosaica vita quotidiana, per trasformare la persecuzione in zelo evangelico.<\/span><\/span><\/p>\n<h3 data-path-to-node=\"10\"><strong><span dir=\"auto\" style=\"vertical-align: inherit\"><span dir=\"auto\" style=\"vertical-align: inherit\">Un appello vivo per il credente di oggi<\/span><\/span><\/strong><\/h3>\n<p data-path-to-node=\"11\"><span dir=\"auto\" style=\"vertical-align: inherit\"><span dir=\"auto\" style=\"vertical-align: inherit\">Contemplare\u00a0 oggi <\/span><\/span><i data-path-to-node=\"11\" data-index-in-node=\"11\"><span dir=\"auto\" style=\"vertical-align: inherit\"><span dir=\"auto\" style=\"vertical-align: inherit\">la conversione di San Paolo<\/span><\/span><\/i><span dir=\"auto\" style=\"vertical-align: inherit\"><span dir=\"auto\" style=\"vertical-align: inherit\"> \u00a0significa accettare una sfida vitale. In un mondo saturo di rumore e di certezze autosufficienti, Caravaggio ci ricorda che Dio continua a irrompere &#8220;nei momenti pi\u00f9 inaspettati&#8221;. La luce che abbatte Saulo non appartiene al passato; \u00e8 la stessa luce che continua a cercare le crepe del nostro orgoglio per trasformarle in fenditure attraverso cui la salvezza possa penetrare.<\/span><\/span><\/p>\n<p data-path-to-node=\"12\"><span dir=\"auto\" style=\"vertical-align: inherit\"><span dir=\"auto\" style=\"vertical-align: inherit\">San Paolo a terra \u00e8 l&#8217;icona dell&#8217;uomo che si lascia trasformare. \u00c8 la gloriosa resa del persecutore che rinasce come testimone. Chiudendo gli occhi al mondo, il futuro apostolo comincia a contemplare la luce che non conosce tramonto: la luce di una grazia che non esige alcun merito preliminare, ma solo il coraggio di tenere le braccia aperte da terra.<\/span><\/span><\/p>\n","protected":false},"excerpt":{"rendered":"<p>La Conversione di San Paolo di Caravaggio: Il Momento Supremo in cui l&#8217;Onnipotenza Divina sottomette l&#8217;Uomo per Ricrearlo dalle fondamenta<\/p>\n","protected":false},"author":179,"featured_media":183857,"comment_status":"closed","ping_status":"closed","sticky":false,"template":"","format":"standard","meta":{"_acf_changed":false,"inline_featured_image":false,"_wpcom_ai_launchpad_first_post":false,"footnotes":"","jetpack_post_was_ever_published":false},"categories":[71],"tags":[110124,1953,121453,119683,121454,41717,121455,52623,106671,119689,26668,64787],"class_list":["post-183855","post","type-post","status-publish","format-standard","has-post-thumbnail","hentry","category-analisi","tag-analisi-artistica","tag-arte-sacra","tag-cappella-cerasi","tag-caravaggio-2","tag-chiaroscuro","tag-conversione-di-san-paolo","tag-esperienza-di-fede","tag-pittura-barocca","tag-sonia-clara-del-campo-2","tag-teologia-dellarte","tag-trasformazione-spirituale","tag-trending-it-236"],"acf":[],"yoast_head":"<!-- This site is optimized with the Yoast SEO plugin v28.4 - https:\/\/yoast.com\/product\/yoast-seo-wordpress\/ -->\n<title>L&#039;Accecante Esplosione di Grazia: Quando l&#039;Abisso si Fa Luce &#8211; Exaudi<\/title>\n<meta name=\"robots\" content=\"index, follow, max-snippet:-1, max-image-preview:large, max-video-preview:-1\" \/>\n<link rel=\"canonical\" href=\"https:\/\/exaudi.org\/it\/laccecante-esplosione-di-grazia-quando-labisso-si-fa-luce\/\" \/>\n<meta property=\"og:locale\" content=\"it_IT\" \/>\n<meta property=\"og:type\" content=\"article\" \/>\n<meta property=\"og:title\" content=\"L&#039;Accecante Esplosione di Grazia: Quando l&#039;Abisso si Fa Luce &#8211; Exaudi\" \/>\n<meta property=\"og:description\" content=\"La Conversione di San Paolo di Caravaggio: Il Momento Supremo in cui l&#039;Onnipotenza Divina sottomette l&#039;Uomo per Ricrearlo dalle fondamenta\" \/>\n<meta property=\"og:url\" content=\"https:\/\/exaudi.org\/it\/laccecante-esplosione-di-grazia-quando-labisso-si-fa-luce\/\" \/>\n<meta property=\"og:site_name\" content=\"Exaudi\" \/>\n<meta property=\"article:publisher\" content=\"https:\/\/www.facebook.com\/ExaudiNews\" \/>\n<meta property=\"article:published_time\" content=\"2026-09-03T16:34:13+00:00\" \/>\n<meta property=\"og:image\" content=\"https:\/\/exaudi.org\/wp-content\/uploads\/2026\/09\/1.jpg\" \/>\n\t<meta property=\"og:image:width\" content=\"1024\" \/>\n\t<meta property=\"og:image:height\" content=\"1024\" \/>\n\t<meta property=\"og:image:type\" content=\"image\/jpeg\" \/>\n<meta name=\"author\" content=\"Sonia Clara del Campo\" \/>\n<meta name=\"twitter:card\" content=\"summary_large_image\" \/>\n<meta name=\"twitter:creator\" content=\"@Exaudi_News\" \/>\n<meta name=\"twitter:site\" content=\"@Exaudi_News\" \/>\n<meta name=\"twitter:label1\" content=\"Scritto da\" \/>\n\t<meta name=\"twitter:data1\" content=\"Sonia Clara del Campo\" \/>\n\t<meta name=\"twitter:label2\" content=\"Tempo di lettura stimato\" \/>\n\t<meta name=\"twitter:data2\" content=\"3 minuti\" \/>\n<script type=\"application\/ld+json\" class=\"yoast-schema-graph\">{\"@context\":\"https:\\\/\\\/schema.org\",\"@graph\":[{\"@type\":\"Article\",\"@id\":\"https:\\\/\\\/exaudi.org\\\/it\\\/laccecante-esplosione-di-grazia-quando-labisso-si-fa-luce\\\/#article\",\"isPartOf\":{\"@id\":\"https:\\\/\\\/exaudi.org\\\/it\\\/laccecante-esplosione-di-grazia-quando-labisso-si-fa-luce\\\/\"},\"author\":{\"name\":\"Sonia Clara del Campo\",\"@id\":\"https:\\\/\\\/exaudi.org\\\/#\\\/schema\\\/person\\\/9c612b7129b856dad9c2f9aca1d69f8e\"},\"headline\":\"L&#8217;Accecante Esplosione di Grazia: Quando l&#8217;Abisso si Fa Luce\",\"datePublished\":\"2026-09-03T16:34:13+00:00\",\"mainEntityOfPage\":{\"@id\":\"https:\\\/\\\/exaudi.org\\\/it\\\/laccecante-esplosione-di-grazia-quando-labisso-si-fa-luce\\\/\"},\"wordCount\":656,\"image\":{\"@id\":\"https:\\\/\\\/exaudi.org\\\/it\\\/laccecante-esplosione-di-grazia-quando-labisso-si-fa-luce\\\/#primaryimage\"},\"thumbnailUrl\":\"https:\\\/\\\/i0.wp.com\\\/exaudi.org\\\/wp-content\\\/uploads\\\/2026\\\/09\\\/1.jpg?fit=1024%2C1024&ssl=1\",\"keywords\":[\"analisi artistica\",\"arte sacra\",\"Cappella Cerasi\",\"Caravaggio\",\"chiaroscuro\",\"Conversione di San Paolo\",\"esperienza di fede\",\"pittura barocca\",\"Sonia Clara del Campo\",\"teologia dell'arte\",\"trasformazione spirituale\",\"Trending\"],\"articleSection\":[\"Analisi\"],\"inLanguage\":\"it-IT\"},{\"@type\":\"WebPage\",\"@id\":\"https:\\\/\\\/exaudi.org\\\/it\\\/laccecante-esplosione-di-grazia-quando-labisso-si-fa-luce\\\/\",\"url\":\"https:\\\/\\\/exaudi.org\\\/it\\\/laccecante-esplosione-di-grazia-quando-labisso-si-fa-luce\\\/\",\"name\":\"L'Accecante Esplosione di Grazia: Quando l'Abisso si Fa Luce &#8211; Exaudi\",\"isPartOf\":{\"@id\":\"https:\\\/\\\/exaudi.org\\\/#website\"},\"primaryImageOfPage\":{\"@id\":\"https:\\\/\\\/exaudi.org\\\/it\\\/laccecante-esplosione-di-grazia-quando-labisso-si-fa-luce\\\/#primaryimage\"},\"image\":{\"@id\":\"https:\\\/\\\/exaudi.org\\\/it\\\/laccecante-esplosione-di-grazia-quando-labisso-si-fa-luce\\\/#primaryimage\"},\"thumbnailUrl\":\"https:\\\/\\\/i0.wp.com\\\/exaudi.org\\\/wp-content\\\/uploads\\\/2026\\\/09\\\/1.jpg?fit=1024%2C1024&ssl=1\",\"datePublished\":\"2026-09-03T16:34:13+00:00\",\"author\":{\"@id\":\"https:\\\/\\\/exaudi.org\\\/#\\\/schema\\\/person\\\/9c612b7129b856dad9c2f9aca1d69f8e\"},\"breadcrumb\":{\"@id\":\"https:\\\/\\\/exaudi.org\\\/it\\\/laccecante-esplosione-di-grazia-quando-labisso-si-fa-luce\\\/#breadcrumb\"},\"inLanguage\":\"it-IT\",\"potentialAction\":[{\"@type\":\"ReadAction\",\"target\":[\"https:\\\/\\\/exaudi.org\\\/it\\\/laccecante-esplosione-di-grazia-quando-labisso-si-fa-luce\\\/\"]}]},{\"@type\":\"ImageObject\",\"inLanguage\":\"it-IT\",\"@id\":\"https:\\\/\\\/exaudi.org\\\/it\\\/laccecante-esplosione-di-grazia-quando-labisso-si-fa-luce\\\/#primaryimage\",\"url\":\"https:\\\/\\\/i0.wp.com\\\/exaudi.org\\\/wp-content\\\/uploads\\\/2026\\\/09\\\/1.jpg?fit=1024%2C1024&ssl=1\",\"contentUrl\":\"https:\\\/\\\/i0.wp.com\\\/exaudi.org\\\/wp-content\\\/uploads\\\/2026\\\/09\\\/1.jpg?fit=1024%2C1024&ssl=1\",\"width\":1024,\"height\":1024,\"caption\":\"La Conversione di San Paolo \u2013 Caravaggio\"},{\"@type\":\"BreadcrumbList\",\"@id\":\"https:\\\/\\\/exaudi.org\\\/it\\\/laccecante-esplosione-di-grazia-quando-labisso-si-fa-luce\\\/#breadcrumb\",\"itemListElement\":[{\"@type\":\"ListItem\",\"position\":1,\"name\":\"Portada\",\"item\":\"https:\\\/\\\/exaudi.org\\\/it\\\/\"},{\"@type\":\"ListItem\",\"position\":2,\"name\":\"L&#8217;Accecante Esplosione di Grazia: Quando l&#8217;Abisso si Fa Luce\"}]},{\"@type\":\"WebSite\",\"@id\":\"https:\\\/\\\/exaudi.org\\\/#website\",\"url\":\"https:\\\/\\\/exaudi.org\\\/\",\"name\":\"Exaudi\",\"description\":\"News\",\"potentialAction\":[{\"@type\":\"SearchAction\",\"target\":{\"@type\":\"EntryPoint\",\"urlTemplate\":\"https:\\\/\\\/exaudi.org\\\/?s={search_term_string}\"},\"query-input\":{\"@type\":\"PropertyValueSpecification\",\"valueRequired\":true,\"valueName\":\"search_term_string\"}}],\"inLanguage\":\"it-IT\"},{\"@type\":\"Person\",\"@id\":\"https:\\\/\\\/exaudi.org\\\/#\\\/schema\\\/person\\\/9c612b7129b856dad9c2f9aca1d69f8e\",\"name\":\"Sonia Clara del Campo\",\"image\":{\"@type\":\"ImageObject\",\"inLanguage\":\"it-IT\",\"@id\":\"https:\\\/\\\/secure.gravatar.com\\\/avatar\\\/ce0229a69d9f3385234a47a959940c8437023df4a527b6779c05478dfe6606e1?s=96&d=mm&r=g\",\"url\":\"https:\\\/\\\/secure.gravatar.com\\\/avatar\\\/ce0229a69d9f3385234a47a959940c8437023df4a527b6779c05478dfe6606e1?s=96&d=mm&r=g\",\"contentUrl\":\"https:\\\/\\\/secure.gravatar.com\\\/avatar\\\/ce0229a69d9f3385234a47a959940c8437023df4a527b6779c05478dfe6606e1?s=96&d=mm&r=g\",\"caption\":\"Sonia Clara del Campo\"},\"description\":\"Sonia Clara del Campo es historiadora del arte y te\u00f3loga. Se ha dedicado al estudio de la belleza como v\u00eda privilegiada de encuentro con Dios. Apasionada de la m\u00fasica sacra y el arte religioso, escribe desde la convicci\u00f3n de que la Iglesia ha sido la mayor protectora y promotora de las artes en la historia de la humanidad, y que hoy m\u00e1s que nunca necesitamos redescubrir ese tesoro espiritual y cultural.\",\"url\":\"https:\\\/\\\/exaudi.org\\\/it\\\/author\\\/sonia-clara-del-campo\\\/\"}]}<\/script>\n<!-- \/ Yoast SEO plugin. -->","yoast_head_json":{"title":"L'Accecante Esplosione di Grazia: Quando l'Abisso si Fa Luce &#8211; Exaudi","robots":{"index":"index","follow":"follow","max-snippet":"max-snippet:-1","max-image-preview":"max-image-preview:large","max-video-preview":"max-video-preview:-1"},"canonical":"https:\/\/exaudi.org\/it\/laccecante-esplosione-di-grazia-quando-labisso-si-fa-luce\/","og_locale":"it_IT","og_type":"article","og_title":"L'Accecante Esplosione di Grazia: Quando l'Abisso si Fa Luce &#8211; Exaudi","og_description":"La Conversione di San Paolo di Caravaggio: Il Momento Supremo in cui l'Onnipotenza Divina sottomette l'Uomo per Ricrearlo dalle fondamenta","og_url":"https:\/\/exaudi.org\/it\/laccecante-esplosione-di-grazia-quando-labisso-si-fa-luce\/","og_site_name":"Exaudi","article_publisher":"https:\/\/www.facebook.com\/ExaudiNews","article_published_time":"2026-09-03T16:34:13+00:00","og_image":[{"width":1024,"height":1024,"url":"https:\/\/exaudi.org\/wp-content\/uploads\/2026\/09\/1.jpg","type":"image\/jpeg"}],"author":"Sonia Clara del Campo","twitter_card":"summary_large_image","twitter_creator":"@Exaudi_News","twitter_site":"@Exaudi_News","twitter_misc":{"Scritto da":"Sonia Clara del Campo","Tempo di lettura stimato":"3 minuti"},"schema":{"@context":"https:\/\/schema.org","@graph":[{"@type":"Article","@id":"https:\/\/exaudi.org\/it\/laccecante-esplosione-di-grazia-quando-labisso-si-fa-luce\/#article","isPartOf":{"@id":"https:\/\/exaudi.org\/it\/laccecante-esplosione-di-grazia-quando-labisso-si-fa-luce\/"},"author":{"name":"Sonia Clara del Campo","@id":"https:\/\/exaudi.org\/#\/schema\/person\/9c612b7129b856dad9c2f9aca1d69f8e"},"headline":"L&#8217;Accecante Esplosione di Grazia: Quando l&#8217;Abisso si Fa Luce","datePublished":"2026-09-03T16:34:13+00:00","mainEntityOfPage":{"@id":"https:\/\/exaudi.org\/it\/laccecante-esplosione-di-grazia-quando-labisso-si-fa-luce\/"},"wordCount":656,"image":{"@id":"https:\/\/exaudi.org\/it\/laccecante-esplosione-di-grazia-quando-labisso-si-fa-luce\/#primaryimage"},"thumbnailUrl":"https:\/\/i0.wp.com\/exaudi.org\/wp-content\/uploads\/2026\/09\/1.jpg?fit=1024%2C1024&ssl=1","keywords":["analisi artistica","arte sacra","Cappella Cerasi","Caravaggio","chiaroscuro","Conversione di San Paolo","esperienza di fede","pittura barocca","Sonia Clara del Campo","teologia dell'arte","trasformazione spirituale","Trending"],"articleSection":["Analisi"],"inLanguage":"it-IT"},{"@type":"WebPage","@id":"https:\/\/exaudi.org\/it\/laccecante-esplosione-di-grazia-quando-labisso-si-fa-luce\/","url":"https:\/\/exaudi.org\/it\/laccecante-esplosione-di-grazia-quando-labisso-si-fa-luce\/","name":"L'Accecante Esplosione di Grazia: Quando l'Abisso si Fa Luce &#8211; Exaudi","isPartOf":{"@id":"https:\/\/exaudi.org\/#website"},"primaryImageOfPage":{"@id":"https:\/\/exaudi.org\/it\/laccecante-esplosione-di-grazia-quando-labisso-si-fa-luce\/#primaryimage"},"image":{"@id":"https:\/\/exaudi.org\/it\/laccecante-esplosione-di-grazia-quando-labisso-si-fa-luce\/#primaryimage"},"thumbnailUrl":"https:\/\/i0.wp.com\/exaudi.org\/wp-content\/uploads\/2026\/09\/1.jpg?fit=1024%2C1024&ssl=1","datePublished":"2026-09-03T16:34:13+00:00","author":{"@id":"https:\/\/exaudi.org\/#\/schema\/person\/9c612b7129b856dad9c2f9aca1d69f8e"},"breadcrumb":{"@id":"https:\/\/exaudi.org\/it\/laccecante-esplosione-di-grazia-quando-labisso-si-fa-luce\/#breadcrumb"},"inLanguage":"it-IT","potentialAction":[{"@type":"ReadAction","target":["https:\/\/exaudi.org\/it\/laccecante-esplosione-di-grazia-quando-labisso-si-fa-luce\/"]}]},{"@type":"ImageObject","inLanguage":"it-IT","@id":"https:\/\/exaudi.org\/it\/laccecante-esplosione-di-grazia-quando-labisso-si-fa-luce\/#primaryimage","url":"https:\/\/i0.wp.com\/exaudi.org\/wp-content\/uploads\/2026\/09\/1.jpg?fit=1024%2C1024&ssl=1","contentUrl":"https:\/\/i0.wp.com\/exaudi.org\/wp-content\/uploads\/2026\/09\/1.jpg?fit=1024%2C1024&ssl=1","width":1024,"height":1024,"caption":"La Conversione di San Paolo \u2013 Caravaggio"},{"@type":"BreadcrumbList","@id":"https:\/\/exaudi.org\/it\/laccecante-esplosione-di-grazia-quando-labisso-si-fa-luce\/#breadcrumb","itemListElement":[{"@type":"ListItem","position":1,"name":"Portada","item":"https:\/\/exaudi.org\/it\/"},{"@type":"ListItem","position":2,"name":"L&#8217;Accecante Esplosione di Grazia: Quando l&#8217;Abisso si Fa Luce"}]},{"@type":"WebSite","@id":"https:\/\/exaudi.org\/#website","url":"https:\/\/exaudi.org\/","name":"Exaudi","description":"News","potentialAction":[{"@type":"SearchAction","target":{"@type":"EntryPoint","urlTemplate":"https:\/\/exaudi.org\/?s={search_term_string}"},"query-input":{"@type":"PropertyValueSpecification","valueRequired":true,"valueName":"search_term_string"}}],"inLanguage":"it-IT"},{"@type":"Person","@id":"https:\/\/exaudi.org\/#\/schema\/person\/9c612b7129b856dad9c2f9aca1d69f8e","name":"Sonia Clara del Campo","image":{"@type":"ImageObject","inLanguage":"it-IT","@id":"https:\/\/secure.gravatar.com\/avatar\/ce0229a69d9f3385234a47a959940c8437023df4a527b6779c05478dfe6606e1?s=96&d=mm&r=g","url":"https:\/\/secure.gravatar.com\/avatar\/ce0229a69d9f3385234a47a959940c8437023df4a527b6779c05478dfe6606e1?s=96&d=mm&r=g","contentUrl":"https:\/\/secure.gravatar.com\/avatar\/ce0229a69d9f3385234a47a959940c8437023df4a527b6779c05478dfe6606e1?s=96&d=mm&r=g","caption":"Sonia Clara del Campo"},"description":"Sonia Clara del Campo es historiadora del arte y te\u00f3loga. Se ha dedicado al estudio de la belleza como v\u00eda privilegiada de encuentro con Dios. Apasionada de la m\u00fasica sacra y el arte religioso, escribe desde la convicci\u00f3n de que la Iglesia ha sido la mayor protectora y promotora de las artes en la historia de la humanidad, y que hoy m\u00e1s que nunca necesitamos redescubrir ese tesoro espiritual y cultural.","url":"https:\/\/exaudi.org\/it\/author\/sonia-clara-del-campo\/"}]}},"jetpack_shortlink":"https:\/\/wp.me\/pgKjF2-LPp","jetpack_featured_media_url":"https:\/\/i0.wp.com\/exaudi.org\/wp-content\/uploads\/2026\/09\/1.jpg?fit=1024%2C1024&ssl=1","_links":{"self":[{"href":"https:\/\/exaudi.org\/it\/wp-json\/wp\/v2\/posts\/183855","targetHints":{"allow":["GET"]}}],"collection":[{"href":"https:\/\/exaudi.org\/it\/wp-json\/wp\/v2\/posts"}],"about":[{"href":"https:\/\/exaudi.org\/it\/wp-json\/wp\/v2\/types\/post"}],"author":[{"embeddable":true,"href":"https:\/\/exaudi.org\/it\/wp-json\/wp\/v2\/users\/179"}],"replies":[{"embeddable":true,"href":"https:\/\/exaudi.org\/it\/wp-json\/wp\/v2\/comments?post=183855"}],"version-history":[{"count":5,"href":"https:\/\/exaudi.org\/it\/wp-json\/wp\/v2\/posts\/183855\/revisions"}],"predecessor-version":[{"id":183862,"href":"https:\/\/exaudi.org\/it\/wp-json\/wp\/v2\/posts\/183855\/revisions\/183862"}],"wp:featuredmedia":[{"embeddable":true,"href":"https:\/\/exaudi.org\/it\/wp-json\/wp\/v2\/media\/183857"}],"wp:attachment":[{"href":"https:\/\/exaudi.org\/it\/wp-json\/wp\/v2\/media?parent=183855"}],"wp:term":[{"taxonomy":"category","embeddable":true,"href":"https:\/\/exaudi.org\/it\/wp-json\/wp\/v2\/categories?post=183855"},{"taxonomy":"post_tag","embeddable":true,"href":"https:\/\/exaudi.org\/it\/wp-json\/wp\/v2\/tags?post=183855"}],"curies":[{"name":"wp","href":"https:\/\/api.w.org\/{rel}","templated":true}]}}