{"id":183835,"date":"2026-09-03T17:59:08","date_gmt":"2026-09-03T15:59:08","guid":{"rendered":"https:\/\/exaudi.org\/?p=183835"},"modified":"2026-09-03T17:59:08","modified_gmt":"2026-09-03T15:59:08","slug":"la-gioia-di-riabilitare-un-nome","status":"publish","type":"post","link":"https:\/\/exaudi.org\/it\/la-gioia-di-riabilitare-un-nome\/","title":{"rendered":"La gioia di riabilitare un nome"},"content":{"rendered":"<p><span dir=\"auto\" style=\"vertical-align: inherit\"><span dir=\"auto\" style=\"vertical-align: inherit\">Sono cresciuto nella Chiesa per tutta la mia vita. Nel corso degli anni, ho assistito sia alle luci pi\u00f9 abbaglianti che alle ombre pi\u00f9 profonde dell&#8217;umanit\u00e0 che la compone. Ho visto fragilit\u00e0, peccato, grandezza e santit\u00e0 camminare mano nella mano nelle sale delle nostre parrocchie e diocesi. Ma in ognuna di queste realt\u00e0 umane, in ogni volto, che ridesse o piangesse, ho sempre trovato qualcosa di Cristo. Da l\u00ec, da quella incrollabile certezza che la grazia opera in mezzo alla nostra argilla, \u00e8 da l\u00ec che scelgo di camminare, di guardare il mondo e di scrivere queste righe.<\/span><\/span><\/p>\n<p><span dir=\"auto\" style=\"vertical-align: inherit\"><span dir=\"auto\" style=\"vertical-align: inherit\">Desidero rendere omaggio pubblicamente al Cardinale Ouellet in questo momento. Sono felice di averlo accompagnato e sostenuto durante tutto questo percorso. \u00c8 un grande sacerdote, missionario, educatore nato, teologo e pensatore di spicco nella nostra Chiesa. Ha ricoperto incarichi importanti e si \u00e8 sempre impegnato a servire con amore per la verit\u00e0 e la tradizione della nostra Chiesa.<\/span><\/span><\/p>\n<div class=\"code-block code-block-1\">\n<p>&nbsp;<\/p>\n<div id=\"aswift_2_host\"><\/div>\n<p>&nbsp;<\/p>\n<\/div>\n<p><span dir=\"auto\" style=\"vertical-align: inherit\"><span dir=\"auto\" style=\"vertical-align: inherit\">Oggi ci troviamo di fronte a un terreno tanto sacro quanto profondamente ferito. \u00c8 innegabile che i processi per atti contrari al voto di castit\u00e0 \u2013 e ancor pi\u00f9 acutamente e straziantemente quando questi atti coinvolgono minori \u2013 rappresentino una delle questioni pi\u00f9 dibattute, angoscianti e delicate della storia recente della Chiesa. \u00c8 una ferita aperta nel Corpo di Cristo che addolora tutti noi. Come comunit\u00e0 di credenti, abbiamo il dovere morale ed evangelico di ascoltare le vere vittime, di purificare le nostre istituzioni e di estirpare senza piet\u00e0 ogni traccia di abuso. Questa ricerca di giustizia e di &#8220;tolleranza zero&#8221; non \u00e8 una mera concessione alle esigenze della societ\u00e0 moderna, ma un mandato diretto del Vangelo.<\/span><\/span><\/p>\n<p><span dir=\"auto\" style=\"vertical-align: inherit\"><span dir=\"auto\" style=\"vertical-align: inherit\">Tuttavia, in mezzo a questo zelo del tutto giustificato e necessario per la protezione dei pi\u00f9 vulnerabili, dobbiamo stare molto attenti a non trasformare la presunzione di innocenza in danni collaterali irreparabili. C&#8217;\u00e8 un vecchio proverbio che descrive perfettamente le dinamiche implacabili del nostro tempo:\u00a0 <\/span><\/span><em><span dir=\"auto\" style=\"vertical-align: inherit\"><span dir=\"auto\" style=\"vertical-align: inherit\">&#8220;Un albero fa rumore quando cade, ma non quando cresce<\/span><\/span><\/em><span dir=\"auto\" style=\"vertical-align: inherit\"><span dir=\"auto\" style=\"vertical-align: inherit\"> &#8220;. Quando una figura pubblica viene accusata di tali atti, la frenesia mediatica \u00e8 colossale. La condanna sociale, alimentata dall&#8217;immediatezza della nostra epoca, \u00e8 solitamente automatica e feroce. Ma cosa succede quando la tempesta si placa e il sistema giudiziario dimostra che non c&#8217;era nulla di vero? Cosa facciamo con le persone che sono state assolte, i cui casi legali crollano sotto il loro stesso peso perch\u00e9 si dimostra che sono del tutto infondati? Il silenzio dei media che segue un&#8217;assoluzione \u00e8 spesso doloroso, perch\u00e9 non cercano la verit\u00e0, ma piuttosto il sensazionalismo dell&#8217;albero caduto.<\/span><\/span><\/p>\n<p><span dir=\"auto\" style=\"vertical-align: inherit\"><span dir=\"auto\" style=\"vertical-align: inherit\">Questo \u00e8 il drammatico scenario su cui ci invita a riflettere la recente notizia riguardante il cardinale canadese Marc Ouellet. Figura di immenso prestigio ecclesiastico, \u00e8 stato bersaglio di gravi accuse e, dopo essersi sottoposto al vaglio della magistratura, \u00e8 stato scagionato. Il tribunale civile si \u00e8 pronunciato a suo favore nella causa per diffamazione, affermando inequivocabilmente che le accuse della donna che lo aveva accusato erano infondate e che la sua testimonianza non era &#8220;n\u00e9 credibile n\u00e9 attendibile&#8221;. Il tribunale si \u00e8 spinto oltre, stabilendo che le accuse erano semplicemente false.<\/span><\/span><\/p>\n<p><span dir=\"auto\" style=\"vertical-align: inherit\"><span dir=\"auto\" style=\"vertical-align: inherit\">Esaminando il caso dell&#8217;arcivescovo Ouellet, non si pu\u00f2 fare a meno di porsi una domanda profonda: la reputazione di una persona, la sua identit\u00e0 privata e pubblica, possono davvero essere riabilitate dopo un&#8217;accusa di questo tipo? Il giudice del caso ha evidenziato un aspetto devastante: il danno all&#8217;onore del cardinale \u00e8 stato aggravato dal fatto che il suo caso \u00e8 stato incluso in una class action intentata principalmente contro sacerdoti pedofili. Questo ha ingiustamente equiparato il cardinale, agli occhi del cittadino medio, a un gruppo di individui condannabili, sebbene le accuse contro di lui non riguardassero minori e fossero prive di fondamento.<\/span><\/span><\/p>\n<p><span dir=\"auto\" style=\"vertical-align: inherit\"><span dir=\"auto\" style=\"vertical-align: inherit\">I costi umani, psicologici, spirituali ed economici di questi processi sono assurdi e distruggono intere vite. Un&#8217;accusa infondata pu\u00f2 annientare, con un solo titolo di giornale, il prestigio di un pastore e una vita di dedizione. In mezzo a questa dura realt\u00e0, sorge un&#8217;inevitabile domanda spirituale: che ne \u00e8 del rapporto con Dio e dell&#8217;autorit\u00e0 di coloro che vengono accusati impunemente?<\/span><\/span><\/p>\n<p><span dir=\"auto\" style=\"vertical-align: inherit\"><span dir=\"auto\" style=\"vertical-align: inherit\">L&#8217;autorit\u00e0 nella Chiesa non \u00e8 un esercizio di potere terreno, ma un servizio fondato sulla credibilit\u00e0 morale, sulla testimonianza etica e sull&#8217;amore. Quando un pastore viene diffamato, la sua credibilit\u00e0 \u2013 il suo principale strumento di evangelizzazione, il suo ruolo di pastore \u2013 viene mutilata. Di fronte al mondo, la sua autorit\u00e0 sembra perduta per sempre, avvolta da una nebbia di sospetto. Come si pu\u00f2 ricostruire un&#8217;autorit\u00e0 distrutta in questo modo?<\/span><\/span><\/p>\n<p><span dir=\"auto\" style=\"vertical-align: inherit\"><span dir=\"auto\" style=\"vertical-align: inherit\">Alla luce del Vangelo, sappiamo che questa autorit\u00e0 non si riconquista attraverso costose campagne di pubbliche relazioni o alzando la voce con arroganza. Si ricostruisce dal mistero stesso della Croce. Il credente ingiustamente accusato attraversa una &#8220;notte oscura&#8221;, sperimentando lo stesso abbandono e lo stesso disprezzo che Ges\u00f9 Cristo sub\u00ec quando fu diffamato e condannato dai tribunali del suo tempo. \u00c8 in questo silenzio sofferente che il rapporto con Dio si affina, diventando pi\u00f9 intimo e autentico. L&#8217;autorit\u00e0, dunque, viene ristabilita dalla mitezza e dalla pace di una coscienza immacolata.<\/span><\/span><\/p>\n<p><span dir=\"auto\" style=\"vertical-align: inherit\"><span dir=\"auto\" style=\"vertical-align: inherit\">Il cardinale Ouellet ci ha offerto un fulgido esempio di come la leadership cristiana si ricostruisca dopo il calvario della diffamazione: ha annunciato che i 100.000 dollari di risarcimento danni disposti dal giudice saranno interamente devoluti a organizzazioni che combattono i veri abusi subiti dalle popolazioni indigene nel suo Paese. In questo modo, la ferita di un&#8217;accusa ingiusta si trasforma in un atto di carit\u00e0 concreta. L&#8217;autorit\u00e0 morale si ricostruisce non dal risentimento o dalla vendetta, ma dalla misericordia evangelica.<\/span><\/span><\/p>\n<p><span dir=\"auto\" style=\"vertical-align: inherit\"><span dir=\"auto\" style=\"vertical-align: inherit\">Dobbiamo essere estremamente prudenti ed equilibrati in questa materia. Celebrare un&#8217;assoluzione non deve mai essere interpretato come una mancanza di empatia per l&#8217;immenso dolore delle vere vittime. Tuttavia, questo sacro rispetto per la sofferenza altrui non deve impedirci di provare e proclamare la gioia di riabilitare un nome. Restituire l&#8217;onore a chi ne \u00e8 stato ingiustamente privato \u00e8 un atto supremo di carit\u00e0 e un dovere di giustizia.<\/span><\/span><\/p>\n<p><span dir=\"auto\" style=\"vertical-align: inherit\"><span dir=\"auto\" style=\"vertical-align: inherit\">Riscattare un nome significa riconoscere che la verit\u00e0, sebbene a volte possa giungere lentamente, ha l&#8217;ultima parola. Ges\u00f9 ci ha promesso che\u00a0 <\/span><\/span><em><span dir=\"auto\" style=\"vertical-align: inherit\"><span dir=\"auto\" style=\"vertical-align: inherit\">&#8220;la verit\u00e0 vi render\u00e0 liberi<\/span><\/span><\/em><span dir=\"auto\" style=\"vertical-align: inherit\"><span dir=\"auto\" style=\"vertical-align: inherit\"> &#8220;. Quando la giustizia trionfa, l&#8217;intera comunit\u00e0 cristiana dovrebbe gioire, perch\u00e9 un membro del Corpo di Cristo, ferito dalla menzogna, viene guarito.<\/span><\/span><\/p>\n<p><span dir=\"auto\" style=\"vertical-align: inherit\"><span dir=\"auto\" style=\"vertical-align: inherit\">La Chiesa \u00e8 chiamata a camminare sempre abbracciando la giustizia e la verit\u00e0, condannando fermamente il peccato, proteggendo i pi\u00f9 vulnerabili, ma difendendo con uguale forza l&#8217;onore e la presunzione di innocenza dei nostri fratelli e sorelle. Nonostante le nostre ombre, le nostre sofferenze, la grazia di Dio continua a crescere silenziosamente e a traboccare. E in quella silenziosa foresta di uomini e donne di fede che camminano nell&#8217;amore di Cristo, ogni nome riabilitato, ogni verit\u00e0 portata alla luce, \u00e8 un nuovo germoglio di speranza per tutta l&#8217;umanit\u00e0.<\/span><\/span><\/p>\n<p><em><strong><span dir=\"auto\" style=\"vertical-align: inherit\"><span dir=\"auto\" style=\"vertical-align: inherit\">Mario J. Paredes. Presidente. Accademia Internazionale dei Leader Cattolici<\/span><\/span><\/strong><\/em><\/p>\n<p><a href=\"https:\/\/www.vaticannews.va\/es\/vaticano\/news\/2026-09\/ouellet-gana-causa-mujer-acuso-abusos-sexuales-canada.html\" target=\"_blank\" rel=\"noopener\"><em><strong><span dir=\"auto\" style=\"vertical-align: inherit\"><span dir=\"auto\" style=\"vertical-align: inherit\">Ulteriori informazioni sul caso Ouellet<\/span><\/span><\/strong><\/em><\/a><\/p>\n","protected":false},"excerpt":{"rendered":"<p>Il Cardinale Marc Ouellet: L&#8217;incrollabile ricerca della verit\u00e0, il ripristino dell&#8217;onore e la restaurazione della leadership cristiana attraverso la fede<\/p>\n","protected":false},"author":114,"featured_media":183590,"comment_status":"closed","ping_status":"closed","sticky":false,"template":"","format":"standard","meta":{"_acf_changed":false,"inline_featured_image":false,"_wpcom_ai_launchpad_first_post":false,"footnotes":"","jetpack_post_was_ever_published":false},"categories":[129],"tags":[121432,121430,29753,121431,121429,21923,64541,121433,121434,64787,121352],"class_list":["post-183835","post","type-post","status-publish","format-standard","has-post-thumbnail","hentry","category-voci","tag-diffamazione-nella-chiesa","tag-false-accuse-contro-la-chiesa","tag-giustizia-ecclesiastica","tag-il-cardinale-marc-ouellet","tag-lassoluzione-del-cardinale-ouellet","tag-leadership-cattolica","tag-mario-j-paredes-it","tag-presunzione-di-innocenza-nella-chiesa-cattolica","tag-restauro-dellonore","tag-trending-it-236","tag-verita-e-giustizia"],"acf":[],"yoast_head":"<!-- This site is optimized with the Yoast SEO plugin v28.4 - https:\/\/yoast.com\/product\/yoast-seo-wordpress\/ -->\n<title>La gioia di riabilitare un nome &#8211; Exaudi<\/title>\n<meta name=\"robots\" content=\"index, follow, max-snippet:-1, max-image-preview:large, max-video-preview:-1\" \/>\n<link rel=\"canonical\" href=\"https:\/\/exaudi.org\/it\/la-gioia-di-riabilitare-un-nome\/\" \/>\n<meta property=\"og:locale\" content=\"it_IT\" \/>\n<meta property=\"og:type\" content=\"article\" \/>\n<meta property=\"og:title\" content=\"La gioia di riabilitare un nome &#8211; Exaudi\" \/>\n<meta property=\"og:description\" content=\"Il Cardinale Marc Ouellet: L&#039;incrollabile ricerca della verit\u00e0, il ripristino dell&#039;onore e la restaurazione della leadership cristiana attraverso la fede\" \/>\n<meta property=\"og:url\" content=\"https:\/\/exaudi.org\/it\/la-gioia-di-riabilitare-un-nome\/\" \/>\n<meta property=\"og:site_name\" content=\"Exaudi\" \/>\n<meta property=\"article:publisher\" content=\"https:\/\/www.facebook.com\/ExaudiNews\" \/>\n<meta property=\"article:author\" content=\"https:\/\/www.facebook.com\/SOMOSCommunityCare\/\" \/>\n<meta property=\"article:published_time\" content=\"2026-09-03T15:59:08+00:00\" \/>\n<meta property=\"og:image\" content=\"https:\/\/exaudi.org\/wp-content\/uploads\/2026\/09\/Vyv39.jpg\" \/>\n\t<meta property=\"og:image:width\" content=\"1280\" \/>\n\t<meta property=\"og:image:height\" content=\"720\" \/>\n\t<meta property=\"og:image:type\" content=\"image\/jpeg\" \/>\n<meta name=\"author\" content=\"Mario J. Paredes\" \/>\n<meta name=\"twitter:card\" content=\"summary_large_image\" \/>\n<meta name=\"twitter:creator\" content=\"@SOMOSCare\" \/>\n<meta name=\"twitter:site\" content=\"@Exaudi_News\" \/>\n<meta name=\"twitter:label1\" content=\"Scritto da\" \/>\n\t<meta name=\"twitter:data1\" content=\"Mario J. Paredes\" \/>\n\t<meta name=\"twitter:label2\" content=\"Tempo di lettura stimato\" \/>\n\t<meta name=\"twitter:data2\" content=\"6 minuti\" \/>\n<script type=\"application\/ld+json\" class=\"yoast-schema-graph\">{\"@context\":\"https:\\\/\\\/schema.org\",\"@graph\":[{\"@type\":\"Article\",\"@id\":\"https:\\\/\\\/exaudi.org\\\/it\\\/la-gioia-di-riabilitare-un-nome\\\/#article\",\"isPartOf\":{\"@id\":\"https:\\\/\\\/exaudi.org\\\/it\\\/la-gioia-di-riabilitare-un-nome\\\/\"},\"author\":{\"name\":\"Mario J. Paredes\",\"@id\":\"https:\\\/\\\/exaudi.org\\\/#\\\/schema\\\/person\\\/f4babf785ff6e9ecd6850d1802095c1d\"},\"headline\":\"La gioia di riabilitare un nome\",\"datePublished\":\"2026-09-03T15:59:08+00:00\",\"mainEntityOfPage\":{\"@id\":\"https:\\\/\\\/exaudi.org\\\/it\\\/la-gioia-di-riabilitare-un-nome\\\/\"},\"wordCount\":1141,\"image\":{\"@id\":\"https:\\\/\\\/exaudi.org\\\/it\\\/la-gioia-di-riabilitare-un-nome\\\/#primaryimage\"},\"thumbnailUrl\":\"https:\\\/\\\/i0.wp.com\\\/exaudi.org\\\/wp-content\\\/uploads\\\/2026\\\/09\\\/Vyv39.jpg?fit=1280%2C720&ssl=1\",\"keywords\":[\"diffamazione nella Chiesa\",\"false accuse contro la Chiesa\",\"giustizia ecclesiastica\",\"Il Cardinale Marc Ouellet\",\"L'assoluzione del Cardinale Ouellet\",\"LEADERSHIP CATTOLICA\",\"MARIO J. PAREDES\",\"presunzione di innocenza nella Chiesa cattolica\",\"restauro dell'onore\",\"Trending\",\"Verit\u00e0 e giustizia\"],\"articleSection\":[\"Voci\"],\"inLanguage\":\"it-IT\"},{\"@type\":\"WebPage\",\"@id\":\"https:\\\/\\\/exaudi.org\\\/it\\\/la-gioia-di-riabilitare-un-nome\\\/\",\"url\":\"https:\\\/\\\/exaudi.org\\\/it\\\/la-gioia-di-riabilitare-un-nome\\\/\",\"name\":\"La gioia di riabilitare un nome &#8211; Exaudi\",\"isPartOf\":{\"@id\":\"https:\\\/\\\/exaudi.org\\\/#website\"},\"primaryImageOfPage\":{\"@id\":\"https:\\\/\\\/exaudi.org\\\/it\\\/la-gioia-di-riabilitare-un-nome\\\/#primaryimage\"},\"image\":{\"@id\":\"https:\\\/\\\/exaudi.org\\\/it\\\/la-gioia-di-riabilitare-un-nome\\\/#primaryimage\"},\"thumbnailUrl\":\"https:\\\/\\\/i0.wp.com\\\/exaudi.org\\\/wp-content\\\/uploads\\\/2026\\\/09\\\/Vyv39.jpg?fit=1280%2C720&ssl=1\",\"datePublished\":\"2026-09-03T15:59:08+00:00\",\"author\":{\"@id\":\"https:\\\/\\\/exaudi.org\\\/#\\\/schema\\\/person\\\/f4babf785ff6e9ecd6850d1802095c1d\"},\"breadcrumb\":{\"@id\":\"https:\\\/\\\/exaudi.org\\\/it\\\/la-gioia-di-riabilitare-un-nome\\\/#breadcrumb\"},\"inLanguage\":\"it-IT\",\"potentialAction\":[{\"@type\":\"ReadAction\",\"target\":[\"https:\\\/\\\/exaudi.org\\\/it\\\/la-gioia-di-riabilitare-un-nome\\\/\"]}]},{\"@type\":\"ImageObject\",\"inLanguage\":\"it-IT\",\"@id\":\"https:\\\/\\\/exaudi.org\\\/it\\\/la-gioia-di-riabilitare-un-nome\\\/#primaryimage\",\"url\":\"https:\\\/\\\/i0.wp.com\\\/exaudi.org\\\/wp-content\\\/uploads\\\/2026\\\/09\\\/Vyv39.jpg?fit=1280%2C720&ssl=1\",\"contentUrl\":\"https:\\\/\\\/i0.wp.com\\\/exaudi.org\\\/wp-content\\\/uploads\\\/2026\\\/09\\\/Vyv39.jpg?fit=1280%2C720&ssl=1\",\"width\":1280,\"height\":720},{\"@type\":\"BreadcrumbList\",\"@id\":\"https:\\\/\\\/exaudi.org\\\/it\\\/la-gioia-di-riabilitare-un-nome\\\/#breadcrumb\",\"itemListElement\":[{\"@type\":\"ListItem\",\"position\":1,\"name\":\"Portada\",\"item\":\"https:\\\/\\\/exaudi.org\\\/it\\\/\"},{\"@type\":\"ListItem\",\"position\":2,\"name\":\"La gioia di riabilitare un nome\"}]},{\"@type\":\"WebSite\",\"@id\":\"https:\\\/\\\/exaudi.org\\\/#website\",\"url\":\"https:\\\/\\\/exaudi.org\\\/\",\"name\":\"Exaudi\",\"description\":\"News\",\"potentialAction\":[{\"@type\":\"SearchAction\",\"target\":{\"@type\":\"EntryPoint\",\"urlTemplate\":\"https:\\\/\\\/exaudi.org\\\/?s={search_term_string}\"},\"query-input\":{\"@type\":\"PropertyValueSpecification\",\"valueRequired\":true,\"valueName\":\"search_term_string\"}}],\"inLanguage\":\"it-IT\"},{\"@type\":\"Person\",\"@id\":\"https:\\\/\\\/exaudi.org\\\/#\\\/schema\\\/person\\\/f4babf785ff6e9ecd6850d1802095c1d\",\"name\":\"Mario J. Paredes\",\"image\":{\"@type\":\"ImageObject\",\"inLanguage\":\"it-IT\",\"@id\":\"https:\\\/\\\/secure.gravatar.com\\\/avatar\\\/28c707f8b881139d324797c87373ccf8502494a7f73d0f6d23dcda1548e9d254?s=96&d=mm&r=g\",\"url\":\"https:\\\/\\\/secure.gravatar.com\\\/avatar\\\/28c707f8b881139d324797c87373ccf8502494a7f73d0f6d23dcda1548e9d254?s=96&d=mm&r=g\",\"contentUrl\":\"https:\\\/\\\/secure.gravatar.com\\\/avatar\\\/28c707f8b881139d324797c87373ccf8502494a7f73d0f6d23dcda1548e9d254?s=96&d=mm&r=g\",\"caption\":\"Mario J. Paredes\"},\"description\":\"Presidente ejecutivo de SOMOS Community Care, una red de 2,600 m\u00e9dicos independientes -en su mayor\u00eda de atenci\u00f3n primaria- que atienden a cerca de un mill\u00f3n de los pacientes m\u00e1s vulnerables del Medicaid de la Ciudad de Nueva York\",\"sameAs\":[\"http:\\\/\\\/somosnyhealth.org\",\"https:\\\/\\\/www.facebook.com\\\/SOMOSCommunityCare\\\/\",\"https:\\\/\\\/www.instagram.com\\\/somoscare\\\/\",\"https:\\\/\\\/www.linkedin.com\\\/company\\\/somoscommunitycare\\\/\",\"https:\\\/\\\/x.com\\\/SOMOSCare\",\"https:\\\/\\\/www.youtube.com\\\/channel\\\/UCUrnRjEHj5UrNvxU0jHSzQQ\"],\"url\":\"https:\\\/\\\/exaudi.org\\\/it\\\/author\\\/mario-j-paredes\\\/\"}]}<\/script>\n<!-- \/ Yoast SEO plugin. -->","yoast_head_json":{"title":"La gioia di riabilitare un nome &#8211; Exaudi","robots":{"index":"index","follow":"follow","max-snippet":"max-snippet:-1","max-image-preview":"max-image-preview:large","max-video-preview":"max-video-preview:-1"},"canonical":"https:\/\/exaudi.org\/it\/la-gioia-di-riabilitare-un-nome\/","og_locale":"it_IT","og_type":"article","og_title":"La gioia di riabilitare un nome &#8211; Exaudi","og_description":"Il Cardinale Marc Ouellet: L'incrollabile ricerca della verit\u00e0, il ripristino dell'onore e la restaurazione della leadership cristiana attraverso la fede","og_url":"https:\/\/exaudi.org\/it\/la-gioia-di-riabilitare-un-nome\/","og_site_name":"Exaudi","article_publisher":"https:\/\/www.facebook.com\/ExaudiNews","article_author":"https:\/\/www.facebook.com\/SOMOSCommunityCare\/","article_published_time":"2026-09-03T15:59:08+00:00","og_image":[{"width":1280,"height":720,"url":"https:\/\/exaudi.org\/wp-content\/uploads\/2026\/09\/Vyv39.jpg","type":"image\/jpeg"}],"author":"Mario J. Paredes","twitter_card":"summary_large_image","twitter_creator":"@SOMOSCare","twitter_site":"@Exaudi_News","twitter_misc":{"Scritto da":"Mario J. Paredes","Tempo di lettura stimato":"6 minuti"},"schema":{"@context":"https:\/\/schema.org","@graph":[{"@type":"Article","@id":"https:\/\/exaudi.org\/it\/la-gioia-di-riabilitare-un-nome\/#article","isPartOf":{"@id":"https:\/\/exaudi.org\/it\/la-gioia-di-riabilitare-un-nome\/"},"author":{"name":"Mario J. Paredes","@id":"https:\/\/exaudi.org\/#\/schema\/person\/f4babf785ff6e9ecd6850d1802095c1d"},"headline":"La gioia di riabilitare un nome","datePublished":"2026-09-03T15:59:08+00:00","mainEntityOfPage":{"@id":"https:\/\/exaudi.org\/it\/la-gioia-di-riabilitare-un-nome\/"},"wordCount":1141,"image":{"@id":"https:\/\/exaudi.org\/it\/la-gioia-di-riabilitare-un-nome\/#primaryimage"},"thumbnailUrl":"https:\/\/i0.wp.com\/exaudi.org\/wp-content\/uploads\/2026\/09\/Vyv39.jpg?fit=1280%2C720&ssl=1","keywords":["diffamazione nella Chiesa","false accuse contro la Chiesa","giustizia ecclesiastica","Il Cardinale Marc Ouellet","L'assoluzione del Cardinale Ouellet","LEADERSHIP CATTOLICA","MARIO J. PAREDES","presunzione di innocenza nella Chiesa cattolica","restauro dell'onore","Trending","Verit\u00e0 e giustizia"],"articleSection":["Voci"],"inLanguage":"it-IT"},{"@type":"WebPage","@id":"https:\/\/exaudi.org\/it\/la-gioia-di-riabilitare-un-nome\/","url":"https:\/\/exaudi.org\/it\/la-gioia-di-riabilitare-un-nome\/","name":"La gioia di riabilitare un nome &#8211; Exaudi","isPartOf":{"@id":"https:\/\/exaudi.org\/#website"},"primaryImageOfPage":{"@id":"https:\/\/exaudi.org\/it\/la-gioia-di-riabilitare-un-nome\/#primaryimage"},"image":{"@id":"https:\/\/exaudi.org\/it\/la-gioia-di-riabilitare-un-nome\/#primaryimage"},"thumbnailUrl":"https:\/\/i0.wp.com\/exaudi.org\/wp-content\/uploads\/2026\/09\/Vyv39.jpg?fit=1280%2C720&ssl=1","datePublished":"2026-09-03T15:59:08+00:00","author":{"@id":"https:\/\/exaudi.org\/#\/schema\/person\/f4babf785ff6e9ecd6850d1802095c1d"},"breadcrumb":{"@id":"https:\/\/exaudi.org\/it\/la-gioia-di-riabilitare-un-nome\/#breadcrumb"},"inLanguage":"it-IT","potentialAction":[{"@type":"ReadAction","target":["https:\/\/exaudi.org\/it\/la-gioia-di-riabilitare-un-nome\/"]}]},{"@type":"ImageObject","inLanguage":"it-IT","@id":"https:\/\/exaudi.org\/it\/la-gioia-di-riabilitare-un-nome\/#primaryimage","url":"https:\/\/i0.wp.com\/exaudi.org\/wp-content\/uploads\/2026\/09\/Vyv39.jpg?fit=1280%2C720&ssl=1","contentUrl":"https:\/\/i0.wp.com\/exaudi.org\/wp-content\/uploads\/2026\/09\/Vyv39.jpg?fit=1280%2C720&ssl=1","width":1280,"height":720},{"@type":"BreadcrumbList","@id":"https:\/\/exaudi.org\/it\/la-gioia-di-riabilitare-un-nome\/#breadcrumb","itemListElement":[{"@type":"ListItem","position":1,"name":"Portada","item":"https:\/\/exaudi.org\/it\/"},{"@type":"ListItem","position":2,"name":"La gioia di riabilitare un nome"}]},{"@type":"WebSite","@id":"https:\/\/exaudi.org\/#website","url":"https:\/\/exaudi.org\/","name":"Exaudi","description":"News","potentialAction":[{"@type":"SearchAction","target":{"@type":"EntryPoint","urlTemplate":"https:\/\/exaudi.org\/?s={search_term_string}"},"query-input":{"@type":"PropertyValueSpecification","valueRequired":true,"valueName":"search_term_string"}}],"inLanguage":"it-IT"},{"@type":"Person","@id":"https:\/\/exaudi.org\/#\/schema\/person\/f4babf785ff6e9ecd6850d1802095c1d","name":"Mario J. Paredes","image":{"@type":"ImageObject","inLanguage":"it-IT","@id":"https:\/\/secure.gravatar.com\/avatar\/28c707f8b881139d324797c87373ccf8502494a7f73d0f6d23dcda1548e9d254?s=96&d=mm&r=g","url":"https:\/\/secure.gravatar.com\/avatar\/28c707f8b881139d324797c87373ccf8502494a7f73d0f6d23dcda1548e9d254?s=96&d=mm&r=g","contentUrl":"https:\/\/secure.gravatar.com\/avatar\/28c707f8b881139d324797c87373ccf8502494a7f73d0f6d23dcda1548e9d254?s=96&d=mm&r=g","caption":"Mario J. Paredes"},"description":"Presidente ejecutivo de SOMOS Community Care, una red de 2,600 m\u00e9dicos independientes -en su mayor\u00eda de atenci\u00f3n primaria- que atienden a cerca de un mill\u00f3n de los pacientes m\u00e1s vulnerables del Medicaid de la Ciudad de Nueva York","sameAs":["http:\/\/somosnyhealth.org","https:\/\/www.facebook.com\/SOMOSCommunityCare\/","https:\/\/www.instagram.com\/somoscare\/","https:\/\/www.linkedin.com\/company\/somoscommunitycare\/","https:\/\/x.com\/SOMOSCare","https:\/\/www.youtube.com\/channel\/UCUrnRjEHj5UrNvxU0jHSzQQ"],"url":"https:\/\/exaudi.org\/it\/author\/mario-j-paredes\/"}]}},"jetpack_shortlink":"https:\/\/wp.me\/pgKjF2-LP5","jetpack_featured_media_url":"https:\/\/i0.wp.com\/exaudi.org\/wp-content\/uploads\/2026\/09\/Vyv39.jpg?fit=1280%2C720&ssl=1","_links":{"self":[{"href":"https:\/\/exaudi.org\/it\/wp-json\/wp\/v2\/posts\/183835","targetHints":{"allow":["GET"]}}],"collection":[{"href":"https:\/\/exaudi.org\/it\/wp-json\/wp\/v2\/posts"}],"about":[{"href":"https:\/\/exaudi.org\/it\/wp-json\/wp\/v2\/types\/post"}],"author":[{"embeddable":true,"href":"https:\/\/exaudi.org\/it\/wp-json\/wp\/v2\/users\/114"}],"replies":[{"embeddable":true,"href":"https:\/\/exaudi.org\/it\/wp-json\/wp\/v2\/comments?post=183835"}],"version-history":[{"count":4,"href":"https:\/\/exaudi.org\/it\/wp-json\/wp\/v2\/posts\/183835\/revisions"}],"predecessor-version":[{"id":183839,"href":"https:\/\/exaudi.org\/it\/wp-json\/wp\/v2\/posts\/183835\/revisions\/183839"}],"wp:featuredmedia":[{"embeddable":true,"href":"https:\/\/exaudi.org\/it\/wp-json\/wp\/v2\/media\/183590"}],"wp:attachment":[{"href":"https:\/\/exaudi.org\/it\/wp-json\/wp\/v2\/media?parent=183835"}],"wp:term":[{"taxonomy":"category","embeddable":true,"href":"https:\/\/exaudi.org\/it\/wp-json\/wp\/v2\/categories?post=183835"},{"taxonomy":"post_tag","embeddable":true,"href":"https:\/\/exaudi.org\/it\/wp-json\/wp\/v2\/tags?post=183835"}],"curies":[{"name":"wp","href":"https:\/\/api.w.org\/{rel}","templated":true}]}}