{"id":183824,"date":"2026-09-03T17:39:35","date_gmt":"2026-09-03T15:39:35","guid":{"rendered":"https:\/\/exaudi.org\/?p=183824"},"modified":"2026-09-03T17:39:36","modified_gmt":"2026-09-03T15:39:36","slug":"oltre-il-pessimismo-storico","status":"publish","type":"post","link":"https:\/\/exaudi.org\/it\/oltre-il-pessimismo-storico\/","title":{"rendered":"Oltre il pessimismo storico"},"content":{"rendered":"<p><span dir=\"auto\" style=\"vertical-align: inherit\"><span dir=\"auto\" style=\"vertical-align: inherit\">Viviamo in tempi di smarrimento. Nelle societ\u00e0 occidentali contemporanee, profondamente polarizzate e afflitte da dolorose disuguaglianze, \u00e8 comune cedere alla tentazione della disperazione. Nei media e negli ambienti politici abbondano annunci funesti che proclamano una sorta di declino irreversibile della nostra civilt\u00e0.<\/span><\/span><\/p>\n<p><span dir=\"auto\" style=\"vertical-align: inherit\"><span dir=\"auto\" style=\"vertical-align: inherit\">Tuttavia, la risposta cristiana a questa situazione non pu\u00f2 e non deve essere improntata al pessimismo storico, n\u00e9 tantomeno a quella cecit\u00e0 opportunistica che preferisce ignorare i conflitti. Lungi dal chiudere gli occhi di fronte alle difficolt\u00e0 o alla polarizzazione, la Chiesa \u00e8 chiamata a esercitare radicalmente la sua natura pastorale: a discernere e condividere in solidariet\u00e0 \u00able gioie e le speranze, i dolori e le angosce degli uomini del nostro tempo, specialmente dei poveri e di coloro che sono in qualche modo afflitti\u00bb (GS 1).<\/span><\/span><\/p>\n<h3><b><span dir=\"auto\" style=\"vertical-align: inherit\"><span dir=\"auto\" style=\"vertical-align: inherit\">Il pericolo del pessimismo e la trappola del falso realismo<\/span><\/span><\/b><\/h3>\n<p><span dir=\"auto\" style=\"vertical-align: inherit\"><span dir=\"auto\" style=\"vertical-align: inherit\">Come ammoniva San Giovanni XXIII nella sua storica\u00a0 <\/span><\/span><i><span dir=\"auto\" style=\"vertical-align: inherit\"><span dir=\"auto\" style=\"vertical-align: inherit\">Gaudet Mater Ecclesia,<\/span><\/span><\/i><span dir=\"auto\" style=\"vertical-align: inherit\"><span dir=\"auto\" style=\"vertical-align: inherit\"> pronunciata \u00a0all&#8217;apertura del Concilio Vaticano II, \u00e8 necessario guardarsi da quei &#8220;profeti di sventura&#8221; che predicano che i tempi presenti siano intrinsecamente peggiori del passato e si comportano come se la storia non avesse pi\u00f9 nulla da insegnare loro. Cedere a questo pessimismo significa in definitiva dubitare della misteriosa azione della Divina Provvidenza nelle vicende umane.<\/span><\/span><\/p>\n<div class=\"code-block code-block-1\">\n<p>&nbsp;<\/p>\n<div id=\"aswift_2_host\"><\/div>\n<p>&nbsp;<\/p>\n<\/div>\n<p><span dir=\"auto\" style=\"vertical-align: inherit\"><span dir=\"auto\" style=\"vertical-align: inherit\">Riconoscere di vivere in un mondo polarizzato, tecnologicamente avanzato ma eticamente disorientato, non significa cedere al fatalismo. I problemi che affrontiamo \u2013 dalle palesi disuguaglianze socioeconomiche alle crisi ecologiche e ai conflitti armati \u2013 non sono n\u00e9 lineari n\u00e9 semplicistici; sono profondamente sfaccettati. Pretendere soluzioni semplicistiche a realt\u00e0 complesse \u00e8 il sintomo pi\u00f9 evidente di una mentalit\u00e0 polarizzata che cerca capri espiatori anzich\u00e9 soluzioni.<\/span><\/span><\/p>\n<h3><b><span dir=\"auto\" style=\"vertical-align: inherit\"><span dir=\"auto\" style=\"vertical-align: inherit\">Da sterile lamentela ad azione fruttuosa: preghiera e sacrificio<\/span><\/span><\/b><\/h3>\n<p><span dir=\"auto\" style=\"vertical-align: inherit\"><span dir=\"auto\" style=\"vertical-align: inherit\">\u00c8 inutile passare l&#8217;intera giornata a lamentarsi dello stato delle cose o a deplorare la direzione che sta prendendo la societ\u00e0 in modo passivo e improduttivo. Dobbiamo fare il salto verso un approccio veramente attivo. Certamente, le opportunit\u00e0 per i cittadini comuni di agire direttamente e immediatamente per risolvere le grandi polarizzazioni e i conflitti geopolitici o sociali globali sono poche. Tuttavia, non dobbiamo mai dubitare dell&#8217;immensa efficacia e del potere reale della preghiera e del sacrificio.<\/span><\/span><\/p>\n<p><span dir=\"auto\" style=\"vertical-align: inherit\"><span dir=\"auto\" style=\"vertical-align: inherit\">Di fronte a questi problemi e a questi errori dottrinali o morali, dobbiamo mantenere quella che potremmo definire una\u00a0 <\/span><\/span><b><span dir=\"auto\" style=\"vertical-align: inherit\"><span dir=\"auto\" style=\"vertical-align: inherit\">sana intransigenza<\/span><\/span><\/b><span dir=\"auto\" style=\"vertical-align: inherit\"><span dir=\"auto\" style=\"vertical-align: inherit\"> : non condonare mai l&#8217;errore n\u00e9 scendere a compromessi con ci\u00f2 che \u00e8 sbagliato, rimanendo fermi nella verit\u00e0, ma mostrando sempre un profondo e incrollabile rispetto per coloro che li commettono.<\/span><\/span><\/p>\n<h3><b><span dir=\"auto\" style=\"vertical-align: inherit\"><span dir=\"auto\" style=\"vertical-align: inherit\">Lo sguardo di Cristo: un poliedro senza cultura dello scarto<\/span><\/span><\/b><\/h3>\n<p><span dir=\"auto\" style=\"vertical-align: inherit\"><span dir=\"auto\" style=\"vertical-align: inherit\">Di fronte a questa complessit\u00e0, la comunit\u00e0 ecclesiale deve armarsi dello sguardo di Cristo. In quello sguardo non c&#8217;\u00e8 spazio per l&#8217;esclusione o l&#8217;indifferenza. Come ci ricorda l&#8217;attuale Magistero con la sua categoria teologica dell&#8217;opzione preferenziale per i poveri, i volti sofferenti del nostro tempo non sono semplici statistiche sociologiche, ma luoghi teologici in cui il Signore stesso si rivela a noi.<\/span><\/span><\/p>\n<p><span dir=\"auto\" style=\"vertical-align: inherit\"><span dir=\"auto\" style=\"vertical-align: inherit\">La Chiesa indica costantemente Ges\u00f9 Cristo come \u00abla chiave, il centro e il fine di tutta la storia umana\u00bb (GS 10), accantonando ogni ambizione terrena per dedicarsi al servizio del mondo. Questa prospettiva esige che coltiviamo una pazienza attiva. Non una pazienza passiva che si limita a lasciare passare il tempo nella speranza di un giorno di pioggia, ma una ferma perseveranza che nasce dalla certezza che Cristo ha gi\u00e0 vinto la morte e il peccato. La nostra visione deve essere radicalmente ottimistica, fondata non su un ingenuo ottimismo terreno, ma sulla vittoria pasquale che sostiene la storia.<\/span><\/span><\/p>\n<h3><b><span dir=\"auto\" style=\"vertical-align: inherit\"><span dir=\"auto\" style=\"vertical-align: inherit\">Costruttori di ponti in un mondo frammentato<\/span><\/span><\/b><\/h3>\n<p><span dir=\"auto\" style=\"vertical-align: inherit\"><span dir=\"auto\" style=\"vertical-align: inherit\">In questo contesto di divisioni ideologiche e sociali, ci viene costantemente ricordato un appello imprescindibile: dobbiamo essere costruttori di ponti. La polarizzazione prospera sulle posizioni radicate, sulla denigrazione reciproca e sull&#8217;incapacit\u00e0 di ascoltare chi la pensa diversamente. Il compito della Chiesa, e per estensione di tutti i credenti e le persone di buona volont\u00e0, \u00e8 quello di abbattere questi muri mentali ed emotivi.<\/span><\/span><\/p>\n<p><span dir=\"auto\" style=\"vertical-align: inherit\"><span dir=\"auto\" style=\"vertical-align: inherit\">Essere costruttori di ponti significa percorrere il difficile cammino del dialogo sociale e politico con la convinzione che nessuna legittima aspirazione umana sia estranea al cuore della Chiesa. Significa riconoscere che la pace non si costruisce attraverso sterili scontri o l&#8217;illusione della guerra, ma attraverso l&#8217;impegno quotidiano dell&#8217;ascolto, della compassione e della tenerezza.<\/span><\/span><\/p>\n<h3><b><span dir=\"auto\" style=\"vertical-align: inherit\"><span dir=\"auto\" style=\"vertical-align: inherit\">Conclusione: una speranza che non delude<\/span><\/span><\/b><\/h3>\n<p><span dir=\"auto\" style=\"vertical-align: inherit\"><span dir=\"auto\" style=\"vertical-align: inherit\">Superare il pessimismo storico non significa ignorare la sofferenza del mondo, ma affrontarla frontalmente con gli occhi della fede. Sostenuti dalla gioia e dalla speranza ( <\/span><\/span><i><span dir=\"auto\" style=\"vertical-align: inherit\"><span dir=\"auto\" style=\"vertical-align: inherit\">Gaudium et Spes<\/span><\/span><\/i><span dir=\"auto\" style=\"vertical-align: inherit\"><span dir=\"auto\" style=\"vertical-align: inherit\"> ), siamo chiamati a camminare come lievito in mezzo alle nostre societ\u00e0 polarizzate. Con lo sguardo fisso su Cristo, centro della storia, e con le mani pronte al servizio e al dialogo, ogni cristiano oggi ha la splendida opportunit\u00e0 di essere artefice di armonia e testimone di una speranza che non delude mai.<\/span><\/span><\/p>\n","protected":false},"excerpt":{"rendered":"<p>Guardare alla polarizzazione contemporanea con la speranza attiva e costruttiva della Chiesa<\/p>\n","protected":false},"author":192,"featured_media":183685,"comment_status":"closed","ping_status":"closed","sticky":false,"template":"","format":"standard","meta":{"_acf_changed":false,"inline_featured_image":false,"_wpcom_ai_launchpad_first_post":false,"footnotes":"","jetpack_post_was_ever_published":false},"categories":[71],"tags":[64805,121420,115889,118978,64851,46524,14026,58038,64910,121422,121423,121421,39181,121424,579],"class_list":["post-183824","post","type-post","status-publish","format-standard","has-post-thumbnail","hentry","category-analisi","tag-chiesa-e-societa-it","tag-costruttori-di-ponti","tag-dialogo-sociale","tag-eloy-asenjo-carpintero-2","tag-featured-it-2","tag-fede-e-societa","tag-gaudium-et-spes-2","tag-giovanni-xxiii","tag-leone-xiv-it","tag-lo-sguardo-di-cristo","tag-polarizzazione-contemporanea","tag-profeti-di-sventura","tag-speranza-attiva","tag-superare-il-pessimismo","tag-udienza-generale"],"acf":[],"yoast_head":"<!-- This site is optimized with the Yoast SEO plugin v28.4 - https:\/\/yoast.com\/product\/yoast-seo-wordpress\/ -->\n<title>Oltre il pessimismo storico &#8211; Exaudi<\/title>\n<meta name=\"robots\" content=\"index, follow, max-snippet:-1, max-image-preview:large, max-video-preview:-1\" \/>\n<link rel=\"canonical\" href=\"https:\/\/exaudi.org\/it\/oltre-il-pessimismo-storico\/\" \/>\n<meta property=\"og:locale\" content=\"it_IT\" \/>\n<meta property=\"og:type\" content=\"article\" \/>\n<meta property=\"og:title\" content=\"Oltre il pessimismo storico &#8211; Exaudi\" \/>\n<meta property=\"og:description\" content=\"Guardare alla polarizzazione contemporanea con la speranza attiva e costruttiva della Chiesa\" \/>\n<meta property=\"og:url\" content=\"https:\/\/exaudi.org\/it\/oltre-il-pessimismo-storico\/\" \/>\n<meta property=\"og:site_name\" content=\"Exaudi\" \/>\n<meta property=\"article:publisher\" content=\"https:\/\/www.facebook.com\/ExaudiNews\" \/>\n<meta property=\"article:published_time\" content=\"2026-09-03T15:39:35+00:00\" \/>\n<meta property=\"article:modified_time\" content=\"2026-09-03T15:39:36+00:00\" \/>\n<meta property=\"og:image\" content=\"https:\/\/exaudi.org\/wp-content\/uploads\/2026\/09\/grok_1788362013115-1.jpg\" \/>\n\t<meta property=\"og:image:width\" content=\"1280\" \/>\n\t<meta property=\"og:image:height\" content=\"720\" \/>\n\t<meta property=\"og:image:type\" content=\"image\/jpeg\" \/>\n<meta name=\"author\" content=\"Eloy Asenjo Carpintero\" \/>\n<meta name=\"twitter:card\" content=\"summary_large_image\" \/>\n<meta name=\"twitter:creator\" content=\"@Exaudi_News\" \/>\n<meta name=\"twitter:site\" content=\"@Exaudi_News\" \/>\n<meta name=\"twitter:label1\" content=\"Scritto da\" \/>\n\t<meta name=\"twitter:data1\" content=\"Eloy Asenjo Carpintero\" \/>\n\t<meta name=\"twitter:label2\" content=\"Tempo di lettura stimato\" \/>\n\t<meta name=\"twitter:data2\" content=\"4 minuti\" \/>\n<script type=\"application\/ld+json\" class=\"yoast-schema-graph\">{\"@context\":\"https:\\\/\\\/schema.org\",\"@graph\":[{\"@type\":\"Article\",\"@id\":\"https:\\\/\\\/exaudi.org\\\/it\\\/oltre-il-pessimismo-storico\\\/#article\",\"isPartOf\":{\"@id\":\"https:\\\/\\\/exaudi.org\\\/it\\\/oltre-il-pessimismo-storico\\\/\"},\"author\":{\"name\":\"Eloy Asenjo Carpintero\",\"@id\":\"https:\\\/\\\/exaudi.org\\\/#\\\/schema\\\/person\\\/3d9b6e93579b3737f84d545c058dd1bf\"},\"headline\":\"Oltre il pessimismo storico\",\"datePublished\":\"2026-09-03T15:39:35+00:00\",\"dateModified\":\"2026-09-03T15:39:36+00:00\",\"mainEntityOfPage\":{\"@id\":\"https:\\\/\\\/exaudi.org\\\/it\\\/oltre-il-pessimismo-storico\\\/\"},\"wordCount\":792,\"image\":{\"@id\":\"https:\\\/\\\/exaudi.org\\\/it\\\/oltre-il-pessimismo-storico\\\/#primaryimage\"},\"thumbnailUrl\":\"https:\\\/\\\/i0.wp.com\\\/exaudi.org\\\/wp-content\\\/uploads\\\/2026\\\/09\\\/grok_1788362013115-1.jpg?fit=1280%2C720&ssl=1\",\"keywords\":[\"Chiesa e societ\u00e0\",\"Costruttori di ponti\",\"dialogo sociale\",\"Eloy Asenjo Carpintero\",\"Featured\",\"fede e societ\u00e0\",\"GAUDIUM ET SPES\",\"Giovanni XXIII\",\"Leone XIV\",\"Lo sguardo di Cristo\",\"Polarizzazione contemporanea\",\"Profeti di sventura\",\"Speranza attiva\",\"Superare il pessimismo\",\"udienza generale\"],\"articleSection\":[\"Analisi\"],\"inLanguage\":\"it-IT\"},{\"@type\":\"WebPage\",\"@id\":\"https:\\\/\\\/exaudi.org\\\/it\\\/oltre-il-pessimismo-storico\\\/\",\"url\":\"https:\\\/\\\/exaudi.org\\\/it\\\/oltre-il-pessimismo-storico\\\/\",\"name\":\"Oltre il pessimismo storico &#8211; Exaudi\",\"isPartOf\":{\"@id\":\"https:\\\/\\\/exaudi.org\\\/#website\"},\"primaryImageOfPage\":{\"@id\":\"https:\\\/\\\/exaudi.org\\\/it\\\/oltre-il-pessimismo-storico\\\/#primaryimage\"},\"image\":{\"@id\":\"https:\\\/\\\/exaudi.org\\\/it\\\/oltre-il-pessimismo-storico\\\/#primaryimage\"},\"thumbnailUrl\":\"https:\\\/\\\/i0.wp.com\\\/exaudi.org\\\/wp-content\\\/uploads\\\/2026\\\/09\\\/grok_1788362013115-1.jpg?fit=1280%2C720&ssl=1\",\"datePublished\":\"2026-09-03T15:39:35+00:00\",\"dateModified\":\"2026-09-03T15:39:36+00:00\",\"author\":{\"@id\":\"https:\\\/\\\/exaudi.org\\\/#\\\/schema\\\/person\\\/3d9b6e93579b3737f84d545c058dd1bf\"},\"breadcrumb\":{\"@id\":\"https:\\\/\\\/exaudi.org\\\/it\\\/oltre-il-pessimismo-storico\\\/#breadcrumb\"},\"inLanguage\":\"it-IT\",\"potentialAction\":[{\"@type\":\"ReadAction\",\"target\":[\"https:\\\/\\\/exaudi.org\\\/it\\\/oltre-il-pessimismo-storico\\\/\"]}]},{\"@type\":\"ImageObject\",\"inLanguage\":\"it-IT\",\"@id\":\"https:\\\/\\\/exaudi.org\\\/it\\\/oltre-il-pessimismo-storico\\\/#primaryimage\",\"url\":\"https:\\\/\\\/i0.wp.com\\\/exaudi.org\\\/wp-content\\\/uploads\\\/2026\\\/09\\\/grok_1788362013115-1.jpg?fit=1280%2C720&ssl=1\",\"contentUrl\":\"https:\\\/\\\/i0.wp.com\\\/exaudi.org\\\/wp-content\\\/uploads\\\/2026\\\/09\\\/grok_1788362013115-1.jpg?fit=1280%2C720&ssl=1\",\"width\":1280,\"height\":720},{\"@type\":\"BreadcrumbList\",\"@id\":\"https:\\\/\\\/exaudi.org\\\/it\\\/oltre-il-pessimismo-storico\\\/#breadcrumb\",\"itemListElement\":[{\"@type\":\"ListItem\",\"position\":1,\"name\":\"Portada\",\"item\":\"https:\\\/\\\/exaudi.org\\\/it\\\/\"},{\"@type\":\"ListItem\",\"position\":2,\"name\":\"Oltre il pessimismo storico\"}]},{\"@type\":\"WebSite\",\"@id\":\"https:\\\/\\\/exaudi.org\\\/#website\",\"url\":\"https:\\\/\\\/exaudi.org\\\/\",\"name\":\"Exaudi\",\"description\":\"News\",\"potentialAction\":[{\"@type\":\"SearchAction\",\"target\":{\"@type\":\"EntryPoint\",\"urlTemplate\":\"https:\\\/\\\/exaudi.org\\\/?s={search_term_string}\"},\"query-input\":{\"@type\":\"PropertyValueSpecification\",\"valueRequired\":true,\"valueName\":\"search_term_string\"}}],\"inLanguage\":\"it-IT\"},{\"@type\":\"Person\",\"@id\":\"https:\\\/\\\/exaudi.org\\\/#\\\/schema\\\/person\\\/3d9b6e93579b3737f84d545c058dd1bf\",\"name\":\"Eloy Asenjo Carpintero\",\"image\":{\"@type\":\"ImageObject\",\"inLanguage\":\"it-IT\",\"@id\":\"https:\\\/\\\/secure.gravatar.com\\\/avatar\\\/619ffa39f2e59479a9d03a9850655c39e70b2927989416f153bb924d99988613?s=96&d=mm&r=g\",\"url\":\"https:\\\/\\\/secure.gravatar.com\\\/avatar\\\/619ffa39f2e59479a9d03a9850655c39e70b2927989416f153bb924d99988613?s=96&d=mm&r=g\",\"contentUrl\":\"https:\\\/\\\/secure.gravatar.com\\\/avatar\\\/619ffa39f2e59479a9d03a9850655c39e70b2927989416f153bb924d99988613?s=96&d=mm&r=g\",\"caption\":\"Eloy Asenjo Carpintero\"},\"description\":\"(Madrid, 1965) es Licenciado en Ciencias F\u00edsicas por la Universidad Aut\u00f3noma de Madrid (1988) y docente de Ense\u00f1anzas Medias en las \u00e1reas de Matem\u00e1ticas, F\u00edsica e Inform\u00e1tica. Con experiencia como consultor en e-learning e implantaci\u00f3n de tecnolog\u00edas educativas, actualmente imparte clases en el Colegio Mar\u00eda Teresa de Alcobendas y desarrolla recursos did\u00e1cticos interactivos para la ense\u00f1anza de las ciencias en Secundaria y Bachillerato.\",\"sameAs\":[\"https:\\\/\\\/www.instagram.com\\\/eloy_asenjo\\\/\",\"https:\\\/\\\/www.linkedin.com\\\/in\\\/eloyasenjo\\\/\"],\"url\":\"https:\\\/\\\/exaudi.org\\\/it\\\/author\\\/eloy-asenjo-carpintero\\\/\"}]}<\/script>\n<!-- \/ Yoast SEO plugin. -->","yoast_head_json":{"title":"Oltre il pessimismo storico &#8211; Exaudi","robots":{"index":"index","follow":"follow","max-snippet":"max-snippet:-1","max-image-preview":"max-image-preview:large","max-video-preview":"max-video-preview:-1"},"canonical":"https:\/\/exaudi.org\/it\/oltre-il-pessimismo-storico\/","og_locale":"it_IT","og_type":"article","og_title":"Oltre il pessimismo storico &#8211; Exaudi","og_description":"Guardare alla polarizzazione contemporanea con la speranza attiva e costruttiva della Chiesa","og_url":"https:\/\/exaudi.org\/it\/oltre-il-pessimismo-storico\/","og_site_name":"Exaudi","article_publisher":"https:\/\/www.facebook.com\/ExaudiNews","article_published_time":"2026-09-03T15:39:35+00:00","article_modified_time":"2026-09-03T15:39:36+00:00","og_image":[{"width":1280,"height":720,"url":"https:\/\/exaudi.org\/wp-content\/uploads\/2026\/09\/grok_1788362013115-1.jpg","type":"image\/jpeg"}],"author":"Eloy Asenjo Carpintero","twitter_card":"summary_large_image","twitter_creator":"@Exaudi_News","twitter_site":"@Exaudi_News","twitter_misc":{"Scritto da":"Eloy Asenjo Carpintero","Tempo di lettura stimato":"4 minuti"},"schema":{"@context":"https:\/\/schema.org","@graph":[{"@type":"Article","@id":"https:\/\/exaudi.org\/it\/oltre-il-pessimismo-storico\/#article","isPartOf":{"@id":"https:\/\/exaudi.org\/it\/oltre-il-pessimismo-storico\/"},"author":{"name":"Eloy Asenjo Carpintero","@id":"https:\/\/exaudi.org\/#\/schema\/person\/3d9b6e93579b3737f84d545c058dd1bf"},"headline":"Oltre il pessimismo storico","datePublished":"2026-09-03T15:39:35+00:00","dateModified":"2026-09-03T15:39:36+00:00","mainEntityOfPage":{"@id":"https:\/\/exaudi.org\/it\/oltre-il-pessimismo-storico\/"},"wordCount":792,"image":{"@id":"https:\/\/exaudi.org\/it\/oltre-il-pessimismo-storico\/#primaryimage"},"thumbnailUrl":"https:\/\/i0.wp.com\/exaudi.org\/wp-content\/uploads\/2026\/09\/grok_1788362013115-1.jpg?fit=1280%2C720&ssl=1","keywords":["Chiesa e societ\u00e0","Costruttori di ponti","dialogo sociale","Eloy Asenjo Carpintero","Featured","fede e societ\u00e0","GAUDIUM ET SPES","Giovanni XXIII","Leone XIV","Lo sguardo di Cristo","Polarizzazione contemporanea","Profeti di sventura","Speranza attiva","Superare il pessimismo","udienza generale"],"articleSection":["Analisi"],"inLanguage":"it-IT"},{"@type":"WebPage","@id":"https:\/\/exaudi.org\/it\/oltre-il-pessimismo-storico\/","url":"https:\/\/exaudi.org\/it\/oltre-il-pessimismo-storico\/","name":"Oltre il pessimismo storico &#8211; Exaudi","isPartOf":{"@id":"https:\/\/exaudi.org\/#website"},"primaryImageOfPage":{"@id":"https:\/\/exaudi.org\/it\/oltre-il-pessimismo-storico\/#primaryimage"},"image":{"@id":"https:\/\/exaudi.org\/it\/oltre-il-pessimismo-storico\/#primaryimage"},"thumbnailUrl":"https:\/\/i0.wp.com\/exaudi.org\/wp-content\/uploads\/2026\/09\/grok_1788362013115-1.jpg?fit=1280%2C720&ssl=1","datePublished":"2026-09-03T15:39:35+00:00","dateModified":"2026-09-03T15:39:36+00:00","author":{"@id":"https:\/\/exaudi.org\/#\/schema\/person\/3d9b6e93579b3737f84d545c058dd1bf"},"breadcrumb":{"@id":"https:\/\/exaudi.org\/it\/oltre-il-pessimismo-storico\/#breadcrumb"},"inLanguage":"it-IT","potentialAction":[{"@type":"ReadAction","target":["https:\/\/exaudi.org\/it\/oltre-il-pessimismo-storico\/"]}]},{"@type":"ImageObject","inLanguage":"it-IT","@id":"https:\/\/exaudi.org\/it\/oltre-il-pessimismo-storico\/#primaryimage","url":"https:\/\/i0.wp.com\/exaudi.org\/wp-content\/uploads\/2026\/09\/grok_1788362013115-1.jpg?fit=1280%2C720&ssl=1","contentUrl":"https:\/\/i0.wp.com\/exaudi.org\/wp-content\/uploads\/2026\/09\/grok_1788362013115-1.jpg?fit=1280%2C720&ssl=1","width":1280,"height":720},{"@type":"BreadcrumbList","@id":"https:\/\/exaudi.org\/it\/oltre-il-pessimismo-storico\/#breadcrumb","itemListElement":[{"@type":"ListItem","position":1,"name":"Portada","item":"https:\/\/exaudi.org\/it\/"},{"@type":"ListItem","position":2,"name":"Oltre il pessimismo storico"}]},{"@type":"WebSite","@id":"https:\/\/exaudi.org\/#website","url":"https:\/\/exaudi.org\/","name":"Exaudi","description":"News","potentialAction":[{"@type":"SearchAction","target":{"@type":"EntryPoint","urlTemplate":"https:\/\/exaudi.org\/?s={search_term_string}"},"query-input":{"@type":"PropertyValueSpecification","valueRequired":true,"valueName":"search_term_string"}}],"inLanguage":"it-IT"},{"@type":"Person","@id":"https:\/\/exaudi.org\/#\/schema\/person\/3d9b6e93579b3737f84d545c058dd1bf","name":"Eloy Asenjo Carpintero","image":{"@type":"ImageObject","inLanguage":"it-IT","@id":"https:\/\/secure.gravatar.com\/avatar\/619ffa39f2e59479a9d03a9850655c39e70b2927989416f153bb924d99988613?s=96&d=mm&r=g","url":"https:\/\/secure.gravatar.com\/avatar\/619ffa39f2e59479a9d03a9850655c39e70b2927989416f153bb924d99988613?s=96&d=mm&r=g","contentUrl":"https:\/\/secure.gravatar.com\/avatar\/619ffa39f2e59479a9d03a9850655c39e70b2927989416f153bb924d99988613?s=96&d=mm&r=g","caption":"Eloy Asenjo Carpintero"},"description":"(Madrid, 1965) es Licenciado en Ciencias F\u00edsicas por la Universidad Aut\u00f3noma de Madrid (1988) y docente de Ense\u00f1anzas Medias en las \u00e1reas de Matem\u00e1ticas, F\u00edsica e Inform\u00e1tica. Con experiencia como consultor en e-learning e implantaci\u00f3n de tecnolog\u00edas educativas, actualmente imparte clases en el Colegio Mar\u00eda Teresa de Alcobendas y desarrolla recursos did\u00e1cticos interactivos para la ense\u00f1anza de las ciencias en Secundaria y Bachillerato.","sameAs":["https:\/\/www.instagram.com\/eloy_asenjo\/","https:\/\/www.linkedin.com\/in\/eloyasenjo\/"],"url":"https:\/\/exaudi.org\/it\/author\/eloy-asenjo-carpintero\/"}]}},"jetpack_shortlink":"https:\/\/wp.me\/pgKjF2-LOU","jetpack_featured_media_url":"https:\/\/i0.wp.com\/exaudi.org\/wp-content\/uploads\/2026\/09\/grok_1788362013115-1.jpg?fit=1280%2C720&ssl=1","_links":{"self":[{"href":"https:\/\/exaudi.org\/it\/wp-json\/wp\/v2\/posts\/183824","targetHints":{"allow":["GET"]}}],"collection":[{"href":"https:\/\/exaudi.org\/it\/wp-json\/wp\/v2\/posts"}],"about":[{"href":"https:\/\/exaudi.org\/it\/wp-json\/wp\/v2\/types\/post"}],"author":[{"embeddable":true,"href":"https:\/\/exaudi.org\/it\/wp-json\/wp\/v2\/users\/192"}],"replies":[{"embeddable":true,"href":"https:\/\/exaudi.org\/it\/wp-json\/wp\/v2\/comments?post=183824"}],"version-history":[{"count":5,"href":"https:\/\/exaudi.org\/it\/wp-json\/wp\/v2\/posts\/183824\/revisions"}],"predecessor-version":[{"id":183827,"href":"https:\/\/exaudi.org\/it\/wp-json\/wp\/v2\/posts\/183824\/revisions\/183827"}],"wp:featuredmedia":[{"embeddable":true,"href":"https:\/\/exaudi.org\/it\/wp-json\/wp\/v2\/media\/183685"}],"wp:attachment":[{"href":"https:\/\/exaudi.org\/it\/wp-json\/wp\/v2\/media?parent=183824"}],"wp:term":[{"taxonomy":"category","embeddable":true,"href":"https:\/\/exaudi.org\/it\/wp-json\/wp\/v2\/categories?post=183824"},{"taxonomy":"post_tag","embeddable":true,"href":"https:\/\/exaudi.org\/it\/wp-json\/wp\/v2\/tags?post=183824"}],"curies":[{"name":"wp","href":"https:\/\/api.w.org\/{rel}","templated":true}]}}