{"id":183813,"date":"2026-09-03T17:08:45","date_gmt":"2026-09-03T15:08:45","guid":{"rendered":"https:\/\/exaudi.org\/?p=183813"},"modified":"2026-09-03T17:08:45","modified_gmt":"2026-09-03T15:08:45","slug":"larte-di-rallentare-quando-tutto-si-muove-a-velocita-folle-il-valore-del-seminario-nellera-della-fretta","status":"publish","type":"post","link":"https:\/\/exaudi.org\/it\/larte-di-rallentare-quando-tutto-si-muove-a-velocita-folle-il-valore-del-seminario-nellera-della-fretta\/","title":{"rendered":"L&#8217;arte di rallentare quando tutto si muove a velocit\u00e0 folle: il valore del seminario nell&#8217;era della fretta"},"content":{"rendered":"<p data-path-to-node=\"3\"><span dir=\"auto\" style=\"vertical-align: inherit\"><span dir=\"auto\" style=\"vertical-align: inherit\">Viviamo in un mondo frenetico, rumoroso e pieno di urgenza. In questa dinamica in cui tutto si muove velocemente e in cui la realizzazione personale \u00e8 diventata un obiettivo quasi ossessivo, fermarsi a riflettere, a crescere o a coltivare la propria vita interiore nel corso degli anni pu\u00f2 sembrare a prima vista una perdita di tempo, un lusso o persino una reliquia del passato. Tuttavia, rallentare non significa rimandare l&#8217;azione, ma piuttosto assicurarsi che essa abbia un significato profondo.<\/span><\/span><\/p>\n<p data-path-to-node=\"4\"><span dir=\"auto\" style=\"vertical-align: inherit\"><span dir=\"auto\" style=\"vertical-align: inherit\">In occasione degli anniversari dei seminari di Molfetta e Aversa, Papa Leone XIV ha voluto ricordarci che le grandi decisioni e gli impegni della vita non nascono dalla competizione, dalla valutazione del merito o da una gara di prestazioni. Piuttosto, derivano da un cammino liberamente scelto che invita all&#8217;umilt\u00e0, al dialogo sincero in mezzo al frastuono e all&#8217;imparare a &#8220;essere presenti&#8221; prima di agire.<\/span><\/span><\/p>\n<h3 data-path-to-node=\"5\"><b data-path-to-node=\"5\" data-index-in-node=\"0\"><span dir=\"auto\" style=\"vertical-align: inherit\"><span dir=\"auto\" style=\"vertical-align: inherit\">Una scuola di convivenza e maturit\u00e0 emotiva<\/span><\/span><\/b><\/h3>\n<p data-path-to-node=\"6\"><span dir=\"auto\" style=\"vertical-align: inherit\"><span dir=\"auto\" style=\"vertical-align: inherit\">Il periodo trascorso in seminario \u00e8 una vera e propria scuola di relazioni umane. Nessuno percorre questo cammino da solo. Vivere insieme a persone provenienti da contesti e con personalit\u00e0 molto diverse richiede di superare l&#8217;individualismo, di coltivare autentiche relazioni comunitarie e di imparare a comprendere la fraternit\u00e0 non come una teoria astratta, ma come un&#8217;amicizia concreta e quotidiana.<\/span><\/span><\/p>\n<div class=\"code-block code-block-1\">\n<p>&nbsp;<\/p>\n<div id=\"aswift_2_host\"><\/div>\n<p>&nbsp;<\/p>\n<\/div>\n<h3 data-path-to-node=\"7\"><b data-path-to-node=\"7\" data-index-in-node=\"0\"><img fetchpriority=\"high\" decoding=\"async\" class=\"size-full wp-image-183803 alignnone\" src=\"https:\/\/i0.wp.com\/exaudi.org\/wp-content\/uploads\/2026\/09\/cq5dam.thumbnail.cropped.750.422.jpeg?resize=750%2C422&amp;ssl=1\" alt=\"\" width=\"750\" height=\"422\" data-recalc-dims=\"1\" srcset=\"https:\/\/i0.wp.com\/exaudi.org\/wp-content\/uploads\/2026\/09\/cq5dam.thumbnail.cropped.750.422.jpeg?w=750&amp;ssl=1 750w, https:\/\/i0.wp.com\/exaudi.org\/wp-content\/uploads\/2026\/09\/cq5dam.thumbnail.cropped.750.422.jpeg?resize=300%2C169&amp;ssl=1 300w, https:\/\/i0.wp.com\/exaudi.org\/wp-content\/uploads\/2026\/09\/cq5dam.thumbnail.cropped.750.422.jpeg?resize=500%2C281&amp;ssl=1 500w\" sizes=\"(max-width: 750px) 100vw, 750px\" \/><\/b><\/h3>\n<h3 data-path-to-node=\"7\"><b data-path-to-node=\"7\" data-index-in-node=\"0\"><span dir=\"auto\" style=\"vertical-align: inherit\"><span dir=\"auto\" style=\"vertical-align: inherit\">Dalla pensione alla realt\u00e0 della strada<\/span><\/span><\/b><\/h3>\n<p data-path-to-node=\"8\"><span dir=\"auto\" style=\"vertical-align: inherit\"><span dir=\"auto\" style=\"vertical-align: inherit\">Questo periodo di silenzio e di studio non ha lo scopo di creare un rifugio isolato per proteggere qualcuno dalla realt\u00e0. Il suo valore sta nel prepararci a tornare in strada e a entrare in contatto con i problemi reali delle persone.<\/span><\/span><\/p>\n<ul data-path-to-node=\"9\">\n<li>\n<p data-path-to-node=\"9,0,0\"><b data-path-to-node=\"9,0,0\" data-index-in-node=\"0\"><span dir=\"auto\" style=\"vertical-align: inherit\"><span dir=\"auto\" style=\"vertical-align: inherit\">Famiglie<\/span><\/span><\/b><span dir=\"auto\" style=\"vertical-align: inherit\"><span dir=\"auto\" style=\"vertical-align: inherit\"> \u00a0che si impegnano quotidianamente per progredire in un contesto complesso.<\/span><\/span><\/p>\n<\/li>\n<li>\n<p data-path-to-node=\"9,1,0\"><b data-path-to-node=\"9,1,0\" data-index-in-node=\"0\"><span dir=\"auto\" style=\"vertical-align: inherit\"><span dir=\"auto\" style=\"vertical-align: inherit\">Giovani<\/span><\/span><\/b><span dir=\"auto\" style=\"vertical-align: inherit\"><span dir=\"auto\" style=\"vertical-align: inherit\"> \u00a0che, a vent&#8217;anni, devono fare le valigie e partire alla ricerca di opportunit\u00e0 di lavoro fuori dal loro paese.<\/span><\/span><\/p>\n<\/li>\n<li>\n<p data-path-to-node=\"9,2,0\"><b data-path-to-node=\"9,2,0\" data-index-in-node=\"0\"><span dir=\"auto\" style=\"vertical-align: inherit\"><span dir=\"auto\" style=\"vertical-align: inherit\">Anziani che vivono soli<\/span><\/span><\/b><span dir=\"auto\" style=\"vertical-align: inherit\"><span dir=\"auto\" style=\"vertical-align: inherit\"> \u00a0e individui emarginati che hanno perso il senso della propria vita.<\/span><\/span><\/p>\n<\/li>\n<\/ul>\n<p data-path-to-node=\"10\"><span dir=\"auto\" style=\"vertical-align: inherit\"><span dir=\"auto\" style=\"vertical-align: inherit\">Il tempo investito nell&#8217;ascolto, nella comprensione e nel lasciarsi formare senza scorciatoie \u00e8 la condizione indispensabile per poter accompagnare con empatia, verit\u00e0 e vicinanza coloro che ne hanno pi\u00f9 bisogno nella vita quotidiana.<\/span><\/span><\/p>\n<ul data-path-to-node=\"11\">\n<li>\n<p data-path-to-node=\"11,0,0\"><b data-path-to-node=\"11,0,0\" data-index-in-node=\"0\"><span dir=\"auto\" style=\"vertical-align: inherit\"><span dir=\"auto\" style=\"vertical-align: inherit\">Approccio comunicativo<\/span><\/span><\/b><span dir=\"auto\" style=\"vertical-align: inherit\"><span dir=\"auto\" style=\"vertical-align: inherit\"> : l&#8217;articolo \u00e8 adattato a una lettura giornalistica generale in spagnolo proveniente dalla Spagna, mantenendo un&#8217;assoluta fedelt\u00e0 alle idee e alle citazioni contestuali del discorso senza inventare dati.<\/span><\/span><\/p>\n<\/li>\n<li>\n<p data-path-to-node=\"11,1,0\"><b data-path-to-node=\"11,1,0\" data-index-in-node=\"0\"><span dir=\"auto\" style=\"vertical-align: inherit\"><span dir=\"auto\" style=\"vertical-align: inherit\">Tono e registro<\/span><\/span><\/b><span dir=\"auto\" style=\"vertical-align: inherit\"><span dir=\"auto\" style=\"vertical-align: inherit\"> : Il testo impiega un registro informativo e riflessivo, evidenziando il valore socioculturale del testo originale (il valore della pausa, della vita comunitaria e dell&#8217;attenzione alle periferie umane).<\/span><\/span><\/p>\n<\/li>\n<\/ul>\n<p><em><strong><span dir=\"auto\" style=\"vertical-align: inherit\"><span dir=\"auto\" style=\"vertical-align: inherit\">Testo integrale del discorso:<\/span><\/span><\/strong><\/em><\/p>\n<div class=\"testo\">\n<div class=\"abstract text parbase vaticanrichtext\">\n<p><i><b><span class=\"title-1-color\">DISCORSO DEL SANTO PADRE LEONE XIV<br \/>\nAI SEMINARISTI DEL PONTIFICIO SEMINARIO REGIONALE PUGLIESE \u201cPIO XI\u201d DI MOLFETTA<br \/>\nE DEL SEMINARIO VESCOVILE DI AVERSA<\/span><\/b><\/i><\/p>\n<p><i><span class=\"color-text\">Sala Clementina<br \/>\nGioved\u00ec, 3 settembre 2026<\/span><\/i><\/p>\n<p>&nbsp;<\/p>\n<p>______________<\/p>\n<div class=\"clearfix\"><\/div>\n<\/div>\n<div class=\"text parbase vaticanrichtext\">\n<p>Nel nome del Padre, del Figlio e dello Spirito Santo.<\/p>\n<p>La pace sia con voi.<\/p>\n<p><i>Cari fratelli nell\u2019Episcopato,<br \/>\nsacerdoti, seminaristi, familiari,<\/i><\/p>\n<p>anzitutto vi ringrazio di cuore per la vostra presenza qui, oggi.<\/p>\n<p>Venite da due strade diverse e da due terre diverse, ma quest\u2019anno le vostre case celebrano insieme un anniversario. A Molfetta ricordate il primo centenario della nuova sede, voluta da Papa Pio XI, di cui il vostro seminario porta il nome, mentre ad Aversa celebrate il tricentenario di apertura dell\u2019attuale sede.<\/p>\n<p>Nell\u2019incontrarvi, mi preme sottolineare una dimensione del vostro percorso formativo: quella della relazione con Colui che vi ha chiamati. Lo studio, la disciplina, le tappe del cammino sono elementi importanti da tenere bene presenti, ma valgono soltanto se fondati nella relazione con Dio.<\/p>\n<p>San Marco, nel suo Vangelo, racconta che Ges\u00f9 \u00absal\u00ec [\u2026] sul monte, chiam\u00f2 a s\u00e9 quelli che voleva ed essi andarono da lui. Ne costitu\u00ec Dodici \u2013 che chiam\u00f2 apostoli \u2013, perch\u00e9 stessero con lui e per mandarli a predicare\u00bb (<i>Mc<\/i>\u00a03,13-14).<\/p>\n<p>In queste poche parole c\u2019\u00e8 gi\u00e0 tutto. Soffermandoci su questa breve pericope possiamo scorgere una mirabile sintesi dell\u2019esperienza valida per ogni chiamato, per tutti coloro che desiderano approfondire la verit\u00e0 della propria vocazione. C\u2019\u00e8 il monte da salire, dove raggiungere Cristo e, soprattutto, dove stare insieme a Lui. Il cuore dell\u2019esperienza del seminario \u00e8 tutto qui: imparare a stare con il Maestro, il Signore Ges\u00f9.<\/p>\n<p>L\u2019evangelista riporta che il Signore \u00abchiam\u00f2 a s\u00e9 quelli che voleva\u00bb, e mette subito in evidenza la libert\u00e0 di Dio, da cui scaturisce ogni vocazione. Non c\u2019\u00e8 un concorso, non c\u2019\u00e8 una graduatoria, n\u00e9 \u00e8 scritto che scelse i migliori: scelse quelli che voleva. In un mondo che si affanna tanto a celebrare l\u2019autorealizzazione di s\u00e9, \u00e8 davvero importante ribadire che nessuno di voi e nessuno di noi \u00e8 qui perch\u00e9 se l\u2019\u00e8 meritato, ma soltanto per una libera elezione da parte di Dio Padre, segno e caparra di un amore gratuito che sempre ci previene e che non delude mai.<\/p>\n<p>Carissimi seminaristi, la vostra stessa presenza in seminario \u00e8 un segno di speranza per tutta la Chiesa. Non di un vago ottimismo, ma della certezza che il Signore chiama sempre, in ogni epoca della storia e in ogni luogo. Nel guardare ciascuno di voi, contemplo la meraviglia di Dio che non si stanca mai di sussurrare al cuore dei giovani la bellezza di donare la vita per Lui e per la Chiesa.<\/p>\n<p>Ogni vocazione nasce da un dialogo intimo con Dio, coltivato nel silenzio e nella preghiera, che spesso avviene \u00abnonostante il rumore talvolta assordante del mondo\u00bb (Leone XIV,\u00a0<i>Messaggio per la LXIII Giornata Mondiale di Preghiera per le Vocazioni<a href=\"https:\/\/www.vatican.va\/content\/leo-xiv\/it\/messages\/vocations\/documents\/20260316-messaggio-vocazioni.html\">Messaggio per la LXIII Giornata Mondiale di Preghiera per le Vocazioni<\/a><\/i>, 16 marzo 2026). \u00c8 l\u00ec che si decide tutto, e perch\u00e9 quel dialogo accada occorre imparare a stare con Lui.<\/p>\n<p>Di esempi ne avete molti, ma credo che per tutti voi il venerabile Vescovo don Tonino Bello mostri con particolare chiarezza che cosa significhi essere Sacerdote ed essere Vescovo: non nelle parole, ma in ogni gesto e in ogni decisione, e testimoniandolo fino in fondo.<\/p>\n<p>Per questo il tempo del seminario resta necessario, oggi non meno di ieri. In un mondo che ha fretta e che guarda con sospetto ogni sosta prolungata, si potrebbe pensare che sia un lusso, o un\u2019istituzione superata, ma non \u00e8 cos\u00ec. Proprio perch\u00e9 il nostro tempo \u00e8 rapido e rumoroso, c\u2019\u00e8 bisogno di un luogo e di una stagione della vita in cui si impari a stare, a discernere, a lasciarsi formare senza scorciatoie. Il seminario non \u00e8 un rinvio della missione, ma ne \u00e8 la condizione. Non lo si sottovaluti.<\/p>\n<p>Dopo aver sentito la voce del Signore, infatti, bisogna raggiungerlo e salire sul monte, e questo a volte pu\u00f2 essere faticoso, perch\u00e9 si sale a piedi, a momenti con il fiato corto, senza ancora vedere la cima.<\/p>\n<p>La fatica della vita spirituale \u00e8 sostenuta per\u00f2 dalla bellezza della fraternit\u00e0 e della condivisione della missione. Infatti, sul monte Ges\u00f9 non chiama un uomo solo, ma ne chiama dodici, dalle personalit\u00e0 pi\u00f9 disparate e talvolta improbabili al nostro sguardo. Il Signore li raduna, li tiene uno accanto all\u2019altro, affinch\u00e9 imparino che la Chiesa si vive insieme: non \u00e8 propriet\u00e0 di nessuno di noi, e tutti siamo chiamati ad amarla e a servirla come un unico corpo. Voi che venite da Molfetta lo sperimentate in modo particolare, in quanto nel seminario regionale la comunione tra le Chiese di Puglia non \u00e8 un ideale, ma un\u2019amicizia concreta che nasce in questi anni e che vi accompagner\u00e0 da presbiteri per tutta la vita.<\/p>\n<p>Perch\u00e9, cos\u00ec come \u00abnessun pastore esiste da solo\u00bb (Leone XIV, Lett. ap.\u00a0<i><a href=\"https:\/\/www.vatican.va\/content\/leo-xiv\/it\/apost_letters\/documents\/20251208-una-fedelta.html\">Una fedelt\u00e0 che genera futuro<\/a><\/i>, 8 dicembre 2025, 15), nemmeno un seminarista pu\u00f2 concepire un cammino privato con il Signore: egli deve sempre sentire e sperimentare la bellezza della mediazione ecclesiale. Il seminario, dunque, prima ancora che un luogo dove acquisire informazioni, \u00abdovrebbe essere una scuola degli affetti\u00bb (<i><a href=\"https:\/\/www.vatican.va\/content\/leo-xiv\/it\/apost_letters\/documents\/20251208-una-fedelta.html\">ibid<\/a>.,\u00a0<\/i>12). E a voi, cari formatori, chiedo di essere i primi maestri di quella cura e di quella fraternit\u00e0 che si manifestano in relazioni autentiche, personali e comunitarie, fatte di verit\u00e0 e di carit\u00e0. Formatori non ci si improvvisa: il vostro \u00e8 un ministero delicatissimo a cui ci si prepara con scienza, pazienza e amore.<\/p>\n<p>Resta poi l\u2019ultimo passo: quello in cui dal monte si scende, perch\u00e9 il monte non \u00e8 un rifugio. Ges\u00f9 non porta i Dodici in alto per metterli al sicuro, ma perch\u00e9, dopo aver fatto esperienza di Dio, possano essere inviati a comunicare al mondo questa novit\u00e0 di vita.<\/p>\n<p>Sarete dunque chiamati a scendere dal monte, per essere mandati alla gente delle vostre terre: a quelle famiglie che tirano avanti con fatica, ai ragazzi che a vent\u2019anni fanno la valigia per cercare lavoro, agli anziani soli, agli emarginati, a coloro che hanno smarrito il senso dell\u2019esistenza. Il sacerdote \u00e8 mandato a tutti perch\u00e9 a tutti annunci la bellezza della fede in Ges\u00f9 Cristo, la buona notizia della nostra salvezza. \u00c8 la salvezza che ci \u00e8 stata donata per mezzo di Maria. Affidatevi a Lei, come a Colei che per prima ha fatto quello che oggi \u00e8 chiesto a voi. Chiedete a Maria la grazia di imparare a dire ogni giorno il vostro \u201cs\u00ec\u201d al Signore Ges\u00f9.<\/p>\n<p>Carissimi seminaristi, prima di salutarci voglio dirvi grazie. Grazie, a nome della Chiesa, per il \u201cs\u00ec\u201d che avete pronunciato e che ogni giorno tornate a pronunciare: non \u00e8 facile, n\u00e9 scontato nel mondo di oggi, e la Chiesa lo sa bene.<\/p>\n<p>E un ringraziamento particolare desidero rivolgerlo alle famiglie qui presenti. Una vocazione non nasce mai senza un contesto adatto, e spesso ha bisogno di una casa, di genitori che pregano e che sanno lasciar andare. A voi, care famiglie, la riconoscenza mia e di tutta la Chiesa.<\/p>\n<p>Saluto e benedico i diaconi che saranno ordinati presbiteri fra pochi giorni: vi porto nella mia preghiera personale, affinch\u00e9 siate sempre discepoli fedeli, gioiosi e coraggiosi del Signore. Pregheremo per voi, tutti.<\/p>\n<p>Vi benedico tutti di cuore, insieme ai vostri Vescovi, ai vostri formatori, alle vostre famiglie, e a quelle comunit\u00e0 che vi aspettano e gi\u00e0 pregano per voi. Grazie.<\/p>\n<\/div>\n<\/div>\n","protected":false},"excerpt":{"rendered":"<p>Papa Leone XIV difende il tempo di formazione dei seminaristi non come un ritiro dal mondo, ma come una pausa essenziale per servire al meglio la societ\u00e0<\/p>\n","protected":false},"author":17,"featured_media":183808,"comment_status":"closed","ping_status":"closed","sticky":false,"template":"","format":"standard","meta":{"_acf_changed":false,"inline_featured_image":false,"_wpcom_ai_launchpad_first_post":false,"footnotes":"","jetpack_post_was_ever_published":false},"categories":[123,67],"tags":[121418,64850,15198,6907,15435,1668,36504,64910,39167,58164,34763,2825,4522,64787,59913,1596],"class_list":["post-183813","post","type-post","status-publish","format-standard","has-post-thumbnail","hentry","category-discorsi","category-leone-xiv","tag-aversa-2","tag-chiesa-cattolica-it","tag-cura-pastorale","tag-discernimento","tag-formazione-sacerdotale","tag-fraternita","tag-gioventu-e-fede","tag-leone-xiv-it","tag-molfetta-2","tag-papa-leone-xiv","tag-ritiro-spirituale","tag-seminario-it","tag-seminaristi","tag-trending-it-236","tag-vita-comunitaria","tag-vocazione"],"acf":[],"yoast_head":"<!-- This site is optimized with the Yoast SEO plugin v28.4 - https:\/\/yoast.com\/product\/yoast-seo-wordpress\/ -->\n<title>L&#039;arte di rallentare quando tutto si muove a velocit\u00e0 folle: il valore del seminario nell&#039;era della fretta &#8211; Exaudi<\/title>\n<meta name=\"robots\" content=\"index, follow, max-snippet:-1, max-image-preview:large, max-video-preview:-1\" \/>\n<link rel=\"canonical\" href=\"https:\/\/exaudi.org\/it\/larte-di-rallentare-quando-tutto-si-muove-a-velocita-folle-il-valore-del-seminario-nellera-della-fretta\/\" \/>\n<meta property=\"og:locale\" content=\"it_IT\" \/>\n<meta property=\"og:type\" content=\"article\" \/>\n<meta property=\"og:title\" content=\"L&#039;arte di rallentare quando tutto si muove a velocit\u00e0 folle: il valore del seminario nell&#039;era della fretta &#8211; Exaudi\" \/>\n<meta property=\"og:description\" content=\"Papa Leone XIV difende il tempo di formazione dei seminaristi non come un ritiro dal mondo, ma come una pausa essenziale per servire al meglio la societ\u00e0\" \/>\n<meta property=\"og:url\" content=\"https:\/\/exaudi.org\/it\/larte-di-rallentare-quando-tutto-si-muove-a-velocita-folle-il-valore-del-seminario-nellera-della-fretta\/\" \/>\n<meta property=\"og:site_name\" content=\"Exaudi\" \/>\n<meta property=\"article:publisher\" content=\"https:\/\/www.facebook.com\/ExaudiNews\" \/>\n<meta property=\"article:author\" content=\"https:\/\/www.facebook.com\/ExaudiNotizie\/\" \/>\n<meta property=\"article:published_time\" content=\"2026-09-03T15:08:45+00:00\" \/>\n<meta property=\"og:image\" content=\"https:\/\/exaudi.org\/wp-content\/uploads\/2026\/09\/cq5dam.web_.800-953f6061-fb87-4158-861e-633d851867e1.jpg\" \/>\n\t<meta property=\"og:image:width\" content=\"1732\" \/>\n\t<meta property=\"og:image:height\" content=\"1154\" \/>\n\t<meta property=\"og:image:type\" content=\"image\/jpeg\" \/>\n<meta name=\"author\" content=\"Exaudi Redazione\" \/>\n<meta name=\"twitter:card\" content=\"summary_large_image\" \/>\n<meta name=\"twitter:creator\" content=\"@Exaudi_Notizie\" \/>\n<meta name=\"twitter:site\" content=\"@Exaudi_News\" \/>\n<meta name=\"twitter:label1\" content=\"Scritto da\" \/>\n\t<meta name=\"twitter:data1\" content=\"Exaudi Redazione\" \/>\n\t<meta name=\"twitter:label2\" content=\"Tempo di lettura stimato\" \/>\n\t<meta name=\"twitter:data2\" content=\"8 minuti\" \/>\n<script type=\"application\/ld+json\" class=\"yoast-schema-graph\">{\"@context\":\"https:\\\/\\\/schema.org\",\"@graph\":[{\"@type\":\"Article\",\"@id\":\"https:\\\/\\\/exaudi.org\\\/it\\\/larte-di-rallentare-quando-tutto-si-muove-a-velocita-folle-il-valore-del-seminario-nellera-della-fretta\\\/#article\",\"isPartOf\":{\"@id\":\"https:\\\/\\\/exaudi.org\\\/it\\\/larte-di-rallentare-quando-tutto-si-muove-a-velocita-folle-il-valore-del-seminario-nellera-della-fretta\\\/\"},\"author\":{\"name\":\"Exaudi Redazione\",\"@id\":\"https:\\\/\\\/exaudi.org\\\/#\\\/schema\\\/person\\\/e1ab6ed07c01774724dd96f925f3a5f0\"},\"headline\":\"L&#8217;arte di rallentare quando tutto si muove a velocit\u00e0 folle: il valore del seminario nell&#8217;era della fretta\",\"datePublished\":\"2026-09-03T15:08:45+00:00\",\"mainEntityOfPage\":{\"@id\":\"https:\\\/\\\/exaudi.org\\\/it\\\/larte-di-rallentare-quando-tutto-si-muove-a-velocita-folle-il-valore-del-seminario-nellera-della-fretta\\\/\"},\"wordCount\":1636,\"image\":{\"@id\":\"https:\\\/\\\/exaudi.org\\\/it\\\/larte-di-rallentare-quando-tutto-si-muove-a-velocita-folle-il-valore-del-seminario-nellera-della-fretta\\\/#primaryimage\"},\"thumbnailUrl\":\"https:\\\/\\\/i0.wp.com\\\/exaudi.org\\\/wp-content\\\/uploads\\\/2026\\\/09\\\/cq5dam.web_.800-953f6061-fb87-4158-861e-633d851867e1.jpg?fit=1732%2C1154&ssl=1\",\"keywords\":[\"Aversa\",\"CHIESA CATTOLICA\",\"cura pastorale\",\"discernimento\",\"FORMAZIONE SACERDOTALE\",\"fraternit\u00e0\",\"Giovent\u00f9 e fede\",\"Leone XIV\",\"Molfetta\",\"Papa Leone XIV\",\"ritiro spirituale\",\"Seminario\",\"seminaristi\",\"Trending\",\"vita comunitaria\",\"vocazione\"],\"articleSection\":[\"Discorsi\",\"Leone XIV\"],\"inLanguage\":\"it-IT\"},{\"@type\":\"WebPage\",\"@id\":\"https:\\\/\\\/exaudi.org\\\/it\\\/larte-di-rallentare-quando-tutto-si-muove-a-velocita-folle-il-valore-del-seminario-nellera-della-fretta\\\/\",\"url\":\"https:\\\/\\\/exaudi.org\\\/it\\\/larte-di-rallentare-quando-tutto-si-muove-a-velocita-folle-il-valore-del-seminario-nellera-della-fretta\\\/\",\"name\":\"L'arte di rallentare quando tutto si muove a velocit\u00e0 folle: il valore del seminario nell'era della fretta &#8211; Exaudi\",\"isPartOf\":{\"@id\":\"https:\\\/\\\/exaudi.org\\\/#website\"},\"primaryImageOfPage\":{\"@id\":\"https:\\\/\\\/exaudi.org\\\/it\\\/larte-di-rallentare-quando-tutto-si-muove-a-velocita-folle-il-valore-del-seminario-nellera-della-fretta\\\/#primaryimage\"},\"image\":{\"@id\":\"https:\\\/\\\/exaudi.org\\\/it\\\/larte-di-rallentare-quando-tutto-si-muove-a-velocita-folle-il-valore-del-seminario-nellera-della-fretta\\\/#primaryimage\"},\"thumbnailUrl\":\"https:\\\/\\\/i0.wp.com\\\/exaudi.org\\\/wp-content\\\/uploads\\\/2026\\\/09\\\/cq5dam.web_.800-953f6061-fb87-4158-861e-633d851867e1.jpg?fit=1732%2C1154&ssl=1\",\"datePublished\":\"2026-09-03T15:08:45+00:00\",\"author\":{\"@id\":\"https:\\\/\\\/exaudi.org\\\/#\\\/schema\\\/person\\\/e1ab6ed07c01774724dd96f925f3a5f0\"},\"breadcrumb\":{\"@id\":\"https:\\\/\\\/exaudi.org\\\/it\\\/larte-di-rallentare-quando-tutto-si-muove-a-velocita-folle-il-valore-del-seminario-nellera-della-fretta\\\/#breadcrumb\"},\"inLanguage\":\"it-IT\",\"potentialAction\":[{\"@type\":\"ReadAction\",\"target\":[\"https:\\\/\\\/exaudi.org\\\/it\\\/larte-di-rallentare-quando-tutto-si-muove-a-velocita-folle-il-valore-del-seminario-nellera-della-fretta\\\/\"]}]},{\"@type\":\"ImageObject\",\"inLanguage\":\"it-IT\",\"@id\":\"https:\\\/\\\/exaudi.org\\\/it\\\/larte-di-rallentare-quando-tutto-si-muove-a-velocita-folle-il-valore-del-seminario-nellera-della-fretta\\\/#primaryimage\",\"url\":\"https:\\\/\\\/i0.wp.com\\\/exaudi.org\\\/wp-content\\\/uploads\\\/2026\\\/09\\\/cq5dam.web_.800-953f6061-fb87-4158-861e-633d851867e1.jpg?fit=1732%2C1154&ssl=1\",\"contentUrl\":\"https:\\\/\\\/i0.wp.com\\\/exaudi.org\\\/wp-content\\\/uploads\\\/2026\\\/09\\\/cq5dam.web_.800-953f6061-fb87-4158-861e-633d851867e1.jpg?fit=1732%2C1154&ssl=1\",\"width\":1732,\"height\":1154},{\"@type\":\"BreadcrumbList\",\"@id\":\"https:\\\/\\\/exaudi.org\\\/it\\\/larte-di-rallentare-quando-tutto-si-muove-a-velocita-folle-il-valore-del-seminario-nellera-della-fretta\\\/#breadcrumb\",\"itemListElement\":[{\"@type\":\"ListItem\",\"position\":1,\"name\":\"Portada\",\"item\":\"https:\\\/\\\/exaudi.org\\\/it\\\/\"},{\"@type\":\"ListItem\",\"position\":2,\"name\":\"L&#8217;arte di rallentare quando tutto si muove a velocit\u00e0 folle: il valore del seminario nell&#8217;era della fretta\"}]},{\"@type\":\"WebSite\",\"@id\":\"https:\\\/\\\/exaudi.org\\\/#website\",\"url\":\"https:\\\/\\\/exaudi.org\\\/\",\"name\":\"Exaudi\",\"description\":\"News\",\"potentialAction\":[{\"@type\":\"SearchAction\",\"target\":{\"@type\":\"EntryPoint\",\"urlTemplate\":\"https:\\\/\\\/exaudi.org\\\/?s={search_term_string}\"},\"query-input\":{\"@type\":\"PropertyValueSpecification\",\"valueRequired\":true,\"valueName\":\"search_term_string\"}}],\"inLanguage\":\"it-IT\"},{\"@type\":\"Person\",\"@id\":\"https:\\\/\\\/exaudi.org\\\/#\\\/schema\\\/person\\\/e1ab6ed07c01774724dd96f925f3a5f0\",\"name\":\"Exaudi Redazione\",\"image\":{\"@type\":\"ImageObject\",\"inLanguage\":\"it-IT\",\"@id\":\"https:\\\/\\\/secure.gravatar.com\\\/avatar\\\/ad6774b3ada023bf5b939d64f45c94b3adf91502dd883507d469b4308a943bb3?s=96&d=mm&r=g\",\"url\":\"https:\\\/\\\/secure.gravatar.com\\\/avatar\\\/ad6774b3ada023bf5b939d64f45c94b3adf91502dd883507d469b4308a943bb3?s=96&d=mm&r=g\",\"contentUrl\":\"https:\\\/\\\/secure.gravatar.com\\\/avatar\\\/ad6774b3ada023bf5b939d64f45c94b3adf91502dd883507d469b4308a943bb3?s=96&d=mm&r=g\",\"caption\":\"Exaudi Redazione\"},\"description\":\"Che cosa \u00e8 Exaudi News? Exaudi News \u00e8 un agenzia cattolica internazionale che informa, istruisce e trasforma quotidianamente in spagnolo, inglese e italiano. Attraverso notizie, articoli di analisi e trasmissioni in diretta degli eventi del Papa, Exaudi cerca di rafforzare l'unit\u00e0 dei cristiani e di contribuire all'evangelizzazione del mondo, sempre guidato dalla dottrina sociale della Chiesa. Lavoriamo per portare la verit\u00e0 e i valori cristiani in ogni angolo del pianeta. Aiutaci a trasformare il mondo con Exaudi! Noi di Exaudi crediamo che l'evangelizzazione e l'informazione di qualit\u00e0 possano cambiare la vita. Per continuare la nostra missione ed espandere la nostra portata, abbiamo bisogno del tuo aiuto. Stiamo anche cercando persone motivate che vogliano unirsi al nostro team. Grazie al vostro sostegno raggiungeremo pi\u00f9 persone, diffonderemo il messaggio di Cristo e rafforzeremo l'unit\u00e0 dei cristiani. Vuoi unirti alla nostra missione? Per maggiori informazioni su come contribuire, visita Exaudi.org\\\/it o contattaci direttamente: info@exaudi.org Exaudi: informa, forma e trasforma.\",\"sameAs\":[\"https:\\\/\\\/www.facebook.com\\\/ExaudiNotizie\\\/\",\"https:\\\/\\\/www.instagram.com\\\/Exaudi_notizie\\\/\",\"https:\\\/\\\/x.com\\\/Exaudi_Notizie\",\"https:\\\/\\\/www.youtube.com\\\/@exaudicatholicnews\"],\"url\":\"https:\\\/\\\/exaudi.org\\\/it\\\/author\\\/dlvedi-org\\\/\"}]}<\/script>\n<!-- \/ Yoast SEO plugin. -->","yoast_head_json":{"title":"L'arte di rallentare quando tutto si muove a velocit\u00e0 folle: il valore del seminario nell'era della fretta &#8211; Exaudi","robots":{"index":"index","follow":"follow","max-snippet":"max-snippet:-1","max-image-preview":"max-image-preview:large","max-video-preview":"max-video-preview:-1"},"canonical":"https:\/\/exaudi.org\/it\/larte-di-rallentare-quando-tutto-si-muove-a-velocita-folle-il-valore-del-seminario-nellera-della-fretta\/","og_locale":"it_IT","og_type":"article","og_title":"L'arte di rallentare quando tutto si muove a velocit\u00e0 folle: il valore del seminario nell'era della fretta &#8211; Exaudi","og_description":"Papa Leone XIV difende il tempo di formazione dei seminaristi non come un ritiro dal mondo, ma come una pausa essenziale per servire al meglio la societ\u00e0","og_url":"https:\/\/exaudi.org\/it\/larte-di-rallentare-quando-tutto-si-muove-a-velocita-folle-il-valore-del-seminario-nellera-della-fretta\/","og_site_name":"Exaudi","article_publisher":"https:\/\/www.facebook.com\/ExaudiNews","article_author":"https:\/\/www.facebook.com\/ExaudiNotizie\/","article_published_time":"2026-09-03T15:08:45+00:00","og_image":[{"width":1732,"height":1154,"url":"https:\/\/exaudi.org\/wp-content\/uploads\/2026\/09\/cq5dam.web_.800-953f6061-fb87-4158-861e-633d851867e1.jpg","type":"image\/jpeg"}],"author":"Exaudi Redazione","twitter_card":"summary_large_image","twitter_creator":"@Exaudi_Notizie","twitter_site":"@Exaudi_News","twitter_misc":{"Scritto da":"Exaudi Redazione","Tempo di lettura stimato":"8 minuti"},"schema":{"@context":"https:\/\/schema.org","@graph":[{"@type":"Article","@id":"https:\/\/exaudi.org\/it\/larte-di-rallentare-quando-tutto-si-muove-a-velocita-folle-il-valore-del-seminario-nellera-della-fretta\/#article","isPartOf":{"@id":"https:\/\/exaudi.org\/it\/larte-di-rallentare-quando-tutto-si-muove-a-velocita-folle-il-valore-del-seminario-nellera-della-fretta\/"},"author":{"name":"Exaudi Redazione","@id":"https:\/\/exaudi.org\/#\/schema\/person\/e1ab6ed07c01774724dd96f925f3a5f0"},"headline":"L&#8217;arte di rallentare quando tutto si muove a velocit\u00e0 folle: il valore del seminario nell&#8217;era della fretta","datePublished":"2026-09-03T15:08:45+00:00","mainEntityOfPage":{"@id":"https:\/\/exaudi.org\/it\/larte-di-rallentare-quando-tutto-si-muove-a-velocita-folle-il-valore-del-seminario-nellera-della-fretta\/"},"wordCount":1636,"image":{"@id":"https:\/\/exaudi.org\/it\/larte-di-rallentare-quando-tutto-si-muove-a-velocita-folle-il-valore-del-seminario-nellera-della-fretta\/#primaryimage"},"thumbnailUrl":"https:\/\/i0.wp.com\/exaudi.org\/wp-content\/uploads\/2026\/09\/cq5dam.web_.800-953f6061-fb87-4158-861e-633d851867e1.jpg?fit=1732%2C1154&ssl=1","keywords":["Aversa","CHIESA CATTOLICA","cura pastorale","discernimento","FORMAZIONE SACERDOTALE","fraternit\u00e0","Giovent\u00f9 e fede","Leone XIV","Molfetta","Papa Leone XIV","ritiro spirituale","Seminario","seminaristi","Trending","vita comunitaria","vocazione"],"articleSection":["Discorsi","Leone XIV"],"inLanguage":"it-IT"},{"@type":"WebPage","@id":"https:\/\/exaudi.org\/it\/larte-di-rallentare-quando-tutto-si-muove-a-velocita-folle-il-valore-del-seminario-nellera-della-fretta\/","url":"https:\/\/exaudi.org\/it\/larte-di-rallentare-quando-tutto-si-muove-a-velocita-folle-il-valore-del-seminario-nellera-della-fretta\/","name":"L'arte di rallentare quando tutto si muove a velocit\u00e0 folle: il valore del seminario nell'era della fretta &#8211; Exaudi","isPartOf":{"@id":"https:\/\/exaudi.org\/#website"},"primaryImageOfPage":{"@id":"https:\/\/exaudi.org\/it\/larte-di-rallentare-quando-tutto-si-muove-a-velocita-folle-il-valore-del-seminario-nellera-della-fretta\/#primaryimage"},"image":{"@id":"https:\/\/exaudi.org\/it\/larte-di-rallentare-quando-tutto-si-muove-a-velocita-folle-il-valore-del-seminario-nellera-della-fretta\/#primaryimage"},"thumbnailUrl":"https:\/\/i0.wp.com\/exaudi.org\/wp-content\/uploads\/2026\/09\/cq5dam.web_.800-953f6061-fb87-4158-861e-633d851867e1.jpg?fit=1732%2C1154&ssl=1","datePublished":"2026-09-03T15:08:45+00:00","author":{"@id":"https:\/\/exaudi.org\/#\/schema\/person\/e1ab6ed07c01774724dd96f925f3a5f0"},"breadcrumb":{"@id":"https:\/\/exaudi.org\/it\/larte-di-rallentare-quando-tutto-si-muove-a-velocita-folle-il-valore-del-seminario-nellera-della-fretta\/#breadcrumb"},"inLanguage":"it-IT","potentialAction":[{"@type":"ReadAction","target":["https:\/\/exaudi.org\/it\/larte-di-rallentare-quando-tutto-si-muove-a-velocita-folle-il-valore-del-seminario-nellera-della-fretta\/"]}]},{"@type":"ImageObject","inLanguage":"it-IT","@id":"https:\/\/exaudi.org\/it\/larte-di-rallentare-quando-tutto-si-muove-a-velocita-folle-il-valore-del-seminario-nellera-della-fretta\/#primaryimage","url":"https:\/\/i0.wp.com\/exaudi.org\/wp-content\/uploads\/2026\/09\/cq5dam.web_.800-953f6061-fb87-4158-861e-633d851867e1.jpg?fit=1732%2C1154&ssl=1","contentUrl":"https:\/\/i0.wp.com\/exaudi.org\/wp-content\/uploads\/2026\/09\/cq5dam.web_.800-953f6061-fb87-4158-861e-633d851867e1.jpg?fit=1732%2C1154&ssl=1","width":1732,"height":1154},{"@type":"BreadcrumbList","@id":"https:\/\/exaudi.org\/it\/larte-di-rallentare-quando-tutto-si-muove-a-velocita-folle-il-valore-del-seminario-nellera-della-fretta\/#breadcrumb","itemListElement":[{"@type":"ListItem","position":1,"name":"Portada","item":"https:\/\/exaudi.org\/it\/"},{"@type":"ListItem","position":2,"name":"L&#8217;arte di rallentare quando tutto si muove a velocit\u00e0 folle: il valore del seminario nell&#8217;era della fretta"}]},{"@type":"WebSite","@id":"https:\/\/exaudi.org\/#website","url":"https:\/\/exaudi.org\/","name":"Exaudi","description":"News","potentialAction":[{"@type":"SearchAction","target":{"@type":"EntryPoint","urlTemplate":"https:\/\/exaudi.org\/?s={search_term_string}"},"query-input":{"@type":"PropertyValueSpecification","valueRequired":true,"valueName":"search_term_string"}}],"inLanguage":"it-IT"},{"@type":"Person","@id":"https:\/\/exaudi.org\/#\/schema\/person\/e1ab6ed07c01774724dd96f925f3a5f0","name":"Exaudi Redazione","image":{"@type":"ImageObject","inLanguage":"it-IT","@id":"https:\/\/secure.gravatar.com\/avatar\/ad6774b3ada023bf5b939d64f45c94b3adf91502dd883507d469b4308a943bb3?s=96&d=mm&r=g","url":"https:\/\/secure.gravatar.com\/avatar\/ad6774b3ada023bf5b939d64f45c94b3adf91502dd883507d469b4308a943bb3?s=96&d=mm&r=g","contentUrl":"https:\/\/secure.gravatar.com\/avatar\/ad6774b3ada023bf5b939d64f45c94b3adf91502dd883507d469b4308a943bb3?s=96&d=mm&r=g","caption":"Exaudi Redazione"},"description":"Che cosa \u00e8 Exaudi News? Exaudi News \u00e8 un agenzia cattolica internazionale che informa, istruisce e trasforma quotidianamente in spagnolo, inglese e italiano. Attraverso notizie, articoli di analisi e trasmissioni in diretta degli eventi del Papa, Exaudi cerca di rafforzare l'unit\u00e0 dei cristiani e di contribuire all'evangelizzazione del mondo, sempre guidato dalla dottrina sociale della Chiesa. Lavoriamo per portare la verit\u00e0 e i valori cristiani in ogni angolo del pianeta. Aiutaci a trasformare il mondo con Exaudi! Noi di Exaudi crediamo che l'evangelizzazione e l'informazione di qualit\u00e0 possano cambiare la vita. Per continuare la nostra missione ed espandere la nostra portata, abbiamo bisogno del tuo aiuto. Stiamo anche cercando persone motivate che vogliano unirsi al nostro team. Grazie al vostro sostegno raggiungeremo pi\u00f9 persone, diffonderemo il messaggio di Cristo e rafforzeremo l'unit\u00e0 dei cristiani. Vuoi unirti alla nostra missione? Per maggiori informazioni su come contribuire, visita Exaudi.org\/it o contattaci direttamente: info@exaudi.org Exaudi: informa, forma e trasforma.","sameAs":["https:\/\/www.facebook.com\/ExaudiNotizie\/","https:\/\/www.instagram.com\/Exaudi_notizie\/","https:\/\/x.com\/Exaudi_Notizie","https:\/\/www.youtube.com\/@exaudicatholicnews"],"url":"https:\/\/exaudi.org\/it\/author\/dlvedi-org\/"}]}},"jetpack_shortlink":"https:\/\/wp.me\/pgKjF2-LOJ","jetpack_featured_media_url":"https:\/\/i0.wp.com\/exaudi.org\/wp-content\/uploads\/2026\/09\/cq5dam.web_.800-953f6061-fb87-4158-861e-633d851867e1.jpg?fit=1732%2C1154&ssl=1","_links":{"self":[{"href":"https:\/\/exaudi.org\/it\/wp-json\/wp\/v2\/posts\/183813","targetHints":{"allow":["GET"]}}],"collection":[{"href":"https:\/\/exaudi.org\/it\/wp-json\/wp\/v2\/posts"}],"about":[{"href":"https:\/\/exaudi.org\/it\/wp-json\/wp\/v2\/types\/post"}],"author":[{"embeddable":true,"href":"https:\/\/exaudi.org\/it\/wp-json\/wp\/v2\/users\/17"}],"replies":[{"embeddable":true,"href":"https:\/\/exaudi.org\/it\/wp-json\/wp\/v2\/comments?post=183813"}],"version-history":[{"count":5,"href":"https:\/\/exaudi.org\/it\/wp-json\/wp\/v2\/posts\/183813\/revisions"}],"predecessor-version":[{"id":183818,"href":"https:\/\/exaudi.org\/it\/wp-json\/wp\/v2\/posts\/183813\/revisions\/183818"}],"wp:featuredmedia":[{"embeddable":true,"href":"https:\/\/exaudi.org\/it\/wp-json\/wp\/v2\/media\/183808"}],"wp:attachment":[{"href":"https:\/\/exaudi.org\/it\/wp-json\/wp\/v2\/media?parent=183813"}],"wp:term":[{"taxonomy":"category","embeddable":true,"href":"https:\/\/exaudi.org\/it\/wp-json\/wp\/v2\/categories?post=183813"},{"taxonomy":"post_tag","embeddable":true,"href":"https:\/\/exaudi.org\/it\/wp-json\/wp\/v2\/tags?post=183813"}],"curies":[{"name":"wp","href":"https:\/\/api.w.org\/{rel}","templated":true}]}}