{"id":183704,"date":"2026-09-02T18:13:27","date_gmt":"2026-09-02T16:13:27","guid":{"rendered":"https:\/\/exaudi.org\/?p=183704"},"modified":"2026-09-02T18:13:28","modified_gmt":"2026-09-02T16:13:28","slug":"un-cammino-verso-la-costruzione-della-pace","status":"publish","type":"post","link":"https:\/\/exaudi.org\/it\/un-cammino-verso-la-costruzione-della-pace\/","title":{"rendered":"Un cammino verso la costruzione della pace"},"content":{"rendered":"<div class=\"section_article-content\">\n<div class=\"paragraph_acerca_wrappr\">\n<div class=\"paragraph w-richtext\">\n<h3><strong><span dir=\"auto\" style=\"vertical-align: inherit\"><span dir=\"auto\" style=\"vertical-align: inherit\">Introduzione<\/span><\/span><\/strong><\/h3>\n<p><span dir=\"auto\" style=\"vertical-align: inherit\"><span dir=\"auto\" style=\"vertical-align: inherit\">Alcuni conflitti iniziano molto prima che venga sparato il primo colpo. La perdita di fiducia interpersonale e comunitaria ha spesso radici profonde. Non \u00e8 raro che la fiducia si dissolva quando una persona o una comunit\u00e0 si sente tradita, quando la verit\u00e0 viene distorta e, ancor di pi\u00f9, quando smette di credere nella verit\u00e0 e nel valore della propria parola, che dovrebbe essere come una casa. In momenti del genere, \u00e8 molto facile che la convivenza diventi fragile: le istituzioni vengono percepite come strumenti di parte, la legge come copertura per interessi particolari, l&#8217;avversario come una minaccia assoluta e la vittima come un costo inevitabile.<\/span><\/span><\/p>\n<p><span dir=\"auto\" style=\"vertical-align: inherit\"><span dir=\"auto\" style=\"vertical-align: inherit\">Pertanto, per parlare con rigore di pace, dobbiamo cominciare parlando della verit\u00e0. Non una verit\u00e0 usata come arma, n\u00e9 una verit\u00e0 ridotta a slogan, ma la verit\u00e0 come umile ed esigente riconoscimento della realt\u00e0 nella sua complessit\u00e0 e multidimensionalit\u00e0.<\/span><\/span><\/p>\n<div class=\"code-block code-block-1\">\n<p>&nbsp;<\/p>\n<div id=\"aswift_2_host\"><\/div>\n<p>&nbsp;<\/p>\n<\/div>\n<p><span dir=\"auto\" style=\"vertical-align: inherit\"><span dir=\"auto\" style=\"vertical-align: inherit\">La verit\u00e0 non \u00e8 un lusso speculativo. Dare per scontata la natura della verit\u00e0 d\u00e0 origine a ogni sorta di frivolezze e semplificazioni eccessive. Nel dibattito filosofico contemporaneo, possiamo solo rallegrarci quando, attraverso diversi mezzi, viene riscoperta la forza della verit\u00e0 ontologica, insieme alla sua partecipazione cognitiva alla verit\u00e0 logica e alla necessit\u00e0 dell&#8217;intersoggettivit\u00e0 per la sua graduale rivelazione. Non possiamo approfondire ulteriormente questo punto; tuttavia, non posso non menzionare che la lettura\u00a0 di <\/span><\/span><em><span dir=\"auto\" style=\"vertical-align: inherit\"><span dir=\"auto\" style=\"vertical-align: inherit\">Contro gli Accademici\u00a0<\/span><\/span><\/em><span dir=\"auto\" style=\"vertical-align: inherit\"><span dir=\"auto\" style=\"vertical-align: inherit\"> di Sant&#8217;Agostino rimane di grande aiuto per ispirare approcci, sia classici che contemporanei, al superamento, dall&#8217;interno, delle pi\u00f9 diverse forme di scetticismo. Inoltre, quest&#8217;opera ci offre sempre la piacevole sorpresa che la verit\u00e0\u00a0 <\/span><\/span><em><span dir=\"auto\" style=\"vertical-align: inherit\"><span dir=\"auto\" style=\"vertical-align: inherit\">riemerge proprio<\/span><\/span><\/em><span dir=\"auto\" style=\"vertical-align: inherit\"><span dir=\"auto\" style=\"vertical-align: inherit\"> \u00a0quando qualcuno cerca pi\u00f9 radicalmente di manipolarla, strumentalizzarla o negarla <\/span><\/span><sup><span dir=\"auto\" style=\"vertical-align: inherit\"><span dir=\"auto\" style=\"vertical-align: inherit\">.<\/span><\/span><\/sup><\/p>\n<p><span dir=\"auto\" style=\"vertical-align: inherit\"><span dir=\"auto\" style=\"vertical-align: inherit\">In effetti, la verit\u00e0 persiste e perdura. \u00c8 la condizione morale che ci permette di riconoscere che il mondo non \u00e8 a disposizione della pura volont\u00e0 per dominarlo e che le persone non possono essere ridotte a semplici pedine in una strategia. Quando una razionalit\u00e0 puramente pragmatica eclissa la verit\u00e0 nella sua interezza, il mondo appare come materiale manipolabile. L&#8217;eclissi della dimensione non strumentale del mondo e della vita umana rende immediatamente sacrificabili i poveri, i migranti, i prigionieri, gli esuli, gli scomparsi e gli emarginati.<\/span><\/span><\/p>\n<p><span dir=\"auto\" style=\"vertical-align: inherit\"><span dir=\"auto\" style=\"vertical-align: inherit\">In termini di filosofia morale e giuridica, la guerra, la repressione, la tortura, le sparizioni forzate o lo sterminio non sono semplicemente &#8220;eccessi&#8221; di un abuso di potere. Sono la conseguenza estrema di una prospettiva che ha cessato di percepire la verit\u00e0 sulla dignit\u00e0 dell&#8217;altro come un limite assoluto. Leone XIV lo ha formulato di recente con notevole precisione, avvertendo che la ricerca condivisa della verit\u00e0 dei fatti, assunta come bene comune, \u00e8 alla base di una comunicazione giusta; e ha aggiunto che quando il pragmatismo si accontenta di ci\u00f2 che \u00e8 utile o efficace, la democrazia si indebolisce dall&#8217;interno <\/span><\/span><sup><span dir=\"auto\" style=\"vertical-align: inherit\"><span dir=\"auto\" style=\"vertical-align: inherit\">.<\/span><\/span><\/sup><\/p>\n<p><em><span dir=\"auto\" style=\"vertical-align: inherit\"><span dir=\"auto\" style=\"vertical-align: inherit\">\u00a0La giustizia di transizione<\/span><\/span><\/em><span dir=\"auto\" style=\"vertical-align: inherit\"><span dir=\"auto\" style=\"vertical-align: inherit\"> si <\/span><span dir=\"auto\" style=\"vertical-align: inherit\">\u00a0colloca in questo momento cruciale: laddove una societ\u00e0 \u00e8 stata ferita da menzogne \u200b\u200bpubbliche, violenza sistematica e impunit\u00e0; laddove la verit\u00e0 \u00e8 svanita e la fiducia sociale si \u00e8 erosa. Il compito della\u00a0 <\/span><\/span><em><span dir=\"auto\" style=\"vertical-align: inherit\"><span dir=\"auto\" style=\"vertical-align: inherit\">giustizia di transizione<\/span><\/span><\/em><span dir=\"auto\" style=\"vertical-align: inherit\"><span dir=\"auto\" style=\"vertical-align: inherit\"> \u00a0non \u00e8 semplicemente quello di chiudere la porta sul passato. Il suo compito \u00e8 quello di aprire un futuro moralmente possibile, restituendo alla comunit\u00e0 la capacit\u00e0 di dire la verit\u00e0, giudicare i torti, riparare ci\u00f2 che \u00e8 riparabile e ricostruire i legami sociali senza negare il dolore delle vittime. L&#8217;espressione &#8220;moralmente possibile&#8221; indica che\u00a0 <\/span><\/span><em><span dir=\"auto\" style=\"vertical-align: inherit\"><span dir=\"auto\" style=\"vertical-align: inherit\">la giustizia di transizione\u00a0<\/span><\/span><\/em><span dir=\"auto\" style=\"vertical-align: inherit\"><span dir=\"auto\" style=\"vertical-align: inherit\"> cerca di raggiungere il &#8220;bene possibile&#8221; \u2013 non il male minore \u2013 all&#8217;interno di un contesto sociale e politico complesso <\/span><\/span><sup><span dir=\"auto\" style=\"vertical-align: inherit\"><span dir=\"auto\" style=\"vertical-align: inherit\">.<\/span><\/span><\/sup><\/p>\n<h3><strong><span dir=\"auto\" style=\"vertical-align: inherit\"><span dir=\"auto\" style=\"vertical-align: inherit\">giustizia di transizione<\/span><\/span><\/strong><\/h3>\n<p><span dir=\"auto\" style=\"vertical-align: inherit\"><span dir=\"auto\" style=\"vertical-align: inherit\">La giustizia di transizione \u00e8 emersa come campo di studio, sia pratico che teorico, per rispondere alla domanda: come pu\u00f2 una societ\u00e0 emergere da una dittatura, da una guerra civile o da un regime di violenza di massa senza sprofondare nella\u00a0 <\/span><\/span><em><span dir=\"auto\" style=\"vertical-align: inherit\"><span dir=\"auto\" style=\"vertical-align: inherit\">vendetta<\/span><\/span><\/em><span dir=\"auto\" style=\"vertical-align: inherit\"><span dir=\"auto\" style=\"vertical-align: inherit\"> \u00a0o\u00a0 <\/span><\/span><em><span dir=\"auto\" style=\"vertical-align: inherit\"><span dir=\"auto\" style=\"vertical-align: inherit\">nell&#8217;oblio<\/span><\/span><\/em><span dir=\"auto\" style=\"vertical-align: inherit\"><span dir=\"auto\" style=\"vertical-align: inherit\"> ?<\/span><\/span><\/p>\n<p><span dir=\"auto\" style=\"vertical-align: inherit\"><span dir=\"auto\" style=\"vertical-align: inherit\">La questione non \u00e8 astratta. Si pone quando l&#8217;ordinamento giuridico ordinario \u00e8 stato degradato, quando i tribunali sono stati soggiogati, quando la pubblica amministrazione ha partecipato o tollerato la violenza, quando la memoria ufficiale ha celato la sofferenza reale. Pertanto, la giustizia di transizione non \u00e8 una giustizia \u201cinferiore\u201d, ma una giustizia storicamente situata, orientata alla ricostruzione delle istituzioni, al riconoscimento delle vittime e al ripristino della fiducia <\/span><\/span><sup><span dir=\"auto\" style=\"vertical-align: inherit\"><span dir=\"auto\" style=\"vertical-align: inherit\">sociale.\u2074<\/span><\/span><\/sup><\/p>\n<p><span dir=\"auto\" style=\"vertical-align: inherit\"><span dir=\"auto\" style=\"vertical-align: inherit\">In senso stretto, la giustizia di transizione si riferisce all&#8217;insieme dei processi giudiziari, politici, istituzionali e culturali attraverso i quali una comunit\u00e0 affronta le conseguenze di gravi violazioni dei diritti umani. I pilastri della giustizia di transizione sono solitamente articolati attorno a cinque requisiti inscindibili: <\/span><\/span><sup><span dir=\"auto\" style=\"vertical-align: inherit\"><span dir=\"auto\" style=\"vertical-align: inherit\">5<\/span><\/span><\/sup><\/p>\n<ul role=\"list\">\n<li><strong><span dir=\"auto\" style=\"vertical-align: inherit\"><span dir=\"auto\" style=\"vertical-align: inherit\">La verit\u00e0<\/span><\/span><\/strong><span dir=\"auto\" style=\"vertical-align: inherit\"><span dir=\"auto\" style=\"vertical-align: inherit\"> \u00a0mira a chiarire pubblicamente cosa \u00e8 successo: le dinamiche della violenza, i responsabili, le vittime, il contesto e i meccanismi di insabbiamento.<\/span><\/span><\/li>\n<li><strong><span dir=\"auto\" style=\"vertical-align: inherit\"><span dir=\"auto\" style=\"vertical-align: inherit\">Il sistema giudiziario<\/span><\/span><\/strong><span dir=\"auto\" style=\"vertical-align: inherit\"><span dir=\"auto\" style=\"vertical-align: inherit\"> \u00a0cerca di indagare, perseguire e punire \u2013 almeno nei casi pi\u00f9 gravi \u2013 le violazioni massive dei diritti umani, evitando sia l&#8217;impunit\u00e0 che la vendetta.<\/span><\/span><\/li>\n<li><strong><span dir=\"auto\" style=\"vertical-align: inherit\"><span dir=\"auto\" style=\"vertical-align: inherit\">La riparazione<\/span><\/span><\/strong><span dir=\"auto\" style=\"vertical-align: inherit\"><span dir=\"auto\" style=\"vertical-align: inherit\"> \u00a0mira a riconoscere il danno subito attraverso misure materiali, simboliche, individuali e collettive: indennizzo, restituzione, assistenza psicosociale, scuse pubbliche, monumenti commemorativi e ripristino dei diritti.<\/span><\/span><\/li>\n<li><strong><span dir=\"auto\" style=\"vertical-align: inherit\"><span dir=\"auto\" style=\"vertical-align: inherit\">Le garanzie di non ripetizione<\/span><\/span><\/strong><span dir=\"auto\" style=\"vertical-align: inherit\"><span dir=\"auto\" style=\"vertical-align: inherit\"> \u00a0mirano a trasformare le condizioni che hanno reso possibile la violenza: riforma delle forze di sicurezza, epurazione istituzionale, indipendenza della magistratura, educazione ai diritti umani, controllo civile e rafforzamento democratico.<\/span><\/span><\/li>\n<li><span dir=\"auto\" style=\"vertical-align: inherit\"><span dir=\"auto\" style=\"vertical-align: inherit\">Infine,\u00a0 <\/span><\/span><strong><span dir=\"auto\" style=\"vertical-align: inherit\"><span dir=\"auto\" style=\"vertical-align: inherit\">la memoria<\/span><\/span><\/strong><span dir=\"auto\" style=\"vertical-align: inherit\"><span dir=\"auto\" style=\"vertical-align: inherit\"> \u00a0preserva il ricordo delle vittime e del danno subito, non per perpetuare il conflitto, ma per impedire la negazione, per dare dignit\u00e0 a coloro che sono stati messi a tacere e per educare moralmente la societ\u00e0. Questi pilastri non funzionano come fasi meccaniche, ma come dimensioni complementari di un processo volto a ricostruire la fiducia, la cittadinanza e la pace.<\/span><\/span><\/li>\n<\/ul>\n<p><span dir=\"auto\" style=\"vertical-align: inherit\"><span dir=\"auto\" style=\"vertical-align: inherit\">Questi pilastri non vanno intesi come una semplice\u00a0 <\/span><\/span><em><span dir=\"auto\" style=\"vertical-align: inherit\"><span dir=\"auto\" style=\"vertical-align: inherit\">lista di controllo<\/span><\/span><\/em><span dir=\"auto\" style=\"vertical-align: inherit\"><span dir=\"auto\" style=\"vertical-align: inherit\"> . Costituiscono momenti di\u00a0 <\/span><\/span><em><span dir=\"auto\" style=\"vertical-align: inherit\"><span dir=\"auto\" style=\"vertical-align: inherit\">un&#8217;antropologia politica <\/span><\/span><\/em>\u00a0<em><span dir=\"auto\" style=\"vertical-align: inherit\"><span dir=\"auto\" style=\"vertical-align: inherit\">della riconciliazione.\u00a0 In altre parole: la verit\u00e0 ripristina il linguaggio; la giustizia ristabilisce la responsabilit\u00e0; la riparazione riconosce il danno; le garanzie di istituzioni riformatrici che non si ripetono; la memoria impedisce <\/span><\/span><\/em><span dir=\"auto\" style=\"vertical-align: inherit\"><sup><span dir=\"auto\" style=\"vertical-align: inherit\">che<\/span><\/sup><span dir=\"auto\" style=\"vertical-align: inherit\"> la vittima venga estromessa dalla coscienza pubblica.\u2076<\/span><\/span><\/p>\n<p><span dir=\"auto\" style=\"vertical-align: inherit\"><span dir=\"auto\" style=\"vertical-align: inherit\">La giustizia di transizione, pertanto, non pu\u00f2 essere ridotta alla mera punizione penale, sebbene sia essenziale ritenere responsabili i principali colpevoli nei casi di reati gravi. N\u00e9 pu\u00f2 essere ridotta a commissioni per la verit\u00e0 prive di conseguenze giuridiche o ad amnistie generali in nome di una pace affrettata. Il suo compito consiste precisamente nel bilanciare con prudenza beni che spesso appaiono in conflitto: pace e giustizia, stabilit\u00e0 e verit\u00e0, clemenza e responsabilit\u00e0, continuit\u00e0 istituzionale e purificazione morale dello Stato.<\/span><\/span><\/p>\n<p><span dir=\"auto\" style=\"vertical-align: inherit\"><span dir=\"auto\" style=\"vertical-align: inherit\">In questa materia, \u00e8 importante evitare due tentazioni simmetriche. La prima \u00e8 l&#8217;impunit\u00e0 mascherata da riconciliazione: &#8220;Guardiamo avanti&#8221;, si dice, come se la vittima potesse progredire senza la verit\u00e0. La seconda \u00e8 la vendetta mascherata da giustizia: &#8220;Che tutti paghino&#8221;, si afferma, come se la transizione potesse scaturire da un&#8217;epurazione indiscriminata. La giustizia di transizione richiede discernimento: distinguere i diversi gradi di responsabilit\u00e0, tutelare il diritto al giusto processo, ascoltare le vittime, smantellare le strutture repressive e aprire percorsi di reintegrazione per coloro che non hanno gravi responsabilit\u00e0.<\/span><\/span><\/p>\n<h3><strong><span dir=\"auto\" style=\"vertical-align: inherit\"><span dir=\"auto\" style=\"vertical-align: inherit\">La dignit\u00e0 della persona come criterio normativo<\/span><\/span><\/strong><\/h3>\n<p><span dir=\"auto\" style=\"vertical-align: inherit\"><span dir=\"auto\" style=\"vertical-align: inherit\">Il criterio ultimo per qualsiasi processo di giustizia di transizione non pu\u00f2 essere l&#8217;opportunismo politico, la pressione internazionale o la mera stabilit\u00e0. Il criterio ultimo \u00e8 la dignit\u00e0 dell&#8217;individuo. Ogni vittima possiede un valore che precede lo Stato, il partito, l&#8217;ideologia, l&#8217;etnia, l&#8217;utilit\u00e0 economica e l&#8217;efficacia strategica. Pertanto, la vittima non pu\u00f2 essere ridotta a un fascicolo, a un simbolo, a una statistica o a uno strumento di legittimazione.<\/span><\/span><\/p>\n<p><span dir=\"auto\" style=\"vertical-align: inherit\"><span dir=\"auto\" style=\"vertical-align: inherit\">La tradizione personalista aiuta a formulare questo requisito con particolare chiarezza. Karol Wojtyla ha espresso la norma personalista di azione affermando che la persona \u00e8 un bene tale che solo l&#8217;amore benevolo costituisce una risposta adeguata ad essa: *\u00a0 <\/span><\/span><em><span dir=\"auto\" style=\"vertical-align: inherit\"><span dir=\"auto\" style=\"vertical-align: inherit\">Persona est affirmanda propter seipsam!* (La persona \u00e8 affermata nel<\/span><\/span><\/em><span dir=\"auto\" style=\"vertical-align: inherit\"><span dir=\"auto\" style=\"vertical-align: inherit\"> proprio nome! ); negativamente, ci\u00f2 significa che non pu\u00f2 essere usata come mero mezzo. Questa intuizione ha conseguenze giuridiche decisive: i diritti umani non sono concessioni del potere, ma rivendicazioni storiche derivanti dal valore intrinseco di ogni persona. Quando il potere si allontana da questa norma, degenera in pura volont\u00e0 di dominio. <\/span><\/span><sup><span dir=\"auto\" style=\"vertical-align: inherit\"><span dir=\"auto\" style=\"vertical-align: inherit\">7<\/span><\/span><\/sup><\/p>\n<p><span dir=\"auto\" style=\"vertical-align: inherit\"><span dir=\"auto\" style=\"vertical-align: inherit\">Leone XIV riprende questa linea di pensiero, affermando che il valore della persona non dipende da ci\u00f2 che fa o produce, e che esistono diritti che appartengono a tutti semplicemente in virt\u00f9 dell&#8217;essere persona. La dignit\u00e0 ontologica \u2013 afferma l&#8217;Enciclica \u2013 appartiene a ogni essere umano semplicemente in virt\u00f9 della sua esistenza, dell&#8217;essere stato voluto, creato e amato da Dio; pertanto, nessun fallimento, umiliazione o esclusione possono distruggere il profondo valore di una vita umana. <\/span><\/span><sup><span dir=\"auto\" style=\"vertical-align: inherit\"><span dir=\"auto\" style=\"vertical-align: inherit\">8<\/span><\/span><\/sup><\/p>\n<p><span dir=\"auto\" style=\"vertical-align: inherit\"><span dir=\"auto\" style=\"vertical-align: inherit\">Da questa prospettiva, la giustizia di transizione non pu\u00f2 sacrificare le vittime in nome della governance. Ma non pu\u00f2 nemmeno negare che anche il carnefice rimanga una persona. Questa affermazione non indebolisce la giustizia, bens\u00ec la purifica. Impedisce che la punizione si trasformi in degradazione e che il linguaggio dei diritti umani venga utilizzato solo per &#8220;alcuni&#8221; e non per &#8220;tutti&#8221;. L&#8217;autentica giustizia di transizione non spersonalizza nessuno: riconosce l&#8217;innocenza della vittima, la responsabilit\u00e0 del carnefice e la possibilit\u00e0 di una diversa comunit\u00e0 politica.<\/span><\/span><\/p>\n<h3><strong><span dir=\"auto\" style=\"vertical-align: inherit\"><span dir=\"auto\" style=\"vertical-align: inherit\">Il caso dell&#8217;America Latina: ferite, polarizzazione e ricostruzione del &#8220;noi&#8221;<\/span><\/span><\/strong><\/h3>\n<p><span dir=\"auto\" style=\"vertical-align: inherit\"><span dir=\"auto\" style=\"vertical-align: inherit\">Il caso latinoamericano \u00e8 molto istruttivo. L&#8217;America Latina conosce bene la grammatica seminata dalle ferite e dalle umiliazioni. Dittature militari, guerriglia, controinsurrezione, sparizioni, esecuzioni extragiudiziali, prigioni politiche, corruzione giudiziaria, criminalit\u00e0 organizzata e continui esili hanno lasciato cicatrici che non possono essere sanate semplicemente con cambiamenti elettorali. La democrazia formale, pur essendo indispensabile, non \u00e8 sufficiente a risanare societ\u00e0 frammentate.<\/span><\/span><\/p>\n<p><span dir=\"auto\" style=\"vertical-align: inherit\"><span dir=\"auto\" style=\"vertical-align: inherit\">La regione sta inoltre vivendo un declino della fiducia pubblica. Recenti rapporti su democrazia e sviluppo mettono in guardia contro l&#8217;aumento della polarizzazione, della disinformazione, dell&#8217;influenza della criminalit\u00e0 organizzata e dell&#8217;insoddisfazione dei cittadini nei confronti delle istituzioni. &#8220;International IDEA&#8221; ha rilevato il deterioramento globale della rappresentanza democratica; &#8220;V-Dem&#8221; descrive una prolungata ondata di autoritarismo; e l&#8217;UNDP ha avvertito che l&#8217;America Latina e i Caraibi sono sottoposti a pressioni democratiche particolarmente intense, tra cui la polarizzazione politica, l&#8217;impatto delle tecnologie digitali e la penetrazione della criminalit\u00e0 <\/span><\/span><sup><span dir=\"auto\" style=\"vertical-align: inherit\"><span dir=\"auto\" style=\"vertical-align: inherit\">organizzata.\u2079<\/span><\/span><\/sup><\/p>\n<p><span dir=\"auto\" style=\"vertical-align: inherit\"><span dir=\"auto\" style=\"vertical-align: inherit\">Ci\u00f2 significa che il problema di fondo \u00e8 pi\u00f9 grave della semplice competizione politico-partitica. Quando l&#8217;avversario diventa un nemico assoluto, la vita pubblica perde la sua capacit\u00e0 deliberativa. Quando la legge viene percepita come uno strumento di faziosit\u00e0, la giustizia cessa di ispirare fiducia. Quando la verit\u00e0 viene sostituita da narrazioni tribali, ogni gruppo abita la propria memoria e il &#8220;noi&#8221; nazionale diventa quasi inesprimibile.<\/span><\/span><\/p>\n<p><span dir=\"auto\" style=\"vertical-align: inherit\"><span dir=\"auto\" style=\"vertical-align: inherit\">Pertanto, l&#8217;America Latina ha bisogno di qualcosa di pi\u00f9 di semplici riforme elettorali o politiche di sicurezza. Ha bisogno di processi per ricostruire il tessuto sociale e la fiducia. Le esperienze di giustizia di transizione in Argentina, Cile, Per\u00f9, Guatemala, El Salvador e Colombia mostrano percorsi diversi, incompleti e talvolta contraddittori, ma tutti ci insegnano qualcosa: senza una verit\u00e0 pubblica sulle vittime e senza istituzioni capaci di riconoscere le proprie responsabilit\u00e0, la democrazia rimane costruita su silenzi che prima o poi ritornano sotto forma di risentimento, paura o violenza. <\/span><\/span><sup><span dir=\"auto\" style=\"vertical-align: inherit\"><span dir=\"auto\" style=\"vertical-align: inherit\">10<\/span><\/span><\/sup><\/p>\n<p><span dir=\"auto\" style=\"vertical-align: inherit\"><span dir=\"auto\" style=\"vertical-align: inherit\">Penso agli scenari attuali in paesi come Cuba, Venezuela, Nicaragua, Messico, El Salvador e tanti altri nella regione. Questi scenari richiederanno, quando arriver\u00e0 il momento, un processo di giustizia di transizione che non sia improvvisato. Dovremo prendere in considerazione commissioni per la verit\u00e0, revisioni delle condanne politiche, riforme istituzionali, risarcimenti per i prigionieri e gli esuli, ricostruzione degli archivi, garanzie di non ripetizione, riforma giudiziaria e reintegrazione sociale di coloro che hanno partecipato alle strutture di controllo senza essere i principali responsabili di gravi crimini.<\/span><\/span><\/p>\n<p><span dir=\"auto\" style=\"vertical-align: inherit\"><span dir=\"auto\" style=\"vertical-align: inherit\">Nelle societ\u00e0 polarizzate e impoverite, la sfida non sar\u00e0 solo la punizione; sar\u00e0 la ricostruzione della fiducia laddove, per anni, le persone sono state educate a diffidare dei propri vicini, giudici, giornalisti, insegnanti, sacerdoti e familiari che la pensano diversamente. Pertanto, la giustizia di transizione \u00e8 un lungo cammino culturale e strutturale. E non vogliamo nascondere il fatto che sia estremamente arduo, poich\u00e9 richiede che chi detiene il potere si guardi allo specchio e che, oltre a essere scomodo, abbia spesso conseguenze indesiderabili per coloro che intraprendono questo peculiare ascetismo volto a dare un volto a questo aspetto fondamentale della giustizia sociale. <\/span><\/span><sup><span dir=\"auto\" style=\"vertical-align: inherit\"><span dir=\"auto\" style=\"vertical-align: inherit\">11<\/span><\/span><\/sup><\/p>\n<h3><strong><span dir=\"auto\" style=\"vertical-align: inherit\"><span dir=\"auto\" style=\"vertical-align: inherit\">Insomma<\/span><\/span><\/strong><\/h3>\n<p><span dir=\"auto\" style=\"vertical-align: inherit\"><span dir=\"auto\" style=\"vertical-align: inherit\">La giustizia di transizione non \u00e8 una tecnica di chiusura. \u00c8 un modo per ricominciare senza mentire. Laddove c&#8217;\u00e8 stata violenza sistematica, la pace pu\u00f2 nascere solo da una verit\u00e0 che non umilia, da una giustizia che non distrugge, da una memoria che non paralizza e da una riconciliazione che non assolve prematuramente i responsabili. La dottrina sociale della Chiesa contemporanea ci offre ampio materiale per immaginare diversi progetti di giustizia di transizione, sempre adattati al loro specifico contesto storico.<\/span><\/span><\/p>\n<p><span dir=\"auto\" style=\"vertical-align: inherit\"><span dir=\"auto\" style=\"vertical-align: inherit\">Ad esempio,\u00a0 <\/span><\/span><em><span dir=\"auto\" style=\"vertical-align: inherit\"><span dir=\"auto\" style=\"vertical-align: inherit\">Fratelli tutti<\/span><\/span><\/em><span dir=\"auto\" style=\"vertical-align: inherit\"><span dir=\"auto\" style=\"vertical-align: inherit\"> \u00a0offre una chiave cruciale: la pace sociale richiede il riconoscimento che la verit\u00e0 \u00e8 la compagna inseparabile della giustizia e della misericordia; e che coloro che hanno sofferto ingiustamente hanno diritto alla verit\u00e0, alla giustizia e alla riparazione. Papa Francesco ha ammonito che il perdono non implica impunit\u00e0 o oblio, perch\u00e9 solo dalla verit\u00e0 storica dei fatti pu\u00f2 emergere un autentico cammino verso la riconciliazione. <\/span><\/span><sup><span dir=\"auto\" style=\"vertical-align: inherit\"><span dir=\"auto\" style=\"vertical-align: inherit\">12<\/span><\/span><\/sup><\/p>\n<p><span dir=\"auto\" style=\"vertical-align: inherit\"><span dir=\"auto\" style=\"vertical-align: inherit\">Da parte sua, Leone XIV, nella\u00a0 <\/span><\/span><em><span dir=\"auto\" style=\"vertical-align: inherit\"><span dir=\"auto\" style=\"vertical-align: inherit\">Magnifica Humanitas,<\/span><\/span><\/em><span dir=\"auto\" style=\"vertical-align: inherit\"><span dir=\"auto\" style=\"vertical-align: inherit\"> \u00a0estende questa intuizione quando descrive la giustizia sociale anche come giustizia riparativa: una giustizia che ricuce i legami spezzati, reintegra coloro che sono stati esclusi, guarisce la memoria collettiva e restituisce dignit\u00e0 e voce a coloro che sono stati ignorati. Nel suo capitolo sulla cultura del potere e la civilt\u00e0 dell&#8217;amore, Leone XIV aggiunge che la civilt\u00e0 dell&#8217;amore non \u00e8 un&#8217;utopia ingenua, ma l&#8217;impegnativo progetto di tradurre la carit\u00e0 in strutture di giustizia e di dare forma istituzionale alla <\/span><\/span><sup><span dir=\"auto\" style=\"vertical-align: inherit\"><span dir=\"auto\" style=\"vertical-align: inherit\">fraternit\u00e0.13<\/span><\/span><\/sup><\/p>\n<p><span dir=\"auto\" style=\"vertical-align: inherit\"><span dir=\"auto\" style=\"vertical-align: inherit\">In definitiva, questo \u00e8 il compito di ogni giustizia di transizione degna di questo nome: tradurre la verit\u00e0 in istituzioni, la memoria in responsabilit\u00e0, il dolore in riparazione, la giustizia in fiducia e la fiducia in pace. Non dobbiamo cercare di nascondere la gravit\u00e0 del male, n\u00e9 pretendere abbracci prematuri o riconciliazioni di facciata dalle vittime. Si tratta di riconoscere che una societ\u00e0 pu\u00f2 tornare a respirare solo quando osa guardare le proprie ferite senza trasformarle in armi.<\/span><\/span><\/p>\n<p><span dir=\"auto\" style=\"vertical-align: inherit\"><span dir=\"auto\" style=\"vertical-align: inherit\">In America Latina, e soprattutto negli scenari ad alto rischio che abbiamo menzionato, la pace futura dipender\u00e0 dalla nostra capacit\u00e0 di sviluppare fin da ora un linguaggio condiviso. Non un linguaggio di conflitto, ma uno che promuova la fiducia e il ripristino del tessuto sociale: un linguaggio che disarmino la retorica, ascoltino le vittime, riconoscano i poveri e gli emarginati come pilastri della ricostruzione e riaffermino, contro ogni ragionamento cinico, che nessuna persona \u00e8 sacrificabile. Solo in questo modo la giustizia di transizione diventa un percorso per costruire la pace. Pace con la verit\u00e0, pace con la giustizia, pace nata da una dignit\u00e0 riconosciuta e da una fiducia sociale pazientemente ricostruita.<\/span><\/span><\/p>\n<\/div>\n<\/div>\n<\/div>\n<div class=\"notas-al-pie_wrapper\">\n<div class=\"linea-horizontal\"><span dir=\"auto\" style=\"vertical-align: inherit\"><span dir=\"auto\" style=\"vertical-align: inherit\">***<\/span><\/span><\/div>\n<div class=\"nota w-richtext\">\n<p><sup><span dir=\"auto\" style=\"vertical-align: inherit\"><span dir=\"auto\" style=\"vertical-align: inherit\">1<\/span><\/span><\/sup><span dir=\"auto\" style=\"vertical-align: inherit\"><span dir=\"auto\" style=\"vertical-align: inherit\"> \u00a0Sant&#8217;Agostino, \u201cContro gli accademici\u201d, in\u00a0 <\/span><\/span><em><span dir=\"auto\" style=\"vertical-align: inherit\"><span dir=\"auto\" style=\"vertical-align: inherit\">Opere di sant&#8217;Agostino,\u00a0<\/span><\/span><\/em><span dir=\"auto\" style=\"vertical-align: inherit\"><span dir=\"auto\" style=\"vertical-align: inherit\"> vol. III, BAC, Madrid, 1982, pp. 4-190. Per un&#8217;introduzione ai dibattiti contemporanei sulla \u201cverit\u00e0\u201d, cfr. E. Berti,\u00a0 <\/span><\/span><em><span dir=\"auto\" style=\"vertical-align: inherit\"><span dir=\"auto\" style=\"vertical-align: inherit\">La ricerca della verit\u00e0 in filosofia<\/span><\/span><\/em><span dir=\"auto\" style=\"vertical-align: inherit\"><span dir=\"auto\" style=\"vertical-align: inherit\"> , Studium, Roma, 2015; R. Buttiglione,\u00a0 <\/span><\/span><em><span dir=\"auto\" style=\"vertical-align: inherit\"><span dir=\"auto\" style=\"vertical-align: inherit\">Sulla verit\u00e0 soggettiva,<\/span><\/span><\/em><span dir=\"auto\" style=\"vertical-align: inherit\"><span dir=\"auto\" style=\"vertical-align: inherit\"> \u00a0Rubbettino, Soveria Mannelli, 2015; J.A. Nicol\u00e1s, \u2013 M.J. Fr\u00e1polli (a cura di),\u00a0 <\/span><\/span><em><span dir=\"auto\" style=\"vertical-align: inherit\"><span dir=\"auto\" style=\"vertical-align: inherit\">Teorie della verit\u00e0 nel XX secolo<\/span><\/span><\/em><span dir=\"auto\" style=\"vertical-align: inherit\"><span dir=\"auto\" style=\"vertical-align: inherit\"> , Tecnos, Madrid, 1997; M. Garc\u00eda-Bar\u00f3,\u00a0 <\/span><\/span><em><span dir=\"auto\" style=\"vertical-align: inherit\"><span dir=\"auto\" style=\"vertical-align: inherit\">Introduzione alla teoria della verit\u00e0<\/span><\/span><\/em><span dir=\"auto\" style=\"vertical-align: inherit\"><span dir=\"auto\" style=\"vertical-align: inherit\"> , S\u00edntesis, Madrid, 1999; J. Milbank \u2013 C. Pickstock,\u00a0 <\/span><\/span><em><span dir=\"auto\" style=\"vertical-align: inherit\"><span dir=\"auto\" style=\"vertical-align: inherit\">Truth in Aquinas<\/span><\/span><\/em><span dir=\"auto\" style=\"vertical-align: inherit\"><span dir=\"auto\" style=\"vertical-align: inherit\"> , Routledge, Londra, 2001; J. Seifert,\u00a0 <\/span><\/span><em><span dir=\"auto\" style=\"vertical-align: inherit\"><span dir=\"auto\" style=\"vertical-align: inherit\">De Veritate \u2013 \u00dcber die Wahrheit<\/span><\/span><\/em><span dir=\"auto\" style=\"vertical-align: inherit\"><span dir=\"auto\" style=\"vertical-align: inherit\"> , Ontos Verlag <\/span><\/span><strong><span dir=\"auto\" style=\"vertical-align: inherit\"><span dir=\"auto\" style=\"vertical-align: inherit\">,\u00a0<\/span><\/span><\/strong><span dir=\"auto\" style=\"vertical-align: inherit\"><span dir=\"auto\" style=\"vertical-align: inherit\"> Heusenstamm, <\/span><\/span><strong>\u00a0<\/strong><span dir=\"auto\" style=\"vertical-align: inherit\"><span dir=\"auto\" style=\"vertical-align: inherit\">2009, 2. voll.<\/span><\/span><\/p>\n<p><sup><span dir=\"auto\" style=\"vertical-align: inherit\"><span dir=\"auto\" style=\"vertical-align: inherit\">2<\/span><\/span><\/sup><span dir=\"auto\" style=\"vertical-align: inherit\"><span dir=\"auto\" style=\"vertical-align: inherit\"> \u00a0Cfr. Leone XIV,\u00a0 <\/span><\/span><em><span dir=\"auto\" style=\"vertical-align: inherit\"><span dir=\"auto\" style=\"vertical-align: inherit\">Magnifica humanitas<\/span><\/span><\/em><span dir=\"auto\" style=\"vertical-align: inherit\"><span dir=\"auto\" style=\"vertical-align: inherit\"> , 15 maggio 2026, nn. 132-134.<\/span><\/span><\/p>\n<p><strong><sup><span dir=\"auto\" style=\"vertical-align: inherit\"><span dir=\"auto\" style=\"vertical-align: inherit\">3<\/span><\/span><\/sup>\u00a0<\/strong><span dir=\"auto\" style=\"vertical-align: inherit\"><span dir=\"auto\" style=\"vertical-align: inherit\"> R. Guerra L\u00f3pez, \u201cAzione politica:<\/span><\/span><strong>\u00a0<\/strong><span dir=\"auto\" style=\"vertical-align: inherit\"><span dir=\"auto\" style=\"vertical-align: inherit\">tensione tra l\u2019ideale, il male minore e il bene possibile\u201d, in M. Francisa Ortega (a cura di),\u00a0<\/span><\/span><em><span dir=\"auto\" style=\"vertical-align: inherit\"><span dir=\"auto\" style=\"vertical-align: inherit\"> Riflessioni sul pensiero umanista cristiano<\/span><\/span><\/em><span dir=\"auto\" style=\"vertical-align: inherit\"><span dir=\"auto\" style=\"vertical-align: inherit\"> , Universit\u00e0 Miguel de Cervantes, Santiago del Cile, 2023, pp. 85-96.<\/span><\/span><\/p>\n<p><sup><span dir=\"auto\" style=\"vertical-align: inherit\"><span dir=\"auto\" style=\"vertical-align: inherit\">4\u00a0<\/span><\/span><\/sup><span dir=\"auto\" style=\"vertical-align: inherit\"><span dir=\"auto\" style=\"vertical-align: inherit\"> Per comprendere le origini della \u201cgiustizia di transizione\u201d, si veda RG Teitel, \u201cTransitional Justice Genealogy\u201d, in\u00a0 <\/span><\/span><em><span dir=\"auto\" style=\"vertical-align: inherit\"><span dir=\"auto\" style=\"vertical-align: inherit\">Harvard Human Rights Journal<\/span><\/span><\/em><span dir=\"auto\" style=\"vertical-align: inherit\"><span dir=\"auto\" style=\"vertical-align: inherit\"> \u00a016, Primavera 2003, pp. 69\u201394.<\/span><\/span><\/p>\n<p><sup><span dir=\"auto\" style=\"vertical-align: inherit\"><span dir=\"auto\" style=\"vertical-align: inherit\">5<\/span><\/span><\/sup><span dir=\"auto\" style=\"vertical-align: inherit\"><span dir=\"auto\" style=\"vertical-align: inherit\"> \u00a0Consiglio di sicurezza delle Nazioni Unite,\u00a0 <\/span><\/span><em><span dir=\"auto\" style=\"vertical-align: inherit\"><span dir=\"auto\" style=\"vertical-align: inherit\">Lo stato di diritto e la giustizia di transizione nelle societ\u00e0 in conflitto e post-conflitto: Rapporto del Segretario generale<\/span><\/span><\/em><span dir=\"auto\" style=\"vertical-align: inherit\"><span dir=\"auto\" style=\"vertical-align: inherit\"> , S\/2004\/616, New York, Nazioni Unite, 23 agosto 2004, in particolare i punti 8 e 26.<\/span><\/span><\/p>\n<p><sup><span dir=\"auto\" style=\"vertical-align: inherit\"><span dir=\"auto\" style=\"vertical-align: inherit\">6<\/span><\/span><\/sup><span dir=\"auto\" style=\"vertical-align: inherit\"><span dir=\"auto\" style=\"vertical-align: inherit\"> \u00a0Cfr.\u00a0 <\/span><\/span><em><span dir=\"auto\" style=\"vertical-align: inherit\"><span dir=\"auto\" style=\"vertical-align: inherit\">Giustizia di transizione<\/span><\/span><\/em><span dir=\"auto\" style=\"vertical-align: inherit\"><span dir=\"auto\" style=\"vertical-align: inherit\"> , NJ Kritz, ed., USIP, Washington, 1995; RG Teitel,\u00a0 <\/span><\/span><em><span dir=\"auto\" style=\"vertical-align: inherit\"><span dir=\"auto\" style=\"vertical-align: inherit\">Giustizia di transizione<\/span><\/span><\/em><span dir=\"auto\" style=\"vertical-align: inherit\"><span dir=\"auto\" style=\"vertical-align: inherit\"> , OUP, New York, 2000; J. Elster,\u00a0 <\/span><\/span><em><span dir=\"auto\" style=\"vertical-align: inherit\"><span dir=\"auto\" style=\"vertical-align: inherit\">Chiudere i libri<\/span><\/span><\/em><span dir=\"auto\" style=\"vertical-align: inherit\"><span dir=\"auto\" style=\"vertical-align: inherit\"> , CUP, Cambridge, 2004; P.B. Hayner,\u00a0 <\/span><\/span><em><span dir=\"auto\" style=\"vertical-align: inherit\"><span dir=\"auto\" style=\"vertical-align: inherit\">Verit\u00e0 indicibili<\/span><\/span><\/em><span dir=\"auto\" style=\"vertical-align: inherit\"><span dir=\"auto\" style=\"vertical-align: inherit\"> , 2a ed., Routledge, New York, 2011.<\/span><\/span><\/p>\n<p><sup><span dir=\"auto\" style=\"vertical-align: inherit\"><span dir=\"auto\" style=\"vertical-align: inherit\">7<\/span><\/span><\/sup><span dir=\"auto\" style=\"vertical-align: inherit\"><span dir=\"auto\" style=\"vertical-align: inherit\"> \u00a0K. Wojtyla,\u00a0 <\/span><\/span><em><span dir=\"auto\" style=\"vertical-align: inherit\"><span dir=\"auto\" style=\"vertical-align: inherit\">Amore e responsabilit\u00e0<\/span><\/span><\/em><span dir=\"auto\" style=\"vertical-align: inherit\"><span dir=\"auto\" style=\"vertical-align: inherit\"> , Palabra, Madrid, 2011; R. Guerra L\u00f3pez,\u00a0 <\/span><\/span><em><span dir=\"auto\" style=\"vertical-align: inherit\"><span dir=\"auto\" style=\"vertical-align: inherit\">Affermare la persona da s\u00e9<\/span><\/span><\/em><span dir=\"auto\" style=\"vertical-align: inherit\"><span dir=\"auto\" style=\"vertical-align: inherit\"> , CNDH, Messico, 2003, capitoli 4-6; id.,\u00a0 <\/span><\/span><em><span dir=\"auto\" style=\"vertical-align: inherit\"><span dir=\"auto\" style=\"vertical-align: inherit\">Ritorno alla persona<\/span><\/span><\/em><span dir=\"auto\" style=\"vertical-align: inherit\"><span dir=\"auto\" style=\"vertical-align: inherit\"> , Caparr\u00f3s, Madrid, 2002, pp. 120-146.<\/span><\/span><\/p>\n<p><sup><span dir=\"auto\" style=\"vertical-align: inherit\"><span dir=\"auto\" style=\"vertical-align: inherit\">8<\/span><\/span><\/sup><span dir=\"auto\" style=\"vertical-align: inherit\"><span dir=\"auto\" style=\"vertical-align: inherit\"> \u00a0Leone XIV,\u00a0 <\/span><\/span><em><span dir=\"auto\" style=\"vertical-align: inherit\"><span dir=\"auto\" style=\"vertical-align: inherit\">Magnifica humanitas<\/span><\/span><\/em><span dir=\"auto\" style=\"vertical-align: inherit\"><span dir=\"auto\" style=\"vertical-align: inherit\"> , nn. 51-56.<\/span><\/span><\/p>\n<p><sup><span dir=\"auto\" style=\"vertical-align: inherit\"><span dir=\"auto\" style=\"vertical-align: inherit\">9<\/span><\/span><\/sup><span dir=\"auto\" style=\"vertical-align: inherit\"><span dir=\"auto\" style=\"vertical-align: inherit\"> \u00a0V-Dem Institute,\u00a0 <\/span><\/span><em><span dir=\"auto\" style=\"vertical-align: inherit\"><span dir=\"auto\" style=\"vertical-align: inherit\">Rapporto sulla democrazia 2025<\/span><\/span><\/em><span dir=\"auto\" style=\"vertical-align: inherit\"><span dir=\"auto\" style=\"vertical-align: inherit\"> , Universit\u00e0 di G\u00f6teborg, 2025; International IDEA,\u00a0 <\/span><\/span><em><span dir=\"auto\" style=\"vertical-align: inherit\"><span dir=\"auto\" style=\"vertical-align: inherit\">Lo stato globale della democrazia 2025<\/span><\/span><\/em><span dir=\"auto\" style=\"vertical-align: inherit\"><span dir=\"auto\" style=\"vertical-align: inherit\"> , Stoccolma, 2025; UNDP,\u00a0 <\/span><\/span><em><span dir=\"auto\" style=\"vertical-align: inherit\"><span dir=\"auto\" style=\"vertical-align: inherit\">Democrazie sotto pressione. America Latina e Caraibi<\/span><\/span><\/em><span dir=\"auto\" style=\"vertical-align: inherit\"><span dir=\"auto\" style=\"vertical-align: inherit\"> , 2026; UNODC,\u00a0 <\/span><\/span><em><span dir=\"auto\" style=\"vertical-align: inherit\"><span dir=\"auto\" style=\"vertical-align: inherit\">Studio globale sull&#8217;omicidio 2023<\/span><\/span><\/em><span dir=\"auto\" style=\"vertical-align: inherit\"><span dir=\"auto\" style=\"vertical-align: inherit\"> , Vienna, 2023.<\/span><\/span><\/p>\n<p><sup><span dir=\"auto\" style=\"vertical-align: inherit\"><span dir=\"auto\" style=\"vertical-align: inherit\">10<\/span><\/span><\/sup><span dir=\"auto\" style=\"vertical-align: inherit\"><span dir=\"auto\" style=\"vertical-align: inherit\"> \u00a0Cfr. E. Skaar, J. Garc\u00eda-Godos e C. Collins (a cura di),\u00a0 <\/span><\/span><em><span dir=\"auto\" style=\"vertical-align: inherit\"><span dir=\"auto\" style=\"vertical-align: inherit\">Giustizia di transizione in America Latina: La strada discontinua dall&#8217;impunit\u00e0 alla responsabilit\u00e0,<\/span><\/span><\/em><span dir=\"auto\" style=\"vertical-align: inherit\"><span dir=\"auto\" style=\"vertical-align: inherit\"> \u00a0Routledge, Abingdon-New York, 2016.<\/span><\/span><\/p>\n<p><sup><span dir=\"auto\" style=\"vertical-align: inherit\"><span dir=\"auto\" style=\"vertical-align: inherit\">11<\/span><\/span><\/sup><span dir=\"auto\" style=\"vertical-align: inherit\"><span dir=\"auto\" style=\"vertical-align: inherit\"> \u00a0Cfr. Javier Sicilia e Jacobo Day\u00e1n,\u00a0 <\/span><\/span><em><span dir=\"auto\" style=\"vertical-align: inherit\"><span dir=\"auto\" style=\"vertical-align: inherit\">Crisi o apocalisse. Il male ai nostri tempi<\/span><\/span><\/em><span dir=\"auto\" style=\"vertical-align: inherit\"><span dir=\"auto\" style=\"vertical-align: inherit\"> , Taurus, Messico 2025.<\/span><\/span><\/p>\n<p><sup><span dir=\"auto\" style=\"vertical-align: inherit\"><span dir=\"auto\" style=\"vertical-align: inherit\">12<\/span><\/span><\/sup><span dir=\"auto\" style=\"vertical-align: inherit\"><span dir=\"auto\" style=\"vertical-align: inherit\"> \u00a0Francisco,\u00a0 <\/span><\/span><em><span dir=\"auto\" style=\"vertical-align: inherit\"><span dir=\"auto\" style=\"vertical-align: inherit\">Fratelli tutti<\/span><\/span><\/em><span dir=\"auto\" style=\"vertical-align: inherit\"><span dir=\"auto\" style=\"vertical-align: inherit\"> , 3 ottobre 2020, nn. 225-227.<\/span><\/span><\/p>\n<p><sup><span dir=\"auto\" style=\"vertical-align: inherit\"><span dir=\"auto\" style=\"vertical-align: inherit\">13<\/span><\/span><\/sup><span dir=\"auto\" style=\"vertical-align: inherit\"><span dir=\"auto\" style=\"vertical-align: inherit\"> \u00a0Cfr. Leone XIV,\u00a0 <\/span><\/span><em><span dir=\"auto\" style=\"vertical-align: inherit\"><span dir=\"auto\" style=\"vertical-align: inherit\">Magnifica humanitas<\/span><\/span><\/em><span dir=\"auto\" style=\"vertical-align: inherit\"><span dir=\"auto\" style=\"vertical-align: inherit\"> , nn. 79 e 186.<\/span><\/span><\/p>\n<p><span dir=\"auto\" style=\"vertical-align: inherit\"><span dir=\"auto\" style=\"vertical-align: inherit\">Pubblicato in\u00a0 <\/span><\/span><a href=\"https:\/\/www.conspiratio.mx\/numero-25\/un-camino-para-construir-la-paz\" target=\"_blank\" rel=\"noopener\"><span dir=\"auto\" style=\"vertical-align: inherit\"><span dir=\"auto\" style=\"vertical-align: inherit\">Cospirazione<\/span><\/span><\/a><\/p>\n<\/div>\n<\/div>\n","protected":false},"excerpt":{"rendered":"<p>La pace che il mondo desidera cos\u00ec disperatamente pu\u00f2 nascere solo dalla verit\u00e0, dalla giustizia e dalla memoria, che pongono la persona umana al centro di tutto<\/p>\n","protected":false},"author":98,"featured_media":183447,"comment_status":"closed","ping_status":"closed","sticky":false,"template":"","format":"standard","meta":{"_acf_changed":false,"inline_featured_image":false,"_wpcom_ai_launchpad_first_post":false,"footnotes":"","jetpack_post_was_ever_published":false},"categories":[129],"tags":[64538,1466,64796,93334,17994,688,81879,31043,121351,18228,38924,64787,121352,54146,121353],"class_list":["post-183704","post","type-post","status-publish","format-standard","has-post-thumbnail","hentry","category-voci","tag-dignita-umana-it-3","tag-diritti-umani","tag-dottrina-sociale-della-chiesa-it","tag-giustizia-di-transizione","tag-memoria-storica","tag-pace","tag-pace-in-messico","tag-polarizzazione-politica","tag-ricostruire-il-tessuto-sociale","tag-rodrigo-guerra-lopez-2","tag-stato-di-diritto","tag-trending-it-236","tag-verita-e-giustizia","tag-violenza-in-america-latina","tag-vittime-della-violenza"],"acf":[],"yoast_head":"<!-- This site is optimized with the Yoast SEO plugin v28.4 - https:\/\/yoast.com\/product\/yoast-seo-wordpress\/ -->\n<title>Un cammino verso la costruzione della pace &#8211; Exaudi<\/title>\n<meta name=\"robots\" content=\"index, follow, max-snippet:-1, max-image-preview:large, max-video-preview:-1\" \/>\n<link rel=\"canonical\" href=\"https:\/\/exaudi.org\/it\/un-cammino-verso-la-costruzione-della-pace\/\" \/>\n<meta property=\"og:locale\" content=\"it_IT\" \/>\n<meta property=\"og:type\" content=\"article\" \/>\n<meta property=\"og:title\" content=\"Un cammino verso la costruzione della pace &#8211; Exaudi\" \/>\n<meta property=\"og:description\" content=\"La pace che il mondo desidera cos\u00ec disperatamente pu\u00f2 nascere solo dalla verit\u00e0, dalla giustizia e dalla memoria, che pongono la persona umana al centro di tutto\" \/>\n<meta property=\"og:url\" content=\"https:\/\/exaudi.org\/it\/un-cammino-verso-la-costruzione-della-pace\/\" \/>\n<meta property=\"og:site_name\" content=\"Exaudi\" \/>\n<meta property=\"article:publisher\" content=\"https:\/\/www.facebook.com\/ExaudiNews\" \/>\n<meta property=\"article:published_time\" content=\"2026-09-02T16:13:27+00:00\" \/>\n<meta property=\"article:modified_time\" content=\"2026-09-02T16:13:28+00:00\" \/>\n<meta property=\"og:image\" content=\"https:\/\/exaudi.org\/wp-content\/uploads\/2026\/09\/Gemini_Generated_Image_angiyvangiyvangi.jpg\" \/>\n\t<meta property=\"og:image:width\" content=\"1376\" \/>\n\t<meta property=\"og:image:height\" content=\"768\" \/>\n\t<meta property=\"og:image:type\" content=\"image\/jpeg\" \/>\n<meta name=\"author\" content=\"Rodrigo Guerra L\u00f3pez\" \/>\n<meta name=\"twitter:card\" content=\"summary_large_image\" \/>\n<meta name=\"twitter:creator\" content=\"@Exaudi_News\" \/>\n<meta name=\"twitter:site\" content=\"@Exaudi_News\" \/>\n<meta name=\"twitter:label1\" content=\"Scritto da\" \/>\n\t<meta name=\"twitter:data1\" content=\"Rodrigo Guerra L\u00f3pez\" \/>\n\t<meta name=\"twitter:label2\" content=\"Tempo di lettura stimato\" \/>\n\t<meta name=\"twitter:data2\" content=\"14 minuti\" \/>\n<script type=\"application\/ld+json\" class=\"yoast-schema-graph\">{\"@context\":\"https:\\\/\\\/schema.org\",\"@graph\":[{\"@type\":\"Article\",\"@id\":\"https:\\\/\\\/exaudi.org\\\/it\\\/un-cammino-verso-la-costruzione-della-pace\\\/#article\",\"isPartOf\":{\"@id\":\"https:\\\/\\\/exaudi.org\\\/it\\\/un-cammino-verso-la-costruzione-della-pace\\\/\"},\"author\":{\"name\":\"Rodrigo Guerra L\u00f3pez\",\"@id\":\"https:\\\/\\\/exaudi.org\\\/#\\\/schema\\\/person\\\/42c0731aeb305e3ac79b333a9b056576\"},\"headline\":\"Un cammino verso la costruzione della pace\",\"datePublished\":\"2026-09-02T16:13:27+00:00\",\"dateModified\":\"2026-09-02T16:13:28+00:00\",\"mainEntityOfPage\":{\"@id\":\"https:\\\/\\\/exaudi.org\\\/it\\\/un-cammino-verso-la-costruzione-della-pace\\\/\"},\"wordCount\":2761,\"image\":{\"@id\":\"https:\\\/\\\/exaudi.org\\\/it\\\/un-cammino-verso-la-costruzione-della-pace\\\/#primaryimage\"},\"thumbnailUrl\":\"https:\\\/\\\/i0.wp.com\\\/exaudi.org\\\/wp-content\\\/uploads\\\/2026\\\/09\\\/Gemini_Generated_Image_angiyvangiyvangi.jpg?fit=1376%2C768&ssl=1\",\"keywords\":[\"Dignit\u00e0 umana\",\"diritti umani\",\"Dottrina sociale della Chiesa\",\"Giustizia di transizione\",\"MEMORIA STORICA\",\"pace\",\"Pace in Messico\",\"polarizzazione politica\",\"Ricostruire il tessuto sociale\",\"RODRIGO GUERRA L\u00d3PEZ\",\"stato di diritto\",\"Trending\",\"Verit\u00e0 e giustizia\",\"violenza in America Latina\",\"Vittime della violenza\"],\"articleSection\":[\"Voci\"],\"inLanguage\":\"it-IT\"},{\"@type\":\"WebPage\",\"@id\":\"https:\\\/\\\/exaudi.org\\\/it\\\/un-cammino-verso-la-costruzione-della-pace\\\/\",\"url\":\"https:\\\/\\\/exaudi.org\\\/it\\\/un-cammino-verso-la-costruzione-della-pace\\\/\",\"name\":\"Un cammino verso la costruzione della pace &#8211; Exaudi\",\"isPartOf\":{\"@id\":\"https:\\\/\\\/exaudi.org\\\/#website\"},\"primaryImageOfPage\":{\"@id\":\"https:\\\/\\\/exaudi.org\\\/it\\\/un-cammino-verso-la-costruzione-della-pace\\\/#primaryimage\"},\"image\":{\"@id\":\"https:\\\/\\\/exaudi.org\\\/it\\\/un-cammino-verso-la-costruzione-della-pace\\\/#primaryimage\"},\"thumbnailUrl\":\"https:\\\/\\\/i0.wp.com\\\/exaudi.org\\\/wp-content\\\/uploads\\\/2026\\\/09\\\/Gemini_Generated_Image_angiyvangiyvangi.jpg?fit=1376%2C768&ssl=1\",\"datePublished\":\"2026-09-02T16:13:27+00:00\",\"dateModified\":\"2026-09-02T16:13:28+00:00\",\"author\":{\"@id\":\"https:\\\/\\\/exaudi.org\\\/#\\\/schema\\\/person\\\/42c0731aeb305e3ac79b333a9b056576\"},\"breadcrumb\":{\"@id\":\"https:\\\/\\\/exaudi.org\\\/it\\\/un-cammino-verso-la-costruzione-della-pace\\\/#breadcrumb\"},\"inLanguage\":\"it-IT\",\"potentialAction\":[{\"@type\":\"ReadAction\",\"target\":[\"https:\\\/\\\/exaudi.org\\\/it\\\/un-cammino-verso-la-costruzione-della-pace\\\/\"]}]},{\"@type\":\"ImageObject\",\"inLanguage\":\"it-IT\",\"@id\":\"https:\\\/\\\/exaudi.org\\\/it\\\/un-cammino-verso-la-costruzione-della-pace\\\/#primaryimage\",\"url\":\"https:\\\/\\\/i0.wp.com\\\/exaudi.org\\\/wp-content\\\/uploads\\\/2026\\\/09\\\/Gemini_Generated_Image_angiyvangiyvangi.jpg?fit=1376%2C768&ssl=1\",\"contentUrl\":\"https:\\\/\\\/i0.wp.com\\\/exaudi.org\\\/wp-content\\\/uploads\\\/2026\\\/09\\\/Gemini_Generated_Image_angiyvangiyvangi.jpg?fit=1376%2C768&ssl=1\",\"width\":1376,\"height\":768},{\"@type\":\"BreadcrumbList\",\"@id\":\"https:\\\/\\\/exaudi.org\\\/it\\\/un-cammino-verso-la-costruzione-della-pace\\\/#breadcrumb\",\"itemListElement\":[{\"@type\":\"ListItem\",\"position\":1,\"name\":\"Portada\",\"item\":\"https:\\\/\\\/exaudi.org\\\/it\\\/\"},{\"@type\":\"ListItem\",\"position\":2,\"name\":\"Un cammino verso la costruzione della pace\"}]},{\"@type\":\"WebSite\",\"@id\":\"https:\\\/\\\/exaudi.org\\\/#website\",\"url\":\"https:\\\/\\\/exaudi.org\\\/\",\"name\":\"Exaudi\",\"description\":\"News\",\"potentialAction\":[{\"@type\":\"SearchAction\",\"target\":{\"@type\":\"EntryPoint\",\"urlTemplate\":\"https:\\\/\\\/exaudi.org\\\/?s={search_term_string}\"},\"query-input\":{\"@type\":\"PropertyValueSpecification\",\"valueRequired\":true,\"valueName\":\"search_term_string\"}}],\"inLanguage\":\"it-IT\"},{\"@type\":\"Person\",\"@id\":\"https:\\\/\\\/exaudi.org\\\/#\\\/schema\\\/person\\\/42c0731aeb305e3ac79b333a9b056576\",\"name\":\"Rodrigo Guerra L\u00f3pez\",\"image\":{\"@type\":\"ImageObject\",\"inLanguage\":\"it-IT\",\"@id\":\"https:\\\/\\\/secure.gravatar.com\\\/avatar\\\/5f52de5f3535733d62353d8cc63100c139881a50ae2b78830c358107e8dd2f9a?s=96&d=mm&r=g\",\"url\":\"https:\\\/\\\/secure.gravatar.com\\\/avatar\\\/5f52de5f3535733d62353d8cc63100c139881a50ae2b78830c358107e8dd2f9a?s=96&d=mm&r=g\",\"contentUrl\":\"https:\\\/\\\/secure.gravatar.com\\\/avatar\\\/5f52de5f3535733d62353d8cc63100c139881a50ae2b78830c358107e8dd2f9a?s=96&d=mm&r=g\",\"caption\":\"Rodrigo Guerra L\u00f3pez\"},\"description\":\"Doctor en filosof\u00eda por la Academia Internacional de Filosof\u00eda en el Principado de Liechtenstein; miembro ordinario de la Pontificia Academia para la Vida, de la Pontificia Academia de las Ciencias Sociales; Secretario de la Pontificia Comisi\u00f3n para Am\u00e9rica Latina. E-mail: rodrigoguerra@mac.com\",\"url\":\"https:\\\/\\\/exaudi.org\\\/it\\\/author\\\/rodrigoguerra\\\/\"}]}<\/script>\n<!-- \/ Yoast SEO plugin. -->","yoast_head_json":{"title":"Un cammino verso la costruzione della pace &#8211; Exaudi","robots":{"index":"index","follow":"follow","max-snippet":"max-snippet:-1","max-image-preview":"max-image-preview:large","max-video-preview":"max-video-preview:-1"},"canonical":"https:\/\/exaudi.org\/it\/un-cammino-verso-la-costruzione-della-pace\/","og_locale":"it_IT","og_type":"article","og_title":"Un cammino verso la costruzione della pace &#8211; Exaudi","og_description":"La pace che il mondo desidera cos\u00ec disperatamente pu\u00f2 nascere solo dalla verit\u00e0, dalla giustizia e dalla memoria, che pongono la persona umana al centro di tutto","og_url":"https:\/\/exaudi.org\/it\/un-cammino-verso-la-costruzione-della-pace\/","og_site_name":"Exaudi","article_publisher":"https:\/\/www.facebook.com\/ExaudiNews","article_published_time":"2026-09-02T16:13:27+00:00","article_modified_time":"2026-09-02T16:13:28+00:00","og_image":[{"width":1376,"height":768,"url":"https:\/\/exaudi.org\/wp-content\/uploads\/2026\/09\/Gemini_Generated_Image_angiyvangiyvangi.jpg","type":"image\/jpeg"}],"author":"Rodrigo Guerra L\u00f3pez","twitter_card":"summary_large_image","twitter_creator":"@Exaudi_News","twitter_site":"@Exaudi_News","twitter_misc":{"Scritto da":"Rodrigo Guerra L\u00f3pez","Tempo di lettura stimato":"14 minuti"},"schema":{"@context":"https:\/\/schema.org","@graph":[{"@type":"Article","@id":"https:\/\/exaudi.org\/it\/un-cammino-verso-la-costruzione-della-pace\/#article","isPartOf":{"@id":"https:\/\/exaudi.org\/it\/un-cammino-verso-la-costruzione-della-pace\/"},"author":{"name":"Rodrigo Guerra L\u00f3pez","@id":"https:\/\/exaudi.org\/#\/schema\/person\/42c0731aeb305e3ac79b333a9b056576"},"headline":"Un cammino verso la costruzione della pace","datePublished":"2026-09-02T16:13:27+00:00","dateModified":"2026-09-02T16:13:28+00:00","mainEntityOfPage":{"@id":"https:\/\/exaudi.org\/it\/un-cammino-verso-la-costruzione-della-pace\/"},"wordCount":2761,"image":{"@id":"https:\/\/exaudi.org\/it\/un-cammino-verso-la-costruzione-della-pace\/#primaryimage"},"thumbnailUrl":"https:\/\/i0.wp.com\/exaudi.org\/wp-content\/uploads\/2026\/09\/Gemini_Generated_Image_angiyvangiyvangi.jpg?fit=1376%2C768&ssl=1","keywords":["Dignit\u00e0 umana","diritti umani","Dottrina sociale della Chiesa","Giustizia di transizione","MEMORIA STORICA","pace","Pace in Messico","polarizzazione politica","Ricostruire il tessuto sociale","RODRIGO GUERRA L\u00d3PEZ","stato di diritto","Trending","Verit\u00e0 e giustizia","violenza in America Latina","Vittime della violenza"],"articleSection":["Voci"],"inLanguage":"it-IT"},{"@type":"WebPage","@id":"https:\/\/exaudi.org\/it\/un-cammino-verso-la-costruzione-della-pace\/","url":"https:\/\/exaudi.org\/it\/un-cammino-verso-la-costruzione-della-pace\/","name":"Un cammino verso la costruzione della pace &#8211; Exaudi","isPartOf":{"@id":"https:\/\/exaudi.org\/#website"},"primaryImageOfPage":{"@id":"https:\/\/exaudi.org\/it\/un-cammino-verso-la-costruzione-della-pace\/#primaryimage"},"image":{"@id":"https:\/\/exaudi.org\/it\/un-cammino-verso-la-costruzione-della-pace\/#primaryimage"},"thumbnailUrl":"https:\/\/i0.wp.com\/exaudi.org\/wp-content\/uploads\/2026\/09\/Gemini_Generated_Image_angiyvangiyvangi.jpg?fit=1376%2C768&ssl=1","datePublished":"2026-09-02T16:13:27+00:00","dateModified":"2026-09-02T16:13:28+00:00","author":{"@id":"https:\/\/exaudi.org\/#\/schema\/person\/42c0731aeb305e3ac79b333a9b056576"},"breadcrumb":{"@id":"https:\/\/exaudi.org\/it\/un-cammino-verso-la-costruzione-della-pace\/#breadcrumb"},"inLanguage":"it-IT","potentialAction":[{"@type":"ReadAction","target":["https:\/\/exaudi.org\/it\/un-cammino-verso-la-costruzione-della-pace\/"]}]},{"@type":"ImageObject","inLanguage":"it-IT","@id":"https:\/\/exaudi.org\/it\/un-cammino-verso-la-costruzione-della-pace\/#primaryimage","url":"https:\/\/i0.wp.com\/exaudi.org\/wp-content\/uploads\/2026\/09\/Gemini_Generated_Image_angiyvangiyvangi.jpg?fit=1376%2C768&ssl=1","contentUrl":"https:\/\/i0.wp.com\/exaudi.org\/wp-content\/uploads\/2026\/09\/Gemini_Generated_Image_angiyvangiyvangi.jpg?fit=1376%2C768&ssl=1","width":1376,"height":768},{"@type":"BreadcrumbList","@id":"https:\/\/exaudi.org\/it\/un-cammino-verso-la-costruzione-della-pace\/#breadcrumb","itemListElement":[{"@type":"ListItem","position":1,"name":"Portada","item":"https:\/\/exaudi.org\/it\/"},{"@type":"ListItem","position":2,"name":"Un cammino verso la costruzione della pace"}]},{"@type":"WebSite","@id":"https:\/\/exaudi.org\/#website","url":"https:\/\/exaudi.org\/","name":"Exaudi","description":"News","potentialAction":[{"@type":"SearchAction","target":{"@type":"EntryPoint","urlTemplate":"https:\/\/exaudi.org\/?s={search_term_string}"},"query-input":{"@type":"PropertyValueSpecification","valueRequired":true,"valueName":"search_term_string"}}],"inLanguage":"it-IT"},{"@type":"Person","@id":"https:\/\/exaudi.org\/#\/schema\/person\/42c0731aeb305e3ac79b333a9b056576","name":"Rodrigo Guerra L\u00f3pez","image":{"@type":"ImageObject","inLanguage":"it-IT","@id":"https:\/\/secure.gravatar.com\/avatar\/5f52de5f3535733d62353d8cc63100c139881a50ae2b78830c358107e8dd2f9a?s=96&d=mm&r=g","url":"https:\/\/secure.gravatar.com\/avatar\/5f52de5f3535733d62353d8cc63100c139881a50ae2b78830c358107e8dd2f9a?s=96&d=mm&r=g","contentUrl":"https:\/\/secure.gravatar.com\/avatar\/5f52de5f3535733d62353d8cc63100c139881a50ae2b78830c358107e8dd2f9a?s=96&d=mm&r=g","caption":"Rodrigo Guerra L\u00f3pez"},"description":"Doctor en filosof\u00eda por la Academia Internacional de Filosof\u00eda en el Principado de Liechtenstein; miembro ordinario de la Pontificia Academia para la Vida, de la Pontificia Academia de las Ciencias Sociales; Secretario de la Pontificia Comisi\u00f3n para Am\u00e9rica Latina. E-mail: rodrigoguerra@mac.com","url":"https:\/\/exaudi.org\/it\/author\/rodrigoguerra\/"}]}},"jetpack_shortlink":"https:\/\/wp.me\/pgKjF2-LMY","jetpack_featured_media_url":"https:\/\/i0.wp.com\/exaudi.org\/wp-content\/uploads\/2026\/09\/Gemini_Generated_Image_angiyvangiyvangi.jpg?fit=1376%2C768&ssl=1","_links":{"self":[{"href":"https:\/\/exaudi.org\/it\/wp-json\/wp\/v2\/posts\/183704","targetHints":{"allow":["GET"]}}],"collection":[{"href":"https:\/\/exaudi.org\/it\/wp-json\/wp\/v2\/posts"}],"about":[{"href":"https:\/\/exaudi.org\/it\/wp-json\/wp\/v2\/types\/post"}],"author":[{"embeddable":true,"href":"https:\/\/exaudi.org\/it\/wp-json\/wp\/v2\/users\/98"}],"replies":[{"embeddable":true,"href":"https:\/\/exaudi.org\/it\/wp-json\/wp\/v2\/comments?post=183704"}],"version-history":[{"count":4,"href":"https:\/\/exaudi.org\/it\/wp-json\/wp\/v2\/posts\/183704\/revisions"}],"predecessor-version":[{"id":183708,"href":"https:\/\/exaudi.org\/it\/wp-json\/wp\/v2\/posts\/183704\/revisions\/183708"}],"wp:featuredmedia":[{"embeddable":true,"href":"https:\/\/exaudi.org\/it\/wp-json\/wp\/v2\/media\/183447"}],"wp:attachment":[{"href":"https:\/\/exaudi.org\/it\/wp-json\/wp\/v2\/media?parent=183704"}],"wp:term":[{"taxonomy":"category","embeddable":true,"href":"https:\/\/exaudi.org\/it\/wp-json\/wp\/v2\/categories?post=183704"},{"taxonomy":"post_tag","embeddable":true,"href":"https:\/\/exaudi.org\/it\/wp-json\/wp\/v2\/tags?post=183704"}],"curies":[{"name":"wp","href":"https:\/\/api.w.org\/{rel}","templated":true}]}}