{"id":183671,"date":"2026-09-02T17:16:24","date_gmt":"2026-09-02T15:16:24","guid":{"rendered":"https:\/\/exaudi.org\/?p=183671"},"modified":"2026-09-02T17:16:24","modified_gmt":"2026-09-02T15:16:24","slug":"cio-che-occupa-la-tua-mente-controlla-la-tua-vita","status":"publish","type":"post","link":"https:\/\/exaudi.org\/it\/cio-che-occupa-la-tua-mente-controlla-la-tua-vita\/","title":{"rendered":"Ci\u00f2 che occupa la tua mente, controlla la tua vita"},"content":{"rendered":"<p><strong><span dir=\"auto\" style=\"vertical-align: inherit\"><span dir=\"auto\" style=\"vertical-align: inherit\">Ci prendiamo cura di ci\u00f2 che mangiamo. Ci prendiamo cura di ci\u00f2 che respiriamo.<\/span><\/span><\/strong><\/p>\n<p><span dir=\"auto\" style=\"vertical-align: inherit\"><span dir=\"auto\" style=\"vertical-align: inherit\">Ma forse prestiamo molta meno attenzione a qualcosa che consumiamo per ore ogni giorno: ci\u00f2 che lasciamo entrare nella nostra mente.<\/span><\/span><\/p>\n<p><span dir=\"auto\" style=\"vertical-align: inherit\"><span dir=\"auto\" style=\"vertical-align: inherit\">Immagini, video e messaggi che riceviamo attraverso i social media e altri canali digitali e che, ripetuti pi\u00f9 e pi\u00f9 volte, finiscono per diventare parte del paesaggio quotidiano.<\/span><\/span><\/p>\n<p><span dir=\"auto\" style=\"vertical-align: inherit\"><span dir=\"auto\" style=\"vertical-align: inherit\">Anche la pornografia rientra in questa categoria di contenuti. Non tutti ne fanno uso, ma la sua portata \u00e8 tutt&#8217;altro che marginale: secondo Semrush Traffic Analytics, nel luglio 2026 i quattro principali siti web pornografici hanno totalizzato quasi 9 miliardi di visite in tutto il mondo in un solo mese. Si parla di visite, non di utenti unici; ciononostante, l&#8217;entit\u00e0 della cifra dimostra che rappresenta una delle principali forme di consumo digitale dei nostri tempi.<\/span><\/span><\/p>\n<p><strong><span dir=\"auto\" style=\"vertical-align: inherit\"><span dir=\"auto\" style=\"vertical-align: inherit\">Ci\u00f2 che una societ\u00e0 consuma, tollera e normalizza finisce per plasmarne la prospettiva.<\/span><\/span><\/strong><\/p>\n<p><span dir=\"auto\" style=\"vertical-align: inherit\"><span dir=\"auto\" style=\"vertical-align: inherit\">Ecco perch\u00e9 penso che dovremmo osare aprire un dibattito scomodo: tutti i contenuti dovrebbero essere accettabili solo perch\u00e9 c&#8217;\u00e8 un adulto disposto a fruirne?<\/span><\/span><\/p>\n<p><strong><span dir=\"auto\" style=\"vertical-align: inherit\"><span dir=\"auto\" style=\"vertical-align: inherit\">La mia risposta \u00e8 no.<\/span><\/span><\/strong><\/p>\n<p><span dir=\"auto\" style=\"vertical-align: inherit\"><span dir=\"auto\" style=\"vertical-align: inherit\">Una societ\u00e0 stabilisce costantemente dei limiti quando crede che ci sia un bene superiore da proteggere. Non possiamo guidare a qualsiasi velocit\u00e0. Non possiamo attraversare certi semafori. Non possiamo vendere alcun prodotto in nessuna condizione.<\/span><\/span><\/p>\n<p><span dir=\"auto\" style=\"vertical-align: inherit\"><span dir=\"auto\" style=\"vertical-align: inherit\">Non intendiamo necessariamente queste regole come nemiche della libert\u00e0, ma come limiti che ci permettono di proteggere i beni collettivi.<\/span><\/span><\/p>\n<p><span dir=\"auto\" style=\"vertical-align: inherit\"><span dir=\"auto\" style=\"vertical-align: inherit\">Allora perch\u00e9 non chiederci anche quali limiti dobbiamo porre per proteggere la dignit\u00e0 umana?\u00a0 <\/span><\/span><strong><span dir=\"auto\" style=\"vertical-align: inherit\"><span dir=\"auto\" style=\"vertical-align: inherit\">Impegniamoci a creare contenuti di valore, a costruire una societ\u00e0 che dica NO per poter poi vincere con un sonoro S\u00cc.<\/span><\/span><\/strong><\/p>\n<p><span dir=\"auto\" style=\"vertical-align: inherit\"><span dir=\"auto\" style=\"vertical-align: inherit\">Per me, la pornografia rappresenta proprio questo problema. Dovrebbe essere vietata in tutte le sue forme e canali, sia fisici che digitali.<\/span><\/span><\/p>\n<p><span dir=\"auto\" style=\"vertical-align: inherit\"><span dir=\"auto\" style=\"vertical-align: inherit\">Quando il corpo di un&#8217;altra persona viene automaticamente trasformato in un prodotto per provocare eccitazione e soddisfare il desiderio dell&#8217;osservatore, si corre il rischio di smettere di contemplare quella persona nella sua interezza e di iniziare a consumarla come un oggetto.<\/span><\/span><\/p>\n<p><span dir=\"auto\" style=\"vertical-align: inherit\"><span dir=\"auto\" style=\"vertical-align: inherit\">E questo \u00e8 il punto cruciale:\u00a0 <\/span><\/span><strong><span dir=\"auto\" style=\"vertical-align: inherit\"><span dir=\"auto\" style=\"vertical-align: inherit\">una persona non dovrebbe mai essere un oggetto di consumo. N\u00e9 una donna. N\u00e9 un uomo. Nessuno.<\/span><\/span><\/strong><\/p>\n<p><strong><span dir=\"auto\" style=\"vertical-align: inherit\"><span dir=\"auto\" style=\"vertical-align: inherit\">Il problema, inoltre, trascende lo schermo.<\/span><\/span><\/strong><\/p>\n<p><span dir=\"auto\" style=\"vertical-align: inherit\"><span dir=\"auto\" style=\"vertical-align: inherit\">Il consumo di contenuti negativi spesso diventa un vizio, mentre quello di contenuti positivi diventa una virt\u00f9.<\/span><\/span><\/p>\n<p><span dir=\"auto\" style=\"vertical-align: inherit\"><span dir=\"auto\" style=\"vertical-align: inherit\">La nostra comprensione della sessualit\u00e0 plasma inevitabilmente le nostre aspettative, la nostra intimit\u00e0 e il modo in cui ci relazioniamo con gli altri. Le nostre vite. E una cultura che separa sistematicamente sessualit\u00e0, connessione, responsabilit\u00e0 e dignit\u00e0 merita, quantomeno, una profonda riflessione. I fatti parlano da soli: gli innumerevoli crimini sessuali e le vite distrutte dall&#8217;incapacit\u00e0 di controllare le proprie passioni.<\/span><\/span><\/p>\n<p><span dir=\"auto\" style=\"vertical-align: inherit\"><span dir=\"auto\" style=\"vertical-align: inherit\">Gli esseri umani possiedono qualcosa di straordinario: possono sperimentare la sessualit\u00e0 attraverso l&#8217;incontro, attraverso il contatto visivo. Gli altri animali non si guardano negli occhi\u2026<\/span><\/span><\/p>\n<p><strong><span dir=\"auto\" style=\"vertical-align: inherit\"><span dir=\"auto\" style=\"vertical-align: inherit\">Ecco perch\u00e9 penso che dobbiamo essere molto pi\u00f9 esigenti.<\/span><\/span><\/strong><\/p>\n<p><span dir=\"auto\" style=\"vertical-align: inherit\"><span dir=\"auto\" style=\"vertical-align: inherit\">Sono a favore di una regolamentazione estremamente restrittiva e, personalmente, dell&#8217;eliminazione della pornografia e dei contenuti la cui essenza \u00e8 l&#8217;oggettivazione o la degradazione sessuale delle persone.<\/span><\/span><\/p>\n<p><span dir=\"auto\" style=\"vertical-align: inherit\"><span dir=\"auto\" style=\"vertical-align: inherit\">Ma vietare non basta.\u00a0 <\/span><\/span><strong><span dir=\"auto\" style=\"vertical-align: inherit\"><span dir=\"auto\" style=\"vertical-align: inherit\">Dobbiamo costruire un&#8217;alternativa.<\/span><\/span><\/strong><\/p>\n<p><strong><span dir=\"auto\" style=\"vertical-align: inherit\"><span dir=\"auto\" style=\"vertical-align: inherit\">Educare all&#8217;amore. Educare al rispetto. Educare a comprendere che desiderio e dignit\u00e0 non dovrebbero mai essere nemici. Educare i nostri giovani affinch\u00e9 scoprano che una relazione umana pu\u00f2 essere infinitamente pi\u00f9 profonda del semplice consumo di un corpo attraverso uno schermo. Che, a medio e lungo termine, saper guardare, rispettare e amare \u00e8 garanzia di successo.<\/span><\/span><\/strong><\/p>\n<p><span dir=\"auto\" style=\"vertical-align: inherit\"><span dir=\"auto\" style=\"vertical-align: inherit\">Perch\u00e9 la libert\u00e0 non consiste solo nel poter consumare ci\u00f2 che vogliamo, ma nel poter decidere\u00a0 <\/span><\/span><strong><span dir=\"auto\" style=\"vertical-align: inherit\"><span dir=\"auto\" style=\"vertical-align: inherit\">che tipo di persona vogliamo diventare.<\/span><\/span><\/strong><\/p>\n<p><span dir=\"auto\" style=\"vertical-align: inherit\"><span dir=\"auto\" style=\"vertical-align: inherit\">Forse dovremmo iniziare a chiedercelo molto pi\u00f9 spesso:<\/span><\/span><\/p>\n<p><strong><em><span dir=\"auto\" style=\"vertical-align: inherit\"><span dir=\"auto\" style=\"vertical-align: inherit\">Ci\u00f2 che consumo contribuisce a formare la persona che desidero essere&#8230; o finisce per rendermi schiavo di ci\u00f2 che consumo?<\/span><\/span><\/em><\/strong><\/p>\n<p><span dir=\"auto\" style=\"vertical-align: inherit\"><span dir=\"auto\" style=\"vertical-align: inherit\">Ci\u00f2 che il tuo corpo consuma influenza il tuo corpo. Ci\u00f2 che la tua mente consuma influenza il modo in cui vedi le cose.<\/span><\/span><\/p>\n<p><span dir=\"auto\" style=\"vertical-align: inherit\"><span dir=\"auto\" style=\"vertical-align: inherit\">Il modo in cui guardiamo gli altri determina in larga misura come li trattiamo.<\/span><\/span><\/p>\n<p><span dir=\"auto\" style=\"vertical-align: inherit\"><span dir=\"auto\" style=\"vertical-align: inherit\">Questo \u00e8 il dibattito che, a mio avviso, vale la pena avviare.<\/span><\/span><\/p>\n<p><strong><span dir=\"auto\" style=\"vertical-align: inherit\"><span dir=\"auto\" style=\"vertical-align: inherit\">Dove tracceresti il \u200b\u200bconfine tra la libert\u00e0 individuale e la tutela della dignit\u00e0 umana?<\/span><\/span><\/strong><\/p>\n","protected":false},"excerpt":{"rendered":"<p>Una riflessione su libert\u00e0, dignit\u00e0 umana e responsabilit\u00e0 sociale<\/p>\n","protected":false},"author":125,"featured_media":183576,"comment_status":"closed","ping_status":"closed","sticky":false,"template":"","format":"standard","meta":{"_acf_changed":false,"inline_featured_image":false,"_wpcom_ai_launchpad_first_post":false,"footnotes":"","jetpack_post_was_ever_published":false},"categories":[129],"tags":[121327,64538,21001,121329,121330,3120,16546,48649,121328,2144,121331,21078,22896,12090,64787],"class_list":["post-183671","post","type-post","status-publish","format-standard","has-post-thumbnail","hentry","category-voci","tag-consumo-digitale","tag-dignita-umana-it-3","tag-educazione-sessuale","tag-impatto-digitale","tag-javi-pacheco-doria-2","tag-liberta","tag-limiti","tag-mente-2","tag-oggettazione","tag-pornografia","tag-regolamentazione","tag-relazioni-umane","tag-responsabilita-sociale","tag-rispetto","tag-trending-it-236"],"acf":[],"yoast_head":"<!-- This site is optimized with the Yoast SEO plugin v28.4 - https:\/\/yoast.com\/product\/yoast-seo-wordpress\/ -->\n<title>Ci\u00f2 che occupa la tua mente, controlla la tua vita &#8211; Exaudi<\/title>\n<meta name=\"robots\" content=\"index, follow, max-snippet:-1, max-image-preview:large, max-video-preview:-1\" \/>\n<link rel=\"canonical\" href=\"https:\/\/exaudi.org\/it\/cio-che-occupa-la-tua-mente-controlla-la-tua-vita\/\" \/>\n<meta property=\"og:locale\" content=\"it_IT\" \/>\n<meta property=\"og:type\" content=\"article\" \/>\n<meta property=\"og:title\" content=\"Ci\u00f2 che occupa la tua mente, controlla la tua vita &#8211; Exaudi\" \/>\n<meta property=\"og:description\" content=\"Una riflessione su libert\u00e0, dignit\u00e0 umana e responsabilit\u00e0 sociale\" \/>\n<meta property=\"og:url\" content=\"https:\/\/exaudi.org\/it\/cio-che-occupa-la-tua-mente-controlla-la-tua-vita\/\" \/>\n<meta property=\"og:site_name\" content=\"Exaudi\" \/>\n<meta property=\"article:publisher\" content=\"https:\/\/www.facebook.com\/ExaudiNews\" \/>\n<meta property=\"article:published_time\" content=\"2026-09-02T15:16:24+00:00\" \/>\n<meta property=\"og:image\" content=\"https:\/\/exaudi.org\/wp-content\/uploads\/2026\/09\/Gemini_Generated_Image_h3s1d5h3s1d5h3s1.jpeg\" \/>\n\t<meta property=\"og:image:width\" content=\"1408\" \/>\n\t<meta property=\"og:image:height\" content=\"768\" \/>\n\t<meta property=\"og:image:type\" content=\"image\/jpeg\" \/>\n<meta name=\"author\" content=\"Javi Pacheco\" \/>\n<meta name=\"twitter:card\" content=\"summary_large_image\" \/>\n<meta name=\"twitter:creator\" content=\"@Exaudi_News\" \/>\n<meta name=\"twitter:site\" content=\"@Exaudi_News\" \/>\n<meta name=\"twitter:label1\" content=\"Scritto da\" \/>\n\t<meta name=\"twitter:data1\" content=\"Javi Pacheco\" \/>\n\t<meta name=\"twitter:label2\" content=\"Tempo di lettura stimato\" \/>\n\t<meta name=\"twitter:data2\" content=\"3 minuti\" \/>\n<script type=\"application\/ld+json\" class=\"yoast-schema-graph\">{\"@context\":\"https:\\\/\\\/schema.org\",\"@graph\":[{\"@type\":\"Article\",\"@id\":\"https:\\\/\\\/exaudi.org\\\/it\\\/cio-che-occupa-la-tua-mente-controlla-la-tua-vita\\\/#article\",\"isPartOf\":{\"@id\":\"https:\\\/\\\/exaudi.org\\\/it\\\/cio-che-occupa-la-tua-mente-controlla-la-tua-vita\\\/\"},\"author\":{\"name\":\"Javi Pacheco\",\"@id\":\"https:\\\/\\\/exaudi.org\\\/#\\\/schema\\\/person\\\/f47b9c3e4d824ebbe841de592fbc7949\"},\"headline\":\"Ci\u00f2 che occupa la tua mente, controlla la tua vita\",\"datePublished\":\"2026-09-02T15:16:24+00:00\",\"mainEntityOfPage\":{\"@id\":\"https:\\\/\\\/exaudi.org\\\/it\\\/cio-che-occupa-la-tua-mente-controlla-la-tua-vita\\\/\"},\"wordCount\":690,\"image\":{\"@id\":\"https:\\\/\\\/exaudi.org\\\/it\\\/cio-che-occupa-la-tua-mente-controlla-la-tua-vita\\\/#primaryimage\"},\"thumbnailUrl\":\"https:\\\/\\\/i0.wp.com\\\/exaudi.org\\\/wp-content\\\/uploads\\\/2026\\\/09\\\/Gemini_Generated_Image_h3s1d5h3s1d5h3s1.jpeg?fit=1408%2C768&ssl=1\",\"keywords\":[\"Consumo digitale\",\"Dignit\u00e0 umana\",\"EDUCAZIONE SESSUALE\",\"Impatto digitale\",\"Javi Pacheco Doria\",\"libert\u00e0\",\"LIMITI\",\"Mente\",\"Oggettazione\",\"pornografia\",\"Regolamentazione\",\"RELAZIONI UMANE\",\"Responsabilit\u00e0 sociale\",\"rispetto\",\"Trending\"],\"articleSection\":[\"Voci\"],\"inLanguage\":\"it-IT\"},{\"@type\":\"WebPage\",\"@id\":\"https:\\\/\\\/exaudi.org\\\/it\\\/cio-che-occupa-la-tua-mente-controlla-la-tua-vita\\\/\",\"url\":\"https:\\\/\\\/exaudi.org\\\/it\\\/cio-che-occupa-la-tua-mente-controlla-la-tua-vita\\\/\",\"name\":\"Ci\u00f2 che occupa la tua mente, controlla la tua vita &#8211; Exaudi\",\"isPartOf\":{\"@id\":\"https:\\\/\\\/exaudi.org\\\/#website\"},\"primaryImageOfPage\":{\"@id\":\"https:\\\/\\\/exaudi.org\\\/it\\\/cio-che-occupa-la-tua-mente-controlla-la-tua-vita\\\/#primaryimage\"},\"image\":{\"@id\":\"https:\\\/\\\/exaudi.org\\\/it\\\/cio-che-occupa-la-tua-mente-controlla-la-tua-vita\\\/#primaryimage\"},\"thumbnailUrl\":\"https:\\\/\\\/i0.wp.com\\\/exaudi.org\\\/wp-content\\\/uploads\\\/2026\\\/09\\\/Gemini_Generated_Image_h3s1d5h3s1d5h3s1.jpeg?fit=1408%2C768&ssl=1\",\"datePublished\":\"2026-09-02T15:16:24+00:00\",\"author\":{\"@id\":\"https:\\\/\\\/exaudi.org\\\/#\\\/schema\\\/person\\\/f47b9c3e4d824ebbe841de592fbc7949\"},\"breadcrumb\":{\"@id\":\"https:\\\/\\\/exaudi.org\\\/it\\\/cio-che-occupa-la-tua-mente-controlla-la-tua-vita\\\/#breadcrumb\"},\"inLanguage\":\"it-IT\",\"potentialAction\":[{\"@type\":\"ReadAction\",\"target\":[\"https:\\\/\\\/exaudi.org\\\/it\\\/cio-che-occupa-la-tua-mente-controlla-la-tua-vita\\\/\"]}]},{\"@type\":\"ImageObject\",\"inLanguage\":\"it-IT\",\"@id\":\"https:\\\/\\\/exaudi.org\\\/it\\\/cio-che-occupa-la-tua-mente-controlla-la-tua-vita\\\/#primaryimage\",\"url\":\"https:\\\/\\\/i0.wp.com\\\/exaudi.org\\\/wp-content\\\/uploads\\\/2026\\\/09\\\/Gemini_Generated_Image_h3s1d5h3s1d5h3s1.jpeg?fit=1408%2C768&ssl=1\",\"contentUrl\":\"https:\\\/\\\/i0.wp.com\\\/exaudi.org\\\/wp-content\\\/uploads\\\/2026\\\/09\\\/Gemini_Generated_Image_h3s1d5h3s1d5h3s1.jpeg?fit=1408%2C768&ssl=1\",\"width\":1408,\"height\":768},{\"@type\":\"BreadcrumbList\",\"@id\":\"https:\\\/\\\/exaudi.org\\\/it\\\/cio-che-occupa-la-tua-mente-controlla-la-tua-vita\\\/#breadcrumb\",\"itemListElement\":[{\"@type\":\"ListItem\",\"position\":1,\"name\":\"Portada\",\"item\":\"https:\\\/\\\/exaudi.org\\\/it\\\/\"},{\"@type\":\"ListItem\",\"position\":2,\"name\":\"Ci\u00f2 che occupa la tua mente, controlla la tua vita\"}]},{\"@type\":\"WebSite\",\"@id\":\"https:\\\/\\\/exaudi.org\\\/#website\",\"url\":\"https:\\\/\\\/exaudi.org\\\/\",\"name\":\"Exaudi\",\"description\":\"News\",\"potentialAction\":[{\"@type\":\"SearchAction\",\"target\":{\"@type\":\"EntryPoint\",\"urlTemplate\":\"https:\\\/\\\/exaudi.org\\\/?s={search_term_string}\"},\"query-input\":{\"@type\":\"PropertyValueSpecification\",\"valueRequired\":true,\"valueName\":\"search_term_string\"}}],\"inLanguage\":\"it-IT\"},{\"@type\":\"Person\",\"@id\":\"https:\\\/\\\/exaudi.org\\\/#\\\/schema\\\/person\\\/f47b9c3e4d824ebbe841de592fbc7949\",\"name\":\"Javi Pacheco\",\"image\":{\"@type\":\"ImageObject\",\"inLanguage\":\"it-IT\",\"@id\":\"https:\\\/\\\/secure.gravatar.com\\\/avatar\\\/30642c8d75494a683f0463effcb004f02e0ecf9ed915690c156eba2f840980d0?s=96&d=mm&r=g\",\"url\":\"https:\\\/\\\/secure.gravatar.com\\\/avatar\\\/30642c8d75494a683f0463effcb004f02e0ecf9ed915690c156eba2f840980d0?s=96&d=mm&r=g\",\"contentUrl\":\"https:\\\/\\\/secure.gravatar.com\\\/avatar\\\/30642c8d75494a683f0463effcb004f02e0ecf9ed915690c156eba2f840980d0?s=96&d=mm&r=g\",\"caption\":\"Javi Pacheco\"},\"description\":\"Consultor de comunicaci\u00f3n. Estrategias de captaci\u00f3n de clientes potenciales cualificados que aporten valor y continuidad a una marca. \u201cM\u00e1s vale un cliente fiel que una venta puntual\u201d. Estrategias de fidelizaci\u00f3n estudiando las necesidades presentes y futuras aportando soluciones e innovaci\u00f3n. Escuchar activamente al cliente con confianza, proximidad, empat\u00eda y vocaci\u00f3n de servicio. Creador de contenido que aporte valor. Creador de marca personal. Conferenciante y comprometido con el contenido digital en RRSS que sea atractivo y motivacional aportando valores a las personas que lo visualizan. Consultor con experiencia en gesti\u00f3n de equipos y estrategias de comunicaci\u00f3n on\\\/off.\",\"sameAs\":[\"https:\\\/\\\/www.instagram.com\\\/pacheco.doria\\\/\",\"https:\\\/\\\/www.linkedin.com\\\/in\\\/javierpachecodoria\\\/\"],\"url\":\"https:\\\/\\\/exaudi.org\\\/it\\\/author\\\/javi-pacheco\\\/\"}]}<\/script>\n<!-- \/ Yoast SEO plugin. -->","yoast_head_json":{"title":"Ci\u00f2 che occupa la tua mente, controlla la tua vita &#8211; Exaudi","robots":{"index":"index","follow":"follow","max-snippet":"max-snippet:-1","max-image-preview":"max-image-preview:large","max-video-preview":"max-video-preview:-1"},"canonical":"https:\/\/exaudi.org\/it\/cio-che-occupa-la-tua-mente-controlla-la-tua-vita\/","og_locale":"it_IT","og_type":"article","og_title":"Ci\u00f2 che occupa la tua mente, controlla la tua vita &#8211; Exaudi","og_description":"Una riflessione su libert\u00e0, dignit\u00e0 umana e responsabilit\u00e0 sociale","og_url":"https:\/\/exaudi.org\/it\/cio-che-occupa-la-tua-mente-controlla-la-tua-vita\/","og_site_name":"Exaudi","article_publisher":"https:\/\/www.facebook.com\/ExaudiNews","article_published_time":"2026-09-02T15:16:24+00:00","og_image":[{"width":1408,"height":768,"url":"https:\/\/exaudi.org\/wp-content\/uploads\/2026\/09\/Gemini_Generated_Image_h3s1d5h3s1d5h3s1.jpeg","type":"image\/jpeg"}],"author":"Javi Pacheco","twitter_card":"summary_large_image","twitter_creator":"@Exaudi_News","twitter_site":"@Exaudi_News","twitter_misc":{"Scritto da":"Javi Pacheco","Tempo di lettura stimato":"3 minuti"},"schema":{"@context":"https:\/\/schema.org","@graph":[{"@type":"Article","@id":"https:\/\/exaudi.org\/it\/cio-che-occupa-la-tua-mente-controlla-la-tua-vita\/#article","isPartOf":{"@id":"https:\/\/exaudi.org\/it\/cio-che-occupa-la-tua-mente-controlla-la-tua-vita\/"},"author":{"name":"Javi Pacheco","@id":"https:\/\/exaudi.org\/#\/schema\/person\/f47b9c3e4d824ebbe841de592fbc7949"},"headline":"Ci\u00f2 che occupa la tua mente, controlla la tua vita","datePublished":"2026-09-02T15:16:24+00:00","mainEntityOfPage":{"@id":"https:\/\/exaudi.org\/it\/cio-che-occupa-la-tua-mente-controlla-la-tua-vita\/"},"wordCount":690,"image":{"@id":"https:\/\/exaudi.org\/it\/cio-che-occupa-la-tua-mente-controlla-la-tua-vita\/#primaryimage"},"thumbnailUrl":"https:\/\/i0.wp.com\/exaudi.org\/wp-content\/uploads\/2026\/09\/Gemini_Generated_Image_h3s1d5h3s1d5h3s1.jpeg?fit=1408%2C768&ssl=1","keywords":["Consumo digitale","Dignit\u00e0 umana","EDUCAZIONE SESSUALE","Impatto digitale","Javi Pacheco Doria","libert\u00e0","LIMITI","Mente","Oggettazione","pornografia","Regolamentazione","RELAZIONI UMANE","Responsabilit\u00e0 sociale","rispetto","Trending"],"articleSection":["Voci"],"inLanguage":"it-IT"},{"@type":"WebPage","@id":"https:\/\/exaudi.org\/it\/cio-che-occupa-la-tua-mente-controlla-la-tua-vita\/","url":"https:\/\/exaudi.org\/it\/cio-che-occupa-la-tua-mente-controlla-la-tua-vita\/","name":"Ci\u00f2 che occupa la tua mente, controlla la tua vita &#8211; Exaudi","isPartOf":{"@id":"https:\/\/exaudi.org\/#website"},"primaryImageOfPage":{"@id":"https:\/\/exaudi.org\/it\/cio-che-occupa-la-tua-mente-controlla-la-tua-vita\/#primaryimage"},"image":{"@id":"https:\/\/exaudi.org\/it\/cio-che-occupa-la-tua-mente-controlla-la-tua-vita\/#primaryimage"},"thumbnailUrl":"https:\/\/i0.wp.com\/exaudi.org\/wp-content\/uploads\/2026\/09\/Gemini_Generated_Image_h3s1d5h3s1d5h3s1.jpeg?fit=1408%2C768&ssl=1","datePublished":"2026-09-02T15:16:24+00:00","author":{"@id":"https:\/\/exaudi.org\/#\/schema\/person\/f47b9c3e4d824ebbe841de592fbc7949"},"breadcrumb":{"@id":"https:\/\/exaudi.org\/it\/cio-che-occupa-la-tua-mente-controlla-la-tua-vita\/#breadcrumb"},"inLanguage":"it-IT","potentialAction":[{"@type":"ReadAction","target":["https:\/\/exaudi.org\/it\/cio-che-occupa-la-tua-mente-controlla-la-tua-vita\/"]}]},{"@type":"ImageObject","inLanguage":"it-IT","@id":"https:\/\/exaudi.org\/it\/cio-che-occupa-la-tua-mente-controlla-la-tua-vita\/#primaryimage","url":"https:\/\/i0.wp.com\/exaudi.org\/wp-content\/uploads\/2026\/09\/Gemini_Generated_Image_h3s1d5h3s1d5h3s1.jpeg?fit=1408%2C768&ssl=1","contentUrl":"https:\/\/i0.wp.com\/exaudi.org\/wp-content\/uploads\/2026\/09\/Gemini_Generated_Image_h3s1d5h3s1d5h3s1.jpeg?fit=1408%2C768&ssl=1","width":1408,"height":768},{"@type":"BreadcrumbList","@id":"https:\/\/exaudi.org\/it\/cio-che-occupa-la-tua-mente-controlla-la-tua-vita\/#breadcrumb","itemListElement":[{"@type":"ListItem","position":1,"name":"Portada","item":"https:\/\/exaudi.org\/it\/"},{"@type":"ListItem","position":2,"name":"Ci\u00f2 che occupa la tua mente, controlla la tua vita"}]},{"@type":"WebSite","@id":"https:\/\/exaudi.org\/#website","url":"https:\/\/exaudi.org\/","name":"Exaudi","description":"News","potentialAction":[{"@type":"SearchAction","target":{"@type":"EntryPoint","urlTemplate":"https:\/\/exaudi.org\/?s={search_term_string}"},"query-input":{"@type":"PropertyValueSpecification","valueRequired":true,"valueName":"search_term_string"}}],"inLanguage":"it-IT"},{"@type":"Person","@id":"https:\/\/exaudi.org\/#\/schema\/person\/f47b9c3e4d824ebbe841de592fbc7949","name":"Javi Pacheco","image":{"@type":"ImageObject","inLanguage":"it-IT","@id":"https:\/\/secure.gravatar.com\/avatar\/30642c8d75494a683f0463effcb004f02e0ecf9ed915690c156eba2f840980d0?s=96&d=mm&r=g","url":"https:\/\/secure.gravatar.com\/avatar\/30642c8d75494a683f0463effcb004f02e0ecf9ed915690c156eba2f840980d0?s=96&d=mm&r=g","contentUrl":"https:\/\/secure.gravatar.com\/avatar\/30642c8d75494a683f0463effcb004f02e0ecf9ed915690c156eba2f840980d0?s=96&d=mm&r=g","caption":"Javi Pacheco"},"description":"Consultor de comunicaci\u00f3n. Estrategias de captaci\u00f3n de clientes potenciales cualificados que aporten valor y continuidad a una marca. \u201cM\u00e1s vale un cliente fiel que una venta puntual\u201d. Estrategias de fidelizaci\u00f3n estudiando las necesidades presentes y futuras aportando soluciones e innovaci\u00f3n. Escuchar activamente al cliente con confianza, proximidad, empat\u00eda y vocaci\u00f3n de servicio. Creador de contenido que aporte valor. Creador de marca personal. Conferenciante y comprometido con el contenido digital en RRSS que sea atractivo y motivacional aportando valores a las personas que lo visualizan. Consultor con experiencia en gesti\u00f3n de equipos y estrategias de comunicaci\u00f3n on\/off.","sameAs":["https:\/\/www.instagram.com\/pacheco.doria\/","https:\/\/www.linkedin.com\/in\/javierpachecodoria\/"],"url":"https:\/\/exaudi.org\/it\/author\/javi-pacheco\/"}]}},"jetpack_shortlink":"https:\/\/wp.me\/pgKjF2-LMr","jetpack_featured_media_url":"https:\/\/i0.wp.com\/exaudi.org\/wp-content\/uploads\/2026\/09\/Gemini_Generated_Image_h3s1d5h3s1d5h3s1.jpeg?fit=1408%2C768&ssl=1","_links":{"self":[{"href":"https:\/\/exaudi.org\/it\/wp-json\/wp\/v2\/posts\/183671","targetHints":{"allow":["GET"]}}],"collection":[{"href":"https:\/\/exaudi.org\/it\/wp-json\/wp\/v2\/posts"}],"about":[{"href":"https:\/\/exaudi.org\/it\/wp-json\/wp\/v2\/types\/post"}],"author":[{"embeddable":true,"href":"https:\/\/exaudi.org\/it\/wp-json\/wp\/v2\/users\/125"}],"replies":[{"embeddable":true,"href":"https:\/\/exaudi.org\/it\/wp-json\/wp\/v2\/comments?post=183671"}],"version-history":[{"count":3,"href":"https:\/\/exaudi.org\/it\/wp-json\/wp\/v2\/posts\/183671\/revisions"}],"predecessor-version":[{"id":183675,"href":"https:\/\/exaudi.org\/it\/wp-json\/wp\/v2\/posts\/183671\/revisions\/183675"}],"wp:featuredmedia":[{"embeddable":true,"href":"https:\/\/exaudi.org\/it\/wp-json\/wp\/v2\/media\/183576"}],"wp:attachment":[{"href":"https:\/\/exaudi.org\/it\/wp-json\/wp\/v2\/media?parent=183671"}],"wp:term":[{"taxonomy":"category","embeddable":true,"href":"https:\/\/exaudi.org\/it\/wp-json\/wp\/v2\/categories?post=183671"},{"taxonomy":"post_tag","embeddable":true,"href":"https:\/\/exaudi.org\/it\/wp-json\/wp\/v2\/tags?post=183671"}],"curies":[{"name":"wp","href":"https:\/\/api.w.org\/{rel}","templated":true}]}}