{"id":183656,"date":"2026-09-02T16:48:41","date_gmt":"2026-09-02T14:48:41","guid":{"rendered":"https:\/\/exaudi.org\/?p=183656"},"modified":"2026-09-02T16:48:41","modified_gmt":"2026-09-02T14:48:41","slug":"leone-xiv-la-chiesa-e-chiamata-a-servire-lumanita","status":"publish","type":"post","link":"https:\/\/exaudi.org\/it\/leone-xiv-la-chiesa-e-chiamata-a-servire-lumanita\/","title":{"rendered":"Leone XIV: La Chiesa \u00e8 chiamata a servire l&#8217;umanit\u00e0"},"content":{"rendered":"<p><span dir=\"auto\" style=\"vertical-align: inherit\"><span dir=\"auto\" style=\"vertical-align: inherit\">L&#8217;Udienza Generale di questa mattina si \u00e8 svolta alle ore 10:00 in Piazza San Pietro, dove il Santo Padre Leone XIV ha incontrato gruppi di pellegrini e fedeli provenienti dall&#8217;Italia e da tutto il mondo.<\/span><\/span><\/p>\n<p><span dir=\"auto\" style=\"vertical-align: inherit\"><span dir=\"auto\" style=\"vertical-align: inherit\">Nel suo discorso in italiano, il Papa, proseguendo il ciclo di catechesi sui \u201cDocumenti del Concilio Vaticano II\u201d, ha focalizzato la sua meditazione sul tema: <\/span><\/span><i><span dir=\"auto\" style=\"vertical-align: inherit\"><span dir=\"auto\" style=\"vertical-align: inherit\">\u00a0Costituzione pastorale Gaudium et Spes (GS 1-10). La Chiesa che ascolta e serve il mondo\u00a0<\/span><\/span><\/i><span dir=\"auto\" style=\"vertical-align: inherit\"><span dir=\"auto\" style=\"vertical-align: inherit\"> (Lettura:\u00a0 <\/span><\/span><i><span dir=\"auto\" style=\"vertical-align: inherit\"><span dir=\"auto\" style=\"vertical-align: inherit\">Gv<\/span><\/span><\/i><span dir=\"auto\" style=\"vertical-align: inherit\"><span dir=\"auto\" style=\"vertical-align: inherit\"> \u00a03,16-17).<\/span><\/span><\/p>\n<p><span dir=\"auto\" style=\"vertical-align: inherit\"><span dir=\"auto\" style=\"vertical-align: inherit\">Dopo aver riassunto la sua catechesi nelle diverse lingue, il Santo Padre ha rivolto un saluto speciale ai fedeli presenti.<\/span><\/span><\/p>\n<div class=\"code-block code-block-1\">\n<p>&nbsp;<\/p>\n<div id=\"aswift_2_host\"><\/div>\n<p>&nbsp;<\/p>\n<\/div>\n<p><span dir=\"auto\" style=\"vertical-align: inherit\"><span dir=\"auto\" style=\"vertical-align: inherit\">L&#8217;udienza generale si \u00e8 conclusa con la recita del\u00a0 <\/span><\/span><i><span dir=\"auto\" style=\"vertical-align: inherit\"><span dir=\"auto\" style=\"vertical-align: inherit\">Padre Nostro<\/span><\/span><\/i><span dir=\"auto\" style=\"vertical-align: inherit\"><span dir=\"auto\" style=\"vertical-align: inherit\"> \u00a0e la Benedizione Apostolica.<\/span><\/span><\/p>\n<div class=\"vatican_doc\"><span dir=\"auto\" style=\"vertical-align: inherit\"><span dir=\"auto\" style=\"vertical-align: inherit\">***<\/span><\/span><\/div>\n<p><span dir=\"auto\" style=\"vertical-align: inherit\"><span dir=\"auto\" style=\"vertical-align: inherit\">Proseguiamo il nostro ciclo di catechesi dedicato ai documenti del\u00a0 <\/span><\/span><a href=\"https:\/\/www.vatican.va\/archive\/hist_councils\/ii_vatican_council\/index_sp.htm\"><span dir=\"auto\" style=\"vertical-align: inherit\"><span dir=\"auto\" style=\"vertical-align: inherit\">Concilio Vaticano II<\/span><\/span><\/a><span dir=\"auto\" style=\"vertical-align: inherit\"><span dir=\"auto\" style=\"vertical-align: inherit\"> . Oggi iniziamo a riflettere sulla\u00a0 <\/span><\/span><a href=\"https:\/\/www.vatican.va\/archive\/hist_councils\/ii_vatican_council\/documents\/vat-ii_const_19651207_gaudium-et-spes_sp.html\"><span dir=\"auto\" style=\"vertical-align: inherit\"><span dir=\"auto\" style=\"vertical-align: inherit\">Costituzione pastorale\u00a0 <\/span><\/span><i><span dir=\"auto\" style=\"vertical-align: inherit\"><span dir=\"auto\" style=\"vertical-align: inherit\">Gaudium et spes<\/span><\/span><\/i><\/a><span dir=\"auto\" style=\"vertical-align: inherit\"><span dir=\"auto\" style=\"vertical-align: inherit\"> , il cui tema centrale \u00e8 la Chiesa nel mondo contemporaneo.<\/span><\/span><\/p>\n<p><span dir=\"auto\" style=\"vertical-align: inherit\"><span dir=\"auto\" style=\"vertical-align: inherit\">***<\/span><\/span><\/p>\n<h3><strong><span dir=\"auto\" style=\"vertical-align: inherit\"><span dir=\"auto\" style=\"vertical-align: inherit\">Parole del Papa<\/span><\/span><\/strong><\/h3>\n<p>Cari fratelli e sorelle, buongiorno e benvenuti!<\/p>\n<p>Con l\u2019incontro odierno iniziamo a riflettere sulla Costituzione pastorale\u00a0<i><a href=\"https:\/\/www.vatican.va\/archive\/hist_councils\/ii_vatican_council\/documents\/vat-ii_const_19651207_gaudium-et-spes_it.html\">Gaudium et spes<\/a><\/i>, con cui il Concilio Vaticano II ha inteso approfondire un tema fondamentale, ossia il rapporto della Chiesa col mondo contemporaneo.\u00a0<a href=\"https:\/\/www.vatican.va\/content\/vatican\/it\/holy-father\/giovanni-xxiii.html\">San Giovanni XXIII<\/a>, gi\u00e0 nel Discorso inaugurale dell\u201911 ottobre 1962, aveva inteso dissentire dai \u00abprofeti di sventura\u00bb che, \u00absebbene accesi di zelo per la religione [\u2026] vanno dicendo che i nostri tempi, se si confrontano con i secoli passati, risultano del tutto peggiori; e arrivano fino al punto di comportarsi come se non avessero nulla da imparare dalla storia\u00bb (Discorso\u00a0<i><a href=\"https:\/\/www.vatican.va\/content\/john-xxiii\/it\/speeches\/1962\/documents\/hf_j-xxiii_spe_19621011_opening-council.html\">Gaudet Mater Ecclesia<\/a><\/i>, 11 ottobre 1962, 4.2). Da qui il compito affidato ai Padri conciliari: \u00abNello stato presente degli eventi umani, nel quale l\u2019umanit\u00e0 sembra entrare in un nuovo ordine di cose, sono piuttosto da vedere i misteriosi piani della Divina Provvidenza, che si realizzano in tempi successivi attraverso l\u2019opera degli uomini, e spesso al di l\u00e0 delle loro aspettative, e con sapienza dispongono tutto, anche le avverse vicende umane, per il bene della Chiesa\u00bb (<i><a href=\"https:\/\/www.vatican.va\/content\/john-xxiii\/it\/speeches\/1962\/documents\/hf_j-xxiii_spe_19621011_opening-council.html\">Gaudet Mater Ecclesia<\/a><\/i>, 4.4).<\/p>\n<p>Tre anni dopo, la promulgazione di\u00a0<i><a href=\"https:\/\/www.vatican.va\/archive\/hist_councils\/ii_vatican_council\/documents\/vat-ii_const_19651207_gaudium-et-spes_it.html\">Gaudium et spes<\/a><\/i>\u00a0riconosceva in tale discernimento un elemento essenziale della natura della Chiesa, descrivendo come costitutiva la sua indole pastorale: da qui la definizione di \u201cCostituzione pastorale\u201d. Non si tratta di ingenuo ottimismo, ma di una rinnovata fedelt\u00e0 al Mistero di Cristo che, incarnandosi, sceglie di condividere la nostra vita: Egli si \u00e8 reso \u00abin tutto simile ai fratelli\u00bb (<i>Eb<\/i>\u00a02,17; cfr 4,15) e si \u00e8 caricato delle conseguenze del peccato, morendo \u00abin riscatto per tutti\u00bb (<i>1Tm<\/i>\u00a02,6). Tale condivisione con l\u2019umanit\u00e0 \u00e8 la via che il Cristo chiede alla Chiesa; perci\u00f2, la Costituzione conciliare\u00a0<i><a href=\"https:\/\/www.vatican.va\/archive\/hist_councils\/ii_vatican_council\/documents\/vat-ii_const_19651207_gaudium-et-spes_it.html\">Gaudium et spes<\/a><\/i>\u00a0si apre dichiarando che la Chiesa sente come proprie \u00able gioie e le speranze, le tristezze e le angosce degli uomini d\u2019oggi, dei poveri soprattutto e di tutti coloro che soffrono\u00bb (<i><a href=\"https:\/\/www.vatican.va\/archive\/hist_councils\/ii_vatican_council\/documents\/vat-ii_const_19651207_gaudium-et-spes_it.html\">GS<\/a>\u00a0<\/i>1).<\/p>\n<p><img data-recalc-dims=\"1\" fetchpriority=\"high\" decoding=\"async\" class=\"size-medium wp-image-183627 alignleft\" src=\"https:\/\/i0.wp.com\/exaudi.org\/wp-content\/uploads\/2026\/09\/SaveClip.App_792108807_18011968463934397_3776896379691321244_n.jpg?resize=300%2C300&#038;ssl=1\" alt=\"\" width=\"300\" height=\"300\" srcset=\"https:\/\/i0.wp.com\/exaudi.org\/wp-content\/uploads\/2026\/09\/SaveClip.App_792108807_18011968463934397_3776896379691321244_n.jpg?resize=300%2C300&amp;ssl=1 300w, https:\/\/i0.wp.com\/exaudi.org\/wp-content\/uploads\/2026\/09\/SaveClip.App_792108807_18011968463934397_3776896379691321244_n.jpg?resize=100%2C100&amp;ssl=1 100w, https:\/\/i0.wp.com\/exaudi.org\/wp-content\/uploads\/2026\/09\/SaveClip.App_792108807_18011968463934397_3776896379691321244_n.jpg?resize=770%2C770&amp;ssl=1 770w, https:\/\/i0.wp.com\/exaudi.org\/wp-content\/uploads\/2026\/09\/SaveClip.App_792108807_18011968463934397_3776896379691321244_n.jpg?resize=500%2C500&amp;ssl=1 500w, https:\/\/i0.wp.com\/exaudi.org\/wp-content\/uploads\/2026\/09\/SaveClip.App_792108807_18011968463934397_3776896379691321244_n.jpg?w=853&amp;ssl=1 853w\" sizes=\"(max-width: 300px) 100vw, 300px\" \/>\u00c8 una condivisione che ci chiama a uscire da ogni passivit\u00e0 e indifferenza dinanzi agli avvenimenti che accadono, alla storia e alla vita delle persone, soprattutto dinanzi al cambiamento rapido e profondo che oggi sperimentiamo. Non \u00e8 possibile restare spettatori disinteressati, occorre invece ascoltare con il cuore, lasciarsi interpellare, farsi coinvolgere. Con Cristo e sorretti dalla forza del suo Spirito, i credenti sono chiamati a farsi carico delle difficolt\u00e0 dei fratelli, soprattutto di coloro che sono schiacciati dall\u2019ingiustizia, dalla discriminazione, dalla violenza. Infatti, solo nella condivisione e nell\u2019impegno \u00e8 possibile arrivare a risposte adeguate, sempre sorretti dalla certezza che \u00able sofferenze del tempo presente non sono paragonabili alla gloria futura che sar\u00e0 rivelata in noi\u00bb (<i>Rm<\/i>\u00a08,18).<\/p>\n<p>In tal senso, la prossimit\u00e0 verso l\u2019umanit\u00e0 apre a una lettura pi\u00f9 profonda degli avvenimenti e della stessa Rivelazione e, nella medesima prospettiva,\u00a0<i><a href=\"https:\/\/www.vatican.va\/archive\/hist_councils\/ii_vatican_council\/documents\/vat-ii_const_19651207_gaudium-et-spes_it.html\">Gaudium et spes<\/a><\/i>\u00a0richiama il \u00abdovere permanente della Chiesa di scrutare i segni dei tempi e di interpretarli alla luce del Vangelo\u00bb (<i><a href=\"https:\/\/www.vatican.va\/archive\/hist_councils\/ii_vatican_council\/documents\/vat-ii_const_19651207_gaudium-et-spes_it.html\">GS<\/a><\/i>\u00a04). Questa Costituzione conciliare ha dunque richiamato la Chiesa a un permanente impegno di conversione, per testimoniare che essa non \u00e8 mossa da \u00abnessuna ambizione terrena\u00bb, ma \u00abmira a questo solo: continuare, sotto la guida dello Spirito consolatore, l&#8217;opera stessa di Cristo, il quale \u00e8 venuto nel mondo a rendere testimonianza alla verit\u00e0, a salvare e non a condannare, a servire e non ad essere servito\u00bb (<i><a href=\"https:\/\/www.vatican.va\/archive\/hist_councils\/ii_vatican_council\/documents\/vat-ii_const_19651207_gaudium-et-spes_it.html\">GS<\/a><\/i>\u00a03).<\/p>\n<p>Non si tratta, in effetti, di una disposizione semplicemente morale. Papa Francesco ci ha ricordato che per la Chiesa \u00abl\u2019opzione per i poveri \u00e8 una categoria teologica prima che culturale, sociologica, politica o filosofica. [\u2026] Siamo chiamati a scoprire Cristo in loro, a prestare ad essi la nostra voce nelle loro cause, ma anche ad essere loro amici, ad ascoltarli, a comprenderli e ad accogliere la misteriosa sapienza che Dio vuole comunicarci attraverso di loro\u00bb (Esort. Ap.\u00a0<i><a href=\"https:\/\/www.vatican.va\/content\/francesco\/it\/apost_exhortations\/documents\/papa-francesco_esortazione-ap_20131124_evangelii-gaudium.html#Il_posto_privilegiato_dei_poveri_nel_Popolo_di_Dio\">Evangelii gaudium<\/a><\/i>, 198).<\/p>\n<p>La condivisione cristiana impegna a farsi carico della realt\u00e0 e anche a smascherare le contraddizioni che caratterizzano la vita personale e sociale del mondo contemporaneo: ad esempio, un progresso scientifico e tecnologico, che offre sempre nuove possibilit\u00e0, ma solo ad alcuni e che non sempre l\u2019essere umano riesce a porre \u00aba suo servizio\u00bb; o una conoscenza pi\u00f9 chiara delle \u00ableggi della vita sociale\u00bb, accompagnata per\u00f2 da incertezze \u00absulla direzione da imprimervi\u00bb; o ancora, una maggiore disponibilit\u00e0 di \u00abricchezze, possibilit\u00e0 e potenza economica\u00bb, che purtroppo per\u00f2, oggi come al tempo del Concilio, lascia \u00abuna grande parte degli abitanti del globo [\u2026] ancora tormentata dalla fame e dalla miseria\u00bb (<i><a href=\"https:\/\/www.vatican.va\/archive\/hist_councils\/ii_vatican_council\/documents\/vat-ii_const_19651207_gaudium-et-spes_it.html\">GS<\/a>\u00a0<\/i>4); oppure, una consapevolezza condivisa che \u00e8 in gioco il futuro del pianeta e nel contempo l\u2019incapacit\u00e0 a rinunciare al consumo egoistico e all\u2019illusione che la guerra sia una via efficace per costruire la pace.<\/p>\n<p>In un tempo segnato da profondi mutamenti, da cui derivano preoccupanti squilibri, la Chiesa \u00e8 chiamata a servire l\u2019essere umano, ascoltando e accogliendo gli interrogativi pi\u00f9 profondi del suo cuore e gli aneliti che lo abitano, indicando nel Cristo \u00abla chiave, il centro e il fine di tutta la storia umana\u00bb (<i><a href=\"https:\/\/www.vatican.va\/archive\/hist_councils\/ii_vatican_council\/documents\/vat-ii_const_19651207_gaudium-et-spes_it.html\">GS<\/a><\/i>\u00a010). Perci\u00f2, nella Chiesa, ad ogni livello, in ogni epoca ha da realizzarsi la\u00a0<i>kenosi\u00a0<\/i>misericordiosa del Cristo che \u00abnon ritenne un privilegio l\u2019essere come Dio, ma svuot\u00f2 s\u00e9 stesso assumendo una condizione di servo, [\u2026] facendosi obbediente fino alla morte e a una morte di croce\u00bb (<i>Fil\u00a0<\/i>2,6-8).<\/p>\n<p>Cari fratelli e sorelle, la gioia e la speranza \u2013\u00a0<i>gaudium et spes \u2013\u00a0<\/i>siano i tratti distintivi di una Chiesa che annuncia e testimonia il Vangelo, facendosi prossima alle donne e agli uomini del nostro tempo.<\/p>\n<p>______________________________<\/p>\n<p><b>Saluti<\/b><\/p>\n<p>Rivolgo il mio cordiale benvenuto ai pellegrini di lingua italiana, in particolare ai gruppi parrocchiali: tutti esorto a modellare la vita sul Vangelo per essere nella societ\u00e0 seminatori dell\u2019amore di Cristo.<\/p>\n<p>Saluto, poi, i volontari dell\u2019Associazione \u201cAbeo\u201d di Verona, esprimendo apprezzamento per l\u2019opera in favore dei piccoli pazienti e delle loro famiglie.<\/p>\n<p>Il mio pensiero va, infine, ai\u00a0giovani, ai\u00a0malati\u00a0e agli\u00a0sposi novelli.\u00a0Domani celebreremo la memoria del Papa San Gregorio Magno, il cui corpo riposa nella Basilica di San Pietro. Egli \u00e8 detto \u201cil grande\u201d per la sua eccezionale attivit\u00e0 di pastore in tempi assai difficili per la societ\u00e0 e la Chiesa: una \u201cgrandezza\u201d che attingeva forza e vigore dalla fede viva nel Cristo. Il suo esempio susciti in ciascuno di voi una rinnovata e intensa fiducia in Dio, fonte di grazia e di speranza per il mondo intero.<\/p>\n<p>A tutti la mia benedizione!<\/p>\n<p><iframe title=\"Udienza Generale, 2 settembre 2026, Papa Leone XIV\" width=\"500\" height=\"281\" src=\"https:\/\/www.youtube.com\/embed\/ugeKkCikhz4?feature=oembed\" frameborder=\"0\" allow=\"accelerometer; autoplay; clipboard-write; encrypted-media; gyroscope; picture-in-picture; web-share\" referrerpolicy=\"strict-origin-when-cross-origin\" allowfullscreen><\/iframe><\/p>\n","protected":false},"excerpt":{"rendered":"<p>Udienza Generale<\/p>\n","protected":false},"author":17,"featured_media":183662,"comment_status":"closed","ping_status":"closed","sticky":false,"template":"","format":"standard","meta":{"_acf_changed":false,"inline_featured_image":false,"_wpcom_ai_launchpad_first_post":false,"footnotes":"","jetpack_post_was_ever_published":false},"categories":[67,111],"tags":[8808,90949,6921,64796,64851,46524,14026,60970,64910,113610,21202,55116,58164,5392,49068,579],"class_list":["post-183656","post","type-post","status-publish","format-standard","has-post-thumbnail","hentry","category-leone-xiv","category-udienza-generale","tag-catechesi-del-papa","tag-chiesa-e-mondo-contemporaneo","tag-concilio-vaticano-ii-2","tag-dottrina-sociale-della-chiesa-it","tag-featured-it-2","tag-fede-e-societa","tag-gaudium-et-spes-2","tag-incarnazione-di-cristo","tag-leone-xiv-it","tag-ministero-pastorale-cattolico","tag-missione-della-chiesa","tag-opzione-per-i-poveri","tag-papa-leone-xiv","tag-piazza-san-pietro","tag-segni-dei-tempi","tag-udienza-generale"],"acf":[],"yoast_head":"<!-- This site is optimized with the Yoast SEO plugin v28.4 - https:\/\/yoast.com\/product\/yoast-seo-wordpress\/ -->\n<title>Leone XIV: La Chiesa \u00e8 chiamata a servire l&#039;umanit\u00e0 &#8211; Exaudi<\/title>\n<meta name=\"robots\" content=\"index, follow, max-snippet:-1, max-image-preview:large, max-video-preview:-1\" \/>\n<link rel=\"canonical\" href=\"https:\/\/exaudi.org\/it\/leone-xiv-la-chiesa-e-chiamata-a-servire-lumanita\/\" \/>\n<meta property=\"og:locale\" content=\"it_IT\" \/>\n<meta property=\"og:type\" content=\"article\" \/>\n<meta property=\"og:title\" content=\"Leone XIV: La Chiesa \u00e8 chiamata a servire l&#039;umanit\u00e0 &#8211; Exaudi\" \/>\n<meta property=\"og:description\" content=\"Udienza Generale\" \/>\n<meta property=\"og:url\" content=\"https:\/\/exaudi.org\/it\/leone-xiv-la-chiesa-e-chiamata-a-servire-lumanita\/\" \/>\n<meta property=\"og:site_name\" content=\"Exaudi\" \/>\n<meta property=\"article:publisher\" content=\"https:\/\/www.facebook.com\/ExaudiNews\" \/>\n<meta property=\"article:author\" content=\"https:\/\/www.facebook.com\/ExaudiNotizie\/\" \/>\n<meta property=\"article:published_time\" content=\"2026-09-02T14:48:41+00:00\" \/>\n<meta property=\"og:image\" content=\"https:\/\/exaudi.org\/wp-content\/uploads\/2026\/09\/1.webp\" \/>\n\t<meta property=\"og:image:width\" content=\"800\" \/>\n\t<meta property=\"og:image:height\" content=\"475\" \/>\n\t<meta property=\"og:image:type\" content=\"image\/webp\" \/>\n<meta name=\"author\" content=\"Exaudi Redazione\" \/>\n<meta name=\"twitter:card\" content=\"summary_large_image\" \/>\n<meta name=\"twitter:creator\" content=\"@Exaudi_Notizie\" \/>\n<meta name=\"twitter:site\" content=\"@Exaudi_News\" \/>\n<meta name=\"twitter:label1\" content=\"Scritto da\" \/>\n\t<meta name=\"twitter:data1\" content=\"Exaudi Redazione\" \/>\n\t<meta name=\"twitter:label2\" content=\"Tempo di lettura stimato\" \/>\n\t<meta name=\"twitter:data2\" content=\"6 minuti\" \/>\n<script type=\"application\/ld+json\" class=\"yoast-schema-graph\">{\"@context\":\"https:\\\/\\\/schema.org\",\"@graph\":[{\"@type\":\"Article\",\"@id\":\"https:\\\/\\\/exaudi.org\\\/it\\\/leone-xiv-la-chiesa-e-chiamata-a-servire-lumanita\\\/#article\",\"isPartOf\":{\"@id\":\"https:\\\/\\\/exaudi.org\\\/it\\\/leone-xiv-la-chiesa-e-chiamata-a-servire-lumanita\\\/\"},\"author\":{\"name\":\"Exaudi Redazione\",\"@id\":\"https:\\\/\\\/exaudi.org\\\/#\\\/schema\\\/person\\\/e1ab6ed07c01774724dd96f925f3a5f0\"},\"headline\":\"Leone XIV: La Chiesa \u00e8 chiamata a servire l&#8217;umanit\u00e0\",\"datePublished\":\"2026-09-02T14:48:41+00:00\",\"mainEntityOfPage\":{\"@id\":\"https:\\\/\\\/exaudi.org\\\/it\\\/leone-xiv-la-chiesa-e-chiamata-a-servire-lumanita\\\/\"},\"wordCount\":1206,\"image\":{\"@id\":\"https:\\\/\\\/exaudi.org\\\/it\\\/leone-xiv-la-chiesa-e-chiamata-a-servire-lumanita\\\/#primaryimage\"},\"thumbnailUrl\":\"https:\\\/\\\/i0.wp.com\\\/exaudi.org\\\/wp-content\\\/uploads\\\/2026\\\/09\\\/1.webp?fit=800%2C475&ssl=1\",\"keywords\":[\"Catechesi del Papa\",\"Chiesa e mondo contemporaneo\",\"Concilio Vaticano II\",\"Dottrina sociale della Chiesa\",\"Featured\",\"fede e societ\u00e0\",\"GAUDIUM ET SPES\",\"Incarnazione di Cristo\",\"Leone XIV\",\"Ministero Pastorale Cattolico\",\"MISSIONE DELLA CHIESA\",\"opzione per i poveri\",\"Papa Leone XIV\",\"piazza San Pietro\",\"segni dei tempi\",\"udienza generale\"],\"articleSection\":[\"Leone XIV\",\"Udienza generale\"],\"inLanguage\":\"it-IT\"},{\"@type\":\"WebPage\",\"@id\":\"https:\\\/\\\/exaudi.org\\\/it\\\/leone-xiv-la-chiesa-e-chiamata-a-servire-lumanita\\\/\",\"url\":\"https:\\\/\\\/exaudi.org\\\/it\\\/leone-xiv-la-chiesa-e-chiamata-a-servire-lumanita\\\/\",\"name\":\"Leone XIV: La Chiesa \u00e8 chiamata a servire l'umanit\u00e0 &#8211; Exaudi\",\"isPartOf\":{\"@id\":\"https:\\\/\\\/exaudi.org\\\/#website\"},\"primaryImageOfPage\":{\"@id\":\"https:\\\/\\\/exaudi.org\\\/it\\\/leone-xiv-la-chiesa-e-chiamata-a-servire-lumanita\\\/#primaryimage\"},\"image\":{\"@id\":\"https:\\\/\\\/exaudi.org\\\/it\\\/leone-xiv-la-chiesa-e-chiamata-a-servire-lumanita\\\/#primaryimage\"},\"thumbnailUrl\":\"https:\\\/\\\/i0.wp.com\\\/exaudi.org\\\/wp-content\\\/uploads\\\/2026\\\/09\\\/1.webp?fit=800%2C475&ssl=1\",\"datePublished\":\"2026-09-02T14:48:41+00:00\",\"author\":{\"@id\":\"https:\\\/\\\/exaudi.org\\\/#\\\/schema\\\/person\\\/e1ab6ed07c01774724dd96f925f3a5f0\"},\"breadcrumb\":{\"@id\":\"https:\\\/\\\/exaudi.org\\\/it\\\/leone-xiv-la-chiesa-e-chiamata-a-servire-lumanita\\\/#breadcrumb\"},\"inLanguage\":\"it-IT\",\"potentialAction\":[{\"@type\":\"ReadAction\",\"target\":[\"https:\\\/\\\/exaudi.org\\\/it\\\/leone-xiv-la-chiesa-e-chiamata-a-servire-lumanita\\\/\"]}]},{\"@type\":\"ImageObject\",\"inLanguage\":\"it-IT\",\"@id\":\"https:\\\/\\\/exaudi.org\\\/it\\\/leone-xiv-la-chiesa-e-chiamata-a-servire-lumanita\\\/#primaryimage\",\"url\":\"https:\\\/\\\/i0.wp.com\\\/exaudi.org\\\/wp-content\\\/uploads\\\/2026\\\/09\\\/1.webp?fit=800%2C475&ssl=1\",\"contentUrl\":\"https:\\\/\\\/i0.wp.com\\\/exaudi.org\\\/wp-content\\\/uploads\\\/2026\\\/09\\\/1.webp?fit=800%2C475&ssl=1\",\"width\":800,\"height\":475},{\"@type\":\"BreadcrumbList\",\"@id\":\"https:\\\/\\\/exaudi.org\\\/it\\\/leone-xiv-la-chiesa-e-chiamata-a-servire-lumanita\\\/#breadcrumb\",\"itemListElement\":[{\"@type\":\"ListItem\",\"position\":1,\"name\":\"Portada\",\"item\":\"https:\\\/\\\/exaudi.org\\\/it\\\/\"},{\"@type\":\"ListItem\",\"position\":2,\"name\":\"Leone XIV: La Chiesa \u00e8 chiamata a servire l&#8217;umanit\u00e0\"}]},{\"@type\":\"WebSite\",\"@id\":\"https:\\\/\\\/exaudi.org\\\/#website\",\"url\":\"https:\\\/\\\/exaudi.org\\\/\",\"name\":\"Exaudi\",\"description\":\"News\",\"potentialAction\":[{\"@type\":\"SearchAction\",\"target\":{\"@type\":\"EntryPoint\",\"urlTemplate\":\"https:\\\/\\\/exaudi.org\\\/?s={search_term_string}\"},\"query-input\":{\"@type\":\"PropertyValueSpecification\",\"valueRequired\":true,\"valueName\":\"search_term_string\"}}],\"inLanguage\":\"it-IT\"},{\"@type\":\"Person\",\"@id\":\"https:\\\/\\\/exaudi.org\\\/#\\\/schema\\\/person\\\/e1ab6ed07c01774724dd96f925f3a5f0\",\"name\":\"Exaudi Redazione\",\"image\":{\"@type\":\"ImageObject\",\"inLanguage\":\"it-IT\",\"@id\":\"https:\\\/\\\/secure.gravatar.com\\\/avatar\\\/ad6774b3ada023bf5b939d64f45c94b3adf91502dd883507d469b4308a943bb3?s=96&d=mm&r=g\",\"url\":\"https:\\\/\\\/secure.gravatar.com\\\/avatar\\\/ad6774b3ada023bf5b939d64f45c94b3adf91502dd883507d469b4308a943bb3?s=96&d=mm&r=g\",\"contentUrl\":\"https:\\\/\\\/secure.gravatar.com\\\/avatar\\\/ad6774b3ada023bf5b939d64f45c94b3adf91502dd883507d469b4308a943bb3?s=96&d=mm&r=g\",\"caption\":\"Exaudi Redazione\"},\"description\":\"Che cosa \u00e8 Exaudi News? Exaudi News \u00e8 un agenzia cattolica internazionale che informa, istruisce e trasforma quotidianamente in spagnolo, inglese e italiano. Attraverso notizie, articoli di analisi e trasmissioni in diretta degli eventi del Papa, Exaudi cerca di rafforzare l'unit\u00e0 dei cristiani e di contribuire all'evangelizzazione del mondo, sempre guidato dalla dottrina sociale della Chiesa. Lavoriamo per portare la verit\u00e0 e i valori cristiani in ogni angolo del pianeta. Aiutaci a trasformare il mondo con Exaudi! Noi di Exaudi crediamo che l'evangelizzazione e l'informazione di qualit\u00e0 possano cambiare la vita. Per continuare la nostra missione ed espandere la nostra portata, abbiamo bisogno del tuo aiuto. Stiamo anche cercando persone motivate che vogliano unirsi al nostro team. Grazie al vostro sostegno raggiungeremo pi\u00f9 persone, diffonderemo il messaggio di Cristo e rafforzeremo l'unit\u00e0 dei cristiani. Vuoi unirti alla nostra missione? Per maggiori informazioni su come contribuire, visita Exaudi.org\\\/it o contattaci direttamente: info@exaudi.org Exaudi: informa, forma e trasforma.\",\"sameAs\":[\"https:\\\/\\\/www.facebook.com\\\/ExaudiNotizie\\\/\",\"https:\\\/\\\/www.instagram.com\\\/Exaudi_notizie\\\/\",\"https:\\\/\\\/x.com\\\/Exaudi_Notizie\",\"https:\\\/\\\/www.youtube.com\\\/@exaudicatholicnews\"],\"url\":\"https:\\\/\\\/exaudi.org\\\/it\\\/author\\\/dlvedi-org\\\/\"}]}<\/script>\n<!-- \/ Yoast SEO plugin. -->","yoast_head_json":{"title":"Leone XIV: La Chiesa \u00e8 chiamata a servire l'umanit\u00e0 &#8211; Exaudi","robots":{"index":"index","follow":"follow","max-snippet":"max-snippet:-1","max-image-preview":"max-image-preview:large","max-video-preview":"max-video-preview:-1"},"canonical":"https:\/\/exaudi.org\/it\/leone-xiv-la-chiesa-e-chiamata-a-servire-lumanita\/","og_locale":"it_IT","og_type":"article","og_title":"Leone XIV: La Chiesa \u00e8 chiamata a servire l'umanit\u00e0 &#8211; Exaudi","og_description":"Udienza Generale","og_url":"https:\/\/exaudi.org\/it\/leone-xiv-la-chiesa-e-chiamata-a-servire-lumanita\/","og_site_name":"Exaudi","article_publisher":"https:\/\/www.facebook.com\/ExaudiNews","article_author":"https:\/\/www.facebook.com\/ExaudiNotizie\/","article_published_time":"2026-09-02T14:48:41+00:00","og_image":[{"width":800,"height":475,"url":"https:\/\/exaudi.org\/wp-content\/uploads\/2026\/09\/1.webp","type":"image\/webp"}],"author":"Exaudi Redazione","twitter_card":"summary_large_image","twitter_creator":"@Exaudi_Notizie","twitter_site":"@Exaudi_News","twitter_misc":{"Scritto da":"Exaudi Redazione","Tempo di lettura stimato":"6 minuti"},"schema":{"@context":"https:\/\/schema.org","@graph":[{"@type":"Article","@id":"https:\/\/exaudi.org\/it\/leone-xiv-la-chiesa-e-chiamata-a-servire-lumanita\/#article","isPartOf":{"@id":"https:\/\/exaudi.org\/it\/leone-xiv-la-chiesa-e-chiamata-a-servire-lumanita\/"},"author":{"name":"Exaudi Redazione","@id":"https:\/\/exaudi.org\/#\/schema\/person\/e1ab6ed07c01774724dd96f925f3a5f0"},"headline":"Leone XIV: La Chiesa \u00e8 chiamata a servire l&#8217;umanit\u00e0","datePublished":"2026-09-02T14:48:41+00:00","mainEntityOfPage":{"@id":"https:\/\/exaudi.org\/it\/leone-xiv-la-chiesa-e-chiamata-a-servire-lumanita\/"},"wordCount":1206,"image":{"@id":"https:\/\/exaudi.org\/it\/leone-xiv-la-chiesa-e-chiamata-a-servire-lumanita\/#primaryimage"},"thumbnailUrl":"https:\/\/i0.wp.com\/exaudi.org\/wp-content\/uploads\/2026\/09\/1.webp?fit=800%2C475&ssl=1","keywords":["Catechesi del Papa","Chiesa e mondo contemporaneo","Concilio Vaticano II","Dottrina sociale della Chiesa","Featured","fede e societ\u00e0","GAUDIUM ET SPES","Incarnazione di Cristo","Leone XIV","Ministero Pastorale Cattolico","MISSIONE DELLA CHIESA","opzione per i poveri","Papa Leone XIV","piazza San Pietro","segni dei tempi","udienza generale"],"articleSection":["Leone XIV","Udienza generale"],"inLanguage":"it-IT"},{"@type":"WebPage","@id":"https:\/\/exaudi.org\/it\/leone-xiv-la-chiesa-e-chiamata-a-servire-lumanita\/","url":"https:\/\/exaudi.org\/it\/leone-xiv-la-chiesa-e-chiamata-a-servire-lumanita\/","name":"Leone XIV: La Chiesa \u00e8 chiamata a servire l'umanit\u00e0 &#8211; Exaudi","isPartOf":{"@id":"https:\/\/exaudi.org\/#website"},"primaryImageOfPage":{"@id":"https:\/\/exaudi.org\/it\/leone-xiv-la-chiesa-e-chiamata-a-servire-lumanita\/#primaryimage"},"image":{"@id":"https:\/\/exaudi.org\/it\/leone-xiv-la-chiesa-e-chiamata-a-servire-lumanita\/#primaryimage"},"thumbnailUrl":"https:\/\/i0.wp.com\/exaudi.org\/wp-content\/uploads\/2026\/09\/1.webp?fit=800%2C475&ssl=1","datePublished":"2026-09-02T14:48:41+00:00","author":{"@id":"https:\/\/exaudi.org\/#\/schema\/person\/e1ab6ed07c01774724dd96f925f3a5f0"},"breadcrumb":{"@id":"https:\/\/exaudi.org\/it\/leone-xiv-la-chiesa-e-chiamata-a-servire-lumanita\/#breadcrumb"},"inLanguage":"it-IT","potentialAction":[{"@type":"ReadAction","target":["https:\/\/exaudi.org\/it\/leone-xiv-la-chiesa-e-chiamata-a-servire-lumanita\/"]}]},{"@type":"ImageObject","inLanguage":"it-IT","@id":"https:\/\/exaudi.org\/it\/leone-xiv-la-chiesa-e-chiamata-a-servire-lumanita\/#primaryimage","url":"https:\/\/i0.wp.com\/exaudi.org\/wp-content\/uploads\/2026\/09\/1.webp?fit=800%2C475&ssl=1","contentUrl":"https:\/\/i0.wp.com\/exaudi.org\/wp-content\/uploads\/2026\/09\/1.webp?fit=800%2C475&ssl=1","width":800,"height":475},{"@type":"BreadcrumbList","@id":"https:\/\/exaudi.org\/it\/leone-xiv-la-chiesa-e-chiamata-a-servire-lumanita\/#breadcrumb","itemListElement":[{"@type":"ListItem","position":1,"name":"Portada","item":"https:\/\/exaudi.org\/it\/"},{"@type":"ListItem","position":2,"name":"Leone XIV: La Chiesa \u00e8 chiamata a servire l&#8217;umanit\u00e0"}]},{"@type":"WebSite","@id":"https:\/\/exaudi.org\/#website","url":"https:\/\/exaudi.org\/","name":"Exaudi","description":"News","potentialAction":[{"@type":"SearchAction","target":{"@type":"EntryPoint","urlTemplate":"https:\/\/exaudi.org\/?s={search_term_string}"},"query-input":{"@type":"PropertyValueSpecification","valueRequired":true,"valueName":"search_term_string"}}],"inLanguage":"it-IT"},{"@type":"Person","@id":"https:\/\/exaudi.org\/#\/schema\/person\/e1ab6ed07c01774724dd96f925f3a5f0","name":"Exaudi Redazione","image":{"@type":"ImageObject","inLanguage":"it-IT","@id":"https:\/\/secure.gravatar.com\/avatar\/ad6774b3ada023bf5b939d64f45c94b3adf91502dd883507d469b4308a943bb3?s=96&d=mm&r=g","url":"https:\/\/secure.gravatar.com\/avatar\/ad6774b3ada023bf5b939d64f45c94b3adf91502dd883507d469b4308a943bb3?s=96&d=mm&r=g","contentUrl":"https:\/\/secure.gravatar.com\/avatar\/ad6774b3ada023bf5b939d64f45c94b3adf91502dd883507d469b4308a943bb3?s=96&d=mm&r=g","caption":"Exaudi Redazione"},"description":"Che cosa \u00e8 Exaudi News? Exaudi News \u00e8 un agenzia cattolica internazionale che informa, istruisce e trasforma quotidianamente in spagnolo, inglese e italiano. Attraverso notizie, articoli di analisi e trasmissioni in diretta degli eventi del Papa, Exaudi cerca di rafforzare l'unit\u00e0 dei cristiani e di contribuire all'evangelizzazione del mondo, sempre guidato dalla dottrina sociale della Chiesa. Lavoriamo per portare la verit\u00e0 e i valori cristiani in ogni angolo del pianeta. Aiutaci a trasformare il mondo con Exaudi! Noi di Exaudi crediamo che l'evangelizzazione e l'informazione di qualit\u00e0 possano cambiare la vita. Per continuare la nostra missione ed espandere la nostra portata, abbiamo bisogno del tuo aiuto. Stiamo anche cercando persone motivate che vogliano unirsi al nostro team. Grazie al vostro sostegno raggiungeremo pi\u00f9 persone, diffonderemo il messaggio di Cristo e rafforzeremo l'unit\u00e0 dei cristiani. Vuoi unirti alla nostra missione? Per maggiori informazioni su come contribuire, visita Exaudi.org\/it o contattaci direttamente: info@exaudi.org Exaudi: informa, forma e trasforma.","sameAs":["https:\/\/www.facebook.com\/ExaudiNotizie\/","https:\/\/www.instagram.com\/Exaudi_notizie\/","https:\/\/x.com\/Exaudi_Notizie","https:\/\/www.youtube.com\/@exaudicatholicnews"],"url":"https:\/\/exaudi.org\/it\/author\/dlvedi-org\/"}]}},"jetpack_shortlink":"https:\/\/wp.me\/pgKjF2-LMc","jetpack_featured_media_url":"https:\/\/i0.wp.com\/exaudi.org\/wp-content\/uploads\/2026\/09\/1.webp?fit=800%2C475&ssl=1","_links":{"self":[{"href":"https:\/\/exaudi.org\/it\/wp-json\/wp\/v2\/posts\/183656","targetHints":{"allow":["GET"]}}],"collection":[{"href":"https:\/\/exaudi.org\/it\/wp-json\/wp\/v2\/posts"}],"about":[{"href":"https:\/\/exaudi.org\/it\/wp-json\/wp\/v2\/types\/post"}],"author":[{"embeddable":true,"href":"https:\/\/exaudi.org\/it\/wp-json\/wp\/v2\/users\/17"}],"replies":[{"embeddable":true,"href":"https:\/\/exaudi.org\/it\/wp-json\/wp\/v2\/comments?post=183656"}],"version-history":[{"count":5,"href":"https:\/\/exaudi.org\/it\/wp-json\/wp\/v2\/posts\/183656\/revisions"}],"predecessor-version":[{"id":183660,"href":"https:\/\/exaudi.org\/it\/wp-json\/wp\/v2\/posts\/183656\/revisions\/183660"}],"wp:featuredmedia":[{"embeddable":true,"href":"https:\/\/exaudi.org\/it\/wp-json\/wp\/v2\/media\/183662"}],"wp:attachment":[{"href":"https:\/\/exaudi.org\/it\/wp-json\/wp\/v2\/media?parent=183656"}],"wp:term":[{"taxonomy":"category","embeddable":true,"href":"https:\/\/exaudi.org\/it\/wp-json\/wp\/v2\/categories?post=183656"},{"taxonomy":"post_tag","embeddable":true,"href":"https:\/\/exaudi.org\/it\/wp-json\/wp\/v2\/tags?post=183656"}],"curies":[{"name":"wp","href":"https:\/\/api.w.org\/{rel}","templated":true}]}}