{"id":183502,"date":"2026-09-01T16:45:30","date_gmt":"2026-09-01T14:45:30","guid":{"rendered":"https:\/\/exaudi.org\/?p=183502"},"modified":"2026-09-01T16:45:30","modified_gmt":"2026-09-01T14:45:30","slug":"disarmare-il-cuore-per-guarire-la-terra-il-potente-appello-di-papa-leone-xiv","status":"publish","type":"post","link":"https:\/\/exaudi.org\/it\/disarmare-il-cuore-per-guarire-la-terra-il-potente-appello-di-papa-leone-xiv\/","title":{"rendered":"Disarmare il cuore per guarire la Terra: il potente appello di Papa Leone XIV"},"content":{"rendered":"<p data-path-to-node=\"1\"><i data-path-to-node=\"1\" data-index-in-node=\"0\"><span dir=\"auto\" style=\"vertical-align: inherit\"><span dir=\"auto\" style=\"vertical-align: inherit\">Nel suo messaggio per l&#8217;XI Giornata Mondiale di Preghiera per la Cura del Creato, il Santo Padre collega la devastazione ambientale alla guerra e indica la radice del problema: una profonda crisi spirituale e interiore.<\/span><\/span><\/i><\/p>\n<p data-path-to-node=\"2\"><span dir=\"auto\" style=\"vertical-align: inherit\"><span dir=\"auto\" style=\"vertical-align: inherit\">Il degrado della natura e il fragore delle armi non sono fenomeni isolati che seguono percorsi separati. Nel suo messaggio per l&#8217;XI Giornata Mondiale di Preghiera per la Cura del Creato, Papa Leone XIV ha offerto una riflessione tanto lucida quanto urgente: le ferite del pianeta e i conflitti armati sono la manifestazione esteriore della stessa frattura, quella del cuore umano.<\/span><\/span><\/p>\n<div class=\"code-block code-block-1\">\n<p>&nbsp;<\/p>\n<div id=\"aswift_2_host\"><\/div>\n<p>&nbsp;<\/p>\n<\/div>\n<p data-path-to-node=\"3\"><span dir=\"auto\" style=\"vertical-align: inherit\"><span dir=\"auto\" style=\"vertical-align: inherit\">Facendo eco al celebre passo del profeta Isaia \u2014 \u00abtrasformeranno le loro spade in vomeri e le loro lance in falci\u00bb \u2014 il Papa denuncia il paradosso attuale di un mondo che investe ingenti risorse nella distruzione trascurando la tutela della vita e dell&#8217;ambiente naturale. La guerra, ci ricorda Leone XIV, non solo distrugge le famiglie e miete vite innocenti, ma contamina anche l&#8217;acqua, l&#8217;aria e il suolo, generando circoli viziosi di povert\u00e0 e nuovi conflitti.<\/span><\/span><\/p>\n<h3 data-path-to-node=\"4\"><b data-path-to-node=\"4\" data-index-in-node=\"0\"><span dir=\"auto\" style=\"vertical-align: inherit\"><span dir=\"auto\" style=\"vertical-align: inherit\">Dal deserto interno al deserto esterno<\/span><\/span><\/b><\/h3>\n<p data-path-to-node=\"5\"><span dir=\"auto\" style=\"vertical-align: inherit\"><span dir=\"auto\" style=\"vertical-align: inherit\">Citando gli insegnamenti di Benedetto XVI e il cammino ecologico tracciato da Francesco nella\u00a0 <\/span><\/span><i data-path-to-node=\"5\" data-index-in-node=\"85\"><span dir=\"auto\" style=\"vertical-align: inherit\"><span dir=\"auto\" style=\"vertical-align: inherit\">Laudato si&#8217;<\/span><\/span><\/i><span dir=\"auto\" style=\"vertical-align: inherit\"><span dir=\"auto\" style=\"vertical-align: inherit\"> , il Santo Padre sottolinea che la devastazione ecologica e la violenza sociale derivano da una mancanza morale. I deserti sulla superficie terrestre sono, in realt\u00e0, il riflesso dell&#8217;aridit\u00e0 interiore dell&#8217;umanit\u00e0, alimentata dal desiderio di dominio, dalla ricerca del guadagno immediato e dalla perdita del senso dei limiti.<\/span><\/span><\/p>\n<p data-path-to-node=\"6\"><span dir=\"auto\" style=\"vertical-align: inherit\"><span dir=\"auto\" style=\"vertical-align: inherit\">Per Leone XIV, le riforme strutturali o i semplici accordi politici sono insufficienti se non accompagnati da una vera &#8220;conversione del cuore&#8221;. \u00c8 nella coscienza che si decide la battaglia tra indifferenza e sollecitudine, tra ingiustizia e verit\u00e0.<\/span><\/span><\/p>\n<h3 data-path-to-node=\"7\"><b data-path-to-node=\"7\" data-index-in-node=\"0\"><span dir=\"auto\" style=\"vertical-align: inherit\"><span dir=\"auto\" style=\"vertical-align: inherit\">Le vere armi per la pace<\/span><\/span><\/b><\/h3>\n<p data-path-to-node=\"8\"><span dir=\"auto\" style=\"vertical-align: inherit\"><span dir=\"auto\" style=\"vertical-align: inherit\">In contrasto con la logica degli armamenti, il Papa invita a riorientare gli sforzi e le risorse globali verso lo sviluppo umano integrale, la lotta alla povert\u00e0 e il risanamento degli ecosistemi. Gli strumenti efficaci per trasformare la storia, afferma il testo, non sono le armi da fuoco, ma il dialogo, la pazienza, la giustizia, la misericordia e la cura reciproca.<\/span><\/span><\/p>\n<p data-path-to-node=\"9\"><span dir=\"auto\" style=\"vertical-align: inherit\"><span dir=\"auto\" style=\"vertical-align: inherit\">Con un invito a passare &#8220;dal deserto al giardino&#8221;, Leone XIV conclude esortando la comunit\u00e0 internazionale e ogni singolo individuo a coltivare la pace a partire dalla sfera personale, ricordando che la salvaguardia della casa comune inizia con un riordino delle priorit\u00e0 e dei desideri dell&#8217;anima.<\/span><\/span><\/p>\n<p data-path-to-node=\"9\"><em><strong><span dir=\"auto\" style=\"vertical-align: inherit\"><span dir=\"auto\" style=\"vertical-align: inherit\">Testo integrale del messaggio:<\/span><\/span><\/strong><\/em><\/p>\n<div class=\"abstract text parbase vaticanrichtext\">\n<div class=\"abstract text parbase vaticanrichtext\">\n<p><span class=\"color-text\">MESSAGGIO DI SUA SANTIT\u00c0<b><br \/>\nPAPA LEONE XIV<\/b><\/span><b><br \/>\n<span class=\"title-1-color\">PER LA XI GIORNATA MONDIALE DI PREGHIERA<br \/>\nPER LA CURA DEL CREATO 2026<\/span><\/b><\/p>\n<p><span class=\"color-text\">(1\u00b0 settembre 2026)<\/span><\/p>\n<p>_______________________<\/p>\n<div class=\"clearfix\"><\/div>\n<\/div>\n<div class=\"text parbase vaticanrichtext\">\n<p><i><b>\u201cForgeranno le loro spade in vomeri<br \/>\n<\/b><\/i><b><i>e le loro lance in falci\u201d (Is 2,4)<\/i><\/b><\/p>\n<p><i><b><\/b><br \/>\nCari fratelli e sorelle<\/i>,<\/p>\n<p>nostro Signore Ges\u00f9 Cristo \u00e8 venuto nel mondo<b>\u00a0<\/b>perch\u00e9 abbiamo la vita e l\u2019abbiamo in abbondanza (cfr\u00a0<i>Gv<\/i>\u00a010,10). Tale dono \u00e8 al centro stesso della nostra missione di discepoli e della nostra vocazione comune a costruire una civilt\u00e0 dell\u2019amore. Mentre celebriamo questa\u00a0<i>Giornata mondiale di preghiera per la cura del creato<\/i>, siamo invitati ancora una volta a contemplare il dono della vita e ad avere a cuore la terra che la sostiene, rendendo cos\u00ec concretamente lode al nostro Creatore.<\/p>\n<p>Siamo testimoni, oggi, di varie crisi e di tanta sofferenza umana. Al tempo stesso, sembra che si stia accelerando la distruzione dell\u2019equilibrio armonioso della creazione. Questi fenomeni non sono slegati; costituiscono un\u2019unica invocazione di guarigione e di pace che sale da un mondo ferito.<\/p>\n<p>Il Dio della vita, che si \u00e8 rivelato in Ges\u00f9 Cristo, offre una pace che il mondo non pu\u00f2 dare: \u00abVi lascio la pace, vi do la mia pace\u00bb (<i>Gv<\/i>\u00a014,27). Essa non \u00e8 n\u00e9 superficiale n\u00e9 fugace; scaturisce dall\u2019amore perenne di Cristo e dalla sua cura per ogni persona umana.<\/p>\n<p>Eppure questa promessa di pace \u00e8 in netto contrasto con le realt\u00e0 che vediamo in varie parti del mondo. Il profeta Isaia ha parlato di un tempo in cui le nazioni \u00abspezzeranno le loro spade e ne faranno aratri\u00bb (<i>Is<\/i>\u00a02,4), trasformando ci\u00f2 che distrugge la vita in qualcosa che la sostiene. Oggi, per\u00f2, vediamo troppo spesso accadere l\u2019esatto contrario, mentre gli sforzi continuano a essere orientati alla violenza e alla guerra.<\/p>\n<p>La guerra produce ferite che vanno ben oltre il campo di battaglia. Miete vittime, lacera famiglie e costringe milioni di persone a lasciare le proprie case, alimentando paura, ingiustizia e divisione (cfr Conc. Ecum. Vat. II, Cost. past.\u00a0<i><a href=\"https:\/\/www.vatican.va\/archive\/hist_councils\/ii_vatican_council\/documents\/vat-ii_const_19651207_gaudium-et-spes_it.html#77\">Gaudium et spes<\/a><\/i>, 77-82); lascia dietro di s\u00e9 una distruzione sociale ed ecologica che dura per generazioni. L\u2019interazione tra conflitti armati e degrado ambientale, inoltre, crea spesso un circolo vizioso che distrugge gli ecosistemi, contamina risorse essenziali come l\u2019aria e l\u2019acqua e mina la sicurezza alimentare. Il che alimenta povert\u00e0, disuguaglianza e nuove tensioni sociali, che possono contribuire, a loro volta, all\u2019insorgere di ulteriori conflitti.<\/p>\n<p>Per di pi\u00f9, la guerra infligge ferite che danneggiano l\u2019intero tessuto vitale, colpendo non solo le singole persone e le comunit\u00e0, ma anche la loro pi\u00f9 ampia rete di relazioni con l\u2019intera famiglia umana, e la loro armonia con il creato. Essa rivela un fallimento profondo nel vivere a immagine e somiglianza di Dio, nel rispettare la vita e nel prendersi cura della terra che ci \u00e8 affidata. Non \u00e8 solo un fallimento politico, ma anche morale e spirituale. Radicata in desideri distorti e in un uso sbagliato della libert\u00e0 e del potere umani, la guerra si erge a contro-testimonianza del Vangelo della pace.<\/p>\n<p>Le crisi menzionate richiedono, oltre che responsabilit\u00e0, anche una conversione del cuore, che fruttifichi in una pi\u00f9 profonda fedelt\u00e0 a Dio, in amore reciproco e in rispetto per il dono del creato. Di fatto, le disarmonie che vediamo nel mondo, come la violenza, l\u2019ingiustizia e il degrado ecologico, non sono semplicemente il risultato di sistemi o strutture imperfetti; essi \u00absi collegano con quel pi\u00f9 profondo squilibrio che \u00e8 radicato nel cuore dell\u2019uomo\u00bb (<i><a href=\"https:\/\/www.vatican.va\/archive\/hist_councils\/ii_vatican_council\/documents\/vat-ii_const_19651207_gaudium-et-spes_it.html#10\">ibid<\/a>.<\/i>, 10). In realt\u00e0, \u00e8 il cuore umano il luogo in cui si svolgono le lotte pi\u00f9 profonde e in cui si rivela la nostra condizione decaduta. Esso, oltre che la sede delle emozioni, \u00e8 il centro della persona, in cui convergono ragione, desiderio, volont\u00e0 e coscienza. \u00c8 l\u00ec che combattiamo con le voglie contraddittorie che ci abitano, amore e indifferenza, verit\u00e0 e illusione, giustizia e ingiustizia (cfr\u00a0<i>Gc<\/i>\u00a01,14-15). Le ferite della guerra e il degrado della terra, perci\u00f2, sono profondamente legati alla condizione del cuore umano. I conflitti che tormentano l\u2019umanit\u00e0 sono per molti versi espressione esteriore di contrasti e divisioni interiori. Quando il cuore \u00e8 traviato, le relazioni ne soffrono e le strutture che costruiamo cominciano a riflettere tale disordine.<\/p>\n<p><a href=\"https:\/\/www.vatican.va\/content\/benedict-xvi\/it.html\">Papa Benedetto XVI<\/a>\u00a0ci ha ricordato che \u00abi deserti esteriori si moltiplicano nel mondo, perch\u00e9 i deserti interiori sono diventati cos\u00ec ampi\u00bb (<i><a href=\"https:\/\/www.vatican.va\/content\/benedict-xvi\/it\/homilies\/2005\/documents\/hf_ben-xvi_hom_20050424_inizio-pontificato.html\">Omelia per l\u2019Inizio del Ministero Petrino<\/a><\/i>, 24 aprile 2005). Il che ci invita a riconoscere che, in qualche maniera, ci\u00f2 che \u00e8 spezzato attorno a noi lo \u00e8 anche dentro di noi. Per questo motivo, per costruire una societ\u00e0 pacifica, non dobbiamo solo riformare le strutture, ma anche rinnovare i nostri cuori. Le cause pi\u00f9 radicali di conflitto e lo sfruttamento del creato sono conseguenze di una crisi etica e culturale che include la perdita del senso del limite, il desiderio di dominio, la ricerca di profitto immediato e l\u2019incapacit\u00e0 di riconoscere la dignit\u00e0 che Dio ha donato a ogni persona umana.<\/p>\n<p>La chiamata profetica a \u201cforgiare le spade in vomeri\u201d (cfr\u00a0<i>Is<\/i>\u00a02,4) non \u00e8 quindi solo un sogno per le nazioni, ma un appello rivolto a ogni persona. Ci invita a trasformare ci\u00f2 che \u00e8 male in vita. Tuttavia questa trasformazione non pu\u00f2 essere realizzata soltanto attraverso un cambiamento esteriore. Essa richiede, in cooperazione con la grazia di Dio, una conversione pi\u00f9 profonda, sia personale che collettiva: un ritorno al Signore, che riporter\u00e0 ordine nei nostri desideri, guarir\u00e0 le nostre ferite e ci aiuter\u00e0 a crescere nella virt\u00f9.<\/p>\n<p>Senza questa trasformazione interiore, la pace rimane fragile e di breve durata. Ma dove i cuori si rinnovano, si cominciano ad aprire nuove possibilit\u00e0. Ci\u00f2 che \u00e8 stato usato per la distruzione pu\u00f2 essere reindirizzato verso la vita, per la cura dei poveri, il nutrimento degli affamati e la salvaguardia del creato. Questo \u00e8 il cammino di un\u2019autentica conversione ecologica, in cui gli effetti dell\u2019incontro con Ges\u00f9 Cristo si manifestano con evidenza nel rapporto con il mondo che ci circonda (cfr Francesco, Lett. enc.\u00a0<i><a href=\"https:\/\/www.vatican.va\/content\/francesco\/it\/encyclicals\/documents\/papa-francesco_20150524_enciclica-laudato-si.html#217.\">Laudato si\u2019<\/a><\/i>, 217). La pace, quindi, comincia nel cuore e si riflette all\u2019esterno nelle nostre relazioni, nelle comunit\u00e0 e pi\u00f9 ampiamente nel mondo.<\/p>\n<p>Sebbene le sfide che ci attendono siano enormi, il Signore non ci lascia privi dei mezzi di guarigione e di trasformazione. Al posto delle armi da guerra, il Dio della pace ci dona la forza di guarire, riconciliare e costruire una civilt\u00e0 dell\u2019amore. In questo modo siamo chiamati a tutelare i molti \u201cecosistemi\u201d che ci sono stati affidati: del creato, delle relazioni umane e del cuore stesso dell\u2019uomo.<\/p>\n<p>Immaginiamo un mondo in cui le energie attualmente impiegate nella guerra siano destinate allo sviluppo umano integrale, al superamento della povert\u00e0, alla difesa della dignit\u00e0 umana e alla riconciliazione tra i popoli divisi. Una visione del genere riflette la fede nell\u2019avvento del Regno di Dio.<\/p>\n<p>I veri strumenti per costruire la pace non sono le armi di distruzione, ma piuttosto la verit\u00e0, il dialogo, la pazienza, la bont\u00e0, la giustizia, la misericordia, la comprensione, la cura e l\u2019amore. Questi scaturiscono da cuori plasmati dal Vangelo e sostenuti dalla grazia di Dio. Solo queste qualit\u00e0 hanno il potere di trasformare gli individui, rinnovare le comunit\u00e0 e guarire le ferite del nostro mondo.<\/p>\n<p>Cari fratelli e sorelle, il cammino che abbiamo davanti \u00e8 chiaro, seppure non facile. Siamo chiamati a lasciare che i nostri cuori siano rinnovati, perch\u00e9 possiamo cercare la pace e prenderci cura del creato. La Scrittura ci raccomanda di custodire i nostri cuori, poich\u00e9 \u00e8 da essi che sgorga tutto ci\u00f2 che facciamo (cfr\u00a0<i>Pr<\/i>\u00a04,23).<\/p>\n<p>Se ci assumiamo questo compito con umilt\u00e0 e fede, diventeremo collaboratori nell\u2019opera di rinnovamento di Dio. Passeremo, lentamente ma inesorabilmente, dal deserto al giardino, dalla divisione alla comunione e dalla violenza alla pace.<\/p>\n<p>Il Signore ci dia il coraggio di percorrere questa via, perch\u00e9 in questo nostro tempo le \u201cspade\u201d siano realmente \u201cforgiate in vomeri\u201d, la promessa del Vangelo si radichi pi\u00f9 profondamente nel nostro mondo e la pace di Cristo regni su tutto il creato.<\/p>\n<p><i>Dal Vaticano, 15 agosto 2026, Assunzione della B.V. Maria.<\/i><\/p>\n<p>&nbsp;<\/p>\n<p>LEONE PP. XIV<\/p>\n<\/div>\n<\/div>\n","protected":false},"excerpt":{"rendered":"<p>MESSAGGIO DI SUA SANTIT\u00c0 PAPA LEONE XIV IN OCCASIONE DELL&#8217;UNDICESIMA GIORNATA MONDIALE DI PREGHIERA PER LA CURA DEL CREATO 2026. 1\u00b0 settembre 2026<\/p>\n","protected":false},"author":17,"featured_media":183467,"comment_status":"closed","ping_status":"closed","sticky":false,"template":"","format":"standard","meta":{"_acf_changed":false,"inline_featured_image":false,"_wpcom_ai_launchpad_first_post":false,"footnotes":"","jetpack_post_was_ever_published":false},"categories":[67,117],"tags":[121232,64851,121234,121233,64910,121235,114687,121236,98604,4952,105233,121237],"class_list":["post-183502","post","type-post","status-publish","format-standard","has-post-thumbnail","hentry","category-leone-xiv","category-messaggi","tag-agenda-del-santo-padre-spagna-2026","tag-featured-it-2","tag-gran-canaria","tag-itinerario-papale-isole-canarie","tag-leone-xiv-it","tag-leone-xiv-a-montserrat","tag-papa-leone-xiv-in-spagna","tag-pellegrinaggio-a-santiago-de-compostela","tag-tenerife-2","tag-trending-it","tag-viaggio-del-papa-a-madrid","tag-visita-papale-alla-sagrada-familia-di-barcellona"],"acf":[],"yoast_head":"<!-- This site is optimized with the Yoast SEO plugin v28.4 - https:\/\/yoast.com\/product\/yoast-seo-wordpress\/ -->\n<title>Disarmare il cuore per guarire la Terra: il potente appello di Papa Leone XIV &#8211; Exaudi<\/title>\n<meta name=\"robots\" content=\"index, follow, max-snippet:-1, max-image-preview:large, max-video-preview:-1\" \/>\n<link rel=\"canonical\" href=\"https:\/\/exaudi.org\/it\/disarmare-il-cuore-per-guarire-la-terra-il-potente-appello-di-papa-leone-xiv\/\" \/>\n<meta property=\"og:locale\" content=\"it_IT\" \/>\n<meta property=\"og:type\" content=\"article\" \/>\n<meta property=\"og:title\" content=\"Disarmare il cuore per guarire la Terra: il potente appello di Papa Leone XIV &#8211; Exaudi\" \/>\n<meta property=\"og:description\" content=\"MESSAGGIO DI SUA SANTIT\u00c0 PAPA LEONE XIV IN OCCASIONE DELL&#039;UNDICESIMA GIORNATA MONDIALE DI PREGHIERA PER LA CURA DEL CREATO 2026. 1\u00b0 settembre 2026\" \/>\n<meta property=\"og:url\" content=\"https:\/\/exaudi.org\/it\/disarmare-il-cuore-per-guarire-la-terra-il-potente-appello-di-papa-leone-xiv\/\" \/>\n<meta property=\"og:site_name\" content=\"Exaudi\" \/>\n<meta property=\"article:publisher\" content=\"https:\/\/www.facebook.com\/ExaudiNews\" \/>\n<meta property=\"article:author\" content=\"https:\/\/www.facebook.com\/ExaudiNotizie\/\" \/>\n<meta property=\"article:published_time\" content=\"2026-09-01T14:45:30+00:00\" \/>\n<meta property=\"og:image\" content=\"https:\/\/exaudi.org\/wp-content\/uploads\/2026\/09\/CASTEL-GANDOLFO-GARDEN-POPE-LEO-AP25248550460097.jpg\" \/>\n\t<meta property=\"og:image:width\" content=\"1200\" \/>\n\t<meta property=\"og:image:height\" content=\"675\" \/>\n\t<meta property=\"og:image:type\" content=\"image\/jpeg\" \/>\n<meta name=\"author\" content=\"Exaudi Redazione\" \/>\n<meta name=\"twitter:card\" content=\"summary_large_image\" \/>\n<meta name=\"twitter:creator\" content=\"@Exaudi_Notizie\" \/>\n<meta name=\"twitter:site\" content=\"@Exaudi_News\" \/>\n<meta name=\"twitter:label1\" content=\"Scritto da\" \/>\n\t<meta name=\"twitter:data1\" content=\"Exaudi Redazione\" \/>\n\t<meta name=\"twitter:label2\" content=\"Tempo di lettura stimato\" \/>\n\t<meta name=\"twitter:data2\" content=\"9 minuti\" \/>\n<script type=\"application\/ld+json\" class=\"yoast-schema-graph\">{\"@context\":\"https:\\\/\\\/schema.org\",\"@graph\":[{\"@type\":\"Article\",\"@id\":\"https:\\\/\\\/exaudi.org\\\/it\\\/disarmare-il-cuore-per-guarire-la-terra-il-potente-appello-di-papa-leone-xiv\\\/#article\",\"isPartOf\":{\"@id\":\"https:\\\/\\\/exaudi.org\\\/it\\\/disarmare-il-cuore-per-guarire-la-terra-il-potente-appello-di-papa-leone-xiv\\\/\"},\"author\":{\"name\":\"Exaudi Redazione\",\"@id\":\"https:\\\/\\\/exaudi.org\\\/#\\\/schema\\\/person\\\/e1ab6ed07c01774724dd96f925f3a5f0\"},\"headline\":\"Disarmare il cuore per guarire la Terra: il potente appello di Papa Leone XIV\",\"datePublished\":\"2026-09-01T14:45:30+00:00\",\"mainEntityOfPage\":{\"@id\":\"https:\\\/\\\/exaudi.org\\\/it\\\/disarmare-il-cuore-per-guarire-la-terra-il-potente-appello-di-papa-leone-xiv\\\/\"},\"wordCount\":1741,\"image\":{\"@id\":\"https:\\\/\\\/exaudi.org\\\/it\\\/disarmare-il-cuore-per-guarire-la-terra-il-potente-appello-di-papa-leone-xiv\\\/#primaryimage\"},\"thumbnailUrl\":\"https:\\\/\\\/i0.wp.com\\\/exaudi.org\\\/wp-content\\\/uploads\\\/2026\\\/09\\\/CASTEL-GANDOLFO-GARDEN-POPE-LEO-AP25248550460097.jpg?fit=1200%2C675&ssl=1\",\"keywords\":[\"Agenda del Santo Padre: Spagna 2026\",\"Featured\",\"Gran Canaria\",\"Itinerario Papale: Isole Canarie\",\"Leone XIV\",\"Leone XIV a Montserrat\",\"Papa Leone XIV in Spagna\",\"Pellegrinaggio a Santiago de Compostela\",\"Tenerife\",\"Trending\",\"Viaggio del Papa a Madrid\",\"Visita Papale alla Sagrada Familia di Barcellona\"],\"articleSection\":[\"Leone XIV\",\"Messaggi\"],\"inLanguage\":\"it-IT\"},{\"@type\":\"WebPage\",\"@id\":\"https:\\\/\\\/exaudi.org\\\/it\\\/disarmare-il-cuore-per-guarire-la-terra-il-potente-appello-di-papa-leone-xiv\\\/\",\"url\":\"https:\\\/\\\/exaudi.org\\\/it\\\/disarmare-il-cuore-per-guarire-la-terra-il-potente-appello-di-papa-leone-xiv\\\/\",\"name\":\"Disarmare il cuore per guarire la Terra: il potente appello di Papa Leone XIV &#8211; Exaudi\",\"isPartOf\":{\"@id\":\"https:\\\/\\\/exaudi.org\\\/#website\"},\"primaryImageOfPage\":{\"@id\":\"https:\\\/\\\/exaudi.org\\\/it\\\/disarmare-il-cuore-per-guarire-la-terra-il-potente-appello-di-papa-leone-xiv\\\/#primaryimage\"},\"image\":{\"@id\":\"https:\\\/\\\/exaudi.org\\\/it\\\/disarmare-il-cuore-per-guarire-la-terra-il-potente-appello-di-papa-leone-xiv\\\/#primaryimage\"},\"thumbnailUrl\":\"https:\\\/\\\/i0.wp.com\\\/exaudi.org\\\/wp-content\\\/uploads\\\/2026\\\/09\\\/CASTEL-GANDOLFO-GARDEN-POPE-LEO-AP25248550460097.jpg?fit=1200%2C675&ssl=1\",\"datePublished\":\"2026-09-01T14:45:30+00:00\",\"author\":{\"@id\":\"https:\\\/\\\/exaudi.org\\\/#\\\/schema\\\/person\\\/e1ab6ed07c01774724dd96f925f3a5f0\"},\"breadcrumb\":{\"@id\":\"https:\\\/\\\/exaudi.org\\\/it\\\/disarmare-il-cuore-per-guarire-la-terra-il-potente-appello-di-papa-leone-xiv\\\/#breadcrumb\"},\"inLanguage\":\"it-IT\",\"potentialAction\":[{\"@type\":\"ReadAction\",\"target\":[\"https:\\\/\\\/exaudi.org\\\/it\\\/disarmare-il-cuore-per-guarire-la-terra-il-potente-appello-di-papa-leone-xiv\\\/\"]}]},{\"@type\":\"ImageObject\",\"inLanguage\":\"it-IT\",\"@id\":\"https:\\\/\\\/exaudi.org\\\/it\\\/disarmare-il-cuore-per-guarire-la-terra-il-potente-appello-di-papa-leone-xiv\\\/#primaryimage\",\"url\":\"https:\\\/\\\/i0.wp.com\\\/exaudi.org\\\/wp-content\\\/uploads\\\/2026\\\/09\\\/CASTEL-GANDOLFO-GARDEN-POPE-LEO-AP25248550460097.jpg?fit=1200%2C675&ssl=1\",\"contentUrl\":\"https:\\\/\\\/i0.wp.com\\\/exaudi.org\\\/wp-content\\\/uploads\\\/2026\\\/09\\\/CASTEL-GANDOLFO-GARDEN-POPE-LEO-AP25248550460097.jpg?fit=1200%2C675&ssl=1\",\"width\":1200,\"height\":675,\"caption\":\"Cr\u00e9dito: Filippo Monteforte \\\/ Pool via AP\"},{\"@type\":\"BreadcrumbList\",\"@id\":\"https:\\\/\\\/exaudi.org\\\/it\\\/disarmare-il-cuore-per-guarire-la-terra-il-potente-appello-di-papa-leone-xiv\\\/#breadcrumb\",\"itemListElement\":[{\"@type\":\"ListItem\",\"position\":1,\"name\":\"Portada\",\"item\":\"https:\\\/\\\/exaudi.org\\\/it\\\/\"},{\"@type\":\"ListItem\",\"position\":2,\"name\":\"Disarmare il cuore per guarire la Terra: il potente appello di Papa Leone XIV\"}]},{\"@type\":\"WebSite\",\"@id\":\"https:\\\/\\\/exaudi.org\\\/#website\",\"url\":\"https:\\\/\\\/exaudi.org\\\/\",\"name\":\"Exaudi\",\"description\":\"News\",\"potentialAction\":[{\"@type\":\"SearchAction\",\"target\":{\"@type\":\"EntryPoint\",\"urlTemplate\":\"https:\\\/\\\/exaudi.org\\\/?s={search_term_string}\"},\"query-input\":{\"@type\":\"PropertyValueSpecification\",\"valueRequired\":true,\"valueName\":\"search_term_string\"}}],\"inLanguage\":\"it-IT\"},{\"@type\":\"Person\",\"@id\":\"https:\\\/\\\/exaudi.org\\\/#\\\/schema\\\/person\\\/e1ab6ed07c01774724dd96f925f3a5f0\",\"name\":\"Exaudi Redazione\",\"image\":{\"@type\":\"ImageObject\",\"inLanguage\":\"it-IT\",\"@id\":\"https:\\\/\\\/secure.gravatar.com\\\/avatar\\\/ad6774b3ada023bf5b939d64f45c94b3adf91502dd883507d469b4308a943bb3?s=96&d=mm&r=g\",\"url\":\"https:\\\/\\\/secure.gravatar.com\\\/avatar\\\/ad6774b3ada023bf5b939d64f45c94b3adf91502dd883507d469b4308a943bb3?s=96&d=mm&r=g\",\"contentUrl\":\"https:\\\/\\\/secure.gravatar.com\\\/avatar\\\/ad6774b3ada023bf5b939d64f45c94b3adf91502dd883507d469b4308a943bb3?s=96&d=mm&r=g\",\"caption\":\"Exaudi Redazione\"},\"description\":\"Che cosa \u00e8 Exaudi News? Exaudi News \u00e8 un agenzia cattolica internazionale che informa, istruisce e trasforma quotidianamente in spagnolo, inglese e italiano. Attraverso notizie, articoli di analisi e trasmissioni in diretta degli eventi del Papa, Exaudi cerca di rafforzare l'unit\u00e0 dei cristiani e di contribuire all'evangelizzazione del mondo, sempre guidato dalla dottrina sociale della Chiesa. Lavoriamo per portare la verit\u00e0 e i valori cristiani in ogni angolo del pianeta. Aiutaci a trasformare il mondo con Exaudi! Noi di Exaudi crediamo che l'evangelizzazione e l'informazione di qualit\u00e0 possano cambiare la vita. Per continuare la nostra missione ed espandere la nostra portata, abbiamo bisogno del tuo aiuto. Stiamo anche cercando persone motivate che vogliano unirsi al nostro team. Grazie al vostro sostegno raggiungeremo pi\u00f9 persone, diffonderemo il messaggio di Cristo e rafforzeremo l'unit\u00e0 dei cristiani. Vuoi unirti alla nostra missione? Per maggiori informazioni su come contribuire, visita Exaudi.org\\\/it o contattaci direttamente: info@exaudi.org Exaudi: informa, forma e trasforma.\",\"sameAs\":[\"https:\\\/\\\/www.facebook.com\\\/ExaudiNotizie\\\/\",\"https:\\\/\\\/www.instagram.com\\\/Exaudi_notizie\\\/\",\"https:\\\/\\\/x.com\\\/Exaudi_Notizie\",\"https:\\\/\\\/www.youtube.com\\\/@exaudicatholicnews\"],\"url\":\"https:\\\/\\\/exaudi.org\\\/it\\\/author\\\/dlvedi-org\\\/\"}]}<\/script>\n<!-- \/ Yoast SEO plugin. -->","yoast_head_json":{"title":"Disarmare il cuore per guarire la Terra: il potente appello di Papa Leone XIV &#8211; Exaudi","robots":{"index":"index","follow":"follow","max-snippet":"max-snippet:-1","max-image-preview":"max-image-preview:large","max-video-preview":"max-video-preview:-1"},"canonical":"https:\/\/exaudi.org\/it\/disarmare-il-cuore-per-guarire-la-terra-il-potente-appello-di-papa-leone-xiv\/","og_locale":"it_IT","og_type":"article","og_title":"Disarmare il cuore per guarire la Terra: il potente appello di Papa Leone XIV &#8211; Exaudi","og_description":"MESSAGGIO DI SUA SANTIT\u00c0 PAPA LEONE XIV IN OCCASIONE DELL'UNDICESIMA GIORNATA MONDIALE DI PREGHIERA PER LA CURA DEL CREATO 2026. 1\u00b0 settembre 2026","og_url":"https:\/\/exaudi.org\/it\/disarmare-il-cuore-per-guarire-la-terra-il-potente-appello-di-papa-leone-xiv\/","og_site_name":"Exaudi","article_publisher":"https:\/\/www.facebook.com\/ExaudiNews","article_author":"https:\/\/www.facebook.com\/ExaudiNotizie\/","article_published_time":"2026-09-01T14:45:30+00:00","og_image":[{"width":1200,"height":675,"url":"https:\/\/exaudi.org\/wp-content\/uploads\/2026\/09\/CASTEL-GANDOLFO-GARDEN-POPE-LEO-AP25248550460097.jpg","type":"image\/jpeg"}],"author":"Exaudi Redazione","twitter_card":"summary_large_image","twitter_creator":"@Exaudi_Notizie","twitter_site":"@Exaudi_News","twitter_misc":{"Scritto da":"Exaudi Redazione","Tempo di lettura stimato":"9 minuti"},"schema":{"@context":"https:\/\/schema.org","@graph":[{"@type":"Article","@id":"https:\/\/exaudi.org\/it\/disarmare-il-cuore-per-guarire-la-terra-il-potente-appello-di-papa-leone-xiv\/#article","isPartOf":{"@id":"https:\/\/exaudi.org\/it\/disarmare-il-cuore-per-guarire-la-terra-il-potente-appello-di-papa-leone-xiv\/"},"author":{"name":"Exaudi Redazione","@id":"https:\/\/exaudi.org\/#\/schema\/person\/e1ab6ed07c01774724dd96f925f3a5f0"},"headline":"Disarmare il cuore per guarire la Terra: il potente appello di Papa Leone XIV","datePublished":"2026-09-01T14:45:30+00:00","mainEntityOfPage":{"@id":"https:\/\/exaudi.org\/it\/disarmare-il-cuore-per-guarire-la-terra-il-potente-appello-di-papa-leone-xiv\/"},"wordCount":1741,"image":{"@id":"https:\/\/exaudi.org\/it\/disarmare-il-cuore-per-guarire-la-terra-il-potente-appello-di-papa-leone-xiv\/#primaryimage"},"thumbnailUrl":"https:\/\/i0.wp.com\/exaudi.org\/wp-content\/uploads\/2026\/09\/CASTEL-GANDOLFO-GARDEN-POPE-LEO-AP25248550460097.jpg?fit=1200%2C675&ssl=1","keywords":["Agenda del Santo Padre: Spagna 2026","Featured","Gran Canaria","Itinerario Papale: Isole Canarie","Leone XIV","Leone XIV a Montserrat","Papa Leone XIV in Spagna","Pellegrinaggio a Santiago de Compostela","Tenerife","Trending","Viaggio del Papa a Madrid","Visita Papale alla Sagrada Familia di Barcellona"],"articleSection":["Leone XIV","Messaggi"],"inLanguage":"it-IT"},{"@type":"WebPage","@id":"https:\/\/exaudi.org\/it\/disarmare-il-cuore-per-guarire-la-terra-il-potente-appello-di-papa-leone-xiv\/","url":"https:\/\/exaudi.org\/it\/disarmare-il-cuore-per-guarire-la-terra-il-potente-appello-di-papa-leone-xiv\/","name":"Disarmare il cuore per guarire la Terra: il potente appello di Papa Leone XIV &#8211; Exaudi","isPartOf":{"@id":"https:\/\/exaudi.org\/#website"},"primaryImageOfPage":{"@id":"https:\/\/exaudi.org\/it\/disarmare-il-cuore-per-guarire-la-terra-il-potente-appello-di-papa-leone-xiv\/#primaryimage"},"image":{"@id":"https:\/\/exaudi.org\/it\/disarmare-il-cuore-per-guarire-la-terra-il-potente-appello-di-papa-leone-xiv\/#primaryimage"},"thumbnailUrl":"https:\/\/i0.wp.com\/exaudi.org\/wp-content\/uploads\/2026\/09\/CASTEL-GANDOLFO-GARDEN-POPE-LEO-AP25248550460097.jpg?fit=1200%2C675&ssl=1","datePublished":"2026-09-01T14:45:30+00:00","author":{"@id":"https:\/\/exaudi.org\/#\/schema\/person\/e1ab6ed07c01774724dd96f925f3a5f0"},"breadcrumb":{"@id":"https:\/\/exaudi.org\/it\/disarmare-il-cuore-per-guarire-la-terra-il-potente-appello-di-papa-leone-xiv\/#breadcrumb"},"inLanguage":"it-IT","potentialAction":[{"@type":"ReadAction","target":["https:\/\/exaudi.org\/it\/disarmare-il-cuore-per-guarire-la-terra-il-potente-appello-di-papa-leone-xiv\/"]}]},{"@type":"ImageObject","inLanguage":"it-IT","@id":"https:\/\/exaudi.org\/it\/disarmare-il-cuore-per-guarire-la-terra-il-potente-appello-di-papa-leone-xiv\/#primaryimage","url":"https:\/\/i0.wp.com\/exaudi.org\/wp-content\/uploads\/2026\/09\/CASTEL-GANDOLFO-GARDEN-POPE-LEO-AP25248550460097.jpg?fit=1200%2C675&ssl=1","contentUrl":"https:\/\/i0.wp.com\/exaudi.org\/wp-content\/uploads\/2026\/09\/CASTEL-GANDOLFO-GARDEN-POPE-LEO-AP25248550460097.jpg?fit=1200%2C675&ssl=1","width":1200,"height":675,"caption":"Cr\u00e9dito: Filippo Monteforte \/ Pool via AP"},{"@type":"BreadcrumbList","@id":"https:\/\/exaudi.org\/it\/disarmare-il-cuore-per-guarire-la-terra-il-potente-appello-di-papa-leone-xiv\/#breadcrumb","itemListElement":[{"@type":"ListItem","position":1,"name":"Portada","item":"https:\/\/exaudi.org\/it\/"},{"@type":"ListItem","position":2,"name":"Disarmare il cuore per guarire la Terra: il potente appello di Papa Leone XIV"}]},{"@type":"WebSite","@id":"https:\/\/exaudi.org\/#website","url":"https:\/\/exaudi.org\/","name":"Exaudi","description":"News","potentialAction":[{"@type":"SearchAction","target":{"@type":"EntryPoint","urlTemplate":"https:\/\/exaudi.org\/?s={search_term_string}"},"query-input":{"@type":"PropertyValueSpecification","valueRequired":true,"valueName":"search_term_string"}}],"inLanguage":"it-IT"},{"@type":"Person","@id":"https:\/\/exaudi.org\/#\/schema\/person\/e1ab6ed07c01774724dd96f925f3a5f0","name":"Exaudi Redazione","image":{"@type":"ImageObject","inLanguage":"it-IT","@id":"https:\/\/secure.gravatar.com\/avatar\/ad6774b3ada023bf5b939d64f45c94b3adf91502dd883507d469b4308a943bb3?s=96&d=mm&r=g","url":"https:\/\/secure.gravatar.com\/avatar\/ad6774b3ada023bf5b939d64f45c94b3adf91502dd883507d469b4308a943bb3?s=96&d=mm&r=g","contentUrl":"https:\/\/secure.gravatar.com\/avatar\/ad6774b3ada023bf5b939d64f45c94b3adf91502dd883507d469b4308a943bb3?s=96&d=mm&r=g","caption":"Exaudi Redazione"},"description":"Che cosa \u00e8 Exaudi News? Exaudi News \u00e8 un agenzia cattolica internazionale che informa, istruisce e trasforma quotidianamente in spagnolo, inglese e italiano. Attraverso notizie, articoli di analisi e trasmissioni in diretta degli eventi del Papa, Exaudi cerca di rafforzare l'unit\u00e0 dei cristiani e di contribuire all'evangelizzazione del mondo, sempre guidato dalla dottrina sociale della Chiesa. Lavoriamo per portare la verit\u00e0 e i valori cristiani in ogni angolo del pianeta. Aiutaci a trasformare il mondo con Exaudi! Noi di Exaudi crediamo che l'evangelizzazione e l'informazione di qualit\u00e0 possano cambiare la vita. Per continuare la nostra missione ed espandere la nostra portata, abbiamo bisogno del tuo aiuto. Stiamo anche cercando persone motivate che vogliano unirsi al nostro team. Grazie al vostro sostegno raggiungeremo pi\u00f9 persone, diffonderemo il messaggio di Cristo e rafforzeremo l'unit\u00e0 dei cristiani. Vuoi unirti alla nostra missione? Per maggiori informazioni su come contribuire, visita Exaudi.org\/it o contattaci direttamente: info@exaudi.org Exaudi: informa, forma e trasforma.","sameAs":["https:\/\/www.facebook.com\/ExaudiNotizie\/","https:\/\/www.instagram.com\/Exaudi_notizie\/","https:\/\/x.com\/Exaudi_Notizie","https:\/\/www.youtube.com\/@exaudicatholicnews"],"url":"https:\/\/exaudi.org\/it\/author\/dlvedi-org\/"}]}},"jetpack_shortlink":"https:\/\/wp.me\/pgKjF2-LJI","jetpack_featured_media_url":"https:\/\/i0.wp.com\/exaudi.org\/wp-content\/uploads\/2026\/09\/CASTEL-GANDOLFO-GARDEN-POPE-LEO-AP25248550460097.jpg?fit=1200%2C675&ssl=1","_links":{"self":[{"href":"https:\/\/exaudi.org\/it\/wp-json\/wp\/v2\/posts\/183502","targetHints":{"allow":["GET"]}}],"collection":[{"href":"https:\/\/exaudi.org\/it\/wp-json\/wp\/v2\/posts"}],"about":[{"href":"https:\/\/exaudi.org\/it\/wp-json\/wp\/v2\/types\/post"}],"author":[{"embeddable":true,"href":"https:\/\/exaudi.org\/it\/wp-json\/wp\/v2\/users\/17"}],"replies":[{"embeddable":true,"href":"https:\/\/exaudi.org\/it\/wp-json\/wp\/v2\/comments?post=183502"}],"version-history":[{"count":8,"href":"https:\/\/exaudi.org\/it\/wp-json\/wp\/v2\/posts\/183502\/revisions"}],"predecessor-version":[{"id":183510,"href":"https:\/\/exaudi.org\/it\/wp-json\/wp\/v2\/posts\/183502\/revisions\/183510"}],"wp:featuredmedia":[{"embeddable":true,"href":"https:\/\/exaudi.org\/it\/wp-json\/wp\/v2\/media\/183467"}],"wp:attachment":[{"href":"https:\/\/exaudi.org\/it\/wp-json\/wp\/v2\/media?parent=183502"}],"wp:term":[{"taxonomy":"category","embeddable":true,"href":"https:\/\/exaudi.org\/it\/wp-json\/wp\/v2\/categories?post=183502"},{"taxonomy":"post_tag","embeddable":true,"href":"https:\/\/exaudi.org\/it\/wp-json\/wp\/v2\/tags?post=183502"}],"curies":[{"name":"wp","href":"https:\/\/api.w.org\/{rel}","templated":true}]}}