{"id":183489,"date":"2026-09-01T16:20:32","date_gmt":"2026-09-01T14:20:32","guid":{"rendered":"https:\/\/exaudi.org\/?p=183489"},"modified":"2026-09-01T16:20:32","modified_gmt":"2026-09-01T14:20:32","slug":"il-dono-rubato-che-non-si-puo-vendere-lurgente-grido-per-lacqua","status":"publish","type":"post","link":"https:\/\/exaudi.org\/it\/il-dono-rubato-che-non-si-puo-vendere-lurgente-grido-per-lacqua\/","title":{"rendered":"Il dono rubato che non si pu\u00f2 vendere: l&#8217;urgente grido per l&#8217;acqua"},"content":{"rendered":"<p data-path-to-node=\"2\"><b data-path-to-node=\"2\" data-index-in-node=\"0\"><span dir=\"auto\" style=\"vertical-align: inherit\"><span dir=\"auto\" style=\"vertical-align: inherit\">Il dono divino che perde la sua anima:<\/span><\/span><\/b><span dir=\"auto\" style=\"vertical-align: inherit\"><span dir=\"auto\" style=\"vertical-align: inherit\"> \u00a0l&#8217;acqua disseta, nutre la terra e purifica le ferite. Simbolo vivente dell&#8217;amore che ci rinnova attraverso il Battesimo, \u00e8 la fonte indispensabile di freschezza, fecondit\u00e0 e speranza. Tuttavia, in un mondo segnato dal guadagno economico immediato, abbiamo dimenticato la sacralit\u00e0 di questa risorsa universale, riducendola a una merce di scambio.<\/span><\/span><\/p>\n<p data-path-to-node=\"3\"><b data-path-to-node=\"3\" data-index-in-node=\"0\"><span dir=\"auto\" style=\"vertical-align: inherit\"><span dir=\"auto\" style=\"vertical-align: inherit\">Una merce che uccide di sete.<\/span><\/span><\/b><span dir=\"auto\" style=\"vertical-align: inherit\"><span dir=\"auto\" style=\"vertical-align: inherit\"> \u00a0Papa Leone XIV si sofferma sulla tragedia umana e spirituale che circonda questa risorsa vitale. \u00c8 doloroso assistere a milioni di persone che si ammalano per mancanza di igiene di base o che devono camminare per chilometri ogni giorno sotto il sole cocente solo per procurarsi una brocca d&#8217;acqua pulita. Trasformare in merce un dono concesso a tutti i figli della Terra costituisce una profonda ingiustizia che perpetua la povert\u00e0 e la disuguaglianza.<\/span><\/span><\/p>\n<p data-path-to-node=\"4\"><b data-path-to-node=\"4\" data-index-in-node=\"0\"><span dir=\"auto\" style=\"vertical-align: inherit\"><span dir=\"auto\" style=\"vertical-align: inherit\">Diventare \u201cpellegrini dell\u2019essenziale\u201d<\/span><\/span><\/b><span dir=\"auto\" style=\"vertical-align: inherit\"><span dir=\"auto\" style=\"vertical-align: inherit\"> \u00a0Prendersi cura della nostra casa comune non \u00e8 solo uno slogan ambientalista, ma un vero e proprio imperativo morale e di fede. Per arrestare questa crisi, la proposta richiede da parte nostra impegni concreti e immediati:<\/span><\/span><\/p>\n<div class=\"code-block code-block-1\">\n<p>&nbsp;<\/p>\n<div id=\"aswift_2_host\"><\/div>\n<p>&nbsp;<\/p>\n<\/div>\n<ul data-path-to-node=\"5\">\n<li>\n<p data-path-to-node=\"5,0,0\"><b data-path-to-node=\"5,0,0\" data-index-in-node=\"0\"><span dir=\"auto\" style=\"vertical-align: inherit\"><span dir=\"auto\" style=\"vertical-align: inherit\">Scegliere la sobriet\u00e0:<\/span><\/span><\/b><span dir=\"auto\" style=\"vertical-align: inherit\"><span dir=\"auto\" style=\"vertical-align: inherit\"> \u00a0adottare uno stile di vita consapevole, rifiutando apertamente gli sprechi e l&#8217;inquinamento delle risorse della comunit\u00e0.<\/span><\/span><\/p>\n<\/li>\n<li>\n<p data-path-to-node=\"5,1,0\"><b data-path-to-node=\"5,1,0\" data-index-in-node=\"0\"><span dir=\"auto\" style=\"vertical-align: inherit\"><span dir=\"auto\" style=\"vertical-align: inherit\">Esigete giustizia sociale:<\/span><\/span><\/b><span dir=\"auto\" style=\"vertical-align: inherit\"><span dir=\"auto\" style=\"vertical-align: inherit\"> \u00a0difendete l&#8217;accesso universale all&#8217;acqua potabile come diritto umano non negoziabile e senza confini.<\/span><\/span><\/p>\n<\/li>\n<li>\n<p data-path-to-node=\"5,2,0\"><b data-path-to-node=\"5,2,0\" data-index-in-node=\"0\"><span dir=\"auto\" style=\"vertical-align: inherit\"><span dir=\"auto\" style=\"vertical-align: inherit\">Educare per il futuro:<\/span><\/span><\/b><span dir=\"auto\" style=\"vertical-align: inherit\"><span dir=\"auto\" style=\"vertical-align: inherit\"> \u00a0formare le nuove generazioni alla gratitudine e alla responsabilit\u00e0 verso la natura.<\/span><\/span><\/p>\n<\/li>\n<\/ul>\n<p data-path-to-node=\"6\"><span dir=\"auto\" style=\"vertical-align: inherit\"><span dir=\"auto\" style=\"vertical-align: inherit\">Proteggere l&#8217;acqua \u00e8, in definitiva, un atto d&#8217;amore per il Creatore e una mano tesa verso i pi\u00f9 vulnerabili. Prendersi cura di ogni goccia significa difendere la vita di coloro che soffrono di pi\u00f9.<\/span><\/span><\/p>\n<p data-path-to-node=\"6\"><span class=\"ytAttributedStringLinkInheritColor\" dir=\"auto\"><span dir=\"auto\" style=\"vertical-align: inherit\"><span dir=\"auto\" style=\"vertical-align: inherit\">L&#8217;acqua \u00e8 un dono sacro che sostiene la vita. In essa riconosciamo un segno della generosit\u00e0 di Dio: disseta, rende fertile la terra e, nel Battesimo, diventa simbolo della sua grazia rinnovatrice. Prendersi cura dell&#8217;acqua significa anche proteggere la vita e riconoscere che questa risorsa appartiene a tutti, senza distinzione.<\/span><\/span><\/span><\/p>\n<p data-path-to-node=\"6\"><span class=\"ytAttributedStringLinkInheritColor\" dir=\"auto\"><span dir=\"auto\" style=\"vertical-align: inherit\"><span dir=\"auto\" style=\"vertical-align: inherit\">Papa Leone, nella sua intenzione di preghiera per il mese di settembre, ci invita a pregare per la cura dell&#8217;acqua, affinch\u00e9 impariamo a valorizzarla con gratitudine, giustizia e sobriet\u00e0, e affinch\u00e9 sappiamo difendere il diritto di ogni fratello e sorella a bere senza disuguaglianze.<\/span><\/span><\/span><\/p>\n<p data-path-to-node=\"6\"><span class=\"ytAttributedStringLinkInheritColor\" dir=\"auto\"><span dir=\"auto\" style=\"vertical-align: inherit\"><span dir=\"auto\" style=\"vertical-align: inherit\">Non sei solo: pregando ti unisci a milioni di persone nella Rete Mondiale di Preghiera del Papa che, da ogni angolo del mondo, pregano per le sfide dell&#8217;umanit\u00e0 e per la missione della Chiesa.<\/span><\/span><\/span><\/p>\n<p data-path-to-node=\"6\"><span class=\"ytAttributedStringLinkInheritColor\" dir=\"auto\"><span dir=\"auto\" style=\"vertical-align: inherit\"><span dir=\"auto\" style=\"vertical-align: inherit\">Prenditi un momento, prega con il Papa.<\/span><\/span><\/span><\/p>\n<p data-path-to-node=\"6\"><em><strong><span class=\"ytAttributedStringLinkInheritColor\" dir=\"auto\"><span dir=\"auto\" style=\"vertical-align: inherit\"><span dir=\"auto\" style=\"vertical-align: inherit\">Preghiera:<\/span><\/span><\/span><\/strong><\/em><\/p>\n<p>Nel nome del Padre e del Figlio e dello Spirito Santo. Amen.<i><\/i><\/p>\n<p>Signore della Vita,<br \/>\nci hai donato l\u2019acqua,<br \/>\nfonte di fecondit\u00e0, freschezza e speranza.<br \/>\nEssa disseta, feconda la terra e cura le ferite.<\/p>\n<p>Ti ringraziamo<br \/>\nperch\u00e9 l\u2019acqua \u00e8 anche simbolo della tua grazia e del tuo amore,<br \/>\nche ci rinnovano attraverso il Battesimo.<br \/>\nOggi ti chiediamo di insegnarci a custodirla<br \/>\ncon gratitudine, giustizia e responsabilit\u00e0.<\/p>\n<p>Perdonaci per averla trasformata in merce,<br \/>\ndimenticando che \u00e8 un dono universale,<br \/>\nun diritto senza confini, destinato a tutti i tuoi figli.<br \/>\nGuardiamo con dolore tanti fratelli e sorelle<br \/>\nsenza acqua potabile,<br \/>\nche percorrono chilometri per trovarla,<br \/>\ne si ammalano per la sua scarsit\u00e0.<\/p>\n<p>Fa\u2019 che il tuo Spirito ci renda pellegrini dell\u2019essenziale,<br \/>\ncapaci di vivere con sobriet\u00e0,<br \/>\ndi denunciare lo spreco e l\u2019inquinamento,<br \/>\ndi difendere il diritto di ogni persona<br \/>\na bere senza paura, senza disuguaglianze.<\/p>\n<p>Che la nostra cura per l\u2019acqua<br \/>\nsia segno di amore per il Creatore<br \/>\ne impegno per la vita dei pi\u00f9 poveri,<br \/>\neducando le nuove generazioni<br \/>\na valorizzare e proteggere le risorse della Terra.<\/p>\n<p>Amen.<\/p>\n<p><iframe title=\"Prega con il Papa: Per la cura dell&amp;apos;acqua\" width=\"500\" height=\"281\" src=\"https:\/\/www.youtube.com\/embed\/7wI4YamLAJI?feature=oembed\" frameborder=\"0\" allow=\"accelerometer; autoplay; clipboard-write; encrypted-media; gyroscope; picture-in-picture; web-share\" referrerpolicy=\"strict-origin-when-cross-origin\" allowfullscreen><\/iframe><\/p>\n","protected":false},"excerpt":{"rendered":"<p>L&#8217;intenzione di preghiera di Papa Leone XIV per questo mese di settembre mette in luce il paradosso di una risorsa sacra trasformata in merce e chiede la fine della disuguaglianza globale della sete<\/p>\n","protected":false},"author":17,"featured_media":183480,"comment_status":"closed","ping_status":"closed","sticky":false,"template":"","format":"standard","meta":{"_acf_changed":false,"inline_featured_image":false,"_wpcom_ai_launchpad_first_post":false,"footnotes":"","jetpack_post_was_ever_published":false},"categories":[67],"tags":[10380,121225,64793,1466,16241,64540,121226,64910,121227,58164,20407,64787],"class_list":["post-183489","post","type-post","status-publish","format-standard","has-post-thumbnail","hentry","category-leone-xiv","tag-acqua","tag-crisi-idrica","tag-cura-della-casa-comune-it","tag-diritti-umani","tag-ecologia-integrale","tag-giustizia-sociale-it","tag-intenzione-di-preghiera-di-settembre","tag-leone-xiv-it","tag-mercificazione-dellacqua","tag-papa-leone-xiv","tag-rete-mondiale-di-preghiera-del-papa","tag-trending-it-236"],"acf":[],"yoast_head":"<!-- This site is optimized with the Yoast SEO plugin v28.4 - https:\/\/yoast.com\/product\/yoast-seo-wordpress\/ -->\n<title>Il dono rubato che non si pu\u00f2 vendere: l&#039;urgente grido per l&#039;acqua &#8211; Exaudi<\/title>\n<meta name=\"robots\" content=\"index, follow, max-snippet:-1, max-image-preview:large, max-video-preview:-1\" \/>\n<link rel=\"canonical\" href=\"https:\/\/exaudi.org\/it\/il-dono-rubato-che-non-si-puo-vendere-lurgente-grido-per-lacqua\/\" \/>\n<meta property=\"og:locale\" content=\"it_IT\" \/>\n<meta property=\"og:type\" content=\"article\" \/>\n<meta property=\"og:title\" content=\"Il dono rubato che non si pu\u00f2 vendere: l&#039;urgente grido per l&#039;acqua &#8211; Exaudi\" \/>\n<meta property=\"og:description\" content=\"L&#039;intenzione di preghiera di Papa Leone XIV per questo mese di settembre mette in luce il paradosso di una risorsa sacra trasformata in merce e chiede la fine della disuguaglianza globale della sete\" \/>\n<meta property=\"og:url\" content=\"https:\/\/exaudi.org\/it\/il-dono-rubato-che-non-si-puo-vendere-lurgente-grido-per-lacqua\/\" \/>\n<meta property=\"og:site_name\" content=\"Exaudi\" \/>\n<meta property=\"article:publisher\" content=\"https:\/\/www.facebook.com\/ExaudiNews\" \/>\n<meta property=\"article:author\" content=\"https:\/\/www.facebook.com\/ExaudiNotizie\/\" \/>\n<meta property=\"article:published_time\" content=\"2026-09-01T14:20:32+00:00\" \/>\n<meta property=\"og:image\" content=\"https:\/\/exaudi.org\/wp-content\/uploads\/2026\/09\/LP-Header-9-2048x966-1.jpg\" \/>\n\t<meta property=\"og:image:width\" content=\"2048\" \/>\n\t<meta property=\"og:image:height\" content=\"966\" \/>\n\t<meta property=\"og:image:type\" content=\"image\/jpeg\" \/>\n<meta name=\"author\" content=\"Exaudi Redazione\" \/>\n<meta name=\"twitter:card\" content=\"summary_large_image\" \/>\n<meta name=\"twitter:creator\" content=\"@Exaudi_Notizie\" \/>\n<meta name=\"twitter:site\" content=\"@Exaudi_News\" \/>\n<meta name=\"twitter:label1\" content=\"Scritto da\" \/>\n\t<meta name=\"twitter:data1\" content=\"Exaudi Redazione\" \/>\n\t<meta name=\"twitter:label2\" content=\"Tempo di lettura stimato\" \/>\n\t<meta name=\"twitter:data2\" content=\"3 minuti\" \/>\n<script type=\"application\/ld+json\" class=\"yoast-schema-graph\">{\"@context\":\"https:\\\/\\\/schema.org\",\"@graph\":[{\"@type\":\"Article\",\"@id\":\"https:\\\/\\\/exaudi.org\\\/it\\\/il-dono-rubato-che-non-si-puo-vendere-lurgente-grido-per-lacqua\\\/#article\",\"isPartOf\":{\"@id\":\"https:\\\/\\\/exaudi.org\\\/it\\\/il-dono-rubato-che-non-si-puo-vendere-lurgente-grido-per-lacqua\\\/\"},\"author\":{\"name\":\"Exaudi Redazione\",\"@id\":\"https:\\\/\\\/exaudi.org\\\/#\\\/schema\\\/person\\\/e1ab6ed07c01774724dd96f925f3a5f0\"},\"headline\":\"Il dono rubato che non si pu\u00f2 vendere: l&#8217;urgente grido per l&#8217;acqua\",\"datePublished\":\"2026-09-01T14:20:32+00:00\",\"mainEntityOfPage\":{\"@id\":\"https:\\\/\\\/exaudi.org\\\/it\\\/il-dono-rubato-che-non-si-puo-vendere-lurgente-grido-per-lacqua\\\/\"},\"wordCount\":608,\"image\":{\"@id\":\"https:\\\/\\\/exaudi.org\\\/it\\\/il-dono-rubato-che-non-si-puo-vendere-lurgente-grido-per-lacqua\\\/#primaryimage\"},\"thumbnailUrl\":\"https:\\\/\\\/i0.wp.com\\\/exaudi.org\\\/wp-content\\\/uploads\\\/2026\\\/09\\\/LP-Header-9-2048x966-1.jpg?fit=2048%2C966&ssl=1\",\"keywords\":[\"acqua\",\"crisi idrica\",\"Cura della casa comune\",\"diritti umani\",\"ECOLOGIA INTEGRALE\",\"giustizia sociale\",\"intenzione di preghiera di settembre\",\"Leone XIV\",\"mercificazione dell'acqua\",\"Papa Leone XIV\",\"RETE MONDIALE DI PREGHIERA DEL PAPA\",\"Trending\"],\"articleSection\":[\"Leone XIV\"],\"inLanguage\":\"it-IT\"},{\"@type\":\"WebPage\",\"@id\":\"https:\\\/\\\/exaudi.org\\\/it\\\/il-dono-rubato-che-non-si-puo-vendere-lurgente-grido-per-lacqua\\\/\",\"url\":\"https:\\\/\\\/exaudi.org\\\/it\\\/il-dono-rubato-che-non-si-puo-vendere-lurgente-grido-per-lacqua\\\/\",\"name\":\"Il dono rubato che non si pu\u00f2 vendere: l'urgente grido per l'acqua &#8211; Exaudi\",\"isPartOf\":{\"@id\":\"https:\\\/\\\/exaudi.org\\\/#website\"},\"primaryImageOfPage\":{\"@id\":\"https:\\\/\\\/exaudi.org\\\/it\\\/il-dono-rubato-che-non-si-puo-vendere-lurgente-grido-per-lacqua\\\/#primaryimage\"},\"image\":{\"@id\":\"https:\\\/\\\/exaudi.org\\\/it\\\/il-dono-rubato-che-non-si-puo-vendere-lurgente-grido-per-lacqua\\\/#primaryimage\"},\"thumbnailUrl\":\"https:\\\/\\\/i0.wp.com\\\/exaudi.org\\\/wp-content\\\/uploads\\\/2026\\\/09\\\/LP-Header-9-2048x966-1.jpg?fit=2048%2C966&ssl=1\",\"datePublished\":\"2026-09-01T14:20:32+00:00\",\"author\":{\"@id\":\"https:\\\/\\\/exaudi.org\\\/#\\\/schema\\\/person\\\/e1ab6ed07c01774724dd96f925f3a5f0\"},\"breadcrumb\":{\"@id\":\"https:\\\/\\\/exaudi.org\\\/it\\\/il-dono-rubato-che-non-si-puo-vendere-lurgente-grido-per-lacqua\\\/#breadcrumb\"},\"inLanguage\":\"it-IT\",\"potentialAction\":[{\"@type\":\"ReadAction\",\"target\":[\"https:\\\/\\\/exaudi.org\\\/it\\\/il-dono-rubato-che-non-si-puo-vendere-lurgente-grido-per-lacqua\\\/\"]}]},{\"@type\":\"ImageObject\",\"inLanguage\":\"it-IT\",\"@id\":\"https:\\\/\\\/exaudi.org\\\/it\\\/il-dono-rubato-che-non-si-puo-vendere-lurgente-grido-per-lacqua\\\/#primaryimage\",\"url\":\"https:\\\/\\\/i0.wp.com\\\/exaudi.org\\\/wp-content\\\/uploads\\\/2026\\\/09\\\/LP-Header-9-2048x966-1.jpg?fit=2048%2C966&ssl=1\",\"contentUrl\":\"https:\\\/\\\/i0.wp.com\\\/exaudi.org\\\/wp-content\\\/uploads\\\/2026\\\/09\\\/LP-Header-9-2048x966-1.jpg?fit=2048%2C966&ssl=1\",\"width\":2048,\"height\":966},{\"@type\":\"BreadcrumbList\",\"@id\":\"https:\\\/\\\/exaudi.org\\\/it\\\/il-dono-rubato-che-non-si-puo-vendere-lurgente-grido-per-lacqua\\\/#breadcrumb\",\"itemListElement\":[{\"@type\":\"ListItem\",\"position\":1,\"name\":\"Portada\",\"item\":\"https:\\\/\\\/exaudi.org\\\/it\\\/\"},{\"@type\":\"ListItem\",\"position\":2,\"name\":\"Il dono rubato che non si pu\u00f2 vendere: l&#8217;urgente grido per l&#8217;acqua\"}]},{\"@type\":\"WebSite\",\"@id\":\"https:\\\/\\\/exaudi.org\\\/#website\",\"url\":\"https:\\\/\\\/exaudi.org\\\/\",\"name\":\"Exaudi\",\"description\":\"News\",\"potentialAction\":[{\"@type\":\"SearchAction\",\"target\":{\"@type\":\"EntryPoint\",\"urlTemplate\":\"https:\\\/\\\/exaudi.org\\\/?s={search_term_string}\"},\"query-input\":{\"@type\":\"PropertyValueSpecification\",\"valueRequired\":true,\"valueName\":\"search_term_string\"}}],\"inLanguage\":\"it-IT\"},{\"@type\":\"Person\",\"@id\":\"https:\\\/\\\/exaudi.org\\\/#\\\/schema\\\/person\\\/e1ab6ed07c01774724dd96f925f3a5f0\",\"name\":\"Exaudi Redazione\",\"image\":{\"@type\":\"ImageObject\",\"inLanguage\":\"it-IT\",\"@id\":\"https:\\\/\\\/secure.gravatar.com\\\/avatar\\\/ad6774b3ada023bf5b939d64f45c94b3adf91502dd883507d469b4308a943bb3?s=96&d=mm&r=g\",\"url\":\"https:\\\/\\\/secure.gravatar.com\\\/avatar\\\/ad6774b3ada023bf5b939d64f45c94b3adf91502dd883507d469b4308a943bb3?s=96&d=mm&r=g\",\"contentUrl\":\"https:\\\/\\\/secure.gravatar.com\\\/avatar\\\/ad6774b3ada023bf5b939d64f45c94b3adf91502dd883507d469b4308a943bb3?s=96&d=mm&r=g\",\"caption\":\"Exaudi Redazione\"},\"description\":\"Che cosa \u00e8 Exaudi News? Exaudi News \u00e8 un agenzia cattolica internazionale che informa, istruisce e trasforma quotidianamente in spagnolo, inglese e italiano. Attraverso notizie, articoli di analisi e trasmissioni in diretta degli eventi del Papa, Exaudi cerca di rafforzare l'unit\u00e0 dei cristiani e di contribuire all'evangelizzazione del mondo, sempre guidato dalla dottrina sociale della Chiesa. Lavoriamo per portare la verit\u00e0 e i valori cristiani in ogni angolo del pianeta. Aiutaci a trasformare il mondo con Exaudi! Noi di Exaudi crediamo che l'evangelizzazione e l'informazione di qualit\u00e0 possano cambiare la vita. Per continuare la nostra missione ed espandere la nostra portata, abbiamo bisogno del tuo aiuto. Stiamo anche cercando persone motivate che vogliano unirsi al nostro team. Grazie al vostro sostegno raggiungeremo pi\u00f9 persone, diffonderemo il messaggio di Cristo e rafforzeremo l'unit\u00e0 dei cristiani. Vuoi unirti alla nostra missione? Per maggiori informazioni su come contribuire, visita Exaudi.org\\\/it o contattaci direttamente: info@exaudi.org Exaudi: informa, forma e trasforma.\",\"sameAs\":[\"https:\\\/\\\/www.facebook.com\\\/ExaudiNotizie\\\/\",\"https:\\\/\\\/www.instagram.com\\\/Exaudi_notizie\\\/\",\"https:\\\/\\\/x.com\\\/Exaudi_Notizie\",\"https:\\\/\\\/www.youtube.com\\\/@exaudicatholicnews\"],\"url\":\"https:\\\/\\\/exaudi.org\\\/it\\\/author\\\/dlvedi-org\\\/\"}]}<\/script>\n<!-- \/ Yoast SEO plugin. -->","yoast_head_json":{"title":"Il dono rubato che non si pu\u00f2 vendere: l'urgente grido per l'acqua &#8211; Exaudi","robots":{"index":"index","follow":"follow","max-snippet":"max-snippet:-1","max-image-preview":"max-image-preview:large","max-video-preview":"max-video-preview:-1"},"canonical":"https:\/\/exaudi.org\/it\/il-dono-rubato-che-non-si-puo-vendere-lurgente-grido-per-lacqua\/","og_locale":"it_IT","og_type":"article","og_title":"Il dono rubato che non si pu\u00f2 vendere: l'urgente grido per l'acqua &#8211; Exaudi","og_description":"L'intenzione di preghiera di Papa Leone XIV per questo mese di settembre mette in luce il paradosso di una risorsa sacra trasformata in merce e chiede la fine della disuguaglianza globale della sete","og_url":"https:\/\/exaudi.org\/it\/il-dono-rubato-che-non-si-puo-vendere-lurgente-grido-per-lacqua\/","og_site_name":"Exaudi","article_publisher":"https:\/\/www.facebook.com\/ExaudiNews","article_author":"https:\/\/www.facebook.com\/ExaudiNotizie\/","article_published_time":"2026-09-01T14:20:32+00:00","og_image":[{"width":2048,"height":966,"url":"https:\/\/exaudi.org\/wp-content\/uploads\/2026\/09\/LP-Header-9-2048x966-1.jpg","type":"image\/jpeg"}],"author":"Exaudi Redazione","twitter_card":"summary_large_image","twitter_creator":"@Exaudi_Notizie","twitter_site":"@Exaudi_News","twitter_misc":{"Scritto da":"Exaudi Redazione","Tempo di lettura stimato":"3 minuti"},"schema":{"@context":"https:\/\/schema.org","@graph":[{"@type":"Article","@id":"https:\/\/exaudi.org\/it\/il-dono-rubato-che-non-si-puo-vendere-lurgente-grido-per-lacqua\/#article","isPartOf":{"@id":"https:\/\/exaudi.org\/it\/il-dono-rubato-che-non-si-puo-vendere-lurgente-grido-per-lacqua\/"},"author":{"name":"Exaudi Redazione","@id":"https:\/\/exaudi.org\/#\/schema\/person\/e1ab6ed07c01774724dd96f925f3a5f0"},"headline":"Il dono rubato che non si pu\u00f2 vendere: l&#8217;urgente grido per l&#8217;acqua","datePublished":"2026-09-01T14:20:32+00:00","mainEntityOfPage":{"@id":"https:\/\/exaudi.org\/it\/il-dono-rubato-che-non-si-puo-vendere-lurgente-grido-per-lacqua\/"},"wordCount":608,"image":{"@id":"https:\/\/exaudi.org\/it\/il-dono-rubato-che-non-si-puo-vendere-lurgente-grido-per-lacqua\/#primaryimage"},"thumbnailUrl":"https:\/\/i0.wp.com\/exaudi.org\/wp-content\/uploads\/2026\/09\/LP-Header-9-2048x966-1.jpg?fit=2048%2C966&ssl=1","keywords":["acqua","crisi idrica","Cura della casa comune","diritti umani","ECOLOGIA INTEGRALE","giustizia sociale","intenzione di preghiera di settembre","Leone XIV","mercificazione dell'acqua","Papa Leone XIV","RETE MONDIALE DI PREGHIERA DEL PAPA","Trending"],"articleSection":["Leone XIV"],"inLanguage":"it-IT"},{"@type":"WebPage","@id":"https:\/\/exaudi.org\/it\/il-dono-rubato-che-non-si-puo-vendere-lurgente-grido-per-lacqua\/","url":"https:\/\/exaudi.org\/it\/il-dono-rubato-che-non-si-puo-vendere-lurgente-grido-per-lacqua\/","name":"Il dono rubato che non si pu\u00f2 vendere: l'urgente grido per l'acqua &#8211; Exaudi","isPartOf":{"@id":"https:\/\/exaudi.org\/#website"},"primaryImageOfPage":{"@id":"https:\/\/exaudi.org\/it\/il-dono-rubato-che-non-si-puo-vendere-lurgente-grido-per-lacqua\/#primaryimage"},"image":{"@id":"https:\/\/exaudi.org\/it\/il-dono-rubato-che-non-si-puo-vendere-lurgente-grido-per-lacqua\/#primaryimage"},"thumbnailUrl":"https:\/\/i0.wp.com\/exaudi.org\/wp-content\/uploads\/2026\/09\/LP-Header-9-2048x966-1.jpg?fit=2048%2C966&ssl=1","datePublished":"2026-09-01T14:20:32+00:00","author":{"@id":"https:\/\/exaudi.org\/#\/schema\/person\/e1ab6ed07c01774724dd96f925f3a5f0"},"breadcrumb":{"@id":"https:\/\/exaudi.org\/it\/il-dono-rubato-che-non-si-puo-vendere-lurgente-grido-per-lacqua\/#breadcrumb"},"inLanguage":"it-IT","potentialAction":[{"@type":"ReadAction","target":["https:\/\/exaudi.org\/it\/il-dono-rubato-che-non-si-puo-vendere-lurgente-grido-per-lacqua\/"]}]},{"@type":"ImageObject","inLanguage":"it-IT","@id":"https:\/\/exaudi.org\/it\/il-dono-rubato-che-non-si-puo-vendere-lurgente-grido-per-lacqua\/#primaryimage","url":"https:\/\/i0.wp.com\/exaudi.org\/wp-content\/uploads\/2026\/09\/LP-Header-9-2048x966-1.jpg?fit=2048%2C966&ssl=1","contentUrl":"https:\/\/i0.wp.com\/exaudi.org\/wp-content\/uploads\/2026\/09\/LP-Header-9-2048x966-1.jpg?fit=2048%2C966&ssl=1","width":2048,"height":966},{"@type":"BreadcrumbList","@id":"https:\/\/exaudi.org\/it\/il-dono-rubato-che-non-si-puo-vendere-lurgente-grido-per-lacqua\/#breadcrumb","itemListElement":[{"@type":"ListItem","position":1,"name":"Portada","item":"https:\/\/exaudi.org\/it\/"},{"@type":"ListItem","position":2,"name":"Il dono rubato che non si pu\u00f2 vendere: l&#8217;urgente grido per l&#8217;acqua"}]},{"@type":"WebSite","@id":"https:\/\/exaudi.org\/#website","url":"https:\/\/exaudi.org\/","name":"Exaudi","description":"News","potentialAction":[{"@type":"SearchAction","target":{"@type":"EntryPoint","urlTemplate":"https:\/\/exaudi.org\/?s={search_term_string}"},"query-input":{"@type":"PropertyValueSpecification","valueRequired":true,"valueName":"search_term_string"}}],"inLanguage":"it-IT"},{"@type":"Person","@id":"https:\/\/exaudi.org\/#\/schema\/person\/e1ab6ed07c01774724dd96f925f3a5f0","name":"Exaudi Redazione","image":{"@type":"ImageObject","inLanguage":"it-IT","@id":"https:\/\/secure.gravatar.com\/avatar\/ad6774b3ada023bf5b939d64f45c94b3adf91502dd883507d469b4308a943bb3?s=96&d=mm&r=g","url":"https:\/\/secure.gravatar.com\/avatar\/ad6774b3ada023bf5b939d64f45c94b3adf91502dd883507d469b4308a943bb3?s=96&d=mm&r=g","contentUrl":"https:\/\/secure.gravatar.com\/avatar\/ad6774b3ada023bf5b939d64f45c94b3adf91502dd883507d469b4308a943bb3?s=96&d=mm&r=g","caption":"Exaudi Redazione"},"description":"Che cosa \u00e8 Exaudi News? Exaudi News \u00e8 un agenzia cattolica internazionale che informa, istruisce e trasforma quotidianamente in spagnolo, inglese e italiano. Attraverso notizie, articoli di analisi e trasmissioni in diretta degli eventi del Papa, Exaudi cerca di rafforzare l'unit\u00e0 dei cristiani e di contribuire all'evangelizzazione del mondo, sempre guidato dalla dottrina sociale della Chiesa. Lavoriamo per portare la verit\u00e0 e i valori cristiani in ogni angolo del pianeta. Aiutaci a trasformare il mondo con Exaudi! Noi di Exaudi crediamo che l'evangelizzazione e l'informazione di qualit\u00e0 possano cambiare la vita. Per continuare la nostra missione ed espandere la nostra portata, abbiamo bisogno del tuo aiuto. Stiamo anche cercando persone motivate che vogliano unirsi al nostro team. Grazie al vostro sostegno raggiungeremo pi\u00f9 persone, diffonderemo il messaggio di Cristo e rafforzeremo l'unit\u00e0 dei cristiani. Vuoi unirti alla nostra missione? Per maggiori informazioni su come contribuire, visita Exaudi.org\/it o contattaci direttamente: info@exaudi.org Exaudi: informa, forma e trasforma.","sameAs":["https:\/\/www.facebook.com\/ExaudiNotizie\/","https:\/\/www.instagram.com\/Exaudi_notizie\/","https:\/\/x.com\/Exaudi_Notizie","https:\/\/www.youtube.com\/@exaudicatholicnews"],"url":"https:\/\/exaudi.org\/it\/author\/dlvedi-org\/"}]}},"jetpack_shortlink":"https:\/\/wp.me\/pgKjF2-LJv","jetpack_featured_media_url":"https:\/\/i0.wp.com\/exaudi.org\/wp-content\/uploads\/2026\/09\/LP-Header-9-2048x966-1.jpg?fit=2048%2C966&ssl=1","_links":{"self":[{"href":"https:\/\/exaudi.org\/it\/wp-json\/wp\/v2\/posts\/183489","targetHints":{"allow":["GET"]}}],"collection":[{"href":"https:\/\/exaudi.org\/it\/wp-json\/wp\/v2\/posts"}],"about":[{"href":"https:\/\/exaudi.org\/it\/wp-json\/wp\/v2\/types\/post"}],"author":[{"embeddable":true,"href":"https:\/\/exaudi.org\/it\/wp-json\/wp\/v2\/users\/17"}],"replies":[{"embeddable":true,"href":"https:\/\/exaudi.org\/it\/wp-json\/wp\/v2\/comments?post=183489"}],"version-history":[{"count":6,"href":"https:\/\/exaudi.org\/it\/wp-json\/wp\/v2\/posts\/183489\/revisions"}],"predecessor-version":[{"id":183495,"href":"https:\/\/exaudi.org\/it\/wp-json\/wp\/v2\/posts\/183489\/revisions\/183495"}],"wp:featuredmedia":[{"embeddable":true,"href":"https:\/\/exaudi.org\/it\/wp-json\/wp\/v2\/media\/183480"}],"wp:attachment":[{"href":"https:\/\/exaudi.org\/it\/wp-json\/wp\/v2\/media?parent=183489"}],"wp:term":[{"taxonomy":"category","embeddable":true,"href":"https:\/\/exaudi.org\/it\/wp-json\/wp\/v2\/categories?post=183489"},{"taxonomy":"post_tag","embeddable":true,"href":"https:\/\/exaudi.org\/it\/wp-json\/wp\/v2\/tags?post=183489"}],"curies":[{"name":"wp","href":"https:\/\/api.w.org\/{rel}","templated":true}]}}