{"id":183305,"date":"2026-08-31T17:26:15","date_gmt":"2026-08-31T15:26:15","guid":{"rendered":"https:\/\/exaudi.org\/?p=183305"},"modified":"2026-08-31T17:26:15","modified_gmt":"2026-08-31T15:26:15","slug":"il-miracolo-che-vince-il-silenzio-san-raimondo-nonnato-e-laudacia-di-dare-la-vita-31-agosto","status":"publish","type":"post","link":"https:\/\/exaudi.org\/it\/il-miracolo-che-vince-il-silenzio-san-raimondo-nonnato-e-laudacia-di-dare-la-vita-31-agosto\/","title":{"rendered":"Il miracolo che vince il silenzio: San Raimondo Nonnato e l&#8217;audacia di dare la vita. 31 agosto"},"content":{"rendered":"<p><span dir=\"auto\" style=\"vertical-align: inherit\"><span dir=\"auto\" style=\"vertical-align: inherit\">Ogni 31 agosto, la liturgia cattolica volge lo sguardo a una delle figure pi\u00f9 singolari e amate del calendario liturgico:\u00a0 <\/span><\/span><strong><span dir=\"auto\" style=\"vertical-align: inherit\"><span dir=\"auto\" style=\"vertical-align: inherit\">San Raimondo Nonnato (1204-1240)<\/span><\/span><\/strong><span dir=\"auto\" style=\"vertical-align: inherit\"><span dir=\"auto\" style=\"vertical-align: inherit\"> . Il suo titolo tradizionale \u2013 <\/span><\/span><em><span dir=\"auto\" style=\"vertical-align: inherit\"><span dir=\"auto\" style=\"vertical-align: inherit\">non natus<\/span><\/span><\/em><span dir=\"auto\" style=\"vertical-align: inherit\"><span dir=\"auto\" style=\"vertical-align: inherit\"> , &#8220;non nato&#8221; per cause ordinarie \u2013 evoca immediatamente il primo miracolo della sua vita. Nato per intervento miracoloso dal grembo della madre defunta a Portell (Lleida), il suo arrivo al mondo incarn\u00f2 fin dal primo istante il sacro trionfo della vita sulla morte.<\/span><\/span><\/p>\n<p><span dir=\"auto\" style=\"vertical-align: inherit\"><span dir=\"auto\" style=\"vertical-align: inherit\">\u00c8 comprensibile che la devozione popolare lo veneri come\u00a0 <\/span><\/span><strong><span dir=\"auto\" style=\"vertical-align: inherit\"><span dir=\"auto\" style=\"vertical-align: inherit\">santo patrono delle donne incinte, dei neonati e delle famiglie che desiderano ardentemente il dono della maternit\u00e0<\/span><\/span><\/strong><span dir=\"auto\" style=\"vertical-align: inherit\"><span dir=\"auto\" style=\"vertical-align: inherit\"> . Tuttavia, svelando l&#8217;agiografia delle fonti storiche mercedarie, scopriamo in Ram\u00f3n un teologo d&#8217;azione, un audace riformatore e un testimone radicale della libert\u00e0 evangelica.<\/span><\/span><\/p>\n<div class=\"code-block code-block-1\">\n<p>&nbsp;<\/p>\n<div id=\"aswift_2_host\"><\/div>\n<p>&nbsp;<\/p>\n<\/div>\n<h3><strong><span dir=\"auto\" style=\"vertical-align: inherit\"><span dir=\"auto\" style=\"vertical-align: inherit\">Redenzione nella carne: la natura radicale dell&#8217;Ordine della Misericordia<\/span><\/span><\/strong><\/h3>\n<p><span dir=\"auto\" style=\"vertical-align: inherit\"><span dir=\"auto\" style=\"vertical-align: inherit\">Nel cuore del XIII secolo, ispirato dall&#8217;opera di San Pietro Nolasco, Raimondo indoss\u00f2 l&#8217;abito bianco dell&#8217;Ordine di Nostra Signora della Misericordia. La missione mercedaria non era un mero atto astratto di carit\u00e0; implicava il celebre\u00a0 <\/span><\/span><strong><span dir=\"auto\" style=\"vertical-align: inherit\"><span dir=\"auto\" style=\"vertical-align: inherit\">quarto voto<\/span><\/span><\/strong><span dir=\"auto\" style=\"vertical-align: inherit\"><span dir=\"auto\" style=\"vertical-align: inherit\"> :\u00a0 <\/span><\/span><em><span dir=\"auto\" style=\"vertical-align: inherit\"><span dir=\"auto\" style=\"vertical-align: inherit\">rimanere come ostaggio al posto del prigioniero qualora il denaro non fosse sufficiente per il suo riscatto<\/span><\/span><\/em><span dir=\"auto\" style=\"vertical-align: inherit\"><span dir=\"auto\" style=\"vertical-align: inherit\"> .<\/span><\/span><\/p>\n<p><span dir=\"auto\" style=\"vertical-align: inherit\"><span dir=\"auto\" style=\"vertical-align: inherit\">Sulle coste del Nord Africa, Ram\u00f3n rinunci\u00f2 ai suoi averi e alla propria sicurezza. Quando le risorse finanziarie si esaurirono,\u00a0 <\/span><\/span><strong><span dir=\"auto\" style=\"vertical-align: inherit\"><span dir=\"auto\" style=\"vertical-align: inherit\">si offr\u00ec in cambio della libert\u00e0 degli<\/span><\/span><\/strong><span dir=\"auto\" style=\"vertical-align: inherit\"><span dir=\"auto\" style=\"vertical-align: inherit\"> \u00a0schiavi pi\u00f9 deboli e vulnerabili. L\u00ec, in cattivit\u00e0, la sua presenza non fu passiva: confort\u00f2 gli afflitti, sostenne la speranza dei disperati e trasform\u00f2 la prigionia in un altare della dignit\u00e0 umana.<\/span><\/span><\/p>\n<h3><strong><span dir=\"auto\" style=\"vertical-align: inherit\"><span dir=\"auto\" style=\"vertical-align: inherit\">Il lucchetto sulle labbra: il trionfo della parola interiore<\/span><\/span><\/strong><\/h3>\n<p><span dir=\"auto\" style=\"vertical-align: inherit\"><span dir=\"auto\" style=\"vertical-align: inherit\">Per fermare la sua instancabile predicazione e il suo lavoro di accompagnamento dei prigionieri, i suoi carcerieri gli trafissero le labbra con un ferro rovente e vi posero sopra un lucchetto. Quel crudele atto mirava a imporgli l&#8217;oblio e la censura; tuttavia, le fonti spirituali narrano di come fu trasformato in un&#8217;icona profetica.<\/span><\/span><\/p>\n<p><span dir=\"auto\" style=\"vertical-align: inherit\"><span dir=\"auto\" style=\"vertical-align: inherit\">L&#8217;iconografia tradizionale raffigura San Raimondo con un lucchetto sulla bocca o con un cappello cardinalizio ai piedi, mentre rifiuta gli onori terreni per dedicarsi esclusivamente alla carit\u00e0. Il suo silenzio forzato \u00e8 diventato un eloquente insegnamento per il mondo contemporaneo:<\/span><\/span><\/p>\n<ul>\n<li><strong><span dir=\"auto\" style=\"vertical-align: inherit\"><span dir=\"auto\" style=\"vertical-align: inherit\">Di fronte alla cultura del pettegolezzo e della calunnia:<\/span><\/span><\/strong><span dir=\"auto\" style=\"vertical-align: inherit\"><span dir=\"auto\" style=\"vertical-align: inherit\"> \u00a0in un&#8217;epoca dominata dal rumore e dalla diffamazione, san Raimondo ci insegna a custodire le nostre parole affinch\u00e9 servano solo a edificare il prossimo.<\/span><\/span><\/li>\n<li><strong><span dir=\"auto\" style=\"vertical-align: inherit\"><span dir=\"auto\" style=\"vertical-align: inherit\">L&#8217;eloquenza della testimonianza:<\/span><\/span><\/strong><span dir=\"auto\" style=\"vertical-align: inherit\"><span dir=\"auto\" style=\"vertical-align: inherit\"> \u00a0quando le parole tacciono, la coerenza di una vita vissuta in Dio continua a parlare con forza inarrestabile.<\/span><\/span><\/li>\n<li><strong><span dir=\"auto\" style=\"vertical-align: inherit\"><span dir=\"auto\" style=\"vertical-align: inherit\">Preservare il mistero:<\/span><\/span><\/strong><span dir=\"auto\" style=\"vertical-align: inherit\"><span dir=\"auto\" style=\"vertical-align: inherit\"> \u00a0il silenzio esteriore del santo lasci\u00f2 il posto a un&#8217;intensa preghiera di intercessione che sostenne centinaia di prigionieri nell&#8217;oscurit\u00e0.<\/span><\/span><\/li>\n<\/ul>\n<h3><strong><span dir=\"auto\" style=\"vertical-align: inherit\"><span dir=\"auto\" style=\"vertical-align: inherit\">Un faro didattico per la cultura odierna.<\/span><\/span><\/strong><\/h3>\n<p><span dir=\"auto\" style=\"vertical-align: inherit\"><span dir=\"auto\" style=\"vertical-align: inherit\">La celebrazione odierna di San Raimondo Nonnato ci invita a rinnovare il nostro impegno per la vita in tutte le sue fasi e sfaccettature. Essa propone tre appelli fondamentali:<\/span><\/span><\/p>\n<ol>\n<li><strong><span dir=\"auto\" style=\"vertical-align: inherit\"><span dir=\"auto\" style=\"vertical-align: inherit\">Credere nel miracolo di ogni gravidanza:<\/span><\/span><\/strong><span dir=\"auto\" style=\"vertical-align: inherit\"><span dir=\"auto\" style=\"vertical-align: inherit\"> \u00a0riconoscere la sacralit\u00e0 della vita nascente e circondare le madri con una vera rete di sostegno materiale, emotivo e spirituale.<\/span><\/span><\/li>\n<li><strong><span dir=\"auto\" style=\"vertical-align: inherit\"><span dir=\"auto\" style=\"vertical-align: inherit\">Sbloccare le serrature dell&#8217;anima:<\/span><\/span><\/strong><span dir=\"auto\" style=\"vertical-align: inherit\"><span dir=\"auto\" style=\"vertical-align: inherit\"> \u00a0imparare a controllare la lingua contro i pettegolezzi e usare le parole per costruire pace e verit\u00e0.<\/span><\/span><\/li>\n<li><strong><span dir=\"auto\" style=\"vertical-align: inherit\"><span dir=\"auto\" style=\"vertical-align: inherit\">Salvare i nuovi prigionieri:<\/span><\/span><\/strong><span dir=\"auto\" style=\"vertical-align: inherit\"><span dir=\"auto\" style=\"vertical-align: inherit\"> \u00a0venire in aiuto di coloro che oggi soffrono forme invisibili di schiavit\u00f9: solitudine, disperazione o perdita di senso nella vita.<\/span><\/span><\/li>\n<\/ol>\n<p><span dir=\"auto\" style=\"vertical-align: inherit\"><span dir=\"auto\" style=\"vertical-align: inherit\">San Raimondo Nonnato, nominato cardinale da Papa Gregorio IX poco prima della sua morte nel 1240, continua a camminare accanto a ogni casa che attende una benedizione. La sua vita \u00e8 la prova inconfutabile che la vera carit\u00e0 non conosce confini e che la luce di Cristo non pu\u00f2 mai essere messa a tacere.<\/span><\/span><\/p>\n","protected":false},"excerpt":{"rendered":"<p>Al di l\u00e0 della sua protezione delle donne incinte, il ricordo del santo con il lucchetto sulla bocca ci offre oggi una lezione potente: il vero Amore non pu\u00f2 essere messo a tacere quando si tratta di salvaguardare la dignit\u00e0 umana<\/p>\n","protected":false},"author":17,"featured_media":183240,"comment_status":"closed","ping_status":"closed","sticky":false,"template":"","format":"standard","meta":{"_acf_changed":false,"inline_featured_image":false,"_wpcom_ai_launchpad_first_post":false,"footnotes":"","jetpack_post_was_ever_published":false},"categories":[73,91],"tags":[11573,77406,64787],"class_list":["post-183305","post","type-post","status-publish","format-standard","has-post-thumbnail","hentry","category-chiesa-e-mondo","category-santita","tag-calendario-dei-santi","tag-san-raimondo-nonnato","tag-trending-it-236"],"acf":[],"yoast_head":"<!-- This site is optimized with the Yoast SEO plugin v28.4 - https:\/\/yoast.com\/product\/yoast-seo-wordpress\/ -->\n<title>Il miracolo che vince il silenzio: San Raimondo Nonnato e l&#039;audacia di dare la vita. 31 agosto &#8211; Exaudi<\/title>\n<meta name=\"robots\" content=\"index, follow, max-snippet:-1, max-image-preview:large, max-video-preview:-1\" \/>\n<link rel=\"canonical\" href=\"https:\/\/exaudi.org\/it\/il-miracolo-che-vince-il-silenzio-san-raimondo-nonnato-e-laudacia-di-dare-la-vita-31-agosto\/\" \/>\n<meta property=\"og:locale\" content=\"it_IT\" \/>\n<meta property=\"og:type\" content=\"article\" \/>\n<meta property=\"og:title\" content=\"Il miracolo che vince il silenzio: San Raimondo Nonnato e l&#039;audacia di dare la vita. 31 agosto &#8211; Exaudi\" \/>\n<meta property=\"og:description\" content=\"Al di l\u00e0 della sua protezione delle donne incinte, il ricordo del santo con il lucchetto sulla bocca ci offre oggi una lezione potente: il vero Amore non pu\u00f2 essere messo a tacere quando si tratta di salvaguardare la dignit\u00e0 umana\" \/>\n<meta property=\"og:url\" content=\"https:\/\/exaudi.org\/it\/il-miracolo-che-vince-il-silenzio-san-raimondo-nonnato-e-laudacia-di-dare-la-vita-31-agosto\/\" \/>\n<meta property=\"og:site_name\" content=\"Exaudi\" \/>\n<meta property=\"article:publisher\" content=\"https:\/\/www.facebook.com\/ExaudiNews\" \/>\n<meta property=\"article:author\" content=\"https:\/\/www.facebook.com\/ExaudiNotizie\/\" \/>\n<meta property=\"article:published_time\" content=\"2026-08-31T15:26:15+00:00\" \/>\n<meta property=\"og:image\" content=\"https:\/\/exaudi.org\/wp-content\/uploads\/2026\/08\/san-ramon-nonato_103.webp\" \/>\n\t<meta property=\"og:image:width\" content=\"1200\" \/>\n\t<meta property=\"og:image:height\" content=\"900\" \/>\n\t<meta property=\"og:image:type\" content=\"image\/webp\" \/>\n<meta name=\"author\" content=\"Exaudi Redazione\" \/>\n<meta name=\"twitter:card\" content=\"summary_large_image\" \/>\n<meta name=\"twitter:creator\" content=\"@Exaudi_Notizie\" \/>\n<meta name=\"twitter:site\" content=\"@Exaudi_News\" \/>\n<meta name=\"twitter:label1\" content=\"Scritto da\" \/>\n\t<meta name=\"twitter:data1\" content=\"Exaudi Redazione\" \/>\n\t<meta name=\"twitter:label2\" content=\"Tempo di lettura stimato\" \/>\n\t<meta name=\"twitter:data2\" content=\"3 minuti\" \/>\n<script type=\"application\/ld+json\" class=\"yoast-schema-graph\">{\"@context\":\"https:\\\/\\\/schema.org\",\"@graph\":[{\"@type\":\"Article\",\"@id\":\"https:\\\/\\\/exaudi.org\\\/it\\\/il-miracolo-che-vince-il-silenzio-san-raimondo-nonnato-e-laudacia-di-dare-la-vita-31-agosto\\\/#article\",\"isPartOf\":{\"@id\":\"https:\\\/\\\/exaudi.org\\\/it\\\/il-miracolo-che-vince-il-silenzio-san-raimondo-nonnato-e-laudacia-di-dare-la-vita-31-agosto\\\/\"},\"author\":{\"name\":\"Exaudi Redazione\",\"@id\":\"https:\\\/\\\/exaudi.org\\\/#\\\/schema\\\/person\\\/e1ab6ed07c01774724dd96f925f3a5f0\"},\"headline\":\"Il miracolo che vince il silenzio: San Raimondo Nonnato e l&#8217;audacia di dare la vita. 31 agosto\",\"datePublished\":\"2026-08-31T15:26:15+00:00\",\"mainEntityOfPage\":{\"@id\":\"https:\\\/\\\/exaudi.org\\\/it\\\/il-miracolo-che-vince-il-silenzio-san-raimondo-nonnato-e-laudacia-di-dare-la-vita-31-agosto\\\/\"},\"wordCount\":612,\"image\":{\"@id\":\"https:\\\/\\\/exaudi.org\\\/it\\\/il-miracolo-che-vince-il-silenzio-san-raimondo-nonnato-e-laudacia-di-dare-la-vita-31-agosto\\\/#primaryimage\"},\"thumbnailUrl\":\"https:\\\/\\\/i0.wp.com\\\/exaudi.org\\\/wp-content\\\/uploads\\\/2026\\\/08\\\/san-ramon-nonato_103.webp?fit=1200%2C900&ssl=1\",\"keywords\":[\"CALENDARIO DEI SANTI\",\"San Raimondo Nonnato\",\"Trending\"],\"articleSection\":[\"Chiesa e Mondo\",\"Santit\u00e0\"],\"inLanguage\":\"it-IT\"},{\"@type\":\"WebPage\",\"@id\":\"https:\\\/\\\/exaudi.org\\\/it\\\/il-miracolo-che-vince-il-silenzio-san-raimondo-nonnato-e-laudacia-di-dare-la-vita-31-agosto\\\/\",\"url\":\"https:\\\/\\\/exaudi.org\\\/it\\\/il-miracolo-che-vince-il-silenzio-san-raimondo-nonnato-e-laudacia-di-dare-la-vita-31-agosto\\\/\",\"name\":\"Il miracolo che vince il silenzio: San Raimondo Nonnato e l'audacia di dare la vita. 31 agosto &#8211; Exaudi\",\"isPartOf\":{\"@id\":\"https:\\\/\\\/exaudi.org\\\/#website\"},\"primaryImageOfPage\":{\"@id\":\"https:\\\/\\\/exaudi.org\\\/it\\\/il-miracolo-che-vince-il-silenzio-san-raimondo-nonnato-e-laudacia-di-dare-la-vita-31-agosto\\\/#primaryimage\"},\"image\":{\"@id\":\"https:\\\/\\\/exaudi.org\\\/it\\\/il-miracolo-che-vince-il-silenzio-san-raimondo-nonnato-e-laudacia-di-dare-la-vita-31-agosto\\\/#primaryimage\"},\"thumbnailUrl\":\"https:\\\/\\\/i0.wp.com\\\/exaudi.org\\\/wp-content\\\/uploads\\\/2026\\\/08\\\/san-ramon-nonato_103.webp?fit=1200%2C900&ssl=1\",\"datePublished\":\"2026-08-31T15:26:15+00:00\",\"author\":{\"@id\":\"https:\\\/\\\/exaudi.org\\\/#\\\/schema\\\/person\\\/e1ab6ed07c01774724dd96f925f3a5f0\"},\"breadcrumb\":{\"@id\":\"https:\\\/\\\/exaudi.org\\\/it\\\/il-miracolo-che-vince-il-silenzio-san-raimondo-nonnato-e-laudacia-di-dare-la-vita-31-agosto\\\/#breadcrumb\"},\"inLanguage\":\"it-IT\",\"potentialAction\":[{\"@type\":\"ReadAction\",\"target\":[\"https:\\\/\\\/exaudi.org\\\/it\\\/il-miracolo-che-vince-il-silenzio-san-raimondo-nonnato-e-laudacia-di-dare-la-vita-31-agosto\\\/\"]}]},{\"@type\":\"ImageObject\",\"inLanguage\":\"it-IT\",\"@id\":\"https:\\\/\\\/exaudi.org\\\/it\\\/il-miracolo-che-vince-il-silenzio-san-raimondo-nonnato-e-laudacia-di-dare-la-vita-31-agosto\\\/#primaryimage\",\"url\":\"https:\\\/\\\/i0.wp.com\\\/exaudi.org\\\/wp-content\\\/uploads\\\/2026\\\/08\\\/san-ramon-nonato_103.webp?fit=1200%2C900&ssl=1\",\"contentUrl\":\"https:\\\/\\\/i0.wp.com\\\/exaudi.org\\\/wp-content\\\/uploads\\\/2026\\\/08\\\/san-ramon-nonato_103.webp?fit=1200%2C900&ssl=1\",\"width\":1200,\"height\":900},{\"@type\":\"BreadcrumbList\",\"@id\":\"https:\\\/\\\/exaudi.org\\\/it\\\/il-miracolo-che-vince-il-silenzio-san-raimondo-nonnato-e-laudacia-di-dare-la-vita-31-agosto\\\/#breadcrumb\",\"itemListElement\":[{\"@type\":\"ListItem\",\"position\":1,\"name\":\"Portada\",\"item\":\"https:\\\/\\\/exaudi.org\\\/it\\\/\"},{\"@type\":\"ListItem\",\"position\":2,\"name\":\"Il miracolo che vince il silenzio: San Raimondo Nonnato e l&#8217;audacia di dare la vita. 31 agosto\"}]},{\"@type\":\"WebSite\",\"@id\":\"https:\\\/\\\/exaudi.org\\\/#website\",\"url\":\"https:\\\/\\\/exaudi.org\\\/\",\"name\":\"Exaudi\",\"description\":\"News\",\"potentialAction\":[{\"@type\":\"SearchAction\",\"target\":{\"@type\":\"EntryPoint\",\"urlTemplate\":\"https:\\\/\\\/exaudi.org\\\/?s={search_term_string}\"},\"query-input\":{\"@type\":\"PropertyValueSpecification\",\"valueRequired\":true,\"valueName\":\"search_term_string\"}}],\"inLanguage\":\"it-IT\"},{\"@type\":\"Person\",\"@id\":\"https:\\\/\\\/exaudi.org\\\/#\\\/schema\\\/person\\\/e1ab6ed07c01774724dd96f925f3a5f0\",\"name\":\"Exaudi Redazione\",\"image\":{\"@type\":\"ImageObject\",\"inLanguage\":\"it-IT\",\"@id\":\"https:\\\/\\\/secure.gravatar.com\\\/avatar\\\/ad6774b3ada023bf5b939d64f45c94b3adf91502dd883507d469b4308a943bb3?s=96&d=mm&r=g\",\"url\":\"https:\\\/\\\/secure.gravatar.com\\\/avatar\\\/ad6774b3ada023bf5b939d64f45c94b3adf91502dd883507d469b4308a943bb3?s=96&d=mm&r=g\",\"contentUrl\":\"https:\\\/\\\/secure.gravatar.com\\\/avatar\\\/ad6774b3ada023bf5b939d64f45c94b3adf91502dd883507d469b4308a943bb3?s=96&d=mm&r=g\",\"caption\":\"Exaudi Redazione\"},\"description\":\"Che cosa \u00e8 Exaudi News? Exaudi News \u00e8 un agenzia cattolica internazionale che informa, istruisce e trasforma quotidianamente in spagnolo, inglese e italiano. Attraverso notizie, articoli di analisi e trasmissioni in diretta degli eventi del Papa, Exaudi cerca di rafforzare l'unit\u00e0 dei cristiani e di contribuire all'evangelizzazione del mondo, sempre guidato dalla dottrina sociale della Chiesa. Lavoriamo per portare la verit\u00e0 e i valori cristiani in ogni angolo del pianeta. Aiutaci a trasformare il mondo con Exaudi! Noi di Exaudi crediamo che l'evangelizzazione e l'informazione di qualit\u00e0 possano cambiare la vita. Per continuare la nostra missione ed espandere la nostra portata, abbiamo bisogno del tuo aiuto. Stiamo anche cercando persone motivate che vogliano unirsi al nostro team. Grazie al vostro sostegno raggiungeremo pi\u00f9 persone, diffonderemo il messaggio di Cristo e rafforzeremo l'unit\u00e0 dei cristiani. Vuoi unirti alla nostra missione? Per maggiori informazioni su come contribuire, visita Exaudi.org\\\/it o contattaci direttamente: info@exaudi.org Exaudi: informa, forma e trasforma.\",\"sameAs\":[\"https:\\\/\\\/www.facebook.com\\\/ExaudiNotizie\\\/\",\"https:\\\/\\\/www.instagram.com\\\/Exaudi_notizie\\\/\",\"https:\\\/\\\/x.com\\\/Exaudi_Notizie\",\"https:\\\/\\\/www.youtube.com\\\/@exaudicatholicnews\"],\"url\":\"https:\\\/\\\/exaudi.org\\\/it\\\/author\\\/dlvedi-org\\\/\"}]}<\/script>\n<!-- \/ Yoast SEO plugin. -->","yoast_head_json":{"title":"Il miracolo che vince il silenzio: San Raimondo Nonnato e l'audacia di dare la vita. 31 agosto &#8211; Exaudi","robots":{"index":"index","follow":"follow","max-snippet":"max-snippet:-1","max-image-preview":"max-image-preview:large","max-video-preview":"max-video-preview:-1"},"canonical":"https:\/\/exaudi.org\/it\/il-miracolo-che-vince-il-silenzio-san-raimondo-nonnato-e-laudacia-di-dare-la-vita-31-agosto\/","og_locale":"it_IT","og_type":"article","og_title":"Il miracolo che vince il silenzio: San Raimondo Nonnato e l'audacia di dare la vita. 31 agosto &#8211; Exaudi","og_description":"Al di l\u00e0 della sua protezione delle donne incinte, il ricordo del santo con il lucchetto sulla bocca ci offre oggi una lezione potente: il vero Amore non pu\u00f2 essere messo a tacere quando si tratta di salvaguardare la dignit\u00e0 umana","og_url":"https:\/\/exaudi.org\/it\/il-miracolo-che-vince-il-silenzio-san-raimondo-nonnato-e-laudacia-di-dare-la-vita-31-agosto\/","og_site_name":"Exaudi","article_publisher":"https:\/\/www.facebook.com\/ExaudiNews","article_author":"https:\/\/www.facebook.com\/ExaudiNotizie\/","article_published_time":"2026-08-31T15:26:15+00:00","og_image":[{"width":1200,"height":900,"url":"https:\/\/exaudi.org\/wp-content\/uploads\/2026\/08\/san-ramon-nonato_103.webp","type":"image\/webp"}],"author":"Exaudi Redazione","twitter_card":"summary_large_image","twitter_creator":"@Exaudi_Notizie","twitter_site":"@Exaudi_News","twitter_misc":{"Scritto da":"Exaudi Redazione","Tempo di lettura stimato":"3 minuti"},"schema":{"@context":"https:\/\/schema.org","@graph":[{"@type":"Article","@id":"https:\/\/exaudi.org\/it\/il-miracolo-che-vince-il-silenzio-san-raimondo-nonnato-e-laudacia-di-dare-la-vita-31-agosto\/#article","isPartOf":{"@id":"https:\/\/exaudi.org\/it\/il-miracolo-che-vince-il-silenzio-san-raimondo-nonnato-e-laudacia-di-dare-la-vita-31-agosto\/"},"author":{"name":"Exaudi Redazione","@id":"https:\/\/exaudi.org\/#\/schema\/person\/e1ab6ed07c01774724dd96f925f3a5f0"},"headline":"Il miracolo che vince il silenzio: San Raimondo Nonnato e l&#8217;audacia di dare la vita. 31 agosto","datePublished":"2026-08-31T15:26:15+00:00","mainEntityOfPage":{"@id":"https:\/\/exaudi.org\/it\/il-miracolo-che-vince-il-silenzio-san-raimondo-nonnato-e-laudacia-di-dare-la-vita-31-agosto\/"},"wordCount":612,"image":{"@id":"https:\/\/exaudi.org\/it\/il-miracolo-che-vince-il-silenzio-san-raimondo-nonnato-e-laudacia-di-dare-la-vita-31-agosto\/#primaryimage"},"thumbnailUrl":"https:\/\/i0.wp.com\/exaudi.org\/wp-content\/uploads\/2026\/08\/san-ramon-nonato_103.webp?fit=1200%2C900&ssl=1","keywords":["CALENDARIO DEI SANTI","San Raimondo Nonnato","Trending"],"articleSection":["Chiesa e Mondo","Santit\u00e0"],"inLanguage":"it-IT"},{"@type":"WebPage","@id":"https:\/\/exaudi.org\/it\/il-miracolo-che-vince-il-silenzio-san-raimondo-nonnato-e-laudacia-di-dare-la-vita-31-agosto\/","url":"https:\/\/exaudi.org\/it\/il-miracolo-che-vince-il-silenzio-san-raimondo-nonnato-e-laudacia-di-dare-la-vita-31-agosto\/","name":"Il miracolo che vince il silenzio: San Raimondo Nonnato e l'audacia di dare la vita. 31 agosto &#8211; Exaudi","isPartOf":{"@id":"https:\/\/exaudi.org\/#website"},"primaryImageOfPage":{"@id":"https:\/\/exaudi.org\/it\/il-miracolo-che-vince-il-silenzio-san-raimondo-nonnato-e-laudacia-di-dare-la-vita-31-agosto\/#primaryimage"},"image":{"@id":"https:\/\/exaudi.org\/it\/il-miracolo-che-vince-il-silenzio-san-raimondo-nonnato-e-laudacia-di-dare-la-vita-31-agosto\/#primaryimage"},"thumbnailUrl":"https:\/\/i0.wp.com\/exaudi.org\/wp-content\/uploads\/2026\/08\/san-ramon-nonato_103.webp?fit=1200%2C900&ssl=1","datePublished":"2026-08-31T15:26:15+00:00","author":{"@id":"https:\/\/exaudi.org\/#\/schema\/person\/e1ab6ed07c01774724dd96f925f3a5f0"},"breadcrumb":{"@id":"https:\/\/exaudi.org\/it\/il-miracolo-che-vince-il-silenzio-san-raimondo-nonnato-e-laudacia-di-dare-la-vita-31-agosto\/#breadcrumb"},"inLanguage":"it-IT","potentialAction":[{"@type":"ReadAction","target":["https:\/\/exaudi.org\/it\/il-miracolo-che-vince-il-silenzio-san-raimondo-nonnato-e-laudacia-di-dare-la-vita-31-agosto\/"]}]},{"@type":"ImageObject","inLanguage":"it-IT","@id":"https:\/\/exaudi.org\/it\/il-miracolo-che-vince-il-silenzio-san-raimondo-nonnato-e-laudacia-di-dare-la-vita-31-agosto\/#primaryimage","url":"https:\/\/i0.wp.com\/exaudi.org\/wp-content\/uploads\/2026\/08\/san-ramon-nonato_103.webp?fit=1200%2C900&ssl=1","contentUrl":"https:\/\/i0.wp.com\/exaudi.org\/wp-content\/uploads\/2026\/08\/san-ramon-nonato_103.webp?fit=1200%2C900&ssl=1","width":1200,"height":900},{"@type":"BreadcrumbList","@id":"https:\/\/exaudi.org\/it\/il-miracolo-che-vince-il-silenzio-san-raimondo-nonnato-e-laudacia-di-dare-la-vita-31-agosto\/#breadcrumb","itemListElement":[{"@type":"ListItem","position":1,"name":"Portada","item":"https:\/\/exaudi.org\/it\/"},{"@type":"ListItem","position":2,"name":"Il miracolo che vince il silenzio: San Raimondo Nonnato e l&#8217;audacia di dare la vita. 31 agosto"}]},{"@type":"WebSite","@id":"https:\/\/exaudi.org\/#website","url":"https:\/\/exaudi.org\/","name":"Exaudi","description":"News","potentialAction":[{"@type":"SearchAction","target":{"@type":"EntryPoint","urlTemplate":"https:\/\/exaudi.org\/?s={search_term_string}"},"query-input":{"@type":"PropertyValueSpecification","valueRequired":true,"valueName":"search_term_string"}}],"inLanguage":"it-IT"},{"@type":"Person","@id":"https:\/\/exaudi.org\/#\/schema\/person\/e1ab6ed07c01774724dd96f925f3a5f0","name":"Exaudi Redazione","image":{"@type":"ImageObject","inLanguage":"it-IT","@id":"https:\/\/secure.gravatar.com\/avatar\/ad6774b3ada023bf5b939d64f45c94b3adf91502dd883507d469b4308a943bb3?s=96&d=mm&r=g","url":"https:\/\/secure.gravatar.com\/avatar\/ad6774b3ada023bf5b939d64f45c94b3adf91502dd883507d469b4308a943bb3?s=96&d=mm&r=g","contentUrl":"https:\/\/secure.gravatar.com\/avatar\/ad6774b3ada023bf5b939d64f45c94b3adf91502dd883507d469b4308a943bb3?s=96&d=mm&r=g","caption":"Exaudi Redazione"},"description":"Che cosa \u00e8 Exaudi News? Exaudi News \u00e8 un agenzia cattolica internazionale che informa, istruisce e trasforma quotidianamente in spagnolo, inglese e italiano. Attraverso notizie, articoli di analisi e trasmissioni in diretta degli eventi del Papa, Exaudi cerca di rafforzare l'unit\u00e0 dei cristiani e di contribuire all'evangelizzazione del mondo, sempre guidato dalla dottrina sociale della Chiesa. Lavoriamo per portare la verit\u00e0 e i valori cristiani in ogni angolo del pianeta. Aiutaci a trasformare il mondo con Exaudi! Noi di Exaudi crediamo che l'evangelizzazione e l'informazione di qualit\u00e0 possano cambiare la vita. Per continuare la nostra missione ed espandere la nostra portata, abbiamo bisogno del tuo aiuto. Stiamo anche cercando persone motivate che vogliano unirsi al nostro team. Grazie al vostro sostegno raggiungeremo pi\u00f9 persone, diffonderemo il messaggio di Cristo e rafforzeremo l'unit\u00e0 dei cristiani. Vuoi unirti alla nostra missione? Per maggiori informazioni su come contribuire, visita Exaudi.org\/it o contattaci direttamente: info@exaudi.org Exaudi: informa, forma e trasforma.","sameAs":["https:\/\/www.facebook.com\/ExaudiNotizie\/","https:\/\/www.instagram.com\/Exaudi_notizie\/","https:\/\/x.com\/Exaudi_Notizie","https:\/\/www.youtube.com\/@exaudicatholicnews"],"url":"https:\/\/exaudi.org\/it\/author\/dlvedi-org\/"}]}},"jetpack_shortlink":"https:\/\/wp.me\/pgKjF2-LGx","jetpack_featured_media_url":"https:\/\/i0.wp.com\/exaudi.org\/wp-content\/uploads\/2026\/08\/san-ramon-nonato_103.webp?fit=1200%2C900&ssl=1","_links":{"self":[{"href":"https:\/\/exaudi.org\/it\/wp-json\/wp\/v2\/posts\/183305","targetHints":{"allow":["GET"]}}],"collection":[{"href":"https:\/\/exaudi.org\/it\/wp-json\/wp\/v2\/posts"}],"about":[{"href":"https:\/\/exaudi.org\/it\/wp-json\/wp\/v2\/types\/post"}],"author":[{"embeddable":true,"href":"https:\/\/exaudi.org\/it\/wp-json\/wp\/v2\/users\/17"}],"replies":[{"embeddable":true,"href":"https:\/\/exaudi.org\/it\/wp-json\/wp\/v2\/comments?post=183305"}],"version-history":[{"count":4,"href":"https:\/\/exaudi.org\/it\/wp-json\/wp\/v2\/posts\/183305\/revisions"}],"predecessor-version":[{"id":183308,"href":"https:\/\/exaudi.org\/it\/wp-json\/wp\/v2\/posts\/183305\/revisions\/183308"}],"wp:featuredmedia":[{"embeddable":true,"href":"https:\/\/exaudi.org\/it\/wp-json\/wp\/v2\/media\/183240"}],"wp:attachment":[{"href":"https:\/\/exaudi.org\/it\/wp-json\/wp\/v2\/media?parent=183305"}],"wp:term":[{"taxonomy":"category","embeddable":true,"href":"https:\/\/exaudi.org\/it\/wp-json\/wp\/v2\/categories?post=183305"},{"taxonomy":"post_tag","embeddable":true,"href":"https:\/\/exaudi.org\/it\/wp-json\/wp\/v2\/tags?post=183305"}],"curies":[{"name":"wp","href":"https:\/\/api.w.org\/{rel}","templated":true}]}}