{"id":183281,"date":"2026-08-31T16:52:22","date_gmt":"2026-08-31T14:52:22","guid":{"rendered":"https:\/\/exaudi.org\/?p=183281"},"modified":"2026-08-31T16:52:22","modified_gmt":"2026-08-31T14:52:22","slug":"quando-lamicizia-abbatte-il-muro-di-cio-che-ci-e-stato-insegnato-a-temere","status":"publish","type":"post","link":"https:\/\/exaudi.org\/it\/quando-lamicizia-abbatte-il-muro-di-cio-che-ci-e-stato-insegnato-a-temere\/","title":{"rendered":"Quando l&#8217;amicizia abbatte il muro di ci\u00f2 che ci \u00e8 stato insegnato a temere"},"content":{"rendered":"<p><span dir=\"auto\" style=\"vertical-align: inherit\"><span dir=\"auto\" style=\"vertical-align: inherit\">A volte crediamo che le nostre paure ci appartengano, ma non \u00e8 sempre cos\u00ec. Alcune paure le impariamo ancor prima di saperle nominare. Arrivano avvolte in avvertimenti, in storie ripetute, in regole che nessuno mette in discussione e in frasi che sembrano proteggerci, ma che in realt\u00e0 ci separano dagli altri. Cresciamo sentendoci dire chi \u00e8 la nostra gente, chi sono i nostri simili, di chi dovremmo fidarci e da chi dovremmo stare alla larga.<\/span><\/span><\/p>\n<p><span dir=\"auto\" style=\"vertical-align: inherit\"><span dir=\"auto\" style=\"vertical-align: inherit\">Il problema di queste paure ereditate \u00e8 che mettono radici facilmente. Non hanno bisogno di molte prove. La ripetizione \u00e8 sufficiente. Un&#8217;intera comunit\u00e0 pu\u00f2 vivere per anni convinta che l&#8217;altro sia pericoloso, strano o inferiore, semplicemente perch\u00e9 nessuno ha osato oltrepassare il confine e guardare da vicino. \u00c8 cos\u00ec che nascono molti pregiudizi: non dalla conoscenza, ma dalla distanza.<\/span><\/span><\/p>\n<div class=\"code-block code-block-1\">\n<p>&nbsp;<\/p>\n<div id=\"aswift_2_host\"><\/div>\n<p>&nbsp;<\/p>\n<\/div>\n<p><em><span dir=\"auto\" style=\"vertical-align: inherit\"><span dir=\"auto\" style=\"vertical-align: inherit\">Ernest &amp; Celestine<\/span><\/span><\/em><span dir=\"auto\" style=\"vertical-align: inherit\"><span dir=\"auto\" style=\"vertical-align: inherit\"> \u00a0sembra un film piccolo e delicato, quasi disegnato con la dolcezza di una fiaba per bambini. Ma sotto questa superficie luminosa si cela una delle domande pi\u00f9 importanti per imparare a convivere:\u00a0 <\/span><\/span><strong><span dir=\"auto\" style=\"vertical-align: inherit\"><span dir=\"auto\" style=\"vertical-align: inherit\">quante volte rifiutiamo qualcuno non per quello che \u00e8, ma per quello che ci \u00e8 stato insegnato a pensare di lui?<\/span><\/span><\/strong><\/p>\n<p><span dir=\"auto\" style=\"vertical-align: inherit\"><span dir=\"auto\" style=\"vertical-align: inherit\">Il film non ha bisogno di alzare la voce per parlare di tolleranza, amicizia o inclusione. Lo fa in un modo molto pi\u00f9 bello: ci mostra due personaggi che, secondo le regole dei loro mondi, non dovrebbero mai fidarsi l&#8217;uno dell&#8217;altro. Eppure, proprio perch\u00e9 si incontrano, scoprono che molte delle certezze con cui erano cresciuti non erano verit\u00e0, ma muri.<\/span><\/span><\/p>\n<h3><strong><span dir=\"auto\" style=\"vertical-align: inherit\"><span dir=\"auto\" style=\"vertical-align: inherit\">Sinossi<\/span><\/span><\/strong><\/h3>\n<p><span dir=\"auto\" style=\"vertical-align: inherit\"><span dir=\"auto\" style=\"vertical-align: inherit\">Celestine \u00e8 una topolina che vive nel mondo sotterraneo dei topi, dove fin da piccoli tutti imparano che gli orsi sono creature temibili. Ernest \u00e8 un orso povero, solitario e un po&#8217; goffo che vive in superficie, in una societ\u00e0 in cui anche i topi sono visti con sospetto.<\/span><\/span><\/p>\n<p><span dir=\"auto\" style=\"vertical-align: inherit\"><span dir=\"auto\" style=\"vertical-align: inherit\">Le loro strade si incrociano inaspettatamente e, sebbene tutto intorno a loro sembri indicare che non dovrebbero stare insieme, tra loro sboccia un&#8217;improbabile amicizia. C\u00e9lestine trova in Ernest pi\u00f9 di una semplice protezione: trova qualcuno che la ascolta davvero. Ernest, dal canto suo, scopre in C\u00e9lestine una compagna che gli dona tenerezza, gioia e uno scopo nella vita.<\/span><\/span><\/p>\n<p><span dir=\"auto\" style=\"vertical-align: inherit\"><span dir=\"auto\" style=\"vertical-align: inherit\">Quella che inizia come un&#8217;alleanza forzata si trasforma in una sfida silenziosa tra due mondi che preferiscono preservare i propri pregiudizi piuttosto che accettare una semplice verit\u00e0: l&#8217;altro non \u00e8 sempre come ci \u00e8 stato descritto.<\/span><\/span><\/p>\n<h3><strong><span dir=\"auto\" style=\"vertical-align: inherit\"><span dir=\"auto\" style=\"vertical-align: inherit\">Vuoi venire con me?<\/span><\/span><\/strong><\/h3>\n<p><span dir=\"auto\" style=\"vertical-align: inherit\"><span dir=\"auto\" style=\"vertical-align: inherit\">C&#8217;\u00e8 qualcosa di profondamente educativo nel modo in cui questo film costruisce il suo conflitto. Non presenta Ernest e Celestine come eroi che vogliono cambiare il mondo fin dall&#8217;inizio. Non cercano di iniziare una rivoluzione o di dimostrare qualcosa a qualcuno. Semplicemente si incontrano. E quell&#8217;incontro, apparentemente cos\u00ec insignificante, inizia a smantellare un intero sistema di paure.<\/span><\/span><\/p>\n<p><span dir=\"auto\" style=\"vertical-align: inherit\"><span dir=\"auto\" style=\"vertical-align: inherit\">Forse le grandi trasformazioni iniziano cos\u00ec, non con discorsi, ma con un&#8217;esperienza concreta che ci costringe a riconsiderare ci\u00f2 che credevamo di sapere. C\u00e9lestine non smette di temere gli orsi perch\u00e9 qualcuno le fornisce una spiegazione migliore. Smette di temerli perch\u00e9 incontra Ernest. Ernest non cambia il suo modo di vedere i topi per via di una teoria sulla coesistenza. Cambia perch\u00e9 C\u00e9lestine entra nella sua vita e cessa di essere un&#8217;idea astratta, diventando una persona con un nome, una voce e un cuore.<\/span><\/span><\/p>\n<p><span dir=\"auto\" style=\"vertical-align: inherit\"><span dir=\"auto\" style=\"vertical-align: inherit\">Questo accade anche nella vita reale. \u00c8 facile parlare di collettivit\u00e0, gruppi, fazioni, categorie o etichette. \u00c8 facile avere opinioni su chi \u00e8 lontano. La difficolt\u00e0 inizia quando l&#8217;altra persona smette di essere solo una parola e diventa una persona reale. Allora non possiamo pi\u00f9 rifugiarci cos\u00ec comodamente in ci\u00f2 che ci \u00e8 stato detto. Un incontro autentico ci disarma perch\u00e9 ci costringe a riconoscere che nessuna persona pu\u00f2 essere completamente racchiusa nei pregiudizi che altri hanno creato su di lei.<\/span><\/span><\/p>\n<p><span dir=\"auto\" style=\"vertical-align: inherit\"><span dir=\"auto\" style=\"vertical-align: inherit\">L&#8217;amicizia tra Ernest e C\u00e9lestine \u00e8 cos\u00ec commovente perch\u00e9 non nasce dall&#8217;uguaglianza, ma dalla differenza. Non sono simili, non provengono dallo stesso mondo, non hanno ricevuto la stessa istruzione, n\u00e9 occupano lo stesso posto nelle rispettive comunit\u00e0. Eppure, tra loro c&#8217;\u00e8 qualcosa che vale pi\u00f9 di qualsiasi somiglianza: la volont\u00e0 di ascoltarsi a vicenda senza preconcetti.<\/span><\/span><\/p>\n<p><span dir=\"auto\" style=\"vertical-align: inherit\"><span dir=\"auto\" style=\"vertical-align: inherit\">Questa \u00e8 una delle grandi lezioni del film. Vivere insieme non significa circondarsi solo di persone che confermano la nostra visione del mondo. Vivere insieme significa accettare che gli altri possono metterci a disagio, sorprenderci, correggerci e ampliare la nostra prospettiva. La vera amicizia non nasce sempre dove tutto combacia, ma dove due persone osano scoprire che le loro differenze non devono necessariamente diventare una minaccia.<\/span><\/span><\/p>\n<p><span dir=\"auto\" style=\"vertical-align: inherit\"><span dir=\"auto\" style=\"vertical-align: inherit\">C&#8217;\u00e8 anche una bellezza particolare nel modo in cui il film affronta la solitudine. Ernest vive in disparte, indurito da una vita difficile, abituato a sopravvivere con poco. C\u00e9lestine vive in un mondo che cerca di decidere per lei cosa dovrebbe essere, cosa dovrebbe fare e cosa dovrebbe temere. Entrambi, in modi diversi, sono soli prima di incontrarsi. E forse \u00e8 per questo che la loro amicizia non \u00e8 solo un atto di tenerezza, ma anche una forma di salvezza. Non vengono salvati perch\u00e9 uno \u00e8 forte e l&#8217;altro debole. Vengono salvati perch\u00e9 entrambi scoprono di poter essere visti senza doversi difendere.<\/span><\/span><\/p>\n<p><span dir=\"auto\" style=\"vertical-align: inherit\"><span dir=\"auto\" style=\"vertical-align: inherit\">Viviamo in un&#8217;epoca in cui i pregiudizi viaggiano molto velocemente. A volte non hanno nemmeno bisogno di una conversazione; basta un&#8217;immagine, un titolo, una pubblicazione o una frase ripetuta pi\u00f9 volte. Etichettiamo in fretta e ascoltiamo lentamente. Giudichiamo prima di conoscere. Reagiamo prima di comprendere. E in questo clima, storie come quella\u00a0 <\/span><\/span><em><span dir=\"auto\" style=\"vertical-align: inherit\"><span dir=\"auto\" style=\"vertical-align: inherit\">di Ernest e Celestine<\/span><\/span><\/em><span dir=\"auto\" style=\"vertical-align: inherit\"><span dir=\"auto\" style=\"vertical-align: inherit\"> \u00a0diventano necessarie perch\u00e9 ci ricordano qualcosa di essenziale: la convivenza \u00e8 impossibile se prima non recuperiamo la capacit\u00e0 di guardare gli altri con innocenza, pazienza e imparzialit\u00e0.<\/span><\/span><\/p>\n<p><span dir=\"auto\" style=\"vertical-align: inherit\"><span dir=\"auto\" style=\"vertical-align: inherit\">Il film non ci chiede di essere ingenui. Non ci dice che tutte le paure sono infondate o che tutte le relazioni sono semplici. Ci\u00f2 che propone \u00e8 molto pi\u00f9 profondo: distinguere tra la prudenza che nasce dalla realt\u00e0 e il pregiudizio che nasce dall&#8217;ignoranza. Non tutte le paure ci proteggono. Alcune paure non fanno altro che mantenere in vita confini di cui si \u00e8 dimenticato lo scopo.<\/span><\/span><\/p>\n<h3><strong><span dir=\"auto\" style=\"vertical-align: inherit\"><span dir=\"auto\" style=\"vertical-align: inherit\">Per i giovani<\/span><\/span><\/strong><\/h3>\n<p><span dir=\"auto\" style=\"vertical-align: inherit\"><span dir=\"auto\" style=\"vertical-align: inherit\">Per i giovani,\u00a0 <\/span><\/span><em><span dir=\"auto\" style=\"vertical-align: inherit\"><span dir=\"auto\" style=\"vertical-align: inherit\">Ernest e Celestine<\/span><\/span><\/em><span dir=\"auto\" style=\"vertical-align: inherit\"><span dir=\"auto\" style=\"vertical-align: inherit\"> \u00a0possono rappresentare un prezioso invito a riconsiderare le idee consolidate. Nell&#8217;adolescenza e nella prima et\u00e0 adulta, molte prospettive vengono ereditate: su chi \u00e8 diverso, su chi non appartiene al gruppo, su chi vive, pensa o sente in modo diverso. A volte, basta sentire un&#8217;opinione ripetuta pi\u00f9 volte per farla propria.<\/span><\/span><\/p>\n<p><span dir=\"auto\" style=\"vertical-align: inherit\"><span dir=\"auto\" style=\"vertical-align: inherit\">Questa storia ci ricorda che crescere implica anche imparare a chiedersi se le nostre idee siano davvero nostre o se le abbiamo semplicemente recepite senza analizzarle. Avere discernimento non significa diffidare di tutto, ma piuttosto osare prendersi cura di s\u00e9 stessi. E poche cose ci aiutano a maturare quanto scoprire che qualcuno che ci \u00e8 stato insegnato a temere pu\u00f2, se lo affrontiamo con onest\u00e0, diventare una persona capace di arricchire la nostra vita.<\/span><\/span><\/p>\n<h3><strong><span dir=\"auto\" style=\"vertical-align: inherit\"><span dir=\"auto\" style=\"vertical-align: inherit\">Per gli educatori<\/span><\/span><\/strong><\/h3>\n<p><span dir=\"auto\" style=\"vertical-align: inherit\"><span dir=\"auto\" style=\"vertical-align: inherit\">Dal punto di vista educativo, il film offre materiale straordinario per affrontare i temi del pregiudizio, della convivenza e della costruzione sociale della paura. Lo fa non attraverso un conflitto aggressivo, ma attraverso la delicatezza, consentendo conversazioni profonde senza bisogno di imposizioni.<\/span><\/span><\/p>\n<p><span dir=\"auto\" style=\"vertical-align: inherit\"><span dir=\"auto\" style=\"vertical-align: inherit\">Offrire supporto educativo a bambini e ragazzi significa anche aiutarli a scoprire come si formano le etichette, come vengono trasmesse le narrazioni sull'&#8221;altro&#8221; e come una comunit\u00e0 pu\u00f2 arrivare a giustificare divisioni ingiuste semplicemente perch\u00e9 sono sempre state vissute in quel modo. L&#8217;educazione consiste nell&#8217;insegnare contenuti, certo, ma anche nell&#8217;insegnare a vedere. E vedere bene significa non confondere una categoria con una persona, n\u00e9 una differenza con una minaccia.<\/span><\/span><\/p>\n<h3><strong><span dir=\"auto\" style=\"vertical-align: inherit\"><span dir=\"auto\" style=\"vertical-align: inherit\">Per le famiglie<\/span><\/span><\/strong><\/h3>\n<p><span dir=\"auto\" style=\"vertical-align: inherit\"><span dir=\"auto\" style=\"vertical-align: inherit\">Per le famiglie,\u00a0 <\/span><\/span><em><span dir=\"auto\" style=\"vertical-align: inherit\"><span dir=\"auto\" style=\"vertical-align: inherit\">Ernest e Celestine<\/span><\/span><\/em><span dir=\"auto\" style=\"vertical-align: inherit\"><span dir=\"auto\" style=\"vertical-align: inherit\"> \u00a0offre una riflessione molto attuale. Spesso trasmettiamo paure senza rendercene conto. Lo facciamo con piccole frasi, con gesti preventivi, con commenti apparentemente innocenti che i bambini finiscono per interiorizzare come modo di vedere il mondo. Non possiamo sempre controllare ci\u00f2 che imparano fuori casa, ma possiamo fare attenzione a come parliamo degli altri in famiglia.<\/span><\/span><\/p>\n<p><span dir=\"auto\" style=\"vertical-align: inherit\"><span dir=\"auto\" style=\"vertical-align: inherit\">Una famiglia educa anche quando insegna a non disprezzare, a non deridere, a non ridurre nessuno alla sua origine, al suo aspetto, alle sue stranezze o alla storia che altri hanno raccontato su di lui. E forse una delle eredit\u00e0 migliori che possiamo lasciare non \u00e8 solo un insieme di valori, ma un modo pi\u00f9 compassionevole di guardare chi \u00e8 diverso da noi.<\/span><\/span><\/p>\n<h3><strong><span dir=\"auto\" style=\"vertical-align: inherit\"><span dir=\"auto\" style=\"vertical-align: inherit\">La domanda che rimane<\/span><\/span><\/strong><\/h3>\n<p><em><span dir=\"auto\" style=\"vertical-align: inherit\"><span dir=\"auto\" style=\"vertical-align: inherit\">Ernest e Celestine<\/span><\/span><\/em><span dir=\"auto\" style=\"vertical-align: inherit\"><span dir=\"auto\" style=\"vertical-align: inherit\"> \u00a0ci ricorda che i muri pi\u00f9 difficili da abbattere non sono sempre fatti di pietra. A volte sono fatti di storie ereditate, parole ripetute e paure che nessuno ha osato affrontare. Ma ci ricorda anche che un singolo incontro autentico pu\u00f2 incrinare quel muro.<\/span><\/span><\/p>\n<p><span dir=\"auto\" style=\"vertical-align: inherit\"><span dir=\"auto\" style=\"vertical-align: inherit\">Perch\u00e9 quando l&#8217;altra persona smette di essere una minaccia e inizia ad avere un volto, qualcosa cambia dentro di noi. Non riusciamo pi\u00f9 a vedere le cose allo stesso modo. Non possiamo pi\u00f9 rifugiarci cos\u00ec facilmente in ci\u00f2 che ci \u00e8 stato raccontato. E forse \u00e8 proprio l\u00ec che inizia un modo di vivere pi\u00f9 umano: nell&#8217;istante in cui smettiamo di chiederci a quale mondo appartiene qualcuno e iniziamo a chiederci quale storia porta con s\u00e9.<\/span><\/span><\/p>\n<p><strong><span dir=\"auto\" style=\"vertical-align: inherit\"><span dir=\"auto\" style=\"vertical-align: inherit\">Chi potresti guardare in modo diverso se smettessi, anche solo per un momento, di vederlo attraverso i pregiudizi che gli altri ti hanno trasmesso?<\/span><\/span><\/strong><\/p>\n<p><strong><span dir=\"auto\" style=\"vertical-align: inherit\"><span dir=\"auto\" style=\"vertical-align: inherit\">Analisi di\u00a0 <\/span><\/span><a href=\"https:\/\/www.linkedin.com\/in\/jos%C3%A9mar%C3%ADas%C3%A1nchezvilla\/\" target=\"_blank\" rel=\"noopener\"><span dir=\"auto\" style=\"vertical-align: inherit\"><span dir=\"auto\" style=\"vertical-align: inherit\">Jos\u00e9 Mar\u00eda S\u00e1nchez Villa<\/span><\/span><\/a><\/strong><\/p>\n","protected":false},"excerpt":{"rendered":"<p>Ernest e Celestine: una storia di pregiudizi ereditari, fiducia e il coraggio di guardare gli altri per la prima volta<\/p>\n","protected":false},"author":157,"featured_media":183000,"comment_status":"closed","ping_status":"closed","sticky":false,"template":"","format":"standard","meta":{"_acf_changed":false,"inline_featured_image":false,"_wpcom_ai_launchpad_first_post":false,"footnotes":"","jetpack_post_was_ever_published":false},"categories":[71],"tags":[109277,114886,121137,16531,109281,21565,121138,121139,68752,72351,121140,109287,64787],"class_list":["post-183281","post","type-post","status-publish","format-standard","has-post-thumbnail","hentry","category-analisi","tag-analisi-cinematografica","tag-cinema-e-istruzione","tag-convivenza-e-tolleranza","tag-crescita-personale","tag-diversita-e-inclusione","tag-educazione-ai-valori","tag-empatia-e-amicizia","tag-ernest-e-celestine","tag-jose-maria-sanchez-villa-2","tag-marketing-e-servizi","tag-pregiudizi-ereditari","tag-superare-le-paure","tag-trending-it-236"],"acf":[],"yoast_head":"<!-- This site is optimized with the Yoast SEO plugin v28.4 - https:\/\/yoast.com\/product\/yoast-seo-wordpress\/ -->\n<title>Quando l&#039;amicizia abbatte il muro di ci\u00f2 che ci \u00e8 stato insegnato a temere &#8211; Exaudi<\/title>\n<meta name=\"robots\" content=\"index, follow, max-snippet:-1, max-image-preview:large, max-video-preview:-1\" \/>\n<link rel=\"canonical\" href=\"https:\/\/exaudi.org\/it\/quando-lamicizia-abbatte-il-muro-di-cio-che-ci-e-stato-insegnato-a-temere\/\" \/>\n<meta property=\"og:locale\" content=\"it_IT\" \/>\n<meta property=\"og:type\" content=\"article\" \/>\n<meta property=\"og:title\" content=\"Quando l&#039;amicizia abbatte il muro di ci\u00f2 che ci \u00e8 stato insegnato a temere &#8211; Exaudi\" \/>\n<meta property=\"og:description\" content=\"Ernest e Celestine: una storia di pregiudizi ereditari, fiducia e il coraggio di guardare gli altri per la prima volta\" \/>\n<meta property=\"og:url\" content=\"https:\/\/exaudi.org\/it\/quando-lamicizia-abbatte-il-muro-di-cio-che-ci-e-stato-insegnato-a-temere\/\" \/>\n<meta property=\"og:site_name\" content=\"Exaudi\" \/>\n<meta property=\"article:publisher\" content=\"https:\/\/www.facebook.com\/ExaudiNews\" \/>\n<meta property=\"article:author\" content=\"https:\/\/marketingyservicios.com\/\" \/>\n<meta property=\"article:published_time\" content=\"2026-08-31T14:52:22+00:00\" \/>\n<meta property=\"og:image\" content=\"https:\/\/exaudi.org\/wp-content\/uploads\/2026\/08\/005-ernest-et-clementine-destacada2-f1fa651a-6ed3-4fe5-9813-411746fc5189.jpg\" \/>\n\t<meta property=\"og:image:width\" content=\"1731\" \/>\n\t<meta property=\"og:image:height\" content=\"1001\" \/>\n\t<meta property=\"og:image:type\" content=\"image\/jpeg\" \/>\n<meta name=\"author\" content=\"Marketing y Servicios\" \/>\n<meta name=\"twitter:card\" content=\"summary_large_image\" \/>\n<meta name=\"twitter:creator\" content=\"@mentoring_sev\" \/>\n<meta name=\"twitter:site\" content=\"@Exaudi_News\" \/>\n<meta name=\"twitter:label1\" content=\"Scritto da\" \/>\n\t<meta name=\"twitter:data1\" content=\"Marketing y Servicios\" \/>\n\t<meta name=\"twitter:label2\" content=\"Tempo di lettura stimato\" \/>\n\t<meta name=\"twitter:data2\" content=\"8 minuti\" \/>\n<script type=\"application\/ld+json\" class=\"yoast-schema-graph\">{\"@context\":\"https:\\\/\\\/schema.org\",\"@graph\":[{\"@type\":\"Article\",\"@id\":\"https:\\\/\\\/exaudi.org\\\/it\\\/quando-lamicizia-abbatte-il-muro-di-cio-che-ci-e-stato-insegnato-a-temere\\\/#article\",\"isPartOf\":{\"@id\":\"https:\\\/\\\/exaudi.org\\\/it\\\/quando-lamicizia-abbatte-il-muro-di-cio-che-ci-e-stato-insegnato-a-temere\\\/\"},\"author\":{\"name\":\"Marketing y Servicios\",\"@id\":\"https:\\\/\\\/exaudi.org\\\/#\\\/schema\\\/person\\\/0ec39b1037553be7468a8044044a7283\"},\"headline\":\"Quando l&#8217;amicizia abbatte il muro di ci\u00f2 che ci \u00e8 stato insegnato a temere\",\"datePublished\":\"2026-08-31T14:52:22+00:00\",\"mainEntityOfPage\":{\"@id\":\"https:\\\/\\\/exaudi.org\\\/it\\\/quando-lamicizia-abbatte-il-muro-di-cio-che-ci-e-stato-insegnato-a-temere\\\/\"},\"wordCount\":1547,\"image\":{\"@id\":\"https:\\\/\\\/exaudi.org\\\/it\\\/quando-lamicizia-abbatte-il-muro-di-cio-che-ci-e-stato-insegnato-a-temere\\\/#primaryimage\"},\"thumbnailUrl\":\"https:\\\/\\\/i0.wp.com\\\/exaudi.org\\\/wp-content\\\/uploads\\\/2026\\\/08\\\/005-ernest-et-clementine-destacada2-f1fa651a-6ed3-4fe5-9813-411746fc5189.jpg?fit=1731%2C1001&ssl=1\",\"keywords\":[\"analisi cinematografica\",\"Cinema e istruzione\",\"Convivenza e tolleranza\",\"CRESCITA PERSONALE\",\"diversit\u00e0 e inclusione\",\"EDUCAZIONE AI VALORI\",\"Empatia e amicizia\",\"Ernest e Celestine\",\"Jos\u00e9 Mar\u00eda S\u00e1nchez Villa\",\"Marketing e servizi\",\"Pregiudizi ereditari\",\"superare le paure\",\"Trending\"],\"articleSection\":[\"Analisi\"],\"inLanguage\":\"it-IT\"},{\"@type\":\"WebPage\",\"@id\":\"https:\\\/\\\/exaudi.org\\\/it\\\/quando-lamicizia-abbatte-il-muro-di-cio-che-ci-e-stato-insegnato-a-temere\\\/\",\"url\":\"https:\\\/\\\/exaudi.org\\\/it\\\/quando-lamicizia-abbatte-il-muro-di-cio-che-ci-e-stato-insegnato-a-temere\\\/\",\"name\":\"Quando l'amicizia abbatte il muro di ci\u00f2 che ci \u00e8 stato insegnato a temere &#8211; Exaudi\",\"isPartOf\":{\"@id\":\"https:\\\/\\\/exaudi.org\\\/#website\"},\"primaryImageOfPage\":{\"@id\":\"https:\\\/\\\/exaudi.org\\\/it\\\/quando-lamicizia-abbatte-il-muro-di-cio-che-ci-e-stato-insegnato-a-temere\\\/#primaryimage\"},\"image\":{\"@id\":\"https:\\\/\\\/exaudi.org\\\/it\\\/quando-lamicizia-abbatte-il-muro-di-cio-che-ci-e-stato-insegnato-a-temere\\\/#primaryimage\"},\"thumbnailUrl\":\"https:\\\/\\\/i0.wp.com\\\/exaudi.org\\\/wp-content\\\/uploads\\\/2026\\\/08\\\/005-ernest-et-clementine-destacada2-f1fa651a-6ed3-4fe5-9813-411746fc5189.jpg?fit=1731%2C1001&ssl=1\",\"datePublished\":\"2026-08-31T14:52:22+00:00\",\"author\":{\"@id\":\"https:\\\/\\\/exaudi.org\\\/#\\\/schema\\\/person\\\/0ec39b1037553be7468a8044044a7283\"},\"breadcrumb\":{\"@id\":\"https:\\\/\\\/exaudi.org\\\/it\\\/quando-lamicizia-abbatte-il-muro-di-cio-che-ci-e-stato-insegnato-a-temere\\\/#breadcrumb\"},\"inLanguage\":\"it-IT\",\"potentialAction\":[{\"@type\":\"ReadAction\",\"target\":[\"https:\\\/\\\/exaudi.org\\\/it\\\/quando-lamicizia-abbatte-il-muro-di-cio-che-ci-e-stato-insegnato-a-temere\\\/\"]}]},{\"@type\":\"ImageObject\",\"inLanguage\":\"it-IT\",\"@id\":\"https:\\\/\\\/exaudi.org\\\/it\\\/quando-lamicizia-abbatte-il-muro-di-cio-che-ci-e-stato-insegnato-a-temere\\\/#primaryimage\",\"url\":\"https:\\\/\\\/i0.wp.com\\\/exaudi.org\\\/wp-content\\\/uploads\\\/2026\\\/08\\\/005-ernest-et-clementine-destacada2-f1fa651a-6ed3-4fe5-9813-411746fc5189.jpg?fit=1731%2C1001&ssl=1\",\"contentUrl\":\"https:\\\/\\\/i0.wp.com\\\/exaudi.org\\\/wp-content\\\/uploads\\\/2026\\\/08\\\/005-ernest-et-clementine-destacada2-f1fa651a-6ed3-4fe5-9813-411746fc5189.jpg?fit=1731%2C1001&ssl=1\",\"width\":1731,\"height\":1001},{\"@type\":\"BreadcrumbList\",\"@id\":\"https:\\\/\\\/exaudi.org\\\/it\\\/quando-lamicizia-abbatte-il-muro-di-cio-che-ci-e-stato-insegnato-a-temere\\\/#breadcrumb\",\"itemListElement\":[{\"@type\":\"ListItem\",\"position\":1,\"name\":\"Portada\",\"item\":\"https:\\\/\\\/exaudi.org\\\/it\\\/\"},{\"@type\":\"ListItem\",\"position\":2,\"name\":\"Quando l&#8217;amicizia abbatte il muro di ci\u00f2 che ci \u00e8 stato insegnato a temere\"}]},{\"@type\":\"WebSite\",\"@id\":\"https:\\\/\\\/exaudi.org\\\/#website\",\"url\":\"https:\\\/\\\/exaudi.org\\\/\",\"name\":\"Exaudi\",\"description\":\"News\",\"potentialAction\":[{\"@type\":\"SearchAction\",\"target\":{\"@type\":\"EntryPoint\",\"urlTemplate\":\"https:\\\/\\\/exaudi.org\\\/?s={search_term_string}\"},\"query-input\":{\"@type\":\"PropertyValueSpecification\",\"valueRequired\":true,\"valueName\":\"search_term_string\"}}],\"inLanguage\":\"it-IT\"},{\"@type\":\"Person\",\"@id\":\"https:\\\/\\\/exaudi.org\\\/#\\\/schema\\\/person\\\/0ec39b1037553be7468a8044044a7283\",\"name\":\"Marketing y Servicios\",\"image\":{\"@type\":\"ImageObject\",\"inLanguage\":\"it-IT\",\"@id\":\"https:\\\/\\\/secure.gravatar.com\\\/avatar\\\/887d69b0afc81051391a1aa8022a59db22c5ad6f2eecb945ce1b0d0613c61b5f?s=96&d=mm&r=g\",\"url\":\"https:\\\/\\\/secure.gravatar.com\\\/avatar\\\/887d69b0afc81051391a1aa8022a59db22c5ad6f2eecb945ce1b0d0613c61b5f?s=96&d=mm&r=g\",\"contentUrl\":\"https:\\\/\\\/secure.gravatar.com\\\/avatar\\\/887d69b0afc81051391a1aa8022a59db22c5ad6f2eecb945ce1b0d0613c61b5f?s=96&d=mm&r=g\",\"caption\":\"Marketing y Servicios\"},\"description\":\"Ideas para mejorar el mundo . Director: Jos\u00e9 Miguel Ponce . Profesor universitario e investigador en Marketing y Gesti\u00f3n de Servicios, con experiencia en cinco universidades p\u00fablicas y privadas. Sevillano de origen, ha vivido en varias ciudades de Espa\u00f1a y actualmente reside en Sevilla. Apasionado por la educaci\u00f3n, la comunicaci\u00f3n y las relaciones humanas, considera la amistad y la empat\u00eda clave en su vida y ense\u00f1anza. Ha publicado investigaciones sobre Marketing, Calidad de Servicio y organizaciones sin \u00e1nimo de lucro. Humanista y optimista, promueve el agradecimiento y la coherencia como valores fundamentales.\",\"sameAs\":[\"https:\\\/\\\/marketingyservicios.com\\\/\",\"https:\\\/\\\/www.instagram.com\\\/mentoringsevilla\\\/\",\"https:\\\/\\\/www.linkedin.com\\\/company\\\/marketing-y-servicios\\\/\",\"https:\\\/\\\/x.com\\\/mentoring_sev\",\"https:\\\/\\\/www.youtube.com\\\/@marketingyservicios649\"],\"url\":\"https:\\\/\\\/exaudi.org\\\/it\\\/author\\\/jose-miguel-ponce\\\/\"}]}<\/script>\n<!-- \/ Yoast SEO plugin. -->","yoast_head_json":{"title":"Quando l'amicizia abbatte il muro di ci\u00f2 che ci \u00e8 stato insegnato a temere &#8211; Exaudi","robots":{"index":"index","follow":"follow","max-snippet":"max-snippet:-1","max-image-preview":"max-image-preview:large","max-video-preview":"max-video-preview:-1"},"canonical":"https:\/\/exaudi.org\/it\/quando-lamicizia-abbatte-il-muro-di-cio-che-ci-e-stato-insegnato-a-temere\/","og_locale":"it_IT","og_type":"article","og_title":"Quando l'amicizia abbatte il muro di ci\u00f2 che ci \u00e8 stato insegnato a temere &#8211; Exaudi","og_description":"Ernest e Celestine: una storia di pregiudizi ereditari, fiducia e il coraggio di guardare gli altri per la prima volta","og_url":"https:\/\/exaudi.org\/it\/quando-lamicizia-abbatte-il-muro-di-cio-che-ci-e-stato-insegnato-a-temere\/","og_site_name":"Exaudi","article_publisher":"https:\/\/www.facebook.com\/ExaudiNews","article_author":"https:\/\/marketingyservicios.com\/","article_published_time":"2026-08-31T14:52:22+00:00","og_image":[{"width":1731,"height":1001,"url":"https:\/\/exaudi.org\/wp-content\/uploads\/2026\/08\/005-ernest-et-clementine-destacada2-f1fa651a-6ed3-4fe5-9813-411746fc5189.jpg","type":"image\/jpeg"}],"author":"Marketing y Servicios","twitter_card":"summary_large_image","twitter_creator":"@mentoring_sev","twitter_site":"@Exaudi_News","twitter_misc":{"Scritto da":"Marketing y Servicios","Tempo di lettura stimato":"8 minuti"},"schema":{"@context":"https:\/\/schema.org","@graph":[{"@type":"Article","@id":"https:\/\/exaudi.org\/it\/quando-lamicizia-abbatte-il-muro-di-cio-che-ci-e-stato-insegnato-a-temere\/#article","isPartOf":{"@id":"https:\/\/exaudi.org\/it\/quando-lamicizia-abbatte-il-muro-di-cio-che-ci-e-stato-insegnato-a-temere\/"},"author":{"name":"Marketing y Servicios","@id":"https:\/\/exaudi.org\/#\/schema\/person\/0ec39b1037553be7468a8044044a7283"},"headline":"Quando l&#8217;amicizia abbatte il muro di ci\u00f2 che ci \u00e8 stato insegnato a temere","datePublished":"2026-08-31T14:52:22+00:00","mainEntityOfPage":{"@id":"https:\/\/exaudi.org\/it\/quando-lamicizia-abbatte-il-muro-di-cio-che-ci-e-stato-insegnato-a-temere\/"},"wordCount":1547,"image":{"@id":"https:\/\/exaudi.org\/it\/quando-lamicizia-abbatte-il-muro-di-cio-che-ci-e-stato-insegnato-a-temere\/#primaryimage"},"thumbnailUrl":"https:\/\/i0.wp.com\/exaudi.org\/wp-content\/uploads\/2026\/08\/005-ernest-et-clementine-destacada2-f1fa651a-6ed3-4fe5-9813-411746fc5189.jpg?fit=1731%2C1001&ssl=1","keywords":["analisi cinematografica","Cinema e istruzione","Convivenza e tolleranza","CRESCITA PERSONALE","diversit\u00e0 e inclusione","EDUCAZIONE AI VALORI","Empatia e amicizia","Ernest e Celestine","Jos\u00e9 Mar\u00eda S\u00e1nchez Villa","Marketing e servizi","Pregiudizi ereditari","superare le paure","Trending"],"articleSection":["Analisi"],"inLanguage":"it-IT"},{"@type":"WebPage","@id":"https:\/\/exaudi.org\/it\/quando-lamicizia-abbatte-il-muro-di-cio-che-ci-e-stato-insegnato-a-temere\/","url":"https:\/\/exaudi.org\/it\/quando-lamicizia-abbatte-il-muro-di-cio-che-ci-e-stato-insegnato-a-temere\/","name":"Quando l'amicizia abbatte il muro di ci\u00f2 che ci \u00e8 stato insegnato a temere &#8211; Exaudi","isPartOf":{"@id":"https:\/\/exaudi.org\/#website"},"primaryImageOfPage":{"@id":"https:\/\/exaudi.org\/it\/quando-lamicizia-abbatte-il-muro-di-cio-che-ci-e-stato-insegnato-a-temere\/#primaryimage"},"image":{"@id":"https:\/\/exaudi.org\/it\/quando-lamicizia-abbatte-il-muro-di-cio-che-ci-e-stato-insegnato-a-temere\/#primaryimage"},"thumbnailUrl":"https:\/\/i0.wp.com\/exaudi.org\/wp-content\/uploads\/2026\/08\/005-ernest-et-clementine-destacada2-f1fa651a-6ed3-4fe5-9813-411746fc5189.jpg?fit=1731%2C1001&ssl=1","datePublished":"2026-08-31T14:52:22+00:00","author":{"@id":"https:\/\/exaudi.org\/#\/schema\/person\/0ec39b1037553be7468a8044044a7283"},"breadcrumb":{"@id":"https:\/\/exaudi.org\/it\/quando-lamicizia-abbatte-il-muro-di-cio-che-ci-e-stato-insegnato-a-temere\/#breadcrumb"},"inLanguage":"it-IT","potentialAction":[{"@type":"ReadAction","target":["https:\/\/exaudi.org\/it\/quando-lamicizia-abbatte-il-muro-di-cio-che-ci-e-stato-insegnato-a-temere\/"]}]},{"@type":"ImageObject","inLanguage":"it-IT","@id":"https:\/\/exaudi.org\/it\/quando-lamicizia-abbatte-il-muro-di-cio-che-ci-e-stato-insegnato-a-temere\/#primaryimage","url":"https:\/\/i0.wp.com\/exaudi.org\/wp-content\/uploads\/2026\/08\/005-ernest-et-clementine-destacada2-f1fa651a-6ed3-4fe5-9813-411746fc5189.jpg?fit=1731%2C1001&ssl=1","contentUrl":"https:\/\/i0.wp.com\/exaudi.org\/wp-content\/uploads\/2026\/08\/005-ernest-et-clementine-destacada2-f1fa651a-6ed3-4fe5-9813-411746fc5189.jpg?fit=1731%2C1001&ssl=1","width":1731,"height":1001},{"@type":"BreadcrumbList","@id":"https:\/\/exaudi.org\/it\/quando-lamicizia-abbatte-il-muro-di-cio-che-ci-e-stato-insegnato-a-temere\/#breadcrumb","itemListElement":[{"@type":"ListItem","position":1,"name":"Portada","item":"https:\/\/exaudi.org\/it\/"},{"@type":"ListItem","position":2,"name":"Quando l&#8217;amicizia abbatte il muro di ci\u00f2 che ci \u00e8 stato insegnato a temere"}]},{"@type":"WebSite","@id":"https:\/\/exaudi.org\/#website","url":"https:\/\/exaudi.org\/","name":"Exaudi","description":"News","potentialAction":[{"@type":"SearchAction","target":{"@type":"EntryPoint","urlTemplate":"https:\/\/exaudi.org\/?s={search_term_string}"},"query-input":{"@type":"PropertyValueSpecification","valueRequired":true,"valueName":"search_term_string"}}],"inLanguage":"it-IT"},{"@type":"Person","@id":"https:\/\/exaudi.org\/#\/schema\/person\/0ec39b1037553be7468a8044044a7283","name":"Marketing y Servicios","image":{"@type":"ImageObject","inLanguage":"it-IT","@id":"https:\/\/secure.gravatar.com\/avatar\/887d69b0afc81051391a1aa8022a59db22c5ad6f2eecb945ce1b0d0613c61b5f?s=96&d=mm&r=g","url":"https:\/\/secure.gravatar.com\/avatar\/887d69b0afc81051391a1aa8022a59db22c5ad6f2eecb945ce1b0d0613c61b5f?s=96&d=mm&r=g","contentUrl":"https:\/\/secure.gravatar.com\/avatar\/887d69b0afc81051391a1aa8022a59db22c5ad6f2eecb945ce1b0d0613c61b5f?s=96&d=mm&r=g","caption":"Marketing y Servicios"},"description":"Ideas para mejorar el mundo . Director: Jos\u00e9 Miguel Ponce . Profesor universitario e investigador en Marketing y Gesti\u00f3n de Servicios, con experiencia en cinco universidades p\u00fablicas y privadas. Sevillano de origen, ha vivido en varias ciudades de Espa\u00f1a y actualmente reside en Sevilla. Apasionado por la educaci\u00f3n, la comunicaci\u00f3n y las relaciones humanas, considera la amistad y la empat\u00eda clave en su vida y ense\u00f1anza. Ha publicado investigaciones sobre Marketing, Calidad de Servicio y organizaciones sin \u00e1nimo de lucro. Humanista y optimista, promueve el agradecimiento y la coherencia como valores fundamentales.","sameAs":["https:\/\/marketingyservicios.com\/","https:\/\/www.instagram.com\/mentoringsevilla\/","https:\/\/www.linkedin.com\/company\/marketing-y-servicios\/","https:\/\/x.com\/mentoring_sev","https:\/\/www.youtube.com\/@marketingyservicios649"],"url":"https:\/\/exaudi.org\/it\/author\/jose-miguel-ponce\/"}]}},"jetpack_shortlink":"https:\/\/wp.me\/pgKjF2-LG9","jetpack_featured_media_url":"https:\/\/i0.wp.com\/exaudi.org\/wp-content\/uploads\/2026\/08\/005-ernest-et-clementine-destacada2-f1fa651a-6ed3-4fe5-9813-411746fc5189.jpg?fit=1731%2C1001&ssl=1","_links":{"self":[{"href":"https:\/\/exaudi.org\/it\/wp-json\/wp\/v2\/posts\/183281","targetHints":{"allow":["GET"]}}],"collection":[{"href":"https:\/\/exaudi.org\/it\/wp-json\/wp\/v2\/posts"}],"about":[{"href":"https:\/\/exaudi.org\/it\/wp-json\/wp\/v2\/types\/post"}],"author":[{"embeddable":true,"href":"https:\/\/exaudi.org\/it\/wp-json\/wp\/v2\/users\/157"}],"replies":[{"embeddable":true,"href":"https:\/\/exaudi.org\/it\/wp-json\/wp\/v2\/comments?post=183281"}],"version-history":[{"count":4,"href":"https:\/\/exaudi.org\/it\/wp-json\/wp\/v2\/posts\/183281\/revisions"}],"predecessor-version":[{"id":183285,"href":"https:\/\/exaudi.org\/it\/wp-json\/wp\/v2\/posts\/183281\/revisions\/183285"}],"wp:featuredmedia":[{"embeddable":true,"href":"https:\/\/exaudi.org\/it\/wp-json\/wp\/v2\/media\/183000"}],"wp:attachment":[{"href":"https:\/\/exaudi.org\/it\/wp-json\/wp\/v2\/media?parent=183281"}],"wp:term":[{"taxonomy":"category","embeddable":true,"href":"https:\/\/exaudi.org\/it\/wp-json\/wp\/v2\/categories?post=183281"},{"taxonomy":"post_tag","embeddable":true,"href":"https:\/\/exaudi.org\/it\/wp-json\/wp\/v2\/tags?post=183281"}],"curies":[{"name":"wp","href":"https:\/\/api.w.org\/{rel}","templated":true}]}}