{"id":183271,"date":"2026-08-31T16:43:56","date_gmt":"2026-08-31T14:43:56","guid":{"rendered":"https:\/\/exaudi.org\/?p=183271"},"modified":"2026-08-31T16:43:56","modified_gmt":"2026-08-31T14:43:56","slug":"educare-al-turismo-post-capitalista","status":"publish","type":"post","link":"https:\/\/exaudi.org\/it\/educare-al-turismo-post-capitalista\/","title":{"rendered":"Educare al turismo post-capitalista"},"content":{"rendered":"<p><span dir=\"auto\" style=\"vertical-align: inherit\"><span dir=\"auto\" style=\"vertical-align: inherit\">Non sorprendetevi del titolo. L&#8217;idea non \u00e8 mia, ma di un dottorando di nome David, figlio unico di genitori originari della Repubblica Popolare Cinese, di fede evangelica, che frequenta la nostra parrocchia ecumenica. Questo studente sta scrivendo la sua tesi di dottorato incentrata sul turismo sostenibile.<\/span><\/span><\/p>\n<p><span dir=\"auto\" style=\"vertical-align: inherit\"><span dir=\"auto\" style=\"vertical-align: inherit\">Credo che l&#8217;argomento possa essere affrontato anche da una prospettiva religiosa.<\/span><\/span><\/p>\n<div class=\"code-block code-block-1\">\n<p>&nbsp;<\/p>\n<div id=\"aswift_2_host\"><\/div>\n<p>&nbsp;<\/p>\n<\/div>\n<p><span dir=\"auto\" style=\"vertical-align: inherit\"><span dir=\"auto\" style=\"vertical-align: inherit\">Nel Vangelo, il centro di pellegrinaggio per eccellenza era il Tempio di Gerusalemme, oggetto di critiche da parte di Ges\u00f9 in diverse occasioni: davanti alla povera vedova (Marco 12:41-44, Luca 21), o con coloro che ne lodavano la grandezza (Matteo 24:1-2), o ancora in occasione della cacciata dei mercanti dal tempio (Giovanni 2).<\/span><\/span><\/p>\n<p><span dir=\"auto\" style=\"vertical-align: inherit\"><span dir=\"auto\" style=\"vertical-align: inherit\">Forse stiamo assistendo alla fine di un ciclo produttivo che risponde alla saturazione del mercato turistico.<\/span><\/span><\/p>\n<p><span dir=\"auto\" style=\"vertical-align: inherit\"><span dir=\"auto\" style=\"vertical-align: inherit\">Non sono un economista e non intendo analizzare il declino del settore turistico. Potrebbe persino sembrare una forma di rassegnazione e consolazione per non essere andato in vacanza.<\/span><\/span><\/p>\n<p><span dir=\"auto\" style=\"vertical-align: inherit\"><span dir=\"auto\" style=\"vertical-align: inherit\">Abito in una cittadina vicino alla metropoli di Barcellona e di tanto in tanto devo recarmi l\u00ec per motivi pastorali o per acquistare un libro nelle iconiche librerie della capitale. Ma ora \u00e8 la Sagrada Familia di Gaud\u00ed a essere al centro dell&#8217;attenzione. Non a caso, non c&#8217;\u00e8 un solo evento interdiocesano in programma che non si tenga nella basilica, che viene sempre pi\u00f9 spesso confusa con la cattedrale di Barcellona.<\/span><\/span><\/p>\n<p><span dir=\"auto\" style=\"vertical-align: inherit\"><span dir=\"auto\" style=\"vertical-align: inherit\">Non \u00e8 consigliato a chi soffre di agorafobia o claustrofobia, poich\u00e9 la densit\u00e0 di persone per metro quadro \u00e8 simile a quella di una metropolitana nelle ore di punta. Il capolavoro del Venerabile Antoni Gaud\u00ed \u00e8 una vera e propria catechesi teologico-biblica in pietra, cemento, vetro, ferro, materiali e luce. \u00c8 un parco a tema sulla nostra fede. Gi\u00e0 solo questo \u00e8 un valore. Abbiamo, ad esempio, lo scultore giapponese Etsuro Sotoo, che ha chiesto di lavorare all&#8217;edificio, diventandone lo scultore principale e abbracciando la fede cristiana chiedendo il battesimo.<\/span><\/span><\/p>\n<p><span dir=\"auto\" style=\"vertical-align: inherit\"><span dir=\"auto\" style=\"vertical-align: inherit\">Ma quando un edificio o una citt\u00e0 cessano di assolvere al loro scopo originario e assumono una funzione diversa da quella per cui sono stati creati, qualcosa non va. Durante una delle nostre recenti visite, eravamo quasi un centinaio di sacerdoti della diocesi di Terrassa, guidati dal vescovo. Stavamo partecipando a una visita guidata condotta da una donna che parlava un catalano perfetto, nonostante l&#8217;accento italiano che ne tradiva le origini. Ci ha spiegato i dettagli della costruzione, condividendo aneddoti e presunti messaggi di figure enigmatiche. Tuttavia, ha ripetutamente affermato di non essere credente. Questa \u00e8 un&#8217;affermazione comune da queste parti, soprattutto quando si parla di religione.<\/span><\/span><\/p>\n<p><span dir=\"auto\" style=\"vertical-align: inherit\"><span dir=\"auto\" style=\"vertical-align: inherit\">\u00c8 raro in Italia, come in altri paesi, che le guide turistiche esprimano apertamente le proprie convinzioni. Ma quello che volevo sottolineare \u00e8 che era mezzogiorno. Le campane di quello che sembrava un carillon suonavano il Virolai, l&#8217;inno pi\u00f9 popolare dedicato alla Vergine di Montserrat, patrona della Catalogna. In quel momento, con la basilica gremita, non c&#8217;era silenzio e non veniva recitato l&#8217;Angelus. Ho suggerito di farlo, ma la spiegazione che mi \u00e8 stata data era per rispetto degli altri visitatori che stavano seguendo il tour con guide diverse. L&#8217;attrazione turistica, concepita per onorare la Sacra Famiglia, veniva trattata come una curiosit\u00e0, non come un luogo di preghiera.<\/span><\/span><\/p>\n<p><span dir=\"auto\" style=\"vertical-align: inherit\"><span dir=\"auto\" style=\"vertical-align: inherit\">La stessa cosa sta accadendo nella grande citt\u00e0, dove chiudono attivit\u00e0 commerciali centenarie, comprese alcune librerie, per far posto a negozi dedicati esclusivamente al turismo. I negozi monotematici proliferano in modo grossolano, dove \u00e8 possibile acquistare un piccolo<\/span><\/span><\/p>\n<p><span dir=\"auto\" style=\"vertical-align: inherit\"><span dir=\"auto\" style=\"vertical-align: inherit\">Una statuina destinata al presepe di Betlemme. Questa statuina divenne popolare circa cinquant&#8217;anni fa. Non sappiamo se chi la acquista allestir\u00e0 effettivamente un presepe a casa. In catalano, la statuina si chiama &#8220;caganer&#8221;, che si traduce con &#8220;uomo che fa la cacca&#8221;. Immaginate la piccola figura. Vengono realizzate per assomigliare a diversi personaggi politici o sportivi.<\/span><\/span><\/p>\n<p><span dir=\"auto\" style=\"vertical-align: inherit\"><span dir=\"auto\" style=\"vertical-align: inherit\">\u00c8 giunto il momento in cui il turismo nel centro citt\u00e0 supera il numero degli abitanti, e i pochi che vi risiedono sono stranieri che non parlano nessuna delle lingue ufficiali della Catalogna; la citt\u00e0 diventa estranea agli stessi catalani.<\/span><\/span><\/p>\n<p><span dir=\"auto\" style=\"vertical-align: inherit\"><span dir=\"auto\" style=\"vertical-align: inherit\">E la cosa peggiore \u00e8 che il fenomeno \u00e8 in crescita. Esiste un patrimonio sociale che si \u00e8 gi\u00e0 deteriorato. Questo fenomeno, che si verifica a Barcellona, \u200b\u200bsi sta manifestando anche nei centri turistici che un tempo erano pieni di vita. Ora sono citt\u00e0 fantasma, brulicanti di turisti di giorno e deserte di notte.<\/span><\/span><\/p>\n<p><span dir=\"auto\" style=\"vertical-align: inherit\"><span dir=\"auto\" style=\"vertical-align: inherit\">Le grandi citt\u00e0 possono diventare, per il visitatore, un buffet a volont\u00e0 di monumenti, punti di riferimento e paesaggi architettonici, che il viaggiatore osserva, fotografa, colleziona e condivide per competere e consumare. Le nuove tecnologie hanno facilitato questo processo. Quante splendide citt\u00e0 o paesaggi nei dintorni rimangono al di fuori dei circuiti turistici?<\/span><\/span><\/p>\n<p><span dir=\"auto\" style=\"vertical-align: inherit\"><span dir=\"auto\" style=\"vertical-align: inherit\">Non sono mete turistiche di punta, ma possono offrire attrazioni diverse da quelle pi\u00f9 comuni. Soffrono di sovraffollamento, code interminabili per entrare, strade strette e persino sporcizia e folla. Questi inconvenienti tipici del turismo di massa, che accompagnano il turista consumista, di solito non compaiono nei reportage fotografici. Non ci immaginiamo di tornare a casa con un resoconto dettagliato degli inconvenienti del nostro viaggio.<\/span><\/span><\/p>\n<p><span dir=\"auto\" style=\"vertical-align: inherit\"><span dir=\"auto\" style=\"vertical-align: inherit\">Lo stesso vale per il turismo religioso. Le cattedrali catalane nelle diocesi diverse da Barcellona sono raramente visitate. Quanto ai monasteri, Montserrat cattura l&#8217;attenzione di tutti, mentre Poblet, un monastero cistercense, ad esempio, viene ignorato. Il silenzio, la luce e l&#8217;inquietudine avvolgono il visitatore, che si sente piccolo di fronte alla maestosit\u00e0 di questa citt\u00e0 monastica, che fa parte dell&#8217;itinerario cistercense insieme alle vicine Vallbona e Santes Creus.<\/span><\/span><\/p>\n<p><span dir=\"auto\" style=\"vertical-align: inherit\"><span dir=\"auto\" style=\"vertical-align: inherit\">Anche nel settore dell&#8217;infanzia si riscontra una tendenza al consumo capitalistico. Un americano si \u00e8 stupito della presenza della Disney anche in Europa. Non tanto perch\u00e9 il mondo Disney non fosse universale, quanto perch\u00e9 i fratelli Green, creatori di personaggi universalmente noti nelle loro storie per bambini, non avevano fornito alcun motivo per riproporre quelle storie.<\/span><\/span><\/p>\n<p><span dir=\"auto\" style=\"vertical-align: inherit\"><span dir=\"auto\" style=\"vertical-align: inherit\">Come potrebbe essere un turismo pi\u00f9 umano, razionale, sostenibile ed ecologico? Ancora una volta, Ges\u00f9 ci ispira a conoscere, camminare, scoprire e entrare in contatto con nuove persone. Quando non \u00e8 lui a prendere l&#8217;iniziativa con la donna samaritana o con Zaccheo, lo fanno altri, come la donna cananea che, pur essendo straniera, gli and\u00f2 incontro (Matteo 9:32-38).<\/span><\/span><\/p>\n<p><span dir=\"auto\" style=\"vertical-align: inherit\"><span dir=\"auto\" style=\"vertical-align: inherit\">Incontrare la gente del posto sta diventando sempre pi\u00f9 difficile, non perch\u00e9 si tratti di repubbliche dittatoriali dove resort e hotel sono enclavi di lusso circondate, ma al contempo isolate, dalla povert\u00e0 e dalla miseria della popolazione autoctona, ma perch\u00e9 nelle principali destinazioni turistiche l&#8217;afflusso di stranieri \u00e8 cos\u00ec sproporzionato da rendere la vita in un luogo che assomiglia a una stazione ferroviaria un&#8217;esperienza spiacevole. Finiscono per andarsene a vivere in posti pi\u00f9 tranquilli. Ecco perch\u00e9 \u00e8 difficile trovare parigini a Parigi o catalani nel centro di Barcellona.<\/span><\/span><\/p>\n<p><span dir=\"auto\" style=\"vertical-align: inherit\"><span dir=\"auto\" style=\"vertical-align: inherit\">Le Nazioni Unite parlano di turismo sostenibile e forniscono delle linee guida in merito. Sono semplici e realizzabili. Dal canto suo, Papa Leone XIV si appella all&#8217;etica e alla morale dei paesi ricchi che maltrattano coloro che arrivano nei nostri paesi in cerca di una vita migliore. Durante la sua visita all&#8217;isola italiana di Lampedusa all&#8217;inizio del mese scorso, ha auspicato\u00a0 <\/span><\/span><b><span dir=\"auto\" style=\"vertical-align: inherit\"><span dir=\"auto\" style=\"vertical-align: inherit\">un piano strategico a lungo termine<\/span><\/span><\/b><span dir=\"auto\" style=\"vertical-align: inherit\"><span dir=\"auto\" style=\"vertical-align: inherit\"> in grado di accogliere, proteggere, promuovere e integrare i migranti e, al contempo, lavorare per lo sviluppo, affinch\u00e9 nessuno sia costretto a emigrare. &#8221; <\/span><\/span><b><span dir=\"auto\" style=\"vertical-align: inherit\"><span dir=\"auto\" style=\"vertical-align: inherit\">L&#8217;Europa possiede un potenziale unico<\/span><\/span><\/b><span dir=\"auto\" style=\"vertical-align: inherit\"><span dir=\"auto\" style=\"vertical-align: inherit\"> , derivante dalla sua storia e cultura, e quindi una responsabilit\u00e0 equivalente&#8221;, ha affermato. &#8221; <\/span><\/span><b><span dir=\"auto\" style=\"vertical-align: inherit\"><span dir=\"auto\" style=\"vertical-align: inherit\">L&#8217;Europa ha la capacit\u00e0\u00a0<\/span><\/span><\/b><span dir=\"auto\" style=\"vertical-align: inherit\"><span dir=\"auto\" style=\"vertical-align: inherit\"> di affrontare la crisi in modo organico&#8221;. Forse \u00e8 giunto il momento di considerare il turismo sociale, sia come viaggiatori che come ospitanti. Ha affermato: &#8220;Anche a\u00a0 <\/span><\/span><b><span dir=\"auto\" style=\"vertical-align: inherit\"><span dir=\"auto\" style=\"vertical-align: inherit\">Lampedusa\u00a0<\/span><\/span><\/b><span dir=\"auto\" style=\"vertical-align: inherit\"><span dir=\"auto\" style=\"vertical-align: inherit\"> la cultura dell&#8217;ospitalit\u00e0 ha\u00a0 <\/span><\/span><b><span dir=\"auto\" style=\"vertical-align: inherit\"><span dir=\"auto\" style=\"vertical-align: inherit\">una vocazione turistica\u00a0<\/span><\/span><\/b><span dir=\"auto\" style=\"vertical-align: inherit\"><span dir=\"auto\" style=\"vertical-align: inherit\"> che, purtroppo, rischia di sentirsi minacciata dalle\u00a0 <\/span><\/span><b><span dir=\"auto\" style=\"vertical-align: inherit\"><span dir=\"auto\" style=\"vertical-align: inherit\">rotte migratorie\u00a0<\/span><\/span><\/b><span dir=\"auto\" style=\"vertical-align: inherit\"><span dir=\"auto\" style=\"vertical-align: inherit\"> e di svilupparsi\u00a0 <\/span><\/span><b><span dir=\"auto\" style=\"vertical-align: inherit\"><span dir=\"auto\" style=\"vertical-align: inherit\">nell&#8217;indifferenza\u00a0<\/span><\/span><\/b><span dir=\"auto\" style=\"vertical-align: inherit\"><span dir=\"auto\" style=\"vertical-align: inherit\"> o addirittura in opposizione ai suoi aspetti pi\u00f9 drammatici&#8221;. &#8220;Sembra addirittura che si debba erigere un\u00a0 <\/span><\/span><b><span dir=\"auto\" style=\"vertical-align: inherit\"><span dir=\"auto\" style=\"vertical-align: inherit\">muro invisibile\u00a0<\/span><\/span><\/b><span dir=\"auto\" style=\"vertical-align: inherit\"><span dir=\"auto\" style=\"vertical-align: inherit\"> tra il mare dei naufraghi e quello dei turisti&#8221;.<\/span><\/span><\/p>\n<p><span dir=\"auto\" style=\"vertical-align: inherit\"><span dir=\"auto\" style=\"vertical-align: inherit\">Il fatto \u00e8 che il turismo \u00e8 parte della cultura e, viceversa, la cultura crea un certo tipo di turismo.<\/span><\/span><\/p>\n<p><span dir=\"auto\" style=\"vertical-align: inherit\"><span dir=\"auto\" style=\"vertical-align: inherit\">Forse, come per molte cose, dovremmo tornare alle nostre origini. Il turismo, come lo conosciamo oggi, era un privilegio dei ricchi. La gente comune, se andava all&#8217;estero, lo faceva per lavorare.<\/span><\/span><\/p>\n<p><span dir=\"auto\" style=\"vertical-align: inherit\"><span dir=\"auto\" style=\"vertical-align: inherit\">Ricordo che da bambino, quando viaggiavo verso la nostra citt\u00e0 natale, V\u00e9lez Rubio, i parenti che non erano emigrati non sentivano il bisogno di lasciare il paese, nemmeno per una visita. Nel loro stile di vita, le vacanze, il riposo e qualche pasto speciale occasionale erano tutto ci\u00f2 di cui avevano bisogno per essere pi\u00f9 o meno felici. Noi eravamo i poveri che si erano persi l&#8217;opportunit\u00e0 di rimanere nel nostro luogo d&#8217;origine.<\/span><\/span><\/p>\n<p><span dir=\"auto\" style=\"vertical-align: inherit\"><span dir=\"auto\" style=\"vertical-align: inherit\">Forse le nostre citt\u00e0 non sono vivibili quanto i villaggi, o forse abbiamo bisogno di consumare e bruciamo risorse alla ricerca di una costante novit\u00e0.<\/span><\/span><\/p>\n<p><span dir=\"auto\" style=\"vertical-align: inherit\"><span dir=\"auto\" style=\"vertical-align: inherit\">\u00c8 difficile far capire ai parrocchiani che d&#8217;estate \u00e8 bello stare in parrocchia, con poche attivit\u00e0 e dando un ritmo pi\u00f9 razionale alla vita quotidiana.<\/span><\/span><\/p>\n<p><span dir=\"auto\" style=\"vertical-align: inherit\"><span dir=\"auto\" style=\"vertical-align: inherit\">Ma quando ci troviamo di fronte alla possibilit\u00e0 di concederci qualche giorno di vacanza, possiamo valutare la gamma di destinazioni e il budget a disposizione, oppure possiamo iniziare a creare la nostra vacanza personalizzata. Le possibilit\u00e0 sono infinite.<\/span><\/span><\/p>\n<p><span dir=\"auto\" style=\"vertical-align: inherit\"><span dir=\"auto\" style=\"vertical-align: inherit\">Ultimamente ho sentito parlare di gruppi di spiritualit\u00e0 alternative che occupano le foresterie dei monasteri cattolici. L&#8217;esperienza, sia per le comunit\u00e0 religiose che per i visitatori, \u00e8 solitamente fruttuosa e piacevole. Ma quando chiedo ai religiosi perch\u00e9 non ci siano cattolici che occupano l&#8217;edificio, mi rispondono che la richiesta \u00e8 praticamente inesistente.<\/span><\/span><\/p>\n<p><span dir=\"auto\" style=\"vertical-align: inherit\"><span dir=\"auto\" style=\"vertical-align: inherit\">Un&#8217;altra possibilit\u00e0 emergente \u00e8 l&#8217;organizzazione di campi estivi per famiglie, non solo per i bambini, ma per tutta la famiglia. Si tratta solitamente di gruppi di genitori che affittano una casa vacanze e offrono ai bambini l&#8217;opportunit\u00e0 di entrare in contatto con la natura.<\/span><\/span><\/p>\n<p><span dir=\"auto\" style=\"vertical-align: inherit\"><span dir=\"auto\" style=\"vertical-align: inherit\">Alcune parrocchie organizzano gite di gruppo in cui i partecipanti trascorrono la mattinata insieme fino all&#8217;ora di pranzo in un monastero, un centro di ritiro spirituale o un campo estivo. L&#8217;attenzione \u00e8 solitamente focalizzata sulla spiritualit\u00e0 e sulla crescita personale. Il pomeriggio \u00e8 dedicato alla visita di luoghi d&#8217;interesse, in genere monumenti o citt\u00e0, e, se possibile, alla scoperta dell&#8217;artigianato locale. Si cerca anche di far conoscere la cucina tipica del posto.<\/span><\/span><\/p>\n<p><span dir=\"auto\" style=\"vertical-align: inherit\"><span dir=\"auto\" style=\"vertical-align: inherit\">\u00c8 vero che, al nostro ritorno, quando spiegheremo dove siamo stati, saremo svantaggiati rispetto ad altre mete turistiche di punta, ma almeno non avremo bisogno di diverse settimane di riposo a casa a causa della stanchezza accumulata durante un viaggio turistico di massa.<\/span><\/span><\/p>\n","protected":false},"excerpt":{"rendered":"<p>Verso un&#8217;esperienza di viaggio consapevole: fede, sostenibilit\u00e0 e la fine del turismo di massa<\/p>\n","protected":false},"author":77,"featured_media":183187,"comment_status":"closed","ping_status":"closed","sticky":false,"template":"","format":"standard","meta":{"_acf_changed":false,"inline_featured_image":false,"_wpcom_ai_launchpad_first_post":false,"footnotes":"","jetpack_post_was_ever_published":false},"categories":[129],"tags":[13770,121115,121116,121118,121119,121117,10867,121120,64787,121122,121121,121123,121124,121125,42191,72957],"class_list":["post-183271","post","type-post","status-publish","format-standard","has-post-thumbnail","hentry","category-voci","tag-alfons-gea-2","tag-colonie-familiari","tag-conservazione-del-patrimonio","tag-fede-e-turismo","tag-gentrificazione","tag-rallentamento-del-turismo","tag-sagrada-familia-3","tag-sovraffollamento-a-barcellona","tag-trending-it-236","tag-turismo-consapevole","tag-turismo-di-massa","tag-turismo-etico-2","tag-turismo-pastorale","tag-turismo-post-capitalista","tag-turismo-religioso-2","tag-turismo-sostenibile"],"acf":[],"yoast_head":"<!-- This site is optimized with the Yoast SEO plugin v28.4 - https:\/\/yoast.com\/product\/yoast-seo-wordpress\/ -->\n<title>Educare al turismo post-capitalista &#8211; Exaudi<\/title>\n<meta name=\"robots\" content=\"index, follow, max-snippet:-1, max-image-preview:large, max-video-preview:-1\" \/>\n<link rel=\"canonical\" href=\"https:\/\/exaudi.org\/it\/educare-al-turismo-post-capitalista\/\" \/>\n<meta property=\"og:locale\" content=\"it_IT\" \/>\n<meta property=\"og:type\" content=\"article\" \/>\n<meta property=\"og:title\" content=\"Educare al turismo post-capitalista &#8211; Exaudi\" \/>\n<meta property=\"og:description\" content=\"Verso un&#039;esperienza di viaggio consapevole: fede, sostenibilit\u00e0 e la fine del turismo di massa\" \/>\n<meta property=\"og:url\" content=\"https:\/\/exaudi.org\/it\/educare-al-turismo-post-capitalista\/\" \/>\n<meta property=\"og:site_name\" content=\"Exaudi\" \/>\n<meta property=\"article:publisher\" content=\"https:\/\/www.facebook.com\/ExaudiNews\" \/>\n<meta property=\"article:published_time\" content=\"2026-08-31T14:43:56+00:00\" \/>\n<meta property=\"og:image\" content=\"https:\/\/exaudi.org\/wp-content\/uploads\/2026\/08\/1788113938496.png\" \/>\n\t<meta property=\"og:image:width\" content=\"1408\" \/>\n\t<meta property=\"og:image:height\" content=\"768\" \/>\n\t<meta property=\"og:image:type\" content=\"image\/png\" \/>\n<meta name=\"author\" content=\"Alfons Gea\" \/>\n<meta name=\"twitter:card\" content=\"summary_large_image\" \/>\n<meta name=\"twitter:creator\" content=\"@Exaudi_News\" \/>\n<meta name=\"twitter:site\" content=\"@Exaudi_News\" \/>\n<meta name=\"twitter:label1\" content=\"Scritto da\" \/>\n\t<meta name=\"twitter:data1\" content=\"Alfons Gea\" \/>\n\t<meta name=\"twitter:label2\" content=\"Tempo di lettura stimato\" \/>\n\t<meta name=\"twitter:data2\" content=\"8 minuti\" \/>\n<script type=\"application\/ld+json\" class=\"yoast-schema-graph\">{\"@context\":\"https:\\\/\\\/schema.org\",\"@graph\":[{\"@type\":\"Article\",\"@id\":\"https:\\\/\\\/exaudi.org\\\/it\\\/educare-al-turismo-post-capitalista\\\/#article\",\"isPartOf\":{\"@id\":\"https:\\\/\\\/exaudi.org\\\/it\\\/educare-al-turismo-post-capitalista\\\/\"},\"author\":{\"name\":\"Alfons Gea\",\"@id\":\"https:\\\/\\\/exaudi.org\\\/#\\\/schema\\\/person\\\/ac92bf102c0b53544ebdec5b9d0aed18\"},\"headline\":\"Educare al turismo post-capitalista\",\"datePublished\":\"2026-08-31T14:43:56+00:00\",\"mainEntityOfPage\":{\"@id\":\"https:\\\/\\\/exaudi.org\\\/it\\\/educare-al-turismo-post-capitalista\\\/\"},\"wordCount\":1727,\"image\":{\"@id\":\"https:\\\/\\\/exaudi.org\\\/it\\\/educare-al-turismo-post-capitalista\\\/#primaryimage\"},\"thumbnailUrl\":\"https:\\\/\\\/i0.wp.com\\\/exaudi.org\\\/wp-content\\\/uploads\\\/2026\\\/08\\\/1788113938496.png?fit=1408%2C768&ssl=1\",\"keywords\":[\"ALFONS GEA\",\"colonie familiari\",\"conservazione del patrimonio\",\"fede e turismo\",\"gentrificazione\",\"rallentamento del turismo\",\"SAGRADA FAMILIA\",\"sovraffollamento a Barcellona\",\"Trending\",\"turismo consapevole\",\"turismo di massa\",\"turismo etico\",\"turismo pastorale\",\"turismo post-capitalista\",\"Turismo religioso\",\"turismo sostenibile\"],\"articleSection\":[\"Voci\"],\"inLanguage\":\"it-IT\"},{\"@type\":\"WebPage\",\"@id\":\"https:\\\/\\\/exaudi.org\\\/it\\\/educare-al-turismo-post-capitalista\\\/\",\"url\":\"https:\\\/\\\/exaudi.org\\\/it\\\/educare-al-turismo-post-capitalista\\\/\",\"name\":\"Educare al turismo post-capitalista &#8211; Exaudi\",\"isPartOf\":{\"@id\":\"https:\\\/\\\/exaudi.org\\\/#website\"},\"primaryImageOfPage\":{\"@id\":\"https:\\\/\\\/exaudi.org\\\/it\\\/educare-al-turismo-post-capitalista\\\/#primaryimage\"},\"image\":{\"@id\":\"https:\\\/\\\/exaudi.org\\\/it\\\/educare-al-turismo-post-capitalista\\\/#primaryimage\"},\"thumbnailUrl\":\"https:\\\/\\\/i0.wp.com\\\/exaudi.org\\\/wp-content\\\/uploads\\\/2026\\\/08\\\/1788113938496.png?fit=1408%2C768&ssl=1\",\"datePublished\":\"2026-08-31T14:43:56+00:00\",\"author\":{\"@id\":\"https:\\\/\\\/exaudi.org\\\/#\\\/schema\\\/person\\\/ac92bf102c0b53544ebdec5b9d0aed18\"},\"breadcrumb\":{\"@id\":\"https:\\\/\\\/exaudi.org\\\/it\\\/educare-al-turismo-post-capitalista\\\/#breadcrumb\"},\"inLanguage\":\"it-IT\",\"potentialAction\":[{\"@type\":\"ReadAction\",\"target\":[\"https:\\\/\\\/exaudi.org\\\/it\\\/educare-al-turismo-post-capitalista\\\/\"]}]},{\"@type\":\"ImageObject\",\"inLanguage\":\"it-IT\",\"@id\":\"https:\\\/\\\/exaudi.org\\\/it\\\/educare-al-turismo-post-capitalista\\\/#primaryimage\",\"url\":\"https:\\\/\\\/i0.wp.com\\\/exaudi.org\\\/wp-content\\\/uploads\\\/2026\\\/08\\\/1788113938496.png?fit=1408%2C768&ssl=1\",\"contentUrl\":\"https:\\\/\\\/i0.wp.com\\\/exaudi.org\\\/wp-content\\\/uploads\\\/2026\\\/08\\\/1788113938496.png?fit=1408%2C768&ssl=1\",\"width\":1408,\"height\":768},{\"@type\":\"BreadcrumbList\",\"@id\":\"https:\\\/\\\/exaudi.org\\\/it\\\/educare-al-turismo-post-capitalista\\\/#breadcrumb\",\"itemListElement\":[{\"@type\":\"ListItem\",\"position\":1,\"name\":\"Portada\",\"item\":\"https:\\\/\\\/exaudi.org\\\/it\\\/\"},{\"@type\":\"ListItem\",\"position\":2,\"name\":\"Educare al turismo post-capitalista\"}]},{\"@type\":\"WebSite\",\"@id\":\"https:\\\/\\\/exaudi.org\\\/#website\",\"url\":\"https:\\\/\\\/exaudi.org\\\/\",\"name\":\"Exaudi\",\"description\":\"News\",\"potentialAction\":[{\"@type\":\"SearchAction\",\"target\":{\"@type\":\"EntryPoint\",\"urlTemplate\":\"https:\\\/\\\/exaudi.org\\\/?s={search_term_string}\"},\"query-input\":{\"@type\":\"PropertyValueSpecification\",\"valueRequired\":true,\"valueName\":\"search_term_string\"}}],\"inLanguage\":\"it-IT\"},{\"@type\":\"Person\",\"@id\":\"https:\\\/\\\/exaudi.org\\\/#\\\/schema\\\/person\\\/ac92bf102c0b53544ebdec5b9d0aed18\",\"name\":\"Alfons Gea\",\"image\":{\"@type\":\"ImageObject\",\"inLanguage\":\"it-IT\",\"@id\":\"https:\\\/\\\/secure.gravatar.com\\\/avatar\\\/24ebf96806e8303525f3910faa8289fe6c8726339b6a79ad483356d520db03c6?s=96&d=mm&r=g\",\"url\":\"https:\\\/\\\/secure.gravatar.com\\\/avatar\\\/24ebf96806e8303525f3910faa8289fe6c8726339b6a79ad483356d520db03c6?s=96&d=mm&r=g\",\"contentUrl\":\"https:\\\/\\\/secure.gravatar.com\\\/avatar\\\/24ebf96806e8303525f3910faa8289fe6c8726339b6a79ad483356d520db03c6?s=96&d=mm&r=g\",\"caption\":\"Alfons Gea\"},\"description\":\"Licenciado en Teolog\u00eda en Facultad de Teolog\u00eda de Barcelona (1988). Diplomado en Magisterio \u2013 profesor EGB. Universidad de Barcelona (1990). Licenciado en Psicopedagogia. Universidad Ram\u00f3n Llull, (1994). Responsable del Servicio de Atenci\u00f3n al Duelo de Funeraria Municipal de Terrassa (2001-2022). Terapeuta en Gabinete Gedi - Psicolog\u00eda aplicada (2022). P\u00e1rroco de St. Viucente de Jonquereas, de Sabadell (2012). Articulista en revistas especializadas y prensa comarcal. Formador en atenci\u00f3n al duelo de profesionales sanitarios y sociosanitarios: Trabajadoras sociales, psic\u00f3logas\\\/os, m\u00e9dicas, enfermer\u00eda, maestras (1995). Ha participado en varios programas de opini\u00f3n y debate de televisiones y radios nacionales. Anteriormente ejerci\u00f3 como asistente espiritual de los hospitales en Terrassa: San L\u00e1zaro, Mutua, y Hospital de Terrassa (1997-2018. Fue p\u00e1rroco de la parroquia Virgen de Montserrat de Terrassa (1997-2013) y responsable de Formaci\u00f3n de la Delegaci\u00f3n de Pastoral de la Salud de la di\u00f3cesis de Barcelona (1995-2005). Delegado episcopal de Pastoral de la salud de la di\u00f3cesis de Terrassa (2005-2012). Coordinador de la Pastoral de la Salud de la Conferencia episcopal catalana. Maestro de EGB, Coordinador de secundaria, subdirector de escuela, jefe de gabinete psicopedag\u00f3gico, fundador y director del Centro Sara \u2013 casa de acogida para enfermos de SIDA, educador en situaciones de riesgo social, Fundador del Taller Solidario \u2013 centro de inserci\u00f3n laboral.\",\"url\":\"https:\\\/\\\/exaudi.org\\\/it\\\/author\\\/alfonsogea\\\/\"}]}<\/script>\n<!-- \/ Yoast SEO plugin. -->","yoast_head_json":{"title":"Educare al turismo post-capitalista &#8211; Exaudi","robots":{"index":"index","follow":"follow","max-snippet":"max-snippet:-1","max-image-preview":"max-image-preview:large","max-video-preview":"max-video-preview:-1"},"canonical":"https:\/\/exaudi.org\/it\/educare-al-turismo-post-capitalista\/","og_locale":"it_IT","og_type":"article","og_title":"Educare al turismo post-capitalista &#8211; Exaudi","og_description":"Verso un'esperienza di viaggio consapevole: fede, sostenibilit\u00e0 e la fine del turismo di massa","og_url":"https:\/\/exaudi.org\/it\/educare-al-turismo-post-capitalista\/","og_site_name":"Exaudi","article_publisher":"https:\/\/www.facebook.com\/ExaudiNews","article_published_time":"2026-08-31T14:43:56+00:00","og_image":[{"width":1408,"height":768,"url":"https:\/\/exaudi.org\/wp-content\/uploads\/2026\/08\/1788113938496.png","type":"image\/png"}],"author":"Alfons Gea","twitter_card":"summary_large_image","twitter_creator":"@Exaudi_News","twitter_site":"@Exaudi_News","twitter_misc":{"Scritto da":"Alfons Gea","Tempo di lettura stimato":"8 minuti"},"schema":{"@context":"https:\/\/schema.org","@graph":[{"@type":"Article","@id":"https:\/\/exaudi.org\/it\/educare-al-turismo-post-capitalista\/#article","isPartOf":{"@id":"https:\/\/exaudi.org\/it\/educare-al-turismo-post-capitalista\/"},"author":{"name":"Alfons Gea","@id":"https:\/\/exaudi.org\/#\/schema\/person\/ac92bf102c0b53544ebdec5b9d0aed18"},"headline":"Educare al turismo post-capitalista","datePublished":"2026-08-31T14:43:56+00:00","mainEntityOfPage":{"@id":"https:\/\/exaudi.org\/it\/educare-al-turismo-post-capitalista\/"},"wordCount":1727,"image":{"@id":"https:\/\/exaudi.org\/it\/educare-al-turismo-post-capitalista\/#primaryimage"},"thumbnailUrl":"https:\/\/i0.wp.com\/exaudi.org\/wp-content\/uploads\/2026\/08\/1788113938496.png?fit=1408%2C768&ssl=1","keywords":["ALFONS GEA","colonie familiari","conservazione del patrimonio","fede e turismo","gentrificazione","rallentamento del turismo","SAGRADA FAMILIA","sovraffollamento a Barcellona","Trending","turismo consapevole","turismo di massa","turismo etico","turismo pastorale","turismo post-capitalista","Turismo religioso","turismo sostenibile"],"articleSection":["Voci"],"inLanguage":"it-IT"},{"@type":"WebPage","@id":"https:\/\/exaudi.org\/it\/educare-al-turismo-post-capitalista\/","url":"https:\/\/exaudi.org\/it\/educare-al-turismo-post-capitalista\/","name":"Educare al turismo post-capitalista &#8211; Exaudi","isPartOf":{"@id":"https:\/\/exaudi.org\/#website"},"primaryImageOfPage":{"@id":"https:\/\/exaudi.org\/it\/educare-al-turismo-post-capitalista\/#primaryimage"},"image":{"@id":"https:\/\/exaudi.org\/it\/educare-al-turismo-post-capitalista\/#primaryimage"},"thumbnailUrl":"https:\/\/i0.wp.com\/exaudi.org\/wp-content\/uploads\/2026\/08\/1788113938496.png?fit=1408%2C768&ssl=1","datePublished":"2026-08-31T14:43:56+00:00","author":{"@id":"https:\/\/exaudi.org\/#\/schema\/person\/ac92bf102c0b53544ebdec5b9d0aed18"},"breadcrumb":{"@id":"https:\/\/exaudi.org\/it\/educare-al-turismo-post-capitalista\/#breadcrumb"},"inLanguage":"it-IT","potentialAction":[{"@type":"ReadAction","target":["https:\/\/exaudi.org\/it\/educare-al-turismo-post-capitalista\/"]}]},{"@type":"ImageObject","inLanguage":"it-IT","@id":"https:\/\/exaudi.org\/it\/educare-al-turismo-post-capitalista\/#primaryimage","url":"https:\/\/i0.wp.com\/exaudi.org\/wp-content\/uploads\/2026\/08\/1788113938496.png?fit=1408%2C768&ssl=1","contentUrl":"https:\/\/i0.wp.com\/exaudi.org\/wp-content\/uploads\/2026\/08\/1788113938496.png?fit=1408%2C768&ssl=1","width":1408,"height":768},{"@type":"BreadcrumbList","@id":"https:\/\/exaudi.org\/it\/educare-al-turismo-post-capitalista\/#breadcrumb","itemListElement":[{"@type":"ListItem","position":1,"name":"Portada","item":"https:\/\/exaudi.org\/it\/"},{"@type":"ListItem","position":2,"name":"Educare al turismo post-capitalista"}]},{"@type":"WebSite","@id":"https:\/\/exaudi.org\/#website","url":"https:\/\/exaudi.org\/","name":"Exaudi","description":"News","potentialAction":[{"@type":"SearchAction","target":{"@type":"EntryPoint","urlTemplate":"https:\/\/exaudi.org\/?s={search_term_string}"},"query-input":{"@type":"PropertyValueSpecification","valueRequired":true,"valueName":"search_term_string"}}],"inLanguage":"it-IT"},{"@type":"Person","@id":"https:\/\/exaudi.org\/#\/schema\/person\/ac92bf102c0b53544ebdec5b9d0aed18","name":"Alfons Gea","image":{"@type":"ImageObject","inLanguage":"it-IT","@id":"https:\/\/secure.gravatar.com\/avatar\/24ebf96806e8303525f3910faa8289fe6c8726339b6a79ad483356d520db03c6?s=96&d=mm&r=g","url":"https:\/\/secure.gravatar.com\/avatar\/24ebf96806e8303525f3910faa8289fe6c8726339b6a79ad483356d520db03c6?s=96&d=mm&r=g","contentUrl":"https:\/\/secure.gravatar.com\/avatar\/24ebf96806e8303525f3910faa8289fe6c8726339b6a79ad483356d520db03c6?s=96&d=mm&r=g","caption":"Alfons Gea"},"description":"Licenciado en Teolog\u00eda en Facultad de Teolog\u00eda de Barcelona (1988). Diplomado en Magisterio \u2013 profesor EGB. Universidad de Barcelona (1990). Licenciado en Psicopedagogia. Universidad Ram\u00f3n Llull, (1994). Responsable del Servicio de Atenci\u00f3n al Duelo de Funeraria Municipal de Terrassa (2001-2022). Terapeuta en Gabinete Gedi - Psicolog\u00eda aplicada (2022). P\u00e1rroco de St. Viucente de Jonquereas, de Sabadell (2012). Articulista en revistas especializadas y prensa comarcal. Formador en atenci\u00f3n al duelo de profesionales sanitarios y sociosanitarios: Trabajadoras sociales, psic\u00f3logas\/os, m\u00e9dicas, enfermer\u00eda, maestras (1995). Ha participado en varios programas de opini\u00f3n y debate de televisiones y radios nacionales. Anteriormente ejerci\u00f3 como asistente espiritual de los hospitales en Terrassa: San L\u00e1zaro, Mutua, y Hospital de Terrassa (1997-2018. Fue p\u00e1rroco de la parroquia Virgen de Montserrat de Terrassa (1997-2013) y responsable de Formaci\u00f3n de la Delegaci\u00f3n de Pastoral de la Salud de la di\u00f3cesis de Barcelona (1995-2005). Delegado episcopal de Pastoral de la salud de la di\u00f3cesis de Terrassa (2005-2012). Coordinador de la Pastoral de la Salud de la Conferencia episcopal catalana. Maestro de EGB, Coordinador de secundaria, subdirector de escuela, jefe de gabinete psicopedag\u00f3gico, fundador y director del Centro Sara \u2013 casa de acogida para enfermos de SIDA, educador en situaciones de riesgo social, Fundador del Taller Solidario \u2013 centro de inserci\u00f3n laboral.","url":"https:\/\/exaudi.org\/it\/author\/alfonsogea\/"}]}},"jetpack_shortlink":"https:\/\/wp.me\/pgKjF2-LFZ","jetpack_featured_media_url":"https:\/\/i0.wp.com\/exaudi.org\/wp-content\/uploads\/2026\/08\/1788113938496.png?fit=1408%2C768&ssl=1","_links":{"self":[{"href":"https:\/\/exaudi.org\/it\/wp-json\/wp\/v2\/posts\/183271","targetHints":{"allow":["GET"]}}],"collection":[{"href":"https:\/\/exaudi.org\/it\/wp-json\/wp\/v2\/posts"}],"about":[{"href":"https:\/\/exaudi.org\/it\/wp-json\/wp\/v2\/types\/post"}],"author":[{"embeddable":true,"href":"https:\/\/exaudi.org\/it\/wp-json\/wp\/v2\/users\/77"}],"replies":[{"embeddable":true,"href":"https:\/\/exaudi.org\/it\/wp-json\/wp\/v2\/comments?post=183271"}],"version-history":[{"count":4,"href":"https:\/\/exaudi.org\/it\/wp-json\/wp\/v2\/posts\/183271\/revisions"}],"predecessor-version":[{"id":183275,"href":"https:\/\/exaudi.org\/it\/wp-json\/wp\/v2\/posts\/183271\/revisions\/183275"}],"wp:featuredmedia":[{"embeddable":true,"href":"https:\/\/exaudi.org\/it\/wp-json\/wp\/v2\/media\/183187"}],"wp:attachment":[{"href":"https:\/\/exaudi.org\/it\/wp-json\/wp\/v2\/media?parent=183271"}],"wp:term":[{"taxonomy":"category","embeddable":true,"href":"https:\/\/exaudi.org\/it\/wp-json\/wp\/v2\/categories?post=183271"},{"taxonomy":"post_tag","embeddable":true,"href":"https:\/\/exaudi.org\/it\/wp-json\/wp\/v2\/tags?post=183271"}],"curies":[{"name":"wp","href":"https:\/\/api.w.org\/{rel}","templated":true}]}}