{"id":183261,"date":"2026-08-31T16:30:30","date_gmt":"2026-08-31T14:30:30","guid":{"rendered":"https:\/\/exaudi.org\/?p=183261"},"modified":"2026-08-31T16:30:30","modified_gmt":"2026-08-31T14:30:30","slug":"quando-il-sacramento-e-la-meta","status":"publish","type":"post","link":"https:\/\/exaudi.org\/it\/quando-il-sacramento-e-la-meta\/","title":{"rendered":"Quando il Sacramento \u00e8 la meta"},"content":{"rendered":"<p><span dir=\"auto\" style=\"vertical-align: inherit\"><span dir=\"auto\" style=\"vertical-align: inherit\">La catechesi deve essere pi\u00f9 in sintonia con i segni dei tempi e, soprattutto, con le persone specifiche che entrano a far parte delle nostre comunit\u00e0 oggi. Tra queste, famiglie con background diversi, bambini con poca esperienza di fede, giovani influenzati dalle nuove forme di comunicazione e adulti che spesso ritornano alla Chiesa dopo anni di assenza.<\/span><\/span><\/p>\n<p><span dir=\"auto\" style=\"vertical-align: inherit\"><span dir=\"auto\" style=\"vertical-align: inherit\">La sfida non \u00e8 quella di cambiare il Vangelo per adattarlo al mondo, ma di chiederci come annunciare Ges\u00f9 Cristo oggi per realizzare un vero incontro con Dio.<\/span><\/span><\/p>\n<p><span dir=\"auto\" style=\"vertical-align: inherit\"><span dir=\"auto\" style=\"vertical-align: inherit\">C&#8217;\u00e8 una scena che conosciamo fin troppo bene: mesi o anni di catechismo, preparazione, incontri, riunioni con le famiglie, prove e festeggiamenti. Finalmente arriva il giorno tanto atteso: Prima Comunione, Cresima, Battesimo. La chiesa \u00e8 piena, le famiglie festeggiano, ci sono foto, abbracci e gioia. E poi, spesso, molti non tornano pi\u00f9.<\/span><\/span><\/p>\n<p><span dir=\"auto\" style=\"vertical-align: inherit\"><span dir=\"auto\" style=\"vertical-align: inherit\">Spesso ci chiediamo: perch\u00e9 se ne sono andati? Ma forse dovremmo osare porci una domanda pi\u00f9 scomoda: cosa abbiamo detto loro, esplicitamente o implicitamente, che dovevano raggiungere? Perch\u00e9 se durante tutto il percorso parliamo di &#8220;prepararsi a ricevere la Comunione&#8221;, &#8220;prepararsi alla Cresima&#8221; o &#8220;terminare il catechismo&#8221;, non dovrebbe sorprenderci che, una volta celebrato il sacramento, qualcuno senta di aver raggiunto l&#8217;obiettivo.<\/span><\/span><\/p>\n<h3><b><span dir=\"auto\" style=\"vertical-align: inherit\"><span dir=\"auto\" style=\"vertical-align: inherit\">Quando il sacramento diventa lo scopo, la catechesi ha fallito.<\/span><\/span><\/b><\/h3>\n<p><span dir=\"auto\" style=\"vertical-align: inherit\"><span dir=\"auto\" style=\"vertical-align: inherit\">Perch\u00e9 il punto centrale di ogni processo catechetico non \u00e8 giungere a una cerimonia, completare un programma o rispettare una scadenza. Il punto centrale \u00e8 provocare e accompagnare l&#8217;incontro con Dio: con quel Ges\u00f9 vivente che si dona a noi nell&#8217;Eucaristia e che dimora anche in noi, che viene a incontrarci nella Parola, nella comunit\u00e0, nei nostri fratelli e sorelle e nella vita quotidiana; e con lo Spirito Santo, che viene a fortificarci, a trasformarci e a spingerci ad andare avanti, perch\u00e9 arde in noi.<\/span><\/span><\/p>\n<p><span dir=\"auto\" style=\"vertical-align: inherit\"><span dir=\"auto\" style=\"vertical-align: inherit\">Pertanto, la Comunione, la Confermazione e, ancor meno, il Battesimo, non possono essere fini a se stessi. Il Battesimo \u00e8 la porta d&#8217;accesso e la nascita a una nuova vita; l&#8217;Eucaristia \u00e8 il Ges\u00f9 vivente che diventa cibo per il cammino; e la Confermazione \u00e8 la potenza dello Spirito Santo che accende il cuore, lo fortifica e lo spinge verso la missione.<\/span><\/span><\/p>\n<h3><b><span dir=\"auto\" style=\"vertical-align: inherit\"><span dir=\"auto\" style=\"vertical-align: inherit\">Nascita, nutrimento e forza. Nessuna di queste parole parla di arrivo. Tutte e tre parlano del viaggio.<\/span><\/span><\/b><\/h3>\n<p><span dir=\"auto\" style=\"vertical-align: inherit\"><span dir=\"auto\" style=\"vertical-align: inherit\">Il Battesimo, proprio perch\u00e9 porta d&#8217;accesso alla fede, non pu\u00f2 e non deve essere celebrato in solitudine. La famiglia non pu\u00f2 essere sola. Attraverso il Battesimo, una persona viene incorporata nella Chiesa, diventando parte di una specifica comunit\u00e0 di fratelli e sorelle che camminano nella stessa fede. Come possiamo dunque celebrare questa incorporazione se la comunit\u00e0 alla quale diciamo che appartiene non \u00e8 presente per accoglierla?<\/span><\/span><\/p>\n<p><span dir=\"auto\" style=\"vertical-align: inherit\"><span dir=\"auto\" style=\"vertical-align: inherit\">La comunit\u00e0 deve essere presente, rendendo visibile ci\u00f2 che stiamo celebrando: c&#8217;\u00e8 una persona nuova tra noi e vogliamo accoglierla. Questo deve far parte anche della catechesi prebattesimale. Non basta spiegare i simboli, l&#8217;acqua, l&#8217;olio, la candela o le promesse battesimali. Dobbiamo dire alle famiglie in cosa stanno entrando: in una Chiesa, in una comunit\u00e0 che celebra con gioia un nuovo membro ed \u00e8 pronta ad accompagnare lui e la sua famiglia nel loro cammino.<\/span><\/span><\/p>\n<p><span dir=\"auto\" style=\"vertical-align: inherit\"><span dir=\"auto\" style=\"vertical-align: inherit\">Da quel momento in poi, la famiglia dovrebbe sentire che, se avr\u00e0 bisogno di qualcosa, potr\u00e0 rivolgersi a quella comunit\u00e0. Che ci sono persone reali, volti e nomi; una comunit\u00e0 che prega, festeggia, ascolta e sostiene. Una comunit\u00e0 a cui possono tornare.<\/span><\/span><\/p>\n<p><span dir=\"auto\" style=\"vertical-align: inherit\"><span dir=\"auto\" style=\"vertical-align: inherit\">Pertanto, se dopo il Battesimo la famiglia scompare, non dovremmo sempre chiederci perch\u00e9 non sia tornata; possiamo anche chiederci se abbia mai sentito di avere un luogo in cui tornare.<\/span><\/span><\/p>\n<p><span dir=\"auto\" style=\"vertical-align: inherit\"><span dir=\"auto\" style=\"vertical-align: inherit\">Quel &#8220;avere un luogo in cui tornare&#8221; dovrebbe diventare particolarmente evidente anni dopo, quando molte di quelle famiglie ritornano perch\u00e9 i loro figli iniziano il cammino verso l&#8217;Eucaristia.<\/span><\/span><\/p>\n<p><span dir=\"auto\" style=\"vertical-align: inherit\"><span dir=\"auto\" style=\"vertical-align: inherit\">Ed ecco che appare un&#8217;immagine profondamente evangelica: il Padre Misericordioso. Il padre non aspetta il figlio con una lista di rimproveri. Non inizia chiedendogli dove sia stato, perch\u00e9 ci abbia messo tanto o perch\u00e9 se ne sia andato. Lo vede tornare, gli va incontro e lo abbraccia.<\/span><\/span><\/p>\n<p><span dir=\"auto\" style=\"vertical-align: inherit\"><span dir=\"auto\" style=\"vertical-align: inherit\">Forse le nostre comunit\u00e0 sono chiamate a replicare quello stesso gesto. Quando una famiglia ritorna dopo anni, non dovrebbe trovare una comunit\u00e0 che la rimprovera per la sua assenza, ma una comunit\u00e0 misericordiosa che gioisce del suo ritorno. Una comunit\u00e0 che la accoglie e dice: &#8220;\u00c8 meraviglioso avervi qui. Continuiamo a camminare insieme&#8221;.<\/span><\/span><\/p>\n<p><span dir=\"auto\" style=\"vertical-align: inherit\"><span dir=\"auto\" style=\"vertical-align: inherit\">Perch\u00e9 quel bambino battezzato anni fa non \u00e8 uno sconosciuto venuto ora a chiedere un altro sacramento. \u00c8 un membro della comunit\u00e0 che sta attraversando una nuova tappa del suo cammino di fede. E noi siamo di nuovo l\u00ec per accompagnarlo.<\/span><\/span><\/p>\n<p><span dir=\"auto\" style=\"vertical-align: inherit\"><span dir=\"auto\" style=\"vertical-align: inherit\">Questo cambia anche la nostra prospettiva sulla catechesi della Prima Comunione. Non ci limitiamo ad accogliere famiglie che vengono a iscrivere i propri figli per &#8220;ricevere la Comunione&#8221;. Stiamo ritrovando fratelli e sorelle che abbiamo accolto con il Battesimo e che ora ritornano per continuare il loro cammino.<\/span><\/span><\/p>\n<p><span dir=\"auto\" style=\"vertical-align: inherit\"><span dir=\"auto\" style=\"vertical-align: inherit\">In questo modo, Battesimo, Eucaristia e Confermazione cessano di essere compartimenti stagni per recuperare l&#8217;unit\u00e0 dello stesso processo: un cammino di fede accompagnato dalla comunit\u00e0.<\/span><\/span><\/p>\n<p><span dir=\"auto\" style=\"vertical-align: inherit\"><span dir=\"auto\" style=\"vertical-align: inherit\">Una catechesi attenta ai segni dei tempi dovrebbe dunque chiedersi meno quanti abbiano ricevuto un sacramento e molto di pi\u00f9 se siamo riusciti a realizzare un incontro: se abbiano incontrato Ges\u00f9, se abbiano scoperto che Dio dimora nella loro vita, se abbiano imparato a riconoscerlo nell&#8217;Eucaristia, nella Parola e nel loro fratello; se abbiano trovato una comunit\u00e0 a cui appartenere e se qualcosa abbia cominciato ad ardere nei loro cuori.<\/span><\/span><\/p>\n<p><span dir=\"auto\" style=\"vertical-align: inherit\"><span dir=\"auto\" style=\"vertical-align: inherit\">Perch\u00e9 forse il frutto della nostra catechesi non si misura da coloro che hanno partecipato a una celebrazione, ma da coloro che hanno scoperto che dopo di essa il cammino continua e che c&#8217;\u00e8 una comunit\u00e0 disposta a camminare con loro e un Ges\u00f9 che \u00e8 l\u00ec per sempre.\u00a0<\/span><\/span><\/p>\n","protected":false},"excerpt":{"rendered":"<p>Battesimo, Eucaristia e Confermazione non sono punti di arrivo. La sfida della catechesi \u00e8 quella di favorire un incontro con Dio e costruire comunit\u00e0 misericordiose che accolgano, abbraccino e accompagnino ogni tappa del cammino di fede<\/p>\n","protected":false},"author":190,"featured_media":183194,"comment_status":"closed","ping_status":"closed","sticky":false,"template":"","format":"standard","meta":{"_acf_changed":false,"inline_featured_image":false,"_wpcom_ai_launchpad_first_post":false,"footnotes":"","jetpack_post_was_ever_published":false},"categories":[129],"tags":[34402,116934,4030,580,20403,121113,1384,1092,20607,2547,64787,20626],"class_list":["post-183261","post","type-post","status-publish","format-standard","has-post-thumbnail","hentry","category-voci","tag-accompagnamento-pastorale","tag-ana-tina-colussi-2","tag-battesimo","tag-catechesi","tag-comunita-cristiana","tag-confermazione","tag-eucaristia","tag-evangelizzazione","tag-incontro-con-dio","tag-sacramenti","tag-trending-it-236","tag-vita-di-fede"],"acf":[],"yoast_head":"<!-- This site is optimized with the Yoast SEO plugin v28.4 - https:\/\/yoast.com\/product\/yoast-seo-wordpress\/ -->\n<title>Quando il Sacramento \u00e8 la meta &#8211; Exaudi<\/title>\n<meta name=\"robots\" content=\"index, follow, max-snippet:-1, max-image-preview:large, max-video-preview:-1\" \/>\n<link rel=\"canonical\" href=\"https:\/\/exaudi.org\/it\/quando-il-sacramento-e-la-meta\/\" \/>\n<meta property=\"og:locale\" content=\"it_IT\" \/>\n<meta property=\"og:type\" content=\"article\" \/>\n<meta property=\"og:title\" content=\"Quando il Sacramento \u00e8 la meta &#8211; Exaudi\" \/>\n<meta property=\"og:description\" content=\"Battesimo, Eucaristia e Confermazione non sono punti di arrivo. La sfida della catechesi \u00e8 quella di favorire un incontro con Dio e costruire comunit\u00e0 misericordiose che accolgano, abbraccino e accompagnino ogni tappa del cammino di fede\" \/>\n<meta property=\"og:url\" content=\"https:\/\/exaudi.org\/it\/quando-il-sacramento-e-la-meta\/\" \/>\n<meta property=\"og:site_name\" content=\"Exaudi\" \/>\n<meta property=\"article:publisher\" content=\"https:\/\/www.facebook.com\/ExaudiNews\" \/>\n<meta property=\"article:published_time\" content=\"2026-08-31T14:30:30+00:00\" \/>\n<meta property=\"og:image\" content=\"https:\/\/exaudi.org\/wp-content\/uploads\/2026\/08\/1788114340472.jpg\" \/>\n\t<meta property=\"og:image:width\" content=\"1237\" \/>\n\t<meta property=\"og:image:height\" content=\"768\" \/>\n\t<meta property=\"og:image:type\" content=\"image\/jpeg\" \/>\n<meta name=\"author\" content=\"Tina Colussi\" \/>\n<meta name=\"twitter:card\" content=\"summary_large_image\" \/>\n<meta name=\"twitter:creator\" content=\"@Exaudi_News\" \/>\n<meta name=\"twitter:site\" content=\"@Exaudi_News\" \/>\n<meta name=\"twitter:label1\" content=\"Scritto da\" \/>\n\t<meta name=\"twitter:data1\" content=\"Tina Colussi\" \/>\n\t<meta name=\"twitter:label2\" content=\"Tempo di lettura stimato\" \/>\n\t<meta name=\"twitter:data2\" content=\"5 minuti\" \/>\n<script type=\"application\/ld+json\" class=\"yoast-schema-graph\">{\"@context\":\"https:\\\/\\\/schema.org\",\"@graph\":[{\"@type\":\"Article\",\"@id\":\"https:\\\/\\\/exaudi.org\\\/it\\\/quando-il-sacramento-e-la-meta\\\/#article\",\"isPartOf\":{\"@id\":\"https:\\\/\\\/exaudi.org\\\/it\\\/quando-il-sacramento-e-la-meta\\\/\"},\"author\":{\"name\":\"Tina Colussi\",\"@id\":\"https:\\\/\\\/exaudi.org\\\/#\\\/schema\\\/person\\\/5ca8176299dba383fa70a6ffdca08ba6\"},\"headline\":\"Quando il Sacramento \u00e8 la meta\",\"datePublished\":\"2026-08-31T14:30:30+00:00\",\"mainEntityOfPage\":{\"@id\":\"https:\\\/\\\/exaudi.org\\\/it\\\/quando-il-sacramento-e-la-meta\\\/\"},\"wordCount\":951,\"image\":{\"@id\":\"https:\\\/\\\/exaudi.org\\\/it\\\/quando-il-sacramento-e-la-meta\\\/#primaryimage\"},\"thumbnailUrl\":\"https:\\\/\\\/i0.wp.com\\\/exaudi.org\\\/wp-content\\\/uploads\\\/2026\\\/08\\\/1788114340472.jpg?fit=1237%2C768&ssl=1\",\"keywords\":[\"accompagnamento pastorale\",\"Ana Tina Colussi\",\"battesimo\",\"catechesi\",\"COMUNIT\u00c0 CRISTIANA\",\"Confermazione\",\"Eucaristia\",\"evangelizzazione\",\"INCONTRO CON DIO\",\"sacramenti\",\"Trending\",\"VITA DI FEDE\"],\"articleSection\":[\"Voci\"],\"inLanguage\":\"it-IT\"},{\"@type\":\"WebPage\",\"@id\":\"https:\\\/\\\/exaudi.org\\\/it\\\/quando-il-sacramento-e-la-meta\\\/\",\"url\":\"https:\\\/\\\/exaudi.org\\\/it\\\/quando-il-sacramento-e-la-meta\\\/\",\"name\":\"Quando il Sacramento \u00e8 la meta &#8211; Exaudi\",\"isPartOf\":{\"@id\":\"https:\\\/\\\/exaudi.org\\\/#website\"},\"primaryImageOfPage\":{\"@id\":\"https:\\\/\\\/exaudi.org\\\/it\\\/quando-il-sacramento-e-la-meta\\\/#primaryimage\"},\"image\":{\"@id\":\"https:\\\/\\\/exaudi.org\\\/it\\\/quando-il-sacramento-e-la-meta\\\/#primaryimage\"},\"thumbnailUrl\":\"https:\\\/\\\/i0.wp.com\\\/exaudi.org\\\/wp-content\\\/uploads\\\/2026\\\/08\\\/1788114340472.jpg?fit=1237%2C768&ssl=1\",\"datePublished\":\"2026-08-31T14:30:30+00:00\",\"author\":{\"@id\":\"https:\\\/\\\/exaudi.org\\\/#\\\/schema\\\/person\\\/5ca8176299dba383fa70a6ffdca08ba6\"},\"breadcrumb\":{\"@id\":\"https:\\\/\\\/exaudi.org\\\/it\\\/quando-il-sacramento-e-la-meta\\\/#breadcrumb\"},\"inLanguage\":\"it-IT\",\"potentialAction\":[{\"@type\":\"ReadAction\",\"target\":[\"https:\\\/\\\/exaudi.org\\\/it\\\/quando-il-sacramento-e-la-meta\\\/\"]}]},{\"@type\":\"ImageObject\",\"inLanguage\":\"it-IT\",\"@id\":\"https:\\\/\\\/exaudi.org\\\/it\\\/quando-il-sacramento-e-la-meta\\\/#primaryimage\",\"url\":\"https:\\\/\\\/i0.wp.com\\\/exaudi.org\\\/wp-content\\\/uploads\\\/2026\\\/08\\\/1788114340472.jpg?fit=1237%2C768&ssl=1\",\"contentUrl\":\"https:\\\/\\\/i0.wp.com\\\/exaudi.org\\\/wp-content\\\/uploads\\\/2026\\\/08\\\/1788114340472.jpg?fit=1237%2C768&ssl=1\",\"width\":1237,\"height\":768},{\"@type\":\"BreadcrumbList\",\"@id\":\"https:\\\/\\\/exaudi.org\\\/it\\\/quando-il-sacramento-e-la-meta\\\/#breadcrumb\",\"itemListElement\":[{\"@type\":\"ListItem\",\"position\":1,\"name\":\"Portada\",\"item\":\"https:\\\/\\\/exaudi.org\\\/it\\\/\"},{\"@type\":\"ListItem\",\"position\":2,\"name\":\"Quando il Sacramento \u00e8 la meta\"}]},{\"@type\":\"WebSite\",\"@id\":\"https:\\\/\\\/exaudi.org\\\/#website\",\"url\":\"https:\\\/\\\/exaudi.org\\\/\",\"name\":\"Exaudi\",\"description\":\"News\",\"potentialAction\":[{\"@type\":\"SearchAction\",\"target\":{\"@type\":\"EntryPoint\",\"urlTemplate\":\"https:\\\/\\\/exaudi.org\\\/?s={search_term_string}\"},\"query-input\":{\"@type\":\"PropertyValueSpecification\",\"valueRequired\":true,\"valueName\":\"search_term_string\"}}],\"inLanguage\":\"it-IT\"},{\"@type\":\"Person\",\"@id\":\"https:\\\/\\\/exaudi.org\\\/#\\\/schema\\\/person\\\/5ca8176299dba383fa70a6ffdca08ba6\",\"name\":\"Tina Colussi\",\"image\":{\"@type\":\"ImageObject\",\"inLanguage\":\"it-IT\",\"@id\":\"https:\\\/\\\/secure.gravatar.com\\\/avatar\\\/2c98f77d7ed380fd96936e5a29d4d1da324321aec5837065b39354c9dfe48577?s=96&d=mm&r=g\",\"url\":\"https:\\\/\\\/secure.gravatar.com\\\/avatar\\\/2c98f77d7ed380fd96936e5a29d4d1da324321aec5837065b39354c9dfe48577?s=96&d=mm&r=g\",\"contentUrl\":\"https:\\\/\\\/secure.gravatar.com\\\/avatar\\\/2c98f77d7ed380fd96936e5a29d4d1da324321aec5837065b39354c9dfe48577?s=96&d=mm&r=g\",\"caption\":\"Tina Colussi\"},\"description\":\"Periodista, comunicadora y catequista. Diplomada en Comunicaci\u00f3n Cat\u00f3lica y Animadora B\u00edblica de la Pastoral. Desde hace m\u00e1s de siete a\u00f1os acompa\u00f1a la comunicaci\u00f3n de la Iglesia a trav\u00e9s de distintos medios y proyectos de evangelizaci\u00f3n. Comparte diariamente \\\"Un minuto con Jes\u00fas\\\", una sencilla reflexi\u00f3n del Evangelio que puede seguirse en sus redes sociales y que busca acompa\u00f1ar la vida de fe con la fuerza de las peque\u00f1as palabras. Cree en la simpleza de las palabras, en la fuerza del encuentro y en el poder de la comunicaci\u00f3n para sembrar esperanza, tender puentes y acercar a las personas a Dios.\",\"sameAs\":[\"https:\\\/\\\/www.instagram.com\\\/tinacolussi\\\/\"],\"url\":\"https:\\\/\\\/exaudi.org\\\/it\\\/author\\\/tina-colussi\\\/\"}]}<\/script>\n<!-- \/ Yoast SEO plugin. -->","yoast_head_json":{"title":"Quando il Sacramento \u00e8 la meta &#8211; Exaudi","robots":{"index":"index","follow":"follow","max-snippet":"max-snippet:-1","max-image-preview":"max-image-preview:large","max-video-preview":"max-video-preview:-1"},"canonical":"https:\/\/exaudi.org\/it\/quando-il-sacramento-e-la-meta\/","og_locale":"it_IT","og_type":"article","og_title":"Quando il Sacramento \u00e8 la meta &#8211; Exaudi","og_description":"Battesimo, Eucaristia e Confermazione non sono punti di arrivo. La sfida della catechesi \u00e8 quella di favorire un incontro con Dio e costruire comunit\u00e0 misericordiose che accolgano, abbraccino e accompagnino ogni tappa del cammino di fede","og_url":"https:\/\/exaudi.org\/it\/quando-il-sacramento-e-la-meta\/","og_site_name":"Exaudi","article_publisher":"https:\/\/www.facebook.com\/ExaudiNews","article_published_time":"2026-08-31T14:30:30+00:00","og_image":[{"width":1237,"height":768,"url":"https:\/\/exaudi.org\/wp-content\/uploads\/2026\/08\/1788114340472.jpg","type":"image\/jpeg"}],"author":"Tina Colussi","twitter_card":"summary_large_image","twitter_creator":"@Exaudi_News","twitter_site":"@Exaudi_News","twitter_misc":{"Scritto da":"Tina Colussi","Tempo di lettura stimato":"5 minuti"},"schema":{"@context":"https:\/\/schema.org","@graph":[{"@type":"Article","@id":"https:\/\/exaudi.org\/it\/quando-il-sacramento-e-la-meta\/#article","isPartOf":{"@id":"https:\/\/exaudi.org\/it\/quando-il-sacramento-e-la-meta\/"},"author":{"name":"Tina Colussi","@id":"https:\/\/exaudi.org\/#\/schema\/person\/5ca8176299dba383fa70a6ffdca08ba6"},"headline":"Quando il Sacramento \u00e8 la meta","datePublished":"2026-08-31T14:30:30+00:00","mainEntityOfPage":{"@id":"https:\/\/exaudi.org\/it\/quando-il-sacramento-e-la-meta\/"},"wordCount":951,"image":{"@id":"https:\/\/exaudi.org\/it\/quando-il-sacramento-e-la-meta\/#primaryimage"},"thumbnailUrl":"https:\/\/i0.wp.com\/exaudi.org\/wp-content\/uploads\/2026\/08\/1788114340472.jpg?fit=1237%2C768&ssl=1","keywords":["accompagnamento pastorale","Ana Tina Colussi","battesimo","catechesi","COMUNIT\u00c0 CRISTIANA","Confermazione","Eucaristia","evangelizzazione","INCONTRO CON DIO","sacramenti","Trending","VITA DI FEDE"],"articleSection":["Voci"],"inLanguage":"it-IT"},{"@type":"WebPage","@id":"https:\/\/exaudi.org\/it\/quando-il-sacramento-e-la-meta\/","url":"https:\/\/exaudi.org\/it\/quando-il-sacramento-e-la-meta\/","name":"Quando il Sacramento \u00e8 la meta &#8211; Exaudi","isPartOf":{"@id":"https:\/\/exaudi.org\/#website"},"primaryImageOfPage":{"@id":"https:\/\/exaudi.org\/it\/quando-il-sacramento-e-la-meta\/#primaryimage"},"image":{"@id":"https:\/\/exaudi.org\/it\/quando-il-sacramento-e-la-meta\/#primaryimage"},"thumbnailUrl":"https:\/\/i0.wp.com\/exaudi.org\/wp-content\/uploads\/2026\/08\/1788114340472.jpg?fit=1237%2C768&ssl=1","datePublished":"2026-08-31T14:30:30+00:00","author":{"@id":"https:\/\/exaudi.org\/#\/schema\/person\/5ca8176299dba383fa70a6ffdca08ba6"},"breadcrumb":{"@id":"https:\/\/exaudi.org\/it\/quando-il-sacramento-e-la-meta\/#breadcrumb"},"inLanguage":"it-IT","potentialAction":[{"@type":"ReadAction","target":["https:\/\/exaudi.org\/it\/quando-il-sacramento-e-la-meta\/"]}]},{"@type":"ImageObject","inLanguage":"it-IT","@id":"https:\/\/exaudi.org\/it\/quando-il-sacramento-e-la-meta\/#primaryimage","url":"https:\/\/i0.wp.com\/exaudi.org\/wp-content\/uploads\/2026\/08\/1788114340472.jpg?fit=1237%2C768&ssl=1","contentUrl":"https:\/\/i0.wp.com\/exaudi.org\/wp-content\/uploads\/2026\/08\/1788114340472.jpg?fit=1237%2C768&ssl=1","width":1237,"height":768},{"@type":"BreadcrumbList","@id":"https:\/\/exaudi.org\/it\/quando-il-sacramento-e-la-meta\/#breadcrumb","itemListElement":[{"@type":"ListItem","position":1,"name":"Portada","item":"https:\/\/exaudi.org\/it\/"},{"@type":"ListItem","position":2,"name":"Quando il Sacramento \u00e8 la meta"}]},{"@type":"WebSite","@id":"https:\/\/exaudi.org\/#website","url":"https:\/\/exaudi.org\/","name":"Exaudi","description":"News","potentialAction":[{"@type":"SearchAction","target":{"@type":"EntryPoint","urlTemplate":"https:\/\/exaudi.org\/?s={search_term_string}"},"query-input":{"@type":"PropertyValueSpecification","valueRequired":true,"valueName":"search_term_string"}}],"inLanguage":"it-IT"},{"@type":"Person","@id":"https:\/\/exaudi.org\/#\/schema\/person\/5ca8176299dba383fa70a6ffdca08ba6","name":"Tina Colussi","image":{"@type":"ImageObject","inLanguage":"it-IT","@id":"https:\/\/secure.gravatar.com\/avatar\/2c98f77d7ed380fd96936e5a29d4d1da324321aec5837065b39354c9dfe48577?s=96&d=mm&r=g","url":"https:\/\/secure.gravatar.com\/avatar\/2c98f77d7ed380fd96936e5a29d4d1da324321aec5837065b39354c9dfe48577?s=96&d=mm&r=g","contentUrl":"https:\/\/secure.gravatar.com\/avatar\/2c98f77d7ed380fd96936e5a29d4d1da324321aec5837065b39354c9dfe48577?s=96&d=mm&r=g","caption":"Tina Colussi"},"description":"Periodista, comunicadora y catequista. Diplomada en Comunicaci\u00f3n Cat\u00f3lica y Animadora B\u00edblica de la Pastoral. Desde hace m\u00e1s de siete a\u00f1os acompa\u00f1a la comunicaci\u00f3n de la Iglesia a trav\u00e9s de distintos medios y proyectos de evangelizaci\u00f3n. Comparte diariamente \"Un minuto con Jes\u00fas\", una sencilla reflexi\u00f3n del Evangelio que puede seguirse en sus redes sociales y que busca acompa\u00f1ar la vida de fe con la fuerza de las peque\u00f1as palabras. Cree en la simpleza de las palabras, en la fuerza del encuentro y en el poder de la comunicaci\u00f3n para sembrar esperanza, tender puentes y acercar a las personas a Dios.","sameAs":["https:\/\/www.instagram.com\/tinacolussi\/"],"url":"https:\/\/exaudi.org\/it\/author\/tina-colussi\/"}]}},"jetpack_shortlink":"https:\/\/wp.me\/pgKjF2-LFP","jetpack_featured_media_url":"https:\/\/i0.wp.com\/exaudi.org\/wp-content\/uploads\/2026\/08\/1788114340472.jpg?fit=1237%2C768&ssl=1","_links":{"self":[{"href":"https:\/\/exaudi.org\/it\/wp-json\/wp\/v2\/posts\/183261","targetHints":{"allow":["GET"]}}],"collection":[{"href":"https:\/\/exaudi.org\/it\/wp-json\/wp\/v2\/posts"}],"about":[{"href":"https:\/\/exaudi.org\/it\/wp-json\/wp\/v2\/types\/post"}],"author":[{"embeddable":true,"href":"https:\/\/exaudi.org\/it\/wp-json\/wp\/v2\/users\/190"}],"replies":[{"embeddable":true,"href":"https:\/\/exaudi.org\/it\/wp-json\/wp\/v2\/comments?post=183261"}],"version-history":[{"count":4,"href":"https:\/\/exaudi.org\/it\/wp-json\/wp\/v2\/posts\/183261\/revisions"}],"predecessor-version":[{"id":183265,"href":"https:\/\/exaudi.org\/it\/wp-json\/wp\/v2\/posts\/183261\/revisions\/183265"}],"wp:featuredmedia":[{"embeddable":true,"href":"https:\/\/exaudi.org\/it\/wp-json\/wp\/v2\/media\/183194"}],"wp:attachment":[{"href":"https:\/\/exaudi.org\/it\/wp-json\/wp\/v2\/media?parent=183261"}],"wp:term":[{"taxonomy":"category","embeddable":true,"href":"https:\/\/exaudi.org\/it\/wp-json\/wp\/v2\/categories?post=183261"},{"taxonomy":"post_tag","embeddable":true,"href":"https:\/\/exaudi.org\/it\/wp-json\/wp\/v2\/tags?post=183261"}],"curies":[{"name":"wp","href":"https:\/\/api.w.org\/{rel}","templated":true}]}}