{"id":183252,"date":"2026-08-31T16:14:35","date_gmt":"2026-08-31T14:14:35","guid":{"rendered":"https:\/\/exaudi.org\/?p=183252"},"modified":"2026-08-31T16:14:35","modified_gmt":"2026-08-31T14:14:35","slug":"il-ritorno-dalle-vacanze-non-significa-ricominciare-da-zero","status":"publish","type":"post","link":"https:\/\/exaudi.org\/it\/il-ritorno-dalle-vacanze-non-significa-ricominciare-da-zero\/","title":{"rendered":"Il ritorno dalle vacanze non significa ricominciare da zero"},"content":{"rendered":"<p><span dir=\"auto\" style=\"vertical-align: inherit\"><span dir=\"auto\" style=\"vertical-align: inherit\">Dopo le vacanze, che molti di noi hanno potuto godersi \u2013 studenti compresi \u2013 e durante le quali abbiamo avuto l&#8217;opportunit\u00e0 di ricaricare le energie, vale la pena chiedersi: come dovremmo affrontare il ritorno al lavoro o allo studio?<\/span><\/span><\/p>\n<p><span dir=\"auto\" style=\"vertical-align: inherit\"><span dir=\"auto\" style=\"vertical-align: inherit\">Credo che, se abbiamo sfruttato al meglio le vacanze, il ritorno non debba essere percepito come un &#8220;ricominciare da zero&#8221;, bens\u00ec come la consapevolezza di tornare con le energie al massimo e con una maggiore lucidit\u00e0 mentale.<\/span><\/span><\/p>\n<div><\/div>\n<p><span dir=\"auto\" style=\"vertical-align: inherit\"><span dir=\"auto\" style=\"vertical-align: inherit\">Tra gli ingredienti principali di tale bagaglio dovrebbero esserci l&#8217;entusiasmo nell&#8217;affrontare nuove sfide e opportunit\u00e0, il desiderio di accrescere le nostre conoscenze e continuare a crescere, la disponibilit\u00e0 a collaborare con i colleghi, il recupero di buone abitudini e la volont\u00e0 di contribuire, dal nostro punto di vista, al progresso della societ\u00e0.<\/span><\/span><\/p>\n<p><span dir=\"auto\" style=\"vertical-align: inherit\"><span dir=\"auto\" style=\"vertical-align: inherit\">Un altro ingrediente essenziale \u00e8\u00a0 <\/span><\/span><b><span dir=\"auto\" style=\"vertical-align: inherit\"><span dir=\"auto\" style=\"vertical-align: inherit\">la perseveranza<\/span><\/span><\/b><span dir=\"auto\" style=\"vertical-align: inherit\"><span dir=\"auto\" style=\"vertical-align: inherit\"> , che ci aiuta a impegnarci e a superare le sfide nonostante le difficolt\u00e0. E, senza dubbio,\u00a0 \u00e8 fondamentale anche <\/span><\/span><b><span dir=\"auto\" style=\"vertical-align: inherit\"><span dir=\"auto\" style=\"vertical-align: inherit\">l&#8217;ottimismo<\/span><\/span><\/b><span dir=\"auto\" style=\"vertical-align: inherit\"><span dir=\"auto\" style=\"vertical-align: inherit\"> , che ci permette di scoprire che anche dalle situazioni pi\u00f9 difficili possiamo imparare qualcosa di prezioso o trovare qualcosa di positivo.<\/span><\/span><\/p>\n<p><span dir=\"auto\" style=\"vertical-align: inherit\"><span dir=\"auto\" style=\"vertical-align: inherit\">Tornare con le energie al massimo non significa necessariamente tornare con la voglia di lavorare o studiare dodici ore al giorno. L&#8217;essenziale \u00e8 che, grazie a questa carica di energia, possiamo riprendere il ritmo necessario senza che tutto sembri una fatica immane.<\/span><\/span><\/p>\n<h3><strong><i><span dir=\"auto\" style=\"vertical-align: inherit\"><span dir=\"auto\" style=\"vertical-align: inherit\">Se abbiamo ricaricato le nostre batterie, dovremmo notare\u2026<\/span><\/span><\/i><\/strong><\/h3>\n<p><span dir=\"auto\" style=\"vertical-align: inherit\"><span dir=\"auto\" style=\"vertical-align: inherit\">Pi\u00f9 energia al risveglio, maggiore capacit\u00e0 di concentrazione, pi\u00f9 motivazione e iniziativa, umore migliore, sonno pi\u00f9 riposante, una prospettiva pi\u00f9 ampia sulle cose, una maggiore capacit\u00e0 di godersi di nuovo la vita e una minore sensazione di essere perennemente soggetti a obblighi.<\/span><\/span><\/p>\n<p><span dir=\"auto\" style=\"vertical-align: inherit\"><span dir=\"auto\" style=\"vertical-align: inherit\">Ma anche se abbiamo completamente ricostituito le nostre riserve di energia, ci\u00f2 non significa che dovremmo ripartire a pieno ritmo il primo giorno di ritorno. Dopo un periodo di disconnessione, il nostro corpo e la nostra mente hanno bisogno di qualche giorno per risincronizzarsi e tornare al loro ritmo normale.<\/span><\/span><\/p>\n<p><span dir=\"auto\" style=\"vertical-align: inherit\"><span dir=\"auto\" style=\"vertical-align: inherit\">Forse il processo dovrebbe essere questo:<\/span><\/span><\/p>\n<p><span dir=\"auto\" style=\"vertical-align: inherit\"><span dir=\"auto\" style=\"vertical-align: inherit\">Vacanze \u2192 recupero \u2192 riadattamento \u2192 ritmo \u2192 prestazione.<\/span><\/span><\/p>\n<p><span dir=\"auto\" style=\"vertical-align: inherit\"><span dir=\"auto\" style=\"vertical-align: inherit\">E non quest&#8217;altro:<\/span><\/span><\/p>\n<p><span dir=\"auto\" style=\"vertical-align: inherit\"><span dir=\"auto\" style=\"vertical-align: inherit\">Vacanze \u2192 primo giorno di lavoro o di scuola \u2192 produttivit\u00e0 massima immediata.<\/span><\/span><\/p>\n<p><span dir=\"auto\" style=\"vertical-align: inherit\"><span dir=\"auto\" style=\"vertical-align: inherit\">Un graduale ritorno alla vita quotidiana dovrebbe consentirci di gestire le energie ritrovate, evitando di sprecarle tutte nelle prime settimane o di buttarci a capofitto in questa nuova fase come un elefante in una cristalleria. Questo non significa, ovviamente, rinunciare al lavoro o allo studio, ma piuttosto imparare a riprendere il ritmo in modo intelligente e sostenibile.<\/span><\/span><\/p>\n<p><span dir=\"auto\" style=\"vertical-align: inherit\"><span dir=\"auto\" style=\"vertical-align: inherit\">L&#8217;atteggiamento ideale, sia per gli adulti che rientrano al lavoro sia per gli studenti che tornano in classe, dovrebbe coniugare energia, realismo, calma, prudenza e pazienza. In definitiva, si tratta di sfruttare questa pausa per iniziare un nuovo capitolo in una condizione migliore.<\/span><\/span><\/p>\n<p><span dir=\"auto\" style=\"vertical-align: inherit\"><span dir=\"auto\" style=\"vertical-align: inherit\">Per gli adulti, questo potrebbe tradursi in un ritorno all&#8217;iniziativa anzich\u00e9 alla rassegnazione; nell&#8217;organizzazione dei compiti; nell&#8217;evitare stress inutili; nel cercare nuovi modi di fare le cose; nel porsi dei limiti; nel recuperare o migliorare le buone abitudini; e nell&#8217;accettare che ci vuole un po&#8217; di tempo per riprendere il ritmo.<\/span><\/span><\/p>\n<h3><strong><i><span dir=\"auto\" style=\"vertical-align: inherit\"><span dir=\"auto\" style=\"vertical-align: inherit\">Il posto degli studenti<\/span><\/span><\/i><\/strong><\/h3>\n<p><span dir=\"auto\" style=\"vertical-align: inherit\"><span dir=\"auto\" style=\"vertical-align: inherit\">Per gli studenti, l&#8217;atteggiamento dovrebbe essere caratterizzato da curiosit\u00e0 e desiderio di miglioramento personale. Il ritorno agli studi dovrebbe essere un&#8217;opportunit\u00e0 per imparare, scoprire e progredire, non per iniziare il semestre pensando solo: &#8220;Uffa, che orrore dover tornare!&#8221;.<\/span><\/span><\/p>\n<p><span dir=\"auto\" style=\"vertical-align: inherit\"><span dir=\"auto\" style=\"vertical-align: inherit\">Non si tratta di cercare di recuperare tutto in una volta. \u00c8 fondamentale, per\u00f2, stabilire un programma di studio giornaliero, fissare piccoli obiettivi specifici e impegnarsi a essere costanti. Allo stesso tempo, \u00e8 importante dedicare del tempo agli amici, allo sport, al riposo e al tempo libero.<\/span><\/span><\/p>\n<p><span dir=\"auto\" style=\"vertical-align: inherit\"><span dir=\"auto\" style=\"vertical-align: inherit\">Studiare meglio non significa vivere esclusivamente per studiare.<\/span><\/span><\/p>\n<p><span dir=\"auto\" style=\"vertical-align: inherit\"><span dir=\"auto\" style=\"vertical-align: inherit\">In entrambi i casi, \u00e8 fondamentale comprendere che le vacanze non servono solo per riposarsi dal lavoro o dallo studio. Ci permettono anche di recuperare risorse, competenze e prospettive che dovremo poi utilizzare con saggezza.<\/span><\/span><\/p>\n<p><span dir=\"auto\" style=\"vertical-align: inherit\"><span dir=\"auto\" style=\"vertical-align: inherit\">Pertanto, un buon giro dovrebbe includere alcuni elementi essenziali:<\/span><\/span><\/p>\n<p><span dir=\"auto\" style=\"vertical-align: inherit\"><span dir=\"auto\" style=\"vertical-align: inherit\">Energia + organizzazione + entusiasmo + disciplina + equilibrio.<\/span><\/span><\/p>\n<p><span dir=\"auto\" style=\"vertical-align: inherit\"><span dir=\"auto\" style=\"vertical-align: inherit\">Sarebbe saggio evitare due posizioni estreme e malsane: &#8220;Mi sono riposato, ora devo dare il massimo&#8221; e &#8220;Le vacanze sono finite, che peccato&#8221;.<\/span><\/span><\/p>\n<h3><strong><i><span dir=\"auto\" style=\"vertical-align: inherit\"><span dir=\"auto\" style=\"vertical-align: inherit\">Gratitudine attiva<\/span><\/span><\/i><\/strong><\/h3>\n<p><span dir=\"auto\" style=\"vertical-align: inherit\"><span dir=\"auto\" style=\"vertical-align: inherit\">Penso che possa anche aiutarci a tornare con una sorta di\u00a0 <\/span><\/span><b><span dir=\"auto\" style=\"vertical-align: inherit\"><span dir=\"auto\" style=\"vertical-align: inherit\">gratitudine attiva<\/span><\/span><\/b><span dir=\"auto\" style=\"vertical-align: inherit\"><span dir=\"auto\" style=\"vertical-align: inherit\"> :\u00a0<\/span><\/span><\/p>\n<p><span dir=\"auto\" style=\"vertical-align: inherit\"><span dir=\"auto\" style=\"vertical-align: inherit\">&#8220;Mi \u00e8 stato concesso del tempo prezioso per recuperare le forze; ora voglio usare al meglio queste forze.&#8221;<\/span><\/span><\/p>\n<p><span dir=\"auto\" style=\"vertical-align: inherit\"><span dir=\"auto\" style=\"vertical-align: inherit\">Questo atteggiamento pu\u00f2 anche portarci ad attivare la nostra generosit\u00e0 e a cercare di rendere un po&#8217; migliori le persone che ci circondano.<\/span><\/span><\/p>\n<p><span dir=\"auto\" style=\"vertical-align: inherit\"><span dir=\"auto\" style=\"vertical-align: inherit\">Essere generosi, collaborativi e disponibili non significa dire s\u00ec a tutto, lavorare senza limiti o ignorare la propria stanchezza. Chi torna a casa riposato dovrebbe anche saper prendersi cura di quel riposo. Perch\u00e9 se consumiamo tutte le energie recuperate cercando di dimostrare di poter gestire tutto, saremo di nuovo esausti nel giro di poche settimane.<\/span><\/span><\/p>\n<p><span dir=\"auto\" style=\"vertical-align: inherit\"><span dir=\"auto\" style=\"vertical-align: inherit\">Pertanto, la nostra generosit\u00e0 dovrebbe essere\u00a0 <\/span><\/span><b><span dir=\"auto\" style=\"vertical-align: inherit\"><span dir=\"auto\" style=\"vertical-align: inherit\">una generosit\u00e0 responsabile<\/span><\/span><\/b><span dir=\"auto\" style=\"vertical-align: inherit\"><span dir=\"auto\" style=\"vertical-align: inherit\"> :<\/span><\/span><\/p>\n<p><span dir=\"auto\" style=\"vertical-align: inherit\"><span dir=\"auto\" style=\"vertical-align: inherit\">\u201cHo recuperato le forze, ne sono grato e voglio metterle a frutto, ma devo anche gestirle bene.\u201d<\/span><\/span><\/p>\n<p><span dir=\"auto\" style=\"vertical-align: inherit\"><span dir=\"auto\" style=\"vertical-align: inherit\">Forse questa \u00e8 una buona filosofia per il ritorno:<\/span><\/span><\/p>\n<p><span dir=\"auto\" style=\"vertical-align: inherit\"><span dir=\"auto\" style=\"vertical-align: inherit\">Sii grato per ci\u00f2 che hai ricevuto \u2192 riscopri il significato di ci\u00f2 che fai \u2192 metti le tue capacit\u00e0 al servizio degli altri \u2192 lavora e studia con iniziativa \u2192 prenditi cura del tuo equilibrio.<\/span><\/span><\/p>\n<p><span dir=\"auto\" style=\"vertical-align: inherit\"><span dir=\"auto\" style=\"vertical-align: inherit\">Se adottiamo questa filosofia, potremmo dire che le vacanze non finiscono il giorno in cui torniamo al lavoro o a scuola. Continuano a dare i loro frutti nel modo in cui torniamo.<\/span><\/span><\/p>\n<p><span dir=\"auto\" style=\"vertical-align: inherit\"><span dir=\"auto\" style=\"vertical-align: inherit\">E forse la prova migliore di esserci davvero riposati non \u00e8 solo quella di usare l&#8217;energia recuperata per pretendere di pi\u00f9 da noi stessi, ma anche per contribuire, aiutare, collaborare e rendere un po&#8217; migliore la vita di chi ci sta intorno.<\/span><\/span><\/p>\n","protected":false},"excerpt":{"rendered":"<p>Le chiavi per trasformare la pausa in un ritorno al lavoro intelligente, graduale e mirato<\/p>\n","protected":false},"author":181,"featured_media":183202,"comment_status":"closed","ping_status":"closed","sticky":false,"template":"","format":"standard","meta":{"_acf_changed":false,"inline_featured_image":false,"_wpcom_ai_launchpad_first_post":false,"footnotes":"","jetpack_post_was_ever_published":false},"categories":[71],"tags":[121099,21304,23117,121100,24200,121101,121102,121104,119814,121103,108797,64787],"class_list":["post-183252","post","type-post","status-publish","format-standard","has-post-thumbnail","hentry","category-analisi","tag-adattamento-al-luogo-di-lavoro","tag-atteggiamento-positivo","tag-equilibrio-personale","tag-gestione-dellenergia","tag-inizio-dellanno-scolastico","tag-produttivita-sostenibile","tag-rientro-al-lavoro","tag-rientro-dalle-vacanze","tag-ritorno-alla-routine","tag-routine-e-benessere","tag-tomasa-calvo-2","tag-trending-it-236"],"acf":[],"yoast_head":"<!-- This site is optimized with the Yoast SEO plugin v28.4 - https:\/\/yoast.com\/product\/yoast-seo-wordpress\/ -->\n<title>Il ritorno dalle vacanze non significa ricominciare da zero &#8211; Exaudi<\/title>\n<meta name=\"robots\" content=\"index, follow, max-snippet:-1, max-image-preview:large, max-video-preview:-1\" \/>\n<link rel=\"canonical\" href=\"https:\/\/exaudi.org\/it\/il-ritorno-dalle-vacanze-non-significa-ricominciare-da-zero\/\" \/>\n<meta property=\"og:locale\" content=\"it_IT\" \/>\n<meta property=\"og:type\" content=\"article\" \/>\n<meta property=\"og:title\" content=\"Il ritorno dalle vacanze non significa ricominciare da zero &#8211; Exaudi\" \/>\n<meta property=\"og:description\" content=\"Le chiavi per trasformare la pausa in un ritorno al lavoro intelligente, graduale e mirato\" \/>\n<meta property=\"og:url\" content=\"https:\/\/exaudi.org\/it\/il-ritorno-dalle-vacanze-non-significa-ricominciare-da-zero\/\" \/>\n<meta property=\"og:site_name\" content=\"Exaudi\" \/>\n<meta property=\"article:publisher\" content=\"https:\/\/www.facebook.com\/ExaudiNews\" \/>\n<meta property=\"article:published_time\" content=\"2026-08-31T14:14:35+00:00\" \/>\n<meta property=\"og:image\" content=\"https:\/\/exaudi.org\/wp-content\/uploads\/2026\/08\/1788115525326.png\" \/>\n\t<meta property=\"og:image:width\" content=\"1376\" \/>\n\t<meta property=\"og:image:height\" content=\"768\" \/>\n\t<meta property=\"og:image:type\" content=\"image\/png\" \/>\n<meta name=\"author\" content=\"Tomasa Calvo\" \/>\n<meta name=\"twitter:card\" content=\"summary_large_image\" \/>\n<meta name=\"twitter:creator\" content=\"@Exaudi_News\" \/>\n<meta name=\"twitter:site\" content=\"@Exaudi_News\" \/>\n<meta name=\"twitter:label1\" content=\"Scritto da\" \/>\n\t<meta name=\"twitter:data1\" content=\"Tomasa Calvo\" \/>\n\t<meta name=\"twitter:label2\" content=\"Tempo di lettura stimato\" \/>\n\t<meta name=\"twitter:data2\" content=\"5 minuti\" \/>\n<script type=\"application\/ld+json\" class=\"yoast-schema-graph\">{\"@context\":\"https:\\\/\\\/schema.org\",\"@graph\":[{\"@type\":\"Article\",\"@id\":\"https:\\\/\\\/exaudi.org\\\/it\\\/il-ritorno-dalle-vacanze-non-significa-ricominciare-da-zero\\\/#article\",\"isPartOf\":{\"@id\":\"https:\\\/\\\/exaudi.org\\\/it\\\/il-ritorno-dalle-vacanze-non-significa-ricominciare-da-zero\\\/\"},\"author\":{\"name\":\"Tomasa Calvo\",\"@id\":\"https:\\\/\\\/exaudi.org\\\/#\\\/schema\\\/person\\\/409421bb9294f45407f1f98ad73ecd61\"},\"headline\":\"Il ritorno dalle vacanze non significa ricominciare da zero\",\"datePublished\":\"2026-08-31T14:14:35+00:00\",\"mainEntityOfPage\":{\"@id\":\"https:\\\/\\\/exaudi.org\\\/it\\\/il-ritorno-dalle-vacanze-non-significa-ricominciare-da-zero\\\/\"},\"wordCount\":927,\"image\":{\"@id\":\"https:\\\/\\\/exaudi.org\\\/it\\\/il-ritorno-dalle-vacanze-non-significa-ricominciare-da-zero\\\/#primaryimage\"},\"thumbnailUrl\":\"https:\\\/\\\/i0.wp.com\\\/exaudi.org\\\/wp-content\\\/uploads\\\/2026\\\/08\\\/1788115525326.png?fit=1376%2C768&ssl=1\",\"keywords\":[\"adattamento al luogo di lavoro\",\"ATTEGGIAMENTO POSITIVO\",\"equilibrio personale\",\"gestione dell'energia\",\"Inizio dell'anno scolastico\",\"produttivit\u00e0 sostenibile\",\"rientro al lavoro\",\"rientro dalle vacanze\",\"ritorno alla routine\",\"routine e benessere\",\"Tomasa Calvo\",\"Trending\"],\"articleSection\":[\"Analisi\"],\"inLanguage\":\"it-IT\"},{\"@type\":\"WebPage\",\"@id\":\"https:\\\/\\\/exaudi.org\\\/it\\\/il-ritorno-dalle-vacanze-non-significa-ricominciare-da-zero\\\/\",\"url\":\"https:\\\/\\\/exaudi.org\\\/it\\\/il-ritorno-dalle-vacanze-non-significa-ricominciare-da-zero\\\/\",\"name\":\"Il ritorno dalle vacanze non significa ricominciare da zero &#8211; Exaudi\",\"isPartOf\":{\"@id\":\"https:\\\/\\\/exaudi.org\\\/#website\"},\"primaryImageOfPage\":{\"@id\":\"https:\\\/\\\/exaudi.org\\\/it\\\/il-ritorno-dalle-vacanze-non-significa-ricominciare-da-zero\\\/#primaryimage\"},\"image\":{\"@id\":\"https:\\\/\\\/exaudi.org\\\/it\\\/il-ritorno-dalle-vacanze-non-significa-ricominciare-da-zero\\\/#primaryimage\"},\"thumbnailUrl\":\"https:\\\/\\\/i0.wp.com\\\/exaudi.org\\\/wp-content\\\/uploads\\\/2026\\\/08\\\/1788115525326.png?fit=1376%2C768&ssl=1\",\"datePublished\":\"2026-08-31T14:14:35+00:00\",\"author\":{\"@id\":\"https:\\\/\\\/exaudi.org\\\/#\\\/schema\\\/person\\\/409421bb9294f45407f1f98ad73ecd61\"},\"breadcrumb\":{\"@id\":\"https:\\\/\\\/exaudi.org\\\/it\\\/il-ritorno-dalle-vacanze-non-significa-ricominciare-da-zero\\\/#breadcrumb\"},\"inLanguage\":\"it-IT\",\"potentialAction\":[{\"@type\":\"ReadAction\",\"target\":[\"https:\\\/\\\/exaudi.org\\\/it\\\/il-ritorno-dalle-vacanze-non-significa-ricominciare-da-zero\\\/\"]}]},{\"@type\":\"ImageObject\",\"inLanguage\":\"it-IT\",\"@id\":\"https:\\\/\\\/exaudi.org\\\/it\\\/il-ritorno-dalle-vacanze-non-significa-ricominciare-da-zero\\\/#primaryimage\",\"url\":\"https:\\\/\\\/i0.wp.com\\\/exaudi.org\\\/wp-content\\\/uploads\\\/2026\\\/08\\\/1788115525326.png?fit=1376%2C768&ssl=1\",\"contentUrl\":\"https:\\\/\\\/i0.wp.com\\\/exaudi.org\\\/wp-content\\\/uploads\\\/2026\\\/08\\\/1788115525326.png?fit=1376%2C768&ssl=1\",\"width\":1376,\"height\":768},{\"@type\":\"BreadcrumbList\",\"@id\":\"https:\\\/\\\/exaudi.org\\\/it\\\/il-ritorno-dalle-vacanze-non-significa-ricominciare-da-zero\\\/#breadcrumb\",\"itemListElement\":[{\"@type\":\"ListItem\",\"position\":1,\"name\":\"Portada\",\"item\":\"https:\\\/\\\/exaudi.org\\\/it\\\/\"},{\"@type\":\"ListItem\",\"position\":2,\"name\":\"Il ritorno dalle vacanze non significa ricominciare da zero\"}]},{\"@type\":\"WebSite\",\"@id\":\"https:\\\/\\\/exaudi.org\\\/#website\",\"url\":\"https:\\\/\\\/exaudi.org\\\/\",\"name\":\"Exaudi\",\"description\":\"News\",\"potentialAction\":[{\"@type\":\"SearchAction\",\"target\":{\"@type\":\"EntryPoint\",\"urlTemplate\":\"https:\\\/\\\/exaudi.org\\\/?s={search_term_string}\"},\"query-input\":{\"@type\":\"PropertyValueSpecification\",\"valueRequired\":true,\"valueName\":\"search_term_string\"}}],\"inLanguage\":\"it-IT\"},{\"@type\":\"Person\",\"@id\":\"https:\\\/\\\/exaudi.org\\\/#\\\/schema\\\/person\\\/409421bb9294f45407f1f98ad73ecd61\",\"name\":\"Tomasa Calvo\",\"image\":{\"@type\":\"ImageObject\",\"inLanguage\":\"it-IT\",\"@id\":\"https:\\\/\\\/secure.gravatar.com\\\/avatar\\\/fb3139cd3d949dae602612a7818679749dd7f3809debf3367d22337130e7cdad?s=96&d=mm&r=g\",\"url\":\"https:\\\/\\\/secure.gravatar.com\\\/avatar\\\/fb3139cd3d949dae602612a7818679749dd7f3809debf3367d22337130e7cdad?s=96&d=mm&r=g\",\"contentUrl\":\"https:\\\/\\\/secure.gravatar.com\\\/avatar\\\/fb3139cd3d949dae602612a7818679749dd7f3809debf3367d22337130e7cdad?s=96&d=mm&r=g\",\"caption\":\"Tomasa Calvo\"},\"description\":\"Matem\u00e1tica y doctora en Inform\u00e1tica. Defensora de la verdad, del bien y de lo bello y, c\u00f3mo no, de la libertad, entendida como la facultad que nos ayuda a hacer el bien. Su esp\u00edritu inquieto le llev\u00f3 a promover el evento cultural \\\"Conversaciones con Luz Propia\\\" en Teruel.\",\"sameAs\":[\"https:\\\/\\\/www.linkedin.com\\\/in\\\/tomasa-calvo-snchez-66359829\\\/\"],\"url\":\"https:\\\/\\\/exaudi.org\\\/it\\\/author\\\/tomasa-calvo\\\/\"}]}<\/script>\n<!-- \/ Yoast SEO plugin. -->","yoast_head_json":{"title":"Il ritorno dalle vacanze non significa ricominciare da zero &#8211; Exaudi","robots":{"index":"index","follow":"follow","max-snippet":"max-snippet:-1","max-image-preview":"max-image-preview:large","max-video-preview":"max-video-preview:-1"},"canonical":"https:\/\/exaudi.org\/it\/il-ritorno-dalle-vacanze-non-significa-ricominciare-da-zero\/","og_locale":"it_IT","og_type":"article","og_title":"Il ritorno dalle vacanze non significa ricominciare da zero &#8211; Exaudi","og_description":"Le chiavi per trasformare la pausa in un ritorno al lavoro intelligente, graduale e mirato","og_url":"https:\/\/exaudi.org\/it\/il-ritorno-dalle-vacanze-non-significa-ricominciare-da-zero\/","og_site_name":"Exaudi","article_publisher":"https:\/\/www.facebook.com\/ExaudiNews","article_published_time":"2026-08-31T14:14:35+00:00","og_image":[{"width":1376,"height":768,"url":"https:\/\/exaudi.org\/wp-content\/uploads\/2026\/08\/1788115525326.png","type":"image\/png"}],"author":"Tomasa Calvo","twitter_card":"summary_large_image","twitter_creator":"@Exaudi_News","twitter_site":"@Exaudi_News","twitter_misc":{"Scritto da":"Tomasa Calvo","Tempo di lettura stimato":"5 minuti"},"schema":{"@context":"https:\/\/schema.org","@graph":[{"@type":"Article","@id":"https:\/\/exaudi.org\/it\/il-ritorno-dalle-vacanze-non-significa-ricominciare-da-zero\/#article","isPartOf":{"@id":"https:\/\/exaudi.org\/it\/il-ritorno-dalle-vacanze-non-significa-ricominciare-da-zero\/"},"author":{"name":"Tomasa Calvo","@id":"https:\/\/exaudi.org\/#\/schema\/person\/409421bb9294f45407f1f98ad73ecd61"},"headline":"Il ritorno dalle vacanze non significa ricominciare da zero","datePublished":"2026-08-31T14:14:35+00:00","mainEntityOfPage":{"@id":"https:\/\/exaudi.org\/it\/il-ritorno-dalle-vacanze-non-significa-ricominciare-da-zero\/"},"wordCount":927,"image":{"@id":"https:\/\/exaudi.org\/it\/il-ritorno-dalle-vacanze-non-significa-ricominciare-da-zero\/#primaryimage"},"thumbnailUrl":"https:\/\/i0.wp.com\/exaudi.org\/wp-content\/uploads\/2026\/08\/1788115525326.png?fit=1376%2C768&ssl=1","keywords":["adattamento al luogo di lavoro","ATTEGGIAMENTO POSITIVO","equilibrio personale","gestione dell'energia","Inizio dell'anno scolastico","produttivit\u00e0 sostenibile","rientro al lavoro","rientro dalle vacanze","ritorno alla routine","routine e benessere","Tomasa Calvo","Trending"],"articleSection":["Analisi"],"inLanguage":"it-IT"},{"@type":"WebPage","@id":"https:\/\/exaudi.org\/it\/il-ritorno-dalle-vacanze-non-significa-ricominciare-da-zero\/","url":"https:\/\/exaudi.org\/it\/il-ritorno-dalle-vacanze-non-significa-ricominciare-da-zero\/","name":"Il ritorno dalle vacanze non significa ricominciare da zero &#8211; Exaudi","isPartOf":{"@id":"https:\/\/exaudi.org\/#website"},"primaryImageOfPage":{"@id":"https:\/\/exaudi.org\/it\/il-ritorno-dalle-vacanze-non-significa-ricominciare-da-zero\/#primaryimage"},"image":{"@id":"https:\/\/exaudi.org\/it\/il-ritorno-dalle-vacanze-non-significa-ricominciare-da-zero\/#primaryimage"},"thumbnailUrl":"https:\/\/i0.wp.com\/exaudi.org\/wp-content\/uploads\/2026\/08\/1788115525326.png?fit=1376%2C768&ssl=1","datePublished":"2026-08-31T14:14:35+00:00","author":{"@id":"https:\/\/exaudi.org\/#\/schema\/person\/409421bb9294f45407f1f98ad73ecd61"},"breadcrumb":{"@id":"https:\/\/exaudi.org\/it\/il-ritorno-dalle-vacanze-non-significa-ricominciare-da-zero\/#breadcrumb"},"inLanguage":"it-IT","potentialAction":[{"@type":"ReadAction","target":["https:\/\/exaudi.org\/it\/il-ritorno-dalle-vacanze-non-significa-ricominciare-da-zero\/"]}]},{"@type":"ImageObject","inLanguage":"it-IT","@id":"https:\/\/exaudi.org\/it\/il-ritorno-dalle-vacanze-non-significa-ricominciare-da-zero\/#primaryimage","url":"https:\/\/i0.wp.com\/exaudi.org\/wp-content\/uploads\/2026\/08\/1788115525326.png?fit=1376%2C768&ssl=1","contentUrl":"https:\/\/i0.wp.com\/exaudi.org\/wp-content\/uploads\/2026\/08\/1788115525326.png?fit=1376%2C768&ssl=1","width":1376,"height":768},{"@type":"BreadcrumbList","@id":"https:\/\/exaudi.org\/it\/il-ritorno-dalle-vacanze-non-significa-ricominciare-da-zero\/#breadcrumb","itemListElement":[{"@type":"ListItem","position":1,"name":"Portada","item":"https:\/\/exaudi.org\/it\/"},{"@type":"ListItem","position":2,"name":"Il ritorno dalle vacanze non significa ricominciare da zero"}]},{"@type":"WebSite","@id":"https:\/\/exaudi.org\/#website","url":"https:\/\/exaudi.org\/","name":"Exaudi","description":"News","potentialAction":[{"@type":"SearchAction","target":{"@type":"EntryPoint","urlTemplate":"https:\/\/exaudi.org\/?s={search_term_string}"},"query-input":{"@type":"PropertyValueSpecification","valueRequired":true,"valueName":"search_term_string"}}],"inLanguage":"it-IT"},{"@type":"Person","@id":"https:\/\/exaudi.org\/#\/schema\/person\/409421bb9294f45407f1f98ad73ecd61","name":"Tomasa Calvo","image":{"@type":"ImageObject","inLanguage":"it-IT","@id":"https:\/\/secure.gravatar.com\/avatar\/fb3139cd3d949dae602612a7818679749dd7f3809debf3367d22337130e7cdad?s=96&d=mm&r=g","url":"https:\/\/secure.gravatar.com\/avatar\/fb3139cd3d949dae602612a7818679749dd7f3809debf3367d22337130e7cdad?s=96&d=mm&r=g","contentUrl":"https:\/\/secure.gravatar.com\/avatar\/fb3139cd3d949dae602612a7818679749dd7f3809debf3367d22337130e7cdad?s=96&d=mm&r=g","caption":"Tomasa Calvo"},"description":"Matem\u00e1tica y doctora en Inform\u00e1tica. Defensora de la verdad, del bien y de lo bello y, c\u00f3mo no, de la libertad, entendida como la facultad que nos ayuda a hacer el bien. Su esp\u00edritu inquieto le llev\u00f3 a promover el evento cultural \"Conversaciones con Luz Propia\" en Teruel.","sameAs":["https:\/\/www.linkedin.com\/in\/tomasa-calvo-snchez-66359829\/"],"url":"https:\/\/exaudi.org\/it\/author\/tomasa-calvo\/"}]}},"jetpack_shortlink":"https:\/\/wp.me\/pgKjF2-LFG","jetpack_featured_media_url":"https:\/\/i0.wp.com\/exaudi.org\/wp-content\/uploads\/2026\/08\/1788115525326.png?fit=1376%2C768&ssl=1","_links":{"self":[{"href":"https:\/\/exaudi.org\/it\/wp-json\/wp\/v2\/posts\/183252","targetHints":{"allow":["GET"]}}],"collection":[{"href":"https:\/\/exaudi.org\/it\/wp-json\/wp\/v2\/posts"}],"about":[{"href":"https:\/\/exaudi.org\/it\/wp-json\/wp\/v2\/types\/post"}],"author":[{"embeddable":true,"href":"https:\/\/exaudi.org\/it\/wp-json\/wp\/v2\/users\/181"}],"replies":[{"embeddable":true,"href":"https:\/\/exaudi.org\/it\/wp-json\/wp\/v2\/comments?post=183252"}],"version-history":[{"count":3,"href":"https:\/\/exaudi.org\/it\/wp-json\/wp\/v2\/posts\/183252\/revisions"}],"predecessor-version":[{"id":183255,"href":"https:\/\/exaudi.org\/it\/wp-json\/wp\/v2\/posts\/183252\/revisions\/183255"}],"wp:featuredmedia":[{"embeddable":true,"href":"https:\/\/exaudi.org\/it\/wp-json\/wp\/v2\/media\/183202"}],"wp:attachment":[{"href":"https:\/\/exaudi.org\/it\/wp-json\/wp\/v2\/media?parent=183252"}],"wp:term":[{"taxonomy":"category","embeddable":true,"href":"https:\/\/exaudi.org\/it\/wp-json\/wp\/v2\/categories?post=183252"},{"taxonomy":"post_tag","embeddable":true,"href":"https:\/\/exaudi.org\/it\/wp-json\/wp\/v2\/tags?post=183252"}],"curies":[{"name":"wp","href":"https:\/\/api.w.org\/{rel}","templated":true}]}}