{"id":18317,"date":"2021-05-23T07:30:46","date_gmt":"2021-05-23T05:30:46","guid":{"rendered":"https:\/\/exaudi.org\/?p=18317"},"modified":"2021-05-23T17:29:03","modified_gmt":"2021-05-23T15:29:03","slug":"pentecoste-lo-spirito-santo-grande-alleato","status":"publish","type":"post","link":"https:\/\/exaudi.org\/it\/pentecoste-lo-spirito-santo-grande-alleato\/","title":{"rendered":"Pentecoste: lo Spirito Santo, grande alleato"},"content":{"rendered":"<p>Il sacerdote Francisco Jos\u00e9 Delgado Alonso offre ai lettori di Exaudi questo articolo sulla festa di Pentecoste che si celebra oggi.<\/p>\n<p>Alcuni giorni fa Papa Francesco ha parlato della Pentecoste come del compleanno della Chiesa. Grazie alla venuta del Paraclito, gli apostoli ebbero il coraggio di uscire a predicare il Vangelo di Ges\u00f9. \u00c8 fondamentale riconoscere l&#8217;importanza che ha lo Spirito Santo nella vita di ogni cristiano, di ognuna delle nostre comunit\u00e0, delle nostre parrocchie. Cos\u00ec, possiamo imparare come Egli sia il grande alleato per raggiungere la nostra meta, la santit\u00e0.<\/p>\n<h4>Una solennit\u00e0 tra le pi\u00f9 importanti<\/h4>\n<p>Pentecoste \u00e8 una delle solennit\u00e0 pi\u00f9 importanti tra le celebrazioni della Chiesa cattolica. celebriamo la venuta della Terza Persona della Santissima Trinit\u00e0 cio\u00e8 lo Spirito Santo. Ges\u00f9, dopo la sua ascensione al cielo, mand\u00f2 lo Spirito Santo ai suoi discepoli.<\/p>\n<p>Cinquanta giorni dopo la domenica di Pasqua, celebriamo questa domenica la festa di Pentecoste, mantenendo il nome e il calendario dell&#8217;antica festa ebraica, che ricorda l&#8217;arrivo del popolo liberato dalla schiavit\u00f9 al Monte Sinai, dove si realizz\u00f2 l&#8217;Alleanza che costitu\u00ec Israele come popolo, e non un popolo qualsiasi ma il popolo di Dio. \u201cIo sar\u00f2 il vostro Dio e voi sarete il mio popolo\u201d.<\/p>\n<p>Allo stesso modo nella prima Pentecoste cristiana, nel giorno in cui lo Spirito di Ges\u00f9 risorto scende sulla comunit\u00e0 del Cenacolo, si compie la nuova alleanza, segnata dal sangue del Crocifisso e nasce un nuovo popolo di Dio, la sua Chiesa.<\/p>\n<h4>Oggi rinasce la Chiesa<\/h4>\n<p>Potremmo dire che oggi \u00e8 il compleanno della Chiesa, se questo fosse un semplice ricordo di quell\u2019avvenimento di Gerusalemme, quando gli apostoli, riuniti in preghiera con la Madre del Signore, ricevettero la forza e i doni dello Spirito Santo, per essere i testimoni di Cristo e le colonne su cui si fonda la Chiesa, popolo e famiglia di coloro che ascoltano la Parola e la mettono in pratica.<\/p>\n<p>Per\u00f2 pi\u00f9 che un compleanno celebriamo una nuova nascita, perch\u00e9 Pentecoste non \u00e8 qualcosa avvenuta solo nel passato, non \u00e8 un bel ricordo, non \u00e8 la prima pagina della storia della Chiesa. Pentecoste non \u00e8 \u201cavvenuta\u201d ma \u201cavviene\u201d, la venuta dello Spirito non fin\u00ec nel Cenacolo, n\u00e9 finisce oggi, n\u00e9 finir\u00e0 mai perch\u00e9 l&#8217;effusione dello Spirito del Dio eterno non pu\u00f2 limitarsi a uno spazio n\u00e9 a un tempo.<\/p>\n<p>Per questo oggi non \u201cricordiamo\u201d Pentecoste ma la \u201ccelebriamo\u201d. Non ricordiamo che nacque la Chiesa ma che \u201crinasce\u201d, non ricordiamo che si cominci\u00f2 a scrivere la sua storia ma che si aggiorna. La Chiesa vive \u201cin stato permanente di Pentecoste\u201d, perch\u00e9 la forza dello Spirito ci fa sperimentare, ogni giorno, la presenza di Dio e il suo amore di Padre espresso in Colui che diede la vita per quelli che amava.<\/p>\n<h4>Lo Spirito Santo vivifica<\/h4>\n<p>Nel nuovo popolo di Dio, la Chiesa, senza la presenza dello Spirito, Dio resterebbe lontano; Ges\u00f9 sarebbe solo un personaggio del passato; il Vangelo non sarebbe la buona notizia ma un libro che racconta cose belle e buone come tante altre opere scritte che dilettano la nostra anima. La stessa Chiesa sarebbe un&#8217;associazione puramente umana, come qualsiasi altra, di persone che simpatizzano per una certa ideologia e che potrebbe perfino trasformarsi in una buona ONG; la missione evangelizzatrice sarebbe puro proselitismo; il culto, un mucchio di azioni magiche per ottenere benefici dalla divinit\u00e0\u2026 solo la presenza e la potenza dello Spirito Santo pu\u00f2 vivificare, rafforzare, liberare e divinizzare ogni azione ecclesiale e umana.<\/p>\n","protected":false},"excerpt":{"rendered":"<p>Riflessione sulla solennit\u00e0 in cui si celebra la &#8220;rinascita&#8221; della Chiesa<\/p>\n","protected":false},"author":54,"featured_media":18318,"comment_status":"closed","ping_status":"closed","sticky":false,"template":"","format":"standard","meta":{"_acf_changed":false,"_crdt_document":"","inline_featured_image":false,"footnotes":""},"categories":[129],"tags":[668,2441,960],"class_list":["post-18317","post","type-post","status-publish","format-standard","has-post-thumbnail","hentry","category-voci","tag-chiesa","tag-pentecoste","tag-spirito-santo"],"acf":[],"yoast_head":"<!-- This site is optimized with the Yoast SEO plugin v27.5 - https:\/\/yoast.com\/product\/yoast-seo-wordpress\/ -->\n<title>Pentecoste: lo Spirito Santo, grande alleato &#8211; Exaudi<\/title>\n<meta name=\"description\" content=\"Oggi la Chiesa celebra la solennit\u00e0 di Pentecoste e la discesa dello Spirito Santo che continua a vivificare il popolo di Dio\" \/>\n<meta name=\"robots\" content=\"index, follow, max-snippet:-1, max-image-preview:large, max-video-preview:-1\" \/>\n<link rel=\"canonical\" href=\"https:\/\/exaudi.org\/it\/pentecoste-lo-spirito-santo-grande-alleato\/\" \/>\n<meta property=\"og:locale\" content=\"it_IT\" \/>\n<meta property=\"og:type\" content=\"article\" \/>\n<meta property=\"og:title\" content=\"Pentecoste: lo Spirito Santo, grande alleato &#8211; Exaudi\" \/>\n<meta property=\"og:description\" content=\"Oggi la Chiesa celebra la solennit\u00e0 di Pentecoste e la discesa dello Spirito Santo che continua a vivificare il popolo di Dio\" \/>\n<meta property=\"og:url\" content=\"https:\/\/exaudi.org\/it\/pentecoste-lo-spirito-santo-grande-alleato\/\" \/>\n<meta property=\"og:site_name\" content=\"Exaudi\" \/>\n<meta property=\"article:publisher\" content=\"https:\/\/www.facebook.com\/ExaudiNews\" \/>\n<meta property=\"article:published_time\" content=\"2021-05-23T05:30:46+00:00\" \/>\n<meta property=\"article:modified_time\" content=\"2021-05-23T15:29:03+00:00\" \/>\n<meta property=\"og:image\" content=\"https:\/\/exaudi.org\/wp-content\/uploads\/2021\/05\/San-Pietro-4.jpg\" \/>\n\t<meta property=\"og:image:width\" content=\"914\" \/>\n\t<meta property=\"og:image:height\" content=\"439\" \/>\n\t<meta property=\"og:image:type\" content=\"image\/jpeg\" \/>\n<meta name=\"author\" content=\"Francisco Jos\u00e9 Delgado\" \/>\n<meta name=\"twitter:card\" content=\"summary_large_image\" \/>\n<meta name=\"twitter:creator\" content=\"@Exaudi_News\" \/>\n<meta name=\"twitter:site\" content=\"@Exaudi_News\" \/>\n<meta name=\"twitter:label1\" content=\"Scritto da\" \/>\n\t<meta name=\"twitter:data1\" content=\"Francisco Jos\u00e9 Delgado\" \/>\n\t<meta name=\"twitter:label2\" content=\"Tempo di lettura stimato\" \/>\n\t<meta name=\"twitter:data2\" content=\"3 minuti\" \/>\n<script type=\"application\/ld+json\" class=\"yoast-schema-graph\">{\"@context\":\"https:\\\/\\\/schema.org\",\"@graph\":[{\"@type\":\"Article\",\"@id\":\"https:\\\/\\\/exaudi.org\\\/it\\\/pentecoste-lo-spirito-santo-grande-alleato\\\/#article\",\"isPartOf\":{\"@id\":\"https:\\\/\\\/exaudi.org\\\/it\\\/pentecoste-lo-spirito-santo-grande-alleato\\\/\"},\"author\":{\"name\":\"Francisco Jos\u00e9 Delgado\",\"@id\":\"https:\\\/\\\/exaudi.org\\\/#\\\/schema\\\/person\\\/40891e3a2271152f4d657f1e198c7a45\"},\"headline\":\"Pentecoste: lo Spirito Santo, grande alleato\",\"datePublished\":\"2021-05-23T05:30:46+00:00\",\"dateModified\":\"2021-05-23T15:29:03+00:00\",\"mainEntityOfPage\":{\"@id\":\"https:\\\/\\\/exaudi.org\\\/it\\\/pentecoste-lo-spirito-santo-grande-alleato\\\/\"},\"wordCount\":577,\"image\":{\"@id\":\"https:\\\/\\\/exaudi.org\\\/it\\\/pentecoste-lo-spirito-santo-grande-alleato\\\/#primaryimage\"},\"thumbnailUrl\":\"https:\\\/\\\/exaudi.org\\\/wp-content\\\/uploads\\\/2021\\\/05\\\/San-Pietro-4.jpg\",\"keywords\":[\"Chiesa\",\"Pentecoste\",\"Spirito Santo\"],\"articleSection\":[\"Voci\"],\"inLanguage\":\"it-IT\"},{\"@type\":\"WebPage\",\"@id\":\"https:\\\/\\\/exaudi.org\\\/it\\\/pentecoste-lo-spirito-santo-grande-alleato\\\/\",\"url\":\"https:\\\/\\\/exaudi.org\\\/it\\\/pentecoste-lo-spirito-santo-grande-alleato\\\/\",\"name\":\"Pentecoste: lo Spirito Santo, grande alleato &#8211; Exaudi\",\"isPartOf\":{\"@id\":\"https:\\\/\\\/exaudi.org\\\/#website\"},\"primaryImageOfPage\":{\"@id\":\"https:\\\/\\\/exaudi.org\\\/it\\\/pentecoste-lo-spirito-santo-grande-alleato\\\/#primaryimage\"},\"image\":{\"@id\":\"https:\\\/\\\/exaudi.org\\\/it\\\/pentecoste-lo-spirito-santo-grande-alleato\\\/#primaryimage\"},\"thumbnailUrl\":\"https:\\\/\\\/exaudi.org\\\/wp-content\\\/uploads\\\/2021\\\/05\\\/San-Pietro-4.jpg\",\"datePublished\":\"2021-05-23T05:30:46+00:00\",\"dateModified\":\"2021-05-23T15:29:03+00:00\",\"author\":{\"@id\":\"https:\\\/\\\/exaudi.org\\\/#\\\/schema\\\/person\\\/40891e3a2271152f4d657f1e198c7a45\"},\"description\":\"Oggi la Chiesa celebra la solennit\u00e0 di Pentecoste e la discesa dello Spirito Santo che continua a vivificare il popolo di Dio\",\"breadcrumb\":{\"@id\":\"https:\\\/\\\/exaudi.org\\\/it\\\/pentecoste-lo-spirito-santo-grande-alleato\\\/#breadcrumb\"},\"inLanguage\":\"it-IT\",\"potentialAction\":[{\"@type\":\"ReadAction\",\"target\":[\"https:\\\/\\\/exaudi.org\\\/it\\\/pentecoste-lo-spirito-santo-grande-alleato\\\/\"]}]},{\"@type\":\"ImageObject\",\"inLanguage\":\"it-IT\",\"@id\":\"https:\\\/\\\/exaudi.org\\\/it\\\/pentecoste-lo-spirito-santo-grande-alleato\\\/#primaryimage\",\"url\":\"https:\\\/\\\/exaudi.org\\\/wp-content\\\/uploads\\\/2021\\\/05\\\/San-Pietro-4.jpg\",\"contentUrl\":\"https:\\\/\\\/exaudi.org\\\/wp-content\\\/uploads\\\/2021\\\/05\\\/San-Pietro-4.jpg\",\"width\":914,\"height\":439,\"caption\":\"Pentecoste\"},{\"@type\":\"BreadcrumbList\",\"@id\":\"https:\\\/\\\/exaudi.org\\\/it\\\/pentecoste-lo-spirito-santo-grande-alleato\\\/#breadcrumb\",\"itemListElement\":[{\"@type\":\"ListItem\",\"position\":1,\"name\":\"Portada\",\"item\":\"https:\\\/\\\/exaudi.org\\\/it\\\/\"},{\"@type\":\"ListItem\",\"position\":2,\"name\":\"Pentecoste: lo Spirito Santo, grande alleato\"}]},{\"@type\":\"WebSite\",\"@id\":\"https:\\\/\\\/exaudi.org\\\/#website\",\"url\":\"https:\\\/\\\/exaudi.org\\\/\",\"name\":\"Exaudi\",\"description\":\"News\",\"potentialAction\":[{\"@type\":\"SearchAction\",\"target\":{\"@type\":\"EntryPoint\",\"urlTemplate\":\"https:\\\/\\\/exaudi.org\\\/?s={search_term_string}\"},\"query-input\":{\"@type\":\"PropertyValueSpecification\",\"valueRequired\":true,\"valueName\":\"search_term_string\"}}],\"inLanguage\":\"it-IT\"},{\"@type\":\"Person\",\"@id\":\"https:\\\/\\\/exaudi.org\\\/#\\\/schema\\\/person\\\/40891e3a2271152f4d657f1e198c7a45\",\"name\":\"Francisco Jos\u00e9 Delgado\",\"image\":{\"@type\":\"ImageObject\",\"inLanguage\":\"it-IT\",\"@id\":\"https:\\\/\\\/secure.gravatar.com\\\/avatar\\\/aca85212fbe1593771f89ee1cc4432a5f7d5c6d83b06fcb07da3979266a65c0d?s=96&d=mm&r=g\",\"url\":\"https:\\\/\\\/secure.gravatar.com\\\/avatar\\\/aca85212fbe1593771f89ee1cc4432a5f7d5c6d83b06fcb07da3979266a65c0d?s=96&d=mm&r=g\",\"contentUrl\":\"https:\\\/\\\/secure.gravatar.com\\\/avatar\\\/aca85212fbe1593771f89ee1cc4432a5f7d5c6d83b06fcb07da3979266a65c0d?s=96&d=mm&r=g\",\"caption\":\"Francisco Jos\u00e9 Delgado\"},\"description\":\"Sacerdote. Nacido en Lucena, C\u00f3rdoba, Espa\u00f1a en 1973. Licenciado en Estudios Eclesi\u00e1sticos por la Universidad de San D\u00e1maso, Madrid. Ordenado sacerdote el 13 de marzo de 2010 en la di\u00f3cesis de C\u00f3rdoba. Actualmente p\u00e1rroco de Santo Domingo de Guzm\u00e1n y de Nuestra Se\u00f1ora de los Remedios de Cabra, C\u00f3rdoba. Durante cuatro a\u00f1os (2014-2018) ejerci\u00f3 de p\u00e1rroco de la Misi\u00f3n Diocesana de Picota (Per\u00fa).\",\"url\":\"https:\\\/\\\/exaudi.org\\\/it\\\/author\\\/franciscojosedelgado\\\/\"}]}<\/script>\n<!-- \/ Yoast SEO plugin. -->","yoast_head_json":{"title":"Pentecoste: lo Spirito Santo, grande alleato &#8211; Exaudi","description":"Oggi la Chiesa celebra la solennit\u00e0 di Pentecoste e la discesa dello Spirito Santo che continua a vivificare il popolo di Dio","robots":{"index":"index","follow":"follow","max-snippet":"max-snippet:-1","max-image-preview":"max-image-preview:large","max-video-preview":"max-video-preview:-1"},"canonical":"https:\/\/exaudi.org\/it\/pentecoste-lo-spirito-santo-grande-alleato\/","og_locale":"it_IT","og_type":"article","og_title":"Pentecoste: lo Spirito Santo, grande alleato &#8211; Exaudi","og_description":"Oggi la Chiesa celebra la solennit\u00e0 di Pentecoste e la discesa dello Spirito Santo che continua a vivificare il popolo di Dio","og_url":"https:\/\/exaudi.org\/it\/pentecoste-lo-spirito-santo-grande-alleato\/","og_site_name":"Exaudi","article_publisher":"https:\/\/www.facebook.com\/ExaudiNews","article_published_time":"2021-05-23T05:30:46+00:00","article_modified_time":"2021-05-23T15:29:03+00:00","og_image":[{"width":914,"height":439,"url":"https:\/\/exaudi.org\/wp-content\/uploads\/2021\/05\/San-Pietro-4.jpg","type":"image\/jpeg"}],"author":"Francisco Jos\u00e9 Delgado","twitter_card":"summary_large_image","twitter_creator":"@Exaudi_News","twitter_site":"@Exaudi_News","twitter_misc":{"Scritto da":"Francisco Jos\u00e9 Delgado","Tempo di lettura stimato":"3 minuti"},"schema":{"@context":"https:\/\/schema.org","@graph":[{"@type":"Article","@id":"https:\/\/exaudi.org\/it\/pentecoste-lo-spirito-santo-grande-alleato\/#article","isPartOf":{"@id":"https:\/\/exaudi.org\/it\/pentecoste-lo-spirito-santo-grande-alleato\/"},"author":{"name":"Francisco Jos\u00e9 Delgado","@id":"https:\/\/exaudi.org\/#\/schema\/person\/40891e3a2271152f4d657f1e198c7a45"},"headline":"Pentecoste: lo Spirito Santo, grande alleato","datePublished":"2021-05-23T05:30:46+00:00","dateModified":"2021-05-23T15:29:03+00:00","mainEntityOfPage":{"@id":"https:\/\/exaudi.org\/it\/pentecoste-lo-spirito-santo-grande-alleato\/"},"wordCount":577,"image":{"@id":"https:\/\/exaudi.org\/it\/pentecoste-lo-spirito-santo-grande-alleato\/#primaryimage"},"thumbnailUrl":"https:\/\/exaudi.org\/wp-content\/uploads\/2021\/05\/San-Pietro-4.jpg","keywords":["Chiesa","Pentecoste","Spirito Santo"],"articleSection":["Voci"],"inLanguage":"it-IT"},{"@type":"WebPage","@id":"https:\/\/exaudi.org\/it\/pentecoste-lo-spirito-santo-grande-alleato\/","url":"https:\/\/exaudi.org\/it\/pentecoste-lo-spirito-santo-grande-alleato\/","name":"Pentecoste: lo Spirito Santo, grande alleato &#8211; Exaudi","isPartOf":{"@id":"https:\/\/exaudi.org\/#website"},"primaryImageOfPage":{"@id":"https:\/\/exaudi.org\/it\/pentecoste-lo-spirito-santo-grande-alleato\/#primaryimage"},"image":{"@id":"https:\/\/exaudi.org\/it\/pentecoste-lo-spirito-santo-grande-alleato\/#primaryimage"},"thumbnailUrl":"https:\/\/exaudi.org\/wp-content\/uploads\/2021\/05\/San-Pietro-4.jpg","datePublished":"2021-05-23T05:30:46+00:00","dateModified":"2021-05-23T15:29:03+00:00","author":{"@id":"https:\/\/exaudi.org\/#\/schema\/person\/40891e3a2271152f4d657f1e198c7a45"},"description":"Oggi la Chiesa celebra la solennit\u00e0 di Pentecoste e la discesa dello Spirito Santo che continua a vivificare il popolo di Dio","breadcrumb":{"@id":"https:\/\/exaudi.org\/it\/pentecoste-lo-spirito-santo-grande-alleato\/#breadcrumb"},"inLanguage":"it-IT","potentialAction":[{"@type":"ReadAction","target":["https:\/\/exaudi.org\/it\/pentecoste-lo-spirito-santo-grande-alleato\/"]}]},{"@type":"ImageObject","inLanguage":"it-IT","@id":"https:\/\/exaudi.org\/it\/pentecoste-lo-spirito-santo-grande-alleato\/#primaryimage","url":"https:\/\/exaudi.org\/wp-content\/uploads\/2021\/05\/San-Pietro-4.jpg","contentUrl":"https:\/\/exaudi.org\/wp-content\/uploads\/2021\/05\/San-Pietro-4.jpg","width":914,"height":439,"caption":"Pentecoste"},{"@type":"BreadcrumbList","@id":"https:\/\/exaudi.org\/it\/pentecoste-lo-spirito-santo-grande-alleato\/#breadcrumb","itemListElement":[{"@type":"ListItem","position":1,"name":"Portada","item":"https:\/\/exaudi.org\/it\/"},{"@type":"ListItem","position":2,"name":"Pentecoste: lo Spirito Santo, grande alleato"}]},{"@type":"WebSite","@id":"https:\/\/exaudi.org\/#website","url":"https:\/\/exaudi.org\/","name":"Exaudi","description":"News","potentialAction":[{"@type":"SearchAction","target":{"@type":"EntryPoint","urlTemplate":"https:\/\/exaudi.org\/?s={search_term_string}"},"query-input":{"@type":"PropertyValueSpecification","valueRequired":true,"valueName":"search_term_string"}}],"inLanguage":"it-IT"},{"@type":"Person","@id":"https:\/\/exaudi.org\/#\/schema\/person\/40891e3a2271152f4d657f1e198c7a45","name":"Francisco Jos\u00e9 Delgado","image":{"@type":"ImageObject","inLanguage":"it-IT","@id":"https:\/\/secure.gravatar.com\/avatar\/aca85212fbe1593771f89ee1cc4432a5f7d5c6d83b06fcb07da3979266a65c0d?s=96&d=mm&r=g","url":"https:\/\/secure.gravatar.com\/avatar\/aca85212fbe1593771f89ee1cc4432a5f7d5c6d83b06fcb07da3979266a65c0d?s=96&d=mm&r=g","contentUrl":"https:\/\/secure.gravatar.com\/avatar\/aca85212fbe1593771f89ee1cc4432a5f7d5c6d83b06fcb07da3979266a65c0d?s=96&d=mm&r=g","caption":"Francisco Jos\u00e9 Delgado"},"description":"Sacerdote. Nacido en Lucena, C\u00f3rdoba, Espa\u00f1a en 1973. Licenciado en Estudios Eclesi\u00e1sticos por la Universidad de San D\u00e1maso, Madrid. Ordenado sacerdote el 13 de marzo de 2010 en la di\u00f3cesis de C\u00f3rdoba. Actualmente p\u00e1rroco de Santo Domingo de Guzm\u00e1n y de Nuestra Se\u00f1ora de los Remedios de Cabra, C\u00f3rdoba. Durante cuatro a\u00f1os (2014-2018) ejerci\u00f3 de p\u00e1rroco de la Misi\u00f3n Diocesana de Picota (Per\u00fa).","url":"https:\/\/exaudi.org\/it\/author\/franciscojosedelgado\/"}]}},"jetpack_featured_media_url":"https:\/\/exaudi.org\/wp-content\/uploads\/2021\/05\/San-Pietro-4.jpg","jetpack_shortlink":"https:\/\/wp.me\/pgKjF2-4Lr","_links":{"self":[{"href":"https:\/\/exaudi.org\/it\/wp-json\/wp\/v2\/posts\/18317","targetHints":{"allow":["GET"]}}],"collection":[{"href":"https:\/\/exaudi.org\/it\/wp-json\/wp\/v2\/posts"}],"about":[{"href":"https:\/\/exaudi.org\/it\/wp-json\/wp\/v2\/types\/post"}],"author":[{"embeddable":true,"href":"https:\/\/exaudi.org\/it\/wp-json\/wp\/v2\/users\/54"}],"replies":[{"embeddable":true,"href":"https:\/\/exaudi.org\/it\/wp-json\/wp\/v2\/comments?post=18317"}],"version-history":[{"count":0,"href":"https:\/\/exaudi.org\/it\/wp-json\/wp\/v2\/posts\/18317\/revisions"}],"wp:featuredmedia":[{"embeddable":true,"href":"https:\/\/exaudi.org\/it\/wp-json\/wp\/v2\/media\/18318"}],"wp:attachment":[{"href":"https:\/\/exaudi.org\/it\/wp-json\/wp\/v2\/media?parent=18317"}],"wp:term":[{"taxonomy":"category","embeddable":true,"href":"https:\/\/exaudi.org\/it\/wp-json\/wp\/v2\/categories?post=18317"},{"taxonomy":"post_tag","embeddable":true,"href":"https:\/\/exaudi.org\/it\/wp-json\/wp\/v2\/tags?post=18317"}],"curies":[{"name":"wp","href":"https:\/\/api.w.org\/{rel}","templated":true}]}}