{"id":183169,"date":"2026-08-30T18:15:16","date_gmt":"2026-08-30T16:15:16","guid":{"rendered":"https:\/\/exaudi.org\/?p=183169"},"modified":"2026-08-30T18:15:16","modified_gmt":"2026-08-30T16:15:16","slug":"riflessione-del-vescovo-enrique-diaz-non-lasciatevi-plasmare-dalle-vie-di-questo-mondo","status":"publish","type":"post","link":"https:\/\/exaudi.org\/it\/riflessione-del-vescovo-enrique-diaz-non-lasciatevi-plasmare-dalle-vie-di-questo-mondo\/","title":{"rendered":"Riflessione del Vescovo Enrique D\u00edaz: Non lasciatevi plasmare dalle vie di questo mondo"},"content":{"rendered":"<p><span dir=\"auto\"><span dir=\"auto\" style=\"vertical-align: inherit\"><span dir=\"auto\" style=\"vertical-align: inherit\">Monsignor Enrique D\u00edaz D\u00edaz condivide con i lettori di Exaudi la sua riflessione sul\u00a0 <\/span><\/span><a href=\"https:\/\/www.dominicos.org\/predicacion\/homilia\/30-8-2026\/lecturas\/\" target=\"_blank\" rel=\"noopener\"><span dir=\"auto\" style=\"vertical-align: inherit\"><span dir=\"auto\" style=\"vertical-align: inherit\">Vangelo di questa domenica, 23 agosto 2026<\/span><\/span><\/a><span dir=\"auto\" style=\"vertical-align: inherit\"><span dir=\"auto\" style=\"vertical-align: inherit\"> ,\u00a0 <\/span><\/span><\/span><span dir=\"auto\" style=\"vertical-align: inherit\"><span dir=\"auto\"><span dir=\"auto\" style=\"vertical-align: inherit\">dal titolo:\u00a0 <\/span><\/span><span dir=\"auto\"><em><span dir=\"auto\" style=\"vertical-align: inherit\">\u201cNon lasciatevi trasformare dai criteri di questo mondo <\/span><\/em><\/span><span dir=\"auto\"><em><span dir=\"auto\" style=\"vertical-align: inherit\">\u201d <\/span><\/em><\/span><span dir=\"auto\"><em><span dir=\"auto\" style=\"vertical-align: inherit\">.<\/span><\/em><\/span><\/span><span dir=\"auto\">\u00a0<\/span><\/p>\n<p>&nbsp;<\/p>\n<p><span dir=\"auto\" style=\"vertical-align: inherit\"><span dir=\"auto\" style=\"vertical-align: inherit\">***<\/span><\/span><\/p>\n<div class=\"code-block code-block-1\">\n<p>&nbsp;<\/p>\n<div id=\"aswift_2_host\"><\/div>\n<p>&nbsp;<\/p>\n<\/div>\n<p><span dir=\"auto\" style=\"vertical-align: inherit\"><span dir=\"auto\" style=\"vertical-align: inherit\">Geremia 20:7-9:\u00a0 <\/span><\/span><em><span dir=\"auto\" style=\"vertical-align: inherit\"><span dir=\"auto\" style=\"vertical-align: inherit\">\u00abSono deriso perch\u00e9 annuncio la parola del Signore\u00bb.<\/span><\/span><\/em><\/p>\n<p><span dir=\"auto\" style=\"vertical-align: inherit\"><span dir=\"auto\" style=\"vertical-align: inherit\">Salmo 62:\u00a0 <\/span><\/span><em><span dir=\"auto\" style=\"vertical-align: inherit\"><span dir=\"auto\" style=\"vertical-align: inherit\">\u00abSignore, l&#8217;anima mia ha sete di te\u00bb<\/span><\/span><\/em><\/p>\n<p><span dir=\"auto\" style=\"vertical-align: inherit\"><span dir=\"auto\" style=\"vertical-align: inherit\">Romani 12:1-12:\u00a0 <\/span><\/span><em><span dir=\"auto\" style=\"vertical-align: inherit\"><span dir=\"auto\" style=\"vertical-align: inherit\">\u201cNon conformatevi alla mentalit\u00e0 di questo mondo\u201d.<\/span><\/span><\/em><\/p>\n<p><span dir=\"auto\" style=\"vertical-align: inherit\"><span dir=\"auto\" style=\"vertical-align: inherit\">Matteo 16:21-27:\u00a0 <\/span><\/span><em><span dir=\"auto\" style=\"vertical-align: inherit\"><span dir=\"auto\" style=\"vertical-align: inherit\">\u00abSe qualcuno vuol venire con me, rinneghi se stesso\u00bb.<\/span><\/span><\/em><\/p>\n<p><span dir=\"auto\" style=\"vertical-align: inherit\"><span dir=\"auto\" style=\"vertical-align: inherit\">In alcuni luoghi, edifici pubblici, scuole e uffici governativi sono stati al centro di controversie a seguito della rimozione di immagini di Cristo, collocate l\u00ec da persone devote. La croce, che per noi \u00e8 segno di salvezza, \u00e8 per molti un simbolo contraddittorio e confessionale, persino per coloro che si identificano come cattolici. La croce di Ges\u00f9 continua a generare conflitti tra noi quando viene presa sul serio.<\/span><\/span><\/p>\n<p><span dir=\"auto\" style=\"vertical-align: inherit\"><span dir=\"auto\" style=\"vertical-align: inherit\">Le letture di oggi esprimono una sorta di divisione tra i valori di Dio e i valori del mondo. Il grande rimprovero che Pietro riceve per aver consigliato a Ges\u00f9 di non accettare la croce, la morte e la risurrezione si basa sul fatto che <\/span><\/span><em><span dir=\"auto\" style=\"vertical-align: inherit\"><span dir=\"auto\" style=\"vertical-align: inherit\">\u00a0&#8220;il vostro modo di pensare non \u00e8 di Dio, ma degli uomini&#8221;.\u00a0<\/span><\/span><\/em><span dir=\"auto\" style=\"vertical-align: inherit\"><span dir=\"auto\" style=\"vertical-align: inherit\"> Anche san Paolo esorta i Romani\u00a0 <\/span><\/span><em><span dir=\"auto\" style=\"vertical-align: inherit\"><span dir=\"auto\" style=\"vertical-align: inherit\">&#8220;a non lasciarvi trasformare dal giudizio di questo mondo, ma a lasciarvi trasformare dal rinnovamento della vostra mente, affinch\u00e9 possiate discernere qual \u00e8 la volont\u00e0 di Dio: ci\u00f2 che \u00e8 buono, gradito e perfetto<\/span><\/span><\/em><span dir=\"auto\" style=\"vertical-align: inherit\"><span dir=\"auto\" style=\"vertical-align: inherit\"> &#8220;. E Geremia grida con angoscia e disperazione di essere stato sedotto dal Signore e di annunciare un messaggio che gli uomini non accettano. Cos\u00ec, gli uomini di Dio \u2013 Pietro, Geremia e Paolo \u2013 sono sorpresi perch\u00e9 il modo di agire di Dio \u00e8 cos\u00ec lontano dal mondo delle illusioni e delle ambizioni umane. Una delle caratteristiche di Ges\u00f9 \u00e8 proprio questo stile di vita che sconvolge i piani del mondo, che agisce partendo dal piccolo e che costruisce a partire dal disprezzabile.<\/span><\/span><\/p>\n<p><span dir=\"auto\" style=\"vertical-align: inherit\"><span dir=\"auto\" style=\"vertical-align: inherit\">Pietro aveva ricevuto lodi per aver confessato che Ges\u00f9 era il Messia, ed era orgoglioso e fiducioso nel proclamarlo Figlio del Dio vivente. Possedeva tutta la verit\u00e0, ma non avrebbe mai immaginato che il cammino del Messia lo avrebbe condotto a uno scontro all&#8217;ultimo sangue con i poteri di questo mondo, culminato nella sua esclusione, emarginazione e condanna. Il cammino di Ges\u00f9 non \u00e8 un cammino di successo e trionfo, di potere e fama. Il cammino di Ges\u00f9 \u00e8 un cammino di verit\u00e0, servizio e incontro. Molti di noi amano lodare Ges\u00f9, ma, come Pietro, fatichiamo a comprendere che il compito di Ges\u00f9 e il suo progetto di salvezza devono essere compiuti attraverso la sofferenza, l&#8217;esclusione, il fallimento e la morte. Come Geremia, siamo affascinati e sedotti dalla missione di Ges\u00f9, ma poi, quando temiamo le conseguenze, diventiamo ansiosi e desideriamo tornare ai canoni del mondo, perch\u00e9 proclamare la parola del Signore ci rende oggetto di scherno.<\/span><\/span><\/p>\n<p><span dir=\"auto\" style=\"vertical-align: inherit\"><span dir=\"auto\" style=\"vertical-align: inherit\">Alcuni hanno interpretato &#8220;prendere la croce&#8221; come un&#8217;accettazione masochistica della sofferenza e della miseria, ma questo non \u00e8 il significato che Ges\u00f9 intendeva. Ges\u00f9 non ama n\u00e9 ricerca la sofferenza, n\u00e9 per s\u00e9 n\u00e9 per gli altri, come se essa fosse particolarmente gradita a Dio. Una delle caratteristiche della sua missione era proprio quella di alleviare la sofferenza, saziare la fame e lenire il dolore. Simbolicamente, la croce di Ges\u00f9 manifesta la pienezza delle relazioni umane: la relazione con Dio, espressa nella parte superiore; la relazione incarnata nella natura e nel cosmo, come mostrato nella parte inferiore; e la relazione aperta e impegnata verso tutti, come indicato dalle sue braccia. Al centro, troviamo il crocevia dei cammini di Dio e dell&#8217;umanit\u00e0, incarnato in Ges\u00f9 stesso. Non si tratta quindi n\u00e9 di una negazione dell&#8217;universo n\u00e9 di una vita angelica; la sofferenza e la povert\u00e0 non piacciono a Dio, bens\u00ec un vero equilibrio nelle relazioni interiori ed esteriori di ogni persona. Quando l&#8217;umanit\u00e0 adotta valori mondani come l&#8217;ambizione, l&#8217;egoismo, la forza e il piacere, finisce per distruggere se stessa, la natura e i suoi simili. Nel cuore della croce, l&#8217;umanit\u00e0 trova la sua vera realizzazione.<\/span><\/span><\/p>\n<p><span dir=\"auto\" style=\"vertical-align: inherit\"><span dir=\"auto\" style=\"vertical-align: inherit\">Cristo viene a rivelarci la vera dimensione di ogni persona, una dimensione non limitata n\u00e9 vincolata dalle barriere imposte da interessi mondani come l&#8217;utilitarismo, il commercio e il trionfalismo. La proposta di Ges\u00f9 \u00e8 di costruire un mondo di fratelli e sorelle, un mondo di dignit\u00e0, un mondo che si riconosca amato da Dio Padre. Nel suo desiderio di costruire questo mondo, Ges\u00f9 ha incontrato sofferenza e rifiuto. Anche i suoi discepoli prenderanno su di s\u00e9 queste croci che derivano dal seguire fedelmente Cristo.<\/span><\/span><\/p>\n<p><span dir=\"auto\" style=\"vertical-align: inherit\"><span dir=\"auto\" style=\"vertical-align: inherit\">Quel mondo alternativo \u00e8 possibile, ma per raggiungerlo ci sono sofferenze, rifiuti, conflitti e croci che i cristiani devono sempre portare, ma solo cos\u00ec sar\u00e0 possibile una vita piena. Le parole di Ges\u00f9 potrebbero sembrare contraddittorie: &#8221; <\/span><\/span><em><span dir=\"auto\" style=\"vertical-align: inherit\"><span dir=\"auto\" style=\"vertical-align: inherit\">Che giova all&#8217;uomo guadagnare il mondo intero, se poi perde la propria anima?&#8221;.<\/span><\/span><\/em><span dir=\"auto\" style=\"vertical-align: inherit\"><span dir=\"auto\" style=\"vertical-align: inherit\"> \u00a0\u00a0Ma \u00e8 la realt\u00e0: quando rifiutiamo di vivere la dinamica della croce, tutto si rivolta contro di noi. Avendo rotto con Dio, la vita perde il suo senso e vaghiamo senza meta; avendo distrutto la natura, ci sentiamo attaccati e come estranei nel nostro stesso mondo; e avendo rotto con i nostri fratelli e sorelle, ci perdiamo nella nostra solitudine e nel nostro egoismo. Perdiamo il nostro centro e il nostro equilibrio. A cosa sono serviti i nostri sforzi se ci ritroviamo nella pi\u00f9 profonda infelicit\u00e0? Gli esseri umani possono essere felici solo quando sono in armonia con Dio, con la natura e con i loro fratelli e sorelle. Pu\u00f2 sembrare una croce pesante, ma \u00e8 una croce che d\u00e0 la vita, soprattutto se la portiamo nello stile di Ges\u00f9: per amore, con amore e nell&#8217;amore. Come portiamo la nostra croce? Le parole di Ges\u00f9,\u00a0 <\/span><\/span><em><span dir=\"auto\" style=\"vertical-align: inherit\"><span dir=\"auto\" style=\"vertical-align: inherit\">\u00abPrendi la tua croce e seguimi<\/span><\/span><\/em><span dir=\"auto\" style=\"vertical-align: inherit\"><span dir=\"auto\" style=\"vertical-align: inherit\"> \u00bb, sono anche per noi; allora troveremo la vera felicit\u00e0. Solo la croce di Ges\u00f9 dona la vita.<\/span><\/span><\/p>\n<p><em><span dir=\"auto\" style=\"vertical-align: inherit\"><span dir=\"auto\" style=\"vertical-align: inherit\">Padre pieno di tenerezza, dal quale provengono tutti i beni, infiammaci del tuo amore e avvicinaci a te, affinch\u00e9, scoprendo la vita che la croce di Ges\u00f9 ci dona, possiamo viverla con gioia e fedelt\u00e0 per costruire il suo Regno d&#8217;Amore. Amen.<\/span><\/span><\/em><\/p>\n","protected":false},"excerpt":{"rendered":"<p>XXII Domenica del Tempo Ordinario<\/p>\n","protected":false},"author":25,"featured_media":183170,"comment_status":"closed","ping_status":"closed","sticky":false,"template":"","format":"standard","meta":{"_acf_changed":false,"inline_featured_image":false,"_wpcom_ai_launchpad_first_post":false,"footnotes":"","jetpack_post_was_ever_published":false},"categories":[73,95],"tags":[10963,10964,64787,706],"class_list":["post-183169","post","type-post","status-publish","format-standard","has-post-thumbnail","hentry","category-chiesa-e-mondo","category-spiritualita","tag-enrique-diaz-2","tag-riflessione","tag-trending-it-236","tag-vangelo"],"acf":[],"yoast_head":"<!-- This site is optimized with the Yoast SEO plugin v28.3 - https:\/\/yoast.com\/product\/yoast-seo-wordpress\/ -->\n<title>Riflessione del Vescovo Enrique D\u00edaz: Non lasciatevi plasmare dalle vie di questo mondo &#8211; Exaudi<\/title>\n<meta name=\"robots\" content=\"index, follow, max-snippet:-1, max-image-preview:large, max-video-preview:-1\" \/>\n<link rel=\"canonical\" href=\"https:\/\/exaudi.org\/it\/riflessione-del-vescovo-enrique-diaz-non-lasciatevi-plasmare-dalle-vie-di-questo-mondo\/\" \/>\n<meta property=\"og:locale\" content=\"it_IT\" \/>\n<meta property=\"og:type\" content=\"article\" \/>\n<meta property=\"og:title\" content=\"Riflessione del Vescovo Enrique D\u00edaz: Non lasciatevi plasmare dalle vie di questo mondo &#8211; Exaudi\" \/>\n<meta property=\"og:description\" content=\"XXII Domenica del Tempo Ordinario\" \/>\n<meta property=\"og:url\" content=\"https:\/\/exaudi.org\/it\/riflessione-del-vescovo-enrique-diaz-non-lasciatevi-plasmare-dalle-vie-di-questo-mondo\/\" \/>\n<meta property=\"og:site_name\" content=\"Exaudi\" \/>\n<meta property=\"article:publisher\" content=\"https:\/\/www.facebook.com\/ExaudiNews\" \/>\n<meta property=\"article:published_time\" content=\"2026-08-30T16:15:16+00:00\" \/>\n<meta property=\"og:image\" content=\"https:\/\/exaudi.org\/wp-content\/uploads\/2026\/08\/1-12.webp\" \/>\n\t<meta property=\"og:image:width\" content=\"1024\" \/>\n\t<meta property=\"og:image:height\" content=\"683\" \/>\n\t<meta property=\"og:image:type\" content=\"image\/webp\" \/>\n<meta name=\"author\" content=\"Enrique D\u00edaz\" \/>\n<meta name=\"twitter:card\" content=\"summary_large_image\" \/>\n<meta name=\"twitter:creator\" content=\"@Exaudi_News\" \/>\n<meta name=\"twitter:site\" content=\"@Exaudi_News\" \/>\n<meta name=\"twitter:label1\" content=\"Scritto da\" \/>\n\t<meta name=\"twitter:data1\" content=\"Enrique D\u00edaz\" \/>\n\t<meta name=\"twitter:label2\" content=\"Tempo di lettura stimato\" \/>\n\t<meta name=\"twitter:data2\" content=\"5 minuti\" \/>\n<script type=\"application\/ld+json\" class=\"yoast-schema-graph\">{\"@context\":\"https:\\\/\\\/schema.org\",\"@graph\":[{\"@type\":\"Article\",\"@id\":\"https:\\\/\\\/exaudi.org\\\/it\\\/riflessione-del-vescovo-enrique-diaz-non-lasciatevi-plasmare-dalle-vie-di-questo-mondo\\\/#article\",\"isPartOf\":{\"@id\":\"https:\\\/\\\/exaudi.org\\\/it\\\/riflessione-del-vescovo-enrique-diaz-non-lasciatevi-plasmare-dalle-vie-di-questo-mondo\\\/\"},\"author\":{\"name\":\"Enrique D\u00edaz\",\"@id\":\"https:\\\/\\\/exaudi.org\\\/#\\\/schema\\\/person\\\/c02ffbd10830fa375f6882f7dcf1844d\"},\"headline\":\"Riflessione del Vescovo Enrique D\u00edaz: Non lasciatevi plasmare dalle vie di questo mondo\",\"datePublished\":\"2026-08-30T16:15:16+00:00\",\"mainEntityOfPage\":{\"@id\":\"https:\\\/\\\/exaudi.org\\\/it\\\/riflessione-del-vescovo-enrique-diaz-non-lasciatevi-plasmare-dalle-vie-di-questo-mondo\\\/\"},\"wordCount\":1026,\"image\":{\"@id\":\"https:\\\/\\\/exaudi.org\\\/it\\\/riflessione-del-vescovo-enrique-diaz-non-lasciatevi-plasmare-dalle-vie-di-questo-mondo\\\/#primaryimage\"},\"thumbnailUrl\":\"https:\\\/\\\/i0.wp.com\\\/exaudi.org\\\/wp-content\\\/uploads\\\/2026\\\/08\\\/1-12.webp?fit=1024%2C683&ssl=1\",\"keywords\":[\"ENRIQUE D\u00cdAZ\",\"RIFLESSIONE\",\"Trending\",\"Vangelo\"],\"articleSection\":[\"Chiesa e Mondo\",\"Spiritualit\u00e0\"],\"inLanguage\":\"it-IT\"},{\"@type\":\"WebPage\",\"@id\":\"https:\\\/\\\/exaudi.org\\\/it\\\/riflessione-del-vescovo-enrique-diaz-non-lasciatevi-plasmare-dalle-vie-di-questo-mondo\\\/\",\"url\":\"https:\\\/\\\/exaudi.org\\\/it\\\/riflessione-del-vescovo-enrique-diaz-non-lasciatevi-plasmare-dalle-vie-di-questo-mondo\\\/\",\"name\":\"Riflessione del Vescovo Enrique D\u00edaz: Non lasciatevi plasmare dalle vie di questo mondo &#8211; Exaudi\",\"isPartOf\":{\"@id\":\"https:\\\/\\\/exaudi.org\\\/#website\"},\"primaryImageOfPage\":{\"@id\":\"https:\\\/\\\/exaudi.org\\\/it\\\/riflessione-del-vescovo-enrique-diaz-non-lasciatevi-plasmare-dalle-vie-di-questo-mondo\\\/#primaryimage\"},\"image\":{\"@id\":\"https:\\\/\\\/exaudi.org\\\/it\\\/riflessione-del-vescovo-enrique-diaz-non-lasciatevi-plasmare-dalle-vie-di-questo-mondo\\\/#primaryimage\"},\"thumbnailUrl\":\"https:\\\/\\\/i0.wp.com\\\/exaudi.org\\\/wp-content\\\/uploads\\\/2026\\\/08\\\/1-12.webp?fit=1024%2C683&ssl=1\",\"datePublished\":\"2026-08-30T16:15:16+00:00\",\"author\":{\"@id\":\"https:\\\/\\\/exaudi.org\\\/#\\\/schema\\\/person\\\/c02ffbd10830fa375f6882f7dcf1844d\"},\"breadcrumb\":{\"@id\":\"https:\\\/\\\/exaudi.org\\\/it\\\/riflessione-del-vescovo-enrique-diaz-non-lasciatevi-plasmare-dalle-vie-di-questo-mondo\\\/#breadcrumb\"},\"inLanguage\":\"it-IT\",\"potentialAction\":[{\"@type\":\"ReadAction\",\"target\":[\"https:\\\/\\\/exaudi.org\\\/it\\\/riflessione-del-vescovo-enrique-diaz-non-lasciatevi-plasmare-dalle-vie-di-questo-mondo\\\/\"]}]},{\"@type\":\"ImageObject\",\"inLanguage\":\"it-IT\",\"@id\":\"https:\\\/\\\/exaudi.org\\\/it\\\/riflessione-del-vescovo-enrique-diaz-non-lasciatevi-plasmare-dalle-vie-di-questo-mondo\\\/#primaryimage\",\"url\":\"https:\\\/\\\/i0.wp.com\\\/exaudi.org\\\/wp-content\\\/uploads\\\/2026\\\/08\\\/1-12.webp?fit=1024%2C683&ssl=1\",\"contentUrl\":\"https:\\\/\\\/i0.wp.com\\\/exaudi.org\\\/wp-content\\\/uploads\\\/2026\\\/08\\\/1-12.webp?fit=1024%2C683&ssl=1\",\"width\":1024,\"height\":683},{\"@type\":\"BreadcrumbList\",\"@id\":\"https:\\\/\\\/exaudi.org\\\/it\\\/riflessione-del-vescovo-enrique-diaz-non-lasciatevi-plasmare-dalle-vie-di-questo-mondo\\\/#breadcrumb\",\"itemListElement\":[{\"@type\":\"ListItem\",\"position\":1,\"name\":\"Portada\",\"item\":\"https:\\\/\\\/exaudi.org\\\/it\\\/\"},{\"@type\":\"ListItem\",\"position\":2,\"name\":\"Riflessione del Vescovo Enrique D\u00edaz: Non lasciatevi plasmare dalle vie di questo mondo\"}]},{\"@type\":\"WebSite\",\"@id\":\"https:\\\/\\\/exaudi.org\\\/#website\",\"url\":\"https:\\\/\\\/exaudi.org\\\/\",\"name\":\"Exaudi\",\"description\":\"News\",\"potentialAction\":[{\"@type\":\"SearchAction\",\"target\":{\"@type\":\"EntryPoint\",\"urlTemplate\":\"https:\\\/\\\/exaudi.org\\\/?s={search_term_string}\"},\"query-input\":{\"@type\":\"PropertyValueSpecification\",\"valueRequired\":true,\"valueName\":\"search_term_string\"}}],\"inLanguage\":\"it-IT\"},{\"@type\":\"Person\",\"@id\":\"https:\\\/\\\/exaudi.org\\\/#\\\/schema\\\/person\\\/c02ffbd10830fa375f6882f7dcf1844d\",\"name\":\"Enrique D\u00edaz\",\"image\":{\"@type\":\"ImageObject\",\"inLanguage\":\"it-IT\",\"@id\":\"https:\\\/\\\/secure.gravatar.com\\\/avatar\\\/7ca10be5325a95d04b74082d68ba605aa69611eb0f68f47096cb1bc349873284?s=96&d=mm&r=g\",\"url\":\"https:\\\/\\\/secure.gravatar.com\\\/avatar\\\/7ca10be5325a95d04b74082d68ba605aa69611eb0f68f47096cb1bc349873284?s=96&d=mm&r=g\",\"contentUrl\":\"https:\\\/\\\/secure.gravatar.com\\\/avatar\\\/7ca10be5325a95d04b74082d68ba605aa69611eb0f68f47096cb1bc349873284?s=96&d=mm&r=g\",\"caption\":\"Enrique D\u00edaz\"},\"description\":\"Naci\u00f3 en Huandacareo, Michoac\u00e1n, M\u00e9xico, en 1952. Realiz\u00f3 sus estudios de Filosof\u00eda y Teolog\u00eda en el Seminario de Morelia. Ordenado di\u00e1cono el 22 de mayo de 1977, y presb\u00edtero el 23 de octubre del mismo a\u00f1o. Obtuvo la Licenciatura en Sagrada Escritura en el Pontificio Instituto B\u00edblico en Roma. Ha desarrollado m\u00faltiples encargos pastorales como el de capell\u00e1n de la rector\u00eda de las Tres Aves Mar\u00edas; responsable de la Pastoral B\u00edblica Diocesana y director de la Escuela B\u00edblica en Morelia; maestro de Biblia en el Seminario Conciliar de Morelia, p\u00e1rroco de la Parroquia de Nuestra Se\u00f1ora de Guadalupe, Col. Guadalupe, Morelia; o vicario episcopal para la Zona de Nuestra Se\u00f1ora de la Luz, P\u00e1tzcuaro. Ordenado obispo auxiliar de san Crist\u00f3bal de las Casas en 2003. En la Conferencia Episcopal form\u00f3 parte de las Comisiones de Biblia, Diaconado y Ministerios Laicales. Fue responsable de las Dimensiones de Ministerios Laicales, de Educaci\u00f3n y Cultura. Ha participado en encuentros latinoamericanos y mundiales sobre el Diaconado Permanente. Actualmente es el responsable de la Dimensi\u00f3n de Pastoral de la Cultura. Particip\u00f3 como Miembro del S\u00ednodo de Obispos sobre la Palabra de Dios en la Vida y Misi\u00f3n de la Iglesia en Roma, en 2008. Recibi\u00f3 el nombramiento de obispo coadjutor de San Crist\u00f3bal de las Casas en 2014. Nombrado II obispo de Irapuato el d\u00eda 11 de marzo, tom\u00f3 posesi\u00f3n el 19 de Mayo. Colabora en varias revistas y publicaciones sobre todo con la reflexi\u00f3n diaria y dominical tanto en audio como escrita.\",\"url\":\"https:\\\/\\\/exaudi.org\\\/it\\\/author\\\/enriquediaz\\\/\"}]}<\/script>\n<!-- \/ Yoast SEO plugin. -->","yoast_head_json":{"title":"Riflessione del Vescovo Enrique D\u00edaz: Non lasciatevi plasmare dalle vie di questo mondo &#8211; Exaudi","robots":{"index":"index","follow":"follow","max-snippet":"max-snippet:-1","max-image-preview":"max-image-preview:large","max-video-preview":"max-video-preview:-1"},"canonical":"https:\/\/exaudi.org\/it\/riflessione-del-vescovo-enrique-diaz-non-lasciatevi-plasmare-dalle-vie-di-questo-mondo\/","og_locale":"it_IT","og_type":"article","og_title":"Riflessione del Vescovo Enrique D\u00edaz: Non lasciatevi plasmare dalle vie di questo mondo &#8211; Exaudi","og_description":"XXII Domenica del Tempo Ordinario","og_url":"https:\/\/exaudi.org\/it\/riflessione-del-vescovo-enrique-diaz-non-lasciatevi-plasmare-dalle-vie-di-questo-mondo\/","og_site_name":"Exaudi","article_publisher":"https:\/\/www.facebook.com\/ExaudiNews","article_published_time":"2026-08-30T16:15:16+00:00","og_image":[{"width":1024,"height":683,"url":"https:\/\/exaudi.org\/wp-content\/uploads\/2026\/08\/1-12.webp","type":"image\/webp"}],"author":"Enrique D\u00edaz","twitter_card":"summary_large_image","twitter_creator":"@Exaudi_News","twitter_site":"@Exaudi_News","twitter_misc":{"Scritto da":"Enrique D\u00edaz","Tempo di lettura stimato":"5 minuti"},"schema":{"@context":"https:\/\/schema.org","@graph":[{"@type":"Article","@id":"https:\/\/exaudi.org\/it\/riflessione-del-vescovo-enrique-diaz-non-lasciatevi-plasmare-dalle-vie-di-questo-mondo\/#article","isPartOf":{"@id":"https:\/\/exaudi.org\/it\/riflessione-del-vescovo-enrique-diaz-non-lasciatevi-plasmare-dalle-vie-di-questo-mondo\/"},"author":{"name":"Enrique D\u00edaz","@id":"https:\/\/exaudi.org\/#\/schema\/person\/c02ffbd10830fa375f6882f7dcf1844d"},"headline":"Riflessione del Vescovo Enrique D\u00edaz: Non lasciatevi plasmare dalle vie di questo mondo","datePublished":"2026-08-30T16:15:16+00:00","mainEntityOfPage":{"@id":"https:\/\/exaudi.org\/it\/riflessione-del-vescovo-enrique-diaz-non-lasciatevi-plasmare-dalle-vie-di-questo-mondo\/"},"wordCount":1026,"image":{"@id":"https:\/\/exaudi.org\/it\/riflessione-del-vescovo-enrique-diaz-non-lasciatevi-plasmare-dalle-vie-di-questo-mondo\/#primaryimage"},"thumbnailUrl":"https:\/\/i0.wp.com\/exaudi.org\/wp-content\/uploads\/2026\/08\/1-12.webp?fit=1024%2C683&ssl=1","keywords":["ENRIQUE D\u00cdAZ","RIFLESSIONE","Trending","Vangelo"],"articleSection":["Chiesa e Mondo","Spiritualit\u00e0"],"inLanguage":"it-IT"},{"@type":"WebPage","@id":"https:\/\/exaudi.org\/it\/riflessione-del-vescovo-enrique-diaz-non-lasciatevi-plasmare-dalle-vie-di-questo-mondo\/","url":"https:\/\/exaudi.org\/it\/riflessione-del-vescovo-enrique-diaz-non-lasciatevi-plasmare-dalle-vie-di-questo-mondo\/","name":"Riflessione del Vescovo Enrique D\u00edaz: Non lasciatevi plasmare dalle vie di questo mondo &#8211; Exaudi","isPartOf":{"@id":"https:\/\/exaudi.org\/#website"},"primaryImageOfPage":{"@id":"https:\/\/exaudi.org\/it\/riflessione-del-vescovo-enrique-diaz-non-lasciatevi-plasmare-dalle-vie-di-questo-mondo\/#primaryimage"},"image":{"@id":"https:\/\/exaudi.org\/it\/riflessione-del-vescovo-enrique-diaz-non-lasciatevi-plasmare-dalle-vie-di-questo-mondo\/#primaryimage"},"thumbnailUrl":"https:\/\/i0.wp.com\/exaudi.org\/wp-content\/uploads\/2026\/08\/1-12.webp?fit=1024%2C683&ssl=1","datePublished":"2026-08-30T16:15:16+00:00","author":{"@id":"https:\/\/exaudi.org\/#\/schema\/person\/c02ffbd10830fa375f6882f7dcf1844d"},"breadcrumb":{"@id":"https:\/\/exaudi.org\/it\/riflessione-del-vescovo-enrique-diaz-non-lasciatevi-plasmare-dalle-vie-di-questo-mondo\/#breadcrumb"},"inLanguage":"it-IT","potentialAction":[{"@type":"ReadAction","target":["https:\/\/exaudi.org\/it\/riflessione-del-vescovo-enrique-diaz-non-lasciatevi-plasmare-dalle-vie-di-questo-mondo\/"]}]},{"@type":"ImageObject","inLanguage":"it-IT","@id":"https:\/\/exaudi.org\/it\/riflessione-del-vescovo-enrique-diaz-non-lasciatevi-plasmare-dalle-vie-di-questo-mondo\/#primaryimage","url":"https:\/\/i0.wp.com\/exaudi.org\/wp-content\/uploads\/2026\/08\/1-12.webp?fit=1024%2C683&ssl=1","contentUrl":"https:\/\/i0.wp.com\/exaudi.org\/wp-content\/uploads\/2026\/08\/1-12.webp?fit=1024%2C683&ssl=1","width":1024,"height":683},{"@type":"BreadcrumbList","@id":"https:\/\/exaudi.org\/it\/riflessione-del-vescovo-enrique-diaz-non-lasciatevi-plasmare-dalle-vie-di-questo-mondo\/#breadcrumb","itemListElement":[{"@type":"ListItem","position":1,"name":"Portada","item":"https:\/\/exaudi.org\/it\/"},{"@type":"ListItem","position":2,"name":"Riflessione del Vescovo Enrique D\u00edaz: Non lasciatevi plasmare dalle vie di questo mondo"}]},{"@type":"WebSite","@id":"https:\/\/exaudi.org\/#website","url":"https:\/\/exaudi.org\/","name":"Exaudi","description":"News","potentialAction":[{"@type":"SearchAction","target":{"@type":"EntryPoint","urlTemplate":"https:\/\/exaudi.org\/?s={search_term_string}"},"query-input":{"@type":"PropertyValueSpecification","valueRequired":true,"valueName":"search_term_string"}}],"inLanguage":"it-IT"},{"@type":"Person","@id":"https:\/\/exaudi.org\/#\/schema\/person\/c02ffbd10830fa375f6882f7dcf1844d","name":"Enrique D\u00edaz","image":{"@type":"ImageObject","inLanguage":"it-IT","@id":"https:\/\/secure.gravatar.com\/avatar\/7ca10be5325a95d04b74082d68ba605aa69611eb0f68f47096cb1bc349873284?s=96&d=mm&r=g","url":"https:\/\/secure.gravatar.com\/avatar\/7ca10be5325a95d04b74082d68ba605aa69611eb0f68f47096cb1bc349873284?s=96&d=mm&r=g","contentUrl":"https:\/\/secure.gravatar.com\/avatar\/7ca10be5325a95d04b74082d68ba605aa69611eb0f68f47096cb1bc349873284?s=96&d=mm&r=g","caption":"Enrique D\u00edaz"},"description":"Naci\u00f3 en Huandacareo, Michoac\u00e1n, M\u00e9xico, en 1952. Realiz\u00f3 sus estudios de Filosof\u00eda y Teolog\u00eda en el Seminario de Morelia. Ordenado di\u00e1cono el 22 de mayo de 1977, y presb\u00edtero el 23 de octubre del mismo a\u00f1o. Obtuvo la Licenciatura en Sagrada Escritura en el Pontificio Instituto B\u00edblico en Roma. Ha desarrollado m\u00faltiples encargos pastorales como el de capell\u00e1n de la rector\u00eda de las Tres Aves Mar\u00edas; responsable de la Pastoral B\u00edblica Diocesana y director de la Escuela B\u00edblica en Morelia; maestro de Biblia en el Seminario Conciliar de Morelia, p\u00e1rroco de la Parroquia de Nuestra Se\u00f1ora de Guadalupe, Col. Guadalupe, Morelia; o vicario episcopal para la Zona de Nuestra Se\u00f1ora de la Luz, P\u00e1tzcuaro. Ordenado obispo auxiliar de san Crist\u00f3bal de las Casas en 2003. En la Conferencia Episcopal form\u00f3 parte de las Comisiones de Biblia, Diaconado y Ministerios Laicales. Fue responsable de las Dimensiones de Ministerios Laicales, de Educaci\u00f3n y Cultura. Ha participado en encuentros latinoamericanos y mundiales sobre el Diaconado Permanente. Actualmente es el responsable de la Dimensi\u00f3n de Pastoral de la Cultura. Particip\u00f3 como Miembro del S\u00ednodo de Obispos sobre la Palabra de Dios en la Vida y Misi\u00f3n de la Iglesia en Roma, en 2008. Recibi\u00f3 el nombramiento de obispo coadjutor de San Crist\u00f3bal de las Casas en 2014. Nombrado II obispo de Irapuato el d\u00eda 11 de marzo, tom\u00f3 posesi\u00f3n el 19 de Mayo. Colabora en varias revistas y publicaciones sobre todo con la reflexi\u00f3n diaria y dominical tanto en audio como escrita.","url":"https:\/\/exaudi.org\/it\/author\/enriquediaz\/"}]}},"jetpack_shortlink":"https:\/\/wp.me\/pgKjF2-LEl","jetpack_featured_media_url":"https:\/\/i0.wp.com\/exaudi.org\/wp-content\/uploads\/2026\/08\/1-12.webp?fit=1024%2C683&ssl=1","_links":{"self":[{"href":"https:\/\/exaudi.org\/it\/wp-json\/wp\/v2\/posts\/183169","targetHints":{"allow":["GET"]}}],"collection":[{"href":"https:\/\/exaudi.org\/it\/wp-json\/wp\/v2\/posts"}],"about":[{"href":"https:\/\/exaudi.org\/it\/wp-json\/wp\/v2\/types\/post"}],"author":[{"embeddable":true,"href":"https:\/\/exaudi.org\/it\/wp-json\/wp\/v2\/users\/25"}],"replies":[{"embeddable":true,"href":"https:\/\/exaudi.org\/it\/wp-json\/wp\/v2\/comments?post=183169"}],"version-history":[{"count":4,"href":"https:\/\/exaudi.org\/it\/wp-json\/wp\/v2\/posts\/183169\/revisions"}],"predecessor-version":[{"id":183176,"href":"https:\/\/exaudi.org\/it\/wp-json\/wp\/v2\/posts\/183169\/revisions\/183176"}],"wp:featuredmedia":[{"embeddable":true,"href":"https:\/\/exaudi.org\/it\/wp-json\/wp\/v2\/media\/183170"}],"wp:attachment":[{"href":"https:\/\/exaudi.org\/it\/wp-json\/wp\/v2\/media?parent=183169"}],"wp:term":[{"taxonomy":"category","embeddable":true,"href":"https:\/\/exaudi.org\/it\/wp-json\/wp\/v2\/categories?post=183169"},{"taxonomy":"post_tag","embeddable":true,"href":"https:\/\/exaudi.org\/it\/wp-json\/wp\/v2\/tags?post=183169"}],"curies":[{"name":"wp","href":"https:\/\/api.w.org\/{rel}","templated":true}]}}