{"id":183159,"date":"2026-08-30T17:58:09","date_gmt":"2026-08-30T15:58:09","guid":{"rendered":"https:\/\/exaudi.org\/?p=183159"},"modified":"2026-08-30T17:58:09","modified_gmt":"2026-08-30T15:58:09","slug":"possiamo-coltivare-la-docilita-accettando-cio-che-ci-viene-chiesto-al-di-la-delle-nostre-aspettative","status":"publish","type":"post","link":"https:\/\/exaudi.org\/it\/possiamo-coltivare-la-docilita-accettando-cio-che-ci-viene-chiesto-al-di-la-delle-nostre-aspettative\/","title":{"rendered":"\u00abPossiamo coltivare la docilit\u00e0, accettando ci\u00f2 che ci viene chiesto al di l\u00e0 delle nostre aspettative\u00bb"},"content":{"rendered":"<p>Oggi a mezzogiorno, 22\u00aa Domenica del Tempo Ordinario, Papa Leone XIV si \u00e8 recato in Piazza della Libert\u00e0 a Castel Gandolfo per recitare l&#8217;Angelus con i fedeli e i pellegrini riuniti davanti al Palazzo Apostolico delle Ville Pontificie.<\/p>\n<p>Di seguito le parole del Papa introducendo la preghiera mariana:<\/p>\n<p>***<\/p>\n<h3><strong>Parole del Papa<\/strong><\/h3>\n<p><i>Cari fratelli e sorelle, buongiorno e<b>\u00a0<\/b>buona domenica!<\/i><\/p>\n<p>Oggi il Vangelo ci parla di Ges\u00f9 che svela ai discepoli il Mistero della sua Pasqua imminente: il Messia \u2013 dice \u2013 dovr\u00e0 \u00abandare a Gerusalemme e soffrire molto da parte degli anziani, dei capi dei sacerdoti e degli scribi, e venire ucciso e risorgere il terzo giorno\u00bb (<i>Mt<\/i>\u00a016,21).<\/p>\n<p>Ci\u00f2 che afferma \u00e8 molto lontano dalle loro attese di un Messia trionfatore e potente, con il cui aiuto sconfiggere e calpestare i nemici (cfr\u00a0<i>Sal<\/i>\u00a0108,14). Gi\u00e0 avevano avuto modo, nel tempo trascorso con Lui, di stupirsi di tanti suoi gesti e parole. Quest\u2019ultimo messaggio, per\u00f2, va davvero oltre ogni previsione. In particolare, Pietro manifesta il suo dissenso e rimprovera Ges\u00f9, dicendogli: \u00ab\u201cDio non voglia, Signore; questo non ti accadr\u00e0 mai\u201d\u00bb (v. 22).<\/p>\n<p>Poco prima ha riconosciuto in Lui \u00abil Cristo, il Figlio del Dio vivente\u00bb (v. 16). Ora, invece, sorpreso e forse deluso da ci\u00f2 che sente, in contrasto con la bellissima professione di fede che ha appena fatto, lo rimprovera. Sembra dirgli: \u201cs\u00ec, credo che tu sei il Messia, ma non \u00e8 cos\u00ec che si salva il mondo\u201d. Il suo \u00e8 un moto di zelo, certamente animato da amore sincero, e nondimeno ci fa riflettere.<\/p>\n<p>Anche per noi, infatti, non \u00e8 sempre facile capire e accettare le vie di Dio, specialmente quando sono molto lontane dalle nostre. Allora la tentazione \u00e8 di pensare, contro ogni logica di fede, che sia il Signore a sbagliare, o peggio ancora a non ascoltarci o a non interessarsi di noi. Di fronte a questa incertezza Pietro, pur nella sua impulsivit\u00e0, ci insegna due cose importanti.<\/p>\n<p>La prima \u00e8 di non interrompere mai, nemmeno in questi momenti, il dialogo con il Signore, anzi di manifestargli con fiducia anche la nostra difficolt\u00e0 a comprendere ci\u00f2 che ci chiede.<\/p>\n<p>La seconda, per\u00f2, \u00e8 di non giudicare mai l\u2019operare di Dio, ma piuttosto di metterci in ascolto, con umilt\u00e0, nella preghiera, di ci\u00f2 che ci sta rivelando attraverso il suo agire, anche quando non corrisponde alle nostre attese.<\/p>\n<p>E la grandezza del Primo degli Apostoli si manifesta anche in questo.<\/p>\n<p>Ges\u00f9 gli risponde: \u00abVa\u2019 dietro a me, Satana!\u00bb (v. 23), e spiega a lui e agli altri discepoli che, per calcare le sue orme, dovranno rinnegare s\u00e9 stessi, prendere la loro croce e seguirlo (cfr v. 24). Pietro lo far\u00e0: dopo averlo ascoltato, accetter\u00e0 la sfida e rimarr\u00e0 fedele alle parole del Cristo, che ha riconosciuto come suo Redentore, per tutta l\u2019esistenza, fino al martirio.<\/p>\n<p>Chiediamo allora al Signore di avere anche noi, nella nostra vita di fede e nella nostra preghiera, la stessa sincerit\u00e0 di Pietro, nel dirgli umilmente ci\u00f2 che davvero sentiamo, anche quando il cuore \u00e8 confuso, e al tempo stesso di saper coltivare la sua stessa docilit\u00e0, nell\u2019accettare ci\u00f2 che ci chiede al di l\u00e0 delle nostre attese.<\/p>\n<p>Ci aiuti Maria, che \u00e8 stata obbediente ai disegni di Dio fin sotto la Croce del suo Figlio Ges\u00f9.<\/p>\n<p>____________________________<\/p>\n<p><b>Dopo l&#8217;Angelus<\/b><\/p>\n<p>Cari fratelli e sorelle,<\/p>\n<p>da Haiti giungono notizie drammatiche del grave massacro perpetrato a Kenscoff, nel quale hanno perso la vita numerose persone mentre altre sono sequestrate. Esprimo la mia vicinanza orante alle vittime e ai loro familiari e chiedo che vengano rilasciati senza indugio tutti gli ostaggi. Rivolgo un accorato appello a tutti i responsabili affinch\u00e9 si impegnino concretamente per garantire la sicurezza della popolazione e porre fine a ogni forma di violenza.<\/p>\n<p>Assicuro la mia preghiera ai colpiti dalla<b>\u00a0<\/b>terribile alluvione che si \u00e8 verificata in Nepal e Tibet. Preghiamo per chi ha perso la vita, per i feriti e i dispersi, per le famiglie, per i soccorritori. Possa la sollecitudine di tutti contribuire ad alleviare le sofferenze e a recare gli aiuti necessari alla popolazione.<\/p>\n<p>Continuiamo a pregare per la pace. Sant\u2019Agostino, la cui memoria abbiamo celebrato in questi giorni, diceva che \u00abla pace [\u2026] \u00e8 simile al pane del miracolo che cresceva nelle mani dei discepoli mentre lo spezzavano e lo distribuivano\u00bb (<i>Sermo 357<\/i>, 2). Possano aumentare nel mondo quanti con coraggio spezzano e distribuiscono il pane della pace, superando le divisioni, promuovendo la giustizia, praticando il perdono, per il bene di tutti.<\/p>\n<p><i>On Tuesday, we celebrate the World Day of Prayer for the Care of Creation.\u00a0 This marks the beginning of the Season of Creation \u2013 observed by Christians of various denominations \u2013 whose theme this year is \u201cLiving Water.\u201d\u00a0 As I recalled in the\u00a0<a href=\"https:\/\/www.vatican.va\/content\/leo-xiv\/en\/messages\/creation\/documents\/20260815-messaggio-giornata-curacreato.html\">Message for this Day<\/a>, caring for our common home calls for a conversion of heart, so that what has been used to bring about destruction may instead be directed toward life.\u00a0 I invite everyone to join in prayer and action, that we may become channels of the living water of God\u2019s peace, refreshing our wounded world.<\/i><\/p>\n<p>[Marted\u00ec celebriamo la Giornata Mondiale di Preghiera per la Cura del Creato. Essa segna l\u2019inizio del \u201cTempo del Creato\u201d \u2013 osservato dai cristiani di diverse Confessioni \u2013 il cui tema quest\u2019anno \u00e8 \u201cAcqua viva\u201d. Come ho ricordato nel\u00a0<a href=\"https:\/\/www.vatican.va\/content\/leo-xiv\/it\/messages\/creation\/documents\/20260815-messaggio-giornata-curacreato.html\">Messaggio per questa Giornata<\/a>, la cura della nostra \u201ccasa comune\u201d richiede una conversione del cuore, affinch\u00e9 ci\u00f2 che \u00e8 stato usato per portare distruzione possa invece essere orientato alla vita. Invito tutti a unirsi, in preghiera e azione, affinch\u00e9 possiamo farci canali di acqua viva della pace di Dio, dona ristoro al nostro mondo ferito].<\/p>\n<p>Saluto tutti voi, fedeli di Castel Gandolfo e pellegrini di vari Paesi! In particolare do il benvenuto ai partecipanti alla manifestazione benefica \u201c<i>Run to Rome<\/i>\u201d, ai giovani che hanno vissuto il cammino della\u00a0<i>Via Lucis<\/i>\u00a0itinerante, al gruppo dei Devoti della Madonna dei Miracoli di Corbetta e ai motociclisti presenti per il loro tradizionale incontro annuale.<\/p>\n<p>Ringrazio le Forze dell\u2019Ordine e quanti hanno contribuito al mio soggiorno estivo qui a Castel Gandolfo, come pure al servizio a tutela della sicurezza durante gli incontri con i pellegrini. Tante grazie!<\/p>\n<p>Invio il mio cordiale saluto ai fedeli che seguono l\u2019Angelus da Piazza San Pietro.<\/p>\n<p>E a tutti auguro una buona domenica!<\/p>\n<p><iframe title=\"Angelus, 30 agosto 2026 Papa Leone XIV\" width=\"500\" height=\"281\" src=\"https:\/\/www.youtube.com\/embed\/m6n4dBxZIVY?feature=oembed\" frameborder=\"0\" allow=\"accelerometer; autoplay; clipboard-write; encrypted-media; gyroscope; picture-in-picture; web-share\" referrerpolicy=\"strict-origin-when-cross-origin\" allowfullscreen><\/iframe><\/p>\n","protected":false},"excerpt":{"rendered":"<p>Parole del Papa all&#8217;Angelus<\/p>\n","protected":false},"author":17,"featured_media":183158,"comment_status":"closed","ping_status":"closed","sticky":false,"template":"","format":"standard","meta":{"_acf_changed":false,"inline_featured_image":false,"_wpcom_ai_launchpad_first_post":false,"footnotes":"","jetpack_post_was_ever_published":false},"categories":[69,67],"tags":[121077,64851],"class_list":["post-183159","post","type-post","status-publish","format-standard","has-post-thumbnail","hentry","category-angelus-it","category-leone-xiv","tag-angelus-30-agosto-2026-2","tag-featured-it-2"],"acf":[],"yoast_head":"<!-- This site is optimized with the Yoast SEO plugin v28.3 - https:\/\/yoast.com\/product\/yoast-seo-wordpress\/ -->\n<title>\u00abPossiamo coltivare la docilit\u00e0, accettando ci\u00f2 che ci viene chiesto al di l\u00e0 delle nostre aspettative\u00bb &#8211; Exaudi<\/title>\n<meta name=\"robots\" content=\"index, follow, max-snippet:-1, max-image-preview:large, max-video-preview:-1\" \/>\n<link rel=\"canonical\" href=\"https:\/\/exaudi.org\/it\/possiamo-coltivare-la-docilita-accettando-cio-che-ci-viene-chiesto-al-di-la-delle-nostre-aspettative\/\" \/>\n<meta property=\"og:locale\" content=\"it_IT\" \/>\n<meta property=\"og:type\" content=\"article\" \/>\n<meta property=\"og:title\" content=\"\u00abPossiamo coltivare la docilit\u00e0, accettando ci\u00f2 che ci viene chiesto al di l\u00e0 delle nostre aspettative\u00bb &#8211; Exaudi\" \/>\n<meta property=\"og:description\" content=\"Parole del Papa all&#039;Angelus\" \/>\n<meta property=\"og:url\" content=\"https:\/\/exaudi.org\/it\/possiamo-coltivare-la-docilita-accettando-cio-che-ci-viene-chiesto-al-di-la-delle-nostre-aspettative\/\" \/>\n<meta property=\"og:site_name\" content=\"Exaudi\" \/>\n<meta property=\"article:publisher\" content=\"https:\/\/www.facebook.com\/ExaudiNews\" \/>\n<meta property=\"article:author\" content=\"https:\/\/www.facebook.com\/ExaudiNotizie\/\" \/>\n<meta property=\"article:published_time\" content=\"2026-08-30T15:58:09+00:00\" \/>\n<meta property=\"og:image\" content=\"https:\/\/exaudi.org\/wp-content\/uploads\/2026\/08\/cq5dam.thumbnail.cropped.1500.844-8.jpeg\" \/>\n\t<meta property=\"og:image:width\" content=\"1280\" \/>\n\t<meta property=\"og:image:height\" content=\"844\" \/>\n\t<meta property=\"og:image:type\" content=\"image\/jpeg\" \/>\n<meta name=\"author\" content=\"Exaudi Redazione\" \/>\n<meta name=\"twitter:card\" content=\"summary_large_image\" \/>\n<meta name=\"twitter:creator\" content=\"@Exaudi_Notizie\" \/>\n<meta name=\"twitter:site\" content=\"@Exaudi_News\" \/>\n<meta name=\"twitter:label1\" content=\"Scritto da\" \/>\n\t<meta name=\"twitter:data1\" content=\"Exaudi Redazione\" \/>\n\t<meta name=\"twitter:label2\" content=\"Tempo di lettura stimato\" \/>\n\t<meta name=\"twitter:data2\" content=\"5 minuti\" \/>\n<script type=\"application\/ld+json\" class=\"yoast-schema-graph\">{\"@context\":\"https:\\\/\\\/schema.org\",\"@graph\":[{\"@type\":\"Article\",\"@id\":\"https:\\\/\\\/exaudi.org\\\/it\\\/possiamo-coltivare-la-docilita-accettando-cio-che-ci-viene-chiesto-al-di-la-delle-nostre-aspettative\\\/#article\",\"isPartOf\":{\"@id\":\"https:\\\/\\\/exaudi.org\\\/it\\\/possiamo-coltivare-la-docilita-accettando-cio-che-ci-viene-chiesto-al-di-la-delle-nostre-aspettative\\\/\"},\"author\":{\"name\":\"Exaudi Redazione\",\"@id\":\"https:\\\/\\\/exaudi.org\\\/#\\\/schema\\\/person\\\/e1ab6ed07c01774724dd96f925f3a5f0\"},\"headline\":\"\u00abPossiamo coltivare la docilit\u00e0, accettando ci\u00f2 che ci viene chiesto al di l\u00e0 delle nostre aspettative\u00bb\",\"datePublished\":\"2026-08-30T15:58:09+00:00\",\"mainEntityOfPage\":{\"@id\":\"https:\\\/\\\/exaudi.org\\\/it\\\/possiamo-coltivare-la-docilita-accettando-cio-che-ci-viene-chiesto-al-di-la-delle-nostre-aspettative\\\/\"},\"wordCount\":1051,\"image\":{\"@id\":\"https:\\\/\\\/exaudi.org\\\/it\\\/possiamo-coltivare-la-docilita-accettando-cio-che-ci-viene-chiesto-al-di-la-delle-nostre-aspettative\\\/#primaryimage\"},\"thumbnailUrl\":\"https:\\\/\\\/i0.wp.com\\\/exaudi.org\\\/wp-content\\\/uploads\\\/2026\\\/08\\\/cq5dam.thumbnail.cropped.1500.844-8.jpeg?fit=1280%2C844&ssl=1\",\"keywords\":[\"Angelus 30 agosto 2026\",\"Featured\"],\"articleSection\":[\"Angelus\",\"Leone XIV\"],\"inLanguage\":\"it-IT\"},{\"@type\":\"WebPage\",\"@id\":\"https:\\\/\\\/exaudi.org\\\/it\\\/possiamo-coltivare-la-docilita-accettando-cio-che-ci-viene-chiesto-al-di-la-delle-nostre-aspettative\\\/\",\"url\":\"https:\\\/\\\/exaudi.org\\\/it\\\/possiamo-coltivare-la-docilita-accettando-cio-che-ci-viene-chiesto-al-di-la-delle-nostre-aspettative\\\/\",\"name\":\"\u00abPossiamo coltivare la docilit\u00e0, accettando ci\u00f2 che ci viene chiesto al di l\u00e0 delle nostre aspettative\u00bb &#8211; Exaudi\",\"isPartOf\":{\"@id\":\"https:\\\/\\\/exaudi.org\\\/#website\"},\"primaryImageOfPage\":{\"@id\":\"https:\\\/\\\/exaudi.org\\\/it\\\/possiamo-coltivare-la-docilita-accettando-cio-che-ci-viene-chiesto-al-di-la-delle-nostre-aspettative\\\/#primaryimage\"},\"image\":{\"@id\":\"https:\\\/\\\/exaudi.org\\\/it\\\/possiamo-coltivare-la-docilita-accettando-cio-che-ci-viene-chiesto-al-di-la-delle-nostre-aspettative\\\/#primaryimage\"},\"thumbnailUrl\":\"https:\\\/\\\/i0.wp.com\\\/exaudi.org\\\/wp-content\\\/uploads\\\/2026\\\/08\\\/cq5dam.thumbnail.cropped.1500.844-8.jpeg?fit=1280%2C844&ssl=1\",\"datePublished\":\"2026-08-30T15:58:09+00:00\",\"author\":{\"@id\":\"https:\\\/\\\/exaudi.org\\\/#\\\/schema\\\/person\\\/e1ab6ed07c01774724dd96f925f3a5f0\"},\"breadcrumb\":{\"@id\":\"https:\\\/\\\/exaudi.org\\\/it\\\/possiamo-coltivare-la-docilita-accettando-cio-che-ci-viene-chiesto-al-di-la-delle-nostre-aspettative\\\/#breadcrumb\"},\"inLanguage\":\"it-IT\",\"potentialAction\":[{\"@type\":\"ReadAction\",\"target\":[\"https:\\\/\\\/exaudi.org\\\/it\\\/possiamo-coltivare-la-docilita-accettando-cio-che-ci-viene-chiesto-al-di-la-delle-nostre-aspettative\\\/\"]}]},{\"@type\":\"ImageObject\",\"inLanguage\":\"it-IT\",\"@id\":\"https:\\\/\\\/exaudi.org\\\/it\\\/possiamo-coltivare-la-docilita-accettando-cio-che-ci-viene-chiesto-al-di-la-delle-nostre-aspettative\\\/#primaryimage\",\"url\":\"https:\\\/\\\/i0.wp.com\\\/exaudi.org\\\/wp-content\\\/uploads\\\/2026\\\/08\\\/cq5dam.thumbnail.cropped.1500.844-8.jpeg?fit=1280%2C844&ssl=1\",\"contentUrl\":\"https:\\\/\\\/i0.wp.com\\\/exaudi.org\\\/wp-content\\\/uploads\\\/2026\\\/08\\\/cq5dam.thumbnail.cropped.1500.844-8.jpeg?fit=1280%2C844&ssl=1\",\"width\":1280,\"height\":844},{\"@type\":\"BreadcrumbList\",\"@id\":\"https:\\\/\\\/exaudi.org\\\/it\\\/possiamo-coltivare-la-docilita-accettando-cio-che-ci-viene-chiesto-al-di-la-delle-nostre-aspettative\\\/#breadcrumb\",\"itemListElement\":[{\"@type\":\"ListItem\",\"position\":1,\"name\":\"Portada\",\"item\":\"https:\\\/\\\/exaudi.org\\\/it\\\/\"},{\"@type\":\"ListItem\",\"position\":2,\"name\":\"\u00abPossiamo coltivare la docilit\u00e0, accettando ci\u00f2 che ci viene chiesto al di l\u00e0 delle nostre aspettative\u00bb\"}]},{\"@type\":\"WebSite\",\"@id\":\"https:\\\/\\\/exaudi.org\\\/#website\",\"url\":\"https:\\\/\\\/exaudi.org\\\/\",\"name\":\"Exaudi\",\"description\":\"News\",\"potentialAction\":[{\"@type\":\"SearchAction\",\"target\":{\"@type\":\"EntryPoint\",\"urlTemplate\":\"https:\\\/\\\/exaudi.org\\\/?s={search_term_string}\"},\"query-input\":{\"@type\":\"PropertyValueSpecification\",\"valueRequired\":true,\"valueName\":\"search_term_string\"}}],\"inLanguage\":\"it-IT\"},{\"@type\":\"Person\",\"@id\":\"https:\\\/\\\/exaudi.org\\\/#\\\/schema\\\/person\\\/e1ab6ed07c01774724dd96f925f3a5f0\",\"name\":\"Exaudi Redazione\",\"image\":{\"@type\":\"ImageObject\",\"inLanguage\":\"it-IT\",\"@id\":\"https:\\\/\\\/secure.gravatar.com\\\/avatar\\\/ad6774b3ada023bf5b939d64f45c94b3adf91502dd883507d469b4308a943bb3?s=96&d=mm&r=g\",\"url\":\"https:\\\/\\\/secure.gravatar.com\\\/avatar\\\/ad6774b3ada023bf5b939d64f45c94b3adf91502dd883507d469b4308a943bb3?s=96&d=mm&r=g\",\"contentUrl\":\"https:\\\/\\\/secure.gravatar.com\\\/avatar\\\/ad6774b3ada023bf5b939d64f45c94b3adf91502dd883507d469b4308a943bb3?s=96&d=mm&r=g\",\"caption\":\"Exaudi Redazione\"},\"description\":\"Che cosa \u00e8 Exaudi News? Exaudi News \u00e8 un agenzia cattolica internazionale che informa, istruisce e trasforma quotidianamente in spagnolo, inglese e italiano. Attraverso notizie, articoli di analisi e trasmissioni in diretta degli eventi del Papa, Exaudi cerca di rafforzare l'unit\u00e0 dei cristiani e di contribuire all'evangelizzazione del mondo, sempre guidato dalla dottrina sociale della Chiesa. Lavoriamo per portare la verit\u00e0 e i valori cristiani in ogni angolo del pianeta. Aiutaci a trasformare il mondo con Exaudi! Noi di Exaudi crediamo che l'evangelizzazione e l'informazione di qualit\u00e0 possano cambiare la vita. Per continuare la nostra missione ed espandere la nostra portata, abbiamo bisogno del tuo aiuto. Stiamo anche cercando persone motivate che vogliano unirsi al nostro team. Grazie al vostro sostegno raggiungeremo pi\u00f9 persone, diffonderemo il messaggio di Cristo e rafforzeremo l'unit\u00e0 dei cristiani. Vuoi unirti alla nostra missione? Per maggiori informazioni su come contribuire, visita Exaudi.org\\\/it o contattaci direttamente: info@exaudi.org Exaudi: informa, forma e trasforma.\",\"sameAs\":[\"https:\\\/\\\/www.facebook.com\\\/ExaudiNotizie\\\/\",\"https:\\\/\\\/www.instagram.com\\\/Exaudi_notizie\\\/\",\"https:\\\/\\\/x.com\\\/Exaudi_Notizie\",\"https:\\\/\\\/www.youtube.com\\\/@exaudicatholicnews\"],\"url\":\"https:\\\/\\\/exaudi.org\\\/it\\\/author\\\/dlvedi-org\\\/\"}]}<\/script>\n<!-- \/ Yoast SEO plugin. -->","yoast_head_json":{"title":"\u00abPossiamo coltivare la docilit\u00e0, accettando ci\u00f2 che ci viene chiesto al di l\u00e0 delle nostre aspettative\u00bb &#8211; Exaudi","robots":{"index":"index","follow":"follow","max-snippet":"max-snippet:-1","max-image-preview":"max-image-preview:large","max-video-preview":"max-video-preview:-1"},"canonical":"https:\/\/exaudi.org\/it\/possiamo-coltivare-la-docilita-accettando-cio-che-ci-viene-chiesto-al-di-la-delle-nostre-aspettative\/","og_locale":"it_IT","og_type":"article","og_title":"\u00abPossiamo coltivare la docilit\u00e0, accettando ci\u00f2 che ci viene chiesto al di l\u00e0 delle nostre aspettative\u00bb &#8211; Exaudi","og_description":"Parole del Papa all'Angelus","og_url":"https:\/\/exaudi.org\/it\/possiamo-coltivare-la-docilita-accettando-cio-che-ci-viene-chiesto-al-di-la-delle-nostre-aspettative\/","og_site_name":"Exaudi","article_publisher":"https:\/\/www.facebook.com\/ExaudiNews","article_author":"https:\/\/www.facebook.com\/ExaudiNotizie\/","article_published_time":"2026-08-30T15:58:09+00:00","og_image":[{"width":1280,"height":844,"url":"https:\/\/exaudi.org\/wp-content\/uploads\/2026\/08\/cq5dam.thumbnail.cropped.1500.844-8.jpeg","type":"image\/jpeg"}],"author":"Exaudi Redazione","twitter_card":"summary_large_image","twitter_creator":"@Exaudi_Notizie","twitter_site":"@Exaudi_News","twitter_misc":{"Scritto da":"Exaudi Redazione","Tempo di lettura stimato":"5 minuti"},"schema":{"@context":"https:\/\/schema.org","@graph":[{"@type":"Article","@id":"https:\/\/exaudi.org\/it\/possiamo-coltivare-la-docilita-accettando-cio-che-ci-viene-chiesto-al-di-la-delle-nostre-aspettative\/#article","isPartOf":{"@id":"https:\/\/exaudi.org\/it\/possiamo-coltivare-la-docilita-accettando-cio-che-ci-viene-chiesto-al-di-la-delle-nostre-aspettative\/"},"author":{"name":"Exaudi Redazione","@id":"https:\/\/exaudi.org\/#\/schema\/person\/e1ab6ed07c01774724dd96f925f3a5f0"},"headline":"\u00abPossiamo coltivare la docilit\u00e0, accettando ci\u00f2 che ci viene chiesto al di l\u00e0 delle nostre aspettative\u00bb","datePublished":"2026-08-30T15:58:09+00:00","mainEntityOfPage":{"@id":"https:\/\/exaudi.org\/it\/possiamo-coltivare-la-docilita-accettando-cio-che-ci-viene-chiesto-al-di-la-delle-nostre-aspettative\/"},"wordCount":1051,"image":{"@id":"https:\/\/exaudi.org\/it\/possiamo-coltivare-la-docilita-accettando-cio-che-ci-viene-chiesto-al-di-la-delle-nostre-aspettative\/#primaryimage"},"thumbnailUrl":"https:\/\/i0.wp.com\/exaudi.org\/wp-content\/uploads\/2026\/08\/cq5dam.thumbnail.cropped.1500.844-8.jpeg?fit=1280%2C844&ssl=1","keywords":["Angelus 30 agosto 2026","Featured"],"articleSection":["Angelus","Leone XIV"],"inLanguage":"it-IT"},{"@type":"WebPage","@id":"https:\/\/exaudi.org\/it\/possiamo-coltivare-la-docilita-accettando-cio-che-ci-viene-chiesto-al-di-la-delle-nostre-aspettative\/","url":"https:\/\/exaudi.org\/it\/possiamo-coltivare-la-docilita-accettando-cio-che-ci-viene-chiesto-al-di-la-delle-nostre-aspettative\/","name":"\u00abPossiamo coltivare la docilit\u00e0, accettando ci\u00f2 che ci viene chiesto al di l\u00e0 delle nostre aspettative\u00bb &#8211; Exaudi","isPartOf":{"@id":"https:\/\/exaudi.org\/#website"},"primaryImageOfPage":{"@id":"https:\/\/exaudi.org\/it\/possiamo-coltivare-la-docilita-accettando-cio-che-ci-viene-chiesto-al-di-la-delle-nostre-aspettative\/#primaryimage"},"image":{"@id":"https:\/\/exaudi.org\/it\/possiamo-coltivare-la-docilita-accettando-cio-che-ci-viene-chiesto-al-di-la-delle-nostre-aspettative\/#primaryimage"},"thumbnailUrl":"https:\/\/i0.wp.com\/exaudi.org\/wp-content\/uploads\/2026\/08\/cq5dam.thumbnail.cropped.1500.844-8.jpeg?fit=1280%2C844&ssl=1","datePublished":"2026-08-30T15:58:09+00:00","author":{"@id":"https:\/\/exaudi.org\/#\/schema\/person\/e1ab6ed07c01774724dd96f925f3a5f0"},"breadcrumb":{"@id":"https:\/\/exaudi.org\/it\/possiamo-coltivare-la-docilita-accettando-cio-che-ci-viene-chiesto-al-di-la-delle-nostre-aspettative\/#breadcrumb"},"inLanguage":"it-IT","potentialAction":[{"@type":"ReadAction","target":["https:\/\/exaudi.org\/it\/possiamo-coltivare-la-docilita-accettando-cio-che-ci-viene-chiesto-al-di-la-delle-nostre-aspettative\/"]}]},{"@type":"ImageObject","inLanguage":"it-IT","@id":"https:\/\/exaudi.org\/it\/possiamo-coltivare-la-docilita-accettando-cio-che-ci-viene-chiesto-al-di-la-delle-nostre-aspettative\/#primaryimage","url":"https:\/\/i0.wp.com\/exaudi.org\/wp-content\/uploads\/2026\/08\/cq5dam.thumbnail.cropped.1500.844-8.jpeg?fit=1280%2C844&ssl=1","contentUrl":"https:\/\/i0.wp.com\/exaudi.org\/wp-content\/uploads\/2026\/08\/cq5dam.thumbnail.cropped.1500.844-8.jpeg?fit=1280%2C844&ssl=1","width":1280,"height":844},{"@type":"BreadcrumbList","@id":"https:\/\/exaudi.org\/it\/possiamo-coltivare-la-docilita-accettando-cio-che-ci-viene-chiesto-al-di-la-delle-nostre-aspettative\/#breadcrumb","itemListElement":[{"@type":"ListItem","position":1,"name":"Portada","item":"https:\/\/exaudi.org\/it\/"},{"@type":"ListItem","position":2,"name":"\u00abPossiamo coltivare la docilit\u00e0, accettando ci\u00f2 che ci viene chiesto al di l\u00e0 delle nostre aspettative\u00bb"}]},{"@type":"WebSite","@id":"https:\/\/exaudi.org\/#website","url":"https:\/\/exaudi.org\/","name":"Exaudi","description":"News","potentialAction":[{"@type":"SearchAction","target":{"@type":"EntryPoint","urlTemplate":"https:\/\/exaudi.org\/?s={search_term_string}"},"query-input":{"@type":"PropertyValueSpecification","valueRequired":true,"valueName":"search_term_string"}}],"inLanguage":"it-IT"},{"@type":"Person","@id":"https:\/\/exaudi.org\/#\/schema\/person\/e1ab6ed07c01774724dd96f925f3a5f0","name":"Exaudi Redazione","image":{"@type":"ImageObject","inLanguage":"it-IT","@id":"https:\/\/secure.gravatar.com\/avatar\/ad6774b3ada023bf5b939d64f45c94b3adf91502dd883507d469b4308a943bb3?s=96&d=mm&r=g","url":"https:\/\/secure.gravatar.com\/avatar\/ad6774b3ada023bf5b939d64f45c94b3adf91502dd883507d469b4308a943bb3?s=96&d=mm&r=g","contentUrl":"https:\/\/secure.gravatar.com\/avatar\/ad6774b3ada023bf5b939d64f45c94b3adf91502dd883507d469b4308a943bb3?s=96&d=mm&r=g","caption":"Exaudi Redazione"},"description":"Che cosa \u00e8 Exaudi News? Exaudi News \u00e8 un agenzia cattolica internazionale che informa, istruisce e trasforma quotidianamente in spagnolo, inglese e italiano. Attraverso notizie, articoli di analisi e trasmissioni in diretta degli eventi del Papa, Exaudi cerca di rafforzare l'unit\u00e0 dei cristiani e di contribuire all'evangelizzazione del mondo, sempre guidato dalla dottrina sociale della Chiesa. Lavoriamo per portare la verit\u00e0 e i valori cristiani in ogni angolo del pianeta. Aiutaci a trasformare il mondo con Exaudi! Noi di Exaudi crediamo che l'evangelizzazione e l'informazione di qualit\u00e0 possano cambiare la vita. Per continuare la nostra missione ed espandere la nostra portata, abbiamo bisogno del tuo aiuto. Stiamo anche cercando persone motivate che vogliano unirsi al nostro team. Grazie al vostro sostegno raggiungeremo pi\u00f9 persone, diffonderemo il messaggio di Cristo e rafforzeremo l'unit\u00e0 dei cristiani. Vuoi unirti alla nostra missione? Per maggiori informazioni su come contribuire, visita Exaudi.org\/it o contattaci direttamente: info@exaudi.org Exaudi: informa, forma e trasforma.","sameAs":["https:\/\/www.facebook.com\/ExaudiNotizie\/","https:\/\/www.instagram.com\/Exaudi_notizie\/","https:\/\/x.com\/Exaudi_Notizie","https:\/\/www.youtube.com\/@exaudicatholicnews"],"url":"https:\/\/exaudi.org\/it\/author\/dlvedi-org\/"}]}},"jetpack_shortlink":"https:\/\/wp.me\/pgKjF2-LEb","jetpack_featured_media_url":"https:\/\/i0.wp.com\/exaudi.org\/wp-content\/uploads\/2026\/08\/cq5dam.thumbnail.cropped.1500.844-8.jpeg?fit=1280%2C844&ssl=1","_links":{"self":[{"href":"https:\/\/exaudi.org\/it\/wp-json\/wp\/v2\/posts\/183159","targetHints":{"allow":["GET"]}}],"collection":[{"href":"https:\/\/exaudi.org\/it\/wp-json\/wp\/v2\/posts"}],"about":[{"href":"https:\/\/exaudi.org\/it\/wp-json\/wp\/v2\/types\/post"}],"author":[{"embeddable":true,"href":"https:\/\/exaudi.org\/it\/wp-json\/wp\/v2\/users\/17"}],"replies":[{"embeddable":true,"href":"https:\/\/exaudi.org\/it\/wp-json\/wp\/v2\/comments?post=183159"}],"version-history":[{"count":4,"href":"https:\/\/exaudi.org\/it\/wp-json\/wp\/v2\/posts\/183159\/revisions"}],"predecessor-version":[{"id":183163,"href":"https:\/\/exaudi.org\/it\/wp-json\/wp\/v2\/posts\/183159\/revisions\/183163"}],"wp:featuredmedia":[{"embeddable":true,"href":"https:\/\/exaudi.org\/it\/wp-json\/wp\/v2\/media\/183158"}],"wp:attachment":[{"href":"https:\/\/exaudi.org\/it\/wp-json\/wp\/v2\/media?parent=183159"}],"wp:term":[{"taxonomy":"category","embeddable":true,"href":"https:\/\/exaudi.org\/it\/wp-json\/wp\/v2\/categories?post=183159"},{"taxonomy":"post_tag","embeddable":true,"href":"https:\/\/exaudi.org\/it\/wp-json\/wp\/v2\/tags?post=183159"}],"curies":[{"name":"wp","href":"https:\/\/api.w.org\/{rel}","templated":true}]}}