{"id":183112,"date":"2026-08-29T17:22:22","date_gmt":"2026-08-29T15:22:22","guid":{"rendered":"https:\/\/exaudi.org\/?p=183112"},"modified":"2026-08-29T17:22:44","modified_gmt":"2026-08-29T15:22:44","slug":"il-martirio-che-scosse-il-mondo-la-decapitazione-di-san-giovanni-battista","status":"publish","type":"post","link":"https:\/\/exaudi.org\/it\/il-martirio-che-scosse-il-mondo-la-decapitazione-di-san-giovanni-battista\/","title":{"rendered":"Il martirio che scosse il mondo: la decapitazione di San Giovanni Battista"},"content":{"rendered":"<p><span dir=\"auto\" style=\"vertical-align: inherit\"><span dir=\"auto\" style=\"vertical-align: inherit\">La decapitazione di San Giovanni Battista rappresenta uno degli eventi pi\u00f9 emblematici e tragici della storia del cristianesimo primitivo. Questo evento, narrato nei Vangeli di Matteo e Marco, non solo segna la fine della vita terrena del precursore di Ges\u00f9 Cristo, ma offre anche profonde lezioni teologiche sul martirio, la verit\u00e0 morale e la divina provvidenza. Figura centrale del Nuovo Testamento, San Giovanni Battista \u00e8 riconosciuto dalla Chiesa Cattolica come l&#8217;ultimo dei profeti dell&#8217;Antico Testamento e il primo del Nuovo, la cui incrollabile testimonianza contro il peccato gli cost\u00f2 la vita. In questo articolo, analizzeremo l&#8217;evento in modo approfondito, didattico ed esaustivo, esplorando il racconto biblico, il contesto storico, il significato teologico, la venerazione di Giovanni Battista nella tradizione cattolica e le sue implicazioni per la fede contemporanea.<\/span><\/span><\/p>\n<p>&nbsp;<\/p>\n<h3><strong><span dir=\"auto\" style=\"vertical-align: inherit\"><span dir=\"auto\" style=\"vertical-align: inherit\">Il racconto biblico della decapitazione<\/span><\/span><\/strong><\/h3>\n<p><span dir=\"auto\" style=\"vertical-align: inherit\"><span dir=\"auto\" style=\"vertical-align: inherit\">L&#8217;episodio della decapitazione di San Giovanni Battista \u00e8 narrato in dettaglio in due Vangeli sinottici: Matteo 14,1-12 e Marco 6,14-29. Questi testi, parte del canone biblico cattolico, offrono una narrazione coerente e complementare dell&#8217;evento, sottolineando non solo i fatti storici, ma anche le motivazioni umane e l&#8217;intervento divino.<\/span><\/span><\/p>\n<div class=\"code-block code-block-1\">\n<p>&nbsp;<\/p>\n<div id=\"aswift_2_host\"><\/div>\n<p>&nbsp;<\/p>\n<\/div>\n<h3><strong><span dir=\"auto\" style=\"vertical-align: inherit\"><span dir=\"auto\" style=\"vertical-align: inherit\">Versione secondo San Matteo (Matteo 14,1-12)<\/span><\/span><\/strong><\/h3>\n<p><span dir=\"auto\" style=\"vertical-align: inherit\"><span dir=\"auto\" style=\"vertical-align: inherit\">Secondo il Vangelo di Matteo, Erode Antipa, tetrarca di Galilea e Perea, sent\u00ec parlare della fama di Ges\u00f9 e lo scambi\u00f2 per Giovanni Battista, risorto dai morti. Questo rivela il rimorso di Erode per aver ordinato l&#8217;esecuzione di Giovanni. Il testo narra che Erode aveva arrestato e imprigionato Giovanni a causa di Erodiade, moglie di suo fratello Filippo, che Giovanni aveva rimproverato dicendo: &#8220;Non ti \u00e8 lecito averla&#8221;. Sebbene Erode volesse ucciderlo, temeva il popolo, che considerava Giovanni un profeta.<\/span><\/span><\/p>\n<p><span dir=\"auto\" style=\"vertical-align: inherit\"><span dir=\"auto\" style=\"vertical-align: inherit\">Durante una festa di compleanno, la figlia di Erodiade danz\u00f2 davanti agli invitati, incantando Erode al punto che questi giur\u00f2 di concederle qualsiasi cosa avesse chiesto, persino met\u00e0 del suo regno. Incitata dalla madre, la giovane chiese la testa di Giovanni Battista su un piatto. Erode, addolorato ma vincolato dal giuramento e dalla presenza degli invitati, ordin\u00f2 la decapitazione in prigione. La testa fu consegnata alla giovane, che la present\u00f2 alla madre. I discepoli di Giovanni presero il corpo e lo seppellirono, informando poi Ges\u00f9.<\/span><\/span><\/p>\n<h3><strong><span dir=\"auto\" style=\"vertical-align: inherit\"><span dir=\"auto\" style=\"vertical-align: inherit\">Versione secondo San Marco (Marco 6,14-29)<\/span><\/span><\/strong><\/h3>\n<p><span dir=\"auto\" style=\"vertical-align: inherit\"><span dir=\"auto\" style=\"vertical-align: inherit\">Il Vangelo di Marco offre un resoconto pi\u00f9 dettagliato e drammatico. Erode viene a conoscenza dei miracoli di Ges\u00f9 e crede che sia Giovanni risorto. Il testo spiega che Erode aveva arrestato Giovanni per averlo rimproverato per il suo matrimonio adulterino con Erodiade. Sebbene Erodiade volesse ucciderlo, Erode temeva Giovanni, riconoscendolo come un uomo giusto e santo, e si compiaceva di ascoltarlo, pur essendo perplesso.<\/span><\/span><\/p>\n<p><span dir=\"auto\" style=\"vertical-align: inherit\"><span dir=\"auto\" style=\"vertical-align: inherit\">Alla festa di compleanno, la figlia di Erodiade danz\u00f2 ed Erode, compiaciuto, giur\u00f2 di esaudire ogni suo desiderio. La giovane si consult\u00f2 con la madre, che le consigli\u00f2 di chiedere la testa di Giovanni. La richiesta immediata addolor\u00f2 Erode, ma, vincolato dai suoi giuramenti e dalla presenza degli invitati, invi\u00f2 un boia che decapit\u00f2 Giovanni in prigione. La testa fu presentata su un piatto alla giovane, che la diede a Erodiade. I discepoli di Giovanni seppellirono il corpo.<\/span><\/span><\/p>\n<p><span dir=\"auto\" style=\"vertical-align: inherit\"><span dir=\"auto\" style=\"vertical-align: inherit\">Questi racconti biblici, ispirati dallo Spirito Santo, non solo documentano un fatto storico, ma fungono anche da lezione morale: la verit\u00e0 profetica si contrappone al potere corrotto e il martirio \u00e8 la suprema testimonianza di fede.<\/span><\/span><\/p>\n<h3><strong><span dir=\"auto\" style=\"vertical-align: inherit\"><span dir=\"auto\" style=\"vertical-align: inherit\">Contesto storico<\/span><\/span><\/strong><\/h3>\n<p><span dir=\"auto\" style=\"vertical-align: inherit\"><span dir=\"auto\" style=\"vertical-align: inherit\">Erode Antipa, figlio di Erode il Grande, govern\u00f2 la Galilea e la Perea dal 4 a.C. al 39 d.C. Il suo matrimonio con Erodiade, ex moglie del fratellastro Erode Filippo, fu scandaloso e viol\u00f2 la legge ebraica. Giovanni Battista, in qualit\u00e0 di profeta, denunci\u00f2 pubblicamente questo adulterio, rendendolo una minaccia per la stabilit\u00e0 politica di Erode.<\/span><\/span><\/p>\n<p><span dir=\"auto\" style=\"vertical-align: inherit\"><span dir=\"auto\" style=\"vertical-align: inherit\">Lo storico ebreo Flavio Giuseppe offre una testimonianza extrabiblica nelle sue Antichit\u00e0 giudaiche. Giuseppe afferma che Erode imprigion\u00f2 e fece giustiziare Giovanni non solo per disprezzo personale, ma anche per timore che la sua influenza popolare potesse provocare una ribellione. La prigione si trovava a Macheronte, una fortezza a est del Mar Morto, luogo del martirio confermato dagli scavi archeologici.<\/span><\/span><\/p>\n<p><span dir=\"auto\" style=\"vertical-align: inherit\"><span dir=\"auto\" style=\"vertical-align: inherit\">Nel contesto romano-ebraico, Giovanni rappresentava la tradizione profetica che sfidava la corruzione morale dei capi. La sua decapitazione, avvenuta intorno al 28-29 d.C., precedette la crocifissione di Ges\u00f9, segnando l&#8217;inizio di un&#8217;era di martirii cristiani.<\/span><\/span><\/p>\n<h3><strong><span dir=\"auto\" style=\"vertical-align: inherit\"><span dir=\"auto\" style=\"vertical-align: inherit\">Significato teologico<\/span><\/span><\/strong><\/h3>\n<p><span dir=\"auto\" style=\"vertical-align: inherit\"><span dir=\"auto\" style=\"vertical-align: inherit\">La decapitazione di San Giovanni Battista riveste un profondo significato teologico nella tradizione cattolica.<\/span><\/span><\/p>\n<h3><strong><span dir=\"auto\" style=\"vertical-align: inherit\"><span dir=\"auto\" style=\"vertical-align: inherit\">Precursore della morte<\/span><\/span><\/strong><\/h3>\n<p><span dir=\"auto\" style=\"vertical-align: inherit\"><span dir=\"auto\" style=\"vertical-align: inherit\">Giovanni \u00e8 il precursore di Cristo non solo per nascita e ministero, ma anche per sofferenza. Ges\u00f9 stesso paragon\u00f2 la propria Passione a quella di Giovanni, indicando che il martirio di Giovanni prefigura la Croce. Dio permette la sofferenza dei suoi eletti per mettere alla prova la loro fede e glorificarli eternamente. Questo illustra il mistero del male: Dio permette il male per un bene superiore, come la redenzione.<\/span><\/span><\/p>\n<h3><strong><span dir=\"auto\" style=\"vertical-align: inherit\"><span dir=\"auto\" style=\"vertical-align: inherit\">Martire per la verit\u00e0 e il matrimonio<\/span><\/span><\/strong><\/h3>\n<p><span dir=\"auto\" style=\"vertical-align: inherit\"><span dir=\"auto\" style=\"vertical-align: inherit\">Giovanni mor\u00ec martire per aver difeso la legge morale di Dio. Il suo rimprovero a Erode riguardo al matrimonio adulterino lo rese un difensore della sacralit\u00e0 del matrimonio. In un mondo di compromessi morali, Giovanni insegn\u00f2 che la verit\u00e0 non \u00e8 negoziabile, nemmeno di fronte alla morte.<\/span><\/span><\/p>\n<h3><strong><span dir=\"auto\" style=\"vertical-align: inherit\"><span dir=\"auto\" style=\"vertical-align: inherit\">Analisi dal punto di vista della fede cattolica<\/span><\/span><\/strong><\/h3>\n<p><span dir=\"auto\" style=\"vertical-align: inherit\"><span dir=\"auto\" style=\"vertical-align: inherit\">Il martirio di Giovanni rivela l&#8217;innocenza della vittima e spezza il ciclo della violenza pagana, indicando la Croce come vera redenzione. Invita i fedeli alla fedelt\u00e0 nella sofferenza, confidando nella divina provvidenza.<\/span><\/span><\/p>\n<h3><strong><span dir=\"auto\" style=\"vertical-align: inherit\"><span dir=\"auto\" style=\"vertical-align: inherit\">La venerazione nella tradizione cattolica<\/span><\/span><\/strong><\/h3>\n<p><span dir=\"auto\" style=\"vertical-align: inherit\"><span dir=\"auto\" style=\"vertical-align: inherit\">La Chiesa cattolica venera San Giovanni Battista con due feste principali: la sua Nativit\u00e0 (24 giugno) e la sua Decollazione (29 agosto), quest&#8217;ultima a commemorazione della sua Passione. Nella liturgia, in alcune tradizioni, \u00e8 osservato come un giorno di digiuno rigoroso, a simboleggiare la sobriet\u00e0 di fronte al peccato.<\/span><\/span><\/p>\n<p><span dir=\"auto\" style=\"vertical-align: inherit\"><span dir=\"auto\" style=\"vertical-align: inherit\">Reliquie come la testa di Giovanni, venerata a Roma e altrove, sono oggetti di devozione. Nell&#8217;arte e nella letteratura, l&#8217;evento viene raffigurato per edificare la fede.<\/span><\/span><\/p>\n<h3><strong><span dir=\"auto\" style=\"vertical-align: inherit\"><span dir=\"auto\" style=\"vertical-align: inherit\">Implicazioni per la fede contemporanea<\/span><\/span><\/strong><\/h3>\n<p><span dir=\"auto\" style=\"vertical-align: inherit\"><span dir=\"auto\" style=\"vertical-align: inherit\">Oggi, la decapitazione di San Giovanni ci sfida ad affrontare il male morale senza timore. Come martire per il matrimonio, egli ispira la difesa della famiglia cattolica. Il suo esempio chiama i fedeli e i pastori a condannare il peccato con coraggio. In un mondo secolarizzato, Giovanni ci ricorda che la testimonianza profetica pu\u00f2 costare la vita, ma conduce alla gloria eterna.<\/span><\/span><\/p>\n<p><span dir=\"auto\" style=\"vertical-align: inherit\"><span dir=\"auto\" style=\"vertical-align: inherit\">La decapitazione di San Giovanni Battista non \u00e8 solo un evento storico, ma un faro teologico che illumina il cammino della fede cattolica. Attraverso il suo martirio, vediamo la vittoria della verit\u00e0 sul potere corruttore, prefigurazione della redenzione in Cristo. Possa la sua intercessione rafforzarci a vivere con la stessa integrit\u00e0 profetica.<\/span><\/span><\/p>\n","protected":false},"excerpt":{"rendered":"<p>Il profeta che pag\u00f2 con la vita per la difesa della verit\u00e0<\/p>\n","protected":false},"author":17,"featured_media":156719,"comment_status":"closed","ping_status":"closed","sticky":false,"template":"","format":"standard","meta":{"_acf_changed":false,"inline_featured_image":false,"_wpcom_ai_launchpad_first_post":false,"footnotes":"","jetpack_post_was_ever_published":false},"categories":[71,73,95],"tags":[121039,121040,121041,121042,121044,121045,121046,15434,121043,121047,42213,20207,121049,121048,121050,121051,121052,38245,11610,60925,38681,17482,64787,28434,30348,121053,121054],"class_list":["post-183112","post","type-post","status-publish","format-standard","has-post-thumbnail","hentry","category-analisi","category-chiesa-e-mondo","category-spiritualita","tag-analisi-teologica-di-san-giovanni","tag-decapitazione-di-giovanni-battista","tag-decapitazione-di-san-giovanni-battista","tag-difesa-morale","tag-erode-antipa","tag-erode-e-giovanni-battista","tag-erodiade","tag-fede-cattolica","tag-festa-del-29-agosto","tag-macherone","tag-martire-cattolico","tag-martirio-cristiano-2","tag-martirio-di-san-giovanni-battista","tag-martirio-per-la-verita","tag-precursore-di-cristo","tag-profeta-del-nuovo-testamento","tag-reliquie-di-san-giovanni-battista","tag-salome-2","tag-san-giovanni-battista","tag-santita-del-matrimonio","tag-storia-biblica","tag-tradizione-cattolica","tag-trending-it-236","tag-vangelo-di-marco","tag-vangelo-di-matteo","tag-venerazione-di-san-giovanni","tag-verita-profetica"],"acf":[],"yoast_head":"<!-- This site is optimized with the Yoast SEO plugin v28.3 - https:\/\/yoast.com\/product\/yoast-seo-wordpress\/ -->\n<title>Il martirio che scosse il mondo: la decapitazione di San Giovanni Battista &#8211; Exaudi<\/title>\n<meta name=\"robots\" content=\"index, follow, max-snippet:-1, max-image-preview:large, max-video-preview:-1\" \/>\n<link rel=\"canonical\" href=\"https:\/\/exaudi.org\/it\/il-martirio-che-scosse-il-mondo-la-decapitazione-di-san-giovanni-battista\/\" \/>\n<meta property=\"og:locale\" content=\"it_IT\" \/>\n<meta property=\"og:type\" content=\"article\" \/>\n<meta property=\"og:title\" content=\"Il martirio che scosse il mondo: la decapitazione di San Giovanni Battista &#8211; Exaudi\" \/>\n<meta property=\"og:description\" content=\"Il profeta che pag\u00f2 con la vita per la difesa della verit\u00e0\" \/>\n<meta property=\"og:url\" content=\"https:\/\/exaudi.org\/it\/il-martirio-che-scosse-il-mondo-la-decapitazione-di-san-giovanni-battista\/\" \/>\n<meta property=\"og:site_name\" content=\"Exaudi\" \/>\n<meta property=\"article:publisher\" content=\"https:\/\/www.facebook.com\/ExaudiNews\" \/>\n<meta property=\"article:author\" content=\"https:\/\/www.facebook.com\/ExaudiNotizie\/\" \/>\n<meta property=\"article:published_time\" content=\"2026-08-29T15:22:22+00:00\" \/>\n<meta property=\"article:modified_time\" content=\"2026-08-29T15:22:44+00:00\" \/>\n<meta property=\"og:image\" content=\"https:\/\/exaudi.org\/wp-content\/uploads\/2026\/02\/1280px-La_decapitacion_de_San_Juan_Bautista_por_Caravaggio.jpg\" \/>\n\t<meta property=\"og:image:width\" content=\"1280\" \/>\n\t<meta property=\"og:image:height\" content=\"885\" \/>\n\t<meta property=\"og:image:type\" content=\"image\/jpeg\" \/>\n<meta name=\"author\" content=\"Exaudi Redazione\" \/>\n<meta name=\"twitter:card\" content=\"summary_large_image\" \/>\n<meta name=\"twitter:creator\" content=\"@Exaudi_Notizie\" \/>\n<meta name=\"twitter:site\" content=\"@Exaudi_News\" \/>\n<meta name=\"twitter:label1\" content=\"Scritto da\" \/>\n\t<meta name=\"twitter:data1\" content=\"Exaudi Redazione\" \/>\n\t<meta name=\"twitter:label2\" content=\"Tempo di lettura stimato\" \/>\n\t<meta name=\"twitter:data2\" content=\"5 minuti\" \/>\n<script type=\"application\/ld+json\" class=\"yoast-schema-graph\">{\"@context\":\"https:\\\/\\\/schema.org\",\"@graph\":[{\"@type\":\"Article\",\"@id\":\"https:\\\/\\\/exaudi.org\\\/it\\\/il-martirio-che-scosse-il-mondo-la-decapitazione-di-san-giovanni-battista\\\/#article\",\"isPartOf\":{\"@id\":\"https:\\\/\\\/exaudi.org\\\/it\\\/il-martirio-che-scosse-il-mondo-la-decapitazione-di-san-giovanni-battista\\\/\"},\"author\":{\"name\":\"Exaudi Redazione\",\"@id\":\"https:\\\/\\\/exaudi.org\\\/#\\\/schema\\\/person\\\/e1ab6ed07c01774724dd96f925f3a5f0\"},\"headline\":\"Il martirio che scosse il mondo: la decapitazione di San Giovanni Battista\",\"datePublished\":\"2026-08-29T15:22:22+00:00\",\"dateModified\":\"2026-08-29T15:22:44+00:00\",\"mainEntityOfPage\":{\"@id\":\"https:\\\/\\\/exaudi.org\\\/it\\\/il-martirio-che-scosse-il-mondo-la-decapitazione-di-san-giovanni-battista\\\/\"},\"wordCount\":1090,\"image\":{\"@id\":\"https:\\\/\\\/exaudi.org\\\/it\\\/il-martirio-che-scosse-il-mondo-la-decapitazione-di-san-giovanni-battista\\\/#primaryimage\"},\"thumbnailUrl\":\"https:\\\/\\\/i0.wp.com\\\/exaudi.org\\\/wp-content\\\/uploads\\\/2026\\\/02\\\/1280px-La_decapitacion_de_San_Juan_Bautista_por_Caravaggio.jpg?fit=1280%2C885&ssl=1\",\"keywords\":[\"Analisi teologica di San Giovanni\",\"Decapitazione di Giovanni Battista\",\"Decapitazione di San Giovanni Battista\",\"Difesa morale\",\"Erode Antipa\",\"Erode e Giovanni Battista\",\"Erodiade\",\"FEDE CATTOLICA\",\"Festa del 29 agosto\",\"Macherone\",\"Martire cattolico\",\"MARTIRIO CRISTIANO\",\"Martirio di San Giovanni Battista\",\"Martirio per la verit\u00e0\",\"Precursore di Cristo\",\"Profeta del Nuovo Testamento\",\"Reliquie di San Giovanni Battista\",\"Salom\u00e8\",\"San Giovanni Battista\",\"Santit\u00e0 del matrimonio\",\"storia biblica\",\"TRADIZIONE CATTOLICA\",\"Trending\",\"Vangelo di Marco\",\"Vangelo di Matteo\",\"Venerazione di San Giovanni\",\"Verit\u00e0 profetica\"],\"articleSection\":[\"Analisi\",\"Chiesa e Mondo\",\"Spiritualit\u00e0\"],\"inLanguage\":\"it-IT\"},{\"@type\":\"WebPage\",\"@id\":\"https:\\\/\\\/exaudi.org\\\/it\\\/il-martirio-che-scosse-il-mondo-la-decapitazione-di-san-giovanni-battista\\\/\",\"url\":\"https:\\\/\\\/exaudi.org\\\/it\\\/il-martirio-che-scosse-il-mondo-la-decapitazione-di-san-giovanni-battista\\\/\",\"name\":\"Il martirio che scosse il mondo: la decapitazione di San Giovanni Battista &#8211; Exaudi\",\"isPartOf\":{\"@id\":\"https:\\\/\\\/exaudi.org\\\/#website\"},\"primaryImageOfPage\":{\"@id\":\"https:\\\/\\\/exaudi.org\\\/it\\\/il-martirio-che-scosse-il-mondo-la-decapitazione-di-san-giovanni-battista\\\/#primaryimage\"},\"image\":{\"@id\":\"https:\\\/\\\/exaudi.org\\\/it\\\/il-martirio-che-scosse-il-mondo-la-decapitazione-di-san-giovanni-battista\\\/#primaryimage\"},\"thumbnailUrl\":\"https:\\\/\\\/i0.wp.com\\\/exaudi.org\\\/wp-content\\\/uploads\\\/2026\\\/02\\\/1280px-La_decapitacion_de_San_Juan_Bautista_por_Caravaggio.jpg?fit=1280%2C885&ssl=1\",\"datePublished\":\"2026-08-29T15:22:22+00:00\",\"dateModified\":\"2026-08-29T15:22:44+00:00\",\"author\":{\"@id\":\"https:\\\/\\\/exaudi.org\\\/#\\\/schema\\\/person\\\/e1ab6ed07c01774724dd96f925f3a5f0\"},\"breadcrumb\":{\"@id\":\"https:\\\/\\\/exaudi.org\\\/it\\\/il-martirio-che-scosse-il-mondo-la-decapitazione-di-san-giovanni-battista\\\/#breadcrumb\"},\"inLanguage\":\"it-IT\",\"potentialAction\":[{\"@type\":\"ReadAction\",\"target\":[\"https:\\\/\\\/exaudi.org\\\/it\\\/il-martirio-che-scosse-il-mondo-la-decapitazione-di-san-giovanni-battista\\\/\"]}]},{\"@type\":\"ImageObject\",\"inLanguage\":\"it-IT\",\"@id\":\"https:\\\/\\\/exaudi.org\\\/it\\\/il-martirio-che-scosse-il-mondo-la-decapitazione-di-san-giovanni-battista\\\/#primaryimage\",\"url\":\"https:\\\/\\\/i0.wp.com\\\/exaudi.org\\\/wp-content\\\/uploads\\\/2026\\\/02\\\/1280px-La_decapitacion_de_San_Juan_Bautista_por_Caravaggio.jpg?fit=1280%2C885&ssl=1\",\"contentUrl\":\"https:\\\/\\\/i0.wp.com\\\/exaudi.org\\\/wp-content\\\/uploads\\\/2026\\\/02\\\/1280px-La_decapitacion_de_San_Juan_Bautista_por_Caravaggio.jpg?fit=1280%2C885&ssl=1\",\"width\":1280,\"height\":885},{\"@type\":\"BreadcrumbList\",\"@id\":\"https:\\\/\\\/exaudi.org\\\/it\\\/il-martirio-che-scosse-il-mondo-la-decapitazione-di-san-giovanni-battista\\\/#breadcrumb\",\"itemListElement\":[{\"@type\":\"ListItem\",\"position\":1,\"name\":\"Portada\",\"item\":\"https:\\\/\\\/exaudi.org\\\/it\\\/\"},{\"@type\":\"ListItem\",\"position\":2,\"name\":\"Il martirio che scosse il mondo: la decapitazione di San Giovanni Battista\"}]},{\"@type\":\"WebSite\",\"@id\":\"https:\\\/\\\/exaudi.org\\\/#website\",\"url\":\"https:\\\/\\\/exaudi.org\\\/\",\"name\":\"Exaudi\",\"description\":\"News\",\"potentialAction\":[{\"@type\":\"SearchAction\",\"target\":{\"@type\":\"EntryPoint\",\"urlTemplate\":\"https:\\\/\\\/exaudi.org\\\/?s={search_term_string}\"},\"query-input\":{\"@type\":\"PropertyValueSpecification\",\"valueRequired\":true,\"valueName\":\"search_term_string\"}}],\"inLanguage\":\"it-IT\"},{\"@type\":\"Person\",\"@id\":\"https:\\\/\\\/exaudi.org\\\/#\\\/schema\\\/person\\\/e1ab6ed07c01774724dd96f925f3a5f0\",\"name\":\"Exaudi Redazione\",\"image\":{\"@type\":\"ImageObject\",\"inLanguage\":\"it-IT\",\"@id\":\"https:\\\/\\\/secure.gravatar.com\\\/avatar\\\/ad6774b3ada023bf5b939d64f45c94b3adf91502dd883507d469b4308a943bb3?s=96&d=mm&r=g\",\"url\":\"https:\\\/\\\/secure.gravatar.com\\\/avatar\\\/ad6774b3ada023bf5b939d64f45c94b3adf91502dd883507d469b4308a943bb3?s=96&d=mm&r=g\",\"contentUrl\":\"https:\\\/\\\/secure.gravatar.com\\\/avatar\\\/ad6774b3ada023bf5b939d64f45c94b3adf91502dd883507d469b4308a943bb3?s=96&d=mm&r=g\",\"caption\":\"Exaudi Redazione\"},\"description\":\"Che cosa \u00e8 Exaudi News? Exaudi News \u00e8 un agenzia cattolica internazionale che informa, istruisce e trasforma quotidianamente in spagnolo, inglese e italiano. Attraverso notizie, articoli di analisi e trasmissioni in diretta degli eventi del Papa, Exaudi cerca di rafforzare l'unit\u00e0 dei cristiani e di contribuire all'evangelizzazione del mondo, sempre guidato dalla dottrina sociale della Chiesa. Lavoriamo per portare la verit\u00e0 e i valori cristiani in ogni angolo del pianeta. Aiutaci a trasformare il mondo con Exaudi! Noi di Exaudi crediamo che l'evangelizzazione e l'informazione di qualit\u00e0 possano cambiare la vita. Per continuare la nostra missione ed espandere la nostra portata, abbiamo bisogno del tuo aiuto. Stiamo anche cercando persone motivate che vogliano unirsi al nostro team. Grazie al vostro sostegno raggiungeremo pi\u00f9 persone, diffonderemo il messaggio di Cristo e rafforzeremo l'unit\u00e0 dei cristiani. Vuoi unirti alla nostra missione? Per maggiori informazioni su come contribuire, visita Exaudi.org\\\/it o contattaci direttamente: info@exaudi.org Exaudi: informa, forma e trasforma.\",\"sameAs\":[\"https:\\\/\\\/www.facebook.com\\\/ExaudiNotizie\\\/\",\"https:\\\/\\\/www.instagram.com\\\/Exaudi_notizie\\\/\",\"https:\\\/\\\/x.com\\\/Exaudi_Notizie\",\"https:\\\/\\\/www.youtube.com\\\/@exaudicatholicnews\"],\"url\":\"https:\\\/\\\/exaudi.org\\\/it\\\/author\\\/dlvedi-org\\\/\"}]}<\/script>\n<!-- \/ Yoast SEO plugin. -->","yoast_head_json":{"title":"Il martirio che scosse il mondo: la decapitazione di San Giovanni Battista &#8211; Exaudi","robots":{"index":"index","follow":"follow","max-snippet":"max-snippet:-1","max-image-preview":"max-image-preview:large","max-video-preview":"max-video-preview:-1"},"canonical":"https:\/\/exaudi.org\/it\/il-martirio-che-scosse-il-mondo-la-decapitazione-di-san-giovanni-battista\/","og_locale":"it_IT","og_type":"article","og_title":"Il martirio che scosse il mondo: la decapitazione di San Giovanni Battista &#8211; Exaudi","og_description":"Il profeta che pag\u00f2 con la vita per la difesa della verit\u00e0","og_url":"https:\/\/exaudi.org\/it\/il-martirio-che-scosse-il-mondo-la-decapitazione-di-san-giovanni-battista\/","og_site_name":"Exaudi","article_publisher":"https:\/\/www.facebook.com\/ExaudiNews","article_author":"https:\/\/www.facebook.com\/ExaudiNotizie\/","article_published_time":"2026-08-29T15:22:22+00:00","article_modified_time":"2026-08-29T15:22:44+00:00","og_image":[{"width":1280,"height":885,"url":"https:\/\/exaudi.org\/wp-content\/uploads\/2026\/02\/1280px-La_decapitacion_de_San_Juan_Bautista_por_Caravaggio.jpg","type":"image\/jpeg"}],"author":"Exaudi Redazione","twitter_card":"summary_large_image","twitter_creator":"@Exaudi_Notizie","twitter_site":"@Exaudi_News","twitter_misc":{"Scritto da":"Exaudi Redazione","Tempo di lettura stimato":"5 minuti"},"schema":{"@context":"https:\/\/schema.org","@graph":[{"@type":"Article","@id":"https:\/\/exaudi.org\/it\/il-martirio-che-scosse-il-mondo-la-decapitazione-di-san-giovanni-battista\/#article","isPartOf":{"@id":"https:\/\/exaudi.org\/it\/il-martirio-che-scosse-il-mondo-la-decapitazione-di-san-giovanni-battista\/"},"author":{"name":"Exaudi Redazione","@id":"https:\/\/exaudi.org\/#\/schema\/person\/e1ab6ed07c01774724dd96f925f3a5f0"},"headline":"Il martirio che scosse il mondo: la decapitazione di San Giovanni Battista","datePublished":"2026-08-29T15:22:22+00:00","dateModified":"2026-08-29T15:22:44+00:00","mainEntityOfPage":{"@id":"https:\/\/exaudi.org\/it\/il-martirio-che-scosse-il-mondo-la-decapitazione-di-san-giovanni-battista\/"},"wordCount":1090,"image":{"@id":"https:\/\/exaudi.org\/it\/il-martirio-che-scosse-il-mondo-la-decapitazione-di-san-giovanni-battista\/#primaryimage"},"thumbnailUrl":"https:\/\/i0.wp.com\/exaudi.org\/wp-content\/uploads\/2026\/02\/1280px-La_decapitacion_de_San_Juan_Bautista_por_Caravaggio.jpg?fit=1280%2C885&ssl=1","keywords":["Analisi teologica di San Giovanni","Decapitazione di Giovanni Battista","Decapitazione di San Giovanni Battista","Difesa morale","Erode Antipa","Erode e Giovanni Battista","Erodiade","FEDE CATTOLICA","Festa del 29 agosto","Macherone","Martire cattolico","MARTIRIO CRISTIANO","Martirio di San Giovanni Battista","Martirio per la verit\u00e0","Precursore di Cristo","Profeta del Nuovo Testamento","Reliquie di San Giovanni Battista","Salom\u00e8","San Giovanni Battista","Santit\u00e0 del matrimonio","storia biblica","TRADIZIONE CATTOLICA","Trending","Vangelo di Marco","Vangelo di Matteo","Venerazione di San Giovanni","Verit\u00e0 profetica"],"articleSection":["Analisi","Chiesa e Mondo","Spiritualit\u00e0"],"inLanguage":"it-IT"},{"@type":"WebPage","@id":"https:\/\/exaudi.org\/it\/il-martirio-che-scosse-il-mondo-la-decapitazione-di-san-giovanni-battista\/","url":"https:\/\/exaudi.org\/it\/il-martirio-che-scosse-il-mondo-la-decapitazione-di-san-giovanni-battista\/","name":"Il martirio che scosse il mondo: la decapitazione di San Giovanni Battista &#8211; Exaudi","isPartOf":{"@id":"https:\/\/exaudi.org\/#website"},"primaryImageOfPage":{"@id":"https:\/\/exaudi.org\/it\/il-martirio-che-scosse-il-mondo-la-decapitazione-di-san-giovanni-battista\/#primaryimage"},"image":{"@id":"https:\/\/exaudi.org\/it\/il-martirio-che-scosse-il-mondo-la-decapitazione-di-san-giovanni-battista\/#primaryimage"},"thumbnailUrl":"https:\/\/i0.wp.com\/exaudi.org\/wp-content\/uploads\/2026\/02\/1280px-La_decapitacion_de_San_Juan_Bautista_por_Caravaggio.jpg?fit=1280%2C885&ssl=1","datePublished":"2026-08-29T15:22:22+00:00","dateModified":"2026-08-29T15:22:44+00:00","author":{"@id":"https:\/\/exaudi.org\/#\/schema\/person\/e1ab6ed07c01774724dd96f925f3a5f0"},"breadcrumb":{"@id":"https:\/\/exaudi.org\/it\/il-martirio-che-scosse-il-mondo-la-decapitazione-di-san-giovanni-battista\/#breadcrumb"},"inLanguage":"it-IT","potentialAction":[{"@type":"ReadAction","target":["https:\/\/exaudi.org\/it\/il-martirio-che-scosse-il-mondo-la-decapitazione-di-san-giovanni-battista\/"]}]},{"@type":"ImageObject","inLanguage":"it-IT","@id":"https:\/\/exaudi.org\/it\/il-martirio-che-scosse-il-mondo-la-decapitazione-di-san-giovanni-battista\/#primaryimage","url":"https:\/\/i0.wp.com\/exaudi.org\/wp-content\/uploads\/2026\/02\/1280px-La_decapitacion_de_San_Juan_Bautista_por_Caravaggio.jpg?fit=1280%2C885&ssl=1","contentUrl":"https:\/\/i0.wp.com\/exaudi.org\/wp-content\/uploads\/2026\/02\/1280px-La_decapitacion_de_San_Juan_Bautista_por_Caravaggio.jpg?fit=1280%2C885&ssl=1","width":1280,"height":885},{"@type":"BreadcrumbList","@id":"https:\/\/exaudi.org\/it\/il-martirio-che-scosse-il-mondo-la-decapitazione-di-san-giovanni-battista\/#breadcrumb","itemListElement":[{"@type":"ListItem","position":1,"name":"Portada","item":"https:\/\/exaudi.org\/it\/"},{"@type":"ListItem","position":2,"name":"Il martirio che scosse il mondo: la decapitazione di San Giovanni Battista"}]},{"@type":"WebSite","@id":"https:\/\/exaudi.org\/#website","url":"https:\/\/exaudi.org\/","name":"Exaudi","description":"News","potentialAction":[{"@type":"SearchAction","target":{"@type":"EntryPoint","urlTemplate":"https:\/\/exaudi.org\/?s={search_term_string}"},"query-input":{"@type":"PropertyValueSpecification","valueRequired":true,"valueName":"search_term_string"}}],"inLanguage":"it-IT"},{"@type":"Person","@id":"https:\/\/exaudi.org\/#\/schema\/person\/e1ab6ed07c01774724dd96f925f3a5f0","name":"Exaudi Redazione","image":{"@type":"ImageObject","inLanguage":"it-IT","@id":"https:\/\/secure.gravatar.com\/avatar\/ad6774b3ada023bf5b939d64f45c94b3adf91502dd883507d469b4308a943bb3?s=96&d=mm&r=g","url":"https:\/\/secure.gravatar.com\/avatar\/ad6774b3ada023bf5b939d64f45c94b3adf91502dd883507d469b4308a943bb3?s=96&d=mm&r=g","contentUrl":"https:\/\/secure.gravatar.com\/avatar\/ad6774b3ada023bf5b939d64f45c94b3adf91502dd883507d469b4308a943bb3?s=96&d=mm&r=g","caption":"Exaudi Redazione"},"description":"Che cosa \u00e8 Exaudi News? Exaudi News \u00e8 un agenzia cattolica internazionale che informa, istruisce e trasforma quotidianamente in spagnolo, inglese e italiano. Attraverso notizie, articoli di analisi e trasmissioni in diretta degli eventi del Papa, Exaudi cerca di rafforzare l'unit\u00e0 dei cristiani e di contribuire all'evangelizzazione del mondo, sempre guidato dalla dottrina sociale della Chiesa. Lavoriamo per portare la verit\u00e0 e i valori cristiani in ogni angolo del pianeta. Aiutaci a trasformare il mondo con Exaudi! Noi di Exaudi crediamo che l'evangelizzazione e l'informazione di qualit\u00e0 possano cambiare la vita. Per continuare la nostra missione ed espandere la nostra portata, abbiamo bisogno del tuo aiuto. Stiamo anche cercando persone motivate che vogliano unirsi al nostro team. Grazie al vostro sostegno raggiungeremo pi\u00f9 persone, diffonderemo il messaggio di Cristo e rafforzeremo l'unit\u00e0 dei cristiani. Vuoi unirti alla nostra missione? Per maggiori informazioni su come contribuire, visita Exaudi.org\/it o contattaci direttamente: info@exaudi.org Exaudi: informa, forma e trasforma.","sameAs":["https:\/\/www.facebook.com\/ExaudiNotizie\/","https:\/\/www.instagram.com\/Exaudi_notizie\/","https:\/\/x.com\/Exaudi_Notizie","https:\/\/www.youtube.com\/@exaudicatholicnews"],"url":"https:\/\/exaudi.org\/it\/author\/dlvedi-org\/"}]}},"jetpack_shortlink":"https:\/\/wp.me\/pgKjF2-LDq","jetpack_featured_media_url":"https:\/\/i0.wp.com\/exaudi.org\/wp-content\/uploads\/2026\/02\/1280px-La_decapitacion_de_San_Juan_Bautista_por_Caravaggio.jpg?fit=1280%2C885&ssl=1","_links":{"self":[{"href":"https:\/\/exaudi.org\/it\/wp-json\/wp\/v2\/posts\/183112","targetHints":{"allow":["GET"]}}],"collection":[{"href":"https:\/\/exaudi.org\/it\/wp-json\/wp\/v2\/posts"}],"about":[{"href":"https:\/\/exaudi.org\/it\/wp-json\/wp\/v2\/types\/post"}],"author":[{"embeddable":true,"href":"https:\/\/exaudi.org\/it\/wp-json\/wp\/v2\/users\/17"}],"replies":[{"embeddable":true,"href":"https:\/\/exaudi.org\/it\/wp-json\/wp\/v2\/comments?post=183112"}],"version-history":[{"count":4,"href":"https:\/\/exaudi.org\/it\/wp-json\/wp\/v2\/posts\/183112\/revisions"}],"predecessor-version":[{"id":183116,"href":"https:\/\/exaudi.org\/it\/wp-json\/wp\/v2\/posts\/183112\/revisions\/183116"}],"wp:featuredmedia":[{"embeddable":true,"href":"https:\/\/exaudi.org\/it\/wp-json\/wp\/v2\/media\/156719"}],"wp:attachment":[{"href":"https:\/\/exaudi.org\/it\/wp-json\/wp\/v2\/media?parent=183112"}],"wp:term":[{"taxonomy":"category","embeddable":true,"href":"https:\/\/exaudi.org\/it\/wp-json\/wp\/v2\/categories?post=183112"},{"taxonomy":"post_tag","embeddable":true,"href":"https:\/\/exaudi.org\/it\/wp-json\/wp\/v2\/tags?post=183112"}],"curies":[{"name":"wp","href":"https:\/\/api.w.org\/{rel}","templated":true}]}}