{"id":18296,"date":"2021-05-21T16:50:28","date_gmt":"2021-05-21T14:50:28","guid":{"rendered":"https:\/\/exaudi.org\/?p=18296"},"modified":"2021-05-21T16:51:15","modified_gmt":"2021-05-21T14:51:15","slug":"francesco-a-scholas-senza-gratuita-perdiamo-la-partita","status":"publish","type":"post","link":"https:\/\/exaudi.org\/it\/francesco-a-scholas-senza-gratuita-perdiamo-la-partita\/","title":{"rendered":"Francesco a Scholas: senza gratuit\u00e0 &#8220;perdiamo la partita&#8221;"},"content":{"rendered":"<p>Gioved\u00ec 20 maggio Papa Francesco si \u00e8 collegato in diretta da Scholas Occurrentes a Roma per l&#8217;inaugurazione della nuova sede di Valencia, in Spagna, e ha affermato che \u00abnello sport e nella vita, se dimentichiamo la gratuit\u00e0, perdiamo la partita\u00bb.<\/p>\n<p>All&#8217;evento, che si \u00e8 svolto nello stadio di calcio valenciano di Levante UD, hanno partecipato il cardinale arcivescovo di Valencia, Antonio Ca\u00f1izares, il suo vescovo ausiliare, Arturo Ros, il vicario generale e nuovo decano della cattedrale, Vicente Fontestad, il cappellano anziano dell&#8217;UCV, Vicente Ferrer, e il direttore della Cattedra di Scholas dell&#8217;Universit\u00e0 Cattolica, Yolanda Ruiz, oltre ad altre personalit\u00e0 sportive e politiche.<\/p>\n<p>L&#8217;evento ha previsto lo svolgimento di diverse attivit\u00e0, come una esibizione calcistica con ragazzi e ragazze della Scuola Calcio per Persone con Disabilit\u00e0 Intellettiva di Levante UD EDI, e la realizzazione di un gesto di Scholas in cui i massimi rappresentanti del Governo e della Chiesa a Valencia hanno trapiantato in terra in un vaso di fiori come segno di speranza nell&#8217;educazione del futuro.<\/p>\n<h4>Sempre con gratuit\u00e0<\/h4>\n<p>Dopo i discorsi di benvenuto delle personalit\u00e0 della Chiesa e del Governo locale, un giovane ha chiesto al Santo Padre quale sia per lui l&#8217;importanza del ritorno alle origini. Il Pontefice ha risposto spiegando che \u00abin quel ricongiungimento riscopriamo sempre l&#8217;identit\u00e0 e la facciamo crescere. Una persona che dimentica da dove viene \u00e8 una persona che amputa la sua storia, la seleziona o la lascia perdere\u00bb.<\/p>\n<figure id=\"attachment_18261\" aria-describedby=\"caption-attachment-18261\" style=\"width: 300px\" class=\"wp-caption alignleft\"><img data-recalc-dims=\"1\" fetchpriority=\"high\" decoding=\"async\" class=\"size-medium wp-image-18261\" src=\"https:\/\/i0.wp.com\/exaudi.org\/wp-content\/uploads\/2021\/05\/Quico-Catalan-Cardinal-Canizares-and-Ximo-Puig-%C2%A9-Alberto-Saiz.jpeg?resize=300%2C200&#038;ssl=1\" alt=\"Schoals\" width=\"300\" height=\"200\" srcset=\"https:\/\/i0.wp.com\/exaudi.org\/wp-content\/uploads\/2021\/05\/Quico-Catalan-Cardinal-Canizares-and-Ximo-Puig-%C2%A9-Alberto-Saiz.jpeg?resize=300%2C200&amp;ssl=1 300w, https:\/\/i0.wp.com\/exaudi.org\/wp-content\/uploads\/2021\/05\/Quico-Catalan-Cardinal-Canizares-and-Ximo-Puig-%C2%A9-Alberto-Saiz.jpeg?resize=150%2C100&amp;ssl=1 150w, https:\/\/i0.wp.com\/exaudi.org\/wp-content\/uploads\/2021\/05\/Quico-Catalan-Cardinal-Canizares-and-Ximo-Puig-%C2%A9-Alberto-Saiz.jpeg?w=630&amp;ssl=1 630w\" sizes=\"(max-width: 300px) 100vw, 300px\" \/><figcaption id=\"caption-attachment-18261\" class=\"wp-caption-text\">Quico Catal\u00e1n, il cardinale Ca\u00f1izares e Ximo Puig durante il collegamento del Paap \u00a9 Alberto Saiz<\/figcaption><\/figure>\n<p>La storia, ha continuato, \u00ab\u00e8 come un capitano, \u00e8 nato in un momento e ha un&#8217;origine, e quell&#8217;origine in qualche modo ha un significato per tutta la vita. Avere una palla di pezza \u00e8 ricordare un tempo in cui lo sport, con la gratuit\u00e0 del gioco, era molto migliore dell&#8217;eccessiva raffinatezza. Era tornare alle origini dove il gioco era meglio della ricchezza e della povert\u00e0. Era la gratuit\u00e0 dell&#8217;incontro. Ecco perch\u00e9 per me la palla di stracci e il fine che la proclama \u00e8 fonte di gratuit\u00e0\u201d.<\/p>\n<h4>Il potere della giovinezza<\/h4>\n<p>Prima delle parole del Papa nel suo collegamento, il cardinale Ca\u00f1izares lo ha ringraziato per la sua presenza e ha affermato: \u00abI giovani ti danno il benvenuto, cio\u00e8 Valencia, giovent\u00f9, futuro, speranza. Sei accolto anche da giovani che sono dinamismo, gioia, quella saggezza che trasmetti costantemente. E sei accolto anche da giovani e bambini che aspettano un&#8217;istruzione aggiornata, una vera alternativa didattica\u00bb.<\/p>\n<p>\u00abE questo \u00e8 Scholas\u00bb, ha continuato, \u00abci sta aiutando molto qui, a Valencia, sia nell&#8217;istruzione paritaria che in quella pubblica. Ci aiuta proprio in un mondo nuovo, in una societ\u00e0 nuova e in un&#8217;umanit\u00e0 veramente nuova, fatta di uomini che credono nella persona, che lavorano per l&#8217;amore e la pace, per il dialogo, per l&#8217;incontro, che ammettono tutti, senza esclusione: uno, che sta dalla parte dei poveri, degli ultimi, dei diseredati, degli emarginati e dei migranti\u201d.<\/p>\n<h4>Guida e referente<\/h4>\n<p>Da parte sua, Quico Catal\u00e1n, presidente della squadra di calcio Levante UD, ha chiesto a Papa Francesco di tenere a mente i valenciani: \u00abTienici sempre nella tua squadra. Che non ci manchi mai quella palla di pezza a cui aggrapparci, quel simbolo di desiderio, di speranza, di sogni. Che non manchino mai tutti questi giovani che sono gi\u00e0 il nostro presente, e soprattutto il nostro futuro\u00bb.<\/p>\n<p>\u00abVi ringrazio dal profondo del cuore per aver reso possibile al Levante UD di essere testimoni diretti di questa bellissima storia chiamata Scholas, che \u00e8 di e per i giovani di Valencia, della Spagna e del mondo\u00bb, ha dichiarato. Ha anche chiesto al Papa due cose: \u00abTeneteci molto presenti nelle vostre preghiere, tutti questi giovani, tutti coloro che stanno soffrendo per questa pandemia, la nostra terra\u00bb, e \u00abuna benedizione per questa casa, per questo stadio, per quello che significa per molte persone\u00bb.<\/p>\n<h4>Superare la pandemia<\/h4>\n<p>L&#8217;ultimo intervento \u00e8 stato quello di Ximo Puig, presidente della Comunit\u00e0 Valenciana, che ha espresso la speranza che il Vescovo di Roma un giorno possa visitare di persona Valencia. Allo stesso modo, ha assicurato che grazie ai giovani a Valencia \u00absi sta superando la pandemia di oggi, \u00e8 stato per la loro responsabilit\u00e0, per la loro generosit\u00e0, perch\u00e9 hanno saputo mettere i nonni e le nonne al di sopra dei propri interessi\u00bb.<\/p>\n<p>\u00ab\u00c8 ora di superare tutte le pandemie, non solo quella relativa alla salute, ma anche povert\u00e0, disuguaglianza, xenofobia. La tua ultima enciclica \u00e8 molto importante per l&#8217;umanit\u00e0. La fraternit\u00e0 \u00e8 al di sopra di ogni confine\u00bb, ha concluso.<\/p>\n<h4>Educazione integrale<\/h4>\n<p>In dichiarazioni esclusive a Exaudi, Yolanda D\u00edaz, direttrice della Cattedra di Scholas all&#8217;Universit\u00e0 Cattolica di Valencia, ha sottolineato come \u00abil lavoro condiviso tra la Cattedra e Scholas sia perfettamente in linea con gli insegnamenti del Papa\u00bb e, concentrandosi sulle parole del successore di Pietro all&#8217;inaugurazione degli Stati Generali della Natalit\u00e0, ha ribadito che \u00abnon si pu\u00f2 trasformare la scuola in un ambiente che soffoca la creativit\u00e0 e l&#8217;innovazione, limitando cos\u00ec la crescita della persona\u00bb.<\/p>\n<p>\u00abVogliamo che la scuola sia uno spazio in cui tutti, senza esclusione, siano presenti e dove nessuno si senta rifiutato per essere diverso, per avere altri tipi di abilit\u00e0, per avere convinzioni diverse o per avere meno risorse. Solo da questo punto di vista la scuola pu\u00f2 essere concepita come un luogo di incontro dove tutti contribuiscono e si arricchiscono reciprocamente\u00bb, ha affermato.<\/p>\n<p>In questa linea, ha ribadito che, \u00absebbene non dimentichiamo che i primi educatori sono i genitori, la scuola ha anche una responsabilit\u00e0 nell&#8217;educazione dei nostri bambini e dei nostri giovani\u00bb. I genitori e la scuola, prosegue, \u00absono chiamati e sfidati a educare; e questo significa farlo nell&#8217;arte di vivere. \u00c8 quindi necessaria una visione globale che affronti le dimensioni cognitiva, affettiva, volitiva, intellettuale e, ovviamente, spirituale\u00bb.<\/p>\n<h4>Collegamento con il Papa<\/h4>\n<p>In merito alla partecipazione di Papa Francesco all&#8217;inaugurazione della sede di Scholas a Valencia, il direttore della Cattedra ha rimarcato che \u00e8 molto importante per loro: \u00abQuesto collegamento significa, da un lato, un consolidamento di tutto ci\u00f2 che in questi anni abbiamo sviluppato. E dall&#8217;altra, un grande impulso e incoraggiamento a continuare a lavorare a un progetto in cui crediamo, che ci aiuti a vivere con una vocazione e ad assolvere il nostro compito di insegnanti e di credenti\u201d.<\/p>\n<p>La Cattedra ha accolto con favore il progetto Scholas nel 2016 e da allora, insieme, hanno lavorato e condiviso sia progetti educativi che esperienze con le scuole: \u00abSono numerose le scuole diocesane, le scuole cattoliche e gli insegnanti di religione delle scuole pubbliche che ci hanno accompagnato durante questi 5 anni attraverso esperienze come Scholas Citizenship, scuole di gioco, arte e pensiero, incontri di insegnanti, espressioni artistiche attraverso la fotografia, metodologie attive come Service-Learning&#8230; Abbiamo anche tenuto due congressi internazionali. In tutto questo tempo \u00e8 stato dedicato molto lavoro e impegno\u00bb.<\/p>\n","protected":false},"excerpt":{"rendered":"<p>Inaugurata una nuova sede a Valencia<\/p>\n","protected":false},"author":6,"featured_media":18258,"comment_status":"closed","ping_status":"closed","sticky":false,"template":"","format":"standard","meta":{"_acf_changed":false,"inline_featured_image":false,"_wpcom_ai_launchpad_first_post":false,"footnotes":"","jetpack_post_was_ever_published":false},"categories":[67,2157,297],"tags":[1110,251,2439],"class_list":["post-18296","post","type-post","status-publish","format-standard","has-post-thumbnail","hentry","category-leone-xiv","category-top-ultime-notizie","category-ultime-notizie","tag-educazione","tag-papa-francesco","tag-valencia-it"],"acf":[],"yoast_head":"<!-- This site is optimized with the Yoast SEO plugin v28.4 - https:\/\/yoast.com\/product\/yoast-seo-wordpress\/ -->\n<title>Francesco a Scholas: senza gratuit\u00e0 &quot;perdiamo la partita&quot; &#8211; Exaudi<\/title>\n<meta name=\"description\" content=\"Il Papa si \u00e8 collegato dalla sede romana di Scholas Occurrentes per l&#039;inaugurazione della nuova sede di Valencia dallo stadio del Levante\" \/>\n<meta name=\"robots\" content=\"index, follow, max-snippet:-1, max-image-preview:large, max-video-preview:-1\" \/>\n<link rel=\"canonical\" href=\"https:\/\/exaudi.org\/it\/francesco-a-scholas-senza-gratuita-perdiamo-la-partita\/\" \/>\n<meta property=\"og:locale\" content=\"it_IT\" \/>\n<meta property=\"og:type\" content=\"article\" \/>\n<meta property=\"og:title\" content=\"Francesco a Scholas: senza gratuit\u00e0 &quot;perdiamo la partita&quot; &#8211; Exaudi\" \/>\n<meta property=\"og:description\" content=\"Il Papa si \u00e8 collegato dalla sede romana di Scholas Occurrentes per l&#039;inaugurazione della nuova sede di Valencia dallo stadio del Levante\" \/>\n<meta property=\"og:url\" content=\"https:\/\/exaudi.org\/it\/francesco-a-scholas-senza-gratuita-perdiamo-la-partita\/\" \/>\n<meta property=\"og:site_name\" content=\"Exaudi\" \/>\n<meta property=\"article:publisher\" content=\"https:\/\/www.facebook.com\/ExaudiNews\" \/>\n<meta property=\"article:published_time\" content=\"2021-05-21T14:50:28+00:00\" \/>\n<meta property=\"article:modified_time\" content=\"2021-05-21T14:51:15+00:00\" \/>\n<meta property=\"og:image\" content=\"https:\/\/exaudi.org\/wp-content\/uploads\/2021\/05\/Inauguration-of-the-new-Scholas-headquarters-in-Valencia-\u00a9-Alberto-Saiz.jpeg\" \/>\n\t<meta property=\"og:image:width\" content=\"768\" \/>\n\t<meta property=\"og:image:height\" content=\"512\" \/>\n\t<meta property=\"og:image:type\" content=\"image\/jpeg\" \/>\n<meta name=\"author\" content=\"Gabriel Sales\" \/>\n<meta name=\"twitter:card\" content=\"summary_large_image\" \/>\n<meta name=\"twitter:creator\" content=\"@habemusman\" \/>\n<meta name=\"twitter:site\" content=\"@Exaudi_News\" \/>\n<meta name=\"twitter:label1\" content=\"Scritto da\" \/>\n\t<meta name=\"twitter:data1\" content=\"Gabriel Sales\" \/>\n\t<meta name=\"twitter:label2\" content=\"Tempo di lettura stimato\" \/>\n\t<meta name=\"twitter:data2\" content=\"6 minuti\" \/>\n<script type=\"application\/ld+json\" class=\"yoast-schema-graph\">{\"@context\":\"https:\\\/\\\/schema.org\",\"@graph\":[{\"@type\":\"Article\",\"@id\":\"https:\\\/\\\/exaudi.org\\\/it\\\/francesco-a-scholas-senza-gratuita-perdiamo-la-partita\\\/#article\",\"isPartOf\":{\"@id\":\"https:\\\/\\\/exaudi.org\\\/it\\\/francesco-a-scholas-senza-gratuita-perdiamo-la-partita\\\/\"},\"author\":{\"name\":\"Gabriel Sales\",\"@id\":\"https:\\\/\\\/exaudi.org\\\/#\\\/schema\\\/person\\\/d134b96438278131ce90c90c03fda6cd\"},\"headline\":\"Francesco a Scholas: senza gratuit\u00e0 &#8220;perdiamo la partita&#8221;\",\"datePublished\":\"2021-05-21T14:50:28+00:00\",\"dateModified\":\"2021-05-21T14:51:15+00:00\",\"mainEntityOfPage\":{\"@id\":\"https:\\\/\\\/exaudi.org\\\/it\\\/francesco-a-scholas-senza-gratuita-perdiamo-la-partita\\\/\"},\"wordCount\":1149,\"image\":{\"@id\":\"https:\\\/\\\/exaudi.org\\\/it\\\/francesco-a-scholas-senza-gratuita-perdiamo-la-partita\\\/#primaryimage\"},\"thumbnailUrl\":\"https:\\\/\\\/i0.wp.com\\\/exaudi.org\\\/wp-content\\\/uploads\\\/2021\\\/05\\\/Inauguration-of-the-new-Scholas-headquarters-in-Valencia-%C2%A9-Alberto-Saiz.jpeg?fit=768%2C512&ssl=1\",\"keywords\":[\"educazione\",\"Papa Francesco\",\"Valencia\"],\"articleSection\":[\"Leone XIV\",\"Top Ultime Notizie\",\"Ultime Notizie\"],\"inLanguage\":\"it-IT\"},{\"@type\":\"WebPage\",\"@id\":\"https:\\\/\\\/exaudi.org\\\/it\\\/francesco-a-scholas-senza-gratuita-perdiamo-la-partita\\\/\",\"url\":\"https:\\\/\\\/exaudi.org\\\/it\\\/francesco-a-scholas-senza-gratuita-perdiamo-la-partita\\\/\",\"name\":\"Francesco a Scholas: senza gratuit\u00e0 \\\"perdiamo la partita\\\" &#8211; Exaudi\",\"isPartOf\":{\"@id\":\"https:\\\/\\\/exaudi.org\\\/#website\"},\"primaryImageOfPage\":{\"@id\":\"https:\\\/\\\/exaudi.org\\\/it\\\/francesco-a-scholas-senza-gratuita-perdiamo-la-partita\\\/#primaryimage\"},\"image\":{\"@id\":\"https:\\\/\\\/exaudi.org\\\/it\\\/francesco-a-scholas-senza-gratuita-perdiamo-la-partita\\\/#primaryimage\"},\"thumbnailUrl\":\"https:\\\/\\\/i0.wp.com\\\/exaudi.org\\\/wp-content\\\/uploads\\\/2021\\\/05\\\/Inauguration-of-the-new-Scholas-headquarters-in-Valencia-%C2%A9-Alberto-Saiz.jpeg?fit=768%2C512&ssl=1\",\"datePublished\":\"2021-05-21T14:50:28+00:00\",\"dateModified\":\"2021-05-21T14:51:15+00:00\",\"author\":{\"@id\":\"https:\\\/\\\/exaudi.org\\\/#\\\/schema\\\/person\\\/d134b96438278131ce90c90c03fda6cd\"},\"description\":\"Il Papa si \u00e8 collegato dalla sede romana di Scholas Occurrentes per l'inaugurazione della nuova sede di Valencia dallo stadio del Levante\",\"breadcrumb\":{\"@id\":\"https:\\\/\\\/exaudi.org\\\/it\\\/francesco-a-scholas-senza-gratuita-perdiamo-la-partita\\\/#breadcrumb\"},\"inLanguage\":\"it-IT\",\"potentialAction\":[{\"@type\":\"ReadAction\",\"target\":[\"https:\\\/\\\/exaudi.org\\\/it\\\/francesco-a-scholas-senza-gratuita-perdiamo-la-partita\\\/\"]}]},{\"@type\":\"ImageObject\",\"inLanguage\":\"it-IT\",\"@id\":\"https:\\\/\\\/exaudi.org\\\/it\\\/francesco-a-scholas-senza-gratuita-perdiamo-la-partita\\\/#primaryimage\",\"url\":\"https:\\\/\\\/i0.wp.com\\\/exaudi.org\\\/wp-content\\\/uploads\\\/2021\\\/05\\\/Inauguration-of-the-new-Scholas-headquarters-in-Valencia-%C2%A9-Alberto-Saiz.jpeg?fit=768%2C512&ssl=1\",\"contentUrl\":\"https:\\\/\\\/i0.wp.com\\\/exaudi.org\\\/wp-content\\\/uploads\\\/2021\\\/05\\\/Inauguration-of-the-new-Scholas-headquarters-in-Valencia-%C2%A9-Alberto-Saiz.jpeg?fit=768%2C512&ssl=1\",\"width\":768,\"height\":512,\"caption\":\"L'inaugurazione della nuova sede di Scholas a Valencia \u00a9 Alberto Saiz\"},{\"@type\":\"BreadcrumbList\",\"@id\":\"https:\\\/\\\/exaudi.org\\\/it\\\/francesco-a-scholas-senza-gratuita-perdiamo-la-partita\\\/#breadcrumb\",\"itemListElement\":[{\"@type\":\"ListItem\",\"position\":1,\"name\":\"Portada\",\"item\":\"https:\\\/\\\/exaudi.org\\\/it\\\/\"},{\"@type\":\"ListItem\",\"position\":2,\"name\":\"Francesco a Scholas: senza gratuit\u00e0 &#8220;perdiamo la partita&#8221;\"}]},{\"@type\":\"WebSite\",\"@id\":\"https:\\\/\\\/exaudi.org\\\/#website\",\"url\":\"https:\\\/\\\/exaudi.org\\\/\",\"name\":\"Exaudi\",\"description\":\"News\",\"potentialAction\":[{\"@type\":\"SearchAction\",\"target\":{\"@type\":\"EntryPoint\",\"urlTemplate\":\"https:\\\/\\\/exaudi.org\\\/?s={search_term_string}\"},\"query-input\":{\"@type\":\"PropertyValueSpecification\",\"valueRequired\":true,\"valueName\":\"search_term_string\"}}],\"inLanguage\":\"it-IT\"},{\"@type\":\"Person\",\"@id\":\"https:\\\/\\\/exaudi.org\\\/#\\\/schema\\\/person\\\/d134b96438278131ce90c90c03fda6cd\",\"name\":\"Gabriel Sales\",\"image\":{\"@type\":\"ImageObject\",\"inLanguage\":\"it-IT\",\"@id\":\"https:\\\/\\\/secure.gravatar.com\\\/avatar\\\/9b1269566f6a063ed26ffb3532b66a373cdde231ce5d0effb266167437fdaffd?s=96&d=mm&r=g\",\"url\":\"https:\\\/\\\/secure.gravatar.com\\\/avatar\\\/9b1269566f6a063ed26ffb3532b66a373cdde231ce5d0effb266167437fdaffd?s=96&d=mm&r=g\",\"contentUrl\":\"https:\\\/\\\/secure.gravatar.com\\\/avatar\\\/9b1269566f6a063ed26ffb3532b66a373cdde231ce5d0effb266167437fdaffd?s=96&d=mm&r=g\",\"caption\":\"Gabriel Sales\"},\"description\":\"Periodista y especialista en Comunicaci\u00f3n y Branding digital. Cin\u00e9filo y cr\u00edtico de cine y series de televisi\u00f3n.\",\"sameAs\":[\"https:\\\/\\\/www.instagram.com\\\/cine90segundos\\\/\",\"www.linkedin.com\\\/in\\\/habemusman\",\"https:\\\/\\\/x.com\\\/habemusman\",\"https:\\\/\\\/www.youtube.com\\\/channel\\\/UCVfCiOMkJ_C7T7OpyjuaLDg\"],\"url\":\"https:\\\/\\\/exaudi.org\\\/it\\\/author\\\/gsalesexaudi-org\\\/\"}]}<\/script>\n<!-- \/ Yoast SEO plugin. -->","yoast_head_json":{"title":"Francesco a Scholas: senza gratuit\u00e0 \"perdiamo la partita\" &#8211; Exaudi","description":"Il Papa si \u00e8 collegato dalla sede romana di Scholas Occurrentes per l'inaugurazione della nuova sede di Valencia dallo stadio del Levante","robots":{"index":"index","follow":"follow","max-snippet":"max-snippet:-1","max-image-preview":"max-image-preview:large","max-video-preview":"max-video-preview:-1"},"canonical":"https:\/\/exaudi.org\/it\/francesco-a-scholas-senza-gratuita-perdiamo-la-partita\/","og_locale":"it_IT","og_type":"article","og_title":"Francesco a Scholas: senza gratuit\u00e0 \"perdiamo la partita\" &#8211; Exaudi","og_description":"Il Papa si \u00e8 collegato dalla sede romana di Scholas Occurrentes per l'inaugurazione della nuova sede di Valencia dallo stadio del Levante","og_url":"https:\/\/exaudi.org\/it\/francesco-a-scholas-senza-gratuita-perdiamo-la-partita\/","og_site_name":"Exaudi","article_publisher":"https:\/\/www.facebook.com\/ExaudiNews","article_published_time":"2021-05-21T14:50:28+00:00","article_modified_time":"2021-05-21T14:51:15+00:00","og_image":[{"width":768,"height":512,"url":"https:\/\/exaudi.org\/wp-content\/uploads\/2021\/05\/Inauguration-of-the-new-Scholas-headquarters-in-Valencia-\u00a9-Alberto-Saiz.jpeg","type":"image\/jpeg"}],"author":"Gabriel Sales","twitter_card":"summary_large_image","twitter_creator":"@habemusman","twitter_site":"@Exaudi_News","twitter_misc":{"Scritto da":"Gabriel Sales","Tempo di lettura stimato":"6 minuti"},"schema":{"@context":"https:\/\/schema.org","@graph":[{"@type":"Article","@id":"https:\/\/exaudi.org\/it\/francesco-a-scholas-senza-gratuita-perdiamo-la-partita\/#article","isPartOf":{"@id":"https:\/\/exaudi.org\/it\/francesco-a-scholas-senza-gratuita-perdiamo-la-partita\/"},"author":{"name":"Gabriel Sales","@id":"https:\/\/exaudi.org\/#\/schema\/person\/d134b96438278131ce90c90c03fda6cd"},"headline":"Francesco a Scholas: senza gratuit\u00e0 &#8220;perdiamo la partita&#8221;","datePublished":"2021-05-21T14:50:28+00:00","dateModified":"2021-05-21T14:51:15+00:00","mainEntityOfPage":{"@id":"https:\/\/exaudi.org\/it\/francesco-a-scholas-senza-gratuita-perdiamo-la-partita\/"},"wordCount":1149,"image":{"@id":"https:\/\/exaudi.org\/it\/francesco-a-scholas-senza-gratuita-perdiamo-la-partita\/#primaryimage"},"thumbnailUrl":"https:\/\/i0.wp.com\/exaudi.org\/wp-content\/uploads\/2021\/05\/Inauguration-of-the-new-Scholas-headquarters-in-Valencia-%C2%A9-Alberto-Saiz.jpeg?fit=768%2C512&ssl=1","keywords":["educazione","Papa Francesco","Valencia"],"articleSection":["Leone XIV","Top Ultime Notizie","Ultime Notizie"],"inLanguage":"it-IT"},{"@type":"WebPage","@id":"https:\/\/exaudi.org\/it\/francesco-a-scholas-senza-gratuita-perdiamo-la-partita\/","url":"https:\/\/exaudi.org\/it\/francesco-a-scholas-senza-gratuita-perdiamo-la-partita\/","name":"Francesco a Scholas: senza gratuit\u00e0 \"perdiamo la partita\" &#8211; Exaudi","isPartOf":{"@id":"https:\/\/exaudi.org\/#website"},"primaryImageOfPage":{"@id":"https:\/\/exaudi.org\/it\/francesco-a-scholas-senza-gratuita-perdiamo-la-partita\/#primaryimage"},"image":{"@id":"https:\/\/exaudi.org\/it\/francesco-a-scholas-senza-gratuita-perdiamo-la-partita\/#primaryimage"},"thumbnailUrl":"https:\/\/i0.wp.com\/exaudi.org\/wp-content\/uploads\/2021\/05\/Inauguration-of-the-new-Scholas-headquarters-in-Valencia-%C2%A9-Alberto-Saiz.jpeg?fit=768%2C512&ssl=1","datePublished":"2021-05-21T14:50:28+00:00","dateModified":"2021-05-21T14:51:15+00:00","author":{"@id":"https:\/\/exaudi.org\/#\/schema\/person\/d134b96438278131ce90c90c03fda6cd"},"description":"Il Papa si \u00e8 collegato dalla sede romana di Scholas Occurrentes per l'inaugurazione della nuova sede di Valencia dallo stadio del Levante","breadcrumb":{"@id":"https:\/\/exaudi.org\/it\/francesco-a-scholas-senza-gratuita-perdiamo-la-partita\/#breadcrumb"},"inLanguage":"it-IT","potentialAction":[{"@type":"ReadAction","target":["https:\/\/exaudi.org\/it\/francesco-a-scholas-senza-gratuita-perdiamo-la-partita\/"]}]},{"@type":"ImageObject","inLanguage":"it-IT","@id":"https:\/\/exaudi.org\/it\/francesco-a-scholas-senza-gratuita-perdiamo-la-partita\/#primaryimage","url":"https:\/\/i0.wp.com\/exaudi.org\/wp-content\/uploads\/2021\/05\/Inauguration-of-the-new-Scholas-headquarters-in-Valencia-%C2%A9-Alberto-Saiz.jpeg?fit=768%2C512&ssl=1","contentUrl":"https:\/\/i0.wp.com\/exaudi.org\/wp-content\/uploads\/2021\/05\/Inauguration-of-the-new-Scholas-headquarters-in-Valencia-%C2%A9-Alberto-Saiz.jpeg?fit=768%2C512&ssl=1","width":768,"height":512,"caption":"L'inaugurazione della nuova sede di Scholas a Valencia \u00a9 Alberto Saiz"},{"@type":"BreadcrumbList","@id":"https:\/\/exaudi.org\/it\/francesco-a-scholas-senza-gratuita-perdiamo-la-partita\/#breadcrumb","itemListElement":[{"@type":"ListItem","position":1,"name":"Portada","item":"https:\/\/exaudi.org\/it\/"},{"@type":"ListItem","position":2,"name":"Francesco a Scholas: senza gratuit\u00e0 &#8220;perdiamo la partita&#8221;"}]},{"@type":"WebSite","@id":"https:\/\/exaudi.org\/#website","url":"https:\/\/exaudi.org\/","name":"Exaudi","description":"News","potentialAction":[{"@type":"SearchAction","target":{"@type":"EntryPoint","urlTemplate":"https:\/\/exaudi.org\/?s={search_term_string}"},"query-input":{"@type":"PropertyValueSpecification","valueRequired":true,"valueName":"search_term_string"}}],"inLanguage":"it-IT"},{"@type":"Person","@id":"https:\/\/exaudi.org\/#\/schema\/person\/d134b96438278131ce90c90c03fda6cd","name":"Gabriel Sales","image":{"@type":"ImageObject","inLanguage":"it-IT","@id":"https:\/\/secure.gravatar.com\/avatar\/9b1269566f6a063ed26ffb3532b66a373cdde231ce5d0effb266167437fdaffd?s=96&d=mm&r=g","url":"https:\/\/secure.gravatar.com\/avatar\/9b1269566f6a063ed26ffb3532b66a373cdde231ce5d0effb266167437fdaffd?s=96&d=mm&r=g","contentUrl":"https:\/\/secure.gravatar.com\/avatar\/9b1269566f6a063ed26ffb3532b66a373cdde231ce5d0effb266167437fdaffd?s=96&d=mm&r=g","caption":"Gabriel Sales"},"description":"Periodista y especialista en Comunicaci\u00f3n y Branding digital. Cin\u00e9filo y cr\u00edtico de cine y series de televisi\u00f3n.","sameAs":["https:\/\/www.instagram.com\/cine90segundos\/","www.linkedin.com\/in\/habemusman","https:\/\/x.com\/habemusman","https:\/\/www.youtube.com\/channel\/UCVfCiOMkJ_C7T7OpyjuaLDg"],"url":"https:\/\/exaudi.org\/it\/author\/gsalesexaudi-org\/"}]}},"jetpack_shortlink":"https:\/\/wp.me\/pgKjF2-4L6","jetpack_featured_media_url":"https:\/\/i0.wp.com\/exaudi.org\/wp-content\/uploads\/2021\/05\/Inauguration-of-the-new-Scholas-headquarters-in-Valencia-%C2%A9-Alberto-Saiz.jpeg?fit=768%2C512&ssl=1","_links":{"self":[{"href":"https:\/\/exaudi.org\/it\/wp-json\/wp\/v2\/posts\/18296","targetHints":{"allow":["GET"]}}],"collection":[{"href":"https:\/\/exaudi.org\/it\/wp-json\/wp\/v2\/posts"}],"about":[{"href":"https:\/\/exaudi.org\/it\/wp-json\/wp\/v2\/types\/post"}],"author":[{"embeddable":true,"href":"https:\/\/exaudi.org\/it\/wp-json\/wp\/v2\/users\/6"}],"replies":[{"embeddable":true,"href":"https:\/\/exaudi.org\/it\/wp-json\/wp\/v2\/comments?post=18296"}],"version-history":[{"count":0,"href":"https:\/\/exaudi.org\/it\/wp-json\/wp\/v2\/posts\/18296\/revisions"}],"wp:featuredmedia":[{"embeddable":true,"href":"https:\/\/exaudi.org\/it\/wp-json\/wp\/v2\/media\/18258"}],"wp:attachment":[{"href":"https:\/\/exaudi.org\/it\/wp-json\/wp\/v2\/media?parent=18296"}],"wp:term":[{"taxonomy":"category","embeddable":true,"href":"https:\/\/exaudi.org\/it\/wp-json\/wp\/v2\/categories?post=18296"},{"taxonomy":"post_tag","embeddable":true,"href":"https:\/\/exaudi.org\/it\/wp-json\/wp\/v2\/tags?post=18296"}],"curies":[{"name":"wp","href":"https:\/\/api.w.org\/{rel}","templated":true}]}}