{"id":1807,"date":"2021-02-24T11:14:18","date_gmt":"2021-02-24T11:14:18","guid":{"rendered":"https:\/\/exaudi.org\/?p=1807"},"modified":"2021-02-24T11:14:18","modified_gmt":"2021-02-24T11:14:18","slug":"ambasciatore-ucciso-in-congo-cordoglio-del-papa","status":"publish","type":"post","link":"https:\/\/exaudi.org\/it\/ambasciatore-ucciso-in-congo-cordoglio-del-papa\/","title":{"rendered":"Ambasciatore ucciso in Congo: cordoglio del Papa"},"content":{"rendered":"<p>Il brutale omicidio in Congo dell&#8217;ambasciatore italiano Luca Attanasio, del carabiniere Vittorio Iacovacci e del loro autista Mustapha Milambo ha suscitato dolore in tutto il mondo e anche il Papa ha voluto esprimere il suo cordoglio. Il S. Padre ha inviato un telegramma al Presidente della Repubblica Sergio Mattarella.<\/p>\n<p>Di seguito il testo del messaggio diffuso dalla Sala Stampa della S. Sede: &#8220;Con dolore ho appreso del tragico attentato avvenuto nella Repubblica Democratica del Congo, nel quale hanno perso la vita il giovane ambasciatore italiano Luca Attanasio, il carabiniere trentenne Vittorio Iacovacci e il loro autista congolese Mustapha Milambo. Esprimo il mio sentito cordoglio ai loro familiar, al corpo diplomatico e all&#8217;Arma dei Carabinieri per la scomparsa di questi servitori della pace e del diritto.<\/p>\n<p>Raccogliamo l&#8217;esemplare testimonianza del signor ambasciatore, persona di spiccate qualit\u00e0 umane e cristiane, sempre prodigo nel tessere rapporti fraterni e cordiali, per il ristabilimento di serene e concordi relazioni in seno a quel Paese africano; come pure quella del carabiniere, esperto e generoso nel suo servizio e prossimo a formare una nuova famiglia. Mentre elevo preghiere di suffragio per il riposo eterno di questi nobili figli della nazione italiana, esorto a confidare nella Provvidenza di Dio, nelle cui mani nulla va perduto del bene compiuto, tanto pi\u00f9 quando \u00e8 confermato con la sofferenza e il sacrificio.<\/p>\n<p>A Lei, signor Presidente, ai congiunti e ai colleghi delle vittime e a tutti coloro che piangono per questo lutto invio di cuore la mia benedizione&#8221;.<\/p>\n<p>L&#8217;ambasciatore Luca Attanasio, ucciso insieme al carabiniere Vittorio Iacovacci e al loro autista, aveva 43 anni ed era originario di Saronno, in provincia di Varese. Era sposato con Zakia Seddiki, fondatrice e direttrice dell\u2019ong <strong><a href=\"https:\/\/www.mamasofia.org\/\">Mama Sofia<\/a><\/strong> che si occupa di migliorare la vita di donne e bambini in difficolt\u00e0 in Congo. I due coniugi hanno tre figlie. Attanasio era stato impegnato fin da giovane nell&#8217;oratorio di San Giorgio a Limbiate ed era costantemente vicino al mondo del volontariato. In particolare, lo ricordano con affetto dalla <strong><a href=\"https:\/\/www.santegidio.org\/pageID\/30284\/langID\/it\/itemID\/40688\/Congo-L-ambasciatore-Attanasio-un-amico-appassionato-all-Africa-grave-perdita-per-l-Italia.html\">Comunit\u00e0 di S. Egidio<\/a><\/strong>, con cui si era incontrato pi\u00f9 volte sia a Roma che a Kinshasa, soprattutto per sostenere il progetto Dream a favore dei malati di Aids.<\/p>\n","protected":false},"excerpt":{"rendered":"<p>Il brutale omicidio in Congo dell&#8217;ambasciatore italiano Luca Attanasio, del carabiniere Vittorio Iacovacci e del loro autista Mustapha Milambo ha suscitato dolore in tutto il mondo e anche il Papa ha voluto esprimere il suo cordoglio. Il S. Padre ha inviato un telegramma al Presidente della Repubblica Sergio Mattarella. Di seguito il testo del messaggio [&hellip;]<\/p>\n","protected":false},"author":18,"featured_media":1815,"comment_status":"closed","ping_status":"closed","sticky":false,"template":"","format":"standard","meta":{"_acf_changed":false,"_crdt_document":"","inline_featured_image":false,"footnotes":""},"categories":[67,117],"tags":[322,323,251],"class_list":["post-1807","post","type-post","status-publish","format-standard","has-post-thumbnail","hentry","category-leone-xiv","category-messaggi","tag-attanasio","tag-comunita-di-s-egidio","tag-papa-francesco"],"acf":[],"yoast_head":"<!-- This site is optimized with the Yoast SEO plugin v27.4 - https:\/\/yoast.com\/product\/yoast-seo-wordpress\/ -->\n<title>Ambasciatore ucciso in Congo: cordoglio del Papa &#8211; Exaudi<\/title>\n<meta name=\"description\" content=\"Il Papa ha espresso in un telegramma il suo cordoglio al Presidente della Repubblica Mattarella per l&#039;omicidio dell&#039;ambasciatore Attanasio\" \/>\n<meta name=\"robots\" content=\"index, follow, max-snippet:-1, max-image-preview:large, max-video-preview:-1\" \/>\n<link rel=\"canonical\" href=\"https:\/\/exaudi.org\/it\/ambasciatore-ucciso-in-congo-cordoglio-del-papa\/\" \/>\n<meta property=\"og:locale\" content=\"it_IT\" \/>\n<meta property=\"og:type\" content=\"article\" \/>\n<meta property=\"og:title\" content=\"Ambasciatore ucciso in Congo: cordoglio del Papa &#8211; Exaudi\" \/>\n<meta property=\"og:description\" content=\"Il Papa ha espresso in un telegramma il suo cordoglio al Presidente della Repubblica Mattarella per l&#039;omicidio dell&#039;ambasciatore Attanasio\" \/>\n<meta property=\"og:url\" content=\"https:\/\/exaudi.org\/it\/ambasciatore-ucciso-in-congo-cordoglio-del-papa\/\" \/>\n<meta property=\"og:site_name\" content=\"Exaudi\" \/>\n<meta property=\"article:publisher\" content=\"https:\/\/www.facebook.com\/ExaudiNews\" \/>\n<meta property=\"article:published_time\" content=\"2021-02-24T11:14:18+00:00\" \/>\n<meta property=\"og:image\" content=\"https:\/\/exaudi.org\/wp-content\/uploads\/2021\/02\/luca_attanasio.jpg\" \/>\n\t<meta property=\"og:image:width\" content=\"925\" \/>\n\t<meta property=\"og:image:height\" content=\"1280\" \/>\n\t<meta property=\"og:image:type\" content=\"image\/jpeg\" \/>\n<meta name=\"author\" content=\"Andrea Acali\" \/>\n<meta name=\"twitter:card\" content=\"summary_large_image\" \/>\n<meta name=\"twitter:creator\" content=\"@Exaudi_News\" \/>\n<meta name=\"twitter:site\" content=\"@Exaudi_News\" \/>\n<meta name=\"twitter:label1\" content=\"Scritto da\" \/>\n\t<meta name=\"twitter:data1\" content=\"Andrea Acali\" \/>\n\t<meta name=\"twitter:label2\" content=\"Tempo di lettura stimato\" \/>\n\t<meta name=\"twitter:data2\" content=\"2 minuti\" \/>\n<script type=\"application\/ld+json\" class=\"yoast-schema-graph\">{\"@context\":\"https:\\\/\\\/schema.org\",\"@graph\":[{\"@type\":\"Article\",\"@id\":\"https:\\\/\\\/exaudi.org\\\/it\\\/ambasciatore-ucciso-in-congo-cordoglio-del-papa\\\/#article\",\"isPartOf\":{\"@id\":\"https:\\\/\\\/exaudi.org\\\/it\\\/ambasciatore-ucciso-in-congo-cordoglio-del-papa\\\/\"},\"author\":{\"name\":\"Andrea Acali\",\"@id\":\"https:\\\/\\\/exaudi.org\\\/#\\\/schema\\\/person\\\/127735be832481a6d3c410c5837bb61a\"},\"headline\":\"Ambasciatore ucciso in Congo: cordoglio del Papa\",\"datePublished\":\"2021-02-24T11:14:18+00:00\",\"mainEntityOfPage\":{\"@id\":\"https:\\\/\\\/exaudi.org\\\/it\\\/ambasciatore-ucciso-in-congo-cordoglio-del-papa\\\/\"},\"wordCount\":372,\"image\":{\"@id\":\"https:\\\/\\\/exaudi.org\\\/it\\\/ambasciatore-ucciso-in-congo-cordoglio-del-papa\\\/#primaryimage\"},\"thumbnailUrl\":\"https:\\\/\\\/exaudi.org\\\/wp-content\\\/uploads\\\/2021\\\/02\\\/luca_attanasio.jpg\",\"keywords\":[\"Attanasio\",\"Comunit\u00e0 di S. Egidio\",\"Papa Francesco\"],\"articleSection\":[\"Leone XIV\",\"Messaggi\"],\"inLanguage\":\"it-IT\"},{\"@type\":\"WebPage\",\"@id\":\"https:\\\/\\\/exaudi.org\\\/it\\\/ambasciatore-ucciso-in-congo-cordoglio-del-papa\\\/\",\"url\":\"https:\\\/\\\/exaudi.org\\\/it\\\/ambasciatore-ucciso-in-congo-cordoglio-del-papa\\\/\",\"name\":\"Ambasciatore ucciso in Congo: cordoglio del Papa &#8211; Exaudi\",\"isPartOf\":{\"@id\":\"https:\\\/\\\/exaudi.org\\\/#website\"},\"primaryImageOfPage\":{\"@id\":\"https:\\\/\\\/exaudi.org\\\/it\\\/ambasciatore-ucciso-in-congo-cordoglio-del-papa\\\/#primaryimage\"},\"image\":{\"@id\":\"https:\\\/\\\/exaudi.org\\\/it\\\/ambasciatore-ucciso-in-congo-cordoglio-del-papa\\\/#primaryimage\"},\"thumbnailUrl\":\"https:\\\/\\\/exaudi.org\\\/wp-content\\\/uploads\\\/2021\\\/02\\\/luca_attanasio.jpg\",\"datePublished\":\"2021-02-24T11:14:18+00:00\",\"author\":{\"@id\":\"https:\\\/\\\/exaudi.org\\\/#\\\/schema\\\/person\\\/127735be832481a6d3c410c5837bb61a\"},\"description\":\"Il Papa ha espresso in un telegramma il suo cordoglio al Presidente della Repubblica Mattarella per l'omicidio dell'ambasciatore Attanasio\",\"breadcrumb\":{\"@id\":\"https:\\\/\\\/exaudi.org\\\/it\\\/ambasciatore-ucciso-in-congo-cordoglio-del-papa\\\/#breadcrumb\"},\"inLanguage\":\"it-IT\",\"potentialAction\":[{\"@type\":\"ReadAction\",\"target\":[\"https:\\\/\\\/exaudi.org\\\/it\\\/ambasciatore-ucciso-in-congo-cordoglio-del-papa\\\/\"]}]},{\"@type\":\"ImageObject\",\"inLanguage\":\"it-IT\",\"@id\":\"https:\\\/\\\/exaudi.org\\\/it\\\/ambasciatore-ucciso-in-congo-cordoglio-del-papa\\\/#primaryimage\",\"url\":\"https:\\\/\\\/exaudi.org\\\/wp-content\\\/uploads\\\/2021\\\/02\\\/luca_attanasio.jpg\",\"contentUrl\":\"https:\\\/\\\/exaudi.org\\\/wp-content\\\/uploads\\\/2021\\\/02\\\/luca_attanasio.jpg\",\"width\":925,\"height\":1280,\"caption\":\"L'ambasciatore Luca Attanasio (dal sito del ministero degli Affari Esteri)\"},{\"@type\":\"BreadcrumbList\",\"@id\":\"https:\\\/\\\/exaudi.org\\\/it\\\/ambasciatore-ucciso-in-congo-cordoglio-del-papa\\\/#breadcrumb\",\"itemListElement\":[{\"@type\":\"ListItem\",\"position\":1,\"name\":\"Portada\",\"item\":\"https:\\\/\\\/exaudi.org\\\/it\\\/\"},{\"@type\":\"ListItem\",\"position\":2,\"name\":\"Ambasciatore ucciso in Congo: cordoglio del Papa\"}]},{\"@type\":\"WebSite\",\"@id\":\"https:\\\/\\\/exaudi.org\\\/#website\",\"url\":\"https:\\\/\\\/exaudi.org\\\/\",\"name\":\"Exaudi\",\"description\":\"News\",\"potentialAction\":[{\"@type\":\"SearchAction\",\"target\":{\"@type\":\"EntryPoint\",\"urlTemplate\":\"https:\\\/\\\/exaudi.org\\\/?s={search_term_string}\"},\"query-input\":{\"@type\":\"PropertyValueSpecification\",\"valueRequired\":true,\"valueName\":\"search_term_string\"}}],\"inLanguage\":\"it-IT\"},{\"@type\":\"Person\",\"@id\":\"https:\\\/\\\/exaudi.org\\\/#\\\/schema\\\/person\\\/127735be832481a6d3c410c5837bb61a\",\"name\":\"Andrea Acali\",\"image\":{\"@type\":\"ImageObject\",\"inLanguage\":\"it-IT\",\"@id\":\"https:\\\/\\\/secure.gravatar.com\\\/avatar\\\/2abf8e528c4f8c571ab456e5ef9ac66b04b987863e3ab3fd9546150699bb9259?s=96&d=mm&r=g\",\"url\":\"https:\\\/\\\/secure.gravatar.com\\\/avatar\\\/2abf8e528c4f8c571ab456e5ef9ac66b04b987863e3ab3fd9546150699bb9259?s=96&d=mm&r=g\",\"contentUrl\":\"https:\\\/\\\/secure.gravatar.com\\\/avatar\\\/2abf8e528c4f8c571ab456e5ef9ac66b04b987863e3ab3fd9546150699bb9259?s=96&d=mm&r=g\",\"caption\":\"Andrea Acali\"},\"description\":\"Andrea Acali es un periodista y comunicador italiano con una larga trayectoria en el \u00e1mbito de la informaci\u00f3n religiosa, social y deportiva. Durante casi treinta a\u00f1os trabaj\u00f3 en el diario Il Tempo como vaticanista y jefe de secci\u00f3n, especializ\u00e1ndose en la cobertura de la actualidad del Vaticano y de la Iglesia cat\u00f3lica. Desde 2016 colabora como periodista web en RomaSette y tambi\u00e9n escribe para el peri\u00f3dico Avvenire. Desde 2019 ejerce como comunicador en la Delegazione della Generalitat de Catalunya in Italia, con sede en Roma, donde combina su experiencia period\u00edstica con la comunicaci\u00f3n institucional\",\"sameAs\":[\"https:\\\/\\\/www.linkedin.com\\\/in\\\/andrea-acali-505567125\\\/?originalSubdomain=it\"],\"url\":\"https:\\\/\\\/exaudi.org\\\/it\\\/author\\\/aacaliexaudi-org\\\/\"}]}<\/script>\n<!-- \/ Yoast SEO plugin. -->","yoast_head_json":{"title":"Ambasciatore ucciso in Congo: cordoglio del Papa &#8211; Exaudi","description":"Il Papa ha espresso in un telegramma il suo cordoglio al Presidente della Repubblica Mattarella per l'omicidio dell'ambasciatore Attanasio","robots":{"index":"index","follow":"follow","max-snippet":"max-snippet:-1","max-image-preview":"max-image-preview:large","max-video-preview":"max-video-preview:-1"},"canonical":"https:\/\/exaudi.org\/it\/ambasciatore-ucciso-in-congo-cordoglio-del-papa\/","og_locale":"it_IT","og_type":"article","og_title":"Ambasciatore ucciso in Congo: cordoglio del Papa &#8211; Exaudi","og_description":"Il Papa ha espresso in un telegramma il suo cordoglio al Presidente della Repubblica Mattarella per l'omicidio dell'ambasciatore Attanasio","og_url":"https:\/\/exaudi.org\/it\/ambasciatore-ucciso-in-congo-cordoglio-del-papa\/","og_site_name":"Exaudi","article_publisher":"https:\/\/www.facebook.com\/ExaudiNews","article_published_time":"2021-02-24T11:14:18+00:00","og_image":[{"width":925,"height":1280,"url":"https:\/\/exaudi.org\/wp-content\/uploads\/2021\/02\/luca_attanasio.jpg","type":"image\/jpeg"}],"author":"Andrea Acali","twitter_card":"summary_large_image","twitter_creator":"@Exaudi_News","twitter_site":"@Exaudi_News","twitter_misc":{"Scritto da":"Andrea Acali","Tempo di lettura stimato":"2 minuti"},"schema":{"@context":"https:\/\/schema.org","@graph":[{"@type":"Article","@id":"https:\/\/exaudi.org\/it\/ambasciatore-ucciso-in-congo-cordoglio-del-papa\/#article","isPartOf":{"@id":"https:\/\/exaudi.org\/it\/ambasciatore-ucciso-in-congo-cordoglio-del-papa\/"},"author":{"name":"Andrea Acali","@id":"https:\/\/exaudi.org\/#\/schema\/person\/127735be832481a6d3c410c5837bb61a"},"headline":"Ambasciatore ucciso in Congo: cordoglio del Papa","datePublished":"2021-02-24T11:14:18+00:00","mainEntityOfPage":{"@id":"https:\/\/exaudi.org\/it\/ambasciatore-ucciso-in-congo-cordoglio-del-papa\/"},"wordCount":372,"image":{"@id":"https:\/\/exaudi.org\/it\/ambasciatore-ucciso-in-congo-cordoglio-del-papa\/#primaryimage"},"thumbnailUrl":"https:\/\/exaudi.org\/wp-content\/uploads\/2021\/02\/luca_attanasio.jpg","keywords":["Attanasio","Comunit\u00e0 di S. Egidio","Papa Francesco"],"articleSection":["Leone XIV","Messaggi"],"inLanguage":"it-IT"},{"@type":"WebPage","@id":"https:\/\/exaudi.org\/it\/ambasciatore-ucciso-in-congo-cordoglio-del-papa\/","url":"https:\/\/exaudi.org\/it\/ambasciatore-ucciso-in-congo-cordoglio-del-papa\/","name":"Ambasciatore ucciso in Congo: cordoglio del Papa &#8211; Exaudi","isPartOf":{"@id":"https:\/\/exaudi.org\/#website"},"primaryImageOfPage":{"@id":"https:\/\/exaudi.org\/it\/ambasciatore-ucciso-in-congo-cordoglio-del-papa\/#primaryimage"},"image":{"@id":"https:\/\/exaudi.org\/it\/ambasciatore-ucciso-in-congo-cordoglio-del-papa\/#primaryimage"},"thumbnailUrl":"https:\/\/exaudi.org\/wp-content\/uploads\/2021\/02\/luca_attanasio.jpg","datePublished":"2021-02-24T11:14:18+00:00","author":{"@id":"https:\/\/exaudi.org\/#\/schema\/person\/127735be832481a6d3c410c5837bb61a"},"description":"Il Papa ha espresso in un telegramma il suo cordoglio al Presidente della Repubblica Mattarella per l'omicidio dell'ambasciatore Attanasio","breadcrumb":{"@id":"https:\/\/exaudi.org\/it\/ambasciatore-ucciso-in-congo-cordoglio-del-papa\/#breadcrumb"},"inLanguage":"it-IT","potentialAction":[{"@type":"ReadAction","target":["https:\/\/exaudi.org\/it\/ambasciatore-ucciso-in-congo-cordoglio-del-papa\/"]}]},{"@type":"ImageObject","inLanguage":"it-IT","@id":"https:\/\/exaudi.org\/it\/ambasciatore-ucciso-in-congo-cordoglio-del-papa\/#primaryimage","url":"https:\/\/exaudi.org\/wp-content\/uploads\/2021\/02\/luca_attanasio.jpg","contentUrl":"https:\/\/exaudi.org\/wp-content\/uploads\/2021\/02\/luca_attanasio.jpg","width":925,"height":1280,"caption":"L'ambasciatore Luca Attanasio (dal sito del ministero degli Affari Esteri)"},{"@type":"BreadcrumbList","@id":"https:\/\/exaudi.org\/it\/ambasciatore-ucciso-in-congo-cordoglio-del-papa\/#breadcrumb","itemListElement":[{"@type":"ListItem","position":1,"name":"Portada","item":"https:\/\/exaudi.org\/it\/"},{"@type":"ListItem","position":2,"name":"Ambasciatore ucciso in Congo: cordoglio del Papa"}]},{"@type":"WebSite","@id":"https:\/\/exaudi.org\/#website","url":"https:\/\/exaudi.org\/","name":"Exaudi","description":"News","potentialAction":[{"@type":"SearchAction","target":{"@type":"EntryPoint","urlTemplate":"https:\/\/exaudi.org\/?s={search_term_string}"},"query-input":{"@type":"PropertyValueSpecification","valueRequired":true,"valueName":"search_term_string"}}],"inLanguage":"it-IT"},{"@type":"Person","@id":"https:\/\/exaudi.org\/#\/schema\/person\/127735be832481a6d3c410c5837bb61a","name":"Andrea Acali","image":{"@type":"ImageObject","inLanguage":"it-IT","@id":"https:\/\/secure.gravatar.com\/avatar\/2abf8e528c4f8c571ab456e5ef9ac66b04b987863e3ab3fd9546150699bb9259?s=96&d=mm&r=g","url":"https:\/\/secure.gravatar.com\/avatar\/2abf8e528c4f8c571ab456e5ef9ac66b04b987863e3ab3fd9546150699bb9259?s=96&d=mm&r=g","contentUrl":"https:\/\/secure.gravatar.com\/avatar\/2abf8e528c4f8c571ab456e5ef9ac66b04b987863e3ab3fd9546150699bb9259?s=96&d=mm&r=g","caption":"Andrea Acali"},"description":"Andrea Acali es un periodista y comunicador italiano con una larga trayectoria en el \u00e1mbito de la informaci\u00f3n religiosa, social y deportiva. Durante casi treinta a\u00f1os trabaj\u00f3 en el diario Il Tempo como vaticanista y jefe de secci\u00f3n, especializ\u00e1ndose en la cobertura de la actualidad del Vaticano y de la Iglesia cat\u00f3lica. Desde 2016 colabora como periodista web en RomaSette y tambi\u00e9n escribe para el peri\u00f3dico Avvenire. Desde 2019 ejerce como comunicador en la Delegazione della Generalitat de Catalunya in Italia, con sede en Roma, donde combina su experiencia period\u00edstica con la comunicaci\u00f3n institucional","sameAs":["https:\/\/www.linkedin.com\/in\/andrea-acali-505567125\/?originalSubdomain=it"],"url":"https:\/\/exaudi.org\/it\/author\/aacaliexaudi-org\/"}]}},"jetpack_featured_media_url":"https:\/\/exaudi.org\/wp-content\/uploads\/2021\/02\/luca_attanasio.jpg","jetpack_shortlink":"https:\/\/wp.me\/pgKjF2-t9","_links":{"self":[{"href":"https:\/\/exaudi.org\/it\/wp-json\/wp\/v2\/posts\/1807","targetHints":{"allow":["GET"]}}],"collection":[{"href":"https:\/\/exaudi.org\/it\/wp-json\/wp\/v2\/posts"}],"about":[{"href":"https:\/\/exaudi.org\/it\/wp-json\/wp\/v2\/types\/post"}],"author":[{"embeddable":true,"href":"https:\/\/exaudi.org\/it\/wp-json\/wp\/v2\/users\/18"}],"replies":[{"embeddable":true,"href":"https:\/\/exaudi.org\/it\/wp-json\/wp\/v2\/comments?post=1807"}],"version-history":[{"count":0,"href":"https:\/\/exaudi.org\/it\/wp-json\/wp\/v2\/posts\/1807\/revisions"}],"wp:featuredmedia":[{"embeddable":true,"href":"https:\/\/exaudi.org\/it\/wp-json\/wp\/v2\/media\/1815"}],"wp:attachment":[{"href":"https:\/\/exaudi.org\/it\/wp-json\/wp\/v2\/media?parent=1807"}],"wp:term":[{"taxonomy":"category","embeddable":true,"href":"https:\/\/exaudi.org\/it\/wp-json\/wp\/v2\/categories?post=1807"},{"taxonomy":"post_tag","embeddable":true,"href":"https:\/\/exaudi.org\/it\/wp-json\/wp\/v2\/tags?post=1807"}],"curies":[{"name":"wp","href":"https:\/\/api.w.org\/{rel}","templated":true}]}}