{"id":180290,"date":"2026-07-26T14:50:28","date_gmt":"2026-07-26T12:50:28","guid":{"rendered":"https:\/\/exaudi.org\/?p=180290"},"modified":"2026-07-26T14:50:28","modified_gmt":"2026-07-26T12:50:28","slug":"gesu-e-il-tesoro-nascosto-la-perla-preziosa-la-rete-che-raccoglie-i-dispersi","status":"publish","type":"post","link":"https:\/\/exaudi.org\/it\/gesu-e-il-tesoro-nascosto-la-perla-preziosa-la-rete-che-raccoglie-i-dispersi\/","title":{"rendered":"&#8220;Ges\u00f9 \u00e8 il tesoro nascosto, la perla preziosa, la rete che raccoglie i dispersi&#8221;"},"content":{"rendered":"<div>\n<p>Oggi a mezzogiorno, diciassettesima domenica del Tempo Ordinario, Papa Leone XIV si \u00e8 recato in Piazza della Libert\u00e0 a Castel Gandolfo per recitare l&#8217;Angelus con i fedeli e i pellegrini riuniti davanti al Palazzo Apostolico delle Ville Pontificie.<\/p>\n<p>Il Papa ha ricordato loro che nella Chiesa tutti gli uomini sono \u00abchiamati a riconoscersi come una cosa sola in Ges\u00f9 Cristo: Egli \u00e8 il tesoro nascosto, la perla preziosa, la rete che raccoglie i dispersi\u00bb.<\/p>\n<\/div>\n<h3><strong><span dir=\"auto\" style=\"vertical-align: inherit\">Parole del Papa<\/span><\/strong><\/h3>\n<p><i>Cari fratelli e sorelle, buona domenica!<\/i><\/p>\n<p>Al centro dell\u2019insegnamento di Ges\u00f9 c\u2019\u00e8 il mistero del Regno di Dio, che il Vangelo di oggi paragona a una perla e a un tesoro (cfr\u00a0<i>Mt<\/i>\u00a013,44-52). Le parabole lasciano intendere la sorpresa di chi trova ci\u00f2 che non poteva neanche sperare, al punto che vendere o lasciare tutto non appare ormai una rinuncia, ma un guadagno. In effetti, sin dalle prime pagine, gli evangelisti descrivono la chiamata di Ges\u00f9 a seguirlo come irresistibile: libera, certo, ma urgente e capace di suscitare una risposta pronta e mossa dal desiderio. \u00c8 questo un primo aspetto importante del modo in cui Dio \u00e8 vicino e si fa trovare: l\u2019incontro col suo Regno \u00e8 una svolta che non restringe, ma allarga la vita. Se qualcosa deve ora cambiare, \u00e8 per un di pi\u00f9 di possibilit\u00e0, non per un di meno.<\/p>\n<p>Vi \u00e8 un secondo aspetto, cui Ges\u00f9 sembra dare molta importanza: a trovare il tesoro nascosto nel campo \u00e8 probabilmente un contadino; la perla, invece, \u00e8 riconosciuta di grande valore da un mercante, forse un viaggiatore. Seguono altre due parabole in cui i protagonisti sono dei pescatori e uno scriba esperto di cose antiche e nuove. Ve ne sono altre, poi, in cui il Regno si lascia scorgere in una donna che impasta la farina, in un\u2019altra che riordina la casa, in un re che pianifica la guerra, in un uomo che progetta una torre, in amministratori che gestiscono pagamenti o investimenti, in pastori e agricoltori. Insomma, il Regno di Dio rivela la sua inestimabile bellezza su strade diverse, ma chiama tutti \u2013 uomini e donne, giovani e anziani, poveri e ricchi \u2013 a un profondo rinnovamento. Tutti lo possono comprendere e ne sono attratti.<\/p>\n<p>Anche oggi la Chiesa \u00e8 comunione di persone diverse per origine, per cultura, per competenze, per livello di responsabilit\u00e0, ma tutte chiamate a riconoscersi \u201cuno\u201d in Ges\u00f9 Cristo: \u00e8 Lui il tesoro nascosto, la perla preziosa, la rete che raccoglie chi \u00e8 disperso. Dal principio, infatti, Ges\u00f9 ha chiamato e radunato attorno a s\u00e9 persone che, altrimenti, non si sarebbero mai frequentate. Proprio cos\u00ec ha mostrato che Dio non fa preferenza di persone e che la sua elezione \u00e8 predilezione, specialmente per chi \u00e8 piccolo e scartato.<\/p>\n<p>Fratelli e sorelle, non ci resta che chiedere un dono, lo stesso invocato dal giovane re Salomone (cfr\u00a0<i>1Re<\/i>\u00a03,5.7-12). \u00c8 il dono di distinguere la perla di grande valore, di saper riconoscere il tesoro per cui vale la pena di vendere tutto. Mentre l\u2019industria dei consumi ci modifica il palato, suscitando sempre nuovi bisogni per poi venderci risposte che non saziano e talvolta avvelenano il cuore, dobbiamo imparare a cogliere ci\u00f2 che conta davvero, il tesoro della relazione con Dio che ci apre alla gioia e ci aiuta a vivere al meglio le relazioni tra di noi.<\/p>\n<p>L\u2019intercessione di Maria, Sede della Sapienza, orienti a Ges\u00f9 il nostro desiderio di vita, perch\u00e9 si realizzi in pienezza.<\/p>\n<p>_________________________<\/p>\n<p><b>Dopo l&#8217;<i>Angelus<\/i><\/b><\/p>\n<p><i>Cari fratelli e sorelle,<\/i><\/p>\n<p>ieri, in Libano, \u00e8 stato beatificato\u00a0<a href=\"https:\/\/www.causesanti.va\/it\/santi-e-beati\/elia-hoyek.html\">Elia Hoayek<\/a>, Patriarca di Antiochia dei Maroniti dal 1899 al 1931 e Fondatore della Congregazione delle Suore Maronite della Santa Famiglia. Ha guidato per pi\u00f9 di trent\u2019anni la Chiesa Maronita con grande dedizione e sensibilit\u00e0 pastorale. Uomo di dialogo e di speranza, \u00e8 stato un luminoso punto di riferimento ecclesiale, sociale e politico, tanto da essere chiamato \u201cPadre del Grande Libano\u201d. La preghiera e l\u2019intercessione del nuovo Beato, accompagnino sempre i fedeli Maroniti in tutto il mondo e ottengano il dono della pace per l\u2019intero popolo del Libano, a me tanto caro.<\/p>\n<p>Seguo con apprensione il perdurare e l\u2019inasprirsi della violenza in Terra Santa, di cui ultimamente sono state vittime anche molti civili, in Cisgiordania e a Gaza. Rivolgo un accorato appello affinch\u00e9 si torni a negoziare un\u2019equa soluzione politica, fondata sulla pari dignit\u00e0 e gli uguali diritti di ogni persona umana, e a rigettare nuove azioni militari e decisioni unilaterali, in particolare quelle che violano il rispetto e lo\u00a0<i>status quo<\/i>\u00a0dei luoghi santi di ogni fede religiosa.<\/p>\n<p>Rinnovo altres\u00ec il mio appello circa la situazione in tutto il Medio Oriente, dove un intensificarsi delle operazioni militari ha riportato violenza e distruzione, mettendo gravemente a rischio la vita di numerosi civili e aggravando la carenza di acqua potabile ed elettricit\u00e0. Dal profondo del cuore esorto tutte le parti coinvolte a sospendere gli attacchi e a riaprire con urgenza spazi di dialogo e diplomazia, per giungere quanto prima alla pace, tanto desiderata per tutta la regione.<\/p>\n<p>Continuiamo a pregare per tutti i popoli che nel mondo soffrono a causa della guerra. Possa il Signore toccare i cuori e illuminare le menti dei responsabili, perch\u00e9 presto si giunga alla riconciliazione e alla pace.<\/p>\n<p>A fronte dei devastanti incendi che in questi giorni hanno interessato varie localit\u00e0 della Francia e della Spagna, manifesto la mia vicinanza e invito tutti a pregare per le persone colpite e per il lavoro dei soccorritori.<\/p>\n<p>Oggi si celebra la VI Giornata Mondiale dei Nonni e degli Anziani, che\u00a0<a href=\"https:\/\/www.vatican.va\/content\/leo-xiv\/it\/messages\/grandparents\/documents\/20260615-messaggio-nonni-anziani.html\">ha come tema<\/a>\u00a0le parole del Profeta Isaia: \u00abIo invece non ti dimenticher\u00f2 mai\u00bb (<i>Is<\/i>\u00a049,15). Ringraziamo insieme il Signore per il dono che gli anziani sono per la Chiesa e per la societ\u00e0, e impegniamoci a rispettarne e valorizzarne il ruolo prezioso e a garantire loro, sempre, la giusta attenzione e assistenza.<\/p>\n<p>Saluto con affetto tutti voi, qui presenti, residenti e provenienti da varie parti d\u2019Italia e del mondo!<\/p>\n<p>Rivolgo un particolare benvenuto ai pellegrini appartenenti all\u2019Opera della Chiesa e ai Vescovi che li accompagnano;<b>\u00a0<\/b>un benvenuto e un saluto<b>\u00a0<\/b>ai bambini provenienti dalla \u201cCasa della Misericordia\u201d di Chortkiv, in Ucraina, ospiti presso la Parrocchia di San Michele Arcangelo di Nocera Superiore; agli adolescenti della Parrocchia di Manerbio; ai partecipanti all\u2019Incontro Internazionale dei Giovani organizzato nel bicentenario della morte di Santa Giovanna Antida Thouret; ai giovani pellegrini del movimento di studenti cattolici\u00a0<i>\u00d6nze-Lieve-Vrouw Ster-Der-Zee\u00a0<\/i>di Maldegem, in Belgio, come pure agli allievi della Scuola Allievi Carabinieri di Velletri, accompagnati dal Cappellano e dai loro Officiali.<\/p>\n<p>Saluto i membri della<i>\u00a0Catholic Men Association of Cameroon<\/i>. Rivolgo un particolare pensiero ai partecipanti alla Sagra delle Pesche di Castel Gandolfo, che sono venuti portando i loro frutti per la Benedizione.<\/p>\n<p>Stasera a Roma, sul Tevere, si terr\u00e0 la processione della Madonna \u201cfiumarola\u201d: Maria, Madre di Ges\u00f9, ottenga ai partecipanti a questa bella tradizione e a tutti noi di vivere ogni giorno secondo gli insegnamenti del Vangelo!<\/p>\n<p>E<b>\u00a0<\/b>a tutti voi auguro di cuore una buona domenica!<\/p>\n","protected":false},"excerpt":{"rendered":"<p>Parole del Papa all&#8217;Angelus<\/p>\n","protected":false},"author":17,"featured_media":180332,"comment_status":"closed","ping_status":"closed","sticky":false,"template":"","format":"standard","meta":{"_acf_changed":false,"inline_featured_image":false,"_wpcom_ai_launchpad_first_post":false,"footnotes":"","jetpack_post_was_ever_published":false},"categories":[69,67],"tags":[95245,250,64851,7626,64910,6252],"class_list":["post-180290","post","type-post","status-publish","format-standard","has-post-thumbnail","hentry","category-angelus-it","category-leone-xiv","tag-26-luglio-2026","tag-angelus-it","tag-featured-it-2","tag-featured-it","tag-leone-xiv-it","tag-santa-sede-it"],"acf":[],"yoast_head":"<!-- This site is optimized with the Yoast SEO plugin v28.4 - https:\/\/yoast.com\/product\/yoast-seo-wordpress\/ -->\n<title>&quot;Ges\u00f9 \u00e8 il tesoro nascosto, la perla preziosa, la rete che raccoglie i dispersi&quot; &#8211; Exaudi<\/title>\n<meta name=\"robots\" content=\"index, follow, max-snippet:-1, max-image-preview:large, max-video-preview:-1\" \/>\n<link rel=\"canonical\" href=\"https:\/\/exaudi.org\/it\/gesu-e-il-tesoro-nascosto-la-perla-preziosa-la-rete-che-raccoglie-i-dispersi\/\" \/>\n<meta property=\"og:locale\" content=\"it_IT\" \/>\n<meta property=\"og:type\" content=\"article\" \/>\n<meta property=\"og:title\" content=\"&quot;Ges\u00f9 \u00e8 il tesoro nascosto, la perla preziosa, la rete che raccoglie i dispersi&quot; &#8211; Exaudi\" \/>\n<meta property=\"og:description\" content=\"Parole del Papa all&#039;Angelus\" \/>\n<meta property=\"og:url\" content=\"https:\/\/exaudi.org\/it\/gesu-e-il-tesoro-nascosto-la-perla-preziosa-la-rete-che-raccoglie-i-dispersi\/\" \/>\n<meta property=\"og:site_name\" content=\"Exaudi\" \/>\n<meta property=\"article:publisher\" content=\"https:\/\/www.facebook.com\/ExaudiNews\" \/>\n<meta property=\"article:author\" content=\"https:\/\/www.facebook.com\/ExaudiNotizie\/\" \/>\n<meta property=\"article:published_time\" content=\"2026-07-26T12:50:28+00:00\" \/>\n<meta property=\"og:image\" content=\"https:\/\/exaudi.org\/wp-content\/uploads\/2026\/07\/IMG-20260726-WA0084.jpg\" \/>\n\t<meta property=\"og:image:width\" content=\"750\" \/>\n\t<meta property=\"og:image:height\" content=\"422\" \/>\n\t<meta property=\"og:image:type\" content=\"image\/jpeg\" \/>\n<meta name=\"author\" content=\"Exaudi Redazione\" \/>\n<meta name=\"twitter:card\" content=\"summary_large_image\" \/>\n<meta name=\"twitter:creator\" content=\"@Exaudi_Notizie\" \/>\n<meta name=\"twitter:site\" content=\"@Exaudi_News\" \/>\n<meta name=\"twitter:label1\" content=\"Scritto da\" \/>\n\t<meta name=\"twitter:data1\" content=\"Exaudi Redazione\" \/>\n\t<meta name=\"twitter:label2\" content=\"Tempo di lettura stimato\" \/>\n\t<meta name=\"twitter:data2\" content=\"6 minuti\" \/>\n<script type=\"application\/ld+json\" class=\"yoast-schema-graph\">{\"@context\":\"https:\\\/\\\/schema.org\",\"@graph\":[{\"@type\":\"Article\",\"@id\":\"https:\\\/\\\/exaudi.org\\\/it\\\/gesu-e-il-tesoro-nascosto-la-perla-preziosa-la-rete-che-raccoglie-i-dispersi\\\/#article\",\"isPartOf\":{\"@id\":\"https:\\\/\\\/exaudi.org\\\/it\\\/gesu-e-il-tesoro-nascosto-la-perla-preziosa-la-rete-che-raccoglie-i-dispersi\\\/\"},\"author\":{\"name\":\"Exaudi Redazione\",\"@id\":\"https:\\\/\\\/exaudi.org\\\/#\\\/schema\\\/person\\\/e1ab6ed07c01774724dd96f925f3a5f0\"},\"headline\":\"&#8220;Ges\u00f9 \u00e8 il tesoro nascosto, la perla preziosa, la rete che raccoglie i dispersi&#8221;\",\"datePublished\":\"2026-07-26T12:50:28+00:00\",\"mainEntityOfPage\":{\"@id\":\"https:\\\/\\\/exaudi.org\\\/it\\\/gesu-e-il-tesoro-nascosto-la-perla-preziosa-la-rete-che-raccoglie-i-dispersi\\\/\"},\"wordCount\":1164,\"image\":{\"@id\":\"https:\\\/\\\/exaudi.org\\\/it\\\/gesu-e-il-tesoro-nascosto-la-perla-preziosa-la-rete-che-raccoglie-i-dispersi\\\/#primaryimage\"},\"thumbnailUrl\":\"https:\\\/\\\/i0.wp.com\\\/exaudi.org\\\/wp-content\\\/uploads\\\/2026\\\/07\\\/IMG-20260726-WA0084.jpg?fit=750%2C422&ssl=1\",\"keywords\":[\"26 luglio 2026\",\"\u00e1ngelus\",\"Featured\",\"Featured\",\"Leone XIV\",\"Santa Sede\"],\"articleSection\":[\"Angelus\",\"Leone XIV\"],\"inLanguage\":\"it-IT\"},{\"@type\":\"WebPage\",\"@id\":\"https:\\\/\\\/exaudi.org\\\/it\\\/gesu-e-il-tesoro-nascosto-la-perla-preziosa-la-rete-che-raccoglie-i-dispersi\\\/\",\"url\":\"https:\\\/\\\/exaudi.org\\\/it\\\/gesu-e-il-tesoro-nascosto-la-perla-preziosa-la-rete-che-raccoglie-i-dispersi\\\/\",\"name\":\"\\\"Ges\u00f9 \u00e8 il tesoro nascosto, la perla preziosa, la rete che raccoglie i dispersi\\\" &#8211; Exaudi\",\"isPartOf\":{\"@id\":\"https:\\\/\\\/exaudi.org\\\/#website\"},\"primaryImageOfPage\":{\"@id\":\"https:\\\/\\\/exaudi.org\\\/it\\\/gesu-e-il-tesoro-nascosto-la-perla-preziosa-la-rete-che-raccoglie-i-dispersi\\\/#primaryimage\"},\"image\":{\"@id\":\"https:\\\/\\\/exaudi.org\\\/it\\\/gesu-e-il-tesoro-nascosto-la-perla-preziosa-la-rete-che-raccoglie-i-dispersi\\\/#primaryimage\"},\"thumbnailUrl\":\"https:\\\/\\\/i0.wp.com\\\/exaudi.org\\\/wp-content\\\/uploads\\\/2026\\\/07\\\/IMG-20260726-WA0084.jpg?fit=750%2C422&ssl=1\",\"datePublished\":\"2026-07-26T12:50:28+00:00\",\"author\":{\"@id\":\"https:\\\/\\\/exaudi.org\\\/#\\\/schema\\\/person\\\/e1ab6ed07c01774724dd96f925f3a5f0\"},\"breadcrumb\":{\"@id\":\"https:\\\/\\\/exaudi.org\\\/it\\\/gesu-e-il-tesoro-nascosto-la-perla-preziosa-la-rete-che-raccoglie-i-dispersi\\\/#breadcrumb\"},\"inLanguage\":\"it-IT\",\"potentialAction\":[{\"@type\":\"ReadAction\",\"target\":[\"https:\\\/\\\/exaudi.org\\\/it\\\/gesu-e-il-tesoro-nascosto-la-perla-preziosa-la-rete-che-raccoglie-i-dispersi\\\/\"]}]},{\"@type\":\"ImageObject\",\"inLanguage\":\"it-IT\",\"@id\":\"https:\\\/\\\/exaudi.org\\\/it\\\/gesu-e-il-tesoro-nascosto-la-perla-preziosa-la-rete-che-raccoglie-i-dispersi\\\/#primaryimage\",\"url\":\"https:\\\/\\\/i0.wp.com\\\/exaudi.org\\\/wp-content\\\/uploads\\\/2026\\\/07\\\/IMG-20260726-WA0084.jpg?fit=750%2C422&ssl=1\",\"contentUrl\":\"https:\\\/\\\/i0.wp.com\\\/exaudi.org\\\/wp-content\\\/uploads\\\/2026\\\/07\\\/IMG-20260726-WA0084.jpg?fit=750%2C422&ssl=1\",\"width\":750,\"height\":422},{\"@type\":\"BreadcrumbList\",\"@id\":\"https:\\\/\\\/exaudi.org\\\/it\\\/gesu-e-il-tesoro-nascosto-la-perla-preziosa-la-rete-che-raccoglie-i-dispersi\\\/#breadcrumb\",\"itemListElement\":[{\"@type\":\"ListItem\",\"position\":1,\"name\":\"Portada\",\"item\":\"https:\\\/\\\/exaudi.org\\\/it\\\/\"},{\"@type\":\"ListItem\",\"position\":2,\"name\":\"\u00abGes\u00f9 \u00e8 il tesoro nascosto, la perla preziosa, la rete che raccoglie i dispersi\u00bb\"}]},{\"@type\":\"WebSite\",\"@id\":\"https:\\\/\\\/exaudi.org\\\/#website\",\"url\":\"https:\\\/\\\/exaudi.org\\\/\",\"name\":\"Exaudi\",\"description\":\"News\",\"potentialAction\":[{\"@type\":\"SearchAction\",\"target\":{\"@type\":\"EntryPoint\",\"urlTemplate\":\"https:\\\/\\\/exaudi.org\\\/?s={search_term_string}\"},\"query-input\":{\"@type\":\"PropertyValueSpecification\",\"valueRequired\":true,\"valueName\":\"search_term_string\"}}],\"inLanguage\":\"it-IT\"},{\"@type\":\"Person\",\"@id\":\"https:\\\/\\\/exaudi.org\\\/#\\\/schema\\\/person\\\/e1ab6ed07c01774724dd96f925f3a5f0\",\"name\":\"Exaudi Redazione\",\"image\":{\"@type\":\"ImageObject\",\"inLanguage\":\"it-IT\",\"@id\":\"https:\\\/\\\/secure.gravatar.com\\\/avatar\\\/ad6774b3ada023bf5b939d64f45c94b3adf91502dd883507d469b4308a943bb3?s=96&d=mm&r=g\",\"url\":\"https:\\\/\\\/secure.gravatar.com\\\/avatar\\\/ad6774b3ada023bf5b939d64f45c94b3adf91502dd883507d469b4308a943bb3?s=96&d=mm&r=g\",\"contentUrl\":\"https:\\\/\\\/secure.gravatar.com\\\/avatar\\\/ad6774b3ada023bf5b939d64f45c94b3adf91502dd883507d469b4308a943bb3?s=96&d=mm&r=g\",\"caption\":\"Exaudi Redazione\"},\"description\":\"Che cosa \u00e8 Exaudi News? Exaudi News \u00e8 un agenzia cattolica internazionale che informa, istruisce e trasforma quotidianamente in spagnolo, inglese e italiano. Attraverso notizie, articoli di analisi e trasmissioni in diretta degli eventi del Papa, Exaudi cerca di rafforzare l'unit\u00e0 dei cristiani e di contribuire all'evangelizzazione del mondo, sempre guidato dalla dottrina sociale della Chiesa. Lavoriamo per portare la verit\u00e0 e i valori cristiani in ogni angolo del pianeta. Aiutaci a trasformare il mondo con Exaudi! Noi di Exaudi crediamo che l'evangelizzazione e l'informazione di qualit\u00e0 possano cambiare la vita. Per continuare la nostra missione ed espandere la nostra portata, abbiamo bisogno del tuo aiuto. Stiamo anche cercando persone motivate che vogliano unirsi al nostro team. Grazie al vostro sostegno raggiungeremo pi\u00f9 persone, diffonderemo il messaggio di Cristo e rafforzeremo l'unit\u00e0 dei cristiani. Vuoi unirti alla nostra missione? Per maggiori informazioni su come contribuire, visita Exaudi.org\\\/it o contattaci direttamente: info@exaudi.org Exaudi: informa, forma e trasforma.\",\"sameAs\":[\"https:\\\/\\\/www.facebook.com\\\/ExaudiNotizie\\\/\",\"https:\\\/\\\/www.instagram.com\\\/Exaudi_notizie\\\/\",\"https:\\\/\\\/x.com\\\/Exaudi_Notizie\",\"https:\\\/\\\/www.youtube.com\\\/@exaudicatholicnews\"],\"url\":\"https:\\\/\\\/exaudi.org\\\/it\\\/author\\\/dlvedi-org\\\/\"}]}<\/script>\n<!-- \/ Yoast SEO plugin. -->","yoast_head_json":{"title":"\"Ges\u00f9 \u00e8 il tesoro nascosto, la perla preziosa, la rete che raccoglie i dispersi\" &#8211; Exaudi","robots":{"index":"index","follow":"follow","max-snippet":"max-snippet:-1","max-image-preview":"max-image-preview:large","max-video-preview":"max-video-preview:-1"},"canonical":"https:\/\/exaudi.org\/it\/gesu-e-il-tesoro-nascosto-la-perla-preziosa-la-rete-che-raccoglie-i-dispersi\/","og_locale":"it_IT","og_type":"article","og_title":"\"Ges\u00f9 \u00e8 il tesoro nascosto, la perla preziosa, la rete che raccoglie i dispersi\" &#8211; Exaudi","og_description":"Parole del Papa all'Angelus","og_url":"https:\/\/exaudi.org\/it\/gesu-e-il-tesoro-nascosto-la-perla-preziosa-la-rete-che-raccoglie-i-dispersi\/","og_site_name":"Exaudi","article_publisher":"https:\/\/www.facebook.com\/ExaudiNews","article_author":"https:\/\/www.facebook.com\/ExaudiNotizie\/","article_published_time":"2026-07-26T12:50:28+00:00","og_image":[{"width":750,"height":422,"url":"https:\/\/exaudi.org\/wp-content\/uploads\/2026\/07\/IMG-20260726-WA0084.jpg","type":"image\/jpeg"}],"author":"Exaudi Redazione","twitter_card":"summary_large_image","twitter_creator":"@Exaudi_Notizie","twitter_site":"@Exaudi_News","twitter_misc":{"Scritto da":"Exaudi Redazione","Tempo di lettura stimato":"6 minuti"},"schema":{"@context":"https:\/\/schema.org","@graph":[{"@type":"Article","@id":"https:\/\/exaudi.org\/it\/gesu-e-il-tesoro-nascosto-la-perla-preziosa-la-rete-che-raccoglie-i-dispersi\/#article","isPartOf":{"@id":"https:\/\/exaudi.org\/it\/gesu-e-il-tesoro-nascosto-la-perla-preziosa-la-rete-che-raccoglie-i-dispersi\/"},"author":{"name":"Exaudi Redazione","@id":"https:\/\/exaudi.org\/#\/schema\/person\/e1ab6ed07c01774724dd96f925f3a5f0"},"headline":"&#8220;Ges\u00f9 \u00e8 il tesoro nascosto, la perla preziosa, la rete che raccoglie i dispersi&#8221;","datePublished":"2026-07-26T12:50:28+00:00","mainEntityOfPage":{"@id":"https:\/\/exaudi.org\/it\/gesu-e-il-tesoro-nascosto-la-perla-preziosa-la-rete-che-raccoglie-i-dispersi\/"},"wordCount":1164,"image":{"@id":"https:\/\/exaudi.org\/it\/gesu-e-il-tesoro-nascosto-la-perla-preziosa-la-rete-che-raccoglie-i-dispersi\/#primaryimage"},"thumbnailUrl":"https:\/\/i0.wp.com\/exaudi.org\/wp-content\/uploads\/2026\/07\/IMG-20260726-WA0084.jpg?fit=750%2C422&ssl=1","keywords":["26 luglio 2026","\u00e1ngelus","Featured","Featured","Leone XIV","Santa Sede"],"articleSection":["Angelus","Leone XIV"],"inLanguage":"it-IT"},{"@type":"WebPage","@id":"https:\/\/exaudi.org\/it\/gesu-e-il-tesoro-nascosto-la-perla-preziosa-la-rete-che-raccoglie-i-dispersi\/","url":"https:\/\/exaudi.org\/it\/gesu-e-il-tesoro-nascosto-la-perla-preziosa-la-rete-che-raccoglie-i-dispersi\/","name":"\"Ges\u00f9 \u00e8 il tesoro nascosto, la perla preziosa, la rete che raccoglie i dispersi\" &#8211; Exaudi","isPartOf":{"@id":"https:\/\/exaudi.org\/#website"},"primaryImageOfPage":{"@id":"https:\/\/exaudi.org\/it\/gesu-e-il-tesoro-nascosto-la-perla-preziosa-la-rete-che-raccoglie-i-dispersi\/#primaryimage"},"image":{"@id":"https:\/\/exaudi.org\/it\/gesu-e-il-tesoro-nascosto-la-perla-preziosa-la-rete-che-raccoglie-i-dispersi\/#primaryimage"},"thumbnailUrl":"https:\/\/i0.wp.com\/exaudi.org\/wp-content\/uploads\/2026\/07\/IMG-20260726-WA0084.jpg?fit=750%2C422&ssl=1","datePublished":"2026-07-26T12:50:28+00:00","author":{"@id":"https:\/\/exaudi.org\/#\/schema\/person\/e1ab6ed07c01774724dd96f925f3a5f0"},"breadcrumb":{"@id":"https:\/\/exaudi.org\/it\/gesu-e-il-tesoro-nascosto-la-perla-preziosa-la-rete-che-raccoglie-i-dispersi\/#breadcrumb"},"inLanguage":"it-IT","potentialAction":[{"@type":"ReadAction","target":["https:\/\/exaudi.org\/it\/gesu-e-il-tesoro-nascosto-la-perla-preziosa-la-rete-che-raccoglie-i-dispersi\/"]}]},{"@type":"ImageObject","inLanguage":"it-IT","@id":"https:\/\/exaudi.org\/it\/gesu-e-il-tesoro-nascosto-la-perla-preziosa-la-rete-che-raccoglie-i-dispersi\/#primaryimage","url":"https:\/\/i0.wp.com\/exaudi.org\/wp-content\/uploads\/2026\/07\/IMG-20260726-WA0084.jpg?fit=750%2C422&ssl=1","contentUrl":"https:\/\/i0.wp.com\/exaudi.org\/wp-content\/uploads\/2026\/07\/IMG-20260726-WA0084.jpg?fit=750%2C422&ssl=1","width":750,"height":422},{"@type":"BreadcrumbList","@id":"https:\/\/exaudi.org\/it\/gesu-e-il-tesoro-nascosto-la-perla-preziosa-la-rete-che-raccoglie-i-dispersi\/#breadcrumb","itemListElement":[{"@type":"ListItem","position":1,"name":"Portada","item":"https:\/\/exaudi.org\/it\/"},{"@type":"ListItem","position":2,"name":"\u00abGes\u00f9 \u00e8 il tesoro nascosto, la perla preziosa, la rete che raccoglie i dispersi\u00bb"}]},{"@type":"WebSite","@id":"https:\/\/exaudi.org\/#website","url":"https:\/\/exaudi.org\/","name":"Exaudi","description":"News","potentialAction":[{"@type":"SearchAction","target":{"@type":"EntryPoint","urlTemplate":"https:\/\/exaudi.org\/?s={search_term_string}"},"query-input":{"@type":"PropertyValueSpecification","valueRequired":true,"valueName":"search_term_string"}}],"inLanguage":"it-IT"},{"@type":"Person","@id":"https:\/\/exaudi.org\/#\/schema\/person\/e1ab6ed07c01774724dd96f925f3a5f0","name":"Exaudi Redazione","image":{"@type":"ImageObject","inLanguage":"it-IT","@id":"https:\/\/secure.gravatar.com\/avatar\/ad6774b3ada023bf5b939d64f45c94b3adf91502dd883507d469b4308a943bb3?s=96&d=mm&r=g","url":"https:\/\/secure.gravatar.com\/avatar\/ad6774b3ada023bf5b939d64f45c94b3adf91502dd883507d469b4308a943bb3?s=96&d=mm&r=g","contentUrl":"https:\/\/secure.gravatar.com\/avatar\/ad6774b3ada023bf5b939d64f45c94b3adf91502dd883507d469b4308a943bb3?s=96&d=mm&r=g","caption":"Exaudi Redazione"},"description":"Che cosa \u00e8 Exaudi News? Exaudi News \u00e8 un agenzia cattolica internazionale che informa, istruisce e trasforma quotidianamente in spagnolo, inglese e italiano. Attraverso notizie, articoli di analisi e trasmissioni in diretta degli eventi del Papa, Exaudi cerca di rafforzare l'unit\u00e0 dei cristiani e di contribuire all'evangelizzazione del mondo, sempre guidato dalla dottrina sociale della Chiesa. Lavoriamo per portare la verit\u00e0 e i valori cristiani in ogni angolo del pianeta. Aiutaci a trasformare il mondo con Exaudi! Noi di Exaudi crediamo che l'evangelizzazione e l'informazione di qualit\u00e0 possano cambiare la vita. Per continuare la nostra missione ed espandere la nostra portata, abbiamo bisogno del tuo aiuto. Stiamo anche cercando persone motivate che vogliano unirsi al nostro team. Grazie al vostro sostegno raggiungeremo pi\u00f9 persone, diffonderemo il messaggio di Cristo e rafforzeremo l'unit\u00e0 dei cristiani. Vuoi unirti alla nostra missione? Per maggiori informazioni su come contribuire, visita Exaudi.org\/it o contattaci direttamente: info@exaudi.org Exaudi: informa, forma e trasforma.","sameAs":["https:\/\/www.facebook.com\/ExaudiNotizie\/","https:\/\/www.instagram.com\/Exaudi_notizie\/","https:\/\/x.com\/Exaudi_Notizie","https:\/\/www.youtube.com\/@exaudicatholicnews"],"url":"https:\/\/exaudi.org\/it\/author\/dlvedi-org\/"}]}},"jetpack_shortlink":"https:\/\/wp.me\/pgKjF2-KTU","jetpack_featured_media_url":"https:\/\/i0.wp.com\/exaudi.org\/wp-content\/uploads\/2026\/07\/IMG-20260726-WA0084.jpg?fit=750%2C422&ssl=1","_links":{"self":[{"href":"https:\/\/exaudi.org\/it\/wp-json\/wp\/v2\/posts\/180290","targetHints":{"allow":["GET"]}}],"collection":[{"href":"https:\/\/exaudi.org\/it\/wp-json\/wp\/v2\/posts"}],"about":[{"href":"https:\/\/exaudi.org\/it\/wp-json\/wp\/v2\/types\/post"}],"author":[{"embeddable":true,"href":"https:\/\/exaudi.org\/it\/wp-json\/wp\/v2\/users\/17"}],"replies":[{"embeddable":true,"href":"https:\/\/exaudi.org\/it\/wp-json\/wp\/v2\/comments?post=180290"}],"version-history":[{"count":9,"href":"https:\/\/exaudi.org\/it\/wp-json\/wp\/v2\/posts\/180290\/revisions"}],"predecessor-version":[{"id":180294,"href":"https:\/\/exaudi.org\/it\/wp-json\/wp\/v2\/posts\/180290\/revisions\/180294"}],"wp:featuredmedia":[{"embeddable":true,"href":"https:\/\/exaudi.org\/it\/wp-json\/wp\/v2\/media\/180332"}],"wp:attachment":[{"href":"https:\/\/exaudi.org\/it\/wp-json\/wp\/v2\/media?parent=180290"}],"wp:term":[{"taxonomy":"category","embeddable":true,"href":"https:\/\/exaudi.org\/it\/wp-json\/wp\/v2\/categories?post=180290"},{"taxonomy":"post_tag","embeddable":true,"href":"https:\/\/exaudi.org\/it\/wp-json\/wp\/v2\/tags?post=180290"}],"curies":[{"name":"wp","href":"https:\/\/api.w.org\/{rel}","templated":true}]}}