{"id":179768,"date":"2026-07-20T18:54:28","date_gmt":"2026-07-20T16:54:28","guid":{"rendered":"https:\/\/exaudi.org\/?p=179768"},"modified":"2026-07-20T18:54:28","modified_gmt":"2026-07-20T16:54:28","slug":"ecoconversione","status":"publish","type":"post","link":"https:\/\/exaudi.org\/it\/ecoconversione\/","title":{"rendered":"Ecoconversione"},"content":{"rendered":"<p><span dir=\"auto\" style=\"vertical-align: inherit\"><span dir=\"auto\" style=\"vertical-align: inherit\">Quattro decenni fa, venne pubblicato il mio primo articolo sull&#8217;ambiente. Lo scrissi in risposta allo spettacolo quotidiano a cui assistevo durante le mie escursioni estive. Mentre mi incamminavo per le mie passeggiate attraverso paesaggi naturali, mi si presentava sempre la stessa scena. Qualunque fosse il percorso scelto, da qualsiasi direzione provenissi, il sentiero si imbatteva ripetutamente in discariche abusive dove, sparse ovunque, giacevano tutti i rifiuti che la memoria umana pu\u00f2 concepire di inutile. Televisori rotti, vecchie lavatrici, frigoriferi obsoleti, materassi inutilizzabili, sedie fatiscenti&#8230; ricoprivano i sentieri di miseria.<\/span><\/span><\/p>\n<p><span dir=\"auto\" style=\"vertical-align: inherit\"><span dir=\"auto\" style=\"vertical-align: inherit\">Gi\u00e0 allora, l&#8217;opinione pubblica era sempre pi\u00f9 convinta che la mancanza di rispetto per la natura, lo sfruttamento incontrollato delle sue risorse e il progressivo declino della qualit\u00e0 della vita stessero causando, quantomeno, un senso di instabilit\u00e0 e insicurezza che alimentava forme di egoismo collettivo. I media, seminando notevole confusione e allarme, mettevano in guardia contro l&#8217;accelerata degradazione ambientale causata dall&#8217;intervento umano nel corso dell&#8217;ultimo secolo. Nel frattempo, gli scienziati erano impegnati in un dibattito interminabile sull&#8217;effetto serra, sul buco nello strato di ozono e sulle cause del cambiamento climatico.<\/span><\/span><\/p>\n<p><span dir=\"auto\" style=\"vertical-align: inherit\"><span dir=\"auto\" style=\"vertical-align: inherit\">Allo stesso modo, San Giovanni Paolo II (1920-2005), nella sua enciclica Centesimus Annus, ha sottolineato l&#8217;urgente necessit\u00e0 di educare alla responsabilit\u00e0 ecologica, che, senza basarsi su sentimenti o capricci indefiniti, porterebbe a una vera trasformazione del pensiero e del comportamento, a una revisione autentica dello stile di vita della societ\u00e0 contemporanea. Il suo scopo non dovrebbe essere n\u00e9 ideologico n\u00e9 politico, e il suo approccio non potrebbe fondarsi sul rifiuto del mondo moderno o su un vago desiderio di ritorno al paradiso perduto. Egli ha parlato dell&#8217;esigenza di un imperativo morale che promuova un ambiente naturale e sociale sano e favorisca una nuova solidariet\u00e0 nei rapporti tra paesi in via di sviluppo e paesi altamente industrializzati.<\/span><\/span><\/p>\n<p><span dir=\"auto\" style=\"vertical-align: inherit\"><span dir=\"auto\" style=\"vertical-align: inherit\">Ancora una volta, il trascorrere del tempo \u00e8 stato inesorabile con questo problema, tanto che, in questo momento, la crisi ecologica \u00e8 innegabilmente diventata una delle maggiori preoccupazioni mondiali. In Spagna, la consapevolezza della sua portata \u00e8 stata alimentata dai recenti disastri naturali che hanno colpito gran parte del paese. L&#8217;impatto del loro potere distruttivo; la tragedia umana delle vittime e dei senzatetto; l&#8217;entit\u00e0 economica del disastro dovuta alla perdita di case, beni personali, veicoli, industrie, attivit\u00e0 commerciali, uffici, magazzini, campi e raccolti, scuole, infrastrutture di trasporto, servizi pubblici&#8230; hanno dimostrato non solo la vulnerabilit\u00e0 della nostra specie alla forza scatenata della natura, ma anche che la sua presenza devastante sta diventando sempre pi\u00f9 frequente e virulenta.<\/span><\/span><\/p>\n<p><span dir=\"auto\" style=\"vertical-align: inherit\"><span dir=\"auto\" style=\"vertical-align: inherit\">\u00c8 dunque necessario impegnarsi nella conversione all&#8217;\u00abecologia umana\u00bb postulata da San Giovanni Paolo II nel 1991. Anche Papa Francesco (1936-2025) l&#8217;ha sottolineata nella sua enciclica Laudato si&#8217; del 2015, proponendo non solo la tutela delle specie, il riciclo dei rifiuti o la semplice risoluzione dei numerosi problemi ambientali, ma piuttosto il raggiungimento di un&#8217;\u00abecologia integrale\u00bb. Questa non idolatra la natura, n\u00e9 sminuisce la responsabilit\u00e0 umana, n\u00e9 si preoccupa pi\u00f9 delle altre specie che degli esseri umani che vivono in povert\u00e0, n\u00e9 minimizza il valore unico della persona. Al contrario, riposiziona tale dignit\u00e0 all&#8217;interno di una rete di interdipendenza e di una spiritualit\u00e0 della cura, incarnata nelle abitudini quotidiane, nelle scelte e nelle contemplazioni volte a ricostruire la nostra casa comune.<\/span><\/span><\/p>\n<p><span dir=\"auto\" style=\"vertical-align: inherit\"><span dir=\"auto\" style=\"vertical-align: inherit\">L&#8217;ecologia integrale non si limita a prendere decisioni politiche o tecniche di grande portata. Le sue misure non possono essere adattive, ma devono essere trasformative. La sua azione deve essere diretta non agli effetti, ma alle cause strutturali. Questa ecologia si fonda su un nuovo modo di essere nel mondo; invoca un&#8217;esistenza che \u2013 riconciliata con il creato, con gli altri e con se stessi \u2013 recuperi il valore delle connessioni, dei territori, dei gesti quotidiani che rompono con la logica dell&#8217;egoismo, dello sfruttamento e del consumismo. Richiede una civilt\u00e0 centrata sulla vita vera. Niente di meno, niente di pi\u00f9!<\/span><\/span><\/p>\n<p><a href=\"https:\/\/dametresminutos.wordpress.com\/2026\/07\/18\/ecoconversion-por-pedro-paricio-aucejo\/\"><span dir=\"auto\" style=\"vertical-align: inherit\"><span dir=\"auto\" style=\"vertical-align: inherit\">Pedro Paricio Aucejo. Dammi tre minuti\u00a0<\/span><\/span><\/a><\/p>\n","protected":false},"excerpt":{"rendered":"<p>Degrado ambientale, responsabilit\u00e0 morale e l&#8217;urgente necessit\u00e0 di un&#8217;ecologia integrale per trasformare il nostro stile di vita<\/p>\n","protected":false},"author":17,"featured_media":179633,"comment_status":"closed","ping_status":"closed","sticky":false,"template":"","format":"standard","meta":{"_acf_changed":false,"inline_featured_image":false,"_wpcom_ai_launchpad_first_post":false,"footnotes":"","jetpack_post_was_ever_published":false},"categories":[71],"tags":[1327,2707,118868,31545,64793,118872,118869,16241,16240,118870,1671,64807,64788,72485,114139,118871,21632,64787],"class_list":["post-179768","post","type-post","status-publish","format-standard","has-post-thumbnail","hentry","category-analisi","tag-ambiente","tag-cambiamento-climatico","tag-consapevolezza-ambientale","tag-crisi-ecologica","tag-cura-della-casa-comune-it","tag-discariche-incontrollate","tag-ecoconversione","tag-ecologia-integrale","tag-ecologia-umana","tag-etica-ambientale","tag-giovanni-paolo-ii","tag-laudato-si-it","tag-papa-francesco-it-5","tag-pedro-paricio-2","tag-pedro-paricio-aucejo-2","tag-responsabilita-ecologica","tag-sviluppo-sostenibile","tag-trending-it-236"],"acf":[],"yoast_head":"<!-- This site is optimized with the Yoast SEO plugin v28.3 - https:\/\/yoast.com\/product\/yoast-seo-wordpress\/ -->\n<title>Ecoconversione &#8211; Exaudi<\/title>\n<meta name=\"robots\" content=\"index, follow, max-snippet:-1, max-image-preview:large, max-video-preview:-1\" \/>\n<link rel=\"canonical\" href=\"https:\/\/exaudi.org\/it\/ecoconversione\/\" \/>\n<meta property=\"og:locale\" content=\"it_IT\" \/>\n<meta property=\"og:type\" content=\"article\" \/>\n<meta property=\"og:title\" content=\"Ecoconversione &#8211; Exaudi\" \/>\n<meta property=\"og:description\" content=\"Degrado ambientale, responsabilit\u00e0 morale e l&#039;urgente necessit\u00e0 di un&#039;ecologia integrale per trasformare il nostro stile di vita\" \/>\n<meta property=\"og:url\" content=\"https:\/\/exaudi.org\/it\/ecoconversione\/\" \/>\n<meta property=\"og:site_name\" content=\"Exaudi\" \/>\n<meta property=\"article:publisher\" content=\"https:\/\/www.facebook.com\/ExaudiNews\" \/>\n<meta property=\"article:author\" content=\"https:\/\/www.facebook.com\/ExaudiNotizie\/\" \/>\n<meta property=\"article:published_time\" content=\"2026-07-20T16:54:28+00:00\" \/>\n<meta property=\"og:image\" content=\"https:\/\/exaudi.org\/wp-content\/uploads\/2026\/07\/1784532544003.png\" \/>\n\t<meta property=\"og:image:width\" content=\"1376\" \/>\n\t<meta property=\"og:image:height\" content=\"768\" \/>\n\t<meta property=\"og:image:type\" content=\"image\/png\" \/>\n<meta name=\"author\" content=\"Exaudi Redazione\" \/>\n<meta name=\"twitter:card\" content=\"summary_large_image\" \/>\n<meta name=\"twitter:creator\" content=\"@Exaudi_Notizie\" \/>\n<meta name=\"twitter:site\" content=\"@Exaudi_News\" \/>\n<meta name=\"twitter:label1\" content=\"Scritto da\" \/>\n\t<meta name=\"twitter:data1\" content=\"Exaudi Redazione\" \/>\n\t<meta name=\"twitter:label2\" content=\"Tempo di lettura stimato\" \/>\n\t<meta name=\"twitter:data2\" content=\"3 minuti\" \/>\n<script type=\"application\/ld+json\" class=\"yoast-schema-graph\">{\"@context\":\"https:\\\/\\\/schema.org\",\"@graph\":[{\"@type\":\"Article\",\"@id\":\"https:\\\/\\\/exaudi.org\\\/it\\\/ecoconversione\\\/#article\",\"isPartOf\":{\"@id\":\"https:\\\/\\\/exaudi.org\\\/it\\\/ecoconversione\\\/\"},\"author\":{\"name\":\"Exaudi Redazione\",\"@id\":\"https:\\\/\\\/exaudi.org\\\/#\\\/schema\\\/person\\\/e1ab6ed07c01774724dd96f925f3a5f0\"},\"headline\":\"Ecoconversione\",\"datePublished\":\"2026-07-20T16:54:28+00:00\",\"mainEntityOfPage\":{\"@id\":\"https:\\\/\\\/exaudi.org\\\/it\\\/ecoconversione\\\/\"},\"wordCount\":648,\"image\":{\"@id\":\"https:\\\/\\\/exaudi.org\\\/it\\\/ecoconversione\\\/#primaryimage\"},\"thumbnailUrl\":\"https:\\\/\\\/i0.wp.com\\\/exaudi.org\\\/wp-content\\\/uploads\\\/2026\\\/07\\\/1784532544003.png?fit=1376%2C768&ssl=1\",\"keywords\":[\"ambiente\",\"cambiamento climatico\",\"consapevolezza ambientale\",\"Crisi ecologica\",\"Cura della casa comune\",\"discariche incontrollate\",\"ecoconversione\",\"ECOLOGIA INTEGRALE\",\"ECOLOGIA UMANA\",\"etica ambientale\",\"Giovanni Paolo II\",\"Laudato si'\",\"Papa Francesco\",\"Pedro Paricio\",\"Pedro Paricio Aucejo\",\"responsabilit\u00e0 ecologica\",\"SVILUPPO SOSTENIBILE\",\"Trending\"],\"articleSection\":[\"Analisi\"],\"inLanguage\":\"it-IT\"},{\"@type\":\"WebPage\",\"@id\":\"https:\\\/\\\/exaudi.org\\\/it\\\/ecoconversione\\\/\",\"url\":\"https:\\\/\\\/exaudi.org\\\/it\\\/ecoconversione\\\/\",\"name\":\"Ecoconversione &#8211; Exaudi\",\"isPartOf\":{\"@id\":\"https:\\\/\\\/exaudi.org\\\/#website\"},\"primaryImageOfPage\":{\"@id\":\"https:\\\/\\\/exaudi.org\\\/it\\\/ecoconversione\\\/#primaryimage\"},\"image\":{\"@id\":\"https:\\\/\\\/exaudi.org\\\/it\\\/ecoconversione\\\/#primaryimage\"},\"thumbnailUrl\":\"https:\\\/\\\/i0.wp.com\\\/exaudi.org\\\/wp-content\\\/uploads\\\/2026\\\/07\\\/1784532544003.png?fit=1376%2C768&ssl=1\",\"datePublished\":\"2026-07-20T16:54:28+00:00\",\"author\":{\"@id\":\"https:\\\/\\\/exaudi.org\\\/#\\\/schema\\\/person\\\/e1ab6ed07c01774724dd96f925f3a5f0\"},\"breadcrumb\":{\"@id\":\"https:\\\/\\\/exaudi.org\\\/it\\\/ecoconversione\\\/#breadcrumb\"},\"inLanguage\":\"it-IT\",\"potentialAction\":[{\"@type\":\"ReadAction\",\"target\":[\"https:\\\/\\\/exaudi.org\\\/it\\\/ecoconversione\\\/\"]}]},{\"@type\":\"ImageObject\",\"inLanguage\":\"it-IT\",\"@id\":\"https:\\\/\\\/exaudi.org\\\/it\\\/ecoconversione\\\/#primaryimage\",\"url\":\"https:\\\/\\\/i0.wp.com\\\/exaudi.org\\\/wp-content\\\/uploads\\\/2026\\\/07\\\/1784532544003.png?fit=1376%2C768&ssl=1\",\"contentUrl\":\"https:\\\/\\\/i0.wp.com\\\/exaudi.org\\\/wp-content\\\/uploads\\\/2026\\\/07\\\/1784532544003.png?fit=1376%2C768&ssl=1\",\"width\":1376,\"height\":768},{\"@type\":\"BreadcrumbList\",\"@id\":\"https:\\\/\\\/exaudi.org\\\/it\\\/ecoconversione\\\/#breadcrumb\",\"itemListElement\":[{\"@type\":\"ListItem\",\"position\":1,\"name\":\"Portada\",\"item\":\"https:\\\/\\\/exaudi.org\\\/it\\\/\"},{\"@type\":\"ListItem\",\"position\":2,\"name\":\"Ecoconversione\"}]},{\"@type\":\"WebSite\",\"@id\":\"https:\\\/\\\/exaudi.org\\\/#website\",\"url\":\"https:\\\/\\\/exaudi.org\\\/\",\"name\":\"Exaudi\",\"description\":\"News\",\"potentialAction\":[{\"@type\":\"SearchAction\",\"target\":{\"@type\":\"EntryPoint\",\"urlTemplate\":\"https:\\\/\\\/exaudi.org\\\/?s={search_term_string}\"},\"query-input\":{\"@type\":\"PropertyValueSpecification\",\"valueRequired\":true,\"valueName\":\"search_term_string\"}}],\"inLanguage\":\"it-IT\"},{\"@type\":\"Person\",\"@id\":\"https:\\\/\\\/exaudi.org\\\/#\\\/schema\\\/person\\\/e1ab6ed07c01774724dd96f925f3a5f0\",\"name\":\"Exaudi Redazione\",\"image\":{\"@type\":\"ImageObject\",\"inLanguage\":\"it-IT\",\"@id\":\"https:\\\/\\\/secure.gravatar.com\\\/avatar\\\/ad6774b3ada023bf5b939d64f45c94b3adf91502dd883507d469b4308a943bb3?s=96&d=mm&r=g\",\"url\":\"https:\\\/\\\/secure.gravatar.com\\\/avatar\\\/ad6774b3ada023bf5b939d64f45c94b3adf91502dd883507d469b4308a943bb3?s=96&d=mm&r=g\",\"contentUrl\":\"https:\\\/\\\/secure.gravatar.com\\\/avatar\\\/ad6774b3ada023bf5b939d64f45c94b3adf91502dd883507d469b4308a943bb3?s=96&d=mm&r=g\",\"caption\":\"Exaudi Redazione\"},\"description\":\"Che cosa \u00e8 Exaudi News? Exaudi News \u00e8 un agenzia cattolica internazionale che informa, istruisce e trasforma quotidianamente in spagnolo, inglese e italiano. Attraverso notizie, articoli di analisi e trasmissioni in diretta degli eventi del Papa, Exaudi cerca di rafforzare l'unit\u00e0 dei cristiani e di contribuire all'evangelizzazione del mondo, sempre guidato dalla dottrina sociale della Chiesa. Lavoriamo per portare la verit\u00e0 e i valori cristiani in ogni angolo del pianeta. Aiutaci a trasformare il mondo con Exaudi! Noi di Exaudi crediamo che l'evangelizzazione e l'informazione di qualit\u00e0 possano cambiare la vita. Per continuare la nostra missione ed espandere la nostra portata, abbiamo bisogno del tuo aiuto. Stiamo anche cercando persone motivate che vogliano unirsi al nostro team. Grazie al vostro sostegno raggiungeremo pi\u00f9 persone, diffonderemo il messaggio di Cristo e rafforzeremo l'unit\u00e0 dei cristiani. Vuoi unirti alla nostra missione? Per maggiori informazioni su come contribuire, visita Exaudi.org\\\/it o contattaci direttamente: info@exaudi.org Exaudi: informa, forma e trasforma.\",\"sameAs\":[\"https:\\\/\\\/www.facebook.com\\\/ExaudiNotizie\\\/\",\"https:\\\/\\\/www.instagram.com\\\/Exaudi_notizie\\\/\",\"https:\\\/\\\/x.com\\\/Exaudi_Notizie\",\"https:\\\/\\\/www.youtube.com\\\/@exaudicatholicnews\"],\"url\":\"https:\\\/\\\/exaudi.org\\\/it\\\/author\\\/dlvedi-org\\\/\"}]}<\/script>\n<!-- \/ Yoast SEO plugin. -->","yoast_head_json":{"title":"Ecoconversione &#8211; Exaudi","robots":{"index":"index","follow":"follow","max-snippet":"max-snippet:-1","max-image-preview":"max-image-preview:large","max-video-preview":"max-video-preview:-1"},"canonical":"https:\/\/exaudi.org\/it\/ecoconversione\/","og_locale":"it_IT","og_type":"article","og_title":"Ecoconversione &#8211; Exaudi","og_description":"Degrado ambientale, responsabilit\u00e0 morale e l'urgente necessit\u00e0 di un'ecologia integrale per trasformare il nostro stile di vita","og_url":"https:\/\/exaudi.org\/it\/ecoconversione\/","og_site_name":"Exaudi","article_publisher":"https:\/\/www.facebook.com\/ExaudiNews","article_author":"https:\/\/www.facebook.com\/ExaudiNotizie\/","article_published_time":"2026-07-20T16:54:28+00:00","og_image":[{"width":1376,"height":768,"url":"https:\/\/exaudi.org\/wp-content\/uploads\/2026\/07\/1784532544003.png","type":"image\/png"}],"author":"Exaudi Redazione","twitter_card":"summary_large_image","twitter_creator":"@Exaudi_Notizie","twitter_site":"@Exaudi_News","twitter_misc":{"Scritto da":"Exaudi Redazione","Tempo di lettura stimato":"3 minuti"},"schema":{"@context":"https:\/\/schema.org","@graph":[{"@type":"Article","@id":"https:\/\/exaudi.org\/it\/ecoconversione\/#article","isPartOf":{"@id":"https:\/\/exaudi.org\/it\/ecoconversione\/"},"author":{"name":"Exaudi Redazione","@id":"https:\/\/exaudi.org\/#\/schema\/person\/e1ab6ed07c01774724dd96f925f3a5f0"},"headline":"Ecoconversione","datePublished":"2026-07-20T16:54:28+00:00","mainEntityOfPage":{"@id":"https:\/\/exaudi.org\/it\/ecoconversione\/"},"wordCount":648,"image":{"@id":"https:\/\/exaudi.org\/it\/ecoconversione\/#primaryimage"},"thumbnailUrl":"https:\/\/i0.wp.com\/exaudi.org\/wp-content\/uploads\/2026\/07\/1784532544003.png?fit=1376%2C768&ssl=1","keywords":["ambiente","cambiamento climatico","consapevolezza ambientale","Crisi ecologica","Cura della casa comune","discariche incontrollate","ecoconversione","ECOLOGIA INTEGRALE","ECOLOGIA UMANA","etica ambientale","Giovanni Paolo II","Laudato si'","Papa Francesco","Pedro Paricio","Pedro Paricio Aucejo","responsabilit\u00e0 ecologica","SVILUPPO SOSTENIBILE","Trending"],"articleSection":["Analisi"],"inLanguage":"it-IT"},{"@type":"WebPage","@id":"https:\/\/exaudi.org\/it\/ecoconversione\/","url":"https:\/\/exaudi.org\/it\/ecoconversione\/","name":"Ecoconversione &#8211; Exaudi","isPartOf":{"@id":"https:\/\/exaudi.org\/#website"},"primaryImageOfPage":{"@id":"https:\/\/exaudi.org\/it\/ecoconversione\/#primaryimage"},"image":{"@id":"https:\/\/exaudi.org\/it\/ecoconversione\/#primaryimage"},"thumbnailUrl":"https:\/\/i0.wp.com\/exaudi.org\/wp-content\/uploads\/2026\/07\/1784532544003.png?fit=1376%2C768&ssl=1","datePublished":"2026-07-20T16:54:28+00:00","author":{"@id":"https:\/\/exaudi.org\/#\/schema\/person\/e1ab6ed07c01774724dd96f925f3a5f0"},"breadcrumb":{"@id":"https:\/\/exaudi.org\/it\/ecoconversione\/#breadcrumb"},"inLanguage":"it-IT","potentialAction":[{"@type":"ReadAction","target":["https:\/\/exaudi.org\/it\/ecoconversione\/"]}]},{"@type":"ImageObject","inLanguage":"it-IT","@id":"https:\/\/exaudi.org\/it\/ecoconversione\/#primaryimage","url":"https:\/\/i0.wp.com\/exaudi.org\/wp-content\/uploads\/2026\/07\/1784532544003.png?fit=1376%2C768&ssl=1","contentUrl":"https:\/\/i0.wp.com\/exaudi.org\/wp-content\/uploads\/2026\/07\/1784532544003.png?fit=1376%2C768&ssl=1","width":1376,"height":768},{"@type":"BreadcrumbList","@id":"https:\/\/exaudi.org\/it\/ecoconversione\/#breadcrumb","itemListElement":[{"@type":"ListItem","position":1,"name":"Portada","item":"https:\/\/exaudi.org\/it\/"},{"@type":"ListItem","position":2,"name":"Ecoconversione"}]},{"@type":"WebSite","@id":"https:\/\/exaudi.org\/#website","url":"https:\/\/exaudi.org\/","name":"Exaudi","description":"News","potentialAction":[{"@type":"SearchAction","target":{"@type":"EntryPoint","urlTemplate":"https:\/\/exaudi.org\/?s={search_term_string}"},"query-input":{"@type":"PropertyValueSpecification","valueRequired":true,"valueName":"search_term_string"}}],"inLanguage":"it-IT"},{"@type":"Person","@id":"https:\/\/exaudi.org\/#\/schema\/person\/e1ab6ed07c01774724dd96f925f3a5f0","name":"Exaudi Redazione","image":{"@type":"ImageObject","inLanguage":"it-IT","@id":"https:\/\/secure.gravatar.com\/avatar\/ad6774b3ada023bf5b939d64f45c94b3adf91502dd883507d469b4308a943bb3?s=96&d=mm&r=g","url":"https:\/\/secure.gravatar.com\/avatar\/ad6774b3ada023bf5b939d64f45c94b3adf91502dd883507d469b4308a943bb3?s=96&d=mm&r=g","contentUrl":"https:\/\/secure.gravatar.com\/avatar\/ad6774b3ada023bf5b939d64f45c94b3adf91502dd883507d469b4308a943bb3?s=96&d=mm&r=g","caption":"Exaudi Redazione"},"description":"Che cosa \u00e8 Exaudi News? Exaudi News \u00e8 un agenzia cattolica internazionale che informa, istruisce e trasforma quotidianamente in spagnolo, inglese e italiano. Attraverso notizie, articoli di analisi e trasmissioni in diretta degli eventi del Papa, Exaudi cerca di rafforzare l'unit\u00e0 dei cristiani e di contribuire all'evangelizzazione del mondo, sempre guidato dalla dottrina sociale della Chiesa. Lavoriamo per portare la verit\u00e0 e i valori cristiani in ogni angolo del pianeta. Aiutaci a trasformare il mondo con Exaudi! Noi di Exaudi crediamo che l'evangelizzazione e l'informazione di qualit\u00e0 possano cambiare la vita. Per continuare la nostra missione ed espandere la nostra portata, abbiamo bisogno del tuo aiuto. Stiamo anche cercando persone motivate che vogliano unirsi al nostro team. Grazie al vostro sostegno raggiungeremo pi\u00f9 persone, diffonderemo il messaggio di Cristo e rafforzeremo l'unit\u00e0 dei cristiani. Vuoi unirti alla nostra missione? Per maggiori informazioni su come contribuire, visita Exaudi.org\/it o contattaci direttamente: info@exaudi.org Exaudi: informa, forma e trasforma.","sameAs":["https:\/\/www.facebook.com\/ExaudiNotizie\/","https:\/\/www.instagram.com\/Exaudi_notizie\/","https:\/\/x.com\/Exaudi_Notizie","https:\/\/www.youtube.com\/@exaudicatholicnews"],"url":"https:\/\/exaudi.org\/it\/author\/dlvedi-org\/"}]}},"jetpack_shortlink":"https:\/\/wp.me\/pgKjF2-KLu","jetpack_featured_media_url":"https:\/\/i0.wp.com\/exaudi.org\/wp-content\/uploads\/2026\/07\/1784532544003.png?fit=1376%2C768&ssl=1","_links":{"self":[{"href":"https:\/\/exaudi.org\/it\/wp-json\/wp\/v2\/posts\/179768","targetHints":{"allow":["GET"]}}],"collection":[{"href":"https:\/\/exaudi.org\/it\/wp-json\/wp\/v2\/posts"}],"about":[{"href":"https:\/\/exaudi.org\/it\/wp-json\/wp\/v2\/types\/post"}],"author":[{"embeddable":true,"href":"https:\/\/exaudi.org\/it\/wp-json\/wp\/v2\/users\/17"}],"replies":[{"embeddable":true,"href":"https:\/\/exaudi.org\/it\/wp-json\/wp\/v2\/comments?post=179768"}],"version-history":[{"count":3,"href":"https:\/\/exaudi.org\/it\/wp-json\/wp\/v2\/posts\/179768\/revisions"}],"predecessor-version":[{"id":179774,"href":"https:\/\/exaudi.org\/it\/wp-json\/wp\/v2\/posts\/179768\/revisions\/179774"}],"wp:featuredmedia":[{"embeddable":true,"href":"https:\/\/exaudi.org\/it\/wp-json\/wp\/v2\/media\/179633"}],"wp:attachment":[{"href":"https:\/\/exaudi.org\/it\/wp-json\/wp\/v2\/media?parent=179768"}],"wp:term":[{"taxonomy":"category","embeddable":true,"href":"https:\/\/exaudi.org\/it\/wp-json\/wp\/v2\/categories?post=179768"},{"taxonomy":"post_tag","embeddable":true,"href":"https:\/\/exaudi.org\/it\/wp-json\/wp\/v2\/tags?post=179768"}],"curies":[{"name":"wp","href":"https:\/\/api.w.org\/{rel}","templated":true}]}}