{"id":174644,"date":"2026-06-09T17:28:01","date_gmt":"2026-06-09T15:28:01","guid":{"rendered":"https:\/\/exaudi.org\/?p=174644"},"modified":"2026-06-09T17:28:01","modified_gmt":"2026-06-09T15:28:01","slug":"il-suono-dei-muri-che-crollano-il-potente-messaggio-di-leone-xiv-a-madrid","status":"publish","type":"post","link":"https:\/\/exaudi.org\/it\/il-suono-dei-muri-che-crollano-il-potente-messaggio-di-leone-xiv-a-madrid\/","title":{"rendered":"Il suono dei muri che crollano: il potente messaggio di Leone XIV a Madrid"},"content":{"rendered":"<p><span dir=\"auto\" style=\"vertical-align: inherit\"><span dir=\"auto\" style=\"vertical-align: inherit\">La storia di Madrid \u00e8 indissolubilmente legata alle sue mura, ma non sempre alla loro costruzione. Talvolta, il vero miracolo si verifica quando crollano. Con questa premessa storica e spirituale, luned\u00ec pomeriggio Papa Leone XIV ha presieduto una commovente celebrazione in onore della Madonna dell&#8217;Almudena nella cattedrale di Madrid, offrendo una profonda riflessione sulle divisioni del mondo contemporaneo, a met\u00e0 del suo viaggio apostolico in Spagna.<\/span><\/span><\/p>\n<p><span dir=\"auto\" style=\"vertical-align: inherit\"><span dir=\"auto\" style=\"vertical-align: inherit\">Circondato da una moltitudine di fedeli e dall&#8217;Arcivescovo di Madrid, il Cardinale Jos\u00e9 Cobo Cano, il Santo Padre ha collegato il presente alle origini della santa patrona della capitale. Ha ricordato come, secondo la tradizione, l&#8217;immagine mariana rimase nascosta per secoli all&#8217;interno delle mura cittadine per proteggerla, e come la sua riscoperta da parte del popolo avvenne proprio grazie al crollo di un tratto delle mura.<\/span><\/span><\/p>\n<p><span dir=\"auto\" style=\"vertical-align: inherit\"><span dir=\"auto\" style=\"vertical-align: inherit\">\u00abUn muro che crolla crea rumore, caos e disordine; ma apre anche spazi, restituisce possibilit\u00e0 e favorisce il rinnovamento\u00bb, ha spiegato il Papa. Usando questa metafora, Leone XIV ha offerto una diagnosi diretta dei nostri giorni, avvertendo che nelle societ\u00e0 odierne esistono ancora \u00abmolti muri che non proteggono, ma dividono, alienano e isolano\u00bb. Il pericolo, ha sottolineato, \u00e8 che spesso si preferisca la comodit\u00e0 di ignorare o sostenere questi muri piuttosto che affrontare la sfida di abbatterli.<\/span><\/span><\/p>\n<p><span dir=\"auto\" style=\"vertical-align: inherit\"><span dir=\"auto\" style=\"vertical-align: inherit\">Per il Vescovo di Roma, il messaggio lasciato dalla Cattedrale dell&#8217;Almudena \u00e8 molto chiaro: per costruire qualcosa di duraturo, \u00e8 necessario essere disposti ad abbattere le barriere che ci impediscono di vedere oltre l&#8217;orizzonte. Perci\u00f2, ha esortato la comunit\u00e0 a non vacillare nella testimonianza di fede, carit\u00e0 e speranza, chiedendo ai fedeli di diventare \u201ccostruttori di legami\u201d che riscoprono il linguaggio della comunione e dell&#8217;armonia.<\/span><\/span><\/p>\n<h3><strong><span dir=\"auto\" style=\"vertical-align: inherit\"><span dir=\"auto\" style=\"vertical-align: inherit\">Un legame storico: La Rosa d&#8217;Oro<\/span><\/span><\/strong><\/h3>\n<p><span dir=\"auto\" style=\"vertical-align: inherit\"><span dir=\"auto\" style=\"vertical-align: inherit\">A coronamento di una giornata ricca di simbolismo, il Papa ha posto la Rosa d&#8217;Oro davanti all&#8217;immagine della Vergine, una straordinaria onorificenza pontificia conferita eccezionalmente come segno di profonda venerazione spirituale.<\/span><\/span><\/p>\n<p><span dir=\"auto\" style=\"vertical-align: inherit\"><span dir=\"auto\" style=\"vertical-align: inherit\">Questo storico riconoscimento, istituito originariamente nel 1049 da Papa Leone IX, ha un legame speciale con la storia spagnola. Tra le personalit\u00e0 storiche che lo hanno ricevuto in passato, si annovera la regina Isabella II nel 1868, grande devota della Madonna dell&#8217;Almudena. Con questa onorificenza, la patrona di Madrid entra a far parte di un ristretto gruppo di devozioni mariane spagnole insignite di tale riconoscimento, insieme alla Madonna della Testa di Ja\u00e9n, alla Madonna di Montserrat e alla Madonna della Speranza di Macarena di Siviglia.<\/span><\/span><\/p>\n<p><span dir=\"auto\" style=\"vertical-align: inherit\"><span dir=\"auto\" style=\"vertical-align: inherit\">Dopo la preghiera congiunta con l&#8217;assemblea e la consegna del premio, l&#8217;evento si \u00e8 concluso con la Benedizione Apostolica, uno dei momenti pi\u00f9 memorabili dell&#8217;agenda del Pontefice prima di proseguire con gli incontri programmati nella capitale e il successivo trasferimento a Barcellona.<\/span><\/span><\/p>\n<p><em><strong><span dir=\"auto\" style=\"vertical-align: inherit\"><span dir=\"auto\" style=\"vertical-align: inherit\">Preghiera e saluto del Santo Padre:<\/span><\/span><\/strong><\/em><\/p>\n<div class=\"abstract text parbase vaticanrichtext\">\n<p><span class=\"color-text\">VIAGGIO APOSTOLICO DI SUA SANTIT\u00c0 PAPA LEONE XIV<br \/>\nIN\u00a0<b>SPAGNA<\/b><br \/>\n(6-12 GIUGNO 2026)<\/span><\/p>\n<p><b><span class=\"color-text\">PREGHIERA E OMAGGIO ALLA VERGINE DELL&#8217;ALMUDENA<\/span><\/b><\/p>\n<p><i><b><span class=\"title-1-color\">SALUTO DEL SANTO PADRE<\/span><\/b><\/i><\/p>\n<p><i><span class=\"color-text\">Cattedrale di Santa Maria dell&#8217;Almudena (Madrid)<br \/>\nLuned\u00ec, 8 giugno 2026<\/span><\/i><\/p>\n<p>&nbsp;<\/p>\n<p>_______________________________<\/p>\n<div class=\"clearfix\"><\/div>\n<\/div>\n<div class=\"text parbase vaticanrichtext\">\n<p>Ringrazio Sua Eminenza, Arcivescovo di Madrid, per le parole che mi ha rivolto. Saluto con affetto tutti voi, fratelli e sorelle che, con gioia e fervore, vi unite oggi nell\u2019omaggio alla Nostra Signora dell\u2019Almudena, Madre e Protettrice di questa Arcidiocesi, durante il quale poser\u00f2 ai suoi piedi la rosa d\u2019oro, simbolo dell\u2019amore filiale del Papa per la Vergine Maria.<\/p>\n<p>Sono numerose le generazioni di madrileni che, nel corso dei secoli, hanno venerato quest\u2019immagine di Maria Santissima, che porta in braccio il suo Figlio divino e ce lo porge. La tradizione narra che, in tempi difficili per la comunit\u00e0 cristiana, per proteggere la statua della Vergine, la si nascose in un anfratto delle mura della cittadella, dove rimase nascosta per molto tempo, fino a quando, dopo il crollo miracoloso di una parte delle mura, venne ritrovata intatta.<\/p>\n<p>Questa millenaria devozione mariana, cos\u00ec sentita da tutti voi, \u00e8 un segno delle radici cristiane che vi caratterizzano e vi danno vita, ma anche della grande speranza che continua ad animarvi per proseguire nel cammino. Fu grazie a una muraglia distrutta che accadde il nuovo incontro della Madre con il suo popolo. Questo fatto \u00e8 provvidenziale, perch\u00e9 indica il percorso che Ges\u00f9, attraverso la sua Santa Madre, ci invita a percorrere. In un primo momento, un muro che cade provoca un boato, caos, disordine, ma apre anche spazi, ristabilisce possibilit\u00e0 e sprona a restaurare. Nelle nostre societ\u00e0 attuali esistono ancora molti muri che non proteggono, ma dividono, allontanano e isolano. A volte, pensando che abbatterli significhi dover affrontare ci\u00f2 che non ci piace, preferiamo la comodit\u00e0 di puntellarli appena e, pi\u00f9 frequentemente, di ignorarli.<\/p>\n<p>Tuttavia, la Nostra Signora dell\u2019Almudena, con la sua presenza e la sua sicura protezione, ci dice un\u2019altra cosa: per edificare qualcosa di nuovo, bello e duraturo, bisogna essere disposti ad abbattere muri, perch\u00e9 per ricominciare il cammino sono necessari spazi che ci permettano di intravedere l\u2019orizzonte. Siccome siamo convinti che il Signore cammina con il suo Popolo santo, ascolta le sue paure e accoglie con premura tutti i suoi sforzi di bene, vi esorto a non venir meno nella vostra testimonianza di fede, per contemplare il disegno d\u2019amore del Padre. Vi esorto a non mancare di carit\u00e0, per unirvi come un\u2019unica famiglia di fratelli e sorelle, e a non perdere la speranza, per sostenervi l\u2019un l\u2019altro nella vostra azione nel mondo. Prego che con l\u2019esempio e l\u2019intercessione di Santa Maria\u00a0<i>la Real de la Almudena<\/i>, la Vergine del\u00a0<i>Magnificat<\/i>\u00a0che continua a proclamare la grandezza del Signore ed esultare in Dio suo Salvatore, Egli stesso custodisca e rafforzi il vostro amore per Ges\u00f9 e per la Chiesa, affinch\u00e9 possiate essere costruttori di legami che restaurino il linguaggio universale della comunione, dell\u2019amore fraterno e della concordia.<\/p>\n<p>Facendo mie alcune parole dell\u2019inno a lei dedicato, vi raccomando al potente aiuto del suo amore materno:<\/p>\n<p><i>Santa Maria dell\u2019Almudena,<br \/>\nVergine e Madre del Redentore,<br \/>\nRegina del Cielo, Madre d\u2019Amore,<br \/>\nsotto il tuo manto, Vergine umile,<br \/>\ncercano protezione i tuoi figli.<br \/>\nMadre amorevole, Tempio di Dio,<br \/>\nproteggici, Signora, e aiutaci a essere<br \/>\ncostruttori di pace e riconciliazione.<\/i><\/p>\n<p><i>Amen.<\/i><\/p>\n<\/div>\n","protected":false},"excerpt":{"rendered":"<p>Nel terzo giorno del suo viaggio apostolico in Spagna, il Papa ha evocato la storia della Cattedrale dell&#8217;Almudena per lanciare un appello urgente ad abbattere i muri invisibili che dividono la societ\u00e0 odierna<\/p>\n","protected":false},"author":17,"featured_media":174562,"comment_status":"closed","ping_status":"closed","sticky":false,"template":"","format":"standard","meta":{"_acf_changed":false,"inline_featured_image":false,"_wpcom_ai_launchpad_first_post":false,"footnotes":"","jetpack_post_was_ever_published":false},"categories":[67,119],"tags":[27025,115750,115536,64910,115753,40066,58164,115751,115752,64787,4952,114835,115526],"class_list":["post-174644","post","type-post","status-publish","format-standard","has-post-thumbnail","hentry","category-leone-xiv","category-viaggi","tag-cardinale-jose-cobo","tag-cattedrale-dellalmudena-di-madrid","tag-discorso-del-papa-a-madrid","tag-leone-xiv-it","tag-nostra-signora-dellalmudena","tag-notizie-dal-vaticano","tag-papa-leone-xiv","tag-religione-spagna","tag-rosa-doro-dellalmudena","tag-trending-it-236","tag-trending-it","tag-viaggio-apostolico-spagna-2026","tag-viaggio-del-papa-in-spagna-2026"],"acf":[],"yoast_head":"<!-- This site is optimized with the Yoast SEO plugin v28.4 - https:\/\/yoast.com\/product\/yoast-seo-wordpress\/ -->\n<title>Il suono dei muri che crollano: il potente messaggio di Leone XIV a Madrid &#8211; Exaudi<\/title>\n<meta name=\"robots\" content=\"index, follow, max-snippet:-1, max-image-preview:large, max-video-preview:-1\" \/>\n<link rel=\"canonical\" href=\"https:\/\/exaudi.org\/it\/il-suono-dei-muri-che-crollano-il-potente-messaggio-di-leone-xiv-a-madrid\/\" \/>\n<meta property=\"og:locale\" content=\"it_IT\" \/>\n<meta property=\"og:type\" content=\"article\" \/>\n<meta property=\"og:title\" content=\"Il suono dei muri che crollano: il potente messaggio di Leone XIV a Madrid &#8211; Exaudi\" \/>\n<meta property=\"og:description\" content=\"Nel terzo giorno del suo viaggio apostolico in Spagna, il Papa ha evocato la storia della Cattedrale dell&#039;Almudena per lanciare un appello urgente ad abbattere i muri invisibili che dividono la societ\u00e0 odierna\" \/>\n<meta property=\"og:url\" content=\"https:\/\/exaudi.org\/it\/il-suono-dei-muri-che-crollano-il-potente-messaggio-di-leone-xiv-a-madrid\/\" \/>\n<meta property=\"og:site_name\" content=\"Exaudi\" \/>\n<meta property=\"article:publisher\" content=\"https:\/\/www.facebook.com\/ExaudiNews\" \/>\n<meta property=\"article:author\" content=\"https:\/\/www.facebook.com\/ExaudiNotizie\/\" \/>\n<meta property=\"article:published_time\" content=\"2026-06-09T15:28:01+00:00\" \/>\n<meta property=\"og:image\" content=\"https:\/\/exaudi.org\/wp-content\/uploads\/2026\/06\/cq5dam.thumbnail.cropped.750.422-6.jpeg\" \/>\n\t<meta property=\"og:image:width\" content=\"750\" \/>\n\t<meta property=\"og:image:height\" content=\"422\" \/>\n\t<meta property=\"og:image:type\" content=\"image\/jpeg\" \/>\n<meta name=\"author\" content=\"Exaudi Redazione\" \/>\n<meta name=\"twitter:card\" content=\"summary_large_image\" \/>\n<meta name=\"twitter:creator\" content=\"@Exaudi_Notizie\" \/>\n<meta name=\"twitter:site\" content=\"@Exaudi_News\" \/>\n<meta name=\"twitter:label1\" content=\"Scritto da\" \/>\n\t<meta name=\"twitter:data1\" content=\"Exaudi Redazione\" \/>\n\t<meta name=\"twitter:label2\" content=\"Tempo di lettura stimato\" \/>\n\t<meta name=\"twitter:data2\" content=\"5 minuti\" \/>\n<script type=\"application\/ld+json\" class=\"yoast-schema-graph\">{\"@context\":\"https:\\\/\\\/schema.org\",\"@graph\":[{\"@type\":\"Article\",\"@id\":\"https:\\\/\\\/exaudi.org\\\/it\\\/il-suono-dei-muri-che-crollano-il-potente-messaggio-di-leone-xiv-a-madrid\\\/#article\",\"isPartOf\":{\"@id\":\"https:\\\/\\\/exaudi.org\\\/it\\\/il-suono-dei-muri-che-crollano-il-potente-messaggio-di-leone-xiv-a-madrid\\\/\"},\"author\":{\"name\":\"Exaudi Redazione\",\"@id\":\"https:\\\/\\\/exaudi.org\\\/#\\\/schema\\\/person\\\/e1ab6ed07c01774724dd96f925f3a5f0\"},\"headline\":\"Il suono dei muri che crollano: il potente messaggio di Leone XIV a Madrid\",\"datePublished\":\"2026-06-09T15:28:01+00:00\",\"mainEntityOfPage\":{\"@id\":\"https:\\\/\\\/exaudi.org\\\/it\\\/il-suono-dei-muri-che-crollano-il-potente-messaggio-di-leone-xiv-a-madrid\\\/\"},\"wordCount\":1028,\"image\":{\"@id\":\"https:\\\/\\\/exaudi.org\\\/it\\\/il-suono-dei-muri-che-crollano-il-potente-messaggio-di-leone-xiv-a-madrid\\\/#primaryimage\"},\"thumbnailUrl\":\"https:\\\/\\\/i0.wp.com\\\/exaudi.org\\\/wp-content\\\/uploads\\\/2026\\\/06\\\/cq5dam.thumbnail.cropped.750.422-6.jpeg?fit=750%2C422&ssl=1\",\"keywords\":[\"Cardinale Jos\u00e9 Cobo\",\"Cattedrale dell'Almudena di Madrid\",\"discorso del Papa a Madrid\",\"Leone XIV\",\"Nostra Signora dell'Almudena\",\"Notizie dal Vaticano\",\"Papa Leone XIV\",\"Religione Spagna\",\"Rosa d'Oro dell'Almudena\",\"Trending\",\"Trending\",\"\u200b\u200bviaggio apostolico Spagna 2026\",\"Viaggio del Papa in Spagna 2026\"],\"articleSection\":[\"Leone XIV\",\"Viaggi\"],\"inLanguage\":\"it-IT\"},{\"@type\":\"WebPage\",\"@id\":\"https:\\\/\\\/exaudi.org\\\/it\\\/il-suono-dei-muri-che-crollano-il-potente-messaggio-di-leone-xiv-a-madrid\\\/\",\"url\":\"https:\\\/\\\/exaudi.org\\\/it\\\/il-suono-dei-muri-che-crollano-il-potente-messaggio-di-leone-xiv-a-madrid\\\/\",\"name\":\"Il suono dei muri che crollano: il potente messaggio di Leone XIV a Madrid &#8211; Exaudi\",\"isPartOf\":{\"@id\":\"https:\\\/\\\/exaudi.org\\\/#website\"},\"primaryImageOfPage\":{\"@id\":\"https:\\\/\\\/exaudi.org\\\/it\\\/il-suono-dei-muri-che-crollano-il-potente-messaggio-di-leone-xiv-a-madrid\\\/#primaryimage\"},\"image\":{\"@id\":\"https:\\\/\\\/exaudi.org\\\/it\\\/il-suono-dei-muri-che-crollano-il-potente-messaggio-di-leone-xiv-a-madrid\\\/#primaryimage\"},\"thumbnailUrl\":\"https:\\\/\\\/i0.wp.com\\\/exaudi.org\\\/wp-content\\\/uploads\\\/2026\\\/06\\\/cq5dam.thumbnail.cropped.750.422-6.jpeg?fit=750%2C422&ssl=1\",\"datePublished\":\"2026-06-09T15:28:01+00:00\",\"author\":{\"@id\":\"https:\\\/\\\/exaudi.org\\\/#\\\/schema\\\/person\\\/e1ab6ed07c01774724dd96f925f3a5f0\"},\"breadcrumb\":{\"@id\":\"https:\\\/\\\/exaudi.org\\\/it\\\/il-suono-dei-muri-che-crollano-il-potente-messaggio-di-leone-xiv-a-madrid\\\/#breadcrumb\"},\"inLanguage\":\"it-IT\",\"potentialAction\":[{\"@type\":\"ReadAction\",\"target\":[\"https:\\\/\\\/exaudi.org\\\/it\\\/il-suono-dei-muri-che-crollano-il-potente-messaggio-di-leone-xiv-a-madrid\\\/\"]}]},{\"@type\":\"ImageObject\",\"inLanguage\":\"it-IT\",\"@id\":\"https:\\\/\\\/exaudi.org\\\/it\\\/il-suono-dei-muri-che-crollano-il-potente-messaggio-di-leone-xiv-a-madrid\\\/#primaryimage\",\"url\":\"https:\\\/\\\/i0.wp.com\\\/exaudi.org\\\/wp-content\\\/uploads\\\/2026\\\/06\\\/cq5dam.thumbnail.cropped.750.422-6.jpeg?fit=750%2C422&ssl=1\",\"contentUrl\":\"https:\\\/\\\/i0.wp.com\\\/exaudi.org\\\/wp-content\\\/uploads\\\/2026\\\/06\\\/cq5dam.thumbnail.cropped.750.422-6.jpeg?fit=750%2C422&ssl=1\",\"width\":750,\"height\":422},{\"@type\":\"BreadcrumbList\",\"@id\":\"https:\\\/\\\/exaudi.org\\\/it\\\/il-suono-dei-muri-che-crollano-il-potente-messaggio-di-leone-xiv-a-madrid\\\/#breadcrumb\",\"itemListElement\":[{\"@type\":\"ListItem\",\"position\":1,\"name\":\"Portada\",\"item\":\"https:\\\/\\\/exaudi.org\\\/it\\\/\"},{\"@type\":\"ListItem\",\"position\":2,\"name\":\"Il suono dei muri che crollano: il potente messaggio di Leone XIV a Madrid\"}]},{\"@type\":\"WebSite\",\"@id\":\"https:\\\/\\\/exaudi.org\\\/#website\",\"url\":\"https:\\\/\\\/exaudi.org\\\/\",\"name\":\"Exaudi\",\"description\":\"News\",\"potentialAction\":[{\"@type\":\"SearchAction\",\"target\":{\"@type\":\"EntryPoint\",\"urlTemplate\":\"https:\\\/\\\/exaudi.org\\\/?s={search_term_string}\"},\"query-input\":{\"@type\":\"PropertyValueSpecification\",\"valueRequired\":true,\"valueName\":\"search_term_string\"}}],\"inLanguage\":\"it-IT\"},{\"@type\":\"Person\",\"@id\":\"https:\\\/\\\/exaudi.org\\\/#\\\/schema\\\/person\\\/e1ab6ed07c01774724dd96f925f3a5f0\",\"name\":\"Exaudi Redazione\",\"image\":{\"@type\":\"ImageObject\",\"inLanguage\":\"it-IT\",\"@id\":\"https:\\\/\\\/secure.gravatar.com\\\/avatar\\\/ad6774b3ada023bf5b939d64f45c94b3adf91502dd883507d469b4308a943bb3?s=96&d=mm&r=g\",\"url\":\"https:\\\/\\\/secure.gravatar.com\\\/avatar\\\/ad6774b3ada023bf5b939d64f45c94b3adf91502dd883507d469b4308a943bb3?s=96&d=mm&r=g\",\"contentUrl\":\"https:\\\/\\\/secure.gravatar.com\\\/avatar\\\/ad6774b3ada023bf5b939d64f45c94b3adf91502dd883507d469b4308a943bb3?s=96&d=mm&r=g\",\"caption\":\"Exaudi Redazione\"},\"description\":\"Che cosa \u00e8 Exaudi News? Exaudi News \u00e8 un agenzia cattolica internazionale che informa, istruisce e trasforma quotidianamente in spagnolo, inglese e italiano. Attraverso notizie, articoli di analisi e trasmissioni in diretta degli eventi del Papa, Exaudi cerca di rafforzare l'unit\u00e0 dei cristiani e di contribuire all'evangelizzazione del mondo, sempre guidato dalla dottrina sociale della Chiesa. Lavoriamo per portare la verit\u00e0 e i valori cristiani in ogni angolo del pianeta. Aiutaci a trasformare il mondo con Exaudi! Noi di Exaudi crediamo che l'evangelizzazione e l'informazione di qualit\u00e0 possano cambiare la vita. Per continuare la nostra missione ed espandere la nostra portata, abbiamo bisogno del tuo aiuto. Stiamo anche cercando persone motivate che vogliano unirsi al nostro team. Grazie al vostro sostegno raggiungeremo pi\u00f9 persone, diffonderemo il messaggio di Cristo e rafforzeremo l'unit\u00e0 dei cristiani. Vuoi unirti alla nostra missione? Per maggiori informazioni su come contribuire, visita Exaudi.org\\\/it o contattaci direttamente: info@exaudi.org Exaudi: informa, forma e trasforma.\",\"sameAs\":[\"https:\\\/\\\/www.facebook.com\\\/ExaudiNotizie\\\/\",\"https:\\\/\\\/www.instagram.com\\\/Exaudi_notizie\\\/\",\"https:\\\/\\\/x.com\\\/Exaudi_Notizie\",\"https:\\\/\\\/www.youtube.com\\\/@exaudicatholicnews\"],\"url\":\"https:\\\/\\\/exaudi.org\\\/it\\\/author\\\/dlvedi-org\\\/\"}]}<\/script>\n<!-- \/ Yoast SEO plugin. -->","yoast_head_json":{"title":"Il suono dei muri che crollano: il potente messaggio di Leone XIV a Madrid &#8211; Exaudi","robots":{"index":"index","follow":"follow","max-snippet":"max-snippet:-1","max-image-preview":"max-image-preview:large","max-video-preview":"max-video-preview:-1"},"canonical":"https:\/\/exaudi.org\/it\/il-suono-dei-muri-che-crollano-il-potente-messaggio-di-leone-xiv-a-madrid\/","og_locale":"it_IT","og_type":"article","og_title":"Il suono dei muri che crollano: il potente messaggio di Leone XIV a Madrid &#8211; Exaudi","og_description":"Nel terzo giorno del suo viaggio apostolico in Spagna, il Papa ha evocato la storia della Cattedrale dell'Almudena per lanciare un appello urgente ad abbattere i muri invisibili che dividono la societ\u00e0 odierna","og_url":"https:\/\/exaudi.org\/it\/il-suono-dei-muri-che-crollano-il-potente-messaggio-di-leone-xiv-a-madrid\/","og_site_name":"Exaudi","article_publisher":"https:\/\/www.facebook.com\/ExaudiNews","article_author":"https:\/\/www.facebook.com\/ExaudiNotizie\/","article_published_time":"2026-06-09T15:28:01+00:00","og_image":[{"width":750,"height":422,"url":"https:\/\/exaudi.org\/wp-content\/uploads\/2026\/06\/cq5dam.thumbnail.cropped.750.422-6.jpeg","type":"image\/jpeg"}],"author":"Exaudi Redazione","twitter_card":"summary_large_image","twitter_creator":"@Exaudi_Notizie","twitter_site":"@Exaudi_News","twitter_misc":{"Scritto da":"Exaudi Redazione","Tempo di lettura stimato":"5 minuti"},"schema":{"@context":"https:\/\/schema.org","@graph":[{"@type":"Article","@id":"https:\/\/exaudi.org\/it\/il-suono-dei-muri-che-crollano-il-potente-messaggio-di-leone-xiv-a-madrid\/#article","isPartOf":{"@id":"https:\/\/exaudi.org\/it\/il-suono-dei-muri-che-crollano-il-potente-messaggio-di-leone-xiv-a-madrid\/"},"author":{"name":"Exaudi Redazione","@id":"https:\/\/exaudi.org\/#\/schema\/person\/e1ab6ed07c01774724dd96f925f3a5f0"},"headline":"Il suono dei muri che crollano: il potente messaggio di Leone XIV a Madrid","datePublished":"2026-06-09T15:28:01+00:00","mainEntityOfPage":{"@id":"https:\/\/exaudi.org\/it\/il-suono-dei-muri-che-crollano-il-potente-messaggio-di-leone-xiv-a-madrid\/"},"wordCount":1028,"image":{"@id":"https:\/\/exaudi.org\/it\/il-suono-dei-muri-che-crollano-il-potente-messaggio-di-leone-xiv-a-madrid\/#primaryimage"},"thumbnailUrl":"https:\/\/i0.wp.com\/exaudi.org\/wp-content\/uploads\/2026\/06\/cq5dam.thumbnail.cropped.750.422-6.jpeg?fit=750%2C422&ssl=1","keywords":["Cardinale Jos\u00e9 Cobo","Cattedrale dell'Almudena di Madrid","discorso del Papa a Madrid","Leone XIV","Nostra Signora dell'Almudena","Notizie dal Vaticano","Papa Leone XIV","Religione Spagna","Rosa d'Oro dell'Almudena","Trending","Trending","\u200b\u200bviaggio apostolico Spagna 2026","Viaggio del Papa in Spagna 2026"],"articleSection":["Leone XIV","Viaggi"],"inLanguage":"it-IT"},{"@type":"WebPage","@id":"https:\/\/exaudi.org\/it\/il-suono-dei-muri-che-crollano-il-potente-messaggio-di-leone-xiv-a-madrid\/","url":"https:\/\/exaudi.org\/it\/il-suono-dei-muri-che-crollano-il-potente-messaggio-di-leone-xiv-a-madrid\/","name":"Il suono dei muri che crollano: il potente messaggio di Leone XIV a Madrid &#8211; Exaudi","isPartOf":{"@id":"https:\/\/exaudi.org\/#website"},"primaryImageOfPage":{"@id":"https:\/\/exaudi.org\/it\/il-suono-dei-muri-che-crollano-il-potente-messaggio-di-leone-xiv-a-madrid\/#primaryimage"},"image":{"@id":"https:\/\/exaudi.org\/it\/il-suono-dei-muri-che-crollano-il-potente-messaggio-di-leone-xiv-a-madrid\/#primaryimage"},"thumbnailUrl":"https:\/\/i0.wp.com\/exaudi.org\/wp-content\/uploads\/2026\/06\/cq5dam.thumbnail.cropped.750.422-6.jpeg?fit=750%2C422&ssl=1","datePublished":"2026-06-09T15:28:01+00:00","author":{"@id":"https:\/\/exaudi.org\/#\/schema\/person\/e1ab6ed07c01774724dd96f925f3a5f0"},"breadcrumb":{"@id":"https:\/\/exaudi.org\/it\/il-suono-dei-muri-che-crollano-il-potente-messaggio-di-leone-xiv-a-madrid\/#breadcrumb"},"inLanguage":"it-IT","potentialAction":[{"@type":"ReadAction","target":["https:\/\/exaudi.org\/it\/il-suono-dei-muri-che-crollano-il-potente-messaggio-di-leone-xiv-a-madrid\/"]}]},{"@type":"ImageObject","inLanguage":"it-IT","@id":"https:\/\/exaudi.org\/it\/il-suono-dei-muri-che-crollano-il-potente-messaggio-di-leone-xiv-a-madrid\/#primaryimage","url":"https:\/\/i0.wp.com\/exaudi.org\/wp-content\/uploads\/2026\/06\/cq5dam.thumbnail.cropped.750.422-6.jpeg?fit=750%2C422&ssl=1","contentUrl":"https:\/\/i0.wp.com\/exaudi.org\/wp-content\/uploads\/2026\/06\/cq5dam.thumbnail.cropped.750.422-6.jpeg?fit=750%2C422&ssl=1","width":750,"height":422},{"@type":"BreadcrumbList","@id":"https:\/\/exaudi.org\/it\/il-suono-dei-muri-che-crollano-il-potente-messaggio-di-leone-xiv-a-madrid\/#breadcrumb","itemListElement":[{"@type":"ListItem","position":1,"name":"Portada","item":"https:\/\/exaudi.org\/it\/"},{"@type":"ListItem","position":2,"name":"Il suono dei muri che crollano: il potente messaggio di Leone XIV a Madrid"}]},{"@type":"WebSite","@id":"https:\/\/exaudi.org\/#website","url":"https:\/\/exaudi.org\/","name":"Exaudi","description":"News","potentialAction":[{"@type":"SearchAction","target":{"@type":"EntryPoint","urlTemplate":"https:\/\/exaudi.org\/?s={search_term_string}"},"query-input":{"@type":"PropertyValueSpecification","valueRequired":true,"valueName":"search_term_string"}}],"inLanguage":"it-IT"},{"@type":"Person","@id":"https:\/\/exaudi.org\/#\/schema\/person\/e1ab6ed07c01774724dd96f925f3a5f0","name":"Exaudi Redazione","image":{"@type":"ImageObject","inLanguage":"it-IT","@id":"https:\/\/secure.gravatar.com\/avatar\/ad6774b3ada023bf5b939d64f45c94b3adf91502dd883507d469b4308a943bb3?s=96&d=mm&r=g","url":"https:\/\/secure.gravatar.com\/avatar\/ad6774b3ada023bf5b939d64f45c94b3adf91502dd883507d469b4308a943bb3?s=96&d=mm&r=g","contentUrl":"https:\/\/secure.gravatar.com\/avatar\/ad6774b3ada023bf5b939d64f45c94b3adf91502dd883507d469b4308a943bb3?s=96&d=mm&r=g","caption":"Exaudi Redazione"},"description":"Che cosa \u00e8 Exaudi News? Exaudi News \u00e8 un agenzia cattolica internazionale che informa, istruisce e trasforma quotidianamente in spagnolo, inglese e italiano. Attraverso notizie, articoli di analisi e trasmissioni in diretta degli eventi del Papa, Exaudi cerca di rafforzare l'unit\u00e0 dei cristiani e di contribuire all'evangelizzazione del mondo, sempre guidato dalla dottrina sociale della Chiesa. Lavoriamo per portare la verit\u00e0 e i valori cristiani in ogni angolo del pianeta. Aiutaci a trasformare il mondo con Exaudi! Noi di Exaudi crediamo che l'evangelizzazione e l'informazione di qualit\u00e0 possano cambiare la vita. Per continuare la nostra missione ed espandere la nostra portata, abbiamo bisogno del tuo aiuto. Stiamo anche cercando persone motivate che vogliano unirsi al nostro team. Grazie al vostro sostegno raggiungeremo pi\u00f9 persone, diffonderemo il messaggio di Cristo e rafforzeremo l'unit\u00e0 dei cristiani. Vuoi unirti alla nostra missione? Per maggiori informazioni su come contribuire, visita Exaudi.org\/it o contattaci direttamente: info@exaudi.org Exaudi: informa, forma e trasforma.","sameAs":["https:\/\/www.facebook.com\/ExaudiNotizie\/","https:\/\/www.instagram.com\/Exaudi_notizie\/","https:\/\/x.com\/Exaudi_Notizie","https:\/\/www.youtube.com\/@exaudicatholicnews"],"url":"https:\/\/exaudi.org\/it\/author\/dlvedi-org\/"}]}},"jetpack_shortlink":"https:\/\/wp.me\/pgKjF2-JqQ","jetpack_featured_media_url":"https:\/\/i0.wp.com\/exaudi.org\/wp-content\/uploads\/2026\/06\/cq5dam.thumbnail.cropped.750.422-6.jpeg?fit=750%2C422&ssl=1","_links":{"self":[{"href":"https:\/\/exaudi.org\/it\/wp-json\/wp\/v2\/posts\/174644","targetHints":{"allow":["GET"]}}],"collection":[{"href":"https:\/\/exaudi.org\/it\/wp-json\/wp\/v2\/posts"}],"about":[{"href":"https:\/\/exaudi.org\/it\/wp-json\/wp\/v2\/types\/post"}],"author":[{"embeddable":true,"href":"https:\/\/exaudi.org\/it\/wp-json\/wp\/v2\/users\/17"}],"replies":[{"embeddable":true,"href":"https:\/\/exaudi.org\/it\/wp-json\/wp\/v2\/comments?post=174644"}],"version-history":[{"count":4,"href":"https:\/\/exaudi.org\/it\/wp-json\/wp\/v2\/posts\/174644\/revisions"}],"predecessor-version":[{"id":174648,"href":"https:\/\/exaudi.org\/it\/wp-json\/wp\/v2\/posts\/174644\/revisions\/174648"}],"wp:featuredmedia":[{"embeddable":true,"href":"https:\/\/exaudi.org\/it\/wp-json\/wp\/v2\/media\/174562"}],"wp:attachment":[{"href":"https:\/\/exaudi.org\/it\/wp-json\/wp\/v2\/media?parent=174644"}],"wp:term":[{"taxonomy":"category","embeddable":true,"href":"https:\/\/exaudi.org\/it\/wp-json\/wp\/v2\/categories?post=174644"},{"taxonomy":"post_tag","embeddable":true,"href":"https:\/\/exaudi.org\/it\/wp-json\/wp\/v2\/tags?post=174644"}],"curies":[{"name":"wp","href":"https:\/\/api.w.org\/{rel}","templated":true}]}}