{"id":17369,"date":"2021-05-17T19:30:11","date_gmt":"2021-05-17T17:30:11","guid":{"rendered":"https:\/\/exaudi.org\/?p=17369"},"modified":"2021-05-17T19:30:11","modified_gmt":"2021-05-17T17:30:11","slug":"la-vita-consacrata-e-i-rischi-dellideologia","status":"publish","type":"post","link":"https:\/\/exaudi.org\/it\/la-vita-consacrata-e-i-rischi-dellideologia\/","title":{"rendered":"La vita consacrata e i rischi dell&#8217;ideologia"},"content":{"rendered":"<p>In occasione della 50.ma Settimana Nazionale per gli Istituti di Vita Consacrata in Spagna Papa Francesco ha inviato un videomessaggio ai religiosi partecipanti. In uno dei passaggi principali, il S. Padre sottolinea il pericolo di cadere nell\u2019ideologia: quando questo accade, quell\u2019istituto religioso \u201cperde la sua identit\u00e0, perde la sua fecondit\u00e0\u201d. Ecco il testo diffuso dalla Sala Stampa vaticana:<\/p>\n<p>Cari fratelli e sorelle che state partecipando a questa 50\u00b0- o 49\u00b0-50\u00b0 perch\u00e9 lo scorso anno non si \u00e8 potuta svolgere &#8211; Settimana di Vita Religiosa, che \u00e8 iniziata quando l\u2019attuale cardinale Aquiloso Bocos Merino, dalla rivista \u201cVita Religiosa\u201d, ha iniziato a smuovere l\u2019ambiente. Desidero ringraziare pubblicamente don Aquilino, il sacerdote, il religioso, che non ha mai smesso di essere religioso e sacerdote, e che sempre serve la Chiesa cos\u00ec. Desidero ringraziare questo seminare continuamente l\u2019inquietudine di comprendere la ricchezza della vita consacrata e farla fruttificare. Non solo comprendere, ma viverla. Non solo teoria, no, pratica. In ogni caso, catechesi per praticarla meglio. Ringrazio quindi pubblicamente il cardinale Aquilino per tutto questo.<\/p>\n<p>E vedo il programma, ce l\u2019ho qui davanti, vedo che c\u2019\u00e8 gente che ha molta esperienza di vita religiosa, ed esperienza universale, ed esperienza del limite. Per esempio, il presidente della CLAR, suor Liliana: il limite in America Latina, che tante volte \u00e8 apparso nel Sinodo per l\u2019Amazzonia; o il cardinale Crist\u00f3bal, di Rabat: il limite con il mondo islamico. E tanti altri partecipanti da ogni punto di vista. Mi piace il messaggio, sto vedendo ora per la prima volta il programma. E voglio dirvi che vi sono vicino nella realizzazione di questa 49\u00b0-50\u00b0 &#8211; pi\u00f9 50\u00b0 &#8211; Settimana Nazionale per gli Istituti di Vita Consacrata.<\/p>\n<h4>Senza dialogo con la realt\u00e0 si diventa sterili<\/h4>\n<p>Nella vita consacrata si comprende camminando, come sempre. Si comprende consacrandosi ogni giorno. Si comprende nel dialogo con la realt\u00e0. Quando la vita consacrata perde questa dimensione di dialogo con la realt\u00e0 e di riflessione su quanto succede, inizia a diventare sterile. Io m\u2019interrogo sulla sterilit\u00e0 di alcuni istituti di vita consacrata, vedere la causa, generalmente sta nella mancanza di dialogo e di impegno con la realt\u00e0. Non lascate che accada. La vita consacrata \u00e8 sempre un dialogo con la realt\u00e0.<\/p>\n<p>Qualcuno dir\u00e0: \u201cs\u00ec, ora questa forma moderna\u201d No! Pensiamo a santa Teresa. Santa Teresa vide la realt\u00e0 e fece una scelta di riforma e and\u00f2 avanti. Poi, nel corso del cammino, ci furono tentativi di trasformare quella riforma in chiusura, sempre ci sono. Ma la riforma \u00e8 sempre cammino, \u00e8 cammino in contatto con la realt\u00e0 e orizzonte sotto la luce di un carisma fondazionale. E queste giornate, questi incontri, queste settimane di vita consacrata aiutato a perdere la paura. Ed \u00e8 anche triste vedere come alcuni istituti, per trovare una certa sicurezza, per potersi controllare, siano caduti in ideologie di qualsiasi tendenza, di sinistra, di destra, di centro, qualsiasi. Quando un istituto si riformula del carisma nell\u2019ideologia perde la sua identit\u00e0, perde la sua fecondit\u00e0.<\/p>\n<h4>Coraggio apostolico<\/h4>\n<p>Mantenere vivo il carisma fondazionale \u00e8 mantenerlo in cammino e in crescita, in dialogo con quello che lo Spirito ci viene dicendo nella storia dei tempi, nei luoghi, in diverse epoche, in diverse situazioni. Comporta discernimento e comporta preghiera. Non si pu\u00f2 mantenere un carisma fondazionale senza coraggio apostolico, ossia senza camminare, senza discernimento e senza preghiera. E questo \u00e8 ci\u00f2 che state cercando di fare con questa settimana. Non \u00e8 riunirsi per suonare la chitarra e dire \u201cche bella la vita consacrata\u201d, no, &#8211; s\u00ec, suonate la chitarra di tanto in tanto perch\u00e9 fa bene cantare, fa bene, come dice sant\u2019Agostino, \u201ccanta e cammina\u201d, fa bene-, ma per cercare insieme di non perderci in formalismi, in ideologie, in paure, in dialoghi con noi stessi e non con lo Spirito Santo.<\/p>\n<p>Non abbiate paura dei limiti! Non abbiate paura delle frontiere! Non abbiate paura delle periferie! Perch\u00e9 l\u00ec lo Spirito vi parler\u00e0. Mettetevi \u201ca portata di tiro\u201d dello Spirito Santo. E queste settimane aiuteranno, certamente a mettersi \u201ca portata di tiro\u201d. Che Dio vi benedica. Che la Vergine vi custodisca. E se vi resta un \u201cpezzetto\u201d di tempo, pregate per me. Grazie.<\/p>\n","protected":false},"excerpt":{"rendered":"<p>Messaggio del S. Padre per i partecipanti alla Settimana degli Istituti religiosi in Spagna<\/p>\n","protected":false},"author":17,"featured_media":17320,"comment_status":"closed","ping_status":"closed","sticky":false,"template":"","format":"standard","meta":{"_acf_changed":false,"_crdt_document":"","inline_featured_image":false,"footnotes":""},"categories":[67,117,2157],"tags":[2367,251,2366],"class_list":["post-17369","post","type-post","status-publish","format-standard","has-post-thumbnail","hentry","category-leone-xiv","category-messaggi","category-top-ultime-notizie","tag-istituti-religiosi","tag-papa-francesco","tag-vita-consacrata"],"acf":[],"yoast_head":"<!-- This site is optimized with the Yoast SEO plugin v27.5 - https:\/\/yoast.com\/product\/yoast-seo-wordpress\/ -->\n<title>La vita consacrata e i rischi dell&#039;ideologia &#8211; Exaudi<\/title>\n<meta name=\"description\" content=\"Settimana nazionale degli istituti di vita consacrata in Spagna: nel suo messaggio il Papa invita a evitare di cadere nell&#039;ideologia\" \/>\n<meta name=\"robots\" content=\"index, follow, max-snippet:-1, max-image-preview:large, max-video-preview:-1\" \/>\n<link rel=\"canonical\" href=\"https:\/\/exaudi.org\/it\/la-vita-consacrata-e-i-rischi-dellideologia\/\" \/>\n<meta property=\"og:locale\" content=\"it_IT\" \/>\n<meta property=\"og:type\" content=\"article\" \/>\n<meta property=\"og:title\" content=\"La vita consacrata e i rischi dell&#039;ideologia &#8211; Exaudi\" \/>\n<meta property=\"og:description\" content=\"Settimana nazionale degli istituti di vita consacrata in Spagna: nel suo messaggio il Papa invita a evitare di cadere nell&#039;ideologia\" \/>\n<meta property=\"og:url\" content=\"https:\/\/exaudi.org\/it\/la-vita-consacrata-e-i-rischi-dellideologia\/\" \/>\n<meta property=\"og:site_name\" content=\"Exaudi\" \/>\n<meta property=\"article:publisher\" content=\"https:\/\/www.facebook.com\/ExaudiNews\" \/>\n<meta property=\"article:author\" content=\"https:\/\/www.facebook.com\/ExaudiNotizie\/\" \/>\n<meta property=\"article:published_time\" content=\"2021-05-17T17:30:11+00:00\" \/>\n<meta property=\"og:image\" content=\"https:\/\/exaudi.org\/wp-content\/uploads\/2021\/05\/fsdfsd4-scaled.jpg\" \/>\n\t<meta property=\"og:image:width\" content=\"2560\" \/>\n\t<meta property=\"og:image:height\" content=\"1707\" \/>\n\t<meta property=\"og:image:type\" content=\"image\/jpeg\" \/>\n<meta name=\"author\" content=\"Exaudi Redazione\" \/>\n<meta name=\"twitter:card\" content=\"summary_large_image\" \/>\n<meta name=\"twitter:creator\" content=\"@Exaudi_Notizie\" \/>\n<meta name=\"twitter:site\" content=\"@Exaudi_News\" \/>\n<meta name=\"twitter:label1\" content=\"Scritto da\" \/>\n\t<meta name=\"twitter:data1\" content=\"Exaudi Redazione\" \/>\n\t<meta name=\"twitter:label2\" content=\"Tempo di lettura stimato\" \/>\n\t<meta name=\"twitter:data2\" content=\"3 minuti\" \/>\n<script type=\"application\/ld+json\" class=\"yoast-schema-graph\">{\"@context\":\"https:\\\/\\\/schema.org\",\"@graph\":[{\"@type\":\"Article\",\"@id\":\"https:\\\/\\\/exaudi.org\\\/it\\\/la-vita-consacrata-e-i-rischi-dellideologia\\\/#article\",\"isPartOf\":{\"@id\":\"https:\\\/\\\/exaudi.org\\\/it\\\/la-vita-consacrata-e-i-rischi-dellideologia\\\/\"},\"author\":{\"name\":\"Exaudi Redazione\",\"@id\":\"https:\\\/\\\/exaudi.org\\\/#\\\/schema\\\/person\\\/e1ab6ed07c01774724dd96f925f3a5f0\"},\"headline\":\"La vita consacrata e i rischi dell&#8217;ideologia\",\"datePublished\":\"2021-05-17T17:30:11+00:00\",\"mainEntityOfPage\":{\"@id\":\"https:\\\/\\\/exaudi.org\\\/it\\\/la-vita-consacrata-e-i-rischi-dellideologia\\\/\"},\"wordCount\":693,\"image\":{\"@id\":\"https:\\\/\\\/exaudi.org\\\/it\\\/la-vita-consacrata-e-i-rischi-dellideologia\\\/#primaryimage\"},\"thumbnailUrl\":\"https:\\\/\\\/exaudi.org\\\/wp-content\\\/uploads\\\/2021\\\/05\\\/fsdfsd4-scaled.jpg\",\"keywords\":[\"istituti religiosi\",\"Papa Francesco\",\"vita consacrata\"],\"articleSection\":[\"Leone XIV\",\"Messaggi\",\"Top Ultime Notizie\"],\"inLanguage\":\"it-IT\"},{\"@type\":\"WebPage\",\"@id\":\"https:\\\/\\\/exaudi.org\\\/it\\\/la-vita-consacrata-e-i-rischi-dellideologia\\\/\",\"url\":\"https:\\\/\\\/exaudi.org\\\/it\\\/la-vita-consacrata-e-i-rischi-dellideologia\\\/\",\"name\":\"La vita consacrata e i rischi dell'ideologia &#8211; Exaudi\",\"isPartOf\":{\"@id\":\"https:\\\/\\\/exaudi.org\\\/#website\"},\"primaryImageOfPage\":{\"@id\":\"https:\\\/\\\/exaudi.org\\\/it\\\/la-vita-consacrata-e-i-rischi-dellideologia\\\/#primaryimage\"},\"image\":{\"@id\":\"https:\\\/\\\/exaudi.org\\\/it\\\/la-vita-consacrata-e-i-rischi-dellideologia\\\/#primaryimage\"},\"thumbnailUrl\":\"https:\\\/\\\/exaudi.org\\\/wp-content\\\/uploads\\\/2021\\\/05\\\/fsdfsd4-scaled.jpg\",\"datePublished\":\"2021-05-17T17:30:11+00:00\",\"author\":{\"@id\":\"https:\\\/\\\/exaudi.org\\\/#\\\/schema\\\/person\\\/e1ab6ed07c01774724dd96f925f3a5f0\"},\"description\":\"Settimana nazionale degli istituti di vita consacrata in Spagna: nel suo messaggio il Papa invita a evitare di cadere nell'ideologia\",\"breadcrumb\":{\"@id\":\"https:\\\/\\\/exaudi.org\\\/it\\\/la-vita-consacrata-e-i-rischi-dellideologia\\\/#breadcrumb\"},\"inLanguage\":\"it-IT\",\"potentialAction\":[{\"@type\":\"ReadAction\",\"target\":[\"https:\\\/\\\/exaudi.org\\\/it\\\/la-vita-consacrata-e-i-rischi-dellideologia\\\/\"]}]},{\"@type\":\"ImageObject\",\"inLanguage\":\"it-IT\",\"@id\":\"https:\\\/\\\/exaudi.org\\\/it\\\/la-vita-consacrata-e-i-rischi-dellideologia\\\/#primaryimage\",\"url\":\"https:\\\/\\\/exaudi.org\\\/wp-content\\\/uploads\\\/2021\\\/05\\\/fsdfsd4-scaled.jpg\",\"contentUrl\":\"https:\\\/\\\/exaudi.org\\\/wp-content\\\/uploads\\\/2021\\\/05\\\/fsdfsd4-scaled.jpg\",\"width\":2560,\"height\":1707,\"caption\":\"Vita consacrata\"},{\"@type\":\"BreadcrumbList\",\"@id\":\"https:\\\/\\\/exaudi.org\\\/it\\\/la-vita-consacrata-e-i-rischi-dellideologia\\\/#breadcrumb\",\"itemListElement\":[{\"@type\":\"ListItem\",\"position\":1,\"name\":\"Portada\",\"item\":\"https:\\\/\\\/exaudi.org\\\/it\\\/\"},{\"@type\":\"ListItem\",\"position\":2,\"name\":\"La vita consacrata e i rischi dell&#8217;ideologia\"}]},{\"@type\":\"WebSite\",\"@id\":\"https:\\\/\\\/exaudi.org\\\/#website\",\"url\":\"https:\\\/\\\/exaudi.org\\\/\",\"name\":\"Exaudi\",\"description\":\"News\",\"potentialAction\":[{\"@type\":\"SearchAction\",\"target\":{\"@type\":\"EntryPoint\",\"urlTemplate\":\"https:\\\/\\\/exaudi.org\\\/?s={search_term_string}\"},\"query-input\":{\"@type\":\"PropertyValueSpecification\",\"valueRequired\":true,\"valueName\":\"search_term_string\"}}],\"inLanguage\":\"it-IT\"},{\"@type\":\"Person\",\"@id\":\"https:\\\/\\\/exaudi.org\\\/#\\\/schema\\\/person\\\/e1ab6ed07c01774724dd96f925f3a5f0\",\"name\":\"Exaudi Redazione\",\"image\":{\"@type\":\"ImageObject\",\"inLanguage\":\"it-IT\",\"@id\":\"https:\\\/\\\/secure.gravatar.com\\\/avatar\\\/ad6774b3ada023bf5b939d64f45c94b3adf91502dd883507d469b4308a943bb3?s=96&d=mm&r=g\",\"url\":\"https:\\\/\\\/secure.gravatar.com\\\/avatar\\\/ad6774b3ada023bf5b939d64f45c94b3adf91502dd883507d469b4308a943bb3?s=96&d=mm&r=g\",\"contentUrl\":\"https:\\\/\\\/secure.gravatar.com\\\/avatar\\\/ad6774b3ada023bf5b939d64f45c94b3adf91502dd883507d469b4308a943bb3?s=96&d=mm&r=g\",\"caption\":\"Exaudi Redazione\"},\"description\":\"Che cosa \u00e8 Exaudi News? Exaudi News \u00e8 un agenzia cattolica internazionale che informa, istruisce e trasforma quotidianamente in spagnolo, inglese e italiano. Attraverso notizie, articoli di analisi e trasmissioni in diretta degli eventi del Papa, Exaudi cerca di rafforzare l'unit\u00e0 dei cristiani e di contribuire all'evangelizzazione del mondo, sempre guidato dalla dottrina sociale della Chiesa. Lavoriamo per portare la verit\u00e0 e i valori cristiani in ogni angolo del pianeta. Aiutaci a trasformare il mondo con Exaudi! Noi di Exaudi crediamo che l'evangelizzazione e l'informazione di qualit\u00e0 possano cambiare la vita. Per continuare la nostra missione ed espandere la nostra portata, abbiamo bisogno del tuo aiuto. Stiamo anche cercando persone motivate che vogliano unirsi al nostro team. Grazie al vostro sostegno raggiungeremo pi\u00f9 persone, diffonderemo il messaggio di Cristo e rafforzeremo l'unit\u00e0 dei cristiani. Vuoi unirti alla nostra missione? Per maggiori informazioni su come contribuire, visita Exaudi.org\\\/it o contattaci direttamente: info@exaudi.org Exaudi: informa, forma e trasforma.\",\"sameAs\":[\"https:\\\/\\\/www.facebook.com\\\/ExaudiNotizie\\\/\",\"https:\\\/\\\/www.instagram.com\\\/Exaudi_notizie\\\/\",\"https:\\\/\\\/x.com\\\/Exaudi_Notizie\",\"https:\\\/\\\/www.youtube.com\\\/@exaudicatholicnews\"],\"url\":\"https:\\\/\\\/exaudi.org\\\/it\\\/author\\\/dlvedi-org\\\/\"}]}<\/script>\n<!-- \/ Yoast SEO plugin. -->","yoast_head_json":{"title":"La vita consacrata e i rischi dell'ideologia &#8211; Exaudi","description":"Settimana nazionale degli istituti di vita consacrata in Spagna: nel suo messaggio il Papa invita a evitare di cadere nell'ideologia","robots":{"index":"index","follow":"follow","max-snippet":"max-snippet:-1","max-image-preview":"max-image-preview:large","max-video-preview":"max-video-preview:-1"},"canonical":"https:\/\/exaudi.org\/it\/la-vita-consacrata-e-i-rischi-dellideologia\/","og_locale":"it_IT","og_type":"article","og_title":"La vita consacrata e i rischi dell'ideologia &#8211; Exaudi","og_description":"Settimana nazionale degli istituti di vita consacrata in Spagna: nel suo messaggio il Papa invita a evitare di cadere nell'ideologia","og_url":"https:\/\/exaudi.org\/it\/la-vita-consacrata-e-i-rischi-dellideologia\/","og_site_name":"Exaudi","article_publisher":"https:\/\/www.facebook.com\/ExaudiNews","article_author":"https:\/\/www.facebook.com\/ExaudiNotizie\/","article_published_time":"2021-05-17T17:30:11+00:00","og_image":[{"width":2560,"height":1707,"url":"https:\/\/exaudi.org\/wp-content\/uploads\/2021\/05\/fsdfsd4-scaled.jpg","type":"image\/jpeg"}],"author":"Exaudi Redazione","twitter_card":"summary_large_image","twitter_creator":"@Exaudi_Notizie","twitter_site":"@Exaudi_News","twitter_misc":{"Scritto da":"Exaudi Redazione","Tempo di lettura stimato":"3 minuti"},"schema":{"@context":"https:\/\/schema.org","@graph":[{"@type":"Article","@id":"https:\/\/exaudi.org\/it\/la-vita-consacrata-e-i-rischi-dellideologia\/#article","isPartOf":{"@id":"https:\/\/exaudi.org\/it\/la-vita-consacrata-e-i-rischi-dellideologia\/"},"author":{"name":"Exaudi Redazione","@id":"https:\/\/exaudi.org\/#\/schema\/person\/e1ab6ed07c01774724dd96f925f3a5f0"},"headline":"La vita consacrata e i rischi dell&#8217;ideologia","datePublished":"2021-05-17T17:30:11+00:00","mainEntityOfPage":{"@id":"https:\/\/exaudi.org\/it\/la-vita-consacrata-e-i-rischi-dellideologia\/"},"wordCount":693,"image":{"@id":"https:\/\/exaudi.org\/it\/la-vita-consacrata-e-i-rischi-dellideologia\/#primaryimage"},"thumbnailUrl":"https:\/\/exaudi.org\/wp-content\/uploads\/2021\/05\/fsdfsd4-scaled.jpg","keywords":["istituti religiosi","Papa Francesco","vita consacrata"],"articleSection":["Leone XIV","Messaggi","Top Ultime Notizie"],"inLanguage":"it-IT"},{"@type":"WebPage","@id":"https:\/\/exaudi.org\/it\/la-vita-consacrata-e-i-rischi-dellideologia\/","url":"https:\/\/exaudi.org\/it\/la-vita-consacrata-e-i-rischi-dellideologia\/","name":"La vita consacrata e i rischi dell'ideologia &#8211; Exaudi","isPartOf":{"@id":"https:\/\/exaudi.org\/#website"},"primaryImageOfPage":{"@id":"https:\/\/exaudi.org\/it\/la-vita-consacrata-e-i-rischi-dellideologia\/#primaryimage"},"image":{"@id":"https:\/\/exaudi.org\/it\/la-vita-consacrata-e-i-rischi-dellideologia\/#primaryimage"},"thumbnailUrl":"https:\/\/exaudi.org\/wp-content\/uploads\/2021\/05\/fsdfsd4-scaled.jpg","datePublished":"2021-05-17T17:30:11+00:00","author":{"@id":"https:\/\/exaudi.org\/#\/schema\/person\/e1ab6ed07c01774724dd96f925f3a5f0"},"description":"Settimana nazionale degli istituti di vita consacrata in Spagna: nel suo messaggio il Papa invita a evitare di cadere nell'ideologia","breadcrumb":{"@id":"https:\/\/exaudi.org\/it\/la-vita-consacrata-e-i-rischi-dellideologia\/#breadcrumb"},"inLanguage":"it-IT","potentialAction":[{"@type":"ReadAction","target":["https:\/\/exaudi.org\/it\/la-vita-consacrata-e-i-rischi-dellideologia\/"]}]},{"@type":"ImageObject","inLanguage":"it-IT","@id":"https:\/\/exaudi.org\/it\/la-vita-consacrata-e-i-rischi-dellideologia\/#primaryimage","url":"https:\/\/exaudi.org\/wp-content\/uploads\/2021\/05\/fsdfsd4-scaled.jpg","contentUrl":"https:\/\/exaudi.org\/wp-content\/uploads\/2021\/05\/fsdfsd4-scaled.jpg","width":2560,"height":1707,"caption":"Vita consacrata"},{"@type":"BreadcrumbList","@id":"https:\/\/exaudi.org\/it\/la-vita-consacrata-e-i-rischi-dellideologia\/#breadcrumb","itemListElement":[{"@type":"ListItem","position":1,"name":"Portada","item":"https:\/\/exaudi.org\/it\/"},{"@type":"ListItem","position":2,"name":"La vita consacrata e i rischi dell&#8217;ideologia"}]},{"@type":"WebSite","@id":"https:\/\/exaudi.org\/#website","url":"https:\/\/exaudi.org\/","name":"Exaudi","description":"News","potentialAction":[{"@type":"SearchAction","target":{"@type":"EntryPoint","urlTemplate":"https:\/\/exaudi.org\/?s={search_term_string}"},"query-input":{"@type":"PropertyValueSpecification","valueRequired":true,"valueName":"search_term_string"}}],"inLanguage":"it-IT"},{"@type":"Person","@id":"https:\/\/exaudi.org\/#\/schema\/person\/e1ab6ed07c01774724dd96f925f3a5f0","name":"Exaudi Redazione","image":{"@type":"ImageObject","inLanguage":"it-IT","@id":"https:\/\/secure.gravatar.com\/avatar\/ad6774b3ada023bf5b939d64f45c94b3adf91502dd883507d469b4308a943bb3?s=96&d=mm&r=g","url":"https:\/\/secure.gravatar.com\/avatar\/ad6774b3ada023bf5b939d64f45c94b3adf91502dd883507d469b4308a943bb3?s=96&d=mm&r=g","contentUrl":"https:\/\/secure.gravatar.com\/avatar\/ad6774b3ada023bf5b939d64f45c94b3adf91502dd883507d469b4308a943bb3?s=96&d=mm&r=g","caption":"Exaudi Redazione"},"description":"Che cosa \u00e8 Exaudi News? Exaudi News \u00e8 un agenzia cattolica internazionale che informa, istruisce e trasforma quotidianamente in spagnolo, inglese e italiano. Attraverso notizie, articoli di analisi e trasmissioni in diretta degli eventi del Papa, Exaudi cerca di rafforzare l'unit\u00e0 dei cristiani e di contribuire all'evangelizzazione del mondo, sempre guidato dalla dottrina sociale della Chiesa. Lavoriamo per portare la verit\u00e0 e i valori cristiani in ogni angolo del pianeta. Aiutaci a trasformare il mondo con Exaudi! Noi di Exaudi crediamo che l'evangelizzazione e l'informazione di qualit\u00e0 possano cambiare la vita. Per continuare la nostra missione ed espandere la nostra portata, abbiamo bisogno del tuo aiuto. Stiamo anche cercando persone motivate che vogliano unirsi al nostro team. Grazie al vostro sostegno raggiungeremo pi\u00f9 persone, diffonderemo il messaggio di Cristo e rafforzeremo l'unit\u00e0 dei cristiani. Vuoi unirti alla nostra missione? Per maggiori informazioni su come contribuire, visita Exaudi.org\/it o contattaci direttamente: info@exaudi.org Exaudi: informa, forma e trasforma.","sameAs":["https:\/\/www.facebook.com\/ExaudiNotizie\/","https:\/\/www.instagram.com\/Exaudi_notizie\/","https:\/\/x.com\/Exaudi_Notizie","https:\/\/www.youtube.com\/@exaudicatholicnews"],"url":"https:\/\/exaudi.org\/it\/author\/dlvedi-org\/"}]}},"jetpack_featured_media_url":"https:\/\/exaudi.org\/wp-content\/uploads\/2021\/05\/fsdfsd4-scaled.jpg","jetpack_shortlink":"https:\/\/wp.me\/pgKjF2-4w9","_links":{"self":[{"href":"https:\/\/exaudi.org\/it\/wp-json\/wp\/v2\/posts\/17369","targetHints":{"allow":["GET"]}}],"collection":[{"href":"https:\/\/exaudi.org\/it\/wp-json\/wp\/v2\/posts"}],"about":[{"href":"https:\/\/exaudi.org\/it\/wp-json\/wp\/v2\/types\/post"}],"author":[{"embeddable":true,"href":"https:\/\/exaudi.org\/it\/wp-json\/wp\/v2\/users\/17"}],"replies":[{"embeddable":true,"href":"https:\/\/exaudi.org\/it\/wp-json\/wp\/v2\/comments?post=17369"}],"version-history":[{"count":0,"href":"https:\/\/exaudi.org\/it\/wp-json\/wp\/v2\/posts\/17369\/revisions"}],"wp:featuredmedia":[{"embeddable":true,"href":"https:\/\/exaudi.org\/it\/wp-json\/wp\/v2\/media\/17320"}],"wp:attachment":[{"href":"https:\/\/exaudi.org\/it\/wp-json\/wp\/v2\/media?parent=17369"}],"wp:term":[{"taxonomy":"category","embeddable":true,"href":"https:\/\/exaudi.org\/it\/wp-json\/wp\/v2\/categories?post=17369"},{"taxonomy":"post_tag","embeddable":true,"href":"https:\/\/exaudi.org\/it\/wp-json\/wp\/v2\/tags?post=17369"}],"curies":[{"name":"wp","href":"https:\/\/api.w.org\/{rel}","templated":true}]}}